{"id":373855,"date":"2024-02-09T13:49:13","date_gmt":"2024-02-09T12:49:13","guid":{"rendered":"https:\/\/www.radiopiu.net\/wordpress\/?p=373855"},"modified":"2024-02-09T13:49:13","modified_gmt":"2024-02-09T12:49:13","slug":"esplorazione-nel-passato-apertura-eccezionale-del-rifugio-antiaereo-di-belluno","status":"publish","type":"post","link":"https:\/\/www.radiopiu.net\/wordpress\/esplorazione-nel-passato-apertura-eccezionale-del-rifugio-antiaereo-di-belluno\/","title":{"rendered":"Esplorazione nel Passato: Apertura Eccezionale del Rifugio Antiaereo di Belluno"},"content":{"rendered":"<p>**<\/p>\n<p>&nbsp;<\/p>\n<p><img loading=\"lazy\" decoding=\"async\" class=\"alignleft\" src=\"https:\/\/www.radiopiu.net\/wordpress\/wp-content\/uploads\/2024\/02\/bunker-rifugio-antiaereo-Belluno.jpg\" width=\"225\" height=\"150\" \/><strong>BELLUNO<\/strong> Il gruppo giovani del FAI di Belluno organizza l&#8217;apertura eccezionale del rifugio antiaereo sotto Piazza dei Martiri il 18 febbraio. Dopo il successo delle precedenti aperture, dovute alla grande richiesta, si ripropone l&#8217;evento per consentire a pi\u00f9 persone possibile di visitare questo luogo carico di storia legato alla Seconda guerra mondiale. La visita, guidata dai volontari del FAI, permetter\u00e0 di conoscere la storia e le peculiarit\u00e0 strutturali del rifugio, attraversando i suoi ambienti e le grandi gallerie sotterranee. I turni di visita sono ogni 30 minuti e le prenotazioni sono online, con un contributo a partire da 3 euro. Non \u00e8 richiesta prenotazione per i bambini fino ai 10 anni. \u00c8 possibile iscriversi al FAI in loco. Per ulteriori informazioni, \u00e8 possibile contattare <a target=\"_new\" rel=\"noopener\">belluno@faigiovani.fondoambiente.it<\/a>.<\/p>\n<p>&nbsp;<\/p>\n<p>&nbsp;<\/p>\n<hr \/>\n<p>&nbsp;<\/p>\n","protected":false},"excerpt":{"rendered":"<p>** &nbsp; BELLUNO Il gruppo giovani del FAI di Belluno organizza l&#8217;apertura eccezionale del rifugio antiaereo sotto Piazza dei Martiri il 18 febbraio. Dopo il successo delle precedenti aperture, dovute alla grande richiesta, si ripropone l&#8217;evento per consentire a pi\u00f9 persone possibile di visitare questo luogo carico di storia legato alla Seconda guerra mondiale. La&hellip;<\/p>\n","protected":false},"author":4,"featured_media":373856,"comment_status":"closed","ping_status":"closed","sticky":false,"template":"","format":"standard","meta":{"_monsterinsights_skip_tracking":false,"_monsterinsights_sitenote_active":false,"_monsterinsights_sitenote_note":"","_monsterinsights_sitenote_category":0,"footnotes":""},"categories":[49],"tags":[],"class_list":["post-373855","post","type-post","status-publish","format-standard","has-post-thumbnail","hentry","category-news-18","category-49","description-off"],"img_url":"https:\/\/www.radiopiu.net\/wordpress\/wp-content\/uploads\/2024\/02\/bunker-rifugio-antiaereo-Belluno.jpg","_links":{"self":[{"href":"https:\/\/www.radiopiu.net\/wordpress\/wp-json\/wp\/v2\/posts\/373855","targetHints":{"allow":["GET"]}}],"collection":[{"href":"https:\/\/www.radiopiu.net\/wordpress\/wp-json\/wp\/v2\/posts"}],"about":[{"href":"https:\/\/www.radiopiu.net\/wordpress\/wp-json\/wp\/v2\/types\/post"}],"author":[{"embeddable":true,"href":"https:\/\/www.radiopiu.net\/wordpress\/wp-json\/wp\/v2\/users\/4"}],"replies":[{"embeddable":true,"href":"https:\/\/www.radiopiu.net\/wordpress\/wp-json\/wp\/v2\/comments?post=373855"}],"version-history":[{"count":0,"href":"https:\/\/www.radiopiu.net\/wordpress\/wp-json\/wp\/v2\/posts\/373855\/revisions"}],"wp:featuredmedia":[{"embeddable":true,"href":"https:\/\/www.radiopiu.net\/wordpress\/wp-json\/wp\/v2\/media\/373856"}],"wp:attachment":[{"href":"https:\/\/www.radiopiu.net\/wordpress\/wp-json\/wp\/v2\/media?parent=373855"}],"wp:term":[{"taxonomy":"category","embeddable":true,"href":"https:\/\/www.radiopiu.net\/wordpress\/wp-json\/wp\/v2\/categories?post=373855"},{"taxonomy":"post_tag","embeddable":true,"href":"https:\/\/www.radiopiu.net\/wordpress\/wp-json\/wp\/v2\/tags?post=373855"}],"curies":[{"name":"wp","href":"https:\/\/api.w.org\/{rel}","templated":true}]}}