{"id":373921,"date":"2024-02-10T05:19:03","date_gmt":"2024-02-10T04:19:03","guid":{"rendered":"https:\/\/www.radiopiu.net\/wordpress\/?p=373921"},"modified":"2024-02-10T05:45:52","modified_gmt":"2024-02-10T04:45:52","slug":"lamon-piange-il-marmista-dario-poletti","status":"publish","type":"post","link":"https:\/\/www.radiopiu.net\/wordpress\/lamon-piange-il-marmista-dario-poletti\/","title":{"rendered":"LAMON PIANGE IL MARMISTA DARIO POLETTI"},"content":{"rendered":"<p>*****<\/p>\n<p>&nbsp;<\/p>\n<p><strong><a class=\"dt-pswp-item\" href=\"https:\/\/www.radiopiu.net\/wordpress\/wp-content\/uploads\/2024\/02\/424581709_3593356527618896_4692542680214361707_n.jpg\" data-dt-img-description=\"\" data-large_image_width=\"1296\" data-large_image_height=\"972\"><img loading=\"lazy\" decoding=\"async\" class=\" wp-image-373920 alignleft\" src=\"https:\/\/www.radiopiu.net\/wordpress\/wp-content\/uploads\/2024\/02\/424581709_3593356527618896_4692542680214361707_n-300x225.jpg\" alt=\"\" width=\"157\" height=\"118\" srcset=\"https:\/\/www.radiopiu.net\/wordpress\/wp-content\/uploads\/2024\/02\/424581709_3593356527618896_4692542680214361707_n-300x225.jpg 300w, https:\/\/www.radiopiu.net\/wordpress\/wp-content\/uploads\/2024\/02\/424581709_3593356527618896_4692542680214361707_n-1024x768.jpg 1024w, https:\/\/www.radiopiu.net\/wordpress\/wp-content\/uploads\/2024\/02\/424581709_3593356527618896_4692542680214361707_n-768x576.jpg 768w, https:\/\/www.radiopiu.net\/wordpress\/wp-content\/uploads\/2024\/02\/424581709_3593356527618896_4692542680214361707_n.jpg 1296w\" sizes=\"auto, (max-width: 157px) 100vw, 157px\" \/><\/a>LAMON<\/strong> La comunit\u00e0 di Lamon piange la perdita di Dario Poletti, artigiano stimato e persona squisita, scomparso all&#8217;et\u00e0 di 55 anni a causa di un infarto. Conosciuto come il marmista di Lamon, Poletti era apprezzato per la sua maestria nell&#8217;arte del marmo e la sua personalit\u00e0 affabile. Ha gestito l&#8217;attivit\u00e0 artigianale di famiglia con dedizione, accettando lavori impegnativi e piccole riparazioni. La sua disponibilit\u00e0 si estendeva alla comunit\u00e0, come dimostra la sua lunga militanza nei Donatori di sangue. I funerali si terranno luned\u00ec alle 15 nel duomo di Lamon. (FOTO: Facebook &#8211; Donatori del Sangue Lamon)<\/p>\n<p>&nbsp;<\/p>\n<p>&nbsp;<\/p>\n<p>*******<\/p>\n","protected":false},"excerpt":{"rendered":"<p>***** &nbsp; LAMON La comunit\u00e0 di Lamon piange la perdita di Dario Poletti, artigiano stimato e persona squisita, scomparso all&#8217;et\u00e0 di 55 anni a causa di un infarto. Conosciuto come il marmista di Lamon, Poletti era apprezzato per la sua maestria nell&#8217;arte del marmo e la sua personalit\u00e0 affabile. Ha gestito l&#8217;attivit\u00e0 artigianale di famiglia&hellip;<\/p>\n","protected":false},"author":4,"featured_media":373920,"comment_status":"closed","ping_status":"closed","sticky":false,"template":"","format":"standard","meta":{"_monsterinsights_skip_tracking":false,"_monsterinsights_sitenote_active":false,"_monsterinsights_sitenote_note":"","_monsterinsights_sitenote_category":0,"footnotes":""},"categories":[51,49],"tags":[],"class_list":["post-373921","post","type-post","status-publish","format-standard","has-post-thumbnail","hentry","category-evidenza-top","category-news-18","category-51","category-49","description-off"],"img_url":"https:\/\/www.radiopiu.net\/wordpress\/wp-content\/uploads\/2024\/02\/424581709_3593356527618896_4692542680214361707_n.jpg","_links":{"self":[{"href":"https:\/\/www.radiopiu.net\/wordpress\/wp-json\/wp\/v2\/posts\/373921","targetHints":{"allow":["GET"]}}],"collection":[{"href":"https:\/\/www.radiopiu.net\/wordpress\/wp-json\/wp\/v2\/posts"}],"about":[{"href":"https:\/\/www.radiopiu.net\/wordpress\/wp-json\/wp\/v2\/types\/post"}],"author":[{"embeddable":true,"href":"https:\/\/www.radiopiu.net\/wordpress\/wp-json\/wp\/v2\/users\/4"}],"replies":[{"embeddable":true,"href":"https:\/\/www.radiopiu.net\/wordpress\/wp-json\/wp\/v2\/comments?post=373921"}],"version-history":[{"count":0,"href":"https:\/\/www.radiopiu.net\/wordpress\/wp-json\/wp\/v2\/posts\/373921\/revisions"}],"wp:featuredmedia":[{"embeddable":true,"href":"https:\/\/www.radiopiu.net\/wordpress\/wp-json\/wp\/v2\/media\/373920"}],"wp:attachment":[{"href":"https:\/\/www.radiopiu.net\/wordpress\/wp-json\/wp\/v2\/media?parent=373921"}],"wp:term":[{"taxonomy":"category","embeddable":true,"href":"https:\/\/www.radiopiu.net\/wordpress\/wp-json\/wp\/v2\/categories?post=373921"},{"taxonomy":"post_tag","embeddable":true,"href":"https:\/\/www.radiopiu.net\/wordpress\/wp-json\/wp\/v2\/tags?post=373921"}],"curies":[{"name":"wp","href":"https:\/\/api.w.org\/{rel}","templated":true}]}}