{"id":373998,"date":"2024-02-12T05:20:09","date_gmt":"2024-02-12T04:20:09","guid":{"rendered":"https:\/\/www.radiopiu.net\/wordpress\/?p=373998"},"modified":"2024-02-12T09:25:39","modified_gmt":"2024-02-12T08:25:39","slug":"giornale-radiopiu-12-febbraio-2024-direttore-mirko-mezzacasada-40-anni-25-giugno-1983-25-giugno-2023","status":"publish","type":"post","link":"https:\/\/www.radiopiu.net\/wordpress\/giornale-radiopiu-12-febbraio-2024-direttore-mirko-mezzacasada-40-anni-25-giugno-1983-25-giugno-2023\/","title":{"rendered":"GIORNALE RADIOPIU 12 FEBBRAIO 2024 DIRETTORE MIRKO MEZZACASA\u2026DA 40 ANNI 25 GIUGNO 1983-25 GIUGNO 2023"},"content":{"rendered":"<p>****<\/p>\n<p>&nbsp;<\/p>\n<hr \/>\n<h1 class=\"entry-title photoswipe-wrapper\"><strong><a class=\"dt-pswp-item\" href=\"https:\/\/www.radiopiu.net\/wordpress\/wp-content\/uploads\/2023\/12\/logo-radio.jpg\" data-dt-img-description=\"\" data-large_image_width=\"800\" data-large_image_height=\"600\"><img loading=\"lazy\" decoding=\"async\" class=\"wp-image-367163 alignleft\" src=\"https:\/\/www.radiopiu.net\/wordpress\/wp-content\/uploads\/2023\/12\/logo-radio-300x225.jpg\" alt=\"\" width=\"109\" height=\"82\" srcset=\"https:\/\/www.radiopiu.net\/wordpress\/wp-content\/uploads\/2023\/12\/logo-radio-300x225.jpg 300w, https:\/\/www.radiopiu.net\/wordpress\/wp-content\/uploads\/2023\/12\/logo-radio-768x576.jpg 768w, https:\/\/www.radiopiu.net\/wordpress\/wp-content\/uploads\/2023\/12\/logo-radio.jpg 800w\" sizes=\"auto, (max-width: 109px) 100vw, 109px\" \/><\/a><\/strong><\/h1>\n<h1 class=\"entry-title photoswipe-wrapper\">40esimo di RADIOPIU\u2026. LA VOCE DELL\u2019EMOZIONE<\/h1>\n<h2><\/h2>\n<h2><span style=\"color: #ff0000;\">ISCRIVITI AL NOSTRO CANALE\u00a0\u00a0YOUTUBE PER SEGUIRE IN DIRETTA I PRINCIPALI PROGRAMMI DI RADIO PIU\u2019 E LE FUTURE DIRETTE IN ESTERNA. PER ISCRIVERTI <a style=\"color: #ff0000;\" href=\"https:\/\/youtube.com\/@radiopiu1527\">CLICCA QUI\u00a0<\/a>E PREMI\u00a0 \u201cIscriviti\u201d\u00a0 \u00a0<\/span><\/h2>\n<p>&nbsp;<\/p>\n<p><strong>\u00a0IERI A TAIBON: a carnevale&#8230; ogni scherzo vale! Il paese non avr\u00e0 la pista da bob&#8230; ma per il resto&#8230;<\/strong><\/p>\n<div data-block=\"true\" data-editor=\"avj4u\" data-offset-key=\"d3i0j-0-0\">\n\n\t\t\t<style type='text\/css'>\n\t\t\t\t#gallery-1 {\n\t\t\t\t\tmargin: auto;\n\t\t\t\t}\n\t\t\t\t#gallery-1 .gallery-item {\n\t\t\t\t\tfloat: left;\n\t\t\t\t\tmargin-top: 10px;\n\t\t\t\t\ttext-align: center;\n\t\t\t\t\twidth: 50%;\n\t\t\t\t}\n\t\t\t\t#gallery-1 img {\n\t\t\t\t\tborder: 2px solid #cfcfcf;\n\t\t\t\t}\n\t\t\t\t#gallery-1 .gallery-caption {\n\t\t\t\t\tmargin-left: 0;\n\t\t\t\t}\n\t\t\t\t\/* see gallery_shortcode() in wp-includes\/media.php *\/\n\t\t\t<\/style>\n\t\t<div id='gallery-1' class='dt-gallery-container gallery galleryid-373998 gallery-columns-2 gallery-size-thumbnail'><dl class='gallery-item'>\n\t\t\t\t<dt class='gallery-icon portrait'>\n\t\t\t\t\t<a class=\"rollover rollover-zoom dt-pswp-item\" title=\"f5fc8fd3-30bf-4279-929c-650354d2b6f3\" data-dt-img-description=\"\" data-large_image_width=\"720\" data-large_image_height=\"1040\"href='https:\/\/www.radiopiu.net\/wordpress\/wp-content\/uploads\/2024\/02\/f5fc8fd3-30bf-4279-929c-650354d2b6f3.jpg'><img loading=\"lazy\" decoding=\"async\" width=\"150\" height=\"150\" src=\"https:\/\/www.radiopiu.net\/wordpress\/wp-content\/uploads\/2024\/02\/f5fc8fd3-30bf-4279-929c-650354d2b6f3-150x150.jpg\" class=\"attachment-thumbnail size-thumbnail\" alt=\"\" \/><\/a>\n\t\t\t\t<\/dt><\/dl><dl class='gallery-item'>\n\t\t\t\t<dt class='gallery-icon landscape'>\n\t\t\t\t\t<a class=\"rollover rollover-zoom dt-pswp-item\" title=\"59dce37e-fb42-4ece-adac-440180f59f3d\" data-dt-img-description=\"\" data-large_image_width=\"1600\" data-large_image_height=\"1200\"href='https:\/\/www.radiopiu.net\/wordpress\/wp-content\/uploads\/2024\/02\/59dce37e-fb42-4ece-adac-440180f59f3d.jpg'><img loading=\"lazy\" decoding=\"async\" width=\"150\" height=\"150\" src=\"https:\/\/www.radiopiu.net\/wordpress\/wp-content\/uploads\/2024\/02\/59dce37e-fb42-4ece-adac-440180f59f3d-150x150.jpg\" class=\"attachment-thumbnail size-thumbnail\" alt=\"\" \/><\/a>\n\t\t\t\t<\/dt><\/dl><br style=\"clear: both\" \/>\n\t\t\t<\/div>\n\n<\/div>\n<div data-block=\"true\" data-editor=\"avj4u\" data-offset-key=\"d3i0j-0-0\"><\/div>\n<div class=\"x11i5rnm xat24cr x1mh8g0r x1vvkbs xtlvy1s x126k92a\">\n<div dir=\"auto\">\n<p><a class=\"dt-pswp-item\" href=\"https:\/\/www.radiopiu.net\/wordpress\/wp-content\/uploads\/2023\/10\/34f4cfc6-e863-46e9-9695-8df44be63421.jpg\" data-dt-img-description=\"\" data-large_image_width=\"1200\" data-large_image_height=\"1200\"><img loading=\"lazy\" decoding=\"async\" class=\"wp-image-357393 alignleft\" src=\"https:\/\/www.radiopiu.net\/wordpress\/wp-content\/uploads\/2023\/10\/34f4cfc6-e863-46e9-9695-8df44be63421-300x300.jpg\" alt=\"\" width=\"81\" height=\"81\" srcset=\"https:\/\/www.radiopiu.net\/wordpress\/wp-content\/uploads\/2023\/10\/34f4cfc6-e863-46e9-9695-8df44be63421-300x300.jpg 300w, https:\/\/www.radiopiu.net\/wordpress\/wp-content\/uploads\/2023\/10\/34f4cfc6-e863-46e9-9695-8df44be63421-1024x1024.jpg 1024w, https:\/\/www.radiopiu.net\/wordpress\/wp-content\/uploads\/2023\/10\/34f4cfc6-e863-46e9-9695-8df44be63421-150x150.jpg 150w, https:\/\/www.radiopiu.net\/wordpress\/wp-content\/uploads\/2023\/10\/34f4cfc6-e863-46e9-9695-8df44be63421-768x768.jpg 768w, https:\/\/www.radiopiu.net\/wordpress\/wp-content\/uploads\/2023\/10\/34f4cfc6-e863-46e9-9695-8df44be63421.jpg 1200w\" sizes=\"auto, (max-width: 81px) 100vw, 81px\" \/><\/a><\/p>\n<p>OGGI ALLA RADIO: <strong>ALLE 7<\/strong> LA RASSEGNA STAMPA LOCALE FLASH, PER CHI COME NOI ALLE SETTE DEL MATTINO VA DI FRETTA, TANTE NOTIZIE IN POCHE CHIACCHIERE. <strong>ALLE OTTO<\/strong> L&#8217;APPROFONDIMENTO NELLA STORICA RASSEGNA STAMPA LOCALE.\u00a0 DALLE 6 ALLE 21, OGNI ORA, L&#8217;INFORMAZIONE NAZIONALE, l&#8217;informazione locale, ALLE 10 flash. 11flash. 14 viabilit\u00e0. 15meteo. 16flash. 17flash. 18flash. 19 i titoli di Antenna 3 di Tiziana Bolognani.<\/p>\n<p>&nbsp;<\/p>\n<p><strong><a class=\"dt-pswp-item\" href=\"https:\/\/www.radiopiu.net\/wordpress\/wp-content\/uploads\/2024\/02\/2d44e751-d8a8-461b-8e22-d8e4e853b032.jpg\" data-dt-img-description=\"\" data-large_image_width=\"1600\" data-large_image_height=\"1200\"><img loading=\"lazy\" decoding=\"async\" class=\"wp-image-373307 alignleft\" src=\"https:\/\/www.radiopiu.net\/wordpress\/wp-content\/uploads\/2024\/02\/2d44e751-d8a8-461b-8e22-d8e4e853b032-300x225.jpg\" alt=\"\" width=\"105\" height=\"79\" srcset=\"https:\/\/www.radiopiu.net\/wordpress\/wp-content\/uploads\/2024\/02\/2d44e751-d8a8-461b-8e22-d8e4e853b032-300x225.jpg 300w, https:\/\/www.radiopiu.net\/wordpress\/wp-content\/uploads\/2024\/02\/2d44e751-d8a8-461b-8e22-d8e4e853b032-1024x768.jpg 1024w, https:\/\/www.radiopiu.net\/wordpress\/wp-content\/uploads\/2024\/02\/2d44e751-d8a8-461b-8e22-d8e4e853b032-768x576.jpg 768w, https:\/\/www.radiopiu.net\/wordpress\/wp-content\/uploads\/2024\/02\/2d44e751-d8a8-461b-8e22-d8e4e853b032-1536x1152.jpg 1536w, https:\/\/www.radiopiu.net\/wordpress\/wp-content\/uploads\/2024\/02\/2d44e751-d8a8-461b-8e22-d8e4e853b032.jpg 1600w\" sizes=\"auto, (max-width: 105px) 100vw, 105px\" \/><\/a>EL BAL DEL FIOR, DI GIULIANA DA RONCH, 12 FEBBRAIO 2024\u00a0<\/strong><\/p>\n<p>&nbsp;<\/p>\n<p>&nbsp;<\/p>\n<audio class=\"wp-audio-shortcode\" id=\"audio-373998-1\" preload=\"none\" style=\"width: 100%;\" controls=\"controls\"><source type=\"audio\/mpeg\" src=\"https:\/\/www.radiopiu.net\/wordpress\/wp-content\/uploads\/2024\/02\/GLU-2.m4a?_=1\" \/><a href=\"https:\/\/www.radiopiu.net\/wordpress\/wp-content\/uploads\/2024\/02\/GLU-2.m4a\">https:\/\/www.radiopiu.net\/wordpress\/wp-content\/uploads\/2024\/02\/GLU-2.m4a<\/a><\/audio>\n<p>&nbsp;<\/p>\n<p><span style=\"color: #ff0000;\"><strong>OGGI SPECIALI ALLA RADIO<\/strong><\/span>: alle 8 35 NCONTONSE CON MILLY CREPAZ ALLE 9.00 IERI COME OGGI, DI SILVIA BALDO. 9.-30 I RACCONTI DI PAOLO SOPPELSA 10.30 PERITI MINERI NEL MONDO CON L&#8217;ASSOCIAZIONE PERITI MINERARI DI AGORDO. 11.00 SPECIALE SANREMO DI MARINA DONA&#8217;. 13.00 SALUTE E SOCIETA&#8217; CON IL DOTTOR MARCO CARACCIOLO<\/p>\n<p>&nbsp;<\/p>\n<\/div>\n<hr \/>\n<\/div>\n<hr \/>\n<hr \/>\n<hr \/>\n<blockquote>\n<blockquote>\n<h1><span style=\"color: #ff0000;\">I podcast informativi del mattino &#8211; audio &#8211;\u00a0<\/span><\/h1>\n<\/blockquote>\n<p><strong><a class=\"dt-pswp-item\" href=\"https:\/\/www.radiopiu.net\/wordpress\/wp-content\/uploads\/2023\/11\/th-10.jpg\" data-dt-img-description=\"\" data-large_image_width=\"320\" data-large_image_height=\"180\"><img loading=\"lazy\" decoding=\"async\" class=\"wp-image-362866 alignleft\" src=\"https:\/\/www.radiopiu.net\/wordpress\/wp-content\/uploads\/2023\/11\/th-10-300x169.jpg\" alt=\"\" width=\"185\" height=\"104\" srcset=\"https:\/\/www.radiopiu.net\/wordpress\/wp-content\/uploads\/2023\/11\/th-10-300x169.jpg 300w, https:\/\/www.radiopiu.net\/wordpress\/wp-content\/uploads\/2023\/11\/th-10.jpg 320w\" sizes=\"auto, (max-width: 185px) 100vw, 185px\" \/><\/a>LA RASSEGNA STAMPA NAZIONALE ALLA RADIO, OGNI GIORNO ALLE 5 E ALLE 6 DEL MATTINO <span style=\"color: #0000ff;\">viene pubblicata alle 6.00 <span style=\"color: #ff0000;\">DIRETTA RADIO\u00a0\u00a0<\/span><\/span><\/strong><\/p>\n<p>di STEFANO FAMA&#8217;<\/p>\n<p><strong>La protesta<\/strong> dei trattori si divide, manifestanti divisi sulle risposte del governo, mucca in Vaticano. <strong>Economia<\/strong> torna a crescere il popolo delle partite iva. <strong>Guerre<\/strong> a Gaza e in Ucraina. <strong>Palermo<\/strong> omicidio,\u00a0 <strong>Roma<\/strong> muore sbranato da 3 rottweiler, Padova prostituzione minorile, Trento valanga travolge tre francesi. <strong>Sport<\/strong> il Bologna con il Lecce cala il poker<\/p>\n<h2>L&#8217;AUDIO dalle 4 del mattino<\/h2>\n<audio class=\"wp-audio-shortcode\" id=\"audio-373998-2\" preload=\"none\" style=\"width: 100%;\" controls=\"controls\"><source type=\"audio\/mpeg\" src=\"https:\/\/www.radiopiu.net\/wordpress\/wp-content\/uploads\/2024\/02\/GIORNALEDELLESEI-11.mp3?_=2\" \/><a href=\"https:\/\/www.radiopiu.net\/wordpress\/wp-content\/uploads\/2024\/02\/GIORNALEDELLESEI-11.mp3\">https:\/\/www.radiopiu.net\/wordpress\/wp-content\/uploads\/2024\/02\/GIORNALEDELLESEI-11.mp3<\/a><\/audio>\n<p>&nbsp;<\/p><\/blockquote>\n<p>&nbsp;<\/p>\n<p>&nbsp;<\/p>\n<hr \/>\n<p>&nbsp;<\/p>\n<h1 style=\"text-align: center;\"><span style=\"color: #ff0000;\">I podcast informativi del mattino &#8211; audio &#8211;\u00a0<\/span><\/h1>\n<p><strong><a class=\"dt-pswp-item\" href=\"https:\/\/www.radiopiu.net\/wordpress\/wp-content\/uploads\/2023\/12\/images.png\" data-dt-img-description=\"\" data-large_image_width=\"316\" data-large_image_height=\"160\"><img loading=\"lazy\" decoding=\"async\" class=\"wp-image-367008 alignleft\" src=\"https:\/\/www.radiopiu.net\/wordpress\/wp-content\/uploads\/2023\/12\/images-300x152.png\" alt=\"\" width=\"235\" height=\"119\" srcset=\"https:\/\/www.radiopiu.net\/wordpress\/wp-content\/uploads\/2023\/12\/images-300x152.png 300w, https:\/\/www.radiopiu.net\/wordpress\/wp-content\/uploads\/2023\/12\/images.png 316w\" sizes=\"auto, (max-width: 235px) 100vw, 235px\" \/><\/a>OGNI GIORNO ALLE SETTE DEL MATTINO, LA RASSEGNA STAMPA LOCALE FLASH&#8230; PER CHI VA IN FRETTA. I TITOLI DAI GIORNALI E DAL SITO WWW.RADIOPIU.NET <span style=\"color: #0000ff;\">viene pubblicato alle 7.00<\/span> <span style=\"color: #ff0000;\">DIRETTA RADIO\u00a0<\/span><\/strong><\/p>\n<p><em><span style=\"color: #ff0000;\">per chi va in fretta&#8230; tante notizie in pochi minuti. L&#8217;informazione locale alla radio, ogni ora dalle 7 del mattino alle 19 della sera.\u00a0 \u00a0\u00a0<\/span><\/em><\/p>\n<p><strong>ACQUA<\/strong> NON POTABILE A GARES DI CANALE D&#8217;AGORDO, MERCOLEDI 14 RUBINETTI A SECCO A BELLUNO<br \/>\n<strong>VIGILI DEL FUOCO<\/strong> AL LAVORO SUL PASSO FEDAIA. UN&#8217;AUTO FINISCE FUORI STRADA, SABATO POMERIGGIO PASSO SAN PELLEGRINO CHIUSO PER TRE ORE<br \/>\n<strong>LADRI A SEDICO<\/strong>, INVITO A SEGNALARE PERSONE E MOVIMENTI SOSPETTI<br \/>\n<strong>AGGRESSIONE<\/strong> E MINACCE, 54ENNE ARRESTATA A FELTRE<br \/>\nL&#8217;AMMINISTRAZIONE COMUNALE DI <strong>ALLEGHE<\/strong> RINGRAZIA GLI ALPINI. PERGAMENA AI SOCCORRITORI DEL VAJONT E AGLI ULTRANOVANTENNI<br \/>\nAUDIO dalle 7 del mattino<\/p>\n<audio class=\"wp-audio-shortcode\" id=\"audio-373998-3\" preload=\"none\" style=\"width: 100%;\" controls=\"controls\"><source type=\"audio\/mpeg\" src=\"https:\/\/www.radiopiu.net\/wordpress\/wp-content\/uploads\/2024\/02\/GF07-9.mp3?_=3\" \/><a href=\"https:\/\/www.radiopiu.net\/wordpress\/wp-content\/uploads\/2024\/02\/GF07-9.mp3\">https:\/\/www.radiopiu.net\/wordpress\/wp-content\/uploads\/2024\/02\/GF07-9.mp3<\/a><\/audio>\n<p>&nbsp;<\/p>\n<p>&nbsp;<\/p>\n<hr \/>\n<p>&nbsp;<\/p>\n<h1><\/h1>\n<h1 style=\"text-align: center;\"><span style=\"color: #ff0000;\">I podcast informativi del mattino &#8211; audio &#8211;\u00a0<\/span><\/h1>\n<blockquote><p><strong><a class=\"dt-pswp-item\" href=\"https:\/\/www.radiopiu.net\/wordpress\/wp-content\/uploads\/2022\/05\/QUOTIDIANO-GIORNALE.jpg\" data-dt-img-description=\"\" data-large_image_width=\"1920\" data-large_image_height=\"1271\"><img loading=\"lazy\" decoding=\"async\" class=\"wp-image-274885 alignleft\" src=\"https:\/\/www.radiopiu.net\/wordpress\/wp-content\/uploads\/2022\/05\/QUOTIDIANO-GIORNALE-300x199.jpg\" alt=\"\" width=\"169\" height=\"112\" srcset=\"https:\/\/www.radiopiu.net\/wordpress\/wp-content\/uploads\/2022\/05\/QUOTIDIANO-GIORNALE-300x199.jpg 300w, https:\/\/www.radiopiu.net\/wordpress\/wp-content\/uploads\/2022\/05\/QUOTIDIANO-GIORNALE-1024x678.jpg 1024w, https:\/\/www.radiopiu.net\/wordpress\/wp-content\/uploads\/2022\/05\/QUOTIDIANO-GIORNALE-768x508.jpg 768w, https:\/\/www.radiopiu.net\/wordpress\/wp-content\/uploads\/2022\/05\/QUOTIDIANO-GIORNALE-1536x1017.jpg 1536w, https:\/\/www.radiopiu.net\/wordpress\/wp-content\/uploads\/2022\/05\/QUOTIDIANO-GIORNALE.jpg 1920w\" sizes=\"auto, (max-width: 169px) 100vw, 169px\" \/><\/a>GIORNALE RADIO NAZIONALE, EDIZIONE DELLE SETTE <span style=\"color: #0000ff;\">viene pubblicato alle 7.05 <span style=\"color: #ff0000;\">DIRETTA RADIO\u00a0<\/span><\/span><\/strong><\/p><\/blockquote>\n<p><strong>il giornale radionazionale e&#8217; in onda ogni ora, dalle sette del mattino alle venti della sera\u00a0\u00a0<\/strong><\/p>\n<p><strong>Palermo<\/strong> 54enne ammazza moglie e figli, si salva la terza figlia 17enne, la pista una setta religiosa. <strong>VENEZIA<\/strong> Dieci uomini indagati per sfruttamento minorile con una qundicenne. <strong>DISAGI<\/strong> per chi viaggia in treno, proteste per il rinnovo del contratto. <strong>GUERRA<\/strong> 129 giorni di battaglie in medio oriente altri 50 morti. <strong>MILAN<\/strong> batte il Napoli a San Siro.<\/p>\n<h2>AUDIO dalle sette del mattino, ogni ora alla radio<\/h2>\n<audio class=\"wp-audio-shortcode\" id=\"audio-373998-4\" preload=\"none\" style=\"width: 100%;\" controls=\"controls\"><source type=\"audio\/mpeg\" src=\"https:\/\/www.radiopiu.net\/wordpress\/wp-content\/uploads\/2024\/02\/giornale07-9.mp3?_=4\" \/><a href=\"https:\/\/www.radiopiu.net\/wordpress\/wp-content\/uploads\/2024\/02\/giornale07-9.mp3\">https:\/\/www.radiopiu.net\/wordpress\/wp-content\/uploads\/2024\/02\/giornale07-9.mp3<\/a><\/audio>\n<p>&nbsp;<\/p>\n<p>&nbsp;<\/p>\n<hr \/>\n<p>&nbsp;<\/p>\n<p>&nbsp;<\/p>\n<h1><span style=\"color: #ff0000;\">I podcast informativi del mattino &#8211; video &#8211;\u00a0<\/span><\/h1>\n<h2><strong><a class=\"dt-pswp-item\" href=\"https:\/\/www.radiopiu.net\/wordpress\/wp-content\/uploads\/2023\/12\/th-10.jpg\" data-dt-img-description=\"\" data-large_image_width=\"245\" data-large_image_height=\"180\"><img loading=\"lazy\" decoding=\"async\" class=\" wp-image-367395 alignleft\" src=\"https:\/\/www.radiopiu.net\/wordpress\/wp-content\/uploads\/2023\/12\/th-10.jpg\" alt=\"\" width=\"166\" height=\"122\" \/><\/a>RASSEGNA STAMPA LOCALE, ORE OTTO 05<\/strong><\/h2>\n<h2><strong> <span style=\"color: #0000ff;\">viene\u00a0 <\/span><\/strong><strong><span style=\"color: #0000ff;\">pubblicata alle 8.05 <span style=\"color: #ff0000;\">DIRETTA RADIO\u00a0\u00a0<\/span><\/span><\/strong><\/h2>\n<p>&nbsp;<\/p>\n<p><strong>DI MIRKO MEZZACASA\u00a0\u00a0<\/strong><\/p>\n<p><strong>VENEZIA<\/strong> Quasi millecinquecento volontari provenienti da tutto il Veneto hanno riempito il parterre della Zoppas Arena di Conegliano per la serata di ringraziamento che l&#8217;assessore regionale alla Protezione Civile<br \/>\n<strong>VENEZIA<\/strong> Il Presidente della Regione Veneto, Luca Zaia, ha inviato una lettera al Presidente del Consiglio Giorgia Meloni, chiede la deliberazione dello Stato di emergenza in seguito alle eccezionali avversit\u00e0 atmosferiche dal 30 ottobre al 5 novembre 2023.<br \/>\nL&#8217;AULA MAGNA DEL <strong>FOLLADOR<\/strong> DI AGORDO TIENE A BATTESIMO IL FOGLIO 046 DI LONGARONE<br \/>\nDILLO A RADIO PIU&#8217;&#8230;QUANDO LE LETTERE ARRIVANO UNA SETTIMANA IN RITARDO un&#8217;altra medaglia per <strong>Poste Italiane<\/strong> nel capoluogo sede della multinazionale Luxottica.<br \/>\n<strong>ROMA<\/strong> Papa Francesco ha elogiato gli artigiani di Confartigianato Imprese durante un incontro presso l&#8217;Aula Paolo VI della Citt\u00e0 del Vaticano, coinvolgendo una delegazione bellunese e 500 partecipanti veneti.<br \/>\nIN VENETO IL POPOLO DELLE<strong> PARTITE IVA<\/strong><br \/>\nse in Italia il popolo delle partite Iva ha ripreso ad aumentare dopo il 2020, annus horribilis caratterizzato dallo scoppio della pandemia, nel Veneto invece, la platea dei lavoratori indipendenti \u00e8 continuata a diminuire.<\/p>\n<h2><strong>VIDEO\u00a0 \u00a0in diretta dalle 8 del mattino\u00a0<\/strong><\/h2>\n<p><iframe loading=\"lazy\" title=\"DAL 1983 LA RASSEGNA STAMPA LOCALE di mirko mezzacasa. L&#039;ORIGINALE\" width=\"1200\" height=\"675\" src=\"https:\/\/www.youtube.com\/embed\/ztRZcx6oM2M?feature=oembed\" frameborder=\"0\" allow=\"accelerometer; autoplay; clipboard-write; encrypted-media; gyroscope; picture-in-picture; web-share\" allowfullscreen><\/iframe><\/p>\n<hr \/>\n<p>&nbsp;<\/p>\n<blockquote>\n<h3>ACQUA NON POTABILE A GARES DI CANALE D&#8217;AGORDO, MERCOLEDI 14 RUBINETTI A SECCO A BELLUNO<\/h3>\n<\/blockquote>\n<p><a class=\"dt-pswp-item\" href=\"https:\/\/www.radiopiu.net\/wordpress\/wp-content\/uploads\/2018\/08\/ACQUA.jpeg\" data-dt-img-description=\"\" data-large_image_width=\"1280\" data-large_image_height=\"768\"><img loading=\"lazy\" decoding=\"async\" class=\" wp-image-57052 alignleft\" src=\"https:\/\/www.radiopiu.net\/wordpress\/wp-content\/uploads\/2018\/08\/ACQUA-300x180.jpeg\" alt=\"\" width=\"137\" height=\"82\" srcset=\"https:\/\/www.radiopiu.net\/wordpress\/wp-content\/uploads\/2018\/08\/ACQUA-300x180.jpeg 300w, https:\/\/www.radiopiu.net\/wordpress\/wp-content\/uploads\/2018\/08\/ACQUA-768x461.jpeg 768w, https:\/\/www.radiopiu.net\/wordpress\/wp-content\/uploads\/2018\/08\/ACQUA-1024x614.jpeg 1024w, https:\/\/www.radiopiu.net\/wordpress\/wp-content\/uploads\/2018\/08\/ACQUA.jpeg 1280w\" sizes=\"auto, (max-width: 137px) 100vw, 137px\" \/><\/a>Gestione Servizi Pubblici informa che a CANALE D&#8217; AGORDO nella localit\u00e0 GARES, l&#8217;acqua erogata dall&#8217;acquedotto non \u00e8 potabile e non pu\u00f2 essere usata per scopi alimentari. GSP ha, comunque, gi\u00e0 adottato le necessarie misure per la disinfezione dell&#8217;acqua presente nei serbatoi e nella rete idrica con l&#8217;aggiunta di cloro.<\/p>\n<p><strong>BELLUNO<\/strong> La chiusura dell&#8217;acqua dalle 8\u00a0 di mercoledi sar\u00e0 necessaria per l&#8217;esecuzione dei lavori, Acqua chiusa da San Pietro in Campo alla Veneggia.<\/p>\n<p>&nbsp;<\/p>\n<p>&nbsp;<\/p>\n<hr \/>\n<p>&nbsp;<\/p>\n<blockquote>\n<h3 class=\"entry-title\">FRONTALE IN VIALE EUROPA A BELLUNO, DONNA IN GRAVI CONDIZIONI<\/h3>\n<\/blockquote>\n<p><strong><a class=\"dt-pswp-item\" href=\"https:\/\/www.radiopiu.net\/wordpress\/wp-content\/uploads\/2023\/08\/ambulanza-ulss-1.jpg\" data-dt-img-description=\"\" data-large_image_width=\"1591\" data-large_image_height=\"1029\"><img loading=\"lazy\" decoding=\"async\" class=\" wp-image-348787 alignleft\" src=\"https:\/\/www.radiopiu.net\/wordpress\/wp-content\/uploads\/2023\/08\/ambulanza-ulss-1-300x194.jpg\" alt=\"\" width=\"169\" height=\"109\" srcset=\"https:\/\/www.radiopiu.net\/wordpress\/wp-content\/uploads\/2023\/08\/ambulanza-ulss-1-300x194.jpg 300w, https:\/\/www.radiopiu.net\/wordpress\/wp-content\/uploads\/2023\/08\/ambulanza-ulss-1-1024x662.jpg 1024w, https:\/\/www.radiopiu.net\/wordpress\/wp-content\/uploads\/2023\/08\/ambulanza-ulss-1-768x497.jpg 768w, https:\/\/www.radiopiu.net\/wordpress\/wp-content\/uploads\/2023\/08\/ambulanza-ulss-1-1536x993.jpg 1536w, https:\/\/www.radiopiu.net\/wordpress\/wp-content\/uploads\/2023\/08\/ambulanza-ulss-1.jpg 1591w\" sizes=\"auto, (max-width: 169px) 100vw, 169px\" \/><\/a>BELLUNO<\/strong> Una donna di 54 anni, residente a Sedico, \u00e8 stata coinvolta in un grave incidente frontale in viale Europa nel pomeriggio di sabato. Alla guida di una Fiat Punto, \u00e8 entrata in collisione con un\u2019Audi A3 in senso opposto. La donna \u00e8 stata trasportata in condizioni gravi all\u2019ospedale San Martino. Il conducente dell\u2019Audi A3 non ha riportato conseguenze. L\u2019impatto ha causato la temporanea chiusura della statale 50 del Grappa e passo Rolle, con deviazioni del traffico. La Polizia locale di Belluno ha effettuato i rilievi per determinare quale veicolo abbia invaso l\u2019altra corsia, causando l\u2019incidente. La Punto ha subito gravi danni al muso, con la conducente estratta dai vigili del fuoco.<\/p>\n<p>&nbsp;<\/p>\n<p>&nbsp;<\/p>\n<hr \/>\n<p>&nbsp;<\/p>\n<blockquote>\n<h3>CASSATA LA SENTENZA: EMERGONO NUOVI DETTAGLI SULL&#8217;INCIDENTE DI 17 ANNI FA A SANTA GIUSTINA<\/h3>\n<\/blockquote>\n<p><strong><a class=\"dt-pswp-item\" href=\"https:\/\/www.radiopiu.net\/wordpress\/wp-content\/uploads\/2024\/01\/giesse-scaled-1.jpg\" data-dt-img-description=\"\" data-large_image_width=\"2560\" data-large_image_height=\"2560\"><img loading=\"lazy\" decoding=\"async\" class=\" wp-image-370196 alignleft\" src=\"https:\/\/www.radiopiu.net\/wordpress\/wp-content\/uploads\/2024\/01\/giesse-scaled-1-300x300.jpg\" alt=\"\" width=\"103\" height=\"103\" srcset=\"https:\/\/www.radiopiu.net\/wordpress\/wp-content\/uploads\/2024\/01\/giesse-scaled-1-300x300.jpg 300w, https:\/\/www.radiopiu.net\/wordpress\/wp-content\/uploads\/2024\/01\/giesse-scaled-1-1024x1024.jpg 1024w, https:\/\/www.radiopiu.net\/wordpress\/wp-content\/uploads\/2024\/01\/giesse-scaled-1-150x150.jpg 150w, https:\/\/www.radiopiu.net\/wordpress\/wp-content\/uploads\/2024\/01\/giesse-scaled-1-768x768.jpg 768w, https:\/\/www.radiopiu.net\/wordpress\/wp-content\/uploads\/2024\/01\/giesse-scaled-1-1536x1536.jpg 1536w, https:\/\/www.radiopiu.net\/wordpress\/wp-content\/uploads\/2024\/01\/giesse-scaled-1-2048x2048.jpg 2048w\" sizes=\"auto, (max-width: 103px) 100vw, 103px\" \/><\/a>BELLUNO<\/strong> La Corte d&#8217;Appello ha annullato la sentenza riguardante l&#8217;incidente stradale avvenuto 17 anni fa a Santa Giustina, dove persero la vita due persone. I giudici hanno accolto il ricorso dei familiari di una delle vittime, assistiti da Giesse, sostenendo che l&#8217;automobilista aveva la responsabilit\u00e0 di dare precedenza sia ai veicoli in transito che a quelli in sorpasso. L&#8217;incidente coinvolse un camionista, due moto e una Citroen C4. Nonostante le sentenze precedenti attribuissero la colpa ai motociclisti, la Cassazione ha ritenuto &#8220;viziata&#8221; la sentenza e ha rinviato il caso alla Corte d&#8217;Appello di Venezia per un nuovo riesame.<\/p>\n<p>&nbsp;<\/p>\n<p>&nbsp;<\/p>\n<hr \/>\n<p>&nbsp;<\/p>\n<blockquote>\n<h3>VIGILI DEL FUOCO AL LAVORO SUL PASSO FEDAIA. UN&#8217;AUTO FINISCE FUORI STRADA<\/h3>\n<\/blockquote>\n<p><strong>ROCCA PIETORE<\/strong> Pompieri al lavoro questa mattina sulla SP 641 del Passo Fedaia dove un&#8217;auto con targa tedesca \u00e8 scivolata sulla neve ed \u00e8 uscita di strada. Fortunatamente, non ci sono persone ferite. Il recupero del veicolo \u00e8 stato eseguito dalle squadre dei Vigili del Fuoco di Agordo e dai volontari di Caprile, impiegando circa un&#8217;ora per completare le operazioni.<\/p>\n<p>&nbsp;<\/p>\n<p>&nbsp;<\/p>\n<hr \/>\n<p>&nbsp;<\/p>\n<blockquote><p><a class=\"dt-pswp-item\" href=\"https:\/\/www.radiopiu.net\/wordpress\/wp-content\/uploads\/2024\/02\/424644502_801668395335168_2073832623648688189_n.jpg\" data-dt-img-description=\"PASSO SAN PELLEGRINO\" data-large_image_width=\"1080\" data-large_image_height=\"1440\"><img loading=\"lazy\" decoding=\"async\" class=\"wp-image-374051 alignleft\" src=\"https:\/\/www.radiopiu.net\/wordpress\/wp-content\/uploads\/2024\/02\/424644502_801668395335168_2073832623648688189_n-225x300.jpg\" alt=\"\" width=\"109\" height=\"145\" srcset=\"https:\/\/www.radiopiu.net\/wordpress\/wp-content\/uploads\/2024\/02\/424644502_801668395335168_2073832623648688189_n-225x300.jpg 225w, https:\/\/www.radiopiu.net\/wordpress\/wp-content\/uploads\/2024\/02\/424644502_801668395335168_2073832623648688189_n-768x1024.jpg 768w, https:\/\/www.radiopiu.net\/wordpress\/wp-content\/uploads\/2024\/02\/424644502_801668395335168_2073832623648688189_n.jpg 1080w\" sizes=\"auto, (max-width: 109px) 100vw, 109px\" \/><\/a><\/p>\n<h3>PASSO SAN PELLEGRINO CHIUSO PER TRE ORE NEL POMERIGGIO DI SABATO<\/h3>\n<\/blockquote>\n<p><strong>FALCADE<\/strong> Il Passo San Pellegrino \u00e8 stato riaperto al traffico da Veneto Strade dopo essere stato temporaneamente chiuso nel pomeriggio di sabato a causa di un autoarticolato rimasto incastrato su uno dei tornanti. I Vigili del Fuoco hanno impiegato un lungo lavoro con l&#8217;autogru per rimuovere il tir, e la strada \u00e8 rimasta chiusa per oltre 3 ore.<\/p>\n<p>&nbsp;<\/p>\n<p>&nbsp;<\/p>\n<hr \/>\n<p>&nbsp;<\/p>\n<blockquote>\n<h3>STRADE GHIACCIATE: VIGILI DEL FUOCO AL LAVORO<\/h3>\n<\/blockquote>\n<p><strong>REDAZIONE<\/strong> Nella giornata di ieri, i vigili del fuoco sono intervenuti in diverse situazioni di emergenza legate alle difficolt\u00e0 causate dalle strade ghiacciate. Gli interventi hanno coinvolto diverse zone, in particolare vicino al Passo Fedaia nel comune di Rocca Pietore per soccorrere un pullman. I soccorritori sono stati chiamati anche a Cortina d\u2019Ampezzo e Domegge di Cadore, dove hanno prestato assistenza a mezzi in difficolt\u00e0. La presenza di strade ghiacciate ha reso necessarie diverse operazioni di soccorso per garantire la sicurezza degli utenti della strada.<\/p>\n\n\t\t\t<style type='text\/css'>\n\t\t\t\t#gallery-2 {\n\t\t\t\t\tmargin: auto;\n\t\t\t\t}\n\t\t\t\t#gallery-2 .gallery-item {\n\t\t\t\t\tfloat: left;\n\t\t\t\t\tmargin-top: 10px;\n\t\t\t\t\ttext-align: center;\n\t\t\t\t\twidth: 25%;\n\t\t\t\t}\n\t\t\t\t#gallery-2 img {\n\t\t\t\t\tborder: 2px solid #cfcfcf;\n\t\t\t\t}\n\t\t\t\t#gallery-2 .gallery-caption {\n\t\t\t\t\tmargin-left: 0;\n\t\t\t\t}\n\t\t\t\t\/* see gallery_shortcode() in wp-includes\/media.php *\/\n\t\t\t<\/style>\n\t\t<div id='gallery-2' class='dt-gallery-container gallery galleryid-373998 gallery-columns-4 gallery-size-thumbnail'><dl class='gallery-item'>\n\t\t\t\t<dt class='gallery-icon landscape'>\n\t\t\t\t\t<a class=\"rollover rollover-zoom dt-pswp-item\" title=\"ec5a353b-a36c-410a-a046-b02db56339e4\" data-dt-img-description=\"\" data-large_image_width=\"1259\" data-large_image_height=\"755\"href='https:\/\/www.radiopiu.net\/wordpress\/wp-content\/uploads\/2024\/02\/ec5a353b-a36c-410a-a046-b02db56339e4.jpg'><img loading=\"lazy\" decoding=\"async\" width=\"150\" height=\"150\" src=\"https:\/\/www.radiopiu.net\/wordpress\/wp-content\/uploads\/2024\/02\/ec5a353b-a36c-410a-a046-b02db56339e4-150x150.jpg\" class=\"attachment-thumbnail size-thumbnail\" alt=\"\" \/><\/a>\n\t\t\t\t<\/dt><\/dl><dl class='gallery-item'>\n\t\t\t\t<dt class='gallery-icon landscape'>\n\t\t\t\t\t<a class=\"rollover rollover-zoom dt-pswp-item\" title=\"4a9c23c9-1e4f-4a15-a9c4-1e0dd75ccc01\" data-dt-img-description=\"\" data-large_image_width=\"1280\" data-large_image_height=\"960\"href='https:\/\/www.radiopiu.net\/wordpress\/wp-content\/uploads\/2024\/02\/4a9c23c9-1e4f-4a15-a9c4-1e0dd75ccc01.jpg'><img loading=\"lazy\" decoding=\"async\" width=\"150\" height=\"150\" src=\"https:\/\/www.radiopiu.net\/wordpress\/wp-content\/uploads\/2024\/02\/4a9c23c9-1e4f-4a15-a9c4-1e0dd75ccc01-150x150.jpg\" class=\"attachment-thumbnail size-thumbnail\" alt=\"\" \/><\/a>\n\t\t\t\t<\/dt><\/dl><dl class='gallery-item'>\n\t\t\t\t<dt class='gallery-icon landscape'>\n\t\t\t\t\t<a class=\"rollover rollover-zoom dt-pswp-item\" title=\"0d0d501b-6e8d-443f-a03c-1c7c2d41d643\" data-dt-img-description=\"\" data-large_image_width=\"1280\" data-large_image_height=\"960\"href='https:\/\/www.radiopiu.net\/wordpress\/wp-content\/uploads\/2024\/02\/0d0d501b-6e8d-443f-a03c-1c7c2d41d643.jpg'><img loading=\"lazy\" decoding=\"async\" width=\"150\" height=\"150\" src=\"https:\/\/www.radiopiu.net\/wordpress\/wp-content\/uploads\/2024\/02\/0d0d501b-6e8d-443f-a03c-1c7c2d41d643-150x150.jpg\" class=\"attachment-thumbnail size-thumbnail\" alt=\"\" \/><\/a>\n\t\t\t\t<\/dt><\/dl><dl class='gallery-item'>\n\t\t\t\t<dt class='gallery-icon landscape'>\n\t\t\t\t\t<a class=\"rollover rollover-zoom dt-pswp-item\" title=\"d4a42007-a758-4a5b-8c43-f3c025496c06\" data-dt-img-description=\"\" data-large_image_width=\"1600\" data-large_image_height=\"1200\"href='https:\/\/www.radiopiu.net\/wordpress\/wp-content\/uploads\/2024\/02\/d4a42007-a758-4a5b-8c43-f3c025496c06.jpg'><img loading=\"lazy\" decoding=\"async\" width=\"150\" height=\"150\" src=\"https:\/\/www.radiopiu.net\/wordpress\/wp-content\/uploads\/2024\/02\/d4a42007-a758-4a5b-8c43-f3c025496c06-150x150.jpg\" class=\"attachment-thumbnail size-thumbnail\" alt=\"\" \/><\/a>\n\t\t\t\t<\/dt><\/dl><br style=\"clear: both\" \/>\n\t\t\t<\/div>\n\n<p>&nbsp;<\/p>\n<hr \/>\n<p>&nbsp;<\/p>\n<blockquote>\n<h3><img loading=\"lazy\" decoding=\"async\" class=\"alignleft\" src=\"https:\/\/www.radiopiu.net\/wordpress\/wp-content\/uploads\/2022\/10\/SEDICO.png\" width=\"186\" height=\"114\" \/>LADRI A SEDICO, INVITO A SEGNALARE PERSONE E MOVIMENTI SOSPETTI<\/h3>\n<\/blockquote>\n<p>&nbsp;<\/p>\n<p><strong>SEDICO<\/strong> Furti in casa a Bribano, Le abitazioni tra via Panoramica e via Dante sono state colpite, con segni di effrazione in almeno due appartamenti. Non \u00e8 stato ancora quantificato il bottino. Preoccupante il tentativo di intrusione mentre i proprietari erano presenti. Le forze dell&#8217;ordine raccomandano di segnalare movimenti sospetti e di chiudere accuratamente le finestre al tramonto.<\/p>\n<p>&nbsp;<\/p>\n<p>&nbsp;<\/p>\n<hr \/>\n<p>&nbsp;<\/p>\n<blockquote>\n<h3>AGGRESSIONE E MINACCE, ARRESTATA A FELTRE<\/h3>\n<\/blockquote>\n<p><strong><a class=\"dt-pswp-item\" href=\"https:\/\/www.radiopiu.net\/wordpress\/wp-content\/uploads\/2023\/12\/Palazzetti-Cingolani.jpg\" data-dt-img-description=\"\" data-large_image_width=\"1920\" data-large_image_height=\"1080\"><img loading=\"lazy\" decoding=\"async\" class=\"wp-image-366196 alignleft\" src=\"https:\/\/www.radiopiu.net\/wordpress\/wp-content\/uploads\/2023\/12\/Palazzetti-Cingolani-300x169.jpg\" alt=\"\" width=\"204\" height=\"115\" srcset=\"https:\/\/www.radiopiu.net\/wordpress\/wp-content\/uploads\/2023\/12\/Palazzetti-Cingolani-300x169.jpg 300w, https:\/\/www.radiopiu.net\/wordpress\/wp-content\/uploads\/2023\/12\/Palazzetti-Cingolani-1024x576.jpg 1024w, https:\/\/www.radiopiu.net\/wordpress\/wp-content\/uploads\/2023\/12\/Palazzetti-Cingolani-768x432.jpg 768w, https:\/\/www.radiopiu.net\/wordpress\/wp-content\/uploads\/2023\/12\/Palazzetti-Cingolani-1536x864.jpg 1536w, https:\/\/www.radiopiu.net\/wordpress\/wp-content\/uploads\/2023\/12\/Palazzetti-Cingolani.jpg 1920w\" sizes=\"auto, (max-width: 204px) 100vw, 204px\" \/><\/a>FELTRE<\/strong> Una\u00a0 donna,\u00a0 54 anni, originaria di Milano e residente a Borgo Valbelluna, \u00e8 stata arrestata e condotta nel carcere di Belluno dopo aver aggredito un agente della polizia locale. I fatti si sono verificati venerd\u00ec, quando l&#8217;imputato, gi\u00e0 coinvolto in altri episodi criminali, ha causato disordini in un kebab e successivamente ha colpito il vigile intervenuto, mandandolo in ospedale. Nonostante i tentativi di pentimento durante il processo, l&#8217;accusa di resistenza a pubblico ufficiale e lesioni \u00e8 stata confermata e il processo \u00e8 stato rinviato al 22 febbraio.<\/p>\n<p>&nbsp;<\/p>\n<hr \/>\n<p>&nbsp;<\/p>\n<blockquote>\n<h2><a class=\"dt-pswp-item\" href=\"https:\/\/www.radiopiu.net\/wordpress\/wp-content\/uploads\/2024\/02\/Senza-nome-24.png\" data-dt-img-description=\"\" data-large_image_width=\"276\" data-large_image_height=\"232\"><img loading=\"lazy\" decoding=\"async\" class=\"wp-image-374174 alignleft\" src=\"https:\/\/www.radiopiu.net\/wordpress\/wp-content\/uploads\/2024\/02\/Senza-nome-24.png\" alt=\"\" width=\"156\" height=\"131\" \/><\/a>\u00a0ESCURSIONISTI\u00a0 SALVANO ASIA<\/h2>\n<\/blockquote>\n<p><strong>ARSIE&#8217;<\/strong> Un cane di razza Samoiedo di nome Asia \u00e8 stato salvato ieri pomeriggio dopo essere scivolato nel lago del Corlo ad Arsi\u00e8. Due escursionisti di Asolo hanno rischiato per tirarlo a riva prima dell&#8217;arrivo dei vigili del fuoco di Feltre. Asia, esausta e impaurita, \u00e8 stata poi portata in salvo e riunita con i suoi proprietari, ringraziando i soccorritori per l&#8217;aiuto.<\/p>\n<p>&nbsp;<\/p>\n<hr \/>\n<p>&nbsp;<\/p>\n<p>&nbsp;<\/p>\n<blockquote>\n<h1>Zorz, l&#8217;amarezza dei residenti senza strada<\/h1>\n<\/blockquote>\n<blockquote><p><em><img loading=\"lazy\" decoding=\"async\" class=\"alignleft\" src=\"https:\/\/www.radiopiu.net\/wordpress\/wp-content\/uploads\/2024\/02\/Senza-nome-25.png\" width=\"214\" height=\"128\" \/>\u00abChiediamo da vent&#8217;anni un vero accesso\u00bb <\/em>Disputa tra Comune di Livinallongo e Funivie Arabba. I paesani si sono consorziati per rivolgersi ad un legale<\/p><\/blockquote>\n<p><strong>LIVINALLONGO<\/strong><\/p>\n<p><strong>DI LORENZO SORATROI<\/strong><\/p>\n<audio class=\"wp-audio-shortcode\" id=\"audio-373998-5\" preload=\"none\" style=\"width: 100%;\" controls=\"controls\"><source type=\"audio\/mpeg\" src=\"https:\/\/www.radiopiu.net\/wordpress\/wp-content\/uploads\/2024\/02\/LORENZO-OGGI.mp3?_=5\" \/><a href=\"https:\/\/www.radiopiu.net\/wordpress\/wp-content\/uploads\/2024\/02\/LORENZO-OGGI.mp3\">https:\/\/www.radiopiu.net\/wordpress\/wp-content\/uploads\/2024\/02\/LORENZO-OGGI.mp3<\/a><\/audio>\n<p>&nbsp;<\/p>\n<p>&nbsp;<\/p>\n<hr \/>\n<p>&nbsp;<\/p>\n<blockquote>\n<h3>L&#8217;AMMINISTRAZIONE COMUNALE DI ALLEGHE RINGRAZIA GLI ALPINI. PERGAMENA AI SOCCORRITORI DEL VAJONT E AGLI ULTRANOVANTENNI<\/h3>\n<\/blockquote>\n<p><strong>ALLEGHE<\/strong> Festeggiamenti e soprattutto ringraziamenti. Oggi, nella sede del Gruppo Alpini Monte Civetta di Alleghe sono stati festeggiati tre soci che hanno raggiunto e superato i 90 anni: si tratta di Giuseppe Da Pian, Elio De Toni e Paolo De Toni (aggregato). Nel corso della breve cerimonia, il sindaco Danilo De Toni si \u00e8 complimentato con gli ultranovantenni e poi ha consegnato un attestato di ringraziamento a due Alpini Alleghesi intervenuti sul disastro del Vajont, Mario Del Negro e Renato Del Zenero che all\u2019indomani del 9 ottobre 1963 si sono aggiunti ai tanti soccorritori nel teatro della tragedia. \u00abA loro va il nostro ringraziamento, per la testimonianza di solidariet\u00e0 che hanno portato in quei giorni terribili per Longarone e per il Bellunese\u00bb ha detto il sindaco De Toni. \u00abA tutte le penne nere un grazie speciale: senza il loro impegno, senza la loro abnegazione e determinazione, le nostre comunit\u00e0 locali sarebbero pi\u00f9 sole e pi\u00f9 povere. Gli Alpini ci sono sempre quando serve il loro aiuto, con una presenza umile ma fondamentale\u00bb.<\/p>\n\n\t\t\t<style type='text\/css'>\n\t\t\t\t#gallery-3 {\n\t\t\t\t\tmargin: auto;\n\t\t\t\t}\n\t\t\t\t#gallery-3 .gallery-item {\n\t\t\t\t\tfloat: left;\n\t\t\t\t\tmargin-top: 10px;\n\t\t\t\t\ttext-align: center;\n\t\t\t\t\twidth: 50%;\n\t\t\t\t}\n\t\t\t\t#gallery-3 img {\n\t\t\t\t\tborder: 2px solid #cfcfcf;\n\t\t\t\t}\n\t\t\t\t#gallery-3 .gallery-caption {\n\t\t\t\t\tmargin-left: 0;\n\t\t\t\t}\n\t\t\t\t\/* see gallery_shortcode() in wp-includes\/media.php *\/\n\t\t\t<\/style>\n\t\t<div id='gallery-3' class='dt-gallery-container gallery galleryid-373998 gallery-columns-2 gallery-size-medium'><dl class='gallery-item'>\n\t\t\t\t<dt class='gallery-icon landscape'>\n\t\t\t\t\t<a class=\"rollover rollover-zoom dt-pswp-item\" title=\"e3a1baa6-72f5-4b27-ab9e-dde369ef7657\" data-dt-img-description=\"\" data-large_image_width=\"1600\" data-large_image_height=\"1198\"href='https:\/\/www.radiopiu.net\/wordpress\/wp-content\/uploads\/2024\/02\/e3a1baa6-72f5-4b27-ab9e-dde369ef7657.jpg'><img loading=\"lazy\" decoding=\"async\" width=\"300\" height=\"225\" src=\"https:\/\/www.radiopiu.net\/wordpress\/wp-content\/uploads\/2024\/02\/e3a1baa6-72f5-4b27-ab9e-dde369ef7657-300x225.jpg\" class=\"attachment-medium size-medium\" alt=\"\" srcset=\"https:\/\/www.radiopiu.net\/wordpress\/wp-content\/uploads\/2024\/02\/e3a1baa6-72f5-4b27-ab9e-dde369ef7657-300x225.jpg 300w, https:\/\/www.radiopiu.net\/wordpress\/wp-content\/uploads\/2024\/02\/e3a1baa6-72f5-4b27-ab9e-dde369ef7657-1024x767.jpg 1024w, https:\/\/www.radiopiu.net\/wordpress\/wp-content\/uploads\/2024\/02\/e3a1baa6-72f5-4b27-ab9e-dde369ef7657-768x575.jpg 768w, https:\/\/www.radiopiu.net\/wordpress\/wp-content\/uploads\/2024\/02\/e3a1baa6-72f5-4b27-ab9e-dde369ef7657-1536x1150.jpg 1536w, https:\/\/www.radiopiu.net\/wordpress\/wp-content\/uploads\/2024\/02\/e3a1baa6-72f5-4b27-ab9e-dde369ef7657.jpg 1600w\" sizes=\"auto, (max-width: 300px) 100vw, 300px\" \/><\/a>\n\t\t\t\t<\/dt><\/dl><dl class='gallery-item'>\n\t\t\t\t<dt class='gallery-icon portrait'>\n\t\t\t\t\t<a class=\"rollover rollover-zoom dt-pswp-item\" title=\"53e5217b-eab0-4014-911c-1734102dcf01\" data-dt-img-description=\"\" data-large_image_width=\"1200\" data-large_image_height=\"1600\"href='https:\/\/www.radiopiu.net\/wordpress\/wp-content\/uploads\/2024\/02\/53e5217b-eab0-4014-911c-1734102dcf01.jpg'><img loading=\"lazy\" decoding=\"async\" width=\"225\" height=\"300\" src=\"https:\/\/www.radiopiu.net\/wordpress\/wp-content\/uploads\/2024\/02\/53e5217b-eab0-4014-911c-1734102dcf01-225x300.jpg\" class=\"attachment-medium size-medium\" alt=\"\" srcset=\"https:\/\/www.radiopiu.net\/wordpress\/wp-content\/uploads\/2024\/02\/53e5217b-eab0-4014-911c-1734102dcf01-225x300.jpg 225w, https:\/\/www.radiopiu.net\/wordpress\/wp-content\/uploads\/2024\/02\/53e5217b-eab0-4014-911c-1734102dcf01-768x1024.jpg 768w, https:\/\/www.radiopiu.net\/wordpress\/wp-content\/uploads\/2024\/02\/53e5217b-eab0-4014-911c-1734102dcf01-1152x1536.jpg 1152w, https:\/\/www.radiopiu.net\/wordpress\/wp-content\/uploads\/2024\/02\/53e5217b-eab0-4014-911c-1734102dcf01.jpg 1200w\" sizes=\"auto, (max-width: 225px) 100vw, 225px\" \/><\/a>\n\t\t\t\t<\/dt><\/dl><br style=\"clear: both\" \/>\n\t\t\t<\/div>\n\n<hr \/>\n<p>&nbsp;<\/p>\n<blockquote>\n<h3 class=\"titolonews\">IL RINGRAZIAMENTO AI VOLONTARI DI PROTEZIONE CIVILE DEL VENETO<\/h3>\n<\/blockquote>\n<p><strong>VENEZIA <\/strong>Quasi millecinquecento volontari provenienti da tutto il Veneto hanno riempito il parterre della Zoppas Arena di Conegliano per la serata di ringraziamento che l&#8217;assessore regionale alla Protezione Civile Gianpaolo Bottacin ha voluto dedicare al volontariato per gli interventi svolti durante i principali eventi calamitosi degli ultimi due anni. Azioni che i volontari veneti hanno svolto nelle loro terre, ma non solo. Importanti sono stati infatti i contributi dati anche fuori Regione e in particolare per l&#8217;alluvione nelle Marche del 2022 e il sisma in Turchia, le alluvioni in Emilia Romagna e Slovenia, oltre al gemellaggio AIB in Puglia, nel 2023.<\/p>\n<p><strong>IL VIDEO<\/strong><\/p>\n<p><iframe loading=\"lazy\" title=\"Conegliano ProtezioneCivile Bottacin\" width=\"1200\" height=\"675\" src=\"https:\/\/www.youtube.com\/embed\/ycUm4bXFYqc?feature=oembed\" frameborder=\"0\" allow=\"accelerometer; autoplay; clipboard-write; encrypted-media; gyroscope; picture-in-picture; web-share\" allowfullscreen><\/iframe><\/p>\n<p>&nbsp;<\/p>\n<hr \/>\n<p>&nbsp;<\/p>\n<blockquote>\n<h3>MALTEMPO AUTUNNO 2023: ZAIA CHIEDE RISPOSTE AL GOVERNO<\/h3>\n<\/blockquote>\n<p><strong><a class=\"dt-pswp-item\" href=\"https:\/\/www.radiopiu.net\/wordpress\/wp-content\/uploads\/2023\/12\/zaia-2023-1-scaled.jpg\" data-dt-img-description=\"\" data-large_image_width=\"2560\" data-large_image_height=\"1708\"><img loading=\"lazy\" decoding=\"async\" class=\" wp-image-364513 alignleft\" src=\"https:\/\/www.radiopiu.net\/wordpress\/wp-content\/uploads\/2023\/12\/zaia-2023-1-300x200.jpg\" alt=\"\" width=\"197\" height=\"131\" srcset=\"https:\/\/www.radiopiu.net\/wordpress\/wp-content\/uploads\/2023\/12\/zaia-2023-1-300x200.jpg 300w, https:\/\/www.radiopiu.net\/wordpress\/wp-content\/uploads\/2023\/12\/zaia-2023-1-1024x683.jpg 1024w, https:\/\/www.radiopiu.net\/wordpress\/wp-content\/uploads\/2023\/12\/zaia-2023-1-768x512.jpg 768w, https:\/\/www.radiopiu.net\/wordpress\/wp-content\/uploads\/2023\/12\/zaia-2023-1-1536x1025.jpg 1536w, https:\/\/www.radiopiu.net\/wordpress\/wp-content\/uploads\/2023\/12\/zaia-2023-1-2048x1366.jpg 2048w\" sizes=\"auto, (max-width: 197px) 100vw, 197px\" \/><\/a>VENEZIA<\/strong> Il Presidente della Regione Veneto, Luca Zaia, ha inviato una lettera al Presidente del Consiglio Giorgia Meloni, al Ministro per la Protezione Civile Nello Musumeci e al Capo Dipartimento della Protezione Civile Fabrizio Curcio. Nella lettera, Zaia chiede la deliberazione dello Stato di emergenza di rilievo nazionale e un sostegno economico adeguato in seguito alle eccezionali avversit\u00e0 atmosferiche dal 30 ottobre al 5 novembre 2023. I danni al solo patrimonio pubblico sono stimati a circa 137 milioni di euro. Zaia sottolinea la necessit\u00e0 di affrontare la situazione con misure finanziarie straordinarie per garantire il soccorso, ripristinare i danni e promuovere la ripresa delle normali condizioni di vita. Nella lettera, Zaia allega un&#8217;analisi dettagliata degli effetti al suolo e dei dati realizzata dalla Direzione Protezione Civile, Sicurezza e Polizia Locale della Regione. Zaia ringrazia coloro che hanno lavorato nella fase di emergenza e analisi del danno e sottolinea l&#8217;importanza dell&#8217;investimento nella prevenzione e nell&#8217;addestramento. La lettera evidenzia che la Protezione Civile del Veneto ha affrontato varie emergenze nel 2023 con grande prontezza e competenza. Zaia conclude sottolineando l&#8217;importanza dell&#8217;attenzione continua per i territori danneggiati.<\/p>\n<p>&nbsp;<\/p>\n<p>&nbsp;<\/p>\n<hr \/>\n<p>&nbsp;<\/p>\n<blockquote>\n<h3>L&#8217;AULA MAGNA DEL FOLLADOR DI AGORDO TIENE A BATTESIMO IL FOGLIO 046 DI LONGARONE<\/h3>\n<\/blockquote>\n<p><strong><a class=\"dt-pswp-item\" href=\"https:\/\/www.radiopiu.net\/wordpress\/wp-content\/uploads\/2024\/02\/1e52a446-3f2d-41f2-ae72-a2626dc1f3cb.jpg\" data-dt-img-description=\"\" data-large_image_width=\"473\" data-large_image_height=\"355\"><img loading=\"lazy\" decoding=\"async\" class=\" wp-image-374088 alignleft\" src=\"https:\/\/www.radiopiu.net\/wordpress\/wp-content\/uploads\/2024\/02\/1e52a446-3f2d-41f2-ae72-a2626dc1f3cb-300x225.jpg\" alt=\"\" width=\"172\" height=\"129\" srcset=\"https:\/\/www.radiopiu.net\/wordpress\/wp-content\/uploads\/2024\/02\/1e52a446-3f2d-41f2-ae72-a2626dc1f3cb-300x225.jpg 300w, https:\/\/www.radiopiu.net\/wordpress\/wp-content\/uploads\/2024\/02\/1e52a446-3f2d-41f2-ae72-a2626dc1f3cb.jpg 473w\" sizes=\"auto, (max-width: 172px) 100vw, 172px\" \/><\/a>AGORDO<\/strong><\/p>\n<p>DI GIANNI SANTOMASO<\/p>\n<audio class=\"wp-audio-shortcode\" id=\"audio-373998-6\" preload=\"none\" style=\"width: 100%;\" controls=\"controls\"><source type=\"audio\/mpeg\" src=\"https:\/\/www.radiopiu.net\/wordpress\/wp-content\/uploads\/2024\/02\/GIANNI-LAULA-MAGNA-DEL-FOLLADOR-DI-AGORDO-TIENE-A-BATTESIMO-IL-FOGLIO-046-DI-LONGARONE.mp3?_=6\" \/><a href=\"https:\/\/www.radiopiu.net\/wordpress\/wp-content\/uploads\/2024\/02\/GIANNI-LAULA-MAGNA-DEL-FOLLADOR-DI-AGORDO-TIENE-A-BATTESIMO-IL-FOGLIO-046-DI-LONGARONE.mp3\">https:\/\/www.radiopiu.net\/wordpress\/wp-content\/uploads\/2024\/02\/GIANNI-LAULA-MAGNA-DEL-FOLLADOR-DI-AGORDO-TIENE-A-BATTESIMO-IL-FOGLIO-046-DI-LONGARONE.mp3<\/a><\/audio>\n<p>&nbsp;<\/p>\n<hr \/>\n<p>&nbsp;<\/p>\n<blockquote>\n<h3>DILLO A RADIO PIU&#8217;&#8230;QUANDO LE LETTERE ARRIVANO UNA SETTIMANA IN RITARDO<\/h3>\n<\/blockquote>\n<p><strong><a class=\"dt-pswp-item\" href=\"https:\/\/www.radiopiu.net\/wordpress\/wp-content\/uploads\/2024\/02\/13c0667e-70d0-42ea-9ca3-8a048664ce7a-rotated.jpg\" data-dt-img-description=\"\" data-large_image_width=\"1600\" data-large_image_height=\"720\"><img loading=\"lazy\" decoding=\"async\" class=\" wp-image-374020 alignleft\" src=\"https:\/\/www.radiopiu.net\/wordpress\/wp-content\/uploads\/2024\/02\/13c0667e-70d0-42ea-9ca3-8a048664ce7a-300x135.jpg\" alt=\"\" width=\"211\" height=\"95\" srcset=\"https:\/\/www.radiopiu.net\/wordpress\/wp-content\/uploads\/2024\/02\/13c0667e-70d0-42ea-9ca3-8a048664ce7a-300x135.jpg 300w, https:\/\/www.radiopiu.net\/wordpress\/wp-content\/uploads\/2024\/02\/13c0667e-70d0-42ea-9ca3-8a048664ce7a-1024x461.jpg 1024w, https:\/\/www.radiopiu.net\/wordpress\/wp-content\/uploads\/2024\/02\/13c0667e-70d0-42ea-9ca3-8a048664ce7a-768x346.jpg 768w, https:\/\/www.radiopiu.net\/wordpress\/wp-content\/uploads\/2024\/02\/13c0667e-70d0-42ea-9ca3-8a048664ce7a-1536x691.jpg 1536w, https:\/\/www.radiopiu.net\/wordpress\/wp-content\/uploads\/2024\/02\/13c0667e-70d0-42ea-9ca3-8a048664ce7a-rotated.jpg 1600w\" sizes=\"auto, (max-width: 211px) 100vw, 211px\" \/><\/a>Riceviamo e pubblichiamo una considerazione di un nostro ascoltatore<\/strong><\/p>\n<p>Ennesima e indimenticabile prestazione di Poste Italiane. Alla lodevole iniziativa del comune di Agordo che invitava tutti i nuovi maggiorenni nel 2023 a una simbolica cerimonia sabato 3 febbraio scorso alla sala consiliare del palazzo Municipale di Agordo ha risposto prontamente e in modo solerte Poste Italiane recapitando l&#8217;invito la settimana successiva all&#8217;evento. Come si pu\u00f2 bene evincere dalla foto la lettera \u00e8 partita dal palazzo comunale il 16 gennaio&#8230;che giro avr\u00e0 mai fatto per riuscire a fare 100 metri in quasi tre settimane? Ci sar\u00e0 qualche fortunato avvisato per tempo?<\/p>\n<p>&nbsp;<\/p>\n<p>&nbsp;<\/p>\n<hr \/>\n<p>&nbsp;<\/p>\n<blockquote>\n<h3>GIORNO DEL RICORDO: IL DISCORSO DEL VICESINDACO DI BELLUNO<\/h3>\n<\/blockquote>\n<p><strong><a class=\"dt-pswp-item\" href=\"https:\/\/www.radiopiu.net\/wordpress\/wp-content\/uploads\/2024\/02\/PAOLO-GAMBA.jpg\" data-dt-img-description=\"\" data-large_image_width=\"1640\" data-large_image_height=\"952\"><img loading=\"lazy\" decoding=\"async\" class=\" wp-image-374040 alignleft\" src=\"https:\/\/www.radiopiu.net\/wordpress\/wp-content\/uploads\/2024\/02\/PAOLO-GAMBA-300x174.jpg\" alt=\"\" width=\"179\" height=\"104\" srcset=\"https:\/\/www.radiopiu.net\/wordpress\/wp-content\/uploads\/2024\/02\/PAOLO-GAMBA-300x174.jpg 300w, https:\/\/www.radiopiu.net\/wordpress\/wp-content\/uploads\/2024\/02\/PAOLO-GAMBA-1024x594.jpg 1024w, https:\/\/www.radiopiu.net\/wordpress\/wp-content\/uploads\/2024\/02\/PAOLO-GAMBA-768x446.jpg 768w, https:\/\/www.radiopiu.net\/wordpress\/wp-content\/uploads\/2024\/02\/PAOLO-GAMBA-1536x892.jpg 1536w, https:\/\/www.radiopiu.net\/wordpress\/wp-content\/uploads\/2024\/02\/PAOLO-GAMBA.jpg 1640w\" sizes=\"auto, (max-width: 179px) 100vw, 179px\" \/><\/a>BELLUNO<\/strong> Il vice sindaco Paolo Gamba, in occasione della Giornata del Ricordo, ha sottolineato l&#8217;importanza della memoria nella preservazione della storia. Ha esaltato la vittoria della libert\u00e0 contro l&#8217;oscurantismo e condannato ogni forma di dittatura che mina i fondamenti della democrazia. Richiamando Primo Levi, ha evidenziato che la storia senza memoria rischia di ripetersi, sottolineando l&#8217;importanza della conoscenza per prevenire estremismi e violazioni dei diritti umani. Ha concluso affermando che l&#8217;accoglienza della diversit\u00e0, il rispetto del diritto internazionale e della democrazia sono fondamentali per la convivenza pacifica e la creazione di una storia nuova, basata su giustizia e bellezza.<\/p>\n<p>&nbsp;<\/p>\n<p>&nbsp;<\/p>\n<hr \/>\n<p>&nbsp;<\/p>\n<blockquote>\n<h3>PAPA FRANCESCO INCONTRA GLI ARTIGIANI<\/h3>\n<\/blockquote>\n<p><strong><a class=\"dt-pswp-item\" href=\"https:\/\/www.radiopiu.net\/wordpress\/wp-content\/uploads\/2024\/02\/ConfartigianatoBelluno_Roma.jpeg\" data-dt-img-description=\"\" data-large_image_width=\"1200\" data-large_image_height=\"1600\"><img loading=\"lazy\" decoding=\"async\" class=\" wp-image-374038 alignleft\" src=\"https:\/\/www.radiopiu.net\/wordpress\/wp-content\/uploads\/2024\/02\/ConfartigianatoBelluno_Roma-225x300.jpeg\" alt=\"\" width=\"125\" height=\"167\" srcset=\"https:\/\/www.radiopiu.net\/wordpress\/wp-content\/uploads\/2024\/02\/ConfartigianatoBelluno_Roma-225x300.jpeg 225w, https:\/\/www.radiopiu.net\/wordpress\/wp-content\/uploads\/2024\/02\/ConfartigianatoBelluno_Roma-768x1024.jpeg 768w, https:\/\/www.radiopiu.net\/wordpress\/wp-content\/uploads\/2024\/02\/ConfartigianatoBelluno_Roma-1152x1536.jpeg 1152w, https:\/\/www.radiopiu.net\/wordpress\/wp-content\/uploads\/2024\/02\/ConfartigianatoBelluno_Roma.jpeg 1200w\" sizes=\"auto, (max-width: 125px) 100vw, 125px\" \/><\/a>ROMA<\/strong> Papa Francesco ha elogiato gli artigiani di Confartigianato Imprese durante un incontro presso l&#8217;Aula Paolo VI della Citt\u00e0 del Vaticano, coinvolgendo una delegazione bellunese e 500 partecipanti veneti. Ha evidenziato la corrispondenza tra il valore artigiano e i principi cristiani di lavoro e solidariet\u00e0, sottolineando che le persone inventano mentre le macchine replicano. Il Papa ha richiamato alla necessit\u00e0 di solidariet\u00e0 e conversione ecologica, incoraggiando a discernere tra ci\u00f2 che \u00e8 essenziale e non essenziale. Ha esortato a rallentare il consumo disumano, abbracciare una riconversione ecologica e essere creativi come artigiani per il bene comune. Papa Francesco ha sottolineato l&#8217;importanza di formare e sostenere nuove generazioni di economisti e imprenditori per un&#8217;economia orientata al bene comune. La delegazione ha vissuto l&#8217;evento con gioia, apprezzando la sensazione di comunit\u00e0 e unione.<\/p>\n<p>&nbsp;<\/p>\n<p>&nbsp;<\/p>\n<hr \/>\n<p>&nbsp;<\/p>\n<blockquote>\n<h3>IN VENETO IL POPOLO DELLE PARTITE IVA CONTINUA A DIMINUIRE<\/h3>\n<\/blockquote>\n<p><a class=\"dt-pswp-item\" href=\"https:\/\/www.radiopiu.net\/wordpress\/wp-content\/uploads\/2024\/02\/Schermata-2024-02-10-alle-10.14.43.png\" data-dt-img-description=\"\" data-large_image_width=\"1272\" data-large_image_height=\"1566\"><img loading=\"lazy\" decoding=\"async\" class=\"size-medium wp-image-374029 alignleft\" src=\"https:\/\/www.radiopiu.net\/wordpress\/wp-content\/uploads\/2024\/02\/Schermata-2024-02-10-alle-10.14.43-244x300.png\" alt=\"\" width=\"244\" height=\"300\" srcset=\"https:\/\/www.radiopiu.net\/wordpress\/wp-content\/uploads\/2024\/02\/Schermata-2024-02-10-alle-10.14.43-244x300.png 244w, https:\/\/www.radiopiu.net\/wordpress\/wp-content\/uploads\/2024\/02\/Schermata-2024-02-10-alle-10.14.43-832x1024.png 832w, https:\/\/www.radiopiu.net\/wordpress\/wp-content\/uploads\/2024\/02\/Schermata-2024-02-10-alle-10.14.43-768x946.png 768w, https:\/\/www.radiopiu.net\/wordpress\/wp-content\/uploads\/2024\/02\/Schermata-2024-02-10-alle-10.14.43-1248x1536.png 1248w, https:\/\/www.radiopiu.net\/wordpress\/wp-content\/uploads\/2024\/02\/Schermata-2024-02-10-alle-10.14.43.png 1272w\" sizes=\"auto, (max-width: 244px) 100vw, 244px\" \/><\/a>L\u2019autoimprenditorialit\u00e0 non va pi\u00f9 di moda ? Pare di s\u00ec. Almeno in Veneto. Se in Italia, infatti, il popolo delle partite Iva ha ripreso ad aumentare dopo il 2020, annus horribilis caratterizzato dallo scoppio della pandemia, nella nostra regione, invece, la platea dei lavoratori indipendenti \u00e8 continuata a diminuire. Tra il 2019 e il 2023 (in entrambi i casi i dati sono riferiti ai primi 9 mesi dell\u2019anno), in Veneto la contrazione del numero \u00e8 stata pari a 16.600 unit\u00e0 (-3,5 per cento). Da noi, pertanto, il cosiddetto popolo delle partite Iva \u00e8 costituito da 462.300 unit\u00e0. Un dato che, seppur in calo, rimane inferiore solo a quello della Lombardia (863.200) e del Lazio (464.900) (vedi Tab. 1). A dirlo \u00e8 l\u2019Ufficio studi della CGIA.<\/p>\n<p>Se negli ultimi tre anni in Italia il numero dei lavoratori autonomi \u201cclassici\u201d (ovvero gli artigiani, i commercianti e gli agricoltori) ha subito una costante riduzione, a condizionare positivamente il dato complessivo nazionale delle cosiddette partite Iva \u00e8 stata la crescita di quelle senza albo od ordine professionale. Alcuni esempi di professioni non regolamentate? I web designer, i social media manager, i formatori, i consulenti agli investimenti, i pubblicitari, i consulenti aziendali, i consulenti informatici, gli utility manager, i sociologi, gli amministratori di condominio, etc.<\/p>\n<p>In Veneto, invece, hanno continuato a diminuire sia i primi che i secondi. Negli ultimi 8 anni, infatti, anche i lavoratori indipendenti \u201cclassici\u201d presenti nella nostra regione sono scesi di 58.930 unit\u00e0 (-14,8 per cento) (vedi Tab. 2), con punte di riduzione che a Rovigo hanno toccato il -18,3 per cento, a Vicenza il -17 per cento, a Belluno il -16,8 per cento e a Verona il -15,6 per cento (vedi Tab. 3).<\/p>\n<p>Scomponendo il dato tra artigiani, commercianti e agricoltori, la contrazione pi\u00f9 \u201cpesante\u201d ha interessato i primi. Tra il 2014 e il 2022, infatti, il loro numero in Veneto \u00e8 diminuito di 30.228 unit\u00e0 (-17,3 per cento), con punte di decremento che hanno toccato il -23,6 per cento a Rovigo, il -20,5 per cento a Verona e il -18,5 per cento a Vicenza (vedi Appendice A).<\/p>\n<p>Pi\u00f9 contenuta ma altrettanto pesante \u00e8 stata la contrazione registrata dai commercianti. Sempre negli ultimi 8 anni, in regione lo stock \u00e8 sceso di 24.355 unit\u00e0 (-13,9 per cento). La provincia pi\u00f9 colpita \u00e8 stata ancora una volta Rovigo con una contrazione del -18,8 per cento. Seguono Belluno con il -17,4 per cento e Vicenza con il -16,1 per cento (vedi Appendice B).<\/p>\n<p><a class=\"dt-pswp-item\" href=\"https:\/\/www.radiopiu.net\/wordpress\/wp-content\/uploads\/2024\/02\/Schermata-2024-02-10-alle-10.15.08.png\" data-dt-img-description=\"\" data-large_image_width=\"1272\" data-large_image_height=\"1462\"><img loading=\"lazy\" decoding=\"async\" class=\"size-medium wp-image-374033 alignleft\" src=\"https:\/\/www.radiopiu.net\/wordpress\/wp-content\/uploads\/2024\/02\/Schermata-2024-02-10-alle-10.15.08-261x300.png\" alt=\"\" width=\"261\" height=\"300\" srcset=\"https:\/\/www.radiopiu.net\/wordpress\/wp-content\/uploads\/2024\/02\/Schermata-2024-02-10-alle-10.15.08-261x300.png 261w, https:\/\/www.radiopiu.net\/wordpress\/wp-content\/uploads\/2024\/02\/Schermata-2024-02-10-alle-10.15.08-891x1024.png 891w, https:\/\/www.radiopiu.net\/wordpress\/wp-content\/uploads\/2024\/02\/Schermata-2024-02-10-alle-10.15.08-768x883.png 768w, https:\/\/www.radiopiu.net\/wordpress\/wp-content\/uploads\/2024\/02\/Schermata-2024-02-10-alle-10.15.08.png 1272w\" sizes=\"auto, (max-width: 261px) 100vw, 261px\" \/><\/a>Gli agricoltori, infine, in Veneto sono diminuiti nel periodo monitorato di 4.347 unit\u00e0 (-9 per cento). La provincia pi\u00f9 penalizzata \u00e8 stata Vicenza con una variazione negativa del -13 per cento. Seguono Venezia con il -12,6 per cento, Padova con il -11,6 per cento e Verona con il -9,8 per cento (vedi Appendice C). In tutte e tre le categorie appena richiamate (artigiani, commercianti e agricoltori), i dati includono le posizioni Inps dei titolari dell\u2019azienda, dei soci e dei collaboratori familiari.<\/p>\n<p>Perch\u00e9 mai in Veneto il popolo delle partite Iva ha risentito maggiormente di altre aree del Paese gli effetti negativi della pandemia e del boom dell\u2019inflazione? Secondo l\u2019Ufficio studi della CGIA, ci\u00f2 \u00e8 avvenuto a causa del crollo dei consumi delle famiglie che in questi ultimi anni nella nostra regione \u00e8 stato pi\u00f9 marcato che in altre realt\u00e0 territoriali. Lavorando prevalentemente per il mercato domestico, una volta \u201cfranati\u201d i consumi delle famiglie, anche il fatturato di tantissimi lavoratori autonomi ne ha risentito negativamente, provocando la chiusura di tantissime piccole attivit\u00e0.<\/p>\n<p>Non solo, ma ci\u00f2 che si fa fatica a spiegare \u00e8 che il trend positivo registrato dallo stock di lavoratori autonomi in questi ultimi tre anni in molte altre regioni d\u2019Italia \u00e8 avvenuto grazie alla ripresa economica maturata dopo l\u2019avvento del Covid. Crescita che ovviamente ha interessato anche il Veneto, ma non al punto tale da dare una spinta positiva anche al nostro mondo del lavoro autonomo. Sicuramente in Italia ad allargare la platea del popolo delle partite Iva ha concorso anche il fisco. L\u2019introduzione del regime forfettario per le attivit\u00e0 autonome con ricavi e compensi inferiori a 85 mila euro ha reso meno gravoso di un tempo gestire fiscalmente un\u2019attivit\u00e0 in proprio. Infine, non \u00e8 nemmeno da escludere che la crescita numerica dei lavoratori indipendenti sia riconducibile anche all\u2019incremento delle \u201cfalse\u201d partite Iva. Grazie al boom dello smart working avvenuto in questi ultimi anni, infatti, \u00e8 probabile che le \u201cfinte\u201d partite Iva siano aumentate, anche se, attualmente, il numero complessivo di queste ultime \u00e8 stimato in Italia attorno alle 500 mila unit\u00e0. Una soglia che avevamo gi\u00e0 raggiunto una ventina d\u2019anni fa. Insomma, in Veneto i fenomeni appena enunciati non sono riusciti a dare un impulso positivo sullo stock, perch\u00e9, purtroppo, la mortalit\u00e0 delle micro imprese \u00e8 stata superiore alla natalit\u00e0.<\/p>\n<p>&nbsp;<\/p>\n\n\t\t\t<style type='text\/css'>\n\t\t\t\t#gallery-4 {\n\t\t\t\t\tmargin: auto;\n\t\t\t\t}\n\t\t\t\t#gallery-4 .gallery-item {\n\t\t\t\t\tfloat: left;\n\t\t\t\t\tmargin-top: 10px;\n\t\t\t\t\ttext-align: center;\n\t\t\t\t\twidth: 33%;\n\t\t\t\t}\n\t\t\t\t#gallery-4 img {\n\t\t\t\t\tborder: 2px solid #cfcfcf;\n\t\t\t\t}\n\t\t\t\t#gallery-4 .gallery-caption {\n\t\t\t\t\tmargin-left: 0;\n\t\t\t\t}\n\t\t\t\t\/* see gallery_shortcode() in wp-includes\/media.php *\/\n\t\t\t<\/style>\n\t\t<div id='gallery-4' class='dt-gallery-container gallery galleryid-373998 gallery-columns-3 gallery-size-thumbnail'><dl class='gallery-item'>\n\t\t\t\t<dt class='gallery-icon landscape'>\n\t\t\t\t\t<a class=\"rollover rollover-zoom dt-pswp-item\" title=\"Schermata 2024-02-10 alle 10.15.22\" data-dt-img-description=\"\" data-large_image_width=\"1272\" data-large_image_height=\"600\"href='https:\/\/www.radiopiu.net\/wordpress\/wp-content\/uploads\/2024\/02\/Schermata-2024-02-10-alle-10.15.22.png'><img loading=\"lazy\" decoding=\"async\" width=\"150\" height=\"150\" src=\"https:\/\/www.radiopiu.net\/wordpress\/wp-content\/uploads\/2024\/02\/Schermata-2024-02-10-alle-10.15.22-150x150.png\" class=\"attachment-thumbnail size-thumbnail\" alt=\"\" \/><\/a>\n\t\t\t\t<\/dt><\/dl><dl class='gallery-item'>\n\t\t\t\t<dt class='gallery-icon landscape'>\n\t\t\t\t\t<a class=\"rollover rollover-zoom dt-pswp-item\" title=\"Schermata 2024-02-10 alle 10.15.37\" data-dt-img-description=\"\" data-large_image_width=\"1272\" data-large_image_height=\"600\"href='https:\/\/www.radiopiu.net\/wordpress\/wp-content\/uploads\/2024\/02\/Schermata-2024-02-10-alle-10.15.37.png'><img loading=\"lazy\" decoding=\"async\" width=\"150\" height=\"150\" src=\"https:\/\/www.radiopiu.net\/wordpress\/wp-content\/uploads\/2024\/02\/Schermata-2024-02-10-alle-10.15.37-150x150.png\" class=\"attachment-thumbnail size-thumbnail\" alt=\"\" \/><\/a>\n\t\t\t\t<\/dt><\/dl><dl class='gallery-item'>\n\t\t\t\t<dt class='gallery-icon portrait'>\n\t\t\t\t\t<a class=\"rollover rollover-zoom dt-pswp-item\" title=\"Schermata 2024-02-10 alle 10.15.57\" data-dt-img-description=\"\" data-large_image_width=\"1250\" data-large_image_height=\"1374\"href='https:\/\/www.radiopiu.net\/wordpress\/wp-content\/uploads\/2024\/02\/Schermata-2024-02-10-alle-10.15.57.png'><img loading=\"lazy\" decoding=\"async\" width=\"150\" height=\"150\" src=\"https:\/\/www.radiopiu.net\/wordpress\/wp-content\/uploads\/2024\/02\/Schermata-2024-02-10-alle-10.15.57-150x150.png\" class=\"attachment-thumbnail size-thumbnail\" alt=\"\" \/><\/a>\n\t\t\t\t<\/dt><\/dl><br style=\"clear: both\" \/>\n\t\t\t<\/div>\n\n<p>&nbsp;<\/p>\n<hr \/>\n<p>&nbsp;<\/p>\n<blockquote>\n<h3>CON LO SPI CGIL TRA TECNOLOGIA E USCITA DAL MERCATO TUTELATO DELL&#8217;ENERGIA<\/h3>\n<\/blockquote>\n<p><strong><a class=\"dt-pswp-item\" href=\"https:\/\/www.radiopiu.net\/wordpress\/wp-content\/uploads\/2023\/09\/spi-cgil.png\" data-dt-img-description=\"\" data-large_image_width=\"244\" data-large_image_height=\"142\"><img loading=\"lazy\" decoding=\"async\" class=\" wp-image-353437 alignleft\" src=\"https:\/\/www.radiopiu.net\/wordpress\/wp-content\/uploads\/2023\/09\/spi-cgil.png\" alt=\"\" width=\"165\" height=\"96\" \/><\/a>BELLUNO<\/strong> Lo Spi Cgil di Feltre offre corsi informativi sulla tecnologia, inclusi l&#8217;uso di computer e smartphone, nonch\u00e9 assistenza nell&#8217;acquisizione dello SPID (Sistema Pubblico di Identit\u00e0 Digitale). Il corso a Feltre inizia il 13 febbraio alle 16:30, rivolto a tutti. Per informazioni e iscrizioni, \u00e8 possibile contattare il numero 3482706297. Inoltre, lo Spi Cgil di Belluno organizza un incontro pubblico il 14 febbraio ad Agordo sulla &#8220;uscita dal mercato tutelato&#8221; nel settore dell&#8217;energia, con particolare attenzione ai clienti vulnerabili. L&#8217;evento si terr\u00e0 presso la biblioteca civica di Agordo alle 10:00 e \u00e8 aperto a tutta la cittadinanza.<\/p>\n<p>&nbsp;<\/p>\n<p>&nbsp;<\/p>\n<hr \/>\n<p>&nbsp;<\/p>\n<blockquote>\n<h3><a class=\"dt-pswp-item\" href=\"https:\/\/www.radiopiu.net\/wordpress\/wp-content\/uploads\/2024\/02\/gli-scavi-gia-predisposti-e-le-valvole-da-sostituire.jpg\" data-dt-img-description=\"\" data-large_image_width=\"954\" data-large_image_height=\"2016\"><img loading=\"lazy\" decoding=\"async\" class=\" wp-image-373941 alignleft\" src=\"https:\/\/www.radiopiu.net\/wordpress\/wp-content\/uploads\/2024\/02\/gli-scavi-gia-predisposti-e-le-valvole-da-sostituire-142x300.jpg\" alt=\"\" width=\"70\" height=\"148\" srcset=\"https:\/\/www.radiopiu.net\/wordpress\/wp-content\/uploads\/2024\/02\/gli-scavi-gia-predisposti-e-le-valvole-da-sostituire-142x300.jpg 142w, https:\/\/www.radiopiu.net\/wordpress\/wp-content\/uploads\/2024\/02\/gli-scavi-gia-predisposti-e-le-valvole-da-sostituire-485x1024.jpg 485w, https:\/\/www.radiopiu.net\/wordpress\/wp-content\/uploads\/2024\/02\/gli-scavi-gia-predisposti-e-le-valvole-da-sostituire-768x1623.jpg 768w, https:\/\/www.radiopiu.net\/wordpress\/wp-content\/uploads\/2024\/02\/gli-scavi-gia-predisposti-e-le-valvole-da-sostituire-727x1536.jpg 727w, https:\/\/www.radiopiu.net\/wordpress\/wp-content\/uploads\/2024\/02\/gli-scavi-gia-predisposti-e-le-valvole-da-sostituire.jpg 954w\" sizes=\"auto, (max-width: 70px) 100vw, 70px\" \/><\/a>TRE CANTIERI A BELLUNO PER BIM GSP<\/h3>\n<\/blockquote>\n<p><strong>BELLUNO<\/strong> Bim Gsp prosegue la distrettualizzazione della rete idrica a Belluno con tre cantieri in via Vittorio Veneto, via Tiziano Vecellio, e via del Vesco. L&#8217;operazione, coordinata con i lavori comunali sul Ponte Veneggia, rinnova le componenti obsolete, suddivide la rete in distretti autonomi e installa sensori digitali per monitorare l&#8217;acqua in transito. La sospensione della fornitura mercoledi 14 febbraio sar\u00e0 dalle 8:00 fino al termine dei lavori nelle vie coinvolte. L&#8217;iniziativa \u00e8 parte del progetto di riduzione delle perdite idriche del 35% entro il 2025, contribuendo all&#8217;ottimizzazione del sistema idrico provinciale e promuovendo uno sviluppo sostenibile.<\/p>\n<p>&nbsp;<\/p>\n<p>&nbsp;<\/p>\n<hr \/>\n<p>&nbsp;<\/p>\n<blockquote>\n<h3>LA ZINGHENESTA 2024<\/h3>\n<\/blockquote>\n<p><strong>REDAZIONE<\/strong> Si rinnova l\u2019appuntamento con la Zinghenesta, la tradizionale festa in maschera che il Comitato La Zinghenesta di Canale d\u2019Agordo ha rivitalizzato qualche tempo fa e che ha visto svolgere l&#8217;undicesima edizione. La Zinghenesta di quest&#8217;anno si chiama Silvia ed \u00e8 una ragazza di Canale D&#8217;Agordo.<\/p>\n<p><strong>FOTO RADIO PIU&#8217;<\/strong><\/p>\n\n\t\t\t<style type='text\/css'>\n\t\t\t\t#gallery-5 {\n\t\t\t\t\tmargin: auto;\n\t\t\t\t}\n\t\t\t\t#gallery-5 .gallery-item {\n\t\t\t\t\tfloat: left;\n\t\t\t\t\tmargin-top: 10px;\n\t\t\t\t\ttext-align: center;\n\t\t\t\t\twidth: 33%;\n\t\t\t\t}\n\t\t\t\t#gallery-5 img {\n\t\t\t\t\tborder: 2px solid #cfcfcf;\n\t\t\t\t}\n\t\t\t\t#gallery-5 .gallery-caption {\n\t\t\t\t\tmargin-left: 0;\n\t\t\t\t}\n\t\t\t\t\/* see gallery_shortcode() in wp-includes\/media.php *\/\n\t\t\t<\/style>\n\t\t<div id='gallery-5' class='dt-gallery-container gallery galleryid-373998 gallery-columns-3 gallery-size-thumbnail'><dl class='gallery-item'>\n\t\t\t\t<dt class='gallery-icon landscape'>\n\t\t\t\t\t<a class=\"rollover rollover-zoom dt-pswp-item\" title=\"0b20c564-87b5-4d66-bea4-6f0711ce4da3\" data-dt-img-description=\"\" data-large_image_width=\"2048\" data-large_image_height=\"1536\"href='https:\/\/www.radiopiu.net\/wordpress\/wp-content\/uploads\/2024\/02\/0b20c564-87b5-4d66-bea4-6f0711ce4da3.jpg'><img loading=\"lazy\" decoding=\"async\" width=\"150\" height=\"150\" src=\"https:\/\/www.radiopiu.net\/wordpress\/wp-content\/uploads\/2024\/02\/0b20c564-87b5-4d66-bea4-6f0711ce4da3-150x150.jpg\" class=\"attachment-thumbnail size-thumbnail\" alt=\"\" \/><\/a>\n\t\t\t\t<\/dt><\/dl><dl class='gallery-item'>\n\t\t\t\t<dt class='gallery-icon landscape'>\n\t\t\t\t\t<a class=\"rollover rollover-zoom dt-pswp-item\" title=\"0fc0ef77-af2c-474a-9b71-6e66decbb8ff\" data-dt-img-description=\"\" data-large_image_width=\"2048\" data-large_image_height=\"1536\"href='https:\/\/www.radiopiu.net\/wordpress\/wp-content\/uploads\/2024\/02\/0fc0ef77-af2c-474a-9b71-6e66decbb8ff.jpg'><img loading=\"lazy\" decoding=\"async\" width=\"150\" height=\"150\" src=\"https:\/\/www.radiopiu.net\/wordpress\/wp-content\/uploads\/2024\/02\/0fc0ef77-af2c-474a-9b71-6e66decbb8ff-150x150.jpg\" class=\"attachment-thumbnail size-thumbnail\" alt=\"\" \/><\/a>\n\t\t\t\t<\/dt><\/dl><dl class='gallery-item'>\n\t\t\t\t<dt class='gallery-icon landscape'>\n\t\t\t\t\t<a class=\"rollover rollover-zoom dt-pswp-item\" title=\"3f8f4fbe-5ba2-4ec7-abf7-5e8f9245966a\" data-dt-img-description=\"\" data-large_image_width=\"2048\" data-large_image_height=\"1536\"href='https:\/\/www.radiopiu.net\/wordpress\/wp-content\/uploads\/2024\/02\/3f8f4fbe-5ba2-4ec7-abf7-5e8f9245966a.jpg'><img loading=\"lazy\" decoding=\"async\" width=\"150\" height=\"150\" src=\"https:\/\/www.radiopiu.net\/wordpress\/wp-content\/uploads\/2024\/02\/3f8f4fbe-5ba2-4ec7-abf7-5e8f9245966a-150x150.jpg\" class=\"attachment-thumbnail size-thumbnail\" alt=\"\" \/><\/a>\n\t\t\t\t<\/dt><\/dl><br style=\"clear: both\" \/><dl class='gallery-item'>\n\t\t\t\t<dt class='gallery-icon landscape'>\n\t\t\t\t\t<a class=\"rollover rollover-zoom dt-pswp-item\" title=\"20b0f17e-bd7a-4af8-baa8-9fea0bb2fa2a\" data-dt-img-description=\"\" data-large_image_width=\"2048\" data-large_image_height=\"1536\"href='https:\/\/www.radiopiu.net\/wordpress\/wp-content\/uploads\/2024\/02\/20b0f17e-bd7a-4af8-baa8-9fea0bb2fa2a.jpg'><img loading=\"lazy\" decoding=\"async\" width=\"150\" height=\"150\" src=\"https:\/\/www.radiopiu.net\/wordpress\/wp-content\/uploads\/2024\/02\/20b0f17e-bd7a-4af8-baa8-9fea0bb2fa2a-150x150.jpg\" class=\"attachment-thumbnail size-thumbnail\" alt=\"\" \/><\/a>\n\t\t\t\t<\/dt><\/dl><dl class='gallery-item'>\n\t\t\t\t<dt class='gallery-icon landscape'>\n\t\t\t\t\t<a class=\"rollover rollover-zoom dt-pswp-item\" title=\"42fd21a5-6e04-49f1-9785-801f2838ed44\" data-dt-img-description=\"\" data-large_image_width=\"2048\" data-large_image_height=\"1536\"href='https:\/\/www.radiopiu.net\/wordpress\/wp-content\/uploads\/2024\/02\/42fd21a5-6e04-49f1-9785-801f2838ed44.jpg'><img loading=\"lazy\" decoding=\"async\" width=\"150\" height=\"150\" src=\"https:\/\/www.radiopiu.net\/wordpress\/wp-content\/uploads\/2024\/02\/42fd21a5-6e04-49f1-9785-801f2838ed44-150x150.jpg\" class=\"attachment-thumbnail size-thumbnail\" alt=\"\" \/><\/a>\n\t\t\t\t<\/dt><\/dl><dl class='gallery-item'>\n\t\t\t\t<dt class='gallery-icon landscape'>\n\t\t\t\t\t<a class=\"rollover rollover-zoom dt-pswp-item\" title=\"a69144d8-5275-40d5-91fe-f46cd4353e7f\" data-dt-img-description=\"\" data-large_image_width=\"2048\" data-large_image_height=\"1536\"href='https:\/\/www.radiopiu.net\/wordpress\/wp-content\/uploads\/2024\/02\/a69144d8-5275-40d5-91fe-f46cd4353e7f.jpg'><img loading=\"lazy\" decoding=\"async\" width=\"150\" height=\"150\" src=\"https:\/\/www.radiopiu.net\/wordpress\/wp-content\/uploads\/2024\/02\/a69144d8-5275-40d5-91fe-f46cd4353e7f-150x150.jpg\" class=\"attachment-thumbnail size-thumbnail\" alt=\"\" \/><\/a>\n\t\t\t\t<\/dt><\/dl><br style=\"clear: both\" \/><dl class='gallery-item'>\n\t\t\t\t<dt class='gallery-icon landscape'>\n\t\t\t\t\t<a class=\"rollover rollover-zoom dt-pswp-item\" title=\"c167a6a3-1a42-461d-ad4d-f66e270944ca\" data-dt-img-description=\"\" data-large_image_width=\"2048\" data-large_image_height=\"1536\"href='https:\/\/www.radiopiu.net\/wordpress\/wp-content\/uploads\/2024\/02\/c167a6a3-1a42-461d-ad4d-f66e270944ca.jpg'><img loading=\"lazy\" decoding=\"async\" width=\"150\" height=\"150\" src=\"https:\/\/www.radiopiu.net\/wordpress\/wp-content\/uploads\/2024\/02\/c167a6a3-1a42-461d-ad4d-f66e270944ca-150x150.jpg\" class=\"attachment-thumbnail size-thumbnail\" alt=\"\" \/><\/a>\n\t\t\t\t<\/dt><\/dl><dl class='gallery-item'>\n\t\t\t\t<dt class='gallery-icon landscape'>\n\t\t\t\t\t<a class=\"rollover rollover-zoom dt-pswp-item\" title=\"e144f175-b5d8-4219-ab05-f95a868899d4\" data-dt-img-description=\"\" data-large_image_width=\"2048\" data-large_image_height=\"1536\"href='https:\/\/www.radiopiu.net\/wordpress\/wp-content\/uploads\/2024\/02\/e144f175-b5d8-4219-ab05-f95a868899d4.jpg'><img loading=\"lazy\" decoding=\"async\" width=\"150\" height=\"150\" src=\"https:\/\/www.radiopiu.net\/wordpress\/wp-content\/uploads\/2024\/02\/e144f175-b5d8-4219-ab05-f95a868899d4-150x150.jpg\" class=\"attachment-thumbnail size-thumbnail\" alt=\"\" \/><\/a>\n\t\t\t\t<\/dt><\/dl><dl class='gallery-item'>\n\t\t\t\t<dt class='gallery-icon landscape'>\n\t\t\t\t\t<a class=\"rollover rollover-zoom dt-pswp-item\" title=\"fb0b99dd-ba95-48ae-89a4-229c967b7579\" data-dt-img-description=\"\" data-large_image_width=\"2048\" data-large_image_height=\"1536\"href='https:\/\/www.radiopiu.net\/wordpress\/wp-content\/uploads\/2024\/02\/fb0b99dd-ba95-48ae-89a4-229c967b7579.jpg'><img loading=\"lazy\" decoding=\"async\" width=\"150\" height=\"150\" src=\"https:\/\/www.radiopiu.net\/wordpress\/wp-content\/uploads\/2024\/02\/fb0b99dd-ba95-48ae-89a4-229c967b7579-150x150.jpg\" class=\"attachment-thumbnail size-thumbnail\" alt=\"\" \/><\/a>\n\t\t\t\t<\/dt><\/dl><br style=\"clear: both\" \/>\n\t\t\t<\/div>\n\n<p>&nbsp;<\/p>\n<p><strong>FOTO ALESSANDRO SOGNE<\/strong><\/p>\n\n\t\t\t<style type='text\/css'>\n\t\t\t\t#gallery-6 {\n\t\t\t\t\tmargin: auto;\n\t\t\t\t}\n\t\t\t\t#gallery-6 .gallery-item {\n\t\t\t\t\tfloat: left;\n\t\t\t\t\tmargin-top: 10px;\n\t\t\t\t\ttext-align: center;\n\t\t\t\t\twidth: 33%;\n\t\t\t\t}\n\t\t\t\t#gallery-6 img {\n\t\t\t\t\tborder: 2px solid #cfcfcf;\n\t\t\t\t}\n\t\t\t\t#gallery-6 .gallery-caption {\n\t\t\t\t\tmargin-left: 0;\n\t\t\t\t}\n\t\t\t\t\/* see gallery_shortcode() in wp-includes\/media.php *\/\n\t\t\t<\/style>\n\t\t<div id='gallery-6' class='dt-gallery-container gallery galleryid-373998 gallery-columns-3 gallery-size-thumbnail'><dl class='gallery-item'>\n\t\t\t\t<dt class='gallery-icon landscape'>\n\t\t\t\t\t<a class=\"rollover rollover-zoom dt-pswp-item\" title=\"\u00a9EchidiAlessandroSogne-_ZINGHENESTA 2024_SILVIA PUGLIESE\" data-dt-img-description=\"\" data-large_image_width=\"1500\" data-large_image_height=\"999\"href='https:\/\/www.radiopiu.net\/wordpress\/wp-content\/uploads\/2024\/02\/\u00a9EchidiAlessandroSogne-_ZINGHENESTA-2024_SILVIA-PUGLIESE.jpg'><img loading=\"lazy\" decoding=\"async\" width=\"150\" height=\"150\" src=\"https:\/\/www.radiopiu.net\/wordpress\/wp-content\/uploads\/2024\/02\/\u00a9EchidiAlessandroSogne-_ZINGHENESTA-2024_SILVIA-PUGLIESE-150x150.jpg\" class=\"attachment-thumbnail size-thumbnail\" alt=\"\" \/><\/a>\n\t\t\t\t<\/dt><\/dl><dl class='gallery-item'>\n\t\t\t\t<dt class='gallery-icon landscape'>\n\t\t\t\t\t<a class=\"rollover rollover-zoom dt-pswp-item\" title=\"\u00a9EchidiAlessandroSogne_ZINGHENESTA 2024_sfilata_Canale\" data-dt-img-description=\"\" data-large_image_width=\"1500\" data-large_image_height=\"999\"href='https:\/\/www.radiopiu.net\/wordpress\/wp-content\/uploads\/2024\/02\/\u00a9EchidiAlessandroSogne_ZINGHENESTA-2024_sfilata_Canale.jpg'><img loading=\"lazy\" decoding=\"async\" width=\"150\" height=\"150\" src=\"https:\/\/www.radiopiu.net\/wordpress\/wp-content\/uploads\/2024\/02\/\u00a9EchidiAlessandroSogne_ZINGHENESTA-2024_sfilata_Canale-150x150.jpg\" class=\"attachment-thumbnail size-thumbnail\" alt=\"\" \/><\/a>\n\t\t\t\t<\/dt><\/dl><dl class='gallery-item'>\n\t\t\t\t<dt class='gallery-icon landscape'>\n\t\t\t\t\t<a class=\"rollover rollover-zoom dt-pswp-item\" title=\"\u00a9EchidiAlessandroSogne_ZINGHENESTA_SILVIA PUGLIESE 3\" data-dt-img-description=\"\" data-large_image_width=\"1500\" data-large_image_height=\"999\"href='https:\/\/www.radiopiu.net\/wordpress\/wp-content\/uploads\/2024\/02\/\u00a9EchidiAlessandroSogne_ZINGHENESTA_SILVIA-PUGLIESE-3.jpg'><img loading=\"lazy\" decoding=\"async\" width=\"150\" height=\"150\" src=\"https:\/\/www.radiopiu.net\/wordpress\/wp-content\/uploads\/2024\/02\/\u00a9EchidiAlessandroSogne_ZINGHENESTA_SILVIA-PUGLIESE-3-150x150.jpg\" class=\"attachment-thumbnail size-thumbnail\" alt=\"\" \/><\/a>\n\t\t\t\t<\/dt><\/dl><br style=\"clear: both\" \/><dl class='gallery-item'>\n\t\t\t\t<dt class='gallery-icon landscape'>\n\t\t\t\t\t<a class=\"rollover rollover-zoom dt-pswp-item\" title=\"\u00a9EchidiAlessandroSogne_ZINGHENESTA2024_SILVIA PUGLIESE 2\" data-dt-img-description=\"\" data-large_image_width=\"1500\" data-large_image_height=\"999\"href='https:\/\/www.radiopiu.net\/wordpress\/wp-content\/uploads\/2024\/02\/\u00a9EchidiAlessandroSogne_ZINGHENESTA2024_SILVIA-PUGLIESE-2.jpg'><img loading=\"lazy\" decoding=\"async\" width=\"150\" height=\"150\" src=\"https:\/\/www.radiopiu.net\/wordpress\/wp-content\/uploads\/2024\/02\/\u00a9EchidiAlessandroSogne_ZINGHENESTA2024_SILVIA-PUGLIESE-2-150x150.jpg\" class=\"attachment-thumbnail size-thumbnail\" alt=\"\" \/><\/a>\n\t\t\t\t<\/dt><\/dl><dl class='gallery-item'>\n\t\t\t\t<dt class='gallery-icon landscape'>\n\t\t\t\t\t<a class=\"rollover rollover-zoom dt-pswp-item\" title=\"\u00a9EchidiAlessandroSogne_ZINGHENESTA2024_piazzetta TANCON\" data-dt-img-description=\"\" data-large_image_width=\"1500\" data-large_image_height=\"999\"href='https:\/\/www.radiopiu.net\/wordpress\/wp-content\/uploads\/2024\/02\/\u00a9EchidiAlessandroSogne_ZINGHENESTA2024_piazzetta-TANCON.jpg'><img loading=\"lazy\" decoding=\"async\" width=\"150\" height=\"150\" src=\"https:\/\/www.radiopiu.net\/wordpress\/wp-content\/uploads\/2024\/02\/\u00a9EchidiAlessandroSogne_ZINGHENESTA2024_piazzetta-TANCON-150x150.jpg\" class=\"attachment-thumbnail size-thumbnail\" alt=\"\" \/><\/a>\n\t\t\t\t<\/dt><\/dl><dl class='gallery-item'>\n\t\t\t\t<dt class='gallery-icon landscape'>\n\t\t\t\t\t<a class=\"rollover rollover-zoom dt-pswp-item\" title=\"\u00a9EchidiAlessandroSogne-34_ZINGHENESTA_PROCESSO AL CARNEVALE\" data-dt-img-description=\"\" data-large_image_width=\"1500\" data-large_image_height=\"999\"href='https:\/\/www.radiopiu.net\/wordpress\/wp-content\/uploads\/2024\/02\/\u00a9EchidiAlessandroSogne-34_ZINGHENESTA_PROCESSO-AL-CARNEVALE.jpg'><img loading=\"lazy\" decoding=\"async\" width=\"150\" height=\"150\" src=\"https:\/\/www.radiopiu.net\/wordpress\/wp-content\/uploads\/2024\/02\/\u00a9EchidiAlessandroSogne-34_ZINGHENESTA_PROCESSO-AL-CARNEVALE-150x150.jpg\" class=\"attachment-thumbnail size-thumbnail\" alt=\"\" \/><\/a>\n\t\t\t\t<\/dt><\/dl><br style=\"clear: both\" \/>\n\t\t\t<\/div>\n\n<p>&nbsp;<\/p>\n<p><strong>LA DIRETTA RADIO PIU&#8217;<\/strong><\/p>\n<p><iframe loading=\"lazy\" title=\"LA ZINGHENESTA 2024 - DIRETTA INTEGRALE\" width=\"1200\" height=\"900\" src=\"https:\/\/www.youtube.com\/embed\/gPya7tBga1A?feature=oembed\" frameborder=\"0\" allow=\"accelerometer; autoplay; clipboard-write; encrypted-media; gyroscope; picture-in-picture; web-share\" allowfullscreen><\/iframe><\/p>\n<p>&nbsp;<\/p>\n<p><strong>IL BALLO DELLA ZINGHENESTA<\/strong><\/p>\n<p><iframe loading=\"lazy\" title=\"LA ZINGHENESTA 2024 - IL BALLO DELLA ZINGHENESTA\" width=\"1200\" height=\"675\" src=\"https:\/\/www.youtube.com\/embed\/iF0pCQDkrg0?feature=oembed\" frameborder=\"0\" allow=\"accelerometer; autoplay; clipboard-write; encrypted-media; gyroscope; picture-in-picture; web-share\" allowfullscreen><\/iframe><\/p>\n<p>&nbsp;<\/p>\n<p><strong>IL PROCESSO AL CARNEVALE<\/strong><\/p>\n<p><iframe loading=\"lazy\" title=\"LA ZINGHENESTA 2024 - IL PROCESSO AL CARNEVALE\" width=\"1200\" height=\"675\" src=\"https:\/\/www.youtube.com\/embed\/tqDIepoHqRY?feature=oembed\" frameborder=\"0\" allow=\"accelerometer; autoplay; clipboard-write; encrypted-media; gyroscope; picture-in-picture; web-share\" allowfullscreen><\/iframe><\/p>\n<p>&nbsp;<\/p>\n<hr \/>\n<p>&nbsp;<\/p>\n<blockquote>\n<h3>MARTEDI GRASSO A BELLUNO<\/h3>\n<\/blockquote>\n<p><strong>BELLUNO <\/strong>Marted\u00ec Grasso sportivo e mascherato: domani l\u2019evento promosso dagli assessorati allo sport e al turismo per festeggiare la fine del Carnevale in compagnia. Sar\u00e0 riproposta la Pedonata mascherata con tracciato attorno al centro storico, due chilometri con partenza alle 14.30 da Piazza Duomo, e a seguire \u201cComics on ice\u201d, la sfilata delle maschere sulla pista da ghiaccio. Il tema di questa seconda edizione della kermesse sono infatti i fumetti.<\/p>\n<p>&nbsp;<\/p>\n<p>&nbsp;<\/p>\n<hr \/>\n<p>&nbsp;<\/p>\n<blockquote>\n<h3>CONSIGLI COMUNALI<\/h3>\n<\/blockquote>\n<p><strong>LIVINALLONGO <\/strong>Consiglio comunale convocato dal sindaco Leandro Grones. Oggi alle 20 saranno 6 i punti da trattare tra cui un rinnovo di una concessione per uso terreni, una variazione a bilnacio, le delibere per la concessione di porzioni di terreno alle ditta Funivie Arabba\u00a0 e Arabba Fly<\/p>\n<p><strong>SELVA DI CADORE<\/strong> Il sindaco Luca Lorenzini ha convocato i consiglieri per\u00a0 giovedi 15 febbraio alle 18.30, all&#8217;ordine del giorno verifica delle aree e fabbricati da destinare a residenza, attivit\u00e0 produttive e terziarie che potranno essere cedute in diritto di propriet\u00e0 o superficie; approvazione documento unico di programmazione.<\/p>\n<p><strong>ROCCA PIETORE<\/strong> consiglio comunale alle 18 di giovedi, all&#8217;ordine del giorno il programma triennale per il conferimento degli incarichi di collaborazione autonoma<\/p>\n<p>&nbsp;<\/p>\n<p>&nbsp;<\/p>\n<hr \/>\n<p>&nbsp;<\/p>\n<blockquote>\n<h3><a class=\"dt-pswp-item\" href=\"https:\/\/www.radiopiu.net\/wordpress\/wp-content\/uploads\/2023\/12\/polizia.png\" data-dt-img-description=\"\" data-large_image_width=\"411\" data-large_image_height=\"315\"><img loading=\"lazy\" decoding=\"async\" class=\"wp-image-366987 alignleft\" src=\"https:\/\/www.radiopiu.net\/wordpress\/wp-content\/uploads\/2023\/12\/polizia-300x230.png\" alt=\"\" width=\"166\" height=\"127\" srcset=\"https:\/\/www.radiopiu.net\/wordpress\/wp-content\/uploads\/2023\/12\/polizia-300x230.png 300w, https:\/\/www.radiopiu.net\/wordpress\/wp-content\/uploads\/2023\/12\/polizia.png 411w\" sizes=\"auto, (max-width: 166px) 100vw, 166px\" \/><\/a>POLIZIA DI STATO, NUOVO CONCORSO<\/h3>\n<\/blockquote>\n<p><strong>BELLUNO<\/strong> Sul Portale unico del reclutamento accessibile all\u2019indirizzo <a href=\"http:\/\/www.inpa.gov.it\">www.inpa.gov.it<\/a>, sono stati pubblicati i bandi di concorso pubblico, per titoli ed esami, per l\u2019assunzione di<strong> 3 commissari tecnici chimici<\/strong>,<strong> 8 commissari tecnici biologi <\/strong>e<strong> 12 commissari tecnici psicologi <\/strong>della carriera dei funzionari tecnici della Polizia di Stato. Le domande di partecipazione ai concorsi potranno essere presentate, dal 3 febbraio al 4 marzo 2024, utilizzando esclusivamente la procedura informatica<\/p>\n<p>&nbsp;<\/p>\n<p>&nbsp;<\/p>\n<hr \/>\n<p>&nbsp;<\/p>\n<h2><span style=\"color: #ff6600;\">ALLA RADIO<\/span><\/h2>\n<h2><span style=\"color: #3366ff;\">LA RASSEGNA STAMPA DA L&#8217;AMICO DEL POPOLO<\/span><\/h2>\n<p><strong><a class=\"dt-pswp-item\" href=\"https:\/\/www.radiopiu.net\/wordpress\/wp-content\/uploads\/2024\/02\/DANIELE-SELLE.jpg\" data-dt-img-description=\"\" data-large_image_width=\"1536\" data-large_image_height=\"1199\"><img loading=\"lazy\" decoding=\"async\" class=\" wp-image-374012 alignleft\" src=\"https:\/\/www.radiopiu.net\/wordpress\/wp-content\/uploads\/2024\/02\/DANIELE-SELLE-300x234.jpg\" alt=\"\" width=\"186\" height=\"145\" srcset=\"https:\/\/www.radiopiu.net\/wordpress\/wp-content\/uploads\/2024\/02\/DANIELE-SELLE-300x234.jpg 300w, https:\/\/www.radiopiu.net\/wordpress\/wp-content\/uploads\/2024\/02\/DANIELE-SELLE-1024x799.jpg 1024w, https:\/\/www.radiopiu.net\/wordpress\/wp-content\/uploads\/2024\/02\/DANIELE-SELLE-768x600.jpg 768w, https:\/\/www.radiopiu.net\/wordpress\/wp-content\/uploads\/2024\/02\/DANIELE-SELLE.jpg 1536w\" sizes=\"auto, (max-width: 186px) 100vw, 186px\" \/><\/a>DI GIANNI SANTOMASO<\/strong><\/p>\n<p>OSPITE: Daniele Selle<\/p>\n<audio class=\"wp-audio-shortcode\" id=\"audio-373998-7\" preload=\"none\" style=\"width: 100%;\" controls=\"controls\"><source type=\"audio\/mpeg\" src=\"https:\/\/www.radiopiu.net\/wordpress\/wp-content\/uploads\/2024\/02\/RASSEGNA-GIANNI.mp3?_=7\" \/><a href=\"https:\/\/www.radiopiu.net\/wordpress\/wp-content\/uploads\/2024\/02\/RASSEGNA-GIANNI.mp3\">https:\/\/www.radiopiu.net\/wordpress\/wp-content\/uploads\/2024\/02\/RASSEGNA-GIANNI.mp3<\/a><\/audio>\n<p>&nbsp;<\/p>\n<h2><span style=\"color: #800080;\">DUE MINUTI PER TE<\/span><\/h2>\n<p><a class=\"dt-pswp-item\" href=\"https:\/\/www.radiopiu.net\/wordpress\/wp-content\/uploads\/2020\/12\/DON-GIORGIO-LISE.jpg\" data-dt-img-description=\"\" data-large_image_width=\"1600\" data-large_image_height=\"901\"><img loading=\"lazy\" decoding=\"async\" class=\" wp-image-177420 alignleft\" src=\"https:\/\/www.radiopiu.net\/wordpress\/wp-content\/uploads\/2020\/12\/DON-GIORGIO-LISE-300x169.jpg\" alt=\"\" width=\"188\" height=\"106\" srcset=\"https:\/\/www.radiopiu.net\/wordpress\/wp-content\/uploads\/2020\/12\/DON-GIORGIO-LISE-300x169.jpg 300w, https:\/\/www.radiopiu.net\/wordpress\/wp-content\/uploads\/2020\/12\/DON-GIORGIO-LISE-1024x577.jpg 1024w, https:\/\/www.radiopiu.net\/wordpress\/wp-content\/uploads\/2020\/12\/DON-GIORGIO-LISE-768x432.jpg 768w, https:\/\/www.radiopiu.net\/wordpress\/wp-content\/uploads\/2020\/12\/DON-GIORGIO-LISE-1536x865.jpg 1536w, https:\/\/www.radiopiu.net\/wordpress\/wp-content\/uploads\/2020\/12\/DON-GIORGIO-LISE.jpg 1600w\" sizes=\"auto, (max-width: 188px) 100vw, 188px\" \/><\/a><strong>APPUNTAMENTO DOMENICALE CON IL PENSIERO DI MONSIGNOR GIORGIO LISE<\/strong><\/p>\n<audio class=\"wp-audio-shortcode\" id=\"audio-373998-8\" preload=\"none\" style=\"width: 100%;\" controls=\"controls\"><source type=\"audio\/mpeg\" src=\"https:\/\/www.radiopiu.net\/wordpress\/wp-content\/uploads\/2024\/02\/DON-GIORGIO.mp3?_=8\" \/><a href=\"https:\/\/www.radiopiu.net\/wordpress\/wp-content\/uploads\/2024\/02\/DON-GIORGIO.mp3\">https:\/\/www.radiopiu.net\/wordpress\/wp-content\/uploads\/2024\/02\/DON-GIORGIO.mp3<\/a><\/audio>\n<p>&nbsp;<\/p>\n<p>&nbsp;<\/p>\n<hr \/>\n<p>&nbsp;<\/p>\n<blockquote>\n<h3>SAVE THE DATE FESTIVAL AL RIFUGIO LARESEI&#8230;IL 7 APRILE SARA&#8217; UNA GIORNATA INDIMENTICABILE<\/h3>\n<\/blockquote>\n<p><strong>REDAZIONE<\/strong> Mancano 2 mesi&#8230;7 aprile 2024 \u00e8 la data sa segnare sul calendario. Rifugio Laresei, Falcade&#8230;A breve maggiori informazioni sugli special guests e sul ticketing online. Non prendete impegni che al Laresei si fa la storia! Continuate a seguirci su instagram @savethedate_festival_ e su @rifugiolaresei<\/p>\n<p>&nbsp;<\/p>\n\n\t\t\t<style type='text\/css'>\n\t\t\t\t#gallery-7 {\n\t\t\t\t\tmargin: auto;\n\t\t\t\t}\n\t\t\t\t#gallery-7 .gallery-item {\n\t\t\t\t\tfloat: left;\n\t\t\t\t\tmargin-top: 10px;\n\t\t\t\t\ttext-align: center;\n\t\t\t\t\twidth: 100%;\n\t\t\t\t}\n\t\t\t\t#gallery-7 img {\n\t\t\t\t\tborder: 2px solid #cfcfcf;\n\t\t\t\t}\n\t\t\t\t#gallery-7 .gallery-caption {\n\t\t\t\t\tmargin-left: 0;\n\t\t\t\t}\n\t\t\t\t\/* see gallery_shortcode() in wp-includes\/media.php *\/\n\t\t\t<\/style>\n\t\t<div id='gallery-7' class='dt-gallery-container gallery galleryid-373998 gallery-columns-1 gallery-size-medium'><dl class='gallery-item'>\n\t\t\t\t<dt class='gallery-icon portrait'>\n\t\t\t\t\t<a class=\"rollover rollover-zoom dt-pswp-item\" title=\"cd83e8d4-161b-43c5-8322-07955b5bf50f\" data-dt-img-description=\"\" data-large_image_width=\"1280\" data-large_image_height=\"1600\"href='https:\/\/www.radiopiu.net\/wordpress\/wp-content\/uploads\/2024\/02\/cd83e8d4-161b-43c5-8322-07955b5bf50f.jpg'><img loading=\"lazy\" decoding=\"async\" width=\"240\" height=\"300\" src=\"https:\/\/www.radiopiu.net\/wordpress\/wp-content\/uploads\/2024\/02\/cd83e8d4-161b-43c5-8322-07955b5bf50f-240x300.jpg\" class=\"attachment-medium size-medium\" alt=\"\" srcset=\"https:\/\/www.radiopiu.net\/wordpress\/wp-content\/uploads\/2024\/02\/cd83e8d4-161b-43c5-8322-07955b5bf50f-240x300.jpg 240w, https:\/\/www.radiopiu.net\/wordpress\/wp-content\/uploads\/2024\/02\/cd83e8d4-161b-43c5-8322-07955b5bf50f-819x1024.jpg 819w, https:\/\/www.radiopiu.net\/wordpress\/wp-content\/uploads\/2024\/02\/cd83e8d4-161b-43c5-8322-07955b5bf50f-768x960.jpg 768w, https:\/\/www.radiopiu.net\/wordpress\/wp-content\/uploads\/2024\/02\/cd83e8d4-161b-43c5-8322-07955b5bf50f-1229x1536.jpg 1229w, https:\/\/www.radiopiu.net\/wordpress\/wp-content\/uploads\/2024\/02\/cd83e8d4-161b-43c5-8322-07955b5bf50f.jpg 1280w\" sizes=\"auto, (max-width: 240px) 100vw, 240px\" \/><\/a>\n\t\t\t\t<\/dt><\/dl><br style=\"clear: both\" \/>\n\t\t\t<\/div>\n\n<p>&nbsp;<\/p>\n<hr \/>\n<p>&nbsp;<\/p>\n<blockquote>\n<h3>MARMOLADA IN LOVE, UNA \u201cMONTAGNA\u201d D\u2019AMORE: SAN VALENTINO AD ALTA QUOTA<\/h3>\n<\/blockquote>\n<p><strong><a class=\"dt-pswp-item\" href=\"https:\/\/www.radiopiu.net\/wordpress\/wp-content\/uploads\/2024\/02\/IMG-20201214-WA0009.jpg\" data-dt-img-description=\"\" data-large_image_width=\"1024\" data-large_image_height=\"768\"><img loading=\"lazy\" decoding=\"async\" class=\" wp-image-373901 alignleft\" src=\"https:\/\/www.radiopiu.net\/wordpress\/wp-content\/uploads\/2024\/02\/IMG-20201214-WA0009-300x225.jpg\" alt=\"\" width=\"137\" height=\"103\" srcset=\"https:\/\/www.radiopiu.net\/wordpress\/wp-content\/uploads\/2024\/02\/IMG-20201214-WA0009-300x225.jpg 300w, https:\/\/www.radiopiu.net\/wordpress\/wp-content\/uploads\/2024\/02\/IMG-20201214-WA0009-768x576.jpg 768w, https:\/\/www.radiopiu.net\/wordpress\/wp-content\/uploads\/2024\/02\/IMG-20201214-WA0009.jpg 1024w\" sizes=\"auto, (max-width: 137px) 100vw, 137px\" \/><\/a>ROCCA PIETORE<\/strong> Marmolada srl organizza un San Valentino ad alta quota il 14 febbraio. Partendo da Malga Ciapela in funivia alle 16:20, gli innamorati raggiungeranno Punta Rocca per ammirare le Dolomiti Unesco al tramonto. Dopo, a Serauta, un buffet a tema con prosecco e finger food. L&#8217;iniziativa celebra l&#8217;amore e offre un&#8217;esperienza unica nella maestosa cornice delle Dolomiti. Prenotazioni: <a target=\"_new\" rel=\"noopener\">visitmarmolada@funiviemarmolada.com<\/a> o 3346794461. Un modo speciale per brindare all&#8217;amore e godere dello spettacolo naturale delle montagne.<\/p>\n<p>&nbsp;<\/p>\n<p>&nbsp;<\/p>\n<hr \/>\n<p>&nbsp;<\/p>\n<blockquote>\n<h3>Esplorazione nel Passato: Apertura Eccezionale del Rifugio Antiaereo di Belluno<\/h3>\n<\/blockquote>\n<p><img loading=\"lazy\" decoding=\"async\" class=\"alignleft\" src=\"https:\/\/www.radiopiu.net\/wordpress\/wp-content\/uploads\/2024\/02\/bunker-rifugio-antiaereo-Belluno.jpg\" width=\"225\" height=\"150\" \/><strong>BELLUNO<\/strong> Il gruppo giovani del FAI di Belluno organizza l&#8217;apertura eccezionale del rifugio antiaereo sotto Piazza dei Martiri il 18 febbraio. Dopo il successo delle precedenti aperture, dovute alla grande richiesta, si ripropone l&#8217;evento per consentire a pi\u00f9 persone possibile di visitare questo luogo carico di storia legato alla Seconda guerra mondiale. La visita, guidata dai volontari del FAI, permetter\u00e0 di conoscere la storia e le peculiarit\u00e0 strutturali del rifugio, attraversando i suoi ambienti e le grandi gallerie sotterranee. I turni di visita sono ogni 30 minuti e le prenotazioni sono online, con un contributo a partire da 3 euro. Non \u00e8 richiesta prenotazione per i bambini fino ai 10 anni. \u00c8 possibile iscriversi al FAI in loco. Per ulteriori informazioni, \u00e8 possibile contattare <a target=\"_new\" rel=\"noopener\">belluno@faigiovani.fondoambiente.it<\/a>.<\/p>\n<p>&nbsp;<\/p>\n<p>&nbsp;<\/p>\n<hr \/>\n<p>&nbsp;<\/p>\n<blockquote>\n<blockquote>\n<h3>ASCA CERCA OPERATORI SOCIO SANITARI<\/h3>\n<\/blockquote>\n<\/blockquote>\n<p><strong><a class=\"dt-pswp-item\" href=\"https:\/\/www.radiopiu.net\/wordpress\/wp-content\/uploads\/2020\/04\/ASCA.png\" data-dt-img-description=\"\" data-large_image_width=\"1211\" data-large_image_height=\"668\"><img loading=\"lazy\" decoding=\"async\" class=\" wp-image-128881 alignleft\" src=\"https:\/\/www.radiopiu.net\/wordpress\/wp-content\/uploads\/2020\/04\/ASCA-300x165.png\" alt=\"\" width=\"157\" height=\"86\" srcset=\"https:\/\/www.radiopiu.net\/wordpress\/wp-content\/uploads\/2020\/04\/ASCA-300x165.png 300w, https:\/\/www.radiopiu.net\/wordpress\/wp-content\/uploads\/2020\/04\/ASCA-1024x565.png 1024w, https:\/\/www.radiopiu.net\/wordpress\/wp-content\/uploads\/2020\/04\/ASCA-768x424.png 768w, https:\/\/www.radiopiu.net\/wordpress\/wp-content\/uploads\/2020\/04\/ASCA.png 1211w\" sizes=\"auto, (max-width: 157px) 100vw, 157px\" \/><\/a>AGORDO<\/strong> L&#8217;A.S.C.A. ha pubblicato un avviso di selezione per creare una graduatoria di idoneit\u00e0 volta all&#8217;assunzione di Operatori Socio Sanitari (OSS) a tempo determinato e indeterminato, sia a tempo pieno che parziale, presso le sedi di Agordo, Taibon Agordino e i Comuni Agordini per il servizio domiciliare. Il contratto di riferimento \u00e8 regolato dal CCNL UNEBA, con un trattamento economico basato sul livello contrattuale 4S, incluso un superminimo di \u20ac2.502,39 lordi annui. Vengono offerti vantaggi quali l&#8217;accesso al Welfare Aziendale e la possibilit\u00e0 di sistemazione abitativa gratuita per 8 mesi, con eventuali costi per le utenze. Scadenza domande entro venerd\u00ec 23 febbraio alle 12.<\/p>\n<p>&nbsp;<\/p>\n<p>&nbsp;<\/p>\n<hr \/>\n<p>&nbsp;<\/p>\n<blockquote>\n<h3><a class=\"dt-pswp-item\" href=\"https:\/\/www.radiopiu.net\/wordpress\/wp-content\/uploads\/2024\/02\/bc5b076e-c8f0-46e1-9a84-cc1dbc7d8453.jpg\" data-dt-img-description=\"\" data-large_image_width=\"1131\" data-large_image_height=\"1600\"><img loading=\"lazy\" decoding=\"async\" class=\" wp-image-373651 alignleft\" src=\"https:\/\/www.radiopiu.net\/wordpress\/wp-content\/uploads\/2024\/02\/bc5b076e-c8f0-46e1-9a84-cc1dbc7d8453-212x300.jpg\" alt=\"\" width=\"94\" height=\"133\" srcset=\"https:\/\/www.radiopiu.net\/wordpress\/wp-content\/uploads\/2024\/02\/bc5b076e-c8f0-46e1-9a84-cc1dbc7d8453-212x300.jpg 212w, https:\/\/www.radiopiu.net\/wordpress\/wp-content\/uploads\/2024\/02\/bc5b076e-c8f0-46e1-9a84-cc1dbc7d8453-724x1024.jpg 724w, https:\/\/www.radiopiu.net\/wordpress\/wp-content\/uploads\/2024\/02\/bc5b076e-c8f0-46e1-9a84-cc1dbc7d8453-768x1086.jpg 768w, https:\/\/www.radiopiu.net\/wordpress\/wp-content\/uploads\/2024\/02\/bc5b076e-c8f0-46e1-9a84-cc1dbc7d8453-1086x1536.jpg 1086w, https:\/\/www.radiopiu.net\/wordpress\/wp-content\/uploads\/2024\/02\/bc5b076e-c8f0-46e1-9a84-cc1dbc7d8453.jpg 1131w\" sizes=\"auto, (max-width: 94px) 100vw, 94px\" \/><\/a>IL 17 FEBBRAIO ORAZIO ALLA CASA DELLA GIOVENTU&#8217; DI CAVIOLA<\/h3>\n<\/blockquote>\n<p><strong>DI LUISA ALCHINI<\/strong><\/p>\n<audio class=\"wp-audio-shortcode\" id=\"audio-373998-9\" preload=\"none\" style=\"width: 100%;\" controls=\"controls\"><source type=\"audio\/mpeg\" src=\"https:\/\/www.radiopiu.net\/wordpress\/wp-content\/uploads\/2024\/02\/LUISA-SPETTACOLO-oRAZIO-17-FEBBRAIO-cAVIOLA.mp3?_=9\" \/><a href=\"https:\/\/www.radiopiu.net\/wordpress\/wp-content\/uploads\/2024\/02\/LUISA-SPETTACOLO-oRAZIO-17-FEBBRAIO-cAVIOLA.mp3\">https:\/\/www.radiopiu.net\/wordpress\/wp-content\/uploads\/2024\/02\/LUISA-SPETTACOLO-oRAZIO-17-FEBBRAIO-cAVIOLA.mp3<\/a><\/audio>\n<blockquote><p>&nbsp;<\/p><\/blockquote>\n<hr \/>\n<p>&nbsp;<\/p>\n<blockquote>\n<h3>GLI ESPERTI DI FARFALLE NEL PARCO<\/h3>\n<\/blockquote>\n<p><strong>FELTRE<\/strong> Il Parco Nazionale Dolomiti Bellunesi ospiter\u00e0, il prossimo giugno, il quarto incontro dell\u2019Associazione Lepidotterologica Italiana, sodalizio che riunisce i ricercatori e gli appassionati di tutta Italia che si occupano di studio e conservazione delle farfalle. Il convegno si svolger\u00e0 a Villa Patt.<\/p>\n<blockquote><p>&nbsp;<\/p><\/blockquote>\n<p>&nbsp;<\/p>\n<hr \/>\n<p>&nbsp;<\/p>\n<p>&nbsp;<\/p>\n<blockquote>\n<h3><a class=\"dt-pswp-item\" href=\"https:\/\/www.radiopiu.net\/wordpress\/wp-content\/uploads\/2024\/02\/IMG-20240124-WA0001.jpg\" data-dt-img-description=\"\" data-large_image_width=\"1131\" data-large_image_height=\"1600\"><img loading=\"lazy\" decoding=\"async\" class=\" wp-image-373747 alignleft\" src=\"https:\/\/www.radiopiu.net\/wordpress\/wp-content\/uploads\/2024\/02\/IMG-20240124-WA0001-212x300.jpg\" alt=\"\" width=\"85\" height=\"120\" srcset=\"https:\/\/www.radiopiu.net\/wordpress\/wp-content\/uploads\/2024\/02\/IMG-20240124-WA0001-212x300.jpg 212w, https:\/\/www.radiopiu.net\/wordpress\/wp-content\/uploads\/2024\/02\/IMG-20240124-WA0001-724x1024.jpg 724w, https:\/\/www.radiopiu.net\/wordpress\/wp-content\/uploads\/2024\/02\/IMG-20240124-WA0001-768x1086.jpg 768w, https:\/\/www.radiopiu.net\/wordpress\/wp-content\/uploads\/2024\/02\/IMG-20240124-WA0001-1086x1536.jpg 1086w, https:\/\/www.radiopiu.net\/wordpress\/wp-content\/uploads\/2024\/02\/IMG-20240124-WA0001.jpg 1131w\" sizes=\"auto, (max-width: 85px) 100vw, 85px\" \/><\/a>IL MECCANICO AL TEATRO SAN GAETANO<\/h3>\n<\/blockquote>\n<p><strong>BELLUNO<\/strong> La Pro Loco Pieve Castionese ha il piacere di annunciare la rappresentazione teatrale di &#8220;IL MECCANICO&#8221; al teatro San Gaetano, con debutto il 17 e 18 febbraio alle 21. La collaborazione con Auge Teatro trasforma il teatro in un&#8217;officina di emozioni, consolidando il ruolo del San Gaetano come luogo per consumare emozioni attraverso la passione, il lavoro e la partecipazione di molte persone coinvolte negli anni.<\/p>\n<p>&nbsp;<\/p>\n<p>&nbsp;<\/p>\n<hr \/>\n<p>&nbsp;<\/p>\n<h2><span style=\"color: #ff0000;\">GLI APPUNTAMENTI DELLA SETTIMANA<\/span><span style=\"color: #ff0000;\">\u00a0<\/span><\/h2>\n<p><img loading=\"lazy\" decoding=\"async\" class=\"size-medium wp-image-372256 aligncenter\" src=\"https:\/\/www.radiopiu.net\/wordpress\/wp-content\/uploads\/2024\/01\/Carnevale-2024-def-212x300.png\" alt=\"\" width=\"212\" height=\"300\" srcset=\"https:\/\/www.radiopiu.net\/wordpress\/wp-content\/uploads\/2024\/01\/Carnevale-2024-def-212x300.png 212w, https:\/\/www.radiopiu.net\/wordpress\/wp-content\/uploads\/2024\/01\/Carnevale-2024-def-724x1024.png 724w, https:\/\/www.radiopiu.net\/wordpress\/wp-content\/uploads\/2024\/01\/Carnevale-2024-def-768x1086.png 768w, https:\/\/www.radiopiu.net\/wordpress\/wp-content\/uploads\/2024\/01\/Carnevale-2024-def-1086x1536.png 1086w, https:\/\/www.radiopiu.net\/wordpress\/wp-content\/uploads\/2024\/01\/Carnevale-2024-def.png 1414w\" sizes=\"auto, (max-width: 212px) 100vw, 212px\" \/><\/p>\n<p><strong>BORGO VALBELLUNA<\/strong> Il 14 febbraio prossimo alle ore 20,00 San Valentino arriver\u00e0 a Mel, presso il cinquecentesco salone municipale, grazie al nuovo libro di poesie di Edoardo Comiotto dal titolo \u201cInvisibili carezze\u201d.<\/p>\n<p><strong>BELLUNO<\/strong> L&#8217;Istituto Bellunese di Ricerche Sociali e Culturali invita la cittadinanza alla presentazione del volume &#8220;L&#8217;Oltrardo: Storia, architettura e arte nei dintorni di Belluno citt\u00e0 splendente&#8221;. L&#8217;evento si terr\u00e0 il venerdi alle 20 nella sala parrocchiale di Cavarzano.<\/p>\n<p><strong>BELLUNO<\/strong> Il Circolo dei Sardi Nel Bellunese comie 41 anni e per l&#8217;occasione organizza due eventi. Sabato la festa a Limana in sala Desidea, domenica il pranzo dei soci alla Pizzeria Parco di Limana. Prenotazioni al 388 6458895<\/p>\n<p><strong>FELTRE<\/strong> Il Centro Astronomico di Arson organizza per sabato alle 21 un incontro per osservare la luna ad alta risoluzione.<\/p>\n<p>&nbsp;<\/p>\n<p>&nbsp;<\/p>\n<h2><span style=\"color: #ff0000;\">PROSSIMAMENTE<\/span><\/h2>\n<p><strong>FELTRE<\/strong> La Famiglia Ex Emigranti del Feltrino organizza la gita alla fiera &#8220;Orto Giardino&#8221; a Pordenonefiere il 6 marzo. La partenza \u00e8 alle 13 da Pedavena, con passaggio a Feltre. Il programma include l&#8217;ingresso alla fiera e una tappa in pizzeria durante il rientro. Per informazioni 40 262 9562.<\/p>\n<p>&nbsp;<\/p>\n<p>&nbsp;<\/p>\n<hr \/>\n<p>&nbsp;<\/p>\n<blockquote class=\"wp-embedded-content\" data-secret=\"TuxTzpu720\"><p><a href=\"https:\/\/www.radiopiu.net\/wordpress\/piu-siamo-con-marina-la-mattina-alle-8-30-la-sera-alle-21-30-dal-5-al-9-febbraio-2024\/\">PIU\u2019 SIAMO\u2026.. CON MARINA. LA MATTINA ALLE 8.30 LA SERA DOPO LE 21.30 &#8211; dal 5 al 9 febbraio 2024<\/a><\/p><\/blockquote>\n<p><iframe loading=\"lazy\" class=\"wp-embedded-content\" sandbox=\"allow-scripts\" security=\"restricted\" style=\"position: absolute; clip: rect(1px, 1px, 1px, 1px);\" title=\"&#8220;PIU\u2019 SIAMO\u2026.. CON MARINA. LA MATTINA ALLE 8.30 LA SERA DOPO LE 21.30 &#8211; dal 5 al 9 febbraio 2024&#8221; &#8212; Radio Pi\u00f9\" src=\"https:\/\/www.radiopiu.net\/wordpress\/piu-siamo-con-marina-la-mattina-alle-8-30-la-sera-alle-21-30-dal-5-al-9-febbraio-2024\/embed\/#?secret=FuXRlSMo86#?secret=TuxTzpu720\" data-secret=\"TuxTzpu720\" width=\"600\" height=\"338\" frameborder=\"0\" marginwidth=\"0\" marginheight=\"0\" scrolling=\"no\"><\/iframe><\/p>\n<p>&nbsp;<\/p>\n<hr \/>\n<p>&nbsp;<\/p>\n<p><a class=\"dt-pswp-item\" href=\"https:\/\/www.radiopiu.net\/wordpress\/wp-content\/uploads\/2018\/09\/viabilita.jpeg\" data-dt-img-description=\"\" data-large_image_width=\"800\" data-large_image_height=\"100\"><img loading=\"lazy\" decoding=\"async\" class=\"aligncenter wp-image-61954 size-full\" src=\"https:\/\/www.radiopiu.net\/wordpress\/wp-content\/uploads\/2018\/09\/viabilita.jpeg\" alt=\"\" width=\"800\" height=\"100\" srcset=\"https:\/\/www.radiopiu.net\/wordpress\/wp-content\/uploads\/2018\/09\/viabilita.jpeg 800w, https:\/\/www.radiopiu.net\/wordpress\/wp-content\/uploads\/2018\/09\/viabilita-300x38.jpeg 300w, https:\/\/www.radiopiu.net\/wordpress\/wp-content\/uploads\/2018\/09\/viabilita-768x96.jpeg 768w\" sizes=\"auto, (max-width: 800px) 100vw, 800px\" \/><\/a><\/p>\n<p>&nbsp;<\/p>\n<p><a class=\"dt-pswp-item\" href=\"https:\/\/www.radiopiu.net\/wordpress\/wp-content\/uploads\/2023\/12\/botol-car-service.jpg\" data-dt-img-description=\"\" data-large_image_width=\"600\" data-large_image_height=\"600\"><img loading=\"lazy\" decoding=\"async\" class=\"size-medium wp-image-367044 aligncenter\" src=\"https:\/\/www.radiopiu.net\/wordpress\/wp-content\/uploads\/2023\/12\/botol-car-service-300x300.jpg\" alt=\"\" width=\"300\" height=\"300\" srcset=\"https:\/\/www.radiopiu.net\/wordpress\/wp-content\/uploads\/2023\/12\/botol-car-service-300x300.jpg 300w, https:\/\/www.radiopiu.net\/wordpress\/wp-content\/uploads\/2023\/12\/botol-car-service-150x150.jpg 150w, https:\/\/www.radiopiu.net\/wordpress\/wp-content\/uploads\/2023\/12\/botol-car-service.jpg 600w\" sizes=\"auto, (max-width: 300px) 100vw, 300px\" \/><\/a><\/p>\n<p>&nbsp;<\/p>\n<blockquote>\n<h1><span style=\"color: #ff0000;\"><a class=\"dt-pswp-item\" href=\"https:\/\/www.radiopiu.net\/wordpress\/wp-content\/uploads\/2020\/05\/VENETO-STRADE.png\" data-dt-img-description=\"\" data-large_image_width=\"400\" data-large_image_height=\"400\"><img loading=\"lazy\" decoding=\"async\" class=\"wp-image-135574 alignleft\" src=\"https:\/\/www.radiopiu.net\/wordpress\/wp-content\/uploads\/2020\/05\/VENETO-STRADE-300x300.png\" alt=\"\" width=\"102\" height=\"102\" srcset=\"https:\/\/www.radiopiu.net\/wordpress\/wp-content\/uploads\/2020\/05\/VENETO-STRADE-300x300.png 300w, https:\/\/www.radiopiu.net\/wordpress\/wp-content\/uploads\/2020\/05\/VENETO-STRADE-150x150.png 150w, https:\/\/www.radiopiu.net\/wordpress\/wp-content\/uploads\/2020\/05\/VENETO-STRADE.png 400w\" sizes=\"auto, (max-width: 102px) 100vw, 102px\" \/><\/a>AGGIORNAMENTO QUOTIDIANO, IN\u00a0 COLLABORAZIONE CON VENETO STRADE E BOTOL CAR SERVICE AD AGORDO IN LOCALITA&#8217; VALCOZZENA.<\/span><\/h1>\n<p>&nbsp;<\/p><\/blockquote>\n<p><strong>SOSPIROLO\u00a0<\/strong> Lungo la provinciale 2 tra Pian Falcina e Gena Bassa in Comune di Sospirolo\u00a0 <span style=\"color: #ff0000;\">fino al 15 febbraio,<\/span> sabato e domeniche compresi, senso unico alternato regolato da semaforo o movieri, interruzioni alla viabilit\u00e0 fino a 10 minuti per tratti di 200 metri.<\/p>\n<p><span style=\"color: #0000ff;\"><strong>BOLLETTINO VIABILITA&#8217; AGGIORNATO AL 23 GENNAIO 2024<\/strong><\/span><\/p>\n<audio class=\"wp-audio-shortcode\" id=\"audio-373998-10\" preload=\"none\" style=\"width: 100%;\" controls=\"controls\"><source type=\"audio\/mpeg\" src=\"https:\/\/www.radiopiu.net\/wordpress\/wp-content\/uploads\/2024\/01\/VIABLITA-2.mp3?_=10\" \/><a href=\"https:\/\/www.radiopiu.net\/wordpress\/wp-content\/uploads\/2024\/01\/VIABLITA-2.mp3\">https:\/\/www.radiopiu.net\/wordpress\/wp-content\/uploads\/2024\/01\/VIABLITA-2.mp3<\/a><\/audio>\n<p>&nbsp;<\/p>\n<p>&nbsp;<\/p>\n<hr \/>\n<p>&nbsp;<\/p>\n<p><a class=\"dt-pswp-item\" href=\"https:\/\/www.radiopiu.net\/wordpress\/wp-content\/uploads\/2018\/09\/WhatsApp-Image-2018-09-20-at-16.04.06.jpeg\" data-dt-img-description=\"\" data-large_image_width=\"800\" data-large_image_height=\"100\"><img loading=\"lazy\" decoding=\"async\" class=\"wp-image-61378 size-full aligncenter\" src=\"https:\/\/www.radiopiu.net\/wordpress\/wp-content\/uploads\/2018\/09\/WhatsApp-Image-2018-09-20-at-16.04.06.jpeg\" alt=\"\" width=\"800\" height=\"100\" srcset=\"https:\/\/www.radiopiu.net\/wordpress\/wp-content\/uploads\/2018\/09\/WhatsApp-Image-2018-09-20-at-16.04.06.jpeg 800w, https:\/\/www.radiopiu.net\/wordpress\/wp-content\/uploads\/2018\/09\/WhatsApp-Image-2018-09-20-at-16.04.06-300x38.jpeg 300w, https:\/\/www.radiopiu.net\/wordpress\/wp-content\/uploads\/2018\/09\/WhatsApp-Image-2018-09-20-at-16.04.06-768x96.jpeg 768w\" sizes=\"auto, (max-width: 800px) 100vw, 800px\" \/><\/a><\/p>\n<p><center><\/center><b>\u00a0 \u00a0\u00a0<\/b><\/p>\n<p><center><\/center><center><\/center><center><\/center><center><b>OGGI<\/b><\/center>Cielo molto nuvoloso specie al mattino, mentre dalle ore centrali si affacceranno delle schiarite che saranno pi\u00f9 significative dalla sera.<br \/>\n<b>Precipitazioni: <\/b>Non del tutto escluse (20\/30%) locali, brevi e deboli precipitazioni con quantitativi al massimo dell&#8217;ordine di 1-2 mm, eventualmente nevosi oltre i 1600-1700 m.<br \/>\n<b>Temperature: <\/b>Minime in generale flessione e misurate a fine giornata, massime senza notevoli variazioni o in lieve aumento.<\/p>\n<hr \/>\n<p><center><b>DOMANI<\/b><\/center>Tempo pi\u00f9 soleggiato e asciutto rispetto ai giorni precedenti, salvo foschie o qualche banco di nebbia nottetempo e al primo mattino in veloce dissolvimento; possibili temporanei e innocui annuvolamenti nel corso della giornata per nubi medio-alte ma senza fenomeni.<br \/>\n<b>Precipitazioni: <\/b>Assenti (0%).<br \/>\n<b>Temperature: <\/b>Minime in ulteriore calo, massime senza notevoli variazioni o in lieve ripresa con escursione termica giornaliera pi\u00f9 significativa rispetto ai giorni precedenti.<\/p>\n<hr \/>\n<p><center><b>MERCOLEDI<\/b><\/center>Tempo stabile e soleggiato e ancora asciutto, salvo il transito di sottili velature e qualche foschia nella notte e nel primo mattino in alcune valli prealpine in rapido dissolvimento. Temperature in aumento su valori superiori alle medie del periodo.<\/p>\n<hr \/>\n<p><center><b>GIOVEDI<\/b><\/center>Tempo stabile e soleggiato e un po&#8217; meno asciutto rispetto a mercoled\u00ec con possibili foschie e locali banchi di nebbia nelle ore fredde in alcune valli prealpine. Transito di innocue velature nel corso della giornata un po&#8217; pi\u00f9 spesse rispetto a mercoled\u00ec con fenomeni assenti. Temperature in ulteriore e contenuto aumento e superiori alla norma.<\/p>\n<p>&nbsp;<\/p>\n<hr \/>\n<p>&nbsp;<\/p>\n<p><img loading=\"lazy\" decoding=\"async\" class=\"wp-image-60761 size-full aligncenter\" src=\"https:\/\/www.radiopiu.net\/wordpress\/wp-content\/uploads\/2018\/09\/sport.jpg\" alt=\"\" width=\"800\" height=\"100\" srcset=\"https:\/\/www.radiopiu.net\/wordpress\/wp-content\/uploads\/2018\/09\/sport.jpg 800w, https:\/\/www.radiopiu.net\/wordpress\/wp-content\/uploads\/2018\/09\/sport-300x38.jpg 300w, https:\/\/www.radiopiu.net\/wordpress\/wp-content\/uploads\/2018\/09\/sport-768x96.jpg 768w\" sizes=\"auto, (max-width: 800px) 100vw, 800px\" \/><\/p>\n<p>&nbsp;<\/p>\n<p><span style=\"color: #0000ff;\"><strong>SKIALP<\/strong><\/span><\/p>\n<blockquote>\n<h3>I CAMPIONATI ITALIANI DI SKIALP A FALCADE, MARTINA SCOLA TERZA TRA LE UNDER 18<\/h3>\n<\/blockquote>\n<blockquote>\n<h3>miglior risultato bellunese per la portacolori dello sci nordico Marmolada.<\/h3>\n<\/blockquote>\n<p><strong><a class=\"dt-pswp-item\" href=\"https:\/\/www.radiopiu.net\/wordpress\/wp-content\/uploads\/2024\/02\/e40a9f6d-56ef-afc5-1aee-bc077d75140c-scaled.jpg\" data-dt-img-description=\"\" data-large_image_width=\"2560\" data-large_image_height=\"1438\"><img loading=\"lazy\" decoding=\"async\" class=\" wp-image-374159 alignleft\" src=\"https:\/\/www.radiopiu.net\/wordpress\/wp-content\/uploads\/2024\/02\/e40a9f6d-56ef-afc5-1aee-bc077d75140c-300x169.jpg\" alt=\"\" width=\"190\" height=\"107\" srcset=\"https:\/\/www.radiopiu.net\/wordpress\/wp-content\/uploads\/2024\/02\/e40a9f6d-56ef-afc5-1aee-bc077d75140c-300x169.jpg 300w, https:\/\/www.radiopiu.net\/wordpress\/wp-content\/uploads\/2024\/02\/e40a9f6d-56ef-afc5-1aee-bc077d75140c-1024x575.jpg 1024w, https:\/\/www.radiopiu.net\/wordpress\/wp-content\/uploads\/2024\/02\/e40a9f6d-56ef-afc5-1aee-bc077d75140c-768x431.jpg 768w, https:\/\/www.radiopiu.net\/wordpress\/wp-content\/uploads\/2024\/02\/e40a9f6d-56ef-afc5-1aee-bc077d75140c-1536x863.jpg 1536w, https:\/\/www.radiopiu.net\/wordpress\/wp-content\/uploads\/2024\/02\/e40a9f6d-56ef-afc5-1aee-bc077d75140c-2048x1151.jpg 2048w\" sizes=\"auto, (max-width: 190px) 100vw, 190px\" \/><\/a>FALCADE<\/strong> A Falcade, sotto una fitta nevicata, si sono assegnati i titoli tricolori di scialpinismo per le categorie giovanili. Lo Ski Alp Valdobbiadene ha allestito un tracciato tecnico e fuori pista nonostante le avverse condizioni. Nell&#8217;Extreme Badalis U20, Simone Compagnoni ha vinto tra gli uomini, mentre Clizia Vallet ha conquistato il titolo femminile. Nella categoria U18, Luca Curioni si \u00e8 laureato campione italiano, e Melissa Bertolina ha vinto tra le donne. Gioele Migliorati e Teresa Schivalocchi hanno trionfato nella U16. Discese in neve fresca e poca visibilit\u00e0 hanno reso la giornata impegnativa.\u00a0 Terza classificata e miglior risultato bellunese per l&#8217;agordina Martina Scola nella under 18.<\/p>\n<blockquote><p><em>ALBA DE SILVESTRO HA VINTO L&#8217;ENNESIMO TITOLO ASSOLUTO DELLA SUA CARRIERA ALLA TIMOGNO SKI RAID, SCIALPINISTICA ANDATA IN SCENA A SPIAZZI DI GROMO (BERGAMO), HA PRECEDUTO LE COMPAGNE DI NAZIONALE GIULIA MURADA E GIULIA COMPAGNONI<\/em><\/p><\/blockquote>\n<p><strong>\u00a0<\/strong><\/p>\n<hr \/>\n<p>&nbsp;<\/p>\n<p><span style=\"color: #0000ff;\"><strong>HOCKEY SU GHIACCIO<\/strong><\/span><\/p>\n<blockquote>\n<h3>L&#8217;ALLEGHE CROLLA A CALDARO, IL FELTRE VINCE ALL&#8217;OVERTIME CON IL COMO<\/h3>\n<\/blockquote>\n<p><strong><a class=\"dt-pswp-item\" href=\"https:\/\/www.radiopiu.net\/wordpress\/wp-content\/uploads\/2023\/10\/hockey.jpg\" data-dt-img-description=\"\" data-large_image_width=\"1280\" data-large_image_height=\"961\"><img loading=\"lazy\" decoding=\"async\" class=\" wp-image-359038 alignleft\" src=\"https:\/\/www.radiopiu.net\/wordpress\/wp-content\/uploads\/2023\/10\/hockey-300x225.jpg\" alt=\"\" width=\"203\" height=\"152\" srcset=\"https:\/\/www.radiopiu.net\/wordpress\/wp-content\/uploads\/2023\/10\/hockey-300x225.jpg 300w, https:\/\/www.radiopiu.net\/wordpress\/wp-content\/uploads\/2023\/10\/hockey-1024x769.jpg 1024w, https:\/\/www.radiopiu.net\/wordpress\/wp-content\/uploads\/2023\/10\/hockey-768x577.jpg 768w, https:\/\/www.radiopiu.net\/wordpress\/wp-content\/uploads\/2023\/10\/hockey.jpg 1280w\" sizes=\"auto, (max-width: 203px) 100vw, 203px\" \/><\/a>di Marco Gaz<\/strong><\/p>\n<p><span style=\"color: #ff0000;\"><strong>MASTER ROUND<\/strong><\/span><\/p>\n<p><strong>CALDARO \u2013 ALLEGHE 6-1<\/strong><\/p>\n<p>PARZIALI: 2-0, 1-1, 3-0<\/p>\n<p>GOL: Pt. 9\u201932\u201d T. Virtala, 11\u201935\u201d Oberrauch. St. 17\u201926\u201d G. Vinatzer, 19\u201904\u201d M. Virtala. Tt. 3\u201905\u201d e 7&#8217;16\u201d Cappuccio, 16\u201922\u201d M. Virtala<\/p>\n<p>L\u2019Alleghe torna da Caldaro con una sconfitta. Biancorossi decimati dalle assenze che non riescono a tenere testa agli altoatesini. Dopo un primo tempo con i padroni di casa che gestiscono la partita, le civette reagiscono nel secondo tempo ma poi crollano. Un risultato pesante prima di una lunga pausa che vedr\u00e0 i biancorossi riposare 12 giorni prima di tornare in campo il 22 febbraio contro il Pergine. Prima parte di gara con i padroni di casa che tengono in mano la sfida. Le civette stentano a farsi pericolose mentre gli altoatesini impegnano Scola fin da subito. Dopo 9\u2019 il Caldaro sblocca il risultato. A battere il golie agordino ci pensa Teemu Virtala che trova una prateria prima di spedire il disco in porta. Il raddoppio arriva poco dopo quando i lucci approfittano di un powerplay. Tiro dalla distanza e deviazione vincente di Oberrauch. I biancorossi sembrano svegliarsi e si avvicinano al gol con De Biasio e Talamini. La seconda frazione inizia con una doppia superiorit\u00e0 numerica in favore degli agordini. Nonostante il vantaggio per\u00f2 la squadra di Scapinello non riesce ad accorciare le distanze. Le occasioni non mancano all\u2019Alleghe ma il gol sembra non voler arrivare. Intanto il Caldaro, sornione, prova a colpire in contropiede. Biancorossi che riaprono la partita a fine secondo drittel quando Gabriel Vinatzer coglie l\u2019assist di Zherdev per colpire al volo il disco e battere il portiere altoatesino. Prima della sirena di fine tempo arriva il terzo gol dei lucci con Marko Virtala. Terza frazione che viene inaugurata dalla quarta rete altoatesina. Una disattenzione difensiva costa cara agli alleghesi che vengono sorpresi da un rebound di Cappuccio. Lo stesso giocatore mette la firma sulla doppietta personale pochi minuti dopo mettendo una seria ipoteca sulla sfida. A chiudere definitivamente la sfida ci pensa Marko Virtala.<\/p>\n<p><span style=\"color: #ff0000;\"><strong>QUALIFICATION ROUND<\/strong><\/span><\/p>\n<p><strong>FELTRE \u2013 COMO 5-4 dot<\/strong><\/p>\n<p>PARZIALI: 2-0, 0-4, 2-0, 1-0<\/p>\n<p>GOL: Pt. 2\u201948\u201d Eruzione, 19\u201911\u201d Lysenko. St. 1\u201958\u201d Del Vita, 8\u201938\u201d Vozovik, 14\u201933\u201d Stanko, 16\u201911\u201dKizlo. Tt. 14\u201943\u201d Eruzione, 19\u201953\u201d Blaha. Ot. 1\u201902\u201d Blaha<\/p>\n<p>Una vittoria sudata all\u2019overtime per il Feltre che mette in saccoccia due punti importanti. Non \u00e8 stata una passeggiata contro il Como. I picchi sembrano avere in mano la partita ma nel secondo tempo i lariani vanno a segno 4 volte. Poi nel terzo tempo i feltrini pareggiano i conti e Blaha regala il punto aggiuntivo nel supplementare.\u00a0 Pronti, via e Feltre subito in vantaggio. Bastano 3\u2019 e i picchi sbloccano il punteggio con Eruzione. Il como prova a rispondere ma i padroni di casa si difendono bene tanto che a pochi secondi dalla prima sirena arriva il raddoppio con Lysenko. Secondo drittel che non inizia nel migliore dei modi per i feltrini che subiscono la prima rete della giornata dai comaschi. Lariani che prendono in mano la sfida e pareggiano i conti al giro di boa della partita. Il Como ci prende gusto e prima della seconda pausa mette a segno altri due gol. Nel terzo tempo il Feltre reagisce e riesce a pareggiare i conti in extremis con Eruzione e Blaha. Si va all\u2019overtime e dopo appena un giro di orologio Blaha mette la firma al gol della vittoria.<\/p>\n<p>&nbsp;<\/p>\n<p><span style=\"color: #0000ff;\"><strong>SCI NORDICO<\/strong><\/span><\/p>\n<blockquote>\n<h3>UNO STREPITOSO ELIA BARP CHIUDE AL QUINTO POSTO LA SPRINT IN CANADA<\/h3>\n<\/blockquote>\n<p><strong><a class=\"dt-pswp-item\" href=\"https:\/\/www.radiopiu.net\/wordpress\/wp-content\/uploads\/2023\/01\/ELIA-BARP.jpg\" data-dt-img-description=\"\" data-large_image_width=\"1536\" data-large_image_height=\"1024\"><img loading=\"lazy\" decoding=\"async\" class=\" wp-image-314851 alignleft\" src=\"https:\/\/www.radiopiu.net\/wordpress\/wp-content\/uploads\/2023\/01\/ELIA-BARP-300x200.jpg\" alt=\"\" width=\"158\" height=\"105\" srcset=\"https:\/\/www.radiopiu.net\/wordpress\/wp-content\/uploads\/2023\/01\/ELIA-BARP-300x200.jpg 300w, https:\/\/www.radiopiu.net\/wordpress\/wp-content\/uploads\/2023\/01\/ELIA-BARP-1024x683.jpg 1024w, https:\/\/www.radiopiu.net\/wordpress\/wp-content\/uploads\/2023\/01\/ELIA-BARP-768x512.jpg 768w, https:\/\/www.radiopiu.net\/wordpress\/wp-content\/uploads\/2023\/01\/ELIA-BARP.jpg 1536w\" sizes=\"auto, (max-width: 158px) 100vw, 158px\" \/><\/a>REDAZIONE<\/strong> Elia Barp ha ottenuto un notevole quinto posto nella sprint di Coppa del Mondo di sci nordico a Canmore, Canada. Al primo anno tra i professionisti, Barp ha impressionato con una prestazione tattica nella finale, gestendo la gara e provando una super volata che lo ha portato alla quinta posizione. Nella semifinale, Barp ha segnato un capolavoro, chiudendo secondo dopo una spettacolare volata nel rettilineo finale. Questo risultato conferma la sua crescente presenza nel circuito, dimostrando la sua abilit\u00e0 e velocit\u00e0 contro atleti pi\u00f9 esperti.<\/p>\n<p>&nbsp;<\/p>\n<p><span style=\"color: #0000ff;\"><strong>PALLAVOLO<\/strong><\/span><\/p>\n<blockquote>\n<h3>IL BELLUNO VOLLEY CHIUDE LA PRATICA SARROCH IN 3 SET<\/h3>\n<\/blockquote>\n<p><b><a class=\"dt-pswp-item\" href=\"https:\/\/www.radiopiu.net\/wordpress\/wp-content\/uploads\/2024\/02\/Sarroch_battuto_in_tre_set.jpg\" data-dt-img-description=\"\" data-large_image_width=\"1280\" data-large_image_height=\"855\"><img loading=\"lazy\" decoding=\"async\" class=\" wp-image-374098 alignleft\" src=\"https:\/\/www.radiopiu.net\/wordpress\/wp-content\/uploads\/2024\/02\/Sarroch_battuto_in_tre_set-300x200.jpg\" alt=\"\" width=\"159\" height=\"106\" srcset=\"https:\/\/www.radiopiu.net\/wordpress\/wp-content\/uploads\/2024\/02\/Sarroch_battuto_in_tre_set-300x200.jpg 300w, https:\/\/www.radiopiu.net\/wordpress\/wp-content\/uploads\/2024\/02\/Sarroch_battuto_in_tre_set-1024x684.jpg 1024w, https:\/\/www.radiopiu.net\/wordpress\/wp-content\/uploads\/2024\/02\/Sarroch_battuto_in_tre_set-768x513.jpg 768w, https:\/\/www.radiopiu.net\/wordpress\/wp-content\/uploads\/2024\/02\/Sarroch_battuto_in_tre_set.jpg 1280w\" sizes=\"auto, (max-width: 159px) 100vw, 159px\" \/><\/a><span style=\"color: #ff0000;\">SERIE A3<\/span><\/b><\/p>\n<p><b>BELLUNO VOLLEY-SARLUX SARROCH 3-0 (<\/b><strong>25-13, 25-8, 26-24)<\/strong><\/p>\n<p>Non \u00e8 il Teatro Ariston: \u00e8 la Spes Arena. Non \u00e8 Sanremo: \u00e8 l\u2019anticipo del campionato di Serie A3 Credem Banca. Ma il Belluno Volley canta lo stesso. E a squarciagola, insieme a una platea che \u201cfa rumore\u201d, davanti alla quale i rinoceronti non rimangono \u201czitti e buoni\u201d, ma regalano \u201cbrividi\u201d per almeno \u201cdue vite\u201d. S\u00ec, sono i titoli delle canzoni che hanno trionfato nelle ultime edizioni legate al Festival della canzone italiana, ma cristallizzano fedelmente, e in musica, una serata importante per i biancobl\u00f9. Perch\u00e9 al cospetto di una delle compagini pi\u00f9 in forma del momento (tanto per intendersi, quella che ha totalizzato il maggior numero di punti nel 2024), come la Sarlux, matura la dodicesima vittoria stagionale. E, in attesa che Acqui Terme affronti la vice capolista San Don\u00e0, vale il momentaneo terzo posto in graduatoria.<\/p>\n<p>&nbsp;<\/p>\n<blockquote>\n<h3>UNA VITTORIA E UNA SCONFITTA PER LA PALLAVOLO FEMMINILE BELLUNO<\/h3>\n<\/blockquote>\n<p><span style=\"color: #ff0000;\"><strong><a class=\"dt-pswp-item\" href=\"https:\/\/www.radiopiu.net\/wordpress\/wp-content\/uploads\/2024\/02\/Serie_C_in_festa.jpg\" data-dt-img-description=\"\" data-large_image_width=\"1280\" data-large_image_height=\"853\"><img loading=\"lazy\" decoding=\"async\" class=\" wp-image-374099 alignleft\" src=\"https:\/\/www.radiopiu.net\/wordpress\/wp-content\/uploads\/2024\/02\/Serie_C_in_festa-300x200.jpg\" alt=\"\" width=\"186\" height=\"124\" srcset=\"https:\/\/www.radiopiu.net\/wordpress\/wp-content\/uploads\/2024\/02\/Serie_C_in_festa-300x200.jpg 300w, https:\/\/www.radiopiu.net\/wordpress\/wp-content\/uploads\/2024\/02\/Serie_C_in_festa-1024x682.jpg 1024w, https:\/\/www.radiopiu.net\/wordpress\/wp-content\/uploads\/2024\/02\/Serie_C_in_festa-768x512.jpg 768w, https:\/\/www.radiopiu.net\/wordpress\/wp-content\/uploads\/2024\/02\/Serie_C_in_festa.jpg 1280w\" sizes=\"auto, (max-width: 186px) 100vw, 186px\" \/><\/a>SERIE C<\/strong><\/span><\/p>\n<p><b>HOMECLICK SB VOLLEY-ACTION VOLLEY SOLESINO 3-0 (<\/b><strong>25-20, 25-19, 25-14)<\/strong><\/p>\n<p>Nella settimana in cui impazza il Festival di Sanremo, la Homeclick non segue il trend della musica leggera, ma si esprime sulle note nobili e armoniche del classicismo viennese. S\u00ec, perch\u00e9 suona la \u201cnona\u201d. Nove, infatti, sono le vittorie nel campionato femminile di serie C (su dieci partite disputate), ottenute da una squadra che compone e mette in pratica una pallavolo armonica e redditizia. Come nella gara d\u2019andata, chiusa nello spazio di tre set in territorio padovano, anche al ritorno le ragazze di Josh De Salvador non lasciano scampo all\u2019Action Volley Solesino: avversario comunque tosto. E che, non a caso, occupa la quinta piazza della graduatoria.<span class=\"gmail-Apple-converted-space\">\u00a0<\/span><\/p>\n<p><span style=\"color: #ff0000;\"><strong>SERIE D<\/strong><\/span><\/p>\n<p><b>PALAZZOLO-HOMECLICK SB VOLLEY 3-1 (<\/b><strong>16-25, 26-24, 28-26, 25-21)<\/strong><\/p>\n<p>L&#8217;Homeclick, si ferma nella partita contro Palazzolo nonostante il ritorno positivo di Silvia Costa. Dopo un primo set ben controllato, la SB Volley non riesce a mantenere il vantaggio nel secondo round, giocando il parziale ai vantaggi e subendo la sconfitta. Nel terzo set, contestazioni arbitrali complicano ulteriormente la situazione. Nonostante l&#8217;inizio promettente, la maggior esperienza degli avversari fa la differenza, risultando in una partita persa per la SB Volley.<\/p>\n<p>&nbsp;<\/p>\n<p><span style=\"color: #0000ff;\"><strong>CALCIO<\/strong><\/span><\/p>\n<blockquote>\n<h3>L&#8217;AGORDINA JUNIORES PERDE CON IL SANTA LUCIA<\/h3>\n<\/blockquote>\n<p><strong><a class=\"dt-pswp-item\" href=\"https:\/\/www.radiopiu.net\/wordpress\/wp-content\/uploads\/2019\/09\/AGORDINA-CALCIO.jpeg\" data-dt-img-description=\"\" data-large_image_width=\"225\" data-large_image_height=\"225\"><img loading=\"lazy\" decoding=\"async\" class=\" wp-image-97575 alignleft\" src=\"https:\/\/www.radiopiu.net\/wordpress\/wp-content\/uploads\/2019\/09\/AGORDINA-CALCIO.jpeg\" alt=\"\" width=\"132\" height=\"132\" srcset=\"https:\/\/www.radiopiu.net\/wordpress\/wp-content\/uploads\/2019\/09\/AGORDINA-CALCIO.jpeg 225w, https:\/\/www.radiopiu.net\/wordpress\/wp-content\/uploads\/2019\/09\/AGORDINA-CALCIO-150x150.jpeg 150w\" sizes=\"auto, (max-width: 132px) 100vw, 132px\" \/><\/a>SANTA LUCIA &#8211; AGORDINA 2-1<\/strong><\/p>\n<p>GOL AGORDINA: Matthias Marcon<\/p>\n<p>In una partita difficile su un campo complicato, l&#8217;Agordina subisce il secondo stop stagionale contro il Santa Lucia, in lotta per la promozione. La sfida \u00e8 caratterizzata da poco gioco a terra e molto agonismo. Il primo gol arriva su rigore per il Santa Lucia alla fine del primo tempo. Nella seconda met\u00e0, l&#8217;Agordina pareggia con Matthias Marcon su calcio d&#8217;angolo ma sfiora il vantaggio con un tiro di Fontanive che colpisce il palo. Tuttavia, a dieci minuti dalla fine, il Santa Lucia segna il gol decisivo su azione da calcio piazzato, portandosi a casa i tre punti.<\/p>\n<p>&nbsp;<\/p>\n<blockquote>\n<h3>MORENO PESCE TENTA LA SALITA LUNGO L\u2019OLIMPIA DELLE TOFANE<\/h3>\n<\/blockquote>\n<p><strong class=\"photoswipe-wrapper\"><a class=\"dt-pswp-item pspw-wrap-ready\" href=\"https:\/\/www.radiopiu.net\/wordpress\/wp-content\/uploads\/2024\/02\/IMG_0670.jpeg\" data-dt-img-description=\"\" data-large_image_width=\"853\" data-large_image_height=\"1280\"><img loading=\"lazy\" decoding=\"async\" class=\" wp-image-373945 alignleft\" src=\"https:\/\/www.radiopiu.net\/wordpress\/wp-content\/uploads\/2024\/02\/IMG_0670-200x300.jpeg\" sizes=\"auto, (max-width: 107px) 100vw, 107px\" srcset=\"https:\/\/www.radiopiu.net\/wordpress\/wp-content\/uploads\/2024\/02\/IMG_0670-200x300.jpeg 200w, https:\/\/www.radiopiu.net\/wordpress\/wp-content\/uploads\/2024\/02\/IMG_0670-682x1024.jpeg 682w, https:\/\/www.radiopiu.net\/wordpress\/wp-content\/uploads\/2024\/02\/IMG_0670-768x1152.jpeg 768w, https:\/\/www.radiopiu.net\/wordpress\/wp-content\/uploads\/2024\/02\/IMG_0670.jpeg 853w\" alt=\"\" width=\"107\" height=\"161\" \/><\/a>CORTINA<\/strong>\u00a0Marted\u00ec 13 febbraio, l\u2019atleta paralimpico veneto Moreno Pesce, amputato femorale, si propone di scalare a piedi la spettacolare pista Olimpia delle Tofane a Cortina. La pista, classificata come nera, \u00e8 famosa per le gare di Coppa del Mondo di velocit\u00e0 femminile e sar\u00e0 sede delle prossime Olimpiadi Milano Cortina 2026. Moreno otterr\u00e0 l\u2019esclusiva autorizzazione da ISTA Spa, la societ\u00e0 che gestisce impianti e piste, per dimostrare che anche un atleta amputato pu\u00f2 affrontare sfide estreme su una montagna impervia. Accompagnato dalla guida alpina Lio De Nes e dal videomaker Jacopo Bernard, affronter\u00e0 la salita di 760 metri con una pendenza massima del 56,1%. Una sfida impegnativa su un terreno preparato per gli sciatori, ma non per un atleta con protesi femorale.<\/p>\n<p>&nbsp;<\/p>\n<p>&nbsp;<\/p>\n","protected":false},"excerpt":{"rendered":"<p>**** &nbsp; 40esimo di RADIOPIU\u2026. LA VOCE DELL\u2019EMOZIONE ISCRIVITI AL NOSTRO CANALE\u00a0\u00a0YOUTUBE PER SEGUIRE IN DIRETTA I PRINCIPALI PROGRAMMI DI RADIO PIU\u2019 E LE FUTURE DIRETTE IN ESTERNA. PER ISCRIVERTI CLICCA QUI\u00a0E PREMI\u00a0 \u201cIscriviti\u201d\u00a0 \u00a0 &nbsp; \u00a0IERI A TAIBON: a carnevale&#8230; ogni scherzo vale! Il paese non avr\u00e0 la pista da bob&#8230; ma per il&hellip;<\/p>\n","protected":false},"author":4,"featured_media":374158,"comment_status":"closed","ping_status":"closed","sticky":false,"template":"","format":"standard","meta":{"_monsterinsights_skip_tracking":false,"_monsterinsights_sitenote_active":false,"_monsterinsights_sitenote_note":"","_monsterinsights_sitenote_category":0,"footnotes":""},"categories":[51,86,49],"tags":[],"class_list":["post-373998","post","type-post","status-publish","format-standard","has-post-thumbnail","hentry","category-evidenza-top","category-gr","category-news-18","category-51","category-86","category-49","description-off"],"img_url":"https:\/\/www.radiopiu.net\/wordpress\/wp-content\/uploads\/2024\/02\/d4a42007-a758-4a5b-8c43-f3c025496c06.jpg","_links":{"self":[{"href":"https:\/\/www.radiopiu.net\/wordpress\/wp-json\/wp\/v2\/posts\/373998","targetHints":{"allow":["GET"]}}],"collection":[{"href":"https:\/\/www.radiopiu.net\/wordpress\/wp-json\/wp\/v2\/posts"}],"about":[{"href":"https:\/\/www.radiopiu.net\/wordpress\/wp-json\/wp\/v2\/types\/post"}],"author":[{"embeddable":true,"href":"https:\/\/www.radiopiu.net\/wordpress\/wp-json\/wp\/v2\/users\/4"}],"replies":[{"embeddable":true,"href":"https:\/\/www.radiopiu.net\/wordpress\/wp-json\/wp\/v2\/comments?post=373998"}],"version-history":[{"count":0,"href":"https:\/\/www.radiopiu.net\/wordpress\/wp-json\/wp\/v2\/posts\/373998\/revisions"}],"wp:featuredmedia":[{"embeddable":true,"href":"https:\/\/www.radiopiu.net\/wordpress\/wp-json\/wp\/v2\/media\/374158"}],"wp:attachment":[{"href":"https:\/\/www.radiopiu.net\/wordpress\/wp-json\/wp\/v2\/media?parent=373998"}],"wp:term":[{"taxonomy":"category","embeddable":true,"href":"https:\/\/www.radiopiu.net\/wordpress\/wp-json\/wp\/v2\/categories?post=373998"},{"taxonomy":"post_tag","embeddable":true,"href":"https:\/\/www.radiopiu.net\/wordpress\/wp-json\/wp\/v2\/tags?post=373998"}],"curies":[{"name":"wp","href":"https:\/\/api.w.org\/{rel}","templated":true}]}}