{"id":374028,"date":"2024-02-10T10:18:21","date_gmt":"2024-02-10T09:18:21","guid":{"rendered":"https:\/\/www.radiopiu.net\/wordpress\/?p=374028"},"modified":"2024-02-11T09:26:43","modified_gmt":"2024-02-11T08:26:43","slug":"in-veneto-il-popolo-delle-partite-iva-continua-a-diminuire","status":"publish","type":"post","link":"https:\/\/www.radiopiu.net\/wordpress\/in-veneto-il-popolo-delle-partite-iva-continua-a-diminuire\/","title":{"rendered":"IN VENETO IL POPOLO DELLE PARTITE IVA CONTINUA A DIMINUIRE"},"content":{"rendered":"<p><a class=\"dt-pswp-item\" href=\"https:\/\/www.radiopiu.net\/wordpress\/wp-content\/uploads\/2024\/02\/Schermata-2024-02-10-alle-10.14.43.png\" data-dt-img-description=\"\" data-large_image_width=\"1272\" data-large_image_height=\"1566\"><img loading=\"lazy\" decoding=\"async\" class=\"size-medium wp-image-374029 alignleft\" src=\"https:\/\/www.radiopiu.net\/wordpress\/wp-content\/uploads\/2024\/02\/Schermata-2024-02-10-alle-10.14.43-244x300.png\" alt=\"\" width=\"244\" height=\"300\" srcset=\"https:\/\/www.radiopiu.net\/wordpress\/wp-content\/uploads\/2024\/02\/Schermata-2024-02-10-alle-10.14.43-244x300.png 244w, https:\/\/www.radiopiu.net\/wordpress\/wp-content\/uploads\/2024\/02\/Schermata-2024-02-10-alle-10.14.43-832x1024.png 832w, https:\/\/www.radiopiu.net\/wordpress\/wp-content\/uploads\/2024\/02\/Schermata-2024-02-10-alle-10.14.43-768x946.png 768w, https:\/\/www.radiopiu.net\/wordpress\/wp-content\/uploads\/2024\/02\/Schermata-2024-02-10-alle-10.14.43-1248x1536.png 1248w, https:\/\/www.radiopiu.net\/wordpress\/wp-content\/uploads\/2024\/02\/Schermata-2024-02-10-alle-10.14.43.png 1272w\" sizes=\"auto, (max-width: 244px) 100vw, 244px\" \/><\/a>L\u2019autoimprenditorialit\u00e0 non va pi\u00f9 di moda ? Pare di s\u00ec. Almeno in Veneto. Se in Italia, infatti, il popolo delle partite Iva ha ripreso ad aumentare dopo il 2020, annus horribilis caratterizzato dallo scoppio della pandemia, nella nostra regione, invece, la platea dei lavoratori indipendenti \u00e8 continuata a diminuire. Tra il 2019 e il 2023 (in entrambi i casi i dati sono riferiti ai primi 9 mesi dell\u2019anno), in Veneto la contrazione del numero \u00e8 stata pari a 16.600 unit\u00e0 (-3,5 per cento). Da noi, pertanto, il cosiddetto popolo delle partite Iva \u00e8 costituito da 462.300 unit\u00e0. Un dato che, seppur in calo, rimane inferiore solo a quello della Lombardia (863.200) e del Lazio (464.900) (vedi Tab. 1). A dirlo \u00e8 l\u2019Ufficio studi della CGIA.<\/p>\n<p>Se negli ultimi tre anni in Italia il numero dei lavoratori autonomi \u201cclassici\u201d (ovvero gli artigiani, i commercianti e gli agricoltori) ha subito una costante riduzione, a condizionare positivamente il dato complessivo nazionale delle cosiddette partite Iva \u00e8 stata la crescita di quelle senza albo od ordine professionale. Alcuni esempi di professioni non regolamentate? I web designer, i social media manager, i formatori, i consulenti agli investimenti, i pubblicitari, i consulenti aziendali, i consulenti informatici, gli utility manager, i sociologi, gli amministratori di condominio, etc.<\/p>\n<p>In Veneto, invece, hanno continuato a diminuire sia i primi che i secondi. Negli ultimi 8 anni, infatti, anche i lavoratori indipendenti \u201cclassici\u201d presenti nella nostra regione sono scesi di 58.930 unit\u00e0 (-14,8 per cento) (vedi Tab. 2), con punte di riduzione che a Rovigo hanno toccato il -18,3 per cento, a Vicenza il -17 per cento, a Belluno il -16,8 per cento e a Verona il -15,6 per cento (vedi Tab. 3).<\/p>\n<p>Scomponendo il dato tra artigiani, commercianti e agricoltori, la contrazione pi\u00f9 \u201cpesante\u201d ha interessato i primi. Tra il 2014 e il 2022, infatti, il loro numero in Veneto \u00e8 diminuito di 30.228 unit\u00e0 (-17,3 per cento), con punte di decremento che hanno toccato il -23,6 per cento a Rovigo, il -20,5 per cento a Verona e il -18,5 per cento a Vicenza (vedi Appendice A).<\/p>\n<p>Pi\u00f9 contenuta ma altrettanto pesante \u00e8 stata la contrazione registrata dai commercianti. Sempre negli ultimi 8 anni, in regione lo stock \u00e8 sceso di 24.355 unit\u00e0 (-13,9 per cento). La provincia pi\u00f9 colpita \u00e8 stata ancora una volta Rovigo con una contrazione del -18,8 per cento. Seguono Belluno con il -17,4 per cento e Vicenza con il -16,1 per cento (vedi Appendice B).<\/p>\n<p><a class=\"dt-pswp-item\" href=\"https:\/\/www.radiopiu.net\/wordpress\/wp-content\/uploads\/2024\/02\/Schermata-2024-02-10-alle-10.15.08.png\" data-dt-img-description=\"\" data-large_image_width=\"1272\" data-large_image_height=\"1462\"><img loading=\"lazy\" decoding=\"async\" class=\"size-medium wp-image-374033 alignleft\" src=\"https:\/\/www.radiopiu.net\/wordpress\/wp-content\/uploads\/2024\/02\/Schermata-2024-02-10-alle-10.15.08-261x300.png\" alt=\"\" width=\"261\" height=\"300\" srcset=\"https:\/\/www.radiopiu.net\/wordpress\/wp-content\/uploads\/2024\/02\/Schermata-2024-02-10-alle-10.15.08-261x300.png 261w, https:\/\/www.radiopiu.net\/wordpress\/wp-content\/uploads\/2024\/02\/Schermata-2024-02-10-alle-10.15.08-891x1024.png 891w, https:\/\/www.radiopiu.net\/wordpress\/wp-content\/uploads\/2024\/02\/Schermata-2024-02-10-alle-10.15.08-768x883.png 768w, https:\/\/www.radiopiu.net\/wordpress\/wp-content\/uploads\/2024\/02\/Schermata-2024-02-10-alle-10.15.08.png 1272w\" sizes=\"auto, (max-width: 261px) 100vw, 261px\" \/><\/a>Gli agricoltori, infine, in Veneto sono diminuiti nel periodo monitorato di 4.347 unit\u00e0 (-9 per cento). La provincia pi\u00f9 penalizzata \u00e8 stata Vicenza con una variazione negativa del -13 per cento. Seguono Venezia con il -12,6 per cento, Padova con il -11,6 per cento e Verona con il -9,8 per cento (vedi Appendice C). In tutte e tre le categorie appena richiamate (artigiani, commercianti e agricoltori), i dati includono le posizioni Inps dei titolari dell\u2019azienda, dei soci e dei collaboratori familiari.<\/p>\n<p>Perch\u00e9 mai in Veneto il popolo delle partite Iva ha risentito maggiormente di altre aree del Paese gli effetti negativi della pandemia e del boom dell\u2019inflazione? Secondo l\u2019Ufficio studi della CGIA, ci\u00f2 \u00e8 avvenuto a causa del crollo dei consumi delle famiglie che in questi ultimi anni nella nostra regione \u00e8 stato pi\u00f9 marcato che in altre realt\u00e0 territoriali. Lavorando prevalentemente per il mercato domestico, una volta \u201cfranati\u201d i consumi delle famiglie, anche il fatturato di tantissimi lavoratori autonomi ne ha risentito negativamente, provocando la chiusura di tantissime piccole attivit\u00e0.<\/p>\n<p>Non solo, ma ci\u00f2 che si fa fatica a spiegare \u00e8 che il trend positivo registrato dallo stock di lavoratori autonomi in questi ultimi tre anni in molte altre regioni d\u2019Italia \u00e8 avvenuto grazie alla ripresa economica maturata dopo l\u2019avvento del Covid. Crescita che ovviamente ha interessato anche il Veneto, ma non al punto tale da dare una spinta positiva anche al nostro mondo del lavoro autonomo. Sicuramente in Italia ad allargare la platea del popolo delle partite Iva ha concorso anche il fisco. L\u2019introduzione del regime forfettario per le attivit\u00e0 autonome con ricavi e compensi inferiori a 85 mila euro ha reso meno gravoso di un tempo gestire fiscalmente un\u2019attivit\u00e0 in proprio. Infine, non \u00e8 nemmeno da escludere che la crescita numerica dei lavoratori indipendenti sia riconducibile anche all\u2019incremento delle \u201cfalse\u201d partite Iva. Grazie al boom dello smart working avvenuto in questi ultimi anni, infatti, \u00e8 probabile che le \u201cfinte\u201d partite Iva siano aumentate, anche se, attualmente, il numero complessivo di queste ultime \u00e8 stimato in Italia attorno alle 500 mila unit\u00e0. Una soglia che avevamo gi\u00e0 raggiunto una ventina d\u2019anni fa. Insomma, in Veneto i fenomeni appena enunciati non sono riusciti a dare un impulso positivo sullo stock, perch\u00e9, purtroppo, la mortalit\u00e0 delle micro imprese \u00e8 stata superiore alla natalit\u00e0.<\/p>\n<p>&nbsp;<\/p>\n\n\t\t\t<style type='text\/css'>\n\t\t\t\t#gallery-1 {\n\t\t\t\t\tmargin: auto;\n\t\t\t\t}\n\t\t\t\t#gallery-1 .gallery-item {\n\t\t\t\t\tfloat: left;\n\t\t\t\t\tmargin-top: 10px;\n\t\t\t\t\ttext-align: center;\n\t\t\t\t\twidth: 33%;\n\t\t\t\t}\n\t\t\t\t#gallery-1 img {\n\t\t\t\t\tborder: 2px solid #cfcfcf;\n\t\t\t\t}\n\t\t\t\t#gallery-1 .gallery-caption {\n\t\t\t\t\tmargin-left: 0;\n\t\t\t\t}\n\t\t\t\t\/* see gallery_shortcode() in wp-includes\/media.php *\/\n\t\t\t<\/style>\n\t\t<div id='gallery-1' class='dt-gallery-container gallery galleryid-374028 gallery-columns-3 gallery-size-thumbnail'><dl class='gallery-item'>\n\t\t\t\t<dt class='gallery-icon landscape'>\n\t\t\t\t\t<a class=\"rollover rollover-zoom dt-pswp-item\" title=\"Schermata 2024-02-10 alle 10.15.22\" data-dt-img-description=\"\" data-large_image_width=\"1272\" data-large_image_height=\"600\"href='https:\/\/www.radiopiu.net\/wordpress\/wp-content\/uploads\/2024\/02\/Schermata-2024-02-10-alle-10.15.22.png'><img loading=\"lazy\" decoding=\"async\" width=\"150\" height=\"150\" src=\"https:\/\/www.radiopiu.net\/wordpress\/wp-content\/uploads\/2024\/02\/Schermata-2024-02-10-alle-10.15.22-150x150.png\" class=\"attachment-thumbnail size-thumbnail\" alt=\"\" \/><\/a>\n\t\t\t\t<\/dt><\/dl><dl class='gallery-item'>\n\t\t\t\t<dt class='gallery-icon landscape'>\n\t\t\t\t\t<a class=\"rollover rollover-zoom dt-pswp-item\" title=\"Schermata 2024-02-10 alle 10.15.37\" data-dt-img-description=\"\" data-large_image_width=\"1272\" data-large_image_height=\"600\"href='https:\/\/www.radiopiu.net\/wordpress\/wp-content\/uploads\/2024\/02\/Schermata-2024-02-10-alle-10.15.37.png'><img loading=\"lazy\" decoding=\"async\" width=\"150\" height=\"150\" src=\"https:\/\/www.radiopiu.net\/wordpress\/wp-content\/uploads\/2024\/02\/Schermata-2024-02-10-alle-10.15.37-150x150.png\" class=\"attachment-thumbnail size-thumbnail\" alt=\"\" \/><\/a>\n\t\t\t\t<\/dt><\/dl><dl class='gallery-item'>\n\t\t\t\t<dt class='gallery-icon portrait'>\n\t\t\t\t\t<a class=\"rollover rollover-zoom dt-pswp-item\" title=\"Schermata 2024-02-10 alle 10.15.57\" data-dt-img-description=\"\" data-large_image_width=\"1250\" data-large_image_height=\"1374\"href='https:\/\/www.radiopiu.net\/wordpress\/wp-content\/uploads\/2024\/02\/Schermata-2024-02-10-alle-10.15.57.png'><img loading=\"lazy\" decoding=\"async\" width=\"150\" height=\"150\" src=\"https:\/\/www.radiopiu.net\/wordpress\/wp-content\/uploads\/2024\/02\/Schermata-2024-02-10-alle-10.15.57-150x150.png\" class=\"attachment-thumbnail size-thumbnail\" alt=\"\" \/><\/a>\n\t\t\t\t<\/dt><\/dl><br style=\"clear: both\" \/>\n\t\t\t<\/div>\n\n","protected":false},"excerpt":{"rendered":"<p>L\u2019autoimprenditorialit\u00e0 non va pi\u00f9 di moda ? Pare di s\u00ec. Almeno in Veneto. Se in Italia, infatti, il popolo delle partite Iva ha ripreso ad aumentare dopo il 2020, annus horribilis caratterizzato dallo scoppio della pandemia, nella nostra regione, invece, la platea dei lavoratori indipendenti \u00e8 continuata a diminuire. Tra il 2019 e il 2023&hellip;<\/p>\n","protected":false},"author":2,"featured_media":49672,"comment_status":"closed","ping_status":"closed","sticky":false,"template":"","format":"standard","meta":{"_monsterinsights_skip_tracking":false,"_monsterinsights_sitenote_active":false,"_monsterinsights_sitenote_note":"","_monsterinsights_sitenote_category":0,"footnotes":""},"categories":[86,49],"tags":[],"class_list":["post-374028","post","type-post","status-publish","format-standard","has-post-thumbnail","hentry","category-gr","category-news-18","category-86","category-49","description-off"],"img_url":"https:\/\/www.radiopiu.net\/wordpress\/wp-content\/uploads\/2018\/05\/lavoro.jpg","_links":{"self":[{"href":"https:\/\/www.radiopiu.net\/wordpress\/wp-json\/wp\/v2\/posts\/374028","targetHints":{"allow":["GET"]}}],"collection":[{"href":"https:\/\/www.radiopiu.net\/wordpress\/wp-json\/wp\/v2\/posts"}],"about":[{"href":"https:\/\/www.radiopiu.net\/wordpress\/wp-json\/wp\/v2\/types\/post"}],"author":[{"embeddable":true,"href":"https:\/\/www.radiopiu.net\/wordpress\/wp-json\/wp\/v2\/users\/2"}],"replies":[{"embeddable":true,"href":"https:\/\/www.radiopiu.net\/wordpress\/wp-json\/wp\/v2\/comments?post=374028"}],"version-history":[{"count":0,"href":"https:\/\/www.radiopiu.net\/wordpress\/wp-json\/wp\/v2\/posts\/374028\/revisions"}],"wp:featuredmedia":[{"embeddable":true,"href":"https:\/\/www.radiopiu.net\/wordpress\/wp-json\/wp\/v2\/media\/49672"}],"wp:attachment":[{"href":"https:\/\/www.radiopiu.net\/wordpress\/wp-json\/wp\/v2\/media?parent=374028"}],"wp:term":[{"taxonomy":"category","embeddable":true,"href":"https:\/\/www.radiopiu.net\/wordpress\/wp-json\/wp\/v2\/categories?post=374028"},{"taxonomy":"post_tag","embeddable":true,"href":"https:\/\/www.radiopiu.net\/wordpress\/wp-json\/wp\/v2\/tags?post=374028"}],"curies":[{"name":"wp","href":"https:\/\/api.w.org\/{rel}","templated":true}]}}