{"id":374036,"date":"2024-02-10T14:36:27","date_gmt":"2024-02-10T13:36:27","guid":{"rendered":"https:\/\/www.radiopiu.net\/wordpress\/?p=374036"},"modified":"2024-02-12T05:45:47","modified_gmt":"2024-02-12T04:45:47","slug":"cassata-la-sentenza-emergono-nuovi-dettagli-sullincidente-di-17-anni-fa-a-santa-giustina","status":"publish","type":"post","link":"https:\/\/www.radiopiu.net\/wordpress\/cassata-la-sentenza-emergono-nuovi-dettagli-sullincidente-di-17-anni-fa-a-santa-giustina\/","title":{"rendered":"CASSATA LA SENTENZA: EMERGONO NUOVI DETTAGLI SULL&#8217;INCIDENTE DI 17 ANNI FA A SANTA GIUSTINA"},"content":{"rendered":"<p>****<\/p>\n<p>&nbsp;<\/p>\n<p><strong><a class=\"dt-pswp-item\" href=\"https:\/\/www.radiopiu.net\/wordpress\/wp-content\/uploads\/2024\/01\/giesse-scaled-1.jpg\" data-dt-img-description=\"\" data-large_image_width=\"2560\" data-large_image_height=\"2560\"><img loading=\"lazy\" decoding=\"async\" class=\" wp-image-370196 alignleft\" src=\"https:\/\/www.radiopiu.net\/wordpress\/wp-content\/uploads\/2024\/01\/giesse-scaled-1-300x300.jpg\" alt=\"\" width=\"147\" height=\"147\" srcset=\"https:\/\/www.radiopiu.net\/wordpress\/wp-content\/uploads\/2024\/01\/giesse-scaled-1-300x300.jpg 300w, https:\/\/www.radiopiu.net\/wordpress\/wp-content\/uploads\/2024\/01\/giesse-scaled-1-1024x1024.jpg 1024w, https:\/\/www.radiopiu.net\/wordpress\/wp-content\/uploads\/2024\/01\/giesse-scaled-1-150x150.jpg 150w, https:\/\/www.radiopiu.net\/wordpress\/wp-content\/uploads\/2024\/01\/giesse-scaled-1-768x768.jpg 768w, https:\/\/www.radiopiu.net\/wordpress\/wp-content\/uploads\/2024\/01\/giesse-scaled-1-1536x1536.jpg 1536w, https:\/\/www.radiopiu.net\/wordpress\/wp-content\/uploads\/2024\/01\/giesse-scaled-1-2048x2048.jpg 2048w\" sizes=\"auto, (max-width: 147px) 100vw, 147px\" \/><\/a>BELLUNO <\/strong>Cassata la sentenza della Corte d\u2019Appello riguardo all\u2019incidente stradale di 17 anni fa, a Santa Giustina, in cui morirono due persone. I giudici hanno accolto il ricorso dei familiari di una della due vittime, assistita dai legali fiduciari di Giesse, spiegando che un automobilista, se vuole immettersi in una strada principale girando a sinistra, deve dare la precedenza sia ai veicoli in transito sia a quelli in sorpasso. L\u2019incidente si verific\u00f2 il 12 aprile 2007 lungo la statale 50, a Santa Giustina. Quel giorno un camionista alla guida di un\u2019autocisterna, che procedeva da Belluno verso Feltre, si accorse che poco pi\u00f9 avanti, alla sua destra, una Citroen C4 cercava di immettersi sulla statale 50 per proseguire verso Belluno. L\u2019auto, quindi, avrebbe dovuto attraversare la corsia percorsa dall\u2019autocisterna e poi svoltare a sinistra. Cos\u00ec fece. Ma, proprio in quel momento, due moto che avevano appena cominciato a superare il camion, una dietro l\u2019altra, si trovarono davanti la Citroen (ormai perpendicolare rispetto all\u2019asse della strada) e lo scontro fu inevitabile. La prima moto, un\u2019Honda Hornet 900, si schiant\u00f2 contro la parte centrale dell\u2019auto. Un impatto tremendo in cui perse la vita il 51enne Silvio Remedi, i cui familiari sono assistiti da Giesse. Poco dopo arriv\u00f2 anche la seconda moto, una Yamaha R6, che colp\u00ec nuovamente la Citroen: il motociclista riport\u00f2 ferite gravi ma riusc\u00ec a sopravvivere, mentre il 25enne seduto dietro di lui mor\u00ec. A distanza di 17 anni la causa civile \u00e8 ancora in piedi. Il Tribunale di Belluno, nella sentenza di primo grado, dichiar\u00f2 infatti i due motociclisti unici responsabili dell\u2019incidente. La sentenza venne impugnata e la Corte d\u2019Appello conferm\u00f2 quanto deciso dal giudice precedente. La causa \u00e8 quindi arrivata in Cassazione che ha infine accolto il ricorso dei familiari di Remedi. \u201c\u00c8 stato un grande lavoro di squadra \u2013 spiega Claudio Dal Borgo, referente di Giesse Risarcimento Danni a Belluno \u2013 Sapevamo che prima o poi sarebbe emersa la verit\u00e0 e siamo andati avanti, tramite i nostri avvocati, per quasi 20 anni, nonostante le due precedenti sentenze sfavorevoli. La nostra costanza, alla fine, si \u00e8 dimostrata vincente e la Cassazione ha accolto il nostro ricorso\u201d. \u201cLa sentenza impugnata \u2013 continua Dal Borgo \u2013 \u00e8 stata definita \u201cviziata\u201d. Non tiene conto, cio\u00e8, del fatto che un automobilista, quando esce da un\u2019area privata e si immette in una strada principale, come accaduto in questo caso, \u00e8 obbligato a dare la precedenza a tutti i mezzi in transito su quel tratto, anche \u2013 ed \u00e8 qui il punto fondamentale \u2013 a quelli in sorpasso. Altrimenti deve astenersi dalla manovra\u201d. Se l\u2019automobilista non riesce a effettuare la svolta a sinistra, a causa della visuale parzialmente o totalmente coperta, le alternative sono due. Scrive, infatti, la Cassazione: \u201cNell\u2019ipotesi in cui non sia assolutamente possibile effettuarla diversamente (\u2026) deve, pertanto, svoltare immediatamente sulla propria destra, rinunciando, in ogni caso, ad attraversare completamente la carreggiata per convergere sul lato opposto, verso sinistra, salvo ad invertire poi la direzione di marcia in altro luogo idoneo\u201d. Oppure: \u201cDeve astenersi dalla manovra di immissione con svolta a sinistra, finch\u00e9 non abbia la visuale del tutto libera anche sul tratto di strada che intende andare a impegnare\u201d. La sentenza impugnata \u00e8 stata quindi cassata e rinviata alla Corte d\u2019Appello di Venezia che, in composizione diversa, dovr\u00e0 ora procedere al riesame della vicenda. \u201cFinalmente \u00e8 emersa la verit\u00e0 \u2013 commenta la moglie Cristina, a nome dei familiari \u2013 Ormai non ci speravamo pi\u00f9: ogni udienza e ogni sentenza sono state per noi delle pugnalate al cuore. Io non ho il paraocchi e non voglio sottrarmi all\u2019evidenza. So benissimo che anche mio marito pu\u00f2 aver avuto una parte di responsabilit\u00e0 in questo incidente. Ma ci tenevo affinch\u00e9 emergesse l\u2019intera verit\u00e0 e quindi la corresponsabilit\u00e0 dell\u2019automobilista che non avrebbe dovuto trovarsi in quel punto. Non voglio aggiungere altro, se non che ci manca ancora tantissimo\u201d.<\/p>\n<p>&nbsp;<\/p>\n<p>&nbsp;<\/p>\n<p>******<\/p>\n<p>&nbsp;<\/p>\n","protected":false},"excerpt":{"rendered":"<p>**** &nbsp; BELLUNO Cassata la sentenza della Corte d\u2019Appello riguardo all\u2019incidente stradale di 17 anni fa, a Santa Giustina, in cui morirono due persone. I giudici hanno accolto il ricorso dei familiari di una della due vittime, assistita dai legali fiduciari di Giesse, spiegando che un automobilista, se vuole immettersi in una strada principale girando&hellip;<\/p>\n","protected":false},"author":4,"featured_media":370196,"comment_status":"closed","ping_status":"closed","sticky":false,"template":"","format":"standard","meta":{"_monsterinsights_skip_tracking":false,"_monsterinsights_sitenote_active":false,"_monsterinsights_sitenote_note":"","_monsterinsights_sitenote_category":0,"footnotes":""},"categories":[51,49],"tags":[],"class_list":["post-374036","post","type-post","status-publish","format-standard","has-post-thumbnail","hentry","category-evidenza-top","category-news-18","category-51","category-49","description-off"],"img_url":"https:\/\/www.radiopiu.net\/wordpress\/wp-content\/uploads\/2024\/01\/giesse-scaled-1.jpg","_links":{"self":[{"href":"https:\/\/www.radiopiu.net\/wordpress\/wp-json\/wp\/v2\/posts\/374036","targetHints":{"allow":["GET"]}}],"collection":[{"href":"https:\/\/www.radiopiu.net\/wordpress\/wp-json\/wp\/v2\/posts"}],"about":[{"href":"https:\/\/www.radiopiu.net\/wordpress\/wp-json\/wp\/v2\/types\/post"}],"author":[{"embeddable":true,"href":"https:\/\/www.radiopiu.net\/wordpress\/wp-json\/wp\/v2\/users\/4"}],"replies":[{"embeddable":true,"href":"https:\/\/www.radiopiu.net\/wordpress\/wp-json\/wp\/v2\/comments?post=374036"}],"version-history":[{"count":0,"href":"https:\/\/www.radiopiu.net\/wordpress\/wp-json\/wp\/v2\/posts\/374036\/revisions"}],"wp:featuredmedia":[{"embeddable":true,"href":"https:\/\/www.radiopiu.net\/wordpress\/wp-json\/wp\/v2\/media\/370196"}],"wp:attachment":[{"href":"https:\/\/www.radiopiu.net\/wordpress\/wp-json\/wp\/v2\/media?parent=374036"}],"wp:term":[{"taxonomy":"category","embeddable":true,"href":"https:\/\/www.radiopiu.net\/wordpress\/wp-json\/wp\/v2\/categories?post=374036"},{"taxonomy":"post_tag","embeddable":true,"href":"https:\/\/www.radiopiu.net\/wordpress\/wp-json\/wp\/v2\/tags?post=374036"}],"curies":[{"name":"wp","href":"https:\/\/api.w.org\/{rel}","templated":true}]}}