{"id":374061,"date":"2024-02-12T04:00:33","date_gmt":"2024-02-12T03:00:33","guid":{"rendered":"https:\/\/www.radiopiu.net\/wordpress\/?p=374061"},"modified":"2024-02-12T05:45:30","modified_gmt":"2024-02-12T04:45:30","slug":"lamministrazione-comunale-di-alleghe-ringrazia-gli-alpini-pergamena-ai-soccorritori-del-vajont-e-agli-ultranovantenni","status":"publish","type":"post","link":"https:\/\/www.radiopiu.net\/wordpress\/lamministrazione-comunale-di-alleghe-ringrazia-gli-alpini-pergamena-ai-soccorritori-del-vajont-e-agli-ultranovantenni\/","title":{"rendered":"L&#8217;AMMINISTRAZIONE COMUNALE DI ALLEGHE RINGRAZIA GLI ALPINI. PERGAMENA AI SOCCORRITORI DEL VAJONT E AGLI ULTRANOVANTENNI"},"content":{"rendered":"<p>*****<\/p>\n<p>&nbsp;<\/p>\n<p><strong>ALLEGHE<\/strong> Festeggiamenti e soprattutto ringraziamenti. Oggi, nella sede del Gruppo Alpini Monte Civetta di Alleghe sono stati festeggiati tre soci che hanno raggiunto e superato i 90 anni: si tratta di Giuseppe Da Pian, Elio De Toni e Paolo De Toni (aggregato). Nel corso della breve cerimonia, il sindaco Danilo De Toni si \u00e8 complimentato con gli ultranovantenni e poi ha consegnato un attestato di ringraziamento a due Alpini Alleghesi intervenuti sul disastro del Vajont, Mario Del Negro e Renato Del Zenero che all\u2019indomani del 9 ottobre 1963 si sono aggiunti ai tanti soccorritori nel teatro della tragedia. \u00abA loro va il nostro ringraziamento, per la testimonianza di solidariet\u00e0 che hanno portato in quei giorni terribili per Longarone e per il Bellunese\u00bb ha detto il sindaco De Toni. \u00abA tutte le penne nere un grazie speciale: senza il loro impegno, senza la loro abnegazione e determinazione, le nostre comunit\u00e0 locali sarebbero pi\u00f9 sole e pi\u00f9 povere. Gli Alpini ci sono sempre quando serve il loro aiuto, con una presenza umile ma fondamentale\u00bb.<\/p>\n\n\t\t\t<style type='text\/css'>\n\t\t\t\t#gallery-1 {\n\t\t\t\t\tmargin: auto;\n\t\t\t\t}\n\t\t\t\t#gallery-1 .gallery-item {\n\t\t\t\t\tfloat: left;\n\t\t\t\t\tmargin-top: 10px;\n\t\t\t\t\ttext-align: center;\n\t\t\t\t\twidth: 50%;\n\t\t\t\t}\n\t\t\t\t#gallery-1 img {\n\t\t\t\t\tborder: 2px solid #cfcfcf;\n\t\t\t\t}\n\t\t\t\t#gallery-1 .gallery-caption {\n\t\t\t\t\tmargin-left: 0;\n\t\t\t\t}\n\t\t\t\t\/* see gallery_shortcode() in wp-includes\/media.php *\/\n\t\t\t<\/style>\n\t\t<div id='gallery-1' class='dt-gallery-container gallery galleryid-374061 gallery-columns-2 gallery-size-medium'><dl class='gallery-item'>\n\t\t\t\t<dt class='gallery-icon landscape'>\n\t\t\t\t\t<a class=\"rollover rollover-zoom dt-pswp-item\" title=\"e3a1baa6-72f5-4b27-ab9e-dde369ef7657\" data-dt-img-description=\"\" data-large_image_width=\"1600\" data-large_image_height=\"1198\"href='https:\/\/www.radiopiu.net\/wordpress\/wp-content\/uploads\/2024\/02\/e3a1baa6-72f5-4b27-ab9e-dde369ef7657.jpg'><img loading=\"lazy\" decoding=\"async\" width=\"300\" height=\"225\" src=\"https:\/\/www.radiopiu.net\/wordpress\/wp-content\/uploads\/2024\/02\/e3a1baa6-72f5-4b27-ab9e-dde369ef7657-300x225.jpg\" class=\"attachment-medium size-medium\" alt=\"\" srcset=\"https:\/\/www.radiopiu.net\/wordpress\/wp-content\/uploads\/2024\/02\/e3a1baa6-72f5-4b27-ab9e-dde369ef7657-300x225.jpg 300w, https:\/\/www.radiopiu.net\/wordpress\/wp-content\/uploads\/2024\/02\/e3a1baa6-72f5-4b27-ab9e-dde369ef7657-1024x767.jpg 1024w, https:\/\/www.radiopiu.net\/wordpress\/wp-content\/uploads\/2024\/02\/e3a1baa6-72f5-4b27-ab9e-dde369ef7657-768x575.jpg 768w, https:\/\/www.radiopiu.net\/wordpress\/wp-content\/uploads\/2024\/02\/e3a1baa6-72f5-4b27-ab9e-dde369ef7657-1536x1150.jpg 1536w, https:\/\/www.radiopiu.net\/wordpress\/wp-content\/uploads\/2024\/02\/e3a1baa6-72f5-4b27-ab9e-dde369ef7657.jpg 1600w\" sizes=\"auto, (max-width: 300px) 100vw, 300px\" \/><\/a>\n\t\t\t\t<\/dt><\/dl><dl class='gallery-item'>\n\t\t\t\t<dt class='gallery-icon portrait'>\n\t\t\t\t\t<a class=\"rollover rollover-zoom dt-pswp-item\" title=\"53e5217b-eab0-4014-911c-1734102dcf01\" data-dt-img-description=\"\" data-large_image_width=\"1200\" data-large_image_height=\"1600\"href='https:\/\/www.radiopiu.net\/wordpress\/wp-content\/uploads\/2024\/02\/53e5217b-eab0-4014-911c-1734102dcf01.jpg'><img loading=\"lazy\" decoding=\"async\" width=\"225\" height=\"300\" src=\"https:\/\/www.radiopiu.net\/wordpress\/wp-content\/uploads\/2024\/02\/53e5217b-eab0-4014-911c-1734102dcf01-225x300.jpg\" class=\"attachment-medium size-medium\" alt=\"\" srcset=\"https:\/\/www.radiopiu.net\/wordpress\/wp-content\/uploads\/2024\/02\/53e5217b-eab0-4014-911c-1734102dcf01-225x300.jpg 225w, https:\/\/www.radiopiu.net\/wordpress\/wp-content\/uploads\/2024\/02\/53e5217b-eab0-4014-911c-1734102dcf01-768x1024.jpg 768w, https:\/\/www.radiopiu.net\/wordpress\/wp-content\/uploads\/2024\/02\/53e5217b-eab0-4014-911c-1734102dcf01-1152x1536.jpg 1152w, https:\/\/www.radiopiu.net\/wordpress\/wp-content\/uploads\/2024\/02\/53e5217b-eab0-4014-911c-1734102dcf01.jpg 1200w\" sizes=\"auto, (max-width: 225px) 100vw, 225px\" \/><\/a>\n\t\t\t\t<\/dt><\/dl><br style=\"clear: both\" \/>\n\t\t\t<\/div>\n\n<p>&nbsp;<\/p>\n<p>&nbsp;<\/p>\n<p>*******<\/p>\n","protected":false},"excerpt":{"rendered":"<p>***** &nbsp; ALLEGHE Festeggiamenti e soprattutto ringraziamenti. Oggi, nella sede del Gruppo Alpini Monte Civetta di Alleghe sono stati festeggiati tre soci che hanno raggiunto e superato i 90 anni: si tratta di Giuseppe Da Pian, Elio De Toni e Paolo De Toni (aggregato). Nel corso della breve cerimonia, il sindaco Danilo De Toni si&hellip;<\/p>\n","protected":false},"author":4,"featured_media":374062,"comment_status":"closed","ping_status":"closed","sticky":false,"template":"","format":"standard","meta":{"_monsterinsights_skip_tracking":false,"_monsterinsights_sitenote_active":false,"_monsterinsights_sitenote_note":"","_monsterinsights_sitenote_category":0,"footnotes":""},"categories":[51,49],"tags":[],"class_list":["post-374061","post","type-post","status-publish","format-standard","has-post-thumbnail","hentry","category-evidenza-top","category-news-18","category-51","category-49","description-off"],"img_url":"https:\/\/www.radiopiu.net\/wordpress\/wp-content\/uploads\/2024\/02\/e3a1baa6-72f5-4b27-ab9e-dde369ef7657.jpg","_links":{"self":[{"href":"https:\/\/www.radiopiu.net\/wordpress\/wp-json\/wp\/v2\/posts\/374061","targetHints":{"allow":["GET"]}}],"collection":[{"href":"https:\/\/www.radiopiu.net\/wordpress\/wp-json\/wp\/v2\/posts"}],"about":[{"href":"https:\/\/www.radiopiu.net\/wordpress\/wp-json\/wp\/v2\/types\/post"}],"author":[{"embeddable":true,"href":"https:\/\/www.radiopiu.net\/wordpress\/wp-json\/wp\/v2\/users\/4"}],"replies":[{"embeddable":true,"href":"https:\/\/www.radiopiu.net\/wordpress\/wp-json\/wp\/v2\/comments?post=374061"}],"version-history":[{"count":0,"href":"https:\/\/www.radiopiu.net\/wordpress\/wp-json\/wp\/v2\/posts\/374061\/revisions"}],"wp:featuredmedia":[{"embeddable":true,"href":"https:\/\/www.radiopiu.net\/wordpress\/wp-json\/wp\/v2\/media\/374062"}],"wp:attachment":[{"href":"https:\/\/www.radiopiu.net\/wordpress\/wp-json\/wp\/v2\/media?parent=374061"}],"wp:term":[{"taxonomy":"category","embeddable":true,"href":"https:\/\/www.radiopiu.net\/wordpress\/wp-json\/wp\/v2\/categories?post=374061"},{"taxonomy":"post_tag","embeddable":true,"href":"https:\/\/www.radiopiu.net\/wordpress\/wp-json\/wp\/v2\/tags?post=374061"}],"curies":[{"name":"wp","href":"https:\/\/api.w.org\/{rel}","templated":true}]}}