{"id":374095,"date":"2024-02-11T09:32:59","date_gmt":"2024-02-11T08:32:59","guid":{"rendered":"https:\/\/www.radiopiu.net\/wordpress\/?p=374095"},"modified":"2024-02-12T05:45:08","modified_gmt":"2024-02-12T04:45:08","slug":"uno-strepitoso-elia-barp-chiude-al-quinto-posto-la-sprint-in-canada","status":"publish","type":"post","link":"https:\/\/www.radiopiu.net\/wordpress\/uno-strepitoso-elia-barp-chiude-al-quinto-posto-la-sprint-in-canada\/","title":{"rendered":"UNO STREPITOSO ELIA BARP CHIUDE AL QUINTO POSTO LA SPRINT IN CANADA"},"content":{"rendered":"<p>****<\/p>\n<p>&nbsp;<\/p>\n<p><strong><a class=\"dt-pswp-item\" href=\"https:\/\/www.radiopiu.net\/wordpress\/wp-content\/uploads\/2023\/01\/ELIA-BARP.jpg\" data-dt-img-description=\"\" data-large_image_width=\"1536\" data-large_image_height=\"1024\"><img loading=\"lazy\" decoding=\"async\" class=\" wp-image-314851 alignleft\" src=\"https:\/\/www.radiopiu.net\/wordpress\/wp-content\/uploads\/2023\/01\/ELIA-BARP-300x200.jpg\" alt=\"\" width=\"158\" height=\"105\" srcset=\"https:\/\/www.radiopiu.net\/wordpress\/wp-content\/uploads\/2023\/01\/ELIA-BARP-300x200.jpg 300w, https:\/\/www.radiopiu.net\/wordpress\/wp-content\/uploads\/2023\/01\/ELIA-BARP-1024x683.jpg 1024w, https:\/\/www.radiopiu.net\/wordpress\/wp-content\/uploads\/2023\/01\/ELIA-BARP-768x512.jpg 768w, https:\/\/www.radiopiu.net\/wordpress\/wp-content\/uploads\/2023\/01\/ELIA-BARP.jpg 1536w\" sizes=\"auto, (max-width: 158px) 100vw, 158px\" \/><\/a>REDAZIONE<\/strong> Elia Barp ha ottenuto un notevole quinto posto nella sprint di Coppa del Mondo di sci nordico a Canmore, Canada. Al primo anno tra i professionisti, Barp ha impressionato con una prestazione tattica nella finale, gestendo la gara e provando una super volata che lo ha portato alla quinta posizione. Nella semifinale, Barp ha segnato un capolavoro, chiudendo secondo dopo una spettacolare volata nel rettilineo finale. Questo risultato conferma la sua crescente presenza nel circuito, dimostrando la sua abilit\u00e0 e velocit\u00e0 contro atleti pi\u00f9 esperti.<\/p>\n<p>&nbsp;<\/p>\n<p>&nbsp;<\/p>\n<p>******<\/p>\n","protected":false},"excerpt":{"rendered":"<p>**** &nbsp; REDAZIONE Elia Barp ha ottenuto un notevole quinto posto nella sprint di Coppa del Mondo di sci nordico a Canmore, Canada. Al primo anno tra i professionisti, Barp ha impressionato con una prestazione tattica nella finale, gestendo la gara e provando una super volata che lo ha portato alla quinta posizione. Nella semifinale,&hellip;<\/p>\n","protected":false},"author":4,"featured_media":314851,"comment_status":"closed","ping_status":"closed","sticky":false,"template":"","format":"standard","meta":{"_monsterinsights_skip_tracking":false,"_monsterinsights_sitenote_active":false,"_monsterinsights_sitenote_note":"","_monsterinsights_sitenote_category":0,"footnotes":""},"categories":[104,49],"tags":[],"class_list":["post-374095","post","type-post","status-publish","format-standard","has-post-thumbnail","hentry","category-evidenza_3","category-news-18","category-104","category-49","description-off"],"img_url":"https:\/\/www.radiopiu.net\/wordpress\/wp-content\/uploads\/2023\/01\/ELIA-BARP.jpg","_links":{"self":[{"href":"https:\/\/www.radiopiu.net\/wordpress\/wp-json\/wp\/v2\/posts\/374095","targetHints":{"allow":["GET"]}}],"collection":[{"href":"https:\/\/www.radiopiu.net\/wordpress\/wp-json\/wp\/v2\/posts"}],"about":[{"href":"https:\/\/www.radiopiu.net\/wordpress\/wp-json\/wp\/v2\/types\/post"}],"author":[{"embeddable":true,"href":"https:\/\/www.radiopiu.net\/wordpress\/wp-json\/wp\/v2\/users\/4"}],"replies":[{"embeddable":true,"href":"https:\/\/www.radiopiu.net\/wordpress\/wp-json\/wp\/v2\/comments?post=374095"}],"version-history":[{"count":0,"href":"https:\/\/www.radiopiu.net\/wordpress\/wp-json\/wp\/v2\/posts\/374095\/revisions"}],"wp:featuredmedia":[{"embeddable":true,"href":"https:\/\/www.radiopiu.net\/wordpress\/wp-json\/wp\/v2\/media\/314851"}],"wp:attachment":[{"href":"https:\/\/www.radiopiu.net\/wordpress\/wp-json\/wp\/v2\/media?parent=374095"}],"wp:term":[{"taxonomy":"category","embeddable":true,"href":"https:\/\/www.radiopiu.net\/wordpress\/wp-json\/wp\/v2\/categories?post=374095"},{"taxonomy":"post_tag","embeddable":true,"href":"https:\/\/www.radiopiu.net\/wordpress\/wp-json\/wp\/v2\/tags?post=374095"}],"curies":[{"name":"wp","href":"https:\/\/api.w.org\/{rel}","templated":true}]}}