{"id":374101,"date":"2024-02-12T05:18:08","date_gmt":"2024-02-12T04:18:08","guid":{"rendered":"https:\/\/www.radiopiu.net\/wordpress\/?p=374101"},"modified":"2024-02-12T05:42:37","modified_gmt":"2024-02-12T04:42:37","slug":"vigili-del-fuoco-al-lavoro-sul-passo-fedaia","status":"publish","type":"post","link":"https:\/\/www.radiopiu.net\/wordpress\/vigili-del-fuoco-al-lavoro-sul-passo-fedaia\/","title":{"rendered":"VIGILI DEL FUOCO AL LAVORO SUL PASSO FEDAIA. UN&#8217;AUTO FINISCE FUORI STRADA"},"content":{"rendered":"<p>*****<\/p>\n<p>&nbsp;<\/p>\n<p><strong>ROCCA PIETORE<\/strong> Pompieri al lavoro questa mattina sulla SP 641 del Passo Fedaia dove un&#8217;auto con targa tedesca \u00e8 scivolata sulla neve ed \u00e8 uscita di strada. Fortunatamente, non ci sono persone ferite. Il recupero del veicolo \u00e8 stato eseguito dalle squadre dei Vigili del Fuoco di Agordo e dai volontari di Caprile, impiegando circa un&#8217;ora per completare le operazioni.<\/p>\n<p>&nbsp;<\/p>\n<p>&nbsp;<\/p>\n<p>******<\/p>\n","protected":false},"excerpt":{"rendered":"<p>***** &nbsp; ROCCA PIETORE Pompieri al lavoro questa mattina sulla SP 641 del Passo Fedaia dove un&#8217;auto con targa tedesca \u00e8 scivolata sulla neve ed \u00e8 uscita di strada. Fortunatamente, non ci sono persone ferite. Il recupero del veicolo \u00e8 stato eseguito dalle squadre dei Vigili del Fuoco di Agordo e dai volontari di Caprile,&hellip;<\/p>\n","protected":false},"author":4,"featured_media":138743,"comment_status":"closed","ping_status":"closed","sticky":false,"template":"","format":"standard","meta":{"_monsterinsights_skip_tracking":false,"_monsterinsights_sitenote_active":false,"_monsterinsights_sitenote_note":"","_monsterinsights_sitenote_category":0,"footnotes":""},"categories":[51,49],"tags":[],"class_list":["post-374101","post","type-post","status-publish","format-standard","has-post-thumbnail","hentry","category-evidenza-top","category-news-18","category-51","category-49","description-off"],"img_url":"https:\/\/www.radiopiu.net\/wordpress\/wp-content\/uploads\/2020\/05\/VIGILI-DEL-FUOCO-LOGO.png","_links":{"self":[{"href":"https:\/\/www.radiopiu.net\/wordpress\/wp-json\/wp\/v2\/posts\/374101","targetHints":{"allow":["GET"]}}],"collection":[{"href":"https:\/\/www.radiopiu.net\/wordpress\/wp-json\/wp\/v2\/posts"}],"about":[{"href":"https:\/\/www.radiopiu.net\/wordpress\/wp-json\/wp\/v2\/types\/post"}],"author":[{"embeddable":true,"href":"https:\/\/www.radiopiu.net\/wordpress\/wp-json\/wp\/v2\/users\/4"}],"replies":[{"embeddable":true,"href":"https:\/\/www.radiopiu.net\/wordpress\/wp-json\/wp\/v2\/comments?post=374101"}],"version-history":[{"count":0,"href":"https:\/\/www.radiopiu.net\/wordpress\/wp-json\/wp\/v2\/posts\/374101\/revisions"}],"wp:featuredmedia":[{"embeddable":true,"href":"https:\/\/www.radiopiu.net\/wordpress\/wp-json\/wp\/v2\/media\/138743"}],"wp:attachment":[{"href":"https:\/\/www.radiopiu.net\/wordpress\/wp-json\/wp\/v2\/media?parent=374101"}],"wp:term":[{"taxonomy":"category","embeddable":true,"href":"https:\/\/www.radiopiu.net\/wordpress\/wp-json\/wp\/v2\/categories?post=374101"},{"taxonomy":"post_tag","embeddable":true,"href":"https:\/\/www.radiopiu.net\/wordpress\/wp-json\/wp\/v2\/tags?post=374101"}],"curies":[{"name":"wp","href":"https:\/\/api.w.org\/{rel}","templated":true}]}}