{"id":374145,"date":"2024-02-13T11:41:31","date_gmt":"2024-02-13T10:41:31","guid":{"rendered":"https:\/\/www.radiopiu.net\/wordpress\/?p=374145"},"modified":"2024-02-13T12:06:48","modified_gmt":"2024-02-13T11:06:48","slug":"giornale-radiopiu-13-febbraio-2024-direttore-mirko-mezzacasada-40-anni-25-giugno-1983-25-giugno-2023","status":"publish","type":"post","link":"https:\/\/www.radiopiu.net\/wordpress\/giornale-radiopiu-13-febbraio-2024-direttore-mirko-mezzacasada-40-anni-25-giugno-1983-25-giugno-2023\/","title":{"rendered":"GIORNALE RADIOPIU 13 FEBBRAIO 2024 DIRETTORE MIRKO MEZZACASA\u2026DA 40 ANNI 25 GIUGNO 1983-25 GIUGNO 2023"},"content":{"rendered":"<p>****<\/p>\n<p>&nbsp;<\/p>\n<hr \/>\n<h1 class=\"entry-title photoswipe-wrapper\"><strong><a class=\"dt-pswp-item\" href=\"https:\/\/www.radiopiu.net\/wordpress\/wp-content\/uploads\/2023\/12\/logo-radio.jpg\" data-dt-img-description=\"\" data-large_image_width=\"800\" data-large_image_height=\"600\"><img loading=\"lazy\" decoding=\"async\" class=\"wp-image-367163 alignleft\" src=\"https:\/\/www.radiopiu.net\/wordpress\/wp-content\/uploads\/2023\/12\/logo-radio-300x225.jpg\" alt=\"\" width=\"109\" height=\"82\" srcset=\"https:\/\/www.radiopiu.net\/wordpress\/wp-content\/uploads\/2023\/12\/logo-radio-300x225.jpg 300w, https:\/\/www.radiopiu.net\/wordpress\/wp-content\/uploads\/2023\/12\/logo-radio-768x576.jpg 768w, https:\/\/www.radiopiu.net\/wordpress\/wp-content\/uploads\/2023\/12\/logo-radio.jpg 800w\" sizes=\"auto, (max-width: 109px) 100vw, 109px\" \/><\/a><\/strong><\/h1>\n<h1 class=\"entry-title photoswipe-wrapper\">40esimo di RADIOPIU\u2026. LA VOCE DELL\u2019EMOZIONE<\/h1>\n<h2><\/h2>\n<h2><span style=\"color: #ff0000;\">ISCRIVITI AL NOSTRO CANALE\u00a0\u00a0YOUTUBE PER SEGUIRE IN DIRETTA I PRINCIPALI PROGRAMMI DI RADIO PIU\u2019 E LE FUTURE DIRETTE IN ESTERNA. PER ISCRIVERTI <a style=\"color: #ff0000;\" href=\"https:\/\/youtube.com\/@radiopiu1527\">CLICCA QUI\u00a0<\/a>E PREMI\u00a0 \u201cIscriviti\u201d\u00a0 \u00a0<\/span><\/h2>\n<div class=\"x1e56ztr\" data-block=\"true\" data-editor=\"avj4u\" data-offset-key=\"d3i0j-0-0\"><\/div>\n<div data-block=\"true\" data-editor=\"avj4u\" data-offset-key=\"d3i0j-0-0\"><\/div>\n<div data-block=\"true\" data-editor=\"avj4u\" data-offset-key=\"d3i0j-0-0\"><\/div>\n<div class=\"x11i5rnm xat24cr x1mh8g0r x1vvkbs xtlvy1s x126k92a\">\n<div dir=\"auto\">\n<p><a class=\"dt-pswp-item\" href=\"https:\/\/www.radiopiu.net\/wordpress\/wp-content\/uploads\/2023\/10\/34f4cfc6-e863-46e9-9695-8df44be63421.jpg\" data-dt-img-description=\"\" data-large_image_width=\"1200\" data-large_image_height=\"1200\"><img loading=\"lazy\" decoding=\"async\" class=\"wp-image-357393 alignleft\" src=\"https:\/\/www.radiopiu.net\/wordpress\/wp-content\/uploads\/2023\/10\/34f4cfc6-e863-46e9-9695-8df44be63421-300x300.jpg\" alt=\"\" width=\"81\" height=\"81\" srcset=\"https:\/\/www.radiopiu.net\/wordpress\/wp-content\/uploads\/2023\/10\/34f4cfc6-e863-46e9-9695-8df44be63421-300x300.jpg 300w, https:\/\/www.radiopiu.net\/wordpress\/wp-content\/uploads\/2023\/10\/34f4cfc6-e863-46e9-9695-8df44be63421-1024x1024.jpg 1024w, https:\/\/www.radiopiu.net\/wordpress\/wp-content\/uploads\/2023\/10\/34f4cfc6-e863-46e9-9695-8df44be63421-150x150.jpg 150w, https:\/\/www.radiopiu.net\/wordpress\/wp-content\/uploads\/2023\/10\/34f4cfc6-e863-46e9-9695-8df44be63421-768x768.jpg 768w, https:\/\/www.radiopiu.net\/wordpress\/wp-content\/uploads\/2023\/10\/34f4cfc6-e863-46e9-9695-8df44be63421.jpg 1200w\" sizes=\"auto, (max-width: 81px) 100vw, 81px\" \/><\/a>OGGI ALLA RADIO: <strong>ALLE 7<\/strong> LA RASSEGNA STAMPA LOCALE FLASH, PER CHI COME NOI ALLE SETTE DEL MATTINO VA DI FRETTA, TANTE NOTIZIE IN POCHE CHIACCHIERE. <strong>ALLE OTTO<\/strong> L&#8217;APPROFONDIMENTO NELLA STORICA RASSEGNA STAMPA LOCALE.\u00a0 DALLE 6 ALLE 21, OGNI ORA, L&#8217;INFORMAZIONE NAZIONALE, l&#8217;informazione locale,\u00a0 OGNI ORA IN CODA AL GR NAZIONALE, ALLE 14 VIABILITA 15 METEOROLOGIA 19 I TITOLI DAL TG DI ANTENNA 3 A CURA DI TIZIANA BOLOGNANI<\/p>\n<p>OGGI ALLE RADIO,<strong> ALLE 7.20<\/strong> EL BAL DEL FIOR CON GIULIANA DA RONCH,<strong> ALLE 8.20<\/strong> PIU&#8217; SIAMO CON MARINA DONA&#8217;<strong> ALLE 9<\/strong> IL COUNTRY CON ALEX NASCINMBEN,<strong> 10.10 E 18.30 MUSLA<\/strong>, LE NOVE IN LADIN, <strong>ALLE 10.30<\/strong> 120-80, CONOSCIAMO I PROFESSIONISTI DEL POLIAMBULATORIO AGORDINO, OGGI CON IL DOTTOR JACOPO BROZZI, <strong>ALLE 13.00<\/strong> SPECIALE REGIONALE 203 AGORDINA, UNA STORIA RACCONTATA DA LUISA MANFROI <strong>ALLE 15.10<\/strong> EL DARLIN CON LUISA ALCHINI, OSPITE MARIA MADDALENA SIEF<\/p>\n<p>&nbsp;<\/p>\n<p>&nbsp;<\/p>\n<p><strong><a class=\"dt-pswp-item\" href=\"https:\/\/www.radiopiu.net\/wordpress\/wp-content\/uploads\/2024\/02\/2d44e751-d8a8-461b-8e22-d8e4e853b032.jpg\" data-dt-img-description=\"\" data-large_image_width=\"1600\" data-large_image_height=\"1200\"><img loading=\"lazy\" decoding=\"async\" class=\"wp-image-373307 alignleft\" src=\"https:\/\/www.radiopiu.net\/wordpress\/wp-content\/uploads\/2024\/02\/2d44e751-d8a8-461b-8e22-d8e4e853b032-300x225.jpg\" alt=\"\" width=\"105\" height=\"79\" srcset=\"https:\/\/www.radiopiu.net\/wordpress\/wp-content\/uploads\/2024\/02\/2d44e751-d8a8-461b-8e22-d8e4e853b032-300x225.jpg 300w, https:\/\/www.radiopiu.net\/wordpress\/wp-content\/uploads\/2024\/02\/2d44e751-d8a8-461b-8e22-d8e4e853b032-1024x768.jpg 1024w, https:\/\/www.radiopiu.net\/wordpress\/wp-content\/uploads\/2024\/02\/2d44e751-d8a8-461b-8e22-d8e4e853b032-768x576.jpg 768w, https:\/\/www.radiopiu.net\/wordpress\/wp-content\/uploads\/2024\/02\/2d44e751-d8a8-461b-8e22-d8e4e853b032-1536x1152.jpg 1536w, https:\/\/www.radiopiu.net\/wordpress\/wp-content\/uploads\/2024\/02\/2d44e751-d8a8-461b-8e22-d8e4e853b032.jpg 1600w\" sizes=\"auto, (max-width: 105px) 100vw, 105px\" \/><\/a>EL BAL DEL FIOR, DI GIULIANA DA RONCH, 13 FEBBRAIO 2024\u00a0<\/strong><\/p>\n<p>&nbsp;<\/p>\n<p><span style=\"color: #ff0000;\"><strong>el marti gras<\/strong><\/span><\/p>\n<audio class=\"wp-audio-shortcode\" id=\"audio-374145-1\" preload=\"none\" style=\"width: 100%;\" controls=\"controls\"><source type=\"audio\/mpeg\" src=\"https:\/\/www.radiopiu.net\/wordpress\/wp-content\/uploads\/2024\/02\/GMA-1.m4a?_=1\" \/><a href=\"https:\/\/www.radiopiu.net\/wordpress\/wp-content\/uploads\/2024\/02\/GMA-1.m4a\">https:\/\/www.radiopiu.net\/wordpress\/wp-content\/uploads\/2024\/02\/GMA-1.m4a<\/a><\/audio>\n<p>&nbsp;<\/p>\n<p><strong>\u00a0DI JOHN FRANCIS DELLA PIETRA\u00a0 <em>Sulla strada di Carfon &#8211; Canale d&#8217;Agordo &#8211;\u00a0 la pioggia ha fatto il suo primaverile miracolo &#8220;Io le nomino<\/em><br \/>\n<em>Sogno di primavera&#8230; un segno di verde speranza<\/em><\/strong><\/p>\n\n\t\t\t<style type='text\/css'>\n\t\t\t\t#gallery-1 {\n\t\t\t\t\tmargin: auto;\n\t\t\t\t}\n\t\t\t\t#gallery-1 .gallery-item {\n\t\t\t\t\tfloat: left;\n\t\t\t\t\tmargin-top: 10px;\n\t\t\t\t\ttext-align: center;\n\t\t\t\t\twidth: 33%;\n\t\t\t\t}\n\t\t\t\t#gallery-1 img {\n\t\t\t\t\tborder: 2px solid #cfcfcf;\n\t\t\t\t}\n\t\t\t\t#gallery-1 .gallery-caption {\n\t\t\t\t\tmargin-left: 0;\n\t\t\t\t}\n\t\t\t\t\/* see gallery_shortcode() in wp-includes\/media.php *\/\n\t\t\t<\/style>\n\t\t<div id='gallery-1' class='dt-gallery-container gallery galleryid-374145 gallery-columns-3 gallery-size-thumbnail'><dl class='gallery-item'>\n\t\t\t\t<dt class='gallery-icon landscape'>\n\t\t\t\t\t<a class=\"rollover rollover-zoom dt-pswp-item\" title=\"fe0c45c1-e821-4da0-8d23-198959c3bd44\" data-dt-img-description=\"\" data-large_image_width=\"2000\" data-large_image_height=\"900\"href='https:\/\/www.radiopiu.net\/wordpress\/wp-content\/uploads\/2024\/02\/fe0c45c1-e821-4da0-8d23-198959c3bd44.jpg'><img loading=\"lazy\" decoding=\"async\" width=\"150\" height=\"150\" src=\"https:\/\/www.radiopiu.net\/wordpress\/wp-content\/uploads\/2024\/02\/fe0c45c1-e821-4da0-8d23-198959c3bd44-150x150.jpg\" class=\"attachment-thumbnail size-thumbnail\" alt=\"\" \/><\/a>\n\t\t\t\t<\/dt><\/dl><dl class='gallery-item'>\n\t\t\t\t<dt class='gallery-icon landscape'>\n\t\t\t\t\t<a class=\"rollover rollover-zoom dt-pswp-item\" title=\"0b770f84-363d-4876-9718-d46ffd3fec3e\" data-dt-img-description=\"\" data-large_image_width=\"2000\" data-large_image_height=\"900\"href='https:\/\/www.radiopiu.net\/wordpress\/wp-content\/uploads\/2024\/02\/0b770f84-363d-4876-9718-d46ffd3fec3e.jpg'><img loading=\"lazy\" decoding=\"async\" width=\"150\" height=\"150\" src=\"https:\/\/www.radiopiu.net\/wordpress\/wp-content\/uploads\/2024\/02\/0b770f84-363d-4876-9718-d46ffd3fec3e-150x150.jpg\" class=\"attachment-thumbnail size-thumbnail\" alt=\"\" \/><\/a>\n\t\t\t\t<\/dt><\/dl><dl class='gallery-item'>\n\t\t\t\t<dt class='gallery-icon portrait'>\n\t\t\t\t\t<a class=\"rollover rollover-zoom dt-pswp-item\" title=\"625b97ad-96ce-4cfb-873c-badc1515aff1\" data-dt-img-description=\"\" data-large_image_width=\"900\" data-large_image_height=\"2000\"href='https:\/\/www.radiopiu.net\/wordpress\/wp-content\/uploads\/2024\/02\/625b97ad-96ce-4cfb-873c-badc1515aff1.jpg'><img loading=\"lazy\" decoding=\"async\" width=\"150\" height=\"150\" src=\"https:\/\/www.radiopiu.net\/wordpress\/wp-content\/uploads\/2024\/02\/625b97ad-96ce-4cfb-873c-badc1515aff1-150x150.jpg\" class=\"attachment-thumbnail size-thumbnail\" alt=\"\" \/><\/a>\n\t\t\t\t<\/dt><\/dl><br style=\"clear: both\" \/>\n\t\t\t<\/div>\n\n<p>&nbsp;<\/p>\n<p>&nbsp;<\/p>\n<table>\n<tbody>\n<tr>\n<td>\n<h2>DOLOMITI VENETE. CESSATA LA FASE OPERATIVA DI ATTENZIONE PER RISCHIO VALANGHE<\/h2>\n<\/td>\n<\/tr>\n<tr>\n<td>&nbsp;<\/p>\n<p>Alla luce delle previsioni meteo, il Centro Funzionale Decentrato della Protezione Civile ha dichiarato la cessata fase operativa di attenzione per rischio valanghe e il ritorno alla normalit\u00e0 per il territorio antropizzato delle zone montane venete<\/td>\n<\/tr>\n<\/tbody>\n<\/table>\n<p>&nbsp;<\/p>\n<p>&nbsp;<\/p>\n<\/div>\n<hr \/>\n<\/div>\n<hr \/>\n<hr \/>\n<hr \/>\n<blockquote>\n<blockquote>\n<h1><span style=\"color: #ff0000;\">I podcast informativi del mattino &#8211; audio &#8211;\u00a0<\/span><\/h1>\n<\/blockquote>\n<p><strong><a class=\"dt-pswp-item\" href=\"https:\/\/www.radiopiu.net\/wordpress\/wp-content\/uploads\/2023\/11\/th-10.jpg\" data-dt-img-description=\"\" data-large_image_width=\"320\" data-large_image_height=\"180\"><img loading=\"lazy\" decoding=\"async\" class=\"wp-image-362866 alignleft\" src=\"https:\/\/www.radiopiu.net\/wordpress\/wp-content\/uploads\/2023\/11\/th-10-300x169.jpg\" alt=\"\" width=\"185\" height=\"104\" srcset=\"https:\/\/www.radiopiu.net\/wordpress\/wp-content\/uploads\/2023\/11\/th-10-300x169.jpg 300w, https:\/\/www.radiopiu.net\/wordpress\/wp-content\/uploads\/2023\/11\/th-10.jpg 320w\" sizes=\"auto, (max-width: 185px) 100vw, 185px\" \/><\/a>LA RASSEGNA STAMPA NAZIONALE ALLA RADIO, OGNI GIORNO ALLE 5 E ALLE 6 DEL MATTINO <span style=\"color: #0000ff;\">viene pubblicata alle 6.00 <span style=\"color: #ff0000;\">DIRETTA RADIO\u00a0\u00a0<\/span><\/span><\/strong><\/p>\n<p>&nbsp;<\/p>\n<p>di SISSY MARTINELLI<\/p>\n<p>Ultimi sviluppi della guerra <strong>Israele-Palestinese.<\/strong> Preoccupazioni sulla possibilit\u00e0 che Israele scateni un&#8217;offensiva in grande scala. Protesta degli <strong>agricoltori<\/strong>, ieri delegazione al Ministero, ipotesi taglio Irpef, malcontento agricoltori tutt&#8217;altro che placato, annunciate nuove proteste. Intervista della <strong>Meloni<\/strong> al TG5 &#8220;maggioranza compatta e valori aggiunti&#8221;. Controverse dichiarazioni del Presidente <strong>Argentino<\/strong> &#8220;Lo Stato \u00e8 associazione criminale, lo disprezzo ruba attraverso le tasse&#8221;. <strong>Sanremo<\/strong> continuano le polemiche, da Napoli il sindaco concede l&#8217;onoreficienza, tra i commenti &#8220;impresentabile senza cultura&#8221;<\/p>\n<h2>L&#8217;AUDIO dalle 4 del mattino<\/h2>\n<audio class=\"wp-audio-shortcode\" id=\"audio-374145-2\" preload=\"none\" style=\"width: 100%;\" controls=\"controls\"><source type=\"audio\/mpeg\" src=\"https:\/\/www.radiopiu.net\/wordpress\/wp-content\/uploads\/2024\/02\/GIORNALEDELLESEI-12.mp3?_=2\" \/><a href=\"https:\/\/www.radiopiu.net\/wordpress\/wp-content\/uploads\/2024\/02\/GIORNALEDELLESEI-12.mp3\">https:\/\/www.radiopiu.net\/wordpress\/wp-content\/uploads\/2024\/02\/GIORNALEDELLESEI-12.mp3<\/a><\/audio>\n<p>&nbsp;<\/p><\/blockquote>\n<p>&nbsp;<\/p>\n<p>&nbsp;<\/p>\n<hr \/>\n<p>&nbsp;<\/p>\n<h1 style=\"text-align: center;\"><span style=\"color: #ff0000;\">I podcast informativi del mattino &#8211; audio &#8211;\u00a0<\/span><\/h1>\n<p><strong><a class=\"dt-pswp-item\" href=\"https:\/\/www.radiopiu.net\/wordpress\/wp-content\/uploads\/2023\/12\/images.png\" data-dt-img-description=\"\" data-large_image_width=\"316\" data-large_image_height=\"160\"><img loading=\"lazy\" decoding=\"async\" class=\"wp-image-367008 alignleft\" src=\"https:\/\/www.radiopiu.net\/wordpress\/wp-content\/uploads\/2023\/12\/images-300x152.png\" alt=\"\" width=\"235\" height=\"119\" srcset=\"https:\/\/www.radiopiu.net\/wordpress\/wp-content\/uploads\/2023\/12\/images-300x152.png 300w, https:\/\/www.radiopiu.net\/wordpress\/wp-content\/uploads\/2023\/12\/images.png 316w\" sizes=\"auto, (max-width: 235px) 100vw, 235px\" \/><\/a>OGNI GIORNO ALLE SETTE DEL MATTINO, LA RASSEGNA STAMPA LOCALE FLASH&#8230; PER CHI VA IN FRETTA. I TITOLI DAI GIORNALI E DAL SITO WWW.RADIOPIU.NET <span style=\"color: #0000ff;\">viene pubblicato alle 7.00<\/span> <span style=\"color: #ff0000;\">DIRETTA RADIO\u00a0<\/span><\/strong><\/p>\n<p><em><span style=\"color: #ff0000;\">per chi va in fretta&#8230; tante notizie in pochi minuti. L&#8217;informazione locale alla radio, ogni ora dalle 7 del mattino alle 19 della sera.\u00a0 \u00a0\u00a0<\/span><\/em><\/p>\n<p>di mirko mezzacasa<\/p>\n<p><strong>METEO<\/strong> , il Centro Funzionale Decentrato della Protezione Civile ha dichiarato la cessata fase operativa di attenzione per rischio valanghe e il ritorno alla normalit\u00e0 per il territorio antropizzato delle zone montane venete<br \/>\n<strong>GOSALDO<\/strong> Giovanni Bressan \u00e8 mancato all&#8217;affetto dei suoi cari a 81 anni. Ne hanno dato il triste annuncio i figli Paola, Iolanda e Lucia con tutti i partenti. Oggi alle 14.30 i funerali nella chiesa parrocchiale di Gosaldo.<br \/>\n<strong>LIVINALLONGO<\/strong> Il consiglio comunale di Livinallongo concede a Funivie Arabba la proroga per tenere aperte le piste fino al 21 aprile, ma la societ\u00e0 deve risolvere le questioni debitorie con il Comune entro il 15 marzo. Se non lo far\u00e0, il Comune revocher\u00e0 le concessioni<br \/>\n<strong>BOB A CORTINA,<\/strong> UN FASCICOLO IN PROCURA. ZAIA &#8220;NON NE SO NULLA, MICA E&#8217; UN NOSTRO CANTIERE&#8221;<br \/>\n<strong>ARSIE<\/strong> Il Comune di Arsi\u00e8 non lascia correre gli scritti offensivi online e la lettera anonima sulla questione degli autovelox. Presenta opposizione alla richiesta di archiviazione della denuncia querela<\/p>\n<h2>AUDIO dalle 7 del mattino<\/h2>\n<audio class=\"wp-audio-shortcode\" id=\"audio-374145-3\" preload=\"none\" style=\"width: 100%;\" controls=\"controls\"><source type=\"audio\/mpeg\" src=\"https:\/\/www.radiopiu.net\/wordpress\/wp-content\/uploads\/2024\/02\/GF07-10.mp3?_=3\" \/><a href=\"https:\/\/www.radiopiu.net\/wordpress\/wp-content\/uploads\/2024\/02\/GF07-10.mp3\">https:\/\/www.radiopiu.net\/wordpress\/wp-content\/uploads\/2024\/02\/GF07-10.mp3<\/a><\/audio>\n<p>&nbsp;<\/p>\n<p>&nbsp;<\/p>\n<hr \/>\n<p>&nbsp;<\/p>\n<h1><\/h1>\n<h1 style=\"text-align: center;\"><span style=\"color: #ff0000;\"><a class=\"dt-pswp-item\" href=\"https:\/\/www.radiopiu.net\/wordpress\/wp-content\/uploads\/2022\/01\/026c3f9d-dae9-4040-a3c1-a6530231bcc3.jpg\" data-dt-img-description=\"\" data-large_image_width=\"1152\" data-large_image_height=\"2048\"><img loading=\"lazy\" decoding=\"async\" class=\"wp-image-251839 alignleft\" src=\"https:\/\/www.radiopiu.net\/wordpress\/wp-content\/uploads\/2022\/01\/026c3f9d-dae9-4040-a3c1-a6530231bcc3-169x300.jpg\" alt=\"\" width=\"100\" height=\"177\" srcset=\"https:\/\/www.radiopiu.net\/wordpress\/wp-content\/uploads\/2022\/01\/026c3f9d-dae9-4040-a3c1-a6530231bcc3-169x300.jpg 169w, https:\/\/www.radiopiu.net\/wordpress\/wp-content\/uploads\/2022\/01\/026c3f9d-dae9-4040-a3c1-a6530231bcc3-576x1024.jpg 576w, https:\/\/www.radiopiu.net\/wordpress\/wp-content\/uploads\/2022\/01\/026c3f9d-dae9-4040-a3c1-a6530231bcc3-768x1365.jpg 768w, https:\/\/www.radiopiu.net\/wordpress\/wp-content\/uploads\/2022\/01\/026c3f9d-dae9-4040-a3c1-a6530231bcc3-864x1536.jpg 864w, https:\/\/www.radiopiu.net\/wordpress\/wp-content\/uploads\/2022\/01\/026c3f9d-dae9-4040-a3c1-a6530231bcc3.jpg 1152w\" sizes=\"auto, (max-width: 100px) 100vw, 100px\" \/><\/a>I podcast informativi del mattino &#8211; audio &#8211;\u00a0<\/span><\/h1>\n<blockquote><p><strong>GIORNALE RADIO NAZIONALE, EDIZIONE DELLE SETTE <span style=\"color: #0000ff;\">viene pubblicato alle 7.05 <span style=\"color: #ff0000;\">DIRETTA RADIO\u00a0<\/span><\/span><\/strong><\/p><\/blockquote>\n<p><strong>il giornale radionazionale e&#8217; in onda ogni ora, dalle sette del mattino alle venti della sera\u00a0\u00a0<\/strong><\/p>\n<p>&nbsp;<\/p>\n<p><strong>SPARATORIA<\/strong> in metropolitana a New York un morto e cinque feriti, alle 16.40 di ieri le 23 in Italia. <strong>GUERRA<\/strong> 130 giorni, liberati 2 ostaggi nella casa di una famiglia, morti 3 ostaggi nei mombardamenti. <strong>BIDEN\u00a0<\/strong> furioso. Alta tensione Israle-Onu.<\/p>\n<h2>AUDIO dalle sette del mattino, ogni ora alla radio<\/h2>\n<audio class=\"wp-audio-shortcode\" id=\"audio-374145-4\" preload=\"none\" style=\"width: 100%;\" controls=\"controls\"><source type=\"audio\/mpeg\" src=\"https:\/\/www.radiopiu.net\/wordpress\/wp-content\/uploads\/2024\/02\/giornale07-10.mp3?_=4\" \/><a href=\"https:\/\/www.radiopiu.net\/wordpress\/wp-content\/uploads\/2024\/02\/giornale07-10.mp3\">https:\/\/www.radiopiu.net\/wordpress\/wp-content\/uploads\/2024\/02\/giornale07-10.mp3<\/a><\/audio>\n<p>&nbsp;<\/p>\n<h2><\/h2>\n<hr \/>\n<p>&nbsp;<\/p>\n<p>&nbsp;<\/p>\n<h1><span style=\"color: #ff0000;\">I podcast informativi del mattino &#8211; video &#8211;\u00a0<\/span><\/h1>\n<h2><strong><a class=\"dt-pswp-item\" href=\"https:\/\/www.radiopiu.net\/wordpress\/wp-content\/uploads\/2023\/12\/th-10.jpg\" data-dt-img-description=\"\" data-large_image_width=\"245\" data-large_image_height=\"180\"><img loading=\"lazy\" decoding=\"async\" class=\" wp-image-367395 alignleft\" src=\"https:\/\/www.radiopiu.net\/wordpress\/wp-content\/uploads\/2023\/12\/th-10.jpg\" alt=\"\" width=\"166\" height=\"122\" \/><\/a>RASSEGNA STAMPA LOCALE, ORE OTTO 05<\/strong><\/h2>\n<h2><strong> <span style=\"color: #0000ff;\">viene\u00a0 <\/span><\/strong><strong><span style=\"color: #0000ff;\">pubblicata alle 8.05 <span style=\"color: #ff0000;\">DIRETTA RADIO\u00a0\u00a0<\/span><\/span><\/strong><\/h2>\n<p>&nbsp;<\/p>\n<p><strong>DI MIRKO MEZZACASA\u00a0\u00a0<\/strong><\/p>\n<p><strong>FELTRE<\/strong> POTENZIATA LA RETE DEI CONTENITORI PER LA RACCOLTA DI PILE E BATTERIE USATE<br \/>\n<strong>SELVA DI CADORE<\/strong> &#8220;Scioglimento degli Amici del museo: Donazione delle Pubblicazioni al Comune<br \/>\n<strong>FALCADE<\/strong> Oggi all&#8217;Hotel Stella Alpina della famiglia Serafini,\u00a0 primo evento bellunese di&#8221;Chocorights&#8221;, un progetto promosso da &#8220;Insieme si pu\u00f2&#8230;&#8221; e Nina APS, due realt\u00e0 bellunesi che condurranno un viaggio alla scoperta di tre prodotti molto amati dei nostri piatti e dei nostri dolci<br \/>\n<strong>BELLUNO<\/strong> La ferrata del gruppo dello Schiara \u00e8 nuovamente percorribile E\u2019 stata revocata l\u2019ordinanza dell\u2019agosto 2022 con la quale era stata disposta la chiusura del sentiero attrezzato \u201cSperti\u201d, ferrata del gruppo dello Schiara.<br \/>\n<strong>BELLUNO<\/strong>\u00a0 Il lancio della raccolta fondi per il progetto del parco inclusivo al Parco Citt\u00e0 di Bologna di Belluno ha aperto la strada ai prossimi interventi sui parchi periferici della citt\u00e0. Le strutture smontate verranno riutilizzate in alcuni dei 36 parchi giochi del capoluogo<br \/>\n<strong>SEDICO<\/strong> BOLAGO E ORZES, DUE FAMIGLIE E TRE STORIE DI DEPORTAZIONE<br \/>\n<strong>FALCADE<\/strong> IL 17 FEBBRAIO ORAZIO ALLA CASA DELLA GIOVENTU&#8217; DI CAVIOLA<\/p>\n<p>&nbsp;<\/p>\n<h2><strong>VIDEO\u00a0 \u00a0in diretta dalle 8 del mattino\u00a0<\/strong><\/h2>\n<p><iframe loading=\"lazy\" title=\"DAL 1983 LA RASSEGNA STAMPA LOCALE di mirko mezzacasa. L&#039;ORIGINALE\" width=\"1200\" height=\"675\" src=\"https:\/\/www.youtube.com\/embed\/hP790zaZUSk?feature=oembed\" frameborder=\"0\" allow=\"accelerometer; autoplay; clipboard-write; encrypted-media; gyroscope; picture-in-picture; web-share\" allowfullscreen><\/iframe><\/p>\n<hr \/>\n<p>&nbsp;<\/p>\n<blockquote>\n<h3><\/h3>\n<h3>ACQUA di nuovo potabile <a class=\"dt-pswp-item\" href=\"https:\/\/www.radiopiu.net\/wordpress\/wp-content\/uploads\/2018\/08\/ACQUA.jpeg\" data-dt-img-description=\"\" data-large_image_width=\"1280\" data-large_image_height=\"768\"><img loading=\"lazy\" decoding=\"async\" class=\" wp-image-57052 alignleft\" src=\"https:\/\/www.radiopiu.net\/wordpress\/wp-content\/uploads\/2018\/08\/ACQUA-300x180.jpeg\" alt=\"\" width=\"137\" height=\"82\" srcset=\"https:\/\/www.radiopiu.net\/wordpress\/wp-content\/uploads\/2018\/08\/ACQUA-300x180.jpeg 300w, https:\/\/www.radiopiu.net\/wordpress\/wp-content\/uploads\/2018\/08\/ACQUA-768x461.jpeg 768w, https:\/\/www.radiopiu.net\/wordpress\/wp-content\/uploads\/2018\/08\/ACQUA-1024x614.jpeg 1024w, https:\/\/www.radiopiu.net\/wordpress\/wp-content\/uploads\/2018\/08\/ACQUA.jpeg 1280w\" sizes=\"auto, (max-width: 137px) 100vw, 137px\" \/><\/a>CANALE D&#8217; AGORDO nella localit\u00e0 GARES, l&#8217;acqua erogata dall&#8217;acquedotto\u00a0 \u00e8 potabile e\u00a0 pu\u00f2 essere usata per scopi alimentari.<\/h3>\n<\/blockquote>\n<h3><\/h3>\n<p>&nbsp;<\/p>\n<p>&nbsp;<\/p>\n<hr \/>\n<p>&nbsp;<\/p>\n<blockquote>\n<h3>INTERRUZIONI PROGRAMMATE GSP<\/h3>\n<\/blockquote>\n<p><strong>VALLADA<\/strong> Gestione Servizi Pubblici informa che, per lavori alla rete idrica comunale, DOMANI dalle 08:00 a FINE LAVORI, verr\u00e0 sospesa l\u2019erogazione dell\u2019acqua a VALLADA AGORDINA in LOCALITA&#8217; ANDRICH.<\/p>\n<p>&nbsp;<\/p>\n<p>&nbsp;<\/p>\n<hr \/>\n<p>&nbsp;<\/p>\n<p>&nbsp;<\/p>\n<blockquote>\n<h3>OTTANTENNI FERITI A PONTE MAS<\/h3>\n<\/blockquote>\n<p><strong><img loading=\"lazy\" decoding=\"async\" class=\"alignleft\" src=\"https:\/\/www.radiopiu.net\/wordpress\/wp-content\/uploads\/2023\/08\/suem.png\" width=\"172\" height=\"80\" \/>REDAZIONE<\/strong> Tre, tra i principali, gli interventi di ieri mattina del Suem. Lungo la 203 agordina al Mas di Sedico, stamane incidente stradale che ha coinvolto due anziani di 80 e 82 anni, trasportati in ambulanza con ferite leggere all&#8217;ospedale San Martino di Belluno. Di primo mattino incidente stradale anche a Ponte Cadore, ferito un 60enne di Belluno trasportato per accertamenti al Pronto Soccorso del Giovanni Paolo II di Pieve di Cadore. A met\u00e0 mattinata secondo intervento ad Arabba sulle piste di sci, soccorso un tedesco portato al Papa Luciani di Agordo con ferite non gravi.<\/p>\n<p>&nbsp;<\/p>\n<p>&nbsp;<\/p>\n<hr \/>\n<p>&nbsp;<\/p>\n<blockquote>\n<h2>OGGI L&#8217;ULTIMO SALUTO ALL&#8217;ARTIGIANO DELLA &#8220;CATENA&#8221; PIU&#8217; LUNGA AL MONDO<\/h2>\n<\/blockquote>\n<div class=\"comunicato-abstract\">\n<p><strong><img loading=\"lazy\" decoding=\"async\" class=\"alignleft\" src=\"https:\/\/www.radiopiu.net\/wordpress\/wp-content\/uploads\/2021\/08\/Senza-nome.png\" width=\"151\" height=\"123\" \/>GOSALDO<\/strong> Giovanni Bressan \u00e8 mancato all&#8217;affetto dei suoi cari a 81 anni. Ne hanno dato il triste annuncio i figli Paola, Iolanda e Lucia con tutti i partenti. Oggi alle 14.30 i funerali nella chiesa parrocchiale di Gosaldo. &#8220;Gianni&#8221; per gli amici, lo abbiamo conosciuto pi\u00f9 volte alla radio, ci ha presentato il suo progetto e poi la catena dei record come ricordato nel servizio d&#8217;archivio di Radiopi\u00f9 ricco di riflessioni e auspici.<\/p>\n<p>:<\/p>\n<p>&nbsp;<\/p>\n<p>DI GIANNI SANTOMASO<\/p>\n<audio class=\"wp-audio-shortcode\" id=\"audio-374145-5\" preload=\"none\" style=\"width: 100%;\" controls=\"controls\"><source type=\"audio\/mpeg\" src=\"https:\/\/www.radiopiu.net\/wordpress\/wp-content\/uploads\/2024\/02\/interrotta-catena-vita-breassan-gianni.mp3?_=5\" \/><a href=\"https:\/\/www.radiopiu.net\/wordpress\/wp-content\/uploads\/2024\/02\/interrotta-catena-vita-breassan-gianni.mp3\">https:\/\/www.radiopiu.net\/wordpress\/wp-content\/uploads\/2024\/02\/interrotta-catena-vita-breassan-gianni.mp3<\/a><\/audio>\n<p>&nbsp;<\/p>\n<p><span style=\"color: #ff0000;\">ARCHIVIO RADIOPIU AGOSTO 2021<\/span><\/p>\n<h2>IL RECORD DELLA CATENA DI LEGNO PIU&#8217; LUNGA DEL MONDO E&#8217; ANCORA IMBATTUTO<\/h2>\n<p><strong><a href=\"https:\/\/www.radiopiu.net\/wordpress\/il-record-della-catena-di-legno-piu-lunga-del-mondo-e-ancora-imbattuto\/675ec97c-64a8-4e80-a30c-e3eea1d39269\/\" rel=\"attachment wp-att-228197\"><img loading=\"lazy\" decoding=\"async\" class=\" wp-image-228197 alignleft\" src=\"https:\/\/www.radiopiu.net\/wordpress\/wp-content\/uploads\/2021\/08\/675ec97c-64a8-4e80-a30c-e3eea1d39269-225x300.jpg\" alt=\"\" width=\"145\" height=\"193\" srcset=\"https:\/\/www.radiopiu.net\/wordpress\/wp-content\/uploads\/2021\/08\/675ec97c-64a8-4e80-a30c-e3eea1d39269-225x300.jpg 225w, https:\/\/www.radiopiu.net\/wordpress\/wp-content\/uploads\/2021\/08\/675ec97c-64a8-4e80-a30c-e3eea1d39269-768x1024.jpg 768w, https:\/\/www.radiopiu.net\/wordpress\/wp-content\/uploads\/2021\/08\/675ec97c-64a8-4e80-a30c-e3eea1d39269-1152x1536.jpg 1152w, https:\/\/www.radiopiu.net\/wordpress\/wp-content\/uploads\/2021\/08\/675ec97c-64a8-4e80-a30c-e3eea1d39269.jpg 1200w\" sizes=\"auto, (max-width: 145px) 100vw, 145px\" \/><\/a>GOSALDO<\/strong><\/p>\n<p>di Gianni Santomaso<\/p>\n<audio class=\"wp-audio-shortcode\" id=\"audio-374145-6\" preload=\"none\" style=\"width: 100%;\" controls=\"controls\"><source type=\"audio\/mpeg\" src=\"https:\/\/www.radiopiu.net\/wordpress\/wp-content\/uploads\/2021\/08\/GIANNI-BRESSAN-CATENA.mp3?_=6\" \/><a href=\"https:\/\/www.radiopiu.net\/wordpress\/wp-content\/uploads\/2021\/08\/GIANNI-BRESSAN-CATENA.mp3\">https:\/\/www.radiopiu.net\/wordpress\/wp-content\/uploads\/2021\/08\/GIANNI-BRESSAN-CATENA.mp3<\/a><\/audio>\n<p>&nbsp;<\/p>\n<\/div>\n<p>&nbsp;<\/p>\n<hr \/>\n<p>&nbsp;<\/p>\n<p>&nbsp;<\/p>\n<blockquote>\n<h2>TRAPIANTI IN VENETO, LA STORIA DI FRANCESCO<\/h2>\n<\/blockquote>\n<p><strong><img loading=\"lazy\" decoding=\"async\" class=\"alignleft\" src=\"https:\/\/www.radiopiu.net\/wordpress\/wp-content\/uploads\/2024\/02\/c341f008-a4bb-401d-ba4e-8587afa1a802.jpg\" width=\"255\" height=\"170\" \/>VENEZIA<\/strong><\/p>\n<p><strong>DI BARBARA PAOLAZZI PER LE TRE RADIO<\/strong><\/p>\n<audio class=\"wp-audio-shortcode\" id=\"audio-374145-7\" preload=\"none\" style=\"width: 100%;\" controls=\"controls\"><source type=\"audio\/mpeg\" src=\"https:\/\/www.radiopiu.net\/wordpress\/wp-content\/uploads\/2024\/02\/CUORE-BARBARA.mp3?_=7\" \/><a href=\"https:\/\/www.radiopiu.net\/wordpress\/wp-content\/uploads\/2024\/02\/CUORE-BARBARA.mp3\">https:\/\/www.radiopiu.net\/wordpress\/wp-content\/uploads\/2024\/02\/CUORE-BARBARA.mp3<\/a><\/audio>\n<p>&nbsp;<\/p>\n<p>&nbsp;<\/p>\n<hr \/>\n<p>&nbsp;<\/p>\n<blockquote>\n<h2>Zorz, le piste resteranno aperte \u00abMa Funivie Arabba sistemi i conti\u00bb<\/h2>\n<\/blockquote>\n<p>&nbsp;<\/p>\n<p><strong>LIVINALLONGO<\/strong> Il consiglio comunale di Livinallongo concede a Funivie Arabba la proroga per tenere aperte le piste fino al 21 aprile, ma la societ\u00e0 deve risolvere le questioni debitorie con il Comune entro il 15 marzo. Se non lo far\u00e0, il Comune revocer\u00e0 le concessioni e potrebbe intervenire prima della fine della stagione. Il sindaco Grones si \u00e8 ritirato dall&#8217;aula per conflitto di interesse. L&#8217;amministrazione comunale sta valutando la realizzazione di una strada alternativa per i residenti di Zorz.<\/p>\n<p><strong>DI LORENZO SORATROI\u00a0\u00a0<\/strong><\/p>\n<audio class=\"wp-audio-shortcode\" id=\"audio-374145-8\" preload=\"none\" style=\"width: 100%;\" controls=\"controls\"><source type=\"audio\/mpeg\" src=\"https:\/\/www.radiopiu.net\/wordpress\/wp-content\/uploads\/2024\/02\/lorenzo-servizio-oggi.mp3?_=8\" \/><a href=\"https:\/\/www.radiopiu.net\/wordpress\/wp-content\/uploads\/2024\/02\/lorenzo-servizio-oggi.mp3\">https:\/\/www.radiopiu.net\/wordpress\/wp-content\/uploads\/2024\/02\/lorenzo-servizio-oggi.mp3<\/a><\/audio>\n<p>&nbsp;<\/p>\n<p>&nbsp;<\/p>\n<p>&nbsp;<\/p>\n<blockquote>\n<h2><span style=\"color: #ff0000;\">ieri alla radio<\/span> Zorz, l&#8217;amarezza dei residenti senza strada<\/h2>\n<h2><em><img loading=\"lazy\" decoding=\"async\" class=\"alignleft\" src=\"https:\/\/www.radiopiu.net\/wordpress\/wp-content\/uploads\/2024\/02\/Senza-nome-25.png\" width=\"214\" height=\"128\" \/>\u00abChiediamo da vent&#8217;anni un vero accesso\u00bb <\/em>Disputa tra Comune di Livinallongo e Funivie Arabba. I paesani si sono consorziati per rivolgersi ad un legale<\/h2>\n<\/blockquote>\n<p><strong>LIVINALLONGO<\/strong><\/p>\n<p><strong>DI LORENZO SORATROI<\/strong><\/p>\n<audio class=\"wp-audio-shortcode\" id=\"audio-374145-9\" preload=\"none\" style=\"width: 100%;\" controls=\"controls\"><source type=\"audio\/mpeg\" src=\"https:\/\/www.radiopiu.net\/wordpress\/wp-content\/uploads\/2024\/02\/LORENZO-OGGI.mp3?_=9\" \/><a href=\"https:\/\/www.radiopiu.net\/wordpress\/wp-content\/uploads\/2024\/02\/LORENZO-OGGI.mp3\">https:\/\/www.radiopiu.net\/wordpress\/wp-content\/uploads\/2024\/02\/LORENZO-OGGI.mp3<\/a><\/audio>\n<p>&nbsp;<\/p>\n<p>&nbsp;<\/p>\n<p>&nbsp;<\/p>\n<hr \/>\n<p>&nbsp;<\/p>\n<p>&nbsp;<\/p>\n<blockquote>\n<h3>LA CORTE DEI CONTI TENDE LA MANO ALLA FAMIGLIA E RIDUCE IL RISARCIMENTO<\/h3>\n<\/blockquote>\n<p><strong>BELLUNO<\/strong> La Corte dei conti del Veneto condanna ex tabaccaia per mancato versamento di proventi del Lotto per quasi 48 mila euro, ma considera le sue gravi difficolt\u00e0 economiche e familiari, riducendo l&#8217;ammontare del risarcimento a 20 mila euro, interessi inclusi. La donna, con quattro figli minori a carico, non ha dimostrato volont\u00e0 dolosa nell&#8217;appropriarsi dei fondi e ha subito estorsioni senza denunciare per timore di ritorsioni. La procura, pur degradando l&#8217;accusa a gravemente colposa, chiede alla Corte dei conti una riduzione dell&#8217;addebito, considerando le difficolt\u00e0 economiche della donna.<\/p>\n<p>&nbsp;<\/p>\n<p>&nbsp;<\/p>\n<p>&nbsp;<\/p>\n<hr \/>\n<p>&nbsp;<\/p>\n<blockquote>\n<h2>BOB A CORTINA, UN FASCICOLO IN PROCURA. ZAIA &#8220;NON NE SO NULLA, MICA E&#8217; UN NOSTRO CANTIERE&#8221;<\/h2>\n<\/blockquote>\n<p><img loading=\"lazy\" decoding=\"async\" class=\"alignleft\" src=\"https:\/\/www.radiopiu.net\/wordpress\/wp-content\/uploads\/2024\/02\/0aad9482-77e5-41e5-b495-4c355bc277ba.jpg\" width=\"206\" height=\"137\" \/><\/p>\n<p>&nbsp;<\/p>\n<p>&nbsp;<\/p>\n<p>&nbsp;<\/p>\n<p>&nbsp;<\/p>\n<p><strong>VENEZIA<\/strong><\/p>\n<p><strong>BARBARA PAOLAZZI PER LE TRE RADIO\u00a0<\/strong><\/p>\n<audio class=\"wp-audio-shortcode\" id=\"audio-374145-10\" preload=\"none\" style=\"width: 100%;\" controls=\"controls\"><source type=\"audio\/mpeg\" src=\"https:\/\/www.radiopiu.net\/wordpress\/wp-content\/uploads\/2024\/02\/OLIMPIADI-BARBARA.mp3?_=10\" \/><a href=\"https:\/\/www.radiopiu.net\/wordpress\/wp-content\/uploads\/2024\/02\/OLIMPIADI-BARBARA.mp3\">https:\/\/www.radiopiu.net\/wordpress\/wp-content\/uploads\/2024\/02\/OLIMPIADI-BARBARA.mp3<\/a><\/audio>\n<p>&nbsp;<\/p>\n<p>&nbsp;<\/p>\n<hr \/>\n<p>&nbsp;<\/p>\n<p><strong><a class=\"dt-pswp-item\" href=\"https:\/\/www.radiopiu.net\/wordpress\/wp-content\/uploads\/2024\/01\/Senza-nome-34.png\" data-dt-img-description=\"\" data-large_image_width=\"239\" data-large_image_height=\"153\"><img loading=\"lazy\" decoding=\"async\" class=\"wp-image-369478 alignleft\" src=\"https:\/\/www.radiopiu.net\/wordpress\/wp-content\/uploads\/2024\/01\/Senza-nome-34.png\" alt=\"\" width=\"128\" height=\"82\" \/><\/a> <\/strong><\/p>\n<p><strong>\u00a0<\/strong><\/p>\n<p><strong>dal TG BELLUNESE di\u00a0 ANTENNA 3 ogni sera alle 19.30 sul canale 10 del digitale terrestre e alle 19 le anticipazioni alla radio.\u00a0\u00a0<\/strong><\/p>\n<p>&nbsp;<\/p>\n<blockquote>\n<h3 class=\"_title post-title entry-title\">\u00a0OLIMPIADI 2026, TOSI SFERRA L\u2019ATTACCO: \u00abIN VENETO NON SI E\u2019 LAVORATO BENE\u00bb<\/h3>\n<\/blockquote>\n<p>Intervistati FLAVIO TOSI (COORDINATORE FORZA ITALIA VENETO), LUCA ZAIA (PRESIDENTE REGIONE VENETO) (Servizio di\u00a0<a href=\"https:\/\/antennatre.medianordest.it\/redazione\/Tiziana-Bolognani\/\">Tiziana Bolognani<\/a>)<\/p>\n<p><iframe loading=\"lazy\" title=\"OLIMPIADI 2026, TOSI SFERRA L&#039;ATTACCO: \u00abIN VENETO NON SI E&#039; LAVORATO BENE\u00bb | 12\/02\/2024\" width=\"1200\" height=\"675\" src=\"https:\/\/www.youtube.com\/embed\/zaIGODQjWdM?feature=oembed\" frameborder=\"0\" allow=\"accelerometer; autoplay; clipboard-write; encrypted-media; gyroscope; picture-in-picture; web-share\" allowfullscreen><\/iframe><\/p>\n<h3 class=\"_title post-title entry-title\"><\/h3>\n<p>&nbsp;<\/p>\n<p><strong><a class=\"dt-pswp-item\" href=\"https:\/\/www.radiopiu.net\/wordpress\/wp-content\/uploads\/2024\/01\/Senza-nome-34.png\" data-dt-img-description=\"\" data-large_image_width=\"239\" data-large_image_height=\"153\"><img loading=\"lazy\" decoding=\"async\" class=\"wp-image-369478 alignleft\" src=\"https:\/\/www.radiopiu.net\/wordpress\/wp-content\/uploads\/2024\/01\/Senza-nome-34.png\" alt=\"\" width=\"128\" height=\"82\" \/><\/a> <\/strong><\/p>\n<p><strong>\u00a0<\/strong><\/p>\n<p><strong>dal TG BELLUNESE di\u00a0 ANTENNA 3 ogni sera alle 19.30 sul canale 10 del digitale terrestre e alle 19 le anticipazioni alla radio.\u00a0\u00a0<\/strong><\/p>\n<h3 class=\"_title post-title entry-title\">LAVORI ALLA GALLERIA COMELICO, DOGLIONI CONFCOMMERCIO: \u00abLA VALLE DEVE VIVERE\u00bb<\/h3>\n<p>Intervistati PAOLO DOGLIONI PRESIDENTE CONFCOMMERCIO BELLUNO (AL TELEFONO) (Servizio di\u00a0<a href=\"https:\/\/antennatre.medianordest.it\/redazione\/Tiziana-Bolognani\/\">Tiziana Bolognani<\/a>)<\/p>\n<p>&nbsp;<\/p>\n<p><iframe loading=\"lazy\" title=\"LAVORI ALLA GALLERIA COMELICO, DOGLIONI CONFCOMMERCIO: \u00abLA VALLE DEVE VIVERE\u00bb | 12\/02\/2024\" width=\"1200\" height=\"675\" src=\"https:\/\/www.youtube.com\/embed\/QNZAicAD7Qg?feature=oembed\" frameborder=\"0\" allow=\"accelerometer; autoplay; clipboard-write; encrypted-media; gyroscope; picture-in-picture; web-share\" allowfullscreen><\/iframe><\/p>\n<hr \/>\n<p>&nbsp;<\/p>\n<p>&nbsp;<\/p>\n<hr \/>\n<p>&nbsp;<\/p>\n<p>&nbsp;<\/p>\n<blockquote>\n<h3>AUTOVELOX, IL COMUNE SI TUTELA E VUOLE &#8220;VENDETTA&#8221;<\/h3>\n<\/blockquote>\n<div class=\"flex-1 overflow-hidden\">\n<div class=\"react-scroll-to-bottom--css-lxoio-79elbk h-full\">\n<div class=\"react-scroll-to-bottom--css-lxoio-1n7m0yu\">\n<div class=\"flex flex-col pb-9 text-sm\">\n<div class=\"w-full text-token-text-primary\" data-testid=\"conversation-turn-13\">\n<div class=\"px-4 py-2 justify-center text-base md:gap-6 m-auto\">\n<div class=\"flex flex-1 text-base mx-auto gap-3 md:px-5 lg:px-1 xl:px-5 md:max-w-3xl lg:max-w-[40rem] xl:max-w-[48rem] group final-completion\">\n<div class=\"relative flex w-full flex-col lg:w-[calc(100%-115px)] agent-turn\">\n<div class=\"flex-col gap-1 md:gap-3\">\n<div class=\"flex flex-grow flex-col max-w-full\">\n<div class=\"min-h-[20px] text-message flex flex-col items-start gap-3 whitespace-pre-wrap break-words [.text-message+&amp;]:mt-5 overflow-x-auto\" data-message-author-role=\"assistant\" data-message-id=\"3f119606-6b3b-4929-87a6-cb0206f1be6f\">\n<div class=\"markdown prose w-full break-words dark:prose-invert dark\">\n<p><strong>ARSIE<\/strong> Il Comune di Arsi\u00e8 non lascia correre gli scritti offensivi online e la lettera anonima sulla questione degli autovelox. Presenta opposizione alla richiesta di archiviazione della denuncia querela, incaricando l&#8217;avvocato Federico Bressan di tutelare l&#8217;immagine comunale e intraprendere azioni legali entro 20 giorni. In passato, gi\u00e0 si era agito contro contenuti diffamatori, coordinandosi con altri Comuni come Quero Vas.<\/p>\n<\/div>\n<\/div>\n<\/div>\n<div class=\"mt-1 flex justify-start gap-3 empty:hidden\">\n<div class=\"text-gray-400 flex self-end lg:self-center justify-center lg:justify-start mt-0 -ml-1 visible\"><\/div>\n<\/div>\n<\/div>\n<\/div>\n<\/div>\n<\/div>\n<\/div>\n<\/div>\n<\/div>\n<\/div>\n<\/div>\n<div class=\"w-full pt-2 md:pt-0 dark:border-white\/20 md:border-transparent md:dark:border-transparent md:w-[calc(100%-.5rem)]\">\n<form class=\"stretch mx-2 flex flex-row gap-3 last:mb-2 md:mx-4 md:last:mb-6 lg:mx-auto lg:max-w-2xl xl:max-w-3xl\">\n<div class=\"relative flex h-full flex-1 items-stretch md:flex-col\">\n<div class=\"flex w-full items-center\"><\/div>\n<div>\n<hr \/>\n<\/div>\n<blockquote>\n<h3>LA BUCA IN STRADA<\/h3>\n<\/blockquote>\n<div><strong>SOVRAMONTE<\/strong>\u00a0\u00a0 Una donna \u00e8 finita con l&#8217;auto in una buca lungo la SR50, danneggiato il pneumatico.\u00a0I carabinieri di Feltre hanno ricevuto la segnalazione della donna e hanno provveduto ad avvertire gli operai di Veneto Strade che sono intervenuti per sistemare la buca e rendere la carreggiata nuovamente transitabile in sicurezza. Resta da capire se la donna intender\u00e0 chiedere un risarcimento per il danno allo pneumatico.<\/div>\n<div><\/div>\n<\/div>\n<\/form>\n<\/div>\n<p>&nbsp;<\/p>\n<hr \/>\n<p>&nbsp;<\/p>\n<blockquote>\n<h3><a class=\"dt-pswp-item\" href=\"https:\/\/www.radiopiu.net\/wordpress\/wp-content\/uploads\/2024\/02\/gli-scavi-gia-predisposti-e-le-valvole-da-sostituire.jpg\" data-dt-img-description=\"\" data-large_image_width=\"954\" data-large_image_height=\"2016\"><img loading=\"lazy\" decoding=\"async\" class=\" wp-image-373941 alignleft\" src=\"https:\/\/www.radiopiu.net\/wordpress\/wp-content\/uploads\/2024\/02\/gli-scavi-gia-predisposti-e-le-valvole-da-sostituire-142x300.jpg\" alt=\"\" width=\"70\" height=\"148\" srcset=\"https:\/\/www.radiopiu.net\/wordpress\/wp-content\/uploads\/2024\/02\/gli-scavi-gia-predisposti-e-le-valvole-da-sostituire-142x300.jpg 142w, https:\/\/www.radiopiu.net\/wordpress\/wp-content\/uploads\/2024\/02\/gli-scavi-gia-predisposti-e-le-valvole-da-sostituire-485x1024.jpg 485w, https:\/\/www.radiopiu.net\/wordpress\/wp-content\/uploads\/2024\/02\/gli-scavi-gia-predisposti-e-le-valvole-da-sostituire-768x1623.jpg 768w, https:\/\/www.radiopiu.net\/wordpress\/wp-content\/uploads\/2024\/02\/gli-scavi-gia-predisposti-e-le-valvole-da-sostituire-727x1536.jpg 727w, https:\/\/www.radiopiu.net\/wordpress\/wp-content\/uploads\/2024\/02\/gli-scavi-gia-predisposti-e-le-valvole-da-sostituire.jpg 954w\" sizes=\"auto, (max-width: 70px) 100vw, 70px\" \/><\/a>TRE CANTIERI A BELLUNO PER BIM GSP<\/h3>\n<\/blockquote>\n<p><strong>BELLUNO<\/strong> Bim Gsp prosegue la distrettualizzazione della rete idrica a Belluno con tre cantieri in via Vittorio Veneto, via Tiziano Vecellio, e via del Vesco. L&#8217;operazione, coordinata con i lavori comunali sul Ponte Veneggia, rinnova le componenti obsolete, suddivide la rete in distretti autonomi e installa sensori digitali per monitorare l&#8217;acqua in transito. La sospensione della fornitura domani sar\u00e0 dalle 8:00 fino al termine dei lavori nelle vie coinvolte. L&#8217;iniziativa \u00e8 parte del progetto di riduzione delle perdite idriche del 35% entro il 2025, contribuendo all&#8217;ottimizzazione del sistema idrico provinciale e promuovendo uno sviluppo sostenibile.<\/p>\n<p>&nbsp;<\/p>\n<p>&nbsp;<\/p>\n<hr \/>\n<p>&nbsp;<\/p>\n<blockquote>\n<h3>A FELTRE POTENZIATA LA RETE DEI CONTENITORI PER LA RACCOLTA DI PILE E BATTERIE USATE<\/h3>\n<\/blockquote>\n<p><strong>FELTRE<\/strong> In un importante intervento, tecnici e operai di Bellunum hanno completato la sostituzione, adeguamento e potenziamento dei contenitori per la raccolta di pile e batterie esauste sul territorio comunale di Feltre. Nuovi contenitori pi\u00f9 voluminosi e resistenti sono stati collocati in diverse zone, come Via Anconetta, Via Tezze, la frazione di Villabruna, Via O. Vigna, Via Carlo Rizzarda, Via Belluno (presso la stazione di carburanti &#8220;Eni&#8221;) e Viale Montegrappa (area supermercato Coop). L&#8217;obiettivo \u00e8 rendere la rete pi\u00f9 capillare e adatta alle necessit\u00e0 dei cittadini, riducendo gli abbandoni in luoghi non idonei.<\/p>\n\n\t\t\t<style type='text\/css'>\n\t\t\t\t#gallery-2 {\n\t\t\t\t\tmargin: auto;\n\t\t\t\t}\n\t\t\t\t#gallery-2 .gallery-item {\n\t\t\t\t\tfloat: left;\n\t\t\t\t\tmargin-top: 10px;\n\t\t\t\t\ttext-align: center;\n\t\t\t\t\twidth: 33%;\n\t\t\t\t}\n\t\t\t\t#gallery-2 img {\n\t\t\t\t\tborder: 2px solid #cfcfcf;\n\t\t\t\t}\n\t\t\t\t#gallery-2 .gallery-caption {\n\t\t\t\t\tmargin-left: 0;\n\t\t\t\t}\n\t\t\t\t\/* see gallery_shortcode() in wp-includes\/media.php *\/\n\t\t\t<\/style>\n\t\t<div id='gallery-2' class='dt-gallery-container gallery galleryid-374145 gallery-columns-3 gallery-size-thumbnail'><dl class='gallery-item'>\n\t\t\t\t<dt class='gallery-icon landscape'>\n\t\t\t\t\t<a class=\"rollover rollover-zoom dt-pswp-item\" title=\"1707319750158\" data-dt-img-description=\"\" data-large_image_width=\"1428\" data-large_image_height=\"888\"href='https:\/\/www.radiopiu.net\/wordpress\/wp-content\/uploads\/2024\/02\/1707319750158.jpg'><img loading=\"lazy\" decoding=\"async\" width=\"150\" height=\"150\" src=\"https:\/\/www.radiopiu.net\/wordpress\/wp-content\/uploads\/2024\/02\/1707319750158-150x150.jpg\" class=\"attachment-thumbnail size-thumbnail\" alt=\"\" \/><\/a>\n\t\t\t\t<\/dt><\/dl><dl class='gallery-item'>\n\t\t\t\t<dt class='gallery-icon portrait'>\n\t\t\t\t\t<a class=\"rollover rollover-zoom dt-pswp-item\" title=\"1707319750176\" data-dt-img-description=\"\" data-large_image_width=\"1122\" data-large_image_height=\"1312\"href='https:\/\/www.radiopiu.net\/wordpress\/wp-content\/uploads\/2024\/02\/1707319750176.jpg'><img loading=\"lazy\" decoding=\"async\" width=\"150\" height=\"150\" src=\"https:\/\/www.radiopiu.net\/wordpress\/wp-content\/uploads\/2024\/02\/1707319750176-150x150.jpg\" class=\"attachment-thumbnail size-thumbnail\" alt=\"\" \/><\/a>\n\t\t\t\t<\/dt><\/dl><dl class='gallery-item'>\n\t\t\t\t<dt class='gallery-icon portrait'>\n\t\t\t\t\t<a class=\"rollover rollover-zoom dt-pswp-item\" title=\"1707319750195\" data-dt-img-description=\"\" data-large_image_width=\"1548\" data-large_image_height=\"2064\"href='https:\/\/www.radiopiu.net\/wordpress\/wp-content\/uploads\/2024\/02\/1707319750195-rotated.jpg'><img loading=\"lazy\" decoding=\"async\" width=\"150\" height=\"150\" src=\"https:\/\/www.radiopiu.net\/wordpress\/wp-content\/uploads\/2024\/02\/1707319750195-150x150.jpg\" class=\"attachment-thumbnail size-thumbnail\" alt=\"\" \/><\/a>\n\t\t\t\t<\/dt><\/dl><br style=\"clear: both\" \/>\n\t\t\t<\/div>\n\n<p>&nbsp;<\/p>\n<hr \/>\n<p>&nbsp;<\/p>\n<p>&nbsp;<\/p>\n<div class=\"flex-1 overflow-hidden\">\n<div class=\"react-scroll-to-bottom--css-lxoio-79elbk h-full\">\n<div class=\"react-scroll-to-bottom--css-lxoio-1n7m0yu\">\n<div class=\"flex flex-col pb-9 text-sm\">\n<div class=\"w-full text-token-text-primary\" data-testid=\"conversation-turn-23\">\n<div class=\"px-4 py-2 justify-center text-base md:gap-6 m-auto\">\n<div class=\"flex flex-1 text-base mx-auto gap-3 md:px-5 lg:px-1 xl:px-5 md:max-w-3xl lg:max-w-[40rem] xl:max-w-[48rem] group final-completion\">\n<div class=\"relative flex w-full flex-col lg:w-[calc(100%-115px)] agent-turn\">\n<div class=\"flex-col gap-1 md:gap-3\">\n<div class=\"flex flex-grow flex-col max-w-full\">\n<div class=\"min-h-[20px] text-message flex flex-col items-start gap-3 whitespace-pre-wrap break-words [.text-message+&amp;]:mt-5 overflow-x-auto\" data-message-author-role=\"assistant\" data-message-id=\"c53f1bca-da83-4536-bba8-a7239a41a0fb\">\n<div class=\"markdown prose w-full break-words dark:prose-invert dark\">\n<blockquote>\n<h3>&#8220;Scioglimento degli Amici del museo di Selva di Cadore: Donazione delle Pubblicazioni al Comune<\/h3>\n<\/blockquote>\n<\/div>\n<\/div>\n<\/div>\n<div class=\"mt-1 flex justify-start gap-3 empty:hidden\"><\/div>\n<\/div>\n<\/div>\n<\/div>\n<\/div>\n<\/div>\n<\/div>\n<\/div>\n<\/div>\n<\/div>\n<div class=\"w-full pt-2 md:pt-0 dark:border-white\/20 md:border-transparent md:dark:border-transparent md:w-[calc(100%-.5rem)]\">\n<form class=\"stretch mx-2 flex flex-row gap-3 last:mb-2 md:mx-4 md:last:mb-6 lg:mx-auto lg:max-w-2xl xl:max-w-3xl\">\n<div class=\"relative flex h-full flex-1 items-stretch md:flex-col\">\n<div class=\"flex w-full items-center\"><\/div>\n<\/div>\n<\/form>\n<\/div>\n<div class=\"flex-1 overflow-hidden\">\n<div class=\"react-scroll-to-bottom--css-lxoio-79elbk h-full\">\n<div class=\"react-scroll-to-bottom--css-lxoio-1n7m0yu\">\n<div class=\"flex flex-col pb-9 text-sm\">\n<div class=\"w-full text-token-text-primary\" data-testid=\"conversation-turn-21\">\n<div class=\"px-4 py-2 justify-center text-base md:gap-6 m-auto\">\n<div class=\"flex flex-1 text-base mx-auto gap-3 md:px-5 lg:px-1 xl:px-5 md:max-w-3xl lg:max-w-[40rem] xl:max-w-[48rem] group final-completion\">\n<div class=\"relative flex w-full flex-col lg:w-[calc(100%-115px)] agent-turn\">\n<div class=\"flex-col gap-1 md:gap-3\">\n<div class=\"flex flex-grow flex-col max-w-full\">\n<div class=\"min-h-[20px] text-message flex flex-col items-start gap-3 whitespace-pre-wrap break-words [.text-message+&amp;]:mt-5 overflow-x-auto\" data-message-author-role=\"assistant\" data-message-id=\"34d2edb4-60f8-4012-beb6-69ab988679aa\">\n<div class=\"markdown prose w-full break-words dark:prose-invert dark\">\n<p><strong>SELVA DI CADORE<\/strong> Gli Amici del museo di Selva di Cadore, attivi da 35 anni, si sciolgono e donano al Comune le 1.200 pubblicazioni raccolte. Il presidente Rova spiega che i tempi sono cambiati e la gestione professionale del museo ha ridotto il coinvolgimento dei volontari. La biblioteca, con testi su geologia, archeologia e storia locale, sar\u00e0 messa a disposizione del Comune per un uso appropriato.<\/p>\n<\/div>\n<\/div>\n<\/div>\n<\/div>\n<\/div>\n<\/div>\n<\/div>\n<\/div>\n<\/div>\n<\/div>\n<\/div>\n<\/div>\n<div class=\"w-full pt-2 md:pt-0 dark:border-white\/20 md:border-transparent md:dark:border-transparent md:w-[calc(100%-.5rem)]\">\n<form class=\"stretch mx-2 flex flex-row gap-3 last:mb-2 md:mx-4 md:last:mb-6 lg:mx-auto lg:max-w-2xl xl:max-w-3xl\">\n<div class=\"relative flex h-full flex-1 items-stretch md:flex-col\">\n<div class=\"flex w-full items-center\"><\/div>\n<\/div>\n<\/form>\n<\/div>\n<p>&nbsp;<\/p>\n<hr \/>\n<p>&nbsp;<\/p>\n<blockquote>\n<h3>EL CARNEVAL DEI BOCE 2024 A TAIBON<\/h3>\n<\/blockquote>\n<p><strong>TAIBON<\/strong> Si \u00e8 svolto domenica a Taibon El Carneval Dei Boce. Come ogni anno la Pro Loco e il Comune organizzano la festa in maschera. Nonostante il brutto tempo i carri organizzati non sono mancati. I ragazzi di Listolade si sono prentati in piazza con un carri dedicato alla Carica dei 101. Vacanze Sulla Neve il carro organizzato Al Forte. Un pomeriggio di festa per grandi e bambini che si \u00e8 concluso in sala dell&#8217;Ex Municipio.<\/p>\n\n\t\t\t<style type='text\/css'>\n\t\t\t\t#gallery-3 {\n\t\t\t\t\tmargin: auto;\n\t\t\t\t}\n\t\t\t\t#gallery-3 .gallery-item {\n\t\t\t\t\tfloat: left;\n\t\t\t\t\tmargin-top: 10px;\n\t\t\t\t\ttext-align: center;\n\t\t\t\t\twidth: 50%;\n\t\t\t\t}\n\t\t\t\t#gallery-3 img {\n\t\t\t\t\tborder: 2px solid #cfcfcf;\n\t\t\t\t}\n\t\t\t\t#gallery-3 .gallery-caption {\n\t\t\t\t\tmargin-left: 0;\n\t\t\t\t}\n\t\t\t\t\/* see gallery_shortcode() in wp-includes\/media.php *\/\n\t\t\t<\/style>\n\t\t<div id='gallery-3' class='dt-gallery-container gallery galleryid-374145 gallery-columns-2 gallery-size-medium'><dl class='gallery-item'>\n\t\t\t\t<dt class='gallery-icon landscape'>\n\t\t\t\t\t<a class=\"rollover rollover-zoom dt-pswp-item\" title=\"dbbf689b-e675-468f-99d0-efa4e5ef91ae\" data-dt-img-description=\"\" data-large_image_width=\"1600\" data-large_image_height=\"1204\"href='https:\/\/www.radiopiu.net\/wordpress\/wp-content\/uploads\/2024\/02\/dbbf689b-e675-468f-99d0-efa4e5ef91ae.jpg'><img loading=\"lazy\" decoding=\"async\" width=\"300\" height=\"226\" src=\"https:\/\/www.radiopiu.net\/wordpress\/wp-content\/uploads\/2024\/02\/dbbf689b-e675-468f-99d0-efa4e5ef91ae-300x226.jpg\" class=\"attachment-medium size-medium\" alt=\"\" srcset=\"https:\/\/www.radiopiu.net\/wordpress\/wp-content\/uploads\/2024\/02\/dbbf689b-e675-468f-99d0-efa4e5ef91ae-300x226.jpg 300w, https:\/\/www.radiopiu.net\/wordpress\/wp-content\/uploads\/2024\/02\/dbbf689b-e675-468f-99d0-efa4e5ef91ae-1024x771.jpg 1024w, https:\/\/www.radiopiu.net\/wordpress\/wp-content\/uploads\/2024\/02\/dbbf689b-e675-468f-99d0-efa4e5ef91ae-768x578.jpg 768w, https:\/\/www.radiopiu.net\/wordpress\/wp-content\/uploads\/2024\/02\/dbbf689b-e675-468f-99d0-efa4e5ef91ae-1536x1156.jpg 1536w, https:\/\/www.radiopiu.net\/wordpress\/wp-content\/uploads\/2024\/02\/dbbf689b-e675-468f-99d0-efa4e5ef91ae.jpg 1600w\" sizes=\"auto, (max-width: 300px) 100vw, 300px\" \/><\/a>\n\t\t\t\t<\/dt><\/dl><dl class='gallery-item'>\n\t\t\t\t<dt class='gallery-icon landscape'>\n\t\t\t\t\t<a class=\"rollover rollover-zoom dt-pswp-item\" title=\"59dce37e-fb42-4ece-adac-440180f59f3d\" data-dt-img-description=\"\" data-large_image_width=\"1600\" data-large_image_height=\"1200\"href='https:\/\/www.radiopiu.net\/wordpress\/wp-content\/uploads\/2024\/02\/59dce37e-fb42-4ece-adac-440180f59f3d-1.jpg'><img loading=\"lazy\" decoding=\"async\" width=\"300\" height=\"225\" src=\"https:\/\/www.radiopiu.net\/wordpress\/wp-content\/uploads\/2024\/02\/59dce37e-fb42-4ece-adac-440180f59f3d-1-300x225.jpg\" class=\"attachment-medium size-medium\" alt=\"\" srcset=\"https:\/\/www.radiopiu.net\/wordpress\/wp-content\/uploads\/2024\/02\/59dce37e-fb42-4ece-adac-440180f59f3d-1-300x225.jpg 300w, https:\/\/www.radiopiu.net\/wordpress\/wp-content\/uploads\/2024\/02\/59dce37e-fb42-4ece-adac-440180f59f3d-1-1024x768.jpg 1024w, https:\/\/www.radiopiu.net\/wordpress\/wp-content\/uploads\/2024\/02\/59dce37e-fb42-4ece-adac-440180f59f3d-1-768x576.jpg 768w, https:\/\/www.radiopiu.net\/wordpress\/wp-content\/uploads\/2024\/02\/59dce37e-fb42-4ece-adac-440180f59f3d-1-1536x1152.jpg 1536w, https:\/\/www.radiopiu.net\/wordpress\/wp-content\/uploads\/2024\/02\/59dce37e-fb42-4ece-adac-440180f59f3d-1.jpg 1600w\" sizes=\"auto, (max-width: 300px) 100vw, 300px\" \/><\/a>\n\t\t\t\t<\/dt><\/dl><br style=\"clear: both\" \/>\n\t\t\t<\/div>\n\n<p>&nbsp;<\/p>\n<hr \/>\n<p>&nbsp;<\/p>\n<blockquote>\n<h2>UN GOLOSO MARTEDI GRASSO ALLO STELLA ALPINA<\/h2>\n<\/blockquote>\n<p><img loading=\"lazy\" decoding=\"async\" class=\"alignleft\" src=\"https:\/\/www.radiopiu.net\/wordpress\/wp-content\/uploads\/2024\/02\/Senza-nome-26.png\" width=\"172\" height=\"125\" \/><\/p>\n<p><strong>FALCADE<\/strong> Oggi all&#8217;Hotel Stella Alpina della famiglia Serafini,\u00a0 primo evento bellunese di&#8221;Chocorights&#8221;, un progetto promosso da &#8220;Insieme si pu\u00f2&#8230;&#8221; e Nina APS, due realt\u00e0 bellunesi che condurranno un viaggio alla scoperta di tre prodotti molto amati dei nostri piatti e dei nostri dolci: il cacao, la vaniglia e lo zafferano. Si ripercorreranno le storie a ritroso dei prodotti,\u00a0 delle persone che li coltivano, dei Paesi in cui &#8220;Insieme si pu\u00f2&#8230;&#8221; e Nina Kakaw promuovono e sostengono dei progetti per la loro coltivazione inclusiva, sociale, responsabile: Ecuador, Uganda, Afghanistan. Si terr\u00e0 poi un laboratorio dal vivo, in cui dal cacao grezzo ciascuno vedr\u00e0 nascere il proprio cioccolato. Ingresso libero, inizio evento ore 17.00.<\/p>\n<p>&nbsp;<\/p>\n<hr \/>\n<p>&nbsp;<\/p>\n<blockquote>\n<h3>MARTEDI GRASSO A BELLUNO<\/h3>\n<\/blockquote>\n<p><strong>BELLUNO <\/strong>Marted\u00ec Grasso sportivo e mascherato: oggi l\u2019evento promosso dagli assessorati allo sport e al turismo per festeggiare la fine del Carnevale in compagnia. Sar\u00e0 riproposta la Pedonata mascherata con tracciato attorno al centro storico, due chilometri con partenza alle 14.30 da Piazza Duomo, e a seguire \u201cComics on ice\u201d, la sfilata delle maschere sulla pista da ghiaccio. Il tema di questa seconda edizione della kermesse sono infatti i fumetti.<\/p>\n<p>&nbsp;<\/p>\n<hr \/>\n<p>&nbsp;<\/p>\n<blockquote>\n<h2>Revocata l&#8217;ordinanza di chiusura del sentiero attrezzato \u201cSperti\u201d<\/h2>\n<\/blockquote>\n<p><strong>BELLUNO<\/strong> La ferrata del gruppo dello Schiara \u00e8 nuovamente percorribile E\u2019 stata revocata l\u2019ordinanza dell\u2019agosto 2022 con la quale era stata disposta la chiusura del sentiero attrezzato \u201cSperti\u201d, ferrata del gruppo dello Schiara.<\/p>\n<p>&nbsp;<\/p>\n<p>&nbsp;<\/p>\n<hr \/>\n<p>&nbsp;<\/p>\n<p>&nbsp;<\/p>\n<blockquote>\n<h3>NUOVA VITA PER I PARCHI DEL CAPOLUOGO<\/h3>\n<\/blockquote>\n<p><strong><img loading=\"lazy\" decoding=\"async\" class=\"alignleft\" src=\"https:\/\/www.radiopiu.net\/wordpress\/wp-content\/uploads\/2024\/02\/06c514a0-ab4d-4d2c-a6ef-6a9949dd38d1.jpg\" width=\"235\" height=\"132\" \/>BELLUNO<\/strong>\u00a0 Il lancio della raccolta fondi per il progetto del parco inclusivo al Parco Citt\u00e0 di Bologna di Belluno ha aperto la strada ai prossimi interventi sui parchi periferici della citt\u00e0. Le strutture smontate verranno riutilizzate in alcuni dei 36 parchi giochi del capoluogo, contribuendo a migliorare anche gli altri spazi verdi cittadini. L&#8217;assessore ai parchi cittadini, Lorenza De Kunovich, ha annunciato che si tratta di strutture praticamente nuove, dismesse nel 2017, e che altri interventi di rinnovamento nei parchi bellunesi saranno illustrati nelle prossime settimane.<\/p>\n<p><strong>DI DANIELE DALVIT<\/strong><\/p>\n<audio class=\"wp-audio-shortcode\" id=\"audio-374145-11\" preload=\"none\" style=\"width: 100%;\" controls=\"controls\"><source type=\"audio\/mpeg\" src=\"https:\/\/www.radiopiu.net\/wordpress\/wp-content\/uploads\/2024\/02\/Radio-Piu-Servizio-Interventi-parchi-Belluno.mp3?_=11\" \/><a href=\"https:\/\/www.radiopiu.net\/wordpress\/wp-content\/uploads\/2024\/02\/Radio-Piu-Servizio-Interventi-parchi-Belluno.mp3\">https:\/\/www.radiopiu.net\/wordpress\/wp-content\/uploads\/2024\/02\/Radio-Piu-Servizio-Interventi-parchi-Belluno.mp3<\/a><\/audio>\n<p>&nbsp;<\/p>\n<p>&nbsp;<\/p>\n<hr \/>\n<p>&nbsp;<\/p>\n<blockquote>\n<h3>CONSIGLI COMUNALI<\/h3>\n<\/blockquote>\n<p><strong>SELVA DI CADORE<\/strong> Il sindaco Luca Lorenzini ha convocato i consiglieri per\u00a0 giovedi 15 febbraio alle 18.30, all&#8217;ordine del giorno verifica delle aree e fabbricati da destinare a residenza, attivit\u00e0 produttive e terziarie che potranno essere cedute in diritto di propriet\u00e0 o superficie; approvazione documento unico di programmazione.<\/p>\n<p><strong>ROCCA PIETORE<\/strong> consiglio comunale alle 18 di giovedi, all&#8217;ordine del giorno il programma triennale per il conferimento degli incarichi di collaborazione autonoma<\/p>\n<p>&nbsp;<\/p>\n<p>&nbsp;<\/p>\n<p><strong><a class=\"dt-pswp-item\" href=\"https:\/\/www.radiopiu.net\/wordpress\/wp-content\/uploads\/2024\/02\/th-10.jpg\" data-dt-img-description=\"\" data-large_image_width=\"193\" data-large_image_height=\"180\"><img loading=\"lazy\" decoding=\"async\" class=\"size-medium wp-image-374329 alignleft\" src=\"https:\/\/www.radiopiu.net\/wordpress\/wp-content\/uploads\/2024\/02\/th-10.jpg\" alt=\"\" width=\"193\" height=\"180\" \/><\/a>ANCHE IL COMUNE DI VOLTAGO SU TELEGRAM<\/strong><br \/>\n<strong>GIANNI SANTOMASO<\/strong><\/p>\n<audio class=\"wp-audio-shortcode\" id=\"audio-374145-12\" preload=\"none\" style=\"width: 100%;\" controls=\"controls\"><source type=\"audio\/mpeg\" src=\"https:\/\/www.radiopiu.net\/wordpress\/wp-content\/uploads\/2024\/02\/telegram-voltago.mp3?_=12\" \/><a href=\"https:\/\/www.radiopiu.net\/wordpress\/wp-content\/uploads\/2024\/02\/telegram-voltago.mp3\">https:\/\/www.radiopiu.net\/wordpress\/wp-content\/uploads\/2024\/02\/telegram-voltago.mp3<\/a><\/audio>\n<p>&nbsp;<\/p>\n<p>&nbsp;<\/p>\n<hr \/>\n<p>&nbsp;<\/p>\n<p>&nbsp;<\/p>\n<blockquote>\n<h3>APPUNTAMENTI CON L&#8217;ASSOCIAZIONE DONATORI DI ORGANI<\/h3>\n<\/blockquote>\n<p><strong>BELLUNO<\/strong> L&#8217;Aido Belluno organizza tre eventi: il primo il 14 febbraio alle 18 presso la casa funeraria Donadel a Belluno, dedicato alla donazione degli organi con relatori Carlo Cattaneo e Mirko Dalle Mulle. Il secondo, &#8220;Cammina con cuore&#8221;, si terr\u00e0 il 17 febbraio a Limana, una passeggiata lungo un percorso di 5 km per promuovere uno stile di vita sano. Il terzo evento si terr\u00e0 il 28 febbraio nuovamente alla casa funeraria Donadel, con approfondimenti sulla donazione degli organi. I contatti per informazioni sono al numero 336200212.<\/p>\n<p>&nbsp;<\/p>\n<p>&nbsp;<\/p>\n<hr \/>\n<p>&nbsp;<\/p>\n<blockquote>\n<h3><a class=\"dt-pswp-item\" href=\"https:\/\/www.radiopiu.net\/wordpress\/wp-content\/uploads\/2023\/12\/polizia.png\" data-dt-img-description=\"\" data-large_image_width=\"411\" data-large_image_height=\"315\"><img loading=\"lazy\" decoding=\"async\" class=\"wp-image-366987 alignleft\" src=\"https:\/\/www.radiopiu.net\/wordpress\/wp-content\/uploads\/2023\/12\/polizia-300x230.png\" alt=\"\" width=\"166\" height=\"127\" srcset=\"https:\/\/www.radiopiu.net\/wordpress\/wp-content\/uploads\/2023\/12\/polizia-300x230.png 300w, https:\/\/www.radiopiu.net\/wordpress\/wp-content\/uploads\/2023\/12\/polizia.png 411w\" sizes=\"auto, (max-width: 166px) 100vw, 166px\" \/><\/a>POLIZIA DI STATO, NUOVO CONCORSO<\/h3>\n<\/blockquote>\n<p><strong>BELLUNO<\/strong> Sul Portale unico del reclutamento accessibile all\u2019indirizzo <a href=\"http:\/\/www.inpa.gov.it\">www.inpa.gov.it<\/a>, sono stati pubblicati i bandi di concorso pubblico, per titoli ed esami, per l\u2019assunzione di<strong> 3 commissari tecnici chimici<\/strong>,<strong> 8 commissari tecnici biologi <\/strong>e<strong> 12 commissari tecnici psicologi <\/strong>della carriera dei funzionari tecnici della Polizia di Stato. Le domande di partecipazione ai concorsi potranno essere presentate, dal 3 febbraio al 4 marzo 2024, utilizzando esclusivamente la procedura informatica<\/p>\n<p>&nbsp;<\/p>\n<hr \/>\n<p>&nbsp;<\/p>\n<blockquote>\n<h2>BOLAGO E ORZES, DUE FAMIGLIE E TRE STORIE DI DEPORTAZIONE<\/h2>\n<\/blockquote>\n<p>&nbsp;<\/p>\n<p><a class=\"dt-pswp-item\" href=\"https:\/\/www.radiopiu.net\/wordpress\/wp-content\/uploads\/2024\/02\/56a704bd-caa3-45ab-90ab-9507816a4011.jpg\" data-dt-img-description=\"\" data-large_image_width=\"1131\" data-large_image_height=\"1600\"><img loading=\"lazy\" decoding=\"async\" class=\"size-medium wp-image-374321 alignleft\" src=\"https:\/\/www.radiopiu.net\/wordpress\/wp-content\/uploads\/2024\/02\/56a704bd-caa3-45ab-90ab-9507816a4011-212x300.jpg\" alt=\"\" width=\"212\" height=\"300\" srcset=\"https:\/\/www.radiopiu.net\/wordpress\/wp-content\/uploads\/2024\/02\/56a704bd-caa3-45ab-90ab-9507816a4011-212x300.jpg 212w, https:\/\/www.radiopiu.net\/wordpress\/wp-content\/uploads\/2024\/02\/56a704bd-caa3-45ab-90ab-9507816a4011-724x1024.jpg 724w, https:\/\/www.radiopiu.net\/wordpress\/wp-content\/uploads\/2024\/02\/56a704bd-caa3-45ab-90ab-9507816a4011-768x1086.jpg 768w, https:\/\/www.radiopiu.net\/wordpress\/wp-content\/uploads\/2024\/02\/56a704bd-caa3-45ab-90ab-9507816a4011-1086x1536.jpg 1086w, https:\/\/www.radiopiu.net\/wordpress\/wp-content\/uploads\/2024\/02\/56a704bd-caa3-45ab-90ab-9507816a4011.jpg 1131w\" sizes=\"auto, (max-width: 212px) 100vw, 212px\" \/><\/a><\/p>\n<p>&nbsp;<\/p>\n<p>&nbsp;<\/p>\n<p>&nbsp;<\/p>\n<p>&nbsp;<\/p>\n<p>&nbsp;<\/p>\n<p>&nbsp;<\/p>\n<p>&nbsp;<\/p>\n<p>&nbsp;<\/p>\n<p>&nbsp;<\/p>\n<p><strong>SEDICO<\/strong><\/p>\n<p><strong>DI ROBERTO BONA<\/strong><\/p>\n<audio class=\"wp-audio-shortcode\" id=\"audio-374145-13\" preload=\"none\" style=\"width: 100%;\" controls=\"controls\"><source type=\"audio\/mpeg\" src=\"https:\/\/www.radiopiu.net\/wordpress\/wp-content\/uploads\/2024\/02\/LeGuerreUmbertoMaria.mp3?_=13\" \/><a href=\"https:\/\/www.radiopiu.net\/wordpress\/wp-content\/uploads\/2024\/02\/LeGuerreUmbertoMaria.mp3\">https:\/\/www.radiopiu.net\/wordpress\/wp-content\/uploads\/2024\/02\/LeGuerreUmbertoMaria.mp3<\/a><\/audio>\n<p>&nbsp;<\/p>\n<hr \/>\n<p>&nbsp;<\/p>\n<h2><span style=\"color: #ff6600;\">IERI ALLA RADIO<\/span><\/h2>\n<h2><span style=\"color: #ff0000;\">OGGI COME IERI di e con SILVIA BALDO<\/span><\/h2>\n<p><img decoding=\"async\" class=\"aligncenter\" src=\"https:\/\/www.radiopiu.net\/wordpress\/wp-content\/uploads\/2023\/09\/309000774_10222572118595513_7956305457803922499_n.jpg\" \/><\/p>\n<p>&nbsp;<\/p>\n<p><strong>PUNTATA 18 12 FEBBRAIO 2024<\/strong><\/p>\n<audio class=\"wp-audio-shortcode\" id=\"audio-374145-14\" preload=\"none\" style=\"width: 100%;\" controls=\"controls\"><source type=\"audio\/mpeg\" src=\"https:\/\/www.radiopiu.net\/wordpress\/wp-content\/uploads\/2024\/02\/SIBI.mp3?_=14\" \/><a href=\"https:\/\/www.radiopiu.net\/wordpress\/wp-content\/uploads\/2024\/02\/SIBI.mp3\">https:\/\/www.radiopiu.net\/wordpress\/wp-content\/uploads\/2024\/02\/SIBI.mp3<\/a><\/audio>\n<p>&nbsp;<\/p>\n<h2>LA RACCOLTA COMPLETA <a href=\"https:\/\/www.radiopiu.net\/wordpress\/alle-nove-oggi-come-ieri-di-e-con-silvia-baldo\/\">CLICCA QUI<\/a><\/h2>\n<p>&nbsp;<\/p>\n<p>&nbsp;<\/p>\n<hr \/>\n<p>&nbsp;<\/p>\n<p>&nbsp;<\/p>\n<h2><span style=\"color: #008000;\">CIAK SI GIRA, IL PROGRAMMA DI PAOLA LANCIATO<\/span><\/h2>\n<p><strong><a class=\"dt-pswp-item\" href=\"https:\/\/www.radiopiu.net\/wordpress\/wp-content\/uploads\/2024\/02\/612oWOnZ5LL._AC_UF10001000_QL80_.jpg\" data-dt-img-description=\"\" data-large_image_width=\"750\" data-large_image_height=\"1000\"><img loading=\"lazy\" decoding=\"async\" class=\" wp-image-374257 alignleft\" src=\"https:\/\/www.radiopiu.net\/wordpress\/wp-content\/uploads\/2024\/02\/612oWOnZ5LL._AC_UF10001000_QL80_-225x300.jpg\" alt=\"\" width=\"101\" height=\"135\" srcset=\"https:\/\/www.radiopiu.net\/wordpress\/wp-content\/uploads\/2024\/02\/612oWOnZ5LL._AC_UF10001000_QL80_-225x300.jpg 225w, https:\/\/www.radiopiu.net\/wordpress\/wp-content\/uploads\/2024\/02\/612oWOnZ5LL._AC_UF10001000_QL80_.jpg 750w\" sizes=\"auto, (max-width: 101px) 100vw, 101px\" \/><\/a>PUNTATA 03, PRETTY WOMAN 12.02.2024<\/strong><\/p>\n<audio class=\"wp-audio-shortcode\" id=\"audio-374145-15\" preload=\"none\" style=\"width: 100%;\" controls=\"controls\"><source type=\"audio\/mpeg\" src=\"https:\/\/www.radiopiu.net\/wordpress\/wp-content\/uploads\/2024\/02\/CIAK1-2.mp3?_=15\" \/><a href=\"https:\/\/www.radiopiu.net\/wordpress\/wp-content\/uploads\/2024\/02\/CIAK1-2.mp3\">https:\/\/www.radiopiu.net\/wordpress\/wp-content\/uploads\/2024\/02\/CIAK1-2.mp3<\/a><\/audio>\n<p>&nbsp;<\/p>\n<h2>LA RACCOLTA COMPLETA <a href=\"https:\/\/www.radiopiu.net\/wordpress\/ciak24\/\">CLICCA QUI<\/a><\/h2>\n<p>&nbsp;<\/p>\n<hr \/>\n<p>&nbsp;<\/p>\n<p>&nbsp;<\/p>\n<p>&nbsp;<\/p>\n<h2><span style=\"color: #808000;\">PERITI MINERARI DALL\u2019AGORDINO AL MONDO<\/span><\/h2>\n<p><strong>REDAZIONE<\/strong> Continua la serie di racconti con i periti minerari agordini. Nelle prossime due puntate la storia di Massimo Fontanive. I racconti dei periti minerari agordini che hanno lavorato nel mondo, ogni luned\u00ec alle 10:30 e alle 19 su Radio Pi\u00f9.<\/p>\n<p><iframe loading=\"lazy\" title=\"MASSIMO FONTANIVE\" width=\"1200\" height=\"675\" src=\"https:\/\/www.youtube.com\/embed\/9BZeQie2nwU?feature=oembed\" frameborder=\"0\" allow=\"accelerometer; autoplay; clipboard-write; encrypted-media; gyroscope; picture-in-picture; web-share\" allowfullscreen><\/iframe><\/p>\n<p>&nbsp;<\/p>\n<h2><strong>LA RACCOLTA COMPLETA <a href=\"https:\/\/www.radiopiu.net\/wordpress\/periti-minerari-dallagordino-al-mondo\/\">CLICCA QUI<\/a><\/strong><\/h2>\n<p>&nbsp;<\/p>\n<hr \/>\n<p>&nbsp;<\/p>\n<p>&nbsp;<\/p>\n<h2><span style=\"color: #3366ff;\">SALUTE &amp; SOCIETA&#8217;<\/span><\/h2>\n<p><strong><a class=\"dt-pswp-item\" href=\"https:\/\/www.radiopiu.net\/wordpress\/wp-content\/uploads\/2024\/02\/ss-12-2.jpeg\" data-dt-img-description=\"\" data-large_image_width=\"800\" data-large_image_height=\"445\"><img loading=\"lazy\" decoding=\"async\" class=\" wp-image-374216 alignleft\" src=\"https:\/\/www.radiopiu.net\/wordpress\/wp-content\/uploads\/2024\/02\/ss-12-2-300x167.jpeg\" alt=\"\" width=\"178\" height=\"99\" srcset=\"https:\/\/www.radiopiu.net\/wordpress\/wp-content\/uploads\/2024\/02\/ss-12-2-300x167.jpeg 300w, https:\/\/www.radiopiu.net\/wordpress\/wp-content\/uploads\/2024\/02\/ss-12-2-768x427.jpeg 768w, https:\/\/www.radiopiu.net\/wordpress\/wp-content\/uploads\/2024\/02\/ss-12-2.jpeg 800w\" sizes=\"auto, (max-width: 178px) 100vw, 178px\" \/><\/a>PUNTATA 12 FEBBRAIO 2024<\/strong><\/p>\n<p><strong>La voce dei pazienti<\/strong> Un manifesto per includere la voce dei pazienti nelle decisioni su ricerca clinica e percorsi regolatori. Il Gruppo PRO4All, ha rilanciato il proprio appello alle Istituzioni. <strong>La pouchite <\/strong>La pouchite \u00e8 una infiammazione della tasca che viene creata dal chirurgo per sostituire l\u2019ampolla rettale nei pazienti con colite ulcerosa refrattari alla terapia medica.<\/p>\n<audio class=\"wp-audio-shortcode\" id=\"audio-374145-16\" preload=\"none\" style=\"width: 100%;\" controls=\"controls\"><source type=\"audio\/mpeg\" src=\"https:\/\/www.radiopiu.net\/wordpress\/wp-content\/uploads\/2024\/02\/SALUTE-1.mp3?_=16\" \/><a href=\"https:\/\/www.radiopiu.net\/wordpress\/wp-content\/uploads\/2024\/02\/SALUTE-1.mp3\">https:\/\/www.radiopiu.net\/wordpress\/wp-content\/uploads\/2024\/02\/SALUTE-1.mp3<\/a><\/audio>\n<p>&nbsp;<\/p>\n<hr \/>\n<p>&nbsp;<\/p>\n<p>&nbsp;<\/p>\n<h2><span style=\"color: #00ccff;\">I RACCONTI DI PAOLO SOPPELSA<\/span><\/h2>\n<p><strong>IL PIAVE\u00a0<\/strong><\/p>\n<p><strong>AUDIO<\/strong><\/p>\n<audio class=\"wp-audio-shortcode\" id=\"audio-374145-17\" preload=\"none\" style=\"width: 100%;\" controls=\"controls\"><source type=\"audio\/mpeg\" src=\"https:\/\/www.radiopiu.net\/wordpress\/wp-content\/uploads\/2024\/02\/PAOLOS-1.mp3?_=17\" \/><a href=\"https:\/\/www.radiopiu.net\/wordpress\/wp-content\/uploads\/2024\/02\/PAOLOS-1.mp3\">https:\/\/www.radiopiu.net\/wordpress\/wp-content\/uploads\/2024\/02\/PAOLOS-1.mp3<\/a><\/audio>\n<p>&nbsp;<\/p>\n<p><a class=\"dt-pswp-item\" href=\"https:\/\/www.radiopiu.net\/wordpress\/wp-content\/uploads\/2024\/02\/686145b4-6b81-4707-8af3-12ed28861f0c.jpg\" data-dt-img-description=\"\" data-large_image_width=\"1080\" data-large_image_height=\"810\"><img loading=\"lazy\" decoding=\"async\" class=\" wp-image-374112 alignleft\" src=\"https:\/\/www.radiopiu.net\/wordpress\/wp-content\/uploads\/2024\/02\/686145b4-6b81-4707-8af3-12ed28861f0c-300x225.jpg\" alt=\"\" width=\"184\" height=\"138\" srcset=\"https:\/\/www.radiopiu.net\/wordpress\/wp-content\/uploads\/2024\/02\/686145b4-6b81-4707-8af3-12ed28861f0c-300x225.jpg 300w, https:\/\/www.radiopiu.net\/wordpress\/wp-content\/uploads\/2024\/02\/686145b4-6b81-4707-8af3-12ed28861f0c-1024x768.jpg 1024w, https:\/\/www.radiopiu.net\/wordpress\/wp-content\/uploads\/2024\/02\/686145b4-6b81-4707-8af3-12ed28861f0c-768x576.jpg 768w, https:\/\/www.radiopiu.net\/wordpress\/wp-content\/uploads\/2024\/02\/686145b4-6b81-4707-8af3-12ed28861f0c.jpg 1080w\" sizes=\"auto, (max-width: 184px) 100vw, 184px\" \/><\/a>Il Fiume Sacro nasce lass\u00f9 alle pendici del Peralba, il monte d&#8217;argento che domina la Val Visdende; un cerchio di sassi e un cippo di pietra, sono loro ad indicare il punto esatto dove sgorga quell&#8217;acqua limpida e pura che poi diventer\u00e0 il fiume Piave. \u00c8 discesa ripida quella percorsa da quell&#8217;acqua ancora bambina che scorre saltellando lungo il greto sassoso e stretto della Val Sesis; laggi\u00f9, al termine della stretta valle, la verdeggiante Sappada accoglie il fiume che ancora ha il carattere di torrente di montagna. Ora l&#8217;acqua \u00e8 ospitata in un alveo pi\u00f9 ampio e scorre lungo il fondovalle fino a raggiungere il paese di Santo Stefano, anch&#8217;esso, come Cencenighe, posto all&#8217;incrocio di valli e di venti e di strade e di acque. Pochi chilometri ancora ed ecco che il fiume va ad offrire i primi servigi all&#8217;uomo; una diga, situata nella valle pi\u00f9 severa dell&#8217;intera provincia, va ad interrompere improvvisamente il suo scorrere in direzione sud formando uno scuro ed inquietante lago che si pu\u00f2 ammirare dalla vecchia strada che lo sovrasta di appena qualche metro. Qui la valle \u00e8 angusta, un mondo di rocce incombenti e acqua di lago, di gallerie oscure e valanghe d&#8217;inverno. Molti anni fa l&#8217;ho percorsa a piedi la vecchia strada che costeggia il lago, e serbo un vivo ricordo di quella natura potente e primordiale. Poi l&#8217;acqua abbandona la terra comeliana e continua la sua corsa in Cadore dove un&#8217;altra diga, stavolta pi\u00f9 imponente, va nuovamente a sbarrare il suo perenne scorrere formando il lago Centro Cadore nelle cui acque si rimirano le cime che sovrastano il paese del Tiziano. Poco pi\u00f9 a valle il Piave accoglie il Boite e in breve raggiunge Longarone; qui il ricordo si fa doloroso, il fiume scorre in quel greto che sessant&#8217;anni fa si tramut\u00f2 in cimitero e la memoria ritorna a quei giorni tristi in cui il Piave, suo malgrado, si ritrov\u00f2 coinvolto in quel dramma epocale che ha segnato per sempre la storia di Longarone e non solo. Superato lo sbarramento di Soverzene, il fiume vira decisamente in direzione di Belluno dove scorre sfiorando la Citt\u00e0 Splendente. \u00c8 qui, che in certi pomeriggi soprattutto invernali, nei momenti che precedono l&#8217;arrivo della sera, il fiume sembra voler raccontare le sue storie di guerra e zattieri; racconti di eroici fanti della Grande Guerra e di tronchi centenari che arrivavano fino a Venezia. Poi, per qualche istante, il fiume si trasforma in un lucente nastro d&#8217;oro che scorre lungo la Valbelluna per poi abbandonarsi al suo caratteristico mormorare notturno. Una quindicina di chilometri pi\u00f9 a sud ecco il ricevere le acque del Cordevole; in questo punto, nei giorni delle piene autunnali, \u00e8 strepitare di acque marroni e furiose, \u00e8 rombo profondo che intimorisce ed inquieta. Dopo Busche il fiume si allarga e volge verso il confine sud della provincia di Belluno. \u00c8 l\u00ec, dopo la stretta di Quero, che il Piave entra in terra trevigiana e nella Grande Storia. Fu in questi luoghi che, oltre un secolo fa, il fiume divenne Sacro alla Patria. Qui il Piave scorre in un alveo che \u00e8 sacrario, lambendo ossari di guerra e paesi al cui nome \u00e8 stato aggiunto quel Della Battaglia che rinnova ogni giorno la memoria. Poi il fiume si inoltra fra vigneti e capannoni proseguendo il suo scorrere attraverso la Marca Trevigiana. Ormai la sua corsa si sta avvicinando al capolinea e nell&#8217;aria, chilometro dopo chilometro, il sentore di mare si fa sempre pi\u00f9 intenso. Una serie di larghe anse e poi il disperdersi nelle acque dell&#8217;Adriatico. \u00c8 qui, alla foce di Cortellazzo, che dopo 220 chilometri ha termine l&#8217;infinito scorrere di questo fiume che attraversa il Veneto e la Grande Storia.<\/p>\n<p>&nbsp;<\/p>\n<p>&nbsp;<\/p>\n<hr \/>\n<p>&nbsp;<\/p>\n<blockquote>\n<h3><\/h3>\n<h3>PAROLE A TEMA<\/h3>\n<\/blockquote>\n<blockquote>\n<h3><em class=\"photoswipe-wrapper\"><a class=\"dt-pswp-item\" href=\"https:\/\/www.radiopiu.net\/wordpress\/wp-content\/uploads\/2024\/02\/parole-a-tema-logo-piccolo.png\" data-dt-img-description=\"\" data-large_image_width=\"250\" data-large_image_height=\"250\"><img loading=\"lazy\" decoding=\"async\" class=\"wp-image-374275 alignleft\" src=\"https:\/\/www.radiopiu.net\/wordpress\/wp-content\/uploads\/2024\/02\/parole-a-tema-logo-piccolo.png\" alt=\"\" width=\"152\" height=\"152\" srcset=\"https:\/\/www.radiopiu.net\/wordpress\/wp-content\/uploads\/2024\/02\/parole-a-tema-logo-piccolo.png 250w, https:\/\/www.radiopiu.net\/wordpress\/wp-content\/uploads\/2024\/02\/parole-a-tema-logo-piccolo-150x150.png 150w\" sizes=\"auto, (max-width: 152px) 100vw, 152px\" \/><\/a>La redazione di Due Minuti Un libro proporr\u00e0 il nuovo programma alla radio: \u201cParole a tema\u201d. Con Gialuca Melilli<\/em><\/h3>\n<\/blockquote>\n<p><strong>PUNTATA 02 10 FEBBRAIO &#8211; IL GIORNO DEL RICORDO, GIORNATA NAZIONALE VITTIME DELLE FOIBE<\/strong><\/p>\n<audio class=\"wp-audio-shortcode\" id=\"audio-374145-18\" preload=\"none\" style=\"width: 100%;\" controls=\"controls\"><source type=\"audio\/mpeg\" src=\"https:\/\/www.radiopiu.net\/wordpress\/wp-content\/uploads\/2024\/02\/PT1-1.mp3?_=18\" \/><a href=\"https:\/\/www.radiopiu.net\/wordpress\/wp-content\/uploads\/2024\/02\/PT1-1.mp3\">https:\/\/www.radiopiu.net\/wordpress\/wp-content\/uploads\/2024\/02\/PT1-1.mp3<\/a><\/audio>\n<p>&nbsp;<\/p>\n<p>&nbsp;<\/p>\n<p>&nbsp;<\/p>\n<hr \/>\n<p>&nbsp;<\/p>\n<blockquote>\n<h3>SAVE THE DATE FESTIVAL AL RIFUGIO LARESEI&#8230;IL 7 APRILE SARA&#8217; UNA GIORNATA INDIMENTICABILE<\/h3>\n<\/blockquote>\n<p><strong>REDAZIONE<\/strong> Mancano 2 mesi&#8230;7 aprile 2024 \u00e8 la data sa segnare sul calendario. Rifugio Laresei, Falcade&#8230;A breve maggiori informazioni sugli special guests e sul ticketing online. Non prendete impegni che al Laresei si fa la storia! Continuate a seguirci su instagram @savethedate_festival_ e su @rifugiolaresei<\/p>\n<p>&nbsp;<\/p>\n<p>&nbsp;<\/p>\n<p>&nbsp;<\/p>\n<hr \/>\n<p>&nbsp;<\/p>\n<blockquote>\n<h3>Esplorazione nel Passato: Apertura Eccezionale del Rifugio Antiaereo di Belluno<\/h3>\n<\/blockquote>\n<p><img loading=\"lazy\" decoding=\"async\" class=\"alignleft\" src=\"https:\/\/www.radiopiu.net\/wordpress\/wp-content\/uploads\/2024\/02\/bunker-rifugio-antiaereo-Belluno.jpg\" width=\"225\" height=\"150\" \/><strong>BELLUNO<\/strong> Il gruppo giovani del FAI di Belluno organizza l&#8217;apertura eccezionale del rifugio antiaereo sotto Piazza dei Martiri il 18 febbraio. Dopo il successo delle precedenti aperture, dovute alla grande richiesta, si ripropone l&#8217;evento per consentire a pi\u00f9 persone possibile di visitare questo luogo carico di storia legato alla Seconda guerra mondiale. La visita, guidata dai volontari del FAI, permetter\u00e0 di conoscere la storia e le peculiarit\u00e0 strutturali del rifugio, attraversando i suoi ambienti e le grandi gallerie sotterranee. I turni di visita sono ogni 30 minuti e le prenotazioni sono online, con un contributo a partire da 3 euro. Non \u00e8 richiesta prenotazione per i bambini fino ai 10 anni. \u00c8 possibile iscriversi al FAI in loco. Per ulteriori informazioni, \u00e8 possibile contattare <a target=\"_new\" rel=\"noopener\">belluno@faigiovani.fondoambiente.it<\/a>.<\/p>\n<p>&nbsp;<\/p>\n<p>&nbsp;<\/p>\n<hr \/>\n<p>&nbsp;<\/p>\n<blockquote>\n<blockquote>\n<h3>ASCA CERCA OPERATORI SOCIO SANITARI<\/h3>\n<\/blockquote>\n<\/blockquote>\n<p><strong><a class=\"dt-pswp-item\" href=\"https:\/\/www.radiopiu.net\/wordpress\/wp-content\/uploads\/2020\/04\/ASCA.png\" data-dt-img-description=\"\" data-large_image_width=\"1211\" data-large_image_height=\"668\"><img loading=\"lazy\" decoding=\"async\" class=\" wp-image-128881 alignleft\" src=\"https:\/\/www.radiopiu.net\/wordpress\/wp-content\/uploads\/2020\/04\/ASCA-300x165.png\" alt=\"\" width=\"157\" height=\"86\" srcset=\"https:\/\/www.radiopiu.net\/wordpress\/wp-content\/uploads\/2020\/04\/ASCA-300x165.png 300w, https:\/\/www.radiopiu.net\/wordpress\/wp-content\/uploads\/2020\/04\/ASCA-1024x565.png 1024w, https:\/\/www.radiopiu.net\/wordpress\/wp-content\/uploads\/2020\/04\/ASCA-768x424.png 768w, https:\/\/www.radiopiu.net\/wordpress\/wp-content\/uploads\/2020\/04\/ASCA.png 1211w\" sizes=\"auto, (max-width: 157px) 100vw, 157px\" \/><\/a>AGORDO<\/strong> L&#8217;A.S.C.A. ha pubblicato un avviso di selezione per creare una graduatoria di idoneit\u00e0 volta all&#8217;assunzione di Operatori Socio Sanitari (OSS) a tempo determinato e indeterminato, sia a tempo pieno che parziale, presso le sedi di Agordo, Taibon Agordino e i Comuni Agordini per il servizio domiciliare. Il contratto di riferimento \u00e8 regolato dal CCNL UNEBA, con un trattamento economico basato sul livello contrattuale 4S, incluso un superminimo di \u20ac2.502,39 lordi annui. Vengono offerti vantaggi quali l&#8217;accesso al Welfare Aziendale e la possibilit\u00e0 di sistemazione abitativa gratuita per 8 mesi, con eventuali costi per le utenze. Scadenza domande entro venerd\u00ec 23 febbraio alle 12.<\/p>\n<p>&nbsp;<\/p>\n<p>&nbsp;<\/p>\n<hr \/>\n<p>&nbsp;<\/p>\n<blockquote>\n<h3><a class=\"dt-pswp-item\" href=\"https:\/\/www.radiopiu.net\/wordpress\/wp-content\/uploads\/2024\/02\/bc5b076e-c8f0-46e1-9a84-cc1dbc7d8453.jpg\" data-dt-img-description=\"\" data-large_image_width=\"1131\" data-large_image_height=\"1600\"><img loading=\"lazy\" decoding=\"async\" class=\" wp-image-373651 alignleft\" src=\"https:\/\/www.radiopiu.net\/wordpress\/wp-content\/uploads\/2024\/02\/bc5b076e-c8f0-46e1-9a84-cc1dbc7d8453-212x300.jpg\" alt=\"\" width=\"94\" height=\"133\" srcset=\"https:\/\/www.radiopiu.net\/wordpress\/wp-content\/uploads\/2024\/02\/bc5b076e-c8f0-46e1-9a84-cc1dbc7d8453-212x300.jpg 212w, https:\/\/www.radiopiu.net\/wordpress\/wp-content\/uploads\/2024\/02\/bc5b076e-c8f0-46e1-9a84-cc1dbc7d8453-724x1024.jpg 724w, https:\/\/www.radiopiu.net\/wordpress\/wp-content\/uploads\/2024\/02\/bc5b076e-c8f0-46e1-9a84-cc1dbc7d8453-768x1086.jpg 768w, https:\/\/www.radiopiu.net\/wordpress\/wp-content\/uploads\/2024\/02\/bc5b076e-c8f0-46e1-9a84-cc1dbc7d8453-1086x1536.jpg 1086w, https:\/\/www.radiopiu.net\/wordpress\/wp-content\/uploads\/2024\/02\/bc5b076e-c8f0-46e1-9a84-cc1dbc7d8453.jpg 1131w\" sizes=\"auto, (max-width: 94px) 100vw, 94px\" \/><\/a>IL 17 FEBBRAIO ORAZIO ALLA CASA DELLA GIOVENTU&#8217; DI CAVIOLA<\/h3>\n<\/blockquote>\n<p><strong>DI LUISA ALCHINI<\/strong><\/p>\n<audio class=\"wp-audio-shortcode\" id=\"audio-374145-19\" preload=\"none\" style=\"width: 100%;\" controls=\"controls\"><source type=\"audio\/mpeg\" src=\"https:\/\/www.radiopiu.net\/wordpress\/wp-content\/uploads\/2024\/02\/LUISA-SPETTACOLO-oRAZIO-17-FEBBRAIO-cAVIOLA.mp3?_=19\" \/><a href=\"https:\/\/www.radiopiu.net\/wordpress\/wp-content\/uploads\/2024\/02\/LUISA-SPETTACOLO-oRAZIO-17-FEBBRAIO-cAVIOLA.mp3\">https:\/\/www.radiopiu.net\/wordpress\/wp-content\/uploads\/2024\/02\/LUISA-SPETTACOLO-oRAZIO-17-FEBBRAIO-cAVIOLA.mp3<\/a><\/audio>\n<blockquote><p>&nbsp;<\/p><\/blockquote>\n<hr \/>\n<p>&nbsp;<\/p>\n<blockquote>\n<h3>GLI ESPERTI DI FARFALLE NEL PARCO<\/h3>\n<\/blockquote>\n<p><strong>FELTRE<\/strong> Il Parco Nazionale Dolomiti Bellunesi ospiter\u00e0, il prossimo giugno, il quarto incontro dell\u2019Associazione Lepidotterologica Italiana, sodalizio che riunisce i ricercatori e gli appassionati di tutta Italia che si occupano di studio e conservazione delle farfalle. Il convegno si svolger\u00e0 a Villa Patt.<\/p>\n<blockquote><p>&nbsp;<\/p><\/blockquote>\n<p>&nbsp;<\/p>\n<hr \/>\n<p>&nbsp;<\/p>\n<p>&nbsp;<\/p>\n<blockquote>\n<h3><a class=\"dt-pswp-item\" href=\"https:\/\/www.radiopiu.net\/wordpress\/wp-content\/uploads\/2024\/02\/IMG-20240124-WA0001.jpg\" data-dt-img-description=\"\" data-large_image_width=\"1131\" data-large_image_height=\"1600\"><img loading=\"lazy\" decoding=\"async\" class=\" wp-image-373747 alignleft\" src=\"https:\/\/www.radiopiu.net\/wordpress\/wp-content\/uploads\/2024\/02\/IMG-20240124-WA0001-212x300.jpg\" alt=\"\" width=\"85\" height=\"120\" srcset=\"https:\/\/www.radiopiu.net\/wordpress\/wp-content\/uploads\/2024\/02\/IMG-20240124-WA0001-212x300.jpg 212w, https:\/\/www.radiopiu.net\/wordpress\/wp-content\/uploads\/2024\/02\/IMG-20240124-WA0001-724x1024.jpg 724w, https:\/\/www.radiopiu.net\/wordpress\/wp-content\/uploads\/2024\/02\/IMG-20240124-WA0001-768x1086.jpg 768w, https:\/\/www.radiopiu.net\/wordpress\/wp-content\/uploads\/2024\/02\/IMG-20240124-WA0001-1086x1536.jpg 1086w, https:\/\/www.radiopiu.net\/wordpress\/wp-content\/uploads\/2024\/02\/IMG-20240124-WA0001.jpg 1131w\" sizes=\"auto, (max-width: 85px) 100vw, 85px\" \/><\/a>IL MECCANICO AL TEATRO SAN GAETANO<\/h3>\n<\/blockquote>\n<p><strong>BELLUNO<\/strong> La Pro Loco Pieve Castionese ha il piacere di annunciare la rappresentazione teatrale di &#8220;IL MECCANICO&#8221; al teatro San Gaetano, con debutto il 17 e 18 febbraio alle 21. La collaborazione con Auge Teatro trasforma il teatro in un&#8217;officina di emozioni, consolidando il ruolo del San Gaetano come luogo per consumare emozioni attraverso la passione, il lavoro e la partecipazione di molte persone coinvolte negli anni.<\/p>\n<p>&nbsp;<\/p>\n<p>&nbsp;<\/p>\n<hr \/>\n<p>&nbsp;<\/p>\n<h2><span style=\"color: #ff0000;\">GLI APPUNTAMENTI DELLA SETTIMANA<\/span><span style=\"color: #ff0000;\">\u00a0<\/span><\/h2>\n<p><img loading=\"lazy\" decoding=\"async\" class=\"size-medium wp-image-372256 aligncenter\" src=\"https:\/\/www.radiopiu.net\/wordpress\/wp-content\/uploads\/2024\/01\/Carnevale-2024-def-212x300.png\" alt=\"\" width=\"212\" height=\"300\" srcset=\"https:\/\/www.radiopiu.net\/wordpress\/wp-content\/uploads\/2024\/01\/Carnevale-2024-def-212x300.png 212w, https:\/\/www.radiopiu.net\/wordpress\/wp-content\/uploads\/2024\/01\/Carnevale-2024-def-724x1024.png 724w, https:\/\/www.radiopiu.net\/wordpress\/wp-content\/uploads\/2024\/01\/Carnevale-2024-def-768x1086.png 768w, https:\/\/www.radiopiu.net\/wordpress\/wp-content\/uploads\/2024\/01\/Carnevale-2024-def-1086x1536.png 1086w, https:\/\/www.radiopiu.net\/wordpress\/wp-content\/uploads\/2024\/01\/Carnevale-2024-def.png 1414w\" sizes=\"auto, (max-width: 212px) 100vw, 212px\" \/><\/p>\n<p><strong>BORGO VALBELLUNA<\/strong> Domani prossimo alle ore 20,00 San Valentino arriver\u00e0 a Mel, presso il cinquecentesco salone municipale, grazie al nuovo libro di poesie di Edoardo Comiotto dal titolo \u201cInvisibili carezze\u201d.<\/p>\n<p><strong>BELLUNO<\/strong> L&#8217;Istituto Bellunese di Ricerche Sociali e Culturali invita la cittadinanza alla presentazione del volume &#8220;L&#8217;Oltrardo: Storia, architettura e arte nei dintorni di Belluno citt\u00e0 splendente&#8221;. L&#8217;evento si terr\u00e0 il venerdi alle 20 nella sala parrocchiale di Cavarzano.<\/p>\n<p><strong>BELLUNO <\/strong>Sabato alle 20.45 al Teatro Dino Buzzati di Belluno, l\u2019autore, regista e attore, Paolo Valerio, sar\u00e0 il protagonista de \u201cIL MURO TRASPARENTE. DELIRIO DI UN TENNISTA SENTIMENTALE\u201d, spettacolo inserito nel cartellone dalla Prima Stagione di Prosa Nazionale promossa dal Circolo Cultura e Stampa Bellunese al Piccolo Teatro Pierobon di Paiane.<\/p>\n<p><strong>BELLUNO<\/strong> Il Circolo dei Sardi Nel Bellunese comie 41 anni e per l&#8217;occasione organizza due eventi. Sabato la festa a Limana in sala Desidea, domenica il pranzo dei soci alla Pizzeria Parco di Limana. Prenotazioni al 388 6458895<\/p>\n<p><strong>FELTRE<\/strong> Il Centro Astronomico di Arson organizza per sabato alle 21 un incontro per osservare la luna ad alta risoluzione.<\/p>\n<h2><span style=\"color: #ff0000;\">PROSSIMAMENTE<\/span><\/h2>\n<p><strong>FELTRE<\/strong> La Famiglia Ex Emigranti del Feltrino organizza la gita alla fiera &#8220;Orto Giardino&#8221; a Pordenonefiere il 6 marzo. La partenza \u00e8 alle 13 da Pedavena, con passaggio a Feltre. Il programma include l&#8217;ingresso alla fiera e una tappa in pizzeria durante il rientro. Per informazioni 40 262 9562.<\/p>\n<p>&nbsp;<\/p>\n<p>&nbsp;<\/p>\n<hr \/>\n<p>&nbsp;<\/p>\n<blockquote class=\"wp-embedded-content\" data-secret=\"B0e6efztP1\"><p><a href=\"https:\/\/www.radiopiu.net\/wordpress\/piu-siamo-con-marina-la-mattina-alle-8-30-la-sera-alle-21-30-dal-5-al-9-febbraio-2024\/\">PIU\u2019 SIAMO\u2026.. CON MARINA. LA MATTINA ALLE 8.30 LA SERA DOPO LE 21.30 &#8211; dal 5 al 9 febbraio 2024<\/a><\/p><\/blockquote>\n<p><iframe loading=\"lazy\" class=\"wp-embedded-content\" sandbox=\"allow-scripts\" security=\"restricted\" style=\"position: absolute; clip: rect(1px, 1px, 1px, 1px);\" title=\"&#8220;PIU\u2019 SIAMO\u2026.. CON MARINA. LA MATTINA ALLE 8.30 LA SERA DOPO LE 21.30 &#8211; dal 5 al 9 febbraio 2024&#8221; &#8212; Radio Pi\u00f9\" src=\"https:\/\/www.radiopiu.net\/wordpress\/piu-siamo-con-marina-la-mattina-alle-8-30-la-sera-alle-21-30-dal-5-al-9-febbraio-2024\/embed\/#?secret=YIeen10QbZ#?secret=B0e6efztP1\" data-secret=\"B0e6efztP1\" width=\"600\" height=\"338\" frameborder=\"0\" marginwidth=\"0\" marginheight=\"0\" scrolling=\"no\"><\/iframe><\/p>\n<p>&nbsp;<\/p>\n<hr \/>\n<p>&nbsp;<\/p>\n<p><a class=\"dt-pswp-item\" href=\"https:\/\/www.radiopiu.net\/wordpress\/wp-content\/uploads\/2018\/09\/viabilita.jpeg\" data-dt-img-description=\"\" data-large_image_width=\"800\" data-large_image_height=\"100\"><img loading=\"lazy\" decoding=\"async\" class=\"aligncenter wp-image-61954 size-full\" src=\"https:\/\/www.radiopiu.net\/wordpress\/wp-content\/uploads\/2018\/09\/viabilita.jpeg\" alt=\"\" width=\"800\" height=\"100\" srcset=\"https:\/\/www.radiopiu.net\/wordpress\/wp-content\/uploads\/2018\/09\/viabilita.jpeg 800w, https:\/\/www.radiopiu.net\/wordpress\/wp-content\/uploads\/2018\/09\/viabilita-300x38.jpeg 300w, https:\/\/www.radiopiu.net\/wordpress\/wp-content\/uploads\/2018\/09\/viabilita-768x96.jpeg 768w\" sizes=\"auto, (max-width: 800px) 100vw, 800px\" \/><\/a><\/p>\n<p>&nbsp;<\/p>\n<p><a class=\"dt-pswp-item\" href=\"https:\/\/www.radiopiu.net\/wordpress\/wp-content\/uploads\/2023\/12\/botol-car-service.jpg\" data-dt-img-description=\"\" data-large_image_width=\"600\" data-large_image_height=\"600\"><img loading=\"lazy\" decoding=\"async\" class=\"size-medium wp-image-367044 aligncenter\" src=\"https:\/\/www.radiopiu.net\/wordpress\/wp-content\/uploads\/2023\/12\/botol-car-service-300x300.jpg\" alt=\"\" width=\"300\" height=\"300\" srcset=\"https:\/\/www.radiopiu.net\/wordpress\/wp-content\/uploads\/2023\/12\/botol-car-service-300x300.jpg 300w, https:\/\/www.radiopiu.net\/wordpress\/wp-content\/uploads\/2023\/12\/botol-car-service-150x150.jpg 150w, https:\/\/www.radiopiu.net\/wordpress\/wp-content\/uploads\/2023\/12\/botol-car-service.jpg 600w\" sizes=\"auto, (max-width: 300px) 100vw, 300px\" \/><\/a><\/p>\n<p>&nbsp;<\/p>\n<blockquote>\n<h1><span style=\"color: #ff0000;\"><a class=\"dt-pswp-item\" href=\"https:\/\/www.radiopiu.net\/wordpress\/wp-content\/uploads\/2020\/05\/VENETO-STRADE.png\" data-dt-img-description=\"\" data-large_image_width=\"400\" data-large_image_height=\"400\"><img loading=\"lazy\" decoding=\"async\" class=\"wp-image-135574 alignleft\" src=\"https:\/\/www.radiopiu.net\/wordpress\/wp-content\/uploads\/2020\/05\/VENETO-STRADE-300x300.png\" alt=\"\" width=\"102\" height=\"102\" srcset=\"https:\/\/www.radiopiu.net\/wordpress\/wp-content\/uploads\/2020\/05\/VENETO-STRADE-300x300.png 300w, https:\/\/www.radiopiu.net\/wordpress\/wp-content\/uploads\/2020\/05\/VENETO-STRADE-150x150.png 150w, https:\/\/www.radiopiu.net\/wordpress\/wp-content\/uploads\/2020\/05\/VENETO-STRADE.png 400w\" sizes=\"auto, (max-width: 102px) 100vw, 102px\" \/><\/a>AGGIORNAMENTO QUOTIDIANO, IN\u00a0 COLLABORAZIONE CON VENETO STRADE E BOTOL CAR SERVICE AD AGORDO IN LOCALITA&#8217; VALCOZZENA.<\/span><\/h1>\n<p>&nbsp;<\/p><\/blockquote>\n<p><strong>SOSPIROLO\u00a0<\/strong> Lungo la provinciale 2 tra Pian Falcina e Gena Bassa in Comune di Sospirolo\u00a0 <span style=\"color: #ff0000;\">fino al 15 febbraio,<\/span> sabato e domeniche compresi, senso unico alternato regolato da semaforo o movieri, interruzioni alla viabilit\u00e0 fino a 10 minuti per tratti di 200 metri.<\/p>\n<p><span style=\"color: #0000ff;\"><strong>BOLLETTINO VIABILITA&#8217; AGGIORNATO AL 23 GENNAIO 2024<\/strong><\/span><\/p>\n<audio class=\"wp-audio-shortcode\" id=\"audio-374145-20\" preload=\"none\" style=\"width: 100%;\" controls=\"controls\"><source type=\"audio\/mpeg\" src=\"https:\/\/www.radiopiu.net\/wordpress\/wp-content\/uploads\/2024\/01\/VIABLITA-2.mp3?_=20\" \/><a href=\"https:\/\/www.radiopiu.net\/wordpress\/wp-content\/uploads\/2024\/01\/VIABLITA-2.mp3\">https:\/\/www.radiopiu.net\/wordpress\/wp-content\/uploads\/2024\/01\/VIABLITA-2.mp3<\/a><\/audio>\n<p>&nbsp;<\/p>\n<p>&nbsp;<\/p>\n<hr \/>\n<p>&nbsp;<\/p>\n<p><a class=\"dt-pswp-item\" href=\"https:\/\/www.radiopiu.net\/wordpress\/wp-content\/uploads\/2018\/09\/WhatsApp-Image-2018-09-20-at-16.04.06.jpeg\" data-dt-img-description=\"\" data-large_image_width=\"800\" data-large_image_height=\"100\"><img loading=\"lazy\" decoding=\"async\" class=\"wp-image-61378 size-full aligncenter\" src=\"https:\/\/www.radiopiu.net\/wordpress\/wp-content\/uploads\/2018\/09\/WhatsApp-Image-2018-09-20-at-16.04.06.jpeg\" alt=\"\" width=\"800\" height=\"100\" srcset=\"https:\/\/www.radiopiu.net\/wordpress\/wp-content\/uploads\/2018\/09\/WhatsApp-Image-2018-09-20-at-16.04.06.jpeg 800w, https:\/\/www.radiopiu.net\/wordpress\/wp-content\/uploads\/2018\/09\/WhatsApp-Image-2018-09-20-at-16.04.06-300x38.jpeg 300w, https:\/\/www.radiopiu.net\/wordpress\/wp-content\/uploads\/2018\/09\/WhatsApp-Image-2018-09-20-at-16.04.06-768x96.jpeg 768w\" sizes=\"auto, (max-width: 800px) 100vw, 800px\" \/><\/a><\/p>\n<p><center><\/center><b>\u00a0 \u00a0\u00a0<\/b><\/p>\n<p><center><\/center><center><\/center><center><\/center><center><b>OGGI<\/b><\/center>Dopo le nubi medio-alte della notte, il tempo sar\u00e0 stabile e ben soleggiato al mattino, senza togliere l&#8217;insidia nebbia o locali nubi basse in alcune conche prealpine nottetempo e al primo mattino, in rapido dissolvimento dopo il sorgere del sole. Al pomeriggio transito di temporanee velature del cielo, ma il sole predominer\u00e0 ancora. Contesto notturno un po&#8217; pi\u00f9 freddo in quota e pi\u00f9 fresco nei fondovalle, mentre il sole delle ore diurne avr\u00e0 qualche effetto positivo sull&#8217;andamento termico in giornata.<br \/>\n<b>Precipitazioni: <\/b>Assenti<br \/>\n<b>Temperature: <\/b>Minime in leggero calo, massime senza notevoli variazioni in quota e in lieve ripresa nelle valli, dove ci sar\u00e0 un aumento dell&#8217;escursione termica giornaliera.<\/p>\n<hr \/>\n<p><center><b>DOMANI<\/b><\/center>Nottetempo qualche annuvolamento; al mattino generalmente ben soleggiato, prima che il cielo tenda a velarsi per arrivo di nubi alte, anche a coprirsi per nuvolosit\u00e0 media stratiforme a fine giornata.<br \/>\n<b>Precipitazioni: <\/b>Assenti<br \/>\n<b>Temperature: <\/b>In generale lieve aumento, su valori di nuovo leggermente superiori alle medie del periodo.<\/p>\n<hr \/>\n<p><center><b>GIOVEDI<\/b><\/center>Tempo da soleggiato al mattino a parzialmente soleggiato nelle prime ore del pomeriggio per arrivo di nubi alte, prima che il cielo si copra del tutto per nubi medie stratiformi. Copertura che dovrebbe intensificarsi ulteriormente entro la sera. Temperature in ulteriore generale contenuto aumento.<\/p>\n<hr \/>\n<p><center><b>VENERDI<\/b><\/center>Il cielo sar\u00e0 molto nuvoloso o coperto per estesa nuvolosit\u00e0 media e medio-alte stratiforme con rischio di debolissime precipitazioni intermittenti qua e l\u00e0.<\/p>\n<p>&nbsp;<\/p>\n<blockquote class=\"wp-embedded-content\" data-secret=\"q50l6i0fb5\"><p><a href=\"https:\/\/www.radiopiu.net\/wordpress\/sulle-cime-dolomitiche-tra-i-10-e-15-cm-di-neve-fresca-nelle-ultime-24-ore\/\">SULLE CIME DOLOMITICHE TRA I 10 E 15 CM DI NEVE FRESCA NELLE ULTIME 24 ORE<\/a><\/p><\/blockquote>\n<p><iframe loading=\"lazy\" class=\"wp-embedded-content\" sandbox=\"allow-scripts\" security=\"restricted\" style=\"position: absolute; clip: rect(1px, 1px, 1px, 1px);\" title=\"&#8220;SULLE CIME DOLOMITICHE TRA I 10 E 15 CM DI NEVE FRESCA NELLE ULTIME 24 ORE&#8221; &#8212; Radio Pi\u00f9\" src=\"https:\/\/www.radiopiu.net\/wordpress\/sulle-cime-dolomitiche-tra-i-10-e-15-cm-di-neve-fresca-nelle-ultime-24-ore\/embed\/#?secret=3V76gFtn6A#?secret=q50l6i0fb5\" data-secret=\"q50l6i0fb5\" width=\"600\" height=\"338\" frameborder=\"0\" marginwidth=\"0\" marginheight=\"0\" scrolling=\"no\"><\/iframe><\/p>\n<p>&nbsp;<\/p>\n<hr \/>\n<p>&nbsp;<\/p>\n<p><img loading=\"lazy\" decoding=\"async\" class=\"wp-image-60761 size-full aligncenter\" src=\"https:\/\/www.radiopiu.net\/wordpress\/wp-content\/uploads\/2018\/09\/sport.jpg\" alt=\"\" width=\"800\" height=\"100\" srcset=\"https:\/\/www.radiopiu.net\/wordpress\/wp-content\/uploads\/2018\/09\/sport.jpg 800w, https:\/\/www.radiopiu.net\/wordpress\/wp-content\/uploads\/2018\/09\/sport-300x38.jpg 300w, https:\/\/www.radiopiu.net\/wordpress\/wp-content\/uploads\/2018\/09\/sport-768x96.jpg 768w\" sizes=\"auto, (max-width: 800px) 100vw, 800px\" \/><\/p>\n<p>&nbsp;<\/p>\n<p><span style=\"color: #0000ff;\"><strong>HOCKEY SU GHIACCIO<\/strong><\/span><\/p>\n<blockquote>\n<h3>SECONDA FASE IHL: L&#8217;ALLEGHE NON BRILLA, IL FELTRE IN TESTA AL GIRONE DI QUALIFICAZIONE<\/h3>\n<\/blockquote>\n<p><strong><a class=\"dt-pswp-item\" href=\"https:\/\/www.radiopiu.net\/wordpress\/wp-content\/uploads\/2023\/01\/hockey.jpg\" data-dt-img-description=\"\" data-large_image_width=\"1920\" data-large_image_height=\"1280\"><img loading=\"lazy\" decoding=\"async\" class=\" wp-image-315616 alignleft\" src=\"https:\/\/www.radiopiu.net\/wordpress\/wp-content\/uploads\/2023\/01\/hockey-300x200.jpg\" alt=\"\" width=\"191\" height=\"127\" srcset=\"https:\/\/www.radiopiu.net\/wordpress\/wp-content\/uploads\/2023\/01\/hockey-300x200.jpg 300w, https:\/\/www.radiopiu.net\/wordpress\/wp-content\/uploads\/2023\/01\/hockey-1024x683.jpg 1024w, https:\/\/www.radiopiu.net\/wordpress\/wp-content\/uploads\/2023\/01\/hockey-768x512.jpg 768w, https:\/\/www.radiopiu.net\/wordpress\/wp-content\/uploads\/2023\/01\/hockey-1536x1024.jpg 1536w, https:\/\/www.radiopiu.net\/wordpress\/wp-content\/uploads\/2023\/01\/hockey.jpg 1920w\" sizes=\"auto, (max-width: 191px) 100vw, 191px\" \/><\/a>di Marco Gaz<\/strong><\/p>\n<p><strong>REDAZIONE<\/strong> Una seconda fase di campionato IHL che per le bellunesi si pu\u00f2 definire di alti e bassi. Analizzando il Master Round dell&#8217;Alleghe, dopo le prime 6 partite giocate le civette hanno conquistato solo 3 punti. Una vittoria, contro l&#8217;Appiano. La squadra di Scapinello non pu\u00f2 pi\u00f9 sperare di raggiungere il terzo posto in classifica che dista a 10 punti di distanza e con solo due partite da giocare. Infatti la prossima settimana gli agordini rispetteranno il turno di riposo e torneranno in campo gioved\u00ec 22 febbraio contro il Pergine. Nel Qualification Round le cose vanno meglio per il Feltre che \u00e8 in testa alla classifica con la qualificazione alla fase finale gi\u00e0 in tasca. I picchi si sono comportati bene mettendo a segno 12 punti in 7 partite giocate. I feltrini ora dovranno solo fare punti per mantenere la prima posizione in graduatoria.<\/p>\n<p><strong>CLASSIFICA MASTER ROUND\u00a0<\/strong>Pergine 30, Varese 28, Caldaro 25, Alleghe 15, Appiano 13<\/p>\n<p><strong>CLASSIFICA QUALIFICATION ROUND<\/strong> Feltre 23, Como 21, Fiemme* 19, Valpellice 14, Dobbiaco* 11, Bressanone 10 (* una partita in meno)<\/p>\n<p>&nbsp;<\/p>\n<p><span style=\"color: #0000ff;\"><strong>CALCIO A 5<\/strong><\/span><\/p>\n<div class=\"x11i5rnm xat24cr x1mh8g0r x1vvkbs xtlvy1s x126k92a\">\n<h4 class=\"photoswipe-wrapper\" dir=\"auto\"><a class=\"dt-pswp-item pspw-wrap-ready\" href=\"https:\/\/www.radiopiu.net\/wordpress\/wp-content\/uploads\/2023\/10\/Senza-nome-57.png\" data-dt-img-description=\"\" data-large_image_width=\"317\" data-large_image_height=\"322\"><img loading=\"lazy\" decoding=\"async\" class=\"size-medium wp-image-358116 aligncenter\" src=\"https:\/\/www.radiopiu.net\/wordpress\/wp-content\/uploads\/2023\/10\/Senza-nome-57-295x300.png\" sizes=\"auto, (max-width: 295px) 100vw, 295px\" srcset=\"https:\/\/www.radiopiu.net\/wordpress\/wp-content\/uploads\/2023\/10\/Senza-nome-57-295x300.png 295w, https:\/\/www.radiopiu.net\/wordpress\/wp-content\/uploads\/2023\/10\/Senza-nome-57.png 317w\" alt=\"\" width=\"295\" height=\"300\" \/><\/a><\/h4>\n<h4 dir=\"auto\"><\/h4>\n<h4 dir=\"auto\">GIESSE PER LO SPORT\u201d \u2026 con la Canottieri Belluno, calcio a 5. Tutto sul campionato di serie A2, girone A. Il programma alla RADIO che da ascolto ai talenti del calcio a 5 bellunese. IN COLLABORAZIONE CON GIESSE RISARCIMENTO DANNI A BELLUNO<\/h4>\n<\/div>\n<div class=\"x11i5rnm xat24cr x1mh8g0r x1vvkbs xtlvy1s x126k92a\">\n<h4 dir=\"auto\"><a class=\"x1i10hfl xjbqb8w x6umtig x1b1mbwd xaqea5y xav7gou x9f619 x1ypdohk xt0psk2 xe8uvvx xdj266r x11i5rnm xat24cr x1mh8g0r xexx8yu x4uap5 x18d9i69 xkhd6sd x16tdsg8 x1hl2dhg xggy1nq x1a2a7pz xt0b8zv x1qq9wsj xo1l8bm\" tabindex=\"0\" role=\"link\" href=\"https:\/\/www.facebook.com\/groups\/radiopiu\/?__cft__[0]=AZVtB3sskZBwGsu89zeRk9eNMGUFohz53TdYmXZyePAKPt8cBeKCqA03znGJk9wPaqHDXQ5yMBG_hrsUX03xH8fdmlMazTirW3KRFEY3Kr2cyBd_5Es2MvKnqyd6ZcahL6_M_zOo19o5N5tV8NHsHcfP&amp;__tn__=-UK-R\"><span class=\"xt0psk2\">RADIO PIU\u2019 EMITTENTE AGORDINA (Taibon_32027)<\/span><\/a>: IL LUNEDI ALLE 16.30, IL MARTEDI ALLE 13.05 RADIO CLUB 103 IL LUNEDI ALLE 16.20 E MARTEDI ALLE 13.40 <a class=\"x1i10hfl xjbqb8w x6umtig x1b1mbwd xaqea5y xav7gou x9f619 x1ypdohk xt0psk2 xe8uvvx xdj266r x11i5rnm xat24cr x1mh8g0r xexx8yu x4uap5 x18d9i69 xkhd6sd x16tdsg8 x1hl2dhg xggy1nq x1a2a7pz xt0b8zv x1qq9wsj xo1l8bm\" tabindex=\"0\" role=\"link\" href=\"https:\/\/www.facebook.com\/groups\/61488111720\/user\/100063652837062\/?__cft__[0]=AZVtB3sskZBwGsu89zeRk9eNMGUFohz53TdYmXZyePAKPt8cBeKCqA03znGJk9wPaqHDXQ5yMBG_hrsUX03xH8fdmlMazTirW3KRFEY3Kr2cyBd_5Es2MvKnqyd6ZcahL6_M_zOo19o5N5tV8NHsHcfP&amp;__tn__=-]K-R\"><span class=\"xt0psk2\">Radio Primiero<\/span><\/a>\u00a0IL LUNEDI ALLE 10.30 E MARTEDI ALLE 12.30<\/h4>\n<p><strong><a class=\"dt-pswp-item\" href=\"https:\/\/www.radiopiu.net\/wordpress\/wp-content\/uploads\/2023\/01\/427631338_884455697019593_5081299993393663983_n.jpg\" data-dt-img-description=\"\" data-large_image_width=\"2048\" data-large_image_height=\"1366\"><img loading=\"lazy\" decoding=\"async\" class=\" wp-image-374141 alignleft\" src=\"https:\/\/www.radiopiu.net\/wordpress\/wp-content\/uploads\/2023\/01\/427631338_884455697019593_5081299993393663983_n-300x200.jpg\" alt=\"\" width=\"198\" height=\"132\" srcset=\"https:\/\/www.radiopiu.net\/wordpress\/wp-content\/uploads\/2023\/01\/427631338_884455697019593_5081299993393663983_n-300x200.jpg 300w, https:\/\/www.radiopiu.net\/wordpress\/wp-content\/uploads\/2023\/01\/427631338_884455697019593_5081299993393663983_n-1024x683.jpg 1024w, https:\/\/www.radiopiu.net\/wordpress\/wp-content\/uploads\/2023\/01\/427631338_884455697019593_5081299993393663983_n-768x512.jpg 768w, https:\/\/www.radiopiu.net\/wordpress\/wp-content\/uploads\/2023\/01\/427631338_884455697019593_5081299993393663983_n-1536x1025.jpg 1536w, https:\/\/www.radiopiu.net\/wordpress\/wp-content\/uploads\/2023\/01\/427631338_884455697019593_5081299993393663983_n.jpg 2048w\" sizes=\"auto, (max-width: 198px) 100vw, 198px\" \/><\/a>PUNTATA 17 &#8211; 12 FENNRAIO 2024<\/strong><\/p>\n<p><span style=\"color: #0000ff;\"><strong>QUINDICESIMA GIORNATA<\/strong><\/span><\/p>\n<p><strong>CANOTTIERI BELLUNO \u2013 AVIS ISOLA 2-1<\/strong><\/p>\n<p>Reti: PT 16.20 Balladelli; ST 9.36 Dal Farra, 14.13 Dos Santos<\/p>\n<p>(foto: Andrea Dalla Libera)<\/p>\n<audio class=\"wp-audio-shortcode\" id=\"audio-374145-21\" preload=\"none\" style=\"width: 100%;\" controls=\"controls\"><source type=\"audio\/mpeg\" src=\"https:\/\/www.radiopiu.net\/wordpress\/wp-content\/uploads\/2023\/01\/GIESSECALCIO-3.mp3?_=21\" \/><a href=\"https:\/\/www.radiopiu.net\/wordpress\/wp-content\/uploads\/2023\/01\/GIESSECALCIO-3.mp3\">https:\/\/www.radiopiu.net\/wordpress\/wp-content\/uploads\/2023\/01\/GIESSECALCIO-3.mp3<\/a><\/audio>\n<p>&nbsp;<\/p>\n<h2><strong>LA RACCOLTA COMPLETA <a href=\"https:\/\/www.radiopiu.net\/wordpress\/giesse-per-lo-sport-con-la-canottieri-belluno-calcio-a-5\/\">CLICCA QUI\u00a0<\/a><\/strong><\/h2>\n<p>&nbsp;<\/p>\n<hr \/>\n<p>&nbsp;<\/p>\n<p><span style=\"color: #0000ff;\"><strong>KARATE\u00a0<\/strong><\/span><\/p>\n<blockquote>\n<h2>KARATE \u2013 LEONARDO VIEL ARGENTO REGIONALE.<\/h2>\n<\/blockquote>\n<blockquote><p><em>QUALIFICATO PER LE FINALI NAZIONALI CADETTI CON NATALY REVEANE.<\/em><\/p><\/blockquote>\n<p><a class=\"dt-pswp-item\" href=\"https:\/\/www.radiopiu.net\/wordpress\/wp-content\/uploads\/2024\/02\/IMG-20240211-WA0077.jpg\" data-dt-img-description=\"\" data-large_image_width=\"944\" data-large_image_height=\"595\"><img loading=\"lazy\" decoding=\"async\" class=\"size-medium wp-image-374289 alignleft\" src=\"https:\/\/www.radiopiu.net\/wordpress\/wp-content\/uploads\/2024\/02\/IMG-20240211-WA0077-300x189.jpg\" alt=\"\" width=\"300\" height=\"189\" srcset=\"https:\/\/www.radiopiu.net\/wordpress\/wp-content\/uploads\/2024\/02\/IMG-20240211-WA0077-300x189.jpg 300w, https:\/\/www.radiopiu.net\/wordpress\/wp-content\/uploads\/2024\/02\/IMG-20240211-WA0077-768x484.jpg 768w, https:\/\/www.radiopiu.net\/wordpress\/wp-content\/uploads\/2024\/02\/IMG-20240211-WA0077.jpg 944w\" sizes=\"auto, (max-width: 300px) 100vw, 300px\" \/><\/a>Archiviate le finali nazionali assolute seniores, con la Masoch all\u2019undicesimo posto in classifica, domenica scorsa \u00e8 stata la volta dei giovani cadetti del Karate Team Dolomiti 1970. Nella fase regionale di qualificazione svoltasi a Noale il M\u00b0 Moreno ha schierato nel femminile al limite dei 47 kg Nataly Reveane e nei 61 kg Lara Tormen mentre nel maschile Samuele Cal\u00f2 nei 47 kg e Leonardo Viel nei 57 kg. Per la Tormen, Cal\u00f2 e Viel \u00e8 stata la loro prima partecipazione ad una gara cos\u00ec importante.<strong> Viel riesce comunque ad aggiudicarsi la medaglia d\u2019argento in un serrato turno in round robin e stacca il biglietto per le finali nazionali che si disputeranno ad Ostia dall\u20191 al 3 marzo.<\/strong> Insieme a lui parteciper\u00e0 per la seconda volta alle finali anche la Reveane classificatasi quinta ai piedi del podio. Nulla da fare, purtroppo per la Tormen e per Cal\u00f2 che, per un soffio, non si sono qualificati. Si sono viste cose positive nel corso dei combattimenti con molti atteggiamenti da rivedere, analizzare e correggere. Il ruolo maggiore lo hanno giocato l\u2019inesperienza, le emozioni e la non abitudine al confronto reale. Il competere e l\u2019allenarsi sistemeranno il tutto. Il lavoro duro, assiduo e costante in palestra paga sempre. Prossimo importante impegno per la Tormen e per la Reveane sar\u00e0 nelle qualificazioni nazionali juniores che si svolgeranno a Castelfranco Veneto il 10 marzo.<\/p>\n<p>Nella foto da sx: Samuele Cal\u00f2, Leonardo Viel, Vittorio Moreno, Nataly Reveane e Lara Tormen<\/p>\n<p>&nbsp;<\/p>\n<p>&nbsp;<\/p>\n<hr \/>\n<p>&nbsp;<\/p>\n<blockquote>\n<h2>MORENO PESCE COMUNICA VIA SOCIAL LA RINUNCIA ALL&#8217;APPUNTAMENTO CON L&#8217;OLIMPIA<\/h2>\n<\/blockquote>\n<p>&nbsp;<\/p>\n<p><strong class=\"photoswipe-wrapper\"><a class=\"dt-pswp-item pspw-wrap-ready\" href=\"https:\/\/www.radiopiu.net\/wordpress\/wp-content\/uploads\/2024\/02\/IMG_0670.jpeg\" data-dt-img-description=\"\" data-large_image_width=\"853\" data-large_image_height=\"1280\"><img loading=\"lazy\" decoding=\"async\" class=\" wp-image-373945 alignleft\" src=\"https:\/\/www.radiopiu.net\/wordpress\/wp-content\/uploads\/2024\/02\/IMG_0670-200x300.jpeg\" sizes=\"auto, (max-width: 107px) 100vw, 107px\" srcset=\"https:\/\/www.radiopiu.net\/wordpress\/wp-content\/uploads\/2024\/02\/IMG_0670-200x300.jpeg 200w, https:\/\/www.radiopiu.net\/wordpress\/wp-content\/uploads\/2024\/02\/IMG_0670-682x1024.jpeg 682w, https:\/\/www.radiopiu.net\/wordpress\/wp-content\/uploads\/2024\/02\/IMG_0670-768x1152.jpeg 768w, https:\/\/www.radiopiu.net\/wordpress\/wp-content\/uploads\/2024\/02\/IMG_0670.jpeg 853w\" alt=\"\" width=\"107\" height=\"161\" \/><\/a>CORTINA l<\/strong>\u2019atleta paralimpico Moreno Pesce, domani non potr\u00e0 affrontare il tentativo di salita alla pista Olimpia delle Tofane a Cortina a causa di un deficit respiratorio e del relativo consulto medico avvenuto tra ieri sera e stamattina che gli impone il riposo e le cure. Come comunicato poco fa personalmente da Moreno Pesce sui social media, \u201c<em>deve rinunciare all\u2019appuntamento con l\u2019Olimpia\u201d.\u00a0<\/em><\/p>\n<p>&nbsp;<\/p>\n<p>&nbsp;<\/p>\n<p>&nbsp;<\/p>\n<p>&nbsp;<\/p>\n<p>&nbsp;<\/p>\n<hr \/>\n<p>&nbsp;<\/p>\n<\/div>\n","protected":false},"excerpt":{"rendered":"<p>**** &nbsp; 40esimo di RADIOPIU\u2026. LA VOCE DELL\u2019EMOZIONE ISCRIVITI AL NOSTRO CANALE\u00a0\u00a0YOUTUBE PER SEGUIRE IN DIRETTA I PRINCIPALI PROGRAMMI DI RADIO PIU\u2019 E LE FUTURE DIRETTE IN ESTERNA. PER ISCRIVERTI CLICCA QUI\u00a0E PREMI\u00a0 \u201cIscriviti\u201d\u00a0 \u00a0 OGGI ALLA RADIO: ALLE 7 LA RASSEGNA STAMPA LOCALE FLASH, PER CHI COME NOI ALLE SETTE DEL MATTINO VA DI&hellip;<\/p>\n","protected":false},"author":4,"featured_media":374309,"comment_status":"closed","ping_status":"closed","sticky":false,"template":"","format":"standard","meta":{"_monsterinsights_skip_tracking":false,"_monsterinsights_sitenote_active":false,"_monsterinsights_sitenote_note":"","_monsterinsights_sitenote_category":0,"footnotes":""},"categories":[51,86,49],"tags":[],"class_list":["post-374145","post","type-post","status-publish","format-standard","has-post-thumbnail","hentry","category-evidenza-top","category-gr","category-news-18","category-51","category-86","category-49","description-off"],"img_url":"https:\/\/www.radiopiu.net\/wordpress\/wp-content\/uploads\/2024\/02\/0b770f84-363d-4876-9718-d46ffd3fec3e.jpg","_links":{"self":[{"href":"https:\/\/www.radiopiu.net\/wordpress\/wp-json\/wp\/v2\/posts\/374145","targetHints":{"allow":["GET"]}}],"collection":[{"href":"https:\/\/www.radiopiu.net\/wordpress\/wp-json\/wp\/v2\/posts"}],"about":[{"href":"https:\/\/www.radiopiu.net\/wordpress\/wp-json\/wp\/v2\/types\/post"}],"author":[{"embeddable":true,"href":"https:\/\/www.radiopiu.net\/wordpress\/wp-json\/wp\/v2\/users\/4"}],"replies":[{"embeddable":true,"href":"https:\/\/www.radiopiu.net\/wordpress\/wp-json\/wp\/v2\/comments?post=374145"}],"version-history":[{"count":0,"href":"https:\/\/www.radiopiu.net\/wordpress\/wp-json\/wp\/v2\/posts\/374145\/revisions"}],"wp:featuredmedia":[{"embeddable":true,"href":"https:\/\/www.radiopiu.net\/wordpress\/wp-json\/wp\/v2\/media\/374309"}],"wp:attachment":[{"href":"https:\/\/www.radiopiu.net\/wordpress\/wp-json\/wp\/v2\/media?parent=374145"}],"wp:term":[{"taxonomy":"category","embeddable":true,"href":"https:\/\/www.radiopiu.net\/wordpress\/wp-json\/wp\/v2\/categories?post=374145"},{"taxonomy":"post_tag","embeddable":true,"href":"https:\/\/www.radiopiu.net\/wordpress\/wp-json\/wp\/v2\/tags?post=374145"}],"curies":[{"name":"wp","href":"https:\/\/api.w.org\/{rel}","templated":true}]}}