{"id":374345,"date":"2024-02-13T07:55:37","date_gmt":"2024-02-13T06:55:37","guid":{"rendered":"https:\/\/www.radiopiu.net\/wordpress\/?p=374345"},"modified":"2024-02-13T08:45:20","modified_gmt":"2024-02-13T07:45:20","slug":"dal-1983-la-rassegna-stampa-locale-di-mirko-mezzacasa-16","status":"publish","type":"post","link":"https:\/\/www.radiopiu.net\/wordpress\/dal-1983-la-rassegna-stampa-locale-di-mirko-mezzacasa-16\/","title":{"rendered":"dal 1983 LA RASSEGNA STAMPA LOCALE DI MIRKO MEZZACASA"},"content":{"rendered":"<p>**<\/p>\n<p><iframe loading=\"lazy\" title=\"DAL 1983 LA RASSEGNA STAMPA LOCALE di mirko mezzacasa. L&#039;ORIGINALE\" width=\"1200\" height=\"675\" src=\"https:\/\/www.youtube.com\/embed\/hP790zaZUSk?feature=oembed\" frameborder=\"0\" allow=\"accelerometer; autoplay; clipboard-write; encrypted-media; gyroscope; picture-in-picture; web-share\" allowfullscreen><\/iframe><\/p>\n<p><a class=\"dt-pswp-item\" href=\"https:\/\/www.radiopiu.net\/wordpress\/wp-content\/uploads\/2024\/02\/lorenz.png\" data-dt-img-description=\"\" data-large_image_width=\"307\" data-large_image_height=\"222\"><img loading=\"lazy\" decoding=\"async\" class=\" wp-image-374347 alignleft\" src=\"https:\/\/www.radiopiu.net\/wordpress\/wp-content\/uploads\/2024\/02\/lorenz-300x217.png\" alt=\"\" width=\"234\" height=\"169\" srcset=\"https:\/\/www.radiopiu.net\/wordpress\/wp-content\/uploads\/2024\/02\/lorenz-300x217.png 300w, https:\/\/www.radiopiu.net\/wordpress\/wp-content\/uploads\/2024\/02\/lorenz.png 307w\" sizes=\"auto, (max-width: 234px) 100vw, 234px\" \/><\/a><strong>METEO<\/strong> , il Centro Funzionale Decentrato della Protezione Civile ha dichiarato la cessata fase operativa di attenzione per rischio valanghe e il ritorno alla normalit\u00e0 per il territorio antropizzato delle zone montane venete<br \/>\n<strong>GOSALDO<\/strong> Giovanni Bressan \u00e8 mancato all&#8217;affetto dei suoi cari a 81 anni. Ne hanno dato il triste annuncio i figli Paola, Iolanda e Lucia con tutti i partenti. Oggi alle 14.30 i funerali nella chiesa parrocchiale di Gosaldo.<br \/>\n<strong>LIVINALLONGO<\/strong> Il consiglio comunale di Livinallongo concede a Funivie Arabba la proroga per tenere aperte le piste fino al 21 aprile, ma la societ\u00e0 deve risolvere le questioni debitorie con il Comune entro il 15 marzo. Se non lo far\u00e0, il Comune revocher\u00e0 le concessioni<br \/>\n<strong>BOB A CORTINA<\/strong>, UN FASCICOLO IN PROCURA. ZAIA &#8220;NON NE SO NULLA, MICA E&#8217; UN NOSTRO CANTIERE&#8221;<br \/>\n<strong>ARSIE<\/strong> Il Comune di Arsi\u00e8 non lascia correre gli scritti offensivi online e la lettera anonima sulla questione degli autovelox. Presenta opposizione alla richiesta di archiviazione della denuncia querela<br \/>\n<strong>SOVRAMONTE<\/strong>\u00a0\u00a0 Una donna \u00e8 finita con l&#8217;auto in una buca lungo la SR50, danneggiato il pneumatico.\u00a0I carabinieri di Feltre hanno ricevuto la segnalazione della donna e hanno provveduto ad avvertire gli operai di Veneto Strade<br \/>\n<strong>FELTRE<\/strong> POTENZIATA LA RETE DEI CONTENITORI PER LA RACCOLTA DI PILE E BATTERIE USATE<br \/>\n<strong>SELVA DI CADORE<\/strong> &#8220;Scioglimento degli Amici del museo: Donazione delle Pubblicazioni al Comune<br \/>\n<strong>FALCADE<\/strong> Oggi all&#8217;Hotel Stella Alpina della famiglia Serafini,\u00a0 primo evento bellunese di&#8221;Chocorights&#8221;, un progetto promosso da &#8220;Insieme si pu\u00f2&#8230;&#8221; e Nina APS, due realt\u00e0 bellunesi che condurranno un viaggio alla scoperta di tre prodotti molto amati dei nostri piatti e dei nostri dolci<br \/>\n<strong>BELLUNO<\/strong> La ferrata del gruppo dello Schiara \u00e8 nuovamente percorribile E\u2019 stata revocata l\u2019ordinanza dell\u2019agosto 2022 con la quale era stata disposta la chiusura del sentiero attrezzato \u201cSperti\u201d, ferrata del gruppo dello Schiara.<br \/>\n<strong>BELLUNO<\/strong>\u00a0 Il lancio della raccolta fondi per il progetto del parco inclusivo al Parco Citt\u00e0 di Bologna di Belluno ha aperto la strada ai prossimi interventi sui parchi periferici della citt\u00e0. Le strutture smontate verranno riutilizzate in alcuni dei 36 parchi giochi del capoluogo<br \/>\n<strong>SEDICO<\/strong> BOLAGO E ORZES, DUE FAMIGLIE E TRE STORIE DI DEPORTAZIONE<br \/>\nIL 17 FEBBRAIO ORAZIO ALLA CASA DELLA GIOVENTU&#8217; DI CAVIOLA<\/p>\n<p>HOCKEY SU GHIACCIO SECONDA FASE IHL: L&#8217;ALLEGHE NON BRILLA, IL FELTRE IN TESTA AL GIRONE DI QUALIFICAZIONE<br \/>\nKARATE\u00a0LEONARDO VIEL ARGENTO REGIONALE. QUALIFICATO PER LE FINALI NAZIONALI CADETTI CON NATALY REVEANE.<br \/>\nMORENO PESCE COMUNICA VIA SOCIAL LA RINUNCIA ALL&#8217;APPUNTAMENTO CON L&#8217;OLIMPIA<\/p>\n<p>&nbsp;<\/p>\n<p>&nbsp;<\/p>\n<hr \/>\n<p>&nbsp;<\/p>\n","protected":false},"excerpt":{"rendered":"<p>** METEO , il Centro Funzionale Decentrato della Protezione Civile ha dichiarato la cessata fase operativa di attenzione per rischio valanghe e il ritorno alla normalit\u00e0 per il territorio antropizzato delle zone montane venete GOSALDO Giovanni Bressan \u00e8 mancato all&#8217;affetto dei suoi cari a 81 anni. Ne hanno dato il triste annuncio i figli Paola,&hellip;<\/p>\n","protected":false},"author":4,"featured_media":374346,"comment_status":"closed","ping_status":"closed","sticky":false,"template":"","format":"standard","meta":{"_monsterinsights_skip_tracking":false,"_monsterinsights_sitenote_active":false,"_monsterinsights_sitenote_note":"","_monsterinsights_sitenote_category":0,"footnotes":""},"categories":[104,86,49],"tags":[],"class_list":["post-374345","post","type-post","status-publish","format-standard","has-post-thumbnail","hentry","category-evidenza_3","category-gr","category-news-18","category-104","category-86","category-49","description-off"],"img_url":"https:\/\/www.radiopiu.net\/wordpress\/wp-content\/uploads\/2024\/02\/Senza-nome-27.png","_links":{"self":[{"href":"https:\/\/www.radiopiu.net\/wordpress\/wp-json\/wp\/v2\/posts\/374345","targetHints":{"allow":["GET"]}}],"collection":[{"href":"https:\/\/www.radiopiu.net\/wordpress\/wp-json\/wp\/v2\/posts"}],"about":[{"href":"https:\/\/www.radiopiu.net\/wordpress\/wp-json\/wp\/v2\/types\/post"}],"author":[{"embeddable":true,"href":"https:\/\/www.radiopiu.net\/wordpress\/wp-json\/wp\/v2\/users\/4"}],"replies":[{"embeddable":true,"href":"https:\/\/www.radiopiu.net\/wordpress\/wp-json\/wp\/v2\/comments?post=374345"}],"version-history":[{"count":0,"href":"https:\/\/www.radiopiu.net\/wordpress\/wp-json\/wp\/v2\/posts\/374345\/revisions"}],"wp:featuredmedia":[{"embeddable":true,"href":"https:\/\/www.radiopiu.net\/wordpress\/wp-json\/wp\/v2\/media\/374346"}],"wp:attachment":[{"href":"https:\/\/www.radiopiu.net\/wordpress\/wp-json\/wp\/v2\/media?parent=374345"}],"wp:term":[{"taxonomy":"category","embeddable":true,"href":"https:\/\/www.radiopiu.net\/wordpress\/wp-json\/wp\/v2\/categories?post=374345"},{"taxonomy":"post_tag","embeddable":true,"href":"https:\/\/www.radiopiu.net\/wordpress\/wp-json\/wp\/v2\/tags?post=374345"}],"curies":[{"name":"wp","href":"https:\/\/api.w.org\/{rel}","templated":true}]}}