{"id":374368,"date":"2024-02-14T05:37:02","date_gmt":"2024-02-14T04:37:02","guid":{"rendered":"https:\/\/www.radiopiu.net\/wordpress\/?p=374368"},"modified":"2024-02-14T11:36:17","modified_gmt":"2024-02-14T10:36:17","slug":"giornale-radiopiu-14-febbraio-2024-direttore-mirko-mezzacasada-40-anni-25-giugno-1983-25-giugno-2023","status":"publish","type":"post","link":"https:\/\/www.radiopiu.net\/wordpress\/giornale-radiopiu-14-febbraio-2024-direttore-mirko-mezzacasada-40-anni-25-giugno-1983-25-giugno-2023\/","title":{"rendered":"GIORNALE RADIOPIU 14 FEBBRAIO 2024 DIRETTORE MIRKO MEZZACASA\u2026DA 40 ANNI 25 GIUGNO 1983-25 GIUGNO 2023"},"content":{"rendered":"<p>****<\/p>\n<p><strong>BUON SAN VALENTINO&#8230; DA ARABBA\u00a0<\/strong><\/p>\n<p><a class=\"dt-pswp-item\" href=\"https:\/\/www.radiopiu.net\/wordpress\/wp-content\/uploads\/2024\/02\/90b5df36-7290-4144-a19e-6b04580c2796.jpg\" data-dt-img-description=\"\" data-large_image_width=\"1536\" data-large_image_height=\"2048\"><img loading=\"lazy\" decoding=\"async\" class=\"size-medium wp-image-374484 aligncenter\" src=\"https:\/\/www.radiopiu.net\/wordpress\/wp-content\/uploads\/2024\/02\/90b5df36-7290-4144-a19e-6b04580c2796-225x300.jpg\" alt=\"\" width=\"225\" height=\"300\" srcset=\"https:\/\/www.radiopiu.net\/wordpress\/wp-content\/uploads\/2024\/02\/90b5df36-7290-4144-a19e-6b04580c2796-225x300.jpg 225w, https:\/\/www.radiopiu.net\/wordpress\/wp-content\/uploads\/2024\/02\/90b5df36-7290-4144-a19e-6b04580c2796-768x1024.jpg 768w, https:\/\/www.radiopiu.net\/wordpress\/wp-content\/uploads\/2024\/02\/90b5df36-7290-4144-a19e-6b04580c2796-1152x1536.jpg 1152w, https:\/\/www.radiopiu.net\/wordpress\/wp-content\/uploads\/2024\/02\/90b5df36-7290-4144-a19e-6b04580c2796.jpg 1536w\" sizes=\"auto, (max-width: 225px) 100vw, 225px\" \/><\/a><\/p>\n<p>&nbsp;<\/p>\n<hr \/>\n<h1 class=\"entry-title photoswipe-wrapper\"><strong><a class=\"dt-pswp-item\" href=\"https:\/\/www.radiopiu.net\/wordpress\/wp-content\/uploads\/2023\/12\/logo-radio.jpg\" data-dt-img-description=\"\" data-large_image_width=\"800\" data-large_image_height=\"600\"><img loading=\"lazy\" decoding=\"async\" class=\"wp-image-367163 alignleft\" src=\"https:\/\/www.radiopiu.net\/wordpress\/wp-content\/uploads\/2023\/12\/logo-radio-300x225.jpg\" alt=\"\" width=\"109\" height=\"82\" srcset=\"https:\/\/www.radiopiu.net\/wordpress\/wp-content\/uploads\/2023\/12\/logo-radio-300x225.jpg 300w, https:\/\/www.radiopiu.net\/wordpress\/wp-content\/uploads\/2023\/12\/logo-radio-768x576.jpg 768w, https:\/\/www.radiopiu.net\/wordpress\/wp-content\/uploads\/2023\/12\/logo-radio.jpg 800w\" sizes=\"auto, (max-width: 109px) 100vw, 109px\" \/><\/a><\/strong><\/h1>\n<h1 class=\"entry-title photoswipe-wrapper\">40esimo di RADIOPIU\u2026. LA VOCE DELL\u2019EMOZIONE<\/h1>\n<h2><\/h2>\n<h2><span style=\"color: #ff0000;\">ISCRIVITI AL NOSTRO CANALE\u00a0\u00a0YOUTUBE PER SEGUIRE IN DIRETTA I PRINCIPALI PROGRAMMI DI RADIO PIU\u2019 E LE FUTURE DIRETTE IN ESTERNA. PER ISCRIVERTI <a style=\"color: #ff0000;\" href=\"https:\/\/youtube.com\/@radiopiu1527\">CLICCA QUI\u00a0<\/a>E PREMI\u00a0 \u201cIscriviti\u201d\u00a0 \u00a0<\/span><\/h2>\n<div class=\"x1e56ztr\" data-block=\"true\" data-editor=\"avj4u\" data-offset-key=\"d3i0j-0-0\"><\/div>\n<div data-block=\"true\" data-editor=\"avj4u\" data-offset-key=\"d3i0j-0-0\"><\/div>\n<div data-block=\"true\" data-editor=\"avj4u\" data-offset-key=\"d3i0j-0-0\"><\/div>\n<div class=\"x11i5rnm xat24cr x1mh8g0r x1vvkbs xtlvy1s x126k92a\">\n<div dir=\"auto\">\n<p><a class=\"dt-pswp-item\" href=\"https:\/\/www.radiopiu.net\/wordpress\/wp-content\/uploads\/2023\/10\/34f4cfc6-e863-46e9-9695-8df44be63421.jpg\" data-dt-img-description=\"\" data-large_image_width=\"1200\" data-large_image_height=\"1200\"><img loading=\"lazy\" decoding=\"async\" class=\"wp-image-357393 alignleft\" src=\"https:\/\/www.radiopiu.net\/wordpress\/wp-content\/uploads\/2023\/10\/34f4cfc6-e863-46e9-9695-8df44be63421-300x300.jpg\" alt=\"\" width=\"81\" height=\"81\" srcset=\"https:\/\/www.radiopiu.net\/wordpress\/wp-content\/uploads\/2023\/10\/34f4cfc6-e863-46e9-9695-8df44be63421-300x300.jpg 300w, https:\/\/www.radiopiu.net\/wordpress\/wp-content\/uploads\/2023\/10\/34f4cfc6-e863-46e9-9695-8df44be63421-1024x1024.jpg 1024w, https:\/\/www.radiopiu.net\/wordpress\/wp-content\/uploads\/2023\/10\/34f4cfc6-e863-46e9-9695-8df44be63421-150x150.jpg 150w, https:\/\/www.radiopiu.net\/wordpress\/wp-content\/uploads\/2023\/10\/34f4cfc6-e863-46e9-9695-8df44be63421-768x768.jpg 768w, https:\/\/www.radiopiu.net\/wordpress\/wp-content\/uploads\/2023\/10\/34f4cfc6-e863-46e9-9695-8df44be63421.jpg 1200w\" sizes=\"auto, (max-width: 81px) 100vw, 81px\" \/><\/a>OGGI ALLA RADIO: <strong>ALLE 7<\/strong> LA RASSEGNA STAMPA LOCALE FLASH, PER CHI COME NOI ALLE SETTE DEL MATTINO VA DI FRETTA, TANTE NOTIZIE IN POCHE CHIACCHIERE. <strong>ALLE OTTO<\/strong> L&#8217;APPROFONDIMENTO NELLA STORICA RASSEGNA STAMPA LOCALE.\u00a0 DALLE 6 ALLE 21, OGNI ORA, L&#8217;INFORMAZIONE NAZIONALE, l&#8217;informazione locale,\u00a0 OGNI ORA IN CODA AL GR NAZIONALE, ALLE 14 VIABILITA 15 METEOROLOGIA 19 I TITOLI DAL TG DI ANTENNA 3 A CURA DI TIZIANA BOLOGNANI<\/p>\n<p>&nbsp;<\/p>\n<p>&nbsp;<\/p>\n<p>&nbsp;<\/p>\n<p><strong><a class=\"dt-pswp-item\" href=\"https:\/\/www.radiopiu.net\/wordpress\/wp-content\/uploads\/2024\/02\/2d44e751-d8a8-461b-8e22-d8e4e853b032.jpg\" data-dt-img-description=\"\" data-large_image_width=\"1600\" data-large_image_height=\"1200\"><img loading=\"lazy\" decoding=\"async\" class=\"wp-image-373307 alignleft\" src=\"https:\/\/www.radiopiu.net\/wordpress\/wp-content\/uploads\/2024\/02\/2d44e751-d8a8-461b-8e22-d8e4e853b032-300x225.jpg\" alt=\"\" width=\"105\" height=\"79\" srcset=\"https:\/\/www.radiopiu.net\/wordpress\/wp-content\/uploads\/2024\/02\/2d44e751-d8a8-461b-8e22-d8e4e853b032-300x225.jpg 300w, https:\/\/www.radiopiu.net\/wordpress\/wp-content\/uploads\/2024\/02\/2d44e751-d8a8-461b-8e22-d8e4e853b032-1024x768.jpg 1024w, https:\/\/www.radiopiu.net\/wordpress\/wp-content\/uploads\/2024\/02\/2d44e751-d8a8-461b-8e22-d8e4e853b032-768x576.jpg 768w, https:\/\/www.radiopiu.net\/wordpress\/wp-content\/uploads\/2024\/02\/2d44e751-d8a8-461b-8e22-d8e4e853b032-1536x1152.jpg 1536w, https:\/\/www.radiopiu.net\/wordpress\/wp-content\/uploads\/2024\/02\/2d44e751-d8a8-461b-8e22-d8e4e853b032.jpg 1600w\" sizes=\"auto, (max-width: 105px) 100vw, 105px\" \/><\/a>EL BAL DEL FIOR, DI GIULIANA DA RONCH, 14 FEBBRAIO 2024\u00a0<\/strong><\/p>\n<p>&nbsp;<\/p>\n<h4><span style=\"color: #ff0000;\">SAN VALENTINO<\/span><\/h4>\n<audio class=\"wp-audio-shortcode\" id=\"audio-374368-1\" preload=\"none\" style=\"width: 100%;\" controls=\"controls\"><source type=\"audio\/mpeg\" src=\"https:\/\/www.radiopiu.net\/wordpress\/wp-content\/uploads\/2024\/02\/GME-1.m4a?_=1\" \/><a href=\"https:\/\/www.radiopiu.net\/wordpress\/wp-content\/uploads\/2024\/02\/GME-1.m4a\">https:\/\/www.radiopiu.net\/wordpress\/wp-content\/uploads\/2024\/02\/GME-1.m4a<\/a><\/audio>\n<p>&nbsp;<\/p>\n<p><a class=\"dt-pswp-item\" href=\"https:\/\/www.radiopiu.net\/wordpress\/wp-content\/uploads\/2022\/02\/MyRadioPiu_miaidea.png\" data-dt-img-description=\"\" data-large_image_width=\"483\" data-large_image_height=\"374\"><img loading=\"lazy\" decoding=\"async\" class=\"wp-image-325190 alignleft\" src=\"https:\/\/www.radiopiu.net\/wordpress\/wp-content\/uploads\/2022\/02\/MyRadioPiu_miaidea-300x232.png\" alt=\"\" width=\"132\" height=\"102\" srcset=\"https:\/\/www.radiopiu.net\/wordpress\/wp-content\/uploads\/2022\/02\/MyRadioPiu_miaidea-300x232.png 300w, https:\/\/www.radiopiu.net\/wordpress\/wp-content\/uploads\/2022\/02\/MyRadioPiu_miaidea.png 483w\" sizes=\"auto, (max-width: 132px) 100vw, 132px\" \/><\/a>OGGI ALLA RADIO ALLE 7.20 <strong>EL BAL DEL FIOR CON GIULIANA DA RONCH<\/strong>, ALLE 8.20 <strong>PIU&#8217; SIAMO CON MARINA DONA&#8217;<\/strong>, ALLE 10.10 E 18.10<strong>\u00a0 CISL\u00a0 LA VOCE PER I LAVORATORI&#8221;\u00a0 CON MILENA CESCA<\/strong>\u00a0 10.30 <strong>MARIA ROSA SALMAZO, CON &#8220;SE NON LA SMETTI TI MANDO DAL PRESIDE&#8221;\u00a0<\/strong> ALLE 13.10 IN CODA AL GR PRINCIPALE<strong> LUISA MANFROI, LA SRADA 203 AGORDINA &#8211; SECONDA PUNTATA<\/strong> ALLE 18.30 <strong>NCONTONSE CON MILLY CREPAZ<\/strong><\/p>\n<p>&nbsp;<\/p>\n<p>&nbsp;<\/p>\n<\/div>\n<hr \/>\n<\/div>\n<hr \/>\n<hr \/>\n<hr \/>\n<blockquote>\n<blockquote>\n<h1><span style=\"color: #ff0000;\">\u00a0<\/span><\/h1>\n<h1><span style=\"color: #ff0000;\">I podcast informativi del mattino &#8211; audio &#8211;\u00a0<\/span><\/h1>\n<\/blockquote>\n<p><strong><a class=\"dt-pswp-item\" href=\"https:\/\/www.radiopiu.net\/wordpress\/wp-content\/uploads\/2023\/11\/th-10.jpg\" data-dt-img-description=\"\" data-large_image_width=\"320\" data-large_image_height=\"180\"><img loading=\"lazy\" decoding=\"async\" class=\"wp-image-362866 alignleft\" src=\"https:\/\/www.radiopiu.net\/wordpress\/wp-content\/uploads\/2023\/11\/th-10-300x169.jpg\" alt=\"\" width=\"185\" height=\"104\" srcset=\"https:\/\/www.radiopiu.net\/wordpress\/wp-content\/uploads\/2023\/11\/th-10-300x169.jpg 300w, https:\/\/www.radiopiu.net\/wordpress\/wp-content\/uploads\/2023\/11\/th-10.jpg 320w\" sizes=\"auto, (max-width: 185px) 100vw, 185px\" \/><\/a>LA RASSEGNA STAMPA NAZIONALE ALLA RADIO, OGNI GIORNO ALLE 5 E ALLE 6 DEL MATTINO <span style=\"color: #0000ff;\">viene pubblicata alle 6.00 <span style=\"color: #ff0000;\">DIRETTA RADIO\u00a0\u00a0<\/span><\/span><\/strong><\/p>\n<p>DI SISSY MARTINELLI<\/p>\n<p><strong>Israele-Palestina<\/strong>, approvazione del Parlamento italiano di 6 ordini del giorno sul tema medio oriente. Approvato l&#8217;impegno della Camera al cessate il fuoco. Tensioni nella manifestazioni davanti alla sede Rai di <strong>Napoli<\/strong> manifestanti feriti. <strong>Hamas<\/strong>, fotografato l&#8217;ideatore della strage del 6 ottobre, libero e impunito. <strong>Duplice omicidio a Latina<\/strong>, un giovane\u00a0 finanziere di 27 anni ha ammazzato madre e sorella dell&#8217;ex fidanzata che si \u00e8 salvata nascondendosi<\/p>\n<h2>L&#8217;AUDIO dalle 4 del mattino<\/h2>\n<audio class=\"wp-audio-shortcode\" id=\"audio-374368-2\" preload=\"none\" style=\"width: 100%;\" controls=\"controls\"><source type=\"audio\/mpeg\" src=\"https:\/\/www.radiopiu.net\/wordpress\/wp-content\/uploads\/2024\/02\/GIORNALEDELLESEI-13.mp3?_=2\" \/><a href=\"https:\/\/www.radiopiu.net\/wordpress\/wp-content\/uploads\/2024\/02\/GIORNALEDELLESEI-13.mp3\">https:\/\/www.radiopiu.net\/wordpress\/wp-content\/uploads\/2024\/02\/GIORNALEDELLESEI-13.mp3<\/a><\/audio>\n<p>&nbsp;<\/p><\/blockquote>\n<p>&nbsp;<\/p>\n<p>&nbsp;<\/p>\n<hr \/>\n<p>&nbsp;<\/p>\n<h1 style=\"text-align: center;\"><span style=\"color: #ff0000;\">I podcast informativi del mattino &#8211; audio &#8211;\u00a0<\/span><\/h1>\n<p><strong><a class=\"dt-pswp-item\" href=\"https:\/\/www.radiopiu.net\/wordpress\/wp-content\/uploads\/2023\/12\/images.png\" data-dt-img-description=\"\" data-large_image_width=\"316\" data-large_image_height=\"160\"><img loading=\"lazy\" decoding=\"async\" class=\"wp-image-367008 alignleft\" src=\"https:\/\/www.radiopiu.net\/wordpress\/wp-content\/uploads\/2023\/12\/images-300x152.png\" alt=\"\" width=\"235\" height=\"119\" srcset=\"https:\/\/www.radiopiu.net\/wordpress\/wp-content\/uploads\/2023\/12\/images-300x152.png 300w, https:\/\/www.radiopiu.net\/wordpress\/wp-content\/uploads\/2023\/12\/images.png 316w\" sizes=\"auto, (max-width: 235px) 100vw, 235px\" \/><\/a>OGNI GIORNO ALLE SETTE DEL MATTINO, LA RASSEGNA STAMPA LOCALE FLASH&#8230; PER CHI VA IN FRETTA. I TITOLI DAI GIORNALI E DAL SITO WWW.RADIOPIU.NET <span style=\"color: #0000ff;\">viene pubblicato alle 7.00<\/span> <span style=\"color: #ff0000;\">DIRETTA RADIO\u00a0<\/span><\/strong><\/p>\n<p><em><span style=\"color: #ff0000;\">per chi va in fretta&#8230; tante notizie in pochi minuti. L&#8217;informazione locale alla radio, ogni ora dalle 7 del mattino alle 19 della sera.\u00a0 \u00a0\u00a0<\/span><\/em><\/p>\n<p>di mirko mezzacasa<\/p>\n<p><strong>Triste giornata<\/strong> per la morte di Meneguz a Belluno, Dal Pan a Santa Giustina, Miana a Voltago. <strong>Maxi donazione<\/strong>, gestori della casa di riposo a processo. <strong>Vitozzi<\/strong> leggendaria \u00e8 ora. Progetto Belluno up grade.<strong> Olimpiadi<\/strong> invernali con Tina e Milo.<\/p>\n<h2>AUDIO dalle 7 del mattino<\/h2>\n<audio class=\"wp-audio-shortcode\" id=\"audio-374368-3\" preload=\"none\" style=\"width: 100%;\" controls=\"controls\"><source type=\"audio\/mpeg\" src=\"https:\/\/www.radiopiu.net\/wordpress\/wp-content\/uploads\/2024\/02\/GF07-11.mp3?_=3\" \/><a href=\"https:\/\/www.radiopiu.net\/wordpress\/wp-content\/uploads\/2024\/02\/GF07-11.mp3\">https:\/\/www.radiopiu.net\/wordpress\/wp-content\/uploads\/2024\/02\/GF07-11.mp3<\/a><\/audio>\n<p>&nbsp;<\/p>\n<hr \/>\n<p>&nbsp;<\/p>\n<h1><\/h1>\n<h1 style=\"text-align: center;\"><span style=\"color: #ff0000;\"><a class=\"dt-pswp-item\" href=\"https:\/\/www.radiopiu.net\/wordpress\/wp-content\/uploads\/2022\/01\/026c3f9d-dae9-4040-a3c1-a6530231bcc3.jpg\" data-dt-img-description=\"\" data-large_image_width=\"1152\" data-large_image_height=\"2048\"><img loading=\"lazy\" decoding=\"async\" class=\"wp-image-251839 alignleft\" src=\"https:\/\/www.radiopiu.net\/wordpress\/wp-content\/uploads\/2022\/01\/026c3f9d-dae9-4040-a3c1-a6530231bcc3-169x300.jpg\" alt=\"\" width=\"100\" height=\"177\" srcset=\"https:\/\/www.radiopiu.net\/wordpress\/wp-content\/uploads\/2022\/01\/026c3f9d-dae9-4040-a3c1-a6530231bcc3-169x300.jpg 169w, https:\/\/www.radiopiu.net\/wordpress\/wp-content\/uploads\/2022\/01\/026c3f9d-dae9-4040-a3c1-a6530231bcc3-576x1024.jpg 576w, https:\/\/www.radiopiu.net\/wordpress\/wp-content\/uploads\/2022\/01\/026c3f9d-dae9-4040-a3c1-a6530231bcc3-768x1365.jpg 768w, https:\/\/www.radiopiu.net\/wordpress\/wp-content\/uploads\/2022\/01\/026c3f9d-dae9-4040-a3c1-a6530231bcc3-864x1536.jpg 864w, https:\/\/www.radiopiu.net\/wordpress\/wp-content\/uploads\/2022\/01\/026c3f9d-dae9-4040-a3c1-a6530231bcc3.jpg 1152w\" sizes=\"auto, (max-width: 100px) 100vw, 100px\" \/><\/a>I podcast informativi del mattino &#8211; audio &#8211;\u00a0<\/span><\/h1>\n<blockquote><p><strong>GIORNALE RADIO NAZIONALE, EDIZIONE DELLE SETTE <span style=\"color: #0000ff;\">viene pubblicato alle 7.05 <span style=\"color: #ff0000;\">DIRETTA RADIO\u00a0<\/span><\/span><\/strong><\/p><\/blockquote>\n<p><strong>il giornale radionazionale e&#8217; in onda ogni ora, dalle sette del mattino alle venti della sera\u00a0\u00a0<\/strong><\/p>\n<p>&nbsp;<\/p>\n<p>&nbsp;<\/p>\n<p>&nbsp;<\/p>\n<p>Due donne madre e figlia <strong>ammazzate<\/strong> dal giovane finanziere nel quartiere San Valentino. <strong>Medio Oriente<\/strong> Israele pronto all&#8217;offensiva contro Rafa. <strong>Corea del Nord<\/strong> lancia missili da crociera. <strong>Scontri<\/strong> davanti alla sede Rai di Napoli. <strong>Terzo settore,<\/strong> le novit\u00e0<\/p>\n<h2>AUDIO dalle sette del mattino, ogni ora alla radio<\/h2>\n<audio class=\"wp-audio-shortcode\" id=\"audio-374368-4\" preload=\"none\" style=\"width: 100%;\" controls=\"controls\"><source type=\"audio\/mpeg\" src=\"https:\/\/www.radiopiu.net\/wordpress\/wp-content\/uploads\/2024\/02\/giornale07-11.mp3?_=4\" \/><a href=\"https:\/\/www.radiopiu.net\/wordpress\/wp-content\/uploads\/2024\/02\/giornale07-11.mp3\">https:\/\/www.radiopiu.net\/wordpress\/wp-content\/uploads\/2024\/02\/giornale07-11.mp3<\/a><\/audio>\n<p>&nbsp;<\/p>\n<h2><\/h2>\n<hr \/>\n<p>&nbsp;<\/p>\n<p>&nbsp;<\/p>\n<h1><span style=\"color: #ff0000;\">I podcast informativi del mattino &#8211; video &#8211;\u00a0<\/span><\/h1>\n<h2><strong><a class=\"dt-pswp-item\" href=\"https:\/\/www.radiopiu.net\/wordpress\/wp-content\/uploads\/2023\/12\/th-10.jpg\" data-dt-img-description=\"\" data-large_image_width=\"245\" data-large_image_height=\"180\"><img loading=\"lazy\" decoding=\"async\" class=\" wp-image-367395 alignleft\" src=\"https:\/\/www.radiopiu.net\/wordpress\/wp-content\/uploads\/2023\/12\/th-10.jpg\" alt=\"\" width=\"166\" height=\"122\" \/><\/a>RASSEGNA STAMPA LOCALE, ORE OTTO 05<\/strong><\/h2>\n<h2><strong> <span style=\"color: #0000ff;\">viene\u00a0 <\/span><\/strong><strong><span style=\"color: #0000ff;\">pubblicata alle 8.05 <span style=\"color: #ff0000;\">DIRETTA RADIO\u00a0\u00a0<\/span><\/span><\/strong><\/h2>\n<p>&nbsp;<\/p>\n<p><strong>DI MIRKO MEZZACASA\u00a0\u00a0<\/strong><\/p>\n<p>&nbsp;<\/p>\n<p>&nbsp;<\/p>\n<h2><strong>VIDEO\u00a0 \u00a0in diretta dalle 8 del mattino\u00a0<\/strong><\/h2>\n<p>&nbsp;<\/p>\n<p><iframe loading=\"lazy\" title=\"DAL 1983 LA RASSEGNA STAMPA LOCALE di mirko mezzacasa. L&#039;ORIGINALE\" width=\"1200\" height=\"675\" src=\"https:\/\/www.youtube.com\/embed\/UP7Xjznd7_Q?feature=oembed\" frameborder=\"0\" allow=\"accelerometer; autoplay; clipboard-write; encrypted-media; gyroscope; picture-in-picture; web-share\" allowfullscreen><\/iframe><\/p>\n<hr \/>\n<p>&nbsp;<\/p>\n<blockquote>\n<h3><\/h3>\n<h3>ACQUA di nuovo potabile <a class=\"dt-pswp-item\" href=\"https:\/\/www.radiopiu.net\/wordpress\/wp-content\/uploads\/2018\/08\/ACQUA.jpeg\" data-dt-img-description=\"\" data-large_image_width=\"1280\" data-large_image_height=\"768\"><img loading=\"lazy\" decoding=\"async\" class=\" wp-image-57052 alignleft\" src=\"https:\/\/www.radiopiu.net\/wordpress\/wp-content\/uploads\/2018\/08\/ACQUA-300x180.jpeg\" alt=\"\" width=\"137\" height=\"82\" srcset=\"https:\/\/www.radiopiu.net\/wordpress\/wp-content\/uploads\/2018\/08\/ACQUA-300x180.jpeg 300w, https:\/\/www.radiopiu.net\/wordpress\/wp-content\/uploads\/2018\/08\/ACQUA-768x461.jpeg 768w, https:\/\/www.radiopiu.net\/wordpress\/wp-content\/uploads\/2018\/08\/ACQUA-1024x614.jpeg 1024w, https:\/\/www.radiopiu.net\/wordpress\/wp-content\/uploads\/2018\/08\/ACQUA.jpeg 1280w\" sizes=\"auto, (max-width: 137px) 100vw, 137px\" \/><\/a>CANALE D&#8217; AGORDO nella localit\u00e0 GARES, l&#8217;acqua erogata dall&#8217;acquedotto\u00a0 \u00e8 potabile e\u00a0 pu\u00f2 essere usata per scopi alimentari.<\/h3>\n<\/blockquote>\n<h3><\/h3>\n<p>&nbsp;<\/p>\n<p>&nbsp;<\/p>\n<hr \/>\n<p>&nbsp;<\/p>\n<blockquote>\n<h3>INTERRUZIONI PROGRAMMATE GSP<\/h3>\n<\/blockquote>\n<blockquote>\n<p align=\"CENTER\"><i><img loading=\"lazy\" decoding=\"async\" class=\"alignleft\" src=\"https:\/\/www.radiopiu.net\/wordpress\/wp-content\/uploads\/2021\/06\/th-12.jpg\" width=\"162\" height=\"108\" \/>Prevista la chiusura dell\u2019acqua dalle ore 8:00 fino a fine lavori. Autobotte per l\u2019utenza in zona La Rossa.<\/i><\/p>\n<p align=\"JUSTIFY\"><span style=\"color: #000000;\"><span style=\"font-family: Calibri, serif;\"><span style=\"font-size: medium;\"><span style=\"color: #00000a;\"><span style=\"font-family: Arial, serif;\"><strong>BELLUNO<\/strong>\u00a0 Si svolgeranno oggi i lavori di distrettualizzazione della rete idrica a servizio delle aree limitrofe al Ponte Veneggia, in Comune di Belluno. La posa delle apparecchiature render\u00e0 necessaria la sospensione della fornitura idrica dalle\u00a0 8\u00a0 \u00a0fine lavori nelle seguenti vie: T. Vecellio, F. Tomea, degli Agricoltori, Masi Simonetti, del Candel, Del Vesco, San Pietro in Campo, Vittorio Veneto (civici da 217 a 251 e da 282 a 310). A disposizione dell\u2019utenza, per prelievi in autonomia d\u2019acqua potabile, ci sar\u00e0 l\u2019autobotte di Gsp: stazioner\u00e0 nel piazzale antistante la Pizzeria La Rossa fino a conclusione delle attivit\u00e0.<\/span><\/span><\/span><\/span><\/span><\/p>\n<p>&nbsp;<\/p><\/blockquote>\n<p><strong>VALLADA<\/strong> Gestione Servizi Pubblici informa che, per lavori alla rete idrica comunale, OGGI dalle 08:00 a FINE LAVORI, verr\u00e0 sospesa l\u2019erogazione dell\u2019acqua a VALLADA AGORDINA in LOCALITA&#8217; ANDRICH.<\/p>\n<p>&nbsp;<\/p>\n<hr \/>\n<p>&nbsp;<\/p>\n<blockquote>\n<h3>MAMMA IN OSPEDALE, PAPA&#8217; IN QUESTURA. LA TENTATA TRUFFA SI RIPETE IN CENTRO A BELLUNO<\/h3>\n<\/blockquote>\n<p><strong><a class=\"dt-pswp-item\" href=\"https:\/\/www.radiopiu.net\/wordpress\/wp-content\/uploads\/2024\/02\/telefono.png\" data-dt-img-description=\"\" data-large_image_width=\"289\" data-large_image_height=\"251\"><img loading=\"lazy\" decoding=\"async\" class=\" wp-image-374427 alignleft\" src=\"https:\/\/www.radiopiu.net\/wordpress\/wp-content\/uploads\/2024\/02\/telefono.png\" alt=\"\" width=\"228\" height=\"198\" \/><\/a>REDAZIONE <\/strong>Una volta di pi\u00f9, la Valbelluna e il centro citt\u00e0 si trovano al centro di una triste vicenda: la truffa ai danni degli anziani. Il modus operandi, purtroppo ormai noto, ha mostrato aspetti ancora pi\u00f9 inquietanti questa volta. La telefonata giunta alla casa di una nonna novantenne, come racconta il nipote, ha seguito lo schema classico: un familiare in ospedale, un altro in questura &#8211; in questo caso il figlio e la moglie. L&#8217;obbiettivo, come sempre, \u00e8 ottenere una cifra di denaro per &#8220;pagare le spese e evitare il peggio&#8221;. Tuttavia, ci\u00f2 che ha destato maggiore preoccupazione \u00e8 stata la richiesta insolita dei truffatori: <em>&#8220;passiamo noi a casa sua&#8221;<\/em>. Questo particolare dettaglio suggerisce che la casa della nonna fosse stata presa di mira per motivi ben precisi, quindi che i malviventi non fossero tanto lontano. Fortunatamente, la truffa \u00e8 stata sventata grazie all&#8217;intervento tempestivo della collaboratrice domestica, che ha prontamente avvertito i parenti della anziana e quindi gli uomini della Polizia Postale presso la Questura di Belluno. Un esempio di prontezza e collaborazione che ha impedito conseguenze ben pi\u00f9 gravi. Le Forze dell&#8217;Ordine ribadiscono l&#8217;importanza di non aprire a estranei, di non cedere denaro e di avvertire immediatamente i parenti di simili tentativi. Solo cos\u00ec sar\u00e0 possibile contrastare con successo questo vile fenomeno e proteggere i pi\u00f9 vulnerabili della nostra comunit\u00e0.<\/p>\n<p>mm<\/p>\n<p>&nbsp;<\/p>\n<blockquote><p><strong>Segnalazione dal Cadore, quando arriva un messaggio come questo non esitate a cestinarlo.<\/strong><\/p><\/blockquote>\n<p><a class=\"dt-pswp-item\" href=\"https:\/\/www.radiopiu.net\/wordpress\/wp-content\/uploads\/2024\/02\/Senza-nome-28.png\" data-dt-img-description=\"\" data-large_image_width=\"658\" data-large_image_height=\"479\"><img loading=\"lazy\" decoding=\"async\" class=\"size-medium wp-image-374453 aligncenter\" src=\"https:\/\/www.radiopiu.net\/wordpress\/wp-content\/uploads\/2024\/02\/Senza-nome-28-300x218.png\" alt=\"\" width=\"300\" height=\"218\" srcset=\"https:\/\/www.radiopiu.net\/wordpress\/wp-content\/uploads\/2024\/02\/Senza-nome-28-300x218.png 300w, https:\/\/www.radiopiu.net\/wordpress\/wp-content\/uploads\/2024\/02\/Senza-nome-28.png 658w\" sizes=\"auto, (max-width: 300px) 100vw, 300px\" \/><\/a><\/p>\n<p>&nbsp;<\/p>\n<p>&nbsp;<\/p>\n<p>&nbsp;<\/p>\n<p>&nbsp;<\/p>\n<hr \/>\n<p>&nbsp;<\/p>\n<blockquote>\n<h3>E&#8217; MORTO NEVIO MENEGUZ, STORICO DIRETTORE DEL CSV DI BELLUNO E TREVISO<\/h3>\n<p><strong>PER LE TRE RADIO, BARBARA PAOLAZZI\u00a0<\/strong><\/p>\n<audio class=\"wp-audio-shortcode\" id=\"audio-374368-5\" preload=\"none\" style=\"width: 100%;\" controls=\"controls\"><source type=\"audio\/mpeg\" src=\"https:\/\/www.radiopiu.net\/wordpress\/wp-content\/uploads\/2024\/02\/SINTESI-MENEGUS-BARBARA.mp3?_=5\" \/><a href=\"https:\/\/www.radiopiu.net\/wordpress\/wp-content\/uploads\/2024\/02\/SINTESI-MENEGUS-BARBARA.mp3\">https:\/\/www.radiopiu.net\/wordpress\/wp-content\/uploads\/2024\/02\/SINTESI-MENEGUS-BARBARA.mp3<\/a><\/audio>\n<p>&nbsp;<\/p><\/blockquote>\n<p align=\"JUSTIFY\"><span style=\"font-family: Calibri, serif;\"><span style=\"font-size: large;\"><b><a class=\"dt-pswp-item\" href=\"https:\/\/www.radiopiu.net\/wordpress\/wp-content\/uploads\/2024\/02\/31060274285_d559779764_o.jpg\" data-dt-img-description=\"\" data-large_image_width=\"1920\" data-large_image_height=\"1080\"><img loading=\"lazy\" decoding=\"async\" class=\" wp-image-374423 alignleft\" src=\"https:\/\/www.radiopiu.net\/wordpress\/wp-content\/uploads\/2024\/02\/31060274285_d559779764_o-300x169.jpg\" alt=\"\" width=\"234\" height=\"132\" srcset=\"https:\/\/www.radiopiu.net\/wordpress\/wp-content\/uploads\/2024\/02\/31060274285_d559779764_o-300x169.jpg 300w, https:\/\/www.radiopiu.net\/wordpress\/wp-content\/uploads\/2024\/02\/31060274285_d559779764_o-1024x576.jpg 1024w, https:\/\/www.radiopiu.net\/wordpress\/wp-content\/uploads\/2024\/02\/31060274285_d559779764_o-768x432.jpg 768w, https:\/\/www.radiopiu.net\/wordpress\/wp-content\/uploads\/2024\/02\/31060274285_d559779764_o-1536x864.jpg 1536w, https:\/\/www.radiopiu.net\/wordpress\/wp-content\/uploads\/2024\/02\/31060274285_d559779764_o.jpg 1920w\" sizes=\"auto, (max-width: 234px) 100vw, 234px\" \/><\/a>IL CSV BELLUNO TREVISO ACCOGLIE CON DOLORE LA PERDITA DI NEVIO MENEGUZ<\/b><\/span><\/span><\/p>\n<p align=\"JUSTIFY\"><span style=\"color: #000000;\"><span style=\"font-family: Calibri, serif;\"><span style=\"font-size: large;\">Csv Belluno Treviso accoglie con dolore la notizia della perdita del dottor Nevio Meneguz, gi\u00e0 direttore &#8211; per oltre un decennio &#8211; del Csv di Belluno, professionista stimato e conosciuto. <\/span><\/span><\/span><span style=\"font-size: large; font-family: Calibri, serif; color: #000000;\">Nevio Meneguz ha collaborato con il Csv sin dal 1999, ricoprendo ruoli di alta responsabilit\u00e0 fino al novembre 2023 quando ha assunto un incarico di prestigio presso un altro ente della provincia di Belluno. <\/span><span style=\"color: #000000;\"><span style=\"font-family: Calibri, serif;\"><span style=\"font-size: large;\">Oltre che nella professione, si \u00e8 distinto per il suo costante e diretto impegno nel mondo del volontariato nel territorio feltrino. <\/span><\/span><\/span><span style=\"font-size: large; font-family: Calibri, serif; color: #000000;\">Tutto il Csv Belluno Treviso, per voce della sua presidente Elisa Corr\u00e0, si stringe al dolore della famiglia.\u00a0 \u00a0<\/span><\/p>\n<p><span style=\"color: #ff0000;\"><strong>IERI ALLA RADIO, TUTTI I MESSAGGI DI CORDOGLIO\u00a0<\/strong><\/span><\/p>\n<blockquote class=\"wp-embedded-content\" data-secret=\"B80M77pL93\"><p><a href=\"https:\/\/www.radiopiu.net\/wordpress\/e-morto-nevio-meneguz-storico-direttore-del-csv-di-belluno-e-treviso\/\">E&#8217; MORTO NEVIO MENEGUZ, STORICO DIRETTORE DEL CSV DI BELLUNO E TREVISO<\/a><\/p><\/blockquote>\n<p><iframe loading=\"lazy\" class=\"wp-embedded-content\" sandbox=\"allow-scripts\" security=\"restricted\" style=\"position: absolute; clip: rect(1px, 1px, 1px, 1px);\" title=\"&#8220;E&#8217; MORTO NEVIO MENEGUZ, STORICO DIRETTORE DEL CSV DI BELLUNO E TREVISO&#8221; &#8212; Radio Pi\u00f9\" src=\"https:\/\/www.radiopiu.net\/wordpress\/e-morto-nevio-meneguz-storico-direttore-del-csv-di-belluno-e-treviso\/embed\/#?secret=DaJtUSxRzF#?secret=B80M77pL93\" data-secret=\"B80M77pL93\" width=\"600\" height=\"338\" frameborder=\"0\" marginwidth=\"0\" marginheight=\"0\" scrolling=\"no\"><\/iframe><\/p>\n<p>&nbsp;<\/p>\n<hr \/>\n<p>&nbsp;<\/p>\n<blockquote>\n<h1>Dino: uomo devoto alla famiglia e al suo paese<\/h1>\n<\/blockquote>\n<p><strong><img decoding=\"async\" class=\"alignleft\" src=\"https:\/\/www.radiopiu.net\/wordpress\/wp-content\/uploads\/2024\/02\/Senza-nome-30.png\" \/>SANTA GIUSTINA<\/strong> Santa Giustina piange la scomparsa di Dino Dal Pan, uomo devoto alla famiglia e al suo paese. Lascia un vuoto nel cuore dei figli Lucio, Nadia, Paola e Irene, oltre a numerosi parenti. I funerali si terranno domani alle 15 nella sua amata Santa Giustina. Le eventuali offerte saranno devolute all&#8217;asilo del paese e alla Plavis, testimoniando il suo impegno per la comunit\u00e0.<\/p>\n<p>&nbsp;<\/p>\n<p>Dal Pan, uomo dal carattere forte e dalla tempra inossidabile, si \u00e8 dedicato con passione al suo paese, ricoprendo la carica di primo cittadino per tre mandati. Durante il suo mandato, ha guidato Santa Giustina con tenacia e lungimiranza, realizzando opere importanti e migliorando la qualit\u00e0 della vita dei cittadini. La sua dedizione al bene comune era innegabile. Impegno e concretezza sono stati i tratti distintivi del suo operato, sempre volto al progresso e al benessere della comunit\u00e0. Le sue priorit\u00e0 erano chiare: sicurezza, cultura, sviluppo economico e sociale, tutela del territorio e attenzione alle fasce pi\u00f9 deboli. La sua scomparsa lascia un vuoto incolmabile in tutti coloro che lo hanno conosciuto. Il suo esempio di dedizione e il suo instancabile impegno per il bene comune, le tante pubblicazioni sulla nostra storia e impegni nel mondo del locale associazionismo rimarranno per sempre impressi nella memoria di Santa Giustina. &#8220;Alla famiglia di Dino Dal Pan vanno le pi\u00f9 sentite condoglianze da parte dell&#8217;intera comunit\u00e0. In segno di lutto, il giorno delle esequie, le bandiere del Comune saranno esposte a mezz&#8217;asta. Dino Dal Pan, uomo di cultura, concretezza e di azione, mancher\u00e0 a tutti noi. Riposa in pace.<br \/>\n<strong>Ivan Minella, Sindaco di Santa Giustina<\/strong><\/p>\n<p>&nbsp;<\/p>\n<hr \/>\n<p>&nbsp;<\/p>\n<blockquote>\n<h3>\u00a0GIOVANNI MIANA, CAVALIERE AL MERITO DELLA REPUBBLICA<\/h3>\n<\/blockquote>\n<p><strong>VOLTAGO<\/strong><\/p>\n<p><strong>DI GIANNI SANTOMASO<\/strong><\/p>\n<audio class=\"wp-audio-shortcode\" id=\"audio-374368-6\" preload=\"none\" style=\"width: 100%;\" controls=\"controls\"><source type=\"audio\/mpeg\" src=\"https:\/\/www.radiopiu.net\/wordpress\/wp-content\/uploads\/2024\/02\/MIANA-VOLTAGO.mp3?_=6\" \/><a href=\"https:\/\/www.radiopiu.net\/wordpress\/wp-content\/uploads\/2024\/02\/MIANA-VOLTAGO.mp3\">https:\/\/www.radiopiu.net\/wordpress\/wp-content\/uploads\/2024\/02\/MIANA-VOLTAGO.mp3<\/a><\/audio>\n<p><img decoding=\"async\" class=\"aligncenter\" src=\"https:\/\/www.radiopiu.net\/wordpress\/wp-content\/uploads\/2024\/02\/6f94a97c-0ca0-4c95-b406-9c8ff71ea6de.jpg\" \/><\/p>\n<p>&nbsp;<\/p>\n<p>&nbsp;<\/p>\n<hr \/>\n<p>&nbsp;<\/p>\n<p>&nbsp;<\/p>\n<blockquote>\n<h3><a class=\"dt-pswp-item\" href=\"https:\/\/www.radiopiu.net\/wordpress\/wp-content\/uploads\/2024\/02\/Senza-nome-20.png\" data-dt-img-description=\"\" data-large_image_width=\"271\" data-large_image_height=\"260\"><img loading=\"lazy\" decoding=\"async\" class=\"wp-image-373540 alignleft\" src=\"https:\/\/www.radiopiu.net\/wordpress\/wp-content\/uploads\/2024\/02\/Senza-nome-20.png\" alt=\"\" width=\"152\" height=\"146\" \/><\/a>DOMANI L&#8217;ULTIMO SALUTO A GIOVANNI CORONA<br \/>\n<em>Per Longarone e per Erto il momento del cordoglio\u00a0<\/em><br \/>\n<strong>\u00a0<\/strong><\/h3>\n<\/blockquote>\n<p><strong>LONGARONE <\/strong>Saranno celebrati domani alle 15, nella chiesa monumentale di Longarone, i funerali di Giovanni Corona, l&#8217;operaio di 65 anni morto nel pomeriggio del 5 febbraio precipitando mentre stava lavorando all&#8217;installazione di una gru a Rivoli, nel Torinese.<\/p>\n<p>&nbsp;<\/p>\n<p>&nbsp;<\/p>\n<hr \/>\n<p>&nbsp;<\/p>\n<p>&nbsp;<\/p>\n<blockquote>\n<h3><a class=\"dt-pswp-item\" href=\"https:\/\/www.radiopiu.net\/wordpress\/wp-content\/uploads\/2024\/02\/5dc08a88-2505-4cac-b329-a262d31df2c9.jpg\" data-dt-img-description=\"\" data-large_image_width=\"1280\" data-large_image_height=\"960\"><img loading=\"lazy\" decoding=\"async\" class=\"size-medium wp-image-374493 alignleft\" src=\"https:\/\/www.radiopiu.net\/wordpress\/wp-content\/uploads\/2024\/02\/5dc08a88-2505-4cac-b329-a262d31df2c9-300x225.jpg\" alt=\"\" width=\"300\" height=\"225\" srcset=\"https:\/\/www.radiopiu.net\/wordpress\/wp-content\/uploads\/2024\/02\/5dc08a88-2505-4cac-b329-a262d31df2c9-300x225.jpg 300w, https:\/\/www.radiopiu.net\/wordpress\/wp-content\/uploads\/2024\/02\/5dc08a88-2505-4cac-b329-a262d31df2c9-1024x768.jpg 1024w, https:\/\/www.radiopiu.net\/wordpress\/wp-content\/uploads\/2024\/02\/5dc08a88-2505-4cac-b329-a262d31df2c9-768x576.jpg 768w, https:\/\/www.radiopiu.net\/wordpress\/wp-content\/uploads\/2024\/02\/5dc08a88-2505-4cac-b329-a262d31df2c9.jpg 1280w\" sizes=\"auto, (max-width: 300px) 100vw, 300px\" \/><\/a>DI TRAVERSO SULLA STATALE<\/h3>\n<p>bilico sganciato dalla motrice, da Belluno vigili del fuoco con l&#8217;autogru.<\/p>\n<p><em>L&#8217;incidente si \u00e8 verificato poco prima delle 16.30 e subito sono stati allertati i vigili del fuoco, confluiti dal distaccamento di Feltre e dal Comando di Belluno, che ha inviato l&#8217;autogr\u00f9. Contestualmente sono stati avvisati anche i carabinieri che hanno inviato la pattuglia della stazione di Mel per gestire la viabilit\u00e0.<\/em><\/p><\/blockquote>\n<p><strong>REDAZIONE<\/strong> Impegnativo intervento, della durata di due ore per i vigili del fuoco di Feltre coadiuvati dai colleghi con l&#8217;autogru di Belluno. Il semi rimorchio, parte di un auto articolato \u00e8 rimasto di traverso lungo la ss50 di Cesiomaggiore,\u00a0 difronte alla Lattebusche. Inevitabili rallentamenti e traffico a senso unico alternato.<\/p>\n<p>&nbsp;<\/p>\n<p>&nbsp;<\/p>\n<hr \/>\n<p>&nbsp;<\/p>\n<blockquote>\n<h2>SI RIBALTA IL TRATTORE\u00a0 BOSCAIOLO FERITO<\/h2>\n<\/blockquote>\n<p><strong>ALANO DI PIAVE <\/strong>Un uomo di 65 anni di Alano di Piave ha subito un incidente mentre tagliava legna, ribaltandosi con il trattore e ferendosi alla testa. L&#8217;elicottero del Suem \u00e8 stato inviato sul posto insieme a un&#8217;ambulanza del pronto soccorso di Feltre.\u00a0 Fortunatamente, l&#8217;uomo \u00e8 riuscito a uscire autonomamente da sotto il trattore ed \u00e8 stato trasportato in elicottero all&#8217;ospedale di Belluno per ulteriori controlli. La ferita non sembra essere grave<\/p>\n<p>&nbsp;<\/p>\n<p>&nbsp;<\/p>\n<hr \/>\n<p>&nbsp;<\/p>\n<p>&nbsp;<\/p>\n<blockquote>\n<h3>IL COMUNE DA FUTURO AL CENTRO CULTURALE NOF FILO&#8217;<\/h3>\n<\/blockquote>\n<p><strong><img loading=\"lazy\" decoding=\"async\" class=\"alignleft\" src=\"https:\/\/www.radiopiu.net\/wordpress\/wp-content\/uploads\/2021\/04\/NOF-FILO.jpg\" width=\"224\" height=\"126\" \/>CENCENIGHE<\/strong><\/p>\n<p><strong>DI GIANNI SANTOMASO\u00a0<\/strong><\/p>\n<audio class=\"wp-audio-shortcode\" id=\"audio-374368-7\" preload=\"none\" style=\"width: 100%;\" controls=\"controls\"><source type=\"audio\/mpeg\" src=\"https:\/\/www.radiopiu.net\/wordpress\/wp-content\/uploads\/2024\/02\/NOF-FILO-GIANNI.mp3?_=7\" \/><a href=\"https:\/\/www.radiopiu.net\/wordpress\/wp-content\/uploads\/2024\/02\/NOF-FILO-GIANNI.mp3\">https:\/\/www.radiopiu.net\/wordpress\/wp-content\/uploads\/2024\/02\/NOF-FILO-GIANNI.mp3<\/a><\/audio>\n<p>&nbsp;<\/p>\n<p>&nbsp;<\/p>\n<hr \/>\n<p>&nbsp;<\/p>\n<blockquote>\n<h3>IL CONSIGLIERE PROVINCIALE MATTIA GOSETTI FA IL PUNTO SULLE ATTIVIT\u00c0 IN VISTA DELLE ELEZIONI PROVINCIALI DEL 16 MARZO<\/h3>\n<\/blockquote>\n<p><strong><a class=\"dt-pswp-item\" href=\"https:\/\/www.radiopiu.net\/wordpress\/wp-content\/uploads\/2024\/02\/1c05fdc0-830a-4e4c-80bc-0cb613ae21db.jpg\" data-dt-img-description=\"\" data-large_image_width=\"2048\" data-large_image_height=\"1536\"><img loading=\"lazy\" decoding=\"async\" class=\"wp-image-374440 alignleft\" src=\"https:\/\/www.radiopiu.net\/wordpress\/wp-content\/uploads\/2024\/02\/1c05fdc0-830a-4e4c-80bc-0cb613ae21db-300x225.jpg\" alt=\"\" width=\"285\" height=\"214\" srcset=\"https:\/\/www.radiopiu.net\/wordpress\/wp-content\/uploads\/2024\/02\/1c05fdc0-830a-4e4c-80bc-0cb613ae21db-300x225.jpg 300w, https:\/\/www.radiopiu.net\/wordpress\/wp-content\/uploads\/2024\/02\/1c05fdc0-830a-4e4c-80bc-0cb613ae21db-1024x768.jpg 1024w, https:\/\/www.radiopiu.net\/wordpress\/wp-content\/uploads\/2024\/02\/1c05fdc0-830a-4e4c-80bc-0cb613ae21db-768x576.jpg 768w, https:\/\/www.radiopiu.net\/wordpress\/wp-content\/uploads\/2024\/02\/1c05fdc0-830a-4e4c-80bc-0cb613ae21db-1536x1152.jpg 1536w, https:\/\/www.radiopiu.net\/wordpress\/wp-content\/uploads\/2024\/02\/1c05fdc0-830a-4e4c-80bc-0cb613ae21db.jpg 2048w\" sizes=\"auto, (max-width: 285px) 100vw, 285px\" \/><\/a><\/strong><\/p>\n<p>&nbsp;<\/p>\n<p><strong>BELLUNO<\/strong> Il consigliere provinciale Mattia Gosetti, incaricato della difesa del suolo e sindaco di Cibiana di Cadore, fa il punto sulle attivit\u00e0 svolte in vista delle elezioni provinciali del 16 marzo.<\/p>\n<p>&nbsp;<\/p>\n<p>&nbsp;<\/p>\n<p>&nbsp;<\/p>\n<p><strong>DI DANIELE DAVIT<\/strong><\/p>\n<audio class=\"wp-audio-shortcode\" id=\"audio-374368-8\" preload=\"none\" style=\"width: 100%;\" controls=\"controls\"><source type=\"audio\/mpeg\" src=\"https:\/\/www.radiopiu.net\/wordpress\/wp-content\/uploads\/2024\/02\/Radio-Piu-Servizio-Bilancio-difesa-del-suolo-Gosetti.mp3?_=8\" \/><a href=\"https:\/\/www.radiopiu.net\/wordpress\/wp-content\/uploads\/2024\/02\/Radio-Piu-Servizio-Bilancio-difesa-del-suolo-Gosetti.mp3\">https:\/\/www.radiopiu.net\/wordpress\/wp-content\/uploads\/2024\/02\/Radio-Piu-Servizio-Bilancio-difesa-del-suolo-Gosetti.mp3<\/a><\/audio>\n<p>&nbsp;<\/p>\n<hr \/>\n<p>&nbsp;<\/p>\n<blockquote>\n<h3><\/h3>\n<h3>1000 GIORNI DI NOI<\/h3>\n<\/blockquote>\n<p><strong><a class=\"dt-pswp-item\" href=\"https:\/\/www.radiopiu.net\/wordpress\/wp-content\/uploads\/2021\/09\/regione-veneto.png\" data-dt-img-description=\"\" data-large_image_width=\"455\" data-large_image_height=\"344\"><img loading=\"lazy\" decoding=\"async\" class=\" wp-image-234211 alignleft\" src=\"https:\/\/www.radiopiu.net\/wordpress\/wp-content\/uploads\/2021\/09\/regione-veneto-300x227.png\" alt=\"\" width=\"155\" height=\"117\" srcset=\"https:\/\/www.radiopiu.net\/wordpress\/wp-content\/uploads\/2021\/09\/regione-veneto-300x227.png 300w, https:\/\/www.radiopiu.net\/wordpress\/wp-content\/uploads\/2021\/09\/regione-veneto.png 455w\" sizes=\"auto, (max-width: 155px) 100vw, 155px\" \/><\/a>VENEZIA<\/strong> La Giunta Regionale del Veneto ha destinato 5 milioni di euro per sostenere le famiglie e promuovere la genitorialit\u00e0 nei primi tre anni di vita dei bambini. La delibera prevede un bando sperimentale per attivare iniziative attraverso i 21 Ambiti Territoriali Sociali (ATS) della regione. L&#8217;obiettivo \u00e8 garantire alle nuove nascite le migliori condizioni di partenza, promuovendo lo sviluppo e il sostegno delle famiglie. Il progetto &#8220;1.000 GIORNI DI NOI&#8221; si basa su un approccio di rete, multidimensionale e territoriale, coinvolgendo i Comuni e prevedendo interventi diretti, formazione e consulenza per coppie, genitori e famiglie.<\/p>\n<p>&nbsp;<\/p>\n<p>&nbsp;<\/p>\n<hr \/>\n<p>&nbsp;<\/p>\n<blockquote>\n<h3>RINNOVATO IL MARCHIO DI BANDIERA ARANCIONE DEL TOURING CLUB ITALIANO AL COMUNE DI BORGO VALBELLUNA<\/h3>\n<\/blockquote>\n<p><strong><a class=\"dt-pswp-item\" href=\"https:\/\/www.radiopiu.net\/wordpress\/wp-content\/uploads\/2024\/02\/PXL_20240213_190722213.MP2_.jpg\" data-dt-img-description=\"\" data-large_image_width=\"2439\" data-large_image_height=\"1954\"><img loading=\"lazy\" decoding=\"async\" class=\" wp-image-374497 alignleft\" src=\"https:\/\/www.radiopiu.net\/wordpress\/wp-content\/uploads\/2024\/02\/PXL_20240213_190722213.MP2_-300x240.jpg\" alt=\"\" width=\"178\" height=\"142\" srcset=\"https:\/\/www.radiopiu.net\/wordpress\/wp-content\/uploads\/2024\/02\/PXL_20240213_190722213.MP2_-300x240.jpg 300w, https:\/\/www.radiopiu.net\/wordpress\/wp-content\/uploads\/2024\/02\/PXL_20240213_190722213.MP2_-1024x820.jpg 1024w, https:\/\/www.radiopiu.net\/wordpress\/wp-content\/uploads\/2024\/02\/PXL_20240213_190722213.MP2_-768x615.jpg 768w, https:\/\/www.radiopiu.net\/wordpress\/wp-content\/uploads\/2024\/02\/PXL_20240213_190722213.MP2_-1536x1231.jpg 1536w, https:\/\/www.radiopiu.net\/wordpress\/wp-content\/uploads\/2024\/02\/PXL_20240213_190722213.MP2_-2048x1641.jpg 2048w\" sizes=\"auto, (max-width: 178px) 100vw, 178px\" \/><\/a>BORGO VALBELLUNA<\/strong> Al Comune di Borgo Valbelluna \u00e8 stato rinnovato per altri tre anni il marchio di Bandiera Arancione del Touring Club Italiano, che riconosce la qualit\u00e0 del turismo locale. Attualmente, solo due comuni in provincia di Belluno, Borgo Valbelluna e Rocca Pietore, vantano questa prestigiosa bandiera su un totale di 281 in tutto il paese. Il rinnovo \u00e8 stato confermato grazie ai validi attrattori storico-culturali, al contesto ambientale di pregio, al calendario di appuntamenti ricco e variegato, alla valorizzazione di prodotti tipici e all&#8217;impegno nella tutela ambientale. La crescita di strutture ricettive, posti letto e presenze turistiche ha contribuito al successo del territorio. La Bandiera Arancione offre al Comune di Borgo Valbelluna opportunit\u00e0 di promozione e partecipazione a eventi prestigiosi.<\/p>\n<p>&nbsp;<\/p>\n<p>&nbsp;<\/p>\n<hr \/>\n<p>&nbsp;<\/p>\n<blockquote>\n<h3>IL VESES FESTEGGIA I 25 ANNI CON DUE PUBBLICAZIONI<\/h3>\n<\/blockquote>\n<p><strong><a class=\"dt-pswp-item\" href=\"https:\/\/www.radiopiu.net\/wordpress\/wp-content\/uploads\/2024\/02\/parte-del-direttivo.jpg\" data-dt-img-description=\"\" data-large_image_width=\"1080\" data-large_image_height=\"810\"><img loading=\"lazy\" decoding=\"async\" class=\" wp-image-374398 alignleft\" src=\"https:\/\/www.radiopiu.net\/wordpress\/wp-content\/uploads\/2024\/02\/parte-del-direttivo-300x225.jpg\" alt=\"\" width=\"155\" height=\"116\" srcset=\"https:\/\/www.radiopiu.net\/wordpress\/wp-content\/uploads\/2024\/02\/parte-del-direttivo-300x225.jpg 300w, https:\/\/www.radiopiu.net\/wordpress\/wp-content\/uploads\/2024\/02\/parte-del-direttivo-1024x768.jpg 1024w, https:\/\/www.radiopiu.net\/wordpress\/wp-content\/uploads\/2024\/02\/parte-del-direttivo-768x576.jpg 768w, https:\/\/www.radiopiu.net\/wordpress\/wp-content\/uploads\/2024\/02\/parte-del-direttivo.jpg 1080w\" sizes=\"auto, (max-width: 155px) 100vw, 155px\" \/><\/a>SANTA GIUSTINA<\/strong> Il mensile &#8220;Il Veses&#8221; dell&#8217;Associazione culturale Veses Aps, festeggiando i 25 anni, presenta nuove collaborazioni e proposte editoriali. Il libro &#8220;Sapori della Valbelluna&#8221; con 60 ricette locali sar\u00e0 lanciato, celebrando la cucina bellunese. In primavera, in collaborazione con FIAB Belluno, verr\u00e0 pubblicata una raccolta di oltre 40 percorsi ciclabili nella Valbelluna. Il logo del mensile \u00e8 stato rinnovato, riflettendo una grafica moderna e includendo il marchio &#8220;Valbelluna&#8221;. Gli argomenti mensili abbracceranno varie tematiche legate all&#8217;attualit\u00e0. Nuove collaborazioni includono una serie a fumetti di Alberto Levis e dipinti esclusivi di Silvia De Bastiani.<\/p>\n<p>&nbsp;<\/p>\n<p>&nbsp;<\/p>\n<hr \/>\n<p>&nbsp;<\/p>\n<blockquote>\n<h2><a class=\"dt-pswp-item\" href=\"https:\/\/www.radiopiu.net\/wordpress\/wp-content\/uploads\/2024\/02\/foto-di-gruppo-1-scaled.jpg\" data-dt-img-description=\"\" data-large_image_width=\"2560\" data-large_image_height=\"1928\"><img loading=\"lazy\" decoding=\"async\" class=\"size-medium wp-image-374461 alignleft\" src=\"https:\/\/www.radiopiu.net\/wordpress\/wp-content\/uploads\/2024\/02\/foto-di-gruppo-1-300x226.jpg\" alt=\"\" width=\"300\" height=\"226\" srcset=\"https:\/\/www.radiopiu.net\/wordpress\/wp-content\/uploads\/2024\/02\/foto-di-gruppo-1-300x226.jpg 300w, https:\/\/www.radiopiu.net\/wordpress\/wp-content\/uploads\/2024\/02\/foto-di-gruppo-1-1024x771.jpg 1024w, https:\/\/www.radiopiu.net\/wordpress\/wp-content\/uploads\/2024\/02\/foto-di-gruppo-1-768x578.jpg 768w, https:\/\/www.radiopiu.net\/wordpress\/wp-content\/uploads\/2024\/02\/foto-di-gruppo-1-1536x1157.jpg 1536w, https:\/\/www.radiopiu.net\/wordpress\/wp-content\/uploads\/2024\/02\/foto-di-gruppo-1-2048x1542.jpg 2048w\" sizes=\"auto, (max-width: 300px) 100vw, 300px\" \/><\/a>CONSIGLI PASTORALI, OCCASIONE DI SCAMBIO E RECIPROCA CONOSCENZA<\/h2>\n<\/blockquote>\n<p>&nbsp;<\/p>\n<p><strong>AGORDO<\/strong><\/p>\n<p><strong>DI GIANNI SANTOMASO<\/strong><\/p>\n<p>&nbsp;<\/p>\n<audio class=\"wp-audio-shortcode\" id=\"audio-374368-9\" preload=\"none\" style=\"width: 100%;\" controls=\"controls\"><source type=\"audio\/mpeg\" src=\"https:\/\/www.radiopiu.net\/wordpress\/wp-content\/uploads\/2024\/02\/CONSIGLI-PASTORALI.mp3?_=9\" \/><a href=\"https:\/\/www.radiopiu.net\/wordpress\/wp-content\/uploads\/2024\/02\/CONSIGLI-PASTORALI.mp3\">https:\/\/www.radiopiu.net\/wordpress\/wp-content\/uploads\/2024\/02\/CONSIGLI-PASTORALI.mp3<\/a><\/audio>\n<p>&nbsp;<\/p>\n<p>&nbsp;<\/p>\n<hr \/>\n<p>&nbsp;<\/p>\n<p>&nbsp;<\/p>\n<blockquote>\n<h3><a class=\"dt-pswp-item\" href=\"https:\/\/www.radiopiu.net\/wordpress\/wp-content\/uploads\/2020\/12\/CGIL.jpg\" data-dt-img-description=\"\" data-large_image_width=\"512\" data-large_image_height=\"285\"><img loading=\"lazy\" decoding=\"async\" class=\"wp-image-180372 alignleft\" src=\"https:\/\/www.radiopiu.net\/wordpress\/wp-content\/uploads\/2020\/12\/CGIL-300x167.jpg\" alt=\"\" width=\"189\" height=\"105\" srcset=\"https:\/\/www.radiopiu.net\/wordpress\/wp-content\/uploads\/2020\/12\/CGIL-300x167.jpg 300w, https:\/\/www.radiopiu.net\/wordpress\/wp-content\/uploads\/2020\/12\/CGIL.jpg 512w\" sizes=\"auto, (max-width: 189px) 100vw, 189px\" \/><\/a>SODDISFAZIONI SINDACALI<\/h3>\n<\/blockquote>\n<p><strong>BELLUNO<\/strong> La Camera del Lavoro e la FILLEA CGIL di Belluno sono soddisfatte del confronto con il Prefetto Mariano Savastano sulla sicurezza dei lavoratori impegnati nella costruzione della nuova pista da bob. Pur apprezzando l&#8217;indagine sulla presenza di ordigni bellici, chiedono garanzie aggiuntive sulla sicurezza dei lavoratori. Vogliono verificare chi condurr\u00e0 l&#8217;indagine, le responsabilit\u00e0, i dettagli dell&#8217;esecuzione e il valore dell&#8217;indagine per la sicurezza. Chiedono accesso al verbale dell&#8217;indagine per garantire la sicurezza dei lavoratori.<\/p>\n<p>&nbsp;<\/p>\n<hr \/>\n<p>&nbsp;<\/p>\n<p>&nbsp;<\/p>\n<blockquote>\n<h2><img loading=\"lazy\" decoding=\"async\" class=\"alignleft\" src=\"https:\/\/www.radiopiu.net\/wordpress\/wp-content\/uploads\/2024\/02\/07fc22f8-7d4b-49b6-a2a8-177b18f3f39f.jpg\" width=\"237\" height=\"133\" \/>DOPO SANREMO GLI ERMELLINI OLIMPICI PARTONO PER LA TOURNEE&#8217;<\/h2>\n<\/blockquote>\n<p><strong>CORTINA<\/strong><\/p>\n<p><strong>DI BARBARA PAOLAZZI PER LE TRE RADIO<\/strong><\/p>\n<audio class=\"wp-audio-shortcode\" id=\"audio-374368-10\" preload=\"none\" style=\"width: 100%;\" controls=\"controls\"><source type=\"audio\/mpeg\" src=\"https:\/\/www.radiopiu.net\/wordpress\/wp-content\/uploads\/2024\/02\/BARBARA-ORTINA.mp3?_=10\" \/><a href=\"https:\/\/www.radiopiu.net\/wordpress\/wp-content\/uploads\/2024\/02\/BARBARA-ORTINA.mp3\">https:\/\/www.radiopiu.net\/wordpress\/wp-content\/uploads\/2024\/02\/BARBARA-ORTINA.mp3<\/a><\/audio>\n<p>&nbsp;<\/p>\n<p>&nbsp;<\/p>\n<hr \/>\n<blockquote>\n<h3><\/h3>\n<h3>UN GIOVED\u00ec GRASSO ORIGINALE<\/h3>\n<\/blockquote>\n<p><strong>FELTRE<\/strong> Gioved\u00ec 8 febbraio 2024, gli alunni della scuola primaria di Villabruna hanno vissuto una giornata dedicata al sorriso. Al mattino, hanno assistito a uno spettacolo teatrale sulla generosit\u00e0 presentato dai volontari dell&#8217;associazione Dottor Clown. Il messaggio principale era di donare tempo e sorrisi senza aspettarsi subito un riconoscimento. Nel pomeriggio, la scolaresca ha sfilato in maschera per diffondere allegria per le strade del paese, seguita da un momento conviviale con i bambini della scuola dell&#8217;infanzia. La giornata ha promosso il sorriso come forza contro la tristezza, educando alla gentilezza e alla solidariet\u00e0.<\/p>\n\n\t\t\t<style type='text\/css'>\n\t\t\t\t#gallery-1 {\n\t\t\t\t\tmargin: auto;\n\t\t\t\t}\n\t\t\t\t#gallery-1 .gallery-item {\n\t\t\t\t\tfloat: left;\n\t\t\t\t\tmargin-top: 10px;\n\t\t\t\t\ttext-align: center;\n\t\t\t\t\twidth: 50%;\n\t\t\t\t}\n\t\t\t\t#gallery-1 img {\n\t\t\t\t\tborder: 2px solid #cfcfcf;\n\t\t\t\t}\n\t\t\t\t#gallery-1 .gallery-caption {\n\t\t\t\t\tmargin-left: 0;\n\t\t\t\t}\n\t\t\t\t\/* see gallery_shortcode() in wp-includes\/media.php *\/\n\t\t\t<\/style>\n\t\t<div id='gallery-1' class='dt-gallery-container gallery galleryid-374368 gallery-columns-2 gallery-size-thumbnail'><dl class='gallery-item'>\n\t\t\t\t<dt class='gallery-icon landscape'>\n\t\t\t\t\t<a class=\"rollover rollover-zoom dt-pswp-item\" title=\"Senza titolo\" data-dt-img-description=\"\" data-large_image_width=\"699\" data-large_image_height=\"296\"href='https:\/\/www.radiopiu.net\/wordpress\/wp-content\/uploads\/2024\/02\/Senza-titolo.jpg'><img loading=\"lazy\" decoding=\"async\" width=\"150\" height=\"150\" src=\"https:\/\/www.radiopiu.net\/wordpress\/wp-content\/uploads\/2024\/02\/Senza-titolo-150x150.jpg\" class=\"attachment-thumbnail size-thumbnail\" alt=\"\" \/><\/a>\n\t\t\t\t<\/dt><\/dl><dl class='gallery-item'>\n\t\t\t\t<dt class='gallery-icon landscape'>\n\t\t\t\t\t<a class=\"rollover rollover-zoom dt-pswp-item\" title=\"Senza titolo 1\" data-dt-img-description=\"\" data-large_image_width=\"736\" data-large_image_height=\"550\"href='https:\/\/www.radiopiu.net\/wordpress\/wp-content\/uploads\/2024\/02\/Senza-titolo-1.jpg'><img loading=\"lazy\" decoding=\"async\" width=\"150\" height=\"150\" src=\"https:\/\/www.radiopiu.net\/wordpress\/wp-content\/uploads\/2024\/02\/Senza-titolo-1-150x150.jpg\" class=\"attachment-thumbnail size-thumbnail\" alt=\"\" \/><\/a>\n\t\t\t\t<\/dt><\/dl><br style=\"clear: both\" \/>\n\t\t\t<\/div>\n\n<p>&nbsp;<\/p>\n<hr \/>\n<p>&nbsp;<\/p>\n<p>&nbsp;<\/p>\n<blockquote>\n<h3>CENTRO INVASO DALLE MASCHERE NELL&#8217;ULTIMO GIORNO DI CARNEVALE<\/h3>\n<\/blockquote>\n<p><strong>FELTRE\u00a0<\/strong> In centro l&#8217;animata celebrazione di carnevale, con spettacoli, laboratori, balli e esibizioni di magia. Le famiglie sono state le protagoniste, con un programma pensato appositamente per i bambini.\u00a0 l&#8217;attrattivit\u00e0 della citt\u00e0 attraverso la collaborazione con operatori commerciali e associazioni locali.<\/p>\n<p>&nbsp;<\/p>\n<p><strong>IL SINDACO VIVIANA FUSARO<\/strong><\/p>\n<audio class=\"wp-audio-shortcode\" id=\"audio-374368-11\" preload=\"none\" style=\"width: 100%;\" controls=\"controls\"><source type=\"audio\/mpeg\" src=\"https:\/\/www.radiopiu.net\/wordpress\/wp-content\/uploads\/2024\/02\/Audio-sindaco-Fusaro-su-carnevale-a-Feltre.mp3?_=11\" \/><a href=\"https:\/\/www.radiopiu.net\/wordpress\/wp-content\/uploads\/2024\/02\/Audio-sindaco-Fusaro-su-carnevale-a-Feltre.mp3\">https:\/\/www.radiopiu.net\/wordpress\/wp-content\/uploads\/2024\/02\/Audio-sindaco-Fusaro-su-carnevale-a-Feltre.mp3<\/a><\/audio>\n<p><strong>L&#8217;ASSESSORE FLAVIA COLLE<\/strong><\/p>\n<audio class=\"wp-audio-shortcode\" id=\"audio-374368-12\" preload=\"none\" style=\"width: 100%;\" controls=\"controls\"><source type=\"audio\/mpeg\" src=\"https:\/\/www.radiopiu.net\/wordpress\/wp-content\/uploads\/2024\/02\/Audio-Ass.-Colle-su-carnevale-a-Feltre-2024.mp3?_=12\" \/><a href=\"https:\/\/www.radiopiu.net\/wordpress\/wp-content\/uploads\/2024\/02\/Audio-Ass.-Colle-su-carnevale-a-Feltre-2024.mp3\">https:\/\/www.radiopiu.net\/wordpress\/wp-content\/uploads\/2024\/02\/Audio-Ass.-Colle-su-carnevale-a-Feltre-2024.mp3<\/a><\/audio>\n<p>&nbsp;<\/p>\n\n\t\t\t<style type='text\/css'>\n\t\t\t\t#gallery-2 {\n\t\t\t\t\tmargin: auto;\n\t\t\t\t}\n\t\t\t\t#gallery-2 .gallery-item {\n\t\t\t\t\tfloat: left;\n\t\t\t\t\tmargin-top: 10px;\n\t\t\t\t\ttext-align: center;\n\t\t\t\t\twidth: 33%;\n\t\t\t\t}\n\t\t\t\t#gallery-2 img {\n\t\t\t\t\tborder: 2px solid #cfcfcf;\n\t\t\t\t}\n\t\t\t\t#gallery-2 .gallery-caption {\n\t\t\t\t\tmargin-left: 0;\n\t\t\t\t}\n\t\t\t\t\/* see gallery_shortcode() in wp-includes\/media.php *\/\n\t\t\t<\/style>\n\t\t<div id='gallery-2' class='dt-gallery-container gallery galleryid-374368 gallery-columns-3 gallery-size-thumbnail'><dl class='gallery-item'>\n\t\t\t\t<dt class='gallery-icon landscape'>\n\t\t\t\t\t<a class=\"rollover rollover-zoom dt-pswp-item\" title=\"hq24jemv\" data-dt-img-description=\"\" data-large_image_width=\"1920\" data-large_image_height=\"1080\"href='https:\/\/www.radiopiu.net\/wordpress\/wp-content\/uploads\/2024\/02\/hq24jemv.bmp'><img loading=\"lazy\" decoding=\"async\" width=\"150\" height=\"84\" src=\"https:\/\/www.radiopiu.net\/wordpress\/wp-content\/uploads\/2024\/02\/hq24jemv.bmp\" class=\"attachment-thumbnail size-thumbnail\" alt=\"\" \/><\/a>\n\t\t\t\t<\/dt><\/dl><dl class='gallery-item'>\n\t\t\t\t<dt class='gallery-icon landscape'>\n\t\t\t\t\t<a class=\"rollover rollover-zoom dt-pswp-item\" title=\"2gss68yg\" data-dt-img-description=\"\" data-large_image_width=\"1920\" data-large_image_height=\"1080\"href='https:\/\/www.radiopiu.net\/wordpress\/wp-content\/uploads\/2024\/02\/2gss68yg.bmp'><img loading=\"lazy\" decoding=\"async\" width=\"150\" height=\"84\" src=\"https:\/\/www.radiopiu.net\/wordpress\/wp-content\/uploads\/2024\/02\/2gss68yg.bmp\" class=\"attachment-thumbnail size-thumbnail\" alt=\"\" \/><\/a>\n\t\t\t\t<\/dt><\/dl><dl class='gallery-item'>\n\t\t\t\t<dt class='gallery-icon landscape'>\n\t\t\t\t\t<a class=\"rollover rollover-zoom dt-pswp-item\" title=\"kpomq7ej\" data-dt-img-description=\"\" data-large_image_width=\"1920\" data-large_image_height=\"1080\"href='https:\/\/www.radiopiu.net\/wordpress\/wp-content\/uploads\/2024\/02\/kpomq7ej.bmp'><img loading=\"lazy\" decoding=\"async\" width=\"150\" height=\"84\" src=\"https:\/\/www.radiopiu.net\/wordpress\/wp-content\/uploads\/2024\/02\/kpomq7ej.bmp\" class=\"attachment-thumbnail size-thumbnail\" alt=\"\" \/><\/a>\n\t\t\t\t<\/dt><\/dl><br style=\"clear: both\" \/>\n\t\t\t<\/div>\n\n<blockquote>\n<h3><\/h3>\n<hr \/>\n<h3><\/h3>\n<p><strong>LA GIUDIZIARIA IN SINTESI DALLE PAGINE DEL CORRIERE DELLE ALPI<\/strong><\/p>\n<p><strong>DI GIGI SOSSO\u00a0<\/strong><\/p><\/blockquote>\n<div class=\"articlePlainTitle\">\n<p><strong>Botte con mattone e catena al testimone: due condanne<\/strong> Una spedizione punitiva contro un testimone dello spaccio di cocaina al bar Sport di Sois ha portato a una condanna di cinque mesi per Roberto Dal Borgo e un anno e quattro mesi per William Wiesner, entrambi con sconto previsto dall&#8217;abbreviato. Entrambi pagheranno 7 mila euro di danni a fronte dei 22 mila richiesti dalla parte civile. Nenad Markovic \u00e8 stato rinviato a giudizio mentre Giovanni Marrone sta concordando un patteggiamento. L&#8217;aggressione avvenne il 23 dicembre 2020. Il pubblico ministero aveva chiesto condanne pi\u00f9 pesanti. Il processo a Markovic \u00e8 previsto per l&#8217;11 aprile.<\/p>\n<\/div>\n<div class=\"addthis_sharing_toolbox\" data-url=\"http:\/\/sfoglio.corrierealpi.gelocal.it\/share_article.php?article_id=13684340\" data-title=\"Botte con mattone e catena al testimone: due condanne\">\n<div id=\"articleContent\" class=\"mercuryWrapper\">\n<div class=\"mercuryScroller\">\n<div class=\"mercuryElement\">\n<div class=\"mercuryBox\">\n<div id=\"articlePlain\">\n<div class=\"articlePlainTitle\"><strong>Dominguez e Sanchez al gup: \u00abNon abbiamo ucciso Costa\u00bb <\/strong>La Procura chiede il processo per Dominguez e Sanchez per l&#8217;uccisione di Antonio Costa, mentre i difensori chiedono il non luogo a procedere. Potrebbe essere concesso agli imputati il passaggio agli arresti domiciliari con braccialetto elettronico e permesso di lavoro. La decisione del giudice Scolozzi verr\u00e0 resa nota il 23 febbraio. La difesa ha una ricostruzione alternativa basata su consulenze. La prossima udienza \u00e8 fissata per il 23 febbraio.<\/div>\n<div><\/div>\n<div>\n<div class=\"articlePlainTitle\"><strong>Donato quasi mezzo milione per un posto in casa di riposo <\/strong>Il processo ai vertici della societ\u00e0 gestrice della casa di riposo San Vincenzo a Colmirano ha preso avvio a Treviso, con Emanuele Auletta e Maria Iavazzo accusati di circonvenzione d&#8217;incapace e autoriciclaggio. L&#8217;accusa si basa su una donazione &#8220;modale&#8221; fatta da un&#8217;anziana bellunese alla struttura in cambio del mantenimento. L&#8217;indagine, inizialmente avviata a Belluno, risale alla segnalazione di transazioni sospette da parte di Bankitalia (marco filippi)<\/div>\n<\/div>\n<\/div>\n<\/div>\n<\/div>\n<\/div>\n<\/div>\n<\/div>\n<div class=\"articlePlainText\"><\/div>\n<div><strong>Graziato il ladro di biciclette<\/strong> Rimase a piedi e decise di rubare una bicicletta a Cencenighe per spostarsi a Taibon, tutto ripreso da una telecamera. Il ventenne agordino \u00e8 stato ripreso e portato in tribunale per furto in abitazione.\u00a0 Il giudice Luca Berletti ha effettivamente prosciolto l&#8217;imputato con la formula del fatto di lieve entit\u00e0.<\/div>\n<div><\/div>\n<div>\n<div class=\"articlePlainTitle\"><strong>Rubarono profumi per tremila euro <\/strong>Una coppia rumena\u00a0 a processo. Il furto \u00e8 avvenuto il 1 luglio 2021, durante il quale il marito ha nascosto sette confezioni mentre la moglie distraeva la commessa. Le immagini delle telecamere di sorveglianza li hanno identifica. Il processo \u00e8 in corso e la sentenza \u00e8 prevista per il 14 maggio.<\/div>\n<\/div>\n<div><\/div>\n<div><\/div>\n<div>\n<hr \/>\n<\/div>\n<div><\/div>\n<blockquote>\n<h3><a class=\"dt-pswp-item\" href=\"https:\/\/www.radiopiu.net\/wordpress\/wp-content\/uploads\/2024\/02\/download-1.jpg\" data-dt-img-description=\"\" data-large_image_width=\"600\" data-large_image_height=\"750\"><img loading=\"lazy\" decoding=\"async\" class=\"size-medium wp-image-374522 aligncenter\" src=\"https:\/\/www.radiopiu.net\/wordpress\/wp-content\/uploads\/2024\/02\/download-1-240x300.jpg\" alt=\"\" width=\"240\" height=\"300\" srcset=\"https:\/\/www.radiopiu.net\/wordpress\/wp-content\/uploads\/2024\/02\/download-1-240x300.jpg 240w, https:\/\/www.radiopiu.net\/wordpress\/wp-content\/uploads\/2024\/02\/download-1.jpg 600w\" sizes=\"auto, (max-width: 240px) 100vw, 240px\" \/><\/a><\/h3>\n<\/blockquote>\n<hr \/>\n<p>&nbsp;<\/p>\n<p>&nbsp;<\/p>\n<blockquote>\n<h3>100 ANNI DI CASA DEL SOLE E ARRIVA IL VESCOVO<\/h3>\n<\/blockquote>\n<p><strong><a class=\"dt-pswp-item\" href=\"https:\/\/www.radiopiu.net\/wordpress\/wp-content\/uploads\/2024\/02\/I_160_anni_della_Casa_del_sole.jpg\" data-dt-img-description=\"\" data-large_image_width=\"1600\" data-large_image_height=\"1200\"><img loading=\"lazy\" decoding=\"async\" class=\"wp-image-374433 alignleft\" src=\"https:\/\/www.radiopiu.net\/wordpress\/wp-content\/uploads\/2024\/02\/I_160_anni_della_Casa_del_sole-300x225.jpg\" alt=\"\" width=\"197\" height=\"148\" srcset=\"https:\/\/www.radiopiu.net\/wordpress\/wp-content\/uploads\/2024\/02\/I_160_anni_della_Casa_del_sole-300x225.jpg 300w, https:\/\/www.radiopiu.net\/wordpress\/wp-content\/uploads\/2024\/02\/I_160_anni_della_Casa_del_sole-1024x768.jpg 1024w, https:\/\/www.radiopiu.net\/wordpress\/wp-content\/uploads\/2024\/02\/I_160_anni_della_Casa_del_sole-768x576.jpg 768w, https:\/\/www.radiopiu.net\/wordpress\/wp-content\/uploads\/2024\/02\/I_160_anni_della_Casa_del_sole-1536x1152.jpg 1536w, https:\/\/www.radiopiu.net\/wordpress\/wp-content\/uploads\/2024\/02\/I_160_anni_della_Casa_del_sole.jpg 1600w\" sizes=\"auto, (max-width: 197px) 100vw, 197px\" \/><\/a>PONTE NELLE ALPI<\/strong> La Casa di Riposo di Ponte nelle Alpi, celebra i suoi 160 anni con la visita del Vescovo Marangoni e una\u00a0 messa nel centro diurno. Fondata nel 1864, ha avuto ruolo socio-sanitario cruciale, accogliendo anche illustri visitatori come De Gasperi e Rita Levi Montalcini. Oggi offre servizi sociali a 60 ospiti non autosufficienti, con centro diurno e assistenza domiciliare. \u00c8 un punto di eccellenza nell&#8217;assistenza agli anziani. L&#8217;amministrazione comunale progetta la &#8220;Cittadella dei Servizi&#8221; con la Provincia, mirando alla riqualificazione delle strutture esistenti. Il Vescovo ha espresso vicinanza agli ospiti e incoraggiamento per la loro missione.<\/p>\n<p>&nbsp;<\/p>\n<p>&nbsp;<\/p>\n<hr \/>\n<p>&nbsp;<\/p>\n<p>&nbsp;<\/p>\n<p align=\"JUSTIFY\"><span style=\"font-family: Times New Roman, serif;\"><span style=\"font-size: medium;\"><b>RINNOVATO IL MARCHIO DI BANDIERA ARANCIONE DEL TOURING CLUB ITALIANO AL COMUNE DI BORGO VALBELLUNA<\/b><\/span><\/span><\/p>\n<p align=\"JUSTIFY\"><span style=\"font-family: Times New Roman, serif;\"><span style=\"font-size: medium;\"><a href=\"https:\/\/www.radiopiu.net\/wordpress\/wp-content\/uploads\/2024\/02\/jk7mcuxv.bmp\"><img loading=\"lazy\" decoding=\"async\" class=\"wp-image-374524 alignleft\" src=\"https:\/\/www.radiopiu.net\/wordpress\/wp-content\/uploads\/2024\/02\/jk7mcuxv.bmp\" alt=\"\" width=\"256\" height=\"205\" \/><\/a>E\u2019 stata rinnovato per altri tre anni il marchio di Bandiera Arancione del Touring Club Italiano al Comune di Borgo Valbelluna. <\/span><\/span><span style=\"font-family: Times New Roman, serif;\"><span style=\"font-size: medium;\">Sono 281 le Bandiere Arancioni attualmente presenti nel territorio nazionale (2 in Provincia di Belluno, Borgo Valbelluna e Rocca Pietore) l\u20198% delle oltre 3.500 candidature analizzate da Touring Club Italiano negli ultimi 25 anni <\/span><\/span><\/p>\n<blockquote>\n<p align=\"JUSTIFY\">\u201c<span style=\"font-family: Times New Roman, serif;\"><span style=\"font-size: medium;\">Questo dato ci testimonia ancor di pi\u00f9 la validit\u00e0 e le peculiarit\u00e0 del nostro territorio e della nostra offerta turistica\u201d commenta Simone Deola, assessore al Turismo del Comune di Borgo Valbelluna \u201cAbbiamo compilato la numerosa e dettagliata documentazione ufficiale lo scorso novembre e abbiamo potuta confrontarla con quella del triennio precedente evidenziato numeri in crescita e positivi in ogni indicatore\u201d<\/span><\/span><\/p>\n<\/blockquote>\n<p>&nbsp;<\/p>\n<p>&nbsp;<\/p>\n<hr \/>\n<p>&nbsp;<\/p>\n<p><strong><a class=\"dt-pswp-item\" href=\"https:\/\/www.radiopiu.net\/wordpress\/wp-content\/uploads\/2024\/01\/Senza-nome-34.png\" data-dt-img-description=\"\" data-large_image_width=\"239\" data-large_image_height=\"153\"><img loading=\"lazy\" decoding=\"async\" class=\"wp-image-369478 alignleft\" src=\"https:\/\/www.radiopiu.net\/wordpress\/wp-content\/uploads\/2024\/01\/Senza-nome-34.png\" alt=\"\" width=\"128\" height=\"82\" \/><\/a> <\/strong><\/p>\n<p><strong>\u00a0<\/strong><\/p>\n<p><strong>dal TG BELLUNESE di\u00a0 ANTENNA 3 ogni sera alle 19.30 sul canale 10 del digitale terrestre e alle 19 le anticipazioni alla radio.\u00a0\u00a0<\/strong><\/p>\n<p>&nbsp;<\/p>\n<p>&nbsp;<\/p>\n<blockquote>\n<h3 class=\"_title post-title entry-title\">PARITA\u2019 DI GENERE E SPORT, SOROPTIMIST E ASSIST SIGLANO LA \u2018CARTA ETICA\u2019<\/h3>\n<\/blockquote>\n<p>Intervistati ADRIANA MACCHI (PRESIDENTE SOROPTIMIST INTERNATIONAL ITALIA), LUISA RIZZITELLI (PRESIDENTE ASSIST ASSOCIAZIONE NAZIONALE ATLETE), STEFANO LONGO (PRESIDENTE FONDAZIONE CORTINA) (Servizio di\u00a0<a href=\"https:\/\/antennatre.medianordest.it\/redazione\/Tiziana-Bolognani\/\">Tiziana Bolognani<\/a>)<\/p>\n<p>&nbsp;<\/p>\n<p><iframe loading=\"lazy\" title=\"PARITA&#039; DI GENERE E SPORT, SOROPTIMIST E ASSIST SIGLANO LA &#039;CARTA ETICA&#039; | 13\/02\/2024\" width=\"1200\" height=\"675\" src=\"https:\/\/www.youtube.com\/embed\/NCOaz6D98G4?feature=oembed\" frameborder=\"0\" allow=\"accelerometer; autoplay; clipboard-write; encrypted-media; gyroscope; picture-in-picture; web-share\" allowfullscreen><\/iframe><\/p>\n<blockquote>\n<h3 class=\"_title post-title entry-title\">BELLUNO UPGRADE\u2019, NUOVO STEP DI RIGENERAZIONE DELLO SPAZIO EX<\/h3>\n<\/blockquote>\n<p>Intervistati LABROS MANGHERAS (TIB TEATRO), LORENZO BOGO (CASA DEI BENI COMUNI), RAJEEV BADHAN (SLOW MACHINE) (Servizio di\u00a0<a href=\"https:\/\/antennatre.medianordest.it\/redazione\/Tiziana-Bolognani\/\">Tiziana Bolognani<\/a>)<\/p>\n<p><iframe loading=\"lazy\" title=\"&#039;BELLUNO UPGRADE&#039;, NUOVO STEP DI RIGENERAZIONE DELLO SPAZIO EX | 13\/02\/2024\" width=\"1200\" height=\"675\" src=\"https:\/\/www.youtube.com\/embed\/8ERswQExb7c?feature=oembed\" frameborder=\"0\" allow=\"accelerometer; autoplay; clipboard-write; encrypted-media; gyroscope; picture-in-picture; web-share\" allowfullscreen><\/iframe><\/p>\n<p>&nbsp;<\/p>\n<p>&nbsp;<\/p>\n<hr \/>\n<p>&nbsp;<\/p>\n<blockquote>\n<h3>I PROBLEMI DEL MERCATO TUTELATO, OGGI ALLE 10 IN SALA DELLA BIBLIOTECA<\/h3>\n<\/blockquote>\n<p><strong><a href=\"https:\/\/www.radiopiu.net\/wordpress\/giornale-radiopiu-06-febbraio-2019-direttore-mirko-mezzacasa\/logo_spi-cgil-800x445\/\" rel=\"attachment wp-att-75538\"><img loading=\"lazy\" decoding=\"async\" class=\" wp-image-75538 alignleft\" src=\"https:\/\/www.radiopiu.net\/wordpress\/wp-content\/uploads\/2019\/02\/Logo_Spi-CGIL-800x445-300x167.jpg\" alt=\"\" width=\"228\" height=\"127\" srcset=\"https:\/\/www.radiopiu.net\/wordpress\/wp-content\/uploads\/2019\/02\/Logo_Spi-CGIL-800x445-300x167.jpg 300w, https:\/\/www.radiopiu.net\/wordpress\/wp-content\/uploads\/2019\/02\/Logo_Spi-CGIL-800x445-768x427.jpg 768w, https:\/\/www.radiopiu.net\/wordpress\/wp-content\/uploads\/2019\/02\/Logo_Spi-CGIL-800x445.jpg 800w\" sizes=\"auto, (max-width: 228px) 100vw, 228px\" \/><\/a>AGORDO<\/strong>\u00a0 Da giorni parliamo della tematica con la collaborazione di Maria Rita Gentil, segretaria dello Spi Cgil Belluno che stamane alle 10 sar\u00e0 ad Agordo, sala della biblioteca di via 27 aprile.<\/p>\n<p><strong>DALLO SPECIALE SPI CGIL, MARIA RITA GENTILIN<\/strong><\/p>\n<p><strong>DI MIRKO MEZZACASA<\/strong><\/p>\n<audio class=\"wp-audio-shortcode\" id=\"audio-374368-13\" preload=\"none\" style=\"width: 100%;\" controls=\"controls\"><source type=\"audio\/mpeg\" src=\"https:\/\/www.radiopiu.net\/wordpress\/wp-content\/uploads\/2024\/02\/MARIA-RITA-FLASH.mp3?_=13\" \/><a href=\"https:\/\/www.radiopiu.net\/wordpress\/wp-content\/uploads\/2024\/02\/MARIA-RITA-FLASH.mp3\">https:\/\/www.radiopiu.net\/wordpress\/wp-content\/uploads\/2024\/02\/MARIA-RITA-FLASH.mp3<\/a><\/audio>\n<p>&nbsp;<\/p>\n<p>&nbsp;<\/p>\n<p>&nbsp;<\/p>\n<hr \/>\n<blockquote>\n<h3><\/h3>\n<h3>CONSIGLI COMUNALI<\/h3>\n<\/blockquote>\n<p><strong>SELVA DI CADORE<\/strong> Il sindaco Luca Lorenzini ha convocato i consiglieri per domani alle 18.30, all&#8217;ordine del giorno verifica delle aree e fabbricati da destinare a residenza, attivit\u00e0 produttive e terziarie che potranno essere cedute in diritto di propriet\u00e0 o superficie; approvazione documento unico di programmazione.<\/p>\n<p><strong>ROCCA PIETORE<\/strong> consiglio comunale alle 18 di domani, all&#8217;ordine del giorno il programma triennale per il conferimento degli incarichi di collaborazione autonoma<\/p>\n<p><strong>AGORDO<\/strong> Il sindaco Roberto Chissal\u00e8 ha convocato i consiglieri comunali per lunedi alle 19. 5 punti all&#8217;ordine del giorno: si discuter\u00e0 dell&#8217;aliquota IMU, IRPEF, el Documento Unico di Programmazione, il bilancio di previsione per gli esercizi 2024\/26 e il nuovo regolamento per disciplina delle attivit\u00e0 di acconciatore, estetista, tatuaggio e pearcing<\/p>\n<p>&nbsp;<\/p>\n<p>&nbsp;<\/p>\n<hr \/>\n<p>&nbsp;<\/p>\n<blockquote>\n<h3>LA CONVOCAZIONE DELLA CONFERENZA DEI SINDACI<\/h3>\n<\/blockquote>\n<p><strong>BELLUNO<\/strong> E&#8217; convocata per domani alle 16 nella sala convegni dell&#8217;Ospedale San Martino di Belluno la convocazione della conferenza dei sindaci. Un solo punto da discutere: le linee programmatiche per l&#8217;anno 2024<\/p>\n<p>&nbsp;<\/p>\n<p>&nbsp;<\/p>\n<hr \/>\n<p>&nbsp;<\/p>\n<blockquote>\n<h3>APPUNTAMENTI CON L&#8217;ASSOCIAZIONE DONATORI DI ORGANI<\/h3>\n<\/blockquote>\n<p><strong>BELLUNO<\/strong> L&#8217;Aido Belluno organizza tre eventi: il primo oggi alle 18 presso la casa funeraria Donadel a Belluno, dedicato alla donazione degli organi con relatori Carlo Cattaneo e Mirko Dalle Mulle. Il secondo, &#8220;Cammina con cuore&#8221;, si terr\u00e0 il 17 febbraio a Limana, una passeggiata lungo un percorso di 5 km per promuovere uno stile di vita sano. Il terzo evento si terr\u00e0 il 28 febbraio nuovamente alla casa funeraria Donadel, con approfondimenti sulla donazione degli organi. I contatti per informazioni sono al numero 336200212.<\/p>\n<p>&nbsp;<\/p>\n<p>&nbsp;<\/p>\n<hr \/>\n<p>&nbsp;<\/p>\n<blockquote>\n<h3>LE PAROLE DELL&#8217;AFFIDO<\/h3>\n<\/blockquote>\n<p><strong>AGORDO<\/strong> I\u00a0 Centri per l&#8217;affido e la solidariet\u00e0 familiare organizzano le letture animate del libro di Rita Charbonnier &#8220;Figlia del cuore&#8221;. Partecipa l&#8217;attore Michele Firpo, venerdi alle 18 alla libreria Quattr&#8217;occhi di Agordo<\/p>\n<p>&nbsp;<\/p>\n<hr \/>\n<p>&nbsp;<\/p>\n<blockquote>\n<blockquote>\n<h3>ASCA CERCA OPERATORI SOCIO SANITARI<\/h3>\n<\/blockquote>\n<\/blockquote>\n<p><strong><a class=\"dt-pswp-item\" href=\"https:\/\/www.radiopiu.net\/wordpress\/wp-content\/uploads\/2020\/04\/ASCA.png\" data-dt-img-description=\"\" data-large_image_width=\"1211\" data-large_image_height=\"668\"><img loading=\"lazy\" decoding=\"async\" class=\" wp-image-128881 alignleft\" src=\"https:\/\/www.radiopiu.net\/wordpress\/wp-content\/uploads\/2020\/04\/ASCA-300x165.png\" alt=\"\" width=\"157\" height=\"86\" srcset=\"https:\/\/www.radiopiu.net\/wordpress\/wp-content\/uploads\/2020\/04\/ASCA-300x165.png 300w, https:\/\/www.radiopiu.net\/wordpress\/wp-content\/uploads\/2020\/04\/ASCA-1024x565.png 1024w, https:\/\/www.radiopiu.net\/wordpress\/wp-content\/uploads\/2020\/04\/ASCA-768x424.png 768w, https:\/\/www.radiopiu.net\/wordpress\/wp-content\/uploads\/2020\/04\/ASCA.png 1211w\" sizes=\"auto, (max-width: 157px) 100vw, 157px\" \/><\/a>AGORDO<\/strong> L&#8217;A.S.C.A. ha pubblicato un avviso di selezione per creare una graduatoria di idoneit\u00e0 volta all&#8217;assunzione di Operatori Socio Sanitari (OSS) a tempo determinato e indeterminato, sia a tempo pieno che parziale, presso le sedi di Agordo, Taibon Agordino e i Comuni Agordini per il servizio domiciliare. Il contratto di riferimento \u00e8 regolato dal CCNL UNEBA, con un trattamento economico basato sul livello contrattuale 4S, incluso un superminimo di \u20ac2.502,39 lordi annui. Vengono offerti vantaggi quali l&#8217;accesso al Welfare Aziendale e la possibilit\u00e0 di sistemazione abitativa gratuita per 8 mesi, con eventuali costi per le utenze. Scadenza domande entro venerd\u00ec 23 febbraio alle 12.<\/p>\n<p>&nbsp;<\/p>\n<p>&nbsp;<\/p>\n<hr \/>\n<p>&nbsp;<\/p>\n<h2><span style=\"color: #ff6600;\">IERI ALLA RADIO<\/span><\/h2>\n<h2><span style=\"color: #808000;\">&#8220;DINTORN E FORA VIA&#8221;\u00a0 IL PROGRAMMA\u00a0 A CURA DEL MUSLA<\/span><\/h2>\n<p><strong><a class=\"dt-pswp-item\" href=\"https:\/\/www.radiopiu.net\/wordpress\/wp-content\/uploads\/2021\/02\/CASSISI-MUSLA.png\" data-dt-img-description=\"\" data-large_image_width=\"1468\" data-large_image_height=\"832\"><img loading=\"lazy\" decoding=\"async\" class=\" wp-image-191045 alignleft\" src=\"https:\/\/www.radiopiu.net\/wordpress\/wp-content\/uploads\/2021\/02\/CASSISI-MUSLA-300x170.png\" alt=\"\" width=\"168\" height=\"95\" srcset=\"https:\/\/www.radiopiu.net\/wordpress\/wp-content\/uploads\/2021\/02\/CASSISI-MUSLA-300x170.png 300w, https:\/\/www.radiopiu.net\/wordpress\/wp-content\/uploads\/2021\/02\/CASSISI-MUSLA-1024x580.png 1024w, https:\/\/www.radiopiu.net\/wordpress\/wp-content\/uploads\/2021\/02\/CASSISI-MUSLA-768x435.png 768w, https:\/\/www.radiopiu.net\/wordpress\/wp-content\/uploads\/2021\/02\/CASSISI-MUSLA.png 1468w\" sizes=\"auto, (max-width: 168px) 100vw, 168px\" \/><\/a>PUNTATA DEL 13 FEBBRAIO, NICOLA CASSISI<\/strong><\/p>\n<audio class=\"wp-audio-shortcode\" id=\"audio-374368-14\" preload=\"none\" style=\"width: 100%;\" controls=\"controls\"><source type=\"audio\/mpeg\" src=\"https:\/\/www.radiopiu.net\/wordpress\/wp-content\/uploads\/2024\/02\/MUSLA-5.mp3?_=14\" \/><a href=\"https:\/\/www.radiopiu.net\/wordpress\/wp-content\/uploads\/2024\/02\/MUSLA-5.mp3\">https:\/\/www.radiopiu.net\/wordpress\/wp-content\/uploads\/2024\/02\/MUSLA-5.mp3<\/a><\/audio>\n<p>&nbsp;<\/p>\n<h2><strong>LA RACCOLTA COMPLETA <a href=\"https:\/\/www.radiopiu.net\/wordpress\/musla\/\">CLICCA QUI<\/a><\/strong><\/h2>\n<p>&nbsp;<\/p>\n<hr \/>\n<p>&nbsp;<\/p>\n<h2><span style=\"color: #ff0000;\">I PROFESSIONISTI DEL POLIAMBULATORIO AGORDINO &#8211; IL DERMATOLOGO JACOPO BROZZI<\/span><\/h2>\n<p><a class=\"dt-pswp-item\" href=\"https:\/\/www.radiopiu.net\/wordpress\/wp-content\/uploads\/2024\/02\/JACOPO-BROZZI.png\" data-dt-img-description=\"\" data-large_image_width=\"510\" data-large_image_height=\"327\"><img loading=\"lazy\" decoding=\"async\" class=\" wp-image-374381 alignleft\" src=\"https:\/\/www.radiopiu.net\/wordpress\/wp-content\/uploads\/2024\/02\/JACOPO-BROZZI-300x192.png\" alt=\"\" width=\"180\" height=\"115\" srcset=\"https:\/\/www.radiopiu.net\/wordpress\/wp-content\/uploads\/2024\/02\/JACOPO-BROZZI-300x192.png 300w, https:\/\/www.radiopiu.net\/wordpress\/wp-content\/uploads\/2024\/02\/JACOPO-BROZZI.png 510w\" sizes=\"auto, (max-width: 180px) 100vw, 180px\" \/><\/a>Appuntamento con le interviste dal Poliambulatorio Agordino. Si parla di dermatologia con il Dott. Jacopo Brozzi. Laureato in Medicina e Chirurgia presso l&#8217;Universit\u00e0 di Perugia in data marzo 2014 e specializzato in Dermatologia e Venereologia presso l&#8217;Universit\u00e0 di Siena in data dicembre 2019. Oltre che nella nostra struttura, esercita anche in qualit\u00e0 di specialista ambulatoriale presso ULSS2 Marca Trevigiana distretto di Asolo. Precedentemente Dirigente Medico presso UOS Dermatologia dell&#8217;Ospedale di San Martino da gennaio 2021 a gennaio 2023. Le sue competenze si concentrano principalmente nel campo della dermatologia allergologica, dermopatologia clinica, dermatoscopia, oncodermatologia e chirurgia dermatologica. Membro di ADOI (Associazione Dermatologi Venereologi Ospedalieri Italiani) e SIDAPA (Societ\u00e0 Italiana di Dermatologia Allergologica e Professionale).<\/p>\n<p><strong>PUNTATA DEL 13 FEBBRAIO 2024 &#8211; IL DERMATOLOGO JACOPO BROZZI<\/strong><\/p>\n<audio class=\"wp-audio-shortcode\" id=\"audio-374368-15\" preload=\"none\" style=\"width: 100%;\" controls=\"controls\"><source type=\"audio\/mpeg\" src=\"https:\/\/www.radiopiu.net\/wordpress\/wp-content\/uploads\/2024\/02\/JACOPO-BROZZI-1.mp3?_=15\" \/><a href=\"https:\/\/www.radiopiu.net\/wordpress\/wp-content\/uploads\/2024\/02\/JACOPO-BROZZI-1.mp3\">https:\/\/www.radiopiu.net\/wordpress\/wp-content\/uploads\/2024\/02\/JACOPO-BROZZI-1.mp3<\/a><\/audio>\n<p>&nbsp;<\/p>\n<h2><strong>LA RACCOLTA COMPLETA <a href=\"https:\/\/www.radiopiu.net\/wordpress\/i-professionisti-del-poliambulatorio-agordino-le-interviste-stagione-2023\/\">CLICCA QUI<\/a><\/strong><\/h2>\n<p>&nbsp;<\/p>\n<hr \/>\n<p>&nbsp;<\/p>\n<h2><span style=\"color: #008080;\">LA STORIA DELLA STRADA REGIONALE 203 AGORDINA<\/span><\/h2>\n<p><strong><a class=\"dt-pswp-item\" href=\"https:\/\/www.radiopiu.net\/wordpress\/wp-content\/uploads\/2024\/02\/Un-tratto-di-SR-203-visto-dallalto-tra-Cencenighe-e-Le-Vare-scaled-1.jpg\" data-dt-img-description=\"\" data-large_image_width=\"2560\" data-large_image_height=\"1440\"><img loading=\"lazy\" decoding=\"async\" class=\" wp-image-374392 alignleft\" src=\"https:\/\/www.radiopiu.net\/wordpress\/wp-content\/uploads\/2024\/02\/Un-tratto-di-SR-203-visto-dallalto-tra-Cencenighe-e-Le-Vare-scaled-1-300x169.jpg\" alt=\"\" width=\"186\" height=\"105\" srcset=\"https:\/\/www.radiopiu.net\/wordpress\/wp-content\/uploads\/2024\/02\/Un-tratto-di-SR-203-visto-dallalto-tra-Cencenighe-e-Le-Vare-scaled-1-300x169.jpg 300w, https:\/\/www.radiopiu.net\/wordpress\/wp-content\/uploads\/2024\/02\/Un-tratto-di-SR-203-visto-dallalto-tra-Cencenighe-e-Le-Vare-scaled-1-1024x576.jpg 1024w, https:\/\/www.radiopiu.net\/wordpress\/wp-content\/uploads\/2024\/02\/Un-tratto-di-SR-203-visto-dallalto-tra-Cencenighe-e-Le-Vare-scaled-1-768x432.jpg 768w, https:\/\/www.radiopiu.net\/wordpress\/wp-content\/uploads\/2024\/02\/Un-tratto-di-SR-203-visto-dallalto-tra-Cencenighe-e-Le-Vare-scaled-1-1536x864.jpg 1536w, https:\/\/www.radiopiu.net\/wordpress\/wp-content\/uploads\/2024\/02\/Un-tratto-di-SR-203-visto-dallalto-tra-Cencenighe-e-Le-Vare-scaled-1-2048x1152.jpg 2048w\" sizes=\"auto, (max-width: 186px) 100vw, 186px\" \/><\/a>A CURA DI LUISA MANFROI<\/strong><\/p>\n<p>&nbsp;<\/p>\n<p>&nbsp;<\/p>\n<p>&nbsp;<\/p>\n<p><span style=\"color: #ff0000;\"><strong>PRIMA PUNTATA<\/strong><\/span><\/p>\n<audio class=\"wp-audio-shortcode\" id=\"audio-374368-16\" preload=\"none\" style=\"width: 100%;\" controls=\"controls\"><source type=\"audio\/mpeg\" src=\"https:\/\/www.radiopiu.net\/wordpress\/wp-content\/uploads\/2024\/02\/Storia-203-Agordina-1-puntata.mp3?_=16\" \/><a href=\"https:\/\/www.radiopiu.net\/wordpress\/wp-content\/uploads\/2024\/02\/Storia-203-Agordina-1-puntata.mp3\">https:\/\/www.radiopiu.net\/wordpress\/wp-content\/uploads\/2024\/02\/Storia-203-Agordina-1-puntata.mp3<\/a><\/audio>\n<p>&nbsp;<\/p>\n<hr \/>\n<p>&nbsp;<\/p>\n<blockquote>\n<h2>BOLAGO E ORZES, DUE FAMIGLIE E TRE STORIE DI DEPORTAZIONE<\/h2>\n<\/blockquote>\n<p>&nbsp;<\/p>\n<p><a class=\"dt-pswp-item\" href=\"https:\/\/www.radiopiu.net\/wordpress\/wp-content\/uploads\/2024\/02\/56a704bd-caa3-45ab-90ab-9507816a4011.jpg\" data-dt-img-description=\"\" data-large_image_width=\"1131\" data-large_image_height=\"1600\"><img loading=\"lazy\" decoding=\"async\" class=\"size-medium wp-image-374321 alignleft\" src=\"https:\/\/www.radiopiu.net\/wordpress\/wp-content\/uploads\/2024\/02\/56a704bd-caa3-45ab-90ab-9507816a4011-212x300.jpg\" alt=\"\" width=\"212\" height=\"300\" srcset=\"https:\/\/www.radiopiu.net\/wordpress\/wp-content\/uploads\/2024\/02\/56a704bd-caa3-45ab-90ab-9507816a4011-212x300.jpg 212w, https:\/\/www.radiopiu.net\/wordpress\/wp-content\/uploads\/2024\/02\/56a704bd-caa3-45ab-90ab-9507816a4011-724x1024.jpg 724w, https:\/\/www.radiopiu.net\/wordpress\/wp-content\/uploads\/2024\/02\/56a704bd-caa3-45ab-90ab-9507816a4011-768x1086.jpg 768w, https:\/\/www.radiopiu.net\/wordpress\/wp-content\/uploads\/2024\/02\/56a704bd-caa3-45ab-90ab-9507816a4011-1086x1536.jpg 1086w, https:\/\/www.radiopiu.net\/wordpress\/wp-content\/uploads\/2024\/02\/56a704bd-caa3-45ab-90ab-9507816a4011.jpg 1131w\" sizes=\"auto, (max-width: 212px) 100vw, 212px\" \/><\/a><\/p>\n<p>&nbsp;<\/p>\n<p>&nbsp;<\/p>\n<p>&nbsp;<\/p>\n<p>&nbsp;<\/p>\n<p>&nbsp;<\/p>\n<p>&nbsp;<\/p>\n<p>&nbsp;<\/p>\n<p>&nbsp;<\/p>\n<p>&nbsp;<\/p>\n<p><strong>SEDICO<\/strong><\/p>\n<p><strong>DI ROBERTO BONA<\/strong><\/p>\n<audio class=\"wp-audio-shortcode\" id=\"audio-374368-17\" preload=\"none\" style=\"width: 100%;\" controls=\"controls\"><source type=\"audio\/mpeg\" src=\"https:\/\/www.radiopiu.net\/wordpress\/wp-content\/uploads\/2024\/02\/LeGuerreUmbertoMaria.mp3?_=17\" \/><a href=\"https:\/\/www.radiopiu.net\/wordpress\/wp-content\/uploads\/2024\/02\/LeGuerreUmbertoMaria.mp3\">https:\/\/www.radiopiu.net\/wordpress\/wp-content\/uploads\/2024\/02\/LeGuerreUmbertoMaria.mp3<\/a><\/audio>\n<p>&nbsp;<\/p>\n<hr \/>\n<p>&nbsp;<\/p>\n<blockquote>\n<h3>SAVE THE DATE FESTIVAL AL RIFUGIO LARESEI&#8230;IL 7 APRILE SARA&#8217; UNA GIORNATA INDIMENTICABILE<\/h3>\n<\/blockquote>\n<p><strong>REDAZIONE<\/strong> Mancano 2 mesi&#8230;7 aprile 2024 \u00e8 la data sa segnare sul calendario. Rifugio Laresei, Falcade&#8230;A breve maggiori informazioni sugli special guests e sul ticketing online. Non prendete impegni che al Laresei si fa la storia! Continuate a seguirci su instagram @savethedate_festival_ e su @rifugiolaresei<\/p>\n<p>&nbsp;<\/p>\n<p>&nbsp;<\/p>\n<p>&nbsp;<\/p>\n<hr \/>\n<p>&nbsp;<\/p>\n<blockquote>\n<h3>Esplorazione nel Passato: Apertura Eccezionale del Rifugio Antiaereo di Belluno<\/h3>\n<\/blockquote>\n<p><img loading=\"lazy\" decoding=\"async\" class=\"alignleft\" src=\"https:\/\/www.radiopiu.net\/wordpress\/wp-content\/uploads\/2024\/02\/bunker-rifugio-antiaereo-Belluno.jpg\" width=\"225\" height=\"150\" \/><strong>BELLUNO<\/strong> Il gruppo giovani del FAI di Belluno organizza l&#8217;apertura eccezionale del rifugio antiaereo sotto Piazza dei Martiri il 18 febbraio. Dopo il successo delle precedenti aperture, dovute alla grande richiesta, si ripropone l&#8217;evento per consentire a pi\u00f9 persone possibile di visitare questo luogo carico di storia legato alla Seconda guerra mondiale. La visita, guidata dai volontari del FAI, permetter\u00e0 di conoscere la storia e le peculiarit\u00e0 strutturali del rifugio, attraversando i suoi ambienti e le grandi gallerie sotterranee. I turni di visita sono ogni 30 minuti e le prenotazioni sono online, con un contributo a partire da 3 euro. Non \u00e8 richiesta prenotazione per i bambini fino ai 10 anni. \u00c8 possibile iscriversi al FAI in loco. Per ulteriori informazioni, \u00e8 possibile contattare <a target=\"_new\" rel=\"noopener\">belluno@faigiovani.fondoambiente.it<\/a>.<\/p>\n<p>&nbsp;<\/p>\n<p>&nbsp;<\/p>\n<hr \/>\n<p>&nbsp;<\/p>\n<blockquote>\n<h3><a class=\"dt-pswp-item\" href=\"https:\/\/www.radiopiu.net\/wordpress\/wp-content\/uploads\/2024\/02\/bc5b076e-c8f0-46e1-9a84-cc1dbc7d8453.jpg\" data-dt-img-description=\"\" data-large_image_width=\"1131\" data-large_image_height=\"1600\"><img loading=\"lazy\" decoding=\"async\" class=\" wp-image-373651 alignleft\" src=\"https:\/\/www.radiopiu.net\/wordpress\/wp-content\/uploads\/2024\/02\/bc5b076e-c8f0-46e1-9a84-cc1dbc7d8453-212x300.jpg\" alt=\"\" width=\"94\" height=\"133\" srcset=\"https:\/\/www.radiopiu.net\/wordpress\/wp-content\/uploads\/2024\/02\/bc5b076e-c8f0-46e1-9a84-cc1dbc7d8453-212x300.jpg 212w, https:\/\/www.radiopiu.net\/wordpress\/wp-content\/uploads\/2024\/02\/bc5b076e-c8f0-46e1-9a84-cc1dbc7d8453-724x1024.jpg 724w, https:\/\/www.radiopiu.net\/wordpress\/wp-content\/uploads\/2024\/02\/bc5b076e-c8f0-46e1-9a84-cc1dbc7d8453-768x1086.jpg 768w, https:\/\/www.radiopiu.net\/wordpress\/wp-content\/uploads\/2024\/02\/bc5b076e-c8f0-46e1-9a84-cc1dbc7d8453-1086x1536.jpg 1086w, https:\/\/www.radiopiu.net\/wordpress\/wp-content\/uploads\/2024\/02\/bc5b076e-c8f0-46e1-9a84-cc1dbc7d8453.jpg 1131w\" sizes=\"auto, (max-width: 94px) 100vw, 94px\" \/><\/a>IL 17 FEBBRAIO ORAZIO ALLA CASA DELLA GIOVENTU&#8217; DI CAVIOLA<\/h3>\n<\/blockquote>\n<p><strong>DI LUISA ALCHINI<\/strong><\/p>\n<audio class=\"wp-audio-shortcode\" id=\"audio-374368-18\" preload=\"none\" style=\"width: 100%;\" controls=\"controls\"><source type=\"audio\/mpeg\" src=\"https:\/\/www.radiopiu.net\/wordpress\/wp-content\/uploads\/2024\/02\/LUISA-SPETTACOLO-oRAZIO-17-FEBBRAIO-cAVIOLA.mp3?_=18\" \/><a href=\"https:\/\/www.radiopiu.net\/wordpress\/wp-content\/uploads\/2024\/02\/LUISA-SPETTACOLO-oRAZIO-17-FEBBRAIO-cAVIOLA.mp3\">https:\/\/www.radiopiu.net\/wordpress\/wp-content\/uploads\/2024\/02\/LUISA-SPETTACOLO-oRAZIO-17-FEBBRAIO-cAVIOLA.mp3<\/a><\/audio>\n<blockquote><p>&nbsp;<\/p><\/blockquote>\n<hr \/>\n<p>&nbsp;<\/p>\n<blockquote>\n<h3>GLI ESPERTI DI FARFALLE NEL PARCO<\/h3>\n<\/blockquote>\n<p><strong>FELTRE<\/strong> Il Parco Nazionale Dolomiti Bellunesi ospiter\u00e0, il prossimo giugno, il quarto incontro dell\u2019Associazione Lepidotterologica Italiana, sodalizio che riunisce i ricercatori e gli appassionati di tutta Italia che si occupano di studio e conservazione delle farfalle. Il convegno si svolger\u00e0 a Villa Patt.<\/p>\n<blockquote><p>&nbsp;<\/p><\/blockquote>\n<p>&nbsp;<\/p>\n<hr \/>\n<p>&nbsp;<\/p>\n<p>&nbsp;<\/p>\n<blockquote>\n<h3><a class=\"dt-pswp-item\" href=\"https:\/\/www.radiopiu.net\/wordpress\/wp-content\/uploads\/2024\/02\/IMG-20240124-WA0001.jpg\" data-dt-img-description=\"\" data-large_image_width=\"1131\" data-large_image_height=\"1600\"><img loading=\"lazy\" decoding=\"async\" class=\" wp-image-373747 alignleft\" src=\"https:\/\/www.radiopiu.net\/wordpress\/wp-content\/uploads\/2024\/02\/IMG-20240124-WA0001-212x300.jpg\" alt=\"\" width=\"85\" height=\"120\" srcset=\"https:\/\/www.radiopiu.net\/wordpress\/wp-content\/uploads\/2024\/02\/IMG-20240124-WA0001-212x300.jpg 212w, https:\/\/www.radiopiu.net\/wordpress\/wp-content\/uploads\/2024\/02\/IMG-20240124-WA0001-724x1024.jpg 724w, https:\/\/www.radiopiu.net\/wordpress\/wp-content\/uploads\/2024\/02\/IMG-20240124-WA0001-768x1086.jpg 768w, https:\/\/www.radiopiu.net\/wordpress\/wp-content\/uploads\/2024\/02\/IMG-20240124-WA0001-1086x1536.jpg 1086w, https:\/\/www.radiopiu.net\/wordpress\/wp-content\/uploads\/2024\/02\/IMG-20240124-WA0001.jpg 1131w\" sizes=\"auto, (max-width: 85px) 100vw, 85px\" \/><\/a>IL MECCANICO AL TEATRO SAN GAETANO<\/h3>\n<\/blockquote>\n<p><strong>BELLUNO<\/strong> La Pro Loco Pieve Castionese ha il piacere di annunciare la rappresentazione teatrale di &#8220;IL MECCANICO&#8221; al teatro San Gaetano, con debutto il 17 e 18 febbraio alle 21. La collaborazione con Auge Teatro trasforma il teatro in un&#8217;officina di emozioni, consolidando il ruolo del San Gaetano come luogo per consumare emozioni attraverso la passione, il lavoro e la partecipazione di molte persone coinvolte negli anni.<\/p>\n<p>&nbsp;<\/p>\n<p>&nbsp;<\/p>\n<hr \/>\n<p>&nbsp;<\/p>\n<h2><span style=\"color: #ff0000;\">GLI APPUNTAMENTI DELLA SETTIMANA<\/span><span style=\"color: #ff0000;\">\u00a0<\/span><\/h2>\n<p><strong>BORGO VALBELLUNA<\/strong> Oggi prossimo alle ore 20,00 San Valentino arriver\u00e0 a Mel, presso il cinquecentesco salone municipale, grazie al nuovo libro di poesie di Edoardo Comiotto dal titolo \u201cInvisibili carezze\u201d.<\/p>\n<p><strong>BELLUNO<\/strong> L&#8217;Istituto Bellunese di Ricerche Sociali e Culturali invita la cittadinanza alla presentazione del volume &#8220;L&#8217;Oltrardo: Storia, architettura e arte nei dintorni di Belluno citt\u00e0 splendente&#8221;. L&#8217;evento si terr\u00e0 il venerdi alle 20 nella sala parrocchiale di Cavarzano.<\/p>\n<p><strong>BELLUNO <\/strong>Sabato alle 20.45 al Teatro Dino Buzzati di Belluno, l\u2019autore, regista e attore, Paolo Valerio, sar\u00e0 il protagonista de \u201cIL MURO TRASPARENTE. DELIRIO DI UN TENNISTA SENTIMENTALE\u201d, spettacolo inserito nel cartellone dalla Prima Stagione di Prosa Nazionale promossa dal Circolo Cultura e Stampa Bellunese al Piccolo Teatro Pierobon di Paiane.<\/p>\n<p><strong>BELLUNO<\/strong> Il Circolo dei Sardi Nel Bellunese comie 41 anni e per l&#8217;occasione organizza due eventi. Sabato la festa a Limana in sala Desidea, domenica il pranzo dei soci alla Pizzeria Parco di Limana. Prenotazioni al 388 6458895<\/p>\n<p><strong>FELTRE<\/strong> Il Centro Astronomico di Arson organizza per sabato alle 21 un incontro per osservare la luna ad alta risoluzione.<\/p>\n<h2><span style=\"color: #ff0000;\">PROSSIMAMENTE<\/span><\/h2>\n<p><strong>FELTRE<\/strong> La Famiglia Ex Emigranti del Feltrino organizza la gita alla fiera &#8220;Orto Giardino&#8221; a Pordenonefiere il 6 marzo. La partenza \u00e8 alle 13 da Pedavena, con passaggio a Feltre. Il programma include l&#8217;ingresso alla fiera e una tappa in pizzeria durante il rientro. Per informazioni 40 262 9562.<\/p>\n<p>&nbsp;<\/p>\n<hr \/>\n<p>&nbsp;<\/p>\n<p>&nbsp;<\/p>\n<p><strong>LA PRIMAVERA DI JOHN FRANCIS DELLA PIETRA\u00a0<\/strong><\/p>\n\n\t\t\t<style type='text\/css'>\n\t\t\t\t#gallery-3 {\n\t\t\t\t\tmargin: auto;\n\t\t\t\t}\n\t\t\t\t#gallery-3 .gallery-item {\n\t\t\t\t\tfloat: left;\n\t\t\t\t\tmargin-top: 10px;\n\t\t\t\t\ttext-align: center;\n\t\t\t\t\twidth: 20%;\n\t\t\t\t}\n\t\t\t\t#gallery-3 img {\n\t\t\t\t\tborder: 2px solid #cfcfcf;\n\t\t\t\t}\n\t\t\t\t#gallery-3 .gallery-caption {\n\t\t\t\t\tmargin-left: 0;\n\t\t\t\t}\n\t\t\t\t\/* see gallery_shortcode() in wp-includes\/media.php *\/\n\t\t\t<\/style>\n\t\t<div id='gallery-3' class='dt-gallery-container gallery galleryid-374368 gallery-columns-5 gallery-size-thumbnail'><dl class='gallery-item'>\n\t\t\t\t<dt class='gallery-icon landscape'>\n\t\t\t\t\t<a class=\"rollover rollover-zoom dt-pswp-item\" title=\"35c9ac27-a6cf-43de-88d3-6cb9303ac875\" data-dt-img-description=\"\" data-large_image_width=\"1600\" data-large_image_height=\"720\"href='https:\/\/www.radiopiu.net\/wordpress\/wp-content\/uploads\/2024\/02\/35c9ac27-a6cf-43de-88d3-6cb9303ac875.jpg'><img loading=\"lazy\" decoding=\"async\" width=\"150\" height=\"150\" src=\"https:\/\/www.radiopiu.net\/wordpress\/wp-content\/uploads\/2024\/02\/35c9ac27-a6cf-43de-88d3-6cb9303ac875-150x150.jpg\" class=\"attachment-thumbnail size-thumbnail\" alt=\"\" \/><\/a>\n\t\t\t\t<\/dt><\/dl><dl class='gallery-item'>\n\t\t\t\t<dt class='gallery-icon portrait'>\n\t\t\t\t\t<a class=\"rollover rollover-zoom dt-pswp-item\" title=\"77e2e9cd-2f4b-4a8a-98e3-e82bdf237ffa\" data-dt-img-description=\"\" data-large_image_width=\"720\" data-large_image_height=\"1600\"href='https:\/\/www.radiopiu.net\/wordpress\/wp-content\/uploads\/2024\/02\/77e2e9cd-2f4b-4a8a-98e3-e82bdf237ffa.jpg'><img loading=\"lazy\" decoding=\"async\" width=\"150\" height=\"150\" src=\"https:\/\/www.radiopiu.net\/wordpress\/wp-content\/uploads\/2024\/02\/77e2e9cd-2f4b-4a8a-98e3-e82bdf237ffa-150x150.jpg\" class=\"attachment-thumbnail size-thumbnail\" alt=\"\" \/><\/a>\n\t\t\t\t<\/dt><\/dl><dl class='gallery-item'>\n\t\t\t\t<dt class='gallery-icon portrait'>\n\t\t\t\t\t<a class=\"rollover rollover-zoom dt-pswp-item\" title=\"c3832a27-adc8-4b6c-a1d9-d5d153adcb83\" data-dt-img-description=\"\" data-large_image_width=\"720\" data-large_image_height=\"1600\"href='https:\/\/www.radiopiu.net\/wordpress\/wp-content\/uploads\/2024\/02\/c3832a27-adc8-4b6c-a1d9-d5d153adcb83.jpg'><img loading=\"lazy\" decoding=\"async\" width=\"150\" height=\"150\" src=\"https:\/\/www.radiopiu.net\/wordpress\/wp-content\/uploads\/2024\/02\/c3832a27-adc8-4b6c-a1d9-d5d153adcb83-150x150.jpg\" class=\"attachment-thumbnail size-thumbnail\" alt=\"\" \/><\/a>\n\t\t\t\t<\/dt><\/dl><dl class='gallery-item'>\n\t\t\t\t<dt class='gallery-icon portrait'>\n\t\t\t\t\t<a class=\"rollover rollover-zoom dt-pswp-item\" title=\"708b307d-32bd-427e-abe9-622c84b0aaa9\" data-dt-img-description=\"\" data-large_image_width=\"720\" data-large_image_height=\"1600\"href='https:\/\/www.radiopiu.net\/wordpress\/wp-content\/uploads\/2024\/02\/708b307d-32bd-427e-abe9-622c84b0aaa9-1.jpg'><img loading=\"lazy\" decoding=\"async\" width=\"150\" height=\"150\" src=\"https:\/\/www.radiopiu.net\/wordpress\/wp-content\/uploads\/2024\/02\/708b307d-32bd-427e-abe9-622c84b0aaa9-1-150x150.jpg\" class=\"attachment-thumbnail size-thumbnail\" alt=\"\" \/><\/a>\n\t\t\t\t<\/dt><\/dl><dl class='gallery-item'>\n\t\t\t\t<dt class='gallery-icon portrait'>\n\t\t\t\t\t<a class=\"rollover rollover-zoom dt-pswp-item\" title=\"fb414b73-0e49-4c39-8844-eac10d305f82\" data-dt-img-description=\"\" data-large_image_width=\"720\" data-large_image_height=\"1600\"href='https:\/\/www.radiopiu.net\/wordpress\/wp-content\/uploads\/2024\/02\/fb414b73-0e49-4c39-8844-eac10d305f82-1.jpg'><img loading=\"lazy\" decoding=\"async\" width=\"150\" height=\"150\" src=\"https:\/\/www.radiopiu.net\/wordpress\/wp-content\/uploads\/2024\/02\/fb414b73-0e49-4c39-8844-eac10d305f82-1-150x150.jpg\" class=\"attachment-thumbnail size-thumbnail\" alt=\"\" \/><\/a>\n\t\t\t\t<\/dt><\/dl><br style=\"clear: both\" \/>\n\t\t\t<\/div>\n\n<p>&nbsp;<\/p>\n<p>Sogno di primavera<\/p>\n<p>M appisolo al tepore<br \/>\nDi questo invernale sole<br \/>\nE mentre tutto tace<br \/>\nInspiro un profumo di pace<br \/>\nTutt attorno s avvolge in un etereo sogno<br \/>\nForse ne avevo bisogno<br \/>\nUno strano inverno<br \/>\nOve del caldo \u00e8 stato il governo<br \/>\nGi\u00e0 della neve<br \/>\nHa preso il posto una tiepida pioggia lieve<br \/>\nNei siti pi\u00f9 assolati<br \/>\nAl limitare del bosco sono spuntati<br \/>\nPiccoli sparuti fiori<br \/>\nDai per\u00f2 vividi colori<br \/>\nE sul far della sera<br \/>\nLo spirito s apre ad una nuova primavera<br \/>\nLa sentiamo che avanza<br \/>\nPregna di nuova vita e speranza<br \/>\nIl cielo volge al blu<br \/>\nLo sguardo vola lass\u00f9<br \/>\nCos\u00ec or vedo meglio<br \/>\nForse c \u00e8 stato un risveglio<br \/>\nAllor sogno o son desto&#8230;<\/p>\n<p>&nbsp;<\/p>\n<p>&nbsp;<\/p>\n<p>&nbsp;<\/p>\n<hr \/>\n<p>&nbsp;<\/p>\n<p><a class=\"dt-pswp-item\" href=\"https:\/\/www.radiopiu.net\/wordpress\/wp-content\/uploads\/2018\/09\/viabilita.jpeg\" data-dt-img-description=\"\" data-large_image_width=\"800\" data-large_image_height=\"100\"><img loading=\"lazy\" decoding=\"async\" class=\"aligncenter wp-image-61954 size-full\" src=\"https:\/\/www.radiopiu.net\/wordpress\/wp-content\/uploads\/2018\/09\/viabilita.jpeg\" alt=\"\" width=\"800\" height=\"100\" srcset=\"https:\/\/www.radiopiu.net\/wordpress\/wp-content\/uploads\/2018\/09\/viabilita.jpeg 800w, https:\/\/www.radiopiu.net\/wordpress\/wp-content\/uploads\/2018\/09\/viabilita-300x38.jpeg 300w, https:\/\/www.radiopiu.net\/wordpress\/wp-content\/uploads\/2018\/09\/viabilita-768x96.jpeg 768w\" sizes=\"auto, (max-width: 800px) 100vw, 800px\" \/><\/a><\/p>\n<p>&nbsp;<\/p>\n<p><a class=\"dt-pswp-item\" href=\"https:\/\/www.radiopiu.net\/wordpress\/wp-content\/uploads\/2023\/12\/botol-car-service.jpg\" data-dt-img-description=\"\" data-large_image_width=\"600\" data-large_image_height=\"600\"><img loading=\"lazy\" decoding=\"async\" class=\"size-medium wp-image-367044 aligncenter\" src=\"https:\/\/www.radiopiu.net\/wordpress\/wp-content\/uploads\/2023\/12\/botol-car-service-300x300.jpg\" alt=\"\" width=\"300\" height=\"300\" srcset=\"https:\/\/www.radiopiu.net\/wordpress\/wp-content\/uploads\/2023\/12\/botol-car-service-300x300.jpg 300w, https:\/\/www.radiopiu.net\/wordpress\/wp-content\/uploads\/2023\/12\/botol-car-service-150x150.jpg 150w, https:\/\/www.radiopiu.net\/wordpress\/wp-content\/uploads\/2023\/12\/botol-car-service.jpg 600w\" sizes=\"auto, (max-width: 300px) 100vw, 300px\" \/><\/a><\/p>\n<p>&nbsp;<\/p>\n<blockquote>\n<h1><span style=\"color: #ff0000;\"><a class=\"dt-pswp-item\" href=\"https:\/\/www.radiopiu.net\/wordpress\/wp-content\/uploads\/2020\/05\/VENETO-STRADE.png\" data-dt-img-description=\"\" data-large_image_width=\"400\" data-large_image_height=\"400\"><img loading=\"lazy\" decoding=\"async\" class=\"wp-image-135574 alignleft\" src=\"https:\/\/www.radiopiu.net\/wordpress\/wp-content\/uploads\/2020\/05\/VENETO-STRADE-300x300.png\" alt=\"\" width=\"102\" height=\"102\" srcset=\"https:\/\/www.radiopiu.net\/wordpress\/wp-content\/uploads\/2020\/05\/VENETO-STRADE-300x300.png 300w, https:\/\/www.radiopiu.net\/wordpress\/wp-content\/uploads\/2020\/05\/VENETO-STRADE-150x150.png 150w, https:\/\/www.radiopiu.net\/wordpress\/wp-content\/uploads\/2020\/05\/VENETO-STRADE.png 400w\" sizes=\"auto, (max-width: 102px) 100vw, 102px\" \/><\/a>AGGIORNAMENTO QUOTIDIANO, IN\u00a0 COLLABORAZIONE CON VENETO STRADE E BOTOL CAR SERVICE AD AGORDO IN LOCALITA&#8217; VALCOZZENA.<\/span><\/h1>\n<p>&nbsp;<\/p><\/blockquote>\n<p><strong>SOSPIROLO\u00a0<\/strong> Lungo la provinciale 2 tra Pian Falcina e Gena Bassa in Comune di Sospirolo\u00a0 <span style=\"color: #ff0000;\">fino al 15 febbraio,<\/span> sabato e domeniche compresi, senso unico alternato regolato da semaforo o movieri, interruzioni alla viabilit\u00e0 fino a 10 minuti per tratti di 200 metri.<\/p>\n<p><span style=\"color: #0000ff;\"><strong>BOLLETTINO VIABILITA&#8217; AGGIORNATO AL 23 GENNAIO 2024<\/strong><\/span><\/p>\n<audio class=\"wp-audio-shortcode\" id=\"audio-374368-19\" preload=\"none\" style=\"width: 100%;\" controls=\"controls\"><source type=\"audio\/mpeg\" src=\"https:\/\/www.radiopiu.net\/wordpress\/wp-content\/uploads\/2024\/01\/VIABLITA-2.mp3?_=19\" \/><a href=\"https:\/\/www.radiopiu.net\/wordpress\/wp-content\/uploads\/2024\/01\/VIABLITA-2.mp3\">https:\/\/www.radiopiu.net\/wordpress\/wp-content\/uploads\/2024\/01\/VIABLITA-2.mp3<\/a><\/audio>\n<p>&nbsp;<\/p>\n<p>&nbsp;<\/p>\n<hr \/>\n<p><a class=\"dt-pswp-item\" href=\"https:\/\/www.radiopiu.net\/wordpress\/wp-content\/uploads\/2024\/02\/90b5df36-7290-4144-a19e-6b04580c2796.jpg\" data-dt-img-description=\"\" data-large_image_width=\"1536\" data-large_image_height=\"2048\"><img loading=\"lazy\" decoding=\"async\" class=\"size-medium wp-image-374484 aligncenter\" src=\"https:\/\/www.radiopiu.net\/wordpress\/wp-content\/uploads\/2024\/02\/90b5df36-7290-4144-a19e-6b04580c2796-225x300.jpg\" alt=\"\" width=\"225\" height=\"300\" srcset=\"https:\/\/www.radiopiu.net\/wordpress\/wp-content\/uploads\/2024\/02\/90b5df36-7290-4144-a19e-6b04580c2796-225x300.jpg 225w, https:\/\/www.radiopiu.net\/wordpress\/wp-content\/uploads\/2024\/02\/90b5df36-7290-4144-a19e-6b04580c2796-768x1024.jpg 768w, https:\/\/www.radiopiu.net\/wordpress\/wp-content\/uploads\/2024\/02\/90b5df36-7290-4144-a19e-6b04580c2796-1152x1536.jpg 1152w, https:\/\/www.radiopiu.net\/wordpress\/wp-content\/uploads\/2024\/02\/90b5df36-7290-4144-a19e-6b04580c2796.jpg 1536w\" sizes=\"auto, (max-width: 225px) 100vw, 225px\" \/><\/a><\/p>\n<p>S. Valentino<\/p>\n<p>La festa degli innamorati<br \/>\nLa dedichiamo a tutti loro pure a quelli dei tempi andati<br \/>\nNon c \u00e8 tempo n\u00e9 et\u00e0 per chi sa amare<br \/>\nDagli imberbi fidanzatini<br \/>\nAi freschi sposini<br \/>\nAgli ormai pi\u00f9 che nonnini<br \/>\nIl sentimento che li accomuna nella passione<br \/>\nDi provare questa magnifica emozione<br \/>\nL amore<br \/>\nIl tenersi per mano ed abbracciarsi con calore<br \/>\n\u00c8 proprio una bella festa<br \/>\nMolto di cuore e l\u00ec permane e resta<br \/>\nA tutti voi siamo vicino<br \/>\nIn questo meraviglioso<br \/>\nS. Valentino<\/p>\n<p>&nbsp;<\/p>\n<hr \/>\n<p>&nbsp;<\/p>\n<p><a class=\"dt-pswp-item\" href=\"https:\/\/www.radiopiu.net\/wordpress\/wp-content\/uploads\/2018\/09\/WhatsApp-Image-2018-09-20-at-16.04.06.jpeg\" data-dt-img-description=\"\" data-large_image_width=\"800\" data-large_image_height=\"100\"><img loading=\"lazy\" decoding=\"async\" class=\"wp-image-61378 size-full aligncenter\" src=\"https:\/\/www.radiopiu.net\/wordpress\/wp-content\/uploads\/2018\/09\/WhatsApp-Image-2018-09-20-at-16.04.06.jpeg\" alt=\"\" width=\"800\" height=\"100\" srcset=\"https:\/\/www.radiopiu.net\/wordpress\/wp-content\/uploads\/2018\/09\/WhatsApp-Image-2018-09-20-at-16.04.06.jpeg 800w, https:\/\/www.radiopiu.net\/wordpress\/wp-content\/uploads\/2018\/09\/WhatsApp-Image-2018-09-20-at-16.04.06-300x38.jpeg 300w, https:\/\/www.radiopiu.net\/wordpress\/wp-content\/uploads\/2018\/09\/WhatsApp-Image-2018-09-20-at-16.04.06-768x96.jpeg 768w\" sizes=\"auto, (max-width: 800px) 100vw, 800px\" \/><\/a><\/p>\n<p><center><\/center><b>\u00a0 \u00a0\u00a0<\/b><\/p>\n<p><center><\/center><center><\/center><center><\/center><center><b>OGGI<\/b><\/center>Nottetempo fino al primo mattino qualche annuvolamento medio-alto stratiforme. In giornata generalmente ben soleggiato, salvo iniziali e residue velature, prima che il cielo si rassereni del tutto e rapidamente. Aria tersa ed ottima visibilit\u00e0, salvo qualche nebbie notturne tra la Valbelluna e l&#8217;altopiano del Cansiglio, in rapido dissolvimento dopo il sorgere del sole.<br \/>\n<b>Precipitazioni: <\/b>Assenti (0%).<br \/>\n<b>Temperature: <\/b>In generale lieve aumento, su valori di nuovo leggermente superiori alle medie del periodo.<\/p>\n<hr \/>\n<p><center><b>DOMANI<\/b><\/center>Tempo perlopi\u00f9 soleggiato per buona parte del mattino e dopo met\u00e0 pomeriggio, mentre risulter\u00e0 solo parzialmente soleggiato nelle ore centrali del giorno per temporaneo transito di nubi medio-alte, pi\u00f9 presenti sulle Dolomiti.<br \/>\n<b>Precipitazioni: <\/b>Assenti (0%).<br \/>\n<b>Temperature: <\/b>In ulteriore generale contenuto aumento, salvo stazionariet\u00e0 delle massime nei fondovalle prealpini.<\/p>\n<hr \/>\n<p><center><b>VENERDI<\/b><\/center>Il cielo sar\u00e0 parzialmentesoleggiato al mattino e via via sempre pi\u00f9 nuvoloso al pomeriggio per intensificazione dellanuvolosit\u00e0. In tarda serata non esclusa qualche goccia. Temperature senza notevoli variazioni nelle valli e in leggera flessione in alta quota, dove le minime saranno osservate alla sera.<\/p>\n<hr \/>\n<p><center><b>SABATO<\/b><\/center>Per gran parte della giornata cielo da nuvoloso a molto nuvoloso e nella peggiore delle ipotesi la nuvolosit\u00e0 sar\u00e0 associata a deboli precipitazioni, pi\u00f9 probabili tra la notte ed il mattino. Temperature in generale diminuzione, salvo rialzo delle minime nelle valli.<\/p>\n<p>&nbsp;<\/p>\n<p>&nbsp;<\/p>\n<hr \/>\n<p>&nbsp;<\/p>\n<p><img loading=\"lazy\" decoding=\"async\" class=\"wp-image-60761 size-full aligncenter\" src=\"https:\/\/www.radiopiu.net\/wordpress\/wp-content\/uploads\/2018\/09\/sport.jpg\" alt=\"\" width=\"800\" height=\"100\" srcset=\"https:\/\/www.radiopiu.net\/wordpress\/wp-content\/uploads\/2018\/09\/sport.jpg 800w, https:\/\/www.radiopiu.net\/wordpress\/wp-content\/uploads\/2018\/09\/sport-300x38.jpg 300w, https:\/\/www.radiopiu.net\/wordpress\/wp-content\/uploads\/2018\/09\/sport-768x96.jpg 768w\" sizes=\"auto, (max-width: 800px) 100vw, 800px\" \/><\/p>\n<p>&nbsp;<\/p>\n<p><span style=\"color: #0000ff;\"><strong>NUOTO<\/strong><\/span><\/p>\n<blockquote>\n<h3>LA SPORTIVAMENTE BELLUNO FA MAN BASSA DI MEDAGLIE A MONASTIER<\/h3>\n<\/blockquote>\n<p><strong><a class=\"dt-pswp-item\" href=\"https:\/\/www.radiopiu.net\/wordpress\/wp-content\/uploads\/2024\/02\/SPORTIVAMENTE-MONASTIER-2024.jpg\" data-dt-img-description=\"\" data-large_image_width=\"630\" data-large_image_height=\"315\"><img loading=\"lazy\" decoding=\"async\" class=\" wp-image-374396 alignleft\" src=\"https:\/\/www.radiopiu.net\/wordpress\/wp-content\/uploads\/2024\/02\/SPORTIVAMENTE-MONASTIER-2024-300x150.jpg\" alt=\"\" width=\"204\" height=\"102\" srcset=\"https:\/\/www.radiopiu.net\/wordpress\/wp-content\/uploads\/2024\/02\/SPORTIVAMENTE-MONASTIER-2024-300x150.jpg 300w, https:\/\/www.radiopiu.net\/wordpress\/wp-content\/uploads\/2024\/02\/SPORTIVAMENTE-MONASTIER-2024.jpg 630w\" sizes=\"auto, (max-width: 204px) 100vw, 204px\" \/><\/a>BELLUNO\u00a0<\/strong>Nel Meeting regionale per gli Esordienti A a Monastier di Treviso, la Sportivamente Belluno conquista cinque medaglie. Mattia Don\u00e0 ottiene tre medaglie (argento nei 200m, bronzo nei 100 dorso e bronzo nei 200 misti). Federico Nerviani vince l&#8217;oro nei 400 misti e si qualifica per il raduno regionale. Camilla Fistarol e Luca Frisaldi ottengono prestazioni di rilievo. Record personali per diversi atleti, tra cui Alessandro Morra, Dora Bortoluzzi, Mario Dalla Riva, Ginevra Dal Mas, e altri. La staffetta maschile 4&#215;100 stile libero conquista il bronzo. Gli Esordienti affronteranno le qualificazioni ai regionali estivi dopo la pausa di Carnevale.<\/p>\n<p><span style=\"color: #0000ff;\"><strong>\u00a0<\/strong><\/span><\/p>\n<p><span style=\"color: #0000ff;\"><strong>\u00a0<\/strong><\/span><\/p>\n<p><span style=\"color: #0000ff;\"><strong>SCI\u00a0\u00a0<\/strong><\/span><\/p>\n<blockquote>\n<h3><span style=\"font-family: verdana, sans-serif;\"><b><span style=\"font-size: large;\"><a class=\"dt-pswp-item\" href=\"https:\/\/www.radiopiu.net\/wordpress\/wp-content\/uploads\/2024\/02\/skicross-san-pellegrino-marzo-archivio.jpeg\" data-dt-img-description=\"\" data-large_image_width=\"1536\" data-large_image_height=\"1024\"><img loading=\"lazy\" decoding=\"async\" class=\"wp-image-374438 alignleft\" src=\"https:\/\/www.radiopiu.net\/wordpress\/wp-content\/uploads\/2024\/02\/skicross-san-pellegrino-marzo-archivio-300x200.jpeg\" alt=\"\" width=\"210\" height=\"140\" srcset=\"https:\/\/www.radiopiu.net\/wordpress\/wp-content\/uploads\/2024\/02\/skicross-san-pellegrino-marzo-archivio-300x200.jpeg 300w, https:\/\/www.radiopiu.net\/wordpress\/wp-content\/uploads\/2024\/02\/skicross-san-pellegrino-marzo-archivio-1024x683.jpeg 1024w, https:\/\/www.radiopiu.net\/wordpress\/wp-content\/uploads\/2024\/02\/skicross-san-pellegrino-marzo-archivio-768x512.jpeg 768w, https:\/\/www.radiopiu.net\/wordpress\/wp-content\/uploads\/2024\/02\/skicross-san-pellegrino-marzo-archivio.jpeg 1536w\" sizes=\"auto, (max-width: 210px) 100vw, 210px\" \/><\/a>A FALCADE RITORNA LA COPPA EUROPA DI SKICROSS<\/span><\/b><\/span><\/h3>\n<\/blockquote>\n<p>La Coppa Europa di skicross torna al Passo San Pellegrino, dopo un anno di assenza, con gare in programma il 16 e 17 febbraio sulla pista Costabella, organizzate dallo Ski College Veneto Falcade. Oltre cento atleti da quattordici nazioni parteciperanno all&#8217;evento. Il presidente, Luca Marchetto, si dice soddisfatto delle adesioni e assicura un evento di alta qualit\u00e0. Nella scorsa edizione, i vincitori provenivano principalmente da Germania e Svizzera.<\/p>\n<p>&nbsp;<\/p>\n<p>&nbsp;<\/p>\n<blockquote>\n<h3>VICINI AI GIGANTISTI AZZURRI<\/h3>\n<\/blockquote>\n<p>Da\u00a0 oggi al 16 febbraio saranno in allenamento allo Ski Stadium Aloch i gigantisti della nazionale azzurra di sci alpino. Con loro ci sar\u00e0 anche il gruppo di Coppa Europa maschile delle discipline tecniche che si tratter\u00e0 in valle fino al 18. Nel frattempo fervono i preparativi sulla pista La VolatA e al Col Margherita &#8211; Ski Area San Pellegrino Dolomiti per ospitare la Coppa del Mondo di sci alpino femminile di SuperG, in programma per il 24 e 25 febbraio.<\/p>\n\n\t\t\t<style type='text\/css'>\n\t\t\t\t#gallery-4 {\n\t\t\t\t\tmargin: auto;\n\t\t\t\t}\n\t\t\t\t#gallery-4 .gallery-item {\n\t\t\t\t\tfloat: left;\n\t\t\t\t\tmargin-top: 10px;\n\t\t\t\t\ttext-align: center;\n\t\t\t\t\twidth: 33%;\n\t\t\t\t}\n\t\t\t\t#gallery-4 img {\n\t\t\t\t\tborder: 2px solid #cfcfcf;\n\t\t\t\t}\n\t\t\t\t#gallery-4 .gallery-caption {\n\t\t\t\t\tmargin-left: 0;\n\t\t\t\t}\n\t\t\t\t\/* see gallery_shortcode() in wp-includes\/media.php *\/\n\t\t\t<\/style>\n\t\t<div id='gallery-4' class='dt-gallery-container gallery galleryid-374368 gallery-columns-3 gallery-size-thumbnail'><dl class='gallery-item'>\n\t\t\t\t<dt class='gallery-icon landscape'>\n\t\t\t\t\t<a class=\"rollover rollover-zoom dt-pswp-item\" title=\"IMG_9775\" data-dt-img-description=\"\" data-large_image_width=\"1280\" data-large_image_height=\"853\"href='https:\/\/www.radiopiu.net\/wordpress\/wp-content\/uploads\/2024\/02\/IMG_9775.jpg'><img loading=\"lazy\" decoding=\"async\" width=\"150\" height=\"150\" src=\"https:\/\/www.radiopiu.net\/wordpress\/wp-content\/uploads\/2024\/02\/IMG_9775-150x150.jpg\" class=\"attachment-thumbnail size-thumbnail\" alt=\"\" \/><\/a>\n\t\t\t\t<\/dt><\/dl><dl class='gallery-item'>\n\t\t\t\t<dt class='gallery-icon portrait'>\n\t\t\t\t\t<a class=\"rollover rollover-zoom dt-pswp-item\" title=\"IMG_9768\" data-dt-img-description=\"\" data-large_image_width=\"853\" data-large_image_height=\"1280\"href='https:\/\/www.radiopiu.net\/wordpress\/wp-content\/uploads\/2024\/02\/IMG_9768.jpg'><img loading=\"lazy\" decoding=\"async\" width=\"150\" height=\"150\" src=\"https:\/\/www.radiopiu.net\/wordpress\/wp-content\/uploads\/2024\/02\/IMG_9768-150x150.jpg\" class=\"attachment-thumbnail size-thumbnail\" alt=\"\" \/><\/a>\n\t\t\t\t<\/dt><\/dl><dl class='gallery-item'>\n\t\t\t\t<dt class='gallery-icon landscape'>\n\t\t\t\t\t<a class=\"rollover rollover-zoom dt-pswp-item\" title=\"30969\" data-dt-img-description=\"\" data-large_image_width=\"630\" data-large_image_height=\"114\"href='https:\/\/www.radiopiu.net\/wordpress\/wp-content\/uploads\/2024\/02\/30969.jpg'><img loading=\"lazy\" decoding=\"async\" width=\"150\" height=\"114\" src=\"https:\/\/www.radiopiu.net\/wordpress\/wp-content\/uploads\/2024\/02\/30969-150x114.jpg\" class=\"attachment-thumbnail size-thumbnail\" alt=\"\" \/><\/a>\n\t\t\t\t<\/dt><\/dl><br style=\"clear: both\" \/>\n\t\t\t<\/div>\n\n<blockquote>\n<h3><span style=\"font-family: verdana, sans-serif;\"><b><span style=\"font-size: large;\">\u00a0<\/span><\/b><\/span><\/h3>\n<h3><span style=\"font-family: verdana, sans-serif;\"><b><span style=\"font-size: large;\">\u00a0<\/span><\/b><\/span><\/h3>\n<\/blockquote>\n<p>::::<\/p>\n<audio class=\"wp-audio-shortcode\" id=\"audio-374368-20\" preload=\"none\" style=\"width: 100%;\" controls=\"controls\"><source type=\"audio\/mpeg\" src=\"https:\/\/www.radiopiu.net\/wordpress\/wp-content\/uploads\/2024\/02\/Audio-sindaco-Fusaro-su-carnevale-a-Feltre.mp3?_=20\" \/><a href=\"https:\/\/www.radiopiu.net\/wordpress\/wp-content\/uploads\/2024\/02\/Audio-sindaco-Fusaro-su-carnevale-a-Feltre.mp3\">https:\/\/www.radiopiu.net\/wordpress\/wp-content\/uploads\/2024\/02\/Audio-sindaco-Fusaro-su-carnevale-a-Feltre.mp3<\/a><\/audio>\n","protected":false},"excerpt":{"rendered":"<p>**** BUON SAN VALENTINO&#8230; DA ARABBA\u00a0 &nbsp; 40esimo di RADIOPIU\u2026. LA VOCE DELL\u2019EMOZIONE ISCRIVITI AL NOSTRO CANALE\u00a0\u00a0YOUTUBE PER SEGUIRE IN DIRETTA I PRINCIPALI PROGRAMMI DI RADIO PIU\u2019 E LE FUTURE DIRETTE IN ESTERNA. PER ISCRIVERTI CLICCA QUI\u00a0E PREMI\u00a0 \u201cIscriviti\u201d\u00a0 \u00a0 OGGI ALLA RADIO: ALLE 7 LA RASSEGNA STAMPA LOCALE FLASH, PER CHI COME NOI ALLE&hellip;<\/p>\n","protected":false},"author":4,"featured_media":374475,"comment_status":"closed","ping_status":"closed","sticky":false,"template":"","format":"standard","meta":{"_monsterinsights_skip_tracking":false,"_monsterinsights_sitenote_active":false,"_monsterinsights_sitenote_note":"","_monsterinsights_sitenote_category":0,"footnotes":""},"categories":[51,86,49],"tags":[],"class_list":["post-374368","post","type-post","status-publish","format-standard","has-post-thumbnail","hentry","category-evidenza-top","category-gr","category-news-18","category-51","category-86","category-49","description-off"],"img_url":"https:\/\/www.radiopiu.net\/wordpress\/wp-content\/uploads\/2024\/02\/Senza-nome-29.png","_links":{"self":[{"href":"https:\/\/www.radiopiu.net\/wordpress\/wp-json\/wp\/v2\/posts\/374368","targetHints":{"allow":["GET"]}}],"collection":[{"href":"https:\/\/www.radiopiu.net\/wordpress\/wp-json\/wp\/v2\/posts"}],"about":[{"href":"https:\/\/www.radiopiu.net\/wordpress\/wp-json\/wp\/v2\/types\/post"}],"author":[{"embeddable":true,"href":"https:\/\/www.radiopiu.net\/wordpress\/wp-json\/wp\/v2\/users\/4"}],"replies":[{"embeddable":true,"href":"https:\/\/www.radiopiu.net\/wordpress\/wp-json\/wp\/v2\/comments?post=374368"}],"version-history":[{"count":0,"href":"https:\/\/www.radiopiu.net\/wordpress\/wp-json\/wp\/v2\/posts\/374368\/revisions"}],"wp:featuredmedia":[{"embeddable":true,"href":"https:\/\/www.radiopiu.net\/wordpress\/wp-json\/wp\/v2\/media\/374475"}],"wp:attachment":[{"href":"https:\/\/www.radiopiu.net\/wordpress\/wp-json\/wp\/v2\/media?parent=374368"}],"wp:term":[{"taxonomy":"category","embeddable":true,"href":"https:\/\/www.radiopiu.net\/wordpress\/wp-json\/wp\/v2\/categories?post=374368"},{"taxonomy":"post_tag","embeddable":true,"href":"https:\/\/www.radiopiu.net\/wordpress\/wp-json\/wp\/v2\/tags?post=374368"}],"curies":[{"name":"wp","href":"https:\/\/api.w.org\/{rel}","templated":true}]}}