{"id":374415,"date":"2024-02-14T05:36:45","date_gmt":"2024-02-14T04:36:45","guid":{"rendered":"https:\/\/www.radiopiu.net\/wordpress\/?p=374415"},"modified":"2024-02-14T06:53:34","modified_gmt":"2024-02-14T05:53:34","slug":"e-morto-nevio-meneguz-storico-direttore-del-csv-di-belluno-e-treviso","status":"publish","type":"post","link":"https:\/\/www.radiopiu.net\/wordpress\/e-morto-nevio-meneguz-storico-direttore-del-csv-di-belluno-e-treviso\/","title":{"rendered":"E&#8217; MORTO NEVIO MENEGUZ, STORICO DIRETTORE DEL CSV DI BELLUNO E TREVISO"},"content":{"rendered":"<p>*****<\/p>\n<p>&nbsp;<\/p>\n<p><strong>PER LE TRE RADIO, BARBARA PAOLAZZI\u00a0<\/strong><\/p>\n<audio class=\"wp-audio-shortcode\" id=\"audio-374415-1\" preload=\"none\" style=\"width: 100%;\" controls=\"controls\"><source type=\"audio\/mpeg\" src=\"https:\/\/www.radiopiu.net\/wordpress\/wp-content\/uploads\/2024\/02\/SINTESI-MENEGUS-BARBARA.mp3?_=1\" \/><a href=\"https:\/\/www.radiopiu.net\/wordpress\/wp-content\/uploads\/2024\/02\/SINTESI-MENEGUS-BARBARA.mp3\">https:\/\/www.radiopiu.net\/wordpress\/wp-content\/uploads\/2024\/02\/SINTESI-MENEGUS-BARBARA.mp3<\/a><\/audio>\n<p>&nbsp;<\/p>\n<p align=\"JUSTIFY\"><span style=\"font-family: Calibri, serif;\"><span style=\"font-size: large;\"><b><a class=\"dt-pswp-item\" href=\"https:\/\/www.radiopiu.net\/wordpress\/wp-content\/uploads\/2024\/02\/31060274285_d559779764_o.jpg\" data-dt-img-description=\"\" data-large_image_width=\"1920\" data-large_image_height=\"1080\"><img loading=\"lazy\" decoding=\"async\" class=\" wp-image-374423 alignleft\" src=\"https:\/\/www.radiopiu.net\/wordpress\/wp-content\/uploads\/2024\/02\/31060274285_d559779764_o-300x169.jpg\" alt=\"\" width=\"234\" height=\"132\" srcset=\"https:\/\/www.radiopiu.net\/wordpress\/wp-content\/uploads\/2024\/02\/31060274285_d559779764_o-300x169.jpg 300w, https:\/\/www.radiopiu.net\/wordpress\/wp-content\/uploads\/2024\/02\/31060274285_d559779764_o-1024x576.jpg 1024w, https:\/\/www.radiopiu.net\/wordpress\/wp-content\/uploads\/2024\/02\/31060274285_d559779764_o-768x432.jpg 768w, https:\/\/www.radiopiu.net\/wordpress\/wp-content\/uploads\/2024\/02\/31060274285_d559779764_o-1536x864.jpg 1536w, https:\/\/www.radiopiu.net\/wordpress\/wp-content\/uploads\/2024\/02\/31060274285_d559779764_o.jpg 1920w\" sizes=\"auto, (max-width: 234px) 100vw, 234px\" \/><\/a>IL CSV BELLUNO TREVISO ACCOGLIE CON DOLORE LA PERDITA DI NEVIO MENEGUZ<\/b><\/span><\/span><\/p>\n<p align=\"JUSTIFY\"><span style=\"color: #000000;\"><span style=\"font-family: Calibri, serif;\"><span style=\"font-size: large;\">Csv Belluno Treviso accoglie con dolore la notizia della perdita del dottor Nevio Meneguz, gi\u00e0 direttore &#8211; per oltre un decennio &#8211; del Csv di Belluno, professionista stimato e conosciuto. <\/span><\/span><\/span><span style=\"font-size: large; font-family: Calibri, serif; color: #000000;\">Nevio Meneguz ha collaborato con il Csv sin dal 1999, ricoprendo ruoli di alta responsabilit\u00e0 fino al novembre 2023 quando ha assunto un incarico di prestigio presso un altro ente della provincia di Belluno. <\/span><span style=\"color: #000000;\"><span style=\"font-family: Calibri, serif;\"><span style=\"font-size: large;\">Oltre che nella professione, si \u00e8 distinto per il suo costante e diretto impegno nel mondo del volontariato nel territorio feltrino. <\/span><\/span><\/span><span style=\"font-size: large; font-family: Calibri, serif; color: #000000;\">Tutto il Csv Belluno Treviso, per voce della sua presidente Elisa Corr\u00e0, si stringe al dolore della famiglia.\u00a0 \u00a0<\/span><\/p>\n<hr \/>\n<blockquote>\n<h3><\/h3>\n<h3>Cordoglio per la scomparsa di Nevio Meneguz dal sindaco Viviana Fusaro<\/h3>\n<\/blockquote>\n<p><em><strong>FELTRE<\/strong> &#8220;Esprimo a nome personale e di tutta l&#8217;Amministrazione sincero cordoglio per la scomparsa di Nevio Meneguz. Con lui la comunit\u00e0 feltrina e bellunese perdono una figura di riferimento per l&#8217;intero Terzo Settore, Meneguz ha dimostrato negli anni grande preparazione, ma anche profonda passione per il mondo del volontariato e dell&#8217;associazionismo, motori insostituibili delle nostre realt\u00e0 locali, mostrando sempre competenza e disponibilit\u00e0, in particolar modo nelle fasi di grande trasformazione degli ultimi anni&#8221;.<\/em><\/p>\n<p>&nbsp;<\/p>\n<hr \/>\n<p>&nbsp;<\/p>\n<p>&nbsp;<\/p>\n<blockquote>\n<h1>\u00a0Il cordoglio dell\u2019Associazione Bellunesi nel Mondo<\/h1>\n<\/blockquote>\n<p><strong>Il Presidente Oscar De Bona\u00a0<\/strong><\/p>\n<p><em>&#8220;Siamo riconoscenti a Meneguz per quanto fatto a favore dell\u2018associazionismo bellunese e, nel nostro caso, in modo diretto all\u2019Abm. Ci ha supportato in diverse occasioni sia per quanto riguarda la parte burocratica, sia per progetti che abbiamo condiviso insieme. Ci mancher\u00e0 la sua disponibilit\u00e0 e la sua passione per il lavoro, che ha sempre svolto con capacit\u00e0 e competenza e anche con un pizzico di allegria e simpatia. Con la sua scomparsa il mondo del volontariato della provincia di Belluno perde un valido punto di riferimento&#8221;.<\/em><\/p>\n<p>&nbsp;<\/p>\n<hr \/>\n<p>&nbsp;<\/p>\n<blockquote>\n<h3><a class=\"dt-pswp-item\" href=\"https:\/\/www.radiopiu.net\/wordpress\/wp-content\/uploads\/2024\/02\/Immagine-Nevio-Meneguz.jpg\" data-dt-img-description=\"\" data-large_image_width=\"513\" data-large_image_height=\"856\"><img loading=\"lazy\" decoding=\"async\" class=\" wp-image-374449 alignleft\" src=\"https:\/\/www.radiopiu.net\/wordpress\/wp-content\/uploads\/2024\/02\/Immagine-Nevio-Meneguz-180x300.jpg\" alt=\"\" width=\"83\" height=\"138\" srcset=\"https:\/\/www.radiopiu.net\/wordpress\/wp-content\/uploads\/2024\/02\/Immagine-Nevio-Meneguz-180x300.jpg 180w, https:\/\/www.radiopiu.net\/wordpress\/wp-content\/uploads\/2024\/02\/Immagine-Nevio-Meneguz.jpg 513w\" sizes=\"auto, (max-width: 83px) 100vw, 83px\" \/><\/a>CORDOGLIO PER LA SCOMPARSA DEL DIRETTORE DELLA CASSA EDILE E DEL C.F.S DI BELLUNO NEVIO MENEGUZ<\/h3>\n<\/blockquote>\n<p>Le Parti Sociali costituenti la Cassa Edile e il Centro per la Formazione e la Sicurezza di Belluno: Confindustria Belluno Dolomiti, Confartigianato Imprese Belluno, Appia Belluno, Feneal Uil, Filca Cisl, Fillea CGIL, assieme al presidente, ai vicepresidenti, agli organi sociali e ai dipendenti dei due enti, si uniscono al dolore della famiglia e degli amici per la prematura perdita del neo direttore Nevio Meneguz. Nominato direttore della Cassa Edile di Belluno e del C.F.S. di Belluno il 16 novembre, aveva ricoperto per oltre vent\u2019anni i ruoli di vicedirettore e direttore al Centro di Servizio per il Volontariato della provincia di Belluno. Oltre che nella professione, si \u00e8 distinto per il suo diretto impegno nel mondo del volontariato e dell\u2019associazionismo nel territorio feltrino.<\/p>\n<p>&nbsp;<\/p>\n<hr \/>\n<p>&nbsp;<\/p>\n<blockquote>\n<h3>IL CORDOGLIO DI CONFINDUSTRIA BELLUNO DOLOMITI E ANCE BELLUNO<\/h3>\n<\/blockquote>\n<p>\u201c Se ne va un profondo conoscitore del territorio e delle sue dinamiche, un interprete autentico del Terzo settore. Mancheranno il suo equilibrio e le sue competenze che recentemente aveva portato anche nel mondo della formazione. \u00c8 un uomo che ha sempre fatto la differenza: \u00e8 una perdita grave per tutti noi\u201d. Cos\u00ec Lorraine Berton, presidente di Confindustria Belluno Dolomiti. \u201cUn uomo capace e dalla grande sensibilit\u00e0\u201d, lo ricorda con commozione anche Paolo De Cian, presidente di Ance Belluno. \u201cNevio era entrato nella nostra famiglia nell\u2019autunno scorso e gi\u00e0 si era distinto per le sue grandi doti professionali e umane. Avremmo dovuto fare tanta altra strada insieme a favore di un settore strategico per questa provincia. La sua scomparsa ci lascia senza parole. Mancher\u00e0 a tutti noi, al personale e agli studenti che avevano gi\u00e0 iniziato ad apprezzarlo\u201d.<\/p>\n<p>&nbsp;<\/p>\n<hr \/>\n<p>&nbsp;<\/p>\n<p>&nbsp;<\/p>\n<blockquote>\n<h3>DALLA PROVINCIA IL PRESIDENTE ROBERTO PADRIN<\/h3>\n<\/blockquote>\n<p>\u00abOggi il territorio bellunese e la galassia del terzo settore sono un po\u2019 pi\u00f9 soli: se ne va una persona che ha sempre lavorato in silenzio, con grande passione e professionalit\u00e0. Meneguz ha saputo coordinare quel mondo del volontariato che tanto bene fa alle nostre comunit\u00e0 locali, sapendo anche andare oltre il ruolo che ricopriva, con una passione e una professionalit\u00e0 rarissime, condite da umilt\u00e0. Sono qualit\u00e0 che mancheranno al nostro territorio, ma che lasciano un\u2019eredit\u00e0 profonda nella conformazione umana oltre che tecnica del Csv di oggi, condivisa e trasmessa a chi ha preso il suo posto&#8221;<\/p>\n<p>&nbsp;<\/p>\n<hr \/>\n<p>&nbsp;<\/p>\n<blockquote>\n<h3>GRUPPO CONSILIARE \u201cORIZZONTI IN COMUNE\u201d<br \/>\ndi Federico Paniz<\/h3>\n<\/blockquote>\n<p><em>A nome del gruppo consiliare di minoranza \u201cOrizzonti in Comune\u201d desidero esprimere le nostre<\/em><br \/>\n<em>condoglianze alla famiglia Dal Pan. Dino \u00e8 stata una figura di spicco e poliedrica del nostro paese,<\/em><br \/>\n<em>attivo su molteplici fronti: da quello politico\/amministrativo \u2013 Sindaco per 13 anni, in cui vennero<\/em><br \/>\n<em>realizzate importanti opere pubbliche -, a quello culturale con il teatro, a quello storico e sportivo \u2013<\/em><br \/>\n<em>fondatore della U.S. Plavis &#8211; e religioso. Come gruppo esprimiamo la nostra gratitudine, in<\/em><br \/>\n<em>particolare, per il prezioso lavoro di ricerca storica portato avanti con passione e sincero amore per<\/em><br \/>\n<em>le radici della nostra comunit\u00e0; la corposa produzione lasciataci in eredit\u00e0 da Dino, infatti, \u00e8 e sar\u00e0<\/em><br \/>\n<em>sicuramente una guida per guardare al futuro con consapevolezza e fiducia. Grazie Dino<\/em><\/p>\n<p>&nbsp;<\/p>\n<hr \/>\n<p>&nbsp;<\/p>\n<p><em><strong>Franco Piacentini, gi\u00e0 componente dei Direttivi Comitato di Intesa e CSV BL TV<\/strong><\/em><\/p>\n<p><strong><a class=\"dt-pswp-item\" href=\"https:\/\/www.radiopiu.net\/wordpress\/wp-content\/uploads\/2024\/02\/nevio-meneguz.jpg\" data-dt-img-description=\"\" data-large_image_width=\"300\" data-large_image_height=\"300\"><img loading=\"lazy\" decoding=\"async\" class=\" wp-image-374416 alignleft\" src=\"https:\/\/www.radiopiu.net\/wordpress\/wp-content\/uploads\/2024\/02\/nevio-meneguz.jpg\" alt=\"\" width=\"175\" height=\"175\" srcset=\"https:\/\/www.radiopiu.net\/wordpress\/wp-content\/uploads\/2024\/02\/nevio-meneguz.jpg 300w, https:\/\/www.radiopiu.net\/wordpress\/wp-content\/uploads\/2024\/02\/nevio-meneguz-150x150.jpg 150w\" sizes=\"auto, (max-width: 175px) 100vw, 175px\" \/><\/a><\/strong>Dalle amiche e dagli amici del volontariato bellunese e trevigiano, sono stato informato della improvvisa e fortemente prematura morte del dottor Nevio Meneguz, gi\u00e0 direttore del Comitato di Intesa Belluno e del CSV Belluno Treviso. Nel reciproco rispetto dei nostri ruoli, nei contesti delle realt\u00e0 associative del volontariato, comunque, tra noi due una grande e sincera amicizia. \u00c8 stato un grande direttore, notevole conoscitore delle norme (molte di queste complesse) che, anche dopo la riforma del Terzo Settore, regolano la vita, le attivit\u00e0, del volontariato. Condoglianze di cuore. Ciao caro Nevio, riposa serenamente in Cielo.<\/p>\n<p dir=\"auto\">*****<\/p>\n","protected":false},"excerpt":{"rendered":"<p>***** &nbsp; PER LE TRE RADIO, BARBARA PAOLAZZI\u00a0 &nbsp; IL CSV BELLUNO TREVISO ACCOGLIE CON DOLORE LA PERDITA DI NEVIO MENEGUZ Csv Belluno Treviso accoglie con dolore la notizia della perdita del dottor Nevio Meneguz, gi\u00e0 direttore &#8211; per oltre un decennio &#8211; del Csv di Belluno, professionista stimato e conosciuto. Nevio Meneguz ha collaborato&hellip;<\/p>\n","protected":false},"author":4,"featured_media":374416,"comment_status":"closed","ping_status":"closed","sticky":false,"template":"","format":"standard","meta":{"_monsterinsights_skip_tracking":false,"_monsterinsights_sitenote_active":false,"_monsterinsights_sitenote_note":"","_monsterinsights_sitenote_category":0,"footnotes":""},"categories":[51,49],"tags":[],"class_list":["post-374415","post","type-post","status-publish","format-standard","has-post-thumbnail","hentry","category-evidenza-top","category-news-18","category-51","category-49","description-off"],"img_url":"https:\/\/www.radiopiu.net\/wordpress\/wp-content\/uploads\/2024\/02\/nevio-meneguz.jpg","_links":{"self":[{"href":"https:\/\/www.radiopiu.net\/wordpress\/wp-json\/wp\/v2\/posts\/374415","targetHints":{"allow":["GET"]}}],"collection":[{"href":"https:\/\/www.radiopiu.net\/wordpress\/wp-json\/wp\/v2\/posts"}],"about":[{"href":"https:\/\/www.radiopiu.net\/wordpress\/wp-json\/wp\/v2\/types\/post"}],"author":[{"embeddable":true,"href":"https:\/\/www.radiopiu.net\/wordpress\/wp-json\/wp\/v2\/users\/4"}],"replies":[{"embeddable":true,"href":"https:\/\/www.radiopiu.net\/wordpress\/wp-json\/wp\/v2\/comments?post=374415"}],"version-history":[{"count":0,"href":"https:\/\/www.radiopiu.net\/wordpress\/wp-json\/wp\/v2\/posts\/374415\/revisions"}],"wp:featuredmedia":[{"embeddable":true,"href":"https:\/\/www.radiopiu.net\/wordpress\/wp-json\/wp\/v2\/media\/374416"}],"wp:attachment":[{"href":"https:\/\/www.radiopiu.net\/wordpress\/wp-json\/wp\/v2\/media?parent=374415"}],"wp:term":[{"taxonomy":"category","embeddable":true,"href":"https:\/\/www.radiopiu.net\/wordpress\/wp-json\/wp\/v2\/categories?post=374415"},{"taxonomy":"post_tag","embeddable":true,"href":"https:\/\/www.radiopiu.net\/wordpress\/wp-json\/wp\/v2\/tags?post=374415"}],"curies":[{"name":"wp","href":"https:\/\/api.w.org\/{rel}","templated":true}]}}