{"id":374486,"date":"2024-02-14T05:35:58","date_gmt":"2024-02-14T04:35:58","guid":{"rendered":"https:\/\/www.radiopiu.net\/wordpress\/?p=374486"},"modified":"2024-02-14T05:38:12","modified_gmt":"2024-02-14T04:38:12","slug":"addio-a-dino-uomo-devoto-alla-famiglia-e-al-suo-paese","status":"publish","type":"post","link":"https:\/\/www.radiopiu.net\/wordpress\/addio-a-dino-uomo-devoto-alla-famiglia-e-al-suo-paese\/","title":{"rendered":"Addio a Dino: uomo devoto alla famiglia e al suo paese"},"content":{"rendered":"<p>***<\/p>\n<p><strong><img decoding=\"async\" class=\"alignleft\" src=\"https:\/\/www.radiopiu.net\/wordpress\/wp-content\/uploads\/2024\/02\/Senza-nome-30.png\" \/>SANTA GIUSTINA<\/strong> Santa Giustina piange la scomparsa di Dino Dal Pan, uomo devoto alla famiglia e al suo paese. Lascia un vuoto nel cuore dei figli Lucio, Nadia, Paola e Irene, oltre a numerosi parenti. I funerali si terranno domani\u00a0 alle 15 nella sua amata Santa Giustina. Le eventuali offerte saranno devolute all&#8217;asilo del paese e alla Plavis, testimoniando il suo impegno per la comunit\u00e0.<\/p>\n<p>&nbsp;<\/p>\n<p>Dal Pan, uomo dal carattere forte e dalla tempra inossidabile, si \u00e8 dedicato con passione al suo paese, ricoprendo la carica di primo cittadino per tre mandati. Durante il suo mandato, ha guidato Santa Giustina con tenacia e lungimiranza, realizzando opere importanti e migliorando la qualit\u00e0 della vita dei cittadini. La sua dedizione al bene comune era innegabile. Impegno e concretezza sono stati i tratti distintivi del suo operato, sempre volto al progresso e al benessere della comunit\u00e0. Le sue priorit\u00e0 erano chiare: sicurezza, cultura, sviluppo economico e sociale, tutela del territorio e attenzione alle fasce pi\u00f9 deboli. La sua scomparsa lascia un vuoto incolmabile in tutti coloro che lo hanno conosciuto. Il suo esempio di dedizione e il suo instancabile impegno per il bene comune, le tante pubblicazioni sulla nostra storia e impegni nel mondo del locale associazionismo rimarranno per sempre impressi nella memoria di Santa Giustina. &#8220;Alla famiglia di Dino Dal Pan vanno le pi\u00f9 sentite condoglianze da parte dell&#8217;intera comunit\u00e0. In segno di lutto, il giorno delle esequie, le bandiere del Comune saranno esposte a mezz&#8217;asta. Dino Dal Pan, uomo di cultura, concretezza e di azione, mancher\u00e0 a tutti noi. Riposa in pace.<br \/>\n<strong>Ivan Minella, Sindaco di Santa Giustina<\/strong><\/p>\n<p>&nbsp;<\/p>\n<p>&nbsp;<\/p>\n<hr \/>\n<div class=\"w-full pt-2 md:pt-0 dark:border-white\/20 md:border-transparent md:dark:border-transparent md:w-[calc(100%-.5rem)]\">\n<form class=\"stretch mx-2 flex flex-row gap-3 last:mb-2 md:mx-4 md:last:mb-6 lg:mx-auto lg:max-w-2xl xl:max-w-3xl\">\n<div class=\"relative flex h-full flex-1 items-stretch md:flex-col\">\n<div class=\"flex w-full items-center\"><\/div>\n<\/div>\n<\/form>\n<\/div>\n<p>&nbsp;<\/p>\n","protected":false},"excerpt":{"rendered":"<p>*** SANTA GIUSTINA Santa Giustina piange la scomparsa di Dino Dal Pan, uomo devoto alla famiglia e al suo paese. Lascia un vuoto nel cuore dei figli Lucio, Nadia, Paola e Irene, oltre a numerosi parenti. I funerali si terranno domani\u00a0 alle 15 nella sua amata Santa Giustina. Le eventuali offerte saranno devolute all&#8217;asilo del&hellip;<\/p>\n","protected":false},"author":4,"featured_media":374487,"comment_status":"closed","ping_status":"closed","sticky":false,"template":"","format":"standard","meta":{"_monsterinsights_skip_tracking":false,"_monsterinsights_sitenote_active":false,"_monsterinsights_sitenote_note":"","_monsterinsights_sitenote_category":0,"footnotes":""},"categories":[51,49],"tags":[],"class_list":["post-374486","post","type-post","status-publish","format-standard","has-post-thumbnail","hentry","category-evidenza-top","category-news-18","category-51","category-49","description-off"],"img_url":"https:\/\/www.radiopiu.net\/wordpress\/wp-content\/uploads\/2024\/02\/Senza-nome-30.png","_links":{"self":[{"href":"https:\/\/www.radiopiu.net\/wordpress\/wp-json\/wp\/v2\/posts\/374486","targetHints":{"allow":["GET"]}}],"collection":[{"href":"https:\/\/www.radiopiu.net\/wordpress\/wp-json\/wp\/v2\/posts"}],"about":[{"href":"https:\/\/www.radiopiu.net\/wordpress\/wp-json\/wp\/v2\/types\/post"}],"author":[{"embeddable":true,"href":"https:\/\/www.radiopiu.net\/wordpress\/wp-json\/wp\/v2\/users\/4"}],"replies":[{"embeddable":true,"href":"https:\/\/www.radiopiu.net\/wordpress\/wp-json\/wp\/v2\/comments?post=374486"}],"version-history":[{"count":0,"href":"https:\/\/www.radiopiu.net\/wordpress\/wp-json\/wp\/v2\/posts\/374486\/revisions"}],"wp:featuredmedia":[{"embeddable":true,"href":"https:\/\/www.radiopiu.net\/wordpress\/wp-json\/wp\/v2\/media\/374487"}],"wp:attachment":[{"href":"https:\/\/www.radiopiu.net\/wordpress\/wp-json\/wp\/v2\/media?parent=374486"}],"wp:term":[{"taxonomy":"category","embeddable":true,"href":"https:\/\/www.radiopiu.net\/wordpress\/wp-json\/wp\/v2\/categories?post=374486"},{"taxonomy":"post_tag","embeddable":true,"href":"https:\/\/www.radiopiu.net\/wordpress\/wp-json\/wp\/v2\/tags?post=374486"}],"curies":[{"name":"wp","href":"https:\/\/api.w.org\/{rel}","templated":true}]}}