{"id":374537,"date":"2024-02-14T04:31:30","date_gmt":"2024-02-14T03:31:30","guid":{"rendered":"https:\/\/www.radiopiu.net\/wordpress\/?p=374537"},"modified":"2024-02-14T07:39:30","modified_gmt":"2024-02-14T06:39:30","slug":"crisi-nellagricoltura-protesta-dei-contadini-in-germania-e-in-montagna","status":"publish","type":"post","link":"https:\/\/www.radiopiu.net\/wordpress\/crisi-nellagricoltura-protesta-dei-contadini-in-germania-e-in-montagna\/","title":{"rendered":"Crisi nell&#8217;agricoltura: protesta dei contadini in Germania e  in montagna"},"content":{"rendered":"<p>***<\/p>\n<p>&nbsp;<\/p>\n<blockquote><p><em>Egidio De Zaiacomo\u00a0 ex presidente della latteria di Livinallongo e referente per la stessa del<\/em><br \/>\n<em>progetto Slow Food,\u00a0 spiega le\u00a0 recriminazioni delle piccole aziende di montagna.<\/em><\/p><\/blockquote>\n<p><strong><img loading=\"lazy\" decoding=\"async\" class=\"alignleft\" src=\"https:\/\/www.radiopiu.net\/wordpress\/wp-content\/uploads\/2024\/02\/pexels-photo-771146.jpg\" width=\"218\" height=\"139\" \/>LIVINALLONGO<\/strong> Un movimento di protesta dei contadini, partito dalla Germania ha coinvolto anche l&#8217;Italia.\u00a0 Le grandi aziende di pianura sono le pi\u00f9 colpite, ma le piccole aziende di montagna lamentano una situazione simile, aggravata dal taglio dei contributi per il pascolamento e lo sfalcio dei prati. Queste misure mettono a rischio la sostenibilit\u00e0 delle piccole stalle di montagna, che producono in modo sano e di qualit\u00e0. Il problema principale per le aziende di montagna \u00e8 la necessit\u00e0 di avere un secondo lavoro per sopravvivere, nonostante il ruolo cruciale che svolgono nel mantenere il territorio e prevenire le catastrofi idrogeologiche.<\/p>\n<p><strong>DI LORENZO SORATROI<\/strong><\/p>\n<audio class=\"wp-audio-shortcode\" id=\"audio-374537-1\" preload=\"none\" style=\"width: 100%;\" controls=\"controls\"><source type=\"audio\/mpeg\" src=\"https:\/\/www.radiopiu.net\/wordpress\/wp-content\/uploads\/2024\/02\/LORENZO-LATTERIA-LIVINALLONGO.mp3?_=1\" \/><a href=\"https:\/\/www.radiopiu.net\/wordpress\/wp-content\/uploads\/2024\/02\/LORENZO-LATTERIA-LIVINALLONGO.mp3\">https:\/\/www.radiopiu.net\/wordpress\/wp-content\/uploads\/2024\/02\/LORENZO-LATTERIA-LIVINALLONGO.mp3<\/a><\/audio>\n<p>&nbsp;<\/p>\n<p>&nbsp;<\/p>\n<p>&nbsp;<\/p>\n<hr \/>\n<p>&nbsp;<\/p>\n","protected":false},"excerpt":{"rendered":"<p>*** &nbsp; Egidio De Zaiacomo\u00a0 ex presidente della latteria di Livinallongo e referente per la stessa del progetto Slow Food,\u00a0 spiega le\u00a0 recriminazioni delle piccole aziende di montagna. LIVINALLONGO Un movimento di protesta dei contadini, partito dalla Germania ha coinvolto anche l&#8217;Italia.\u00a0 Le grandi aziende di pianura sono le pi\u00f9 colpite, ma le piccole aziende&hellip;<\/p>\n","protected":false},"author":4,"featured_media":374539,"comment_status":"closed","ping_status":"closed","sticky":false,"template":"","format":"standard","meta":{"_monsterinsights_skip_tracking":false,"_monsterinsights_sitenote_active":false,"_monsterinsights_sitenote_note":"","_monsterinsights_sitenote_category":0,"footnotes":""},"categories":[104,49],"tags":[],"class_list":["post-374537","post","type-post","status-publish","format-standard","has-post-thumbnail","hentry","category-evidenza_3","category-news-18","category-104","category-49","description-off"],"img_url":"https:\/\/www.radiopiu.net\/wordpress\/wp-content\/uploads\/2024\/02\/pexels-photo-771146.jpg","_links":{"self":[{"href":"https:\/\/www.radiopiu.net\/wordpress\/wp-json\/wp\/v2\/posts\/374537","targetHints":{"allow":["GET"]}}],"collection":[{"href":"https:\/\/www.radiopiu.net\/wordpress\/wp-json\/wp\/v2\/posts"}],"about":[{"href":"https:\/\/www.radiopiu.net\/wordpress\/wp-json\/wp\/v2\/types\/post"}],"author":[{"embeddable":true,"href":"https:\/\/www.radiopiu.net\/wordpress\/wp-json\/wp\/v2\/users\/4"}],"replies":[{"embeddable":true,"href":"https:\/\/www.radiopiu.net\/wordpress\/wp-json\/wp\/v2\/comments?post=374537"}],"version-history":[{"count":0,"href":"https:\/\/www.radiopiu.net\/wordpress\/wp-json\/wp\/v2\/posts\/374537\/revisions"}],"wp:featuredmedia":[{"embeddable":true,"href":"https:\/\/www.radiopiu.net\/wordpress\/wp-json\/wp\/v2\/media\/374539"}],"wp:attachment":[{"href":"https:\/\/www.radiopiu.net\/wordpress\/wp-json\/wp\/v2\/media?parent=374537"}],"wp:term":[{"taxonomy":"category","embeddable":true,"href":"https:\/\/www.radiopiu.net\/wordpress\/wp-json\/wp\/v2\/categories?post=374537"},{"taxonomy":"post_tag","embeddable":true,"href":"https:\/\/www.radiopiu.net\/wordpress\/wp-json\/wp\/v2\/tags?post=374537"}],"curies":[{"name":"wp","href":"https:\/\/api.w.org\/{rel}","templated":true}]}}