{"id":374548,"date":"2024-02-15T05:36:54","date_gmt":"2024-02-15T04:36:54","guid":{"rendered":"https:\/\/www.radiopiu.net\/wordpress\/?p=374548"},"modified":"2024-02-15T09:17:45","modified_gmt":"2024-02-15T08:17:45","slug":"giornale-radiopiu-15-febbraio-2024-direttore-mirko-mezzacasada-40-anni-25-giugno-1983-25-giugno-2023","status":"publish","type":"post","link":"https:\/\/www.radiopiu.net\/wordpress\/giornale-radiopiu-15-febbraio-2024-direttore-mirko-mezzacasada-40-anni-25-giugno-1983-25-giugno-2023\/","title":{"rendered":"GIORNALE RADIOPIU 15 FEBBRAIO 2024 DIRETTORE MIRKO MEZZACASA\u2026DA 40 ANNI 25 GIUGNO 1983-25 GIUGNO 2023"},"content":{"rendered":"<p>*****<\/p>\n<p>&nbsp;<\/p>\n<hr \/>\n<p>&nbsp;<\/p>\n<h1 class=\"entry-title photoswipe-wrapper\"><strong><a class=\"dt-pswp-item\" href=\"https:\/\/www.radiopiu.net\/wordpress\/wp-content\/uploads\/2023\/12\/logo-radio.jpg\" data-dt-img-description=\"\" data-large_image_width=\"800\" data-large_image_height=\"600\"><img loading=\"lazy\" decoding=\"async\" class=\"wp-image-367163 alignleft\" src=\"https:\/\/www.radiopiu.net\/wordpress\/wp-content\/uploads\/2023\/12\/logo-radio-300x225.jpg\" alt=\"\" width=\"109\" height=\"82\" srcset=\"https:\/\/www.radiopiu.net\/wordpress\/wp-content\/uploads\/2023\/12\/logo-radio-300x225.jpg 300w, https:\/\/www.radiopiu.net\/wordpress\/wp-content\/uploads\/2023\/12\/logo-radio-768x576.jpg 768w, https:\/\/www.radiopiu.net\/wordpress\/wp-content\/uploads\/2023\/12\/logo-radio.jpg 800w\" sizes=\"auto, (max-width: 109px) 100vw, 109px\" \/><\/a><\/strong><\/h1>\n<h1 class=\"entry-title photoswipe-wrapper\">40esimo di RADIOPIU\u2026. LA VOCE DELL\u2019EMOZIONE<\/h1>\n<h2><\/h2>\n<h2><span style=\"color: #ff0000;\">ISCRIVITI AL NOSTRO CANALE\u00a0\u00a0YOUTUBE PER SEGUIRE IN DIRETTA I PRINCIPALI PROGRAMMI DI RADIO PIU\u2019 E LE FUTURE DIRETTE IN ESTERNA. PER ISCRIVERTI <a style=\"color: #ff0000;\" href=\"https:\/\/youtube.com\/@radiopiu1527\">CLICCA QUI\u00a0<\/a>E PREMI\u00a0 \u201cIscriviti\u201d\u00a0 \u00a0<\/span><\/h2>\n<div class=\"x1e56ztr\" data-block=\"true\" data-editor=\"avj4u\" data-offset-key=\"d3i0j-0-0\"><\/div>\n<div data-block=\"true\" data-editor=\"avj4u\" data-offset-key=\"d3i0j-0-0\"><\/div>\n<div data-block=\"true\" data-editor=\"avj4u\" data-offset-key=\"d3i0j-0-0\"><\/div>\n<div class=\"x11i5rnm xat24cr x1mh8g0r x1vvkbs xtlvy1s x126k92a\">\n<div dir=\"auto\">\n<p><a class=\"dt-pswp-item\" href=\"https:\/\/www.radiopiu.net\/wordpress\/wp-content\/uploads\/2023\/10\/34f4cfc6-e863-46e9-9695-8df44be63421.jpg\" data-dt-img-description=\"\" data-large_image_width=\"1200\" data-large_image_height=\"1200\"><img loading=\"lazy\" decoding=\"async\" class=\"wp-image-357393 alignleft\" src=\"https:\/\/www.radiopiu.net\/wordpress\/wp-content\/uploads\/2023\/10\/34f4cfc6-e863-46e9-9695-8df44be63421-300x300.jpg\" alt=\"\" width=\"81\" height=\"81\" srcset=\"https:\/\/www.radiopiu.net\/wordpress\/wp-content\/uploads\/2023\/10\/34f4cfc6-e863-46e9-9695-8df44be63421-300x300.jpg 300w, https:\/\/www.radiopiu.net\/wordpress\/wp-content\/uploads\/2023\/10\/34f4cfc6-e863-46e9-9695-8df44be63421-1024x1024.jpg 1024w, https:\/\/www.radiopiu.net\/wordpress\/wp-content\/uploads\/2023\/10\/34f4cfc6-e863-46e9-9695-8df44be63421-150x150.jpg 150w, https:\/\/www.radiopiu.net\/wordpress\/wp-content\/uploads\/2023\/10\/34f4cfc6-e863-46e9-9695-8df44be63421-768x768.jpg 768w, https:\/\/www.radiopiu.net\/wordpress\/wp-content\/uploads\/2023\/10\/34f4cfc6-e863-46e9-9695-8df44be63421.jpg 1200w\" sizes=\"auto, (max-width: 81px) 100vw, 81px\" \/><\/a>OGGI ALLA RADIO: <strong>ALLE 7<\/strong> LA RASSEGNA STAMPA LOCALE FLASH, PER CHI COME NOI ALLE SETTE DEL MATTINO VA DI FRETTA, TANTE NOTIZIE IN POCHE CHIACCHIERE. <strong>ALLE OTTO<\/strong> L&#8217;APPROFONDIMENTO NELLA STORICA RASSEGNA STAMPA LOCALE.\u00a0 DALLE 6 ALLE 21, OGNI ORA, L&#8217;INFORMAZIONE NAZIONALE, l&#8217;informazione locale,\u00a0 OGNI ORA IN CODA AL GR NAZIONALE, ALLE 14 VIABILITA 15 METEOROLOGIA 19 I TITOLI DAL TG DI ANTENNA 3 A CURA DI TIZIANA BOLOGNANI<\/p>\n<p>&nbsp;<\/p>\n<p>&nbsp;<\/p>\n<p>&nbsp;<\/p>\n<p><strong><a class=\"dt-pswp-item\" href=\"https:\/\/www.radiopiu.net\/wordpress\/wp-content\/uploads\/2024\/02\/2d44e751-d8a8-461b-8e22-d8e4e853b032.jpg\" data-dt-img-description=\"\" data-large_image_width=\"1600\" data-large_image_height=\"1200\"><img loading=\"lazy\" decoding=\"async\" class=\"wp-image-373307 alignleft\" src=\"https:\/\/www.radiopiu.net\/wordpress\/wp-content\/uploads\/2024\/02\/2d44e751-d8a8-461b-8e22-d8e4e853b032-300x225.jpg\" alt=\"\" width=\"105\" height=\"79\" srcset=\"https:\/\/www.radiopiu.net\/wordpress\/wp-content\/uploads\/2024\/02\/2d44e751-d8a8-461b-8e22-d8e4e853b032-300x225.jpg 300w, https:\/\/www.radiopiu.net\/wordpress\/wp-content\/uploads\/2024\/02\/2d44e751-d8a8-461b-8e22-d8e4e853b032-1024x768.jpg 1024w, https:\/\/www.radiopiu.net\/wordpress\/wp-content\/uploads\/2024\/02\/2d44e751-d8a8-461b-8e22-d8e4e853b032-768x576.jpg 768w, https:\/\/www.radiopiu.net\/wordpress\/wp-content\/uploads\/2024\/02\/2d44e751-d8a8-461b-8e22-d8e4e853b032-1536x1152.jpg 1536w, https:\/\/www.radiopiu.net\/wordpress\/wp-content\/uploads\/2024\/02\/2d44e751-d8a8-461b-8e22-d8e4e853b032.jpg 1600w\" sizes=\"auto, (max-width: 105px) 100vw, 105px\" \/><\/a>EL BAL DEL FIOR, DI GIULIANA DA RONCH, 15 FEBBRAIO 2024\u00a0<\/strong><\/p>\n<p>&nbsp;<\/p>\n<p><span style=\"color: #ff0000;\"><strong>IL GIOVEDI<\/strong><\/span><\/p>\n<audio class=\"wp-audio-shortcode\" id=\"audio-374548-1\" preload=\"none\" style=\"width: 100%;\" controls=\"controls\"><source type=\"audio\/mpeg\" src=\"https:\/\/www.radiopiu.net\/wordpress\/wp-content\/uploads\/2024\/02\/GGI-1.m4a?_=1\" \/><a href=\"https:\/\/www.radiopiu.net\/wordpress\/wp-content\/uploads\/2024\/02\/GGI-1.m4a\">https:\/\/www.radiopiu.net\/wordpress\/wp-content\/uploads\/2024\/02\/GGI-1.m4a<\/a><\/audio>\n<p>&nbsp;<\/p>\n<p><a class=\"dt-pswp-item\" href=\"https:\/\/www.radiopiu.net\/wordpress\/wp-content\/uploads\/2022\/02\/MyRadioPiu_miaidea.png\" data-dt-img-description=\"\" data-large_image_width=\"483\" data-large_image_height=\"374\"><img loading=\"lazy\" decoding=\"async\" class=\"wp-image-325190 alignleft\" src=\"https:\/\/www.radiopiu.net\/wordpress\/wp-content\/uploads\/2022\/02\/MyRadioPiu_miaidea-300x232.png\" alt=\"\" width=\"132\" height=\"102\" srcset=\"https:\/\/www.radiopiu.net\/wordpress\/wp-content\/uploads\/2022\/02\/MyRadioPiu_miaidea-300x232.png 300w, https:\/\/www.radiopiu.net\/wordpress\/wp-content\/uploads\/2022\/02\/MyRadioPiu_miaidea.png 483w\" sizes=\"auto, (max-width: 132px) 100vw, 132px\" \/><\/a>OGGI ALLA RADIO ALLE 7.20 <strong>EL BAL DEL FIOR CON GIULIANA DA RONCH<\/strong>, ALLE 8.20 <strong>PIU&#8217; SIAMO CON MARINA DONA&#8217;<\/strong>, ALLE 10.10\u00a0 CIAK SI GOSSIP CON <strong>PAOLA LANCIATO ALLE 10.30<\/strong> E 1900 Presidio Libera Agordino con Liana Cavallet_Carlo Sartor_Johannes Keintzel di <strong>GIANNI SANTOMASO<\/strong><\/p>\n<p>&nbsp;<\/p>\n<p>&nbsp;<\/p>\n<\/div>\n<hr \/>\n<\/div>\n<hr \/>\n<hr \/>\n<hr \/>\n<blockquote>\n<blockquote>\n<h1><span style=\"color: #ff0000;\">\u00a0<\/span><\/h1>\n<h1><span style=\"color: #ff0000;\">I podcast informativi del mattino &#8211; audio &#8211;\u00a0<\/span><\/h1>\n<\/blockquote>\n<p><strong><a class=\"dt-pswp-item\" href=\"https:\/\/www.radiopiu.net\/wordpress\/wp-content\/uploads\/2023\/11\/th-10.jpg\" data-dt-img-description=\"\" data-large_image_width=\"320\" data-large_image_height=\"180\"><img loading=\"lazy\" decoding=\"async\" class=\"wp-image-362866 alignleft\" src=\"https:\/\/www.radiopiu.net\/wordpress\/wp-content\/uploads\/2023\/11\/th-10-300x169.jpg\" alt=\"\" width=\"185\" height=\"104\" srcset=\"https:\/\/www.radiopiu.net\/wordpress\/wp-content\/uploads\/2023\/11\/th-10-300x169.jpg 300w, https:\/\/www.radiopiu.net\/wordpress\/wp-content\/uploads\/2023\/11\/th-10.jpg 320w\" sizes=\"auto, (max-width: 185px) 100vw, 185px\" \/><\/a>LA RASSEGNA STAMPA NAZIONALE ALLA RADIO, OGNI GIORNO ALLE 5 E ALLE 6 DEL MATTINO <span style=\"color: #0000ff;\">viene pubblicata alle 6.00 <span style=\"color: #ff0000;\">DIRETTA RADIO\u00a0\u00a0<\/span><\/span><\/strong><\/p>\n<p>&nbsp;<\/p>\n<p>&nbsp;<\/p>\n<p>Spari a<strong> Kansas<\/strong> city durante la parata dei Chips.\u00a0 La <strong>Russia<\/strong> preferisce Biden e Trump. <strong>Putin<\/strong> firma la legge per la confisca dei beni a chi condanna l&#8217;invasione dell&#8217;Ucraina. <strong>Fratelli d&#8217;Italia<\/strong> approva il mille proroghe: Medici in corsia fino a 72 anni. <strong>Peste bubbonica<\/strong> negli stati uniti. In Italia <strong>disinfezione<\/strong> degli arei per difendersi dalla\u00a0 denghe. <strong>Uccide la figlia<\/strong> e si toglie la vita. <strong>San Valentino<\/strong> batte Pasqua, viva la cioccolata.<\/p>\n<h2>L&#8217;AUDIO dalle 4 del mattino<\/h2>\n<audio class=\"wp-audio-shortcode\" id=\"audio-374548-2\" preload=\"none\" style=\"width: 100%;\" controls=\"controls\"><source type=\"audio\/mpeg\" src=\"https:\/\/www.radiopiu.net\/wordpress\/wp-content\/uploads\/2024\/02\/GIORNALEDELLESEI-15.mp3?_=2\" \/><a href=\"https:\/\/www.radiopiu.net\/wordpress\/wp-content\/uploads\/2024\/02\/GIORNALEDELLESEI-15.mp3\">https:\/\/www.radiopiu.net\/wordpress\/wp-content\/uploads\/2024\/02\/GIORNALEDELLESEI-15.mp3<\/a><\/audio>\n<p>&nbsp;<\/p><\/blockquote>\n<p>&nbsp;<\/p>\n<p>&nbsp;<\/p>\n<hr \/>\n<p>&nbsp;<\/p>\n<h1 style=\"text-align: center;\"><span style=\"color: #ff0000;\">I podcast informativi del mattino &#8211; audio &#8211;\u00a0<\/span><\/h1>\n<p><strong><a class=\"dt-pswp-item\" href=\"https:\/\/www.radiopiu.net\/wordpress\/wp-content\/uploads\/2023\/12\/images.png\" data-dt-img-description=\"\" data-large_image_width=\"316\" data-large_image_height=\"160\"><img loading=\"lazy\" decoding=\"async\" class=\"wp-image-367008 alignleft\" src=\"https:\/\/www.radiopiu.net\/wordpress\/wp-content\/uploads\/2023\/12\/images-300x152.png\" alt=\"\" width=\"235\" height=\"119\" srcset=\"https:\/\/www.radiopiu.net\/wordpress\/wp-content\/uploads\/2023\/12\/images-300x152.png 300w, https:\/\/www.radiopiu.net\/wordpress\/wp-content\/uploads\/2023\/12\/images.png 316w\" sizes=\"auto, (max-width: 235px) 100vw, 235px\" \/><\/a>OGNI GIORNO ALLE SETTE DEL MATTINO, LA RASSEGNA STAMPA LOCALE FLASH&#8230; PER CHI VA IN FRETTA. I TITOLI DAI GIORNALI E DAL SITO WWW.RADIOPIU.NET <span style=\"color: #0000ff;\">viene pubblicato alle 7.00<\/span> <span style=\"color: #ff0000;\">DIRETTA RADIO\u00a0<\/span><\/strong><\/p>\n<p><em><span style=\"color: #ff0000;\">per chi va in fretta&#8230; tante notizie in pochi minuti. L&#8217;informazione locale alla radio, ogni ora dalle 7 del mattino alle 19 della sera.\u00a0 \u00a0\u00a0<\/span><\/em><\/p>\n<p>di mirko mezzacasa<\/p>\n<p><strong>REDAZIONE<\/strong> Taibon perde Udilio Cadorin. Pippo, per tutti era Pippo. Udilio Cadorin, socio fondatore di Radio Pi\u00f9 con altri 9 amici, compreso Renzo Gavaz, primo presidente.<br \/>\n<strong>OGGI ALLE 15.40<\/strong> I FUNERALI DI NEVIO MENEGUZ A ZOLLET<br \/>\n<strong>CANALE D\u2019AGORDO<\/strong> Sono tre le valanghe segnalate ieri sulle montagne bellunesi, in due casi hanno coinvolto degli scialpinisti.<br \/>\n<strong>TRICHIANA<\/strong> Ieri sera intorno alle 22.30 nella zona della rotonda di Trichiana si \u00e8 verificato un inseguimento con speronamento tra una Chrysler e una pattuglia dei carabinieri. La vettura non si \u00e8 fermata all\u2019alt dei militari ed \u00e8 scattato l\u2019inseguimento, terminato con uno schianto che ha causato danni alle auto coinvolte ma fortunatamente nessun ferito.<br \/>\n<strong>AUMENTA IL PELLET,<\/strong> MA NON PER SCELTA DEGLI IMPRENDITORI<br \/>\n<strong>BOLLETTE: NEL 2023<\/strong> IN VENETO -34% PER L\u2019ELETTRICIT\u00c0 E -27% PER IL GAS<br \/>\n2023: un altro anno record per <strong>EssilorLuxottica + 7,1 %<\/strong><br \/>\nProposta di riconferma e scaglionamento dei mandati nel nuovo Consiglio di Amministrazione di EssilorLuxottica<strong>, Milleri rimane in sella.<\/strong><br \/>\n<strong>belluno<\/strong> SCUOLA DI BADILET, VIA AI LAVORI DI MIGLIORAMENTO SISMICO<br \/>\nGOSETTI PRONTO PER UN SECONDO MANDATO \u201cTANTE COSE RIMASTE DA FARE\u201d, MA PIOL LO ATTACCA RICHIAMANDO LA DELRIO<br \/>\n<strong>colle santa lucia<\/strong> LEZUO CONTRO FRENA \u201cCOSA ASPETTA A VARARE I PIANI DI INTERVENTO?\u201d<\/p>\n<h2>AUDIO dalle 7 del mattino<\/h2>\n<audio class=\"wp-audio-shortcode\" id=\"audio-374548-3\" preload=\"none\" style=\"width: 100%;\" controls=\"controls\"><source type=\"audio\/mpeg\" src=\"https:\/\/www.radiopiu.net\/wordpress\/wp-content\/uploads\/2024\/02\/GF07-12.mp3?_=3\" \/><a href=\"https:\/\/www.radiopiu.net\/wordpress\/wp-content\/uploads\/2024\/02\/GF07-12.mp3\">https:\/\/www.radiopiu.net\/wordpress\/wp-content\/uploads\/2024\/02\/GF07-12.mp3<\/a><\/audio>\n<p>&nbsp;<\/p>\n<p>&nbsp;<\/p>\n<p>&nbsp;<\/p>\n<hr \/>\n<p>&nbsp;<\/p>\n<h1><\/h1>\n<h1 style=\"text-align: center;\"><span style=\"color: #ff0000;\"><a class=\"dt-pswp-item\" href=\"https:\/\/www.radiopiu.net\/wordpress\/wp-content\/uploads\/2022\/01\/026c3f9d-dae9-4040-a3c1-a6530231bcc3.jpg\" data-dt-img-description=\"\" data-large_image_width=\"1152\" data-large_image_height=\"2048\"><img loading=\"lazy\" decoding=\"async\" class=\"wp-image-251839 alignleft\" src=\"https:\/\/www.radiopiu.net\/wordpress\/wp-content\/uploads\/2022\/01\/026c3f9d-dae9-4040-a3c1-a6530231bcc3-169x300.jpg\" alt=\"\" width=\"100\" height=\"177\" srcset=\"https:\/\/www.radiopiu.net\/wordpress\/wp-content\/uploads\/2022\/01\/026c3f9d-dae9-4040-a3c1-a6530231bcc3-169x300.jpg 169w, https:\/\/www.radiopiu.net\/wordpress\/wp-content\/uploads\/2022\/01\/026c3f9d-dae9-4040-a3c1-a6530231bcc3-576x1024.jpg 576w, https:\/\/www.radiopiu.net\/wordpress\/wp-content\/uploads\/2022\/01\/026c3f9d-dae9-4040-a3c1-a6530231bcc3-768x1365.jpg 768w, https:\/\/www.radiopiu.net\/wordpress\/wp-content\/uploads\/2022\/01\/026c3f9d-dae9-4040-a3c1-a6530231bcc3-864x1536.jpg 864w, https:\/\/www.radiopiu.net\/wordpress\/wp-content\/uploads\/2022\/01\/026c3f9d-dae9-4040-a3c1-a6530231bcc3.jpg 1152w\" sizes=\"auto, (max-width: 100px) 100vw, 100px\" \/><\/a>I podcast informativi del mattino &#8211; audio &#8211;\u00a0<\/span><\/h1>\n<blockquote><p><strong>GIORNALE RADIO NAZIONALE, EDIZIONE DELLE SETTE <span style=\"color: #0000ff;\">viene pubblicato alle 7.05 <span style=\"color: #ff0000;\">DIRETTA RADIO\u00a0<\/span><\/span><\/strong><\/p><\/blockquote>\n<p><strong>il giornale radionazionale e&#8217; in onda ogni ora, dalle sette del mattino alle venti della sera\u00a0\u00a0<\/strong><\/p>\n<p>&nbsp;<\/p>\n<p>&nbsp;<\/p>\n<p><strong>Un morto e 22 feriti<\/strong> nella sparatoria in Missouri durante la parata dei Chips. <strong>Medio Oriente<\/strong>, raid aerei sul Libano, trattative in corso per il rilacio degli ostaggi. Dalla Palestina appello ad Hamas per evitare ulteriori catastrofi. <strong>L&#8217;amministratore delegato della RAI<\/strong> sotto scorta minacciato dopo aver dichiarato solidariet\u00e0 ad Israele dimenticando i Palestinesi. Sentenza per la tragedia di<strong> Rigopiano<\/strong>, morirono 29 persone, Prefetto condannato dopo l&#8217;assoluzione in primo grado. Commissione per <strong>l&#8217;emergenza covid,<\/strong> polemica scatenata da Fratelli d&#8217;Italia.<\/p>\n<h2>AUDIO dalle sette del mattino, ogni ora alla radio<\/h2>\n<audio class=\"wp-audio-shortcode\" id=\"audio-374548-4\" preload=\"none\" style=\"width: 100%;\" controls=\"controls\"><source type=\"audio\/mpeg\" src=\"https:\/\/www.radiopiu.net\/wordpress\/wp-content\/uploads\/2024\/02\/giornale07-12.mp3?_=4\" \/><a href=\"https:\/\/www.radiopiu.net\/wordpress\/wp-content\/uploads\/2024\/02\/giornale07-12.mp3\">https:\/\/www.radiopiu.net\/wordpress\/wp-content\/uploads\/2024\/02\/giornale07-12.mp3<\/a><\/audio>\n<h2><\/h2>\n<hr \/>\n<p>&nbsp;<\/p>\n<p>&nbsp;<\/p>\n<h1><span style=\"color: #ff0000;\">I podcast informativi del mattino &#8211; video &#8211;\u00a0<\/span><\/h1>\n<h2><strong><a class=\"dt-pswp-item\" href=\"https:\/\/www.radiopiu.net\/wordpress\/wp-content\/uploads\/2023\/12\/th-10.jpg\" data-dt-img-description=\"\" data-large_image_width=\"245\" data-large_image_height=\"180\"><img loading=\"lazy\" decoding=\"async\" class=\" wp-image-367395 alignleft\" src=\"https:\/\/www.radiopiu.net\/wordpress\/wp-content\/uploads\/2023\/12\/th-10.jpg\" alt=\"\" width=\"166\" height=\"122\" \/><\/a>RASSEGNA STAMPA LOCALE, ORE OTTO 05<\/strong><\/h2>\n<h2><strong> <span style=\"color: #0000ff;\">viene\u00a0 <\/span><\/strong><strong><span style=\"color: #0000ff;\">pubblicata alle 8.05 <span style=\"color: #ff0000;\">DIRETTA RADIO\u00a0\u00a0<\/span><\/span><\/strong><\/h2>\n<p>&nbsp;<\/p>\n<p><strong>DI MIRKO MEZZACASA\u00a0 \u00a0<\/strong><\/p>\n<p><strong>ZTL, FELTRE<\/strong> PERFEZIONA L\u2019ADESIONE ALLA PIATTAFORMA NAZIONALE<br \/>\n<strong>BELLUNO<\/strong> Diga Vanoi, avviate le procedure di richiesta accesso agli atti<br \/>\n\u00abContrariet\u00e0 all\u2019opera sempre stata chiara da parte della Provincia\u00bb<br \/>\n<strong>SANITA\u2019<\/strong> PARTECIPATA. IL VENETO AVVIA PROCEDURE PER NASCITA ASSEMBLEA PERMANENTE<br \/>\nAPPROVATO IL NUOVO BANDO PER L\u2019IMPRENDITORIA GIOVANILE<br \/>\nLUNEDI ALLE 19 CONSIGLIO COMUNALE AD AGORDO, DIRETTA RADIOPIU OGGI CONSIGLIO COMUNALE A SELVA DI CADORE E ROCCA PIETORE<br \/>\n<strong>BELLUNO<\/strong> E&#8217; convocata per oggi alle 16 nella sala convegni dell&#8217;Ospedale San Martino di Belluno la convocazione della conferenza dei sindaci. Un solo punto da discutere: le linee programmatiche per l&#8217;anno 2024<br \/>\nMADAME BUTTERFLY AL &#8220;DINO BUZZATI&#8221;<br \/>\n<strong>ASCA<\/strong> CERCA OPERATORI SOCIO SANITARI I BANDI SUL SITO DI RADIOPIU<br \/>\nLA STORIA DELLA STRADA REGIONALE 203 AGORDINA di luisa manfroi, in podcast sul sito di RADIOPIU<br \/>\nVENERDI ALLE 18 BOLAGO E ORZES, DUE FAMIGLIE E TRE STORIE DI DEPORTAZIONE<br \/>\nIL 17 FEBBRAIO ORAZIO ALLA CASA DELLA GIOVENTU&#8217; DI CAVIOLA<\/p>\n<h2><strong>VIDEO\u00a0 \u00a0in diretta dalle 8 del mattino\u00a0<\/strong><\/h2>\n<p><iframe loading=\"lazy\" title=\"DAL 1983 LA RASSEGNA STAMPA LOCALE di mirko mezzacasa. L&#039;ORIGINALE\" width=\"1200\" height=\"675\" src=\"https:\/\/www.youtube.com\/embed\/Rp5eI7mziFQ?feature=oembed\" frameborder=\"0\" allow=\"accelerometer; autoplay; clipboard-write; encrypted-media; gyroscope; picture-in-picture; web-share\" allowfullscreen><\/iframe><\/p>\n<hr \/>\n<p>&nbsp;<\/p>\n<blockquote>\n<h3 class=\"entry-title\">L\u2019ADDIO A \u201cPIPPO\u201d, SOCIO FONDATORE DI RADIO PIU\u2019<\/h3>\n<\/blockquote>\n<p><strong class=\"photoswipe-wrapper\"><a class=\"dt-pswp-item pspw-wrap-ready\" href=\"https:\/\/www.radiopiu.net\/wordpress\/wp-content\/uploads\/2024\/02\/02e2689b-285b-4474-9f37-242c1b4f9983-e1707908761627.jpg\" data-dt-img-description=\"\" data-large_image_width=\"1259\" data-large_image_height=\"1600\"><img loading=\"lazy\" decoding=\"async\" class=\"size-medium wp-image-374598 alignleft\" src=\"https:\/\/www.radiopiu.net\/wordpress\/wp-content\/uploads\/2024\/02\/02e2689b-285b-4474-9f37-242c1b4f9983-e1707908761627-236x300.jpg\" sizes=\"auto, (max-width: 236px) 100vw, 236px\" srcset=\"https:\/\/www.radiopiu.net\/wordpress\/wp-content\/uploads\/2024\/02\/02e2689b-285b-4474-9f37-242c1b4f9983-e1707908761627-236x300.jpg 236w, https:\/\/www.radiopiu.net\/wordpress\/wp-content\/uploads\/2024\/02\/02e2689b-285b-4474-9f37-242c1b4f9983-e1707908761627-806x1024.jpg 806w, https:\/\/www.radiopiu.net\/wordpress\/wp-content\/uploads\/2024\/02\/02e2689b-285b-4474-9f37-242c1b4f9983-e1707908761627-768x976.jpg 768w, https:\/\/www.radiopiu.net\/wordpress\/wp-content\/uploads\/2024\/02\/02e2689b-285b-4474-9f37-242c1b4f9983-e1707908761627-1209x1536.jpg 1209w, https:\/\/www.radiopiu.net\/wordpress\/wp-content\/uploads\/2024\/02\/02e2689b-285b-4474-9f37-242c1b4f9983-e1707908761627.jpg 1259w\" alt=\"\" width=\"236\" height=\"300\" \/><\/a>REDAZIONE<\/strong>\u00a0Taibon perde Udilio Cadorin. Pippo, per tutti era Pippo. Udilio Cadorin,\u00a0 socio fondatore di Radio Pi\u00f9 con altri 9 amici, compreso Renzo Gavaz, primo presidente.\u00a0<em>\u201cMi ho mes i schei, el Pipo la testa\u201d,<\/em>\u00a0era la frase ricorrente passata alla storia di Renzo ed in effetti \u00e8 stato cos\u00ec. Udilio ha fortemente voluto una Radio privata\u00a0 a Taibon<em>\u00a0\u201cche si dovr\u00e0 chiamare Radio Pi\u00f9\u201d\u00a0\u00a0<\/em>perch\u00e8 grande appassionato del mezzo radiofonico. Pippo \u00e8 stato il nostro primo direttore, redigeva i primi palinsesti e dava le giuste indicazioni e \u201cfrustrate\u201d a noi ragazzini\u00a0 e ragazzine che a 20 anni avevamo tra le mani il giocattolo pi\u00f9 bello del mondo fatto di musica, eventi, e vita in radio. Pippo ha diretto la Radio fino al 1986, da allora non ha mai risparmiato critiche alla programmazione di Radio Pi\u00f9, motivo in pi\u00f9 per \u201crigare dritto\u201d, segno evidente dell\u2019importanza che ha dato alla Radio nel corso di tutta la sua vita affrontata spesso con grande fatica, sovrastata da un\u2019infinita dignit\u00e0. Mi mancheranno le continue tirate d\u2019orecchi\u2026mancher\u00e0 qualche cosa nella crescita della Radio Pi\u00f9.\u00a0 Con emozione porgo l\u2019ultimo saluto ad un altro socio fondatore, dopo la prematura scomparsa di Danilo Sibillon e lo scorso anno di Renzo Gavaz<\/p>\n<p>Dal profondo del cuore, unendomi ai soci fondatori\u00a0 Alessandro Savio, Agostino Cadorin, Sereno Ben, Pierina Bellai, Dino Collarin, Paolo Buttol, Gianna Schena, Sereno Ben, porgo ai nipoti un messaggio di cordoglio, unitamente all\u2019abbraccio agli amici di Pippo:\u00a0 Antimo, Angelo, Fernando e tutti gli altri che in tanti anni gli sono sempre stati accanto, nei momenti importanti.<\/p>\n<p><strong>La prossima settimana (saremo pi\u00f9 precisi a breve),\u00a0 si terr\u00e0 una cerimonia in cimitero a Taibon con l\u2019orazione laica\u00a0 (una forma di discorso o preghiera che non \u00e8 legata a una specifica tradizione religiosa o confessione) alla presenza del sindaco Silvia Tormen.\u00a0\u00a0<\/strong><\/p>\n<p>da sinistra PIPPO con la prima squadra di RADIOPIU Raffaele Gnech, Manuela Conedera, Virginia Andrich, Antonio Fiabane, Paola Lanciato, Alex Nascinben, Mirko Mezzacasa, Danilo Soppelsa, Massimo Carlin.<\/p>\n<p class=\"photoswipe-wrapper\"><a class=\"dt-pswp-item pspw-wrap-ready\" href=\"https:\/\/www.radiopiu.net\/wordpress\/wp-content\/uploads\/2024\/02\/linizio-22.jpg\" data-dt-img-description=\"\" data-large_image_width=\"1055\" data-large_image_height=\"680\"><img loading=\"lazy\" decoding=\"async\" class=\"alignnone wp-image-374597 size-full\" src=\"https:\/\/www.radiopiu.net\/wordpress\/wp-content\/uploads\/2024\/02\/linizio-22.jpg\" sizes=\"auto, (max-width: 1055px) 100vw, 1055px\" srcset=\"https:\/\/www.radiopiu.net\/wordpress\/wp-content\/uploads\/2024\/02\/linizio-22.jpg 1055w, https:\/\/www.radiopiu.net\/wordpress\/wp-content\/uploads\/2024\/02\/linizio-22-300x193.jpg 300w, https:\/\/www.radiopiu.net\/wordpress\/wp-content\/uploads\/2024\/02\/linizio-22-1024x660.jpg 1024w, https:\/\/www.radiopiu.net\/wordpress\/wp-content\/uploads\/2024\/02\/linizio-22-768x495.jpg 768w\" alt=\"\" width=\"1055\" height=\"680\" \/><\/a><\/p>\n<p>&nbsp;<\/p>\n<blockquote>\n<h3>di GIANNI SANTOMASO<\/h3>\n<\/blockquote>\n<audio class=\"wp-audio-shortcode\" id=\"audio-374548-5\" preload=\"none\" style=\"width: 100%;\" controls=\"controls\"><source type=\"audio\/mpeg\" src=\"https:\/\/www.radiopiu.net\/wordpress\/wp-content\/uploads\/2024\/02\/pippo-gianni.mp3?_=5\" \/><a href=\"https:\/\/www.radiopiu.net\/wordpress\/wp-content\/uploads\/2024\/02\/pippo-gianni.mp3\">https:\/\/www.radiopiu.net\/wordpress\/wp-content\/uploads\/2024\/02\/pippo-gianni.mp3<\/a><\/audio>\n<p>&nbsp;<\/p>\n<p>&nbsp;<\/p>\n<hr \/>\n<p>&nbsp;<\/p>\n<blockquote>\n<h2>OGGI ALLE 15.40 I FUNERALI DI NEVIO MENEGUZ A ZOLLET<\/h2>\n<\/blockquote>\n<div class=\"articlePlainText\"><strong><a class=\"dt-pswp-item\" href=\"https:\/\/www.radiopiu.net\/wordpress\/wp-content\/uploads\/2024\/02\/31060274285_d559779764_o.jpg\" data-dt-img-description=\"\" data-large_image_width=\"1920\" data-large_image_height=\"1080\"><img loading=\"lazy\" decoding=\"async\" class=\"wp-image-374423 alignleft\" src=\"https:\/\/www.radiopiu.net\/wordpress\/wp-content\/uploads\/2024\/02\/31060274285_d559779764_o-300x169.jpg\" alt=\"\" width=\"193\" height=\"109\" srcset=\"https:\/\/www.radiopiu.net\/wordpress\/wp-content\/uploads\/2024\/02\/31060274285_d559779764_o-300x169.jpg 300w, https:\/\/www.radiopiu.net\/wordpress\/wp-content\/uploads\/2024\/02\/31060274285_d559779764_o-1024x576.jpg 1024w, https:\/\/www.radiopiu.net\/wordpress\/wp-content\/uploads\/2024\/02\/31060274285_d559779764_o-768x432.jpg 768w, https:\/\/www.radiopiu.net\/wordpress\/wp-content\/uploads\/2024\/02\/31060274285_d559779764_o-1536x864.jpg 1536w, https:\/\/www.radiopiu.net\/wordpress\/wp-content\/uploads\/2024\/02\/31060274285_d559779764_o.jpg 1920w\" sizes=\"auto, (max-width: 193px) 100vw, 193px\" \/><\/a>FONZASO<\/strong> Sar\u00e0 celebrato oggi alle 15.30 nella chiesa di Arten il funerale di Nevio Meneguz la cui morte prematura \u2013 aveva solo 52 anni \u2013 ha creato profonda costernazione nella comunit\u00e0 bellunese, dal mondo del volontariato a quello imprenditoriale. Nevio Meneguz lascia la mamma Ardea e i fratelli Barbara e Vezio. La famiglia ha voluto rivolgere un particolare ringraziamento a tutto il personale dell&#8217;hospice Le Vette per le cure prestate a Nevio, invitando a devolvere eventuali offerte a questa struttura dell&#8217;ospedale di Feltre per malati senza possibilit\u00e0 di guarigione. \u2014<\/div>\n<p>&nbsp;<\/p>\n<p>&nbsp;<\/p>\n<hr \/>\n<p>&nbsp;<\/p>\n<blockquote>\n<h2>VALANGHE SULLE MONTAGNE BELLUNESI, SCIALPINISTI COINVOLTI<\/h2>\n<\/blockquote>\n<div dir=\"auto\"><img loading=\"lazy\" decoding=\"async\" class=\"alignleft\" src=\"https:\/\/www.radiopiu.net\/wordpress\/wp-content\/uploads\/2019\/05\/paravalanghe-1.png\" width=\"228\" height=\"152\" \/><strong>CANALE D&#8217;AGORDO\u00a0<\/strong> Sono tre le valanghe segnalate ieri\u00a0 sulle montagne bellunesi, in due casi hanno coinvolto degli scialpinisti. Verso le 13.15 un gruppo di scialpinisti francesi ha contattato il 118 dopo essersi imbattuto in un uomo gravemente ferito nella zona della Val Strut, all&#8217;altezza dell Bivacco Brunner. L&#8217;equipaggio dell&#8217;elicottero del Suem di Pieve di Cadore sbarcato sul posto ha constatato che il 33enne di Bolzano era stato trascinato da una valanga restando in superficie. Probabilmente l&#8217;uomo, che calzava i ramponi e ha detto di essere da solo, si trovava sulla parte alta del canale quando \u00e8 avvenuto il distacco che lo ha coinvolto, non si sa a che ora. Con possibili gravi traumi, l&#8217;infortunato \u00e8 stato trasportato all&#8217;ospedale di Belluno. Pronta a intervenire una squadra del Soccorso alpino della Val Biois.<\/div>\n<div dir=\"auto\"><\/div>\n<div dir=\"auto\"><strong>CORTINA<\/strong> \u00c8 stata trasportata all&#8217;ospedale di Belluno la scialpinista 32enne di Vittorio Veneto (TV), travolta da una valanga mentre con il compagno scendeva dal Canale Vallen\u00e7ant sul Monte Cristallo. Trascinata per oltre 300 metri, la donna ha riportato\u00a0 \u00a0politrauma. Sbarcati con un verricello di 20 metri, equipe medica e tecnico di elisoccorso le hanno prestato le prime cure per poi imbarellarla e issarla a bordo. Con lei \u00e8 stato recuperato anche il compagno.<\/div>\n<div dir=\"auto\"><\/div>\n<div dir=\"auto\"><strong>LIVINALLONGO<\/strong> Ha avuto fortunatamente esito negativo la bonifica del distacco riscontrato dal pilota di un elicottero di passaggio sopra il Col di Lana, dove si notavano tracce di ingresso. Trasportati dal Pelikan sul posto, due unit\u00e0 cinofile, del Cnsas e del Sagf, e due soccorritori della Guardia di finanza hanno verificato che la slavina risaliva a uno dei giorni scorsi, dopo l&#8217;ultima nevicata, la traccia visibile in salita era vecchia e dove la neve si era accumulata si notavano delle buche scavate e delle tracce in uscita gi\u00e0 quasi cancellate dal vento, segno che probabilmente qualcuno era rimasto coinvolto, forse due sciatori, \u00e8 che era autonomamente riuscito a liberarsi. La valanga \u00e8 stata ugualmente bonificata con l&#8217;utilizzo di Artva, Recco e con il passaggio dei due cani.<\/div>\n<div dir=\"auto\">\n<div dir=\"auto\"><\/div>\n<div dir=\"auto\"><\/div>\n<div dir=\"auto\">\n\n\t\t\t<style type='text\/css'>\n\t\t\t\t#gallery-1 {\n\t\t\t\t\tmargin: auto;\n\t\t\t\t}\n\t\t\t\t#gallery-1 .gallery-item {\n\t\t\t\t\tfloat: left;\n\t\t\t\t\tmargin-top: 10px;\n\t\t\t\t\ttext-align: center;\n\t\t\t\t\twidth: 33%;\n\t\t\t\t}\n\t\t\t\t#gallery-1 img {\n\t\t\t\t\tborder: 2px solid #cfcfcf;\n\t\t\t\t}\n\t\t\t\t#gallery-1 .gallery-caption {\n\t\t\t\t\tmargin-left: 0;\n\t\t\t\t}\n\t\t\t\t\/* see gallery_shortcode() in wp-includes\/media.php *\/\n\t\t\t<\/style>\n\t\t<div id='gallery-1' class='dt-gallery-container gallery galleryid-374548 gallery-columns-3 gallery-size-thumbnail'><dl class='gallery-item'>\n\t\t\t\t<dt class='gallery-icon portrait'>\n\t\t\t\t\t<a class=\"rollover rollover-zoom dt-pswp-item\" title=\"Watermark_20240214_182533_394\" data-dt-img-description=\"\" data-large_image_width=\"1773\" data-large_image_height=\"2364\"href='https:\/\/www.radiopiu.net\/wordpress\/wp-content\/uploads\/2024\/02\/Watermark_20240214_182533_394.jpg'><img loading=\"lazy\" decoding=\"async\" width=\"150\" height=\"150\" src=\"https:\/\/www.radiopiu.net\/wordpress\/wp-content\/uploads\/2024\/02\/Watermark_20240214_182533_394-150x150.jpg\" class=\"attachment-thumbnail size-thumbnail\" alt=\"\" \/><\/a>\n\t\t\t\t<\/dt><\/dl><dl class='gallery-item'>\n\t\t\t\t<dt class='gallery-icon landscape'>\n\t\t\t\t\t<a class=\"rollover rollover-zoom dt-pswp-item\" title=\"Watermark_20240214_185507_441\" data-dt-img-description=\"\" data-large_image_width=\"2364\" data-large_image_height=\"1773\"href='https:\/\/www.radiopiu.net\/wordpress\/wp-content\/uploads\/2024\/02\/Watermark_20240214_185507_441.jpg'><img loading=\"lazy\" decoding=\"async\" width=\"150\" height=\"150\" src=\"https:\/\/www.radiopiu.net\/wordpress\/wp-content\/uploads\/2024\/02\/Watermark_20240214_185507_441-150x150.jpg\" class=\"attachment-thumbnail size-thumbnail\" alt=\"\" \/><\/a>\n\t\t\t\t<\/dt><\/dl><dl class='gallery-item'>\n\t\t\t\t<dt class='gallery-icon landscape'>\n\t\t\t\t\t<a class=\"rollover rollover-zoom dt-pswp-item\" title=\"Watermark_20240214_185450_722\" data-dt-img-description=\"\" data-large_image_width=\"2364\" data-large_image_height=\"1773\"href='https:\/\/www.radiopiu.net\/wordpress\/wp-content\/uploads\/2024\/02\/Watermark_20240214_185450_722.jpg'><img loading=\"lazy\" decoding=\"async\" width=\"150\" height=\"150\" src=\"https:\/\/www.radiopiu.net\/wordpress\/wp-content\/uploads\/2024\/02\/Watermark_20240214_185450_722-150x150.jpg\" class=\"attachment-thumbnail size-thumbnail\" alt=\"\" \/><\/a>\n\t\t\t\t<\/dt><\/dl><br style=\"clear: both\" \/>\n\t\t\t<\/div>\n\n<h2 class=\"_title post-title entry-title\"><\/h2>\n<p>&nbsp;<\/p>\n<p><strong><a class=\"dt-pswp-item\" href=\"https:\/\/www.radiopiu.net\/wordpress\/wp-content\/uploads\/2024\/01\/Senza-nome-34.png\" data-dt-img-description=\"\" data-large_image_width=\"239\" data-large_image_height=\"153\"><img loading=\"lazy\" decoding=\"async\" class=\"wp-image-369478 alignleft\" src=\"https:\/\/www.radiopiu.net\/wordpress\/wp-content\/uploads\/2024\/01\/Senza-nome-34.png\" alt=\"\" width=\"128\" height=\"82\" \/><\/a> <\/strong><\/p>\n<p><strong>\u00a0<\/strong><\/p>\n<p><strong>dal TG BELLUNESE di\u00a0 ANTENNA 3 ogni sera alle 19.30 sul canale 10 del digitale terrestre e alle 19 le anticipazioni alla radio.\u00a0\u00a0<\/strong><\/p>\n<h2 class=\"_title post-title entry-title\"><\/h2>\n<h2 class=\"_title post-title entry-title\">VALANGA SI STACCA DALLE PALE SI SAN MARTINO: FERITI DUE GIOVANI SCIALPINISTI<\/h2>\n<p>di VALENTINA VISENTIN<\/p>\n<p><iframe loading=\"lazy\" title=\"VALANGA SI STACCA DALLE PALE SI SAN MARTINO: FERITI DUE GIOVANI SCIALPINISTI  | 14\/02\/2024\" width=\"1200\" height=\"675\" src=\"https:\/\/www.youtube.com\/embed\/MvxAPiS5WWU?feature=oembed\" frameborder=\"0\" allow=\"accelerometer; autoplay; clipboard-write; encrypted-media; gyroscope; picture-in-picture; web-share\" allowfullscreen><\/iframe><\/p>\n<p>&nbsp;<\/p>\n<p>&nbsp;<\/p>\n<hr \/>\n<\/div>\n<\/div>\n<div dir=\"auto\"><\/div>\n<blockquote>\n<h2 dir=\"auto\">INSEGUIMENTO CON INCIDENTE IERI SERA SULLE STRADE DELLA VALBELLUNA<\/h2>\n<\/blockquote>\n<p><strong><img loading=\"lazy\" decoding=\"async\" class=\"alignleft\" src=\"https:\/\/www.radiopiu.net\/wordpress\/wp-content\/uploads\/2023\/12\/65eeef77-eb40-499b-9e73-d78218c7338c.jpg\" width=\"223\" height=\"167\" \/>TRICHIANA<\/strong> Ieri sera intorno alle 22.30 nella zona della rotonda di Trichiana si \u00e8 verificato un inseguimento con speronamento tra una Chrysler e una pattuglia dei carabinieri. La vettura non si \u00e8 fermata all&#8217;alt dei militari ed \u00e8 scattato l&#8217;inseguimento, terminato con uno schianto che ha causato danni alle auto coinvolte ma fortunatamente nessun ferito. Le pattuglie hanno fermato la vettura ponendosi davanti, ma nonostante ci\u00f2 si \u00e8 verificato lo scontro. Si \u00e8 notato un via vai di macchine dei carabinieri in zona, come se stessero cercando qualcuno. L&#8217;inseguimento potrebbe essere scaturito per controllare la vettura, soprattutto dopo il non rispetto dell&#8217;alt da parte degli occupanti, insospettendo i militari. L&#8217;unico modo per fermare la Chrysler \u00e8 stato posizionarsi davanti ad essa. Entrambe le vetture hanno riportato danni, ma gli occupanti della berlina nera sono fuggiti a piedi dopo l&#8217;incidente. La circolazione lungo la Sinistra Piave \u00e8 stata bloccata fino alle 23.30 per consentire i rilievi e i controlli agli automobilisti in coda.<\/p>\n<p>NOTIZIE DETTAGLIATE SUL CORRIERE DELLE ALPI, DI CRISTINA CONTENTO<\/p>\n<p>&nbsp;<\/p>\n<hr \/>\n<p>&nbsp;<\/p>\n<p><strong><a class=\"dt-pswp-item\" href=\"https:\/\/www.radiopiu.net\/wordpress\/wp-content\/uploads\/2024\/01\/Senza-nome-34.png\" data-dt-img-description=\"\" data-large_image_width=\"239\" data-large_image_height=\"153\"><img loading=\"lazy\" decoding=\"async\" class=\"wp-image-369478 alignleft\" src=\"https:\/\/www.radiopiu.net\/wordpress\/wp-content\/uploads\/2024\/01\/Senza-nome-34.png\" alt=\"\" width=\"128\" height=\"82\" \/><\/a> <\/strong><\/p>\n<p><strong>\u00a0<\/strong><\/p>\n<p><strong>dal TG BELLUNESE di\u00a0 ANTENNA 3 ogni sera alle 19.30 sul canale 10 del digitale terrestre e alle 19 le anticipazioni alla radio.\u00a0 \u00a0<\/strong><\/p>\n<p>&nbsp;<\/p>\n<blockquote>\n<h3 class=\"_title post-title entry-title\">TENTATA TRUFFA AI DANNI DI UNA 90 ENNE. L\u2019ANZIANA SALVATA DALLA SUA COLF<\/h3>\n<\/blockquote>\n<p>DI TIZIANA BOLOGNANI<\/p>\n<p><iframe loading=\"lazy\" title=\"TENTATA TRUFFA AI DANNI DI UNA 90 ENNE. L&#039;ANZIANA SALVATA DALLA SUA COLF | 14\/02\/2024\" width=\"1200\" height=\"675\" src=\"https:\/\/www.youtube.com\/embed\/XNZ20gkeKc8?feature=oembed\" frameborder=\"0\" allow=\"accelerometer; autoplay; clipboard-write; encrypted-media; gyroscope; picture-in-picture; web-share\" allowfullscreen><\/iframe><\/p>\n<p>&nbsp;<\/p>\n<hr \/>\n<p>&nbsp;<\/p>\n<blockquote>\n<h3>AUMENTA IL PELLET, MA NON PER SCELTA DEGLI IMPRENDITORI<\/h3>\n<\/blockquote>\n<p><strong><a class=\"dt-pswp-item\" href=\"https:\/\/www.radiopiu.net\/wordpress\/wp-content\/uploads\/2022\/12\/PELLET.jpg\" data-dt-img-description=\"\" data-large_image_width=\"152\" data-large_image_height=\"106\"><img loading=\"lazy\" decoding=\"async\" class=\" wp-image-310489 alignleft\" src=\"https:\/\/www.radiopiu.net\/wordpress\/wp-content\/uploads\/2022\/12\/PELLET.jpg\" alt=\"\" width=\"115\" height=\"80\" srcset=\"https:\/\/www.radiopiu.net\/wordpress\/wp-content\/uploads\/2022\/12\/PELLET.jpg 152w, https:\/\/www.radiopiu.net\/wordpress\/wp-content\/uploads\/2022\/12\/PELLET-150x106.jpg 150w\" sizes=\"auto, (max-width: 115px) 100vw, 115px\" \/><\/a>DI MIRKO MEZZACASA<\/strong><\/p>\n<p>OSPITE: Amedeo De Nardin<\/p>\n<audio class=\"wp-audio-shortcode\" id=\"audio-374548-6\" preload=\"none\" style=\"width: 100%;\" controls=\"controls\"><source type=\"audio\/mpeg\" src=\"https:\/\/www.radiopiu.net\/wordpress\/wp-content\/uploads\/2024\/02\/HOLZ-MEDE-FEBBRAIO-2024.mp3?_=6\" \/><a href=\"https:\/\/www.radiopiu.net\/wordpress\/wp-content\/uploads\/2024\/02\/HOLZ-MEDE-FEBBRAIO-2024.mp3\">https:\/\/www.radiopiu.net\/wordpress\/wp-content\/uploads\/2024\/02\/HOLZ-MEDE-FEBBRAIO-2024.mp3<\/a><\/audio>\n<p>&nbsp;<\/p>\n<p>&nbsp;<\/p>\n<hr \/>\n<p>&nbsp;<\/p>\n<blockquote>\n<h1>2023: un altro anno record per EssilorLuxottica + 7,1 %<\/h1>\n<\/blockquote>\n<p>&nbsp;<\/p>\n<p><strong>AGORDO<\/strong> EssilorLuxottica ha riportato risultati record per il quarto trimestre e l&#8217;intero anno 2023, con un fatturato in aumento del 7,1% a cambi costanti nel quarto trimestre e per l&#8217;intero anno, registrando una crescita superiore al 7% per il terzo anno consecutivo. Nord America ha mostrato una buona accelerazione nel quarto trimestre, mentre l&#8217;EMEA ha confermato il solido ritmo di crescita del terzo trimestre. L&#8217;innovazione \u00e8 stata un <img decoding=\"async\" class=\"alignleft\" src=\"https:\/\/www.radiopiu.net\/wordpress\/wp-content\/uploads\/2023\/10\/Luxottica-firmato-il-contratto-aziendale-per-lo-stabilimento-di-Pederobba_articleimage-300x184-1.jpg\" \/>elemento chiave, con prodotti come Stellest, Varilux XR e Ray-Ban Meta. Nuovi brand hanno ulteriormente arricchito il portafoglio eyewear, con licenze in crescita a doppia cifra. La rivoluzionaria innovazione Nuance Audio \u00e8 stata presentata con successo al CES di Las Vegas. Il margine operativo adjusted \u00e8 stato del 16,9% a cambi costanti. Il free cash flow ha raggiunto i 2,4 miliardi di Euro nell&#8217;anno, nonostante gli importanti investimenti in produzione, digitale e IA. \u00c8 stato proposto un dividendo di 3,95 Euro per azione, in aumento del 22% rispetto al 2022. Il legame con la comunit\u00e0 dei dipendenti \u00e8 stato rafforzato con la definizione dei nuovi valori del Gruppo.<\/p>\n<blockquote><p><em>Francesco Milleri: \u00a0\u201cSiamo orgogliosi di condividere ottimi risultati e un altro anno di crescita del fatturato superiore al 7%, con un\u2019accelerazione nel quarto trimestre e il contributo di tutte le aree geografiche. Manteniamo una redditivit\u00e0 forte, con un utile netto di gruppo record vicino ai 3 miliardi di Euro e un free cash flow5 a 2,4 miliardi. \u00c8 stato anche un anno di importanti investimenti, con il consolidamento di nuove categorie di prodotto, da Stellest nella miopia a Ray-Ban Meta nei dispositivi indossabili, l\u2019ampliamento del portafoglio marchi con brand iconici come Moncler e Jimmy Choo, l\u2019integrazione dell&#8217;intelligenza artificiale e della business intelligence, l\u2019espansione del nostro network produttivo e il rafforzamento della rete retail a livello globale. Tutto questo contribuir\u00e0 all\u2019evoluzione del nostro Gruppo e alla trasformazione del settore nel prossimo decennio.<\/em><\/p><\/blockquote>\n<p>&nbsp;<\/p>\n<hr \/>\n<p>&nbsp;<\/p>\n<p>&nbsp;<\/p>\n<blockquote>\n<h2>Proposta di riconferma e scaglionamento dei mandati nel nuovo Consiglio di Amministrazione di EssilorLuxottica<\/h2>\n<\/blockquote>\n<p><strong><img loading=\"lazy\" decoding=\"async\" class=\"alignleft\" src=\"https:\/\/www.radiopiu.net\/wordpress\/wp-content\/uploads\/2023\/10\/1-EssilorLuxottica.jpg.jpg\" width=\"269\" height=\"179\" \/>AGORDO<\/strong> Il Consiglio di Amministrazione di EssilorLuxottica ha presentato la proposta dei candidati per il nuovo Consiglio, confermando tutti gli attuali Amministratori per la prossima Assemblea Annuale degli Azionisti del 30 aprile 2024. Al fine di garantire continuit\u00e0, si propone un progressivo scaglionamento della durata dei mandati, con nomi come Francesco Milleri, Paul du Saillant, Jean-Luc Biamonti e Marie-Christine Coisne-Roquette per un mandato triennale, e Romolo Bardin, Jos\u00e9 Gonzalo, Virginie Mercier-Pitre, Mario Notari, Swati Piramal, Cristina Scocchia, Nathalie von Siemens e Andrea Zappia per un mandato biennale. Il sistema di rinnovo scaglionato prevede un parziale rinnovo annuale a partire dal 2026 e un rinnovo completo al termine di ciascun triennio. I mandati di Margot Bard e S\u00e9bastien Brown, rappresentanti dei dipendenti, scadranno il 21 settembre 2024 e verranno sostituiti dal Comitato Aziendale con due nuovi rappresentanti dei dipendenti per un mandato triennale.<\/p>\n<p><strong><em>Francesco <\/em>Milleri, Presidente e Amministratore Delegato di EssilorLuxottica <\/strong><em>\u201cSono felice dell\u2019eccellente lavoro svolto dal nostro Consiglio di Amministrazione negli ultimi tre anni. I nostri <\/em><em>Amministratori, con la loro esperienza internazionale e le loro qualit\u00e0 personali e professionali, hanno <\/em><em>portato grande valore a EssilorLuxottica. Vorrei ringraziare il Comitato Nomine e Remunerazione e il nostro <\/em><em>Consiglio per aver adottato una decisione unanime, da sottoporre al voto dei nostri azionisti. Inoltre, <\/em><em>desidero ringraziare i membri del Consiglio per il loro rinnovato impegno, fiducioso della loro capacit\u00e0 di <\/em><em>dare un contributo essenziale al successo del nostro Gruppo negli anni a venire\u201d\u00a0<\/em><\/p>\n<p>&nbsp;<\/p>\n<p>&nbsp;<\/p>\n<hr \/>\n<p>&nbsp;<\/p>\n<blockquote>\n<h3>\u00a0SCUOLA DI BADILET, VIA AI LAVORI DI MIGLIORAMENTO SISMICO<a class=\"dt-pswp-item\" href=\"https:\/\/www.radiopiu.net\/wordpress\/wp-content\/uploads\/2024\/02\/image00004-scaled.jpeg\" data-dt-img-description=\"\" data-large_image_width=\"2560\" data-large_image_height=\"1920\"><img loading=\"lazy\" decoding=\"async\" class=\"wp-image-374622 alignleft\" src=\"https:\/\/www.radiopiu.net\/wordpress\/wp-content\/uploads\/2024\/02\/image00004-300x225.jpeg\" alt=\"\" width=\"212\" height=\"159\" srcset=\"https:\/\/www.radiopiu.net\/wordpress\/wp-content\/uploads\/2024\/02\/image00004-300x225.jpeg 300w, https:\/\/www.radiopiu.net\/wordpress\/wp-content\/uploads\/2024\/02\/image00004-1024x768.jpeg 1024w, https:\/\/www.radiopiu.net\/wordpress\/wp-content\/uploads\/2024\/02\/image00004-768x576.jpeg 768w, https:\/\/www.radiopiu.net\/wordpress\/wp-content\/uploads\/2024\/02\/image00004-1536x1152.jpeg 1536w, https:\/\/www.radiopiu.net\/wordpress\/wp-content\/uploads\/2024\/02\/image00004-2048x1536.jpeg 2048w\" sizes=\"auto, (max-width: 212px) 100vw, 212px\" \/><\/a><\/h3>\n<\/blockquote>\n<p><strong>BELLUNO<\/strong> Il cantiere per il miglioramento sismico della scuola primaria &#8220;A.Brustolon&#8221; di Badilet \u00e8 stato avviato utilizzando fondi PNRR e comunali. Progetto del valore di 539.209 euro. L&#8217;obiettivo \u00e8 riqualificare l&#8217;edificio storico, risalente al primo Novecento, garantendo maggiore sicurezza sismica. Nonostante alcune necessit\u00e0 impreviste agli impianti, i lavori procedono secondo il programma stabilito. Queste migliorie mirano a rendere l&#8217;edificio pi\u00f9 resistente ai terremoti, preservandone al contempo il valore storico e culturale per la comunit\u00e0 del Castionese e oltre.<\/p>\n<p>&nbsp;<\/p>\n<p><strong>IL SINDACO OSCAR DE PELLEGRIN<\/strong><\/p>\n<audio class=\"wp-audio-shortcode\" id=\"audio-374548-7\" preload=\"none\" style=\"width: 100%;\" controls=\"controls\"><source type=\"audio\/mpeg\" src=\"https:\/\/www.radiopiu.net\/wordpress\/wp-content\/uploads\/2024\/02\/OSCAR-BADILET-OK.mp3?_=7\" \/><a href=\"https:\/\/www.radiopiu.net\/wordpress\/wp-content\/uploads\/2024\/02\/OSCAR-BADILET-OK.mp3\">https:\/\/www.radiopiu.net\/wordpress\/wp-content\/uploads\/2024\/02\/OSCAR-BADILET-OK.mp3<\/a><\/audio>\n<p><strong>L&#8217;ASSESSORE FRANCO ROCCON<\/strong><\/p>\n<audio class=\"wp-audio-shortcode\" id=\"audio-374548-8\" preload=\"none\" style=\"width: 100%;\" controls=\"controls\"><source type=\"audio\/mpeg\" src=\"https:\/\/www.radiopiu.net\/wordpress\/wp-content\/uploads\/2024\/02\/FRANCO-ROCCON.mp3?_=8\" \/><a href=\"https:\/\/www.radiopiu.net\/wordpress\/wp-content\/uploads\/2024\/02\/FRANCO-ROCCON.mp3\">https:\/\/www.radiopiu.net\/wordpress\/wp-content\/uploads\/2024\/02\/FRANCO-ROCCON.mp3<\/a><\/audio>\n<p>&nbsp;<\/p>\n<hr \/>\n<p>&nbsp;<\/p>\n<p>&nbsp;<\/p>\n<blockquote>\n<h3><a class=\"dt-pswp-item\" href=\"https:\/\/www.radiopiu.net\/wordpress\/wp-content\/uploads\/2023\/07\/MATTIA-GOSETTI.png\" data-dt-img-description=\"\" data-large_image_width=\"463\" data-large_image_height=\"375\"><img loading=\"lazy\" decoding=\"async\" class=\"wp-image-343949 alignleft\" src=\"https:\/\/www.radiopiu.net\/wordpress\/wp-content\/uploads\/2023\/07\/MATTIA-GOSETTI-300x243.png\" alt=\"\" width=\"172\" height=\"139\" srcset=\"https:\/\/www.radiopiu.net\/wordpress\/wp-content\/uploads\/2023\/07\/MATTIA-GOSETTI-300x243.png 300w, https:\/\/www.radiopiu.net\/wordpress\/wp-content\/uploads\/2023\/07\/MATTIA-GOSETTI.png 463w\" sizes=\"auto, (max-width: 172px) 100vw, 172px\" \/><\/a>GOSETTI PRONTO PER UN SECONDO MANDATO &#8220;TANTE COSE RIMASTE DA FARE&#8221;<\/h3>\n<\/blockquote>\n<p>CIBIANA<\/p>\n<p>DI DANIELE DALVIT<\/p>\n<audio class=\"wp-audio-shortcode\" id=\"audio-374548-9\" preload=\"none\" style=\"width: 100%;\" controls=\"controls\"><source type=\"audio\/mpeg\" src=\"https:\/\/www.radiopiu.net\/wordpress\/wp-content\/uploads\/2024\/02\/Radio-Piu-Servizio-Ricandidatura-Gosetti-Cibiana.mp3?_=9\" \/><a href=\"https:\/\/www.radiopiu.net\/wordpress\/wp-content\/uploads\/2024\/02\/Radio-Piu-Servizio-Ricandidatura-Gosetti-Cibiana.mp3\">https:\/\/www.radiopiu.net\/wordpress\/wp-content\/uploads\/2024\/02\/Radio-Piu-Servizio-Ricandidatura-Gosetti-Cibiana.mp3<\/a><\/audio>\n<p>&nbsp;<\/p>\n<p>&nbsp;<\/p>\n<blockquote>\n<h2>E PIOL ATTACCA GOSETTI<\/h2>\n<\/blockquote>\n<div class=\"flex-1 overflow-hidden\">\n<div class=\"react-scroll-to-bottom--css-lxoio-79elbk h-full\">\n<div class=\"react-scroll-to-bottom--css-lxoio-1n7m0yu\">\n<div class=\"flex flex-col pb-9 text-sm\">\n<div class=\"w-full text-token-text-primary\" data-testid=\"conversation-turn-103\">\n<div class=\"px-4 py-2 justify-center text-base md:gap-6 m-auto\">\n<div class=\"flex flex-1 text-base mx-auto gap-3 md:px-5 lg:px-1 xl:px-5 md:max-w-3xl lg:max-w-[40rem] xl:max-w-[48rem] group final-completion\">\n<div class=\"relative flex w-full flex-col lg:w-[calc(100%-115px)] agent-turn\">\n<div class=\"flex-col gap-1 md:gap-3\">\n<div class=\"flex flex-grow flex-col max-w-full\">\n<div class=\"min-h-[20px] text-message flex flex-col items-start gap-3 whitespace-pre-wrap break-words [.text-message+&amp;]:mt-5 overflow-x-auto\" data-message-author-role=\"assistant\" data-message-id=\"1f7fdc65-ab97-418c-a764-5a806b4d7672\">\n<div class=\"markdown prose w-full break-words dark:prose-invert dark\">\n<p><a class=\"dt-pswp-item\" href=\"https:\/\/www.radiopiu.net\/wordpress\/wp-content\/uploads\/2024\/02\/48397700_10213059469265672_5684830863448080384_n.jpg\" data-dt-img-description=\"\" data-large_image_width=\"954\" data-large_image_height=\"954\"><img loading=\"lazy\" decoding=\"async\" class=\"wp-image-374672 alignleft\" src=\"https:\/\/www.radiopiu.net\/wordpress\/wp-content\/uploads\/2024\/02\/48397700_10213059469265672_5684830863448080384_n-300x300.jpg\" alt=\"\" width=\"130\" height=\"130\" srcset=\"https:\/\/www.radiopiu.net\/wordpress\/wp-content\/uploads\/2024\/02\/48397700_10213059469265672_5684830863448080384_n-300x300.jpg 300w, https:\/\/www.radiopiu.net\/wordpress\/wp-content\/uploads\/2024\/02\/48397700_10213059469265672_5684830863448080384_n-150x150.jpg 150w, https:\/\/www.radiopiu.net\/wordpress\/wp-content\/uploads\/2024\/02\/48397700_10213059469265672_5684830863448080384_n-768x768.jpg 768w, https:\/\/www.radiopiu.net\/wordpress\/wp-content\/uploads\/2024\/02\/48397700_10213059469265672_5684830863448080384_n.jpg 954w\" sizes=\"auto, (max-width: 130px) 100vw, 130px\" \/><\/a>L&#8217;ex assessore provinciale Quinto Piol critica aspramente le dichiarazioni del consigliere delegato alla difesa del suolo Mattia Gosetti sulla limitata autonomia operativa della Provincia. Piol accusa la legge Delrio di aver permesso a individui non eletti di governare l&#8217;ente provinciale, sottolineando che lo Statuto della Regione Veneto e la legge statale conferiscono alla Provincia di Belluno piena competenza su diverse materie, tra cui il governo del territorio e le risorse idriche ed energetiche. Piol sostiene che la Provincia gi\u00e0 possiede autonomia, ma \u00e8 necessario esercitarla adeguatamente e ottenere maggiori risorse umane e finanziarie. Egli propone che la Regione trasferisca alla Provincia le competenze e le risorse corrispondenti attualmente gestite direttamente, iniziando cos\u00ec a praticare concretamente l&#8217;autonomia.<\/p>\n<p>&nbsp;<\/p>\n<hr \/>\n<p>&nbsp;<\/p>\n<\/div>\n<\/div>\n<blockquote>\n<h2>LEZUO CONTRO FRENA &#8220;COSA ASPETTA A VARARE I PIANI DI INTERVENTO?&#8221;<\/h2>\n<\/blockquote>\n<\/div>\n<\/div>\n<\/div>\n<\/div>\n<\/div>\n<\/div>\n<\/div>\n<\/div>\n<\/div>\n<\/div>\n<div class=\"w-full pt-2 md:pt-0 dark:border-white\/20 md:border-transparent md:dark:border-transparent md:w-[calc(100%-.5rem)]\">\n<form class=\"stretch mx-2 flex flex-row gap-3 last:mb-2 md:mx-4 md:last:mb-6 lg:mx-auto lg:max-w-2xl xl:max-w-3xl\">\n<div class=\"relative flex h-full flex-1 items-stretch md:flex-col\">\n<div class=\"flex w-full items-center\"><\/div>\n<div><strong>COLLE SANTA LUCIA<\/strong><\/div>\n<div><strong>DI GIANNI SANTOMASO\u00a0<\/strong><\/div>\n<div>\n<audio class=\"wp-audio-shortcode\" id=\"audio-374548-10\" preload=\"none\" style=\"width: 100%;\" controls=\"controls\"><source type=\"audio\/mpeg\" src=\"https:\/\/www.radiopiu.net\/wordpress\/wp-content\/uploads\/2024\/02\/lezuo-gianni.mp3?_=10\" \/><a href=\"https:\/\/www.radiopiu.net\/wordpress\/wp-content\/uploads\/2024\/02\/lezuo-gianni.mp3\">https:\/\/www.radiopiu.net\/wordpress\/wp-content\/uploads\/2024\/02\/lezuo-gianni.mp3<\/a><\/audio>\n\n\t\t\t<style type='text\/css'>\n\t\t\t\t#gallery-2 {\n\t\t\t\t\tmargin: auto;\n\t\t\t\t}\n\t\t\t\t#gallery-2 .gallery-item {\n\t\t\t\t\tfloat: left;\n\t\t\t\t\tmargin-top: 10px;\n\t\t\t\t\ttext-align: center;\n\t\t\t\t\twidth: 50%;\n\t\t\t\t}\n\t\t\t\t#gallery-2 img {\n\t\t\t\t\tborder: 2px solid #cfcfcf;\n\t\t\t\t}\n\t\t\t\t#gallery-2 .gallery-caption {\n\t\t\t\t\tmargin-left: 0;\n\t\t\t\t}\n\t\t\t\t\/* see gallery_shortcode() in wp-includes\/media.php *\/\n\t\t\t<\/style>\n\t\t<div id='gallery-2' class='dt-gallery-container gallery galleryid-374548 gallery-columns-2 gallery-size-thumbnail'><dl class='gallery-item'>\n\t\t\t\t<dt class='gallery-icon landscape'>\n\t\t\t\t\t<a class=\"rollover rollover-zoom dt-pswp-item\" title=\"PAOLO FRENA\" data-dt-img-description=\"\" data-large_image_width=\"292\" data-large_image_height=\"223\"href='https:\/\/www.radiopiu.net\/wordpress\/wp-content\/uploads\/2023\/04\/PAOLO-FRENA.png'><img loading=\"lazy\" decoding=\"async\" width=\"150\" height=\"150\" src=\"https:\/\/www.radiopiu.net\/wordpress\/wp-content\/uploads\/2023\/04\/PAOLO-FRENA-150x150.png\" class=\"attachment-thumbnail size-thumbnail\" alt=\"\" aria-describedby=\"gallery-2-331937\" \/><\/a>\n\t\t\t\t<\/dt>\n\t\t\t\t\t<dd class='wp-caption-text gallery-caption' id='gallery-2-331937'>\n\t\t\t\t\tPAOLO FRENA\n\t\t\t\t\t<\/dd><\/dl><dl class='gallery-item'>\n\t\t\t\t<dt class='gallery-icon portrait'>\n\t\t\t\t\t<a class=\"rollover rollover-zoom dt-pswp-item\" title=\"Leopoldo Lezuo\" data-dt-img-description=\"\" data-large_image_width=\"1920\" data-large_image_height=\"2560\"href='https:\/\/www.radiopiu.net\/wordpress\/wp-content\/uploads\/2021\/09\/Leopoldo-Lezuo-scaled.jpg'><img loading=\"lazy\" decoding=\"async\" width=\"150\" height=\"150\" src=\"https:\/\/www.radiopiu.net\/wordpress\/wp-content\/uploads\/2021\/09\/Leopoldo-Lezuo-150x150.jpg\" class=\"attachment-thumbnail size-thumbnail\" alt=\"\" aria-describedby=\"gallery-2-233912\" \/><\/a>\n\t\t\t\t<\/dt>\n\t\t\t\t\t<dd class='wp-caption-text gallery-caption' id='gallery-2-233912'>\n\t\t\t\t\tLEOPOLDO LEZUO\n\t\t\t\t\t<\/dd><\/dl><br style=\"clear: both\" \/>\n\t\t\t<\/div>\n\n<\/div>\n<div><\/div>\n<\/div>\n<\/form>\n<\/div>\n<hr \/>\n<p>&nbsp;<\/p>\n<blockquote>\n<h2><a class=\"dt-pswp-item\" href=\"https:\/\/www.radiopiu.net\/wordpress\/wp-content\/uploads\/2024\/02\/bbf3b586-b013-4de5-b80b-2f8b47660256.jpg\" data-dt-img-description=\"\" data-large_image_width=\"1600\" data-large_image_height=\"900\"><img loading=\"lazy\" decoding=\"async\" class=\"wp-image-374663 alignleft\" src=\"https:\/\/www.radiopiu.net\/wordpress\/wp-content\/uploads\/2024\/02\/bbf3b586-b013-4de5-b80b-2f8b47660256-300x169.jpg\" alt=\"\" width=\"128\" height=\"72\" srcset=\"https:\/\/www.radiopiu.net\/wordpress\/wp-content\/uploads\/2024\/02\/bbf3b586-b013-4de5-b80b-2f8b47660256-300x169.jpg 300w, https:\/\/www.radiopiu.net\/wordpress\/wp-content\/uploads\/2024\/02\/bbf3b586-b013-4de5-b80b-2f8b47660256-1024x576.jpg 1024w, https:\/\/www.radiopiu.net\/wordpress\/wp-content\/uploads\/2024\/02\/bbf3b586-b013-4de5-b80b-2f8b47660256-768x432.jpg 768w, https:\/\/www.radiopiu.net\/wordpress\/wp-content\/uploads\/2024\/02\/bbf3b586-b013-4de5-b80b-2f8b47660256-1536x864.jpg 1536w, https:\/\/www.radiopiu.net\/wordpress\/wp-content\/uploads\/2024\/02\/bbf3b586-b013-4de5-b80b-2f8b47660256.jpg 1600w\" sizes=\"auto, (max-width: 128px) 100vw, 128px\" \/><\/a>ZTL, FELTRE PERFEZIONA L&#8217;ADESIONE ALLA PIATTAFORMA NAZIONALE<\/h2>\n<\/blockquote>\n<p>&nbsp;<\/p>\n<p><strong>FELTRE<\/strong><\/p>\n<p><strong>DI BARBARA PAOLAZZI PER LE TRE RADIO\u00a0<\/strong><\/p>\n<p><a class=\"dt-pswp-item\" href=\"https:\/\/www.radiopiu.net\/wordpress\/wp-content\/uploads\/2024\/02\/3f4ba405-fedc-4720-802b-6fa6b6b88c86.jpg\" data-dt-img-description=\"\" data-large_image_width=\"1156\" data-large_image_height=\"1080\"><img loading=\"lazy\" decoding=\"async\" class=\"size-medium wp-image-374662 aligncenter\" src=\"https:\/\/www.radiopiu.net\/wordpress\/wp-content\/uploads\/2024\/02\/3f4ba405-fedc-4720-802b-6fa6b6b88c86-300x280.jpg\" alt=\"\" width=\"300\" height=\"280\" srcset=\"https:\/\/www.radiopiu.net\/wordpress\/wp-content\/uploads\/2024\/02\/3f4ba405-fedc-4720-802b-6fa6b6b88c86-300x280.jpg 300w, https:\/\/www.radiopiu.net\/wordpress\/wp-content\/uploads\/2024\/02\/3f4ba405-fedc-4720-802b-6fa6b6b88c86-1024x957.jpg 1024w, https:\/\/www.radiopiu.net\/wordpress\/wp-content\/uploads\/2024\/02\/3f4ba405-fedc-4720-802b-6fa6b6b88c86-768x718.jpg 768w, https:\/\/www.radiopiu.net\/wordpress\/wp-content\/uploads\/2024\/02\/3f4ba405-fedc-4720-802b-6fa6b6b88c86.jpg 1156w\" sizes=\"auto, (max-width: 300px) 100vw, 300px\" \/><\/a><\/p>\n<audio class=\"wp-audio-shortcode\" id=\"audio-374548-11\" preload=\"none\" style=\"width: 100%;\" controls=\"controls\"><source type=\"audio\/mpeg\" src=\"https:\/\/www.radiopiu.net\/wordpress\/wp-content\/uploads\/2024\/02\/COMUNE-DI-FELTRE-BARBARA.mp3?_=11\" \/><a href=\"https:\/\/www.radiopiu.net\/wordpress\/wp-content\/uploads\/2024\/02\/COMUNE-DI-FELTRE-BARBARA.mp3\">https:\/\/www.radiopiu.net\/wordpress\/wp-content\/uploads\/2024\/02\/COMUNE-DI-FELTRE-BARBARA.mp3<\/a><\/audio>\n<p>&nbsp;<\/p>\n<p>&nbsp;<\/p>\n<hr \/>\n<p>&nbsp;<\/p>\n<blockquote>\n<h2>Diga Vanoi, avviate le procedure di richiesta accesso agli atti<\/h2>\n<\/blockquote>\n<blockquote><p><span style=\"font-size: large;\"><i>\u00abContrariet\u00e0 all\u2019opera sempre stata chiara da parte della Provincia\u00bb<\/i><\/span><\/p><\/blockquote>\n<p><strong><img loading=\"lazy\" decoding=\"async\" class=\"alignleft\" src=\"https:\/\/www.radiopiu.net\/wordpress\/wp-content\/uploads\/2023\/10\/diga-vanoi.jpg\" width=\"241\" height=\"160\" \/>BELLUNO<\/strong> La Provincia di Belluno ha avviato le procedure di accesso agli atti riguardanti il progetto della diga del Vanoi, rivolgendosi direttamente al Ministero dell&#8217;Agricoltura, della Sovranit\u00e0 Alimentare e delle Foreste. Il consigliere provinciale delegato all&#8217;Ambiente, Simone Deola, ribadisce la posizione chiara della Provincia contro il progetto di sbarramento del torrente Vanoi, espresso tramite un ordine del giorno approvato all&#8217;unanimit\u00e0. La preoccupazione riguarda l&#8217;incolumit\u00e0 degli abitanti a valle dell&#8217;invaso proposto, situato su aree ad alto rischio idrogeologico, e il rischio di compromettere un sito naturale integro. La proposta del bacino artificiale come soluzione alla siccit\u00e0 \u00e8 contestata, con la Provincia che sostiene investimenti sui sistemi di irrigazione per evitare di considerare la montagna come un serbatoio per le aree metropolitane. La richiesta di accesso agli atti mira a esaminare il progetto e formulare osservazioni puntuali, tenendo conto delle posizioni delle comunit\u00e0 locali contrarie all&#8217;opera. La Provincia chiede chiarezza sul tema al presidente della Regione Veneto e all&#8217;assessore regionale all&#8217;Ambiente. Il presidente della Provincia, Roberto Padrin, ribadisce l&#8217;importanza dell&#8217;ascolto delle comunit\u00e0 locali e la posizione contraria al progetto, sottolineata dall&#8217;ordine del giorno approvato all&#8217;unanimit\u00e0.<\/p>\n<div class=\"flex-1 overflow-hidden\">\n<div class=\"react-scroll-to-bottom--css-lxoio-79elbk h-full\">\n<div class=\"react-scroll-to-bottom--css-lxoio-1n7m0yu\">\n<div class=\"flex flex-col pb-9 text-sm\">\n<div class=\"w-full text-token-text-primary\" data-testid=\"conversation-turn-97\">\n<div class=\"px-4 py-2 justify-center text-base md:gap-6 m-auto\">\n<div class=\"flex flex-1 text-base mx-auto gap-3 md:px-5 lg:px-1 xl:px-5 md:max-w-3xl lg:max-w-[40rem] xl:max-w-[48rem] group final-completion\">\n<div class=\"relative flex w-full flex-col lg:w-[calc(100%-115px)] agent-turn\">\n<div class=\"flex-col gap-1 md:gap-3\">\n<div class=\"mt-1 flex justify-start gap-3 empty:hidden\">\n<div class=\"text-gray-400 flex self-end lg:self-center justify-center lg:justify-start mt-0 -ml-1 visible\">\n<div class=\"flex items-center gap-1.5 text-xs\"><\/div>\n<div><\/div>\n<div>\n<hr \/>\n<\/div>\n<h3>DAL CORRIERE DELLE ALPI, SINTESI DELLA GIUDIZIARIA<\/h3>\n<div>\n<p><strong>DI GIGI SOSSO<\/strong><\/p>\n<p><strong>BELLUNO\u00a0<\/strong> Il pediatra ha portato a processo un padre di famiglia dopo aver notato segnali di maltrattamento durante una visita al bambino di tre mesi. Accanto alle coliche, il bambino mostrava sintomi di nervosismo e pianto frequente, spingendo il medico a indagare ulteriormente. Dopo un approfondimento con la madre, sono emersi episodi di maltrattamento, portando il pediatra a presentare una segnalazione alla questura di Belluno. Nonostante ci\u00f2, l&#8217;indagato \u00e8 stato assolto con formula piena dal tribunale collegiale, in seguito a una mancanza di prove.<\/p>\n<\/div>\n<div><\/div>\n<\/div>\n<\/div>\n<\/div>\n<\/div>\n<\/div>\n<\/div>\n<\/div>\n<\/div>\n<\/div>\n<\/div>\n<\/div>\n<p>&nbsp;<\/p>\n<hr \/>\n<p>&nbsp;<\/p>\n<blockquote>\n<h3 class=\"titolonews\">SANITA\u2019 PARTECIPATA. IL VENETO AVVIA PROCEDURE PER NASCITA ASSEMBLEA PERMANENTE<\/h3>\n<\/blockquote>\n<p><strong><a class=\"dt-pswp-item\" href=\"https:\/\/www.radiopiu.net\/wordpress\/wp-content\/uploads\/2021\/11\/INFERMIERE-OSS.png\" data-dt-img-description=\"\" data-large_image_width=\"1784\" data-large_image_height=\"1068\"><img loading=\"lazy\" decoding=\"async\" class=\" wp-image-242263 alignleft\" src=\"https:\/\/www.radiopiu.net\/wordpress\/wp-content\/uploads\/2021\/11\/INFERMIERE-OSS-300x180.png\" alt=\"\" width=\"153\" height=\"92\" srcset=\"https:\/\/www.radiopiu.net\/wordpress\/wp-content\/uploads\/2021\/11\/INFERMIERE-OSS-300x180.png 300w, https:\/\/www.radiopiu.net\/wordpress\/wp-content\/uploads\/2021\/11\/INFERMIERE-OSS-1024x613.png 1024w, https:\/\/www.radiopiu.net\/wordpress\/wp-content\/uploads\/2021\/11\/INFERMIERE-OSS-768x460.png 768w, https:\/\/www.radiopiu.net\/wordpress\/wp-content\/uploads\/2021\/11\/INFERMIERE-OSS-1536x920.png 1536w, https:\/\/www.radiopiu.net\/wordpress\/wp-content\/uploads\/2021\/11\/INFERMIERE-OSS.png 1784w\" sizes=\"auto, (max-width: 153px) 100vw, 153px\" \/><\/a>VENEZIA<\/strong> La Regione Veneto ha avviato il processo per costituire la prima assemblea permanente delle associazioni dei cittadini e dei pazienti nell&#8217;ambito sanitario e socio-sanitario regionale. Le organizzazioni iscritte al Registro Unico Nazionale del Terzo Settore, con almeno dieci associati e attive nel territorio della Regione, possono candidarsi. L&#8217;assemblea avr\u00e0 un ruolo attivo nella programmazione dei servizi e nella consultazione delle questioni importanti per i cittadini. L&#8217;iniziativa mira a valorizzare le &#8220;patient evidence&#8221; per migliorare la qualit\u00e0 dell&#8217;assistenza. La scadenza per la presentazione delle domande \u00e8 il 29 febbraio 2024.<\/p>\n<p>&nbsp;<\/p>\n<p>&nbsp;<\/p>\n<hr \/>\n<p>&nbsp;<\/p>\n<blockquote>\n<h3 class=\"titolonews\">APPROVATO IL NUOVO BANDO PER L\u2019IMPRENDITORIA GIOVANILE<\/h3>\n<\/blockquote>\n<p><strong>VENEZIA<\/strong> La Regione del Veneto ha approvato un nuovo bando per sostenere l&#8217;imprenditoria giovanile con una dotazione finanziaria di 2 milioni di euro. Il bando, che aprir\u00e0 il 5 marzo, mira a promuovere e sostenere le piccole e medie imprese giovanili nei settori dell&#8217;artigianato, dell&#8217;industria, del commercio e dei servizi. Le agevolazioni, concesse sotto forma di contributo a fondo perduto, corrisponderanno al 30% della spesa rendicontata ammissibile per la realizzazione del progetto. Possono beneficiare del contributo le PMI con titolari o soci di et\u00e0 compresa tra 18 e 35 anni. Le domande potranno essere presentate online dal 5 marzo al 19 marzo 2024.<\/p>\n<p>&nbsp;<\/p>\n<p>&nbsp;<\/p>\n<hr \/>\n<p>&nbsp;<\/p>\n<blockquote>\n<h3>BOLLETTE: NEL 2023 IN VENETO -34% PER L\u2019ELETTRICIT\u00c0 E -27% PER IL GAS<\/h3>\n<\/blockquote>\n<p><strong><a class=\"dt-pswp-item\" href=\"https:\/\/www.radiopiu.net\/wordpress\/wp-content\/uploads\/2024\/02\/Osservatorio-Energia-c-photoiron_lr.jpeg\" data-dt-img-description=\"\" data-large_image_width=\"499\" data-large_image_height=\"291\"><img loading=\"lazy\" decoding=\"async\" class=\" wp-image-374578 alignleft\" src=\"https:\/\/www.radiopiu.net\/wordpress\/wp-content\/uploads\/2024\/02\/Osservatorio-Energia-c-photoiron_lr-300x175.jpeg\" alt=\"\" width=\"147\" height=\"86\" srcset=\"https:\/\/www.radiopiu.net\/wordpress\/wp-content\/uploads\/2024\/02\/Osservatorio-Energia-c-photoiron_lr-300x175.jpeg 300w, https:\/\/www.radiopiu.net\/wordpress\/wp-content\/uploads\/2024\/02\/Osservatorio-Energia-c-photoiron_lr.jpeg 499w\" sizes=\"auto, (max-width: 147px) 100vw, 147px\" \/><\/a>MILANO<\/strong> Nel 2023, le famiglie venete con contratti di fornitura nel mercato tutelato hanno speso, in media, 814 euro per l&#8217;elettricit\u00e0 e 944 euro per il gas, evidenziando rispettivamente una diminuzione del 34% e del 27% rispetto all&#8217;anno precedente. Nonostante il Veneto abbia avuto la quarta bolletta del gas pi\u00f9 pesante in Italia, i costi complessivi delle bollette energetiche sono stati inferiori, con una spesa media familiare di 1.758 euro, in calo rispetto ai 2.527 euro del 2022. Rovigo \u00e8 risultata la provincia con le bollette pi\u00f9 pesanti sia per l&#8217;elettricit\u00e0 che per il gas mentre la provincia di Belluno ha rilevato i consumi pi\u00f9 bassi della regione per l&#8217;energia elettrica (2.050 kWh) e quindi la bolletta pi\u00f9 \u201cleggera\u201d (661 euro). Mario Rasimelli di Facile.it consiglia di monitorare i consumi e valutare offerte per risparmiare.<\/p>\n<p>&nbsp;<\/p>\n<p>&nbsp;<\/p>\n<hr \/>\n<p>&nbsp;<\/p>\n<blockquote>\n<h3>ARABBA A SAN VALENTINO: GLI ADDETTI AGLI IMPIANTI SONO DEI ROMANTICONI<\/h3>\n<\/blockquote>\n<p><strong>LIVINALLONGO\u00a0<\/strong>Ad Arabba gli addetti agli impianti sono dei romanticoni. Sulle piste del comprensorio sono comparsi dei cuori in occasione di San Valentino.<\/p>\n\n\t\t\t<style type='text\/css'>\n\t\t\t\t#gallery-3 {\n\t\t\t\t\tmargin: auto;\n\t\t\t\t}\n\t\t\t\t#gallery-3 .gallery-item {\n\t\t\t\t\tfloat: left;\n\t\t\t\t\tmargin-top: 10px;\n\t\t\t\t\ttext-align: center;\n\t\t\t\t\twidth: 25%;\n\t\t\t\t}\n\t\t\t\t#gallery-3 img {\n\t\t\t\t\tborder: 2px solid #cfcfcf;\n\t\t\t\t}\n\t\t\t\t#gallery-3 .gallery-caption {\n\t\t\t\t\tmargin-left: 0;\n\t\t\t\t}\n\t\t\t\t\/* see gallery_shortcode() in wp-includes\/media.php *\/\n\t\t\t<\/style>\n\t\t<div id='gallery-3' class='dt-gallery-container gallery galleryid-374548 gallery-columns-4 gallery-size-thumbnail'><dl class='gallery-item'>\n\t\t\t\t<dt class='gallery-icon portrait'>\n\t\t\t\t\t<a class=\"rollover rollover-zoom dt-pswp-item\" title=\"7e33801c-3760-4d73-896e-5013f5d233bc\" data-dt-img-description=\"\" data-large_image_width=\"1119\" data-large_image_height=\"1726\"href='https:\/\/www.radiopiu.net\/wordpress\/wp-content\/uploads\/2024\/02\/7e33801c-3760-4d73-896e-5013f5d233bc.jpg'><img loading=\"lazy\" decoding=\"async\" width=\"150\" height=\"150\" src=\"https:\/\/www.radiopiu.net\/wordpress\/wp-content\/uploads\/2024\/02\/7e33801c-3760-4d73-896e-5013f5d233bc-150x150.jpg\" class=\"attachment-thumbnail size-thumbnail\" alt=\"\" \/><\/a>\n\t\t\t\t<\/dt><\/dl><dl class='gallery-item'>\n\t\t\t\t<dt class='gallery-icon landscape'>\n\t\t\t\t\t<a class=\"rollover rollover-zoom dt-pswp-item\" title=\"e899f88d-25ba-4837-8490-75b20244ab42\" data-dt-img-description=\"\" data-large_image_width=\"1125\" data-large_image_height=\"933\"href='https:\/\/www.radiopiu.net\/wordpress\/wp-content\/uploads\/2024\/02\/e899f88d-25ba-4837-8490-75b20244ab42.jpg'><img loading=\"lazy\" decoding=\"async\" width=\"150\" height=\"150\" src=\"https:\/\/www.radiopiu.net\/wordpress\/wp-content\/uploads\/2024\/02\/e899f88d-25ba-4837-8490-75b20244ab42-150x150.jpg\" class=\"attachment-thumbnail size-thumbnail\" alt=\"\" \/><\/a>\n\t\t\t\t<\/dt><\/dl><dl class='gallery-item'>\n\t\t\t\t<dt class='gallery-icon landscape'>\n\t\t\t\t\t<a class=\"rollover rollover-zoom dt-pswp-item\" title=\"c812f549-678a-444e-b8b0-7d834cb53c28\" data-dt-img-description=\"\" data-large_image_width=\"1619\" data-large_image_height=\"810\"href='https:\/\/www.radiopiu.net\/wordpress\/wp-content\/uploads\/2024\/02\/c812f549-678a-444e-b8b0-7d834cb53c28.jpg'><img loading=\"lazy\" decoding=\"async\" width=\"150\" height=\"150\" src=\"https:\/\/www.radiopiu.net\/wordpress\/wp-content\/uploads\/2024\/02\/c812f549-678a-444e-b8b0-7d834cb53c28-150x150.jpg\" class=\"attachment-thumbnail size-thumbnail\" alt=\"\" \/><\/a>\n\t\t\t\t<\/dt><\/dl><dl class='gallery-item'>\n\t\t\t\t<dt class='gallery-icon landscape'>\n\t\t\t\t\t<a class=\"rollover rollover-zoom dt-pswp-item\" title=\"278e2392-aefd-4b25-bc23-e5bf985e1c52\" data-dt-img-description=\"\" data-large_image_width=\"1802\" data-large_image_height=\"841\"href='https:\/\/www.radiopiu.net\/wordpress\/wp-content\/uploads\/2024\/02\/278e2392-aefd-4b25-bc23-e5bf985e1c52.jpg'><img loading=\"lazy\" decoding=\"async\" width=\"150\" height=\"150\" src=\"https:\/\/www.radiopiu.net\/wordpress\/wp-content\/uploads\/2024\/02\/278e2392-aefd-4b25-bc23-e5bf985e1c52-150x150.jpg\" class=\"attachment-thumbnail size-thumbnail\" alt=\"\" \/><\/a>\n\t\t\t\t<\/dt><\/dl><br style=\"clear: both\" \/>\n\t\t\t<\/div>\n\n<p>&nbsp;<\/p>\n<hr \/>\n<p>&nbsp;<\/p>\n<blockquote>\n<h3>CONSIGLI COMUNALI<\/h3>\n<\/blockquote>\n<p><strong>SELVA DI CADORE<\/strong> Il sindaco Luca Lorenzini ha convocato i consiglieri per oggi alle 18.30, all&#8217;ordine del giorno verifica delle aree e fabbricati da destinare a residenza, attivit\u00e0 produttive e terziarie che potranno essere cedute in diritto di propriet\u00e0 o superficie; approvazione documento unico di programmazione.<\/p>\n<p><strong>ROCCA PIETORE<\/strong> consiglio comunale alle 18 di oggi, all&#8217;ordine del giorno il programma triennale per il conferimento degli incarichi di collaborazione autonoma<\/p>\n<p>&nbsp;<\/p>\n<blockquote>\n<h2>LUNEDI ALLE 19 CONSIGLIO COMUNALE AD AGORDO, DIRETTA RADIOPIU<\/h2>\n<\/blockquote>\n<p><strong>AGORDO<\/strong> Il sindaco Roberto Chissal\u00e8 ha convocato i consiglieri comunali per lunedi alle 19. 5 punti all&#8217;ordine del giorno<\/p>\n<p><strong><img loading=\"lazy\" decoding=\"async\" class=\"alignleft\" src=\"https:\/\/www.radiopiu.net\/wordpress\/wp-content\/uploads\/2023\/04\/chissale.png\" width=\"185\" height=\"137\" \/><br \/>\n<\/strong><\/p>\n<p><strong>DI GIANNI SANTOMASO<\/strong><\/p>\n<p>&nbsp;<\/p>\n<audio class=\"wp-audio-shortcode\" id=\"audio-374548-12\" preload=\"none\" style=\"width: 100%;\" controls=\"controls\"><source type=\"audio\/mpeg\" src=\"https:\/\/www.radiopiu.net\/wordpress\/wp-content\/uploads\/2024\/02\/consiglio-comunale-agordo-gianni.mp3?_=12\" \/><a href=\"https:\/\/www.radiopiu.net\/wordpress\/wp-content\/uploads\/2024\/02\/consiglio-comunale-agordo-gianni.mp3\">https:\/\/www.radiopiu.net\/wordpress\/wp-content\/uploads\/2024\/02\/consiglio-comunale-agordo-gianni.mp3<\/a><\/audio>\n<p>&nbsp;<\/p>\n<p>&nbsp;<\/p>\n<p>&nbsp;<\/p>\n<hr \/>\n<p>&nbsp;<\/p>\n<blockquote>\n<h3>LA CONVOCAZIONE DELLA CONFERENZA DEI SINDACI<\/h3>\n<\/blockquote>\n<p><strong>BELLUNO<\/strong> E&#8217; convocata per oggi alle 16 nella sala convegni dell&#8217;Ospedale San Martino di Belluno la convocazione della conferenza dei sindaci. Un solo punto da discutere: le linee programmatiche per l&#8217;anno 2024<\/p>\n<p>&nbsp;<\/p>\n<p>&nbsp;<\/p>\n<hr \/>\n<p>&nbsp;<\/p>\n<blockquote>\n<h3><a class=\"dt-pswp-item\" href=\"https:\/\/www.radiopiu.net\/wordpress\/wp-content\/uploads\/2024\/02\/SCR-20240214-ljlc.png\" data-dt-img-description=\"\" data-large_image_width=\"854\" data-large_image_height=\"1276\"><img loading=\"lazy\" decoding=\"async\" class=\" wp-image-374603 alignleft\" src=\"https:\/\/www.radiopiu.net\/wordpress\/wp-content\/uploads\/2024\/02\/SCR-20240214-ljlc-201x300.png\" alt=\"\" width=\"136\" height=\"203\" srcset=\"https:\/\/www.radiopiu.net\/wordpress\/wp-content\/uploads\/2024\/02\/SCR-20240214-ljlc-201x300.png 201w, https:\/\/www.radiopiu.net\/wordpress\/wp-content\/uploads\/2024\/02\/SCR-20240214-ljlc-685x1024.png 685w, https:\/\/www.radiopiu.net\/wordpress\/wp-content\/uploads\/2024\/02\/SCR-20240214-ljlc-768x1148.png 768w, https:\/\/www.radiopiu.net\/wordpress\/wp-content\/uploads\/2024\/02\/SCR-20240214-ljlc.png 854w\" sizes=\"auto, (max-width: 136px) 100vw, 136px\" \/><\/a>L&#8217;ASSEMBLEA DEGLI ALPINI DI FELTRE E UNA SERATA CULTURALE<\/h3>\n<\/blockquote>\n<p><strong>FELTRE<\/strong> Domenica 25 febbraio si terr\u00e0 l&#8217;Annuale Assemblea Generale dei delegati della Sezione dell\u2019Associazione Nazionale Alpini di Feltre. La giornata inizier\u00e0 con la celebrazione della Santa Messa in onore dei Caduti alle 8.00, seguita dall&#8217;apertura dei lavori dell&#8217;Assemblea dei soci alle 9.00. Dopo le relazioni dei responsabili dei vari settori, le Autorit\u00e0 presenti interverranno e seguir\u00e0 uno sfilamento attraverso le vie del centro con destinazione il Monumento ai Caduti. La serata precedente l&#8217;Assemblea sar\u00e0 dedicata alla presentazione del libro &#8220;Quel prete \u00e8 da fucilare&#8221; di don Bruno Fasani, che interverr\u00e0 per discutere il suo romanzo. La serata si terr\u00e0 alle 20.30 presso l&#8217;Auditorium dell\u2019Istituto Canossiane di Feltre e includer\u00e0 letture da parte di Maria Rosa Roviello e accompagnamento musicale dei \u201cPevar Soner\u201d.<\/p>\n<p>&nbsp;<\/p>\n<p>&nbsp;<\/p>\n<hr \/>\n<p>&nbsp;<\/p>\n<blockquote>\n<h3>CIVICAMENTE OSPITA GLI ARTISTI DEL TERRITORIO<\/h3>\n<\/blockquote>\n<p><strong>BORGO VALBELLUNA <\/strong>Si aprir\u00e0 con una mostra collettiva il progetto\u00a0artistico\u00a0<em>Echi d\u2019Arte<\/em>,\u00a0<em>il mese dell\u2019Arte<\/em>, l\u2019iniziativa culturale promossa dall\u2019associazione Civicamente APS Associazione di Idee in collaborazione con gli artisti del territorio. La sede di piazza Saubens a Trichiana ospiter\u00e0 le opere dei 30 artisti che hanno accolto l\u2019invito dell\u2019associazione a esporre i propri lavori e a condividere la propria idea di arte e di bellezza. La mostra verr\u00e0 inaugurata sabato 17 febbraio 2024 alle ore 11.00 e rimarr\u00e0 aperta fino alla fine del mese di marzo. L&#8217;iniziativa continuer\u00e0 con una serie di mostre personali degli artisti aderenti al progetto.<\/p>\n<p>&nbsp;<\/p>\n<p>&nbsp;<\/p>\n<hr \/>\n<p>&nbsp;<\/p>\n<p>&nbsp;<\/p>\n<blockquote>\n<h2><a class=\"dt-pswp-item\" href=\"https:\/\/www.radiopiu.net\/wordpress\/wp-content\/uploads\/2024\/02\/Senza-nome-32.png\" data-dt-img-description=\"\" data-large_image_width=\"350\" data-large_image_height=\"220\"><img loading=\"lazy\" decoding=\"async\" class=\" wp-image-374633 alignleft\" src=\"https:\/\/www.radiopiu.net\/wordpress\/wp-content\/uploads\/2024\/02\/Senza-nome-32-300x189.png\" alt=\"\" width=\"208\" height=\"131\" srcset=\"https:\/\/www.radiopiu.net\/wordpress\/wp-content\/uploads\/2024\/02\/Senza-nome-32-300x189.png 300w, https:\/\/www.radiopiu.net\/wordpress\/wp-content\/uploads\/2024\/02\/Senza-nome-32.png 350w\" sizes=\"auto, (max-width: 208px) 100vw, 208px\" \/><\/a>MADAME BUTTERFLY AL &#8220;DINO BUZZATI&#8221;<\/h2>\n<\/blockquote>\n<p><strong>BELLUNO<\/strong> Sabato alle 20.30 al teatro comunale di Belluno, alle 20.30, va in scena la Madame Butterfly di Giacomo Puccini nel centenario della morte. La tragedia giapponese in tre atti impegna: Delio Cassetta maestro concertatore e direttore d&#8217;orchestra; Elena D&#8217;Angelo alla regia con Grandi Spettacoli, Dolomiti Symphonia e Coro Opera di Parma<\/p>\n<p>I<strong>L DIRETTORE DELIO CASSETTA<\/strong><\/p>\n<audio class=\"wp-audio-shortcode\" id=\"audio-374548-13\" preload=\"none\" style=\"width: 100%;\" controls=\"controls\"><source type=\"audio\/mpeg\" src=\"https:\/\/www.radiopiu.net\/wordpress\/wp-content\/uploads\/2024\/02\/CASSETTA-OK.mp3?_=13\" \/><a href=\"https:\/\/www.radiopiu.net\/wordpress\/wp-content\/uploads\/2024\/02\/CASSETTA-OK.mp3\">https:\/\/www.radiopiu.net\/wordpress\/wp-content\/uploads\/2024\/02\/CASSETTA-OK.mp3<\/a><\/audio>\n<p>&nbsp;<\/p>\n<p>&nbsp;<\/p>\n<p>&nbsp;<\/p>\n<hr \/>\n<p>&nbsp;<\/p>\n<blockquote>\n<h3>APPUNTAMENTI CON L&#8217;ASSOCIAZIONE DONATORI DI ORGANI<\/h3>\n<\/blockquote>\n<p><strong>BELLUNO<\/strong> L&#8217;Aido Belluno organizza degli eventi:\u00a0 &#8220;Cammina con cuore&#8221;, si terr\u00e0 il 17 febbraio a Limana, una passeggiata lungo un percorso di 5 km per promuovere uno stile di vita sano. Il 28 febbraio alla casa funeraria Donadel, con approfondimenti sulla donazione degli organi. I contatti per informazioni sono al numero 336200212.<\/p>\n<p>&nbsp;<\/p>\n<p>&nbsp;<\/p>\n<hr \/>\n<p>&nbsp;<\/p>\n<blockquote>\n<h3>LE PAROLE DELL&#8217;AFFIDO<\/h3>\n<\/blockquote>\n<p><strong>AGORDO<\/strong> I\u00a0 Centri per l&#8217;affido e la solidariet\u00e0 familiare organizzano le letture animate del libro di Rita Charbonnier &#8220;Figlia del cuore&#8221;. Partecipa l&#8217;attore Michele Firpo, oggi alle 18 alla libreria Quattr&#8217;occhi di Agordo<\/p>\n<p>&nbsp;<\/p>\n<hr \/>\n<p>&nbsp;<\/p>\n<blockquote>\n<blockquote>\n<h3>ASCA CERCA OPERATORI SOCIO SANITARI<\/h3>\n<\/blockquote>\n<\/blockquote>\n<p><strong><a class=\"dt-pswp-item\" href=\"https:\/\/www.radiopiu.net\/wordpress\/wp-content\/uploads\/2020\/04\/ASCA.png\" data-dt-img-description=\"\" data-large_image_width=\"1211\" data-large_image_height=\"668\"><img loading=\"lazy\" decoding=\"async\" class=\" wp-image-128881 alignleft\" src=\"https:\/\/www.radiopiu.net\/wordpress\/wp-content\/uploads\/2020\/04\/ASCA-300x165.png\" alt=\"\" width=\"157\" height=\"86\" srcset=\"https:\/\/www.radiopiu.net\/wordpress\/wp-content\/uploads\/2020\/04\/ASCA-300x165.png 300w, https:\/\/www.radiopiu.net\/wordpress\/wp-content\/uploads\/2020\/04\/ASCA-1024x565.png 1024w, https:\/\/www.radiopiu.net\/wordpress\/wp-content\/uploads\/2020\/04\/ASCA-768x424.png 768w, https:\/\/www.radiopiu.net\/wordpress\/wp-content\/uploads\/2020\/04\/ASCA.png 1211w\" sizes=\"auto, (max-width: 157px) 100vw, 157px\" \/><\/a>AGORDO<\/strong> L&#8217;A.S.C.A. ha pubblicato un avviso di selezione per creare una graduatoria di idoneit\u00e0 volta all&#8217;assunzione di Operatori Socio Sanitari (OSS) a tempo determinato e indeterminato, sia a tempo pieno che parziale, presso le sedi di Agordo, Taibon Agordino e i Comuni Agordini per il servizio domiciliare. Il contratto di riferimento \u00e8 regolato dal CCNL UNEBA, con un trattamento economico basato sul livello contrattuale 4S, incluso un superminimo di \u20ac2.502,39 lordi annui. Vengono offerti vantaggi quali l&#8217;accesso al Welfare Aziendale e la possibilit\u00e0 di sistemazione abitativa gratuita per 8 mesi, con eventuali costi per le utenze. Scadenza domande entro venerd\u00ec 23 febbraio alle 12.<\/p>\n<p>&nbsp;<\/p>\n<p>&nbsp;<\/p>\n<hr \/>\n<p>&nbsp;<\/p>\n<h2><span style=\"color: #ff6600;\">IERI ALLA RADIO<\/span><\/h2>\n<h2><span style=\"color: #008000;\">CISL E FEMCA CISL LA VOCE PER I LAVORATORI<\/span><\/h2>\n<p><a class=\"dt-pswp-item\" href=\"https:\/\/www.radiopiu.net\/wordpress\/wp-content\/uploads\/2022\/10\/Milena-Cesca-2022-1.jpeg\" data-dt-img-description=\"\" data-large_image_width=\"1600\" data-large_image_height=\"1200\"><img loading=\"lazy\" decoding=\"async\" class=\" wp-image-303457 alignleft\" src=\"https:\/\/www.radiopiu.net\/wordpress\/wp-content\/uploads\/2022\/10\/Milena-Cesca-2022-1-300x225.jpeg\" alt=\"\" width=\"189\" height=\"142\" srcset=\"https:\/\/www.radiopiu.net\/wordpress\/wp-content\/uploads\/2022\/10\/Milena-Cesca-2022-1-300x225.jpeg 300w, https:\/\/www.radiopiu.net\/wordpress\/wp-content\/uploads\/2022\/10\/Milena-Cesca-2022-1-1024x768.jpeg 1024w, https:\/\/www.radiopiu.net\/wordpress\/wp-content\/uploads\/2022\/10\/Milena-Cesca-2022-1-768x576.jpeg 768w, https:\/\/www.radiopiu.net\/wordpress\/wp-content\/uploads\/2022\/10\/Milena-Cesca-2022-1-1536x1152.jpeg 1536w, https:\/\/www.radiopiu.net\/wordpress\/wp-content\/uploads\/2022\/10\/Milena-Cesca-2022-1.jpeg 1600w\" sizes=\"auto, (max-width: 189px) 100vw, 189px\" \/><\/a>14 febbraio 2024<\/p>\n<h3>PUNTATA 60, MILENA CESCA<\/h3>\n<audio class=\"wp-audio-shortcode\" id=\"audio-374548-14\" preload=\"none\" style=\"width: 100%;\" controls=\"controls\"><source type=\"audio\/mpeg\" src=\"https:\/\/www.radiopiu.net\/wordpress\/wp-content\/uploads\/2024\/01\/FEMCA-CISL-4.mp3?_=14\" \/><a href=\"https:\/\/www.radiopiu.net\/wordpress\/wp-content\/uploads\/2024\/01\/FEMCA-CISL-4.mp3\">https:\/\/www.radiopiu.net\/wordpress\/wp-content\/uploads\/2024\/01\/FEMCA-CISL-4.mp3<\/a><\/audio>\n<p>&nbsp;<\/p>\n<h2>LA RACCOLTA COMPLETA <a href=\"https:\/\/www.radiopiu.net\/wordpress\/cisl-e-femca-cisl-la-vocef\/\">CLICCA QUI<\/a><\/h2>\n<p>&nbsp;<\/p>\n<hr \/>\n<p>&nbsp;<\/p>\n<h2><span style=\"color: #ff00ff;\">LIBER, DI LIANA CAVALLET<\/span><\/h2>\n<p><strong>PUNTATA 23\u00a0 14 FEBBRAIO 2024 &#8211; PATRICK DENNIS &#8220;ZIA MAME&#8221;<\/strong><\/p>\n<p><a class=\"dt-pswp-item\" href=\"https:\/\/www.radiopiu.net\/wordpress\/wp-content\/uploads\/2024\/02\/9438c7c0-20c3-4d4b-999c-f8fe1f065c83.jpg\" data-dt-img-description=\"\" data-large_image_width=\"348\" data-large_image_height=\"546\"><img loading=\"lazy\" decoding=\"async\" class=\"size-medium wp-image-374570 aligncenter\" src=\"https:\/\/www.radiopiu.net\/wordpress\/wp-content\/uploads\/2024\/02\/9438c7c0-20c3-4d4b-999c-f8fe1f065c83-191x300.jpg\" alt=\"\" width=\"191\" height=\"300\" srcset=\"https:\/\/www.radiopiu.net\/wordpress\/wp-content\/uploads\/2024\/02\/9438c7c0-20c3-4d4b-999c-f8fe1f065c83-191x300.jpg 191w, https:\/\/www.radiopiu.net\/wordpress\/wp-content\/uploads\/2024\/02\/9438c7c0-20c3-4d4b-999c-f8fe1f065c83.jpg 348w\" sizes=\"auto, (max-width: 191px) 100vw, 191px\" \/><\/a><\/p>\n<audio class=\"wp-audio-shortcode\" id=\"audio-374548-15\" preload=\"none\" style=\"width: 100%;\" controls=\"controls\"><source type=\"audio\/mpeg\" src=\"https:\/\/www.radiopiu.net\/wordpress\/wp-content\/uploads\/2024\/01\/LIANA-7.mp3?_=15\" \/><a href=\"https:\/\/www.radiopiu.net\/wordpress\/wp-content\/uploads\/2024\/01\/LIANA-7.mp3\">https:\/\/www.radiopiu.net\/wordpress\/wp-content\/uploads\/2024\/01\/LIANA-7.mp3<\/a><\/audio>\n<p>&nbsp;<\/p>\n<h2>LA RACCOLTA COMPLETA <a href=\"https:\/\/www.radiopiu.net\/wordpress\/liber-di-liana-cavallet-la-raccolta\/\">CLICCA QUI<\/a><\/h2>\n<p>&nbsp;<\/p>\n<hr \/>\n<p>&nbsp;<\/p>\n<h2><span style=\"color: #33cccc;\"><a class=\"dt-pswp-item\" href=\"https:\/\/www.radiopiu.net\/wordpress\/wp-content\/uploads\/2022\/11\/scuola-zaino.jpeg\" data-dt-img-description=\"\" data-large_image_width=\"626\" data-large_image_height=\"417\"><img loading=\"lazy\" decoding=\"async\" class=\" wp-image-306830 alignleft\" src=\"https:\/\/www.radiopiu.net\/wordpress\/wp-content\/uploads\/2022\/11\/scuola-zaino-300x200.jpeg\" alt=\"\" width=\"132\" height=\"88\" srcset=\"https:\/\/www.radiopiu.net\/wordpress\/wp-content\/uploads\/2022\/11\/scuola-zaino-300x200.jpeg 300w, https:\/\/www.radiopiu.net\/wordpress\/wp-content\/uploads\/2022\/11\/scuola-zaino.jpeg 626w\" sizes=\"auto, (max-width: 132px) 100vw, 132px\" \/><\/a>SE NON LA SMETTI TI MANDO DAL PRESIDE<\/span><\/h2>\n<p><strong>DI MIRKO MEZZACASA<\/strong><\/p>\n<p>con Maria Rosa Salmazo<\/p>\n<audio class=\"wp-audio-shortcode\" id=\"audio-374548-16\" preload=\"none\" style=\"width: 100%;\" controls=\"controls\"><source type=\"audio\/mpeg\" src=\"https:\/\/www.radiopiu.net\/wordpress\/wp-content\/uploads\/2024\/01\/PRESIDE-2.mp3?_=16\" \/><a href=\"https:\/\/www.radiopiu.net\/wordpress\/wp-content\/uploads\/2024\/01\/PRESIDE-2.mp3\">https:\/\/www.radiopiu.net\/wordpress\/wp-content\/uploads\/2024\/01\/PRESIDE-2.mp3<\/a><\/audio>\n<h2><span style=\"color: #0000ff;\"><span style=\"color: #000000;\"><strong>LA RACCOLTA COMPLETA<\/strong><\/span> <a href=\"https:\/\/www.radiopiu.net\/wordpress\/se-non-la-smetti-di-mando-dal-preside\/\"><strong>CLICCA QUI<\/strong><\/a><\/span><\/h2>\n<p>&nbsp;<\/p>\n<hr \/>\n<p>&nbsp;<\/p>\n<h2><span style=\"color: #800080;\">LA STORIA DELLA STRADA REGIONALE 203 AGORDINA<\/span><\/h2>\n<p><strong><a class=\"dt-pswp-item\" href=\"https:\/\/www.radiopiu.net\/wordpress\/wp-content\/uploads\/2024\/02\/Un-tratto-di-SR-203-visto-dallalto-tra-Cencenighe-e-Le-Vare-scaled-1.jpg\" data-dt-img-description=\"\" data-large_image_width=\"2560\" data-large_image_height=\"1440\"><img loading=\"lazy\" decoding=\"async\" class=\" wp-image-374392 alignleft\" src=\"https:\/\/www.radiopiu.net\/wordpress\/wp-content\/uploads\/2024\/02\/Un-tratto-di-SR-203-visto-dallalto-tra-Cencenighe-e-Le-Vare-scaled-1-300x169.jpg\" alt=\"\" width=\"186\" height=\"105\" srcset=\"https:\/\/www.radiopiu.net\/wordpress\/wp-content\/uploads\/2024\/02\/Un-tratto-di-SR-203-visto-dallalto-tra-Cencenighe-e-Le-Vare-scaled-1-300x169.jpg 300w, https:\/\/www.radiopiu.net\/wordpress\/wp-content\/uploads\/2024\/02\/Un-tratto-di-SR-203-visto-dallalto-tra-Cencenighe-e-Le-Vare-scaled-1-1024x576.jpg 1024w, https:\/\/www.radiopiu.net\/wordpress\/wp-content\/uploads\/2024\/02\/Un-tratto-di-SR-203-visto-dallalto-tra-Cencenighe-e-Le-Vare-scaled-1-768x432.jpg 768w, https:\/\/www.radiopiu.net\/wordpress\/wp-content\/uploads\/2024\/02\/Un-tratto-di-SR-203-visto-dallalto-tra-Cencenighe-e-Le-Vare-scaled-1-1536x864.jpg 1536w, https:\/\/www.radiopiu.net\/wordpress\/wp-content\/uploads\/2024\/02\/Un-tratto-di-SR-203-visto-dallalto-tra-Cencenighe-e-Le-Vare-scaled-1-2048x1152.jpg 2048w\" sizes=\"auto, (max-width: 186px) 100vw, 186px\" \/><\/a>A CURA DI LUISA MANFROI<\/strong><\/p>\n<p>&nbsp;<\/p>\n<p>&nbsp;<\/p>\n<p>&nbsp;<\/p>\n<p><span style=\"color: #ff0000;\"><strong>PRIMA PUNTATA\u00a0<\/strong><\/span><\/p>\n<audio class=\"wp-audio-shortcode\" id=\"audio-374548-17\" preload=\"none\" style=\"width: 100%;\" controls=\"controls\"><source type=\"audio\/mpeg\" src=\"https:\/\/www.radiopiu.net\/wordpress\/wp-content\/uploads\/2024\/02\/Storia-203-Agordina-1-puntata.mp3?_=17\" \/><a href=\"https:\/\/www.radiopiu.net\/wordpress\/wp-content\/uploads\/2024\/02\/Storia-203-Agordina-1-puntata.mp3\">https:\/\/www.radiopiu.net\/wordpress\/wp-content\/uploads\/2024\/02\/Storia-203-Agordina-1-puntata.mp3<\/a><\/audio>\n<p>&nbsp;<\/p>\n<p><span style=\"color: #ff0000;\"><strong>SECONDA PUNTATA <\/strong><\/span><\/p>\n<audio class=\"wp-audio-shortcode\" id=\"audio-374548-18\" preload=\"none\" style=\"width: 100%;\" controls=\"controls\"><source type=\"audio\/mpeg\" src=\"https:\/\/www.radiopiu.net\/wordpress\/wp-content\/uploads\/2024\/02\/Storia-203-Agordina-2-puntata.mp3?_=18\" \/><a href=\"https:\/\/www.radiopiu.net\/wordpress\/wp-content\/uploads\/2024\/02\/Storia-203-Agordina-2-puntata.mp3\">https:\/\/www.radiopiu.net\/wordpress\/wp-content\/uploads\/2024\/02\/Storia-203-Agordina-2-puntata.mp3<\/a><\/audio>\n<p>&nbsp;<\/p>\n<p>&nbsp;<\/p>\n<hr \/>\n<p>&nbsp;<\/p>\n<blockquote>\n<h2>BOLAGO E ORZES, DUE FAMIGLIE E TRE STORIE DI DEPORTAZIONE<\/h2>\n<\/blockquote>\n<p>&nbsp;<\/p>\n<p><a class=\"dt-pswp-item\" href=\"https:\/\/www.radiopiu.net\/wordpress\/wp-content\/uploads\/2024\/02\/56a704bd-caa3-45ab-90ab-9507816a4011.jpg\" data-dt-img-description=\"\" data-large_image_width=\"1131\" data-large_image_height=\"1600\"><img loading=\"lazy\" decoding=\"async\" class=\"size-medium wp-image-374321 alignleft\" src=\"https:\/\/www.radiopiu.net\/wordpress\/wp-content\/uploads\/2024\/02\/56a704bd-caa3-45ab-90ab-9507816a4011-212x300.jpg\" alt=\"\" width=\"212\" height=\"300\" srcset=\"https:\/\/www.radiopiu.net\/wordpress\/wp-content\/uploads\/2024\/02\/56a704bd-caa3-45ab-90ab-9507816a4011-212x300.jpg 212w, https:\/\/www.radiopiu.net\/wordpress\/wp-content\/uploads\/2024\/02\/56a704bd-caa3-45ab-90ab-9507816a4011-724x1024.jpg 724w, https:\/\/www.radiopiu.net\/wordpress\/wp-content\/uploads\/2024\/02\/56a704bd-caa3-45ab-90ab-9507816a4011-768x1086.jpg 768w, https:\/\/www.radiopiu.net\/wordpress\/wp-content\/uploads\/2024\/02\/56a704bd-caa3-45ab-90ab-9507816a4011-1086x1536.jpg 1086w, https:\/\/www.radiopiu.net\/wordpress\/wp-content\/uploads\/2024\/02\/56a704bd-caa3-45ab-90ab-9507816a4011.jpg 1131w\" sizes=\"auto, (max-width: 212px) 100vw, 212px\" \/><\/a><\/p>\n<p>&nbsp;<\/p>\n<p>&nbsp;<\/p>\n<p>&nbsp;<\/p>\n<p>&nbsp;<\/p>\n<p>&nbsp;<\/p>\n<p>&nbsp;<\/p>\n<p>&nbsp;<\/p>\n<p>&nbsp;<\/p>\n<p>&nbsp;<\/p>\n<p><strong>SEDICO<\/strong><\/p>\n<p><strong>DI ROBERTO BONA<\/strong><\/p>\n<audio class=\"wp-audio-shortcode\" id=\"audio-374548-19\" preload=\"none\" style=\"width: 100%;\" controls=\"controls\"><source type=\"audio\/mpeg\" src=\"https:\/\/www.radiopiu.net\/wordpress\/wp-content\/uploads\/2024\/02\/LeGuerreUmbertoMaria.mp3?_=19\" \/><a href=\"https:\/\/www.radiopiu.net\/wordpress\/wp-content\/uploads\/2024\/02\/LeGuerreUmbertoMaria.mp3\">https:\/\/www.radiopiu.net\/wordpress\/wp-content\/uploads\/2024\/02\/LeGuerreUmbertoMaria.mp3<\/a><\/audio>\n<p>&nbsp;<\/p>\n<hr \/>\n<p>&nbsp;<\/p>\n<blockquote>\n<h3>SAVE THE DATE FESTIVAL AL RIFUGIO LARESEI&#8230;IL 7 APRILE SARA&#8217; UNA GIORNATA INDIMENTICABILE<\/h3>\n<\/blockquote>\n<p><strong>REDAZIONE<\/strong> Mancano 2 mesi&#8230;7 aprile 2024 \u00e8 la data sa segnare sul calendario. Rifugio Laresei, Falcade&#8230;A breve maggiori informazioni sugli special guests e sul ticketing online. Non prendete impegni che al Laresei si fa la storia! Continuate a seguirci su instagram @savethedate_festival_ e su @rifugiolaresei<\/p>\n<p>&nbsp;<\/p>\n<p>&nbsp;<\/p>\n<p>&nbsp;<\/p>\n<hr \/>\n<p>&nbsp;<\/p>\n<blockquote>\n<h3><a class=\"dt-pswp-item\" href=\"https:\/\/www.radiopiu.net\/wordpress\/wp-content\/uploads\/2024\/02\/bc5b076e-c8f0-46e1-9a84-cc1dbc7d8453.jpg\" data-dt-img-description=\"\" data-large_image_width=\"1131\" data-large_image_height=\"1600\"><img loading=\"lazy\" decoding=\"async\" class=\" wp-image-373651 alignleft\" src=\"https:\/\/www.radiopiu.net\/wordpress\/wp-content\/uploads\/2024\/02\/bc5b076e-c8f0-46e1-9a84-cc1dbc7d8453-212x300.jpg\" alt=\"\" width=\"94\" height=\"133\" srcset=\"https:\/\/www.radiopiu.net\/wordpress\/wp-content\/uploads\/2024\/02\/bc5b076e-c8f0-46e1-9a84-cc1dbc7d8453-212x300.jpg 212w, https:\/\/www.radiopiu.net\/wordpress\/wp-content\/uploads\/2024\/02\/bc5b076e-c8f0-46e1-9a84-cc1dbc7d8453-724x1024.jpg 724w, https:\/\/www.radiopiu.net\/wordpress\/wp-content\/uploads\/2024\/02\/bc5b076e-c8f0-46e1-9a84-cc1dbc7d8453-768x1086.jpg 768w, https:\/\/www.radiopiu.net\/wordpress\/wp-content\/uploads\/2024\/02\/bc5b076e-c8f0-46e1-9a84-cc1dbc7d8453-1086x1536.jpg 1086w, https:\/\/www.radiopiu.net\/wordpress\/wp-content\/uploads\/2024\/02\/bc5b076e-c8f0-46e1-9a84-cc1dbc7d8453.jpg 1131w\" sizes=\"auto, (max-width: 94px) 100vw, 94px\" \/><\/a>IL 17 FEBBRAIO ORAZIO ALLA CASA DELLA GIOVENTU&#8217; DI CAVIOLA<\/h3>\n<\/blockquote>\n<p><strong>DI LUISA ALCHINI<\/strong><\/p>\n<audio class=\"wp-audio-shortcode\" id=\"audio-374548-20\" preload=\"none\" style=\"width: 100%;\" controls=\"controls\"><source type=\"audio\/mpeg\" src=\"https:\/\/www.radiopiu.net\/wordpress\/wp-content\/uploads\/2024\/02\/LUISA-SPETTACOLO-oRAZIO-17-FEBBRAIO-cAVIOLA.mp3?_=20\" \/><a href=\"https:\/\/www.radiopiu.net\/wordpress\/wp-content\/uploads\/2024\/02\/LUISA-SPETTACOLO-oRAZIO-17-FEBBRAIO-cAVIOLA.mp3\">https:\/\/www.radiopiu.net\/wordpress\/wp-content\/uploads\/2024\/02\/LUISA-SPETTACOLO-oRAZIO-17-FEBBRAIO-cAVIOLA.mp3<\/a><\/audio>\n<blockquote><p>&nbsp;<\/p><\/blockquote>\n<hr \/>\n<p>&nbsp;<\/p>\n<blockquote>\n<h3>GLI ESPERTI DI FARFALLE NEL PARCO<\/h3>\n<\/blockquote>\n<p><strong>FELTRE<\/strong> Il Parco Nazionale Dolomiti Bellunesi ospiter\u00e0, il prossimo giugno, il quarto incontro dell\u2019Associazione Lepidotterologica Italiana, sodalizio che riunisce i ricercatori e gli appassionati di tutta Italia che si occupano di studio e conservazione delle farfalle. Il convegno si svolger\u00e0 a Villa Patt.<\/p>\n<blockquote><p>&nbsp;<\/p><\/blockquote>\n<p>&nbsp;<\/p>\n<hr \/>\n<p>&nbsp;<\/p>\n<p>&nbsp;<\/p>\n<blockquote>\n<h3><a class=\"dt-pswp-item\" href=\"https:\/\/www.radiopiu.net\/wordpress\/wp-content\/uploads\/2024\/02\/IMG-20240124-WA0001.jpg\" data-dt-img-description=\"\" data-large_image_width=\"1131\" data-large_image_height=\"1600\"><img loading=\"lazy\" decoding=\"async\" class=\" wp-image-373747 alignleft\" src=\"https:\/\/www.radiopiu.net\/wordpress\/wp-content\/uploads\/2024\/02\/IMG-20240124-WA0001-212x300.jpg\" alt=\"\" width=\"85\" height=\"120\" srcset=\"https:\/\/www.radiopiu.net\/wordpress\/wp-content\/uploads\/2024\/02\/IMG-20240124-WA0001-212x300.jpg 212w, https:\/\/www.radiopiu.net\/wordpress\/wp-content\/uploads\/2024\/02\/IMG-20240124-WA0001-724x1024.jpg 724w, https:\/\/www.radiopiu.net\/wordpress\/wp-content\/uploads\/2024\/02\/IMG-20240124-WA0001-768x1086.jpg 768w, https:\/\/www.radiopiu.net\/wordpress\/wp-content\/uploads\/2024\/02\/IMG-20240124-WA0001-1086x1536.jpg 1086w, https:\/\/www.radiopiu.net\/wordpress\/wp-content\/uploads\/2024\/02\/IMG-20240124-WA0001.jpg 1131w\" sizes=\"auto, (max-width: 85px) 100vw, 85px\" \/><\/a>IL MECCANICO AL TEATRO SAN GAETANO<\/h3>\n<\/blockquote>\n<p><strong>BELLUNO<\/strong> La Pro Loco Pieve Castionese ha il piacere di annunciare la rappresentazione teatrale di &#8220;IL MECCANICO&#8221; al teatro San Gaetano, con debutto il 17 e 18 febbraio alle 21. La collaborazione con Auge Teatro trasforma il teatro in un&#8217;officina di emozioni, consolidando il ruolo del San Gaetano come luogo per consumare emozioni attraverso la passione, il lavoro e la partecipazione di molte persone coinvolte negli anni.<\/p>\n<p>&nbsp;<\/p>\n<p>&nbsp;<\/p>\n<hr \/>\n<p>&nbsp;<\/p>\n<h2><span style=\"color: #ff0000;\">GLI APPUNTAMENTI DELLA SETTIMANA<\/span><span style=\"color: #ff0000;\">\u00a0 \u00a0<\/span><\/h2>\n<blockquote><p><em>\u00a0<\/em><\/p>\n<p><em>Il SuperW di Sedico cambia orari: ci trovate aperti dal luned\u00ec al sabato dalle 7.30 alle 20.30 e la domenica dalle 8.30 alle 19.30. Per festeggiare assieme questa novit\u00e0 abbiamo organizzato una festa per tutti i bambini: domenica 18 dalle 14 alle 15.30 e dalle 17 alle 18.30 il Duo G&amp;G vi aspetta al SuperW di Sedico con lo spettacolo \u201cIl vecchioWest\u201d. Due spettacoli, doppio divertimento e piccoli omaggi per tutti! Vi aspettiamo alle 14 e alle 17 di domenica 18 febbraio al SuperW di Sedico!\u00a0<\/em><\/p><\/blockquote>\n<p>&nbsp;<\/p>\n<p><strong>BELLUNO<\/strong> L&#8217;Istituto Bellunese di Ricerche Sociali e Culturali invita la cittadinanza alla presentazione del volume &#8220;L&#8217;Oltrardo: Storia, architettura e arte nei dintorni di Belluno citt\u00e0 splendente&#8221;. L&#8217;evento si terr\u00e0 il domani alle 20 nella sala parrocchiale di Cavarzano.<\/p>\n<p><strong>BELLUNO <\/strong>Sabato alle 20.45 al Teatro Dino Buzzati di Belluno, l\u2019autore, regista e attore, Paolo Valerio, sar\u00e0 il protagonista de \u201cIL MURO TRASPARENTE. DELIRIO DI UN TENNISTA SENTIMENTALE\u201d, spettacolo inserito nel cartellone dalla Prima Stagione di Prosa Nazionale promossa dal Circolo Cultura e Stampa Bellunese al Piccolo Teatro Pierobon di Paiane.<\/p>\n<p><strong>CORTINA\u00a0<\/strong>Michele Placido sar\u00e0 il protagonista di &#8220;Serata d&#8217;Onore&#8221; il 17 febbraio a CortinaTeatro. L&#8217;attore condurr\u00e0 uno spettacolo poetico e musicale accompagnato da Gianluigi Esposito e Antonio Saturno, esibendosi nelle pi\u00f9 belle canzoni napoletane. L&#8217;evento si svolger\u00e0 all&#8217;Alexander Girardi Hall di Cortina d&#8217;Ampezzo alle 20.45.<\/p>\n<p><strong>BELLUNO<\/strong> Il Circolo dei Sardi Nel Bellunese comie 41 anni e per l&#8217;occasione organizza due eventi. Sabato la festa a Limana in sala Desidea, domenica il pranzo dei soci alla Pizzeria Parco di Limana. Prenotazioni al 388 6458895<\/p>\n<p><strong>FELTRE<\/strong> Il Centro Astronomico di Arson organizza per sabato alle 21 un incontro per osservare la luna ad alta risoluzione.<\/p>\n<h2><span style=\"color: #ff0000;\">PROSSIMAMENTE<\/span><\/h2>\n<p><strong>FELTRE<\/strong> La Famiglia Ex Emigranti del Feltrino organizza la gita alla fiera &#8220;Orto Giardino&#8221; a Pordenonefiere il 6 marzo. La partenza \u00e8 alle 13 da Pedavena, con passaggio a Feltre. Il programma include l&#8217;ingresso alla fiera e una tappa in pizzeria durante il rientro. Per informazioni 40 262 9562.<\/p>\n<p>&nbsp;<\/p>\n<p>&nbsp;<\/p>\n<hr \/>\n<p>&nbsp;<\/p>\n<p><a class=\"dt-pswp-item\" href=\"https:\/\/www.radiopiu.net\/wordpress\/wp-content\/uploads\/2018\/09\/viabilita.jpeg\" data-dt-img-description=\"\" data-large_image_width=\"800\" data-large_image_height=\"100\"><img loading=\"lazy\" decoding=\"async\" class=\"aligncenter wp-image-61954 size-full\" src=\"https:\/\/www.radiopiu.net\/wordpress\/wp-content\/uploads\/2018\/09\/viabilita.jpeg\" alt=\"\" width=\"800\" height=\"100\" srcset=\"https:\/\/www.radiopiu.net\/wordpress\/wp-content\/uploads\/2018\/09\/viabilita.jpeg 800w, https:\/\/www.radiopiu.net\/wordpress\/wp-content\/uploads\/2018\/09\/viabilita-300x38.jpeg 300w, https:\/\/www.radiopiu.net\/wordpress\/wp-content\/uploads\/2018\/09\/viabilita-768x96.jpeg 768w\" sizes=\"auto, (max-width: 800px) 100vw, 800px\" \/><\/a><\/p>\n<p>&nbsp;<\/p>\n<p><a class=\"dt-pswp-item\" href=\"https:\/\/www.radiopiu.net\/wordpress\/wp-content\/uploads\/2023\/12\/botol-car-service.jpg\" data-dt-img-description=\"\" data-large_image_width=\"600\" data-large_image_height=\"600\"><img loading=\"lazy\" decoding=\"async\" class=\"size-medium wp-image-367044 aligncenter\" src=\"https:\/\/www.radiopiu.net\/wordpress\/wp-content\/uploads\/2023\/12\/botol-car-service-300x300.jpg\" alt=\"\" width=\"300\" height=\"300\" srcset=\"https:\/\/www.radiopiu.net\/wordpress\/wp-content\/uploads\/2023\/12\/botol-car-service-300x300.jpg 300w, https:\/\/www.radiopiu.net\/wordpress\/wp-content\/uploads\/2023\/12\/botol-car-service-150x150.jpg 150w, https:\/\/www.radiopiu.net\/wordpress\/wp-content\/uploads\/2023\/12\/botol-car-service.jpg 600w\" sizes=\"auto, (max-width: 300px) 100vw, 300px\" \/><\/a><\/p>\n<p>&nbsp;<\/p>\n<blockquote>\n<h1><span style=\"color: #ff0000;\"><a class=\"dt-pswp-item\" href=\"https:\/\/www.radiopiu.net\/wordpress\/wp-content\/uploads\/2020\/05\/VENETO-STRADE.png\" data-dt-img-description=\"\" data-large_image_width=\"400\" data-large_image_height=\"400\"><img loading=\"lazy\" decoding=\"async\" class=\"wp-image-135574 alignleft\" src=\"https:\/\/www.radiopiu.net\/wordpress\/wp-content\/uploads\/2020\/05\/VENETO-STRADE-300x300.png\" alt=\"\" width=\"102\" height=\"102\" srcset=\"https:\/\/www.radiopiu.net\/wordpress\/wp-content\/uploads\/2020\/05\/VENETO-STRADE-300x300.png 300w, https:\/\/www.radiopiu.net\/wordpress\/wp-content\/uploads\/2020\/05\/VENETO-STRADE-150x150.png 150w, https:\/\/www.radiopiu.net\/wordpress\/wp-content\/uploads\/2020\/05\/VENETO-STRADE.png 400w\" sizes=\"auto, (max-width: 102px) 100vw, 102px\" \/><\/a>AGGIORNAMENTO QUOTIDIANO, IN\u00a0 COLLABORAZIONE CON VENETO STRADE E BOTOL CAR SERVICE AD AGORDO IN LOCALITA&#8217; VALCOZZENA.<\/span><\/h1>\n<p>&nbsp;<\/p><\/blockquote>\n<p><strong>SOSPIROLO\u00a0<\/strong> Lungo la provinciale 2 tra Pian Falcina e Gena Bassa in Comune di Sospirolo\u00a0 <span style=\"color: #ff0000;\">fino al 15 febbraio,<\/span> sabato e domeniche compresi, senso unico alternato regolato da semaforo o movieri, interruzioni alla viabilit\u00e0 fino a 10 minuti per tratti di 200 metri.<\/p>\n<p><span style=\"color: #0000ff;\"><strong>BOLLETTINO VIABILITA&#8217; AGGIORNATO AL 23 GENNAIO 2024<\/strong><\/span><\/p>\n<audio class=\"wp-audio-shortcode\" id=\"audio-374548-21\" preload=\"none\" style=\"width: 100%;\" controls=\"controls\"><source type=\"audio\/mpeg\" src=\"https:\/\/www.radiopiu.net\/wordpress\/wp-content\/uploads\/2024\/01\/VIABLITA-2.mp3?_=21\" \/><a href=\"https:\/\/www.radiopiu.net\/wordpress\/wp-content\/uploads\/2024\/01\/VIABLITA-2.mp3\">https:\/\/www.radiopiu.net\/wordpress\/wp-content\/uploads\/2024\/01\/VIABLITA-2.mp3<\/a><\/audio>\n<p>&nbsp;<\/p>\n<hr \/>\n<p>&nbsp;<\/p>\n<p><a class=\"dt-pswp-item\" href=\"https:\/\/www.radiopiu.net\/wordpress\/wp-content\/uploads\/2018\/09\/WhatsApp-Image-2018-09-20-at-16.04.06.jpeg\" data-dt-img-description=\"\" data-large_image_width=\"800\" data-large_image_height=\"100\"><img loading=\"lazy\" decoding=\"async\" class=\"wp-image-61378 size-full aligncenter\" src=\"https:\/\/www.radiopiu.net\/wordpress\/wp-content\/uploads\/2018\/09\/WhatsApp-Image-2018-09-20-at-16.04.06.jpeg\" alt=\"\" width=\"800\" height=\"100\" srcset=\"https:\/\/www.radiopiu.net\/wordpress\/wp-content\/uploads\/2018\/09\/WhatsApp-Image-2018-09-20-at-16.04.06.jpeg 800w, https:\/\/www.radiopiu.net\/wordpress\/wp-content\/uploads\/2018\/09\/WhatsApp-Image-2018-09-20-at-16.04.06-300x38.jpeg 300w, https:\/\/www.radiopiu.net\/wordpress\/wp-content\/uploads\/2018\/09\/WhatsApp-Image-2018-09-20-at-16.04.06-768x96.jpeg 768w\" sizes=\"auto, (max-width: 800px) 100vw, 800px\" \/><\/a><\/p>\n<p><center><\/center><b>\u00a0 \u00a0\u00a0<\/b><\/p>\n<p><center><\/center><center><\/center><center><\/center><strong>OGGI<\/strong> Tempo stabile con sole e velature del cielo per transito di sottili nubi alte, a tratti estese, per\u00f2 senza impatto sulla percezione di ottime condizioni meteo. Da met\u00e0 pomeriggio in poi qualche annuvolamento medio-alto potrebbe giungere sulle Dolomiti.<br \/>\n<strong>Precipitazioni.<\/strong> Assenti<br \/>\n<strong>Temperature.<\/strong> In ulteriore generale aumento, salvo stazionariet\u00e0 delle massime nei fondovalle prealpini.<\/p>\n<hr \/>\n<p>&nbsp;<\/p>\n<p><strong>DOMANI<\/strong>\u00a0Il cielo sar\u00e0 parzialmente soleggiato al mattino e via via sempre pi\u00f9 nuvoloso al pomeriggio per intensificazione della nuvolosit\u00e0 medio-alta stratiforme fino a cielo coperto in serata. La diffusa mitezza diurna rimane l&#8217;elemento saliente della giornata.<br \/>\n<strong>Precipitazioni.<\/strong>\u00a0Assenti (0%).<br \/>\n<strong>Temperature.<\/strong> Senza notevoli variazioni nelle valli e in ulteriore lieve aumento in quota, nonostante prime avvisaglie di un relativo calo in tarda serata.<\/p>\n<hr \/>\n<p>&nbsp;<\/p>\n<p><strong>SABATO<\/strong> Sulle Dolomiti cielo da molto nuvoloso a coperto associato a probabile peggioramento del tempo, gi\u00e0 al mattino. Le precipitazioni dovrebbero estendersi a molti settori e risultare localmente moderate tra il pomeriggio e la sera. Sulle Prealpi velature del cielo al mattino, seguite da intensificazione della nuvolosit\u00e0, per\u00f2 il peggioramento potrebbe essere assai pi\u00f9 marginale, specie sui settori occidentali. Temperature in generale diminuzione, salvo rialzo delle minime nelle valli.<\/p>\n<hr \/>\n<p>&nbsp;<\/p>\n<p><b>DOMENICA <\/b>Miglioramento del tempo con sole e cielo sereno, salvo residua nuvolosit\u00e0 al primo mattino, specie sulle Dolomiti. Temperature minime in calo, massime stazionarie in quota e in rialzo nelle valli.<\/p>\n<p>&nbsp;<\/p>\n<p>&nbsp;<\/p>\n<hr \/>\n<p>&nbsp;<\/p>\n<p><img loading=\"lazy\" decoding=\"async\" class=\"wp-image-60761 size-full aligncenter\" src=\"https:\/\/www.radiopiu.net\/wordpress\/wp-content\/uploads\/2018\/09\/sport.jpg\" alt=\"\" width=\"800\" height=\"100\" srcset=\"https:\/\/www.radiopiu.net\/wordpress\/wp-content\/uploads\/2018\/09\/sport.jpg 800w, https:\/\/www.radiopiu.net\/wordpress\/wp-content\/uploads\/2018\/09\/sport-300x38.jpg 300w, https:\/\/www.radiopiu.net\/wordpress\/wp-content\/uploads\/2018\/09\/sport-768x96.jpg 768w\" sizes=\"auto, (max-width: 800px) 100vw, 800px\" \/><\/p>\n<p>&nbsp;<\/p>\n<p><span style=\"color: #0000ff;\"><strong>BIATHLON<\/strong><\/span><\/p>\n<blockquote>\n<h3>I CONVOCATI PER LA COPPA ITALIA DI BIATHLON<\/h3>\n<\/blockquote>\n<p><em>La localit\u00e0 carnica sostituisce l\u2019appuntamento inizialmente previsto a Bionaz, in Valle d\u2019Aosta. Il programma prevede sabato 17 la mass start, domenica 18 l\u2019inseguimento.\u00a0<\/em><\/p>\n<p><strong><img loading=\"lazy\" decoding=\"async\" class=\"alignleft\" src=\"https:\/\/www.radiopiu.net\/wordpress\/wp-content\/uploads\/2019\/02\/biathlon-trophy-cortina-10-feb-2019-2.jpg\" width=\"184\" height=\"123\" \/>REDAZIONE<\/strong> Folate di tifo dalla Valle del Biois, sostegno agli atleti convocati per la Coppa Italia di Biathlon di Forni Avoltri. Il comitato ha infatti convocato: Sebastiano Cagnati, Francesca Olivier, Arianna Micheluzzi, Caterina Valt, Lisa Ganz ( tutti atleti dello Sci Club Val Biois), Samuel Murer (Ski College Veneto Falcade). Al gruppone agordini si aggiungono Tommaso De Bacco, Diego Gaved, Silvia Dal Farra \u00a0(Enal Sport Villaga),\u00a0 Luca Preverin, Giordano Arnoldo (Valzoldana), Giacomo Cautiero, Elena Alver\u00e0, Lara Siorpaes (Sci club Cortina), Desir\u00e9e Ribbi,\u00a0 Marika Rupil (Valpadola) Antonio Pertile, Bruno Lovato (Sci club Gallio), . I tecnici sono Davide Mancin Majoni, Robin Toigo, Maria Rosa Mo\u00e8 e Marcello De Martin.<\/p>\n<blockquote><p>&nbsp;<\/p><\/blockquote>\n<p>&nbsp;<\/p>\n<p>&nbsp;<\/p>\n<p><span style=\"color: #0000ff;\"><strong>PALLAVOLO<\/strong><\/span><\/p>\n<blockquote>\n<h3>IL BELLUNO VOLLEY SI CONFERMA SQUADRA PIU&#8217; FORTE<\/h3>\n<\/blockquote>\n<p><strong><a class=\"dt-pswp-item\" href=\"https:\/\/www.radiopiu.net\/wordpress\/wp-content\/uploads\/2024\/02\/Orto_tra_Bisi_e_Bucko.jpg\" data-dt-img-description=\"\" data-large_image_width=\"1280\" data-large_image_height=\"853\"><img loading=\"lazy\" decoding=\"async\" class=\" wp-image-374553 alignleft\" src=\"https:\/\/www.radiopiu.net\/wordpress\/wp-content\/uploads\/2024\/02\/Orto_tra_Bisi_e_Bucko-300x200.jpg\" alt=\"\" width=\"156\" height=\"104\" srcset=\"https:\/\/www.radiopiu.net\/wordpress\/wp-content\/uploads\/2024\/02\/Orto_tra_Bisi_e_Bucko-300x200.jpg 300w, https:\/\/www.radiopiu.net\/wordpress\/wp-content\/uploads\/2024\/02\/Orto_tra_Bisi_e_Bucko-1024x682.jpg 1024w, https:\/\/www.radiopiu.net\/wordpress\/wp-content\/uploads\/2024\/02\/Orto_tra_Bisi_e_Bucko-768x512.jpg 768w, https:\/\/www.radiopiu.net\/wordpress\/wp-content\/uploads\/2024\/02\/Orto_tra_Bisi_e_Bucko.jpg 1280w\" sizes=\"auto, (max-width: 156px) 100vw, 156px\" \/><\/a>BELLUNO<\/strong> Il Belluno Volley si afferma con tre vittorie consecutive, raggiungendo la zona podio in Serie A3 Credem Banca. Le 12 vittorie e 6 sconfitte evidenziano la crescita del team nel 2024. Il libero Simone Orto sottolinea la coesione della squadra nei momenti difficili e mira a migliorarsi per i playoff. Nonostante il desiderio di lottare per il primo posto, Orto vede i passi falsi come lezioni importanti e ringrazia lo staff per il supporto. La prossima sfida contro i Diavoli Rosa si prospetta impegnativa, ma la squadra \u00e8 determinata a esprimere il proprio gioco e affrontare le sfide decisive con tranquillit\u00e0.<\/p>\n<p>&nbsp;<\/p>\n","protected":false},"excerpt":{"rendered":"<p>***** &nbsp; &nbsp; 40esimo di RADIOPIU\u2026. LA VOCE DELL\u2019EMOZIONE ISCRIVITI AL NOSTRO CANALE\u00a0\u00a0YOUTUBE PER SEGUIRE IN DIRETTA I PRINCIPALI PROGRAMMI DI RADIO PIU\u2019 E LE FUTURE DIRETTE IN ESTERNA. PER ISCRIVERTI CLICCA QUI\u00a0E PREMI\u00a0 \u201cIscriviti\u201d\u00a0 \u00a0 OGGI ALLA RADIO: ALLE 7 LA RASSEGNA STAMPA LOCALE FLASH, PER CHI COME NOI ALLE SETTE DEL MATTINO VA&hellip;<\/p>\n","protected":false},"author":4,"featured_media":374654,"comment_status":"closed","ping_status":"closed","sticky":false,"template":"","format":"standard","meta":{"_monsterinsights_skip_tracking":false,"_monsterinsights_sitenote_active":false,"_monsterinsights_sitenote_note":"","_monsterinsights_sitenote_category":0,"footnotes":""},"categories":[51,86,49],"tags":[],"class_list":["post-374548","post","type-post","status-publish","format-standard","has-post-thumbnail","hentry","category-evidenza-top","category-gr","category-news-18","category-51","category-86","category-49","description-off"],"img_url":"https:\/\/www.radiopiu.net\/wordpress\/wp-content\/uploads\/2024\/02\/Watermark_20240214_185507_441.jpg","_links":{"self":[{"href":"https:\/\/www.radiopiu.net\/wordpress\/wp-json\/wp\/v2\/posts\/374548","targetHints":{"allow":["GET"]}}],"collection":[{"href":"https:\/\/www.radiopiu.net\/wordpress\/wp-json\/wp\/v2\/posts"}],"about":[{"href":"https:\/\/www.radiopiu.net\/wordpress\/wp-json\/wp\/v2\/types\/post"}],"author":[{"embeddable":true,"href":"https:\/\/www.radiopiu.net\/wordpress\/wp-json\/wp\/v2\/users\/4"}],"replies":[{"embeddable":true,"href":"https:\/\/www.radiopiu.net\/wordpress\/wp-json\/wp\/v2\/comments?post=374548"}],"version-history":[{"count":0,"href":"https:\/\/www.radiopiu.net\/wordpress\/wp-json\/wp\/v2\/posts\/374548\/revisions"}],"wp:featuredmedia":[{"embeddable":true,"href":"https:\/\/www.radiopiu.net\/wordpress\/wp-json\/wp\/v2\/media\/374654"}],"wp:attachment":[{"href":"https:\/\/www.radiopiu.net\/wordpress\/wp-json\/wp\/v2\/media?parent=374548"}],"wp:term":[{"taxonomy":"category","embeddable":true,"href":"https:\/\/www.radiopiu.net\/wordpress\/wp-json\/wp\/v2\/categories?post=374548"},{"taxonomy":"post_tag","embeddable":true,"href":"https:\/\/www.radiopiu.net\/wordpress\/wp-json\/wp\/v2\/tags?post=374548"}],"curies":[{"name":"wp","href":"https:\/\/api.w.org\/{rel}","templated":true}]}}