{"id":374592,"date":"2024-02-14T12:09:02","date_gmt":"2024-02-14T11:09:02","guid":{"rendered":"https:\/\/www.radiopiu.net\/wordpress\/?p=374592"},"modified":"2024-02-14T18:14:37","modified_gmt":"2024-02-14T17:14:37","slug":"laddio-a-pippo-socio-fondatore-di-radio-piu","status":"publish","type":"post","link":"https:\/\/www.radiopiu.net\/wordpress\/laddio-a-pippo-socio-fondatore-di-radio-piu\/","title":{"rendered":"L&#8217;ADDIO A &#8220;PIPPO&#8221;, SOCIO FONDATORE DI RADIO PIU&#8217;"},"content":{"rendered":"<p>****<\/p>\n<p>&nbsp;<\/p>\n<p><strong><a class=\"dt-pswp-item\" href=\"https:\/\/www.radiopiu.net\/wordpress\/wp-content\/uploads\/2024\/02\/02e2689b-285b-4474-9f37-242c1b4f9983-e1707908761627.jpg\" data-dt-img-description=\"\" data-large_image_width=\"1259\" data-large_image_height=\"1600\"><img loading=\"lazy\" decoding=\"async\" class=\"size-medium wp-image-374598 alignleft\" src=\"https:\/\/www.radiopiu.net\/wordpress\/wp-content\/uploads\/2024\/02\/02e2689b-285b-4474-9f37-242c1b4f9983-e1707908761627-236x300.jpg\" alt=\"\" width=\"236\" height=\"300\" srcset=\"https:\/\/www.radiopiu.net\/wordpress\/wp-content\/uploads\/2024\/02\/02e2689b-285b-4474-9f37-242c1b4f9983-e1707908761627-236x300.jpg 236w, https:\/\/www.radiopiu.net\/wordpress\/wp-content\/uploads\/2024\/02\/02e2689b-285b-4474-9f37-242c1b4f9983-e1707908761627-806x1024.jpg 806w, https:\/\/www.radiopiu.net\/wordpress\/wp-content\/uploads\/2024\/02\/02e2689b-285b-4474-9f37-242c1b4f9983-e1707908761627-768x976.jpg 768w, https:\/\/www.radiopiu.net\/wordpress\/wp-content\/uploads\/2024\/02\/02e2689b-285b-4474-9f37-242c1b4f9983-e1707908761627-1209x1536.jpg 1209w, https:\/\/www.radiopiu.net\/wordpress\/wp-content\/uploads\/2024\/02\/02e2689b-285b-4474-9f37-242c1b4f9983-e1707908761627.jpg 1259w\" sizes=\"auto, (max-width: 236px) 100vw, 236px\" \/><\/a>REDAZIONE<\/strong> Taibon perde Udilio Cadorin. Pippo, per tutti era Pippo. Udilio Cadorin,\u00a0 socio fondatore di Radio Pi\u00f9 con altri 9 amici, compreso Renzo Gavaz, primo presidente. <em>&#8220;Mi ho mes i schei, el Pipo la testa&#8221;,<\/em> era la frase ricorrente passata alla storia di Renzo ed in effetti \u00e8 stato cos\u00ec. Udilio ha fortemente voluto una Radio privata\u00a0 a Taibon<em> &#8220;che si dovr\u00e0 chiamare Radio Pi\u00f9&#8221;\u00a0 <\/em>perch\u00e8 grande appassionato del mezzo radiofonico. Pippo \u00e8 stato il nostro primo direttore, redigeva i primi palinsesti e dava le giuste indicazioni e &#8220;frustrate&#8221; a noi ragazzini\u00a0 e ragazzine che a 20 anni avevamo tra le mani il giocattolo pi\u00f9 bello del mondo fatto di musica, eventi, e vita in radio. Pippo ha diretto la Radio fino al 1986, da allora non ha mai risparmiato critiche alla programmazione di Radio Pi\u00f9, motivo in pi\u00f9 per &#8220;rigare dritto&#8221;, segno evidente dell&#8217;importanza che ha dato alla Radio nel corso di tutta la sua vita affrontata spesso con grande fatica, sovrastata da un&#8217;infinita dignit\u00e0. Mi mancheranno le continue tirate d&#8217;orecchi&#8230;mancher\u00e0 qualche cosa nella crescita della Radio Pi\u00f9.\u00a0 Con emozione porgo l&#8217;ultimo saluto ad un altro socio fondatore, dopo la prematura scomparsa di Danilo Sibillon e lo scorso anno di Renzo Gavaz<\/p>\n<p>Dal profondo del cuore, unendomi ai soci fondatori\u00a0 Alessandro Savio, Agostino Cadorin, Sereno Ben, Pierina Bellai, Dino Collarin, Paolo Buttol, Gianna Schena, Sereno Ben, porgo ai nipoti un messaggio di cordoglio, unitamente all&#8217;abbraccio agli amici di Pippo:\u00a0 Antimo, Angelo, Fernando e tutti gli altri che in tanti anni gli sono sempre stati accanto, nei momenti importanti.<\/p>\n<p><strong>La prossima settimana (saremo pi\u00f9 precisi a breve),\u00a0 si terr\u00e0 una cerimonia in cimitero a Taibon con l&#8217;orazione laica\u00a0 (una forma di discorso o preghiera che non \u00e8 legata a una specifica tradizione religiosa o confessione) alla presenza del sindaco Silvia Tormen.\u00a0\u00a0<\/strong><\/p>\n<p>da sinistra PIPPO con la prima squadra di RADIOPIU Raffaele Gnech, Manuela Conedera, Virginia Andrich, Antonio Fiabane, Paola Lanciato, Alex Nascinben, Mirko Mezzacasa, Danilo Soppelsa, Massimo Carlin.<\/p>\n<p><a class=\"dt-pswp-item\" href=\"https:\/\/www.radiopiu.net\/wordpress\/wp-content\/uploads\/2024\/02\/linizio-22.jpg\" data-dt-img-description=\"\" data-large_image_width=\"1055\" data-large_image_height=\"680\"><img loading=\"lazy\" decoding=\"async\" class=\"alignnone wp-image-374597 size-full\" src=\"https:\/\/www.radiopiu.net\/wordpress\/wp-content\/uploads\/2024\/02\/linizio-22.jpg\" alt=\"\" width=\"1055\" height=\"680\" srcset=\"https:\/\/www.radiopiu.net\/wordpress\/wp-content\/uploads\/2024\/02\/linizio-22.jpg 1055w, https:\/\/www.radiopiu.net\/wordpress\/wp-content\/uploads\/2024\/02\/linizio-22-300x193.jpg 300w, https:\/\/www.radiopiu.net\/wordpress\/wp-content\/uploads\/2024\/02\/linizio-22-1024x660.jpg 1024w, https:\/\/www.radiopiu.net\/wordpress\/wp-content\/uploads\/2024\/02\/linizio-22-768x495.jpg 768w\" sizes=\"auto, (max-width: 1055px) 100vw, 1055px\" \/><\/a><\/p>\n<p>&nbsp;<\/p>\n<p>&nbsp;<\/p>\n<p>&nbsp;<\/p>\n<p>&nbsp;<\/p>\n<hr \/>\n<p>___<\/p>\n","protected":false},"excerpt":{"rendered":"<p>**** &nbsp; REDAZIONE Taibon perde Udilio Cadorin. Pippo, per tutti era Pippo. Udilio Cadorin,\u00a0 socio fondatore di Radio Pi\u00f9 con altri 9 amici, compreso Renzo Gavaz, primo presidente. &#8220;Mi ho mes i schei, el Pipo la testa&#8221;, era la frase ricorrente passata alla storia di Renzo ed in effetti \u00e8 stato cos\u00ec. Udilio ha fortemente&hellip;<\/p>\n","protected":false},"author":4,"featured_media":374597,"comment_status":"closed","ping_status":"closed","sticky":false,"template":"","format":"standard","meta":{"_monsterinsights_skip_tracking":false,"_monsterinsights_sitenote_active":false,"_monsterinsights_sitenote_note":"","_monsterinsights_sitenote_category":0,"footnotes":""},"categories":[51,49],"tags":[],"class_list":["post-374592","post","type-post","status-publish","format-standard","has-post-thumbnail","hentry","category-evidenza-top","category-news-18","category-51","category-49","description-off"],"img_url":"https:\/\/www.radiopiu.net\/wordpress\/wp-content\/uploads\/2024\/02\/linizio-22.jpg","_links":{"self":[{"href":"https:\/\/www.radiopiu.net\/wordpress\/wp-json\/wp\/v2\/posts\/374592","targetHints":{"allow":["GET"]}}],"collection":[{"href":"https:\/\/www.radiopiu.net\/wordpress\/wp-json\/wp\/v2\/posts"}],"about":[{"href":"https:\/\/www.radiopiu.net\/wordpress\/wp-json\/wp\/v2\/types\/post"}],"author":[{"embeddable":true,"href":"https:\/\/www.radiopiu.net\/wordpress\/wp-json\/wp\/v2\/users\/4"}],"replies":[{"embeddable":true,"href":"https:\/\/www.radiopiu.net\/wordpress\/wp-json\/wp\/v2\/comments?post=374592"}],"version-history":[{"count":0,"href":"https:\/\/www.radiopiu.net\/wordpress\/wp-json\/wp\/v2\/posts\/374592\/revisions"}],"wp:featuredmedia":[{"embeddable":true,"href":"https:\/\/www.radiopiu.net\/wordpress\/wp-json\/wp\/v2\/media\/374597"}],"wp:attachment":[{"href":"https:\/\/www.radiopiu.net\/wordpress\/wp-json\/wp\/v2\/media?parent=374592"}],"wp:term":[{"taxonomy":"category","embeddable":true,"href":"https:\/\/www.radiopiu.net\/wordpress\/wp-json\/wp\/v2\/categories?post=374592"},{"taxonomy":"post_tag","embeddable":true,"href":"https:\/\/www.radiopiu.net\/wordpress\/wp-json\/wp\/v2\/tags?post=374592"}],"curies":[{"name":"wp","href":"https:\/\/api.w.org\/{rel}","templated":true}]}}