{"id":374647,"date":"2024-02-15T05:33:00","date_gmt":"2024-02-15T04:33:00","guid":{"rendered":"https:\/\/www.radiopiu.net\/wordpress\/?p=374647"},"modified":"2024-02-15T05:50:02","modified_gmt":"2024-02-15T04:50:02","slug":"2023-un-altro-anno-record-per-essilorluxottica-71","status":"publish","type":"post","link":"https:\/\/www.radiopiu.net\/wordpress\/2023-un-altro-anno-record-per-essilorluxottica-71\/","title":{"rendered":"2023: un altro anno record per EssilorLuxottica + 7,1 %"},"content":{"rendered":"<p>&nbsp;<\/p>\n<p>&nbsp;<\/p>\n<p><strong><img decoding=\"async\" class=\"alignleft\" src=\"https:\/\/www.radiopiu.net\/wordpress\/wp-content\/uploads\/2023\/10\/Luxottica-firmato-il-contratto-aziendale-per-lo-stabilimento-di-Pederobba_articleimage-300x184-1.jpg\" \/>AGORDO<\/strong> EssilorLuxottica ha riportato risultati record per il quarto trimestre e l&#8217;intero anno 2023, con un fatturato in aumento del 7,1% a cambi costanti nel quarto trimestre e per l&#8217;intero anno, registrando una crescita superiore al 7% per il terzo anno consecutivo. Nord America ha mostrato una buona accelerazione nel quarto trimestre, mentre l&#8217;EMEA ha confermato il solido ritmo di crescita del terzo trimestre. L&#8217;innovazione \u00e8 stata un elemento chiave, con prodotti come Stellest, Varilux XR e Ray-Ban Meta. Nuovi brand hanno ulteriormente arricchito il portafoglio eyewear, con licenze in crescita a doppia cifra. La rivoluzionaria innovazione Nuance Audio \u00e8 stata presentata con successo al CES di Las Vegas. Il margine operativo adjusted \u00e8 stato del 16,9% a cambi costanti. Il free cash flow ha raggiunto i 2,4 miliardi di Euro nell&#8217;anno, nonostante gli importanti investimenti in produzione, digitale e IA. \u00c8 stato proposto un dividendo di 3,95 Euro per azione, in aumento del 22% rispetto al 2022. Il legame con la comunit\u00e0 dei dipendenti \u00e8 stato rafforzato con la definizione dei nuovi valori del Gruppo.<\/p>\n<p>&nbsp;<\/p>\n<blockquote><p><em>Francesco Milleri: \u00a0\u201cSiamo orgogliosi di condividere ottimi risultati e un altro anno di crescita1 del fatturato superiore al 7%, con un\u2019accelerazione nel quarto trimestre e il contributo di tutte le aree geografiche. Manteniamo una redditivit\u00e0 forte, con un utile netto di gruppo record vicino ai 3 miliardi di Euro e un free cash flow5 a 2,4 miliardi. \u00c8 stato anche un anno di importanti investimenti, con il consolidamento di nuove categorie di prodotto, da Stellest nella miopia a Ray-Ban Meta nei dispositivi indossabili, l\u2019ampliamento del portafoglio marchi con brand iconici come Moncler e Jimmy Choo, l\u2019integrazione dell&#8217;intelligenza artificiale e della business intelligence, l\u2019espansione del nostro network produttivo e il rafforzamento della rete retail a livello globale. Tutto questo contribuir\u00e0 all\u2019evoluzione del nostro Gruppo e alla trasformazione del settore nel prossimo decennio.<\/em><\/p><\/blockquote>\n<p>&nbsp;<\/p>\n<p>&nbsp;<\/p>\n<div class=\"flex-1 overflow-hidden\">\n<div class=\"react-scroll-to-bottom--css-lxoio-79elbk h-full\">\n<div class=\"react-scroll-to-bottom--css-lxoio-1n7m0yu\">\n<div class=\"flex flex-col pb-9 text-sm\">\n<div class=\"w-full text-token-text-primary\" data-testid=\"conversation-turn-93\">\n<div class=\"px-4 py-2 justify-center text-base md:gap-6 m-auto\">\n<div class=\"flex flex-1 text-base mx-auto gap-3 md:px-5 lg:px-1 xl:px-5 md:max-w-3xl lg:max-w-[40rem] xl:max-w-[48rem] group final-completion\">\n<div class=\"relative flex w-full flex-col lg:w-[calc(100%-115px)] agent-turn\">\n<div class=\"flex-col gap-1 md:gap-3\">\n<div class=\"mt-1 flex justify-start gap-3 empty:hidden\">\n<div class=\"text-gray-400 flex self-end lg:self-center justify-center lg:justify-start mt-0 -ml-1 visible\">\n<p>&nbsp;<\/p>\n<div class=\"flex items-center gap-1.5 text-xs\"><\/div>\n<div class=\"flex\"><\/div>\n<\/div>\n<\/div>\n<\/div>\n<\/div>\n<\/div>\n<\/div>\n<\/div>\n<\/div>\n<\/div>\n<\/div>\n<\/div>\n<div class=\"w-full pt-2 md:pt-0 dark:border-white\/20 md:border-transparent md:dark:border-transparent md:w-[calc(100%-.5rem)]\">\n<form class=\"stretch mx-2 flex flex-row gap-3 last:mb-2 md:mx-4 md:last:mb-6 lg:mx-auto lg:max-w-2xl xl:max-w-3xl\">\n<div class=\"relative flex h-full flex-1 items-stretch md:flex-col\">\n<div class=\"flex w-full items-center\"><\/div>\n<\/div>\n<\/form>\n<\/div>\n","protected":false},"excerpt":{"rendered":"<p>&nbsp; &nbsp; AGORDO EssilorLuxottica ha riportato risultati record per il quarto trimestre e l&#8217;intero anno 2023, con un fatturato in aumento del 7,1% a cambi costanti nel quarto trimestre e per l&#8217;intero anno, registrando una crescita superiore al 7% per il terzo anno consecutivo. Nord America ha mostrato una buona accelerazione nel quarto trimestre, mentre&hellip;<\/p>\n","protected":false},"author":4,"featured_media":356563,"comment_status":"closed","ping_status":"closed","sticky":false,"template":"","format":"standard","meta":{"_monsterinsights_skip_tracking":false,"_monsterinsights_sitenote_active":false,"_monsterinsights_sitenote_note":"","_monsterinsights_sitenote_category":0,"footnotes":""},"categories":[51,49],"tags":[],"class_list":["post-374647","post","type-post","status-publish","format-standard","has-post-thumbnail","hentry","category-evidenza-top","category-news-18","category-51","category-49","description-off"],"img_url":"https:\/\/www.radiopiu.net\/wordpress\/wp-content\/uploads\/2023\/10\/Luxottica-firmato-il-contratto-aziendale-per-lo-stabilimento-di-Pederobba_articleimage-300x184-1.jpg","_links":{"self":[{"href":"https:\/\/www.radiopiu.net\/wordpress\/wp-json\/wp\/v2\/posts\/374647","targetHints":{"allow":["GET"]}}],"collection":[{"href":"https:\/\/www.radiopiu.net\/wordpress\/wp-json\/wp\/v2\/posts"}],"about":[{"href":"https:\/\/www.radiopiu.net\/wordpress\/wp-json\/wp\/v2\/types\/post"}],"author":[{"embeddable":true,"href":"https:\/\/www.radiopiu.net\/wordpress\/wp-json\/wp\/v2\/users\/4"}],"replies":[{"embeddable":true,"href":"https:\/\/www.radiopiu.net\/wordpress\/wp-json\/wp\/v2\/comments?post=374647"}],"version-history":[{"count":0,"href":"https:\/\/www.radiopiu.net\/wordpress\/wp-json\/wp\/v2\/posts\/374647\/revisions"}],"wp:featuredmedia":[{"embeddable":true,"href":"https:\/\/www.radiopiu.net\/wordpress\/wp-json\/wp\/v2\/media\/356563"}],"wp:attachment":[{"href":"https:\/\/www.radiopiu.net\/wordpress\/wp-json\/wp\/v2\/media?parent=374647"}],"wp:term":[{"taxonomy":"category","embeddable":true,"href":"https:\/\/www.radiopiu.net\/wordpress\/wp-json\/wp\/v2\/categories?post=374647"},{"taxonomy":"post_tag","embeddable":true,"href":"https:\/\/www.radiopiu.net\/wordpress\/wp-json\/wp\/v2\/tags?post=374647"}],"curies":[{"name":"wp","href":"https:\/\/api.w.org\/{rel}","templated":true}]}}