{"id":374652,"date":"2024-02-15T05:34:58","date_gmt":"2024-02-15T04:34:58","guid":{"rendered":"https:\/\/www.radiopiu.net\/wordpress\/?p=374652"},"modified":"2024-02-15T05:49:45","modified_gmt":"2024-02-15T04:49:45","slug":"scialpinista-travolta-da-valanga-sul-monte-cristallo-trasportata-allospedale-di-belluno-con-probabile-politrauma","status":"publish","type":"post","link":"https:\/\/www.radiopiu.net\/wordpress\/scialpinista-travolta-da-valanga-sul-monte-cristallo-trasportata-allospedale-di-belluno-con-probabile-politrauma\/","title":{"rendered":"Scialpinista travolta da valanga sul Monte Cristallo: trasportata all&#8217;ospedale di Belluno con probabile politrauma"},"content":{"rendered":"<div>^^^<\/div>\n<div dir=\"auto\"><\/div>\n<div dir=\"auto\"><strong>CORTINA<\/strong> \u00c8 stata trasportata all&#8217;ospedale di Belluno la scialpinista 32enne di Vittorio Veneto (TV), travolta da una valanga mentre con il compagno scendeva dal Canale Vallen\u00e7ant sul Monte Cristallo. Trascinata per oltre 300 metri, la donna ha riportato un probabile politrauma. Sbarcati con un verricello di 20 metri, equipe medica e tecnico di elisoccorso le hanno prestato le prime cure per poi imbarellarla e issarla a bordo. Con lei \u00e8 stato recuperato anche il compagno.<\/div>\n<div dir=\"auto\"><\/div>\n<div dir=\"auto\"><strong>LIVINALLONGO<\/strong> Ha avuto fortunatamente esito negativo la bonifica del distacco riscontrato oggi dal pilota di un elicottero di passaggio sopra il Col di Lana, dove si notavano tracce di ingresso. Trasportati dal Pelikan sul posto, due unit\u00e0 cinofile, del Cnsas e del Sagf, e due soccorritori della Guardia di finanza hanno verificato che la slavina risaliva a uno dei giorni scorsi, dopo l&#8217;ultima nevicata, la traccia visibile in salita era vecchia e dove la neve si era accumulata si notavano delle buche scavate e delle tracce in uscita gi\u00e0 quasi cancellate dal vento, segno che probabilmente qualcuno era rimasto coinvolto, forse due sciatori, \u00e8 che era autonomamente riuscito a liberarsi. La valanga \u00e8 stata ugualmente bonificata con l&#8217;utilizzo di Artva, Recco e con il passaggio dei due cani.<\/div>\n<div dir=\"auto\"><\/div>\n<div dir=\"auto\">\n\n\t\t\t<style type='text\/css'>\n\t\t\t\t#gallery-1 {\n\t\t\t\t\tmargin: auto;\n\t\t\t\t}\n\t\t\t\t#gallery-1 .gallery-item {\n\t\t\t\t\tfloat: left;\n\t\t\t\t\tmargin-top: 10px;\n\t\t\t\t\ttext-align: center;\n\t\t\t\t\twidth: 33%;\n\t\t\t\t}\n\t\t\t\t#gallery-1 img {\n\t\t\t\t\tborder: 2px solid #cfcfcf;\n\t\t\t\t}\n\t\t\t\t#gallery-1 .gallery-caption {\n\t\t\t\t\tmargin-left: 0;\n\t\t\t\t}\n\t\t\t\t\/* see gallery_shortcode() in wp-includes\/media.php *\/\n\t\t\t<\/style>\n\t\t<div id='gallery-1' class='dt-gallery-container gallery galleryid-374652 gallery-columns-3 gallery-size-thumbnail'><dl class='gallery-item'>\n\t\t\t\t<dt class='gallery-icon portrait'>\n\t\t\t\t\t<a class=\"rollover rollover-zoom dt-pswp-item\" title=\"Watermark_20240214_182533_394\" data-dt-img-description=\"\" data-large_image_width=\"1773\" data-large_image_height=\"2364\"href='https:\/\/www.radiopiu.net\/wordpress\/wp-content\/uploads\/2024\/02\/Watermark_20240214_182533_394.jpg'><img loading=\"lazy\" decoding=\"async\" width=\"150\" height=\"150\" src=\"https:\/\/www.radiopiu.net\/wordpress\/wp-content\/uploads\/2024\/02\/Watermark_20240214_182533_394-150x150.jpg\" class=\"attachment-thumbnail size-thumbnail\" alt=\"\" \/><\/a>\n\t\t\t\t<\/dt><\/dl><dl class='gallery-item'>\n\t\t\t\t<dt class='gallery-icon landscape'>\n\t\t\t\t\t<a class=\"rollover rollover-zoom dt-pswp-item\" title=\"Watermark_20240214_185507_441\" data-dt-img-description=\"\" data-large_image_width=\"2364\" data-large_image_height=\"1773\"href='https:\/\/www.radiopiu.net\/wordpress\/wp-content\/uploads\/2024\/02\/Watermark_20240214_185507_441.jpg'><img loading=\"lazy\" decoding=\"async\" width=\"150\" height=\"150\" src=\"https:\/\/www.radiopiu.net\/wordpress\/wp-content\/uploads\/2024\/02\/Watermark_20240214_185507_441-150x150.jpg\" class=\"attachment-thumbnail size-thumbnail\" alt=\"\" \/><\/a>\n\t\t\t\t<\/dt><\/dl><dl class='gallery-item'>\n\t\t\t\t<dt class='gallery-icon landscape'>\n\t\t\t\t\t<a class=\"rollover rollover-zoom dt-pswp-item\" title=\"Watermark_20240214_185450_722\" data-dt-img-description=\"\" data-large_image_width=\"2364\" data-large_image_height=\"1773\"href='https:\/\/www.radiopiu.net\/wordpress\/wp-content\/uploads\/2024\/02\/Watermark_20240214_185450_722.jpg'><img loading=\"lazy\" decoding=\"async\" width=\"150\" height=\"150\" src=\"https:\/\/www.radiopiu.net\/wordpress\/wp-content\/uploads\/2024\/02\/Watermark_20240214_185450_722-150x150.jpg\" class=\"attachment-thumbnail size-thumbnail\" alt=\"\" \/><\/a>\n\t\t\t\t<\/dt><\/dl><br style=\"clear: both\" \/>\n\t\t\t<\/div>\n\n<p>&nbsp;<\/p>\n<p>**<\/p>\n<\/div>\n","protected":false},"excerpt":{"rendered":"<p>^^^ CORTINA \u00c8 stata trasportata all&#8217;ospedale di Belluno la scialpinista 32enne di Vittorio Veneto (TV), travolta da una valanga mentre con il compagno scendeva dal Canale Vallen\u00e7ant sul Monte Cristallo. Trascinata per oltre 300 metri, la donna ha riportato un probabile politrauma. Sbarcati con un verricello di 20 metri, equipe medica e tecnico di elisoccorso&hellip;<\/p>\n","protected":false},"author":4,"featured_media":374655,"comment_status":"closed","ping_status":"closed","sticky":false,"template":"","format":"standard","meta":{"_monsterinsights_skip_tracking":false,"_monsterinsights_sitenote_active":false,"_monsterinsights_sitenote_note":"","_monsterinsights_sitenote_category":0,"footnotes":""},"categories":[51,49],"tags":[],"class_list":["post-374652","post","type-post","status-publish","format-standard","has-post-thumbnail","hentry","category-evidenza-top","category-news-18","category-51","category-49","description-off"],"img_url":"https:\/\/www.radiopiu.net\/wordpress\/wp-content\/uploads\/2024\/02\/Watermark_20240214_185450_722.jpg","_links":{"self":[{"href":"https:\/\/www.radiopiu.net\/wordpress\/wp-json\/wp\/v2\/posts\/374652","targetHints":{"allow":["GET"]}}],"collection":[{"href":"https:\/\/www.radiopiu.net\/wordpress\/wp-json\/wp\/v2\/posts"}],"about":[{"href":"https:\/\/www.radiopiu.net\/wordpress\/wp-json\/wp\/v2\/types\/post"}],"author":[{"embeddable":true,"href":"https:\/\/www.radiopiu.net\/wordpress\/wp-json\/wp\/v2\/users\/4"}],"replies":[{"embeddable":true,"href":"https:\/\/www.radiopiu.net\/wordpress\/wp-json\/wp\/v2\/comments?post=374652"}],"version-history":[{"count":0,"href":"https:\/\/www.radiopiu.net\/wordpress\/wp-json\/wp\/v2\/posts\/374652\/revisions"}],"wp:featuredmedia":[{"embeddable":true,"href":"https:\/\/www.radiopiu.net\/wordpress\/wp-json\/wp\/v2\/media\/374655"}],"wp:attachment":[{"href":"https:\/\/www.radiopiu.net\/wordpress\/wp-json\/wp\/v2\/media?parent=374652"}],"wp:term":[{"taxonomy":"category","embeddable":true,"href":"https:\/\/www.radiopiu.net\/wordpress\/wp-json\/wp\/v2\/categories?post=374652"},{"taxonomy":"post_tag","embeddable":true,"href":"https:\/\/www.radiopiu.net\/wordpress\/wp-json\/wp\/v2\/tags?post=374652"}],"curies":[{"name":"wp","href":"https:\/\/api.w.org\/{rel}","templated":true}]}}