{"id":374698,"date":"2024-02-16T05:42:27","date_gmt":"2024-02-16T04:42:27","guid":{"rendered":"https:\/\/www.radiopiu.net\/wordpress\/?p=374698"},"modified":"2024-02-16T08:00:57","modified_gmt":"2024-02-16T07:00:57","slug":"giornale-radiopiu-16-febbraio-2024-direttore-mirko-mezzacasada-40-anni-25-giugno-1983-25-giugno-2023","status":"publish","type":"post","link":"https:\/\/www.radiopiu.net\/wordpress\/giornale-radiopiu-16-febbraio-2024-direttore-mirko-mezzacasada-40-anni-25-giugno-1983-25-giugno-2023\/","title":{"rendered":"GIORNALE RADIOPIU 16 FEBBRAIO 2024 DIRETTORE MIRKO MEZZACASA\u2026DA 40 ANNI 25 GIUGNO 1983-25 GIUGNO 2023"},"content":{"rendered":"<p>*****<\/p>\n<p>&nbsp;<\/p>\n<hr \/>\n<p>&nbsp;<\/p>\n<h1 class=\"entry-title photoswipe-wrapper\"><strong><a class=\"dt-pswp-item\" href=\"https:\/\/www.radiopiu.net\/wordpress\/wp-content\/uploads\/2023\/12\/logo-radio.jpg\" data-dt-img-description=\"\" data-large_image_width=\"800\" data-large_image_height=\"600\"><img loading=\"lazy\" decoding=\"async\" class=\"wp-image-367163 alignleft\" src=\"https:\/\/www.radiopiu.net\/wordpress\/wp-content\/uploads\/2023\/12\/logo-radio-300x225.jpg\" alt=\"\" width=\"109\" height=\"82\" srcset=\"https:\/\/www.radiopiu.net\/wordpress\/wp-content\/uploads\/2023\/12\/logo-radio-300x225.jpg 300w, https:\/\/www.radiopiu.net\/wordpress\/wp-content\/uploads\/2023\/12\/logo-radio-768x576.jpg 768w, https:\/\/www.radiopiu.net\/wordpress\/wp-content\/uploads\/2023\/12\/logo-radio.jpg 800w\" sizes=\"auto, (max-width: 109px) 100vw, 109px\" \/><\/a><\/strong><\/h1>\n<h1 class=\"entry-title photoswipe-wrapper\">40esimo di RADIOPIU\u2026. LA VOCE DELL\u2019EMOZIONE<\/h1>\n<h2><\/h2>\n<h2><span style=\"color: #ff0000;\">ISCRIVITI AL NOSTRO CANALE\u00a0\u00a0YOUTUBE PER SEGUIRE IN DIRETTA I PRINCIPALI PROGRAMMI DI RADIO PIU\u2019 E LE FUTURE DIRETTE IN ESTERNA. PER ISCRIVERTI <a style=\"color: #ff0000;\" href=\"https:\/\/youtube.com\/@radiopiu1527\">CLICCA QUI\u00a0<\/a>E PREMI\u00a0 \u201cIscriviti\u201d\u00a0 \u00a0<\/span><\/h2>\n<div class=\"x1e56ztr\" data-block=\"true\" data-editor=\"avj4u\" data-offset-key=\"d3i0j-0-0\"><\/div>\n<div data-block=\"true\" data-editor=\"avj4u\" data-offset-key=\"d3i0j-0-0\"><\/div>\n<div data-block=\"true\" data-editor=\"avj4u\" data-offset-key=\"d3i0j-0-0\"><\/div>\n<div class=\"x11i5rnm xat24cr x1mh8g0r x1vvkbs xtlvy1s x126k92a\">\n<div dir=\"auto\">\n<p><a class=\"dt-pswp-item\" href=\"https:\/\/www.radiopiu.net\/wordpress\/wp-content\/uploads\/2023\/10\/34f4cfc6-e863-46e9-9695-8df44be63421.jpg\" data-dt-img-description=\"\" data-large_image_width=\"1200\" data-large_image_height=\"1200\"><img loading=\"lazy\" decoding=\"async\" class=\"wp-image-357393 alignleft\" src=\"https:\/\/www.radiopiu.net\/wordpress\/wp-content\/uploads\/2023\/10\/34f4cfc6-e863-46e9-9695-8df44be63421-300x300.jpg\" alt=\"\" width=\"81\" height=\"81\" srcset=\"https:\/\/www.radiopiu.net\/wordpress\/wp-content\/uploads\/2023\/10\/34f4cfc6-e863-46e9-9695-8df44be63421-300x300.jpg 300w, https:\/\/www.radiopiu.net\/wordpress\/wp-content\/uploads\/2023\/10\/34f4cfc6-e863-46e9-9695-8df44be63421-1024x1024.jpg 1024w, https:\/\/www.radiopiu.net\/wordpress\/wp-content\/uploads\/2023\/10\/34f4cfc6-e863-46e9-9695-8df44be63421-150x150.jpg 150w, https:\/\/www.radiopiu.net\/wordpress\/wp-content\/uploads\/2023\/10\/34f4cfc6-e863-46e9-9695-8df44be63421-768x768.jpg 768w, https:\/\/www.radiopiu.net\/wordpress\/wp-content\/uploads\/2023\/10\/34f4cfc6-e863-46e9-9695-8df44be63421.jpg 1200w\" sizes=\"auto, (max-width: 81px) 100vw, 81px\" \/><\/a>OGGI ALLA RADIO: <strong>ALLE 7<\/strong> LA RASSEGNA STAMPA LOCALE FLASH, PER CHI COME NOI ALLE SETTE DEL MATTINO VA DI FRETTA, TANTE NOTIZIE IN POCHE CHIACCHIERE. <strong>ALLE OTTO<\/strong> L&#8217;APPROFONDIMENTO NELLA STORICA RASSEGNA STAMPA LOCALE.\u00a0 DALLE 6 ALLE 21, OGNI ORA, L&#8217;INFORMAZIONE NAZIONALE, l&#8217;informazione locale,\u00a0 OGNI ORA IN CODA AL GR NAZIONALE, ALLE 14 VIABILITA 15 METEOROLOGIA 19 I TITOLI DAL TG DI ANTENNA 3 A CURA DI TIZIANA BOLOGNANI<\/p>\n<p>&nbsp;<\/p>\n<p>&nbsp;<\/p>\n<p>&nbsp;<\/p>\n<p><strong><a class=\"dt-pswp-item\" href=\"https:\/\/www.radiopiu.net\/wordpress\/wp-content\/uploads\/2024\/02\/2d44e751-d8a8-461b-8e22-d8e4e853b032.jpg\" data-dt-img-description=\"\" data-large_image_width=\"1600\" data-large_image_height=\"1200\"><img loading=\"lazy\" decoding=\"async\" class=\"wp-image-373307 alignleft\" src=\"https:\/\/www.radiopiu.net\/wordpress\/wp-content\/uploads\/2024\/02\/2d44e751-d8a8-461b-8e22-d8e4e853b032-300x225.jpg\" alt=\"\" width=\"105\" height=\"79\" srcset=\"https:\/\/www.radiopiu.net\/wordpress\/wp-content\/uploads\/2024\/02\/2d44e751-d8a8-461b-8e22-d8e4e853b032-300x225.jpg 300w, https:\/\/www.radiopiu.net\/wordpress\/wp-content\/uploads\/2024\/02\/2d44e751-d8a8-461b-8e22-d8e4e853b032-1024x768.jpg 1024w, https:\/\/www.radiopiu.net\/wordpress\/wp-content\/uploads\/2024\/02\/2d44e751-d8a8-461b-8e22-d8e4e853b032-768x576.jpg 768w, https:\/\/www.radiopiu.net\/wordpress\/wp-content\/uploads\/2024\/02\/2d44e751-d8a8-461b-8e22-d8e4e853b032-1536x1152.jpg 1536w, https:\/\/www.radiopiu.net\/wordpress\/wp-content\/uploads\/2024\/02\/2d44e751-d8a8-461b-8e22-d8e4e853b032.jpg 1600w\" sizes=\"auto, (max-width: 105px) 100vw, 105px\" \/><\/a>EL BAL DEL FIOR, DI GIULIANA DA RONCH, 16 FEBBRAIO 2024<\/strong><\/p>\n<p><em>con gli auguri alla conduttrice<\/em><\/p>\n<p>&nbsp;<\/p>\n<p><span style=\"color: #ff0000;\"><strong>SANTA GIULIANA<\/strong><\/span><\/p>\n<audio class=\"wp-audio-shortcode\" id=\"audio-374698-1\" preload=\"none\" style=\"width: 100%;\" controls=\"controls\"><source type=\"audio\/mpeg\" src=\"https:\/\/www.radiopiu.net\/wordpress\/wp-content\/uploads\/2024\/02\/GVE-1.m4a?_=1\" \/><a href=\"https:\/\/www.radiopiu.net\/wordpress\/wp-content\/uploads\/2024\/02\/GVE-1.m4a\">https:\/\/www.radiopiu.net\/wordpress\/wp-content\/uploads\/2024\/02\/GVE-1.m4a<\/a><\/audio>\n<p>&nbsp;<\/p>\n<p><strong>TRAMONTO BELLUNESE, ZONA AEROPORTO<\/strong><\/p>\n<p><a class=\"dt-pswp-item\" href=\"https:\/\/www.radiopiu.net\/wordpress\/wp-content\/uploads\/2024\/02\/b82a9408-c7f0-499f-973e-5ca5a68f00ef.jpg\" data-dt-img-description=\"\" data-large_image_width=\"1200\" data-large_image_height=\"1600\"><img loading=\"lazy\" decoding=\"async\" class=\"size-medium wp-image-374771 aligncenter\" src=\"https:\/\/www.radiopiu.net\/wordpress\/wp-content\/uploads\/2024\/02\/b82a9408-c7f0-499f-973e-5ca5a68f00ef-225x300.jpg\" alt=\"\" width=\"225\" height=\"300\" srcset=\"https:\/\/www.radiopiu.net\/wordpress\/wp-content\/uploads\/2024\/02\/b82a9408-c7f0-499f-973e-5ca5a68f00ef-225x300.jpg 225w, https:\/\/www.radiopiu.net\/wordpress\/wp-content\/uploads\/2024\/02\/b82a9408-c7f0-499f-973e-5ca5a68f00ef-768x1024.jpg 768w, https:\/\/www.radiopiu.net\/wordpress\/wp-content\/uploads\/2024\/02\/b82a9408-c7f0-499f-973e-5ca5a68f00ef-1152x1536.jpg 1152w, https:\/\/www.radiopiu.net\/wordpress\/wp-content\/uploads\/2024\/02\/b82a9408-c7f0-499f-973e-5ca5a68f00ef.jpg 1200w\" sizes=\"auto, (max-width: 225px) 100vw, 225px\" \/><\/a><\/p>\n<p><strong>RALLENTAMENTI AD ALLEGHE, CIGNO IN STRADA\u00a0<\/strong><\/p>\n<p><a class=\"dt-pswp-item\" href=\"https:\/\/www.radiopiu.net\/wordpress\/wp-content\/uploads\/2024\/02\/74c5ac80-5c26-4808-9f85-7b37111cb2bf.jpg\" data-dt-img-description=\"\" data-large_image_width=\"1600\" data-large_image_height=\"1200\"><img loading=\"lazy\" decoding=\"async\" class=\"size-medium wp-image-374823 aligncenter\" src=\"https:\/\/www.radiopiu.net\/wordpress\/wp-content\/uploads\/2024\/02\/74c5ac80-5c26-4808-9f85-7b37111cb2bf-300x225.jpg\" alt=\"\" width=\"300\" height=\"225\" srcset=\"https:\/\/www.radiopiu.net\/wordpress\/wp-content\/uploads\/2024\/02\/74c5ac80-5c26-4808-9f85-7b37111cb2bf-300x225.jpg 300w, https:\/\/www.radiopiu.net\/wordpress\/wp-content\/uploads\/2024\/02\/74c5ac80-5c26-4808-9f85-7b37111cb2bf-1024x768.jpg 1024w, https:\/\/www.radiopiu.net\/wordpress\/wp-content\/uploads\/2024\/02\/74c5ac80-5c26-4808-9f85-7b37111cb2bf-768x576.jpg 768w, https:\/\/www.radiopiu.net\/wordpress\/wp-content\/uploads\/2024\/02\/74c5ac80-5c26-4808-9f85-7b37111cb2bf-1536x1152.jpg 1536w, https:\/\/www.radiopiu.net\/wordpress\/wp-content\/uploads\/2024\/02\/74c5ac80-5c26-4808-9f85-7b37111cb2bf.jpg 1600w\" sizes=\"auto, (max-width: 300px) 100vw, 300px\" \/>\u00a0<\/a><\/p>\n<p>&nbsp;<\/p>\n<p>&nbsp;<\/p>\n<hr \/>\n<p>&nbsp;<\/p>\n<p>&nbsp;<\/p>\n<p><a class=\"dt-pswp-item\" href=\"https:\/\/www.radiopiu.net\/wordpress\/wp-content\/uploads\/2022\/02\/MyRadioPiu_miaidea.png\" data-dt-img-description=\"\" data-large_image_width=\"483\" data-large_image_height=\"374\"><img loading=\"lazy\" decoding=\"async\" class=\"wp-image-325190 alignleft\" src=\"https:\/\/www.radiopiu.net\/wordpress\/wp-content\/uploads\/2022\/02\/MyRadioPiu_miaidea-300x232.png\" alt=\"\" width=\"132\" height=\"102\" srcset=\"https:\/\/www.radiopiu.net\/wordpress\/wp-content\/uploads\/2022\/02\/MyRadioPiu_miaidea-300x232.png 300w, https:\/\/www.radiopiu.net\/wordpress\/wp-content\/uploads\/2022\/02\/MyRadioPiu_miaidea.png 483w\" sizes=\"auto, (max-width: 132px) 100vw, 132px\" \/><\/a><strong><span style=\"color: #ff0000;\">OGGI ALLA RADIO<\/span><\/strong> ALLE 7.20 <strong>EL BAL DEL FIOR CON GIULIANA DA RONCH<\/strong>, ALLE 8.20 <strong>PIU&#8217; SIAMO CON MARINA DONA&#8217;<\/strong>, ALLE 9 <strong>PREMIERE CON MARCO GAZ E GLI ANNI OTTANTA CON MONICA FONTANIVE<\/strong> ALLE 10.10 <strong>MUSLA CON ERIK LE NOVE IN LADIN<\/strong> ALLE 10.30 <strong>CASSA SOLIDARIETA&#8217; ANZIENDALE LAVORATORI LUXOTTICA CON DIEGO PALMERI E FABRIZIO CAMPEDEL <\/strong>ALLE 13.10<strong> SPECIALE HOLZE MEDE, IL PELLET NELL&#8217;AGORDINO, DAL 1 MARZO AUMENTA L&#8217;IVA.<\/strong><\/p>\n<p>&nbsp;<\/p>\n<p>&nbsp;<\/p>\n<\/div>\n<hr \/>\n<\/div>\n<hr \/>\n<hr \/>\n<hr \/>\n<blockquote>\n<blockquote>\n<h1><span style=\"color: #ff0000;\">I podcast informativi del mattino &#8211; audio &#8211;\u00a0<\/span><\/h1>\n<\/blockquote>\n<p><strong><a class=\"dt-pswp-item\" href=\"https:\/\/www.radiopiu.net\/wordpress\/wp-content\/uploads\/2023\/11\/th-10.jpg\" data-dt-img-description=\"\" data-large_image_width=\"320\" data-large_image_height=\"180\"><img loading=\"lazy\" decoding=\"async\" class=\"wp-image-362866 alignleft\" src=\"https:\/\/www.radiopiu.net\/wordpress\/wp-content\/uploads\/2023\/11\/th-10-300x169.jpg\" alt=\"\" width=\"185\" height=\"104\" srcset=\"https:\/\/www.radiopiu.net\/wordpress\/wp-content\/uploads\/2023\/11\/th-10-300x169.jpg 300w, https:\/\/www.radiopiu.net\/wordpress\/wp-content\/uploads\/2023\/11\/th-10.jpg 320w\" sizes=\"auto, (max-width: 185px) 100vw, 185px\" \/><\/a>LA RASSEGNA STAMPA NAZIONALE ALLA RADIO, OGNI GIORNO ALLE 5 E ALLE 6 DEL MATTINO <span style=\"color: #0000ff;\">viene pubblicata alle 6.00 <span style=\"color: #ff0000;\">DIRETTA RADIO\u00a0\u00a0<\/span><\/span><\/strong><\/p>\n<p>&nbsp;<\/p>\n<p>&nbsp;<\/p>\n<p>di STEFANO FAMA&#8217;<\/p>\n<p><strong>Politica<\/strong> la protesta dei trattori torna a Roma. <strong>Messina<\/strong> ponte sulle stretto, progetto definitivo pronto. <strong>Mosca<\/strong> allarme sulle armi spaziali- nuclerai russe. <strong>Catanzaro<\/strong> carcere asservito ai detenuti. <strong>Lodi<\/strong> le indagini per la ristoratrice morta. <strong>Bologna<\/strong> manganellate alla manifestazione pro Palestina. <strong>Roma<\/strong> crolla balcone, morta schiacciata una settantenne<\/p><\/blockquote>\n<h2>L&#8217;AUDIO dalle 4 del mattino<\/h2>\n<audio class=\"wp-audio-shortcode\" id=\"audio-374698-2\" preload=\"none\" style=\"width: 100%;\" controls=\"controls\"><source type=\"audio\/mpeg\" src=\"https:\/\/www.radiopiu.net\/wordpress\/wp-content\/uploads\/2024\/02\/GIORNALEDELLESEI-16.mp3?_=2\" \/><a href=\"https:\/\/www.radiopiu.net\/wordpress\/wp-content\/uploads\/2024\/02\/GIORNALEDELLESEI-16.mp3\">https:\/\/www.radiopiu.net\/wordpress\/wp-content\/uploads\/2024\/02\/GIORNALEDELLESEI-16.mp3<\/a><\/audio>\n<blockquote><p>&nbsp;<\/p>\n<p>&nbsp;<\/p>\n<p>&nbsp;<\/p><\/blockquote>\n<p>&nbsp;<\/p>\n<p>&nbsp;<\/p>\n<hr \/>\n<p>&nbsp;<\/p>\n<h1 style=\"text-align: center;\"><span style=\"color: #ff0000;\">I podcast informativi del mattino &#8211; audio &#8211;\u00a0<\/span><\/h1>\n<p><strong><a class=\"dt-pswp-item\" href=\"https:\/\/www.radiopiu.net\/wordpress\/wp-content\/uploads\/2023\/12\/images.png\" data-dt-img-description=\"\" data-large_image_width=\"316\" data-large_image_height=\"160\"><img loading=\"lazy\" decoding=\"async\" class=\"wp-image-367008 alignleft\" src=\"https:\/\/www.radiopiu.net\/wordpress\/wp-content\/uploads\/2023\/12\/images-300x152.png\" alt=\"\" width=\"235\" height=\"119\" srcset=\"https:\/\/www.radiopiu.net\/wordpress\/wp-content\/uploads\/2023\/12\/images-300x152.png 300w, https:\/\/www.radiopiu.net\/wordpress\/wp-content\/uploads\/2023\/12\/images.png 316w\" sizes=\"auto, (max-width: 235px) 100vw, 235px\" \/><\/a>OGNI GIORNO ALLE SETTE DEL MATTINO, LA RASSEGNA STAMPA LOCALE FLASH&#8230; PER CHI VA IN FRETTA. I TITOLI DAI GIORNALI E DAL SITO WWW.RADIOPIU.NET <span style=\"color: #0000ff;\">viene pubblicato alle 7.00<\/span> <span style=\"color: #ff0000;\">DIRETTA RADIO\u00a0<\/span><\/strong><\/p>\n<p><em><span style=\"color: #ff0000;\">per chi va in fretta&#8230; tante notizie in pochi minuti. L&#8217;informazione locale alla radio, ogni ora dalle 7 del mattino alle 19 della sera.\u00a0 \u00a0\u00a0<\/span><\/em><\/p>\n<p>di mirko mezzacasa<\/p>\n<p><strong>TENTATO FURTO IN TRE ESERCIZI<\/strong> COMMERCIALI A BELLUNO identificato l\u2019autore dei tentativi di furto, un uomo di 44 anni<br \/>\nINSEGUIMENTO, SPERONAMENTO E FUGA. I CARABINIERI CERCANO TRE PERSONE DELL\u2019EST SCAPPATE PER I CAMPI L\u2019auto \u00e8 stata sequestrata per ulteriori indagini<br \/>\n<strong>LADRI DI SCI<\/strong> IN TRASFERTA IN VALLE DEL BIOIS Una coppia di giovani lombardi \u00e8 stata denunciata per furto aggravato e ricettazione dopo essere stata accusata di rubare sci da noleggio nella zona della Ski area del Passo San Pellegrino<br \/>\n<strong>BELLUNO<\/strong> Il Prefetto ha richiesto un approfondimento sulla natura e la durata dell\u2019ordinanza regolatoria della viabilit\u00e0 in galleria, recentemente emessa da Anas. E\u2019 stato confermato che le procedure di scelta del contraente<br \/>\n<strong>BELLUNO<\/strong> AVVIATO IL RIPRISTINO DELLO SMOTTAMENTO IN LOCALITA\u2019 CIROC<br \/>\n<strong>STANZE<\/strong> PANORAMICHE: IL PROVVEDIMENTO SPARITO DAI RADAR Il consigliere regionale del Pd Veneto, Andrea Zanoni segnala la mancata inclusione del progetto di legge sulle stanze panoramiche all\u2019ordine del giorno del Consiglio regionale.<br \/>\n<strong>ANNA<\/strong> LUCIA TAMBORRINI LA NUOVA SEGRETARIA GENERALE DELLA CISL SCUOLA BELLUNO TREVISO<\/p>\n<h2>AUDIO dalle 7 del mattino<\/h2>\n<audio class=\"wp-audio-shortcode\" id=\"audio-374698-3\" preload=\"none\" style=\"width: 100%;\" controls=\"controls\"><source type=\"audio\/mpeg\" src=\"https:\/\/www.radiopiu.net\/wordpress\/wp-content\/uploads\/2024\/02\/GF07-13.mp3?_=3\" \/><a href=\"https:\/\/www.radiopiu.net\/wordpress\/wp-content\/uploads\/2024\/02\/GF07-13.mp3\">https:\/\/www.radiopiu.net\/wordpress\/wp-content\/uploads\/2024\/02\/GF07-13.mp3<\/a><\/audio>\n<p>&nbsp;<\/p>\n<p>&nbsp;<\/p>\n<p>&nbsp;<\/p>\n<hr \/>\n<p>&nbsp;<\/p>\n<h1><\/h1>\n<h1 style=\"text-align: center;\"><span style=\"color: #ff0000;\"><a class=\"dt-pswp-item\" href=\"https:\/\/www.radiopiu.net\/wordpress\/wp-content\/uploads\/2022\/01\/026c3f9d-dae9-4040-a3c1-a6530231bcc3.jpg\" data-dt-img-description=\"\" data-large_image_width=\"1152\" data-large_image_height=\"2048\"><img loading=\"lazy\" decoding=\"async\" class=\"wp-image-251839 alignleft\" src=\"https:\/\/www.radiopiu.net\/wordpress\/wp-content\/uploads\/2022\/01\/026c3f9d-dae9-4040-a3c1-a6530231bcc3-169x300.jpg\" alt=\"\" width=\"100\" height=\"177\" srcset=\"https:\/\/www.radiopiu.net\/wordpress\/wp-content\/uploads\/2022\/01\/026c3f9d-dae9-4040-a3c1-a6530231bcc3-169x300.jpg 169w, https:\/\/www.radiopiu.net\/wordpress\/wp-content\/uploads\/2022\/01\/026c3f9d-dae9-4040-a3c1-a6530231bcc3-576x1024.jpg 576w, https:\/\/www.radiopiu.net\/wordpress\/wp-content\/uploads\/2022\/01\/026c3f9d-dae9-4040-a3c1-a6530231bcc3-768x1365.jpg 768w, https:\/\/www.radiopiu.net\/wordpress\/wp-content\/uploads\/2022\/01\/026c3f9d-dae9-4040-a3c1-a6530231bcc3-864x1536.jpg 864w, https:\/\/www.radiopiu.net\/wordpress\/wp-content\/uploads\/2022\/01\/026c3f9d-dae9-4040-a3c1-a6530231bcc3.jpg 1152w\" sizes=\"auto, (max-width: 100px) 100vw, 100px\" \/><\/a>I podcast informativi del mattino &#8211; audio &#8211;\u00a0<\/span><\/h1>\n<blockquote><p><strong>GIORNALE RADIO NAZIONALE, EDIZIONE DELLE SETTE <span style=\"color: #0000ff;\">viene pubblicato alle 7.05 <span style=\"color: #ff0000;\">DIRETTA RADIO\u00a0<\/span><\/span><\/strong><\/p><\/blockquote>\n<p><strong>il giornale radionazionale e&#8217; in onda ogni ora, dalle sette del mattino alle venti della sera\u00a0\u00a0<\/strong><\/p>\n<p>&nbsp;<\/p>\n<p>&nbsp;<\/p>\n<p><strong>Medio Oriente<\/strong> 133 giorni di guerra. <strong>Biden<\/strong> chiama e ribadisce la posizione americana.<strong> Egitto<\/strong> costruisce un recinto nel deserto per un eventuale esodo. <strong>Bologna<\/strong> tensione davanti alla sede Rai, manganellate alla manifestazione.<strong> New York<\/strong> fa causa a Tik Tok e non solo. <strong>Diego Feltrin<\/strong> di Longarone per la morte del figlio\u00a0 patteggia 2 anni, pena sospesa<\/p>\n<p>&nbsp;<\/p>\n<h2>AUDIO dalle sette del mattino, ogni ora alla radio<\/h2>\n<audio class=\"wp-audio-shortcode\" id=\"audio-374698-4\" preload=\"none\" style=\"width: 100%;\" controls=\"controls\"><source type=\"audio\/mpeg\" src=\"https:\/\/www.radiopiu.net\/wordpress\/wp-content\/uploads\/2024\/02\/giornale07-13.mp3?_=4\" \/><a href=\"https:\/\/www.radiopiu.net\/wordpress\/wp-content\/uploads\/2024\/02\/giornale07-13.mp3\">https:\/\/www.radiopiu.net\/wordpress\/wp-content\/uploads\/2024\/02\/giornale07-13.mp3<\/a><\/audio>\n<h2><\/h2>\n<hr \/>\n<p>&nbsp;<\/p>\n<p>&nbsp;<\/p>\n<h1><span style=\"color: #ff0000;\">I podcast informativi del mattino &#8211; video &#8211;\u00a0<\/span><\/h1>\n<h2><strong><a class=\"dt-pswp-item\" href=\"https:\/\/www.radiopiu.net\/wordpress\/wp-content\/uploads\/2023\/12\/th-10.jpg\" data-dt-img-description=\"\" data-large_image_width=\"245\" data-large_image_height=\"180\"><img loading=\"lazy\" decoding=\"async\" class=\" wp-image-367395 alignleft\" src=\"https:\/\/www.radiopiu.net\/wordpress\/wp-content\/uploads\/2023\/12\/th-10.jpg\" alt=\"\" width=\"166\" height=\"122\" \/><\/a>RASSEGNA STAMPA LOCALE, ORE OTTO 05<\/strong><\/h2>\n<h2><strong> <span style=\"color: #0000ff;\">viene\u00a0 <\/span><\/strong><strong><span style=\"color: #0000ff;\">pubblicata alle 8.05 <span style=\"color: #ff0000;\">DIRETTA RADIO\u00a0\u00a0<\/span><\/span><\/strong><\/h2>\n<p>&nbsp;<\/p>\n<p><strong>DI MIRKO MEZZACASA\u00a0 \u00a0<\/strong><\/p>\n<p><strong>ANFAO,<\/strong> Associazione Nazionale Fabbricanti Articoli Ottici, esce dalla Federazione Confindustria Moda.<br \/>\n<strong>BELLUNO<\/strong> PD ALL\u2019ATTACCO, LA MINORANZA CRITICA IL CAPOLUOGO POCO OLIMPICO<br \/>\n<strong>TAIBON<\/strong> A PRIMAVERA TERMINA L\u2019ESPERIENZA AMMINISTRATIVA DI SILVIA TORMEN<br \/>\n<strong>LONGARONE<\/strong> IL PICCOLO NICOLO\u2019 MORI\u2019 PER OVERDOSE, IL PAPA\u2019 PATTEGGIA 2 ANNI ED EVITA IL CARCERE<br \/>\n<strong>BELLUNO<\/strong> Donazione di Strumenti Medici per la Salute Femminile a Belluno<br \/>\n<strong>BELLUNO<\/strong> SEI MILIONI DAL PNRR PER PROGETTI SANITARI SUL TERRITORIO<br \/>\n<strong>CORTINA<\/strong> LUNEDI UN PRESIDIO CONTRO LA PISTA DI BOB<\/p>\n<h2><strong>VIDEO\u00a0 \u00a0in diretta dalle 8 del mattino\u00a0<\/strong><\/h2>\n<p><iframe loading=\"lazy\" title=\"DAL 1983 LA RASSEGNA STAMPA LOCALE di mirko mezzacasa. L&#039;ORIGINALE\" width=\"1200\" height=\"675\" src=\"https:\/\/www.youtube.com\/embed\/Sl2ctRzmA5k?feature=oembed\" frameborder=\"0\" allow=\"accelerometer; autoplay; clipboard-write; encrypted-media; gyroscope; picture-in-picture; web-share\" allowfullscreen><\/iframe><\/p>\n<p>&nbsp;<\/p>\n<hr \/>\n<p>&nbsp;<\/p>\n<p>&nbsp;<\/p>\n<blockquote>\n<h2>TENTATO FURTO IN TRE ESERCIZI COMMERCIALI A BELLUNO<\/h2>\n<p style=\"font-weight: 400;\"><strong><a class=\"dt-pswp-item\" href=\"https:\/\/www.radiopiu.net\/wordpress\/wp-content\/uploads\/2024\/02\/Foto-comunicato-stampa-del-15-febbraio.jpg\" data-dt-img-description=\"\" data-large_image_width=\"306\" data-large_image_height=\"301\"><img loading=\"lazy\" decoding=\"async\" class=\"wp-image-374755 alignleft\" src=\"https:\/\/www.radiopiu.net\/wordpress\/wp-content\/uploads\/2024\/02\/Foto-comunicato-stampa-del-15-febbraio-300x295.jpg\" alt=\"\" width=\"139\" height=\"137\" srcset=\"https:\/\/www.radiopiu.net\/wordpress\/wp-content\/uploads\/2024\/02\/Foto-comunicato-stampa-del-15-febbraio-300x295.jpg 300w, https:\/\/www.radiopiu.net\/wordpress\/wp-content\/uploads\/2024\/02\/Foto-comunicato-stampa-del-15-febbraio.jpg 306w\" sizes=\"auto, (max-width: 139px) 100vw, 139px\" \/><\/a>BELLUNO<\/strong> Nel centro citt\u00e0 di Belluno si sono verificati tre episodi di tentato furto con scasso ai danni di esercizi commerciali: \u201cBar Zeta\u201d di Viale Fantuzzi, \u201cRistorante Pizzeria La Buca\u201d e\u00a0 Bar \u201cAl Piccinin. Grazie all&#8217;attivit\u00e0 della Squadra Mobile di Belluno, \u00e8 stato identificato l&#8217;autore dei tentativi di furto, un uomo di 44 anni. Dopo aver acquisito elementi dalle telecamere di videosorveglianza e testimonianze, venerd\u00ec scorso \u00e8 stato sottoposto a perquisizione. La Procura della Repubblica di Belluno ha chiesto al GIP una misura cautelare nei suoi confronti, ottenendo un&#8217;ordinanza che impone il divieto di dimora nella provincia per il quarantaquattrenne. La Squadra Mobile ha dato esecuzione alla misura nella giornata di ieri.<\/p>\n<p>&nbsp;<\/p><\/blockquote>\n<p><strong>PER LE TRE RADIO, BARBARA PAOLAZZI\u00a0<\/strong><\/p>\n<audio class=\"wp-audio-shortcode\" id=\"audio-374698-5\" preload=\"none\" style=\"width: 100%;\" controls=\"controls\"><source type=\"audio\/mpeg\" src=\"https:\/\/www.radiopiu.net\/wordpress\/wp-content\/uploads\/2024\/02\/CRONACA-FURTI-BARBARA.mp3?_=5\" \/><a href=\"https:\/\/www.radiopiu.net\/wordpress\/wp-content\/uploads\/2024\/02\/CRONACA-FURTI-BARBARA.mp3\">https:\/\/www.radiopiu.net\/wordpress\/wp-content\/uploads\/2024\/02\/CRONACA-FURTI-BARBARA.mp3<\/a><\/audio>\n<p>&nbsp;<\/p>\n<hr \/>\n<blockquote><p>&nbsp;<\/p>\n<h3>INSEGUIMENTO, SPERONAMENTO E FUGA. I CARABINIERI CERCANO TRE PERSONE DELL&#8217;EST SCAPPATE PER I CAMPI<\/h3>\n<\/blockquote>\n<p><strong> <a class=\"dt-pswp-item\" href=\"https:\/\/www.radiopiu.net\/wordpress\/wp-content\/uploads\/2023\/12\/adff62d8-42da-4b2e-8aae-522a5ff02b4a.jpg\" data-dt-img-description=\"\" data-large_image_width=\"2048\" data-large_image_height=\"1536\"><img loading=\"lazy\" decoding=\"async\" class=\" wp-image-366646 alignleft\" src=\"https:\/\/www.radiopiu.net\/wordpress\/wp-content\/uploads\/2023\/12\/adff62d8-42da-4b2e-8aae-522a5ff02b4a-300x225.jpg\" alt=\"\" width=\"213\" height=\"160\" srcset=\"https:\/\/www.radiopiu.net\/wordpress\/wp-content\/uploads\/2023\/12\/adff62d8-42da-4b2e-8aae-522a5ff02b4a-300x225.jpg 300w, https:\/\/www.radiopiu.net\/wordpress\/wp-content\/uploads\/2023\/12\/adff62d8-42da-4b2e-8aae-522a5ff02b4a-1024x768.jpg 1024w, https:\/\/www.radiopiu.net\/wordpress\/wp-content\/uploads\/2023\/12\/adff62d8-42da-4b2e-8aae-522a5ff02b4a-768x576.jpg 768w, https:\/\/www.radiopiu.net\/wordpress\/wp-content\/uploads\/2023\/12\/adff62d8-42da-4b2e-8aae-522a5ff02b4a-1536x1152.jpg 1536w, https:\/\/www.radiopiu.net\/wordpress\/wp-content\/uploads\/2023\/12\/adff62d8-42da-4b2e-8aae-522a5ff02b4a.jpg 2048w\" sizes=\"auto, (max-width: 213px) 100vw, 213px\" \/><\/a>BORGO VALBELLUNA<\/strong> Una banda di presunti ladri, probabilmente provenienti dall&#8217;Est Europa, \u00e8 stata inseguita dai carabinieri nella zona del Feltrino e della Valbelluna. Dopo un tentativo di blocco, l&#8217;auto dei fuggitivi ha colpito una pattuglia e la banda \u00e8 fuggita a piedi. Le ricerche sono proseguite con l&#8217;ausilio della polizia, ma i fuggitivi sono rimasti irrintracciabili, presumibilmente nascondendosi nei campi circostanti. L&#8217;auto \u00e8 stata sequestrata per ulteriori indagini sulla presenza di materiale da scasso o proventi di furto.<\/p>\n<p>&nbsp;<\/p>\n<p>&nbsp;<\/p>\n<p>&nbsp;<\/p>\n<p><strong>SULLA RETE LA COLLABORAZIONE DEI CITTADINI<\/strong><\/p>\n<blockquote><p><a class=\"dt-pswp-item\" href=\"https:\/\/www.radiopiu.net\/wordpress\/wp-content\/uploads\/2024\/02\/105a9c78-f185-4bf0-bfce-7a0397609018.jpg\" data-dt-img-description=\"\" data-large_image_width=\"640\" data-large_image_height=\"640\"><img loading=\"lazy\" decoding=\"async\" class=\"wp-image-374793 alignleft\" src=\"https:\/\/www.radiopiu.net\/wordpress\/wp-content\/uploads\/2024\/02\/105a9c78-f185-4bf0-bfce-7a0397609018-300x300.jpg\" alt=\"\" width=\"58\" height=\"58\" srcset=\"https:\/\/www.radiopiu.net\/wordpress\/wp-content\/uploads\/2024\/02\/105a9c78-f185-4bf0-bfce-7a0397609018-300x300.jpg 300w, https:\/\/www.radiopiu.net\/wordpress\/wp-content\/uploads\/2024\/02\/105a9c78-f185-4bf0-bfce-7a0397609018-150x150.jpg 150w, https:\/\/www.radiopiu.net\/wordpress\/wp-content\/uploads\/2024\/02\/105a9c78-f185-4bf0-bfce-7a0397609018.jpg 640w\" sizes=\"auto, (max-width: 58px) 100vw, 58px\" \/><\/a>Ieri sera, sulla chat Viabilit\u00e0 Provincia di Belluno (VPB) la segnalazione da Ponte nelle alpi: <em>Oggi pomeriggio al Lidl di Ponte nelle Alpi sono stati avvistati 3 individui a bordo di una Mercedes Classe A 180, risultata essere priva di assicurazione. Per la vostra sicurezza, vi invitiamo a prestare attenzione a questo tipo di veicolo e ad avvisare immediatamente le autorit\u00e0 competenti in caso di avvistamento. Proteggiamo la nostra comunit\u00e0 stradale insieme!\u00a0<\/em><\/p>\n<p>&nbsp;<\/p><\/blockquote>\n<hr \/>\n<p>&nbsp;<\/p>\n<blockquote>\n<h2>LADRI DI SCI IN TRASFERTA IN VALLE DEL BIOIS<\/h2>\n<p><strong><img loading=\"lazy\" decoding=\"async\" class=\"alignleft\" src=\"https:\/\/www.radiopiu.net\/wordpress\/wp-content\/uploads\/2021\/04\/IMG_1172.jpg\" width=\"125\" height=\"94\" \/>FALCADE<\/strong> Una coppia di giovani lombardi \u00e8 stata denunciata per furto aggravato e ricettazione dopo essere stata accusata di rubare sci da noleggio nella zona della Ski area del Passo San Pellegrino. La polizia ha recuperato una decina di paia di sci, del valore di circa 20.000 euro, alcuni trovati nell&#8217;albergo dove alloggiavano i sospetti. L&#8217;indagine \u00e8 partita da segnalazioni di furti nei negozi di sci della zona, con la polizia che ha incrociato dati delle telecamere sugli impianti di risalita e delle persone alloggiate negli alberghi. Grazie alla collaborazione tra le questure, il problema \u00e8 stato risolto e gli sci sono stati restituiti ai noleggiatori.<\/p>\n<p>&nbsp;<\/p>\n<p>___<a class=\"dt-pswp-item\" href=\"https:\/\/www.radiopiu.net\/wordpress\/wp-content\/uploads\/2024\/02\/Senza-nome-37.png\" data-dt-img-description=\"\" data-large_image_width=\"503\" data-large_image_height=\"215\"><img loading=\"lazy\" decoding=\"async\" class=\"alignnone wp-image-374813 size-full\" src=\"https:\/\/www.radiopiu.net\/wordpress\/wp-content\/uploads\/2024\/02\/Senza-nome-37.png\" alt=\"\" width=\"503\" height=\"215\" srcset=\"https:\/\/www.radiopiu.net\/wordpress\/wp-content\/uploads\/2024\/02\/Senza-nome-37.png 503w, https:\/\/www.radiopiu.net\/wordpress\/wp-content\/uploads\/2024\/02\/Senza-nome-37-300x128.png 300w\" sizes=\"auto, (max-width: 503px) 100vw, 503px\" \/><\/a><\/p>\n<p>&nbsp;<\/p><\/blockquote>\n<hr \/>\n<p>&nbsp;<\/p>\n<blockquote>\n<h2>GALLERIA DEL COMELICO, CHIARIMENTI DAL PREFETTO<\/h2>\n<\/blockquote>\n<blockquote><p><em>Il Prefetto ha richiesto un approfondimento sulla natura e la durata dell\u2019ordinanza regolatoria della viabilit\u00e0 in galleria, recentemente emessa da Anas. E&#8217; stato confermato che le procedure di scelta del contraente si sono concluse, sono ancora in corso le verifiche di legge sull\u2019aggiudicatario potenzialmente individuato.<\/em><\/p><\/blockquote>\n<p><strong><a class=\"dt-pswp-item\" href=\"https:\/\/www.radiopiu.net\/wordpress\/wp-content\/uploads\/2021\/04\/707112018174833_SAVASTANO.jpg\" data-dt-img-description=\"\" data-large_image_width=\"984\" data-large_image_height=\"964\"><img loading=\"lazy\" decoding=\"async\" class=\" wp-image-203441 alignleft\" src=\"https:\/\/www.radiopiu.net\/wordpress\/wp-content\/uploads\/2021\/04\/707112018174833_SAVASTANO-300x294.jpg\" alt=\"\" width=\"254\" height=\"249\" srcset=\"https:\/\/www.radiopiu.net\/wordpress\/wp-content\/uploads\/2021\/04\/707112018174833_SAVASTANO-300x294.jpg 300w, https:\/\/www.radiopiu.net\/wordpress\/wp-content\/uploads\/2021\/04\/707112018174833_SAVASTANO-768x752.jpg 768w, https:\/\/www.radiopiu.net\/wordpress\/wp-content\/uploads\/2021\/04\/707112018174833_SAVASTANO.jpg 984w\" sizes=\"auto, (max-width: 254px) 100vw, 254px\" \/><\/a>BELLUNO<\/strong> Il Prefetto di Belluno, Mariano Savastano (foto), ha convocato i vertici Anas del Veneto per discutere dello stato di attuazione del grande intervento di manutenzione sulla Galleria del Comelico, lungo la SS 52 \u201cCarnica\u201d. Durante l&#8217;incontro, il Prefetto ha richiesto chiarimenti sull&#8217;ordinanza regolatoria della viabilit\u00e0 emessa da Anas, che prevede un distanziamento obbligatorio tra i mezzi in transito per mitigare il rischio di incidenti prima dell&#8217;avvio dei lavori. <em>I tecnici hanno confermato che tale ordinanza non limita il numero di veicoli in transito. <\/em>Il Prefetto ha potuto peraltro apprezzare che, alla luce dei dati di transito in galleria oltre che dall\u2019osservazione in campo del primo periodo dalla sua attuazione, l\u2019impatto sulla circolazione del distanziamento imposto \u00e8 sostanzialmente nullo,\u00a0 <em>&#8220;esso non istituisce affatto quello che \u00e8 stato definito un \u201cnumero chiuso\u201d di mezzi in transito&#8221;.\u00a0<\/em> Riguardo alla programmazione degli interventi, \u00e8 stato confermato il termine delle verifiche di legge sull&#8217;aggiudicatario potenziale entro marzo, seguito dall&#8217;aggiudicazione della gara e dalla consegna dei lavori entro aprile. Una volta completate le verifiche di legge, sar\u00e0 possibile avere accesso e condividere i cronoprogrammi e le modalit\u00e0 operative di cantierizzazione stabilite dall&#8217;appaltatore. Inoltre, saranno valutate le eventuali migliorie tecniche proposte durante la fase di gara. Le modalit\u00e0 di cantierizzazione prevedono il libero transito in galleria per autovetture e mezzi in sagoma dalle 6 alle 22, mentre l&#8217;opera sar\u00e0 chiusa al traffico dalle 22 alle 6, ad eccezione dei mezzi di emergenza e delle Forze dell&#8217;Ordine. Anas ha confermato la disponibilit\u00e0 al confronto su tutte le istanze provenienti dal territorio, che saranno valutate dopo l&#8217;aggiudicazione definitiva all&#8217;impresa esecutrice. Il Prefetto si \u00e8 riservato di richiedere un aggiornamento sull&#8217;avvio dei lavori per condividerlo con le parti interessate del territorio.<\/p>\n<p>&nbsp;<\/p>\n<p><strong>PER LE TRE RADIO, BARBARA PAOLAZZI\u00a0<\/strong><\/p>\n<audio class=\"wp-audio-shortcode\" id=\"audio-374698-6\" preload=\"none\" style=\"width: 100%;\" controls=\"controls\"><source type=\"audio\/mpeg\" src=\"https:\/\/www.radiopiu.net\/wordpress\/wp-content\/uploads\/2024\/02\/GALLERIA-COMELICO-BARBARA.mp3?_=6\" \/><a href=\"https:\/\/www.radiopiu.net\/wordpress\/wp-content\/uploads\/2024\/02\/GALLERIA-COMELICO-BARBARA.mp3\">https:\/\/www.radiopiu.net\/wordpress\/wp-content\/uploads\/2024\/02\/GALLERIA-COMELICO-BARBARA.mp3<\/a><\/audio>\n<p>&nbsp;<\/p>\n<p>&nbsp;<\/p>\n<hr \/>\n<blockquote>\n<h3><\/h3>\n<h3>AVVIATO IL RIPRISTINO DELLO SMOTTAMENTO IN LOCALITA\u2019 CIROC<\/h3>\n<\/blockquote>\n<p align=\"CENTER\"><strong><span style=\"color: #000000;\">In pochi giorni il muro sar\u00e0 ricostruito<\/span><\/strong><\/p>\n<p style=\"text-align: left;\" align=\"CENTER\"><strong>BELLUNO<\/strong> Questa mattina sono iniziati i lavori di ripristino dello smottamento causato dalle piogge della scorsa settimana in localit\u00e0 Ciroc, a cura delle squadre comunali. Parallelamente all&#8217;intervento, verr\u00e0 ampliata una piazzola di scambio gi\u00e0 presente poco pi\u00f9 a valle della strettoia coinvolta, per migliorare la circolazione delle auto in sicurezza. Il sindaco, Oscar De Pellegrin, ha commentato che l&#8217;avvio del cantiere rappresenta una risposta tempestiva agli abitanti e ai visitatori dell&#8217;area. Il lavoro si concentrer\u00e0 sul ripristino di un muretto di contenimento crollato a causa delle piogge, che ha provocato il distacco di pietre sulla strada. L&#8217;assessore ai lavori pubblici, Franco Roccon, ha spiegato che il ripristino del muretto \u00e8 gi\u00e0 in corso e verr\u00e0 completato rapidamente, mentre contemporaneamente si allargher\u00e0 una piazzola di scambio esistente per agevolare il traffico. Entrambi gli interventi saranno effettuati utilizzando le risorse e le maestranze interne al Comune.<\/p>\n\n\t\t\t<style type='text\/css'>\n\t\t\t\t#gallery-1 {\n\t\t\t\t\tmargin: auto;\n\t\t\t\t}\n\t\t\t\t#gallery-1 .gallery-item {\n\t\t\t\t\tfloat: left;\n\t\t\t\t\tmargin-top: 10px;\n\t\t\t\t\ttext-align: center;\n\t\t\t\t\twidth: 25%;\n\t\t\t\t}\n\t\t\t\t#gallery-1 img {\n\t\t\t\t\tborder: 2px solid #cfcfcf;\n\t\t\t\t}\n\t\t\t\t#gallery-1 .gallery-caption {\n\t\t\t\t\tmargin-left: 0;\n\t\t\t\t}\n\t\t\t\t\/* see gallery_shortcode() in wp-includes\/media.php *\/\n\t\t\t<\/style>\n\t\t<div id='gallery-1' class='dt-gallery-container gallery galleryid-374698 gallery-columns-4 gallery-size-thumbnail'><dl class='gallery-item'>\n\t\t\t\t<dt class='gallery-icon portrait'>\n\t\t\t\t\t<a class=\"rollover rollover-zoom dt-pswp-item\" title=\"SMOTTAMENTO CIROC_2\" data-dt-img-description=\"\" data-large_image_width=\"1200\" data-large_image_height=\"1600\"href='https:\/\/www.radiopiu.net\/wordpress\/wp-content\/uploads\/2024\/02\/SMOTTAMENTO-CIROC_2.jpeg'><img loading=\"lazy\" decoding=\"async\" width=\"150\" height=\"150\" src=\"https:\/\/www.radiopiu.net\/wordpress\/wp-content\/uploads\/2024\/02\/SMOTTAMENTO-CIROC_2-150x150.jpeg\" class=\"attachment-thumbnail size-thumbnail\" alt=\"\" \/><\/a>\n\t\t\t\t<\/dt><\/dl><dl class='gallery-item'>\n\t\t\t\t<dt class='gallery-icon portrait'>\n\t\t\t\t\t<a class=\"rollover rollover-zoom dt-pswp-item\" title=\"SMOTTAMENTO CIROC_3\" data-dt-img-description=\"\" data-large_image_width=\"1200\" data-large_image_height=\"1600\"href='https:\/\/www.radiopiu.net\/wordpress\/wp-content\/uploads\/2024\/02\/SMOTTAMENTO-CIROC_3.jpeg'><img loading=\"lazy\" decoding=\"async\" width=\"150\" height=\"150\" src=\"https:\/\/www.radiopiu.net\/wordpress\/wp-content\/uploads\/2024\/02\/SMOTTAMENTO-CIROC_3-150x150.jpeg\" class=\"attachment-thumbnail size-thumbnail\" alt=\"\" \/><\/a>\n\t\t\t\t<\/dt><\/dl><dl class='gallery-item'>\n\t\t\t\t<dt class='gallery-icon portrait'>\n\t\t\t\t\t<a class=\"rollover rollover-zoom dt-pswp-item\" title=\"WhatsApp Image 2024-02-15 at 10.41.02-2\" data-dt-img-description=\"\" data-large_image_width=\"1200\" data-large_image_height=\"1600\"href='https:\/\/www.radiopiu.net\/wordpress\/wp-content\/uploads\/2024\/02\/WhatsApp-Image-2024-02-15-at-10.41.02-2.jpeg'><img loading=\"lazy\" decoding=\"async\" width=\"150\" height=\"150\" src=\"https:\/\/www.radiopiu.net\/wordpress\/wp-content\/uploads\/2024\/02\/WhatsApp-Image-2024-02-15-at-10.41.02-2-150x150.jpeg\" class=\"attachment-thumbnail size-thumbnail\" alt=\"\" \/><\/a>\n\t\t\t\t<\/dt><\/dl><dl class='gallery-item'>\n\t\t\t\t<dt class='gallery-icon portrait'>\n\t\t\t\t\t<a class=\"rollover rollover-zoom dt-pswp-item\" title=\"WhatsApp Image 2024-02-15 at 10.41.02\" data-dt-img-description=\"\" data-large_image_width=\"1200\" data-large_image_height=\"1600\"href='https:\/\/www.radiopiu.net\/wordpress\/wp-content\/uploads\/2024\/02\/WhatsApp-Image-2024-02-15-at-10.41.02.jpeg'><img loading=\"lazy\" decoding=\"async\" width=\"150\" height=\"150\" src=\"https:\/\/www.radiopiu.net\/wordpress\/wp-content\/uploads\/2024\/02\/WhatsApp-Image-2024-02-15-at-10.41.02-150x150.jpeg\" class=\"attachment-thumbnail size-thumbnail\" alt=\"\" \/><\/a>\n\t\t\t\t<\/dt><\/dl><br style=\"clear: both\" \/>\n\t\t\t<\/div>\n\n<p>&nbsp;<\/p>\n<blockquote><p>&nbsp;<\/p><\/blockquote>\n<hr \/>\n<p>&nbsp;<\/p>\n<blockquote>\n<h3 class=\"titolonews\">BOLLETTINO SOCIO-ECONOMICO DEL VENETO. PRIMO BILANCIO 2023<\/h3>\n<\/blockquote>\n<p><strong><a class=\"dt-pswp-item\" href=\"https:\/\/www.radiopiu.net\/wordpress\/wp-content\/uploads\/2021\/09\/regione-veneto.png\" data-dt-img-description=\"\" data-large_image_width=\"455\" data-large_image_height=\"344\"><img loading=\"lazy\" decoding=\"async\" class=\" wp-image-234211 alignleft\" src=\"https:\/\/www.radiopiu.net\/wordpress\/wp-content\/uploads\/2021\/09\/regione-veneto-300x227.png\" alt=\"\" width=\"133\" height=\"101\" srcset=\"https:\/\/www.radiopiu.net\/wordpress\/wp-content\/uploads\/2021\/09\/regione-veneto-300x227.png 300w, https:\/\/www.radiopiu.net\/wordpress\/wp-content\/uploads\/2021\/09\/regione-veneto.png 455w\" sizes=\"auto, (max-width: 133px) 100vw, 133px\" \/><\/a>VENEZIA\u00a0<\/strong>Il Veneto ha confermato la sua robusta crescita economica nel 2023, guidata principalmente dai settori turistico e occupazionale. Luca Zaia, Presidente della Regione, ha commentato i dati del &#8220;Bollettino socio-economico del Veneto&#8221;, evidenziando che nei primi undici mesi del 2023 il turismo ha registrato un aumento delle presenze dell&#8217;8,2%, superando sia il 2022 che il periodo pre-pandemico. L&#8217;occupazione ha mostrato una crescita del 3% nel terzo trimestre 2023, con un incremento del 6% tra le donne. Nonostante sfide globali come la crescita modesta e politiche monetarie restrittive, il Veneto si \u00e8 dimostrato resiliente, con una stima del PIL pari al +0,8% nel 2023.<\/p>\n<p>&nbsp;<\/p>\n<hr \/>\n<p>&nbsp;<\/p>\n<p>&nbsp;<\/p>\n<blockquote>\n<h2><strong><a class=\"dt-pswp-item\" href=\"https:\/\/www.radiopiu.net\/wordpress\/wp-content\/uploads\/2023\/02\/panorama-san-lucano.jpg\" data-dt-img-description=\"\" data-large_image_width=\"960\" data-large_image_height=\"674\"><img loading=\"lazy\" decoding=\"async\" class=\"wp-image-322989 alignleft\" src=\"https:\/\/www.radiopiu.net\/wordpress\/wp-content\/uploads\/2023\/02\/panorama-san-lucano-300x211.jpg\" alt=\"\" width=\"144\" height=\"101\" srcset=\"https:\/\/www.radiopiu.net\/wordpress\/wp-content\/uploads\/2023\/02\/panorama-san-lucano-300x211.jpg 300w, https:\/\/www.radiopiu.net\/wordpress\/wp-content\/uploads\/2023\/02\/panorama-san-lucano-768x539.jpg 768w, https:\/\/www.radiopiu.net\/wordpress\/wp-content\/uploads\/2023\/02\/panorama-san-lucano.jpg 960w\" sizes=\"auto, (max-width: 144px) 100vw, 144px\" \/><\/a>STANZE PANORAMICHE: IL PROVVEDIMENTO SPARITO DAI RADAR<\/strong><\/h2>\n<\/blockquote>\n<p><strong>VENEZIA<\/strong><b> <\/b>Il consigliere regionale del Pd Veneto, Andrea Zanoni segnala la mancata inclusione del progetto di legge sulle stanze panoramiche all&#8217;ordine del giorno del Consiglio regionale. Il provvedimento, dopo essere stato esaminato in varie commissioni, era stato temporaneamente sospeso a causa dell&#8217;assenza per malattia dell&#8217;assessore Caner, incaricato di esprimere il parere della Giunta. Zanoni sottolinea l&#8217;importanza della petizione online, promossa da lui stesso e firmata da oltre 3.000 persone, che chiede di non proseguire con l&#8217;esame del progetto di legge<em>. &#8220;La mancata inclusione del provvedimento all&#8217;ordine del giorno -azzarda Zanoni &#8211;\u00a0 \u00a0potrebbe indicare un ripensamento da parte della Giunta regionale.<\/em><\/p>\n<div class=\"w-full pt-2 md:pt-0 dark:border-white\/20 md:border-transparent md:dark:border-transparent md:w-[calc(100%-.5rem)]\">\n<form class=\"stretch mx-2 flex flex-row gap-3 last:mb-2 md:mx-4 md:last:mb-6 lg:mx-auto lg:max-w-2xl xl:max-w-3xl\">\n<div class=\"relative flex h-full flex-1 items-stretch md:flex-col\">\n<div class=\"flex w-full items-center\"><\/div>\n<\/div>\n<\/form>\n<\/div>\n<p>&nbsp;<\/p>\n<hr \/>\n<p>&nbsp;<\/p>\n<blockquote>\n<h3>ANNA LUCIA TAMBORRINI LA NUOVA SEGRETARIA GENERALE DELLA CISL SCUOLA BELLUNO TREVISO<\/h3>\n<\/blockquote>\n<p><strong><a class=\"dt-pswp-item\" href=\"https:\/\/www.radiopiu.net\/wordpress\/wp-content\/uploads\/2024\/02\/9b592a03-11c5-4507-ac23-0d4338e3dfa3.jpg\" data-dt-img-description=\"\" data-large_image_width=\"1600\" data-large_image_height=\"1200\"><img loading=\"lazy\" decoding=\"async\" class=\" wp-image-374738 alignleft\" src=\"https:\/\/www.radiopiu.net\/wordpress\/wp-content\/uploads\/2024\/02\/9b592a03-11c5-4507-ac23-0d4338e3dfa3-300x225.jpg\" alt=\"\" width=\"155\" height=\"116\" srcset=\"https:\/\/www.radiopiu.net\/wordpress\/wp-content\/uploads\/2024\/02\/9b592a03-11c5-4507-ac23-0d4338e3dfa3-300x225.jpg 300w, https:\/\/www.radiopiu.net\/wordpress\/wp-content\/uploads\/2024\/02\/9b592a03-11c5-4507-ac23-0d4338e3dfa3-1024x768.jpg 1024w, https:\/\/www.radiopiu.net\/wordpress\/wp-content\/uploads\/2024\/02\/9b592a03-11c5-4507-ac23-0d4338e3dfa3-768x576.jpg 768w, https:\/\/www.radiopiu.net\/wordpress\/wp-content\/uploads\/2024\/02\/9b592a03-11c5-4507-ac23-0d4338e3dfa3-1536x1152.jpg 1536w, https:\/\/www.radiopiu.net\/wordpress\/wp-content\/uploads\/2024\/02\/9b592a03-11c5-4507-ac23-0d4338e3dfa3.jpg 1600w\" sizes=\"auto, (max-width: 155px) 100vw, 155px\" \/><\/a>BELLUNO<\/strong> Anna Lucia Tamborrini \u00e8 la nuova segretaria generale della Cisl Scuola Belluno Treviso, eletta oggi. Subentra a Lorella Benvegn\u00f9, ora nella segreteria confederale della Cisl Belluno Treviso. Tamborrini, 56 anni, pugliese, tecnica informatica a Treviso dal 1992, sar\u00e0 affiancata da Claudia Visentin e Maria Giovanna Gaetano. Con oltre 16,000 iscritti, la Cisl Scuola \u00e8 la seconda pi\u00f9 grande in Veneto. Tamborrini affronter\u00e0 questioni come il precariato e il rinnovo del contratto, impegnandosi a supportare insegnanti e personale ATA, continuando il lavoro svolto dai suoi predecessori.<\/p>\n<p>&nbsp;<\/p>\n<hr \/>\n<p>&nbsp;<\/p>\n<p>&nbsp;<\/p>\n<blockquote>\n<h3><a class=\"dt-pswp-item\" href=\"https:\/\/www.radiopiu.net\/wordpress\/wp-content\/uploads\/2024\/02\/IMG-20240214-WA0004.jpg\" data-dt-img-description=\"\" data-large_image_width=\"1080\" data-large_image_height=\"1080\"><img loading=\"lazy\" decoding=\"async\" class=\"wp-image-374758 alignleft\" src=\"https:\/\/www.radiopiu.net\/wordpress\/wp-content\/uploads\/2024\/02\/IMG-20240214-WA0004-300x300.jpg\" alt=\"\" width=\"187\" height=\"187\" srcset=\"https:\/\/www.radiopiu.net\/wordpress\/wp-content\/uploads\/2024\/02\/IMG-20240214-WA0004-300x300.jpg 300w, https:\/\/www.radiopiu.net\/wordpress\/wp-content\/uploads\/2024\/02\/IMG-20240214-WA0004-1024x1024.jpg 1024w, https:\/\/www.radiopiu.net\/wordpress\/wp-content\/uploads\/2024\/02\/IMG-20240214-WA0004-150x150.jpg 150w, https:\/\/www.radiopiu.net\/wordpress\/wp-content\/uploads\/2024\/02\/IMG-20240214-WA0004-768x768.jpg 768w, https:\/\/www.radiopiu.net\/wordpress\/wp-content\/uploads\/2024\/02\/IMG-20240214-WA0004.jpg 1080w\" sizes=\"auto, (max-width: 187px) 100vw, 187px\" \/><\/a>La precariet\u00e0 dilaga a Poste Italiane: una conferenza alla Camera<\/h3>\n<\/blockquote>\n<p>&nbsp;<\/p>\n<p><strong>ROMA<\/strong> Migliaia di giovani lavoratori precari di Poste Italiane si trovano in una situazione di incertezza al termine dei loro contratti a tempo determinato, senza l&#8217;attesa stabilizzazione aziendale del personale in forza. La privatizzazione, secondo i sindacalisti,\u00a0 rischia di aggravare ulteriormente la precariet\u00e0 decisi ad\u00a0 ascoltare le ragioni dei lavoratori e denunciare pubblicamente eventuali condizioni. Una conferenza stampa alla Camera dei deputati, promossa dall&#8217;onorevole Aboubakar Soumahoro e con la partecipazione del movimento &#8220;Lottiamo Insieme&#8221;, affronter\u00e0 queste tematiche il 20 febbraio.<\/p>\n<p>&nbsp;<\/p>\n<hr \/>\n<p>&nbsp;<\/p>\n<blockquote>\n<h2>ANFAO, Associazione Nazionale Fabbricanti Articoli Ottici, esce dalla Federazione Confindustria Moda.<\/h2>\n<\/blockquote>\n<p>La decisione \u00e8 stata presa in un\u2019ottica costruttiva e collaborativa con le associazioni, tutte del comparto pelle, ancora parte della Federazione, al fine di consentire loro di ridisegnare i servizi e i programmi in modo pi\u00f9 focalizzato al prodotto rappresentato.\u00a0 ANFAO rester\u00e0 comunque disponibile a valutare eventuali progettualit\u00e0 condivise, se di reciproco interesse, e augura al \u201cnuovo soggetto\u201d di cogliere le tante opportunit\u00e0 che possono derivare dall\u2019omogeneit\u00e0 di interessi all\u2019interno della filiera della pelle.<\/p>\n<p>&nbsp;<\/p>\n<hr \/>\n<p>&nbsp;<\/p>\n<blockquote>\n<h2>PACE E DISARMO, LA MANIFESTAZIONE<\/h2>\n<p><strong>BELLUNO<\/strong> Testiomonianze non violente dalla Palestina, incontro con Chiara Marangon, Fiammetta Arsi\u00e8, Massimo De Nardi, Ruggero Da Ros, il 23 febbraio alle 18.30 in sala Bianchi.\u00a0 Il giorno successivo giornata nazionale di mobilitazione nelle citt\u00e0 italiane per il cessate il fuoco in Palestina ed Ucraina. Flash Mob e gazebo in piazza dei Martiri.<\/p><\/blockquote>\n<p>&nbsp;<\/p>\n<hr \/>\n<p>&nbsp;<\/p>\n<p>&nbsp;<\/p>\n<blockquote>\n<h2><a class=\"dt-pswp-item\" href=\"https:\/\/www.radiopiu.net\/wordpress\/wp-content\/uploads\/2023\/11\/pd-belluno.png\" data-dt-img-description=\"\" data-large_image_width=\"324\" data-large_image_height=\"188\"><img loading=\"lazy\" decoding=\"async\" class=\" wp-image-362571 alignleft\" src=\"https:\/\/www.radiopiu.net\/wordpress\/wp-content\/uploads\/2023\/11\/pd-belluno-300x174.png\" alt=\"\" width=\"207\" height=\"120\" srcset=\"https:\/\/www.radiopiu.net\/wordpress\/wp-content\/uploads\/2023\/11\/pd-belluno-300x174.png 300w, https:\/\/www.radiopiu.net\/wordpress\/wp-content\/uploads\/2023\/11\/pd-belluno.png 324w\" sizes=\"auto, (max-width: 207px) 100vw, 207px\" \/><\/a>PD ALL&#8217;ATTACCO, LA MINORANZA CRITICA IL CAPOLUOGO POCO OLIMPICO<\/h2>\n<\/blockquote>\n<p>&nbsp;<\/p>\n<p><strong>BELLUNO<\/strong><\/p>\n<p><strong>DI DANIELE DALVIT<\/strong><\/p>\n<audio class=\"wp-audio-shortcode\" id=\"audio-374698-7\" preload=\"none\" style=\"width: 100%;\" controls=\"controls\"><source type=\"audio\/mpeg\" src=\"https:\/\/www.radiopiu.net\/wordpress\/wp-content\/uploads\/2024\/02\/Radio-Piu-Servizio-PD-Capoluogo-poco-olimpico.mp3?_=7\" \/><a href=\"https:\/\/www.radiopiu.net\/wordpress\/wp-content\/uploads\/2024\/02\/Radio-Piu-Servizio-PD-Capoluogo-poco-olimpico.mp3\">https:\/\/www.radiopiu.net\/wordpress\/wp-content\/uploads\/2024\/02\/Radio-Piu-Servizio-PD-Capoluogo-poco-olimpico.mp3<\/a><\/audio>\n<p>&nbsp;<\/p>\n<hr \/>\n<p>&nbsp;<\/p>\n<blockquote>\n<h1>Ripensare la Mobilit\u00e0 nell&#8217;Agordino: Un&#8217;Analisi per il Futuro<\/h1>\n<\/blockquote>\n<p><strong><a class=\"dt-pswp-item\" href=\"https:\/\/www.radiopiu.net\/wordpress\/wp-content\/uploads\/2019\/04\/agordo-cambia_page-0001.jpg\" data-dt-img-description=\"\" data-large_image_width=\"1241\" data-large_image_height=\"1754\"><img loading=\"lazy\" decoding=\"async\" class=\" wp-image-82645 alignleft\" src=\"https:\/\/www.radiopiu.net\/wordpress\/wp-content\/uploads\/2019\/04\/agordo-cambia_page-0001-212x300.jpg\" alt=\"\" width=\"133\" height=\"188\" srcset=\"https:\/\/www.radiopiu.net\/wordpress\/wp-content\/uploads\/2019\/04\/agordo-cambia_page-0001-212x300.jpg 212w, https:\/\/www.radiopiu.net\/wordpress\/wp-content\/uploads\/2019\/04\/agordo-cambia_page-0001-768x1085.jpg 768w, https:\/\/www.radiopiu.net\/wordpress\/wp-content\/uploads\/2019\/04\/agordo-cambia_page-0001-725x1024.jpg 725w, https:\/\/www.radiopiu.net\/wordpress\/wp-content\/uploads\/2019\/04\/agordo-cambia_page-0001.jpg 1241w\" sizes=\"auto, (max-width: 133px) 100vw, 133px\" \/><\/a>AGORDO<\/strong> <em>&#8220;Quando si riflette sul futuro delle vallate, specie ad Agordo, \u00e8 cruciale guardare avanti considerando i prossimi 10\/15 anni o pi\u00f9. L&#8217;idea che il traffico possa risolversi aumentando le auto \u00e8 antiquata e contrasta con gli orientamenti europei. Aumentare i parcheggi cementerebbe il territorio e promuoverebbe un uso sempre maggiore dell&#8217;auto, alimentando una spirale senza fine. Invece, dovremmo promuovere l&#8217;uso dei mezzi pubblici, specialmente per i pendolari, riducendo cos\u00ec il traffico veicolare e migliorando la qualit\u00e0 della vita&#8221;.<\/em> Lo dice a nome di Agordo Cambia, Paolo Selva Moretti, <a class=\"dt-pswp-item\" href=\"https:\/\/www.radiopiu.net\/wordpress\/wp-content\/uploads\/2019\/05\/AGORDO-PAOLO-SELVA-MORETTI.jpeg\" data-dt-img-description=\"\" data-large_image_width=\"1024\" data-large_image_height=\"951\"><img loading=\"lazy\" decoding=\"async\" class=\"wp-image-86459 alignright\" src=\"https:\/\/www.radiopiu.net\/wordpress\/wp-content\/uploads\/2019\/05\/AGORDO-PAOLO-SELVA-MORETTI-300x279.jpeg\" alt=\"\" width=\"143\" height=\"133\" srcset=\"https:\/\/www.radiopiu.net\/wordpress\/wp-content\/uploads\/2019\/05\/AGORDO-PAOLO-SELVA-MORETTI-300x279.jpeg 300w, https:\/\/www.radiopiu.net\/wordpress\/wp-content\/uploads\/2019\/05\/AGORDO-PAOLO-SELVA-MORETTI-768x713.jpeg 768w, https:\/\/www.radiopiu.net\/wordpress\/wp-content\/uploads\/2019\/05\/AGORDO-PAOLO-SELVA-MORETTI.jpeg 1024w\" sizes=\"auto, (max-width: 143px) 100vw, 143px\" \/><\/a>che a primavera molto probabilmente riproporr\u00e0 la sua candidatura a sindaco come 5 anni fa, ad Agordo infatti si prospetta un seconda sfida Chissal\u00e8-Selva. Sempre in tema con la viabilit\u00e0 a proposito della\u00a0 passerella sul Cordevole e l&#8217;uso condiviso dell&#8217;auto, Selva \u00e8 convinto che\u00a0 non risolveranno i problemi dei lavoratori Luxottica e della carenza di parcheggi. <em>&#8220;L&#8217;uso condiviso\u00a0 dell&#8217;auto \u00e8 pi\u00f9 utopistico del progetto ferroviario &#8211; dice il consigliere comunale &#8211; eventuali parcheggi, distribuiti su pi\u00f9 comuni, potrebbero essere un&#8217;opportunit\u00e0 per mantenere i posti di lavoro. Inoltre, il collegamento con l&#8217;aeroporto di Venezia potrebbe favorire lo sviluppo economico e migliorare la mobilit\u00e0.\u00c8 necessario ripensare l&#8217;offerta dei mezzi pubblici, attualmente inadeguata, per soddisfare le esigenze di lavoratori, studenti e turisti&#8221;.<\/em> Immancabile il tema del collegamento ferroviario con la Valbelluna <em>&#8220;Potrebbe essere una soluzione futura &#8211; conclude Selva &#8211;\u00a0 La 203 Agordina dovrebbe essere migliorata, riducendo le curve e allontanandola dalle pareti rocciose per motivi di sicurezza. In definitiva, \u00e8 essenziale riflettere sul futuro dell&#8217;Agordino e pianificare la mobilit\u00e0 per i prossimi 10\/15 anni, prendendo in considerazione le esigenze della comunit\u00e0 e delle imprese&#8221;.\u00a0<\/em><\/p>\n<p>&nbsp;<\/p>\n<hr \/>\n<p>&nbsp;<\/p>\n<p>&nbsp;<\/p>\n<blockquote>\n<h2>A PRIMAVERA TERMINA L&#8217;ESPERIENZA AMMINISTRATIVA DI SILVIA TORMEN<\/h2>\n<\/blockquote>\n<p><strong><img loading=\"lazy\" decoding=\"async\" class=\"alignleft\" src=\"https:\/\/www.radiopiu.net\/wordpress\/wp-content\/uploads\/2024\/01\/silvia-tormen.jpeg\" width=\"194\" height=\"145\" \/>TAIBON<\/strong><\/p>\n<p><strong>DI GIANNI SANTOMASO<\/strong><\/p>\n<audio class=\"wp-audio-shortcode\" id=\"audio-374698-8\" preload=\"none\" style=\"width: 100%;\" controls=\"controls\"><source type=\"audio\/mpeg\" src=\"https:\/\/www.radiopiu.net\/wordpress\/wp-content\/uploads\/2024\/02\/SILVIA-TORMEN-GIANNI.mp3?_=8\" \/><a href=\"https:\/\/www.radiopiu.net\/wordpress\/wp-content\/uploads\/2024\/02\/SILVIA-TORMEN-GIANNI.mp3\">https:\/\/www.radiopiu.net\/wordpress\/wp-content\/uploads\/2024\/02\/SILVIA-TORMEN-GIANNI.mp3<\/a><\/audio>\n<p>&nbsp;<\/p>\n<p>&nbsp;<\/p>\n<hr \/>\n<p>&nbsp;<\/p>\n<blockquote>\n<h3>DAL CORRIERE DELLE ALPI, LA GIUDIZIARIA OGGI<\/h3>\n<\/blockquote>\n<p><strong>DI GIGI SOSSO\u00a0<\/strong><\/p>\n<p><strong><a class=\"dt-pswp-item\" href=\"https:\/\/www.radiopiu.net\/wordpress\/wp-content\/uploads\/2022\/06\/TRIBUNALE-2.jpg\" data-dt-img-description=\"\" data-large_image_width=\"960\" data-large_image_height=\"720\"><img loading=\"lazy\" decoding=\"async\" class=\"wp-image-282908 alignleft\" src=\"https:\/\/www.radiopiu.net\/wordpress\/wp-content\/uploads\/2022\/06\/TRIBUNALE-2-300x225.jpg\" alt=\"\" width=\"105\" height=\"79\" srcset=\"https:\/\/www.radiopiu.net\/wordpress\/wp-content\/uploads\/2022\/06\/TRIBUNALE-2-300x225.jpg 300w, https:\/\/www.radiopiu.net\/wordpress\/wp-content\/uploads\/2022\/06\/TRIBUNALE-2-768x576.jpg 768w, https:\/\/www.radiopiu.net\/wordpress\/wp-content\/uploads\/2022\/06\/TRIBUNALE-2.jpg 960w\" sizes=\"auto, (max-width: 105px) 100vw, 105px\" \/><\/a>BELLUNO I<\/strong>l ciclista \u00e8 stato assolto dal giudice Federico Montalto dopo un incidente stradale, in quanto il fatto non costituisce reato. Aveva sostenuto di essere stato investito mentre viaggiava in bicicletta, ma l&#8217;analisi della scatola nera dell&#8217;auto coinvolta ha rivelato che non si era mossa quel giorno. L&#8217;assicurazione ha rifiutato il risarcimento e ha presentato una querela per calunnia.\u00a0 Richiesta di assoluzione da parte del pubblico ministero, con il giudice che ha emesso la sentenza di conseguenza.<\/p>\n<p><strong>FELTRE<\/strong> Un dentista in pensione \u00e8 stato accusato di aprire illegalmente un ambulatorio per una pulizia dentale a casa di un paziente, violando un regio decreto del 1932. Tuttavia, il paziente ha confermato di aver ricevuto la visita nella residenza del dentista, poich\u00e9 lo studio era chiuso. L&#8217;ex dentista ha pagato una multa e le spese legali<\/p>\n<p><strong>SOVERZENE<\/strong>\u00a0 Accusato di furto aggravato e simulazione di reato per il furto di attrezzature dalla centrale elettrica Enel Green Power Spa, del valore di circa 100 mila euro. Il processo \u00e8 stato accelerato e il fascicolo \u00e8 ora nelle mani del giudice Montalto. Nonostante un inseguimento nei boschi, il presunto ladro \u00e8 riuscito a fuggire, ma \u00e8 stato identificato grazie al telefonino perso durante la fuga. Il processo riprender\u00e0 in autunno per la discussione finale.<\/p>\n<p>&nbsp;<\/p>\n<hr \/>\n<p>&nbsp;<\/p>\n<p><strong><a class=\"dt-pswp-item\" href=\"https:\/\/www.radiopiu.net\/wordpress\/wp-content\/uploads\/2024\/01\/Senza-nome-34.png\" data-dt-img-description=\"\" data-large_image_width=\"239\" data-large_image_height=\"153\"><img loading=\"lazy\" decoding=\"async\" class=\"wp-image-369478 alignleft\" src=\"https:\/\/www.radiopiu.net\/wordpress\/wp-content\/uploads\/2024\/01\/Senza-nome-34.png\" alt=\"\" width=\"128\" height=\"82\" \/><\/a> <\/strong><\/p>\n<p><strong>\u00a0<\/strong><\/p>\n<p><strong>dal TG BELLUNESE di\u00a0 ANTENNA 3 ogni sera alle 19.30 sul canale 10 del digitale terrestre e alle 19 le anticipazioni alla radio.\u00a0 \u00a0<\/strong><\/p>\n<h3 class=\"_title post-title entry-title\">IL PICCOLO NICOLO\u2019 MORI\u2019 PER OVERDOSE, IL PAPA\u2019 PATTEGGIA 2 ANNI ED EVITA IL CARCERE<\/h3>\n<p><span style=\"color: #ff0000;\"><strong>DI TIZIANA BOLOGNANI<\/strong><\/span><\/p>\n<p><iframe loading=\"lazy\" title=\"IL PICCOLO NICOLO&#039; MORI&#039; PER OVERDOSE, IL PAPA&#039; PATTEGGIA 2 ANNI ED EVITA IL CARCERE | 15\/02\/2024\" width=\"1200\" height=\"675\" src=\"https:\/\/www.youtube.com\/embed\/xqz2Ufaf4Zs?feature=oembed\" frameborder=\"0\" allow=\"accelerometer; autoplay; clipboard-write; encrypted-media; gyroscope; picture-in-picture; web-share\" allowfullscreen><\/iframe><\/p>\n<hr \/>\n<p>&nbsp;<\/p>\n<blockquote>\n<h2>Donazione di Strumenti Medici per la Salute Femminile a Belluno<\/h2>\n<\/blockquote>\n<blockquote><p><em>Un Passo Avanti nella Prevenzione<\/em><\/p><\/blockquote>\n<div class=\"flex-1 overflow-hidden\">\n<div class=\"react-scroll-to-bottom--css-lxoio-79elbk h-full\">\n<div class=\"react-scroll-to-bottom--css-lxoio-1n7m0yu\">\n<div class=\"flex flex-col pb-9 text-sm\">\n<div class=\"w-full text-token-text-primary\" data-testid=\"conversation-turn-123\">\n<div class=\"px-4 py-2 justify-center text-base md:gap-6 m-auto\">\n<div class=\"flex flex-1 text-base mx-auto gap-3 md:px-5 lg:px-1 xl:px-5 md:max-w-3xl lg:max-w-[40rem] xl:max-w-[48rem] group final-completion\">\n<div class=\"relative flex w-full flex-col lg:w-[calc(100%-115px)] agent-turn\">\n<div class=\"flex-col gap-1 md:gap-3\">\n<div class=\"flex flex-grow flex-col max-w-full\">\n<div class=\"min-h-[20px] text-message flex flex-col items-start gap-3 whitespace-pre-wrap break-words [.text-message+&amp;]:mt-5 overflow-x-auto\" data-message-author-role=\"assistant\" data-message-id=\"547cff03-0c92-4398-ac74-3573b878f2a6\">\n<div class=\"markdown prose w-full break-words dark:prose-invert dark\">\n<p><strong><img loading=\"lazy\" decoding=\"async\" class=\"alignleft\" src=\"https:\/\/www.radiopiu.net\/wordpress\/wp-content\/uploads\/2024\/02\/WhatsApp-Image-2024-02-15-at-15.18.32.jpeg\" width=\"288\" height=\"216\" \/>BELLUNO<\/strong> Il Comitato Prevenzione Salute Donna e l\u2019Associazione ADOS di Belluno hanno generosamente donato un processatore automatico per tessuti e un sistema di inclusione all\u2019Anatomia Patologica di Belluno, presentati ieri alla presenza del Commissario Giuseppe Dal Ben. Il processatore, del valore di 37.800 euro, garantir\u00e0 diagnosi istologiche tempestive e trattamenti efficaci, processando fino a 405 campioni con affidabilit\u00e0 e sicurezza. \u00c8 stato messo in uso a fine novembre 2023, gi\u00e0 processando oltre 12.000 campioni. La donazione \u00e8 frutto anche dei fondi raccolti durante le pedonate annuali organizzate dal Comitato, che sostiene diversi progetti in collaborazione con l\u2019Ulss Dolomiti, promuovendo la diagnosi precoce del tumore della mammella e altre patologie. Inoltre, l\u2019Associazione ADOS ha donato un sistema di inclusione del valore di 10.000 euro, fondamentale per produrre blocchi istologici di alta qualit\u00e0 per analisi al microscopio e altre tecniche. Il Commissario Giuseppe Dal Ben ha ringraziato le Associazioni per la loro generosit\u00e0 e sensibilit\u00e0 verso i pazienti. Il prossimo evento a sostegno del progetto \u201cPrevenzione salute donna\u201d sar\u00e0 la pedonata \u201cIl vento tra i capelli\u201d domenica 10 marzo 2024 alle 10.00, invitando tutta la cittadinanza a partecipare per promuovere la sensibilizzazione e la prevenzione delle patologie femminili.<\/p>\n<\/div>\n<\/div>\n<\/div>\n<\/div>\n<\/div>\n<\/div>\n<\/div>\n<\/div>\n<\/div>\n<\/div>\n<\/div>\n<\/div>\n<p>&nbsp;<\/p>\n<p>&nbsp;<\/p>\n<hr \/>\n<p><strong><a class=\"dt-pswp-item\" href=\"https:\/\/www.radiopiu.net\/wordpress\/wp-content\/uploads\/2024\/01\/Senza-nome-34.png\" data-dt-img-description=\"\" data-large_image_width=\"239\" data-large_image_height=\"153\"><img loading=\"lazy\" decoding=\"async\" class=\"wp-image-369478 alignleft\" src=\"https:\/\/www.radiopiu.net\/wordpress\/wp-content\/uploads\/2024\/01\/Senza-nome-34.png\" alt=\"\" width=\"128\" height=\"82\" \/><\/a> <\/strong><\/p>\n<p><strong>\u00a0<\/strong><\/p>\n<p><strong>dal TG BELLUNESE di\u00a0 ANTENNA 3 ogni sera alle 19.30 sul canale 10 del digitale terrestre e alle 19 le anticipazioni alla radio.\u00a0 \u00a0<\/strong><\/p>\n<h3 class=\"_title post-title entry-title\">SEI MILIONI DAL PNRR PER PROGETTI SANITARI SUL TERRITORIO<\/h3>\n<p>Intervistati ALBERTO PETERLE (SINDACO ALPAGO), DANILO DE TONI (SINDACO ALLEGHE), ROBERTO CHISSALE\u2019 (SINDACO AGORDO), VIVIANA FUSARO (SINDACO FELTRE), GIUSEPPE DAL BEN (COMMISSARIO ULSS 1 DOLOMITI)<\/p>\n<p><span style=\"color: #ff0000;\"><strong>DI FABIO FIORAVANZI<\/strong><\/span><\/p>\n<p><iframe loading=\"lazy\" title=\"SEI MILIONI DAL PNRR PER PROGETTI SANITARI SUL TERRITORIO | 15\/02\/2024\" width=\"1200\" height=\"675\" src=\"https:\/\/www.youtube.com\/embed\/DkXaPf4wl3M?feature=oembed\" frameborder=\"0\" allow=\"accelerometer; autoplay; clipboard-write; encrypted-media; gyroscope; picture-in-picture; web-share\" allowfullscreen><\/iframe><\/p>\n<p>&nbsp;<\/p>\n<p>&nbsp;<\/p>\n<hr \/>\n<p>&nbsp;<\/p>\n<p><strong>DOMENICA MATTINA ALLA KERALPEN E IN DIRETTA ALLA RADIO\u00a0<\/strong><\/p>\n<p><a class=\"dt-pswp-item\" href=\"https:\/\/www.radiopiu.net\/wordpress\/wp-content\/uploads\/2024\/02\/30b3fc5a-3747-4bb6-957f-86bee83e1094.jpg\" data-dt-img-description=\"\" data-large_image_width=\"714\" data-large_image_height=\"1000\"><img loading=\"lazy\" decoding=\"async\" class=\"size-medium wp-image-374809 aligncenter\" src=\"https:\/\/www.radiopiu.net\/wordpress\/wp-content\/uploads\/2024\/02\/30b3fc5a-3747-4bb6-957f-86bee83e1094-214x300.jpg\" alt=\"\" width=\"214\" height=\"300\" srcset=\"https:\/\/www.radiopiu.net\/wordpress\/wp-content\/uploads\/2024\/02\/30b3fc5a-3747-4bb6-957f-86bee83e1094-214x300.jpg 214w, https:\/\/www.radiopiu.net\/wordpress\/wp-content\/uploads\/2024\/02\/30b3fc5a-3747-4bb6-957f-86bee83e1094.jpg 714w\" sizes=\"auto, (max-width: 214px) 100vw, 214px\" \/><\/a><\/p>\n<p><strong>AUDIO 1<\/strong><\/p>\n<audio class=\"wp-audio-shortcode\" id=\"audio-374698-9\" preload=\"none\" style=\"width: 100%;\" controls=\"controls\"><source type=\"audio\/mpeg\" src=\"https:\/\/www.radiopiu.net\/wordpress\/wp-content\/uploads\/2024\/02\/KERALPEN-04_BA.mp3?_=9\" \/><a href=\"https:\/\/www.radiopiu.net\/wordpress\/wp-content\/uploads\/2024\/02\/KERALPEN-04_BA.mp3\">https:\/\/www.radiopiu.net\/wordpress\/wp-content\/uploads\/2024\/02\/KERALPEN-04_BA.mp3<\/a><\/audio>\n<p>&nbsp;<\/p>\n<p><strong>AUDIO 2<\/strong><\/p>\n<audio class=\"wp-audio-shortcode\" id=\"audio-374698-10\" preload=\"none\" style=\"width: 100%;\" controls=\"controls\"><source type=\"audio\/mpeg\" src=\"https:\/\/www.radiopiu.net\/wordpress\/wp-content\/uploads\/2024\/02\/KERALPEN-03_BA.mp3?_=10\" \/><a href=\"https:\/\/www.radiopiu.net\/wordpress\/wp-content\/uploads\/2024\/02\/KERALPEN-03_BA.mp3\">https:\/\/www.radiopiu.net\/wordpress\/wp-content\/uploads\/2024\/02\/KERALPEN-03_BA.mp3<\/a><\/audio>\n<p>&nbsp;<\/p>\n<p>&nbsp;<\/p>\n<p>&nbsp;<\/p>\n<hr \/>\n<blockquote>\n<h3><\/h3>\n<h3>UN INCONTRO PER PARLARE DELLA NUOVA FOGNATURA CAPRILE-MASARE&#8217;<\/h3>\n<\/blockquote>\n<p><strong>ALLEGHE<\/strong> Bim Gsp informa che prossimamente inizieranno i lavori per la nuova tratta fognaria Caprile \u2013 Masar\u00e8 ad Alleghe. Per dettagli sul progetto e le tempistiche, \u00e8 previsto un incontro pubblico mercoled\u00ec alle 18:30 presso la sala Stoppani della Scuola Primaria di Alleghe. Tecnici di Gsp e il Progettista illustreranno le fasi del lavoro e le aree coinvolte, offrendo ai cittadini l&#8217;opportunit\u00e0 di partecipare attivamente alla comprensione dell&#8217;intervento.<\/p>\n<p>&nbsp;<\/p>\n<p>&nbsp;<\/p>\n<hr \/>\n<p>&nbsp;<\/p>\n<blockquote>\n<h3>LUNEDI UN PRESIDIO CONTRO LA PISTA DI BOB A CORTINA<\/h3>\n<\/blockquote>\n<p><strong><a class=\"dt-pswp-item\" href=\"https:\/\/www.radiopiu.net\/wordpress\/wp-content\/uploads\/2021\/04\/cortina_guide_bob-1.jpg\" data-dt-img-description=\"\" data-large_image_width=\"600\" data-large_image_height=\"300\"><img loading=\"lazy\" decoding=\"async\" class=\" wp-image-204667 alignleft\" src=\"https:\/\/www.radiopiu.net\/wordpress\/wp-content\/uploads\/2021\/04\/cortina_guide_bob-1-300x150.jpg\" alt=\"\" width=\"180\" height=\"90\" srcset=\"https:\/\/www.radiopiu.net\/wordpress\/wp-content\/uploads\/2021\/04\/cortina_guide_bob-1-300x150.jpg 300w, https:\/\/www.radiopiu.net\/wordpress\/wp-content\/uploads\/2021\/04\/cortina_guide_bob-1.jpg 600w\" sizes=\"auto, (max-width: 180px) 100vw, 180px\" \/><\/a>CORTINA<\/strong> Le Associazioni ambientaliste dell&#8217;Alto Bellunese e i cittadini contrari alla costruzione della nuova pista da bob a Cortina, organizzano un presidio presso l&#8217;ex pista da bob luned\u00ec alle 9:00. Nonostante il CIO abbia ribadito che le piste esistenti sono sufficienti, il governo italiano insiste nella costruzione, con una spesa prevista di oltre 120 milioni di euro. Il rischio \u00e8 che i lavori non siano completati in tempo per le Olimpiadi o siano eseguiti male. Le future spese di gestione ricadranno su Cortina, Regione Veneto, Province di Trento e Bolzano. L&#8217;esbosco previsto e il danno ambientale sono fonte di preoccupazione. La protesta mira a sensibilizzare l&#8217;opinione pubblica sull&#8217;insostenibilit\u00e0 del progetto.<\/p>\n<p>&nbsp;<\/p>\n<p>&nbsp;<\/p>\n<hr \/>\n<p>&nbsp;<\/p>\n<blockquote>\n<h3><strong>Convegno &#8220;Salute oltre la citt\u00e0&#8221; a Feltre: Valutazioni Positive dei Presidenti delle Associazioni&#8221;<\/strong><\/h3>\n<\/blockquote>\n<p><strong>FELTRE <\/strong>I Presidenti delle Associazioni patrocinatrici esprimono apprezzamento per il Convegno &#8220;Salute oltre la citt\u00e0&#8221; a Feltre. Favoriscono la discussione sulla sanit\u00e0 nelle aree interne, sottolineando l&#8217;importanza di individuare soluzioni e modelli organizzativi per una rete ospedaliera provinciale. L&#8217;iniziativa coinvolge la Comunit\u00e0 nella comprensione dei problemi sanitari, promettendo una collaborazione estesa su tutto il territorio, con un occhio attento ai gravi problemi della Provincia di Belluno in vista delle Olimpiadi 2026.<\/p>\n<p>&nbsp;<\/p>\n<p>&nbsp;<\/p>\n<hr \/>\n<p>&nbsp;<\/p>\n<blockquote>\n<h3>APPLAUSI E CONVIVIALITA&#8217; ALLA PRESENTAZIONE DEL NUOVO LIBRO DI EDOARDO COMIOTTO<\/h3>\n<\/blockquote>\n<p><strong><a class=\"dt-pswp-item\" href=\"https:\/\/www.radiopiu.net\/wordpress\/wp-content\/uploads\/2024\/02\/PRES.-LIBRO-E.C.jpg\" data-dt-img-description=\"\" data-large_image_width=\"1600\" data-large_image_height=\"1066\"><img loading=\"lazy\" decoding=\"async\" class=\" wp-image-374732 alignleft\" src=\"https:\/\/www.radiopiu.net\/wordpress\/wp-content\/uploads\/2024\/02\/PRES.-LIBRO-E.C-300x200.jpg\" alt=\"\" width=\"185\" height=\"123\" srcset=\"https:\/\/www.radiopiu.net\/wordpress\/wp-content\/uploads\/2024\/02\/PRES.-LIBRO-E.C-300x200.jpg 300w, https:\/\/www.radiopiu.net\/wordpress\/wp-content\/uploads\/2024\/02\/PRES.-LIBRO-E.C-1024x682.jpg 1024w, https:\/\/www.radiopiu.net\/wordpress\/wp-content\/uploads\/2024\/02\/PRES.-LIBRO-E.C-768x512.jpg 768w, https:\/\/www.radiopiu.net\/wordpress\/wp-content\/uploads\/2024\/02\/PRES.-LIBRO-E.C-1536x1023.jpg 1536w, https:\/\/www.radiopiu.net\/wordpress\/wp-content\/uploads\/2024\/02\/PRES.-LIBRO-E.C.jpg 1600w\" sizes=\"auto, (max-width: 185px) 100vw, 185px\" \/><\/a>BORGO VALBELLUNA<\/strong> Il salone municipale di Mel ha accolto la presentazione di &#8220;Invisibili carezze&#8221;, il nuovo libro di poesie d&#8217;amore di Edoardo Comiotto, con il patrocinio di diverse associazioni e istituzioni locali. Il Sindaco di Borgo Valbelluna, Stefano Cesa, ha sottolineato l&#8217;impegno sociale e culturale di Comiotto, apprezzato dalle numerose associazioni presenti. L&#8217;autore ha espresso la speranza di stimolare gli innamorati a ravvivare i propri sentimenti. Gli interventi di Dino Bridda e Marco Perale hanno approfondito la lirica di Comiotto, mentre le esecuzioni di Celeste Levis e Luca Pivetta hanno arricchito l&#8217;evento, seguito da un brindisi all&#8217;amore organizzato dalla Pro Loco Zumellese.<\/p>\n<p>&nbsp;<\/p>\n<p>&nbsp;<\/p>\n<hr \/>\n<p>&nbsp;<\/p>\n<p>&nbsp;<\/p>\n<blockquote>\n<h2>VAI PIANO CHE SEI UN ESEMPLARE UNICO<\/h2>\n<\/blockquote>\n<p><strong><img loading=\"lazy\" decoding=\"async\" class=\"alignleft\" src=\"https:\/\/www.radiopiu.net\/wordpress\/wp-content\/uploads\/2024\/02\/frangi.png\" width=\"202\" height=\"151\" \/>CORTINA<\/strong><\/p>\n<p><strong>DI ROBERTO BONA<\/strong><\/p>\n<audio class=\"wp-audio-shortcode\" id=\"audio-374698-11\" preload=\"none\" style=\"width: 100%;\" controls=\"controls\"><source type=\"audio\/mpeg\" src=\"https:\/\/www.radiopiu.net\/wordpress\/wp-content\/uploads\/2024\/02\/frangivento-roberto.mp3?_=11\" \/><a href=\"https:\/\/www.radiopiu.net\/wordpress\/wp-content\/uploads\/2024\/02\/frangivento-roberto.mp3\">https:\/\/www.radiopiu.net\/wordpress\/wp-content\/uploads\/2024\/02\/frangivento-roberto.mp3<\/a><\/audio>\n<p>&nbsp;<\/p>\n<p>&nbsp;<\/p>\n<hr \/>\n<p>&nbsp;<\/p>\n<blockquote>\n<h3>CONSIGLI COMUNALI<\/h3>\n<\/blockquote>\n<blockquote>\n<h2>LUNEDI ALLE 19 CONSIGLIO COMUNALE AD AGORDO, DIRETTA RADIOPIU<\/h2>\n<\/blockquote>\n<p><strong>AGORDO<\/strong> Il sindaco Roberto Chissal\u00e8 ha convocato i consiglieri comunali per lunedi alle 19. 5 punti all&#8217;ordine del giorno<\/p>\n<p><strong><img loading=\"lazy\" decoding=\"async\" class=\"alignleft\" src=\"https:\/\/www.radiopiu.net\/wordpress\/wp-content\/uploads\/2023\/04\/chissale.png\" width=\"185\" height=\"137\" \/><br \/>\n<\/strong><\/p>\n<p><strong>DI GIANNI SANTOMASO<\/strong><\/p>\n<p>&nbsp;<\/p>\n<audio class=\"wp-audio-shortcode\" id=\"audio-374698-12\" preload=\"none\" style=\"width: 100%;\" controls=\"controls\"><source type=\"audio\/mpeg\" src=\"https:\/\/www.radiopiu.net\/wordpress\/wp-content\/uploads\/2024\/02\/consiglio-comunale-agordo-gianni.mp3?_=12\" \/><a href=\"https:\/\/www.radiopiu.net\/wordpress\/wp-content\/uploads\/2024\/02\/consiglio-comunale-agordo-gianni.mp3\">https:\/\/www.radiopiu.net\/wordpress\/wp-content\/uploads\/2024\/02\/consiglio-comunale-agordo-gianni.mp3<\/a><\/audio>\n<p>&nbsp;<\/p>\n<p>&nbsp;<\/p>\n<hr \/>\n<p>&nbsp;<\/p>\n<p>&nbsp;<\/p>\n<blockquote>\n<h3><a class=\"dt-pswp-item\" href=\"https:\/\/www.radiopiu.net\/wordpress\/wp-content\/uploads\/2024\/02\/PXL_20240213_190722213.MP2_.jpg\" data-dt-img-description=\"\" data-large_image_width=\"2439\" data-large_image_height=\"1954\"><img loading=\"lazy\" decoding=\"async\" class=\" wp-image-374497 alignleft\" src=\"https:\/\/www.radiopiu.net\/wordpress\/wp-content\/uploads\/2024\/02\/PXL_20240213_190722213.MP2_-300x240.jpg\" alt=\"\" width=\"211\" height=\"169\" srcset=\"https:\/\/www.radiopiu.net\/wordpress\/wp-content\/uploads\/2024\/02\/PXL_20240213_190722213.MP2_-300x240.jpg 300w, https:\/\/www.radiopiu.net\/wordpress\/wp-content\/uploads\/2024\/02\/PXL_20240213_190722213.MP2_-1024x820.jpg 1024w, https:\/\/www.radiopiu.net\/wordpress\/wp-content\/uploads\/2024\/02\/PXL_20240213_190722213.MP2_-768x615.jpg 768w, https:\/\/www.radiopiu.net\/wordpress\/wp-content\/uploads\/2024\/02\/PXL_20240213_190722213.MP2_-1536x1231.jpg 1536w, https:\/\/www.radiopiu.net\/wordpress\/wp-content\/uploads\/2024\/02\/PXL_20240213_190722213.MP2_-2048x1641.jpg 2048w\" sizes=\"auto, (max-width: 211px) 100vw, 211px\" \/><\/a>RINNOVATO IL MARCHIO DI BANDIERA ARANCIONE DEL TOURING CLUB ITALIANO<\/h3>\n<\/blockquote>\n<p><strong>BORGO VALBELLUNA\u00a0 <\/strong>Attualmente, solo due comuni in provincia di Belluno, Borgo Valbelluna e Rocca Pietore, vantano questa prestigiosa bandiera su un totale di 281 in tutto il paese. Il rinnovo \u00e8 stato confermato grazie ai validi attrattori storico-culturali, al contesto ambientale di pregio, al calendario di appuntamenti ricco e variegato, alla valorizzazione di prodotti tipici e all&#8217;impegno nella tutela ambientale.<\/p>\n<p><strong>DI ROBERTO BONA<\/strong><\/p>\n<audio class=\"wp-audio-shortcode\" id=\"audio-374698-13\" preload=\"none\" style=\"width: 100%;\" controls=\"controls\"><source type=\"audio\/mpeg\" src=\"https:\/\/www.radiopiu.net\/wordpress\/wp-content\/uploads\/2024\/02\/BORGO-VAL-ROBERTO.mp3?_=13\" \/><a href=\"https:\/\/www.radiopiu.net\/wordpress\/wp-content\/uploads\/2024\/02\/BORGO-VAL-ROBERTO.mp3\">https:\/\/www.radiopiu.net\/wordpress\/wp-content\/uploads\/2024\/02\/BORGO-VAL-ROBERTO.mp3<\/a><\/audio>\n<blockquote>\n<h3><\/h3>\n<\/blockquote>\n<p>&nbsp;<\/p>\n<p>&nbsp;<\/p>\n<hr \/>\n<p>&nbsp;<\/p>\n<p>&nbsp;<\/p>\n<h2><span style=\"color: #ff0000;\">MERCOLEDI&#8217; L&#8217;ASSEMBLEA DI LIBERA AGORDINO<\/span><\/h2>\n<p><strong><a class=\"dt-pswp-item\" href=\"https:\/\/www.radiopiu.net\/wordpress\/wp-content\/uploads\/2023\/06\/LIBERA-AGORDINO.jpg\" data-dt-img-description=\"\" data-large_image_width=\"640\" data-large_image_height=\"640\"><img loading=\"lazy\" decoding=\"async\" class=\" wp-image-338852 alignleft\" src=\"https:\/\/www.radiopiu.net\/wordpress\/wp-content\/uploads\/2023\/06\/LIBERA-AGORDINO-300x300.jpg\" alt=\"\" width=\"129\" height=\"129\" srcset=\"https:\/\/www.radiopiu.net\/wordpress\/wp-content\/uploads\/2023\/06\/LIBERA-AGORDINO-300x300.jpg 300w, https:\/\/www.radiopiu.net\/wordpress\/wp-content\/uploads\/2023\/06\/LIBERA-AGORDINO-150x150.jpg 150w, https:\/\/www.radiopiu.net\/wordpress\/wp-content\/uploads\/2023\/06\/LIBERA-AGORDINO.jpg 640w\" sizes=\"auto, (max-width: 129px) 100vw, 129px\" \/><\/a>DI GIANNI SANTOMASO<\/strong><\/p>\n<p>Ospiti: Liana Cavallet, Carlo Sartor e Johannes Keintzel<\/p>\n<audio class=\"wp-audio-shortcode\" id=\"audio-374698-14\" preload=\"none\" style=\"width: 100%;\" controls=\"controls\"><source type=\"audio\/mpeg\" src=\"https:\/\/www.radiopiu.net\/wordpress\/wp-content\/uploads\/2024\/02\/21-febbraio-Intervista-pre-assemblea-Presidio-Libera-con-Liana-Cavallet_Carlo-Sartor_Johannes-Keintzel.mp3?_=14\" \/><a href=\"https:\/\/www.radiopiu.net\/wordpress\/wp-content\/uploads\/2024\/02\/21-febbraio-Intervista-pre-assemblea-Presidio-Libera-con-Liana-Cavallet_Carlo-Sartor_Johannes-Keintzel.mp3\">https:\/\/www.radiopiu.net\/wordpress\/wp-content\/uploads\/2024\/02\/21-febbraio-Intervista-pre-assemblea-Presidio-Libera-con-Liana-Cavallet_Carlo-Sartor_Johannes-Keintzel.mp3<\/a><\/audio>\n<p>&nbsp;<\/p>\n<p>&nbsp;<\/p>\n<hr \/>\n<blockquote>\n<h3><\/h3>\n<h3>UN INCONTRO CON LIBERA PER PARLARE DI STRAGI<\/h3>\n<\/blockquote>\n<p><strong><a class=\"dt-pswp-item\" href=\"https:\/\/www.radiopiu.net\/wordpress\/wp-content\/uploads\/2023\/07\/LIBERA-BELLUNO.png\" data-dt-img-description=\"\" data-large_image_width=\"681\" data-large_image_height=\"681\"><img loading=\"lazy\" decoding=\"async\" class=\" wp-image-342607 alignleft\" src=\"https:\/\/www.radiopiu.net\/wordpress\/wp-content\/uploads\/2023\/07\/LIBERA-BELLUNO-300x300.png\" alt=\"\" width=\"99\" height=\"99\" \/><\/a>BELLUNO<\/strong> Il 22 febbraio alle 18:00 si terr\u00e0 una conversazione dal titolo &#8220;Italia, Paese delle Stragi: La Storia si Ripete&#8221;. La discussione sar\u00e0 guidata da I.M.D., scrittore ed investigatore della Polizia di Stato, e condotta da Franco Tosolini. L&#8217;evento si svolger\u00e0 presso il Ristorante &#8220;La Taverna&#8221; in via Cipro, 7 a Belluno. Per prenotazioni, \u00e8 possibile contattare il numero 0437 26839 o il 336 559177. La tematica sembra collegata a tensioni e intrighi, richiamando un brano dal libro &#8220;Sangue innocente&#8221; di I.M.D.<\/p>\n<p>&nbsp;<\/p>\n<p>&nbsp;<\/p>\n<hr \/>\n<p>&nbsp;<\/p>\n<blockquote>\n<h3><a class=\"dt-pswp-item\" href=\"https:\/\/www.radiopiu.net\/wordpress\/wp-content\/uploads\/2024\/02\/SCR-20240214-ljlc.png\" data-dt-img-description=\"\" data-large_image_width=\"854\" data-large_image_height=\"1276\"><img loading=\"lazy\" decoding=\"async\" class=\" wp-image-374603 alignleft\" src=\"https:\/\/www.radiopiu.net\/wordpress\/wp-content\/uploads\/2024\/02\/SCR-20240214-ljlc-201x300.png\" alt=\"\" width=\"136\" height=\"203\" srcset=\"https:\/\/www.radiopiu.net\/wordpress\/wp-content\/uploads\/2024\/02\/SCR-20240214-ljlc-201x300.png 201w, https:\/\/www.radiopiu.net\/wordpress\/wp-content\/uploads\/2024\/02\/SCR-20240214-ljlc-685x1024.png 685w, https:\/\/www.radiopiu.net\/wordpress\/wp-content\/uploads\/2024\/02\/SCR-20240214-ljlc-768x1148.png 768w, https:\/\/www.radiopiu.net\/wordpress\/wp-content\/uploads\/2024\/02\/SCR-20240214-ljlc.png 854w\" sizes=\"auto, (max-width: 136px) 100vw, 136px\" \/><\/a>L&#8217;ASSEMBLEA DEGLI ALPINI DI FELTRE E UNA SERATA CULTURALE<\/h3>\n<\/blockquote>\n<p><strong>FELTRE<\/strong> Domenica 25 febbraio si terr\u00e0 l&#8217;Annuale Assemblea Generale dei delegati della Sezione dell\u2019Associazione Nazionale Alpini di Feltre. La giornata inizier\u00e0 con la celebrazione della Santa Messa in onore dei Caduti alle 8.00, seguita dall&#8217;apertura dei lavori dell&#8217;Assemblea dei soci alle 9.00. Dopo le relazioni dei responsabili dei vari settori, le Autorit\u00e0 presenti interverranno e seguir\u00e0 uno sfilamento attraverso le vie del centro con destinazione il Monumento ai Caduti. La serata precedente l&#8217;Assemblea sar\u00e0 dedicata alla presentazione del libro &#8220;Quel prete \u00e8 da fucilare&#8221; di don Bruno Fasani, che interverr\u00e0 per discutere il suo romanzo. La serata si terr\u00e0 alle 20.30 presso l&#8217;Auditorium dell\u2019Istituto Canossiane di Feltre e includer\u00e0 letture da parte di Maria Rosa Roviello e accompagnamento musicale dei \u201cPevar Soner\u201d.<\/p>\n<p>&nbsp;<\/p>\n<p>&nbsp;<\/p>\n<hr \/>\n<p>&nbsp;<\/p>\n<blockquote>\n<h3>CIVICAMENTE OSPITA GLI ARTISTI DEL TERRITORIO<\/h3>\n<\/blockquote>\n<p><strong>BORGO VALBELLUNA <\/strong>Si aprir\u00e0 con una mostra collettiva il progetto\u00a0artistico\u00a0<em>Echi d\u2019Arte<\/em>,\u00a0<em>il mese dell\u2019Arte<\/em>, l\u2019iniziativa culturale promossa dall\u2019associazione Civicamente APS Associazione di Idee in collaborazione con gli artisti del territorio. La sede di piazza Saubens a Trichiana ospiter\u00e0 le opere dei 30 artisti che hanno accolto l\u2019invito dell\u2019associazione a esporre i propri lavori e a condividere la propria idea di arte e di bellezza. La mostra verr\u00e0 inaugurata sabato 17 febbraio 2024 alle ore 11.00 e rimarr\u00e0 aperta fino alla fine del mese di marzo. L&#8217;iniziativa continuer\u00e0 con una serie di mostre personali degli artisti aderenti al progetto.<\/p>\n<p>&nbsp;<\/p>\n<p>&nbsp;<\/p>\n<hr \/>\n<p>&nbsp;<\/p>\n<blockquote>\n<h3>APPUNTAMENTI CON L&#8217;ASSOCIAZIONE DONATORI DI ORGANI<\/h3>\n<\/blockquote>\n<p><strong>BELLUNO<\/strong> L&#8217;Aido Belluno organizza degli eventi:\u00a0 &#8220;Cammina con cuore&#8221;, si terr\u00e0 il domani a Limana, una passeggiata lungo un percorso di 5 km per promuovere uno stile di vita sano. Il 28 febbraio alla casa funeraria Donadel, con approfondimenti sulla donazione degli organi. I contatti per informazioni sono al numero 336200212.<\/p>\n<p>&nbsp;<\/p>\n<hr \/>\n<p>&nbsp;<\/p>\n<blockquote>\n<blockquote>\n<h3>ASCA CERCA OPERATORI SOCIO SANITARI<\/h3>\n<\/blockquote>\n<\/blockquote>\n<p><strong><a class=\"dt-pswp-item\" href=\"https:\/\/www.radiopiu.net\/wordpress\/wp-content\/uploads\/2020\/04\/ASCA.png\" data-dt-img-description=\"\" data-large_image_width=\"1211\" data-large_image_height=\"668\"><img loading=\"lazy\" decoding=\"async\" class=\" wp-image-128881 alignleft\" src=\"https:\/\/www.radiopiu.net\/wordpress\/wp-content\/uploads\/2020\/04\/ASCA-300x165.png\" alt=\"\" width=\"157\" height=\"86\" srcset=\"https:\/\/www.radiopiu.net\/wordpress\/wp-content\/uploads\/2020\/04\/ASCA-300x165.png 300w, https:\/\/www.radiopiu.net\/wordpress\/wp-content\/uploads\/2020\/04\/ASCA-1024x565.png 1024w, https:\/\/www.radiopiu.net\/wordpress\/wp-content\/uploads\/2020\/04\/ASCA-768x424.png 768w, https:\/\/www.radiopiu.net\/wordpress\/wp-content\/uploads\/2020\/04\/ASCA.png 1211w\" sizes=\"auto, (max-width: 157px) 100vw, 157px\" \/><\/a>AGORDO<\/strong> L&#8217;A.S.C.A. ha pubblicato un avviso di selezione per creare una graduatoria di idoneit\u00e0 volta all&#8217;assunzione di Operatori Socio Sanitari (OSS) a tempo determinato e indeterminato, sia a tempo pieno che parziale, presso le sedi di Agordo, Taibon Agordino e i Comuni Agordini per il servizio domiciliare. Il contratto di riferimento \u00e8 regolato dal CCNL UNEBA, con un trattamento economico basato sul livello contrattuale 4S, incluso un superminimo di \u20ac2.502,39 lordi annui. Vengono offerti vantaggi quali l&#8217;accesso al Welfare Aziendale e la possibilit\u00e0 di sistemazione abitativa gratuita per 8 mesi, con eventuali costi per le utenze. Scadenza domande entro venerd\u00ec 23 febbraio alle 12.<\/p>\n<p>&nbsp;<\/p>\n<p>&nbsp;<\/p>\n<hr \/>\n<p>&nbsp;<\/p>\n<blockquote>\n<h3>UN GARDENSIA PER LA FESTA DELLA DONNA<\/h3>\n<\/blockquote>\n<p><strong>BELLUNO <\/strong>Per la Festa della Donna, nelle principali piazze italiane ritorna \u201cGardensia\u201d. Potrete scegliere tra una gardenia o un\u2019ortensia, oppure sceglierle entrambe. Grazie ai vostri contributo, si potr\u00e0 continuare a sostenere la ricerca scientifica sulla sclerosi multipla e patologie correlate e garantire e potenziare i servizi sul territorio alle persone colpite, la maggior parte delle quali sono giovani e donne. La vendita \u00e8 prevista nelle giornate del 8-9-10 marzo.<\/p>\n<p>&nbsp;<\/p>\n<p>&nbsp;<\/p>\n<hr \/>\n<p>&nbsp;<\/p>\n<h2><span style=\"color: #ff6600;\">IERI ALLA RADIO<\/span><\/h2>\n<h2><span style=\"color: #ff00ff;\">CIAK SI GIRA, IL PROGRAMMA DI PAOLA LANCIATO<\/span><\/h2>\n<p><strong><a class=\"dt-pswp-item\" href=\"https:\/\/www.radiopiu.net\/wordpress\/wp-content\/uploads\/2024\/02\/NOTTHING-HILL.jpg\" data-dt-img-description=\"\" data-large_image_width=\"1000\" data-large_image_height=\"1490\"><img loading=\"lazy\" decoding=\"async\" class=\" wp-image-374704 alignleft\" src=\"https:\/\/www.radiopiu.net\/wordpress\/wp-content\/uploads\/2024\/02\/NOTTHING-HILL-201x300.jpg\" alt=\"\" width=\"104\" height=\"155\" srcset=\"https:\/\/www.radiopiu.net\/wordpress\/wp-content\/uploads\/2024\/02\/NOTTHING-HILL-201x300.jpg 201w, https:\/\/www.radiopiu.net\/wordpress\/wp-content\/uploads\/2024\/02\/NOTTHING-HILL-687x1024.jpg 687w, https:\/\/www.radiopiu.net\/wordpress\/wp-content\/uploads\/2024\/02\/NOTTHING-HILL-768x1144.jpg 768w, https:\/\/www.radiopiu.net\/wordpress\/wp-content\/uploads\/2024\/02\/NOTTHING-HILL.jpg 1000w\" sizes=\"auto, (max-width: 104px) 100vw, 104px\" \/><\/a>PUNTATA 04, NOTHING HILL<\/strong><\/p>\n<audio class=\"wp-audio-shortcode\" id=\"audio-374698-15\" preload=\"none\" style=\"width: 100%;\" controls=\"controls\"><source type=\"audio\/mpeg\" src=\"https:\/\/www.radiopiu.net\/wordpress\/wp-content\/uploads\/2024\/02\/CIAK2-1.mp3?_=15\" \/><a href=\"https:\/\/www.radiopiu.net\/wordpress\/wp-content\/uploads\/2024\/02\/CIAK2-1.mp3\">https:\/\/www.radiopiu.net\/wordpress\/wp-content\/uploads\/2024\/02\/CIAK2-1.mp3<\/a><\/audio>\n<p>&nbsp;<\/p>\n<h2>LA RACCOLTA COMPLETA <a href=\"https:\/\/www.radiopiu.net\/wordpress\/ciak24\/\">CLICCA QUI<\/a><\/h2>\n<p>&nbsp;<\/p>\n<p>&nbsp;<\/p>\n<hr \/>\n<p>&nbsp;<\/p>\n<blockquote>\n<h2>BOLAGO E ORZES, DUE FAMIGLIE E TRE STORIE DI DEPORTAZIONE<\/h2>\n<\/blockquote>\n<p>&nbsp;<\/p>\n<p><a class=\"dt-pswp-item\" href=\"https:\/\/www.radiopiu.net\/wordpress\/wp-content\/uploads\/2024\/02\/56a704bd-caa3-45ab-90ab-9507816a4011.jpg\" data-dt-img-description=\"\" data-large_image_width=\"1131\" data-large_image_height=\"1600\"><img loading=\"lazy\" decoding=\"async\" class=\"size-medium wp-image-374321 alignleft\" src=\"https:\/\/www.radiopiu.net\/wordpress\/wp-content\/uploads\/2024\/02\/56a704bd-caa3-45ab-90ab-9507816a4011-212x300.jpg\" alt=\"\" width=\"212\" height=\"300\" srcset=\"https:\/\/www.radiopiu.net\/wordpress\/wp-content\/uploads\/2024\/02\/56a704bd-caa3-45ab-90ab-9507816a4011-212x300.jpg 212w, https:\/\/www.radiopiu.net\/wordpress\/wp-content\/uploads\/2024\/02\/56a704bd-caa3-45ab-90ab-9507816a4011-724x1024.jpg 724w, https:\/\/www.radiopiu.net\/wordpress\/wp-content\/uploads\/2024\/02\/56a704bd-caa3-45ab-90ab-9507816a4011-768x1086.jpg 768w, https:\/\/www.radiopiu.net\/wordpress\/wp-content\/uploads\/2024\/02\/56a704bd-caa3-45ab-90ab-9507816a4011-1086x1536.jpg 1086w, https:\/\/www.radiopiu.net\/wordpress\/wp-content\/uploads\/2024\/02\/56a704bd-caa3-45ab-90ab-9507816a4011.jpg 1131w\" sizes=\"auto, (max-width: 212px) 100vw, 212px\" \/><\/a><\/p>\n<p>&nbsp;<\/p>\n<p>&nbsp;<\/p>\n<p>&nbsp;<\/p>\n<p>&nbsp;<\/p>\n<p>&nbsp;<\/p>\n<p>&nbsp;<\/p>\n<p>&nbsp;<\/p>\n<p>&nbsp;<\/p>\n<p>&nbsp;<\/p>\n<p><strong>SEDICO<\/strong><\/p>\n<p><strong>DI ROBERTO BONA<\/strong><\/p>\n<audio class=\"wp-audio-shortcode\" id=\"audio-374698-16\" preload=\"none\" style=\"width: 100%;\" controls=\"controls\"><source type=\"audio\/mpeg\" src=\"https:\/\/www.radiopiu.net\/wordpress\/wp-content\/uploads\/2024\/02\/LeGuerreUmbertoMaria.mp3?_=16\" \/><a href=\"https:\/\/www.radiopiu.net\/wordpress\/wp-content\/uploads\/2024\/02\/LeGuerreUmbertoMaria.mp3\">https:\/\/www.radiopiu.net\/wordpress\/wp-content\/uploads\/2024\/02\/LeGuerreUmbertoMaria.mp3<\/a><\/audio>\n<p>&nbsp;<\/p>\n<hr \/>\n<p>&nbsp;<\/p>\n<blockquote>\n<h3>SAVE THE DATE FESTIVAL AL RIFUGIO LARESEI&#8230;IL 7 APRILE SARA&#8217; UNA GIORNATA INDIMENTICABILE<\/h3>\n<\/blockquote>\n<p><strong>REDAZIONE<\/strong> Mancano 2 mesi&#8230;7 aprile 2024 \u00e8 la data sa segnare sul calendario. Rifugio Laresei, Falcade&#8230;A breve maggiori informazioni sugli special guests e sul ticketing online. Non prendete impegni che al Laresei si fa la storia! Continuate a seguirci su instagram @savethedate_festival_ e su @rifugiolaresei<\/p>\n<p>&nbsp;<\/p>\n<p>&nbsp;<\/p>\n<p>&nbsp;<\/p>\n<hr \/>\n<p>&nbsp;<\/p>\n<blockquote>\n<h3><a class=\"dt-pswp-item\" href=\"https:\/\/www.radiopiu.net\/wordpress\/wp-content\/uploads\/2024\/02\/bc5b076e-c8f0-46e1-9a84-cc1dbc7d8453.jpg\" data-dt-img-description=\"\" data-large_image_width=\"1131\" data-large_image_height=\"1600\"><img loading=\"lazy\" decoding=\"async\" class=\" wp-image-373651 alignleft\" src=\"https:\/\/www.radiopiu.net\/wordpress\/wp-content\/uploads\/2024\/02\/bc5b076e-c8f0-46e1-9a84-cc1dbc7d8453-212x300.jpg\" alt=\"\" width=\"94\" height=\"133\" srcset=\"https:\/\/www.radiopiu.net\/wordpress\/wp-content\/uploads\/2024\/02\/bc5b076e-c8f0-46e1-9a84-cc1dbc7d8453-212x300.jpg 212w, https:\/\/www.radiopiu.net\/wordpress\/wp-content\/uploads\/2024\/02\/bc5b076e-c8f0-46e1-9a84-cc1dbc7d8453-724x1024.jpg 724w, https:\/\/www.radiopiu.net\/wordpress\/wp-content\/uploads\/2024\/02\/bc5b076e-c8f0-46e1-9a84-cc1dbc7d8453-768x1086.jpg 768w, https:\/\/www.radiopiu.net\/wordpress\/wp-content\/uploads\/2024\/02\/bc5b076e-c8f0-46e1-9a84-cc1dbc7d8453-1086x1536.jpg 1086w, https:\/\/www.radiopiu.net\/wordpress\/wp-content\/uploads\/2024\/02\/bc5b076e-c8f0-46e1-9a84-cc1dbc7d8453.jpg 1131w\" sizes=\"auto, (max-width: 94px) 100vw, 94px\" \/><\/a>IL 17 FEBBRAIO ORAZIO ALLA CASA DELLA GIOVENTU&#8217; DI CAVIOLA<\/h3>\n<\/blockquote>\n<p><strong>DI LUISA ALCHINI<\/strong><\/p>\n<audio class=\"wp-audio-shortcode\" id=\"audio-374698-17\" preload=\"none\" style=\"width: 100%;\" controls=\"controls\"><source type=\"audio\/mpeg\" src=\"https:\/\/www.radiopiu.net\/wordpress\/wp-content\/uploads\/2024\/02\/LUISA-SPETTACOLO-oRAZIO-17-FEBBRAIO-cAVIOLA.mp3?_=17\" \/><a href=\"https:\/\/www.radiopiu.net\/wordpress\/wp-content\/uploads\/2024\/02\/LUISA-SPETTACOLO-oRAZIO-17-FEBBRAIO-cAVIOLA.mp3\">https:\/\/www.radiopiu.net\/wordpress\/wp-content\/uploads\/2024\/02\/LUISA-SPETTACOLO-oRAZIO-17-FEBBRAIO-cAVIOLA.mp3<\/a><\/audio>\n<blockquote><p>&nbsp;<\/p><\/blockquote>\n<hr \/>\n<p>&nbsp;<\/p>\n<blockquote>\n<h3><a class=\"dt-pswp-item\" href=\"https:\/\/www.radiopiu.net\/wordpress\/wp-content\/uploads\/2024\/02\/IMG-20240124-WA0001.jpg\" data-dt-img-description=\"\" data-large_image_width=\"1131\" data-large_image_height=\"1600\"><img loading=\"lazy\" decoding=\"async\" class=\" wp-image-373747 alignleft\" src=\"https:\/\/www.radiopiu.net\/wordpress\/wp-content\/uploads\/2024\/02\/IMG-20240124-WA0001-212x300.jpg\" alt=\"\" width=\"85\" height=\"120\" srcset=\"https:\/\/www.radiopiu.net\/wordpress\/wp-content\/uploads\/2024\/02\/IMG-20240124-WA0001-212x300.jpg 212w, https:\/\/www.radiopiu.net\/wordpress\/wp-content\/uploads\/2024\/02\/IMG-20240124-WA0001-724x1024.jpg 724w, https:\/\/www.radiopiu.net\/wordpress\/wp-content\/uploads\/2024\/02\/IMG-20240124-WA0001-768x1086.jpg 768w, https:\/\/www.radiopiu.net\/wordpress\/wp-content\/uploads\/2024\/02\/IMG-20240124-WA0001-1086x1536.jpg 1086w, https:\/\/www.radiopiu.net\/wordpress\/wp-content\/uploads\/2024\/02\/IMG-20240124-WA0001.jpg 1131w\" sizes=\"auto, (max-width: 85px) 100vw, 85px\" \/><\/a>IL MECCANICO AL TEATRO SAN GAETANO<\/h3>\n<\/blockquote>\n<p><strong>BELLUNO<\/strong> La Pro Loco Pieve Castionese ha il piacere di annunciare la rappresentazione teatrale di &#8220;IL MECCANICO&#8221; al teatro San Gaetano, con debutto il 17 e 18 febbraio alle 21. La collaborazione con Auge Teatro trasforma il teatro in un&#8217;officina di emozioni, consolidando il ruolo del San Gaetano come luogo per consumare emozioni attraverso la passione, il lavoro e la partecipazione di molte persone coinvolte negli anni.<\/p>\n<p>&nbsp;<\/p>\n<p>&nbsp;<\/p>\n<hr \/>\n<p>&nbsp;<\/p>\n<h2><span style=\"color: #ff0000;\">GLI APPUNTAMENTI DELLA SETTIMANA<\/span><span style=\"color: #ff0000;\">\u00a0 \u00a0<\/span><\/h2>\n<blockquote><p><em>\u00a0<\/em><\/p>\n<p><em>Il SuperW di Sedico cambia orari: ci trovate aperti dal luned\u00ec al sabato dalle 7.30 alle 20.30 e la domenica dalle 8.30 alle 19.30. Per festeggiare assieme questa novit\u00e0 abbiamo organizzato una festa per tutti i bambini: domenica 18 dalle 14 alle 15.30 e dalle 17 alle 18.30 il Duo G&amp;G vi aspetta al SuperW di Sedico con lo spettacolo \u201cIl vecchioWest\u201d. Due spettacoli, doppio divertimento e piccoli omaggi per tutti! Vi aspettiamo alle 14 e alle 17 di domenica 18 febbraio al SuperW di Sedico!\u00a0<\/em><\/p><\/blockquote>\n<p>&nbsp;<\/p>\n<p><strong>BELLUNO<\/strong> L&#8217;Istituto Bellunese di Ricerche Sociali e Culturali invita la cittadinanza alla presentazione del volume &#8220;L&#8217;Oltrardo: Storia, architettura e arte nei dintorni di Belluno citt\u00e0 splendente&#8221;. L&#8217;evento si terr\u00e0 il oggi alle 20 nella sala parrocchiale di Cavarzano.<\/p>\n<p><strong>BELLUNO <\/strong>Domani alle 20.45 al Teatro Dino Buzzati di Belluno, l\u2019autore, regista e attore, Paolo Valerio, sar\u00e0 il protagonista de \u201cIL MURO TRASPARENTE. DELIRIO DI UN TENNISTA SENTIMENTALE\u201d, spettacolo inserito nel cartellone dalla Prima Stagione di Prosa Nazionale promossa dal Circolo Cultura e Stampa Bellunese al Piccolo Teatro Pierobon di Paiane.<\/p>\n<p><strong>CORTINA\u00a0<\/strong>Michele Placido sar\u00e0 il protagonista di &#8220;Serata d&#8217;Onore&#8221; domani a CortinaTeatro. L&#8217;attore condurr\u00e0 uno spettacolo poetico e musicale accompagnato da Gianluigi Esposito e Antonio Saturno, esibendosi nelle pi\u00f9 belle canzoni napoletane. L&#8217;evento si svolger\u00e0 all&#8217;Alexander Girardi Hall di Cortina d&#8217;Ampezzo alle 20.45.<\/p>\n<p><strong>BELLUNO<\/strong> Il Circolo dei Sardi Nel Bellunese comie 41 anni e per l&#8217;occasione organizza due eventi. Domani la festa a Limana in sala Desidea, domenica il pranzo dei soci alla Pizzeria Parco di Limana. Prenotazioni al 388 6458895<\/p>\n<p><strong>FELTRE<\/strong> Il Centro Astronomico di Arson organizza per domani alle 21 un incontro per osservare la luna ad alta risoluzione.<\/p>\n<h2><span style=\"color: #ff0000;\">PROSSIMAMENTE<\/span><\/h2>\n<p><strong>FELTRE<\/strong> La Famiglia Ex Emigranti del Feltrino organizza la gita alla fiera &#8220;Orto Giardino&#8221; a Pordenonefiere il 6 marzo. La partenza \u00e8 alle 13 da Pedavena, con passaggio a Feltre. Il programma include l&#8217;ingresso alla fiera e una tappa in pizzeria durante il rientro. Per informazioni 40 262 9562.<\/p>\n<p>&nbsp;<\/p>\n<p>&nbsp;<\/p>\n<hr \/>\n<p>&nbsp;<\/p>\n<p><a class=\"dt-pswp-item\" href=\"https:\/\/www.radiopiu.net\/wordpress\/wp-content\/uploads\/2018\/09\/viabilita.jpeg\" data-dt-img-description=\"\" data-large_image_width=\"800\" data-large_image_height=\"100\"><img loading=\"lazy\" decoding=\"async\" class=\"aligncenter wp-image-61954 size-full\" src=\"https:\/\/www.radiopiu.net\/wordpress\/wp-content\/uploads\/2018\/09\/viabilita.jpeg\" alt=\"\" width=\"800\" height=\"100\" srcset=\"https:\/\/www.radiopiu.net\/wordpress\/wp-content\/uploads\/2018\/09\/viabilita.jpeg 800w, https:\/\/www.radiopiu.net\/wordpress\/wp-content\/uploads\/2018\/09\/viabilita-300x38.jpeg 300w, https:\/\/www.radiopiu.net\/wordpress\/wp-content\/uploads\/2018\/09\/viabilita-768x96.jpeg 768w\" sizes=\"auto, (max-width: 800px) 100vw, 800px\" \/><\/a><\/p>\n<p>&nbsp;<\/p>\n<p><a class=\"dt-pswp-item\" href=\"https:\/\/www.radiopiu.net\/wordpress\/wp-content\/uploads\/2023\/12\/botol-car-service.jpg\" data-dt-img-description=\"\" data-large_image_width=\"600\" data-large_image_height=\"600\"><img loading=\"lazy\" decoding=\"async\" class=\"size-medium wp-image-367044 aligncenter\" src=\"https:\/\/www.radiopiu.net\/wordpress\/wp-content\/uploads\/2023\/12\/botol-car-service-300x300.jpg\" alt=\"\" width=\"300\" height=\"300\" srcset=\"https:\/\/www.radiopiu.net\/wordpress\/wp-content\/uploads\/2023\/12\/botol-car-service-300x300.jpg 300w, https:\/\/www.radiopiu.net\/wordpress\/wp-content\/uploads\/2023\/12\/botol-car-service-150x150.jpg 150w, https:\/\/www.radiopiu.net\/wordpress\/wp-content\/uploads\/2023\/12\/botol-car-service.jpg 600w\" sizes=\"auto, (max-width: 300px) 100vw, 300px\" \/><\/a><\/p>\n<p>&nbsp;<\/p>\n<blockquote>\n<h1><span style=\"color: #ff0000;\"><a class=\"dt-pswp-item\" href=\"https:\/\/www.radiopiu.net\/wordpress\/wp-content\/uploads\/2020\/05\/VENETO-STRADE.png\" data-dt-img-description=\"\" data-large_image_width=\"400\" data-large_image_height=\"400\"><img loading=\"lazy\" decoding=\"async\" class=\"wp-image-135574 alignleft\" src=\"https:\/\/www.radiopiu.net\/wordpress\/wp-content\/uploads\/2020\/05\/VENETO-STRADE-300x300.png\" alt=\"\" width=\"102\" height=\"102\" srcset=\"https:\/\/www.radiopiu.net\/wordpress\/wp-content\/uploads\/2020\/05\/VENETO-STRADE-300x300.png 300w, https:\/\/www.radiopiu.net\/wordpress\/wp-content\/uploads\/2020\/05\/VENETO-STRADE-150x150.png 150w, https:\/\/www.radiopiu.net\/wordpress\/wp-content\/uploads\/2020\/05\/VENETO-STRADE.png 400w\" sizes=\"auto, (max-width: 102px) 100vw, 102px\" \/><\/a>AGGIORNAMENTO QUOTIDIANO, IN\u00a0 COLLABORAZIONE CON VENETO STRADE E BOTOL CAR SERVICE AD AGORDO IN LOCALITA&#8217; VALCOZZENA.<\/span><\/h1>\n<p>&nbsp;<\/p><\/blockquote>\n<p><strong>SOSPIROLO\u00a0<\/strong> Lungo la provinciale 2 tra Pian Falcina e Gena Bassa in Comune di Sospirolo\u00a0 <span style=\"color: #ff0000;\">fino al 15 febbraio,<\/span> sabato e domeniche compresi, senso unico alternato regolato da semaforo o movieri, interruzioni alla viabilit\u00e0 fino a 10 minuti per tratti di 200 metri.<\/p>\n<p><span style=\"color: #0000ff;\"><strong>BOLLETTINO VIABILITA&#8217; AGGIORNATO AL 23 GENNAIO 2024<\/strong><\/span><\/p>\n<audio class=\"wp-audio-shortcode\" id=\"audio-374698-18\" preload=\"none\" style=\"width: 100%;\" controls=\"controls\"><source type=\"audio\/mpeg\" src=\"https:\/\/www.radiopiu.net\/wordpress\/wp-content\/uploads\/2024\/01\/VIABLITA-2.mp3?_=18\" \/><a href=\"https:\/\/www.radiopiu.net\/wordpress\/wp-content\/uploads\/2024\/01\/VIABLITA-2.mp3\">https:\/\/www.radiopiu.net\/wordpress\/wp-content\/uploads\/2024\/01\/VIABLITA-2.mp3<\/a><\/audio>\n<p>&nbsp;<\/p>\n<p>&nbsp;<\/p>\n<hr \/>\n<p>&nbsp;<\/p>\n<p>&nbsp;<\/p>\n<blockquote>\n<h3>RADIOPIU: OLTRE 600MILA VISUALIZZAZIONI NEGLI ULTIMI 28 GIORNI. <strong>\u00a0OLTRE 4 MILIONI DI VISUALIZZAZIONE ALL&#8217;ANNO<\/strong><\/h3>\n<\/blockquote>\n<p><strong>REDAZIONE<\/strong> Il sito internet www.radiopiu.net ha veicolato 631mila visualizzazioni negli ultimi 28 giorni. Alto il numero di ingressi diretti al sito, il mercatino continua a &#8220;tirare&#8221; con quasi 6000 visualizzazioni con una media di\u00a0 214 visualizzazioni al giorno confermandosi come rubrica di interesse per l&#8217;intero comprensorio dolomitico soprattutto con gli annunci di ricerca di lavoro. Immancabili i tanti clic per le notizie di cronaca e legate allo sviluppo della multinazionale EssilorLuxottica. Tra le notizie sportive nella top ten la &#8220;volata&#8221; in mondovisione.<\/p>\n<p>MM<\/p>\n\n\t\t\t<style type='text\/css'>\n\t\t\t\t#gallery-2 {\n\t\t\t\t\tmargin: auto;\n\t\t\t\t}\n\t\t\t\t#gallery-2 .gallery-item {\n\t\t\t\t\tfloat: left;\n\t\t\t\t\tmargin-top: 10px;\n\t\t\t\t\ttext-align: center;\n\t\t\t\t\twidth: 50%;\n\t\t\t\t}\n\t\t\t\t#gallery-2 img {\n\t\t\t\t\tborder: 2px solid #cfcfcf;\n\t\t\t\t}\n\t\t\t\t#gallery-2 .gallery-caption {\n\t\t\t\t\tmargin-left: 0;\n\t\t\t\t}\n\t\t\t\t\/* see gallery_shortcode() in wp-includes\/media.php *\/\n\t\t\t<\/style>\n\t\t<div id='gallery-2' class='dt-gallery-container gallery galleryid-374698 gallery-columns-2 gallery-size-medium'><dl class='gallery-item'>\n\t\t\t\t<dt class='gallery-icon portrait'>\n\t\t\t\t\t<a class=\"rollover\" href='https:\/\/www.radiopiu.net\/wordpress\/radiopiu-oltre-600mila-visualizzazioni-negli-ultimi-28-giorni\/senza-nome-1805\/'><img loading=\"lazy\" decoding=\"async\" width=\"240\" height=\"300\" src=\"https:\/\/www.radiopiu.net\/wordpress\/wp-content\/uploads\/2024\/02\/Senza-nome-33-240x300.png\" class=\"attachment-medium size-medium\" alt=\"\" srcset=\"https:\/\/www.radiopiu.net\/wordpress\/wp-content\/uploads\/2024\/02\/Senza-nome-33-240x300.png 240w, https:\/\/www.radiopiu.net\/wordpress\/wp-content\/uploads\/2024\/02\/Senza-nome-33.png 524w\" sizes=\"auto, (max-width: 240px) 100vw, 240px\" \/><\/a>\n\t\t\t\t<\/dt><\/dl><dl class='gallery-item'>\n\t\t\t\t<dt class='gallery-icon portrait'>\n\t\t\t\t\t<a class=\"rollover\" href='https:\/\/www.radiopiu.net\/wordpress\/radiopiu-oltre-600mila-visualizzazioni-negli-ultimi-28-giorni\/senza-nome-1807\/'><img loading=\"lazy\" decoding=\"async\" width=\"231\" height=\"300\" src=\"https:\/\/www.radiopiu.net\/wordpress\/wp-content\/uploads\/2024\/02\/Senza-nome-35-231x300.png\" class=\"attachment-medium size-medium\" alt=\"\" srcset=\"https:\/\/www.radiopiu.net\/wordpress\/wp-content\/uploads\/2024\/02\/Senza-nome-35-231x300.png 231w, https:\/\/www.radiopiu.net\/wordpress\/wp-content\/uploads\/2024\/02\/Senza-nome-35.png 508w\" sizes=\"auto, (max-width: 231px) 100vw, 231px\" \/><\/a>\n\t\t\t\t<\/dt><\/dl><br style=\"clear: both\" \/>\n\t\t\t<\/div>\n\n<p>&nbsp;<\/p>\n<p>&nbsp;<\/p>\n<p>&nbsp;<\/p>\n<hr \/>\n<p>&nbsp;<\/p>\n<p><a class=\"dt-pswp-item\" href=\"https:\/\/www.radiopiu.net\/wordpress\/wp-content\/uploads\/2018\/09\/WhatsApp-Image-2018-09-20-at-16.04.06.jpeg\" data-dt-img-description=\"\" data-large_image_width=\"800\" data-large_image_height=\"100\"><img loading=\"lazy\" decoding=\"async\" class=\"wp-image-61378 size-full aligncenter\" src=\"https:\/\/www.radiopiu.net\/wordpress\/wp-content\/uploads\/2018\/09\/WhatsApp-Image-2018-09-20-at-16.04.06.jpeg\" alt=\"\" width=\"800\" height=\"100\" srcset=\"https:\/\/www.radiopiu.net\/wordpress\/wp-content\/uploads\/2018\/09\/WhatsApp-Image-2018-09-20-at-16.04.06.jpeg 800w, https:\/\/www.radiopiu.net\/wordpress\/wp-content\/uploads\/2018\/09\/WhatsApp-Image-2018-09-20-at-16.04.06-300x38.jpeg 300w, https:\/\/www.radiopiu.net\/wordpress\/wp-content\/uploads\/2018\/09\/WhatsApp-Image-2018-09-20-at-16.04.06-768x96.jpeg 768w\" sizes=\"auto, (max-width: 800px) 100vw, 800px\" \/><\/a><\/p>\n<p><center><\/center><b>\u00a0 \u00a0\u00a0<\/b><\/p>\n<p><center><\/center><center><\/center><center><\/center><center><b>OGGI<\/b><\/center>Cielo sereno o poco nuvoloso al mattino per velature, via via pi\u00f9 estese nel pomeriggio fino a velato.<br \/>\n<b>Precipitazioni: <\/b>Assenti<br \/>\n<b>Temperature: <\/b>Senza notevoli variazioni nelle valli e in ulteriore lieve aumento in quota su valori molto superiori alle medie del periodo.<\/p>\n<hr \/>\n<p><center><b>DOMANI<\/b><\/center>Cielo per lo pi\u00f9 nuvoloso con qualche irregolare schiarita in tarda serata.<br \/>\n<b>Precipitazioni: <\/b>Non del tutto esclusa qualche debole\/debolissima precipitazione sparsa con limite neve oltre i 2000-2200 m ed eventuali accumuli irrisori.<br \/>\n<b>Temperature: <\/b>Temperature in generale diminuzione in alta quota, stazionarie o in lieve aumento al di sotto dei 2000 m.<\/p>\n<hr \/>\n<p><center><b>DOMENICA<\/b><\/center>Miglioramento del tempo con sole e cielo sereno o poco nuvoloso, salvo residua nuvolosit\u00e0 fino al primo mattino, specie su Prealpi. In giornata possibili addensamenti su Prealpi con cielo da poco a tratti parzialmente nuvoloso. Temperature minime in calo, massime stazionarie in quota e in rialzo nelle valli.<\/p>\n<hr \/>\n<p><center><b>LUNEDI<\/b><\/center>Aumento della nuvolosit\u00e0 fino a molto nuvoloso con probabilit\u00e0 medio-bassa di deboli\/debolissime precipitazioni sparse in giornata. Limite neve a 1600-1900 m. Temperature in generale lieve calo.<\/p>\n<p>&nbsp;<\/p>\n<p>&nbsp;<\/p>\n<hr \/>\n<p>&nbsp;<\/p>\n<p><img loading=\"lazy\" decoding=\"async\" class=\"wp-image-60761 size-full aligncenter\" src=\"https:\/\/www.radiopiu.net\/wordpress\/wp-content\/uploads\/2018\/09\/sport.jpg\" alt=\"\" width=\"800\" height=\"100\" srcset=\"https:\/\/www.radiopiu.net\/wordpress\/wp-content\/uploads\/2018\/09\/sport.jpg 800w, https:\/\/www.radiopiu.net\/wordpress\/wp-content\/uploads\/2018\/09\/sport-300x38.jpg 300w, https:\/\/www.radiopiu.net\/wordpress\/wp-content\/uploads\/2018\/09\/sport-768x96.jpg 768w\" sizes=\"auto, (max-width: 800px) 100vw, 800px\" \/><\/p>\n<p>&nbsp;<\/p>\n<p><span style=\"color: #0000ff;\"><strong>SNOWBOARD<\/strong><\/span><\/p>\n<blockquote>\n<h3>UN LUNGA PAUSA PER LUCIA DALMASSO CHE TORNERA&#8217; IN PISTA IN POLONIA. CANCELATA LA TAPPA CANADESE<\/h3>\n<\/blockquote>\n<p><strong><a class=\"dt-pswp-item\" href=\"https:\/\/www.radiopiu.net\/wordpress\/wp-content\/uploads\/2022\/01\/934ed186-f1eb-4bee-a1c4-dae328874085.jpg\" data-dt-img-description=\"\" data-large_image_width=\"1080\" data-large_image_height=\"720\"><img loading=\"lazy\" decoding=\"async\" class=\" wp-image-256452 alignleft\" src=\"https:\/\/www.radiopiu.net\/wordpress\/wp-content\/uploads\/2022\/01\/934ed186-f1eb-4bee-a1c4-dae328874085-300x200.jpg\" alt=\"\" width=\"183\" height=\"122\" srcset=\"https:\/\/www.radiopiu.net\/wordpress\/wp-content\/uploads\/2022\/01\/934ed186-f1eb-4bee-a1c4-dae328874085-300x200.jpg 300w, https:\/\/www.radiopiu.net\/wordpress\/wp-content\/uploads\/2022\/01\/934ed186-f1eb-4bee-a1c4-dae328874085-1024x683.jpg 1024w, https:\/\/www.radiopiu.net\/wordpress\/wp-content\/uploads\/2022\/01\/934ed186-f1eb-4bee-a1c4-dae328874085-768x512.jpg 768w, https:\/\/www.radiopiu.net\/wordpress\/wp-content\/uploads\/2022\/01\/934ed186-f1eb-4bee-a1c4-dae328874085.jpg 1080w\" sizes=\"auto, (max-width: 183px) 100vw, 183px\" \/><\/a>di Marco Gaz<\/strong><\/p>\n<p><strong>REDAZIONE<\/strong> Continua l&#8217;avventura in Coppa Del Mondo di Snowboard per Lucia Dalmasso. In questi giorni era in programma la tappa in Canada ma la federazione \u00e8 stata costretta a cancellare l&#8217;appuntamento che vedeva impegnati gli atleti per due giorni. Archiviata la trasferta in Nord America, la Dalmasso si sta preparando per il prossimo appuntamento in Coppa Del Mondo che sar\u00e0 il 24 e 25 febbraio a Krynica in Polonia. La falcadina in questo momento si trova al quarto posto in graduatoria con 462 punti, a sole 20 lunghezze dal terzo posto occupato dalla giapponese Miki. Fino ad ora una stagione da incorniciare per Lucia Dalmasso che ha vinto a Scul in Svizzera e chiuso al secondo posto nelle tappe di Cortina e Davos.<\/p>\n<p>&nbsp;<\/p>\n<p><span style=\"color: #0000ff;\"><strong>SCI-FONDO<\/strong><\/span><\/p>\n<blockquote>\n<h3>SCI DI FONDO, COPPA ITALIA I CONVOCATI PER LE GARE DI DOBBIACO E CASIES<\/h3>\n<\/blockquote>\n<p><img loading=\"lazy\" decoding=\"async\" class=\"alignleft\" src=\"https:\/\/www.radiopiu.net\/wordpress\/wp-content\/uploads\/2024\/01\/vanessa-cagnati-sappada-17-dic-2023-Copia.jpg\" width=\"264\" height=\"176\" \/>Nel fine settimana a Dobbiaco e in Val Casies (Bolzano) si svolger\u00e0 una due giorni della Coppa Italia Giovani di fondo. Sabato 17 si disputer\u00e0 la 10 km skating, domenica 18 la gran fondo Val Casies, che prevede una 30 km tl mass start (per i Senior sar\u00e0 di 42). Questa la squadra del comitato presente nelle localit\u00e0 altoatesine: Anna Morandini (Ski College), Vanessa Dallago (Cortina), Gemma Dandrea (Cortina), Vanessa Cagnati (Val Biois,\u00a0<em>foto<\/em>), Caterina Milani (Val Biois), Maddalena Ruiz (Ski College), Sara Bordin (Ski College), Roberta Cenci (Gallio), Elisa Frigo (2 A Asiago), Fabio Soravia (Ski College), Edoardo Trombetta (Ski College), Dante Barp (Val Biois), Alex Rossi (Val Biois), Diego Debertolis (Val Biois), Gabriele De Zolt (Gallio), Marco Gaudenzio (Orsago), Davide Battagini (Bosco), Federico Milani (Val Biois). Oltre ai convocati della squadra regionale parteciperanno anche 18 atleti di club. I tecnici sono Gianluca Lorenzini, Alberto Pertile, Omar Genuin e Mirco Pezzo. Collaboratrice Jessica Brandstetter.<\/p>\n<p>fonte fisiveneto.com<\/p>\n<p>&nbsp;<\/p>\n<p><span style=\"color: #0000ff;\"><strong>BIATHLON<\/strong><\/span><\/p>\n<p>&nbsp;<\/p>\n<blockquote>\n<h1><a class=\"dt-pswp-item\" href=\"https:\/\/www.radiopiu.net\/wordpress\/wp-content\/uploads\/2020\/02\/vittozzi-ANTERSELVA-2020.jpg\" data-dt-img-description=\"\" data-large_image_width=\"738\" data-large_image_height=\"462\"><img loading=\"lazy\" decoding=\"async\" class=\"wp-image-117563 alignleft\" src=\"https:\/\/www.radiopiu.net\/wordpress\/wp-content\/uploads\/2020\/02\/vittozzi-ANTERSELVA-2020-300x188.jpg\" alt=\"\" width=\"152\" height=\"95\" srcset=\"https:\/\/www.radiopiu.net\/wordpress\/wp-content\/uploads\/2020\/02\/vittozzi-ANTERSELVA-2020-300x188.jpg 300w, https:\/\/www.radiopiu.net\/wordpress\/wp-content\/uploads\/2020\/02\/vittozzi-ANTERSELVA-2020.jpg 738w\" sizes=\"auto, (max-width: 152px) 100vw, 152px\" \/><\/a>FANTASTICA VITTOZZI, TERZA MEDAGLIA<\/h1>\n<\/blockquote>\n<p><strong>PER LE TRE RADIO BARBARA PAOLAZZI<\/strong><\/p>\n<audio class=\"wp-audio-shortcode\" id=\"audio-374698-19\" preload=\"none\" style=\"width: 100%;\" controls=\"controls\"><source type=\"audio\/mpeg\" src=\"https:\/\/www.radiopiu.net\/wordpress\/wp-content\/uploads\/2024\/02\/VITOZZI-BARBARA.mp3?_=19\" \/><a href=\"https:\/\/www.radiopiu.net\/wordpress\/wp-content\/uploads\/2024\/02\/VITOZZI-BARBARA.mp3\">https:\/\/www.radiopiu.net\/wordpress\/wp-content\/uploads\/2024\/02\/VITOZZI-BARBARA.mp3<\/a><\/audio>\n<p>&nbsp;<\/p>\n<p>&nbsp;<\/p>\n<p><span style=\"color: #0000ff;\"><strong>PALLAVOLO<\/strong><\/span><\/p>\n<blockquote>\n<h3>BELLUNO VOLLEY PRONTO PER LA SFIDA CON I DIAVOLI ROSA<\/h3>\n<\/blockquote>\n<p><strong><a class=\"dt-pswp-item\" href=\"https:\/\/www.radiopiu.net\/wordpress\/wp-content\/uploads\/2024\/02\/Un_frammenento_del_match_di_andata.jpg\" data-dt-img-description=\"\" data-large_image_width=\"2048\" data-large_image_height=\"1365\"><img loading=\"lazy\" decoding=\"async\" class=\" wp-image-374721 alignleft\" src=\"https:\/\/www.radiopiu.net\/wordpress\/wp-content\/uploads\/2024\/02\/Un_frammenento_del_match_di_andata-300x200.jpg\" alt=\"\" width=\"135\" height=\"90\" srcset=\"https:\/\/www.radiopiu.net\/wordpress\/wp-content\/uploads\/2024\/02\/Un_frammenento_del_match_di_andata-300x200.jpg 300w, https:\/\/www.radiopiu.net\/wordpress\/wp-content\/uploads\/2024\/02\/Un_frammenento_del_match_di_andata-1024x683.jpg 1024w, https:\/\/www.radiopiu.net\/wordpress\/wp-content\/uploads\/2024\/02\/Un_frammenento_del_match_di_andata-768x512.jpg 768w, https:\/\/www.radiopiu.net\/wordpress\/wp-content\/uploads\/2024\/02\/Un_frammenento_del_match_di_andata-1536x1024.jpg 1536w, https:\/\/www.radiopiu.net\/wordpress\/wp-content\/uploads\/2024\/02\/Un_frammenento_del_match_di_andata.jpg 2048w\" sizes=\"auto, (max-width: 135px) 100vw, 135px\" \/><\/a>BELLUNO<\/strong> Il Belluno Volley affronta la sfida contro i Diavoli Rosa della Gamma Chimica, una squadra giovane e determinata. L&#8217;assistente tecnico, Roberto Malaguti, avverte che gli avversari vorranno riscattare la sconfitta precedente. La Gamma Chimica \u00e8 una squadra promettente con un ottimo settore giovanile. Malaguti elogia le individualit\u00e0. La partita si preannuncia impegnativa, ma il Belluno Volley \u00e8 pronto a dare il massimo per mantenere la sua posizione di vertice in classifica.<\/p>\n<p>&nbsp;<\/p>\n<p>&nbsp;<\/p>\n<hr \/>\n<p>&nbsp;<\/p>\n","protected":false},"excerpt":{"rendered":"<p>***** &nbsp; &nbsp; 40esimo di RADIOPIU\u2026. LA VOCE DELL\u2019EMOZIONE ISCRIVITI AL NOSTRO CANALE\u00a0\u00a0YOUTUBE PER SEGUIRE IN DIRETTA I PRINCIPALI PROGRAMMI DI RADIO PIU\u2019 E LE FUTURE DIRETTE IN ESTERNA. PER ISCRIVERTI CLICCA QUI\u00a0E PREMI\u00a0 \u201cIscriviti\u201d\u00a0 \u00a0 OGGI ALLA RADIO: ALLE 7 LA RASSEGNA STAMPA LOCALE FLASH, PER CHI COME NOI ALLE SETTE DEL MATTINO VA&hellip;<\/p>\n","protected":false},"author":4,"featured_media":374752,"comment_status":"closed","ping_status":"closed","sticky":false,"template":"","format":"standard","meta":{"_monsterinsights_skip_tracking":false,"_monsterinsights_sitenote_active":false,"_monsterinsights_sitenote_note":"","_monsterinsights_sitenote_category":0,"footnotes":""},"categories":[51,86,49],"tags":[],"class_list":["post-374698","post","type-post","status-publish","format-standard","has-post-thumbnail","hentry","category-evidenza-top","category-gr","category-news-18","category-51","category-86","category-49","description-off"],"img_url":"https:\/\/www.radiopiu.net\/wordpress\/wp-content\/uploads\/2024\/02\/WhatsApp-Image-2024-02-15-at-10.41.02-2.jpeg","_links":{"self":[{"href":"https:\/\/www.radiopiu.net\/wordpress\/wp-json\/wp\/v2\/posts\/374698","targetHints":{"allow":["GET"]}}],"collection":[{"href":"https:\/\/www.radiopiu.net\/wordpress\/wp-json\/wp\/v2\/posts"}],"about":[{"href":"https:\/\/www.radiopiu.net\/wordpress\/wp-json\/wp\/v2\/types\/post"}],"author":[{"embeddable":true,"href":"https:\/\/www.radiopiu.net\/wordpress\/wp-json\/wp\/v2\/users\/4"}],"replies":[{"embeddable":true,"href":"https:\/\/www.radiopiu.net\/wordpress\/wp-json\/wp\/v2\/comments?post=374698"}],"version-history":[{"count":0,"href":"https:\/\/www.radiopiu.net\/wordpress\/wp-json\/wp\/v2\/posts\/374698\/revisions"}],"wp:featuredmedia":[{"embeddable":true,"href":"https:\/\/www.radiopiu.net\/wordpress\/wp-json\/wp\/v2\/media\/374752"}],"wp:attachment":[{"href":"https:\/\/www.radiopiu.net\/wordpress\/wp-json\/wp\/v2\/media?parent=374698"}],"wp:term":[{"taxonomy":"category","embeddable":true,"href":"https:\/\/www.radiopiu.net\/wordpress\/wp-json\/wp\/v2\/categories?post=374698"},{"taxonomy":"post_tag","embeddable":true,"href":"https:\/\/www.radiopiu.net\/wordpress\/wp-json\/wp\/v2\/tags?post=374698"}],"curies":[{"name":"wp","href":"https:\/\/api.w.org\/{rel}","templated":true}]}}