{"id":374759,"date":"2024-02-15T15:36:16","date_gmt":"2024-02-15T14:36:16","guid":{"rendered":"https:\/\/www.radiopiu.net\/wordpress\/?p=374759"},"modified":"2024-02-15T15:38:17","modified_gmt":"2024-02-15T14:38:17","slug":"sci-di-fondo-coppa-italia-i-convocati-per-le-gare-di-dobbiaco-e-casies","status":"publish","type":"post","link":"https:\/\/www.radiopiu.net\/wordpress\/sci-di-fondo-coppa-italia-i-convocati-per-le-gare-di-dobbiaco-e-casies\/","title":{"rendered":"SCI DI FONDO, COPPA ITALIA I CONVOCATI PER LE GARE DI DOBBIACO E CASIES"},"content":{"rendered":"<p>\u00a7\u00a7<\/p>\n<p>&nbsp;<\/p>\n<p>&nbsp;<\/p>\n<p><img loading=\"lazy\" decoding=\"async\" class=\"alignleft\" src=\"https:\/\/www.radiopiu.net\/wordpress\/wp-content\/uploads\/2024\/01\/vanessa-cagnati-sappada-17-dic-2023-Copia.jpg\" width=\"264\" height=\"176\" \/>Nel fine settimana a Dobbiaco e in Val Casies (Bolzano) si svolger\u00e0 una due giorni della Coppa Italia Giovani di fondo. Sabato 17 si disputer\u00e0 la 10 km skating, domenica 18 la gran fondo Val Casies, che prevede una 30 km tl mass start (per i Senior sar\u00e0 di 42). Questa la squadra del comitato presente nelle localit\u00e0 altoatesine: Anna Morandini (Ski College), Vanessa Dallago (Cortina), Gemma Dandrea (Cortina), Vanessa Cagnati (Val Biois,\u00a0<em>foto<\/em>), Caterina Milani (Val Biois), Maddalena Ruiz (Ski College), Sara Bordin (Ski College), Roberta Cenci (Gallio), Elisa Frigo (2 A Asiago), Fabio Soravia (Ski College), Edoardo Trombetta (Ski College), Dante Barp (Val Biois), Alex Rossi (Val Biois), Diego Debertolis (Val Biois), Gabriele De Zolt (Gallio), Marco Gaudenzio (Orsago), Davide Battagini (Bosco), Federico Milani (Val Biois). Oltre ai convocati della squadra regionale parteciperanno anche 18 atleti di club. I tecnici sono Gianluca Lorenzini, Alberto Pertile, Omar Genuin e Mirco Pezzo. Collaboratrice Jessica Brandstetter.<\/p>\n<p>fonte fisiveneto.com<\/p>\n<p>&nbsp;<\/p>\n","protected":false},"excerpt":{"rendered":"<p>\u00a7\u00a7 &nbsp; &nbsp; Nel fine settimana a Dobbiaco e in Val Casies (Bolzano) si svolger\u00e0 una due giorni della Coppa Italia Giovani di fondo. Sabato 17 si disputer\u00e0 la 10 km skating, domenica 18 la gran fondo Val Casies, che prevede una 30 km tl mass start (per i Senior sar\u00e0 di 42). Questa la&hellip;<\/p>\n","protected":false},"author":4,"featured_media":369109,"comment_status":"closed","ping_status":"closed","sticky":false,"template":"","format":"standard","meta":{"_monsterinsights_skip_tracking":false,"_monsterinsights_sitenote_active":false,"_monsterinsights_sitenote_note":"","_monsterinsights_sitenote_category":0,"footnotes":""},"categories":[49],"tags":[],"class_list":["post-374759","post","type-post","status-publish","format-standard","has-post-thumbnail","hentry","category-news-18","category-49","description-off"],"img_url":"https:\/\/www.radiopiu.net\/wordpress\/wp-content\/uploads\/2024\/01\/vanessa-cagnati-sappada-17-dic-2023-Copia.jpg","_links":{"self":[{"href":"https:\/\/www.radiopiu.net\/wordpress\/wp-json\/wp\/v2\/posts\/374759","targetHints":{"allow":["GET"]}}],"collection":[{"href":"https:\/\/www.radiopiu.net\/wordpress\/wp-json\/wp\/v2\/posts"}],"about":[{"href":"https:\/\/www.radiopiu.net\/wordpress\/wp-json\/wp\/v2\/types\/post"}],"author":[{"embeddable":true,"href":"https:\/\/www.radiopiu.net\/wordpress\/wp-json\/wp\/v2\/users\/4"}],"replies":[{"embeddable":true,"href":"https:\/\/www.radiopiu.net\/wordpress\/wp-json\/wp\/v2\/comments?post=374759"}],"version-history":[{"count":0,"href":"https:\/\/www.radiopiu.net\/wordpress\/wp-json\/wp\/v2\/posts\/374759\/revisions"}],"wp:featuredmedia":[{"embeddable":true,"href":"https:\/\/www.radiopiu.net\/wordpress\/wp-json\/wp\/v2\/media\/369109"}],"wp:attachment":[{"href":"https:\/\/www.radiopiu.net\/wordpress\/wp-json\/wp\/v2\/media?parent=374759"}],"wp:term":[{"taxonomy":"category","embeddable":true,"href":"https:\/\/www.radiopiu.net\/wordpress\/wp-json\/wp\/v2\/categories?post=374759"},{"taxonomy":"post_tag","embeddable":true,"href":"https:\/\/www.radiopiu.net\/wordpress\/wp-json\/wp\/v2\/tags?post=374759"}],"curies":[{"name":"wp","href":"https:\/\/api.w.org\/{rel}","templated":true}]}}