{"id":374785,"date":"2024-02-16T05:38:54","date_gmt":"2024-02-16T04:38:54","guid":{"rendered":"https:\/\/www.radiopiu.net\/wordpress\/?p=374785"},"modified":"2024-02-16T05:45:45","modified_gmt":"2024-02-16T04:45:45","slug":"ripensare-la-mobilita-nellagordino-unanalisi-per-il-futuro","status":"publish","type":"post","link":"https:\/\/www.radiopiu.net\/wordpress\/ripensare-la-mobilita-nellagordino-unanalisi-per-il-futuro\/","title":{"rendered":"Ripensare la Mobilit\u00e0 nell&#8217;Agordino: Un&#8217;Analisi per il Futuro"},"content":{"rendered":"<blockquote>\n<h1>***<\/h1>\n<p>&nbsp;<\/p><\/blockquote>\n<p><strong><a class=\"dt-pswp-item\" href=\"https:\/\/www.radiopiu.net\/wordpress\/wp-content\/uploads\/2019\/04\/agordo-cambia_page-0001.jpg\" data-dt-img-description=\"\" data-large_image_width=\"1241\" data-large_image_height=\"1754\"><img loading=\"lazy\" decoding=\"async\" class=\" wp-image-82645 alignleft\" src=\"https:\/\/www.radiopiu.net\/wordpress\/wp-content\/uploads\/2019\/04\/agordo-cambia_page-0001-212x300.jpg\" alt=\"\" width=\"133\" height=\"188\" srcset=\"https:\/\/www.radiopiu.net\/wordpress\/wp-content\/uploads\/2019\/04\/agordo-cambia_page-0001-212x300.jpg 212w, https:\/\/www.radiopiu.net\/wordpress\/wp-content\/uploads\/2019\/04\/agordo-cambia_page-0001-768x1085.jpg 768w, https:\/\/www.radiopiu.net\/wordpress\/wp-content\/uploads\/2019\/04\/agordo-cambia_page-0001-725x1024.jpg 725w, https:\/\/www.radiopiu.net\/wordpress\/wp-content\/uploads\/2019\/04\/agordo-cambia_page-0001.jpg 1241w\" sizes=\"auto, (max-width: 133px) 100vw, 133px\" \/><\/a>AGORDO<\/strong> <em>&#8220;Quando si riflette sul futuro delle vallate, specie ad Agordo, \u00e8 cruciale guardare avanti considerando i prossimi 10\/15 anni o pi\u00f9. L&#8217;idea che il traffico possa risolversi aumentando le auto \u00e8 antiquata e contrasta con gli orientamenti europei. Aumentare i parcheggi cementerebbe il territorio e promuoverebbe un uso sempre maggiore dell&#8217;auto, alimentando una spirale senza fine. Invece, dovremmo promuovere l&#8217;uso dei mezzi pubblici, specialmente per i pendolari, riducendo cos\u00ec il traffico veicolare e migliorando la qualit\u00e0 della vita&#8221;.<\/em> Lo dice a nome di Agordo Cambia, Paolo Selva Moretti, <a class=\"dt-pswp-item\" href=\"https:\/\/www.radiopiu.net\/wordpress\/wp-content\/uploads\/2019\/05\/AGORDO-PAOLO-SELVA-MORETTI.jpeg\" data-dt-img-description=\"\" data-large_image_width=\"1024\" data-large_image_height=\"951\"><img loading=\"lazy\" decoding=\"async\" class=\"wp-image-86459 alignright\" src=\"https:\/\/www.radiopiu.net\/wordpress\/wp-content\/uploads\/2019\/05\/AGORDO-PAOLO-SELVA-MORETTI-300x279.jpeg\" alt=\"\" width=\"143\" height=\"133\" srcset=\"https:\/\/www.radiopiu.net\/wordpress\/wp-content\/uploads\/2019\/05\/AGORDO-PAOLO-SELVA-MORETTI-300x279.jpeg 300w, https:\/\/www.radiopiu.net\/wordpress\/wp-content\/uploads\/2019\/05\/AGORDO-PAOLO-SELVA-MORETTI-768x713.jpeg 768w, https:\/\/www.radiopiu.net\/wordpress\/wp-content\/uploads\/2019\/05\/AGORDO-PAOLO-SELVA-MORETTI.jpeg 1024w\" sizes=\"auto, (max-width: 143px) 100vw, 143px\" \/><\/a>che a primavera molto probabilmente riproporr\u00e0 la sua candidatura a sindaco come 5 anni fa, ad Agordo infatti si prospetta un seconda sfida Chissal\u00e8-Selva. Sempre in tema con la viabilit\u00e0 a proposito della\u00a0 passerella sul Cordevole e l&#8217;uso condiviso dell&#8217;auto, Selva \u00e8 convinto che\u00a0 non risolveranno i problemi dei lavoratori Luxottica e della carenza di parcheggi. <em>&#8220;L&#8217;uso condiviso\u00a0 dell&#8217;auto \u00e8 pi\u00f9 utopistico del progetto ferroviario &#8211; dice il consigliere comunale &#8211; eventuali parcheggi, distribuiti su pi\u00f9 comuni, potrebbero essere un&#8217;opportunit\u00e0 per mantenere i posti di lavoro. Inoltre, il collegamento con l&#8217;aeroporto di Venezia potrebbe favorire lo sviluppo economico e migliorare la mobilit\u00e0.\u00c8 necessario ripensare l&#8217;offerta dei mezzi pubblici, attualmente inadeguata, per soddisfare le esigenze di lavoratori, studenti e turisti&#8221;.<\/em> Immancabile il tema del collegamento ferroviario con la Valbelluna <em>&#8220;Potrebbe essere una soluzione futura &#8211; conclude Selva &#8211;\u00a0 La 203 Agordina dovrebbe essere migliorata, riducendo le curve e allontanandola dalle pareti rocciose per motivi di sicurezza. In definitiva, \u00e8 essenziale riflettere sul futuro dell&#8217;Agordino e pianificare la mobilit\u00e0 per i prossimi 10\/15 anni, prendendo in considerazione le esigenze della comunit\u00e0 e delle imprese&#8221;.<\/em><\/p>\n<p>**<\/p>\n","protected":false},"excerpt":{"rendered":"<p>*** &nbsp; AGORDO &#8220;Quando si riflette sul futuro delle vallate, specie ad Agordo, \u00e8 cruciale guardare avanti considerando i prossimi 10\/15 anni o pi\u00f9. L&#8217;idea che il traffico possa risolversi aumentando le auto \u00e8 antiquata e contrasta con gli orientamenti europei. Aumentare i parcheggi cementerebbe il territorio e promuoverebbe un uso sempre maggiore dell&#8217;auto, alimentando&hellip;<\/p>\n","protected":false},"author":4,"featured_media":82645,"comment_status":"closed","ping_status":"closed","sticky":false,"template":"","format":"standard","meta":{"_monsterinsights_skip_tracking":false,"_monsterinsights_sitenote_active":false,"_monsterinsights_sitenote_note":"","_monsterinsights_sitenote_category":0,"footnotes":""},"categories":[51,49],"tags":[],"class_list":["post-374785","post","type-post","status-publish","format-standard","has-post-thumbnail","hentry","category-evidenza-top","category-news-18","category-51","category-49","description-off"],"img_url":"https:\/\/www.radiopiu.net\/wordpress\/wp-content\/uploads\/2019\/04\/agordo-cambia_page-0001.jpg","_links":{"self":[{"href":"https:\/\/www.radiopiu.net\/wordpress\/wp-json\/wp\/v2\/posts\/374785","targetHints":{"allow":["GET"]}}],"collection":[{"href":"https:\/\/www.radiopiu.net\/wordpress\/wp-json\/wp\/v2\/posts"}],"about":[{"href":"https:\/\/www.radiopiu.net\/wordpress\/wp-json\/wp\/v2\/types\/post"}],"author":[{"embeddable":true,"href":"https:\/\/www.radiopiu.net\/wordpress\/wp-json\/wp\/v2\/users\/4"}],"replies":[{"embeddable":true,"href":"https:\/\/www.radiopiu.net\/wordpress\/wp-json\/wp\/v2\/comments?post=374785"}],"version-history":[{"count":0,"href":"https:\/\/www.radiopiu.net\/wordpress\/wp-json\/wp\/v2\/posts\/374785\/revisions"}],"wp:featuredmedia":[{"embeddable":true,"href":"https:\/\/www.radiopiu.net\/wordpress\/wp-json\/wp\/v2\/media\/82645"}],"wp:attachment":[{"href":"https:\/\/www.radiopiu.net\/wordpress\/wp-json\/wp\/v2\/media?parent=374785"}],"wp:term":[{"taxonomy":"category","embeddable":true,"href":"https:\/\/www.radiopiu.net\/wordpress\/wp-json\/wp\/v2\/categories?post=374785"},{"taxonomy":"post_tag","embeddable":true,"href":"https:\/\/www.radiopiu.net\/wordpress\/wp-json\/wp\/v2\/tags?post=374785"}],"curies":[{"name":"wp","href":"https:\/\/api.w.org\/{rel}","templated":true}]}}