{"id":374831,"date":"2024-02-16T08:05:32","date_gmt":"2024-02-16T07:05:32","guid":{"rendered":"https:\/\/www.radiopiu.net\/wordpress\/?p=374831"},"modified":"2024-02-16T08:05:32","modified_gmt":"2024-02-16T07:05:32","slug":"gioia-sacchet-si-candida-a-sindaco-di-sedico","status":"publish","type":"post","link":"https:\/\/www.radiopiu.net\/wordpress\/gioia-sacchet-si-candida-a-sindaco-di-sedico\/","title":{"rendered":"GIOIA SACCHET SI CANDIDA A SINDACO DI SEDICO"},"content":{"rendered":"<p>*****<\/p>\n<p>&nbsp;<\/p>\n<p><strong><a class=\"dt-pswp-item\" href=\"https:\/\/www.radiopiu.net\/wordpress\/wp-content\/uploads\/2024\/02\/2c5b2e1f-818d-46e9-8a4a-df25f2ea4612.jpg\" data-dt-img-description=\"\" data-large_image_width=\"300\" data-large_image_height=\"168\"><img loading=\"lazy\" decoding=\"async\" class=\" wp-image-374832 alignleft\" src=\"https:\/\/www.radiopiu.net\/wordpress\/wp-content\/uploads\/2024\/02\/2c5b2e1f-818d-46e9-8a4a-df25f2ea4612.jpg\" alt=\"\" width=\"189\" height=\"106\" \/><\/a>SEDICO<\/strong> La vicesindaco di Sedico Gioia Sacchet ha deciso: scender\u00e0 in campo alle prossime comunali con una lista tutta sua. &#8221; A conferma del percorso che ho intrapreso con entusiasmo 10 anni fa, rinnovando il mio personale impegno per la meravigliosa Comunit\u00e0 in cui vivo, in favore dello sviluppo sociale e sostenibile del nostro territorio, ho deciso di scendere in campo in prima persona candidandomi a Sindaco del Comune di Sedico. Questa scelta rappresenta per me un ulteriore importante passo. &#8211; dice Gioia Sacchet &#8211;\u00a0 Desidero, quindi, provare a proseguire la mia avventura amministrativa rinnovando la mia personale dedizione al territorio e all\u2019importante realt\u00e0 Sedicense, mettendomi a disposizione dei miei concittadini, non solo con la passione, l\u2019energia, la freschezza e la determinazione che ho sempre voluto portare nel mio operato, ma anche in un nuovo ruolo che vorrei svolgere come guida di un gruppo, consapevole dell\u2019apporto conseguente all\u2019esperienza diretta maturata in questi 2 mandati. Credo fermamente che il Comune siamo noi, noi tutti cittadini che in prima persona possiamo fare la differenza, per questo intraprendo questo percorso ancora pi\u00f9 aperta a nuove idee e programmi volti a migliorare e sviluppare la nostra realt\u00e0. Sar\u00f2 felice di chi vorr\u00e0 sostenere questo nuovo progetto anche attraverso la propria personale disponibilit\u00e0 diretta ed indiretta&#8221;<\/p>\n<p>&nbsp;<\/p>\n<p>&nbsp;<\/p>\n<p>******<\/p>\n","protected":false},"excerpt":{"rendered":"<p>***** &nbsp; SEDICO La vicesindaco di Sedico Gioia Sacchet ha deciso: scender\u00e0 in campo alle prossime comunali con una lista tutta sua. &#8221; A conferma del percorso che ho intrapreso con entusiasmo 10 anni fa, rinnovando il mio personale impegno per la meravigliosa Comunit\u00e0 in cui vivo, in favore dello sviluppo sociale e sostenibile del&hellip;<\/p>\n","protected":false},"author":4,"featured_media":374832,"comment_status":"closed","ping_status":"closed","sticky":false,"template":"","format":"standard","meta":{"_monsterinsights_skip_tracking":false,"_monsterinsights_sitenote_active":false,"_monsterinsights_sitenote_note":"","_monsterinsights_sitenote_category":0,"footnotes":""},"categories":[49],"tags":[],"class_list":["post-374831","post","type-post","status-publish","format-standard","has-post-thumbnail","hentry","category-news-18","category-49","description-off"],"img_url":"https:\/\/www.radiopiu.net\/wordpress\/wp-content\/uploads\/2024\/02\/2c5b2e1f-818d-46e9-8a4a-df25f2ea4612.jpg","_links":{"self":[{"href":"https:\/\/www.radiopiu.net\/wordpress\/wp-json\/wp\/v2\/posts\/374831","targetHints":{"allow":["GET"]}}],"collection":[{"href":"https:\/\/www.radiopiu.net\/wordpress\/wp-json\/wp\/v2\/posts"}],"about":[{"href":"https:\/\/www.radiopiu.net\/wordpress\/wp-json\/wp\/v2\/types\/post"}],"author":[{"embeddable":true,"href":"https:\/\/www.radiopiu.net\/wordpress\/wp-json\/wp\/v2\/users\/4"}],"replies":[{"embeddable":true,"href":"https:\/\/www.radiopiu.net\/wordpress\/wp-json\/wp\/v2\/comments?post=374831"}],"version-history":[{"count":0,"href":"https:\/\/www.radiopiu.net\/wordpress\/wp-json\/wp\/v2\/posts\/374831\/revisions"}],"wp:featuredmedia":[{"embeddable":true,"href":"https:\/\/www.radiopiu.net\/wordpress\/wp-json\/wp\/v2\/media\/374832"}],"wp:attachment":[{"href":"https:\/\/www.radiopiu.net\/wordpress\/wp-json\/wp\/v2\/media?parent=374831"}],"wp:term":[{"taxonomy":"category","embeddable":true,"href":"https:\/\/www.radiopiu.net\/wordpress\/wp-json\/wp\/v2\/categories?post=374831"},{"taxonomy":"post_tag","embeddable":true,"href":"https:\/\/www.radiopiu.net\/wordpress\/wp-json\/wp\/v2\/tags?post=374831"}],"curies":[{"name":"wp","href":"https:\/\/api.w.org\/{rel}","templated":true}]}}