{"id":374912,"date":"2024-02-17T05:21:49","date_gmt":"2024-02-17T04:21:49","guid":{"rendered":"https:\/\/www.radiopiu.net\/wordpress\/?p=374912"},"modified":"2024-02-17T05:32:38","modified_gmt":"2024-02-17T04:32:38","slug":"sostenibilita-demografica-e-territorio-un-caso-aperto","status":"publish","type":"post","link":"https:\/\/www.radiopiu.net\/wordpress\/sostenibilita-demografica-e-territorio-un-caso-aperto\/","title":{"rendered":"SOSTENIBILITA\u2019 DEMOGRAFICA E TERRITORIO: UN CASO APERTO"},"content":{"rendered":"<blockquote>\n<h2><\/h2>\n<\/blockquote>\n<p><strong><a class=\"dt-pswp-item\" href=\"https:\/\/www.radiopiu.net\/wordpress\/wp-content\/uploads\/2021\/10\/th-16.jpg\" data-dt-img-description=\"\" data-large_image_width=\"251\" data-large_image_height=\"184\"><img loading=\"lazy\" decoding=\"async\" class=\"size-full wp-image-237607 alignleft\" src=\"https:\/\/www.radiopiu.net\/wordpress\/wp-content\/uploads\/2021\/10\/th-16.jpg\" alt=\"\" width=\"251\" height=\"184\" \/><\/a>TREVISO_BELLUNO<\/strong> L&#8217;Osservatorio Economico Sociale di Treviso e Belluno ha condotto una ricerca sulle proiezioni demografiche al 2031, evidenziando impatti differenziati nei comuni sui servizi scolastici, sul lavoro e sull&#8217;assistenza agli anziani. Il demografo Andrea Mamprin ha presentato i dati, con interventi di esperti e autorit\u00e0 locali. Le proiezioni indicano una diminuzione della popolazione regionale di circa 46.000 persone entro il 2031, con un saldo migratorio che contrasta il declino. Tuttavia, tale declino sarebbe pi\u00f9 grave senza l&#8217;apporto dei migranti, evidenziando la necessit\u00e0 di gestire tali flussi in modo efficace per l&#8217;inclusione lavorativa. In provincia di Treviso, si prevede una perdita di circa 4.800 abitanti, con aree come il vittoriese e il coneglianese pi\u00f9 colpite. L&#8217;invecchiamento della popolazione e la diminuzione dei nati si tradurranno in cambiamenti significativi nei servizi, come la riduzione degli alunni nelle scuole primarie e medie e un aumento della popolazione anziana. Queste tendenze influenzeranno anche il mercato del lavoro, con una riduzione prevista di circa 23.200 residenti in et\u00e0 lavorativa entro il 2031. Il Presidente della Camera di Commercio Treviso-Belluno, Mario Pozza, sottolinea la necessit\u00e0 di adattarsi a questi cambiamenti, migliorando l&#8217;attrattivit\u00e0 per i giovani talenti e rivedendo le logiche di sussidiariet\u00e0 nei servizi sociali. Il Presidente dell&#8217;Osservatorio, Ivo Nardi, enfatizza l&#8217;importanza della ricerca e dell&#8217;azione immediata per affrontare le sfide demografiche e garantire lo sviluppo economico e sociale delle province<\/p>\n<p>&nbsp;<\/p>\n<p>&nbsp;<\/p>\n<p>&nbsp;<\/p>\n<hr \/>\n<p>&nbsp;<\/p>\n","protected":false},"excerpt":{"rendered":"<p>TREVISO_BELLUNO L&#8217;Osservatorio Economico Sociale di Treviso e Belluno ha condotto una ricerca sulle proiezioni demografiche al 2031, evidenziando impatti differenziati nei comuni sui servizi scolastici, sul lavoro e sull&#8217;assistenza agli anziani. Il demografo Andrea Mamprin ha presentato i dati, con interventi di esperti e autorit\u00e0 locali. Le proiezioni indicano una diminuzione della popolazione regionale di&hellip;<\/p>\n","protected":false},"author":4,"featured_media":237607,"comment_status":"closed","ping_status":"closed","sticky":false,"template":"","format":"standard","meta":{"_monsterinsights_skip_tracking":false,"_monsterinsights_sitenote_active":false,"_monsterinsights_sitenote_note":"","_monsterinsights_sitenote_category":0,"footnotes":""},"categories":[51,49],"tags":[],"class_list":["post-374912","post","type-post","status-publish","format-standard","has-post-thumbnail","hentry","category-evidenza-top","category-news-18","category-51","category-49","description-off"],"img_url":"https:\/\/www.radiopiu.net\/wordpress\/wp-content\/uploads\/2021\/10\/th-16.jpg","_links":{"self":[{"href":"https:\/\/www.radiopiu.net\/wordpress\/wp-json\/wp\/v2\/posts\/374912","targetHints":{"allow":["GET"]}}],"collection":[{"href":"https:\/\/www.radiopiu.net\/wordpress\/wp-json\/wp\/v2\/posts"}],"about":[{"href":"https:\/\/www.radiopiu.net\/wordpress\/wp-json\/wp\/v2\/types\/post"}],"author":[{"embeddable":true,"href":"https:\/\/www.radiopiu.net\/wordpress\/wp-json\/wp\/v2\/users\/4"}],"replies":[{"embeddable":true,"href":"https:\/\/www.radiopiu.net\/wordpress\/wp-json\/wp\/v2\/comments?post=374912"}],"version-history":[{"count":0,"href":"https:\/\/www.radiopiu.net\/wordpress\/wp-json\/wp\/v2\/posts\/374912\/revisions"}],"wp:featuredmedia":[{"embeddable":true,"href":"https:\/\/www.radiopiu.net\/wordpress\/wp-json\/wp\/v2\/media\/237607"}],"wp:attachment":[{"href":"https:\/\/www.radiopiu.net\/wordpress\/wp-json\/wp\/v2\/media?parent=374912"}],"wp:term":[{"taxonomy":"category","embeddable":true,"href":"https:\/\/www.radiopiu.net\/wordpress\/wp-json\/wp\/v2\/categories?post=374912"},{"taxonomy":"post_tag","embeddable":true,"href":"https:\/\/www.radiopiu.net\/wordpress\/wp-json\/wp\/v2\/tags?post=374912"}],"curies":[{"name":"wp","href":"https:\/\/api.w.org\/{rel}","templated":true}]}}