{"id":374971,"date":"2024-02-17T07:55:40","date_gmt":"2024-02-17T06:55:40","guid":{"rendered":"https:\/\/www.radiopiu.net\/wordpress\/?p=374971"},"modified":"2024-02-17T08:00:25","modified_gmt":"2024-02-17T07:00:25","slug":"dal-1983-anche-al-sabato-la-rassegna-stampa-locale-di-mirko-mezzacasa","status":"publish","type":"post","link":"https:\/\/www.radiopiu.net\/wordpress\/dal-1983-anche-al-sabato-la-rassegna-stampa-locale-di-mirko-mezzacasa\/","title":{"rendered":"dal 1983 anche al sabato&#8230; LA RASSEGNA STAMPA LOCALE DI MIRKO MEZZACASA"},"content":{"rendered":"<p>**<\/p>\n<p><iframe loading=\"lazy\" title=\"DAL 1983 LA RASSEGNA STAMPA LOCALE di mirko mezzacasa. L&#039;ORIGINALE\" width=\"1200\" height=\"675\" src=\"https:\/\/www.youtube.com\/embed\/61HTS8xk6W0?feature=oembed\" frameborder=\"0\" allow=\"accelerometer; autoplay; clipboard-write; encrypted-media; gyroscope; picture-in-picture; web-share\" allowfullscreen><\/iframe><\/p>\n<p><a class=\"dt-pswp-item\" href=\"https:\/\/www.radiopiu.net\/wordpress\/wp-content\/uploads\/2024\/02\/COPER-1.png\" data-dt-img-description=\"\" data-large_image_width=\"548\" data-large_image_height=\"286\"><img loading=\"lazy\" decoding=\"async\" class=\"size-medium wp-image-374972 alignleft\" src=\"https:\/\/www.radiopiu.net\/wordpress\/wp-content\/uploads\/2024\/02\/COPER-1-300x157.png\" alt=\"\" width=\"300\" height=\"157\" srcset=\"https:\/\/www.radiopiu.net\/wordpress\/wp-content\/uploads\/2024\/02\/COPER-1-300x157.png 300w, https:\/\/www.radiopiu.net\/wordpress\/wp-content\/uploads\/2024\/02\/COPER-1.png 548w\" sizes=\"auto, (max-width: 300px) 100vw, 300px\" \/><\/a><strong>IL NUOVO PROGRAMMA DI RADIO PIU\u2019\u2026 CON DARIO DE DONA\u2019 \u201cCELENTANO\u201d E LE SUE OTTUAGENARIE SELEZIONI, DA UN\u2019IDEA DI LUISA ALCHINI. IL SABATO E LA DOMENICA ALLE 12.15 DOPO IL LISCIO\u2026<\/strong><\/p>\n<p><strong>TAIBON<\/strong> nelle localit\u00e0 TAIBON CENTRO, VIA SAN LUCANO, VIA DANTE ALIGHIERI, VIA BRUSTOLON, VIA FOCH, VIA COL DI LANA e VIA DELLE SCUOLE l\u2019acqua erogata dall\u2019acquedotto non \u00e8 potabile e pu\u00f2 essere usata per scopi alimentari SOLO PREVIA bollitura. Verr\u00e0 effettuato servizio sostitutivo con la possibilit\u00e0 di ritirare dell\u2019 acqua in bottiglia presso l\u2019atrio del Municipio.<br \/>\n<strong>TREVISO<\/strong> \u00c8 stato rinvenuto in gravi condizioni, probabilmente a causa di un malore, il 72enne di Casier, Danilo Santuz, le cui ricerche erano in corso dall\u2019altra notte, dopo il mancato rientro da una camminata sul Pian dele Femene. Una squadra del Soccorso Alpino assieme a un\u2019unit\u00e0 cinofila lo ha rinvenuto fuori sentiero, al limite dell\u2019area boscata, vicino al Monte Cor. L\u2019uomo \u00e8 stato trasporato a Treviso in eliambulanza.<br \/>\n<strong>ARSIE<\/strong> \u201cUomo avvisato mezzo salvato\u201d: L\u2019autovelox di Arsi\u00e8 torner\u00e0 presto operativo, monitorando la velocit\u00e0 in entrambe le direzioni. Il Comune ha concluso la manutenzione. Si raccomanda di rispettare il limite di 90 km\/h.<br \/>\n<strong>CENCENIGHE,<\/strong> 203 AGORDINA IN SICUREZZA AL GHIRLO<\/p>\n<p>GIOIA SACCHET SI CANDIDA A SINDACO DI SEDICO<br \/>\n<strong>BELLUNO<\/strong> \u201cPalazzo Rosso \u00e8 da tempo al lavoro per coordinare eventi e iniziative olimpiche, e presto si vedranno i frutti\u201d: cos\u00ec l\u2019amministrazione comunale di Belluno replica alle accuse del Partito Democratico cittadino sull\u2019assenza del capoluogo nelle iniziative legate alle Olimpiadi di Milano Cortina 2026.<br \/>\n<strong>BELLUNO<\/strong> UNA LISTA CIVICA ALLE ELEZIONI PROVINCIALI<br \/>\n<strong>FALCADE<\/strong> DOPO LE DIMISSIONI A SORPRESA DI AXEL DE PELLEGRIN, BUON LAVORO A ILARIO TOMASELLI, IN CONSIGLIO COMUNALE DIMOSTRANDO RISPETTO PER CHI LO HA VOTATO<br \/>\n<strong>VENEZIA<\/strong> IN VENETO ORGANIZZAZIONE PER FAR FRONTE ALLA CARENZA DI MEDICI<br \/>\n<strong>VENEZIA<\/strong> Francesca Zottis (Pd) annuncia la conferma dell\u2019esenzione della tassa automobilistica regionale per veicoli che trasportano minori trapiantati. L\u2019iniziativa, avviata con un emendamento due anni fa, \u00e8 stata possibile grazie al lavoro delle associazioni \u2018Il sogno di Stefano OdV\u2019 e \u2018Sofia Onlus\u2019. Questo risultato rappresenta un importante passo verso l\u2019equit\u00e0 sociale dice la consigliera regionale<br \/>\n<strong>VENEZIA<\/strong> TAVOLO DI MONITORAGGIO CERAMICA DOLOMITE. PER L\u2019ASSESSORE DONAZZAN SEGNALI TANGIBILI E RISULTATI IMPORTANTI<br \/>\n<strong>PONTE NELLE ALPI<\/strong> CONCLUSI I LAVORI SUL SENTIERO DI SANT\u2019ANDREA<br \/>\n<strong>BORGO VALBELLUNA<\/strong> LA MINORANZA CONVOCA LE ASSOCIAZIONI A TRICHIANA<\/p>\n<p>CALCIO INIZIA IL GIRONE DI RITORNO DELLA TERZA CATEGORIA<br \/>\nHOCKEY SU GHIACCIO ALLEGHE A RIPOSO, FELTRE A TORRE PELLICE<\/p>\n<p>&nbsp;<\/p>\n<p>&nbsp;<\/p>\n<p>&nbsp;<\/p>\n","protected":false},"excerpt":{"rendered":"<p>** IL NUOVO PROGRAMMA DI RADIO PIU\u2019\u2026 CON DARIO DE DONA\u2019 \u201cCELENTANO\u201d E LE SUE OTTUAGENARIE SELEZIONI, DA UN\u2019IDEA DI LUISA ALCHINI. IL SABATO E LA DOMENICA ALLE 12.15 DOPO IL LISCIO\u2026 TAIBON nelle localit\u00e0 TAIBON CENTRO, VIA SAN LUCANO, VIA DANTE ALIGHIERI, VIA BRUSTOLON, VIA FOCH, VIA COL DI LANA e VIA DELLE SCUOLE&hellip;<\/p>\n","protected":false},"author":4,"featured_media":374974,"comment_status":"closed","ping_status":"closed","sticky":false,"template":"","format":"standard","meta":{"_monsterinsights_skip_tracking":false,"_monsterinsights_sitenote_active":false,"_monsterinsights_sitenote_note":"","_monsterinsights_sitenote_category":0,"footnotes":""},"categories":[104,49,142],"tags":[],"class_list":["post-374971","post","type-post","status-publish","format-standard","has-post-thumbnail","hentry","category-evidenza_3","category-news-18","category-rassegna-stampa","category-104","category-49","category-142","description-off"],"img_url":"https:\/\/www.radiopiu.net\/wordpress\/wp-content\/uploads\/2024\/02\/COPP1.png","_links":{"self":[{"href":"https:\/\/www.radiopiu.net\/wordpress\/wp-json\/wp\/v2\/posts\/374971","targetHints":{"allow":["GET"]}}],"collection":[{"href":"https:\/\/www.radiopiu.net\/wordpress\/wp-json\/wp\/v2\/posts"}],"about":[{"href":"https:\/\/www.radiopiu.net\/wordpress\/wp-json\/wp\/v2\/types\/post"}],"author":[{"embeddable":true,"href":"https:\/\/www.radiopiu.net\/wordpress\/wp-json\/wp\/v2\/users\/4"}],"replies":[{"embeddable":true,"href":"https:\/\/www.radiopiu.net\/wordpress\/wp-json\/wp\/v2\/comments?post=374971"}],"version-history":[{"count":0,"href":"https:\/\/www.radiopiu.net\/wordpress\/wp-json\/wp\/v2\/posts\/374971\/revisions"}],"wp:featuredmedia":[{"embeddable":true,"href":"https:\/\/www.radiopiu.net\/wordpress\/wp-json\/wp\/v2\/media\/374974"}],"wp:attachment":[{"href":"https:\/\/www.radiopiu.net\/wordpress\/wp-json\/wp\/v2\/media?parent=374971"}],"wp:term":[{"taxonomy":"category","embeddable":true,"href":"https:\/\/www.radiopiu.net\/wordpress\/wp-json\/wp\/v2\/categories?post=374971"},{"taxonomy":"post_tag","embeddable":true,"href":"https:\/\/www.radiopiu.net\/wordpress\/wp-json\/wp\/v2\/tags?post=374971"}],"curies":[{"name":"wp","href":"https:\/\/api.w.org\/{rel}","templated":true}]}}