{"id":375197,"date":"2024-02-19T05:38:24","date_gmt":"2024-02-19T04:38:24","guid":{"rendered":"https:\/\/www.radiopiu.net\/wordpress\/?p=375197"},"modified":"2024-02-19T05:50:49","modified_gmt":"2024-02-19T04:50:49","slug":"ambientalisti-protestano-contro-la-costruzione-della-pista-di-bob-a-ronco-rischio-di-denunce","status":"publish","type":"post","link":"https:\/\/www.radiopiu.net\/wordpress\/ambientalisti-protestano-contro-la-costruzione-della-pista-di-bob-a-ronco-rischio-di-denunce\/","title":{"rendered":"Ambientalisti protestano contro la costruzione della pista di bob a Ronco: rischio di denunce"},"content":{"rendered":"<p>***<\/p>\n<blockquote><p><strong><a class=\"dt-pswp-item\" href=\"https:\/\/www.radiopiu.net\/wordpress\/wp-content\/uploads\/2024\/02\/AAA-1.png\" data-dt-img-description=\"\" data-large_image_width=\"305\" data-large_image_height=\"133\"><img loading=\"lazy\" decoding=\"async\" class=\" wp-image-375192 alignleft\" src=\"https:\/\/www.radiopiu.net\/wordpress\/wp-content\/uploads\/2024\/02\/AAA-1-300x131.png\" alt=\"\" width=\"243\" height=\"106\" srcset=\"https:\/\/www.radiopiu.net\/wordpress\/wp-content\/uploads\/2024\/02\/AAA-1-300x131.png 300w, https:\/\/www.radiopiu.net\/wordpress\/wp-content\/uploads\/2024\/02\/AAA-1.png 305w\" sizes=\"auto, (max-width: 243px) 100vw, 243px\" \/><\/a><\/strong>Oggi, alle 9 del mattino, gruppi ambientalisti si raduneranno a Ronco per protestare contro l&#8217;avvio dei lavori per la costruzione della pista di bob da parte dell&#8217;impresa Pizzarotti. I manifestanti hanno annunciato di abbracciare i larici che rischiano di essere abbattuti. Il cantiere \u00e8 stato gi\u00e0 recintato e l&#8217;accesso \u00e8 vietato, con rischio di denunce per violazione della propriet\u00e0 privata. I lavoratori incaricati dall&#8217;impresa hanno gi\u00e0 messo in sicurezza l&#8217;area nei giorni scorsi. La protesta riflette le preoccupazioni ambientali legate alla deforestazione e all&#8217;impatto paesaggistico della costruzione della pista di bob.<\/p><\/blockquote>\n<div class=\"articlePlainText\">\n<div class=\"w-full pt-2 md:pt-0 dark:border-white\/20 md:border-transparent md:dark:border-transparent md:w-[calc(100%-.5rem)]\">\n<form class=\"stretch mx-2 flex flex-row gap-3 last:mb-2 md:mx-4 md:last:mb-6 lg:mx-auto lg:max-w-2xl xl:max-w-3xl\">\n<div class=\"relative flex h-full flex-1 items-stretch md:flex-col\"><\/div>\n<\/form>\n<\/div>\n<\/div>\n<p><a class=\"dt-pswp-item\" href=\"https:\/\/www.radiopiu.net\/wordpress\/wp-content\/uploads\/2024\/02\/Senza-nome-43.png\" data-dt-img-description=\"\" data-large_image_width=\"574\" data-large_image_height=\"372\"><img loading=\"lazy\" decoding=\"async\" class=\"size-medium wp-image-375196 aligncenter\" src=\"https:\/\/www.radiopiu.net\/wordpress\/wp-content\/uploads\/2024\/02\/Senza-nome-43-300x194.png\" alt=\"\" width=\"300\" height=\"194\" srcset=\"https:\/\/www.radiopiu.net\/wordpress\/wp-content\/uploads\/2024\/02\/Senza-nome-43-300x194.png 300w, https:\/\/www.radiopiu.net\/wordpress\/wp-content\/uploads\/2024\/02\/Senza-nome-43.png 574w\" sizes=\"auto, (max-width: 300px) 100vw, 300px\" \/>\u00a0<\/a><\/p>\n<p>&nbsp;<\/p>\n","protected":false},"excerpt":{"rendered":"<p>*** Oggi, alle 9 del mattino, gruppi ambientalisti si raduneranno a Ronco per protestare contro l&#8217;avvio dei lavori per la costruzione della pista di bob da parte dell&#8217;impresa Pizzarotti. I manifestanti hanno annunciato di abbracciare i larici che rischiano di essere abbattuti. Il cantiere \u00e8 stato gi\u00e0 recintato e l&#8217;accesso \u00e8 vietato, con rischio di&hellip;<\/p>\n","protected":false},"author":4,"featured_media":375196,"comment_status":"closed","ping_status":"closed","sticky":false,"template":"","format":"standard","meta":{"_monsterinsights_skip_tracking":false,"_monsterinsights_sitenote_active":false,"_monsterinsights_sitenote_note":"","_monsterinsights_sitenote_category":0,"footnotes":""},"categories":[51,49],"tags":[],"class_list":["post-375197","post","type-post","status-publish","format-standard","has-post-thumbnail","hentry","category-evidenza-top","category-news-18","category-51","category-49","description-off"],"img_url":"https:\/\/www.radiopiu.net\/wordpress\/wp-content\/uploads\/2024\/02\/Senza-nome-43.png","_links":{"self":[{"href":"https:\/\/www.radiopiu.net\/wordpress\/wp-json\/wp\/v2\/posts\/375197","targetHints":{"allow":["GET"]}}],"collection":[{"href":"https:\/\/www.radiopiu.net\/wordpress\/wp-json\/wp\/v2\/posts"}],"about":[{"href":"https:\/\/www.radiopiu.net\/wordpress\/wp-json\/wp\/v2\/types\/post"}],"author":[{"embeddable":true,"href":"https:\/\/www.radiopiu.net\/wordpress\/wp-json\/wp\/v2\/users\/4"}],"replies":[{"embeddable":true,"href":"https:\/\/www.radiopiu.net\/wordpress\/wp-json\/wp\/v2\/comments?post=375197"}],"version-history":[{"count":0,"href":"https:\/\/www.radiopiu.net\/wordpress\/wp-json\/wp\/v2\/posts\/375197\/revisions"}],"wp:featuredmedia":[{"embeddable":true,"href":"https:\/\/www.radiopiu.net\/wordpress\/wp-json\/wp\/v2\/media\/375196"}],"wp:attachment":[{"href":"https:\/\/www.radiopiu.net\/wordpress\/wp-json\/wp\/v2\/media?parent=375197"}],"wp:term":[{"taxonomy":"category","embeddable":true,"href":"https:\/\/www.radiopiu.net\/wordpress\/wp-json\/wp\/v2\/categories?post=375197"},{"taxonomy":"post_tag","embeddable":true,"href":"https:\/\/www.radiopiu.net\/wordpress\/wp-json\/wp\/v2\/tags?post=375197"}],"curies":[{"name":"wp","href":"https:\/\/api.w.org\/{rel}","templated":true}]}}