{"id":375315,"date":"2024-02-20T05:44:05","date_gmt":"2024-02-20T04:44:05","guid":{"rendered":"https:\/\/www.radiopiu.net\/wordpress\/?p=375315"},"modified":"2024-02-20T05:49:25","modified_gmt":"2024-02-20T04:49:25","slug":"domani-alla-radio-dove-andranno-a-studiare-i-giovani-agordini","status":"publish","type":"post","link":"https:\/\/www.radiopiu.net\/wordpress\/domani-alla-radio-dove-andranno-a-studiare-i-giovani-agordini\/","title":{"rendered":"DOMANI ALLA RADIO, DOVE ANDRANNO A STUDIARE I GIOVANI AGORDINI?"},"content":{"rendered":"<hr \/>\n<p>***<\/p>\n<p>&nbsp;<\/p>\n<p>&nbsp;<\/p>\n<p><strong><img loading=\"lazy\" decoding=\"async\" class=\"alignleft\" src=\"https:\/\/www.radiopiu.net\/wordpress\/wp-content\/uploads\/2022\/03\/FOLLADOR-AGORDO-1.jpg\" width=\"236\" height=\"133\" \/>REDAZIONE<\/strong> Che scuola\u00a0 hanno scelto i ragazzi agordini di terza media per il prossimo anno scolastico? Ce ne occuperemo nella trasmissione di DOMANI &#8220;se non la smetti ti mando dal Preside) in onda alle 10.30 e 1900 con la professoressa Maria Rosa Salmazo.<\/p>\n<p>Effetti dello spopolamento: solo 144 allievi,\u00a0 erano circa 300 quarant\u2019anni fa. Il &#8220;vecchio&#8221; Alberghiero\u00a0 non \u00e8 pi\u00f9 gettonato come una volta,\u00a0 sono nati istituti alberghieri come funghi sulla riviera veneta. Miracolosamente il Chimico (foto) ha tenuto\u00a0 nell&#8217;anno in cui nel Feltrino \u00e8 nato\u00a0 un &#8220;chimico per materiali e biotecnologie&#8221;. In\u00a0 vallata manca un corso di formazione professionale che non siano i manutentori (vecchi Conge). Infine il confronto con i dati veneti e italiani: meno licei, pi\u00f9 tecnici e pi\u00f9 professionali (sia statali che cfp) sia in Veneto che ancor pi\u00f9 nell&#8217;Agordino, il 15% degli studenti agordini ha scelto il CfP di Sedico.<\/p>\n<p>&nbsp;<\/p>\n<hr \/>\n<p>&nbsp;<\/p>\n<p>&nbsp;<\/p>\n","protected":false},"excerpt":{"rendered":"<p>*** &nbsp; &nbsp; REDAZIONE Che scuola\u00a0 hanno scelto i ragazzi agordini di terza media per il prossimo anno scolastico? Ce ne occuperemo nella trasmissione di DOMANI &#8220;se non la smetti ti mando dal Preside) in onda alle 10.30 e 1900 con la professoressa Maria Rosa Salmazo. Effetti dello spopolamento: solo 144 allievi,\u00a0 erano circa 300&hellip;<\/p>\n","protected":false},"author":4,"featured_media":267095,"comment_status":"closed","ping_status":"closed","sticky":false,"template":"","format":"standard","meta":{"_monsterinsights_skip_tracking":false,"_monsterinsights_sitenote_active":false,"_monsterinsights_sitenote_note":"","_monsterinsights_sitenote_category":0,"footnotes":""},"categories":[104,49],"tags":[],"class_list":["post-375315","post","type-post","status-publish","format-standard","has-post-thumbnail","hentry","category-evidenza_3","category-news-18","category-104","category-49","description-off"],"img_url":"https:\/\/www.radiopiu.net\/wordpress\/wp-content\/uploads\/2022\/03\/FOLLADOR-AGORDO-1.jpg","_links":{"self":[{"href":"https:\/\/www.radiopiu.net\/wordpress\/wp-json\/wp\/v2\/posts\/375315","targetHints":{"allow":["GET"]}}],"collection":[{"href":"https:\/\/www.radiopiu.net\/wordpress\/wp-json\/wp\/v2\/posts"}],"about":[{"href":"https:\/\/www.radiopiu.net\/wordpress\/wp-json\/wp\/v2\/types\/post"}],"author":[{"embeddable":true,"href":"https:\/\/www.radiopiu.net\/wordpress\/wp-json\/wp\/v2\/users\/4"}],"replies":[{"embeddable":true,"href":"https:\/\/www.radiopiu.net\/wordpress\/wp-json\/wp\/v2\/comments?post=375315"}],"version-history":[{"count":0,"href":"https:\/\/www.radiopiu.net\/wordpress\/wp-json\/wp\/v2\/posts\/375315\/revisions"}],"wp:featuredmedia":[{"embeddable":true,"href":"https:\/\/www.radiopiu.net\/wordpress\/wp-json\/wp\/v2\/media\/267095"}],"wp:attachment":[{"href":"https:\/\/www.radiopiu.net\/wordpress\/wp-json\/wp\/v2\/media?parent=375315"}],"wp:term":[{"taxonomy":"category","embeddable":true,"href":"https:\/\/www.radiopiu.net\/wordpress\/wp-json\/wp\/v2\/categories?post=375315"},{"taxonomy":"post_tag","embeddable":true,"href":"https:\/\/www.radiopiu.net\/wordpress\/wp-json\/wp\/v2\/tags?post=375315"}],"curies":[{"name":"wp","href":"https:\/\/api.w.org\/{rel}","templated":true}]}}