{"id":375334,"date":"2024-02-20T05:44:01","date_gmt":"2024-02-20T04:44:01","guid":{"rendered":"https:\/\/www.radiopiu.net\/wordpress\/?p=375334"},"modified":"2024-02-20T09:08:44","modified_gmt":"2024-02-20T08:08:44","slug":"gioia-sacchet-rimane-sola-ma-pronta-a-concludere-quanto-iniziato-poi-tentera-di-spiccare-il-volo","status":"publish","type":"post","link":"https:\/\/www.radiopiu.net\/wordpress\/gioia-sacchet-rimane-sola-ma-pronta-a-concludere-quanto-iniziato-poi-tentera-di-spiccare-il-volo\/","title":{"rendered":"GIOIA SACCHET RIMANE &#8220;SOLA&#8221; MA PRONTA A CONCLUDERE QUANTO INIZIATO, POI TENTERA&#8217; DI SPICCARE IL VOLO"},"content":{"rendered":"<p>&nbsp;<\/p>\n<p><strong><img loading=\"lazy\" decoding=\"async\" class=\"alignleft\" src=\"https:\/\/www.radiopiu.net\/wordpress\/wp-content\/uploads\/2024\/02\/c1fceb1b-b520-4fdc-bedf-20caeeb7be8f.jpg\" width=\"231\" height=\"236\" \/><\/strong><\/p>\n<p><strong>SEDICO<\/strong> Gioia Sacchet \u00e8 stata &#8220;sostituita&#8221;, gli sono state tolte le deleghe, non \u00e8 dunque pi\u00f9 Vice Sindaco e assessore con deleghe alle Politiche per l\u2019Ambiente, Mobilit\u00e0, Energia, Progetti Europei, Politiche Giovanili e Pari Opportunit\u00e0, La maggioranza gli addita una colpa: la scelta di candidarsi a Sindaco alle prossime elezioni<\/p>\n<blockquote><p>GIOIA SACCHET:<br \/>\n<em>&#8220;Una decisione che ho appreso con dispiacere in quanto avevo ampiamente dato la mia disponibilit\u00e0 a concludere le attivit\u00e0 che avevo predisposto e pianificato, con lo stile di servizio alla cittadinanza che mi ha sempre contraddistinta. Continuer\u00f2, quindi, l\u2019avventura amministrativa con la nuova veste di Consigliere Comunale e sar\u00f2 a disposizione dei cittadini per quanto mi sar\u00e0 ancora possibile fare&#8221;<\/em><\/p><\/blockquote>\n<p><strong>\u00a0<\/strong><\/p>\n<p>&nbsp;<\/p>\n<hr \/>\n<p>&nbsp;<\/p>\n","protected":false},"excerpt":{"rendered":"<p>&nbsp; SEDICO Gioia Sacchet \u00e8 stata &#8220;sostituita&#8221;, gli sono state tolte le deleghe, non \u00e8 dunque pi\u00f9 Vice Sindaco e assessore con deleghe alle Politiche per l\u2019Ambiente, Mobilit\u00e0, Energia, Progetti Europei, Politiche Giovanili e Pari Opportunit\u00e0, La maggioranza gli addita una colpa: la scelta di candidarsi a Sindaco alle prossime elezioni GIOIA SACCHET: &#8220;Una decisione&hellip;<\/p>\n","protected":false},"author":4,"featured_media":374903,"comment_status":"closed","ping_status":"closed","sticky":false,"template":"","format":"standard","meta":{"_monsterinsights_skip_tracking":false,"_monsterinsights_sitenote_active":false,"_monsterinsights_sitenote_note":"","_monsterinsights_sitenote_category":0,"footnotes":""},"categories":[51,49],"tags":[],"class_list":["post-375334","post","type-post","status-publish","format-standard","has-post-thumbnail","hentry","category-evidenza-top","category-news-18","category-51","category-49","description-off"],"img_url":"https:\/\/www.radiopiu.net\/wordpress\/wp-content\/uploads\/2024\/02\/c1fceb1b-b520-4fdc-bedf-20caeeb7be8f.jpg","_links":{"self":[{"href":"https:\/\/www.radiopiu.net\/wordpress\/wp-json\/wp\/v2\/posts\/375334","targetHints":{"allow":["GET"]}}],"collection":[{"href":"https:\/\/www.radiopiu.net\/wordpress\/wp-json\/wp\/v2\/posts"}],"about":[{"href":"https:\/\/www.radiopiu.net\/wordpress\/wp-json\/wp\/v2\/types\/post"}],"author":[{"embeddable":true,"href":"https:\/\/www.radiopiu.net\/wordpress\/wp-json\/wp\/v2\/users\/4"}],"replies":[{"embeddable":true,"href":"https:\/\/www.radiopiu.net\/wordpress\/wp-json\/wp\/v2\/comments?post=375334"}],"version-history":[{"count":0,"href":"https:\/\/www.radiopiu.net\/wordpress\/wp-json\/wp\/v2\/posts\/375334\/revisions"}],"wp:featuredmedia":[{"embeddable":true,"href":"https:\/\/www.radiopiu.net\/wordpress\/wp-json\/wp\/v2\/media\/374903"}],"wp:attachment":[{"href":"https:\/\/www.radiopiu.net\/wordpress\/wp-json\/wp\/v2\/media?parent=375334"}],"wp:term":[{"taxonomy":"category","embeddable":true,"href":"https:\/\/www.radiopiu.net\/wordpress\/wp-json\/wp\/v2\/categories?post=375334"},{"taxonomy":"post_tag","embeddable":true,"href":"https:\/\/www.radiopiu.net\/wordpress\/wp-json\/wp\/v2\/tags?post=375334"}],"curies":[{"name":"wp","href":"https:\/\/api.w.org\/{rel}","templated":true}]}}