{"id":375342,"date":"2024-02-21T05:34:34","date_gmt":"2024-02-21T04:34:34","guid":{"rendered":"https:\/\/www.radiopiu.net\/wordpress\/?p=375342"},"modified":"2024-02-21T16:10:43","modified_gmt":"2024-02-21T15:10:43","slug":"giornale-radiopiu-21-febbraio-2024-direttore-mirko-mezzacasada-40-anni-25-giugno-1983-25-giugno-2023","status":"publish","type":"post","link":"https:\/\/www.radiopiu.net\/wordpress\/giornale-radiopiu-21-febbraio-2024-direttore-mirko-mezzacasada-40-anni-25-giugno-1983-25-giugno-2023\/","title":{"rendered":"GIORNALE RADIOPIU 21 FEBBRAIO 2024 DIRETTORE MIRKO MEZZACASA\u2026DA 40 ANNI 25 GIUGNO 1983-25 GIUGNO 2023"},"content":{"rendered":"<p>*****<\/p>\n<p>&nbsp;<\/p>\n<hr \/>\n<p>&nbsp;<\/p>\n<h1 class=\"entry-title photoswipe-wrapper\"><strong><a class=\"dt-pswp-item\" href=\"https:\/\/www.radiopiu.net\/wordpress\/wp-content\/uploads\/2023\/12\/logo-radio.jpg\" data-dt-img-description=\"\" data-large_image_width=\"800\" data-large_image_height=\"600\"><img loading=\"lazy\" decoding=\"async\" class=\"wp-image-367163 alignleft\" src=\"https:\/\/www.radiopiu.net\/wordpress\/wp-content\/uploads\/2023\/12\/logo-radio-300x225.jpg\" alt=\"\" width=\"109\" height=\"82\" srcset=\"https:\/\/www.radiopiu.net\/wordpress\/wp-content\/uploads\/2023\/12\/logo-radio-300x225.jpg 300w, https:\/\/www.radiopiu.net\/wordpress\/wp-content\/uploads\/2023\/12\/logo-radio-768x576.jpg 768w, https:\/\/www.radiopiu.net\/wordpress\/wp-content\/uploads\/2023\/12\/logo-radio.jpg 800w\" sizes=\"auto, (max-width: 109px) 100vw, 109px\" \/><\/a><\/strong><\/h1>\n<h1 class=\"entry-title photoswipe-wrapper\">40esimo di RADIOPIU\u2026. LA VOCE DELL\u2019EMOZIONE<\/h1>\n<h2><\/h2>\n<h2><span style=\"color: #ff0000;\">ISCRIVITI AL NOSTRO CANALE\u00a0\u00a0YOUTUBE PER SEGUIRE IN DIRETTA I PRINCIPALI PROGRAMMI DI RADIO PIU\u2019 E LE FUTURE DIRETTE IN ESTERNA. PER ISCRIVERTI <a style=\"color: #ff0000;\" href=\"https:\/\/youtube.com\/@radiopiu1527\">CLICCA QUI\u00a0<\/a>E PREMI\u00a0 \u201cIscriviti\u201d\u00a0 \u00a0<\/span><\/h2>\n<div class=\"x1e56ztr\" data-block=\"true\" data-editor=\"avj4u\" data-offset-key=\"d3i0j-0-0\"><\/div>\n<div data-block=\"true\" data-editor=\"avj4u\" data-offset-key=\"d3i0j-0-0\"><\/div>\n<div data-block=\"true\" data-editor=\"avj4u\" data-offset-key=\"d3i0j-0-0\"><\/div>\n<div class=\"x11i5rnm xat24cr x1mh8g0r x1vvkbs xtlvy1s x126k92a\">\n<div dir=\"auto\">\n<p><a class=\"dt-pswp-item\" href=\"https:\/\/www.radiopiu.net\/wordpress\/wp-content\/uploads\/2023\/10\/34f4cfc6-e863-46e9-9695-8df44be63421.jpg\" data-dt-img-description=\"\" data-large_image_width=\"1200\" data-large_image_height=\"1200\"><img loading=\"lazy\" decoding=\"async\" class=\"wp-image-357393 alignleft\" src=\"https:\/\/www.radiopiu.net\/wordpress\/wp-content\/uploads\/2023\/10\/34f4cfc6-e863-46e9-9695-8df44be63421-300x300.jpg\" alt=\"\" width=\"81\" height=\"81\" srcset=\"https:\/\/www.radiopiu.net\/wordpress\/wp-content\/uploads\/2023\/10\/34f4cfc6-e863-46e9-9695-8df44be63421-300x300.jpg 300w, https:\/\/www.radiopiu.net\/wordpress\/wp-content\/uploads\/2023\/10\/34f4cfc6-e863-46e9-9695-8df44be63421-1024x1024.jpg 1024w, https:\/\/www.radiopiu.net\/wordpress\/wp-content\/uploads\/2023\/10\/34f4cfc6-e863-46e9-9695-8df44be63421-150x150.jpg 150w, https:\/\/www.radiopiu.net\/wordpress\/wp-content\/uploads\/2023\/10\/34f4cfc6-e863-46e9-9695-8df44be63421-768x768.jpg 768w, https:\/\/www.radiopiu.net\/wordpress\/wp-content\/uploads\/2023\/10\/34f4cfc6-e863-46e9-9695-8df44be63421.jpg 1200w\" sizes=\"auto, (max-width: 81px) 100vw, 81px\" \/><\/a>OGGI ALLA RADIO: <strong>ALLE 7<\/strong> LA RASSEGNA STAMPA LOCALE FLASH, PER CHI COME NOI ALLE SETTE DEL MATTINO VA DI FRETTA, TANTE NOTIZIE IN POCHE CHIACCHIERE. <strong>ALLE OTTO<\/strong> L&#8217;APPROFONDIMENTO NELLA STORICA RASSEGNA STAMPA LOCALE.\u00a0 DALLE 6 ALLE 21, OGNI ORA, L&#8217;INFORMAZIONE NAZIONALE, l&#8217;informazione locale,\u00a0 OGNI ORA IN CODA AL GR NAZIONALE, ALLE 14 VIABILITA 15 METEOROLOGIA 19 I TITOLI DAL TG DI ANTENNA 3 A CURA DI TIZIANA BOLOGNANI<\/p>\n<p>&nbsp;<\/p>\n<p><span style=\"color: #ff0000;\">OGGI ALLA RADIO <\/span><strong>ALLE 8. 20<\/strong> PIU&#8217; SIAMO di Marina Don\u00e0 <strong>ALLE 9<\/strong> LIBER DI LIANA CAVALLET ALLE <strong>10.10 <\/strong>\u00a0CISL LA VOCE PER I LAVORATORI \u00a0<strong>ALLE 10.30 <\/strong>SE NON LA SMETTI TI MANDO DAL PRESIDE CON LA PROF MARIA ROSA SALMAZO, OGGI LE SCELTE DEGLI STUDENTI DI TERZA MEDIA DELL&#8217;AGORDINO. <strong>ALLE 14<\/strong> COLLAGE OPERAZIONE NOSTALGIA DI LORIS SCUSSEL\u00a0 <strong>ALLE 15<\/strong> LA CLASSIFICA UFFICIALE DI MARCO GAZ <strong>ALLE 18.30<\/strong> NCONTONSE CON MILLY CREPAZ<\/p>\n<p>&nbsp;<\/p>\n<p>&nbsp;<\/p>\n<p><strong><a class=\"dt-pswp-item\" href=\"https:\/\/www.radiopiu.net\/wordpress\/wp-content\/uploads\/2024\/02\/2d44e751-d8a8-461b-8e22-d8e4e853b032.jpg\" data-dt-img-description=\"\" data-large_image_width=\"1600\" data-large_image_height=\"1200\"><img loading=\"lazy\" decoding=\"async\" class=\"wp-image-373307 alignleft\" src=\"https:\/\/www.radiopiu.net\/wordpress\/wp-content\/uploads\/2024\/02\/2d44e751-d8a8-461b-8e22-d8e4e853b032-300x225.jpg\" alt=\"\" width=\"105\" height=\"79\" srcset=\"https:\/\/www.radiopiu.net\/wordpress\/wp-content\/uploads\/2024\/02\/2d44e751-d8a8-461b-8e22-d8e4e853b032-300x225.jpg 300w, https:\/\/www.radiopiu.net\/wordpress\/wp-content\/uploads\/2024\/02\/2d44e751-d8a8-461b-8e22-d8e4e853b032-1024x768.jpg 1024w, https:\/\/www.radiopiu.net\/wordpress\/wp-content\/uploads\/2024\/02\/2d44e751-d8a8-461b-8e22-d8e4e853b032-768x576.jpg 768w, https:\/\/www.radiopiu.net\/wordpress\/wp-content\/uploads\/2024\/02\/2d44e751-d8a8-461b-8e22-d8e4e853b032-1536x1152.jpg 1536w, https:\/\/www.radiopiu.net\/wordpress\/wp-content\/uploads\/2024\/02\/2d44e751-d8a8-461b-8e22-d8e4e853b032.jpg 1600w\" sizes=\"auto, (max-width: 105px) 100vw, 105px\" \/><\/a>EL BAL DEL FIOR, DI GIULIANA DA RONCH, 21 FEBBRAIO 2024<\/strong><\/p>\n<\/div>\n<audio class=\"wp-audio-shortcode\" id=\"audio-375342-1\" preload=\"none\" style=\"width: 100%;\" controls=\"controls\"><source type=\"audio\/mpeg\" src=\"https:\/\/www.radiopiu.net\/wordpress\/wp-content\/uploads\/2024\/02\/GME.mp3?_=1\" \/><a href=\"https:\/\/www.radiopiu.net\/wordpress\/wp-content\/uploads\/2024\/02\/GME.mp3\">https:\/\/www.radiopiu.net\/wordpress\/wp-content\/uploads\/2024\/02\/GME.mp3<\/a><\/audio>\n<p>&nbsp;<\/p>\n<p>&nbsp;<\/p>\n<p>&nbsp;<\/p>\n<p>&nbsp;<\/p>\n<hr \/>\n<\/div>\n<hr \/>\n<hr \/>\n<hr \/>\n<blockquote>\n<blockquote>\n<h1><span style=\"color: #ff0000;\">\u00a0<\/span><\/h1>\n<h1><span style=\"color: #ff0000;\">I podcast informativi del mattino &#8211; audio &#8211;\u00a0<\/span><\/h1>\n<\/blockquote>\n<p><strong><a class=\"dt-pswp-item\" href=\"https:\/\/www.radiopiu.net\/wordpress\/wp-content\/uploads\/2023\/11\/th-10.jpg\" data-dt-img-description=\"\" data-large_image_width=\"320\" data-large_image_height=\"180\"><img loading=\"lazy\" decoding=\"async\" class=\"wp-image-362866 alignleft\" src=\"https:\/\/www.radiopiu.net\/wordpress\/wp-content\/uploads\/2023\/11\/th-10-300x169.jpg\" alt=\"\" width=\"185\" height=\"104\" srcset=\"https:\/\/www.radiopiu.net\/wordpress\/wp-content\/uploads\/2023\/11\/th-10-300x169.jpg 300w, https:\/\/www.radiopiu.net\/wordpress\/wp-content\/uploads\/2023\/11\/th-10.jpg 320w\" sizes=\"auto, (max-width: 185px) 100vw, 185px\" \/><\/a>LA RASSEGNA STAMPA NAZIONALE ALLA RADIO, OGNI GIORNO ALLE 5 E ALLE 6 DEL MATTINO <span style=\"color: #0000ff;\">viene pubblicata alle 6.00 <span style=\"color: #ff0000;\">DIRETTA RADIO\u00a0\u00a0<\/span><\/span><\/strong><\/p>\n<p><strong>di FEDERICA MUCIACIA<\/strong><\/p>\n<p>Il caso del pilota russo trovato morto in <strong>Spagna<\/strong>, ancora dubbi intorno al giallo internazionale. <strong>Onu<\/strong>, sospesi\u00a0 gli aiuti alimentari al nord di <strong>Gaza<\/strong>. Il leader di Hamas fugge in <strong>Egitto<\/strong>, si sospetta alla presenza di ostaggi. Pareri favorevoli al decreto legge per il <strong>voto<\/strong> dei fuori sede domiciliati all&#8217;estero.<strong> La cronaca<\/strong>, sesto giorno di ricerche fra le macerie a Firenze. Sfiorata<strong> tragedia<\/strong>\u00a0 ferroviaria,\u00a0 una vasca da bagno sui binari della circumvesuviana. Scossa sismica nel<strong> Parmense<\/strong> con epicentro a Calestano, raggiunti 3.8 gradi di magnitudo. 21 arresti a <strong>Milano<\/strong> per spaccio di droga fermate le associazioni che gestivano lo spaccio nella zona ovest della citt\u00e0. Big match a <strong>San Siro<\/strong><\/p><\/blockquote>\n<h2>L&#8217;AUDIO dalle 4 del mattino<\/h2>\n<audio class=\"wp-audio-shortcode\" id=\"audio-375342-2\" preload=\"none\" style=\"width: 100%;\" controls=\"controls\"><source type=\"audio\/mpeg\" src=\"https:\/\/www.radiopiu.net\/wordpress\/wp-content\/uploads\/2024\/02\/GIORNALEDELLESEI-21.mp3?_=2\" \/><a href=\"https:\/\/www.radiopiu.net\/wordpress\/wp-content\/uploads\/2024\/02\/GIORNALEDELLESEI-21.mp3\">https:\/\/www.radiopiu.net\/wordpress\/wp-content\/uploads\/2024\/02\/GIORNALEDELLESEI-21.mp3<\/a><\/audio>\n<p>&nbsp;<\/p>\n<p>&nbsp;<\/p>\n<hr \/>\n<p>&nbsp;<\/p>\n<h1 style=\"text-align: center;\"><span style=\"color: #ff0000;\">I podcast informativi del mattino &#8211; audio &#8211;\u00a0<\/span><\/h1>\n<p><strong><a class=\"dt-pswp-item\" href=\"https:\/\/www.radiopiu.net\/wordpress\/wp-content\/uploads\/2023\/12\/images.png\" data-dt-img-description=\"\" data-large_image_width=\"316\" data-large_image_height=\"160\"><img loading=\"lazy\" decoding=\"async\" class=\"wp-image-367008 alignleft\" src=\"https:\/\/www.radiopiu.net\/wordpress\/wp-content\/uploads\/2023\/12\/images-300x152.png\" alt=\"\" width=\"235\" height=\"119\" srcset=\"https:\/\/www.radiopiu.net\/wordpress\/wp-content\/uploads\/2023\/12\/images-300x152.png 300w, https:\/\/www.radiopiu.net\/wordpress\/wp-content\/uploads\/2023\/12\/images.png 316w\" sizes=\"auto, (max-width: 235px) 100vw, 235px\" \/><\/a>OGNI GIORNO ALLE SETTE DEL MATTINO, LA RASSEGNA STAMPA LOCALE FLASH&#8230; PER CHI VA IN FRETTA. I TITOLI DAI GIORNALI E DAL SITO WWW.RADIOPIU.NET <span style=\"color: #0000ff;\">viene pubblicato alle 7.00<\/span> <span style=\"color: #ff0000;\">DIRETTA RADIO\u00a0<\/span><\/strong><\/p>\n<p><em><span style=\"color: #ff0000;\">per chi va in fretta&#8230; tante notizie in pochi minuti. L&#8217;informazione locale alla radio, ogni ora dalle 7 del mattino alle 19 della sera.\u00a0 \u00a0\u00a0<\/span><\/em><\/p>\n<p>AGORDO Tra i temi affrontati in consiglio comunale ad Agordo anche la nascita del nuovo Museo Dell\u2019Arte Mineraria, la sede per la Protezione Civile e il COM.<br \/>\nAGORDO LA PROLOCO RINNOVA IL DIRETTIVO. GALLIGANI \u201cSIAMO POCHI, IN QUESTE CONDIZIONI SAN PIERO NON SI FA\u201d<br \/>\nBASTA MORTI SUL LAVORO, oggi lo sciopero di 2 ore<br \/>\nSICUREZZA SUL LAVORO, PRIORITA\u2019 ASSOLUTA DI MASSIMILIANO PAGLINI, SEGRETARIO GENERALE CISL BELLUNO nell&#8217;editoriale nel GIORNALE RADIOPIU il quotidiano della nostra testata.<br \/>\n<a class=\"dt-pswp-item\" href=\"https:\/\/www.radiopiu.net\/wordpress\/wp-content\/uploads\/2024\/02\/COPE3.png\" data-dt-img-description=\"\" data-large_image_width=\"545\" data-large_image_height=\"312\"><img loading=\"lazy\" decoding=\"async\" class=\"size-medium wp-image-375499 alignleft\" src=\"https:\/\/www.radiopiu.net\/wordpress\/wp-content\/uploads\/2024\/02\/COPE3-300x172.png\" alt=\"\" width=\"300\" height=\"172\" srcset=\"https:\/\/www.radiopiu.net\/wordpress\/wp-content\/uploads\/2024\/02\/COPE3-300x172.png 300w, https:\/\/www.radiopiu.net\/wordpress\/wp-content\/uploads\/2024\/02\/COPE3.png 545w\" sizes=\"auto, (max-width: 300px) 100vw, 300px\" \/><\/a>BELLUNO Accusato ingiustamente di lesioni colpose e fuga, viene assolto dopo un lungo incubo legale. Coinvolto in un presunto incidente stradale nel 2020, testimoni e prove indicano un Fiat Fiorino, mentre il suo veicolo \u00e8 un Volkswagen Caddy. La perizia medica e le testimonianze degli automobilisti confermano la sua estraneit\u00e0 ai fatti. Difeso dall\u2019avvocata Daniela Tonion, ottiene l\u2019assoluzione per non aver commesso il fatto.<br \/>\nAURONZO LIETO EVENTO AL SAN MARTINO: IN 72 ORE NATI 4 BAMBINI DI AURONZO<br \/>\nFELTRE GLI STUDENTI FELTRINI SARANNO \u201cAMBASCIATORI DI BELLEZZA\u201d<\/p>\n<h2>AUDIO dalle 7 del mattino<\/h2>\n<audio class=\"wp-audio-shortcode\" id=\"audio-375342-3\" preload=\"none\" style=\"width: 100%;\" controls=\"controls\"><source type=\"audio\/mpeg\" src=\"https:\/\/www.radiopiu.net\/wordpress\/wp-content\/uploads\/2024\/02\/GF07-17.mp3?_=3\" \/><a href=\"https:\/\/www.radiopiu.net\/wordpress\/wp-content\/uploads\/2024\/02\/GF07-17.mp3\">https:\/\/www.radiopiu.net\/wordpress\/wp-content\/uploads\/2024\/02\/GF07-17.mp3<\/a><\/audio>\n<p>&nbsp;<\/p>\n<p>&nbsp;<\/p>\n<p>&nbsp;<\/p>\n<hr \/>\n<p>&nbsp;<\/p>\n<h1><\/h1>\n<h1 style=\"text-align: center;\"><span style=\"color: #ff0000;\"><a class=\"dt-pswp-item\" href=\"https:\/\/www.radiopiu.net\/wordpress\/wp-content\/uploads\/2022\/01\/026c3f9d-dae9-4040-a3c1-a6530231bcc3.jpg\" data-dt-img-description=\"\" data-large_image_width=\"1152\" data-large_image_height=\"2048\"><img loading=\"lazy\" decoding=\"async\" class=\"wp-image-251839 alignleft\" src=\"https:\/\/www.radiopiu.net\/wordpress\/wp-content\/uploads\/2022\/01\/026c3f9d-dae9-4040-a3c1-a6530231bcc3-169x300.jpg\" alt=\"\" width=\"100\" height=\"177\" srcset=\"https:\/\/www.radiopiu.net\/wordpress\/wp-content\/uploads\/2022\/01\/026c3f9d-dae9-4040-a3c1-a6530231bcc3-169x300.jpg 169w, https:\/\/www.radiopiu.net\/wordpress\/wp-content\/uploads\/2022\/01\/026c3f9d-dae9-4040-a3c1-a6530231bcc3-576x1024.jpg 576w, https:\/\/www.radiopiu.net\/wordpress\/wp-content\/uploads\/2022\/01\/026c3f9d-dae9-4040-a3c1-a6530231bcc3-768x1365.jpg 768w, https:\/\/www.radiopiu.net\/wordpress\/wp-content\/uploads\/2022\/01\/026c3f9d-dae9-4040-a3c1-a6530231bcc3-864x1536.jpg 864w, https:\/\/www.radiopiu.net\/wordpress\/wp-content\/uploads\/2022\/01\/026c3f9d-dae9-4040-a3c1-a6530231bcc3.jpg 1152w\" sizes=\"auto, (max-width: 100px) 100vw, 100px\" \/><\/a>I podcast informativi del mattino &#8211; audio &#8211;\u00a0<\/span><\/h1>\n<blockquote><p><strong>GIORNALE RADIO NAZIONALE, EDIZIONE DELLE SETTE <span style=\"color: #0000ff;\">viene pubblicato alle 7.05 <span style=\"color: #ff0000;\">DIRETTA RADIO\u00a0<\/span><\/span><\/strong><\/p><\/blockquote>\n<p><strong>il giornale radionazionale e&#8217; in onda ogni ora, dalle sette del mattino alle venti della sera\u00a0\u00a0<\/strong><\/p>\n<p>&nbsp;<\/p>\n<p>Vigili del fuoco a <strong>Firenze<\/strong> trovano il corpo dell&#8217;ultimo lavoratore, bilancio 5 morti e 3 feriti. La <strong>Russia<\/strong> non accetta le richieste per un&#8217;indagine internazionale, lo dice il portavoce del<strong> Cremlino<\/strong>, la vedova accusa la Russia di aver ammazzato il marito. Lo stato <strong>ebraico<\/strong> non pagher\u00e0 per gli ostaggi. In arrivo le piogge ma \u00e8 comunque allarme smog. Passato medievale a <strong>Venezia<\/strong> in piazza San Marco, la scoperta degli archeologi.<\/p>\n<h2>AUDIO dalle sette del mattino, ogni ora alla radio<\/h2>\n<audio class=\"wp-audio-shortcode\" id=\"audio-375342-4\" preload=\"none\" style=\"width: 100%;\" controls=\"controls\"><source type=\"audio\/mpeg\" src=\"https:\/\/www.radiopiu.net\/wordpress\/wp-content\/uploads\/2024\/02\/giornale07-17.mp3?_=4\" \/><a href=\"https:\/\/www.radiopiu.net\/wordpress\/wp-content\/uploads\/2024\/02\/giornale07-17.mp3\">https:\/\/www.radiopiu.net\/wordpress\/wp-content\/uploads\/2024\/02\/giornale07-17.mp3<\/a><\/audio>\n<h2><\/h2>\n<hr \/>\n<p>&nbsp;<\/p>\n<p>&nbsp;<\/p>\n<h1><span style=\"color: #ff0000;\">I podcast informativi del mattino &#8211; video &#8211;\u00a0<\/span><\/h1>\n<h2><strong><a class=\"dt-pswp-item\" href=\"https:\/\/www.radiopiu.net\/wordpress\/wp-content\/uploads\/2023\/12\/th-10.jpg\" data-dt-img-description=\"\" data-large_image_width=\"245\" data-large_image_height=\"180\"><img loading=\"lazy\" decoding=\"async\" class=\" wp-image-367395 alignleft\" src=\"https:\/\/www.radiopiu.net\/wordpress\/wp-content\/uploads\/2023\/12\/th-10.jpg\" alt=\"\" width=\"166\" height=\"122\" \/><\/a>RASSEGNA STAMPA LOCALE, ORE OTTO 05<\/strong><\/h2>\n<h2><strong> <span style=\"color: #0000ff;\">viene\u00a0 <\/span><\/strong><strong><span style=\"color: #0000ff;\">pubblicata alle 8.05 <span style=\"color: #ff0000;\">DIRETTA RADIO\u00a0\u00a0<\/span><\/span><\/strong><\/h2>\n<p>&nbsp;<\/p>\n<p><strong>DI MIRKO MEZZACASA\u00a0 \u00a0<\/strong><\/p>\n<p>24 25 FEBBRAIO, COPPA DEL MONDO SULLA VOLATA Lato Veneto \u00c8 prevista la chiusura della strada statale 346 dal bivio per Passo Valles fino al Passo San Pellegrino, dalle 9:00 alle 11:00, in entrambe le giornate di gara. \u00c8 previsto un servizio navetta gratuito dalle 8:30 alle 10:30 (andata) e dalle 13:00 alle 15:00 (ritorno)<br \/>\nLONGARONE Completati in anticipo i lavori sulla strada Provagna \u2013 Soverzene, che dunque oggi rimarr\u00e0 normalmente aperta al transito, senza la chiusura alle auto prevista in un primo tempo anche per oggi.<br \/>\nLAMON Una donna \u00e8 stata trasportata al pronto soccorso dopo un incidente nel tardo pomeriggio di ieri lungo la Sr 50, vicino alla galleria Pala dei s\u2019cios. Coinvolta una coppia di Ferrara che ha tamponato una Citroen, con la donna passeggero che ha riportato lievi ferite dovute all\u2019impatto e all\u2019uso della cintura di sicurezza<br \/>\nSEDICO La capanna di salici lungo il Cordevole, luogo di ritrovo per bambini, \u00e8 stata vandalizzata, probabilmente da ragazzi pi\u00f9 grandi che giocavano con pistole da soft-air. I genitori dei bambini hanno condannato l\u2019accaduto tramite il gruppo Facebook \u201cLe Antche Rogge\u201d<br \/>\n<a class=\"dt-pswp-item\" href=\"https:\/\/www.radiopiu.net\/wordpress\/wp-content\/uploads\/2024\/02\/CPE2.png\" data-dt-img-description=\"\" data-large_image_width=\"469\" data-large_image_height=\"224\"><img loading=\"lazy\" decoding=\"async\" class=\" wp-image-375500 alignright\" src=\"https:\/\/www.radiopiu.net\/wordpress\/wp-content\/uploads\/2024\/02\/CPE2-300x143.png\" alt=\"\" width=\"264\" height=\"126\" srcset=\"https:\/\/www.radiopiu.net\/wordpress\/wp-content\/uploads\/2024\/02\/CPE2-300x143.png 300w, https:\/\/www.radiopiu.net\/wordpress\/wp-content\/uploads\/2024\/02\/CPE2.png 469w\" sizes=\"auto, (max-width: 264px) 100vw, 264px\" \/><\/a>AGORDO Nel consiglio comunale di Agordo di luned\u00ec sera si \u00e8 parlato anche dei cestini delle immondizie attorno al Broi ma non solo. Da tempo qualcuno utilizza i cestini per sbarazzarsi delle immondizie domestiche.<br \/>\nAGORDO Nel consiglio comunale di Agordo non sono mancate le polemiche della minoranza per le spese dedicate all\u2019ufficio turistico. Soldi ben spesi come ha sottolineato il sindaco Chissal\u00e8 che inoltre ha anticipato nasceranno quattro nuovi graffiti.<\/p>\n<h2><strong>VIDEO\u00a0 \u00a0in diretta dalle 8 del mattino\u00a0<\/strong><\/h2>\n<p><iframe loading=\"lazy\" title=\"DAL 1983 LA RASSEGNA STAMPA LOCALE di mirko mezzacasa. L&#039;ORIGINALE\" width=\"1200\" height=\"675\" src=\"https:\/\/www.youtube.com\/embed\/xIHr8S-wLuc?feature=oembed\" frameborder=\"0\" allow=\"accelerometer; autoplay; clipboard-write; encrypted-media; gyroscope; picture-in-picture; web-share\" allowfullscreen><\/iframe><\/p>\n<hr \/>\n<p>&nbsp;<\/p>\n<blockquote>\n<h3>ACQUA NON POTABILE A TAIBON<\/h3>\n<\/blockquote>\n<p><strong><a class=\"dt-pswp-item\" href=\"https:\/\/www.radiopiu.net\/wordpress\/wp-content\/uploads\/2018\/08\/ACQUA.jpeg\" data-dt-img-description=\"\" data-large_image_width=\"1280\" data-large_image_height=\"768\"><img loading=\"lazy\" decoding=\"async\" class=\" wp-image-57052 alignleft\" src=\"https:\/\/www.radiopiu.net\/wordpress\/wp-content\/uploads\/2018\/08\/ACQUA-300x180.jpeg\" alt=\"\" width=\"125\" height=\"75\" srcset=\"https:\/\/www.radiopiu.net\/wordpress\/wp-content\/uploads\/2018\/08\/ACQUA-300x180.jpeg 300w, https:\/\/www.radiopiu.net\/wordpress\/wp-content\/uploads\/2018\/08\/ACQUA-768x461.jpeg 768w, https:\/\/www.radiopiu.net\/wordpress\/wp-content\/uploads\/2018\/08\/ACQUA-1024x614.jpeg 1024w, https:\/\/www.radiopiu.net\/wordpress\/wp-content\/uploads\/2018\/08\/ACQUA.jpeg 1280w\" sizes=\"auto, (max-width: 125px) 100vw, 125px\" \/><\/a>TAIBON<\/strong> nelle localit\u00e0 TAIBON CENTRO, VIA SAN LUCANO, VIA DANTE ALIGHIERI, VIA BRUSTOLON, VIA FOCH, VIA COL DI LANA e VIA DELLE SCUOLE l&#8217;acqua erogata dall&#8217;acquedotto non \u00e8 potabile e pu\u00f2 essere usata per scopi alimentari SOLO PREVIA bollitura. Verr\u00e0 effettuato servizio sostitutivo con la possibilit\u00e0 di ritirare dell\u2019 acqua in bottiglia presso l\u2019atrio del Municipio.<\/p>\n<p>&nbsp;<\/p>\n<hr \/>\n<p>&nbsp;<\/p>\n<blockquote>\n<h2>COPPA DEL MONDO SULLA VOLATA&#8230;LIMITAZIONI ALLA VIABILITA&#8217;<\/h2>\n<\/blockquote>\n<div><strong><a class=\"dt-pswp-item\" href=\"https:\/\/www.radiopiu.net\/wordpress\/wp-content\/uploads\/2024\/02\/424674731_797110072458109_3351562248532411389_n.jpg\" data-dt-img-description=\"\" data-large_image_width=\"720\" data-large_image_height=\"540\"><img loading=\"lazy\" decoding=\"async\" class=\"wp-image-375357 alignleft\" src=\"https:\/\/www.radiopiu.net\/wordpress\/wp-content\/uploads\/2024\/02\/424674731_797110072458109_3351562248532411389_n-300x225.jpg\" alt=\"\" width=\"139\" height=\"104\" srcset=\"https:\/\/www.radiopiu.net\/wordpress\/wp-content\/uploads\/2024\/02\/424674731_797110072458109_3351562248532411389_n-300x225.jpg 300w, https:\/\/www.radiopiu.net\/wordpress\/wp-content\/uploads\/2024\/02\/424674731_797110072458109_3351562248532411389_n.jpg 720w\" sizes=\"auto, (max-width: 139px) 100vw, 139px\" \/><\/a><\/strong><\/div>\n<div>\n<div class=\"textLayer\" data-main-rotation=\"0\"><span id=\"p6R_mc4\" class=\"markedContent\"><span dir=\"ltr\" role=\"presentation\">In occasione delle due gare di<\/span> <span dir=\"ltr\" role=\"presentation\">Coppa del Mondo di Sci Alpino Femminile, del 24 e<\/span> <span dir=\"ltr\" role=\"presentation\">25 febbraio 2024 <\/span><span dir=\"ltr\" role=\"presentation\">a<\/span> <span dir=\"ltr\" role=\"presentation\">Passo San Pellegrino<\/span><span dir=\"ltr\" role=\"presentation\">, sono stati emanati i provvedimenti di<\/span> <span dir=\"ltr\" role=\"presentation\">limitazione alla viabilit\u00e0<\/span><span dir=\"ltr\" role=\"presentation\">, sia sul<\/span><br role=\"presentation\" \/><span dir=\"ltr\" role=\"presentation\">versante trentino che veneto del passo stesso. <\/span><\/span><span id=\"p6R_mc6\" class=\"markedContent\"><span dir=\"ltr\" role=\"presentation\">Nel dettaglio:<\/span><\/span><\/div>\n<div class=\"textLayer\" data-main-rotation=\"0\"><strong><span id=\"p6R_mc8\" class=\"markedContent\"><span dir=\"ltr\" role=\"presentation\">Lato Trentino<\/span><\/span><\/strong><span id=\"p6R_mc9\" class=\"markedContent\"><br role=\"presentation\" \/><span dir=\"ltr\" role=\"presentation\">\u00c8 prevista la<\/span> <span dir=\"ltr\" role=\"presentation\">chiusura della strada statale 346<\/span> <span dir=\"ltr\" role=\"presentation\">dalla l<\/span><span dir=\"ltr\" role=\"presentation\">ocalit\u00e0 Ronchi (partenza impianti Alpe Lusia)<\/span><br role=\"presentation\" \/><span dir=\"ltr\" role=\"presentation\">fino al Passo San Pellegrino,<\/span> <span dir=\"ltr\" role=\"presentation\">dalle 9 alle 11<\/span><span dir=\"ltr\" role=\"presentation\">, in entrambe le giornate di gara. <\/span><\/span><span id=\"p6R_mc10\" class=\"markedContent\"><span dir=\"ltr\" role=\"presentation\">\u00c8 previsto un<\/span> <span dir=\"ltr\" role=\"presentation\">servizio navetta gratuito<\/span> <span dir=\"ltr\" role=\"presentation\">dalle 8:30 alle 10:30 (andata) e dalle 13:00 alle 15:00 <\/span><span dir=\"ltr\" role=\"presentation\">(ritorno) con partenza nei<\/span> <span dir=\"ltr\" role=\"presentation\">pressi del campo sportivo di Moena (Bici Grill). Il parcheggio sar\u00e0 <\/span><span dir=\"ltr\" role=\"presentation\">gratuito.<\/span><\/span><span id=\"p6R_mc12\" class=\"markedContent\"><br role=\"presentation\" \/><strong><span dir=\"ltr\" role=\"presentation\">Lato Veneto<\/span><\/strong><\/span><span id=\"p6R_mc13\" class=\"markedContent\"><br role=\"presentation\" \/><span dir=\"ltr\" role=\"presentation\">\u00c8 prevista la<\/span> <span dir=\"ltr\" role=\"presentation\">chiusura della strada statale 346<\/span> <span dir=\"ltr\" role=\"presentation\">dal bivio per Passo Valles fino al Passo San Pellegrino, <\/span><span dir=\"ltr\" role=\"presentation\">dalle 9:00 alle 11:00<\/span><span dir=\"ltr\" role=\"presentation\">, in entrambe le giornate di gara. <\/span><\/span><span id=\"p6R_mc14\" class=\"markedContent\"><span dir=\"ltr\" role=\"presentation\">\u00c8 previsto un<\/span> <span dir=\"ltr\" role=\"presentation\">servizio navetta gratuito<\/span> <span dir=\"ltr\" role=\"presentation\">dalle 8:30 alle 10:30 (andata) e dalle 13:00 alle 15:00<\/span><br role=\"presentation\" \/><span dir=\"ltr\" role=\"presentation\">(ritorno) con le seguenti fermate: <\/span><\/span><span id=\"p6R_mc16\" class=\"markedContent\"><span dir=\"ltr\" role=\"presentation\">\u2022<\/span> <span dir=\"ltr\" role=\"presentation\">prima fermata in loc. Savaion (Comune Canale d\u2019Agordo)<\/span> <span dir=\"ltr\" role=\"presentation\">&#8211;<\/span> <span dir=\"ltr\" role=\"presentation\">area con parcheggio<\/span><\/span><span id=\"p6R_mc17\" class=\"markedContent\"><br role=\"presentation\" \/><span dir=\"ltr\" role=\"presentation\">\u2022<\/span> <span dir=\"ltr\" role=\"presentation\">seconda fermata nella piazza di Falcade <\/span><\/span><span id=\"p6R_mc18\" class=\"markedContent\"><span dir=\"ltr\" role=\"presentation\">\u2022<\/span> <span dir=\"ltr\" role=\"presentation\">terza fermata a Falcade, Pizzeria La Stua<\/span> <span dir=\"ltr\" role=\"presentation\">in V<\/span><span dir=\"ltr\" role=\"presentation\">ia Serafini <\/span><\/span><span id=\"p6R_mc19\" class=\"markedContent\"><span dir=\"ltr\" role=\"presentation\">\u2022<\/span> <span dir=\"ltr\" role=\"presentation\">quarta fermata a Falcade, chiesa parrocchiale <\/span><\/span><\/div>\n<div data-main-rotation=\"0\"><\/div>\n<\/div>\n<div data-block=\"true\" data-editor=\"avj4u\" data-offset-key=\"d3i0j-0-0\">Ph. Paolo Piccolin<\/div>\n<div data-block=\"true\" data-editor=\"avj4u\" data-offset-key=\"d3i0j-0-0\"><\/div>\n<div data-block=\"true\" data-editor=\"avj4u\" data-offset-key=\"d3i0j-0-0\">\n<hr \/>\n<\/div>\n<div data-block=\"true\" data-editor=\"avj4u\" data-offset-key=\"d3i0j-0-0\">\n<blockquote>\n<h2 data-block=\"true\" data-editor=\"avj4u\" data-offset-key=\"d3i0j-0-0\"><\/h2>\n<h2 data-block=\"true\" data-editor=\"avj4u\" data-offset-key=\"d3i0j-0-0\">LONGARONE PROVAGNA, TRALICCIO ABBATTUTO, SCONGIURATE ALTRE CHIUSURE<\/h2>\n<\/blockquote>\n<div data-block=\"true\" data-editor=\"avj4u\" data-offset-key=\"d3i0j-0-0\"><strong>LONGARONE<\/strong> Completati in anticipo i lavori sulla strada Provagna &#8211; Soverzene, che dunque oggi rimarr\u00e0 normalmente aperta al transito, senza la chiusura alle auto prevista in un primo tempo anche per oggi.<\/div>\n<\/div>\n<div data-block=\"true\" data-editor=\"avj4u\" data-offset-key=\"d3i0j-0-0\"><\/div>\n<div data-block=\"true\" data-editor=\"avj4u\" data-offset-key=\"d3i0j-0-0\"><\/div>\n<div data-block=\"true\" data-editor=\"avj4u\" data-offset-key=\"d3i0j-0-0\">\n<hr \/>\n<\/div>\n<div data-block=\"true\" data-editor=\"avj4u\" data-offset-key=\"d3i0j-0-0\"><\/div>\n<blockquote>\n<h2 data-block=\"true\" data-editor=\"avj4u\" data-offset-key=\"d3i0j-0-0\"><\/h2>\n<\/blockquote>\n<div data-block=\"true\" data-editor=\"avj4u\" data-offset-key=\"d3i0j-0-0\"><\/div>\n<div data-block=\"true\" data-editor=\"avj4u\" data-offset-key=\"d3i0j-0-0\"><\/div>\n<div data-block=\"true\" data-editor=\"avj4u\" data-offset-key=\"d3i0j-0-0\">\n<hr \/>\n<\/div>\n<blockquote>\n<h2 data-block=\"true\" data-editor=\"avj4u\" data-offset-key=\"d3i0j-0-0\">\u00a0TAMPONAMENTO A LAMON<\/h2>\n<\/blockquote>\n<div data-block=\"true\" data-editor=\"avj4u\" data-offset-key=\"d3i0j-0-0\"><strong>LAMON<\/strong> Una donna \u00e8 stata trasportata al pronto soccorso dopo un incidente nel tardo pomeriggio di ieri lungo la Sr 50, vicino alla galleria Pala dei s&#8217;cios. Coinvolta una coppia di Ferrara che ha tamponato una Citroen, con la donna passeggero che ha riportato lievi ferite dovute all&#8217;impatto e all&#8217;uso della cintura di sicurezza. Sul posto sono intervenuti l&#8217;ambulanza da Feltre, i vigili del fuoco e i carabinieri di Arsi\u00e8 per i rilievi. La donna \u00e8 stata portata al pronto soccorso di Feltre per gli accertamenti necessari.<\/div>\n<div data-block=\"true\" data-editor=\"avj4u\" data-offset-key=\"d3i0j-0-0\"><\/div>\n<div data-block=\"true\" data-editor=\"avj4u\" data-offset-key=\"d3i0j-0-0\"><\/div>\n<div data-block=\"true\" data-editor=\"avj4u\" data-offset-key=\"d3i0j-0-0\">\n<div data-block=\"true\" data-editor=\"avj4u\" data-offset-key=\"d3i0j-0-0\"><\/div>\n<div data-block=\"true\" data-editor=\"avj4u\" data-offset-key=\"d3i0j-0-0\"><\/div>\n<div data-block=\"true\" data-editor=\"avj4u\" data-offset-key=\"d3i0j-0-0\">\n<hr \/>\n<\/div>\n<div data-block=\"true\" data-editor=\"avj4u\" data-offset-key=\"d3i0j-0-0\"><\/div>\n<blockquote>\n<h2 data-block=\"true\" data-editor=\"avj4u\" data-offset-key=\"d3i0j-0-0\"><\/h2>\n<\/blockquote>\n<\/div>\n<div data-block=\"true\" data-editor=\"avj4u\" data-offset-key=\"d3i0j-0-0\"><\/div>\n<div data-block=\"true\" data-editor=\"avj4u\" data-offset-key=\"d3i0j-0-0\"><\/div>\n<div data-block=\"true\" data-editor=\"avj4u\" data-offset-key=\"d3i0j-0-0\">\n<hr \/>\n<\/div>\n<blockquote>\n<h2 data-block=\"true\" data-editor=\"avj4u\" data-offset-key=\"d3i0j-0-0\"><\/h2>\n<h2 data-block=\"true\" data-editor=\"avj4u\" data-offset-key=\"d3i0j-0-0\">VANDALI ALLA CAPANNA<\/h2>\n<div dir=\"auto\"><em>&#8220;Purtroppo i vandali sono presenti anche alle antiche rogge. La capanna \u00e8 stata distrutta nel tardo pomeriggio di ieri sera visto che proprio ieri avevamo fatto dei lavori. <\/em><em>Ho trovato molti pallini di ceramica che si usano per sparare con il \u201csoft air\u201d e se qualcuno sa qualcosa grazie\u2026&#8221;<\/em><\/div>\n<\/blockquote>\n<div data-block=\"true\" data-editor=\"avj4u\" data-offset-key=\"d3i0j-0-0\"><strong> <a class=\"dt-pswp-item\" href=\"https:\/\/www.radiopiu.net\/wordpress\/wp-content\/uploads\/2024\/02\/428405257_1760800570999141_8197903813894276734_n.jpg\" data-dt-img-description=\"\" data-large_image_width=\"960\" data-large_image_height=\"540\"><img loading=\"lazy\" decoding=\"async\" class=\" wp-image-375484 alignleft\" src=\"https:\/\/www.radiopiu.net\/wordpress\/wp-content\/uploads\/2024\/02\/428405257_1760800570999141_8197903813894276734_n-300x169.jpg\" alt=\"\" width=\"185\" height=\"104\" srcset=\"https:\/\/www.radiopiu.net\/wordpress\/wp-content\/uploads\/2024\/02\/428405257_1760800570999141_8197903813894276734_n-300x169.jpg 300w, https:\/\/www.radiopiu.net\/wordpress\/wp-content\/uploads\/2024\/02\/428405257_1760800570999141_8197903813894276734_n-768x432.jpg 768w, https:\/\/www.radiopiu.net\/wordpress\/wp-content\/uploads\/2024\/02\/428405257_1760800570999141_8197903813894276734_n.jpg 960w\" sizes=\"auto, (max-width: 185px) 100vw, 185px\" \/><\/a>SEDICO<\/strong> La capanna di salici lungo il Cordevole, luogo di ritrovo per bambini, \u00e8 stata vandalizzata, probabilmente da ragazzi pi\u00f9 grandi che giocavano con pistole da soft-air. I genitori dei bambini hanno condannato l&#8217;accaduto tramite il gruppo Facebook &#8220;Le Antche Rogge&#8221;, evidenziando il messaggio negativo per i piccoli della zona. Mirco D&#8217;Inc\u00e0, amministratore del gruppo, ha espresso rammarico per l&#8217;atto vandalico, notando che la capanna era stata costruita tre anni fa dai genitori per i bambini pi\u00f9 piccoli. La vandalizzazione ha sottolineato la presenza di vandali anche nelle Antiche Rogge, deludendo i pi\u00f9 giovani che hanno dovuto constatare il danno.<\/div>\n<div data-block=\"true\" data-editor=\"avj4u\" data-offset-key=\"d3i0j-0-0\"><\/div>\n<div data-block=\"true\" data-editor=\"avj4u\" data-offset-key=\"d3i0j-0-0\"><\/div>\n<hr \/>\n<blockquote>\n<h3 data-block=\"true\" data-editor=\"avj4u\" data-offset-key=\"d3i0j-0-0\"><\/h3>\n<h3 data-block=\"true\" data-editor=\"avj4u\" data-offset-key=\"d3i0j-0-0\">CESTINI DELLE IMMONDIZIE: L&#8217;APPELLO DEL SINDACO DI AGORDO ROBERTO CHISSALE&#8217;<\/h3>\n<\/blockquote>\n<p><strong><a class=\"dt-pswp-item\" href=\"https:\/\/www.radiopiu.net\/wordpress\/wp-content\/uploads\/2024\/02\/ROBERTO-CHISSALE.png\" data-dt-img-description=\"\" data-large_image_width=\"720\" data-large_image_height=\"441\"><img loading=\"lazy\" decoding=\"async\" class=\" wp-image-375435 alignleft\" src=\"https:\/\/www.radiopiu.net\/wordpress\/wp-content\/uploads\/2024\/02\/ROBERTO-CHISSALE-300x184.png\" alt=\"\" width=\"187\" height=\"115\" srcset=\"https:\/\/www.radiopiu.net\/wordpress\/wp-content\/uploads\/2024\/02\/ROBERTO-CHISSALE-300x184.png 300w, https:\/\/www.radiopiu.net\/wordpress\/wp-content\/uploads\/2024\/02\/ROBERTO-CHISSALE.png 720w\" sizes=\"auto, (max-width: 187px) 100vw, 187px\" \/><\/a>AGORDO<\/strong> Nel consiglio comunale di Agordo di luned\u00ec sera si \u00e8 parlato anche dei cestini delle immondizie attorno al Broi ma non solo. Da tempo qualcuno utilizza i cestini per sbarazzarsi delle immondizie domestiche. Alcuni sono stati individuati, altri sono stati pi\u00f9 furbi mascherandosi con cappelli e occhiali da sole in modo che le videocamere di sorveglianza non riescano ad individuare il volto. Il sindaco Roberto Chissal\u00e8 ha lanciato un appello alla cittadinanza per porre fine a questa &#8220;usanza&#8221;.<\/p>\n<p><strong>IL SINDACO DI AGORDO ROBERTO CHISSALE&#8217;<\/strong><\/p>\n<audio class=\"wp-audio-shortcode\" id=\"audio-375342-5\" preload=\"none\" style=\"width: 100%;\" controls=\"controls\"><source type=\"audio\/mpeg\" src=\"https:\/\/www.radiopiu.net\/wordpress\/wp-content\/uploads\/2024\/02\/CHISSALE-IMMONDIZIE-CESTINI-APPELLO-RADIO-PIU.mp3?_=5\" \/><a href=\"https:\/\/www.radiopiu.net\/wordpress\/wp-content\/uploads\/2024\/02\/CHISSALE-IMMONDIZIE-CESTINI-APPELLO-RADIO-PIU.mp3\">https:\/\/www.radiopiu.net\/wordpress\/wp-content\/uploads\/2024\/02\/CHISSALE-IMMONDIZIE-CESTINI-APPELLO-RADIO-PIU.mp3<\/a><\/audio>\n<p>&nbsp;<\/p>\n<p>&nbsp;<\/p>\n<hr \/>\n<p>&nbsp;<\/p>\n<blockquote>\n<h2>OGGI PARCHEGGIO COSI&#8217;&#8230; E I PEDONI S&#8217;ARRANGINO<br \/>\nAGORDO, AL PONTE BISOLIGA VERSO LUXOTTICA.<\/h2>\n<p>Agordo\u00a0 Altro parcheggio coraggioso, tra l&#8217;altro ieri gli agenti di Polizia Locale hanno avuto modo di &#8220;scrivere&#8221; e gli abitanti della frazione Valcozzena ringraziano<\/p><\/blockquote>\n<p><a class=\"dt-pswp-item\" href=\"https:\/\/www.radiopiu.net\/wordpress\/wp-content\/uploads\/2024\/02\/SCR-20240220-qjah.jpeg\" data-dt-img-description=\"\" data-large_image_width=\"1062\" data-large_image_height=\"834\"><img loading=\"lazy\" decoding=\"async\" class=\"size-medium wp-image-375474 aligncenter\" src=\"https:\/\/www.radiopiu.net\/wordpress\/wp-content\/uploads\/2024\/02\/SCR-20240220-qjah-300x236.jpeg\" alt=\"\" width=\"300\" height=\"236\" srcset=\"https:\/\/www.radiopiu.net\/wordpress\/wp-content\/uploads\/2024\/02\/SCR-20240220-qjah-300x236.jpeg 300w, https:\/\/www.radiopiu.net\/wordpress\/wp-content\/uploads\/2024\/02\/SCR-20240220-qjah-1024x804.jpeg 1024w, https:\/\/www.radiopiu.net\/wordpress\/wp-content\/uploads\/2024\/02\/SCR-20240220-qjah-768x603.jpeg 768w, https:\/\/www.radiopiu.net\/wordpress\/wp-content\/uploads\/2024\/02\/SCR-20240220-qjah.jpeg 1062w\" sizes=\"auto, (max-width: 300px) 100vw, 300px\" \/><\/a><\/p>\n\n\t\t\t<style type='text\/css'>\n\t\t\t\t#gallery-1 {\n\t\t\t\t\tmargin: auto;\n\t\t\t\t}\n\t\t\t\t#gallery-1 .gallery-item {\n\t\t\t\t\tfloat: left;\n\t\t\t\t\tmargin-top: 10px;\n\t\t\t\t\ttext-align: center;\n\t\t\t\t\twidth: 33%;\n\t\t\t\t}\n\t\t\t\t#gallery-1 img {\n\t\t\t\t\tborder: 2px solid #cfcfcf;\n\t\t\t\t}\n\t\t\t\t#gallery-1 .gallery-caption {\n\t\t\t\t\tmargin-left: 0;\n\t\t\t\t}\n\t\t\t\t\/* see gallery_shortcode() in wp-includes\/media.php *\/\n\t\t\t<\/style>\n\t\t<div id='gallery-1' class='dt-gallery-container gallery galleryid-375342 gallery-columns-3 gallery-size-medium'><dl class='gallery-item'>\n\t\t\t\t<dt class='gallery-icon portrait'>\n\t\t\t\t\t<a class=\"rollover rollover-zoom dt-pswp-item\" title=\"428282409_1338385046867146_9202095879904380630_n\" data-dt-img-description=\"\" data-large_image_width=\"1536\" data-large_image_height=\"2040\"href='https:\/\/www.radiopiu.net\/wordpress\/wp-content\/uploads\/2024\/02\/428282409_1338385046867146_9202095879904380630_n.jpg'><img loading=\"lazy\" decoding=\"async\" width=\"226\" height=\"300\" src=\"https:\/\/www.radiopiu.net\/wordpress\/wp-content\/uploads\/2024\/02\/428282409_1338385046867146_9202095879904380630_n-226x300.jpg\" class=\"attachment-medium size-medium\" alt=\"\" srcset=\"https:\/\/www.radiopiu.net\/wordpress\/wp-content\/uploads\/2024\/02\/428282409_1338385046867146_9202095879904380630_n-226x300.jpg 226w, https:\/\/www.radiopiu.net\/wordpress\/wp-content\/uploads\/2024\/02\/428282409_1338385046867146_9202095879904380630_n-771x1024.jpg 771w, https:\/\/www.radiopiu.net\/wordpress\/wp-content\/uploads\/2024\/02\/428282409_1338385046867146_9202095879904380630_n-768x1020.jpg 768w, https:\/\/www.radiopiu.net\/wordpress\/wp-content\/uploads\/2024\/02\/428282409_1338385046867146_9202095879904380630_n-1157x1536.jpg 1157w, https:\/\/www.radiopiu.net\/wordpress\/wp-content\/uploads\/2024\/02\/428282409_1338385046867146_9202095879904380630_n.jpg 1536w\" sizes=\"auto, (max-width: 226px) 100vw, 226px\" \/><\/a>\n\t\t\t\t<\/dt><\/dl><dl class='gallery-item'>\n\t\t\t\t<dt class='gallery-icon portrait'>\n\t\t\t\t\t<a class=\"rollover rollover-zoom dt-pswp-item\" title=\"20240219_163133\" data-dt-img-description=\"\" data-large_image_width=\"1920\" data-large_image_height=\"2560\"href='https:\/\/www.radiopiu.net\/wordpress\/wp-content\/uploads\/2024\/02\/20240219_163133-scaled.jpg'><img loading=\"lazy\" decoding=\"async\" width=\"225\" height=\"300\" src=\"https:\/\/www.radiopiu.net\/wordpress\/wp-content\/uploads\/2024\/02\/20240219_163133-225x300.jpg\" class=\"attachment-medium size-medium\" alt=\"\" srcset=\"https:\/\/www.radiopiu.net\/wordpress\/wp-content\/uploads\/2024\/02\/20240219_163133-225x300.jpg 225w, https:\/\/www.radiopiu.net\/wordpress\/wp-content\/uploads\/2024\/02\/20240219_163133-768x1024.jpg 768w, https:\/\/www.radiopiu.net\/wordpress\/wp-content\/uploads\/2024\/02\/20240219_163133-1152x1536.jpg 1152w, https:\/\/www.radiopiu.net\/wordpress\/wp-content\/uploads\/2024\/02\/20240219_163133-1536x2048.jpg 1536w, https:\/\/www.radiopiu.net\/wordpress\/wp-content\/uploads\/2024\/02\/20240219_163133-scaled.jpg 1920w\" sizes=\"auto, (max-width: 225px) 100vw, 225px\" \/><\/a>\n\t\t\t\t<\/dt><\/dl><dl class='gallery-item'>\n\t\t\t\t<dt class='gallery-icon portrait'>\n\t\t\t\t\t<a class=\"rollover rollover-zoom dt-pswp-item\" title=\"428374673_1104626447636760_6532055869460539942_n\" data-dt-img-description=\"\" data-large_image_width=\"1080\" data-large_image_height=\"1920\"href='https:\/\/www.radiopiu.net\/wordpress\/wp-content\/uploads\/2024\/02\/428374673_1104626447636760_6532055869460539942_n.jpg'><img loading=\"lazy\" decoding=\"async\" width=\"169\" height=\"300\" src=\"https:\/\/www.radiopiu.net\/wordpress\/wp-content\/uploads\/2024\/02\/428374673_1104626447636760_6532055869460539942_n-169x300.jpg\" class=\"attachment-medium size-medium\" alt=\"\" srcset=\"https:\/\/www.radiopiu.net\/wordpress\/wp-content\/uploads\/2024\/02\/428374673_1104626447636760_6532055869460539942_n-169x300.jpg 169w, https:\/\/www.radiopiu.net\/wordpress\/wp-content\/uploads\/2024\/02\/428374673_1104626447636760_6532055869460539942_n-576x1024.jpg 576w, https:\/\/www.radiopiu.net\/wordpress\/wp-content\/uploads\/2024\/02\/428374673_1104626447636760_6532055869460539942_n-768x1365.jpg 768w, https:\/\/www.radiopiu.net\/wordpress\/wp-content\/uploads\/2024\/02\/428374673_1104626447636760_6532055869460539942_n-864x1536.jpg 864w, https:\/\/www.radiopiu.net\/wordpress\/wp-content\/uploads\/2024\/02\/428374673_1104626447636760_6532055869460539942_n.jpg 1080w\" sizes=\"auto, (max-width: 169px) 100vw, 169px\" \/><\/a>\n\t\t\t\t<\/dt><\/dl><br style=\"clear: both\" \/>\n\t\t\t<\/div>\n\n<p>&nbsp;<\/p>\n<p>&nbsp;<\/p>\n<hr \/>\n<p>&nbsp;<\/p>\n<blockquote>\n<h3 data-block=\"true\" data-editor=\"avj4u\" data-offset-key=\"d3i0j-0-0\">PRESTO QUATTRO NUOVI GRAFFITI AD AGORDO<\/h3>\n<\/blockquote>\n<div data-block=\"true\" data-editor=\"avj4u\" data-offset-key=\"d3i0j-0-0\">\n<p><strong><a class=\"dt-pswp-item\" href=\"https:\/\/www.radiopiu.net\/wordpress\/wp-content\/uploads\/2020\/07\/a8a8cbd6-9ca3-4f14-9e6a-43069c08cd84.jpg\" data-dt-img-description=\"\" data-large_image_width=\"960\" data-large_image_height=\"720\"><img loading=\"lazy\" decoding=\"async\" class=\" wp-image-151434 alignleft\" src=\"https:\/\/www.radiopiu.net\/wordpress\/wp-content\/uploads\/2020\/07\/a8a8cbd6-9ca3-4f14-9e6a-43069c08cd84-300x225.jpg\" alt=\"\" width=\"139\" height=\"104\" srcset=\"https:\/\/www.radiopiu.net\/wordpress\/wp-content\/uploads\/2020\/07\/a8a8cbd6-9ca3-4f14-9e6a-43069c08cd84-300x225.jpg 300w, https:\/\/www.radiopiu.net\/wordpress\/wp-content\/uploads\/2020\/07\/a8a8cbd6-9ca3-4f14-9e6a-43069c08cd84-768x576.jpg 768w, https:\/\/www.radiopiu.net\/wordpress\/wp-content\/uploads\/2020\/07\/a8a8cbd6-9ca3-4f14-9e6a-43069c08cd84.jpg 960w\" sizes=\"auto, (max-width: 139px) 100vw, 139px\" \/><\/a>AGORDO<\/strong> Soldi ben spesi come ha sottolineato il sindaco Chissal\u00e8 che inoltre ha anticipato nasceranno quattro nuovi graffiti.<\/p>\n<p><strong>IL SINDACO DI AGORDO ROBERTO CHISSALE&#8217;<\/strong><\/p>\n<audio class=\"wp-audio-shortcode\" id=\"audio-375342-6\" preload=\"none\" style=\"width: 100%;\" controls=\"controls\"><source type=\"audio\/mpeg\" src=\"https:\/\/www.radiopiu.net\/wordpress\/wp-content\/uploads\/2024\/02\/CHISSALE-GRAFFITI.mp3?_=6\" \/><a href=\"https:\/\/www.radiopiu.net\/wordpress\/wp-content\/uploads\/2024\/02\/CHISSALE-GRAFFITI.mp3\">https:\/\/www.radiopiu.net\/wordpress\/wp-content\/uploads\/2024\/02\/CHISSALE-GRAFFITI.mp3<\/a><\/audio>\n<p>&nbsp;<\/p>\n<p>&nbsp;<\/p>\n<p>&nbsp;<\/p>\n<hr \/>\n<p>&nbsp;<\/p>\n<blockquote>\n<h3>MUSEO DELL&#8217;ARTE MINERARIA, PROTEZIONE CIVILE E COM NEL CONSIGLIO COMUNALE DI AGORDO<\/h3>\n<\/blockquote>\n<p><strong><a class=\"dt-pswp-item\" href=\"https:\/\/www.radiopiu.net\/wordpress\/wp-content\/uploads\/2022\/12\/MUNICIPIO-AGORDO.png\" data-dt-img-description=\"\" data-large_image_width=\"1890\" data-large_image_height=\"1210\"><img loading=\"lazy\" decoding=\"async\" class=\" wp-image-309882 alignleft\" src=\"https:\/\/www.radiopiu.net\/wordpress\/wp-content\/uploads\/2022\/12\/MUNICIPIO-AGORDO-300x192.png\" alt=\"\" width=\"167\" height=\"107\" srcset=\"https:\/\/www.radiopiu.net\/wordpress\/wp-content\/uploads\/2022\/12\/MUNICIPIO-AGORDO-300x192.png 300w, https:\/\/www.radiopiu.net\/wordpress\/wp-content\/uploads\/2022\/12\/MUNICIPIO-AGORDO-1024x656.png 1024w, https:\/\/www.radiopiu.net\/wordpress\/wp-content\/uploads\/2022\/12\/MUNICIPIO-AGORDO-768x492.png 768w, https:\/\/www.radiopiu.net\/wordpress\/wp-content\/uploads\/2022\/12\/MUNICIPIO-AGORDO-1536x983.png 1536w, https:\/\/www.radiopiu.net\/wordpress\/wp-content\/uploads\/2022\/12\/MUNICIPIO-AGORDO.png 1890w\" sizes=\"auto, (max-width: 167px) 100vw, 167px\" \/><\/a>AGORDO<\/strong> Tra i temi affrontati in consiglio comunale ad Agordo anche la nascita del nuovo Museo Dell&#8217;Arte Mineraria, la sede per la Protezione Civile e il COM.<\/p>\n<p><strong>IL SINDACO ROBERTO CHISSALE&#8217;<\/strong><\/p>\n<audio class=\"wp-audio-shortcode\" id=\"audio-375342-7\" preload=\"none\" style=\"width: 100%;\" controls=\"controls\"><source type=\"audio\/mpeg\" src=\"https:\/\/www.radiopiu.net\/wordpress\/wp-content\/uploads\/2024\/02\/CHISSALE-MUSEO-MINERARI.mp3?_=7\" \/><a href=\"https:\/\/www.radiopiu.net\/wordpress\/wp-content\/uploads\/2024\/02\/CHISSALE-MUSEO-MINERARI.mp3\">https:\/\/www.radiopiu.net\/wordpress\/wp-content\/uploads\/2024\/02\/CHISSALE-MUSEO-MINERARI.mp3<\/a><\/audio>\n<p>&nbsp;<\/p>\n<p>&nbsp;<\/p>\n<p>&nbsp;<\/p>\n<hr \/>\n<p>&nbsp;<\/p>\n<blockquote>\n<h3><a class=\"dt-pswp-item\" href=\"https:\/\/www.radiopiu.net\/wordpress\/wp-content\/uploads\/2019\/12\/icona_sindaco.png\" data-dt-img-description=\"\" data-large_image_width=\"300\" data-large_image_height=\"400\"><img loading=\"lazy\" decoding=\"async\" class=\" wp-image-108460 alignleft\" src=\"https:\/\/www.radiopiu.net\/wordpress\/wp-content\/uploads\/2019\/12\/icona_sindaco-225x300.png\" alt=\"\" width=\"86\" height=\"115\" srcset=\"https:\/\/www.radiopiu.net\/wordpress\/wp-content\/uploads\/2019\/12\/icona_sindaco-225x300.png 225w, https:\/\/www.radiopiu.net\/wordpress\/wp-content\/uploads\/2019\/12\/icona_sindaco.png 300w\" sizes=\"auto, (max-width: 86px) 100vw, 86px\" \/><\/a>LE ELEZIONI COMUNALI IN PROVINCIA DI BELLUNO<\/h3>\n<\/blockquote>\n<p><strong>PER LE TRE RADIO, BARBARA PAOLAZZI<\/strong><\/p>\n<audio class=\"wp-audio-shortcode\" id=\"audio-375342-8\" preload=\"none\" style=\"width: 100%;\" controls=\"controls\"><source type=\"audio\/mpeg\" src=\"https:\/\/www.radiopiu.net\/wordpress\/wp-content\/uploads\/2024\/02\/PAOLAZZI-ELEZIONI-COMUNALI-IN-PROVINCIA.mp3?_=8\" \/><a href=\"https:\/\/www.radiopiu.net\/wordpress\/wp-content\/uploads\/2024\/02\/PAOLAZZI-ELEZIONI-COMUNALI-IN-PROVINCIA.mp3\">https:\/\/www.radiopiu.net\/wordpress\/wp-content\/uploads\/2024\/02\/PAOLAZZI-ELEZIONI-COMUNALI-IN-PROVINCIA.mp3<\/a><\/audio>\n<p>&nbsp;<\/p>\n<p>&nbsp;<\/p>\n<p>&nbsp;<\/p>\n<hr \/>\n<p>&nbsp;<\/p>\n<\/div>\n<blockquote>\n<h3 data-block=\"true\" data-editor=\"avj4u\" data-offset-key=\"d3i0j-0-0\">Giunta Regionale e Enel Italia collaborano per la Protezione Civile<\/h3>\n<\/blockquote>\n<div data-block=\"true\" data-editor=\"avj4u\" data-offset-key=\"d3i0j-0-0\">\n<p><strong>VENEZIA<\/strong> La Giunta Regionale del Veneto, su proposta dell&#8217;assessore Gianpaolo Bottacin, ha approvato un protocollo d&#8217;intesa con Enel Italia per rafforzare la collaborazione in emergenze e gestione dei rischi. L&#8217;obiettivo \u00e8 garantire la continuit\u00e0 del servizio elettrico anche in caso di calamit\u00e0, con piani di emergenza specifici e un Gruppo di lavoro congiunto. Si prevedono anche formazioni congiunte e esercitazioni per ottimizzare interventi e procedure. La collaborazione si basa sull&#8217;esperienza e mira a semplificare la gestione delle emergenze nel settore energetico.<\/p>\n<div style=\"width: 848px;\" class=\"wp-video\"><video class=\"wp-video-shortcode\" id=\"video-375342-1\" width=\"848\" height=\"480\" preload=\"metadata\" controls=\"controls\"><source type=\"video\/mp4\" src=\"https:\/\/www.radiopiu.net\/wordpress\/wp-content\/uploads\/2024\/02\/WhatsApp-Video-2024-02-20-at-11.37.33.mp4?_=1\" \/><a href=\"https:\/\/www.radiopiu.net\/wordpress\/wp-content\/uploads\/2024\/02\/WhatsApp-Video-2024-02-20-at-11.37.33.mp4\">https:\/\/www.radiopiu.net\/wordpress\/wp-content\/uploads\/2024\/02\/WhatsApp-Video-2024-02-20-at-11.37.33.mp4<\/a><\/video><\/div>\n<p>&nbsp;<\/p>\n<p>&nbsp;<\/p>\n<p>&nbsp;<\/p>\n<hr \/>\n<p>&nbsp;<\/p>\n<blockquote>\n<h2>LA PROLOCO DI AGORDO RINNOVA IL DIRETTIVO. GALLIGANI &#8220;SIAMO POCHI, IN QUESTE CONDIZIONI SAN PIERO NON SI FA&#8221;<\/h2>\n<\/blockquote>\n<p><strong><img loading=\"lazy\" decoding=\"async\" class=\"alignleft\" src=\"https:\/\/www.radiopiu.net\/wordpress\/wp-content\/uploads\/2024\/02\/download-2.jpg\" width=\"158\" height=\"118\" \/>AGORDO<\/strong> Il 29 febbraio la proloco di Agordo \u00e8 a un bivio importante, dovr\u00e0 infatti rinnovare il direttivo. Per scarisit\u00e0 di adesione la prima brutta notizia &#8220;senza un direttivo con 10-15 persone non saremo presenti alla sagra di San Piero&#8221; ha detto il Presidente Daniele Galligani nell&#8217;intervista alla radio.<\/p>\n<p>di mirko mezzacasa<\/p>\n<p>&nbsp;<\/p>\n<audio class=\"wp-audio-shortcode\" id=\"audio-375342-9\" preload=\"none\" style=\"width: 100%;\" controls=\"controls\"><source type=\"audio\/mpeg\" src=\"https:\/\/www.radiopiu.net\/wordpress\/wp-content\/uploads\/2024\/02\/daniele-galligani-san-piero.mp3?_=9\" \/><a href=\"https:\/\/www.radiopiu.net\/wordpress\/wp-content\/uploads\/2024\/02\/daniele-galligani-san-piero.mp3\">https:\/\/www.radiopiu.net\/wordpress\/wp-content\/uploads\/2024\/02\/daniele-galligani-san-piero.mp3<\/a><\/audio>\n<p>&nbsp;<\/p>\n<p>&nbsp;<\/p>\n<hr \/>\n<p>&nbsp;<\/p>\n<blockquote>\n<h2>BASTA MORTI SUL LAVORO, oggi lo sciopero di 2 ore<\/h2>\n<\/blockquote>\n<div class=\"flex-1 overflow-hidden\">\n<div class=\"react-scroll-to-bottom--css-xnnoy-79elbk h-full\">\n<div class=\"react-scroll-to-bottom--css-xnnoy-1n7m0yu\">\n<div class=\"flex flex-col pb-9 text-sm\">\n<div class=\"w-full text-token-text-primary\" data-testid=\"conversation-turn-43\">\n<div class=\"px-4 py-2 justify-center text-base md:gap-6 m-auto\">\n<div class=\"flex flex-1 text-base mx-auto gap-3 md:px-5 lg:px-1 xl:px-5 md:max-w-3xl lg:max-w-[40rem] xl:max-w-[48rem] group final-completion\">\n<div class=\"relative flex w-full flex-col agent-turn\">\n<div class=\"flex-col gap-1 md:gap-3\">\n<div class=\"flex flex-grow flex-col max-w-full\">\n<div class=\"min-h-[20px] text-message flex flex-col items-start gap-3 whitespace-pre-wrap break-words [.text-message+&amp;]:mt-5 overflow-x-auto\" data-message-author-role=\"assistant\" data-message-id=\"32b6d4a0-2bd8-4cab-b8f4-4ef543cc1466\">\n<div class=\"markdown prose w-full break-words dark:prose-invert dark\">\n<p>La coordinatrice Uil Veneto Belluno, Sonia Bridda e la segretaria generale della Cgil provinciale, Denise Casanova, insieme ai sindacati regionali, esprimono indignazione per le morti sul lavoro e chiedono azioni concrete: contratti equi, formazione obbligatoria, responsabilit\u00e0 delle imprese. Chiedono norme pi\u00f9 rigide sugli appalti per garantire la sicurezza dei lavoratori e piani di investimento nella formazione. Il segretario Paglini annuncia una mobilitazione per inasprire le norme sugli appalti e garantire gli stessi standard contrattuali lungo la catena d&#8217;appalto, oltre a investimenti nella formazione obbligatoria e nella sicurezza nei luoghi di lavoro.<\/p>\n<p>Una presa di posizione arriva anche dal segretario generale della Cisl Belluno Treviso, Massimiliano Paglini che annuncia l&#8217;avvio di \u00abuna grande stagione di indignazione e di mobilitazione nelle fabbriche, negli uffici pubblici e privati e in tutti i luoghi di lavoro\u00bb.<\/p>\n<\/div>\n<\/div>\n<\/div>\n<\/div>\n<\/div>\n<\/div>\n<\/div>\n<\/div>\n<\/div>\n<\/div>\n<\/div>\n<\/div>\n<p>&nbsp;<\/p>\n<p>&nbsp;<\/p>\n<hr \/>\n<p>&nbsp;<\/p>\n<div align=\"left\"><\/div>\n<blockquote>\n<h3 align=\"left\">SICUREZZA SUL LAVORO, PRIORITA&#8217; ASSOLUTA<br \/>\nDI MASSIMILIANO PAGLINI, SEGRETARIO GENERALE CISL BELLUNO<\/h3>\n<\/blockquote>\n<p><span style=\"color: #000000; font-family: Helvetica;\"><b>Segretario generale Cisl Belluno Treviso<\/b><\/span><\/p>\n<div align=\"left\"><span style=\"color: #000000; font-family: Helvetica;\"><a class=\"dt-pswp-item\" href=\"https:\/\/www.radiopiu.net\/wordpress\/wp-content\/uploads\/2022\/02\/Paglini-relazione.jpeg\" data-dt-img-description=\"\" data-large_image_width=\"1368\" data-large_image_height=\"912\"><img loading=\"lazy\" decoding=\"async\" class=\"size-medium wp-image-258793 alignleft\" src=\"https:\/\/www.radiopiu.net\/wordpress\/wp-content\/uploads\/2022\/02\/Paglini-relazione-300x200.jpeg\" alt=\"\" width=\"300\" height=\"200\" srcset=\"https:\/\/www.radiopiu.net\/wordpress\/wp-content\/uploads\/2022\/02\/Paglini-relazione-300x200.jpeg 300w, https:\/\/www.radiopiu.net\/wordpress\/wp-content\/uploads\/2022\/02\/Paglini-relazione-1024x683.jpeg 1024w, https:\/\/www.radiopiu.net\/wordpress\/wp-content\/uploads\/2022\/02\/Paglini-relazione-768x512.jpeg 768w, https:\/\/www.radiopiu.net\/wordpress\/wp-content\/uploads\/2022\/02\/Paglini-relazione.jpeg 1368w\" sizes=\"auto, (max-width: 300px) 100vw, 300px\" \/><\/a>Le tragiche notizie del crollo del cantiere di Firenze hanno suscitato profonda indignazione, frustrazione e rabbia, ma anche desiderio di giustizia. Sentimenti e sensazioni che ci pervadono ogni volta che si verifica un infortunio mortale su un luogo di lavoro nel nostro Paese e nei nostri territori di Belluno e Treviso, purtroppo non estranei a questa inaccettabile ecatombe. In Italia tre lavoratori al giorno muoiono svolgendo la propria mansione in fabbrica, in cantiere, in un magazzino o in un campo agricolo. 16 lavoratori sono morti lavorando l\u2019anno scorso nella Marca; 4 nel Bellunese. <\/span><\/div>\n<div align=\"left\"><span style=\"color: #000000; font-family: Helvetica;\">Il sistema legislativo di cui si \u00e8 dotato il Paese in materia di sicurezza &#8211; prima con la legge 626 del 1994, poi con il decreto legislativo 81 del 2008 e successive modifiche e integrazioni &#8211; \u00e8 d\u2019avanguardia: per quanto composto da norme definite 20 anni fa, si tratta di un impianto di leggi che rappresentano ancora oggi una eccellenza tra i Paesi avanzati. Per non parlare dei sistemi della bilateralit\u00e0 negoziale che in settori a maggior rischio quali l\u2019edilizia e l\u2019artigianato hanno rafforzato i sistemi territoriali e\/o di categoria per la formazione, prevenzione e tutela dei lavoratori. Ma \u00e8 evidente quanto e come tutto ci\u00f2 non sia sufficiente a prevenire le morti sul lavoro. E una riflessione sui motivi per cui oggi \u00e8 ancora cos\u00ec alto il numero degli infortuni va fatta. <\/span><\/div>\n<div align=\"left\"><span style=\"color: #000000; font-family: Helvetica;\">Innanzitutto, sono ancora troppi gli ambiti di controllo e prevenzione lasciati scoperti dalla ormai cronica carenza di organici negli Spisal e negli Ispettorati del lavoro. Una situazione di difficolt\u00e0 che non pu\u00f2 che generare un sistema di controlli poco efficaci a prevenire le situazioni e i comportamenti a rischio e l\u2019illegalit\u00e0 sempre pi\u00f9 diffusa. Da questo punto di vista, l\u2019emergenza in cui versano alcuni settori come l\u2019edilizia, una parte dell\u2019industria, ma anche l\u2019agricoltura, la logistica e la filiera del tessile, sono sotto gli occhi di tutti: dumping contrattuale, diffusione del lavoro nero, diritti calpestati, scarsa se non nulla formazione nell\u2019ambito della sicurezza.<\/span><\/div>\n<div align=\"left\"><span style=\"color: #000000; font-family: Helvetica;\"><img loading=\"lazy\" decoding=\"async\" class=\"alignright\" src=\"https:\/\/www.radiopiu.net\/wordpress\/wp-content\/uploads\/2024\/02\/pexels-photo-2965258.jpg\" width=\"304\" height=\"203\" \/>Nel cantiere di Firenze, come in diversi ambiti dei nostri territori, c\u2019erano ragazzi che lavoravano senza alcun contratto, senza permesso di soggiorno o con i documenti scaduti, giovani arrivati in quello che dovrebbe essere un Paese avanzato con la speranza di costruirsi un futuro migliore attraverso il lavoro. Lavoratori immigrati irregolari che per non delinquere accettano di lavorare in nero in un contesto di sfruttamento e degrado, mantenendo in piedi la macchina del consumo a basso costo, della logistica, della filiera del tessile, dell\u2019agricoltura e dell\u2019edilizia. Siamo cos\u00ec sicuri che la Puglia e la tristemente famosa raccolta dei pomodori sia cos\u00ec distante da certe situazioni di caporalato accertate anche nelle nostre belle colline del Prosecco patrimonio dell\u2019Unesco?<\/span><\/div>\n<div align=\"left\"><span style=\"color: #000000; font-family: Helvetica;\">Inasprire le norme sugli appalti a cascata, garantendo anche nei lavori privati gli stessi standard contrattuali per tutta la catena d\u2019appalto, \u00e8 solo un primo passo per iniziare davvero ad affondare un colpo allo sfruttamento del lavoro. Si potr\u00e0 raggiungere un livello accettabile di sicurezza per i lavoratori solo se vi sar\u00e0 la volont\u00e0 da parte tutti i soggetti di agire su tutte le leve necessarie per cancellare fenomeni di illegalit\u00e0.<\/span><\/div>\n<div align=\"left\"><span style=\"color: #000000; font-family: Helvetica;\">Oggi \u00e8 necessario pi\u00f9 che mai un grande piano di investimenti in formazione obbligatoria a partire dalle imprese, quale prerequisito per l\u2019avvio di un\u2019attivit\u00e0 edile in Camera di Commercio, ma anche formazione obbligatoria preventiva sulla sicurezza a tutti coloro che entrano in un cantiere e, per gli stranieri, alfabetizzazione edile propedeutica. Servono regole nuove e certe per chi viene a vivere, lavorare (e pagare le tasse) nel nostro Paese.<\/span><\/div>\n<div align=\"left\"><span style=\"color: #000000; font-family: Helvetica;\">Serve certezza di una grande alleanza, una vera e reale azione di responsabilit\u00e0 che metta la tutela della salute e la sicurezza nei luoghi di lavoro come priorit\u00e0 assoluta nelle agende di tutti i soggetti coinvolti a partire dalle imprese, dalle istituzioni e dalla politica, riuniti in un unico obiettivo: difendere il bene pi\u00f9 prezioso per il mondo del lavoro, la vita delle persone che ogni giorno mandano avanti fabbriche, scuole, cantieri, trasporti. Per questo la Cisl da oggi d\u00e0 il via a una grande stagione di indignazione e di mobilitazione nelle fabbriche, negli uffici pubblici e privati e in tutti i luoghi di lavoro. <\/span><\/div>\n<p>&nbsp;<\/p>\n<div align=\"left\"><\/div>\n<div align=\"left\">\n<hr \/>\n<\/div>\n<div align=\"left\"><strong>\u00a0<\/strong><\/div>\n<div align=\"left\"><strong>LA GIUDIZIARIA\u00a0<\/strong><\/div>\n<div align=\"left\">\n<p><strong>OGGI SUL CORRIERE DELLE ALPI\u00a0<\/strong><\/p>\n<p><strong>BELLUNO<\/strong> Accusato ingiustamente di lesioni colpose e fuga, viene assolto dopo un lungo incubo legale. Coinvolto in un presunto incidente stradale nel 2020, testimoni e prove indicano un Fiat Fiorino, mentre il suo veicolo \u00e8 un Volkswagen Caddy. La perizia medica e le testimonianze degli automobilisti confermano la sua estraneit\u00e0 ai fatti. Difeso dall&#8217;avvocata Daniela Tonion, ottiene l&#8217;assoluzione per non aver commesso il fatto.<\/p>\n<\/div>\n<div align=\"left\"><\/div>\n<div align=\"left\"><strong>FELTRE<\/strong> Un giovane ha patteggiato una pena di un anno e dieci mesi con la condizionale per maltrattamenti e stalking contro l&#8217;ex fidanzata. Dovr\u00e0 seguire un percorso psichiatrico per dimostrare consapevolezza dei suoi atti. Gli episodi di maltrattamenti risalgono al periodo tra il 2021 e il 2023, mentre lo stalking va dall&#8217;aprile al giugno 2023. Ha versato un risarcimento e chiesto il patteggiamento, accettato dal giudice nell&#8217;udienza di ieri.<\/div>\n<div align=\"left\"><\/div>\n<div align=\"left\"><strong>SAPPADA <\/strong>Il veneziano proprietario di una casa a Sappada,\u00a0 \u00e8 stato assolto dall&#8217;accusa di abuso edilizio dopo un contenzioso con i vicini riguardante la sistemazione di un parcheggio davanti all&#8217;immobile. Nonostante l&#8217;esito positivo del processo durato quattro anni, l&#8217;uomo ha deciso di vendere casa, considerando l&#8217;esperienza amara vissuta a Sappada.<\/div>\n<p>&nbsp;<\/p>\n<hr \/>\n<p>&nbsp;<\/p>\n<blockquote>\n<h3>LIETO EVENTO AL SAN MARTINO: IN 72 ORE NATI 4 BAMBINI DI AURONZO<\/h3>\n<\/blockquote>\n<p><strong><a class=\"dt-pswp-item\" href=\"https:\/\/www.radiopiu.net\/wordpress\/wp-content\/uploads\/2024\/02\/IMG-20240219-WA0002.jpg\" data-dt-img-description=\"\" data-large_image_width=\"1600\" data-large_image_height=\"1168\"><img loading=\"lazy\" decoding=\"async\" class=\" wp-image-375469 alignleft\" src=\"https:\/\/www.radiopiu.net\/wordpress\/wp-content\/uploads\/2024\/02\/IMG-20240219-WA0002-300x219.jpg\" alt=\"\" width=\"171\" height=\"125\" srcset=\"https:\/\/www.radiopiu.net\/wordpress\/wp-content\/uploads\/2024\/02\/IMG-20240219-WA0002-300x219.jpg 300w, https:\/\/www.radiopiu.net\/wordpress\/wp-content\/uploads\/2024\/02\/IMG-20240219-WA0002-1024x748.jpg 1024w, https:\/\/www.radiopiu.net\/wordpress\/wp-content\/uploads\/2024\/02\/IMG-20240219-WA0002-768x561.jpg 768w, https:\/\/www.radiopiu.net\/wordpress\/wp-content\/uploads\/2024\/02\/IMG-20240219-WA0002-1536x1121.jpg 1536w, https:\/\/www.radiopiu.net\/wordpress\/wp-content\/uploads\/2024\/02\/IMG-20240219-WA0002.jpg 1600w\" sizes=\"auto, (max-width: 171px) 100vw, 171px\" \/><\/a>BELLUNO <\/strong>Nelle ultime 72 ore l\u2019Ostetricia e la Pediatria dell\u2019ospedale San Martino di Belluno hanno accolto con gioia due coppie di gemelli residenti ad Auronzo di Cadore: Davide e Lorenzo Corte Metto e Carlotta e Riccardo Emiliani.\u00a0 Le mamme Monica Comis Da Ronco e Giulia Zandonella Necca sono state seguite nel percorso dedicato alle gravidanze gemellari e si sono rivolte all&#8217;ospedale di Belluno per la nascita dei loro piccoli, avvenuta a poche ore di distanza tra loro. Entrambe le mamme sono al loro secondo parto e hanno potuto contare durante il travaglio, il parto e la degenza della presenza dei fratellini e dei pap\u00e0 Aldo Corte Metto e Emanuele Emiliani. \u00abNel corso del 2023 sono state 8 le coppie di gemelli seguite nei nostri ambulatori; 2 sono le coppie di gemelli nate nei primi 50 giorni del 2024. Un caloroso benvenuto a Davide, Lorenzo, Carlotta, Riccardo e tutti i nostri nuovi nati 2024 da parte delle equipe di Ostetricia e Pediatria dell\u2019ospedale San Martino di Belluno\u00bb, commenta Giampaolo Tandurella, direttore della Ostetricia di Belluno. I nati nel mese di gennaio 2024 sono 45, contro i 34 del mese di gennaio 2023 , un incremento percentuale pari al 32%.\u00a0 Un trend in crescita che fa ben sperare per il ripopolamento delle zone di montagna della nostra Provincia.<\/p>\n<p>&nbsp;<\/p>\n<p>&nbsp;<\/p>\n<hr \/>\n<p>&nbsp;<\/p>\n<blockquote>\n<h3>GLI STUDENTI FELTRINI SARANNO &#8220;AMBASCIATORI DI BELLEZZA&#8221;<\/h3>\n<\/blockquote>\n<p><strong>FELTRE<\/strong> Prender\u00e0 il via a giugno il progetto \u201cAmbasciatori di bellezza\u201d, promosso dal Comune di Feltre che vedr\u00e0 gli studenti feltrini realizzare video e podcast per promuovere sui social le bellezze artistiche della citt\u00e0.<\/p>\n<p><strong>DI DANIELE DALVIT<\/strong><\/p>\n<audio class=\"wp-audio-shortcode\" id=\"audio-375342-10\" preload=\"none\" style=\"width: 100%;\" controls=\"controls\"><source type=\"audio\/mpeg\" src=\"https:\/\/www.radiopiu.net\/wordpress\/wp-content\/uploads\/2024\/02\/Radio-Piu-Servizio-Ambasciatori-bellezza-Feltre.mp3?_=10\" \/><a href=\"https:\/\/www.radiopiu.net\/wordpress\/wp-content\/uploads\/2024\/02\/Radio-Piu-Servizio-Ambasciatori-bellezza-Feltre.mp3\">https:\/\/www.radiopiu.net\/wordpress\/wp-content\/uploads\/2024\/02\/Radio-Piu-Servizio-Ambasciatori-bellezza-Feltre.mp3<\/a><\/audio>\n<p>&nbsp;<\/p>\n\n\t\t\t<style type='text\/css'>\n\t\t\t\t#gallery-2 {\n\t\t\t\t\tmargin: auto;\n\t\t\t\t}\n\t\t\t\t#gallery-2 .gallery-item {\n\t\t\t\t\tfloat: left;\n\t\t\t\t\tmargin-top: 10px;\n\t\t\t\t\ttext-align: center;\n\t\t\t\t\twidth: 50%;\n\t\t\t\t}\n\t\t\t\t#gallery-2 img {\n\t\t\t\t\tborder: 2px solid #cfcfcf;\n\t\t\t\t}\n\t\t\t\t#gallery-2 .gallery-caption {\n\t\t\t\t\tmargin-left: 0;\n\t\t\t\t}\n\t\t\t\t\/* see gallery_shortcode() in wp-includes\/media.php *\/\n\t\t\t<\/style>\n\t\t<div id='gallery-2' class='dt-gallery-container gallery galleryid-375342 gallery-columns-2 gallery-size-medium'><dl class='gallery-item'>\n\t\t\t\t<dt class='gallery-icon landscape'>\n\t\t\t\t\t<a class=\"rollover rollover-zoom dt-pswp-item\" title=\"Feltre-Piazza-Maggiore\" data-dt-img-description=\"\" data-large_image_width=\"1595\" data-large_image_height=\"1054\"href='https:\/\/www.radiopiu.net\/wordpress\/wp-content\/uploads\/2024\/02\/Feltre-Piazza-Maggiore.jpg'><img loading=\"lazy\" decoding=\"async\" width=\"300\" height=\"198\" src=\"https:\/\/www.radiopiu.net\/wordpress\/wp-content\/uploads\/2024\/02\/Feltre-Piazza-Maggiore-300x198.jpg\" class=\"attachment-medium size-medium\" alt=\"\" srcset=\"https:\/\/www.radiopiu.net\/wordpress\/wp-content\/uploads\/2024\/02\/Feltre-Piazza-Maggiore-300x198.jpg 300w, https:\/\/www.radiopiu.net\/wordpress\/wp-content\/uploads\/2024\/02\/Feltre-Piazza-Maggiore-1024x677.jpg 1024w, https:\/\/www.radiopiu.net\/wordpress\/wp-content\/uploads\/2024\/02\/Feltre-Piazza-Maggiore-768x508.jpg 768w, https:\/\/www.radiopiu.net\/wordpress\/wp-content\/uploads\/2024\/02\/Feltre-Piazza-Maggiore-1536x1015.jpg 1536w, https:\/\/www.radiopiu.net\/wordpress\/wp-content\/uploads\/2024\/02\/Feltre-Piazza-Maggiore.jpg 1595w\" sizes=\"auto, (max-width: 300px) 100vw, 300px\" \/><\/a>\n\t\t\t\t<\/dt><\/dl><dl class='gallery-item'>\n\t\t\t\t<dt class='gallery-icon landscape'>\n\t\t\t\t\t<a class=\"rollover rollover-zoom dt-pswp-item\" title=\"270be2f8-ce6e-4d75-a6f3-8d6d493a2e86\" data-dt-img-description=\"\" data-large_image_width=\"1599\" data-large_image_height=\"899\"href='https:\/\/www.radiopiu.net\/wordpress\/wp-content\/uploads\/2024\/02\/270be2f8-ce6e-4d75-a6f3-8d6d493a2e86.jpg'><img loading=\"lazy\" decoding=\"async\" width=\"300\" height=\"169\" src=\"https:\/\/www.radiopiu.net\/wordpress\/wp-content\/uploads\/2024\/02\/270be2f8-ce6e-4d75-a6f3-8d6d493a2e86-300x169.jpg\" class=\"attachment-medium size-medium\" alt=\"\" srcset=\"https:\/\/www.radiopiu.net\/wordpress\/wp-content\/uploads\/2024\/02\/270be2f8-ce6e-4d75-a6f3-8d6d493a2e86-300x169.jpg 300w, https:\/\/www.radiopiu.net\/wordpress\/wp-content\/uploads\/2024\/02\/270be2f8-ce6e-4d75-a6f3-8d6d493a2e86-1024x576.jpg 1024w, https:\/\/www.radiopiu.net\/wordpress\/wp-content\/uploads\/2024\/02\/270be2f8-ce6e-4d75-a6f3-8d6d493a2e86-768x432.jpg 768w, https:\/\/www.radiopiu.net\/wordpress\/wp-content\/uploads\/2024\/02\/270be2f8-ce6e-4d75-a6f3-8d6d493a2e86-1536x864.jpg 1536w, https:\/\/www.radiopiu.net\/wordpress\/wp-content\/uploads\/2024\/02\/270be2f8-ce6e-4d75-a6f3-8d6d493a2e86.jpg 1599w\" sizes=\"auto, (max-width: 300px) 100vw, 300px\" \/><\/a>\n\t\t\t\t<\/dt><\/dl><br style=\"clear: both\" \/>\n\t\t\t<\/div>\n\n<p>&nbsp;<\/p>\n<p>&nbsp;<\/p>\n<hr \/>\n<p>&nbsp;<\/p>\n<blockquote>\n<h3><a class=\"dt-pswp-item\" href=\"https:\/\/www.radiopiu.net\/wordpress\/wp-content\/uploads\/2021\/10\/PIAZZA-MARTIRI-BELLUNO.jpg\" data-dt-img-description=\"\" data-large_image_width=\"1364\" data-large_image_height=\"908\"><img loading=\"lazy\" decoding=\"async\" class=\" wp-image-235813 alignleft\" src=\"https:\/\/www.radiopiu.net\/wordpress\/wp-content\/uploads\/2021\/10\/PIAZZA-MARTIRI-BELLUNO-300x200.jpg\" alt=\"\" width=\"171\" height=\"114\" srcset=\"https:\/\/www.radiopiu.net\/wordpress\/wp-content\/uploads\/2021\/10\/PIAZZA-MARTIRI-BELLUNO-300x200.jpg 300w, https:\/\/www.radiopiu.net\/wordpress\/wp-content\/uploads\/2021\/10\/PIAZZA-MARTIRI-BELLUNO-1024x682.jpg 1024w, https:\/\/www.radiopiu.net\/wordpress\/wp-content\/uploads\/2021\/10\/PIAZZA-MARTIRI-BELLUNO-768x511.jpg 768w, https:\/\/www.radiopiu.net\/wordpress\/wp-content\/uploads\/2021\/10\/PIAZZA-MARTIRI-BELLUNO.jpg 1364w\" sizes=\"auto, (max-width: 171px) 100vw, 171px\" \/><\/a>UN IMPIANTO PER LA PRODUZIONE DI IDROGENO A BELLUNO<\/h3>\n<\/blockquote>\n<p><strong>PER LE TRE RADIO, BARBARA PAOLAZZI<\/strong><\/p>\n<audio class=\"wp-audio-shortcode\" id=\"audio-375342-11\" preload=\"none\" style=\"width: 100%;\" controls=\"controls\"><source type=\"audio\/mpeg\" src=\"https:\/\/www.radiopiu.net\/wordpress\/wp-content\/uploads\/2024\/02\/PAOLAZZI-IMPIANTO-PRODUZIONE-IDROGENO-BELLUNO.mp3?_=11\" \/><a href=\"https:\/\/www.radiopiu.net\/wordpress\/wp-content\/uploads\/2024\/02\/PAOLAZZI-IMPIANTO-PRODUZIONE-IDROGENO-BELLUNO.mp3\">https:\/\/www.radiopiu.net\/wordpress\/wp-content\/uploads\/2024\/02\/PAOLAZZI-IMPIANTO-PRODUZIONE-IDROGENO-BELLUNO.mp3<\/a><\/audio>\n<p>&nbsp;<\/p>\n<p>&nbsp;<\/p>\n<hr \/>\n<p>&nbsp;<\/p>\n<blockquote>\n<h2>Autovelox a meno di un chilometro \u2013 Multa nulla<\/h2>\n<\/blockquote>\n<p><strong>REDAZIONE<\/strong> Da Falcade riceviamo e pubblichiamo la segnalazione dell&#8217;attento Rodolfo Pellegrinon<\/p>\n<p><strong><a class=\"dt-pswp-item\" href=\"https:\/\/www.radiopiu.net\/wordpress\/wp-content\/uploads\/2020\/09\/autovelox-1.jpg\" data-dt-img-description=\"\" data-large_image_width=\"1217\" data-large_image_height=\"694\"><img loading=\"lazy\" decoding=\"async\" class=\" wp-image-159887 alignleft\" src=\"https:\/\/www.radiopiu.net\/wordpress\/wp-content\/uploads\/2020\/09\/autovelox-1-300x171.jpg\" alt=\"\" width=\"232\" height=\"132\" srcset=\"https:\/\/www.radiopiu.net\/wordpress\/wp-content\/uploads\/2020\/09\/autovelox-1-300x171.jpg 300w, https:\/\/www.radiopiu.net\/wordpress\/wp-content\/uploads\/2020\/09\/autovelox-1-1024x584.jpg 1024w, https:\/\/www.radiopiu.net\/wordpress\/wp-content\/uploads\/2020\/09\/autovelox-1-768x438.jpg 768w, https:\/\/www.radiopiu.net\/wordpress\/wp-content\/uploads\/2020\/09\/autovelox-1-640x365.jpg 640w, https:\/\/www.radiopiu.net\/wordpress\/wp-content\/uploads\/2020\/09\/autovelox-1.jpg 1217w\" sizes=\"auto, (max-width: 232px) 100vw, 232px\" \/><\/a>FALCADE<\/strong> La Prefettura di Pavia dispone l\u2019archiviazione del verbale di accertamento sanzionatorio perch\u00e9 l\u2019Autovelox non era posizionato ad almeno un chilometro dall\u2019ultimo segnale che indicava la velocit\u00e0 massima consentita. Ancora verbali annullati per un autovelox che non era posizionato alla distanza minima. Nel ricorso veniva rilevato che l\u2019installazione del rilevatore di velocit\u00e0 di \u201ctipo fisso\u201d non rispettava quanto stabilito dal Decreto Ministeriale n. 282\/2017 ai punti 7.5 e 7.6 poich\u00e9 non risultava soddisfatta la distanza minima di un chilometro richiesta tra la postazione di rilevamento e l\u2019ultimo segnale stradale indicante la velocit\u00e0 consentita che insiste su una strada cui tale limite risulta diverso da quello presente sull\u2019arteria principale su cui \u00e9 installato l\u2019autovelox. Il Prefetto di Pavia, ritenuto necessario assicurare, anche d\u2019ufficio,il rispetto dei principi e criteri stabiliti nella Legge 120 del 2010 e nel Decreto del Ministero delle Infrastrutture e dei Trasporti n. 282 del 2017, che risultano vincolanti per tutti gli organi Accertatori e riportandosi all\u2019orientamento della Cassazione n. 25554\/2023 in cui si conferma la doverosi del rispetto del DM citato, ha disposto l\u2019archiviazione del verbale di accertamento sanzionatorio. Sarebbe interessante sapere se tutti gli autovelox installati in territorio Agordino rispettano queste disposizioni di legge.<br \/>\nRodolfo Pellegrinon<\/p>\n<\/div>\n<div data-block=\"true\" data-editor=\"avj4u\" data-offset-key=\"d3i0j-0-0\"><\/div>\n<p>&nbsp;<\/p>\n<hr \/>\n<p>&nbsp;<\/p>\n<p>&nbsp;<\/p>\n<blockquote>\n<h3>UNA LEZIONE DI EDUCAZIONE CIVICA A PALAZZO PILONI<\/h3>\n<\/blockquote>\n<p><strong>BELLUNO<\/strong> Gli studenti delle scuole medie di Ponte nelle Alpi hanno visitato Palazzo Piloni per una lezione di educazione civica sulla Provincia dopo la riforma Delrio. Il presidente Roberto Padrin e la vice Lucia Da Rold hanno illustrato il funzionamento della Provincia di secondo grado e le sue funzioni. La visita ha coinvolto la sala Piloni, la sala consiliare e la sala degli affreschi, permettendo ai ragazzi di comprendere la storia del Palazzo. La consigliera Da Rold sottolinea l&#8217;importanza di queste iniziative per trasmettere il senso delle istituzioni e promuovere un&#8217;educazione civica che formi cittadini consapevoli.<\/p>\n\n\t\t\t<style type='text\/css'>\n\t\t\t\t#gallery-3 {\n\t\t\t\t\tmargin: auto;\n\t\t\t\t}\n\t\t\t\t#gallery-3 .gallery-item {\n\t\t\t\t\tfloat: left;\n\t\t\t\t\tmargin-top: 10px;\n\t\t\t\t\ttext-align: center;\n\t\t\t\t\twidth: 33%;\n\t\t\t\t}\n\t\t\t\t#gallery-3 img {\n\t\t\t\t\tborder: 2px solid #cfcfcf;\n\t\t\t\t}\n\t\t\t\t#gallery-3 .gallery-caption {\n\t\t\t\t\tmargin-left: 0;\n\t\t\t\t}\n\t\t\t\t\/* see gallery_shortcode() in wp-includes\/media.php *\/\n\t\t\t<\/style>\n\t\t<div id='gallery-3' class='dt-gallery-container gallery galleryid-375342 gallery-columns-3 gallery-size-thumbnail'><dl class='gallery-item'>\n\t\t\t\t<dt class='gallery-icon landscape'>\n\t\t\t\t\t<a class=\"rollover rollover-zoom dt-pswp-item\" title=\"Ragazzi Palazzo Piloni 1\" data-dt-img-description=\"\" data-large_image_width=\"2560\" data-large_image_height=\"1920\"href='https:\/\/www.radiopiu.net\/wordpress\/wp-content\/uploads\/2024\/02\/Ragazzi-Palazzo-Piloni-1-scaled.jpg'><img loading=\"lazy\" decoding=\"async\" width=\"150\" height=\"150\" src=\"https:\/\/www.radiopiu.net\/wordpress\/wp-content\/uploads\/2024\/02\/Ragazzi-Palazzo-Piloni-1-150x150.jpg\" class=\"attachment-thumbnail size-thumbnail\" alt=\"\" \/><\/a>\n\t\t\t\t<\/dt><\/dl><dl class='gallery-item'>\n\t\t\t\t<dt class='gallery-icon landscape'>\n\t\t\t\t\t<a class=\"rollover rollover-zoom dt-pswp-item\" title=\"ragazzi Palazzo Piloni 2\" data-dt-img-description=\"\" data-large_image_width=\"2560\" data-large_image_height=\"1920\"href='https:\/\/www.radiopiu.net\/wordpress\/wp-content\/uploads\/2024\/02\/ragazzi-Palazzo-Piloni-2-scaled.jpg'><img loading=\"lazy\" decoding=\"async\" width=\"150\" height=\"150\" src=\"https:\/\/www.radiopiu.net\/wordpress\/wp-content\/uploads\/2024\/02\/ragazzi-Palazzo-Piloni-2-150x150.jpg\" class=\"attachment-thumbnail size-thumbnail\" alt=\"\" \/><\/a>\n\t\t\t\t<\/dt><\/dl><dl class='gallery-item'>\n\t\t\t\t<dt class='gallery-icon landscape'>\n\t\t\t\t\t<a class=\"rollover rollover-zoom dt-pswp-item\" title=\"ragazzi Palazzo Piloni 3\" data-dt-img-description=\"\" data-large_image_width=\"2560\" data-large_image_height=\"1920\"href='https:\/\/www.radiopiu.net\/wordpress\/wp-content\/uploads\/2024\/02\/ragazzi-Palazzo-Piloni-3-scaled.jpg'><img loading=\"lazy\" decoding=\"async\" width=\"150\" height=\"150\" src=\"https:\/\/www.radiopiu.net\/wordpress\/wp-content\/uploads\/2024\/02\/ragazzi-Palazzo-Piloni-3-150x150.jpg\" class=\"attachment-thumbnail size-thumbnail\" alt=\"\" \/><\/a>\n\t\t\t\t<\/dt><\/dl><br style=\"clear: both\" \/>\n\t\t\t<\/div>\n\n<p>&nbsp;<\/p>\n<hr \/>\n<p>&nbsp;<\/p>\n<p><strong><a class=\"dt-pswp-item\" href=\"https:\/\/www.radiopiu.net\/wordpress\/wp-content\/uploads\/2024\/01\/Senza-nome-34.png\" data-dt-img-description=\"\" data-large_image_width=\"239\" data-large_image_height=\"153\"><img loading=\"lazy\" decoding=\"async\" class=\"wp-image-369478 alignleft\" src=\"https:\/\/www.radiopiu.net\/wordpress\/wp-content\/uploads\/2024\/01\/Senza-nome-34.png\" alt=\"\" width=\"128\" height=\"82\" \/><\/a> <\/strong><\/p>\n<p><strong>\u00a0<\/strong><\/p>\n<p><strong>dal TG BELLUNESE di\u00a0 ANTENNA 3 ogni sera alle 19.30 sul canale 10 del digitale terrestre e alle 19 le anticipazioni alla radio.\u00a0 \u00a0 \u00a0<\/strong><\/p>\n<p>&nbsp;<\/p>\n<blockquote>\n<h2 class=\"_title post-title entry-title\">VARIANTE DI TAI, TUTTO COME DA CRONOPROGRAMMA<\/h2>\n<\/blockquote>\n<p>Intervistati SINDI MANUSHI (SINDACO PIEVE DI CADORE) (Servizio di\u00a0<a href=\"https:\/\/antennatre.medianordest.it\/redazione\/Fabio-Fioravanzi\/\">Fabio Fioravanzi<\/a>)<\/p>\n<p><iframe loading=\"lazy\" title=\"VARIANTE DI TAI, TUTTO COME DA CRONOPROGRAMMA | 20\/02\/2024\" width=\"1200\" height=\"675\" src=\"https:\/\/www.youtube.com\/embed\/-9RpC0pYVjM?feature=oembed\" frameborder=\"0\" allow=\"accelerometer; autoplay; clipboard-write; encrypted-media; gyroscope; picture-in-picture; web-share\" allowfullscreen><\/iframe><\/p>\n<p>&nbsp;<\/p>\n<hr \/>\n<p>&nbsp;<\/p>\n<blockquote>\n<h2>PER FABRIZIO PESCOSTA SI RIAPRONO LE PORTE DELLA RAI<\/h2>\n<\/blockquote>\n<p><strong><img loading=\"lazy\" decoding=\"async\" class=\"alignleft\" src=\"https:\/\/www.radiopiu.net\/wordpress\/wp-content\/uploads\/2021\/02\/pescosta-a.jpg\" width=\"160\" height=\"120\" \/>FALCADE<\/strong> Il capo brigata delle cucine degli agriturismi di Coldiretti Belluno, Fabrizio Pescosta, da Falcade agli studi Rai di Roma per parlare dei sapori della montagna. In onda su Rai 2 con Anna Falchi in &#8220;I fatti vostri&#8221;, presenter\u00e0 le polpette di radicchio di Verona Igp con formaggio Piave oro Dop e salsa allo yogurt locale. Coldiretti Belluno accoglie con soddisfazione la partecipazione, evidenziando il ruolo degli agriturismi nella promozione dei prodotti e del territorio. La presidente Chiara Bortolas sottolinea l&#8217;importanza della formazione per valorizzare la cucina contadina e favorire il turismo esperienziale e slow.<\/p>\n<p>&nbsp;<\/p>\n<hr \/>\n<p>&nbsp;<\/p>\n<blockquote>\n<h3>UN INCONTRO PER PARLARE DELLA NUOVA FOGNATURA CAPRILE-MASARE&#8217;<\/h3>\n<\/blockquote>\n<p><strong>ALLEGHE<\/strong> Bim Gsp informa che prossimamente inizieranno i lavori per la nuova tratta fognaria Caprile \u2013 Masar\u00e8 ad Alleghe. Per dettagli sul progetto e le tempistiche, \u00e8 previsto un incontro pubblico oggi alle 18:30 presso la sala Stoppani della Scuola Primaria di Alleghe. Tecnici di Gsp e il Progettista illustreranno le fasi del lavoro e le aree coinvolte, offrendo ai cittadini l&#8217;opportunit\u00e0 di partecipare attivamente alla comprensione dell&#8217;intervento.<\/p>\n<p>&nbsp;<\/p>\n<p>&nbsp;<\/p>\n<hr \/>\n<p>&nbsp;<\/p>\n<blockquote>\n<h3>LE PAROLE DELL&#8217;AFFIDO<\/h3>\n<\/blockquote>\n<p><strong>BELLUNO <\/strong>Il Centro per l&#8217;Affido e la Solidariet\u00e0 Familiare del distretto Belluno, in collaborazione con il Comune di Calalzo di Cadore e la Biblioteca Comunale di Calalzo, organizza \u201cLe parole dell\u2019affido familiare\u201d, un incontro di sensibilizzazione sul tema dell\u2019affido. L\u2019appuntamento \u00e8 per gioved\u00ec 29 febbraio alle 20.30 nella Biblioteca Comunale di Calalzo di Cadore.<\/p>\n<p>&nbsp;<\/p>\n<p>&nbsp;<\/p>\n<hr \/>\n<p>&nbsp;<\/p>\n<blockquote>\n<h3>IO CON TE: INCONTRI DEDICATI ALLE NEO MAMME<\/h3>\n<\/blockquote>\n<p><strong><a class=\"dt-pswp-item\" href=\"https:\/\/www.radiopiu.net\/wordpress\/wp-content\/uploads\/2024\/02\/io-con-te_valle.png\" data-dt-img-description=\"\" data-large_image_width=\"2000\" data-large_image_height=\"1414\"><img loading=\"lazy\" decoding=\"async\" class=\" wp-image-375311 alignleft\" src=\"https:\/\/www.radiopiu.net\/wordpress\/wp-content\/uploads\/2024\/02\/io-con-te_valle-300x212.png\" alt=\"\" width=\"157\" height=\"111\" srcset=\"https:\/\/www.radiopiu.net\/wordpress\/wp-content\/uploads\/2024\/02\/io-con-te_valle-300x212.png 300w, https:\/\/www.radiopiu.net\/wordpress\/wp-content\/uploads\/2024\/02\/io-con-te_valle-1024x724.png 1024w, https:\/\/www.radiopiu.net\/wordpress\/wp-content\/uploads\/2024\/02\/io-con-te_valle-768x543.png 768w, https:\/\/www.radiopiu.net\/wordpress\/wp-content\/uploads\/2024\/02\/io-con-te_valle-1536x1086.png 1536w, https:\/\/www.radiopiu.net\/wordpress\/wp-content\/uploads\/2024\/02\/io-con-te_valle.png 2000w\" sizes=\"auto, (max-width: 157px) 100vw, 157px\" \/><\/a>BELLUNO<\/strong> Il Consultorio Familiare di Belluno (Ulss Dolomiti) e il Comune di Valle di Cadore promuovono &#8220;Io con te&#8221;, un percorso di gruppo per mamme con bambini da 3 a 10 mesi. Composto da tre incontri mamma-bambino, offre uno spazio per condividere esperienze di maternit\u00e0. Gli incontri si terranno presso la Sala Consiliare del Comune di Valle di Cadore il 27 febbraio, 5 e 12 marzo, dalle 10.00 alle 11.30. Per iscrizioni e informazioni, contattare il Consultorio di Pieve di Cadore al 0435 341541 o <a target=\"_new\" rel=\"noopener\">consultoriofamiliare.pc@aulss1.veneto.it<\/a>.<\/p>\n<p>&nbsp;<\/p>\n<p>&nbsp;<\/p>\n<hr \/>\n<p>&nbsp;<\/p>\n<blockquote>\n<h3><a class=\"dt-pswp-item\" href=\"https:\/\/www.radiopiu.net\/wordpress\/wp-content\/uploads\/2024\/02\/9b5a8cc0-d8c6-4b57-8cf6-aaeb67304c98.jpg\" data-dt-img-description=\"\" data-large_image_width=\"1133\" data-large_image_height=\"1600\"><img loading=\"lazy\" decoding=\"async\" class=\" wp-image-375081 alignleft\" src=\"https:\/\/www.radiopiu.net\/wordpress\/wp-content\/uploads\/2024\/02\/9b5a8cc0-d8c6-4b57-8cf6-aaeb67304c98-212x300.jpg\" alt=\"\" width=\"112\" height=\"158\" srcset=\"https:\/\/www.radiopiu.net\/wordpress\/wp-content\/uploads\/2024\/02\/9b5a8cc0-d8c6-4b57-8cf6-aaeb67304c98-212x300.jpg 212w, https:\/\/www.radiopiu.net\/wordpress\/wp-content\/uploads\/2024\/02\/9b5a8cc0-d8c6-4b57-8cf6-aaeb67304c98-725x1024.jpg 725w, https:\/\/www.radiopiu.net\/wordpress\/wp-content\/uploads\/2024\/02\/9b5a8cc0-d8c6-4b57-8cf6-aaeb67304c98-768x1085.jpg 768w, https:\/\/www.radiopiu.net\/wordpress\/wp-content\/uploads\/2024\/02\/9b5a8cc0-d8c6-4b57-8cf6-aaeb67304c98-1088x1536.jpg 1088w, https:\/\/www.radiopiu.net\/wordpress\/wp-content\/uploads\/2024\/02\/9b5a8cc0-d8c6-4b57-8cf6-aaeb67304c98.jpg 1133w\" sizes=\"auto, (max-width: 112px) 100vw, 112px\" \/><\/a>I PIANI DI SICUREZZA DELL&#8217;ACQUA<\/h3>\n<\/blockquote>\n<p><strong>CESIOMAGGIORE<\/strong> I Piani di Sicurezza dell&#8217;Acqua sono necessari per garantire la qualit\u00e0 e la sicurezza dell&#8217;approvvigionamento idrico domestico. Impongono ai gestori acquedottistici di valutare rischi e punti deboli dei sistemi idrici, coinvolgendo la filiera dall&#8217;origine alle case. Questi piani comprendono azioni preventive, piani di emergenza e incontri informativi con gli utenti. L&#8217;obiettivo \u00e8 prevenire incidenti e garantire che l&#8217;acqua potabile, proveniente da chilometri di tubi, impianti e serbatoi, raggiunga le case in modo sicuro. Per questo viene organizzato un incontro pubblico venerdi alle 20:30 al Museo Etnografico Dolomiti di Cesiomaggiore<\/p>\n<p>&nbsp;<\/p>\n<p>&nbsp;<\/p>\n<hr \/>\n<p>&nbsp;<\/p>\n<blockquote>\n<h3>CONSIGLI COMUNALI<\/h3>\n<\/blockquote>\n<p><strong>FALCADE<\/strong> Consiglio comunale domani alle 20 convocato dal sindaco Mauro Salvaterra. Saranno 10 i punti in discussione. Tra questi le dimissioni del consigliere Axel De Pellegrin e l&#8217;ingresso di Ilario Tomaselli, l&#8217;individuazione del capogruppo di minoranza, una variazione a bilancio, l&#8217;approvazione del regolamento per la gestione del patrimonio boschivo e le modifiche al regolamento del servizio di Polizia Municipale<\/p>\n<p>&nbsp;<\/p>\n<p>&nbsp;<\/p>\n<hr \/>\n<p>&nbsp;<\/p>\n<blockquote>\n<h2><a class=\"dt-pswp-item\" href=\"https:\/\/www.radiopiu.net\/wordpress\/wp-content\/uploads\/2018\/08\/Trichiana5.jpg\" data-dt-img-description=\"\" data-large_image_width=\"2506\" data-large_image_height=\"1585\"><img loading=\"lazy\" decoding=\"async\" class=\" wp-image-57993 alignleft\" src=\"https:\/\/www.radiopiu.net\/wordpress\/wp-content\/uploads\/2018\/08\/Trichiana5-300x190.jpg\" alt=\"\" width=\"215\" height=\"136\" srcset=\"https:\/\/www.radiopiu.net\/wordpress\/wp-content\/uploads\/2018\/08\/Trichiana5-300x190.jpg 300w, https:\/\/www.radiopiu.net\/wordpress\/wp-content\/uploads\/2018\/08\/Trichiana5-768x486.jpg 768w, https:\/\/www.radiopiu.net\/wordpress\/wp-content\/uploads\/2018\/08\/Trichiana5-1024x648.jpg 1024w\" sizes=\"auto, (max-width: 215px) 100vw, 215px\" \/><\/a>LA MINORANZA CONVOCA LE ASSOCIAZIONI A TRICHIANA<\/h2>\n<\/blockquote>\n<p><strong>BORGO VALBELLUNA<\/strong> I consiglieri comunali Oliviero Dall\u2019Asen, Dario Dal Magro, Gianluca Franco e Milva Tremea, hanno convocato le associazioni locali per una serie di incontri presso le ex tre municipalit\u00e0 il 22 febbraio a Mel e il 27 febbraio a Lentiai, alle ore 20:15. L&#8217;obiettivo \u00e8 raccogliere necessit\u00e0, idee e suggerimenti per migliorare il rapporto con l\u2019Amministrazione Comunale e coinvolgere attivamente la comunit\u00e0 nella definizione delle priorit\u00e0 e delle azioni future. I consiglieri invitano i rappresentanti delle associazioni a esprimere le loro prospettive e proposte per affrontare le sfide attuali e pianificare il futuro.<\/p>\n<p>&nbsp;<\/p>\n<p>&nbsp;<\/p>\n<hr \/>\n<p>&nbsp;<\/p>\n<h2><span style=\"color: #ff0000;\">OGGI L&#8217;ASSEMBLEA DI LIBERA AGORDINO<\/span><\/h2>\n<p><strong><a class=\"dt-pswp-item\" href=\"https:\/\/www.radiopiu.net\/wordpress\/wp-content\/uploads\/2023\/06\/LIBERA-AGORDINO.jpg\" data-dt-img-description=\"\" data-large_image_width=\"640\" data-large_image_height=\"640\"><img loading=\"lazy\" decoding=\"async\" class=\" wp-image-338852 alignleft\" src=\"https:\/\/www.radiopiu.net\/wordpress\/wp-content\/uploads\/2023\/06\/LIBERA-AGORDINO-300x300.jpg\" alt=\"\" width=\"129\" height=\"129\" srcset=\"https:\/\/www.radiopiu.net\/wordpress\/wp-content\/uploads\/2023\/06\/LIBERA-AGORDINO-300x300.jpg 300w, https:\/\/www.radiopiu.net\/wordpress\/wp-content\/uploads\/2023\/06\/LIBERA-AGORDINO-150x150.jpg 150w, https:\/\/www.radiopiu.net\/wordpress\/wp-content\/uploads\/2023\/06\/LIBERA-AGORDINO.jpg 640w\" sizes=\"auto, (max-width: 129px) 100vw, 129px\" \/><\/a>DI GIANNI SANTOMASO<\/strong><\/p>\n<p>Ospiti: Liana Cavallet, Carlo Sartor e Johannes Keintzel<\/p>\n<audio class=\"wp-audio-shortcode\" id=\"audio-375342-12\" preload=\"none\" style=\"width: 100%;\" controls=\"controls\"><source type=\"audio\/mpeg\" src=\"https:\/\/www.radiopiu.net\/wordpress\/wp-content\/uploads\/2024\/02\/21-febbraio-Intervista-pre-assemblea-Presidio-Libera-con-Liana-Cavallet_Carlo-Sartor_Johannes-Keintzel.mp3?_=12\" \/><a href=\"https:\/\/www.radiopiu.net\/wordpress\/wp-content\/uploads\/2024\/02\/21-febbraio-Intervista-pre-assemblea-Presidio-Libera-con-Liana-Cavallet_Carlo-Sartor_Johannes-Keintzel.mp3\">https:\/\/www.radiopiu.net\/wordpress\/wp-content\/uploads\/2024\/02\/21-febbraio-Intervista-pre-assemblea-Presidio-Libera-con-Liana-Cavallet_Carlo-Sartor_Johannes-Keintzel.mp3<\/a><\/audio>\n<p>&nbsp;<\/p>\n<p>&nbsp;<\/p>\n<hr \/>\n<blockquote>\n<h3><\/h3>\n<h3>UN INCONTRO CON LIBERA PER PARLARE DI STRAGI<\/h3>\n<\/blockquote>\n<p><strong><a class=\"dt-pswp-item\" href=\"https:\/\/www.radiopiu.net\/wordpress\/wp-content\/uploads\/2023\/07\/LIBERA-BELLUNO.png\" data-dt-img-description=\"\" data-large_image_width=\"681\" data-large_image_height=\"681\"><img loading=\"lazy\" decoding=\"async\" class=\" wp-image-342607 alignleft\" src=\"https:\/\/www.radiopiu.net\/wordpress\/wp-content\/uploads\/2023\/07\/LIBERA-BELLUNO-300x300.png\" alt=\"\" width=\"99\" height=\"99\" \/><\/a>BELLUNO<\/strong> Domani alle 18:00 si terr\u00e0 una conversazione dal titolo &#8220;Italia, Paese delle Stragi: La Storia si Ripete&#8221;. La discussione sar\u00e0 guidata da I.M.D., scrittore ed investigatore della Polizia di Stato, e condotta da Franco Tosolini. L&#8217;evento si svolger\u00e0 presso il Ristorante &#8220;La Taverna&#8221; in via Cipro, 7 a Belluno. Per prenotazioni, \u00e8 possibile contattare il numero 0437 26839 o il 336 559177. La tematica sembra collegata a tensioni e intrighi, richiamando un brano dal libro &#8220;Sangue innocente&#8221; di I.M.D.<\/p>\n<p>&nbsp;<\/p>\n<p>&nbsp;<\/p>\n<hr \/>\n<p>&nbsp;<\/p>\n<p>&nbsp;<\/p>\n<blockquote>\n<h3 align=\"JUSTIFY\"><span style=\"font-family: Times New Roman, serif;\"><span style=\"font-size: medium;\"><b><a class=\"dt-pswp-item\" href=\"https:\/\/www.radiopiu.net\/wordpress\/wp-content\/uploads\/2024\/02\/06_Pietro-Paoletti_Deputazione-bellunese-dal-papa-3-scaled.jpg\" data-dt-img-description=\"\" data-large_image_width=\"2560\" data-large_image_height=\"1677\"><img loading=\"lazy\" decoding=\"async\" class=\" wp-image-375229 alignleft\" src=\"https:\/\/www.radiopiu.net\/wordpress\/wp-content\/uploads\/2024\/02\/06_Pietro-Paoletti_Deputazione-bellunese-dal-papa-3-300x197.jpg\" alt=\"\" width=\"222\" height=\"146\" srcset=\"https:\/\/www.radiopiu.net\/wordpress\/wp-content\/uploads\/2024\/02\/06_Pietro-Paoletti_Deputazione-bellunese-dal-papa-3-300x197.jpg 300w, https:\/\/www.radiopiu.net\/wordpress\/wp-content\/uploads\/2024\/02\/06_Pietro-Paoletti_Deputazione-bellunese-dal-papa-3-1024x671.jpg 1024w, https:\/\/www.radiopiu.net\/wordpress\/wp-content\/uploads\/2024\/02\/06_Pietro-Paoletti_Deputazione-bellunese-dal-papa-3-768x503.jpg 768w, https:\/\/www.radiopiu.net\/wordpress\/wp-content\/uploads\/2024\/02\/06_Pietro-Paoletti_Deputazione-bellunese-dal-papa-3-1536x1006.jpg 1536w, https:\/\/www.radiopiu.net\/wordpress\/wp-content\/uploads\/2024\/02\/06_Pietro-Paoletti_Deputazione-bellunese-dal-papa-3-2048x1342.jpg 2048w\" sizes=\"auto, (max-width: 222px) 100vw, 222px\" \/><\/a>Flavio Vizzutti presenta la pinacoteca del Seminario Gregoriano<\/b><\/span><\/span><\/h3>\n<\/blockquote>\n<p><strong>BELLUNO\u00a0<\/strong> <span style=\"font-family: Times New Roman, serif;\"><span style=\"font-size: medium;\">Venerd\u00ec 23 febbraio, alle ore 20:30, nell\u2019aula magna del Seminario Gregoriano di Belluno, si terr\u00e0 la seconda conferenza del ciclo di incontri organizzato in preparazione <\/span><\/span><span style=\"font-family: Times New Roman, serif;\"><span style=\"font-size: medium;\">alle celebrazioni per i settecento anni della dedicazione della chiesa di San Pietro a Belluno, anniversario che ricorrer\u00e0 nel 2026. I<\/span><\/span><span style=\"font-family: Times New Roman, serif;\"><span style=\"font-size: medium;\">nterverr\u00e0 Flavio Vizzutti, storico dell\u2019arte conosciuto e apprezzato per i suoi numerosi studi sull\u2019arte veneta e friulana condotti in oltre quarantacinque anni di attivit\u00e0<\/span><\/span><\/p>\n<p>&nbsp;<\/p>\n<p>&nbsp;<\/p>\n<hr \/>\n<p>&nbsp;<\/p>\n<blockquote>\n<h3>APPUNTAMENTI CON L&#8217;ASSOCIAZIONE DONATORI DI ORGANI<\/h3>\n<\/blockquote>\n<p><strong>BELLUNO<\/strong> L&#8217;Aido Belluno organizza degli eventi:\u00a0 Il 28 febbraio alla casa funeraria Donadel, con approfondimenti sulla donazione degli organi. I contatti per informazioni sono al numero 336200212.<\/p>\n<p>&nbsp;<\/p>\n<hr \/>\n<p>&nbsp;<\/p>\n<blockquote>\n<blockquote>\n<h3>ASCA CERCA OPERATORI SOCIO SANITARI<\/h3>\n<\/blockquote>\n<\/blockquote>\n<p><strong><a class=\"dt-pswp-item\" href=\"https:\/\/www.radiopiu.net\/wordpress\/wp-content\/uploads\/2020\/04\/ASCA.png\" data-dt-img-description=\"\" data-large_image_width=\"1211\" data-large_image_height=\"668\"><img loading=\"lazy\" decoding=\"async\" class=\" wp-image-128881 alignleft\" src=\"https:\/\/www.radiopiu.net\/wordpress\/wp-content\/uploads\/2020\/04\/ASCA-300x165.png\" alt=\"\" width=\"157\" height=\"86\" srcset=\"https:\/\/www.radiopiu.net\/wordpress\/wp-content\/uploads\/2020\/04\/ASCA-300x165.png 300w, https:\/\/www.radiopiu.net\/wordpress\/wp-content\/uploads\/2020\/04\/ASCA-1024x565.png 1024w, https:\/\/www.radiopiu.net\/wordpress\/wp-content\/uploads\/2020\/04\/ASCA-768x424.png 768w, https:\/\/www.radiopiu.net\/wordpress\/wp-content\/uploads\/2020\/04\/ASCA.png 1211w\" sizes=\"auto, (max-width: 157px) 100vw, 157px\" \/><\/a>AGORDO<\/strong> L&#8217;A.S.C.A. ha pubblicato un avviso di selezione per creare una graduatoria di idoneit\u00e0 volta all&#8217;assunzione di Operatori Socio Sanitari (OSS) a tempo determinato e indeterminato, sia a tempo pieno che parziale, presso le sedi di Agordo, Taibon Agordino e i Comuni Agordini per il servizio domiciliare. Il contratto di riferimento \u00e8 regolato dal CCNL UNEBA, con un trattamento economico basato sul livello contrattuale 4S, incluso un superminimo di \u20ac2.502,39 lordi annui. Vengono offerti vantaggi quali l&#8217;accesso al Welfare Aziendale e la possibilit\u00e0 di sistemazione abitativa gratuita per 8 mesi, con eventuali costi per le utenze. Scadenza domande entro venerd\u00ec 23 febbraio alle 12.<\/p>\n<p>&nbsp;<\/p>\n<p>&nbsp;<\/p>\n<hr \/>\n<p>&nbsp;<\/p>\n<blockquote>\n<h3>GARDENSIA PER LA FESTA DELLA DONNA<\/h3>\n<\/blockquote>\n<p><strong>BELLUNO <\/strong>Per la Festa della Donna, nelle principali piazze italiane ritorna \u201cGardensia\u201d. Potrete scegliere tra una gardenia o un\u2019ortensia, oppure sceglierle entrambe. Grazie ai vostri contributo, si potr\u00e0 continuare a sostenere la ricerca scientifica sulla sclerosi multipla e patologie correlate e garantire e potenziare i servizi sul territorio alle persone colpite, la maggior parte delle quali sono giovani e donne. La vendita \u00e8 prevista nelle giornate del 8-9-10 marzo.<\/p>\n<p>&nbsp;<\/p>\n<p>&nbsp;<\/p>\n<hr \/>\n<p>&nbsp;<\/p>\n<h2><span style=\"color: #ff6600;\">IERI ALLA RADIO\u00a0<\/span><\/h2>\n<p>&nbsp;<\/p>\n<h1><span style=\"color: #000000;\">\u00a0&#8220;DINTORN E FORA VIA&#8221;\u00a0 IL PROGRAMMA\u00a0 A CURA DEL MUSLA\u00a0\u00a0<strong>\u00a0 \u00a0<\/strong><\/span><span style=\"color: #ff0000;\">\u00a0<\/span><\/h1>\n<h1 style=\"text-align: center;\"><span style=\"color: #ff0000;\">TERZO\u00a0 ANNO\u00a0 \u00a02024\u00a0 \u00a0<\/span><\/h1>\n<p><strong><a class=\"dt-pswp-item\" href=\"https:\/\/www.radiopiu.net\/wordpress\/wp-content\/uploads\/2023\/11\/c940f724-fa70-4c86-8c62-7c3d8d104cbf.jpg\" data-dt-img-description=\"\" data-large_image_width=\"231\" data-large_image_height=\"218\"><img loading=\"lazy\" decoding=\"async\" class=\"wp-image-359709 alignleft\" src=\"https:\/\/www.radiopiu.net\/wordpress\/wp-content\/uploads\/2023\/11\/c940f724-fa70-4c86-8c62-7c3d8d104cbf.jpg\" alt=\"\" width=\"139\" height=\"131\" \/><\/a>PUNTATA DEL 20 FEBBRAIO, DAVIDE CONEDERA\u00a0<\/strong><\/p>\n<audio class=\"wp-audio-shortcode\" id=\"audio-375342-13\" preload=\"none\" style=\"width: 100%;\" controls=\"controls\"><source type=\"audio\/mpeg\" src=\"https:\/\/www.radiopiu.net\/wordpress\/wp-content\/uploads\/2024\/02\/MUSLA-7.mp3?_=13\" \/><a href=\"https:\/\/www.radiopiu.net\/wordpress\/wp-content\/uploads\/2024\/02\/MUSLA-7.mp3\">https:\/\/www.radiopiu.net\/wordpress\/wp-content\/uploads\/2024\/02\/MUSLA-7.mp3<\/a><\/audio>\n<p>&nbsp;<\/p>\n<h2>LA RACCOLTA COMPLETA <span style=\"color: #0000ff;\"><strong><a style=\"color: #0000ff;\" href=\"https:\/\/www.radiopiu.net\/wordpress\/musla\/\">CLICCA QUI<\/a><\/strong><\/span><\/h2>\n<p>&nbsp;<\/p>\n<p>&nbsp;<\/p>\n<hr \/>\n<p>&nbsp;<\/p>\n<blockquote>\n<h2>I CRIFIU, L&#8217;INTERVISTA DI LUISA ALCHINI<\/h2>\n<\/blockquote>\n<p>&nbsp;<\/p>\n<p>I\u00a0Crifiu\u00a0sono un\u00a0gruppo musicale\u00a0pop rock\u00a0salentino attivo dai primi anni 2000. Ai microfoni di Radio Pi\u00f9 la band.<\/p>\n<p><strong>DI LUISA ALCHINI<\/strong><\/p>\n<audio class=\"wp-audio-shortcode\" id=\"audio-375342-14\" preload=\"none\" style=\"width: 100%;\" controls=\"controls\"><source type=\"audio\/mpeg\" src=\"https:\/\/www.radiopiu.net\/wordpress\/wp-content\/uploads\/2024\/02\/intervista-complerta-ai-crifiu-UFFICIALE.mp3?_=14\" \/><a href=\"https:\/\/www.radiopiu.net\/wordpress\/wp-content\/uploads\/2024\/02\/intervista-complerta-ai-crifiu-UFFICIALE.mp3\">https:\/\/www.radiopiu.net\/wordpress\/wp-content\/uploads\/2024\/02\/intervista-complerta-ai-crifiu-UFFICIALE.mp3<\/a><\/audio>\n<p>&nbsp;<\/p>\n\n\t\t\t<style type='text\/css'>\n\t\t\t\t#gallery-4 {\n\t\t\t\t\tmargin: auto;\n\t\t\t\t}\n\t\t\t\t#gallery-4 .gallery-item {\n\t\t\t\t\tfloat: left;\n\t\t\t\t\tmargin-top: 10px;\n\t\t\t\t\ttext-align: center;\n\t\t\t\t\twidth: 25%;\n\t\t\t\t}\n\t\t\t\t#gallery-4 img {\n\t\t\t\t\tborder: 2px solid #cfcfcf;\n\t\t\t\t}\n\t\t\t\t#gallery-4 .gallery-caption {\n\t\t\t\t\tmargin-left: 0;\n\t\t\t\t}\n\t\t\t\t\/* see gallery_shortcode() in wp-includes\/media.php *\/\n\t\t\t<\/style>\n\t\t<div id='gallery-4' class='dt-gallery-container gallery galleryid-375342 gallery-columns-4 gallery-size-thumbnail'><dl class='gallery-item'>\n\t\t\t\t<dt class='gallery-icon landscape'>\n\t\t\t\t\t<a class=\"rollover rollover-zoom dt-pswp-item\" title=\"Crifiu-1-web\" data-dt-img-description=\"\" data-large_image_width=\"1181\" data-large_image_height=\"787\"href='https:\/\/www.radiopiu.net\/wordpress\/wp-content\/uploads\/2024\/02\/Crifiu-1-web.jpeg'><img loading=\"lazy\" decoding=\"async\" width=\"150\" height=\"150\" src=\"https:\/\/www.radiopiu.net\/wordpress\/wp-content\/uploads\/2024\/02\/Crifiu-1-web-150x150.jpeg\" class=\"attachment-thumbnail size-thumbnail\" alt=\"\" \/><\/a>\n\t\t\t\t<\/dt><\/dl><dl class='gallery-item'>\n\t\t\t\t<dt class='gallery-icon landscape'>\n\t\t\t\t\t<a class=\"rollover rollover-zoom dt-pswp-item\" title=\"5c8ea20a-4c59-418f-99bc-4ff579d43e07\" data-dt-img-description=\"\" data-large_image_width=\"1280\" data-large_image_height=\"720\"href='https:\/\/www.radiopiu.net\/wordpress\/wp-content\/uploads\/2024\/02\/5c8ea20a-4c59-418f-99bc-4ff579d43e07.jpg'><img loading=\"lazy\" decoding=\"async\" width=\"150\" height=\"150\" src=\"https:\/\/www.radiopiu.net\/wordpress\/wp-content\/uploads\/2024\/02\/5c8ea20a-4c59-418f-99bc-4ff579d43e07-150x150.jpg\" class=\"attachment-thumbnail size-thumbnail\" alt=\"\" \/><\/a>\n\t\t\t\t<\/dt><\/dl><dl class='gallery-item'>\n\t\t\t\t<dt class='gallery-icon landscape'>\n\t\t\t\t\t<a class=\"rollover rollover-zoom dt-pswp-item\" title=\"6a724d73-f69e-42bc-ac34-40c61166ef6f\" data-dt-img-description=\"\" data-large_image_width=\"259\" data-large_image_height=\"194\"href='https:\/\/www.radiopiu.net\/wordpress\/wp-content\/uploads\/2024\/02\/6a724d73-f69e-42bc-ac34-40c61166ef6f.jpg'><img loading=\"lazy\" decoding=\"async\" width=\"150\" height=\"150\" src=\"https:\/\/www.radiopiu.net\/wordpress\/wp-content\/uploads\/2024\/02\/6a724d73-f69e-42bc-ac34-40c61166ef6f-150x150.jpg\" class=\"attachment-thumbnail size-thumbnail\" alt=\"\" \/><\/a>\n\t\t\t\t<\/dt><\/dl><dl class='gallery-item'>\n\t\t\t\t<dt class='gallery-icon landscape'>\n\t\t\t\t\t<a class=\"rollover rollover-zoom dt-pswp-item\" title=\"1aa14c7f-969e-4578-85cd-070d4fa18412\" data-dt-img-description=\"\" data-large_image_width=\"972\" data-large_image_height=\"972\"href='https:\/\/www.radiopiu.net\/wordpress\/wp-content\/uploads\/2024\/02\/1aa14c7f-969e-4578-85cd-070d4fa18412.jpg'><img loading=\"lazy\" decoding=\"async\" width=\"150\" height=\"150\" src=\"https:\/\/www.radiopiu.net\/wordpress\/wp-content\/uploads\/2024\/02\/1aa14c7f-969e-4578-85cd-070d4fa18412-150x150.jpg\" class=\"attachment-thumbnail size-thumbnail\" alt=\"\" srcset=\"https:\/\/www.radiopiu.net\/wordpress\/wp-content\/uploads\/2024\/02\/1aa14c7f-969e-4578-85cd-070d4fa18412-150x150.jpg 150w, https:\/\/www.radiopiu.net\/wordpress\/wp-content\/uploads\/2024\/02\/1aa14c7f-969e-4578-85cd-070d4fa18412-300x300.jpg 300w, https:\/\/www.radiopiu.net\/wordpress\/wp-content\/uploads\/2024\/02\/1aa14c7f-969e-4578-85cd-070d4fa18412-768x768.jpg 768w, https:\/\/www.radiopiu.net\/wordpress\/wp-content\/uploads\/2024\/02\/1aa14c7f-969e-4578-85cd-070d4fa18412.jpg 972w\" sizes=\"auto, (max-width: 150px) 100vw, 150px\" \/><\/a>\n\t\t\t\t<\/dt><\/dl><br style=\"clear: both\" \/><dl class='gallery-item'>\n\t\t\t\t<dt class='gallery-icon landscape'>\n\t\t\t\t\t<a class=\"rollover rollover-zoom dt-pswp-item\" title=\"aae99526-f1d6-4ba9-b328-9d68902bf436\" data-dt-img-description=\"\" data-large_image_width=\"1080\" data-large_image_height=\"789\"href='https:\/\/www.radiopiu.net\/wordpress\/wp-content\/uploads\/2024\/02\/aae99526-f1d6-4ba9-b328-9d68902bf436.jpg'><img loading=\"lazy\" decoding=\"async\" width=\"150\" height=\"150\" src=\"https:\/\/www.radiopiu.net\/wordpress\/wp-content\/uploads\/2024\/02\/aae99526-f1d6-4ba9-b328-9d68902bf436-150x150.jpg\" class=\"attachment-thumbnail size-thumbnail\" alt=\"\" \/><\/a>\n\t\t\t\t<\/dt><\/dl><dl class='gallery-item'>\n\t\t\t\t<dt class='gallery-icon landscape'>\n\t\t\t\t\t<a class=\"rollover rollover-zoom dt-pswp-item\" title=\"a13c30f8-7145-4530-9dd5-78cdc55240bb\" data-dt-img-description=\"\" data-large_image_width=\"1018\" data-large_image_height=\"831\"href='https:\/\/www.radiopiu.net\/wordpress\/wp-content\/uploads\/2024\/02\/a13c30f8-7145-4530-9dd5-78cdc55240bb.jpg'><img loading=\"lazy\" decoding=\"async\" width=\"150\" height=\"150\" src=\"https:\/\/www.radiopiu.net\/wordpress\/wp-content\/uploads\/2024\/02\/a13c30f8-7145-4530-9dd5-78cdc55240bb-150x150.jpg\" class=\"attachment-thumbnail size-thumbnail\" alt=\"\" \/><\/a>\n\t\t\t\t<\/dt><\/dl><dl class='gallery-item'>\n\t\t\t\t<dt class='gallery-icon landscape'>\n\t\t\t\t\t<a class=\"rollover rollover-zoom dt-pswp-item\" title=\"fb29b74b-f97f-45a7-b1db-1606e7bdb46e\" data-dt-img-description=\"\" data-large_image_width=\"1181\" data-large_image_height=\"787\"href='https:\/\/www.radiopiu.net\/wordpress\/wp-content\/uploads\/2024\/02\/fb29b74b-f97f-45a7-b1db-1606e7bdb46e.jpg'><img loading=\"lazy\" decoding=\"async\" width=\"150\" height=\"150\" src=\"https:\/\/www.radiopiu.net\/wordpress\/wp-content\/uploads\/2024\/02\/fb29b74b-f97f-45a7-b1db-1606e7bdb46e-150x150.jpg\" class=\"attachment-thumbnail size-thumbnail\" alt=\"\" \/><\/a>\n\t\t\t\t<\/dt><\/dl><dl class='gallery-item'>\n\t\t\t\t<dt class='gallery-icon landscape'>\n\t\t\t\t\t<a class=\"rollover rollover-zoom dt-pswp-item\" title=\"dbc61f61-1398-4f6f-8acb-231bbdbe52f3\" data-dt-img-description=\"\" data-large_image_width=\"900\" data-large_image_height=\"900\"href='https:\/\/www.radiopiu.net\/wordpress\/wp-content\/uploads\/2024\/02\/dbc61f61-1398-4f6f-8acb-231bbdbe52f3.jpg'><img loading=\"lazy\" decoding=\"async\" width=\"150\" height=\"150\" src=\"https:\/\/www.radiopiu.net\/wordpress\/wp-content\/uploads\/2024\/02\/dbc61f61-1398-4f6f-8acb-231bbdbe52f3-150x150.jpg\" class=\"attachment-thumbnail size-thumbnail\" alt=\"\" srcset=\"https:\/\/www.radiopiu.net\/wordpress\/wp-content\/uploads\/2024\/02\/dbc61f61-1398-4f6f-8acb-231bbdbe52f3-150x150.jpg 150w, https:\/\/www.radiopiu.net\/wordpress\/wp-content\/uploads\/2024\/02\/dbc61f61-1398-4f6f-8acb-231bbdbe52f3-300x300.jpg 300w, https:\/\/www.radiopiu.net\/wordpress\/wp-content\/uploads\/2024\/02\/dbc61f61-1398-4f6f-8acb-231bbdbe52f3-768x768.jpg 768w, https:\/\/www.radiopiu.net\/wordpress\/wp-content\/uploads\/2024\/02\/dbc61f61-1398-4f6f-8acb-231bbdbe52f3.jpg 900w\" sizes=\"auto, (max-width: 150px) 100vw, 150px\" \/><\/a>\n\t\t\t\t<\/dt><\/dl><br style=\"clear: both\" \/>\n\t\t\t<\/div>\n\n<p>&nbsp;<\/p>\n<hr \/>\n<p>&nbsp;<\/p>\n<blockquote>\n<h2>4 PAS IN DOI, SOLO VENERDI ON LINE ISCRIZIONI A 30 EURO<\/h2>\n<\/blockquote>\n<p><strong>AGORDO<\/strong> La 4 pas in doi di Agordo si preannuncia con il l&#8217;ormai consolidato grande interesse dei &#8220;grandi&#8221; ma anche dei pi\u00f9 giovani. La prima novit\u00e0: venerd\u00ec\u00a0 apriranno ufficialmente le iscrizioni online per la sesta edizione della gara di corsa a coppie!\u00a0 \u00a0SOLO IL PRIMO GIORNO PREZZO TOP: 30 euro, 50 da sabato. Da lunedi iscrizioni anche presso l&#8217;ufficio turistico di via 27 aprile. Collegati venerd\u00ec su <a class=\"x1i10hfl xjbqb8w x1ejq31n xd10rxx x1sy0etr x17r0tee x972fbf xcfux6l x1qhh985 xm0m39n x9f619 x1ypdohk xt0psk2 xe8uvvx xdj266r x11i5rnm xat24cr x1mh8g0r xexx8yu x4uap5 x18d9i69 xkhd6sd x16tdsg8 x1hl2dhg xggy1nq x1a2a7pz xt0b8zv x1fey0fg\" tabindex=\"0\" role=\"link\" href=\"http:\/\/www.4pasindoi.it\/?fbclid=IwAR2xJZo0UdQkXdtv1pfH5wd-awXW624jbmPK7gAcveunCERiz3kynIE0SQA\" target=\"_blank\" rel=\"nofollow noopener noreferrer\">www.4pasindoi.it<\/a> e iscriviti per non perderti questa epica avventura nel cuore <strong><a class=\"dt-pswp-item\" href=\"https:\/\/www.radiopiu.net\/wordpress\/wp-content\/uploads\/2020\/07\/Daniele-Galligani.jpg\" data-dt-img-description=\"\" data-large_image_width=\"2048\" data-large_image_height=\"1362\"><img loading=\"lazy\" decoding=\"async\" class=\"wp-image-149501 alignleft\" src=\"https:\/\/www.radiopiu.net\/wordpress\/wp-content\/uploads\/2020\/07\/Daniele-Galligani-300x200.jpg\" alt=\"\" width=\"137\" height=\"91\" srcset=\"https:\/\/www.radiopiu.net\/wordpress\/wp-content\/uploads\/2020\/07\/Daniele-Galligani-300x200.jpg 300w, https:\/\/www.radiopiu.net\/wordpress\/wp-content\/uploads\/2020\/07\/Daniele-Galligani-1024x681.jpg 1024w, https:\/\/www.radiopiu.net\/wordpress\/wp-content\/uploads\/2020\/07\/Daniele-Galligani-768x511.jpg 768w, https:\/\/www.radiopiu.net\/wordpress\/wp-content\/uploads\/2020\/07\/Daniele-Galligani-1536x1022.jpg 1536w, https:\/\/www.radiopiu.net\/wordpress\/wp-content\/uploads\/2020\/07\/Daniele-Galligani.jpg 2048w\" sizes=\"auto, (max-width: 137px) 100vw, 137px\" \/><\/a><\/strong>delle Dolomiti.<\/p>\n<h3>L&#8217;INTERVISTA ALLA RADIO CON DANIELE GALLIGANI<\/h3>\n<audio class=\"wp-audio-shortcode\" id=\"audio-375342-15\" preload=\"none\" style=\"width: 100%;\" controls=\"controls\"><source type=\"audio\/mpeg\" src=\"https:\/\/www.radiopiu.net\/wordpress\/wp-content\/uploads\/2024\/02\/DANIELE-GALLIGANI-FEB-2024.mp3?_=15\" \/><a href=\"https:\/\/www.radiopiu.net\/wordpress\/wp-content\/uploads\/2024\/02\/DANIELE-GALLIGANI-FEB-2024.mp3\">https:\/\/www.radiopiu.net\/wordpress\/wp-content\/uploads\/2024\/02\/DANIELE-GALLIGANI-FEB-2024.mp3<\/a><\/audio>\n<p>\u200b<\/p>\n<hr \/>\n<p>&nbsp;<\/p>\n<blockquote class=\"wp-embedded-content\" data-secret=\"ReBSw7cIAL\"><p><a href=\"https:\/\/www.radiopiu.net\/wordpress\/da-daa-4\/\">EL DARLIN, RIASCOLTIAMOLI PUNTATA 04  OTTORINO SOPPELSA<\/a><\/p><\/blockquote>\n<p><iframe loading=\"lazy\" class=\"wp-embedded-content\" sandbox=\"allow-scripts\" security=\"restricted\" style=\"position: absolute; clip: rect(1px, 1px, 1px, 1px);\" title=\"&#8220;EL DARLIN, RIASCOLTIAMOLI PUNTATA 04  OTTORINO SOPPELSA&#8221; &#8212; Radio Pi\u00f9\" src=\"https:\/\/www.radiopiu.net\/wordpress\/da-daa-4\/embed\/#?secret=gTBWYZhuX3#?secret=ReBSw7cIAL\" data-secret=\"ReBSw7cIAL\" width=\"600\" height=\"338\" frameborder=\"0\" marginwidth=\"0\" marginheight=\"0\" scrolling=\"no\"><\/iframe><\/p>\n<p>&nbsp;<\/p>\n<hr \/>\n<p>&nbsp;<\/p>\n<h2><span style=\"color: #ff0000;\">GLI APPUNTAMENTI DELLA SETTIMANA<\/span><span style=\"color: #ff0000;\">\u00a0 <\/span><\/h2>\n<p><strong>PEDAVENA<\/strong> \u201cIl testamento biologico, questo sconosciuto. La facolt\u00e0 di scegliere in un contesto di cura\u201d: questo il titolo dell&#8217;incontro organizzato dal Lions Club Feltre Host in collaborazione con il Leo Club Feltre e patrocinato dal Comune di Pedavena in programma per oggi, alle ore 20.00, in Sala Guarnieri a Pedavena.<\/p>\n<h2><span style=\"color: #ff0000;\">PROSSIMAMENTE<\/span><\/h2>\n<p><strong>FELTRE<\/strong> La Famiglia Ex Emigranti del Feltrino organizza la gita alla fiera &#8220;Orto Giardino&#8221; a Pordenonefiere il 6 marzo. La partenza \u00e8 alle 13 da Pedavena, con passaggio a Feltre. Il programma include l&#8217;ingresso alla fiera e una tappa in pizzeria durante il rientro. Per informazioni 40 262 9562.<\/p>\n<p><strong>CENCENIGHE<\/strong> DOMENICA 3 MARZO 10 anni di Oh Per Bacco, 2014_2024, dalle 16.00 la festa<\/p>\n<blockquote>\n<h2><a class=\"dt-pswp-item\" href=\"https:\/\/www.radiopiu.net\/wordpress\/wp-content\/uploads\/2024\/02\/424975281_17930049686820544_8669192397721482723_n.jpg\" data-dt-img-description=\"\" data-large_image_width=\"512\" data-large_image_height=\"640\"><img loading=\"lazy\" decoding=\"async\" class=\"size-medium wp-image-375410 aligncenter\" src=\"https:\/\/www.radiopiu.net\/wordpress\/wp-content\/uploads\/2024\/02\/424975281_17930049686820544_8669192397721482723_n-240x300.jpg\" alt=\"\" width=\"240\" height=\"300\" srcset=\"https:\/\/www.radiopiu.net\/wordpress\/wp-content\/uploads\/2024\/02\/424975281_17930049686820544_8669192397721482723_n-240x300.jpg 240w, https:\/\/www.radiopiu.net\/wordpress\/wp-content\/uploads\/2024\/02\/424975281_17930049686820544_8669192397721482723_n.jpg 512w\" sizes=\"auto, (max-width: 240px) 100vw, 240px\" \/><\/a><\/h2>\n<h2><\/h2>\n<\/blockquote>\n<div>\n<div class=\"\" dir=\"auto\">\n<div id=\":r9h:\" class=\"x1iorvi4 x1pi30zi x1l90r2v x1swvt13\" data-ad-comet-preview=\"message\" data-ad-preview=\"message\">\n<div class=\"x78zum5 xdt5ytf xz62fqu x16ldp7u\">\n<div class=\"xu06os2 x1ok221b\">\n<blockquote>\n<h3 style=\"text-align: center;\">LE CAMPE: 9 marzo con la Combricola del Blasko<\/h3>\n<\/blockquote>\n<p><a class=\"dt-pswp-item\" href=\"https:\/\/www.radiopiu.net\/wordpress\/wp-content\/uploads\/2024\/02\/Senza-nome-52.png\" data-dt-img-description=\"\" data-large_image_width=\"268\" data-large_image_height=\"486\"><img loading=\"lazy\" decoding=\"async\" class=\"size-medium wp-image-375373 aligncenter\" src=\"https:\/\/www.radiopiu.net\/wordpress\/wp-content\/uploads\/2024\/02\/Senza-nome-52-165x300.png\" alt=\"\" width=\"165\" height=\"300\" srcset=\"https:\/\/www.radiopiu.net\/wordpress\/wp-content\/uploads\/2024\/02\/Senza-nome-52-165x300.png 165w, https:\/\/www.radiopiu.net\/wordpress\/wp-content\/uploads\/2024\/02\/Senza-nome-52.png 268w\" sizes=\"auto, (max-width: 165px) 100vw, 165px\" \/><\/a><\/p>\n<\/div>\n<\/div>\n<\/div>\n<\/div>\n<\/div>\n<blockquote>\n<h2><\/h2>\n<h2><\/h2>\n<h2>SAVE THE DATE FESTIVAL&#8230;. VAI COL TOTO OSPITI<\/h2>\n<blockquote>\n<h3>SAVE THE DATE FESTIVAL AL RIFUGIO LARESEI&#8230;IL 7 APRILE SARA&#8217; UNA GIORNATA INDIMENTICABILE<\/h3>\n<\/blockquote>\n<p><strong>REDAZIONE<\/strong>\u00a0 Il <a class=\"x1i10hfl xjbqb8w x1ejq31n xd10rxx x1sy0etr x17r0tee x972fbf xcfux6l x1qhh985 xm0m39n x9f619 x1ypdohk xt0psk2 xe8uvvx xdj266r x11i5rnm xat24cr x1mh8g0r xexx8yu x4uap5 x18d9i69 xkhd6sd x16tdsg8 x1hl2dhg xggy1nq x1a2a7pz xt0b8zv x1fey0fg xo1l8bm\" tabindex=\"0\" role=\"link\" href=\"https:\/\/www.facebook.com\/profile.php?id=100045091193257&amp;__cft__[0]=AZUM8vX7w0tdsV8ZOHRMW344V6T9IviMf0lh3Wv6r7VQjYK8iVAxrdfdKAH1jw8yFoZ6xHsxGK3E2CAJQZmwinkDHYGzVqLPgzq7rYMxhlD0zL1x97pSPXtoCXYi5Z-EgdnnWeWNhot-W8H7JH2Ne7QM_UvO_v1nD-XKhR0zfftP6fKvhZZqJlKhJF2bnI7mwYw&amp;__tn__=-]K-R\"><span class=\"xt0psk2\">Rifugio Laresei<\/span><\/a> \u00e8 pronto ad accogliervi il 7 Aprile 2024 per <a class=\"x1i10hfl xjbqb8w x1ejq31n xd10rxx x1sy0etr x17r0tee x972fbf xcfux6l x1qhh985 xm0m39n x9f619 x1ypdohk xt0psk2 xe8uvvx xdj266r x11i5rnm xat24cr x1mh8g0r xexx8yu x4uap5 x18d9i69 xkhd6sd x16tdsg8 x1hl2dhg xggy1nq x1a2a7pz xt0b8zv x1fey0fg xo1l8bm\" tabindex=\"0\" role=\"link\" href=\"https:\/\/www.facebook.com\/profile.php?id=61554808097303&amp;__cft__[0]=AZUM8vX7w0tdsV8ZOHRMW344V6T9IviMf0lh3Wv6r7VQjYK8iVAxrdfdKAH1jw8yFoZ6xHsxGK3E2CAJQZmwinkDHYGzVqLPgzq7rYMxhlD0zL1x97pSPXtoCXYi5Z-EgdnnWeWNhot-W8H7JH2Ne7QM_UvO_v1nD-XKhR0zfftP6fKvhZZqJlKhJF2bnI7mwYw&amp;__tn__=-]K-R\"><span class=\"xt0psk2\">Save The Date Festival<\/span><\/a> 2024\u00a0 Il toto-nomi \u00e8 ormai partito da tempo il primo dei presentatori del festival: <a class=\"x1i10hfl xjbqb8w x1ejq31n xd10rxx x1sy0etr x17r0tee x972fbf xcfux6l x1qhh985 xm0m39n x9f619 x1ypdohk xt0psk2 xe8uvvx xdj266r x11i5rnm xat24cr x1mh8g0r xexx8yu x4uap5 x18d9i69 xkhd6sd x16tdsg8 x1hl2dhg xggy1nq x1a2a7pz xt0b8zv x1fey0fg xo1l8bm\" tabindex=\"0\" role=\"link\" href=\"https:\/\/www.facebook.com\/massimilianotv?__cft__[0]=AZUM8vX7w0tdsV8ZOHRMW344V6T9IviMf0lh3Wv6r7VQjYK8iVAxrdfdKAH1jw8yFoZ6xHsxGK3E2CAJQZmwinkDHYGzVqLPgzq7rYMxhlD0zL1x97pSPXtoCXYi5Z-EgdnnWeWNhot-W8H7JH2Ne7QM_UvO_v1nD-XKhR0zfftP6fKvhZZqJlKhJF2bnI7mwYw&amp;__tn__=-]K-R\"><span class=\"xt0psk2\">Massimiliano Ossini<\/span><\/a>! Acquista il tuo biglietto d&#8217;ingresso al link: <a class=\"x1i10hfl xjbqb8w x1ejq31n xd10rxx x1sy0etr x17r0tee x972fbf xcfux6l x1qhh985 xm0m39n x9f619 x1ypdohk xt0psk2 xe8uvvx xdj266r x11i5rnm xat24cr x1mh8g0r xexx8yu x4uap5 x18d9i69 xkhd6sd x16tdsg8 x1hl2dhg xggy1nq x1a2a7pz xt0b8zv x1fey0fg\" tabindex=\"0\" role=\"link\" href=\"https:\/\/www.ciaotickets.com\/it\/biglietti\/save-the-date-festival?fbclid=IwAR2twXNIKTfhuNSKXjc81muuyWOdPXibxCQCpdCgIHCPyhC2ml7vqBHDi7c\" target=\"_blank\" rel=\"nofollow noopener noreferrer\">https:\/\/www.ciaotickets.com\/&#8230;\/save-the-date-festival<\/a><\/p><\/blockquote>\n<div>\n<div class=\"\" dir=\"auto\">\n<div id=\":r9h:\" class=\"x1iorvi4 x1pi30zi x1l90r2v x1swvt13\" data-ad-comet-preview=\"message\" data-ad-preview=\"message\">\n<div class=\"x78zum5 xdt5ytf xz62fqu x16ldp7u\">\n<div class=\"xu06os2 x1ok221b\">\n<div dir=\"auto\">\n\n\t\t\t<style type='text\/css'>\n\t\t\t\t#gallery-5 {\n\t\t\t\t\tmargin: auto;\n\t\t\t\t}\n\t\t\t\t#gallery-5 .gallery-item {\n\t\t\t\t\tfloat: left;\n\t\t\t\t\tmargin-top: 10px;\n\t\t\t\t\ttext-align: center;\n\t\t\t\t\twidth: 50%;\n\t\t\t\t}\n\t\t\t\t#gallery-5 img {\n\t\t\t\t\tborder: 2px solid #cfcfcf;\n\t\t\t\t}\n\t\t\t\t#gallery-5 .gallery-caption {\n\t\t\t\t\tmargin-left: 0;\n\t\t\t\t}\n\t\t\t\t\/* see gallery_shortcode() in wp-includes\/media.php *\/\n\t\t\t<\/style>\n\t\t<div id='gallery-5' class='dt-gallery-container gallery galleryid-375342 gallery-columns-2 gallery-size-medium'><dl class='gallery-item'>\n\t\t\t\t<dt class='gallery-icon landscape'>\n\t\t\t\t\t<a class=\"rollover rollover-zoom dt-pswp-item\" title=\"428458808_122124610286160269_8403615925720421881_n\" data-dt-img-description=\"\" data-large_image_width=\"526\" data-large_image_height=\"526\"href='https:\/\/www.radiopiu.net\/wordpress\/wp-content\/uploads\/2024\/02\/428458808_122124610286160269_8403615925720421881_n.jpg'><img loading=\"lazy\" decoding=\"async\" width=\"300\" height=\"300\" src=\"https:\/\/www.radiopiu.net\/wordpress\/wp-content\/uploads\/2024\/02\/428458808_122124610286160269_8403615925720421881_n-300x300.jpg\" class=\"attachment-medium size-medium\" alt=\"\" srcset=\"https:\/\/www.radiopiu.net\/wordpress\/wp-content\/uploads\/2024\/02\/428458808_122124610286160269_8403615925720421881_n-300x300.jpg 300w, https:\/\/www.radiopiu.net\/wordpress\/wp-content\/uploads\/2024\/02\/428458808_122124610286160269_8403615925720421881_n-150x150.jpg 150w, https:\/\/www.radiopiu.net\/wordpress\/wp-content\/uploads\/2024\/02\/428458808_122124610286160269_8403615925720421881_n.jpg 526w\" sizes=\"auto, (max-width: 300px) 100vw, 300px\" \/><\/a>\n\t\t\t\t<\/dt><\/dl><dl class='gallery-item'>\n\t\t\t\t<dt class='gallery-icon portrait'>\n\t\t\t\t\t<a class=\"rollover rollover-zoom dt-pswp-item\" title=\"424589697_17849558076141395_6233705988191667367_n\" data-dt-img-description=\"\" data-large_image_width=\"512\" data-large_image_height=\"640\"href='https:\/\/www.radiopiu.net\/wordpress\/wp-content\/uploads\/2024\/02\/424589697_17849558076141395_6233705988191667367_n.jpg'><img loading=\"lazy\" decoding=\"async\" width=\"240\" height=\"300\" src=\"https:\/\/www.radiopiu.net\/wordpress\/wp-content\/uploads\/2024\/02\/424589697_17849558076141395_6233705988191667367_n-240x300.jpg\" class=\"attachment-medium size-medium\" alt=\"\" srcset=\"https:\/\/www.radiopiu.net\/wordpress\/wp-content\/uploads\/2024\/02\/424589697_17849558076141395_6233705988191667367_n-240x300.jpg 240w, https:\/\/www.radiopiu.net\/wordpress\/wp-content\/uploads\/2024\/02\/424589697_17849558076141395_6233705988191667367_n.jpg 512w\" sizes=\"auto, (max-width: 240px) 100vw, 240px\" \/><\/a>\n\t\t\t\t<\/dt><\/dl><br style=\"clear: both\" \/>\n\t\t\t<\/div>\n\n<\/div>\n<p>&nbsp;<\/p>\n<\/div>\n<\/div>\n<\/div>\n<\/div>\n<\/div>\n<hr \/>\n<p>&nbsp;<\/p>\n<p><a class=\"dt-pswp-item\" href=\"https:\/\/www.radiopiu.net\/wordpress\/wp-content\/uploads\/2018\/09\/viabilita.jpeg\" data-dt-img-description=\"\" data-large_image_width=\"800\" data-large_image_height=\"100\"><img loading=\"lazy\" decoding=\"async\" class=\"aligncenter wp-image-61954 size-full\" src=\"https:\/\/www.radiopiu.net\/wordpress\/wp-content\/uploads\/2018\/09\/viabilita.jpeg\" alt=\"\" width=\"800\" height=\"100\" srcset=\"https:\/\/www.radiopiu.net\/wordpress\/wp-content\/uploads\/2018\/09\/viabilita.jpeg 800w, https:\/\/www.radiopiu.net\/wordpress\/wp-content\/uploads\/2018\/09\/viabilita-300x38.jpeg 300w, https:\/\/www.radiopiu.net\/wordpress\/wp-content\/uploads\/2018\/09\/viabilita-768x96.jpeg 768w\" sizes=\"auto, (max-width: 800px) 100vw, 800px\" \/><\/a><\/p>\n<p>&nbsp;<\/p>\n<p><a class=\"dt-pswp-item\" href=\"https:\/\/www.radiopiu.net\/wordpress\/wp-content\/uploads\/2023\/12\/botol-car-service.jpg\" data-dt-img-description=\"\" data-large_image_width=\"600\" data-large_image_height=\"600\"><img loading=\"lazy\" decoding=\"async\" class=\"size-medium wp-image-367044 aligncenter\" src=\"https:\/\/www.radiopiu.net\/wordpress\/wp-content\/uploads\/2023\/12\/botol-car-service-300x300.jpg\" alt=\"\" width=\"300\" height=\"300\" srcset=\"https:\/\/www.radiopiu.net\/wordpress\/wp-content\/uploads\/2023\/12\/botol-car-service-300x300.jpg 300w, https:\/\/www.radiopiu.net\/wordpress\/wp-content\/uploads\/2023\/12\/botol-car-service-150x150.jpg 150w, https:\/\/www.radiopiu.net\/wordpress\/wp-content\/uploads\/2023\/12\/botol-car-service.jpg 600w\" sizes=\"auto, (max-width: 300px) 100vw, 300px\" \/><\/a><\/p>\n<p>&nbsp;<\/p>\n<blockquote>\n<h1><span style=\"color: #ff0000;\"><a class=\"dt-pswp-item\" href=\"https:\/\/www.radiopiu.net\/wordpress\/wp-content\/uploads\/2020\/05\/VENETO-STRADE.png\" data-dt-img-description=\"\" data-large_image_width=\"400\" data-large_image_height=\"400\"><img loading=\"lazy\" decoding=\"async\" class=\"wp-image-135574 alignleft\" src=\"https:\/\/www.radiopiu.net\/wordpress\/wp-content\/uploads\/2020\/05\/VENETO-STRADE-300x300.png\" alt=\"\" width=\"102\" height=\"102\" srcset=\"https:\/\/www.radiopiu.net\/wordpress\/wp-content\/uploads\/2020\/05\/VENETO-STRADE-300x300.png 300w, https:\/\/www.radiopiu.net\/wordpress\/wp-content\/uploads\/2020\/05\/VENETO-STRADE-150x150.png 150w, https:\/\/www.radiopiu.net\/wordpress\/wp-content\/uploads\/2020\/05\/VENETO-STRADE.png 400w\" sizes=\"auto, (max-width: 102px) 100vw, 102px\" \/><\/a>AGGIORNAMENTO QUOTIDIANO, IN\u00a0 COLLABORAZIONE CON VENETO STRADE E BOTOL CAR SERVICE AD AGORDO IN LOCALITA&#8217; VALCOZZENA.<\/span><\/h1>\n<p>&nbsp;<\/p><\/blockquote>\n<p><span style=\"color: #0000ff;\"><strong>BOLLETTINO VIABILITA&#8217; AGGIORNATO AL 23 GENNAIO 2024<\/strong><\/span><\/p>\n<audio class=\"wp-audio-shortcode\" id=\"audio-375342-16\" preload=\"none\" style=\"width: 100%;\" controls=\"controls\"><source type=\"audio\/mpeg\" src=\"https:\/\/www.radiopiu.net\/wordpress\/wp-content\/uploads\/2024\/01\/VIABLITA-2.mp3?_=16\" \/><a href=\"https:\/\/www.radiopiu.net\/wordpress\/wp-content\/uploads\/2024\/01\/VIABLITA-2.mp3\">https:\/\/www.radiopiu.net\/wordpress\/wp-content\/uploads\/2024\/01\/VIABLITA-2.mp3<\/a><\/audio>\n<p>&nbsp;<\/p>\n<p>&nbsp;<\/p>\n<hr \/>\n<p>&nbsp;<\/p>\n<p><a class=\"dt-pswp-item\" href=\"https:\/\/www.radiopiu.net\/wordpress\/wp-content\/uploads\/2018\/09\/WhatsApp-Image-2018-09-20-at-16.04.06.jpeg\" data-dt-img-description=\"\" data-large_image_width=\"800\" data-large_image_height=\"100\"><img loading=\"lazy\" decoding=\"async\" class=\"wp-image-61378 size-full aligncenter\" src=\"https:\/\/www.radiopiu.net\/wordpress\/wp-content\/uploads\/2018\/09\/WhatsApp-Image-2018-09-20-at-16.04.06.jpeg\" alt=\"\" width=\"800\" height=\"100\" srcset=\"https:\/\/www.radiopiu.net\/wordpress\/wp-content\/uploads\/2018\/09\/WhatsApp-Image-2018-09-20-at-16.04.06.jpeg 800w, https:\/\/www.radiopiu.net\/wordpress\/wp-content\/uploads\/2018\/09\/WhatsApp-Image-2018-09-20-at-16.04.06-300x38.jpeg 300w, https:\/\/www.radiopiu.net\/wordpress\/wp-content\/uploads\/2018\/09\/WhatsApp-Image-2018-09-20-at-16.04.06-768x96.jpeg 768w\" sizes=\"auto, (max-width: 800px) 100vw, 800px\" \/><\/a><\/p>\n<p><center><\/center><b>\u00a0 \u00a0\u00a0<\/b><\/p>\n<p><center><\/center><center><\/center><b>OGGI: <\/b>Al mattino poco nuvoloso con prime velature ad ovest, nel pomeriggio velature via via pi\u00f9 estese e cielo poco o al pi\u00f9 parzialmente nuvoloso con generale aumento della nuvolosit\u00e0 fino a nuvoloso ovunque in tarda serata.<br \/>\n<b>Precipitazioni: <\/b>Assenti in giornata (0%), in tarda serata non esclusa qualche goccia qua e l\u00e0 su Prealpi (10%), con qualche eventuale fiocco a 1500-1700 m. <b>Temperature: <\/b>Temperature minime in calo nelle valli e massime stazionarie o in lieve aumento in alta quota.<\/p>\n<p>&nbsp;<\/p>\n<hr \/>\n<p><center><\/center><b>DOMANI: <\/b>Molto nuvoloso al mattino con ulteriore aumento della nuvolosit\u00e0 fino a coperto dal pomeriggio.<br \/>\n<b>Precipitazioni: <\/b>molto deboli, sparse ed intermittenti possibili a partire dalla notte (40-60%), via via pi\u00f9 probabili nel pomeriggio ed in serata (80-100%) quando tenderanno ad essere diffuse e in intensificazione su Prealpi occidentali. Quota neve attorno a 1200\/1500 m sulle Dolomiti e 1400\/1700 m sulle Prealpi. In giornata eventuali accumuli scarsi (0-5 cm a 2000 m, fino a 10 cm su Prealpi occidentali fino alla mezzanotte) <b>Temperature: <\/b>Temperature nelle valli minime in aumento e massime in lieve calo, in quota stazionarie.<\/p>\n<p>&nbsp;<\/p>\n<hr \/>\n<p><center><\/center><strong>VENERDI<\/strong> Tra notte e mattino coperto con probabili precipitazioni moderate diffuse, in attenuazione nel pomeriggio a partire da Prealpi ovest mentre potranno insistere pi\u00f9 a lungo sui settori orientali, in possibile ripresa anche sottoforma di rovesci sparsi verso sera. Limite neve a 1000-1300 m su Dolomiti, 1300-1700 su Prealpi in possibile calo in serata in caso di rovesci. Temperature stazionarie o in lieve calo in quota verso sera.<\/p>\n<hr \/>\n<p><center><\/center><strong>SABATO<\/strong> Variabile a tratti instabile con cielo per lo pi\u00f9 nuvoloso con qualche debole precipitazione possibile a tratti, eventualmente nevosa oltre i 1000-1300 m. Temperature in lieve calo.<\/p>\n<hr \/>\n<p>&nbsp;<\/p>\n<p><img loading=\"lazy\" decoding=\"async\" class=\"wp-image-60761 size-full aligncenter\" src=\"https:\/\/www.radiopiu.net\/wordpress\/wp-content\/uploads\/2018\/09\/sport.jpg\" alt=\"\" width=\"800\" height=\"100\" srcset=\"https:\/\/www.radiopiu.net\/wordpress\/wp-content\/uploads\/2018\/09\/sport.jpg 800w, https:\/\/www.radiopiu.net\/wordpress\/wp-content\/uploads\/2018\/09\/sport-300x38.jpg 300w, https:\/\/www.radiopiu.net\/wordpress\/wp-content\/uploads\/2018\/09\/sport-768x96.jpg 768w\" sizes=\"auto, (max-width: 800px) 100vw, 800px\" \/><\/p>\n<p>&nbsp;<\/p>\n<p><span style=\"color: #0000ff;\"><strong>SCI NORDICO<\/strong><\/span><\/p>\n<blockquote>\n<h3>VANESSA CAGNATI CONVOCATA DALLA NAZIONALE UNDER 18 PER IL FINE SETTIMANA A SCHILPARIO<\/h3>\n<\/blockquote>\n<p><strong><a class=\"dt-pswp-item\" href=\"https:\/\/www.radiopiu.net\/wordpress\/wp-content\/uploads\/2024\/01\/vanessa-cagnati-sappada-17-dic-2023-Copia.jpg\" data-dt-img-description=\"\" data-large_image_width=\"1200\" data-large_image_height=\"800\"><img loading=\"lazy\" decoding=\"async\" class=\" wp-image-369109 alignleft\" src=\"https:\/\/www.radiopiu.net\/wordpress\/wp-content\/uploads\/2024\/01\/vanessa-cagnati-sappada-17-dic-2023-Copia-300x200.jpg\" alt=\"\" width=\"167\" height=\"111\" srcset=\"https:\/\/www.radiopiu.net\/wordpress\/wp-content\/uploads\/2024\/01\/vanessa-cagnati-sappada-17-dic-2023-Copia-300x200.jpg 300w, https:\/\/www.radiopiu.net\/wordpress\/wp-content\/uploads\/2024\/01\/vanessa-cagnati-sappada-17-dic-2023-Copia-1024x683.jpg 1024w, https:\/\/www.radiopiu.net\/wordpress\/wp-content\/uploads\/2024\/01\/vanessa-cagnati-sappada-17-dic-2023-Copia-768x512.jpg 768w, https:\/\/www.radiopiu.net\/wordpress\/wp-content\/uploads\/2024\/01\/vanessa-cagnati-sappada-17-dic-2023-Copia.jpg 1200w\" sizes=\"auto, (max-width: 167px) 100vw, 167px\" \/><\/a>REDAZIONE<\/strong> A Schilpario, in provincia di Bergamo, si svolger\u00e0 un weekend di intense competizioni di sci di fondo, anticipando i Mondiali Juniores e Under 23 della prossima stagione. La Pista degli Abeti ospiter\u00e0 la penultima tappa della FESA Cup e i FESA Games il 24 e 25 febbraio, coinvolgendo Under 18 e Under 16. Il programma comprende un&#8217;individuale a tecnica classica sabato e un inseguimento a skating (20 km per gli uomini e 10 km per le donne) domenica per la FESA Cup e FESA Cup Junior, mentre i FESA Games prevedono staffette miste. Il direttore tecnico Paolo Rivero ha convocato dieci atleti per l&#8217;Under 20 e quattro per l&#8217;Under 18. Tra gli atleti convocati dell&#8217;under 18 anche Vanessa Cagnati. La fondista di Falcade in forza allo Sci Club Val Biois potr\u00e0 quindi rappresentare la nazionale anche in terra lombarda.<\/p>\n<p>&nbsp;<\/p>\n<p><span style=\"color: #0000ff;\"><strong>SCI ALPINO<\/strong><\/span><\/p>\n<blockquote>\n<h3>COPPA DEL MONDO DI SCI A PASSO SAN PELLEGRINO: VENERDI A MOENA LA SFILATA DELLE SQUADRE<\/h3>\n<\/blockquote>\n<p><strong><a class=\"dt-pswp-item\" href=\"https:\/\/www.radiopiu.net\/wordpress\/wp-content\/uploads\/2021\/02\/VOLATA.jpg\" data-dt-img-description=\"\" data-large_image_width=\"1600\" data-large_image_height=\"1220\"><img loading=\"lazy\" decoding=\"async\" class=\" wp-image-194200 alignleft\" src=\"https:\/\/www.radiopiu.net\/wordpress\/wp-content\/uploads\/2021\/02\/VOLATA-300x229.jpg\" alt=\"\" width=\"178\" height=\"136\" srcset=\"https:\/\/www.radiopiu.net\/wordpress\/wp-content\/uploads\/2021\/02\/VOLATA-300x229.jpg 300w, https:\/\/www.radiopiu.net\/wordpress\/wp-content\/uploads\/2021\/02\/VOLATA-1024x781.jpg 1024w, https:\/\/www.radiopiu.net\/wordpress\/wp-content\/uploads\/2021\/02\/VOLATA-768x586.jpg 768w, https:\/\/www.radiopiu.net\/wordpress\/wp-content\/uploads\/2021\/02\/VOLATA-1536x1171.jpg 1536w, https:\/\/www.radiopiu.net\/wordpress\/wp-content\/uploads\/2021\/02\/VOLATA.jpg 1600w\" sizes=\"auto, (max-width: 178px) 100vw, 178px\" \/><\/a>PASSO SAN PELLEGRINO<\/strong> Il weekend di Coppa del Mondo del 24 e 25 febbraio a Val di Fassa offre un&#8217;opportunit\u00e0 di visibilit\u00e0 straordinaria, con una diffusione televisiva in 150 Paesi e circa 3,5 milioni di spettatori. L&#8217;evento promuove le Dolomiti e le capacit\u00e0 organizzative della regione. La sera del 23 febbraio, l&#8217;Audi Fis World Cup Opening Parade presenta le tradizioni ladine e le atlete azzurre. La sfilata coinvolge le atlete, gli sci club locali, la banda &#8220;M\u00f9sega da Poza,&#8221; il coro Enrosadira, e altre associazioni. Un evento completo con iniziative di beneficenza, cibo da strada, e premiazioni, dimostrando la collaborazione tra turismo, sport e comunit\u00e0 locale.<\/p>\n<p>&nbsp;<\/p>\n","protected":false},"excerpt":{"rendered":"<p>***** &nbsp; &nbsp; 40esimo di RADIOPIU\u2026. LA VOCE DELL\u2019EMOZIONE ISCRIVITI AL NOSTRO CANALE\u00a0\u00a0YOUTUBE PER SEGUIRE IN DIRETTA I PRINCIPALI PROGRAMMI DI RADIO PIU\u2019 E LE FUTURE DIRETTE IN ESTERNA. PER ISCRIVERTI CLICCA QUI\u00a0E PREMI\u00a0 \u201cIscriviti\u201d\u00a0 \u00a0 OGGI ALLA RADIO: ALLE 7 LA RASSEGNA STAMPA LOCALE FLASH, PER CHI COME NOI ALLE SETTE DEL MATTINO VA&hellip;<\/p>\n","protected":false},"author":4,"featured_media":375469,"comment_status":"closed","ping_status":"closed","sticky":false,"template":"","format":"standard","meta":{"_monsterinsights_skip_tracking":false,"_monsterinsights_sitenote_active":false,"_monsterinsights_sitenote_note":"","_monsterinsights_sitenote_category":0,"footnotes":""},"categories":[51,86,49],"tags":[],"class_list":["post-375342","post","type-post","status-publish","format-standard","has-post-thumbnail","hentry","category-evidenza-top","category-gr","category-news-18","category-51","category-86","category-49","description-off"],"img_url":"https:\/\/www.radiopiu.net\/wordpress\/wp-content\/uploads\/2024\/02\/IMG-20240219-WA0002.jpg","_links":{"self":[{"href":"https:\/\/www.radiopiu.net\/wordpress\/wp-json\/wp\/v2\/posts\/375342","targetHints":{"allow":["GET"]}}],"collection":[{"href":"https:\/\/www.radiopiu.net\/wordpress\/wp-json\/wp\/v2\/posts"}],"about":[{"href":"https:\/\/www.radiopiu.net\/wordpress\/wp-json\/wp\/v2\/types\/post"}],"author":[{"embeddable":true,"href":"https:\/\/www.radiopiu.net\/wordpress\/wp-json\/wp\/v2\/users\/4"}],"replies":[{"embeddable":true,"href":"https:\/\/www.radiopiu.net\/wordpress\/wp-json\/wp\/v2\/comments?post=375342"}],"version-history":[{"count":0,"href":"https:\/\/www.radiopiu.net\/wordpress\/wp-json\/wp\/v2\/posts\/375342\/revisions"}],"wp:featuredmedia":[{"embeddable":true,"href":"https:\/\/www.radiopiu.net\/wordpress\/wp-json\/wp\/v2\/media\/375469"}],"wp:attachment":[{"href":"https:\/\/www.radiopiu.net\/wordpress\/wp-json\/wp\/v2\/media?parent=375342"}],"wp:term":[{"taxonomy":"category","embeddable":true,"href":"https:\/\/www.radiopiu.net\/wordpress\/wp-json\/wp\/v2\/categories?post=375342"},{"taxonomy":"post_tag","embeddable":true,"href":"https:\/\/www.radiopiu.net\/wordpress\/wp-json\/wp\/v2\/tags?post=375342"}],"curies":[{"name":"wp","href":"https:\/\/api.w.org\/{rel}","templated":true}]}}