{"id":375359,"date":"2024-02-20T06:30:03","date_gmt":"2024-02-20T05:30:03","guid":{"rendered":"https:\/\/www.radiopiu.net\/wordpress\/?p=375359"},"modified":"2024-02-20T13:05:56","modified_gmt":"2024-02-20T12:05:56","slug":"coppa-del-mondo-sulla-volata-limitazioni-alla-viabilita","status":"publish","type":"post","link":"https:\/\/www.radiopiu.net\/wordpress\/coppa-del-mondo-sulla-volata-limitazioni-alla-viabilita\/","title":{"rendered":"COPPA DEL MONDO SULLA VOLATA&#8230;LIMITAZIONI ALLA VIABILITA&#8217;"},"content":{"rendered":"<p>**<\/p>\n<p>&nbsp;<\/p>\n<div><strong><a class=\"dt-pswp-item\" href=\"https:\/\/www.radiopiu.net\/wordpress\/wp-content\/uploads\/2024\/02\/424674731_797110072458109_3351562248532411389_n.jpg\" data-dt-img-description=\"\" data-large_image_width=\"720\" data-large_image_height=\"540\"><img loading=\"lazy\" decoding=\"async\" class=\"wp-image-375357 alignleft\" src=\"https:\/\/www.radiopiu.net\/wordpress\/wp-content\/uploads\/2024\/02\/424674731_797110072458109_3351562248532411389_n-300x225.jpg\" alt=\"\" width=\"139\" height=\"104\" srcset=\"https:\/\/www.radiopiu.net\/wordpress\/wp-content\/uploads\/2024\/02\/424674731_797110072458109_3351562248532411389_n-300x225.jpg 300w, https:\/\/www.radiopiu.net\/wordpress\/wp-content\/uploads\/2024\/02\/424674731_797110072458109_3351562248532411389_n.jpg 720w\" sizes=\"auto, (max-width: 139px) 100vw, 139px\" \/><\/a><\/strong><\/div>\n<div>\n<div class=\"textLayer\" data-main-rotation=\"0\"><span id=\"p6R_mc4\" class=\"markedContent\"><span dir=\"ltr\" role=\"presentation\">In occasione delle due gare di<\/span> <span dir=\"ltr\" role=\"presentation\">Coppa del Mondo di Sci Alpino Femminile, del 24 e<\/span> <span dir=\"ltr\" role=\"presentation\">25 febbraio 2024 <\/span><span dir=\"ltr\" role=\"presentation\">a<\/span> <span dir=\"ltr\" role=\"presentation\">Passo San Pellegrino<\/span><span dir=\"ltr\" role=\"presentation\">, sono stati emanati i provvedimenti di<\/span> <span dir=\"ltr\" role=\"presentation\">limitazione alla viabilit\u00e0<\/span><span dir=\"ltr\" role=\"presentation\">, sia sul<\/span><br role=\"presentation\" \/><span dir=\"ltr\" role=\"presentation\">versante trentino che veneto del passo stesso. <\/span><\/span><span id=\"p6R_mc6\" class=\"markedContent\"><span dir=\"ltr\" role=\"presentation\">Nel dettaglio:<\/span><\/span><\/div>\n<div class=\"textLayer\" data-main-rotation=\"0\"><strong><span id=\"p6R_mc8\" class=\"markedContent\"><span dir=\"ltr\" role=\"presentation\">Lato Trentino<\/span><\/span><\/strong><span id=\"p6R_mc9\" class=\"markedContent\"><br role=\"presentation\" \/><span dir=\"ltr\" role=\"presentation\">\u00c8 prevista la<\/span> <span dir=\"ltr\" role=\"presentation\">chiusura della strada statale 346<\/span> <span dir=\"ltr\" role=\"presentation\">dalla l<\/span><span dir=\"ltr\" role=\"presentation\">ocalit\u00e0 Ronchi (partenza impianti Alpe Lusia)<\/span><br role=\"presentation\" \/><span dir=\"ltr\" role=\"presentation\">fino al Passo San Pellegrino,<\/span> <span dir=\"ltr\" role=\"presentation\">dalle 9 alle 11<\/span><span dir=\"ltr\" role=\"presentation\">, in entrambe le giornate di gara. <\/span><\/span><span id=\"p6R_mc10\" class=\"markedContent\"><span dir=\"ltr\" role=\"presentation\">\u00c8 previsto un<\/span> <span dir=\"ltr\" role=\"presentation\">servizio navetta gratuito<\/span> <span dir=\"ltr\" role=\"presentation\">dalle 8:30 alle 10:30 (andata) e dalle 13:00 alle 15:00 <\/span><span dir=\"ltr\" role=\"presentation\">(ritorno) con partenza nei<\/span> <span dir=\"ltr\" role=\"presentation\">pressi del campo sportivo di Moena (Bici Grill). Il parcheggio sar\u00e0 <\/span><span dir=\"ltr\" role=\"presentation\">gratuito.<\/span><\/span><span id=\"p6R_mc12\" class=\"markedContent\"><br role=\"presentation\" \/><strong><span dir=\"ltr\" role=\"presentation\">Lato Veneto<\/span><\/strong><\/span><span id=\"p6R_mc13\" class=\"markedContent\"><br role=\"presentation\" \/><span dir=\"ltr\" role=\"presentation\">\u00c8 prevista la<\/span> <span dir=\"ltr\" role=\"presentation\">chiusura della strada statale 346<\/span> <span dir=\"ltr\" role=\"presentation\">dal bivio per Passo Valles fino al Passo San Pellegrino, <\/span><span dir=\"ltr\" role=\"presentation\">dalle 9:00 alle 11:00<\/span><span dir=\"ltr\" role=\"presentation\">, in entrambe le giornate di gara. <\/span><\/span><span id=\"p6R_mc14\" class=\"markedContent\"><span dir=\"ltr\" role=\"presentation\">\u00c8 previsto un<\/span> <span dir=\"ltr\" role=\"presentation\">servizio navetta gratuito<\/span> <span dir=\"ltr\" role=\"presentation\">dalle 8:30 alle 10:30 (andata) e dalle 13:00 alle 15:00<\/span><br role=\"presentation\" \/><span dir=\"ltr\" role=\"presentation\">(ritorno) con le seguenti fermate: <\/span><\/span><span id=\"p6R_mc16\" class=\"markedContent\"><span dir=\"ltr\" role=\"presentation\">\u2022<\/span> <span dir=\"ltr\" role=\"presentation\">prima fermata in loc. Savaion (Comune Canale d\u2019Agordo)<\/span> <span dir=\"ltr\" role=\"presentation\">&#8211;<\/span> <span dir=\"ltr\" role=\"presentation\">area con parcheggio<\/span><\/span><span id=\"p6R_mc17\" class=\"markedContent\"><br role=\"presentation\" \/><span dir=\"ltr\" role=\"presentation\">\u2022<\/span> <span dir=\"ltr\" role=\"presentation\">seconda fermata nella piazza di Falcade <\/span><\/span><span id=\"p6R_mc18\" class=\"markedContent\"><span dir=\"ltr\" role=\"presentation\">\u2022<\/span> <span dir=\"ltr\" role=\"presentation\">terza fermata a Falcade, Pizzeria La Stua<\/span> <span dir=\"ltr\" role=\"presentation\">in V<\/span><span dir=\"ltr\" role=\"presentation\">ia Serafini <\/span><\/span><span id=\"p6R_mc19\" class=\"markedContent\"><span dir=\"ltr\" role=\"presentation\">\u2022<\/span> <span dir=\"ltr\" role=\"presentation\">quarta fermata a Falcade, chiesa parrocchiale <\/span><\/span><\/div>\n<div data-main-rotation=\"0\"><\/div>\n<\/div>\n<div data-block=\"true\" data-editor=\"avj4u\" data-offset-key=\"d3i0j-0-0\">Ph. Paolo Piccolin<\/div>\n<div data-block=\"true\" data-editor=\"avj4u\" data-offset-key=\"d3i0j-0-0\"><\/div>\n<div data-block=\"true\" data-editor=\"avj4u\" data-offset-key=\"d3i0j-0-0\"><\/div>\n<div data-block=\"true\" data-editor=\"avj4u\" data-offset-key=\"d3i0j-0-0\">\n<hr \/>\n<\/div>\n","protected":false},"excerpt":{"rendered":"<p>** &nbsp; In occasione delle due gare di Coppa del Mondo di Sci Alpino Femminile, del 24 e 25 febbraio 2024 a Passo San Pellegrino, sono stati emanati i provvedimenti di limitazione alla viabilit\u00e0, sia sulversante trentino che veneto del passo stesso. Nel dettaglio: Lato Trentino\u00c8 prevista la chiusura della strada statale 346 dalla localit\u00e0&hellip;<\/p>\n","protected":false},"author":4,"featured_media":375357,"comment_status":"closed","ping_status":"closed","sticky":false,"template":"","format":"standard","meta":{"_monsterinsights_skip_tracking":false,"_monsterinsights_sitenote_active":false,"_monsterinsights_sitenote_note":"","_monsterinsights_sitenote_category":0,"footnotes":""},"categories":[104,49],"tags":[],"class_list":["post-375359","post","type-post","status-publish","format-standard","has-post-thumbnail","hentry","category-evidenza_3","category-news-18","category-104","category-49","description-off"],"img_url":"https:\/\/www.radiopiu.net\/wordpress\/wp-content\/uploads\/2024\/02\/424674731_797110072458109_3351562248532411389_n.jpg","_links":{"self":[{"href":"https:\/\/www.radiopiu.net\/wordpress\/wp-json\/wp\/v2\/posts\/375359","targetHints":{"allow":["GET"]}}],"collection":[{"href":"https:\/\/www.radiopiu.net\/wordpress\/wp-json\/wp\/v2\/posts"}],"about":[{"href":"https:\/\/www.radiopiu.net\/wordpress\/wp-json\/wp\/v2\/types\/post"}],"author":[{"embeddable":true,"href":"https:\/\/www.radiopiu.net\/wordpress\/wp-json\/wp\/v2\/users\/4"}],"replies":[{"embeddable":true,"href":"https:\/\/www.radiopiu.net\/wordpress\/wp-json\/wp\/v2\/comments?post=375359"}],"version-history":[{"count":0,"href":"https:\/\/www.radiopiu.net\/wordpress\/wp-json\/wp\/v2\/posts\/375359\/revisions"}],"wp:featuredmedia":[{"embeddable":true,"href":"https:\/\/www.radiopiu.net\/wordpress\/wp-json\/wp\/v2\/media\/375357"}],"wp:attachment":[{"href":"https:\/\/www.radiopiu.net\/wordpress\/wp-json\/wp\/v2\/media?parent=375359"}],"wp:term":[{"taxonomy":"category","embeddable":true,"href":"https:\/\/www.radiopiu.net\/wordpress\/wp-json\/wp\/v2\/categories?post=375359"},{"taxonomy":"post_tag","embeddable":true,"href":"https:\/\/www.radiopiu.net\/wordpress\/wp-json\/wp\/v2\/tags?post=375359"}],"curies":[{"name":"wp","href":"https:\/\/api.w.org\/{rel}","templated":true}]}}