{"id":375398,"date":"2024-02-21T05:21:06","date_gmt":"2024-02-21T04:21:06","guid":{"rendered":"https:\/\/www.radiopiu.net\/wordpress\/?p=375398"},"modified":"2024-02-21T05:39:03","modified_gmt":"2024-02-21T04:39:03","slug":"giunta-regionale-e-enel-italia-collaborano-per-la-protezione-civile","status":"publish","type":"post","link":"https:\/\/www.radiopiu.net\/wordpress\/giunta-regionale-e-enel-italia-collaborano-per-la-protezione-civile\/","title":{"rendered":"Giunta Regionale e Enel Italia collaborano per la Protezione Civile"},"content":{"rendered":"<p>***<\/p>\n<p>&nbsp;<\/p>\n<p><strong>VENEZIA<\/strong> La Giunta Regionale del Veneto, su proposta dell&#8217;assessore Gianpaolo Bottacin, ha approvato un protocollo d&#8217;intesa con Enel Italia per rafforzare la collaborazione in emergenze e gestione dei rischi. L&#8217;obiettivo \u00e8 garantire la continuit\u00e0 del servizio elettrico anche in caso di calamit\u00e0, con piani di emergenza specifici e un Gruppo di lavoro congiunto. Si prevedono anche formazioni congiunte e esercitazioni per ottimizzare interventi e procedure. La collaborazione si basa sull&#8217;esperienza e mira a semplificare la gestione delle emergenze nel settore energetico.<\/p>\n<div style=\"width: 848px;\" class=\"wp-video\"><video class=\"wp-video-shortcode\" id=\"video-375398-1\" width=\"848\" height=\"480\" preload=\"metadata\" controls=\"controls\"><source type=\"video\/mp4\" src=\"https:\/\/www.radiopiu.net\/wordpress\/wp-content\/uploads\/2024\/02\/WhatsApp-Video-2024-02-20-at-11.37.33.mp4?_=1\" \/><a href=\"https:\/\/www.radiopiu.net\/wordpress\/wp-content\/uploads\/2024\/02\/WhatsApp-Video-2024-02-20-at-11.37.33.mp4\">https:\/\/www.radiopiu.net\/wordpress\/wp-content\/uploads\/2024\/02\/WhatsApp-Video-2024-02-20-at-11.37.33.mp4<\/a><\/video><\/div>\n<p>&nbsp;<\/p>\n<p>&nbsp;<\/p>\n<hr \/>\n<p>&nbsp;<\/p>\n","protected":false},"excerpt":{"rendered":"<p>*** &nbsp; VENEZIA La Giunta Regionale del Veneto, su proposta dell&#8217;assessore Gianpaolo Bottacin, ha approvato un protocollo d&#8217;intesa con Enel Italia per rafforzare la collaborazione in emergenze e gestione dei rischi. L&#8217;obiettivo \u00e8 garantire la continuit\u00e0 del servizio elettrico anche in caso di calamit\u00e0, con piani di emergenza specifici e un Gruppo di lavoro congiunto.&hellip;<\/p>\n","protected":false},"author":4,"featured_media":336697,"comment_status":"closed","ping_status":"closed","sticky":false,"template":"","format":"standard","meta":{"_monsterinsights_skip_tracking":false,"_monsterinsights_sitenote_active":false,"_monsterinsights_sitenote_note":"","_monsterinsights_sitenote_category":0,"footnotes":""},"categories":[51,49],"tags":[],"class_list":["post-375398","post","type-post","status-publish","format-standard","has-post-thumbnail","hentry","category-evidenza-top","category-news-18","category-51","category-49","description-off"],"img_url":"https:\/\/www.radiopiu.net\/wordpress\/wp-content\/uploads\/2023\/05\/protezione-civile-veneto.jpg","_links":{"self":[{"href":"https:\/\/www.radiopiu.net\/wordpress\/wp-json\/wp\/v2\/posts\/375398","targetHints":{"allow":["GET"]}}],"collection":[{"href":"https:\/\/www.radiopiu.net\/wordpress\/wp-json\/wp\/v2\/posts"}],"about":[{"href":"https:\/\/www.radiopiu.net\/wordpress\/wp-json\/wp\/v2\/types\/post"}],"author":[{"embeddable":true,"href":"https:\/\/www.radiopiu.net\/wordpress\/wp-json\/wp\/v2\/users\/4"}],"replies":[{"embeddable":true,"href":"https:\/\/www.radiopiu.net\/wordpress\/wp-json\/wp\/v2\/comments?post=375398"}],"version-history":[{"count":0,"href":"https:\/\/www.radiopiu.net\/wordpress\/wp-json\/wp\/v2\/posts\/375398\/revisions"}],"wp:featuredmedia":[{"embeddable":true,"href":"https:\/\/www.radiopiu.net\/wordpress\/wp-json\/wp\/v2\/media\/336697"}],"wp:attachment":[{"href":"https:\/\/www.radiopiu.net\/wordpress\/wp-json\/wp\/v2\/media?parent=375398"}],"wp:term":[{"taxonomy":"category","embeddable":true,"href":"https:\/\/www.radiopiu.net\/wordpress\/wp-json\/wp\/v2\/categories?post=375398"},{"taxonomy":"post_tag","embeddable":true,"href":"https:\/\/www.radiopiu.net\/wordpress\/wp-json\/wp\/v2\/tags?post=375398"}],"curies":[{"name":"wp","href":"https:\/\/api.w.org\/{rel}","templated":true}]}}