{"id":375478,"date":"2024-02-22T05:40:25","date_gmt":"2024-02-22T04:40:25","guid":{"rendered":"https:\/\/www.radiopiu.net\/wordpress\/?p=375478"},"modified":"2024-02-22T09:30:43","modified_gmt":"2024-02-22T08:30:43","slug":"giornale-radiopiu-22-febbraio-2024-direttore-mirko-mezzacasada-40-anni-25-giugno-1983-25-giugno-2023","status":"publish","type":"post","link":"https:\/\/www.radiopiu.net\/wordpress\/giornale-radiopiu-22-febbraio-2024-direttore-mirko-mezzacasada-40-anni-25-giugno-1983-25-giugno-2023\/","title":{"rendered":"GIORNALE RADIOPIU 22 FEBBRAIO 2024 DIRETTORE MIRKO MEZZACASA\u2026DA 40 ANNI 25 GIUGNO 1983-25 GIUGNO 2023"},"content":{"rendered":"<p>*****<\/p>\n<p>&nbsp;<\/p>\n<hr \/>\n<p>&nbsp;<\/p>\n<h1 class=\"entry-title photoswipe-wrapper\"><strong><a class=\"dt-pswp-item\" href=\"https:\/\/www.radiopiu.net\/wordpress\/wp-content\/uploads\/2023\/12\/logo-radio.jpg\" data-dt-img-description=\"\" data-large_image_width=\"800\" data-large_image_height=\"600\"><img loading=\"lazy\" decoding=\"async\" class=\"wp-image-367163 alignleft\" src=\"https:\/\/www.radiopiu.net\/wordpress\/wp-content\/uploads\/2023\/12\/logo-radio-300x225.jpg\" alt=\"\" width=\"109\" height=\"82\" srcset=\"https:\/\/www.radiopiu.net\/wordpress\/wp-content\/uploads\/2023\/12\/logo-radio-300x225.jpg 300w, https:\/\/www.radiopiu.net\/wordpress\/wp-content\/uploads\/2023\/12\/logo-radio-768x576.jpg 768w, https:\/\/www.radiopiu.net\/wordpress\/wp-content\/uploads\/2023\/12\/logo-radio.jpg 800w\" sizes=\"auto, (max-width: 109px) 100vw, 109px\" \/><\/a><\/strong><\/h1>\n<h1 class=\"entry-title photoswipe-wrapper\">40esimo di RADIOPIU\u2026. LA VOCE DELL\u2019EMOZIONE<\/h1>\n<h2><\/h2>\n<h2><span style=\"color: #ff0000;\">ISCRIVITI AL NOSTRO CANALE\u00a0\u00a0YOUTUBE PER SEGUIRE IN DIRETTA I PRINCIPALI PROGRAMMI DI RADIO PIU\u2019 E LE FUTURE DIRETTE IN ESTERNA. PER ISCRIVERTI <a style=\"color: #ff0000;\" href=\"https:\/\/youtube.com\/@radiopiu1527\">CLICCA QUI\u00a0<\/a>E PREMI\u00a0 \u201cIscriviti\u201d\u00a0 \u00a0<\/span><\/h2>\n<div class=\"x1e56ztr\" data-block=\"true\" data-editor=\"avj4u\" data-offset-key=\"d3i0j-0-0\"><\/div>\n<div data-block=\"true\" data-editor=\"avj4u\" data-offset-key=\"d3i0j-0-0\"><\/div>\n<div data-block=\"true\" data-editor=\"avj4u\" data-offset-key=\"d3i0j-0-0\"><\/div>\n<div class=\"x11i5rnm xat24cr x1mh8g0r x1vvkbs xtlvy1s x126k92a\">\n<div dir=\"auto\">\n<p><a class=\"dt-pswp-item\" href=\"https:\/\/www.radiopiu.net\/wordpress\/wp-content\/uploads\/2023\/10\/34f4cfc6-e863-46e9-9695-8df44be63421.jpg\" data-dt-img-description=\"\" data-large_image_width=\"1200\" data-large_image_height=\"1200\"><img loading=\"lazy\" decoding=\"async\" class=\"wp-image-357393 alignleft\" src=\"https:\/\/www.radiopiu.net\/wordpress\/wp-content\/uploads\/2023\/10\/34f4cfc6-e863-46e9-9695-8df44be63421-300x300.jpg\" alt=\"\" width=\"81\" height=\"81\" srcset=\"https:\/\/www.radiopiu.net\/wordpress\/wp-content\/uploads\/2023\/10\/34f4cfc6-e863-46e9-9695-8df44be63421-300x300.jpg 300w, https:\/\/www.radiopiu.net\/wordpress\/wp-content\/uploads\/2023\/10\/34f4cfc6-e863-46e9-9695-8df44be63421-1024x1024.jpg 1024w, https:\/\/www.radiopiu.net\/wordpress\/wp-content\/uploads\/2023\/10\/34f4cfc6-e863-46e9-9695-8df44be63421-150x150.jpg 150w, https:\/\/www.radiopiu.net\/wordpress\/wp-content\/uploads\/2023\/10\/34f4cfc6-e863-46e9-9695-8df44be63421-768x768.jpg 768w, https:\/\/www.radiopiu.net\/wordpress\/wp-content\/uploads\/2023\/10\/34f4cfc6-e863-46e9-9695-8df44be63421.jpg 1200w\" sizes=\"auto, (max-width: 81px) 100vw, 81px\" \/><\/a>OGGI ALLA RADIO: <strong>ALLE 7<\/strong> LA RASSEGNA STAMPA LOCALE FLASH, PER CHI COME NOI ALLE SETTE DEL MATTINO VA DI FRETTA, TANTE NOTIZIE IN POCHE CHIACCHIERE. <strong>ALLE OTTO<\/strong> L&#8217;APPROFONDIMENTO NELLA STORICA RASSEGNA STAMPA LOCALE.\u00a0 DALLE 6 ALLE 21, OGNI ORA, L&#8217;INFORMAZIONE NAZIONALE, l&#8217;informazione locale,\u00a0 OGNI ORA IN CODA AL GR NAZIONALE, ALLE 14 VIABILITA 15 METEOROLOGIA 19 I TITOLI DAL TG DI ANTENNA 3 A CURA DI TIZIANA BOLOGNANI<\/p>\n<p>&nbsp;<\/p>\n<p><span style=\"color: #ff0000;\">OGGI ALLA RADIO <\/span><strong>ALLE 8. 20<\/strong> PIU&#8217; SIAMO di Marina Don\u00e0 <strong>ALLE 9 <\/strong>alex nascinmben con la musica country <strong>ALLE 10.10 <\/strong>CIAK SI GIRA.. GOSSIP DI PAOLA LANCIATO <strong>alle 10.30<\/strong> spi cgil Belluno con Maria Rita Gentilin <strong>ALLE 14<\/strong> LORIS SCUSSEL CON COLLAGE OPERAZIONE NOSTALGIA <strong>ALLE 20.30<\/strong> L&#8217;HOCKEY SU GHIACCIO CON MARCO GAZ IN HOCKEY AL PUNTO GIUSTO<\/p>\n<p><strong><a class=\"dt-pswp-item\" href=\"https:\/\/www.radiopiu.net\/wordpress\/wp-content\/uploads\/2024\/02\/2d44e751-d8a8-461b-8e22-d8e4e853b032.jpg\" data-dt-img-description=\"\" data-large_image_width=\"1600\" data-large_image_height=\"1200\"><img loading=\"lazy\" decoding=\"async\" class=\"wp-image-373307 alignleft\" src=\"https:\/\/www.radiopiu.net\/wordpress\/wp-content\/uploads\/2024\/02\/2d44e751-d8a8-461b-8e22-d8e4e853b032-300x225.jpg\" alt=\"\" width=\"105\" height=\"79\" srcset=\"https:\/\/www.radiopiu.net\/wordpress\/wp-content\/uploads\/2024\/02\/2d44e751-d8a8-461b-8e22-d8e4e853b032-300x225.jpg 300w, https:\/\/www.radiopiu.net\/wordpress\/wp-content\/uploads\/2024\/02\/2d44e751-d8a8-461b-8e22-d8e4e853b032-1024x768.jpg 1024w, https:\/\/www.radiopiu.net\/wordpress\/wp-content\/uploads\/2024\/02\/2d44e751-d8a8-461b-8e22-d8e4e853b032-768x576.jpg 768w, https:\/\/www.radiopiu.net\/wordpress\/wp-content\/uploads\/2024\/02\/2d44e751-d8a8-461b-8e22-d8e4e853b032-1536x1152.jpg 1536w, https:\/\/www.radiopiu.net\/wordpress\/wp-content\/uploads\/2024\/02\/2d44e751-d8a8-461b-8e22-d8e4e853b032.jpg 1600w\" sizes=\"auto, (max-width: 105px) 100vw, 105px\" \/><\/a>EL BAL DEL FIOR, DI GIULIANA DA RONCH, 22 FEBBRAIO 2024<\/strong><\/p>\n<\/div>\n<audio class=\"wp-audio-shortcode\" id=\"audio-375478-1\" preload=\"none\" style=\"width: 100%;\" controls=\"controls\"><source type=\"audio\/mpeg\" src=\"https:\/\/www.radiopiu.net\/wordpress\/wp-content\/uploads\/2024\/02\/GGI.mp3?_=1\" \/><a href=\"https:\/\/www.radiopiu.net\/wordpress\/wp-content\/uploads\/2024\/02\/GGI.mp3\">https:\/\/www.radiopiu.net\/wordpress\/wp-content\/uploads\/2024\/02\/GGI.mp3<\/a><\/audio>\n<p>&nbsp;<\/p>\n<p>&nbsp;<\/p>\n<p>&nbsp;<\/p>\n<hr \/>\n<\/div>\n<hr \/>\n<hr \/>\n<hr \/>\n<blockquote>\n<blockquote>\n<h1><span style=\"color: #ff0000;\">\u00a0<\/span><\/h1>\n<h1><span style=\"color: #ff0000;\">I podcast informativi del mattino &#8211; audio &#8211;\u00a0<\/span><\/h1>\n<\/blockquote>\n<p><strong><a class=\"dt-pswp-item\" href=\"https:\/\/www.radiopiu.net\/wordpress\/wp-content\/uploads\/2023\/11\/th-10.jpg\" data-dt-img-description=\"\" data-large_image_width=\"320\" data-large_image_height=\"180\"><img loading=\"lazy\" decoding=\"async\" class=\"wp-image-362866 alignleft\" src=\"https:\/\/www.radiopiu.net\/wordpress\/wp-content\/uploads\/2023\/11\/th-10-300x169.jpg\" alt=\"\" width=\"185\" height=\"104\" srcset=\"https:\/\/www.radiopiu.net\/wordpress\/wp-content\/uploads\/2023\/11\/th-10-300x169.jpg 300w, https:\/\/www.radiopiu.net\/wordpress\/wp-content\/uploads\/2023\/11\/th-10.jpg 320w\" sizes=\"auto, (max-width: 185px) 100vw, 185px\" \/><\/a>LA RASSEGNA STAMPA NAZIONALE ALLA RADIO, OGNI GIORNO ALLE 5 E ALLE 6 DEL MATTINO <span style=\"color: #0000ff;\">viene pubblicata alle 6.00 <span style=\"color: #ff0000;\">DIRETTA RADIO\u00a0\u00a0<\/span><\/span><\/strong><\/p>\n<p>&nbsp;<\/p>\n<p><span style=\"color: #ff0000;\">DI FEDERICA MUCIACIA<\/span><\/p>\n<p><strong>Biden<\/strong> prendere in considerazione l&#8217;ordine esecutivo contro l&#8217;immigrazione illegale. <strong>ROMA<\/strong> Verifiche del garante dei detenuti\u00a0 dopo i due decessi in carcere. <strong>RIMINI<\/strong> eredit\u00e0 di Gianni Agnelli, decide il Tribunale.\u00a0 <strong>ROMA<\/strong> Gli spot\u00a0 del Mit sulla sicurezza stradale, monta la polemica. <strong>LONDRA<\/strong> terminata all&#8217;alta corte di Londra l&#8217;udienca per l&#8217;appello di\u00a0 \u00a0Assange <strong>ROMA\u00a0<\/strong> via libera al decreto mille proroghe. <strong>CALCIO\u00a0<\/strong> il Napoli si gioca la qualificazione<\/p>\n<h2>L&#8217;AUDIO dalle 4 del mattino<\/h2>\n<audio class=\"wp-audio-shortcode\" id=\"audio-375478-2\" preload=\"none\" style=\"width: 100%;\" controls=\"controls\"><source type=\"audio\/mpeg\" src=\"https:\/\/www.radiopiu.net\/wordpress\/wp-content\/uploads\/2024\/02\/GIORNALEDELLESEI-22.mp3?_=2\" \/><a href=\"https:\/\/www.radiopiu.net\/wordpress\/wp-content\/uploads\/2024\/02\/GIORNALEDELLESEI-22.mp3\">https:\/\/www.radiopiu.net\/wordpress\/wp-content\/uploads\/2024\/02\/GIORNALEDELLESEI-22.mp3<\/a><\/audio>\n<p>&nbsp;<\/p>\n<p>&nbsp;<\/p><\/blockquote>\n<p>&nbsp;<\/p>\n<hr \/>\n<p>&nbsp;<\/p>\n<h1 style=\"text-align: center;\"><span style=\"color: #ff0000;\">I podcast informativi del mattino &#8211; audio &#8211;\u00a0<\/span><\/h1>\n<p><strong><a class=\"dt-pswp-item\" href=\"https:\/\/www.radiopiu.net\/wordpress\/wp-content\/uploads\/2023\/12\/images.png\" data-dt-img-description=\"\" data-large_image_width=\"316\" data-large_image_height=\"160\"><img loading=\"lazy\" decoding=\"async\" class=\"wp-image-367008 alignleft\" src=\"https:\/\/www.radiopiu.net\/wordpress\/wp-content\/uploads\/2023\/12\/images-300x152.png\" alt=\"\" width=\"235\" height=\"119\" srcset=\"https:\/\/www.radiopiu.net\/wordpress\/wp-content\/uploads\/2023\/12\/images-300x152.png 300w, https:\/\/www.radiopiu.net\/wordpress\/wp-content\/uploads\/2023\/12\/images.png 316w\" sizes=\"auto, (max-width: 235px) 100vw, 235px\" \/><\/a>OGNI GIORNO ALLE SETTE DEL MATTINO, LA RASSEGNA STAMPA LOCALE FLASH&#8230; PER CHI VA IN FRETTA. I TITOLI DAI GIORNALI E DAL SITO WWW.RADIOPIU.NET <span style=\"color: #0000ff;\">viene pubblicato alle 7.00<\/span> <span style=\"color: #ff0000;\">DIRETTA RADIO\u00a0<\/span><\/strong><\/p>\n<p><em><span style=\"color: #ff0000;\">per chi va in fretta&#8230; tante notizie in pochi minuti. L&#8217;informazione locale alla radio, ogni ora dalle 7 del mattino alle 19 della sera.\u00a0 \u00a0\u00a0<\/span><\/em><\/p>\n<p>&nbsp;<\/p>\n<p>BORGO VALBELLUNA Devis Solagna era appena giunto in cantiere quando \u00e8 stato stroncato da un infarto a soli 37 anni, prima di iniziare il lavoro presso la ditta Movimes di Marziai. Il decesso, avvenuto durante lo sciopero nazionale contro le morti sul lavoro, ha scosso la comunit\u00e0.<br \/>\nTAIBON Si \u00e8 svolta ieri in cimitero a Taibon la cerimonia laica per dare l&#8217;ultimo saluto ad Udilio &#8220;Pippo&#8221; Cadorin. Oltre al sindaco Silvia Tormen, che ha presenziato la cerimonia, presenti anche gli amici di una vita.<br \/>\nAGORDO Malcontento nell&#8217;Assistenza Medica: Gravi Ritardi e Impasse<br \/>\nBELLUNO CENTRODESTRA UNITO VERSO LE ELEZIONI PROVINCIALI<br \/>\nLUPO IN EUROPA, RIDUZIONE DELLA PROTEZIONE- VERSO IL VOTO<br \/>\nAGORDO TRASPORTO DISABILI. LE DIFFICOLTA&#8217; SUPERATE CON LA BUONA VOLONTA&#8217;<br \/>\nBELLUNO CORTINABANCA SOSTIENE FONDAZIONE TEATRO E IL PROGETTO CULTURE LINK<br \/>\nPONTE NELLE ALPI NUOVE COLONNINE PER RICARE LE BICICLETTE A PONTE NELLE ALPI<br \/>\nAGORDO\u00a0 Condannato per aver impedito alla corriera di partire mentre la fidanzata era in bagno, causando un ritardo nel servizio pubblico. Inoltre, \u00e8 stato scoperto che aveva violato il divieto di ritorno a Belluno per tre anni. Le azioni hanno generato due sentenze: due mesi di reclusione per interruzione di pubblico servizio e un anno, un mese e dieci giorni di arresto per le violazioni amministrative. Da tempo il giovane \u00e8 detenuto per un altro motivo.<br \/>\nCAMERA DI COMMERCIO TREVISO &#8211; BELLUNO: IL PRESIDENTE MARIO POZZA HA INCONTRATO L&#8217;AMBASCIATRICE DELLA COLOMBIA IN ITALIA<\/p>\n<h2>AUDIO DALLE SETTE DEL MATTINO<\/h2>\n<audio class=\"wp-audio-shortcode\" id=\"audio-375478-3\" preload=\"none\" style=\"width: 100%;\" controls=\"controls\"><source type=\"audio\/mpeg\" src=\"https:\/\/www.radiopiu.net\/wordpress\/wp-content\/uploads\/2024\/02\/GF07-18.mp3?_=3\" \/><a href=\"https:\/\/www.radiopiu.net\/wordpress\/wp-content\/uploads\/2024\/02\/GF07-18.mp3\">https:\/\/www.radiopiu.net\/wordpress\/wp-content\/uploads\/2024\/02\/GF07-18.mp3<\/a><\/audio>\n<p>&nbsp;<\/p>\n<hr \/>\n<p>&nbsp;<\/p>\n<h1><\/h1>\n<h1 style=\"text-align: center;\"><span style=\"color: #ff0000;\"><a class=\"dt-pswp-item\" href=\"https:\/\/www.radiopiu.net\/wordpress\/wp-content\/uploads\/2022\/01\/026c3f9d-dae9-4040-a3c1-a6530231bcc3.jpg\" data-dt-img-description=\"\" data-large_image_width=\"1152\" data-large_image_height=\"2048\"><img loading=\"lazy\" decoding=\"async\" class=\"wp-image-251839 alignleft\" src=\"https:\/\/www.radiopiu.net\/wordpress\/wp-content\/uploads\/2022\/01\/026c3f9d-dae9-4040-a3c1-a6530231bcc3-169x300.jpg\" alt=\"\" width=\"100\" height=\"177\" srcset=\"https:\/\/www.radiopiu.net\/wordpress\/wp-content\/uploads\/2022\/01\/026c3f9d-dae9-4040-a3c1-a6530231bcc3-169x300.jpg 169w, https:\/\/www.radiopiu.net\/wordpress\/wp-content\/uploads\/2022\/01\/026c3f9d-dae9-4040-a3c1-a6530231bcc3-576x1024.jpg 576w, https:\/\/www.radiopiu.net\/wordpress\/wp-content\/uploads\/2022\/01\/026c3f9d-dae9-4040-a3c1-a6530231bcc3-768x1365.jpg 768w, https:\/\/www.radiopiu.net\/wordpress\/wp-content\/uploads\/2022\/01\/026c3f9d-dae9-4040-a3c1-a6530231bcc3-864x1536.jpg 864w, https:\/\/www.radiopiu.net\/wordpress\/wp-content\/uploads\/2022\/01\/026c3f9d-dae9-4040-a3c1-a6530231bcc3.jpg 1152w\" sizes=\"auto, (max-width: 100px) 100vw, 100px\" \/><\/a>I podcast informativi del mattino &#8211; audio &#8211;\u00a0<\/span><\/h1>\n<blockquote><p><strong>GIORNALE RADIO NAZIONALE, EDIZIONE DELLE SETTE <span style=\"color: #0000ff;\">viene pubblicato alle 7.05 <span style=\"color: #ff0000;\">DIRETTA RADIO\u00a0<\/span><\/span><\/strong><\/p><\/blockquote>\n<p><strong>il giornale radionazionale e&#8217; in onda ogni ora, dalle sette del mattino alle venti della sera\u00a0\u00a0<\/strong><\/p>\n<p>&nbsp;<\/p>\n<p>&nbsp;<\/p>\n<h2>AUDIO dalle sette del mattino, ogni ora alla radio<\/h2>\n<p>Il centro destra unito in <strong>Sardegna<\/strong> abbracci sul palco. Centro sinistra con Alessandra\u00a0 Toddi i sardi si riprendono il futuro. <strong>Milleproroghe<\/strong>, via libera definitivo, il Senato conferma la fiducia al Governo. <strong>Sanzioni<\/strong> su 6 funzionari russi possibili responsabili della morte del dissidente russo. Fontana condannata all&#8217;ergastolo per l&#8217;omicidio del 2022, accolta la richiesta del Sostituto Procuratore: premeditazione e crudelt\u00e0. <strong>Medico all&#8217;ospedale<\/strong> colpito con un tirapugni da un paziente, ferito alla testa in modo grave.<\/p>\n<audio class=\"wp-audio-shortcode\" id=\"audio-375478-4\" preload=\"none\" style=\"width: 100%;\" controls=\"controls\"><source type=\"audio\/mpeg\" src=\"https:\/\/www.radiopiu.net\/wordpress\/wp-content\/uploads\/2024\/02\/giornale07-18.mp3?_=4\" \/><a href=\"https:\/\/www.radiopiu.net\/wordpress\/wp-content\/uploads\/2024\/02\/giornale07-18.mp3\">https:\/\/www.radiopiu.net\/wordpress\/wp-content\/uploads\/2024\/02\/giornale07-18.mp3<\/a><\/audio>\n<p>&nbsp;<\/p>\n<p>&nbsp;<\/p>\n<hr \/>\n<p>&nbsp;<\/p>\n<p>&nbsp;<\/p>\n<h1><span style=\"color: #ff0000;\">I podcast informativi del mattino &#8211; video &#8211;\u00a0<\/span><\/h1>\n<h2><strong><a class=\"dt-pswp-item\" href=\"https:\/\/www.radiopiu.net\/wordpress\/wp-content\/uploads\/2023\/12\/th-10.jpg\" data-dt-img-description=\"\" data-large_image_width=\"245\" data-large_image_height=\"180\"><img loading=\"lazy\" decoding=\"async\" class=\" wp-image-367395 alignleft\" src=\"https:\/\/www.radiopiu.net\/wordpress\/wp-content\/uploads\/2023\/12\/th-10.jpg\" alt=\"\" width=\"166\" height=\"122\" \/><\/a>RASSEGNA STAMPA LOCALE, ORE OTTO 05<\/strong><\/h2>\n<h2><strong> <span style=\"color: #0000ff;\">viene\u00a0 <\/span><\/strong><strong><span style=\"color: #0000ff;\">pubblicata alle 8.05 <span style=\"color: #ff0000;\">DIRETTA RADIO\u00a0\u00a0<\/span><\/span><\/strong><\/h2>\n<p>&nbsp;<\/p>\n<p><strong>DI MIRKO MEZZACASA\u00a0 \u00a0<\/strong><\/p>\n<p>&nbsp;<\/p>\n<p>CONFARTIGIANATO HA OSPITATO IL PRIMO DIRETTIVO NAZIONALE ALIMENTAZIONE 2024<br \/>\nKRISTIAN GHEDINA FARA&#8217; PARTE DEI CONCORRENTI DI PECHINO EXPRESS<br \/>\nDACIA MARAINI A BELLUNO PER DISCUTERE DEL FUTURO DELLE DONNE NEL MONDO<\/p>\n<p>CORSA CAMPESTRE MANUELA BULF SI CONFERMA CAMPIONESSA ITALIANA DI CROSS<br \/>\nHOCKEY SU GHIACCIO AL DE TONI ARRIVANO LE LINCI DI PERGINE<br \/>\nPALLAVOLO STUFANO GARANTISCE QUALITA&#8217; E INCISIVITA&#8217; PER IL BELLUNO VOLLEY<br \/>\n4 PAS IN DOI, SOLO DOMANI ON LINE ISCRIZIONI A 30 EURO<\/p>\n<h2><strong>VIDEO\u00a0 \u00a0in diretta dalle 8 del mattino\u00a0<\/strong><\/h2>\n<p><iframe loading=\"lazy\" title=\"DAL 1983 LA RASSEGNA STAMPA LOCALE di mirko mezzacasa. L&#039;ORIGINALE\" width=\"1200\" height=\"675\" src=\"https:\/\/www.youtube.com\/embed\/LHDSNLB0cZU?feature=oembed\" frameborder=\"0\" allow=\"accelerometer; autoplay; clipboard-write; encrypted-media; gyroscope; picture-in-picture; web-share\" allowfullscreen><\/iframe><\/p>\n<hr \/>\n<p>&nbsp;<\/p>\n<blockquote>\n<h3>ACQUA NON POTABILE A TAIBON<\/h3>\n<\/blockquote>\n<p><strong><a class=\"dt-pswp-item\" href=\"https:\/\/www.radiopiu.net\/wordpress\/wp-content\/uploads\/2018\/08\/ACQUA.jpeg\" data-dt-img-description=\"\" data-large_image_width=\"1280\" data-large_image_height=\"768\"><img loading=\"lazy\" decoding=\"async\" class=\" wp-image-57052 alignleft\" src=\"https:\/\/www.radiopiu.net\/wordpress\/wp-content\/uploads\/2018\/08\/ACQUA-300x180.jpeg\" alt=\"\" width=\"125\" height=\"75\" srcset=\"https:\/\/www.radiopiu.net\/wordpress\/wp-content\/uploads\/2018\/08\/ACQUA-300x180.jpeg 300w, https:\/\/www.radiopiu.net\/wordpress\/wp-content\/uploads\/2018\/08\/ACQUA-768x461.jpeg 768w, https:\/\/www.radiopiu.net\/wordpress\/wp-content\/uploads\/2018\/08\/ACQUA-1024x614.jpeg 1024w, https:\/\/www.radiopiu.net\/wordpress\/wp-content\/uploads\/2018\/08\/ACQUA.jpeg 1280w\" sizes=\"auto, (max-width: 125px) 100vw, 125px\" \/><\/a>TAIBON<\/strong> nelle localit\u00e0 TAIBON CENTRO, VIA SAN LUCANO, VIA DANTE ALIGHIERI, VIA BRUSTOLON, VIA FOCH, VIA COL DI LANA e VIA DELLE SCUOLE l&#8217;acqua erogata dall&#8217;acquedotto non \u00e8 potabile e pu\u00f2 essere usata per scopi alimentari SOLO PREVIA bollitura. Verr\u00e0 effettuato servizio sostitutivo con la possibilit\u00e0 di ritirare dell\u2019 acqua in bottiglia presso l\u2019atrio del Municipio.<\/p>\n<p>&nbsp;<\/p>\n<p>&nbsp;<\/p>\n<hr \/>\n<p>&nbsp;<\/p>\n<blockquote>\n<h2>Tragedia a Marziai: morto improvvisamente Devis Solagna<\/h2>\n<\/blockquote>\n<p><strong><img loading=\"lazy\" decoding=\"async\" class=\"alignleft\" src=\"https:\/\/www.radiopiu.net\/wordpress\/wp-content\/uploads\/2024\/02\/Senza-nome-54.png\" width=\"281\" height=\"165\" \/>BORGO VALBELLUNA<\/strong> Devis Solagna era appena giunto in cantiere quando \u00e8 stato stroncato da un infarto a soli 37 anni, prima di iniziare il lavoro presso la ditta Movimes di Marziai. Il decesso, avvenuto durante lo sciopero nazionale contro le morti sul lavoro, ha scosso la comunit\u00e0. Nonostante l&#8217;intervento tempestivo dei soccorsi, non \u00e8 stato possibile salvarlo. Devis, considerato un membro della famiglia dai titolari dell&#8217;azienda, lascia un vuoto immenso. La comunit\u00e0 di Marziai \u00e8 sotto shock per la perdita di questa persona speciale e sempre disponibile, impegnata anche nella vita associativa e sportiva locale. I funerali si terranno domani nella chiesa parrocchiale.<\/p>\n<p>&nbsp;<\/p>\n<p>&nbsp;<\/p>\n<p>&nbsp;<\/p>\n<hr \/>\n<p>&nbsp;<\/p>\n<blockquote>\n<h3>L&#8217;ULTIMO SALUTO AD UDILIO &#8220;PIPPO&#8221; CADORIN<\/h3>\n<\/blockquote>\n<p><strong>TAIBON<\/strong> Si \u00e8 svolta ieri in cimitero a Taibon la cerimonia laica per dare l&#8217;ultimo saluto ad Udilio &#8220;Pippo&#8221; Cadorin. Oltre al sindaco Silvia Tormen, che ha presenziato la cerimonia, presenti anche gli amici di una vita.<\/p>\n\n\t\t\t<style type='text\/css'>\n\t\t\t\t#gallery-1 {\n\t\t\t\t\tmargin: auto;\n\t\t\t\t}\n\t\t\t\t#gallery-1 .gallery-item {\n\t\t\t\t\tfloat: left;\n\t\t\t\t\tmargin-top: 10px;\n\t\t\t\t\ttext-align: center;\n\t\t\t\t\twidth: 33%;\n\t\t\t\t}\n\t\t\t\t#gallery-1 img {\n\t\t\t\t\tborder: 2px solid #cfcfcf;\n\t\t\t\t}\n\t\t\t\t#gallery-1 .gallery-caption {\n\t\t\t\t\tmargin-left: 0;\n\t\t\t\t}\n\t\t\t\t\/* see gallery_shortcode() in wp-includes\/media.php *\/\n\t\t\t<\/style>\n\t\t<div id='gallery-1' class='dt-gallery-container gallery galleryid-375478 gallery-columns-3 gallery-size-medium'><dl class='gallery-item'>\n\t\t\t\t<dt class='gallery-icon landscape'>\n\t\t\t\t\t<a class=\"rollover rollover-zoom dt-pswp-item\" title=\"Cerimonia Pippo (1)\" data-dt-img-description=\"\" data-large_image_width=\"2560\" data-large_image_height=\"1709\"href='https:\/\/www.radiopiu.net\/wordpress\/wp-content\/uploads\/2024\/02\/Cerimonia-Pippo-1-scaled.jpg'><img loading=\"lazy\" decoding=\"async\" width=\"300\" height=\"200\" src=\"https:\/\/www.radiopiu.net\/wordpress\/wp-content\/uploads\/2024\/02\/Cerimonia-Pippo-1-300x200.jpg\" class=\"attachment-medium size-medium\" alt=\"\" srcset=\"https:\/\/www.radiopiu.net\/wordpress\/wp-content\/uploads\/2024\/02\/Cerimonia-Pippo-1-300x200.jpg 300w, https:\/\/www.radiopiu.net\/wordpress\/wp-content\/uploads\/2024\/02\/Cerimonia-Pippo-1-1024x684.jpg 1024w, https:\/\/www.radiopiu.net\/wordpress\/wp-content\/uploads\/2024\/02\/Cerimonia-Pippo-1-768x513.jpg 768w, https:\/\/www.radiopiu.net\/wordpress\/wp-content\/uploads\/2024\/02\/Cerimonia-Pippo-1-1536x1025.jpg 1536w, https:\/\/www.radiopiu.net\/wordpress\/wp-content\/uploads\/2024\/02\/Cerimonia-Pippo-1-2048x1367.jpg 2048w\" sizes=\"auto, (max-width: 300px) 100vw, 300px\" \/><\/a>\n\t\t\t\t<\/dt><\/dl><dl class='gallery-item'>\n\t\t\t\t<dt class='gallery-icon landscape'>\n\t\t\t\t\t<a class=\"rollover rollover-zoom dt-pswp-item\" title=\"Cerimonia Pippo (2)\" data-dt-img-description=\"\" data-large_image_width=\"1871\" data-large_image_height=\"1417\"href='https:\/\/www.radiopiu.net\/wordpress\/wp-content\/uploads\/2024\/02\/Cerimonia-Pippo-2.jpg'><img loading=\"lazy\" decoding=\"async\" width=\"300\" height=\"227\" src=\"https:\/\/www.radiopiu.net\/wordpress\/wp-content\/uploads\/2024\/02\/Cerimonia-Pippo-2-300x227.jpg\" class=\"attachment-medium size-medium\" alt=\"\" srcset=\"https:\/\/www.radiopiu.net\/wordpress\/wp-content\/uploads\/2024\/02\/Cerimonia-Pippo-2-300x227.jpg 300w, https:\/\/www.radiopiu.net\/wordpress\/wp-content\/uploads\/2024\/02\/Cerimonia-Pippo-2-1024x776.jpg 1024w, https:\/\/www.radiopiu.net\/wordpress\/wp-content\/uploads\/2024\/02\/Cerimonia-Pippo-2-768x582.jpg 768w, https:\/\/www.radiopiu.net\/wordpress\/wp-content\/uploads\/2024\/02\/Cerimonia-Pippo-2-1536x1163.jpg 1536w, https:\/\/www.radiopiu.net\/wordpress\/wp-content\/uploads\/2024\/02\/Cerimonia-Pippo-2.jpg 1871w\" sizes=\"auto, (max-width: 300px) 100vw, 300px\" \/><\/a>\n\t\t\t\t<\/dt><\/dl><dl class='gallery-item'>\n\t\t\t\t<dt class='gallery-icon landscape'>\n\t\t\t\t\t<a class=\"rollover rollover-zoom dt-pswp-item\" title=\"Cerimonia Pippo (3)\" data-dt-img-description=\"\" data-large_image_width=\"1988\" data-large_image_height=\"1493\"href='https:\/\/www.radiopiu.net\/wordpress\/wp-content\/uploads\/2024\/02\/Cerimonia-Pippo-3.jpg'><img loading=\"lazy\" decoding=\"async\" width=\"300\" height=\"225\" src=\"https:\/\/www.radiopiu.net\/wordpress\/wp-content\/uploads\/2024\/02\/Cerimonia-Pippo-3-300x225.jpg\" class=\"attachment-medium size-medium\" alt=\"\" srcset=\"https:\/\/www.radiopiu.net\/wordpress\/wp-content\/uploads\/2024\/02\/Cerimonia-Pippo-3-300x225.jpg 300w, https:\/\/www.radiopiu.net\/wordpress\/wp-content\/uploads\/2024\/02\/Cerimonia-Pippo-3-1024x769.jpg 1024w, https:\/\/www.radiopiu.net\/wordpress\/wp-content\/uploads\/2024\/02\/Cerimonia-Pippo-3-768x577.jpg 768w, https:\/\/www.radiopiu.net\/wordpress\/wp-content\/uploads\/2024\/02\/Cerimonia-Pippo-3-1536x1154.jpg 1536w, https:\/\/www.radiopiu.net\/wordpress\/wp-content\/uploads\/2024\/02\/Cerimonia-Pippo-3.jpg 1988w\" sizes=\"auto, (max-width: 300px) 100vw, 300px\" \/><\/a>\n\t\t\t\t<\/dt><\/dl><br style=\"clear: both\" \/>\n\t\t\t<\/div>\n\n<p>&nbsp;<\/p>\n<p><strong>SILVIA TORMEN, SINDACO DI TAIBON<\/strong><\/p>\n<audio class=\"wp-audio-shortcode\" id=\"audio-375478-5\" preload=\"none\" style=\"width: 100%;\" controls=\"controls\"><source type=\"audio\/mpeg\" src=\"https:\/\/www.radiopiu.net\/wordpress\/wp-content\/uploads\/2024\/02\/SILVIA-TORMEN-SINDACO-TAIBON.mp3?_=5\" \/><a href=\"https:\/\/www.radiopiu.net\/wordpress\/wp-content\/uploads\/2024\/02\/SILVIA-TORMEN-SINDACO-TAIBON.mp3\">https:\/\/www.radiopiu.net\/wordpress\/wp-content\/uploads\/2024\/02\/SILVIA-TORMEN-SINDACO-TAIBON.mp3<\/a><\/audio>\n<p>&nbsp;<\/p>\n<p><strong>L&#8217;AMICO ANGELO DECIMA<\/strong><\/p>\n<audio class=\"wp-audio-shortcode\" id=\"audio-375478-6\" preload=\"none\" style=\"width: 100%;\" controls=\"controls\"><source type=\"audio\/mpeg\" src=\"https:\/\/www.radiopiu.net\/wordpress\/wp-content\/uploads\/2024\/02\/ANGELO-DECIMA.mp3?_=6\" \/><a href=\"https:\/\/www.radiopiu.net\/wordpress\/wp-content\/uploads\/2024\/02\/ANGELO-DECIMA.mp3\">https:\/\/www.radiopiu.net\/wordpress\/wp-content\/uploads\/2024\/02\/ANGELO-DECIMA.mp3<\/a><\/audio>\n<p>&nbsp;<\/p>\n<p><strong>L&#8217;AMICO ANTIMO SAVARIS<\/strong><\/p>\n<audio class=\"wp-audio-shortcode\" id=\"audio-375478-7\" preload=\"none\" style=\"width: 100%;\" controls=\"controls\"><source type=\"audio\/mpeg\" src=\"https:\/\/www.radiopiu.net\/wordpress\/wp-content\/uploads\/2024\/02\/ANTIMO-SAVARIS.mp3?_=7\" \/><a href=\"https:\/\/www.radiopiu.net\/wordpress\/wp-content\/uploads\/2024\/02\/ANTIMO-SAVARIS.mp3\">https:\/\/www.radiopiu.net\/wordpress\/wp-content\/uploads\/2024\/02\/ANTIMO-SAVARIS.mp3<\/a><\/audio>\n<p>&nbsp;<\/p>\n<p><strong>IL PROF. GIOVANNI PAOLO ZANIN, DIRIGENTE SCOLASTICO<\/strong><\/p>\n<audio class=\"wp-audio-shortcode\" id=\"audio-375478-8\" preload=\"none\" style=\"width: 100%;\" controls=\"controls\"><source type=\"audio\/mpeg\" src=\"https:\/\/www.radiopiu.net\/wordpress\/wp-content\/uploads\/2024\/02\/PROF-GIOVANNI-PAOLO-ZANIN-DIRIGENTE-SCOLASTICO.mp3?_=8\" \/><a href=\"https:\/\/www.radiopiu.net\/wordpress\/wp-content\/uploads\/2024\/02\/PROF-GIOVANNI-PAOLO-ZANIN-DIRIGENTE-SCOLASTICO.mp3\">https:\/\/www.radiopiu.net\/wordpress\/wp-content\/uploads\/2024\/02\/PROF-GIOVANNI-PAOLO-ZANIN-DIRIGENTE-SCOLASTICO.mp3<\/a><\/audio>\n<p>&nbsp;<\/p>\n<p>&nbsp;<\/p>\n<hr \/>\n<p>&nbsp;<\/p>\n<blockquote>\n<h1>Malcontento nell&#8217;Assistenza Medica ad Agordo: Gravi Ritardi e Impasse<\/h1>\n<\/blockquote>\n<p><strong><img loading=\"lazy\" decoding=\"async\" class=\"alignleft\" src=\"https:\/\/www.radiopiu.net\/wordpress\/wp-content\/uploads\/2023\/05\/mm-ss.jpg\" width=\"261\" height=\"145\" \/>REDAZIONE <\/strong>La transizione dal medico Dr. Sito, recentemente in pensione, al nuovo medico nel comune di Agordo ha suscitato malcontento tra i pazienti. L&#8217;assenza delle cartelle cliniche dei pazienti per il nuovo medico ha causato notevoli ritardi e impasse, soprattutto per gli anziani e i diversamente abili, che hanno difficolt\u00e0 nell&#8217;uso degli strumenti informatici. La Ulss1 ha risposto prontamente, evidenziando il grave impatto della carenza di personale medico sull&#8217;area agordina. Consapevole dei disagi, l&#8217;azienda si impegna a cercare soluzioni concrete per migliorare l&#8217;operato dei medici. Riguardo al trasferimento dei dati dei pazienti al nuovo medico, si sottolinea la complessit\u00e0 della questione e si suggerisce di ottenere i dati dal professionista precedente, poich\u00e9 l&#8217;ULSS non ha autorit\u00e0 per trattare tali informazioni.<\/p>\n<div class=\"w-full pt-2 md:pt-0 dark:border-white\/20 md:border-transparent md:dark:border-transparent md:w-[calc(100%-.5rem)]\">\n<form class=\"stretch mx-2 flex flex-row gap-3 last:mb-2 md:mx-4 md:last:mb-6 lg:mx-auto lg:max-w-2xl xl:max-w-3xl\">\n<div class=\"relative flex h-full flex-1 items-stretch md:flex-col\">\n<div class=\"flex w-full items-center\"><\/div>\n<\/div>\n<\/form>\n<\/div>\n<p>&nbsp;<\/p>\n<p><strong>LA LETTERA ALLA ULSS1<\/strong><\/p>\n<p><strong>AGORDO<\/strong> Sono un paziente residente in Agordo. La presente per lamentare la situazione dei pazienti del medico dr. Sito, andato in pensione da un p\u00f2 di tempo- Il passaggio delle consegne \u00e8 stato pessimo, ammesso che ci sia stato. Il medico subentrato non ha avuto a disposizione le cartelle cliniche dei pazienti. Conseguenti impasse e ritardi inconcepibili. La situazione si sarebbe &#8220;stabilizzata&#8221; con un disagio grandissimo per i pazienti- Ritardi per qualsiasi appuntamento o visita. Burocratizzazione esasperata, che penalizza tutti, specie quelle categorie di pazienti pi\u00f9 fragili. bisognosi e impreparati nell&#8217;uso di strumenti informatici. Anziani e diversamente abili. \u00a0Situazione incomprensibile per un proficuo rapporto di collaborazione-servizio medico-paziente. Credo che l&#8217;Ulss in indirizzo abbia la piena competenza ,dovere e diritto di intervenire, anche in tempi brevi. Aspettando un cortese riscontro personale. ma soprattutto in termini di un ripristino di un sevizio efficiente per i cittadini-pazienti (A.C., Agordo).<\/p>\n<p>&nbsp;<\/p>\n<p>&nbsp;<\/p>\n<hr \/>\n<p>&nbsp;<\/p>\n<blockquote>\n<h3>CENTRODESTRA UNITO VERSO LE ELEZIONI PROVINCIALI<\/h3>\n<\/blockquote>\n<p><strong><a class=\"dt-pswp-item\" href=\"https:\/\/www.radiopiu.net\/wordpress\/wp-content\/uploads\/2020\/06\/palazzo_piloni_belluno.jpg\" data-dt-img-description=\"\" data-large_image_width=\"1000\" data-large_image_height=\"667\"><img loading=\"lazy\" decoding=\"async\" class=\"size-medium wp-image-144771 alignleft\" src=\"https:\/\/www.radiopiu.net\/wordpress\/wp-content\/uploads\/2020\/06\/palazzo_piloni_belluno-300x200.jpg\" alt=\"\" width=\"300\" height=\"200\" srcset=\"https:\/\/www.radiopiu.net\/wordpress\/wp-content\/uploads\/2020\/06\/palazzo_piloni_belluno-300x200.jpg 300w, https:\/\/www.radiopiu.net\/wordpress\/wp-content\/uploads\/2020\/06\/palazzo_piloni_belluno-768x512.jpg 768w, https:\/\/www.radiopiu.net\/wordpress\/wp-content\/uploads\/2020\/06\/palazzo_piloni_belluno.jpg 1000w\" sizes=\"auto, (max-width: 300px) 100vw, 300px\" \/><\/a>BELLUNO<\/strong> Si sono conclusi i colloqui tra i partiti di centrodestra per le elezioni del consiglio provinciale del 16 marzo. La lista comprende membri di Fratelli d&#8217;Italia, Forza Italia e Lega, oltre a rappresentanti civici. I nomi presenti sono quelli di Massimo Bortoluzzi (Consigliere Comunale di Alpago, Fratelli d\u2019Italia), Silvia Calligaro (Sindaco di Vigo di Cadore, Fratelli d\u2019Italia), Donatella De Pellegrin (Consigliere Comunale di Belluno, civica), Denise Guadagnin (Vice Sindaco di Seren del Grappa, Lega), Sara Laveder (Consigliere Comunale di Gosaldo, civica), Alberto Peterle (Sindaco di Alpago, Forza Italia) Marzio Sovilla (Consigliere di Belluno, Lega), Alberto Vettoretto (Consigliere di Feltre, Lega), Alessio Zanella (Sindaco di Lozzo di Cadore, Forza Italia) e Carlo Alessandro Zisa (Consigliere di Cortina d\u2019Ampezzo, civica).<\/p>\n<p><strong>SILVIA CALLIGARO, COORDINATRICE FRATELLI D&#8217;ITALIA BELLUNO<\/strong><\/p>\n<audio class=\"wp-audio-shortcode\" id=\"audio-375478-9\" preload=\"none\" style=\"width: 100%;\" controls=\"controls\"><source type=\"audio\/mpeg\" src=\"https:\/\/www.radiopiu.net\/wordpress\/wp-content\/uploads\/2024\/02\/CALLIGARO-ELEZIONI-PROVINCIALI.mp3?_=9\" \/><a href=\"https:\/\/www.radiopiu.net\/wordpress\/wp-content\/uploads\/2024\/02\/CALLIGARO-ELEZIONI-PROVINCIALI.mp3\">https:\/\/www.radiopiu.net\/wordpress\/wp-content\/uploads\/2024\/02\/CALLIGARO-ELEZIONI-PROVINCIALI.mp3<\/a><\/audio>\n<p>&nbsp;<\/p>\n<hr \/>\n<p>&nbsp;<\/p>\n<blockquote>\n<h3>LUPO IN EUROPA, RIDUZIONE DELLA PROTEZIONE- VERSO IL VOTO<\/h3>\n<\/blockquote>\n<p><strong>BRUXELLES<\/strong> Toccher\u00e0 ai 27 Ministri dell&#8217;Ambiente degli Stati membri dell&#8217;Unione Europea votare il prossimo 25 marzo la proposta della Commissione sulla riduzione dello stato di protezione del lupo. La conferma \u00e8 arrivata in questi giorni, dopo l&#8217;incontro tenutosi in commissione agricoltura del Parlamento europeo con Humberto Delgado Rosa, direttore per la Biodiversit\u00e0 della direzione generale ambiente della Commissione europea. In questa sede, i parlamentari hanno discusso della proposta presentata dalla Commissione Europea di chiedere al Comitato permanente della Convenzione di Berna di avviare questo percorso; tra i presenti, anche l&#8217;eurodeputato PPE Herbert Dorfmann.<\/p>\n<p>&nbsp;<\/p>\n<div style=\"width: 1200px;\" class=\"wp-video\"><video class=\"wp-video-shortcode\" id=\"video-375478-1\" width=\"1200\" height=\"675\" preload=\"metadata\" controls=\"controls\"><source type=\"video\/mp4\" src=\"https:\/\/www.radiopiu.net\/wordpress\/wp-content\/uploads\/2024\/02\/Herbert-Dorfmann-Aggiornamento-protezione-lupo.mp4?_=1\" \/><a href=\"https:\/\/www.radiopiu.net\/wordpress\/wp-content\/uploads\/2024\/02\/Herbert-Dorfmann-Aggiornamento-protezione-lupo.mp4\">https:\/\/www.radiopiu.net\/wordpress\/wp-content\/uploads\/2024\/02\/Herbert-Dorfmann-Aggiornamento-protezione-lupo.mp4<\/a><\/video><\/div>\n<p>&nbsp;<\/p>\n<hr \/>\n<p>&nbsp;<\/p>\n<blockquote>\n<h3>TRASPORTO DISABILI. LE DIFFICOLTA&#8217; SUPERATE CON LA BUONA VOLONTA&#8217;<\/h3>\n<\/blockquote>\n<p><strong><a class=\"dt-pswp-item\" href=\"https:\/\/www.radiopiu.net\/wordpress\/wp-content\/uploads\/2024\/02\/pulmino-trasporti-agordino.png\" data-dt-img-description=\"\" data-large_image_width=\"1313\" data-large_image_height=\"1050\"><img loading=\"lazy\" decoding=\"async\" class=\" wp-image-375540 alignleft\" src=\"https:\/\/www.radiopiu.net\/wordpress\/wp-content\/uploads\/2024\/02\/pulmino-trasporti-agordino-300x240.png\" alt=\"\" width=\"170\" height=\"136\" srcset=\"https:\/\/www.radiopiu.net\/wordpress\/wp-content\/uploads\/2024\/02\/pulmino-trasporti-agordino-300x240.png 300w, https:\/\/www.radiopiu.net\/wordpress\/wp-content\/uploads\/2024\/02\/pulmino-trasporti-agordino-1024x819.png 1024w, https:\/\/www.radiopiu.net\/wordpress\/wp-content\/uploads\/2024\/02\/pulmino-trasporti-agordino-768x614.png 768w, https:\/\/www.radiopiu.net\/wordpress\/wp-content\/uploads\/2024\/02\/pulmino-trasporti-agordino.png 1313w\" sizes=\"auto, (max-width: 170px) 100vw, 170px\" \/><\/a>AGORDO <\/strong>Abitare in montagna presenta sfide, con servizi limitati e distanze lunghe. Societ\u00e0 Nuova, operante nella Conca Agordina dal 1977, sostiene persone con disabilit\u00e0. Il servizio di trasporto, vitale per i Centri Diurni AltroSenso e La Rondine, copre tre tragitti al giorno. Con luoghi isolati, la cooperativa contribuisce a superare le sfide di accesso ai servizi e alle attivit\u00e0. La tenacia degli operatori permette a chi vive in montagna di beneficiare dei servizi offerti a valle. La cooperativa \u00e8 un pilastro fondamentale nel migliorare la vita delle persone con disabilit\u00e0 in questi paesini di montagna. Ogni giorno, i pulmini partono dal Centro Diurno AltroSenso compiono tre tragitti per raggiungere utenti in diverse localit\u00e0. Il Giro Civetta da Agordo copre 67 km, il secondo giro arriva a Falcade per 42 km, e il terzo giro tocca Cencenighe e La Valle Agordina per 54 km. Complessivamente, gli autisti percorrono 203 km al giorno dal luned\u00ec al venerd\u00ec. Con gli stessi tre giri nel pomeriggio, il totale giornaliero raggiunge 406 km, la settimana 2.030 km e il mese quasi 9.000 km. Un impegno significativo per garantire l&#8217;accesso ai servizi per le persone del territorio.<\/p>\n<p>&nbsp;<\/p>\n<p>&nbsp;<\/p>\n<hr \/>\n<p>&nbsp;<\/p>\n<blockquote>\n<h3>CORTINABANCA SOSTIENE FONDAZIONE TEATRO E IL PROGETTO CULTURE LINK<\/h3>\n<\/blockquote>\n<p><strong><a class=\"dt-pswp-item\" href=\"https:\/\/www.radiopiu.net\/wordpress\/wp-content\/uploads\/2024\/02\/44a287f1-9309-43d3-b93f-9f9cd7870c94.jpg\" data-dt-img-description=\"\" data-large_image_width=\"1583\" data-large_image_height=\"1156\"><img loading=\"lazy\" decoding=\"async\" class=\" wp-image-375594 alignleft\" src=\"https:\/\/www.radiopiu.net\/wordpress\/wp-content\/uploads\/2024\/02\/44a287f1-9309-43d3-b93f-9f9cd7870c94-300x219.jpg\" alt=\"\" width=\"156\" height=\"114\" srcset=\"https:\/\/www.radiopiu.net\/wordpress\/wp-content\/uploads\/2024\/02\/44a287f1-9309-43d3-b93f-9f9cd7870c94-300x219.jpg 300w, https:\/\/www.radiopiu.net\/wordpress\/wp-content\/uploads\/2024\/02\/44a287f1-9309-43d3-b93f-9f9cd7870c94-1024x748.jpg 1024w, https:\/\/www.radiopiu.net\/wordpress\/wp-content\/uploads\/2024\/02\/44a287f1-9309-43d3-b93f-9f9cd7870c94-768x561.jpg 768w, https:\/\/www.radiopiu.net\/wordpress\/wp-content\/uploads\/2024\/02\/44a287f1-9309-43d3-b93f-9f9cd7870c94-1536x1122.jpg 1536w, https:\/\/www.radiopiu.net\/wordpress\/wp-content\/uploads\/2024\/02\/44a287f1-9309-43d3-b93f-9f9cd7870c94.jpg 1583w\" sizes=\"auto, (max-width: 156px) 100vw, 156px\" \/><\/a>BELLUNO<\/strong> CortinaBanca ancora al fianco del Comune di Belluno, questa volta sostenendo Fondazione Teatri delle Dolomiti e il suo progetto Culture Link.<\/p>\n<p><strong>DI DANIELE DALVIT<\/strong><\/p>\n<audio class=\"wp-audio-shortcode\" id=\"audio-375478-10\" preload=\"none\" style=\"width: 100%;\" controls=\"controls\"><source type=\"audio\/mpeg\" src=\"https:\/\/www.radiopiu.net\/wordpress\/wp-content\/uploads\/2024\/02\/Radio-Piu-Servizio-Cortina-Banca-e-Fondazione-Teatri.mp3?_=10\" \/><a href=\"https:\/\/www.radiopiu.net\/wordpress\/wp-content\/uploads\/2024\/02\/Radio-Piu-Servizio-Cortina-Banca-e-Fondazione-Teatri.mp3\">https:\/\/www.radiopiu.net\/wordpress\/wp-content\/uploads\/2024\/02\/Radio-Piu-Servizio-Cortina-Banca-e-Fondazione-Teatri.mp3<\/a><\/audio>\n<p>&nbsp;<\/p>\n<hr \/>\n<p>&nbsp;<\/p>\n<blockquote>\n<h3 data-block=\"true\" data-editor=\"avj4u\" data-offset-key=\"d3i0j-0-0\">NUOVE COLONNINE PER RICARE LE BICICLETTE A PONTE NELLE ALPI<\/h3>\n<\/blockquote>\n<p><strong><a class=\"dt-pswp-item\" href=\"https:\/\/www.radiopiu.net\/wordpress\/wp-content\/uploads\/2024\/02\/Colonnine_di_ricarica.jpg\" data-dt-img-description=\"\" data-large_image_width=\"1311\" data-large_image_height=\"735\"><img loading=\"lazy\" decoding=\"async\" class=\" wp-image-375546 alignleft\" src=\"https:\/\/www.radiopiu.net\/wordpress\/wp-content\/uploads\/2024\/02\/Colonnine_di_ricarica-300x168.jpg\" alt=\"\" width=\"193\" height=\"108\" srcset=\"https:\/\/www.radiopiu.net\/wordpress\/wp-content\/uploads\/2024\/02\/Colonnine_di_ricarica-300x168.jpg 300w, https:\/\/www.radiopiu.net\/wordpress\/wp-content\/uploads\/2024\/02\/Colonnine_di_ricarica-1024x574.jpg 1024w, https:\/\/www.radiopiu.net\/wordpress\/wp-content\/uploads\/2024\/02\/Colonnine_di_ricarica-768x431.jpg 768w, https:\/\/www.radiopiu.net\/wordpress\/wp-content\/uploads\/2024\/02\/Colonnine_di_ricarica.jpg 1311w\" sizes=\"auto, (max-width: 193px) 100vw, 193px\" \/><\/a>PONTE NELLE ALPI<\/strong> Il Comune di Ponte nelle Alpi promuove la mobilit\u00e0 sostenibile, incentivando i punti di sosta per i ciclisti, valorizzando le piste ciclabili e sostenendo il turismo locale. Partecipa alla rete dei &#8220;Comuni Ciclabili&#8221; promossa dalla Fiab. Le ciclabili pontalpine, come quella Soverzene-Soccher, registrano circa 50.000 passaggi nel 2023, incoraggiando progetti per sostenere attivit\u00e0 private come bed and breakfast e ristoranti. Le amministrazioni comunali di Soverzene e Ponte nelle Alpi lavorano alla realizzazione di una passerella ciclo-pedonale per creare un anello sicuro. La zona dei Coi de Pera, frequentata da ciclisti e mountain biker, ha ottenuto nuove colonnine di ricarica e supporto per bici, favorendo la ristorazione nei locali-bar vicini. Il Comune mira a promuovere una mobilit\u00e0 rispettosa dell&#8217;ambiente in sinergia con le attivit\u00e0 del territorio.<\/p>\n<p>&nbsp;<\/p>\n<p>&nbsp;<\/p>\n<hr \/>\n<p>&nbsp;<\/p>\n<blockquote>\n<h3>AGORDO ZERO IN CONDOTTA<\/h3>\n<\/blockquote>\n<p><strong>AGORDO<\/strong>\u00a0 A proposito di chi usa i cestini per i propri rifiuti pi\u00f9 o meno domestici. Parcheggio Peppino Impastato a Tamonich ai piedi della scaletta.<\/p>\n\n\t\t\t<style type='text\/css'>\n\t\t\t\t#gallery-2 {\n\t\t\t\t\tmargin: auto;\n\t\t\t\t}\n\t\t\t\t#gallery-2 .gallery-item {\n\t\t\t\t\tfloat: left;\n\t\t\t\t\tmargin-top: 10px;\n\t\t\t\t\ttext-align: center;\n\t\t\t\t\twidth: 100%;\n\t\t\t\t}\n\t\t\t\t#gallery-2 img {\n\t\t\t\t\tborder: 2px solid #cfcfcf;\n\t\t\t\t}\n\t\t\t\t#gallery-2 .gallery-caption {\n\t\t\t\t\tmargin-left: 0;\n\t\t\t\t}\n\t\t\t\t\/* see gallery_shortcode() in wp-includes\/media.php *\/\n\t\t\t<\/style>\n\t\t<div id='gallery-2' class='dt-gallery-container gallery galleryid-375478 gallery-columns-1 gallery-size-medium'><dl class='gallery-item'>\n\t\t\t\t<dt class='gallery-icon portrait'>\n\t\t\t\t\t<a class=\"rollover rollover-zoom dt-pswp-item\" title=\"a564e4bf-2d5f-477a-a07f-f8bba67c3fb9\" data-dt-img-description=\"\" data-large_image_width=\"899\" data-large_image_height=\"1599\"href='https:\/\/www.radiopiu.net\/wordpress\/wp-content\/uploads\/2024\/02\/a564e4bf-2d5f-477a-a07f-f8bba67c3fb9.jpg'><img loading=\"lazy\" decoding=\"async\" width=\"169\" height=\"300\" src=\"https:\/\/www.radiopiu.net\/wordpress\/wp-content\/uploads\/2024\/02\/a564e4bf-2d5f-477a-a07f-f8bba67c3fb9-169x300.jpg\" class=\"attachment-medium size-medium\" alt=\"\" srcset=\"https:\/\/www.radiopiu.net\/wordpress\/wp-content\/uploads\/2024\/02\/a564e4bf-2d5f-477a-a07f-f8bba67c3fb9-169x300.jpg 169w, https:\/\/www.radiopiu.net\/wordpress\/wp-content\/uploads\/2024\/02\/a564e4bf-2d5f-477a-a07f-f8bba67c3fb9-576x1024.jpg 576w, https:\/\/www.radiopiu.net\/wordpress\/wp-content\/uploads\/2024\/02\/a564e4bf-2d5f-477a-a07f-f8bba67c3fb9-768x1366.jpg 768w, https:\/\/www.radiopiu.net\/wordpress\/wp-content\/uploads\/2024\/02\/a564e4bf-2d5f-477a-a07f-f8bba67c3fb9-864x1536.jpg 864w, https:\/\/www.radiopiu.net\/wordpress\/wp-content\/uploads\/2024\/02\/a564e4bf-2d5f-477a-a07f-f8bba67c3fb9.jpg 899w\" sizes=\"auto, (max-width: 169px) 100vw, 169px\" \/><\/a>\n\t\t\t\t<\/dt><\/dl><br style=\"clear: both\" \/>\n\t\t\t<\/div>\n\n<p>&nbsp;<\/p>\n<p>&nbsp;<\/p>\n<hr \/>\n<p>&nbsp;<\/p>\n<blockquote>\n<h3>DILLO A RADIO PIU&#8217;&#8230;L&#8217;INCIVILTA&#8217; ALLA FERMATA DEL BUS DI CANALE D&#8217;AGORDO<\/h3>\n<\/blockquote>\n<p><strong>Riceviamo e pubblichiamo<\/strong><\/p>\n<p>Da ieri si pu\u00f2 notare questa meraviglia alla fermata autobus al ponte di Canale d&#8217;Agordo. Qualcuno ha ben pensato di svuotare un sacco delle proprie immondizie alla staccionata della fermata. Da Via Ai Forn si vede molto bene lo spettacolo. Che sia un residente o una proprietario di una seconda casa non ci \u00e8 modo di saperlo ma gli si pu\u00f2 dire che \u00e8 soltanto un gran maleducato e poco rispettoso della natura.<\/p>\n<p>P.S. A 100m dal ponte di Canale, al parcheggio di Savaion, c&#8217;\u00e8 il conteiner Valpe per depositare le immondizie prima di andare via da Canale.<\/p>\n\n\t\t\t<style type='text\/css'>\n\t\t\t\t#gallery-3 {\n\t\t\t\t\tmargin: auto;\n\t\t\t\t}\n\t\t\t\t#gallery-3 .gallery-item {\n\t\t\t\t\tfloat: left;\n\t\t\t\t\tmargin-top: 10px;\n\t\t\t\t\ttext-align: center;\n\t\t\t\t\twidth: 20%;\n\t\t\t\t}\n\t\t\t\t#gallery-3 img {\n\t\t\t\t\tborder: 2px solid #cfcfcf;\n\t\t\t\t}\n\t\t\t\t#gallery-3 .gallery-caption {\n\t\t\t\t\tmargin-left: 0;\n\t\t\t\t}\n\t\t\t\t\/* see gallery_shortcode() in wp-includes\/media.php *\/\n\t\t\t<\/style>\n\t\t<div id='gallery-3' class='dt-gallery-container gallery galleryid-375478 gallery-columns-5 gallery-size-thumbnail'><dl class='gallery-item'>\n\t\t\t\t<dt class='gallery-icon portrait'>\n\t\t\t\t\t<a class=\"rollover rollover-zoom dt-pswp-item\" title=\"4004d355-1c20-496e-8785-ecdb1243cc26\" data-dt-img-description=\"\" data-large_image_width=\"720\" data-large_image_height=\"1600\"href='https:\/\/www.radiopiu.net\/wordpress\/wp-content\/uploads\/2024\/02\/4004d355-1c20-496e-8785-ecdb1243cc26.jpg'><img loading=\"lazy\" decoding=\"async\" width=\"150\" height=\"150\" src=\"https:\/\/www.radiopiu.net\/wordpress\/wp-content\/uploads\/2024\/02\/4004d355-1c20-496e-8785-ecdb1243cc26-150x150.jpg\" class=\"attachment-thumbnail size-thumbnail\" alt=\"\" \/><\/a>\n\t\t\t\t<\/dt><\/dl><dl class='gallery-item'>\n\t\t\t\t<dt class='gallery-icon landscape'>\n\t\t\t\t\t<a class=\"rollover rollover-zoom dt-pswp-item\" title=\"f0d20226-417d-481a-9fac-03d36f9f684b\" data-dt-img-description=\"\" data-large_image_width=\"1600\" data-large_image_height=\"727\"href='https:\/\/www.radiopiu.net\/wordpress\/wp-content\/uploads\/2024\/02\/f0d20226-417d-481a-9fac-03d36f9f684b.jpg'><img loading=\"lazy\" decoding=\"async\" width=\"150\" height=\"150\" src=\"https:\/\/www.radiopiu.net\/wordpress\/wp-content\/uploads\/2024\/02\/f0d20226-417d-481a-9fac-03d36f9f684b-150x150.jpg\" class=\"attachment-thumbnail size-thumbnail\" alt=\"\" \/><\/a>\n\t\t\t\t<\/dt><\/dl><dl class='gallery-item'>\n\t\t\t\t<dt class='gallery-icon portrait'>\n\t\t\t\t\t<a class=\"rollover rollover-zoom dt-pswp-item\" title=\"2d48e042-5766-4900-9f3f-4ba0e2473178\" data-dt-img-description=\"\" data-large_image_width=\"1078\" data-large_image_height=\"1440\"href='https:\/\/www.radiopiu.net\/wordpress\/wp-content\/uploads\/2024\/02\/2d48e042-5766-4900-9f3f-4ba0e2473178.jpg'><img loading=\"lazy\" decoding=\"async\" width=\"150\" height=\"150\" src=\"https:\/\/www.radiopiu.net\/wordpress\/wp-content\/uploads\/2024\/02\/2d48e042-5766-4900-9f3f-4ba0e2473178-150x150.jpg\" class=\"attachment-thumbnail size-thumbnail\" alt=\"\" \/><\/a>\n\t\t\t\t<\/dt><\/dl><dl class='gallery-item'>\n\t\t\t\t<dt class='gallery-icon portrait'>\n\t\t\t\t\t<a class=\"rollover rollover-zoom dt-pswp-item\" title=\"a40e8e3b-cff1-41eb-933d-ed50670f3a7c\" data-dt-img-description=\"\" data-large_image_width=\"1078\" data-large_image_height=\"1440\"href='https:\/\/www.radiopiu.net\/wordpress\/wp-content\/uploads\/2024\/02\/a40e8e3b-cff1-41eb-933d-ed50670f3a7c.jpg'><img loading=\"lazy\" decoding=\"async\" width=\"150\" height=\"150\" src=\"https:\/\/www.radiopiu.net\/wordpress\/wp-content\/uploads\/2024\/02\/a40e8e3b-cff1-41eb-933d-ed50670f3a7c-150x150.jpg\" class=\"attachment-thumbnail size-thumbnail\" alt=\"\" \/><\/a>\n\t\t\t\t<\/dt><\/dl><dl class='gallery-item'>\n\t\t\t\t<dt class='gallery-icon portrait'>\n\t\t\t\t\t<a class=\"rollover rollover-zoom dt-pswp-item\" title=\"0b6906e8-393a-4acd-ada6-77a0ed80ab43\" data-dt-img-description=\"\" data-large_image_width=\"720\" data-large_image_height=\"1600\"href='https:\/\/www.radiopiu.net\/wordpress\/wp-content\/uploads\/2024\/02\/0b6906e8-393a-4acd-ada6-77a0ed80ab43.jpg'><img loading=\"lazy\" decoding=\"async\" width=\"150\" height=\"150\" src=\"https:\/\/www.radiopiu.net\/wordpress\/wp-content\/uploads\/2024\/02\/0b6906e8-393a-4acd-ada6-77a0ed80ab43-150x150.jpg\" class=\"attachment-thumbnail size-thumbnail\" alt=\"\" \/><\/a>\n\t\t\t\t<\/dt><\/dl><br style=\"clear: both\" \/>\n\t\t\t<\/div>\n\n<p>&nbsp;<\/p>\n<hr \/>\n<p>&nbsp;<\/p>\n<p>&nbsp;<\/p>\n<blockquote>\n<h2><a class=\"dt-pswp-item\" href=\"https:\/\/www.radiopiu.net\/wordpress\/wp-content\/uploads\/2024\/02\/Senza-nome-55.png\" data-dt-img-description=\"\" data-large_image_width=\"309\" data-large_image_height=\"181\"><img loading=\"lazy\" decoding=\"async\" class=\"wp-image-375628 alignleft\" src=\"https:\/\/www.radiopiu.net\/wordpress\/wp-content\/uploads\/2024\/02\/Senza-nome-55-300x176.png\" alt=\"\" width=\"143\" height=\"84\" srcset=\"https:\/\/www.radiopiu.net\/wordpress\/wp-content\/uploads\/2024\/02\/Senza-nome-55-300x176.png 300w, https:\/\/www.radiopiu.net\/wordpress\/wp-content\/uploads\/2024\/02\/Senza-nome-55.png 309w\" sizes=\"auto, (max-width: 143px) 100vw, 143px\" \/><\/a>ELEZIONI NUOVO CONSIGLIO DIRETTIVO<\/h2>\n<\/blockquote>\n<p><strong>BELLUNO<\/strong> E&#8217;stato eletto il nuovo consiglio direttivo del consorzio Belluno Centro Storico.\u00a0I consiglieri eletti sono : Massimo Barel ( Goppion caff\u00e8), Giampaolo Candeago ( Caff\u00e8 Deon 1870) Eleonora Cesare ( Unique) Andrea Dal Pont ( la Mela), Angela De Min ( Soft Moda), Monica Martini ( La bottega del caff\u00e8) Maria Mottes (Carpisa) e Marily Savaris ( Negozio Bristot). Nei prossimi giorni il consiglio direttivo si riunir\u00e0 per eleggere il presidente e programmare le iniziative previste per i prossimi mesi.<\/p>\n<p>&nbsp;<\/p>\n<hr \/>\n<p>&nbsp;<\/p>\n<blockquote>\n<h3>LA GIUDIZIARIA, OGGI DAL CORRIERE DELLE ALPI -SINTESI<\/h3>\n<p>DI GIGI SOSSO<\/p><\/blockquote>\n<p><strong>AGORDO<\/strong>\u00a0 Condannato per aver impedito alla corriera di partire mentre la fidanzata era in bagno, causando un ritardo nel servizio pubblico. Inoltre, \u00e8 stato scoperto che aveva violato il divieto di ritorno a Belluno per tre anni. Le azioni hanno generato due sentenze: due mesi di reclusione per interruzione di pubblico servizio e un anno, un mese e dieci giorni di arresto per le violazioni amministrative. Da tempo il giovane \u00e8 detenuto per un altro motivo.<\/p>\n<p><strong>SEDICO<\/strong> Condannato a otto mesi di reclusione per aver organizzato una spedizione punitiva contro una coppia di Sedico che lo aveva denunciato, finendo per ferirli con un coltello. Il pubblico ministero aveva richiesto una pena pi\u00f9 lunga, mentre il difensore non aveva molte speranze di ottenere un&#8217;esito favorevole.<\/p>\n<p><strong>BELLUNO<\/strong> Assolta dal giudice Domenico Riposati per una polizza assicurativa falsa, considerata una truffa di particolare tenuit\u00e0 del fatto. Aveva cercato un&#8217;assicurazione temporanea online per cinque giorni a 90 euro, ma \u00e8 stata fermata dalla polizia scoprendo che la polizza non era mai stata sottoscritta. Sebbene il pubblico ministero avesse richiesto sei mesi, \u00e8 stata assolta.<\/p>\n<p><strong>SEDICO<\/strong> Assolto per insufficienza di prove dal reato di rapina pluriaggravata in concorso, poich\u00e9 la versione della presunta vittima non ha retto davanti al giudice e le immagini di una telecamera di sicurezza hanno smentito l&#8217;inseguimento riportato. Il ragazzo, insieme ad altri cinque coetanei, era stato accusato di aver minacciato e derubato un 19enne di Sedico, ma non sono emersi elementi sufficienti a provare la rapina.<\/p>\n<p>&nbsp;<\/p>\n<hr \/>\n<p>&nbsp;<\/p>\n<p><strong><a class=\"dt-pswp-item\" href=\"https:\/\/www.radiopiu.net\/wordpress\/wp-content\/uploads\/2024\/01\/Senza-nome-34.png\" data-dt-img-description=\"\" data-large_image_width=\"239\" data-large_image_height=\"153\"><img loading=\"lazy\" decoding=\"async\" class=\"wp-image-369478 alignleft\" src=\"https:\/\/www.radiopiu.net\/wordpress\/wp-content\/uploads\/2024\/01\/Senza-nome-34.png\" alt=\"\" width=\"128\" height=\"82\" \/><\/a> <\/strong><\/p>\n<p><strong>\u00a0<\/strong><\/p>\n<p><strong>dal TG BELLUNESE di\u00a0 ANTENNA 3 ogni sera alle 19.30 sul canale 10 del digitale terrestre e alle 19 le anticipazioni alla radio.\u00a0 \u00a0 \u00a0<\/strong><\/p>\n<p>&nbsp;<\/p>\n<p>&nbsp;<\/p>\n<blockquote>\n<h3 class=\"_title post-title entry-title\">IN PREFETTURA IL GRAZIE CORALE AL PERSONALE SANITARIO BELLUNESE<\/h3>\n<\/blockquote>\n<p>Intervistati MARIATEREA BUSATTA (PRESIDENTE LIONS CLUB BELLUNO), MARIANO SAVASTANO (PREFETTO BELLUNO), GIANPAOLO BOTTACIN (ASSESSORE PROTEZIONE CIVILE REGIONE VENETO), SANDRO CINQUETTI (DIRETTORE SERVIZIO IGIENE SANITA\u2019 PUBBLISA ULSS 1 DOLOMITI) (Servizio di\u00a0<a href=\"https:\/\/antennatre.medianordest.it\/redazione\/Fabio-Fioravanzi\/\">Fabio Fioravanzi<\/a>)<\/p>\n<p>&nbsp;<\/p>\n<p><iframe loading=\"lazy\" title=\"IN PREFETTURA IL GRAZIE CORALE AL PERSONALE SANITARIO BELLUNESE  | 21\/02\/2024\" width=\"1200\" height=\"675\" src=\"https:\/\/www.youtube.com\/embed\/ZcyWEjohkU4?feature=oembed\" frameborder=\"0\" allow=\"accelerometer; autoplay; clipboard-write; encrypted-media; gyroscope; picture-in-picture; web-share\" allowfullscreen><\/iframe><\/p>\n<blockquote><p>&nbsp;<\/p><\/blockquote>\n<p><strong><a class=\"dt-pswp-item\" href=\"https:\/\/www.radiopiu.net\/wordpress\/wp-content\/uploads\/2024\/01\/Senza-nome-34.png\" data-dt-img-description=\"\" data-large_image_width=\"239\" data-large_image_height=\"153\"><img loading=\"lazy\" decoding=\"async\" class=\"wp-image-369478 alignleft\" src=\"https:\/\/www.radiopiu.net\/wordpress\/wp-content\/uploads\/2024\/01\/Senza-nome-34.png\" alt=\"\" width=\"128\" height=\"82\" \/><\/a> <\/strong><\/p>\n<p><strong>\u00a0<\/strong><\/p>\n<p><strong>dal TG BELLUNESE di\u00a0 ANTENNA 3 ogni sera alle 19.30 sul canale 10 del digitale terrestre e alle 19 le anticipazioni alla radio.\u00a0 \u00a0 \u00a0\u00a0<\/strong><\/p>\n<p>&nbsp;<\/p>\n<h1 class=\"_title post-title entry-title\"><\/h1>\n<blockquote>\n<h1 class=\"_title post-title entry-title\">CULTURE LINK\u2019, IL NUOVO CORSO DI FONDAZIONE TEATRI. PRESTO UN NUOVO STATUTO<\/h1>\n<p>Intervistati MASSIMO FERIGUTTI (PRESIDENTE FONDAZIONE TEATRI DELLE DOLOMITI), MASSIMO ANTONELLI (PRESIDENTE CORTINA BANCA), OSCAR DE PELLEGRIN (SINDACO DI BELLUNO) (Servizio di\u00a0<a href=\"https:\/\/antennatre.medianordest.it\/redazione\/Tiziana-Bolognani\/\">Tiziana Bolognani<\/a>)<\/p>\n<p>&nbsp;<\/p><\/blockquote>\n<p><iframe loading=\"lazy\" title=\"&#039;CULTURE LINK&#039;, IL NUOVO CORSO DI FONDAZIONE TEATRI. PRESTO UN NUOVO STATUTO | 21\/02\/2024\" width=\"1200\" height=\"675\" src=\"https:\/\/www.youtube.com\/embed\/ybosHMUfuq8?feature=oembed\" frameborder=\"0\" allow=\"accelerometer; autoplay; clipboard-write; encrypted-media; gyroscope; picture-in-picture; web-share\" allowfullscreen><\/iframe><\/p>\n<p><strong>\u00a0<\/strong><\/p>\n<blockquote><p>&nbsp;<\/p><\/blockquote>\n<hr \/>\n<p>&nbsp;<\/p>\n<blockquote>\n<h3>CAMERA DI COMMERCIO TREVISO &#8211; BELLUNO: IL PRESIDENTE MARIO POZZA HA INCONTRATO L&#8217;AMBASCIATRICE DELLA COLOMBIA IN ITALIA<\/h3>\n<\/blockquote>\n<p><strong><a class=\"dt-pswp-item\" href=\"https:\/\/www.radiopiu.net\/wordpress\/wp-content\/uploads\/2024\/02\/Quinones-Valerio-Pozza-Quessep-Bitar-Conzato-Doglioni.jpg\" data-dt-img-description=\"\" data-large_image_width=\"991\" data-large_image_height=\"1280\"><img loading=\"lazy\" decoding=\"async\" class=\" wp-image-375583 alignleft\" src=\"https:\/\/www.radiopiu.net\/wordpress\/wp-content\/uploads\/2024\/02\/Quinones-Valerio-Pozza-Quessep-Bitar-Conzato-Doglioni-232x300.jpg\" alt=\"\" width=\"129\" height=\"167\" srcset=\"https:\/\/www.radiopiu.net\/wordpress\/wp-content\/uploads\/2024\/02\/Quinones-Valerio-Pozza-Quessep-Bitar-Conzato-Doglioni-232x300.jpg 232w, https:\/\/www.radiopiu.net\/wordpress\/wp-content\/uploads\/2024\/02\/Quinones-Valerio-Pozza-Quessep-Bitar-Conzato-Doglioni-793x1024.jpg 793w, https:\/\/www.radiopiu.net\/wordpress\/wp-content\/uploads\/2024\/02\/Quinones-Valerio-Pozza-Quessep-Bitar-Conzato-Doglioni-768x992.jpg 768w, https:\/\/www.radiopiu.net\/wordpress\/wp-content\/uploads\/2024\/02\/Quinones-Valerio-Pozza-Quessep-Bitar-Conzato-Doglioni.jpg 991w\" sizes=\"auto, (max-width: 129px) 100vw, 129px\" \/><\/a>BELLUNO<\/strong> Il Presidente della Camera di Commercio di Treviso &#8211; Belluno|Dolomiti, Mario Pozza, ha incontrato l&#8217;ambasciatrice della Colombia in Italia, Ligia Margarita Quessep Bitar, a Belluno. L&#8217;incontro ha esplorato opportunit\u00e0 economiche per le imprese del Veneto, concentrandosi sulle province di Belluno e Treviso nel mercato colombiano. Il dialogo ha evidenziato le potenzialit\u00e0 nel settore del caff\u00e8 e le opportunit\u00e0 di business e scambi commerciali. Si \u00e8 discusso dell&#8217;importanza dell&#8217;agricoltura e del turismo in Colombia. Con circa 30.000 connazionali italiani in Colombia, \u00e8 emersa una rilevante affinit\u00e0 culturale. Si \u00e8 esplorata l&#8217;opportunit\u00e0 di reperimento della manodopera. Il Presidente Pozza ha proposto progettualit\u00e0 in sinergia con Assocamerestero e la Camera di Commercio Italiana a Bogot\u00e0.<\/p>\n<p>&nbsp;<\/p>\n<p>&nbsp;<\/p>\n<hr \/>\n<p>&nbsp;<\/p>\n<blockquote>\n<h3>CONFARTIGIANATO HA OSPITATO IL PRIMO DIRETTIVO NAZIONALE ALIMENTAZIONE 2024<\/h3>\n<\/blockquote>\n<p><strong><a class=\"dt-pswp-item\" href=\"https:\/\/www.radiopiu.net\/wordpress\/wp-content\/uploads\/2024\/02\/Direttivo-nazionale-Alimentazione-1.jpeg\" data-dt-img-description=\"\" data-large_image_width=\"1288\" data-large_image_height=\"607\"><img loading=\"lazy\" decoding=\"async\" class=\" wp-image-375581 alignleft\" src=\"https:\/\/www.radiopiu.net\/wordpress\/wp-content\/uploads\/2024\/02\/Direttivo-nazionale-Alimentazione-1-300x141.jpeg\" alt=\"\" width=\"196\" height=\"92\" srcset=\"https:\/\/www.radiopiu.net\/wordpress\/wp-content\/uploads\/2024\/02\/Direttivo-nazionale-Alimentazione-1-300x141.jpeg 300w, https:\/\/www.radiopiu.net\/wordpress\/wp-content\/uploads\/2024\/02\/Direttivo-nazionale-Alimentazione-1-1024x483.jpeg 1024w, https:\/\/www.radiopiu.net\/wordpress\/wp-content\/uploads\/2024\/02\/Direttivo-nazionale-Alimentazione-1-768x362.jpeg 768w, https:\/\/www.radiopiu.net\/wordpress\/wp-content\/uploads\/2024\/02\/Direttivo-nazionale-Alimentazione-1.jpeg 1288w\" sizes=\"auto, (max-width: 196px) 100vw, 196px\" \/><\/a>BELLUNO<\/strong> Confartigianato Alimentazione ha avviato i direttivi nazionali itineranti nel 2023, ospitando il primo evento presso la sede di Confartigianato Imprese Belluno il 19 febbraio. Claudia Scarzanella, Presidente di Confartigianato Imprese Belluno, ha accolto con soddisfazione il direttivo nazionale Alimentazione, evidenziando l&#8217;importanza del settore alimentare, trainante per l&#8217;export veneto. Cristiano Gaggion, Presidente della federazione Alimentazione del Veneto, ha commentato che ospitare l&#8217;evento \u00e8 un riconoscimento importante, sottolineando l&#8217;essenzialit\u00e0 del confronto diretto nei vari territori per comprendere le eccellenze gastronomiche italiane. Gaggion auspica il mantenimento e il rafforzamento di questo approccio nei prossimi anni.<\/p>\n<p>&nbsp;<\/p>\n<p>&nbsp;<\/p>\n<hr \/>\n<p>&nbsp;<\/p>\n<blockquote>\n<h3><a class=\"dt-pswp-item\" href=\"https:\/\/www.radiopiu.net\/wordpress\/wp-content\/uploads\/2024\/02\/a8a589dd-2faf-4858-be67-d8ec38e229c8.jpg\" data-dt-img-description=\"\" data-large_image_width=\"1200\" data-large_image_height=\"800\"><img loading=\"lazy\" decoding=\"async\" class=\" wp-image-375622 alignleft\" src=\"https:\/\/www.radiopiu.net\/wordpress\/wp-content\/uploads\/2024\/02\/a8a589dd-2faf-4858-be67-d8ec38e229c8-300x200.jpg\" alt=\"\" width=\"186\" height=\"124\" srcset=\"https:\/\/www.radiopiu.net\/wordpress\/wp-content\/uploads\/2024\/02\/a8a589dd-2faf-4858-be67-d8ec38e229c8-300x200.jpg 300w, https:\/\/www.radiopiu.net\/wordpress\/wp-content\/uploads\/2024\/02\/a8a589dd-2faf-4858-be67-d8ec38e229c8-1024x683.jpg 1024w, https:\/\/www.radiopiu.net\/wordpress\/wp-content\/uploads\/2024\/02\/a8a589dd-2faf-4858-be67-d8ec38e229c8-768x512.jpg 768w, https:\/\/www.radiopiu.net\/wordpress\/wp-content\/uploads\/2024\/02\/a8a589dd-2faf-4858-be67-d8ec38e229c8.jpg 1200w\" sizes=\"auto, (max-width: 186px) 100vw, 186px\" \/><\/a>KRISTIAN GHEDINA FARA&#8217; PARTE DEI CONCORRENTI DI PECHINO EXPRESS<\/h3>\n<\/blockquote>\n<p><strong>PER LE TRE RADIO, BARBARA PAOLAZZI<\/strong><\/p>\n<p>(FOTO: Sky)<\/p>\n<audio class=\"wp-audio-shortcode\" id=\"audio-375478-11\" preload=\"none\" style=\"width: 100%;\" controls=\"controls\"><source type=\"audio\/mpeg\" src=\"https:\/\/www.radiopiu.net\/wordpress\/wp-content\/uploads\/2024\/02\/PAOLAZZI-GHEDINA-PECHINO-EXPRESS.mp3?_=11\" \/><a href=\"https:\/\/www.radiopiu.net\/wordpress\/wp-content\/uploads\/2024\/02\/PAOLAZZI-GHEDINA-PECHINO-EXPRESS.mp3\">https:\/\/www.radiopiu.net\/wordpress\/wp-content\/uploads\/2024\/02\/PAOLAZZI-GHEDINA-PECHINO-EXPRESS.mp3<\/a><\/audio>\n<p>&nbsp;<\/p>\n<hr \/>\n<p>&nbsp;<\/p>\n<blockquote>\n<h3>LE PAROLE DELL&#8217;AFFIDO<\/h3>\n<\/blockquote>\n<p><strong>BELLUNO <\/strong>Il Centro per l&#8217;Affido e la Solidariet\u00e0 Familiare del distretto Belluno, in collaborazione con il Comune di Calalzo di Cadore e la Biblioteca Comunale di Calalzo, organizza \u201cLe parole dell\u2019affido familiare\u201d, un incontro di sensibilizzazione sul tema dell\u2019affido. L\u2019appuntamento \u00e8 per gioved\u00ec 29 febbraio alle 20.30 nella Biblioteca Comunale di Calalzo di Cadore.<\/p>\n<p>&nbsp;<\/p>\n<p>&nbsp;<\/p>\n<hr \/>\n<p>&nbsp;<\/p>\n<blockquote>\n<h3><a class=\"dt-pswp-item\" href=\"https:\/\/www.radiopiu.net\/wordpress\/wp-content\/uploads\/2024\/02\/Dacia_Maraini_2012.jpg\" data-dt-img-description=\"\" data-large_image_width=\"746\" data-large_image_height=\"922\"><img loading=\"lazy\" decoding=\"async\" class=\" wp-image-375553 alignleft\" src=\"https:\/\/www.radiopiu.net\/wordpress\/wp-content\/uploads\/2024\/02\/Dacia_Maraini_2012-243x300.jpg\" alt=\"\" width=\"126\" height=\"156\" srcset=\"https:\/\/www.radiopiu.net\/wordpress\/wp-content\/uploads\/2024\/02\/Dacia_Maraini_2012-243x300.jpg 243w, https:\/\/www.radiopiu.net\/wordpress\/wp-content\/uploads\/2024\/02\/Dacia_Maraini_2012.jpg 746w\" sizes=\"auto, (max-width: 126px) 100vw, 126px\" \/><\/a>DACIA MARAINI A BELLUNO PER DISCUTERE DEL FUTURO DELLE DONNE NEL MONDO<\/h3>\n<\/blockquote>\n<p><strong>BELLUNO<\/strong> Dacia Maraini, scrittrice e giornalista, sar\u00e0 a Belluno il 23 febbraio per discutere del ruolo delle donne in vista della festa dedicata a marzo. Gli incontri, organizzati dalle Scuole in Rete e in collaborazione con l\u2019Associazione Amici delle Scuole in Rete, prevedono conversazioni sulla situazione e il destino delle donne nel mondo, ispirate al suo libro &#8220;Il nome di Ipazia. Riflessioni sul destino femminile&#8221;. La scrittrice, editorialista del Corriere della Sera, si confronter\u00e0 con gli studenti alle 11 e successivamente con la cittadinanza alle 18 presso il Centro Giovanni XXIII. (FOTO: Wikipedia)<\/p>\n<p>&nbsp;<\/p>\n<p>&nbsp;<\/p>\n<hr \/>\n<p>&nbsp;<\/p>\n<blockquote>\n<h3>BORSE DI STUDIO PER STUDENTI ISCRITTI AL CORSO DI INFERMIERISTICA<\/h3>\n<\/blockquote>\n<p><strong>AGORDO<\/strong> L&#8217;Unione Montana Agordina offre tre borse di studio e tre premi di incentivazione per studenti iscritti al Corso di Laurea in Infermieristica nell&#8217;anno accademico 2023-2024. Gli interessati devono essere residenti nell&#8217;Agordino, non superare i 25 anni, e soddisfare i requisiti di iscrizione e rendimento accademico. La domanda, disponibile sul sito <a href=\"http:\/\/www.agordino.bl.it\/\" target=\"_new\" rel=\"noopener\">www.agordino.bl.it<\/a>, deve essere presentata entro il 31.03.2024 direttamente presso l&#8217;Unione Montana Agordina o via posta raccomandata all&#8217;indirizzo 4 Novembre 1918, n. 2 &#8211; 32021 AGORDO (BL) o via PEC a <a target=\"_new\" rel=\"noopener\">um.agordina.bl@pecveneto.it<\/a>.<\/p>\n<p>&nbsp;<\/p>\n<p>&nbsp;<\/p>\n<hr \/>\n<p>&nbsp;<\/p>\n<blockquote>\n<h3><a class=\"dt-pswp-item\" href=\"https:\/\/www.radiopiu.net\/wordpress\/wp-content\/uploads\/2022\/06\/polizia-Belluno_edited.jpg\" data-dt-img-description=\"\" data-large_image_width=\"1000\" data-large_image_height=\"667\"><img loading=\"lazy\" decoding=\"async\" class=\" wp-image-279211 alignleft\" src=\"https:\/\/www.radiopiu.net\/wordpress\/wp-content\/uploads\/2022\/06\/polizia-Belluno_edited-300x200.jpg\" alt=\"\" width=\"173\" height=\"115\" srcset=\"https:\/\/www.radiopiu.net\/wordpress\/wp-content\/uploads\/2022\/06\/polizia-Belluno_edited-300x200.jpg 300w, https:\/\/www.radiopiu.net\/wordpress\/wp-content\/uploads\/2022\/06\/polizia-Belluno_edited-768x512.jpg 768w, https:\/\/www.radiopiu.net\/wordpress\/wp-content\/uploads\/2022\/06\/polizia-Belluno_edited.jpg 1000w\" sizes=\"auto, (max-width: 173px) 100vw, 173px\" \/><\/a>DUE BANDI PER LA POLIZIA DI STATO<\/h3>\n<\/blockquote>\n<p><strong>BELLUNO<\/strong> \u00c8 stato pubblicato il bando di concorso per 177 posti di vice ispettore tecnico della Polizia di Stato nel settore sicurezza cibernetica. Le domande si possono presentare dal 17 febbraio al 18 marzo 2024 attraverso il Portale unico del reclutamento o il sito <a href=\"https:\/\/concorsionline.poliziadistato.it\/\" target=\"_new\" rel=\"noopener\">https:\/\/concorsionline.poliziadistato.it<\/a>. Inoltre, \u00e8 stato indetto un concorso per l&#8217;assunzione di 2 atleti paralimpici, con domande entro trenta giorni dalla pubblicazione del bando, sempre tramite il Portale unico del reclutamento o <a href=\"https:\/\/concorsionline.poliziadistato.it\/\" target=\"_new\" rel=\"noopener\">https:\/\/concorsionline.poliziadistato.it<\/a>.<\/p>\n<p>&nbsp;<\/p>\n<p>&nbsp;<\/p>\n<hr \/>\n<p>&nbsp;<\/p>\n<blockquote>\n<h3>IO CON TE: INCONTRI DEDICATI ALLE NEO MAMME<\/h3>\n<\/blockquote>\n<p><strong><a class=\"dt-pswp-item\" href=\"https:\/\/www.radiopiu.net\/wordpress\/wp-content\/uploads\/2024\/02\/io-con-te_valle.png\" data-dt-img-description=\"\" data-large_image_width=\"2000\" data-large_image_height=\"1414\"><img loading=\"lazy\" decoding=\"async\" class=\" wp-image-375311 alignleft\" src=\"https:\/\/www.radiopiu.net\/wordpress\/wp-content\/uploads\/2024\/02\/io-con-te_valle-300x212.png\" alt=\"\" width=\"157\" height=\"111\" srcset=\"https:\/\/www.radiopiu.net\/wordpress\/wp-content\/uploads\/2024\/02\/io-con-te_valle-300x212.png 300w, https:\/\/www.radiopiu.net\/wordpress\/wp-content\/uploads\/2024\/02\/io-con-te_valle-1024x724.png 1024w, https:\/\/www.radiopiu.net\/wordpress\/wp-content\/uploads\/2024\/02\/io-con-te_valle-768x543.png 768w, https:\/\/www.radiopiu.net\/wordpress\/wp-content\/uploads\/2024\/02\/io-con-te_valle-1536x1086.png 1536w, https:\/\/www.radiopiu.net\/wordpress\/wp-content\/uploads\/2024\/02\/io-con-te_valle.png 2000w\" sizes=\"auto, (max-width: 157px) 100vw, 157px\" \/><\/a>BELLUNO<\/strong> Il Consultorio Familiare di Belluno (Ulss Dolomiti) e il Comune di Valle di Cadore promuovono &#8220;Io con te&#8221;, un percorso di gruppo per mamme con bambini da 3 a 10 mesi. Composto da tre incontri mamma-bambino, offre uno spazio per condividere esperienze di maternit\u00e0. Gli incontri si terranno presso la Sala Consiliare del Comune di Valle di Cadore il 27 febbraio, 5 e 12 marzo, dalle 10.00 alle 11.30. Per iscrizioni e informazioni, contattare il Consultorio di Pieve di Cadore al 0435 341541 o <a target=\"_new\" rel=\"noopener\">consultoriofamiliare.pc@aulss1.veneto.it<\/a>.<\/p>\n<p>&nbsp;<\/p>\n<p>&nbsp;<\/p>\n<hr \/>\n<p>&nbsp;<\/p>\n<blockquote>\n<h3><a class=\"dt-pswp-item\" href=\"https:\/\/www.radiopiu.net\/wordpress\/wp-content\/uploads\/2024\/02\/9b5a8cc0-d8c6-4b57-8cf6-aaeb67304c98.jpg\" data-dt-img-description=\"\" data-large_image_width=\"1133\" data-large_image_height=\"1600\"><img loading=\"lazy\" decoding=\"async\" class=\" wp-image-375081 alignleft\" src=\"https:\/\/www.radiopiu.net\/wordpress\/wp-content\/uploads\/2024\/02\/9b5a8cc0-d8c6-4b57-8cf6-aaeb67304c98-212x300.jpg\" alt=\"\" width=\"112\" height=\"158\" srcset=\"https:\/\/www.radiopiu.net\/wordpress\/wp-content\/uploads\/2024\/02\/9b5a8cc0-d8c6-4b57-8cf6-aaeb67304c98-212x300.jpg 212w, https:\/\/www.radiopiu.net\/wordpress\/wp-content\/uploads\/2024\/02\/9b5a8cc0-d8c6-4b57-8cf6-aaeb67304c98-725x1024.jpg 725w, https:\/\/www.radiopiu.net\/wordpress\/wp-content\/uploads\/2024\/02\/9b5a8cc0-d8c6-4b57-8cf6-aaeb67304c98-768x1085.jpg 768w, https:\/\/www.radiopiu.net\/wordpress\/wp-content\/uploads\/2024\/02\/9b5a8cc0-d8c6-4b57-8cf6-aaeb67304c98-1088x1536.jpg 1088w, https:\/\/www.radiopiu.net\/wordpress\/wp-content\/uploads\/2024\/02\/9b5a8cc0-d8c6-4b57-8cf6-aaeb67304c98.jpg 1133w\" sizes=\"auto, (max-width: 112px) 100vw, 112px\" \/><\/a>I PIANI DI SICUREZZA DELL&#8217;ACQUA<\/h3>\n<\/blockquote>\n<p><strong>CESIOMAGGIORE<\/strong> I Piani di Sicurezza dell&#8217;Acqua sono necessari per garantire la qualit\u00e0 e la sicurezza dell&#8217;approvvigionamento idrico domestico. Impongono ai gestori acquedottistici di valutare rischi e punti deboli dei sistemi idrici, coinvolgendo la filiera dall&#8217;origine alle case. Questi piani comprendono azioni preventive, piani di emergenza e incontri informativi con gli utenti. L&#8217;obiettivo \u00e8 prevenire incidenti e garantire che l&#8217;acqua potabile, proveniente da chilometri di tubi, impianti e serbatoi, raggiunga le case in modo sicuro. Per questo viene organizzato un incontro pubblico domani alle 20:30 al Museo Etnografico Dolomiti di Cesiomaggiore<\/p>\n<p>&nbsp;<\/p>\n<p>&nbsp;<\/p>\n<hr \/>\n<p>&nbsp;<\/p>\n<blockquote>\n<h3>CONSIGLI COMUNALI<\/h3>\n<\/blockquote>\n<p><strong>FALCADE<\/strong> Consiglio comunale oggi alle 20 convocato dal sindaco Mauro Salvaterra. Saranno 10 i punti in discussione. Tra questi le dimissioni del consigliere Axel De Pellegrin e l&#8217;ingresso di Ilario Tomaselli, l&#8217;individuazione del capogruppo di minoranza, una variazione a bilancio, l&#8217;approvazione del regolamento per la gestione del patrimonio boschivo e le modifiche al regolamento del servizio di Polizia Municipale DIRETTA CANALE FACEBOOK E TELEGRAM, YOUTUBE SITO RADIOPIU<\/p>\n<p>&nbsp;<\/p>\n<p>&nbsp;<\/p>\n<hr \/>\n<p>&nbsp;<\/p>\n<blockquote>\n<h2><a class=\"dt-pswp-item\" href=\"https:\/\/www.radiopiu.net\/wordpress\/wp-content\/uploads\/2018\/08\/Trichiana5.jpg\" data-dt-img-description=\"\" data-large_image_width=\"2506\" data-large_image_height=\"1585\"><img loading=\"lazy\" decoding=\"async\" class=\" wp-image-57993 alignleft\" src=\"https:\/\/www.radiopiu.net\/wordpress\/wp-content\/uploads\/2018\/08\/Trichiana5-300x190.jpg\" alt=\"\" width=\"215\" height=\"136\" srcset=\"https:\/\/www.radiopiu.net\/wordpress\/wp-content\/uploads\/2018\/08\/Trichiana5-300x190.jpg 300w, https:\/\/www.radiopiu.net\/wordpress\/wp-content\/uploads\/2018\/08\/Trichiana5-768x486.jpg 768w, https:\/\/www.radiopiu.net\/wordpress\/wp-content\/uploads\/2018\/08\/Trichiana5-1024x648.jpg 1024w\" sizes=\"auto, (max-width: 215px) 100vw, 215px\" \/><\/a>LA MINORANZA CONVOCA LE ASSOCIAZIONI A TRICHIANA<\/h2>\n<\/blockquote>\n<p><strong>BORGO VALBELLUNA<\/strong> I consiglieri comunali Oliviero Dall\u2019Asen, Dario Dal Magro, Gianluca Franco e Milva Tremea, hanno convocato le associazioni locali per una serie di incontri presso le ex tre municipalit\u00e0 oggi a Mel e il 27 febbraio a Lentiai, alle ore 20:15. L&#8217;obiettivo \u00e8 raccogliere necessit\u00e0, idee e suggerimenti per migliorare il rapporto con l\u2019Amministrazione Comunale e coinvolgere attivamente la comunit\u00e0 nella definizione delle priorit\u00e0 e delle azioni future. I consiglieri invitano i rappresentanti delle associazioni a esprimere le loro prospettive e proposte per affrontare le sfide attuali e pianificare il futuro.<\/p>\n<p>&nbsp;<\/p>\n<p>&nbsp;<\/p>\n<hr \/>\n<p>&nbsp;<\/p>\n<blockquote>\n<h3>UN INCONTRO CON LIBERA PER PARLARE DI STRAGI<\/h3>\n<\/blockquote>\n<p><strong>BELLUNO<\/strong> Oggi alle 18:00 si terr\u00e0 una conversazione dal titolo &#8220;Italia, Paese delle Stragi: La Storia si Ripete&#8221;. La discussione sar\u00e0 guidata da I.M.D., scrittore ed investigatore della Polizia di Stato, e condotta da Franco Tosolini. L&#8217;evento si svolger\u00e0 presso il Ristorante &#8220;La Taverna&#8221; in via Cipro, 7 a Belluno. Per prenotazioni, \u00e8 possibile contattare il numero 0437 26839 o il 336 559177. La tematica sembra collegata a tensioni e intrighi, richiamando un brano dal libro &#8220;Sangue innocente&#8221; di I.M.D.<\/p>\n<p>&nbsp;<\/p>\n<p>&nbsp;<\/p>\n<p>&nbsp;<\/p>\n<hr \/>\n<p>&nbsp;<\/p>\n<blockquote>\n<h3>APPUNTAMENTI CON L&#8217;ASSOCIAZIONE DONATORI DI ORGANI<\/h3>\n<\/blockquote>\n<p><strong>BELLUNO<\/strong> L&#8217;Aido Belluno organizza degli eventi:\u00a0 Il 28 febbraio alla casa funeraria Donadel, con approfondimenti sulla donazione degli organi. I contatti per informazioni sono al numero 336200212.<\/p>\n<p>&nbsp;<\/p>\n<hr \/>\n<p>&nbsp;<\/p>\n<blockquote>\n<blockquote>\n<h3>ASCA CERCA OPERATORI SOCIO SANITARI<\/h3>\n<\/blockquote>\n<\/blockquote>\n<p><strong><a class=\"dt-pswp-item\" href=\"https:\/\/www.radiopiu.net\/wordpress\/wp-content\/uploads\/2020\/04\/ASCA.png\" data-dt-img-description=\"\" data-large_image_width=\"1211\" data-large_image_height=\"668\"><img loading=\"lazy\" decoding=\"async\" class=\" wp-image-128881 alignleft\" src=\"https:\/\/www.radiopiu.net\/wordpress\/wp-content\/uploads\/2020\/04\/ASCA-300x165.png\" alt=\"\" width=\"157\" height=\"86\" srcset=\"https:\/\/www.radiopiu.net\/wordpress\/wp-content\/uploads\/2020\/04\/ASCA-300x165.png 300w, https:\/\/www.radiopiu.net\/wordpress\/wp-content\/uploads\/2020\/04\/ASCA-1024x565.png 1024w, https:\/\/www.radiopiu.net\/wordpress\/wp-content\/uploads\/2020\/04\/ASCA-768x424.png 768w, https:\/\/www.radiopiu.net\/wordpress\/wp-content\/uploads\/2020\/04\/ASCA.png 1211w\" sizes=\"auto, (max-width: 157px) 100vw, 157px\" \/><\/a>AGORDO<\/strong> L&#8217;A.S.C.A. ha pubblicato un avviso di selezione per creare una graduatoria di idoneit\u00e0 volta all&#8217;assunzione di Operatori Socio Sanitari (OSS) a tempo determinato e indeterminato, sia a tempo pieno che parziale, presso le sedi di Agordo, Taibon Agordino e i Comuni Agordini per il servizio domiciliare. Il contratto di riferimento \u00e8 regolato dal CCNL UNEBA, con un trattamento economico basato sul livello contrattuale 4S, incluso un superminimo di \u20ac2.502,39 lordi annui. Vengono offerti vantaggi quali l&#8217;accesso al Welfare Aziendale e la possibilit\u00e0 di sistemazione abitativa gratuita per 8 mesi, con eventuali costi per le utenze. Scadenza domande entro domani alle 12.<\/p>\n<p>&nbsp;<\/p>\n<p>&nbsp;<\/p>\n<hr \/>\n<p>&nbsp;<\/p>\n<blockquote>\n<h3>GARDENSIA PER LA FESTA DELLA DONNA<\/h3>\n<\/blockquote>\n<p><strong>BELLUNO <\/strong>Per la Festa della Donna, nelle principali piazze italiane ritorna \u201cGardensia\u201d. Potrete scegliere tra una gardenia o un\u2019ortensia, oppure sceglierle entrambe. Grazie ai vostri contributo, si potr\u00e0 continuare a sostenere la ricerca scientifica sulla sclerosi multipla e patologie correlate e garantire e potenziare i servizi sul territorio alle persone colpite, la maggior parte delle quali sono giovani e donne. La vendita \u00e8 prevista nelle giornate del 8-9-10 marzo.<\/p>\n<p>&nbsp;<\/p>\n<hr \/>\n<p>&nbsp;<\/p>\n<blockquote>\n<h2>COPPA DEL MONDO SULLA VOLATA&#8230;LIMITAZIONI ALLA VIABILITA&#8217;<\/h2>\n<\/blockquote>\n<p><strong><a class=\"dt-pswp-item\" href=\"https:\/\/www.radiopiu.net\/wordpress\/wp-content\/uploads\/2024\/02\/424674731_797110072458109_3351562248532411389_n.jpg\" data-dt-img-description=\"\" data-large_image_width=\"720\" data-large_image_height=\"540\"><img loading=\"lazy\" decoding=\"async\" class=\"wp-image-375357 alignleft\" src=\"https:\/\/www.radiopiu.net\/wordpress\/wp-content\/uploads\/2024\/02\/424674731_797110072458109_3351562248532411389_n-300x225.jpg\" alt=\"\" width=\"139\" height=\"104\" srcset=\"https:\/\/www.radiopiu.net\/wordpress\/wp-content\/uploads\/2024\/02\/424674731_797110072458109_3351562248532411389_n-300x225.jpg 300w, https:\/\/www.radiopiu.net\/wordpress\/wp-content\/uploads\/2024\/02\/424674731_797110072458109_3351562248532411389_n.jpg 720w\" sizes=\"auto, (max-width: 139px) 100vw, 139px\" \/><\/a><\/strong><\/p>\n<div class=\"textLayer\" data-main-rotation=\"0\"><span id=\"p6R_mc4\" class=\"markedContent\"><span dir=\"ltr\" role=\"presentation\">In occasione delle due gare di<\/span> <span dir=\"ltr\" role=\"presentation\">Coppa del Mondo di Sci Alpino Femminile, del 24 e<\/span> <span dir=\"ltr\" role=\"presentation\">25 febbraio 2024 <\/span><span dir=\"ltr\" role=\"presentation\">a<\/span> <span dir=\"ltr\" role=\"presentation\">Passo San Pellegrino<\/span><span dir=\"ltr\" role=\"presentation\">, sono stati emanati i provvedimenti di<\/span> <span dir=\"ltr\" role=\"presentation\">limitazione alla viabilit\u00e0<\/span><span dir=\"ltr\" role=\"presentation\">, sia sul<\/span><br role=\"presentation\" \/><span dir=\"ltr\" role=\"presentation\">versante trentino che veneto del passo stesso. <\/span><\/span><span id=\"p6R_mc6\" class=\"markedContent\"><span dir=\"ltr\" role=\"presentation\">Nel dettaglio:<\/span><\/span><\/div>\n<div class=\"textLayer\" data-main-rotation=\"0\"><strong><span id=\"p6R_mc8\" class=\"markedContent\"><span dir=\"ltr\" role=\"presentation\">Lato Trentino<\/span><\/span><\/strong><span id=\"p6R_mc9\" class=\"markedContent\"><br role=\"presentation\" \/><span dir=\"ltr\" role=\"presentation\">\u00c8 prevista la<\/span> <span dir=\"ltr\" role=\"presentation\">chiusura della strada statale 346<\/span> <span dir=\"ltr\" role=\"presentation\">dalla l<\/span><span dir=\"ltr\" role=\"presentation\">ocalit\u00e0 Ronchi (partenza impianti Alpe Lusia)<\/span><br role=\"presentation\" \/><span dir=\"ltr\" role=\"presentation\">fino al Passo San Pellegrino,<\/span> <span dir=\"ltr\" role=\"presentation\">dalle 9 alle 11<\/span><span dir=\"ltr\" role=\"presentation\">, in entrambe le giornate di gara. <\/span><\/span><span id=\"p6R_mc10\" class=\"markedContent\"><span dir=\"ltr\" role=\"presentation\">\u00c8 previsto un<\/span> <span dir=\"ltr\" role=\"presentation\">servizio navetta gratuito<\/span> <span dir=\"ltr\" role=\"presentation\">dalle 8:30 alle 10:30 (andata) e dalle 13:00 alle 15:00 <\/span><span dir=\"ltr\" role=\"presentation\">(ritorno) con partenza nei<\/span> <span dir=\"ltr\" role=\"presentation\">pressi del campo sportivo di Moena (Bici Grill). Il parcheggio sar\u00e0 <\/span><span dir=\"ltr\" role=\"presentation\">gratuito.<\/span><\/span><span id=\"p6R_mc12\" class=\"markedContent\"><br role=\"presentation\" \/><strong><span dir=\"ltr\" role=\"presentation\">Lato Veneto<\/span><\/strong><\/span><span id=\"p6R_mc13\" class=\"markedContent\"><br role=\"presentation\" \/><span dir=\"ltr\" role=\"presentation\">\u00c8 prevista la<\/span> <span dir=\"ltr\" role=\"presentation\">chiusura della strada statale 346<\/span> <span dir=\"ltr\" role=\"presentation\">dal bivio per Passo Valles fino al Passo San Pellegrino, <\/span><span dir=\"ltr\" role=\"presentation\">dalle 9:00 alle 11:00<\/span><span dir=\"ltr\" role=\"presentation\">, in entrambe le giornate di gara. <\/span><\/span><span id=\"p6R_mc14\" class=\"markedContent\"><span dir=\"ltr\" role=\"presentation\">\u00c8 previsto un<\/span> <span dir=\"ltr\" role=\"presentation\">servizio navetta gratuito<\/span> <span dir=\"ltr\" role=\"presentation\">dalle 8:30 alle 10:30 (andata) e dalle 13:00 alle 15:00<\/span><br role=\"presentation\" \/><span dir=\"ltr\" role=\"presentation\">(ritorno) con le seguenti fermate: <\/span><\/span><span id=\"p6R_mc16\" class=\"markedContent\"><span dir=\"ltr\" role=\"presentation\">\u2022<\/span> <span dir=\"ltr\" role=\"presentation\">prima fermata in loc. Savaion (Comune Canale d\u2019Agordo)<\/span> <span dir=\"ltr\" role=\"presentation\">&#8211;<\/span> <span dir=\"ltr\" role=\"presentation\">area con parcheggio<\/span><\/span><span id=\"p6R_mc17\" class=\"markedContent\"><br role=\"presentation\" \/><span dir=\"ltr\" role=\"presentation\">\u2022<\/span> <span dir=\"ltr\" role=\"presentation\">seconda fermata nella piazza di Falcade <\/span><\/span><span id=\"p6R_mc18\" class=\"markedContent\"><span dir=\"ltr\" role=\"presentation\">\u2022<\/span> <span dir=\"ltr\" role=\"presentation\">terza fermata a Falcade, Pizzeria La Stua<\/span> <span dir=\"ltr\" role=\"presentation\">in V<\/span><span dir=\"ltr\" role=\"presentation\">ia Serafini <\/span><\/span><span id=\"p6R_mc19\" class=\"markedContent\"><span dir=\"ltr\" role=\"presentation\">\u2022<\/span> <span dir=\"ltr\" role=\"presentation\">quarta fermata a Falcade, chiesa parrocchiale <\/span><\/span><\/div>\n<div data-main-rotation=\"0\"><\/div>\n<p>Ph. Paolo Piccolin<\/p>\n<p>&nbsp;<\/p>\n<p>&nbsp;<\/p>\n<hr \/>\n<p>&nbsp;<\/p>\n<p><strong>\u00a0LA FOTO<\/strong><\/p>\n<p><strong>SOSPIROLO<\/strong>\u00a0 A Salet, area esterna del Centro di riproduzione &#8220;Val Cordevole&#8221;, gestito dai Carabinieri forestali, a pochi chilometri di distanza dalla stazione comando di Candaten.<\/p>\n<p><a class=\"dt-pswp-item\" href=\"https:\/\/www.radiopiu.net\/wordpress\/wp-content\/uploads\/2024\/02\/429091707_1344545616213639_981426972761742490_n.jpg\" data-dt-img-description=\"\" data-large_image_width=\"2040\" data-large_image_height=\"918\"><img loading=\"lazy\" decoding=\"async\" class=\"wp-image-375631 aligncenter\" src=\"https:\/\/www.radiopiu.net\/wordpress\/wp-content\/uploads\/2024\/02\/429091707_1344545616213639_981426972761742490_n-1024x461.jpg\" alt=\"\" width=\"384\" height=\"173\" srcset=\"https:\/\/www.radiopiu.net\/wordpress\/wp-content\/uploads\/2024\/02\/429091707_1344545616213639_981426972761742490_n-1024x461.jpg 1024w, https:\/\/www.radiopiu.net\/wordpress\/wp-content\/uploads\/2024\/02\/429091707_1344545616213639_981426972761742490_n-300x135.jpg 300w, https:\/\/www.radiopiu.net\/wordpress\/wp-content\/uploads\/2024\/02\/429091707_1344545616213639_981426972761742490_n-768x346.jpg 768w, https:\/\/www.radiopiu.net\/wordpress\/wp-content\/uploads\/2024\/02\/429091707_1344545616213639_981426972761742490_n-1536x691.jpg 1536w, https:\/\/www.radiopiu.net\/wordpress\/wp-content\/uploads\/2024\/02\/429091707_1344545616213639_981426972761742490_n.jpg 2040w\" sizes=\"auto, (max-width: 384px) 100vw, 384px\" \/><\/a><\/p>\n<p>&nbsp;<\/p>\n<p>ph sdv<\/p>\n<hr \/>\n<p>&nbsp;<\/p>\n<h2><span style=\"color: #ff6600;\">IERI ALLA RADIO\u00a0<\/span><\/h2>\n<h2><span style=\"color: #008080;\">CISL E FEMCA CISL LA VOCE PER I LAVORATORI<\/span><\/h2>\n<p><a class=\"dt-pswp-item\" href=\"https:\/\/www.radiopiu.net\/wordpress\/wp-content\/uploads\/2023\/10\/Senza-nome-7.png\" data-dt-img-description=\"\" data-large_image_width=\"235\" data-large_image_height=\"378\"><img loading=\"lazy\" decoding=\"async\" class=\"wp-image-355326 alignleft\" src=\"https:\/\/www.radiopiu.net\/wordpress\/wp-content\/uploads\/2023\/10\/Senza-nome-7-187x300.png\" alt=\"\" width=\"92\" height=\"148\" srcset=\"https:\/\/www.radiopiu.net\/wordpress\/wp-content\/uploads\/2023\/10\/Senza-nome-7-187x300.png 187w, https:\/\/www.radiopiu.net\/wordpress\/wp-content\/uploads\/2023\/10\/Senza-nome-7.png 235w\" sizes=\"auto, (max-width: 92px) 100vw, 92px\" \/><\/a>21 febbraio 2024<\/p>\n<p><strong>PUNTATA 61, ALESSIO PICCOLI<\/strong><\/p>\n<audio class=\"wp-audio-shortcode\" id=\"audio-375478-12\" preload=\"none\" style=\"width: 100%;\" controls=\"controls\"><source type=\"audio\/mpeg\" src=\"https:\/\/www.radiopiu.net\/wordpress\/wp-content\/uploads\/2024\/02\/FEMCA-CISL-1.mp3?_=12\" \/><a href=\"https:\/\/www.radiopiu.net\/wordpress\/wp-content\/uploads\/2024\/02\/FEMCA-CISL-1.mp3\">https:\/\/www.radiopiu.net\/wordpress\/wp-content\/uploads\/2024\/02\/FEMCA-CISL-1.mp3<\/a><\/audio>\n<p>&nbsp;<\/p>\n<h2>LA RACCOLTA COMPLETA <a href=\"https:\/\/www.radiopiu.net\/wordpress\/cisl-e-femca-cisl-la-vocef\/\">CLICCA QUI<\/a><\/h2>\n<p>&nbsp;<\/p>\n<p>&nbsp;<\/p>\n<hr \/>\n<p>&nbsp;<\/p>\n<h2><span style=\"color: #ff00ff;\">LIBER, DI LIANA CAVALLET<\/span><\/h2>\n<p><strong>PUNTATA 24\u00a0 21 FEBBRAIO 2024 &#8211; FRANCESCA MELANDRI &#8220;PIU&#8217; ALTO DEL MARE&#8221;<\/strong><\/p>\n\n\t\t\t<style type='text\/css'>\n\t\t\t\t#gallery-4 {\n\t\t\t\t\tmargin: auto;\n\t\t\t\t}\n\t\t\t\t#gallery-4 .gallery-item {\n\t\t\t\t\tfloat: left;\n\t\t\t\t\tmargin-top: 10px;\n\t\t\t\t\ttext-align: center;\n\t\t\t\t\twidth: 100%;\n\t\t\t\t}\n\t\t\t\t#gallery-4 img {\n\t\t\t\t\tborder: 2px solid #cfcfcf;\n\t\t\t\t}\n\t\t\t\t#gallery-4 .gallery-caption {\n\t\t\t\t\tmargin-left: 0;\n\t\t\t\t}\n\t\t\t\t\/* see gallery_shortcode() in wp-includes\/media.php *\/\n\t\t\t<\/style>\n\t\t<div id='gallery-4' class='dt-gallery-container gallery galleryid-375478 gallery-columns-1 gallery-size-medium'><dl class='gallery-item'>\n\t\t\t\t<dt class='gallery-icon portrait'>\n\t\t\t\t\t<a class=\"rollover rollover-zoom dt-pswp-item\" title=\"bc0bef99-3277-4440-b965-8b354e8405b2\" data-dt-img-description=\"\" data-large_image_width=\"286\" data-large_image_height=\"446\"href='https:\/\/www.radiopiu.net\/wordpress\/wp-content\/uploads\/2024\/02\/bc0bef99-3277-4440-b965-8b354e8405b2.jpg'><img loading=\"lazy\" decoding=\"async\" width=\"192\" height=\"300\" src=\"https:\/\/www.radiopiu.net\/wordpress\/wp-content\/uploads\/2024\/02\/bc0bef99-3277-4440-b965-8b354e8405b2-192x300.jpg\" class=\"attachment-medium size-medium\" alt=\"\" srcset=\"https:\/\/www.radiopiu.net\/wordpress\/wp-content\/uploads\/2024\/02\/bc0bef99-3277-4440-b965-8b354e8405b2-192x300.jpg 192w, https:\/\/www.radiopiu.net\/wordpress\/wp-content\/uploads\/2024\/02\/bc0bef99-3277-4440-b965-8b354e8405b2.jpg 286w\" sizes=\"auto, (max-width: 192px) 100vw, 192px\" \/><\/a>\n\t\t\t\t<\/dt><\/dl><br style=\"clear: both\" \/>\n\t\t\t<\/div>\n\n<audio class=\"wp-audio-shortcode\" id=\"audio-375478-13\" preload=\"none\" style=\"width: 100%;\" controls=\"controls\"><source type=\"audio\/mpeg\" src=\"https:\/\/www.radiopiu.net\/wordpress\/wp-content\/uploads\/2024\/02\/LIANA-2.mp3?_=13\" \/><a href=\"https:\/\/www.radiopiu.net\/wordpress\/wp-content\/uploads\/2024\/02\/LIANA-2.mp3\">https:\/\/www.radiopiu.net\/wordpress\/wp-content\/uploads\/2024\/02\/LIANA-2.mp3<\/a><\/audio>\n<p>&nbsp;<\/p>\n<h2>LA RACCOLTA COMPLETA <a href=\"https:\/\/www.radiopiu.net\/wordpress\/liber-di-liana-cavallet-la-raccolta\/\">CLICCA QUI<\/a><\/h2>\n<p>&nbsp;<\/p>\n<hr \/>\n<p>&nbsp;<\/p>\n<h2><span style=\"color: #00ccff;\"><a class=\"dt-pswp-item\" href=\"https:\/\/www.radiopiu.net\/wordpress\/wp-content\/uploads\/2022\/11\/scuola-zaino.jpeg\" data-dt-img-description=\"\" data-large_image_width=\"626\" data-large_image_height=\"417\"><img loading=\"lazy\" decoding=\"async\" class=\" wp-image-306830 alignleft\" src=\"https:\/\/www.radiopiu.net\/wordpress\/wp-content\/uploads\/2022\/11\/scuola-zaino-300x200.jpeg\" alt=\"\" width=\"156\" height=\"104\" srcset=\"https:\/\/www.radiopiu.net\/wordpress\/wp-content\/uploads\/2022\/11\/scuola-zaino-300x200.jpeg 300w, https:\/\/www.radiopiu.net\/wordpress\/wp-content\/uploads\/2022\/11\/scuola-zaino.jpeg 626w\" sizes=\"auto, (max-width: 156px) 100vw, 156px\" \/><\/a>SE NON LA SMETTI TI MANDO DAL PRESIDE<\/span><\/h2>\n<p><strong>DI MIRKO MEZZACASA<\/strong><\/p>\n<p>CON MARIA ROSA SALMAZO<\/p>\n<audio class=\"wp-audio-shortcode\" id=\"audio-375478-14\" preload=\"none\" style=\"width: 100%;\" controls=\"controls\"><source type=\"audio\/mpeg\" src=\"https:\/\/www.radiopiu.net\/wordpress\/wp-content\/uploads\/2024\/02\/se-non-la-smetti-20-puntata-da-domenica.mp3?_=14\" \/><a href=\"https:\/\/www.radiopiu.net\/wordpress\/wp-content\/uploads\/2024\/02\/se-non-la-smetti-20-puntata-da-domenica.mp3\">https:\/\/www.radiopiu.net\/wordpress\/wp-content\/uploads\/2024\/02\/se-non-la-smetti-20-puntata-da-domenica.mp3<\/a><\/audio>\n<p>&nbsp;<\/p>\n<hr \/>\n<p>&nbsp;<\/p>\n<h2><span style=\"color: #ff0000;\">GLI APPUNTAMENTI DELLA SETTIMANA<\/span><span style=\"color: #ff0000;\">\u00a0 <\/span><\/h2>\n<p><b><strong>BELLUNO\u00a0<\/strong><\/b><span style=\"font-family: Times New Roman, serif;\"><span style=\"font-size: medium;\">Domani, alle ore 20:30, nell\u2019aula magna del Seminario Gregoriano di Belluno, si terr\u00e0 la seconda conferenza del ciclo di incontri organizzato in preparazione <\/span><\/span><span style=\"font-family: Times New Roman, serif;\"><span style=\"font-size: medium;\">alle celebrazioni per i settecento anni della dedicazione della chiesa di San Pietro a Belluno, anniversario che ricorrer\u00e0 nel 2026. I<\/span><\/span><span style=\"font-family: Times New Roman, serif;\"><span style=\"font-size: medium;\">nterverr\u00e0 Flavio Vizzutti, storico dell\u2019arte conosciuto e apprezzato per i suoi numerosi studi sull\u2019arte veneta e friulana condotti in oltre quarantacinque anni di attivit\u00e0<\/span><\/span><\/p>\n<h2><span style=\"color: #ff0000;\">PROSSIMAMENTE<\/span><\/h2>\n<p><strong>FELTRE<\/strong> La Famiglia Ex Emigranti del Feltrino organizza la gita alla fiera &#8220;Orto Giardino&#8221; a Pordenonefiere il 6 marzo. La partenza \u00e8 alle 13 da Pedavena, con passaggio a Feltre. Il programma include l&#8217;ingresso alla fiera e una tappa in pizzeria durante il rientro. Per informazioni 40 262 9562.<\/p>\n<p><strong>CENCENIGHE<\/strong> DOMENICA 3 MARZO 10 anni di Oh Per Bacco, 2014_2024, dalle 16.00 la festa<\/p>\n<blockquote>\n<h2><a class=\"dt-pswp-item\" href=\"https:\/\/www.radiopiu.net\/wordpress\/wp-content\/uploads\/2024\/02\/424975281_17930049686820544_8669192397721482723_n.jpg\" data-dt-img-description=\"\" data-large_image_width=\"512\" data-large_image_height=\"640\"><img loading=\"lazy\" decoding=\"async\" class=\"size-medium wp-image-375410 aligncenter\" src=\"https:\/\/www.radiopiu.net\/wordpress\/wp-content\/uploads\/2024\/02\/424975281_17930049686820544_8669192397721482723_n-240x300.jpg\" alt=\"\" width=\"240\" height=\"300\" srcset=\"https:\/\/www.radiopiu.net\/wordpress\/wp-content\/uploads\/2024\/02\/424975281_17930049686820544_8669192397721482723_n-240x300.jpg 240w, https:\/\/www.radiopiu.net\/wordpress\/wp-content\/uploads\/2024\/02\/424975281_17930049686820544_8669192397721482723_n.jpg 512w\" sizes=\"auto, (max-width: 240px) 100vw, 240px\" \/><\/a><\/h2>\n<h2><\/h2>\n<\/blockquote>\n<div>\n<div class=\"\" dir=\"auto\">\n<div id=\":r9h:\" class=\"x1iorvi4 x1pi30zi x1l90r2v x1swvt13\" data-ad-comet-preview=\"message\" data-ad-preview=\"message\">\n<div class=\"x78zum5 xdt5ytf xz62fqu x16ldp7u\">\n<div class=\"xu06os2 x1ok221b\">\n<blockquote>\n<h3 style=\"text-align: center;\">LE CAMPE: 9 marzo con la Combricola del Blasko<\/h3>\n<\/blockquote>\n<p><a class=\"dt-pswp-item\" href=\"https:\/\/www.radiopiu.net\/wordpress\/wp-content\/uploads\/2024\/02\/Senza-nome-52.png\" data-dt-img-description=\"\" data-large_image_width=\"268\" data-large_image_height=\"486\"><img loading=\"lazy\" decoding=\"async\" class=\"size-medium wp-image-375373 aligncenter\" src=\"https:\/\/www.radiopiu.net\/wordpress\/wp-content\/uploads\/2024\/02\/Senza-nome-52-165x300.png\" alt=\"\" width=\"165\" height=\"300\" srcset=\"https:\/\/www.radiopiu.net\/wordpress\/wp-content\/uploads\/2024\/02\/Senza-nome-52-165x300.png 165w, https:\/\/www.radiopiu.net\/wordpress\/wp-content\/uploads\/2024\/02\/Senza-nome-52.png 268w\" sizes=\"auto, (max-width: 165px) 100vw, 165px\" \/><\/a><\/p>\n<\/div>\n<\/div>\n<\/div>\n<\/div>\n<\/div>\n<blockquote>\n<h2><\/h2>\n<h2><\/h2>\n<h2>SAVE THE DATE FESTIVAL&#8230;. VAI COL TOTO OSPITI<\/h2>\n<blockquote>\n<h3>SAVE THE DATE FESTIVAL AL RIFUGIO LARESEI&#8230;IL 7 APRILE SARA&#8217; UNA GIORNATA INDIMENTICABILE<\/h3>\n<\/blockquote>\n<p><strong>REDAZIONE<\/strong>\u00a0 Il <a class=\"x1i10hfl xjbqb8w x1ejq31n xd10rxx x1sy0etr x17r0tee x972fbf xcfux6l x1qhh985 xm0m39n x9f619 x1ypdohk xt0psk2 xe8uvvx xdj266r x11i5rnm xat24cr x1mh8g0r xexx8yu x4uap5 x18d9i69 xkhd6sd x16tdsg8 x1hl2dhg xggy1nq x1a2a7pz xt0b8zv x1fey0fg xo1l8bm\" tabindex=\"0\" role=\"link\" href=\"https:\/\/www.facebook.com\/profile.php?id=100045091193257&amp;__cft__[0]=AZUM8vX7w0tdsV8ZOHRMW344V6T9IviMf0lh3Wv6r7VQjYK8iVAxrdfdKAH1jw8yFoZ6xHsxGK3E2CAJQZmwinkDHYGzVqLPgzq7rYMxhlD0zL1x97pSPXtoCXYi5Z-EgdnnWeWNhot-W8H7JH2Ne7QM_UvO_v1nD-XKhR0zfftP6fKvhZZqJlKhJF2bnI7mwYw&amp;__tn__=-]K-R\"><span class=\"xt0psk2\">Rifugio Laresei<\/span><\/a> \u00e8 pronto ad accogliervi il 7 Aprile 2024 per <a class=\"x1i10hfl xjbqb8w x1ejq31n xd10rxx x1sy0etr x17r0tee x972fbf xcfux6l x1qhh985 xm0m39n x9f619 x1ypdohk xt0psk2 xe8uvvx xdj266r x11i5rnm xat24cr x1mh8g0r xexx8yu x4uap5 x18d9i69 xkhd6sd x16tdsg8 x1hl2dhg xggy1nq x1a2a7pz xt0b8zv x1fey0fg xo1l8bm\" tabindex=\"0\" role=\"link\" href=\"https:\/\/www.facebook.com\/profile.php?id=61554808097303&amp;__cft__[0]=AZUM8vX7w0tdsV8ZOHRMW344V6T9IviMf0lh3Wv6r7VQjYK8iVAxrdfdKAH1jw8yFoZ6xHsxGK3E2CAJQZmwinkDHYGzVqLPgzq7rYMxhlD0zL1x97pSPXtoCXYi5Z-EgdnnWeWNhot-W8H7JH2Ne7QM_UvO_v1nD-XKhR0zfftP6fKvhZZqJlKhJF2bnI7mwYw&amp;__tn__=-]K-R\"><span class=\"xt0psk2\">Save The Date Festival<\/span><\/a> 2024\u00a0 Il toto-nomi \u00e8 ormai partito da tempo il primo dei presentatori del festival: <a class=\"x1i10hfl xjbqb8w x1ejq31n xd10rxx x1sy0etr x17r0tee x972fbf xcfux6l x1qhh985 xm0m39n x9f619 x1ypdohk xt0psk2 xe8uvvx xdj266r x11i5rnm xat24cr x1mh8g0r xexx8yu x4uap5 x18d9i69 xkhd6sd x16tdsg8 x1hl2dhg xggy1nq x1a2a7pz xt0b8zv x1fey0fg xo1l8bm\" tabindex=\"0\" role=\"link\" href=\"https:\/\/www.facebook.com\/massimilianotv?__cft__[0]=AZUM8vX7w0tdsV8ZOHRMW344V6T9IviMf0lh3Wv6r7VQjYK8iVAxrdfdKAH1jw8yFoZ6xHsxGK3E2CAJQZmwinkDHYGzVqLPgzq7rYMxhlD0zL1x97pSPXtoCXYi5Z-EgdnnWeWNhot-W8H7JH2Ne7QM_UvO_v1nD-XKhR0zfftP6fKvhZZqJlKhJF2bnI7mwYw&amp;__tn__=-]K-R\"><span class=\"xt0psk2\">Massimiliano Ossini<\/span><\/a>! Acquista il tuo biglietto d&#8217;ingresso al link: <a class=\"x1i10hfl xjbqb8w x1ejq31n xd10rxx x1sy0etr x17r0tee x972fbf xcfux6l x1qhh985 xm0m39n x9f619 x1ypdohk xt0psk2 xe8uvvx xdj266r x11i5rnm xat24cr x1mh8g0r xexx8yu x4uap5 x18d9i69 xkhd6sd x16tdsg8 x1hl2dhg xggy1nq x1a2a7pz xt0b8zv x1fey0fg\" tabindex=\"0\" role=\"link\" href=\"https:\/\/www.ciaotickets.com\/it\/biglietti\/save-the-date-festival?fbclid=IwAR2twXNIKTfhuNSKXjc81muuyWOdPXibxCQCpdCgIHCPyhC2ml7vqBHDi7c\" target=\"_blank\" rel=\"nofollow noopener noreferrer\">https:\/\/www.ciaotickets.com\/&#8230;\/save-the-date-festival<\/a><\/p><\/blockquote>\n<div>\n<div class=\"\" dir=\"auto\">\n<div id=\":r9h:\" class=\"x1iorvi4 x1pi30zi x1l90r2v x1swvt13\" data-ad-comet-preview=\"message\" data-ad-preview=\"message\">\n<div class=\"x78zum5 xdt5ytf xz62fqu x16ldp7u\">\n<div class=\"xu06os2 x1ok221b\">\n<div dir=\"auto\">\n\n\t\t\t<style type='text\/css'>\n\t\t\t\t#gallery-5 {\n\t\t\t\t\tmargin: auto;\n\t\t\t\t}\n\t\t\t\t#gallery-5 .gallery-item {\n\t\t\t\t\tfloat: left;\n\t\t\t\t\tmargin-top: 10px;\n\t\t\t\t\ttext-align: center;\n\t\t\t\t\twidth: 50%;\n\t\t\t\t}\n\t\t\t\t#gallery-5 img {\n\t\t\t\t\tborder: 2px solid #cfcfcf;\n\t\t\t\t}\n\t\t\t\t#gallery-5 .gallery-caption {\n\t\t\t\t\tmargin-left: 0;\n\t\t\t\t}\n\t\t\t\t\/* see gallery_shortcode() in wp-includes\/media.php *\/\n\t\t\t<\/style>\n\t\t<div id='gallery-5' class='dt-gallery-container gallery galleryid-375478 gallery-columns-2 gallery-size-medium'><dl class='gallery-item'>\n\t\t\t\t<dt class='gallery-icon landscape'>\n\t\t\t\t\t<a class=\"rollover rollover-zoom dt-pswp-item\" title=\"428458808_122124610286160269_8403615925720421881_n\" data-dt-img-description=\"\" data-large_image_width=\"526\" data-large_image_height=\"526\"href='https:\/\/www.radiopiu.net\/wordpress\/wp-content\/uploads\/2024\/02\/428458808_122124610286160269_8403615925720421881_n.jpg'><img loading=\"lazy\" decoding=\"async\" width=\"300\" height=\"300\" src=\"https:\/\/www.radiopiu.net\/wordpress\/wp-content\/uploads\/2024\/02\/428458808_122124610286160269_8403615925720421881_n-300x300.jpg\" class=\"attachment-medium size-medium\" alt=\"\" srcset=\"https:\/\/www.radiopiu.net\/wordpress\/wp-content\/uploads\/2024\/02\/428458808_122124610286160269_8403615925720421881_n-300x300.jpg 300w, https:\/\/www.radiopiu.net\/wordpress\/wp-content\/uploads\/2024\/02\/428458808_122124610286160269_8403615925720421881_n-150x150.jpg 150w, https:\/\/www.radiopiu.net\/wordpress\/wp-content\/uploads\/2024\/02\/428458808_122124610286160269_8403615925720421881_n.jpg 526w\" sizes=\"auto, (max-width: 300px) 100vw, 300px\" \/><\/a>\n\t\t\t\t<\/dt><\/dl><dl class='gallery-item'>\n\t\t\t\t<dt class='gallery-icon portrait'>\n\t\t\t\t\t<a class=\"rollover rollover-zoom dt-pswp-item\" title=\"424589697_17849558076141395_6233705988191667367_n\" data-dt-img-description=\"\" data-large_image_width=\"512\" data-large_image_height=\"640\"href='https:\/\/www.radiopiu.net\/wordpress\/wp-content\/uploads\/2024\/02\/424589697_17849558076141395_6233705988191667367_n.jpg'><img loading=\"lazy\" decoding=\"async\" width=\"240\" height=\"300\" src=\"https:\/\/www.radiopiu.net\/wordpress\/wp-content\/uploads\/2024\/02\/424589697_17849558076141395_6233705988191667367_n-240x300.jpg\" class=\"attachment-medium size-medium\" alt=\"\" srcset=\"https:\/\/www.radiopiu.net\/wordpress\/wp-content\/uploads\/2024\/02\/424589697_17849558076141395_6233705988191667367_n-240x300.jpg 240w, https:\/\/www.radiopiu.net\/wordpress\/wp-content\/uploads\/2024\/02\/424589697_17849558076141395_6233705988191667367_n.jpg 512w\" sizes=\"auto, (max-width: 240px) 100vw, 240px\" \/><\/a>\n\t\t\t\t<\/dt><\/dl><br style=\"clear: both\" \/>\n\t\t\t<\/div>\n\n<\/div>\n<p>&nbsp;<\/p>\n<\/div>\n<\/div>\n<\/div>\n<\/div>\n<\/div>\n<hr \/>\n<p>&nbsp;<\/p>\n<p><a class=\"dt-pswp-item\" href=\"https:\/\/www.radiopiu.net\/wordpress\/wp-content\/uploads\/2018\/09\/viabilita.jpeg\" data-dt-img-description=\"\" data-large_image_width=\"800\" data-large_image_height=\"100\"><img loading=\"lazy\" decoding=\"async\" class=\"aligncenter wp-image-61954 size-full\" src=\"https:\/\/www.radiopiu.net\/wordpress\/wp-content\/uploads\/2018\/09\/viabilita.jpeg\" alt=\"\" width=\"800\" height=\"100\" srcset=\"https:\/\/www.radiopiu.net\/wordpress\/wp-content\/uploads\/2018\/09\/viabilita.jpeg 800w, https:\/\/www.radiopiu.net\/wordpress\/wp-content\/uploads\/2018\/09\/viabilita-300x38.jpeg 300w, https:\/\/www.radiopiu.net\/wordpress\/wp-content\/uploads\/2018\/09\/viabilita-768x96.jpeg 768w\" sizes=\"auto, (max-width: 800px) 100vw, 800px\" \/><\/a><\/p>\n<p>&nbsp;<\/p>\n<p><a class=\"dt-pswp-item\" href=\"https:\/\/www.radiopiu.net\/wordpress\/wp-content\/uploads\/2023\/12\/botol-car-service.jpg\" data-dt-img-description=\"\" data-large_image_width=\"600\" data-large_image_height=\"600\"><img loading=\"lazy\" decoding=\"async\" class=\"size-medium wp-image-367044 aligncenter\" src=\"https:\/\/www.radiopiu.net\/wordpress\/wp-content\/uploads\/2023\/12\/botol-car-service-300x300.jpg\" alt=\"\" width=\"300\" height=\"300\" srcset=\"https:\/\/www.radiopiu.net\/wordpress\/wp-content\/uploads\/2023\/12\/botol-car-service-300x300.jpg 300w, https:\/\/www.radiopiu.net\/wordpress\/wp-content\/uploads\/2023\/12\/botol-car-service-150x150.jpg 150w, https:\/\/www.radiopiu.net\/wordpress\/wp-content\/uploads\/2023\/12\/botol-car-service.jpg 600w\" sizes=\"auto, (max-width: 300px) 100vw, 300px\" \/><\/a><\/p>\n<p>&nbsp;<\/p>\n<blockquote>\n<h1><span style=\"color: #ff0000;\"><a class=\"dt-pswp-item\" href=\"https:\/\/www.radiopiu.net\/wordpress\/wp-content\/uploads\/2020\/05\/VENETO-STRADE.png\" data-dt-img-description=\"\" data-large_image_width=\"400\" data-large_image_height=\"400\"><img loading=\"lazy\" decoding=\"async\" class=\"wp-image-135574 alignleft\" src=\"https:\/\/www.radiopiu.net\/wordpress\/wp-content\/uploads\/2020\/05\/VENETO-STRADE-300x300.png\" alt=\"\" width=\"102\" height=\"102\" srcset=\"https:\/\/www.radiopiu.net\/wordpress\/wp-content\/uploads\/2020\/05\/VENETO-STRADE-300x300.png 300w, https:\/\/www.radiopiu.net\/wordpress\/wp-content\/uploads\/2020\/05\/VENETO-STRADE-150x150.png 150w, https:\/\/www.radiopiu.net\/wordpress\/wp-content\/uploads\/2020\/05\/VENETO-STRADE.png 400w\" sizes=\"auto, (max-width: 102px) 100vw, 102px\" \/><\/a>AGGIORNAMENTO QUOTIDIANO, IN\u00a0 COLLABORAZIONE CON VENETO STRADE E BOTOL CAR SERVICE AD AGORDO IN LOCALITA&#8217; VALCOZZENA.<\/span><\/h1>\n<p>&nbsp;<\/p><\/blockquote>\n<p><span style=\"color: #0000ff;\"><strong>BOLLETTINO VIABILITA&#8217; AGGIORNATO AL 23 GENNAIO 2024<\/strong><\/span><\/p>\n<audio class=\"wp-audio-shortcode\" id=\"audio-375478-15\" preload=\"none\" style=\"width: 100%;\" controls=\"controls\"><source type=\"audio\/mpeg\" src=\"https:\/\/www.radiopiu.net\/wordpress\/wp-content\/uploads\/2024\/01\/VIABLITA-2.mp3?_=15\" \/><a href=\"https:\/\/www.radiopiu.net\/wordpress\/wp-content\/uploads\/2024\/01\/VIABLITA-2.mp3\">https:\/\/www.radiopiu.net\/wordpress\/wp-content\/uploads\/2024\/01\/VIABLITA-2.mp3<\/a><\/audio>\n<p>&nbsp;<\/p>\n<p>&nbsp;<\/p>\n<hr \/>\n<p>&nbsp;<\/p>\n<p><a class=\"dt-pswp-item\" href=\"https:\/\/www.radiopiu.net\/wordpress\/wp-content\/uploads\/2018\/09\/WhatsApp-Image-2018-09-20-at-16.04.06.jpeg\" data-dt-img-description=\"\" data-large_image_width=\"800\" data-large_image_height=\"100\"><img loading=\"lazy\" decoding=\"async\" class=\"wp-image-61378 size-full aligncenter\" src=\"https:\/\/www.radiopiu.net\/wordpress\/wp-content\/uploads\/2018\/09\/WhatsApp-Image-2018-09-20-at-16.04.06.jpeg\" alt=\"\" width=\"800\" height=\"100\" srcset=\"https:\/\/www.radiopiu.net\/wordpress\/wp-content\/uploads\/2018\/09\/WhatsApp-Image-2018-09-20-at-16.04.06.jpeg 800w, https:\/\/www.radiopiu.net\/wordpress\/wp-content\/uploads\/2018\/09\/WhatsApp-Image-2018-09-20-at-16.04.06-300x38.jpeg 300w, https:\/\/www.radiopiu.net\/wordpress\/wp-content\/uploads\/2018\/09\/WhatsApp-Image-2018-09-20-at-16.04.06-768x96.jpeg 768w\" sizes=\"auto, (max-width: 800px) 100vw, 800px\" \/><\/a><\/p>\n<p><center><\/center><b>\u00a0 \u00a0\u00a0<\/b><\/p>\n<p><center><\/center><center><\/center><center><b>OGGI<\/b><\/center>Molto nuvoloso al mattino con ulteriore aumento della nuvolosit\u00e0 fino a coperto dal pomeriggio.<br \/>\n<b>Precipitazioni: <\/b>Molto deboli, sparse ed intermittenti possibili a partire dalla notte specie su Dolomiti, via via pi\u00f9 probabili nel pomeriggio ed in serata quando tenderanno ad essere diffuse e in intensificazione su Prealpi occidentali, anche con qualche rovescio. Quota neve attorno a 1100\/1300 m su Dolomiti nella notte, in rialzo attorno ai 1500 m in giornata e in lieve calo in tarda serata,<br \/>\n<b>Temperature: <\/b>Temperature nelle valli minime in aumento e massime in lieve calo, in quota stazionarie.<\/p>\n<hr \/>\n<p><center><b>DOMANI<\/b><\/center>Cielo coperto con qualche irregolare schiarita verso sera su Prealpi occidentali.<br \/>\n<b>Precipitazioni: <\/b>Probabili precipitazioni moderate diffuse anche con rovesci, in attenuazione nel pomeriggio a partire da Prealpi ovest mentre potranno insistere pi\u00f9 a lungo sul bellunese, in possibile ripresa sottoforma di rovesci sparsi verso sera. Limite neve a 1000-1300 m su Dolomiti.<br \/>\n<b>Temperature: <\/b>Temperature stazionarie o in lieve calo in quota verso sera.<\/p>\n<hr \/>\n<p><center><b>SABATO<\/b><\/center>Variabile a tratti instabile con cielo per lo pi\u00f9 nuvoloso seppur con qualche irregolare schiarita. Possibili precipitazioni sparse generalmente deboli, anche con rovesci specie su Prealpi e nel pomeriggio. Limite neve a 1000-1200 m. Temperature in lieve calo.<\/p>\n<hr \/>\n<p><center><b>DOMENICA<\/b><\/center>Tempo variabile con nuvolosit\u00e0 prevalente e qualche irregolare schiarita. In questo contesto non sono escluse deboli precipitazioni sparse, eventualmente nevose oltre i 1000 m<\/p>\n<p>&nbsp;<\/p>\n<hr \/>\n<p>&nbsp;<\/p>\n<p><img loading=\"lazy\" decoding=\"async\" class=\"wp-image-60761 size-full aligncenter\" src=\"https:\/\/www.radiopiu.net\/wordpress\/wp-content\/uploads\/2018\/09\/sport.jpg\" alt=\"\" width=\"800\" height=\"100\" srcset=\"https:\/\/www.radiopiu.net\/wordpress\/wp-content\/uploads\/2018\/09\/sport.jpg 800w, https:\/\/www.radiopiu.net\/wordpress\/wp-content\/uploads\/2018\/09\/sport-300x38.jpg 300w, https:\/\/www.radiopiu.net\/wordpress\/wp-content\/uploads\/2018\/09\/sport-768x96.jpg 768w\" sizes=\"auto, (max-width: 800px) 100vw, 800px\" \/><\/p>\n<p>&nbsp;<\/p>\n<p><span style=\"color: #0000ff;\"><strong>CORSA CAMPESTRE<\/strong><\/span><\/p>\n<blockquote>\n<h3>MANUELA BULF SI CONFERMA CAMPIONESSA ITALIANA DI CROSS<\/h3>\n<\/blockquote>\n<p><strong>REDAZIONE<\/strong> Per il secondo anno consecutivo Manuela Bulf si conferma campionessa italiana di corsa campestre. La mamma di Nogarola non smentisce e continua a macinare vittorie. Manuela a partire da inizio anno non fa pi\u00f9 parte dell&#8217;Atletica Agordina ma si \u00e8 spostata in una squadra della provincia di Parma, l&#8217;Atletica Casone. Lo scorso fine settimana sono andati in scena a Borgaretto in provincia di Torino i Campionati Italiani di Cross FIDAL e Manuela Bulf ha vinto di nuovo mettendosi al collo la medaglia d&#8217;oro della manifestazione staccando di alcuni secondi la seconda classificata.<\/p>\n\n\t\t\t<style type='text\/css'>\n\t\t\t\t#gallery-6 {\n\t\t\t\t\tmargin: auto;\n\t\t\t\t}\n\t\t\t\t#gallery-6 .gallery-item {\n\t\t\t\t\tfloat: left;\n\t\t\t\t\tmargin-top: 10px;\n\t\t\t\t\ttext-align: center;\n\t\t\t\t\twidth: 33%;\n\t\t\t\t}\n\t\t\t\t#gallery-6 img {\n\t\t\t\t\tborder: 2px solid #cfcfcf;\n\t\t\t\t}\n\t\t\t\t#gallery-6 .gallery-caption {\n\t\t\t\t\tmargin-left: 0;\n\t\t\t\t}\n\t\t\t\t\/* see gallery_shortcode() in wp-includes\/media.php *\/\n\t\t\t<\/style>\n\t\t<div id='gallery-6' class='dt-gallery-container gallery galleryid-375478 gallery-columns-3 gallery-size-thumbnail'><dl class='gallery-item'>\n\t\t\t\t<dt class='gallery-icon portrait'>\n\t\t\t\t\t<a class=\"rollover rollover-zoom dt-pswp-item\" title=\"c722301f-f35e-4d3a-8623-23ed85a9a70a\" data-dt-img-description=\"\" data-large_image_width=\"1080\" data-large_image_height=\"1346\"href='https:\/\/www.radiopiu.net\/wordpress\/wp-content\/uploads\/2024\/02\/c722301f-f35e-4d3a-8623-23ed85a9a70a.jpg'><img loading=\"lazy\" decoding=\"async\" width=\"150\" height=\"150\" src=\"https:\/\/www.radiopiu.net\/wordpress\/wp-content\/uploads\/2024\/02\/c722301f-f35e-4d3a-8623-23ed85a9a70a-150x150.jpg\" class=\"attachment-thumbnail size-thumbnail\" alt=\"\" \/><\/a>\n\t\t\t\t<\/dt><\/dl><dl class='gallery-item'>\n\t\t\t\t<dt class='gallery-icon portrait'>\n\t\t\t\t\t<a class=\"rollover rollover-zoom dt-pswp-item\" title=\"2780c394-e013-44d4-8ccc-ef304ee8c754\" data-dt-img-description=\"\" data-large_image_width=\"1080\" data-large_image_height=\"1350\"href='https:\/\/www.radiopiu.net\/wordpress\/wp-content\/uploads\/2024\/02\/2780c394-e013-44d4-8ccc-ef304ee8c754.jpg'><img loading=\"lazy\" decoding=\"async\" width=\"150\" height=\"150\" src=\"https:\/\/www.radiopiu.net\/wordpress\/wp-content\/uploads\/2024\/02\/2780c394-e013-44d4-8ccc-ef304ee8c754-150x150.jpg\" class=\"attachment-thumbnail size-thumbnail\" alt=\"\" \/><\/a>\n\t\t\t\t<\/dt><\/dl><dl class='gallery-item'>\n\t\t\t\t<dt class='gallery-icon portrait'>\n\t\t\t\t\t<a class=\"rollover rollover-zoom dt-pswp-item\" title=\"36984b6f-0502-4a76-96c5-eeb2db25de60\" data-dt-img-description=\"\" data-large_image_width=\"1080\" data-large_image_height=\"1346\"href='https:\/\/www.radiopiu.net\/wordpress\/wp-content\/uploads\/2024\/02\/36984b6f-0502-4a76-96c5-eeb2db25de60.jpg'><img loading=\"lazy\" decoding=\"async\" width=\"150\" height=\"150\" src=\"https:\/\/www.radiopiu.net\/wordpress\/wp-content\/uploads\/2024\/02\/36984b6f-0502-4a76-96c5-eeb2db25de60-150x150.jpg\" class=\"attachment-thumbnail size-thumbnail\" alt=\"\" \/><\/a>\n\t\t\t\t<\/dt><\/dl><br style=\"clear: both\" \/>\n\t\t\t<\/div>\n\n<p>&nbsp;<\/p>\n<p><span style=\"color: #0000ff;\"><strong>HOCKEY SU GHIACCIO<\/strong><\/span><\/p>\n<blockquote>\n<h3 class=\"entry-title\">AL DE TONI ARRIVANO LE LINCI DI PERGINE<\/h3>\n<\/blockquote>\n<p><strong class=\"photoswipe-wrapper\"><a class=\"dt-pswp-item pspw-wrap-ready\" href=\"https:\/\/www.radiopiu.net\/wordpress\/wp-content\/uploads\/2023\/11\/alleghe-logo-2023.jpg\" data-dt-img-description=\"\" data-large_image_width=\"1024\" data-large_image_height=\"576\"><img loading=\"lazy\" decoding=\"async\" class=\" wp-image-359944 alignleft\" src=\"https:\/\/www.radiopiu.net\/wordpress\/wp-content\/uploads\/2023\/11\/alleghe-logo-2023-300x169.jpg\" sizes=\"auto, (max-width: 222px) 100vw, 222px\" srcset=\"https:\/\/www.radiopiu.net\/wordpress\/wp-content\/uploads\/2023\/11\/alleghe-logo-2023-300x169.jpg 300w, https:\/\/www.radiopiu.net\/wordpress\/wp-content\/uploads\/2023\/11\/alleghe-logo-2023-768x432.jpg 768w, https:\/\/www.radiopiu.net\/wordpress\/wp-content\/uploads\/2023\/11\/alleghe-logo-2023.jpg 1024w\" alt=\"\" width=\"222\" height=\"125\" \/><\/a>DI ROBERTO MIANA, PORTAVOCE DELL\u2019ALLEGHE HOCKEY<\/strong><\/p>\n<p>Nona e penultima giornata del Master Round IHL di hockey su ghiaccio. Gioved\u00ec 22 febbraio alle 20:30\u00a0l\u2019Alleghe ospita il Pergine.<br \/>\nLe Civette, osservato il turno di riposo nel fine settimana, tornano protagoniste sul ghiaccio di casa dopo la sconfitta 1-6 maturata nell\u2019ultima gara giocata a Caldaro. Al \u201cDe Toni\u201d arriva il capolista Pergine, che in questo Master Round ha vinto sei gare su sette. Servir\u00e0 una grande gara da parte di Scola e compagni, al cospetto di un avversario che nei tre precedenti stagionali ha lasciato un solo punto agli agordini. L\u2019Alleghe, quarto in classifica con 15 punti, deve guardarsi le spalle dall\u2019Appiano distante un solo punto. Pirati che ospiteranno proprio sabato gli agordini nell\u2019ultimo turno del Master Round. Coach Scapinello, contro le Linci, dovr\u00e0 ancora una volta far fronte ad importanti assenze: oltre al capitano Milos Ganz non sar\u00e0 del match anche Nicola Soppelsa. Prossimi al rientro invece Tobias Moroder e Davide Testori, che saranno per\u00f2 valutati solo dopo l\u2019ultimo allenamento. I Trentini, primi in classifica con 32 punti, possono vantare il miglior attacco del Master Round e annoverare nelle proprie file il \u201cterribile\u201d italo-canadese Christian Buono, top scorer assoluto della seconda fase di campionato con 11 marcature in 7 gare. Nei 30 precedenti del campionato IHL tra Alleghe e Pergine si sono registrati 13 successi delle Civette, un pareggio e 16 affermazioni delle Linci.<\/p>\n<p><strong>ALLEGHE HOCKEY \u2013 HOCKEY PERGINE SAPIENS\u00a0<\/strong>Gioved\u00ec 22 Febbraio ore 20:30 \u2013 Palaghiaccio \u201cAlvise De Toni\u201d di Alleghe (BL)<br \/>\nArbitri: Alessio Bedana e Patrick Theo Gruber con giudici di linea Andrea Carrito e Noel Ilmer. Collegamenti in\u00a0DIRETTA RADIOFONICA\u00a0su Radio Pi\u00f9 (www.radiopiu.net) con \u201cHockey al punto giusto\u201d, in studio Marco Gaz e da Alleghe interventi di Federico Paganin<\/p>\n<p>&nbsp;<\/p>\n<p><span style=\"color: #0000ff;\"><strong>PALLAVOLO<\/strong><\/span><\/p>\n<blockquote>\n<h3>STUFANO GARANTISCE QUALITA&#8217; E INCISIVITA&#8217; PER IL BELLUNO VOLLEY<\/h3>\n<\/blockquote>\n<p><strong><a class=\"dt-pswp-item\" href=\"https:\/\/www.radiopiu.net\/wordpress\/wp-content\/uploads\/2024\/02\/Stufano_protagonista_a_Brugherio.jpg\" data-dt-img-description=\"\" data-large_image_width=\"833\" data-large_image_height=\"556\"><img loading=\"lazy\" decoding=\"async\" class=\" wp-image-375544 alignleft\" src=\"https:\/\/www.radiopiu.net\/wordpress\/wp-content\/uploads\/2024\/02\/Stufano_protagonista_a_Brugherio-300x200.jpg\" alt=\"\" width=\"158\" height=\"105\" srcset=\"https:\/\/www.radiopiu.net\/wordpress\/wp-content\/uploads\/2024\/02\/Stufano_protagonista_a_Brugherio-300x200.jpg 300w, https:\/\/www.radiopiu.net\/wordpress\/wp-content\/uploads\/2024\/02\/Stufano_protagonista_a_Brugherio-768x513.jpg 768w, https:\/\/www.radiopiu.net\/wordpress\/wp-content\/uploads\/2024\/02\/Stufano_protagonista_a_Brugherio.jpg 833w\" sizes=\"auto, (max-width: 158px) 100vw, 158px\" \/><\/a>BELLUNO<\/strong> Il Belluno Volley ha ottenuto una vittoria importante contro la Gamma Chimica a Brugherio, difendendo il terzo posto. Alessandro Stufano ha giocato un ruolo chiave nel tie-break con 5 punti, dimostrando grinta e contribuendo alla vittoria. Il rendimento in trasferta si \u00e8 migliorato, vincendo tre delle quattro gare disputate finora. Stufano sottolinea che le vittorie lontano da casa dimostrano la capacit\u00e0 della squadra di superare le difficolt\u00e0. Il prossimo scontro diretto con il Monge Gerbaudo Savigliano sar\u00e0 cruciale per il miglior piazzamento in classifica. Stufano \u00e8 fiducioso nell&#8217;ottenere buoni risultati nelle partite cruciali che li attendono.<\/p>\n<p>&nbsp;<\/p>\n<blockquote>\n<h2><span style=\"color: #ff0000;\">4 PAS IN DOI, SOLO DOMANI ON LINE ISCRIZIONI A 30 EURO<\/span><\/h2>\n<\/blockquote>\n<p><strong><a class=\"dt-pswp-item\" href=\"https:\/\/www.radiopiu.net\/wordpress\/wp-content\/uploads\/2024\/02\/4-pas-in-doi-1.jpeg\" data-dt-img-description=\"\" data-large_image_width=\"1500\" data-large_image_height=\"1000\"><img loading=\"lazy\" decoding=\"async\" class=\" wp-image-375599 alignleft\" src=\"https:\/\/www.radiopiu.net\/wordpress\/wp-content\/uploads\/2024\/02\/4-pas-in-doi-1-300x200.jpeg\" alt=\"\" width=\"170\" height=\"113\" srcset=\"https:\/\/www.radiopiu.net\/wordpress\/wp-content\/uploads\/2024\/02\/4-pas-in-doi-1-300x200.jpeg 300w, https:\/\/www.radiopiu.net\/wordpress\/wp-content\/uploads\/2024\/02\/4-pas-in-doi-1-1024x683.jpeg 1024w, https:\/\/www.radiopiu.net\/wordpress\/wp-content\/uploads\/2024\/02\/4-pas-in-doi-1-768x512.jpeg 768w, https:\/\/www.radiopiu.net\/wordpress\/wp-content\/uploads\/2024\/02\/4-pas-in-doi-1.jpeg 1500w\" sizes=\"auto, (max-width: 170px) 100vw, 170px\" \/><\/a>AGORDO<\/strong> La sesta edizione della &#8220;4 pas in doi&#8221;, manifestazione di trail running a coppie di Agordo, aprir\u00e0 ufficialmente le iscrizioni domani. Organizzata dalla Pro Loco di Agordo, l&#8217;evento si terr\u00e0 il 2 giugno 2024 e includer\u00e0 una gara competitiva di 16 km con 900 metri di dislivello positivo, insieme a percorsi non competitivi da 16 km e 6 km. Sar\u00e0 anche proposta la &#8220;4 pas in doi bocoi&#8221;, una passeggiata enogastronomica di 6 km adatta a tutta la famiglia. La partecipazione alla 4 pas in doi conta per il Trofeo ADMO in combinata con la Transcivetta Karpos. Il primo giorno di iscrizione online avr\u00e0 un costo di \u20ac 30,00 a coppia, salendo a \u20ac 50,00 dal giorno successivo, comprendendo servizi e gadget Dynafit. Per ulteriori dettagli e iscrizioni, consultare il sito <a href=\"http:\/\/www.4pasindoi.it\/\" target=\"_new\" rel=\"noopener\">www.4pasindoi.it<\/a> o le pagine social &#8220;4 pas in doi&#8221;.<\/p>\n<p><strong>DANIELE GALLIGANI<\/strong><\/p>\n<audio class=\"wp-audio-shortcode\" id=\"audio-375478-16\" preload=\"none\" style=\"width: 100%;\" controls=\"controls\"><source type=\"audio\/mpeg\" src=\"https:\/\/www.radiopiu.net\/wordpress\/wp-content\/uploads\/2024\/02\/DANIELE-GALLIGANI-FEB-2024.mp3?_=16\" \/><a href=\"https:\/\/www.radiopiu.net\/wordpress\/wp-content\/uploads\/2024\/02\/DANIELE-GALLIGANI-FEB-2024.mp3\">https:\/\/www.radiopiu.net\/wordpress\/wp-content\/uploads\/2024\/02\/DANIELE-GALLIGANI-FEB-2024.mp3<\/a><\/audio>\n<p>&nbsp;<\/p>\n<p>&nbsp;<\/p>\n<hr \/>\n<p>&nbsp;<\/p>\n","protected":false},"excerpt":{"rendered":"<p>***** &nbsp; &nbsp; 40esimo di RADIOPIU\u2026. LA VOCE DELL\u2019EMOZIONE ISCRIVITI AL NOSTRO CANALE\u00a0\u00a0YOUTUBE PER SEGUIRE IN DIRETTA I PRINCIPALI PROGRAMMI DI RADIO PIU\u2019 E LE FUTURE DIRETTE IN ESTERNA. PER ISCRIVERTI CLICCA QUI\u00a0E PREMI\u00a0 \u201cIscriviti\u201d\u00a0 \u00a0 OGGI ALLA RADIO: ALLE 7 LA RASSEGNA STAMPA LOCALE FLASH, PER CHI COME NOI ALLE SETTE DEL MATTINO VA&hellip;<\/p>\n","protected":false},"author":4,"featured_media":375631,"comment_status":"closed","ping_status":"closed","sticky":false,"template":"","format":"standard","meta":{"_monsterinsights_skip_tracking":false,"_monsterinsights_sitenote_active":false,"_monsterinsights_sitenote_note":"","_monsterinsights_sitenote_category":0,"footnotes":""},"categories":[51,86,49],"tags":[],"class_list":["post-375478","post","type-post","status-publish","format-standard","has-post-thumbnail","hentry","category-evidenza-top","category-gr","category-news-18","category-51","category-86","category-49","description-off"],"img_url":"https:\/\/www.radiopiu.net\/wordpress\/wp-content\/uploads\/2024\/02\/429091707_1344545616213639_981426972761742490_n.jpg","_links":{"self":[{"href":"https:\/\/www.radiopiu.net\/wordpress\/wp-json\/wp\/v2\/posts\/375478","targetHints":{"allow":["GET"]}}],"collection":[{"href":"https:\/\/www.radiopiu.net\/wordpress\/wp-json\/wp\/v2\/posts"}],"about":[{"href":"https:\/\/www.radiopiu.net\/wordpress\/wp-json\/wp\/v2\/types\/post"}],"author":[{"embeddable":true,"href":"https:\/\/www.radiopiu.net\/wordpress\/wp-json\/wp\/v2\/users\/4"}],"replies":[{"embeddable":true,"href":"https:\/\/www.radiopiu.net\/wordpress\/wp-json\/wp\/v2\/comments?post=375478"}],"version-history":[{"count":0,"href":"https:\/\/www.radiopiu.net\/wordpress\/wp-json\/wp\/v2\/posts\/375478\/revisions"}],"wp:featuredmedia":[{"embeddable":true,"href":"https:\/\/www.radiopiu.net\/wordpress\/wp-json\/wp\/v2\/media\/375631"}],"wp:attachment":[{"href":"https:\/\/www.radiopiu.net\/wordpress\/wp-json\/wp\/v2\/media?parent=375478"}],"wp:term":[{"taxonomy":"category","embeddable":true,"href":"https:\/\/www.radiopiu.net\/wordpress\/wp-json\/wp\/v2\/categories?post=375478"},{"taxonomy":"post_tag","embeddable":true,"href":"https:\/\/www.radiopiu.net\/wordpress\/wp-json\/wp\/v2\/tags?post=375478"}],"curies":[{"name":"wp","href":"https:\/\/api.w.org\/{rel}","templated":true}]}}