{"id":375481,"date":"2024-02-21T05:32:26","date_gmt":"2024-02-21T04:32:26","guid":{"rendered":"https:\/\/www.radiopiu.net\/wordpress\/?p=375481"},"modified":"2024-02-21T05:35:42","modified_gmt":"2024-02-21T04:35:42","slug":"sicurezza-sul-lavoro-priorita-assoluta","status":"publish","type":"post","link":"https:\/\/www.radiopiu.net\/wordpress\/sicurezza-sul-lavoro-priorita-assoluta\/","title":{"rendered":"SICUREZZA SUL LAVORO, PRIORITA&#8217; ASSOLUTA"},"content":{"rendered":"<blockquote>\n<h3 align=\"left\">\nDI MASSIMILIANO PAGLINI, SEGRETARIO GENERALE CISL BELLUNO<\/h3>\n<\/blockquote>\n<div align=\"left\"><span style=\"color: #000000; font-family: Helvetica;\"><a class=\"dt-pswp-item\" href=\"https:\/\/www.radiopiu.net\/wordpress\/wp-content\/uploads\/2022\/02\/Paglini-relazione.jpeg\" data-dt-img-description=\"\" data-large_image_width=\"1368\" data-large_image_height=\"912\"><img loading=\"lazy\" decoding=\"async\" class=\"size-medium wp-image-258793 alignleft\" src=\"https:\/\/www.radiopiu.net\/wordpress\/wp-content\/uploads\/2022\/02\/Paglini-relazione-300x200.jpeg\" alt=\"\" width=\"300\" height=\"200\" srcset=\"https:\/\/www.radiopiu.net\/wordpress\/wp-content\/uploads\/2022\/02\/Paglini-relazione-300x200.jpeg 300w, https:\/\/www.radiopiu.net\/wordpress\/wp-content\/uploads\/2022\/02\/Paglini-relazione-1024x683.jpeg 1024w, https:\/\/www.radiopiu.net\/wordpress\/wp-content\/uploads\/2022\/02\/Paglini-relazione-768x512.jpeg 768w, https:\/\/www.radiopiu.net\/wordpress\/wp-content\/uploads\/2022\/02\/Paglini-relazione.jpeg 1368w\" sizes=\"auto, (max-width: 300px) 100vw, 300px\" \/><\/a>Le tragiche notizie del crollo del cantiere di Firenze hanno suscitato profonda indignazione, frustrazione e rabbia, ma anche desiderio di giustizia. Sentimenti e sensazioni che ci pervadono ogni volta che si verifica un infortunio mortale su un luogo di lavoro nel nostro Paese e nei nostri territori di Belluno e Treviso, purtroppo non estranei a questa inaccettabile ecatombe. In Italia tre lavoratori al giorno muoiono svolgendo la propria mansione in fabbrica, in cantiere, in un magazzino o in un campo agricolo. 16 lavoratori sono morti lavorando l\u2019anno scorso nella Marca; 4 nel Bellunese. <\/span><\/div>\n<div align=\"left\"><span style=\"color: #000000; font-family: Helvetica;\">Il sistema legislativo di cui si \u00e8 dotato il Paese in materia di sicurezza &#8211; prima con la legge 626 del 1994, poi con il decreto legislativo 81 del 2008 e successive modifiche e integrazioni &#8211; \u00e8 d\u2019avanguardia: per quanto composto da norme definite 20 anni fa, si tratta di un impianto di leggi che rappresentano ancora oggi una eccellenza tra i Paesi avanzati. Per non parlare dei sistemi della bilateralit\u00e0 negoziale che in settori a maggior rischio quali l\u2019edilizia e l\u2019artigianato hanno rafforzato i sistemi territoriali e\/o di categoria per la formazione, prevenzione e tutela dei lavoratori. Ma \u00e8 evidente quanto e come tutto ci\u00f2 non sia sufficiente a prevenire le morti sul lavoro. E una riflessione sui motivi per cui oggi \u00e8 ancora cos\u00ec alto il numero degli infortuni va fatta. <\/span><\/div>\n<div align=\"left\"><span style=\"color: #000000; font-family: Helvetica;\">Innanzitutto, sono ancora troppi gli ambiti di controllo e prevenzione lasciati scoperti dalla ormai cronica carenza di organici negli Spisal e negli Ispettorati del lavoro. Una situazione di difficolt\u00e0 che non pu\u00f2 che generare un sistema di controlli poco efficaci a prevenire le situazioni e i comportamenti a rischio e l\u2019illegalit\u00e0 sempre pi\u00f9 diffusa. Da questo punto di vista, <img loading=\"lazy\" decoding=\"async\" class=\"alignright\" src=\"https:\/\/www.radiopiu.net\/wordpress\/wp-content\/uploads\/2024\/02\/pexels-photo-2965258.jpg\" width=\"322\" height=\"215\" \/>l\u2019emergenza in cui versano alcuni settori come l\u2019edilizia, una parte dell\u2019industria, ma anche l\u2019agricoltura, la logistica e la filiera del tessile, sono sotto gli occhi di tutti: dumping contrattuale, diffusione del lavoro nero, diritti calpestati, scarsa se non nulla formazione nell\u2019ambito della sicurezza.<\/span><\/div>\n<div align=\"left\"><span style=\"color: #000000; font-family: Helvetica;\">Nel cantiere di Firenze, come in diversi ambiti dei nostri territori, c\u2019erano ragazzi che lavoravano senza alcun contratto, senza permesso di soggiorno o con i documenti scaduti, giovani arrivati in quello che dovrebbe essere un Paese avanzato con la speranza di costruirsi un futuro migliore attraverso il lavoro. Lavoratori immigrati irregolari che per non delinquere accettano di lavorare in nero in un contesto di sfruttamento e degrado, mantenendo in piedi la macchina del consumo a basso costo, della logistica, della filiera del tessile, dell\u2019agricoltura e dell\u2019edilizia. Siamo cos\u00ec sicuri che la Puglia e la tristemente famosa raccolta dei pomodori sia cos\u00ec distante da certe situazioni di caporalato accertate anche nelle nostre belle colline del Prosecco patrimonio dell\u2019Unesco?<\/span><\/div>\n<div align=\"left\"><span style=\"color: #000000; font-family: Helvetica;\">Inasprire le norme sugli appalti a cascata, garantendo anche nei lavori privati gli stessi standard contrattuali per tutta la catena d\u2019appalto, \u00e8 solo un primo passo per iniziare davvero ad affondare un colpo allo sfruttamento del lavoro. Si potr\u00e0 raggiungere un livello accettabile di sicurezza per i lavoratori solo se vi sar\u00e0 la volont\u00e0 da parte tutti i soggetti di agire su tutte le leve necessarie per cancellare fenomeni di illegalit\u00e0.<\/span><\/div>\n<div align=\"left\"><span style=\"color: #000000; font-family: Helvetica;\">Oggi \u00e8 necessario pi\u00f9 che mai un grande piano di investimenti in formazione obbligatoria a partire dalle imprese, quale prerequisito per l\u2019avvio di un\u2019attivit\u00e0 edile in Camera di Commercio, ma anche formazione obbligatoria preventiva sulla sicurezza a tutti coloro che entrano in un cantiere e, per gli stranieri, alfabetizzazione edile propedeutica. Servono regole nuove e certe per chi viene a vivere, lavorare (e pagare le tasse) nel nostro Paese.<\/span><\/div>\n<div align=\"left\"><span style=\"color: #000000; font-family: Helvetica;\">Serve certezza di una grande alleanza, una vera e reale azione di responsabilit\u00e0 che metta la tutela della salute e la sicurezza nei luoghi di lavoro come priorit\u00e0 assoluta nelle agende di tutti i soggetti coinvolti a partire dalle imprese, dalle istituzioni e dalla politica, riuniti in un unico obiettivo: difendere il bene pi\u00f9 prezioso per il mondo del lavoro, la vita delle persone che ogni giorno mandano avanti fabbriche, scuole, cantieri, trasporti. Per questo la Cisl da oggi d\u00e0 il via a una grande stagione di indignazione e di mobilitazione nelle fabbriche, negli uffici pubblici e privati e in tutti i luoghi di lavoro. <\/span><\/div>\n<p>&nbsp;<\/p>\n<div align=\"left\"><\/div>\n","protected":false},"excerpt":{"rendered":"<p>DI MASSIMILIANO PAGLINI, SEGRETARIO GENERALE CISL BELLUNO Le tragiche notizie del crollo del cantiere di Firenze hanno suscitato profonda indignazione, frustrazione e rabbia, ma anche desiderio di giustizia. Sentimenti e sensazioni che ci pervadono ogni volta che si verifica un infortunio mortale su un luogo di lavoro nel nostro Paese e nei nostri territori di&hellip;<\/p>\n","protected":false},"author":4,"featured_media":375482,"comment_status":"closed","ping_status":"closed","sticky":false,"template":"","format":"standard","meta":{"_monsterinsights_skip_tracking":false,"_monsterinsights_sitenote_active":false,"_monsterinsights_sitenote_note":"","_monsterinsights_sitenote_category":0,"footnotes":""},"categories":[51,49],"tags":[],"class_list":["post-375481","post","type-post","status-publish","format-standard","has-post-thumbnail","hentry","category-evidenza-top","category-news-18","category-51","category-49","description-off"],"img_url":"https:\/\/www.radiopiu.net\/wordpress\/wp-content\/uploads\/2024\/02\/pexels-photo-2965258.jpg","_links":{"self":[{"href":"https:\/\/www.radiopiu.net\/wordpress\/wp-json\/wp\/v2\/posts\/375481","targetHints":{"allow":["GET"]}}],"collection":[{"href":"https:\/\/www.radiopiu.net\/wordpress\/wp-json\/wp\/v2\/posts"}],"about":[{"href":"https:\/\/www.radiopiu.net\/wordpress\/wp-json\/wp\/v2\/types\/post"}],"author":[{"embeddable":true,"href":"https:\/\/www.radiopiu.net\/wordpress\/wp-json\/wp\/v2\/users\/4"}],"replies":[{"embeddable":true,"href":"https:\/\/www.radiopiu.net\/wordpress\/wp-json\/wp\/v2\/comments?post=375481"}],"version-history":[{"count":0,"href":"https:\/\/www.radiopiu.net\/wordpress\/wp-json\/wp\/v2\/posts\/375481\/revisions"}],"wp:featuredmedia":[{"embeddable":true,"href":"https:\/\/www.radiopiu.net\/wordpress\/wp-json\/wp\/v2\/media\/375482"}],"wp:attachment":[{"href":"https:\/\/www.radiopiu.net\/wordpress\/wp-json\/wp\/v2\/media?parent=375481"}],"wp:term":[{"taxonomy":"category","embeddable":true,"href":"https:\/\/www.radiopiu.net\/wordpress\/wp-json\/wp\/v2\/categories?post=375481"},{"taxonomy":"post_tag","embeddable":true,"href":"https:\/\/www.radiopiu.net\/wordpress\/wp-json\/wp\/v2\/tags?post=375481"}],"curies":[{"name":"wp","href":"https:\/\/api.w.org\/{rel}","templated":true}]}}