{"id":375539,"date":"2024-02-22T05:33:47","date_gmt":"2024-02-22T04:33:47","guid":{"rendered":"https:\/\/www.radiopiu.net\/wordpress\/?p=375539"},"modified":"2024-02-22T05:45:16","modified_gmt":"2024-02-22T04:45:16","slug":"375539-2","status":"publish","type":"post","link":"https:\/\/www.radiopiu.net\/wordpress\/375539-2\/","title":{"rendered":"TRASPORTO DISABILI. LE DIFFICOLTA&#8217; SUPERATE CON LA BUONA VOLONTA&#8217;"},"content":{"rendered":"<p>***<\/p>\n<p>&nbsp;<\/p>\n<blockquote>\n<p dir=\"ltr\"><em>Grazie al servizio di trasporto attuato da Societ\u00e0 Nuova, in accordo con l\u2019Azienda ULSS 1 Dolomiti, 21 persone con disabilit\u00e0 che frequentano il Centro Diurno AltroSenso (18 persone) e il Centro Diurno La Rondine (3 persone), entrambi gestiti dalla Cooperativa,\u00a0 possono raggiungere Agordo e prendere parte alle attivit\u00e0 proposte.\u00a0<\/em><\/p>\n<\/blockquote>\n<p dir=\"ltr\"><strong><a class=\"dt-pswp-item\" href=\"https:\/\/www.radiopiu.net\/wordpress\/wp-content\/uploads\/2024\/02\/pulmino-trasporti-agordino.png\" data-dt-img-description=\"\" data-large_image_width=\"1313\" data-large_image_height=\"1050\"><img loading=\"lazy\" decoding=\"async\" class=\"size-medium wp-image-375540 alignleft\" src=\"https:\/\/www.radiopiu.net\/wordpress\/wp-content\/uploads\/2024\/02\/pulmino-trasporti-agordino-300x240.png\" alt=\"\" width=\"300\" height=\"240\" srcset=\"https:\/\/www.radiopiu.net\/wordpress\/wp-content\/uploads\/2024\/02\/pulmino-trasporti-agordino-300x240.png 300w, https:\/\/www.radiopiu.net\/wordpress\/wp-content\/uploads\/2024\/02\/pulmino-trasporti-agordino-1024x819.png 1024w, https:\/\/www.radiopiu.net\/wordpress\/wp-content\/uploads\/2024\/02\/pulmino-trasporti-agordino-768x614.png 768w, https:\/\/www.radiopiu.net\/wordpress\/wp-content\/uploads\/2024\/02\/pulmino-trasporti-agordino.png 1313w\" sizes=\"auto, (max-width: 300px) 100vw, 300px\" \/><\/a>AGORDO<\/strong>\u00a0 Abitare in montagna, lo sappiamo bene, \u00e8 sempre pi\u00f9 difficile. Se vivi in una citt\u00e0 hai a tua disposizione tutti i servizi essenziali: ospedali, scuole, trasporto pubblico\u2026 ma se ti \u00e8 capitato di nascere in un piccolo paesino puoi ritenerti fortunat\u0259 se, nelle vicinanze, c\u2019\u00e8 una scuola o la fermata della corriera. Che poi i paesini di montagna sono fatti di frazioni disperse che diventano isolate se nevica o se piove un po\u2019 pi\u00f9 del solito. Luoghi bellissimi, circondati da montagne che tutto il mondo ci invidia, ma chiss\u00e0 se tutto il mondo ci invidia anche le distanze chilometriche, le levatacce per andare a scuola o al lavoro, i negozi che chiudono e le persone che se ne vanno. Quello che sicuramente non ci invidia nessuno sono i lunghi e quotidiani tragitti per scendere a valle dove i servizi resistono ancora grazie alla tenacia di chi continua ad offrirli.\u00a0In questo contesto opera anche Societ\u00e0 Nuova che dal 1977 lavora nella Conca Agordina a supporto delle persone con disabilit\u00e0 psico-fisica e psichica. Il servizio di trasporto attuato dalla Cooperativa \u00e8 indispensabile per chi frequenta il Centro Diurno AltroSenso e il Centro Diurno La Rondine che non hanno alternativa alcuna per poterli raggiungere e per prendere parte a tutte quelle attivit\u00e0 utili ad accrescere le proprie competenze e a consolidare le autonomie acquisite.<\/p>\n<p dir=\"ltr\">Ogni giorno, dal luned\u00ec al venerd\u00ec, alla mattina presto dal Centro Diurno AltroSenso partono 3 pulmini che compiono 3 tragitti diversi. Il Giro Civetta parte da Agordo e raggiunge Rocca Pietore, Selva di Cadore e Colle Santa Lucia (il paese pi\u00f9 lontano) e accompagna ad Agordo 7 utenti. Per un totale di 67 km andata e ritorno. Poi c\u2019\u00e8 il secondo giro che, con 42 km andata e ritorno, arriva fino a Falcade e raccoglie 6 utenti, di cui due in carrozzina. E non finisce qui perch\u00e9 appena scendono gli utenti il pulmino riparte per un trasporto dedicato arrivando fino a Peron (altri 40 km tra andata e ritorno). Infine c\u2019\u00e8 il terzo giro che chiamiamo giro del Centro che poi tanto centro non \u00e8 dato che i chilometri percorsi sono in totale 54, il pulmino sale fino a Cencenighe e poi scende per salire a Rivamonte e a La Valle Agordina, per un totale di 7 persone. A conti fatti i chilometri che i nostri autisti macinano ogni mattina, dal luned\u00ec al venerd\u00ec, sono 203. Che raddoppiano se facciamo il conto giornaliero, perch\u00e9 gli stessi tre giri si compiono anche nel pomeriggio per accompagnare le persone a casa. Totale giornaliero: 406 chilometri. Totale settimanale: 2.030 chilometri. Totale mensile: quasi 9.000 chilometri.<\/p>\n<hr \/>\n<p dir=\"ltr\">\n","protected":false},"excerpt":{"rendered":"<p>*** &nbsp; Grazie al servizio di trasporto attuato da Societ\u00e0 Nuova, in accordo con l\u2019Azienda ULSS 1 Dolomiti, 21 persone con disabilit\u00e0 che frequentano il Centro Diurno AltroSenso (18 persone) e il Centro Diurno La Rondine (3 persone), entrambi gestiti dalla Cooperativa,\u00a0 possono raggiungere Agordo e prendere parte alle attivit\u00e0 proposte.\u00a0 AGORDO\u00a0 Abitare in montagna,&hellip;<\/p>\n","protected":false},"author":4,"featured_media":375540,"comment_status":"closed","ping_status":"closed","sticky":false,"template":"","format":"standard","meta":{"_monsterinsights_skip_tracking":false,"_monsterinsights_sitenote_active":false,"_monsterinsights_sitenote_note":"","_monsterinsights_sitenote_category":0,"footnotes":""},"categories":[104,49],"tags":[],"class_list":["post-375539","post","type-post","status-publish","format-standard","has-post-thumbnail","hentry","category-evidenza_3","category-news-18","category-104","category-49","description-off"],"img_url":"https:\/\/www.radiopiu.net\/wordpress\/wp-content\/uploads\/2024\/02\/pulmino-trasporti-agordino.png","_links":{"self":[{"href":"https:\/\/www.radiopiu.net\/wordpress\/wp-json\/wp\/v2\/posts\/375539","targetHints":{"allow":["GET"]}}],"collection":[{"href":"https:\/\/www.radiopiu.net\/wordpress\/wp-json\/wp\/v2\/posts"}],"about":[{"href":"https:\/\/www.radiopiu.net\/wordpress\/wp-json\/wp\/v2\/types\/post"}],"author":[{"embeddable":true,"href":"https:\/\/www.radiopiu.net\/wordpress\/wp-json\/wp\/v2\/users\/4"}],"replies":[{"embeddable":true,"href":"https:\/\/www.radiopiu.net\/wordpress\/wp-json\/wp\/v2\/comments?post=375539"}],"version-history":[{"count":0,"href":"https:\/\/www.radiopiu.net\/wordpress\/wp-json\/wp\/v2\/posts\/375539\/revisions"}],"wp:featuredmedia":[{"embeddable":true,"href":"https:\/\/www.radiopiu.net\/wordpress\/wp-json\/wp\/v2\/media\/375540"}],"wp:attachment":[{"href":"https:\/\/www.radiopiu.net\/wordpress\/wp-json\/wp\/v2\/media?parent=375539"}],"wp:term":[{"taxonomy":"category","embeddable":true,"href":"https:\/\/www.radiopiu.net\/wordpress\/wp-json\/wp\/v2\/categories?post=375539"},{"taxonomy":"post_tag","embeddable":true,"href":"https:\/\/www.radiopiu.net\/wordpress\/wp-json\/wp\/v2\/tags?post=375539"}],"curies":[{"name":"wp","href":"https:\/\/api.w.org\/{rel}","templated":true}]}}