{"id":375619,"date":"2024-02-23T05:37:15","date_gmt":"2024-02-23T04:37:15","guid":{"rendered":"https:\/\/www.radiopiu.net\/wordpress\/?p=375619"},"modified":"2024-02-23T10:00:28","modified_gmt":"2024-02-23T09:00:28","slug":"giornale-radiopiu-23-febbraio-2024-direttore-mirko-mezzacasada-40-anni-25-giugno-1983-25-giugno-2023","status":"publish","type":"post","link":"https:\/\/www.radiopiu.net\/wordpress\/giornale-radiopiu-23-febbraio-2024-direttore-mirko-mezzacasada-40-anni-25-giugno-1983-25-giugno-2023\/","title":{"rendered":"GIORNALE RADIOPIU 23 FEBBRAIO 2024 DIRETTORE MIRKO MEZZACASA\u2026DA 40 ANNI 25 GIUGNO 1983-25 GIUGNO 2023"},"content":{"rendered":"<h1 class=\"entry-title photoswipe-wrapper\"><strong><a class=\"dt-pswp-item\" href=\"https:\/\/www.radiopiu.net\/wordpress\/wp-content\/uploads\/2023\/12\/logo-radio.jpg\" data-dt-img-description=\"\" data-large_image_width=\"800\" data-large_image_height=\"600\"><img loading=\"lazy\" decoding=\"async\" class=\"wp-image-367163 alignleft\" src=\"https:\/\/www.radiopiu.net\/wordpress\/wp-content\/uploads\/2023\/12\/logo-radio-300x225.jpg\" alt=\"\" width=\"109\" height=\"82\" srcset=\"https:\/\/www.radiopiu.net\/wordpress\/wp-content\/uploads\/2023\/12\/logo-radio-300x225.jpg 300w, https:\/\/www.radiopiu.net\/wordpress\/wp-content\/uploads\/2023\/12\/logo-radio-768x576.jpg 768w, https:\/\/www.radiopiu.net\/wordpress\/wp-content\/uploads\/2023\/12\/logo-radio.jpg 800w\" sizes=\"auto, (max-width: 109px) 100vw, 109px\" \/><\/a><\/strong><\/h1>\n<h1 class=\"entry-title photoswipe-wrapper\">40esimo di RADIOPIU\u2026. LA VOCE DELL\u2019EMOZIONE<\/h1>\n<h2><\/h2>\n<h2><span style=\"color: #ff0000;\"><strong>\u00a0<\/strong><\/span><\/h2>\n<h2><span style=\"color: #ff0000;\"><strong>\u00a0<\/strong><\/span><\/h2>\n<h2><img loading=\"lazy\" decoding=\"async\" class=\"alignleft\" src=\"https:\/\/www.radiopiu.net\/wordpress\/wp-content\/uploads\/2024\/02\/b770b5f4-653c-4896-b2b2-5a8074343394.jpg\" width=\"215\" height=\"121\" \/><\/h2>\n<h2><span style=\"color: #ff0000;\"><strong>ORE 7.00<\/strong><\/span><\/h2>\n<h2>FALCADE\u00a0 &#8211; NEVICA &#8211;\u00a0 ph Mauro <span style=\"color: #0000ff;\">VPB viabilita&#8217; provincia belluno<\/span><\/h2>\n<h2>LIVINALLONGO da Pieve ad\u00a0 Arabba neve bagnata e scivolosa<\/h2>\n<h2>CAMPOLONGO Arabba &#8211; passo Campolongo neve pi\u00f9 compatta. Attenzione\u00a0 vento\u00a0 forte.<\/h2>\n<h2>CENCENIGHE Gi\u00e0 a Cencenighe pioggia mista neve.<\/h2>\n<h3><\/h3>\n<h3><span style=\"color: #ff0000;\"><strong><a class=\"dt-pswp-item\" href=\"https:\/\/www.radiopiu.net\/wordpress\/wp-content\/uploads\/2024\/02\/Senza-nome-58.png\" data-dt-img-description=\"\" data-large_image_width=\"528\" data-large_image_height=\"285\"><img loading=\"lazy\" decoding=\"async\" class=\" wp-image-375832 alignleft\" src=\"https:\/\/www.radiopiu.net\/wordpress\/wp-content\/uploads\/2024\/02\/Senza-nome-58-300x162.png\" alt=\"\" width=\"257\" height=\"139\" srcset=\"https:\/\/www.radiopiu.net\/wordpress\/wp-content\/uploads\/2024\/02\/Senza-nome-58-300x162.png 300w, https:\/\/www.radiopiu.net\/wordpress\/wp-content\/uploads\/2024\/02\/Senza-nome-58.png 528w\" sizes=\"auto, (max-width: 257px) 100vw, 257px\" \/><\/a>ORE 800<\/strong><\/span><\/h3>\n<p>sono in corso precipitazioni moderate-forti lungo tutta la rete stradale in gestione a Veneto Strade, nevose al di sopra dei 900 m di quota.<br \/>\nSi raccomanda di percorrere i passi con catene montate; le catene devono essere montate fuori dalla sede stradale, per non intralciare il traffico e le operazioni di sgombero neve dal piano viabile. \u00c8 chiuso per periodo invernale il seguente tratto stradale: &#8211; S.P. 33 \u201cdi Sauris\u201d dal km 0+000 (innesto S.P. 619) al km 6+800 (confine Provincia di Udine).<\/p>\n<p><strong>CORTINA<\/strong>\u00a0 fitta nevicata in corso strade che richiedono prudenza<\/p>\n<p><strong>FOTO<\/strong>, CAVIOLA ORE 9.30<\/p>\n<p><strong>PIEVE DI CADORE<\/strong> neve mista pioggia, strade pulite<\/p>\n<div class=\"bubbles-group\">\n<div class=\"bubble is-reply is-in can-have-tail is-group-first is-group-last\" data-mid=\"4295012033\" data-peer-id=\"-1478820725\" data-timestamp=\"1708676958\" data-reply-to-peer-id=\"-1478820725\" data-reply-to-mid=\"4295012032\">\n<div class=\"bubble-content-wrapper\">\n<div class=\"bubble-content\">\n<div class=\"message spoilers-container\" dir=\"auto\"><\/div>\n<\/div>\n<\/div>\n<\/div>\n<\/div>\n<div class=\"bubbles-group\">\n<div class=\"bubble is-in can-have-tail is-group-first is-group-last\" data-mid=\"4295012034\" data-peer-id=\"-1478820725\" data-timestamp=\"1708677664\">\n<div class=\"bubble-content-wrapper\">\n<div class=\"bubble-content\">\n<div class=\"message spoilers-container\" dir=\"auto\"><strong>SAN VITO DI CADORE<\/strong>\u00a0 le strade iniziano ad essere bianche. Nevica bene.<\/div>\n<\/div>\n<\/div>\n<\/div>\n<\/div>\n<div class=\"avatar avatar-like avatar-40 bubbles-group-avatar user-avatar\" data-peer-id=\"1586362135\" data-color=\"orange\"><\/div>\n<div data-peer-id=\"1586362135\" data-color=\"orange\"><strong>AURONZO<\/strong>\u00a0 Da cima Gogna in poi verso Auronzo e Comelico nevica bene e le strade iniziano a imbiancarsi. Spazzaneve gi\u00e0 in circolazione<\/div>\n<h2><\/h2>\n<hr \/>\n<h2><\/h2>\n<h2><span style=\"color: #ff0000;\">ISCRIVITI AL NOSTRO CANALE\u00a0\u00a0YOUTUBE PER <\/span><\/h2>\n<h2><span style=\"color: #ff0000;\">SEGUIRE IN DIRETTA I PRINCIPALI PROGRAMMI DI RADIO PIU\u2019 E LE FUTURE DIRETTE IN ESTERNA. PER ISCRIVERTI <a style=\"color: #ff0000;\" href=\"https:\/\/youtube.com\/@radiopiu1527\">CLICCA QUI\u00a0<\/a>E PREMI\u00a0 \u201cIscriviti\u201d\u00a0 \u00a0<\/span><\/h2>\n<div class=\"x1e56ztr\" data-block=\"true\" data-editor=\"avj4u\" data-offset-key=\"d3i0j-0-0\"><\/div>\n<div data-block=\"true\" data-editor=\"avj4u\" data-offset-key=\"d3i0j-0-0\"><\/div>\n<div data-block=\"true\" data-editor=\"avj4u\" data-offset-key=\"d3i0j-0-0\"><\/div>\n<div class=\"x11i5rnm xat24cr x1mh8g0r x1vvkbs xtlvy1s x126k92a\">\n<div dir=\"auto\">\n<p><a class=\"dt-pswp-item\" href=\"https:\/\/www.radiopiu.net\/wordpress\/wp-content\/uploads\/2023\/10\/34f4cfc6-e863-46e9-9695-8df44be63421.jpg\" data-dt-img-description=\"\" data-large_image_width=\"1200\" data-large_image_height=\"1200\"><img loading=\"lazy\" decoding=\"async\" class=\"wp-image-357393 alignleft\" src=\"https:\/\/www.radiopiu.net\/wordpress\/wp-content\/uploads\/2023\/10\/34f4cfc6-e863-46e9-9695-8df44be63421-300x300.jpg\" alt=\"\" width=\"81\" height=\"81\" srcset=\"https:\/\/www.radiopiu.net\/wordpress\/wp-content\/uploads\/2023\/10\/34f4cfc6-e863-46e9-9695-8df44be63421-300x300.jpg 300w, https:\/\/www.radiopiu.net\/wordpress\/wp-content\/uploads\/2023\/10\/34f4cfc6-e863-46e9-9695-8df44be63421-1024x1024.jpg 1024w, https:\/\/www.radiopiu.net\/wordpress\/wp-content\/uploads\/2023\/10\/34f4cfc6-e863-46e9-9695-8df44be63421-150x150.jpg 150w, https:\/\/www.radiopiu.net\/wordpress\/wp-content\/uploads\/2023\/10\/34f4cfc6-e863-46e9-9695-8df44be63421-768x768.jpg 768w, https:\/\/www.radiopiu.net\/wordpress\/wp-content\/uploads\/2023\/10\/34f4cfc6-e863-46e9-9695-8df44be63421.jpg 1200w\" sizes=\"auto, (max-width: 81px) 100vw, 81px\" \/><\/a>OGGI ALLA RADIO: <strong>ALLE 7<\/strong> LA RASSEGNA STAMPA LOCALE FLASH, PER CHI COME NOI ALLE SETTE DEL MATTINO VA DI FRETTA, TANTE NOTIZIE IN POCHE CHIACCHIERE. <strong>ALLE OTTO<\/strong> L&#8217;APPROFONDIMENTO NELLA STORICA RASSEGNA STAMPA LOCALE.\u00a0 DALLE 6 ALLE 21, OGNI ORA, L&#8217;INFORMAZIONE NAZIONALE, l&#8217;informazione locale,\u00a0 OGNI ORA IN CODA AL GR NAZIONALE, ALLE 14 VIABILITA 15 METEOROLOGIA 19 I TITOLI DAL TG DI ANTENNA 3 A CURA DI TIZIANA BOLOGNANI<\/p>\n<p>&nbsp;<\/p>\n<p><span style=\"color: #ff0000;\">OGGI ALLA RADIO <\/span><strong>ALLE 8. 20<\/strong> PIU&#8217; SIAMO di Marina Don\u00e0 <strong>ALLE 9<\/strong> Premier di Marco Gaz e lo speciale anni 80 con Monica Fontanive<strong> alle 10.10 <\/strong>NORMAN del Musla per le nove in ladin alle <strong>10.30\u00a0<\/strong> appuntamento con\u00a0 &#8220;120-80&#8221; sanita&#8217; alla radio, i professionisti del Poliambulatorio agordino, oggi Laura Dai Pra, psicologa.<strong> ALLE 13.10<\/strong> IL GIORmALE RADIO DI Marco V Dal Farra.<\/p>\n<p>&nbsp;<\/p>\n<p><strong><a class=\"dt-pswp-item\" href=\"https:\/\/www.radiopiu.net\/wordpress\/wp-content\/uploads\/2024\/02\/2d44e751-d8a8-461b-8e22-d8e4e853b032.jpg\" data-dt-img-description=\"\" data-large_image_width=\"1600\" data-large_image_height=\"1200\"><img loading=\"lazy\" decoding=\"async\" class=\"wp-image-373307 alignleft\" src=\"https:\/\/www.radiopiu.net\/wordpress\/wp-content\/uploads\/2024\/02\/2d44e751-d8a8-461b-8e22-d8e4e853b032-300x225.jpg\" alt=\"\" width=\"105\" height=\"79\" srcset=\"https:\/\/www.radiopiu.net\/wordpress\/wp-content\/uploads\/2024\/02\/2d44e751-d8a8-461b-8e22-d8e4e853b032-300x225.jpg 300w, https:\/\/www.radiopiu.net\/wordpress\/wp-content\/uploads\/2024\/02\/2d44e751-d8a8-461b-8e22-d8e4e853b032-1024x768.jpg 1024w, https:\/\/www.radiopiu.net\/wordpress\/wp-content\/uploads\/2024\/02\/2d44e751-d8a8-461b-8e22-d8e4e853b032-768x576.jpg 768w, https:\/\/www.radiopiu.net\/wordpress\/wp-content\/uploads\/2024\/02\/2d44e751-d8a8-461b-8e22-d8e4e853b032-1536x1152.jpg 1536w, https:\/\/www.radiopiu.net\/wordpress\/wp-content\/uploads\/2024\/02\/2d44e751-d8a8-461b-8e22-d8e4e853b032.jpg 1600w\" sizes=\"auto, (max-width: 105px) 100vw, 105px\" \/><\/a>EL BAL DEL FIOR, DI GIULIANA DA RONCH, 23 FEBBRAIO 2024<\/strong><\/p>\n<p>&nbsp;<\/p>\n<\/div>\n<audio class=\"wp-audio-shortcode\" id=\"audio-375619-1\" preload=\"none\" style=\"width: 100%;\" controls=\"controls\"><source type=\"audio\/mpeg\" src=\"https:\/\/www.radiopiu.net\/wordpress\/wp-content\/uploads\/2024\/02\/GVE.mp3?_=1\" \/><a href=\"https:\/\/www.radiopiu.net\/wordpress\/wp-content\/uploads\/2024\/02\/GVE.mp3\">https:\/\/www.radiopiu.net\/wordpress\/wp-content\/uploads\/2024\/02\/GVE.mp3<\/a><\/audio>\n<p>&nbsp;<\/p>\n<hr \/>\n<\/div>\n<hr \/>\n<hr \/>\n<hr \/>\n<blockquote>\n<blockquote>\n<h1><span style=\"color: #ff0000;\">\u00a0<\/span><\/h1>\n<h1><span style=\"color: #ff0000;\">I podcast informativi del mattino &#8211; audio &#8211;\u00a0<\/span><\/h1>\n<\/blockquote>\n<p><strong><a class=\"dt-pswp-item\" href=\"https:\/\/www.radiopiu.net\/wordpress\/wp-content\/uploads\/2023\/11\/th-10.jpg\" data-dt-img-description=\"\" data-large_image_width=\"320\" data-large_image_height=\"180\"><img loading=\"lazy\" decoding=\"async\" class=\"wp-image-362866 alignleft\" src=\"https:\/\/www.radiopiu.net\/wordpress\/wp-content\/uploads\/2023\/11\/th-10-300x169.jpg\" alt=\"\" width=\"185\" height=\"104\" srcset=\"https:\/\/www.radiopiu.net\/wordpress\/wp-content\/uploads\/2023\/11\/th-10-300x169.jpg 300w, https:\/\/www.radiopiu.net\/wordpress\/wp-content\/uploads\/2023\/11\/th-10.jpg 320w\" sizes=\"auto, (max-width: 185px) 100vw, 185px\" \/><\/a>LA RASSEGNA STAMPA NAZIONALE ALLA RADIO, OGNI GIORNO ALLE 5 E ALLE 6 DEL MATTINO <span style=\"color: #0000ff;\">viene pubblicata alle 6.00 <span style=\"color: #ff0000;\">DIRETTA RADIO\u00a0\u00a0<\/span><\/span><\/strong><\/p>\n<p>DI STEFANO FAMA&#8217;<\/p>\n<p><strong>Politica<\/strong> bocciata la proposta del terzo mandato. <strong>Economia,<\/strong> borse europee chiusura in rialzo. <strong>Guerra<\/strong> a Gaza, Biden insulta Putin. <strong>Torino<\/strong> dodicenne muore dopo le dimissioni dall&#8217;ospedale. <strong>Calabria<\/strong> tragedia della strada muore il calciatore Marco Pezzati.<strong> Catania<\/strong> uccide la zia per l&#8217;eredit\u00e0. <strong>Avellino<\/strong> incidente mortale sul lavoro. <strong>Sport<\/strong> formula 1<\/p><\/blockquote>\n<h2>L&#8217;AUDIO dalle 4 del mattino<\/h2>\n<audio class=\"wp-audio-shortcode\" id=\"audio-375619-2\" preload=\"none\" style=\"width: 100%;\" controls=\"controls\"><source type=\"audio\/mpeg\" src=\"https:\/\/www.radiopiu.net\/wordpress\/wp-content\/uploads\/2024\/02\/GIORNALEDELLESEI-23.mp3?_=2\" \/><a href=\"https:\/\/www.radiopiu.net\/wordpress\/wp-content\/uploads\/2024\/02\/GIORNALEDELLESEI-23.mp3\">https:\/\/www.radiopiu.net\/wordpress\/wp-content\/uploads\/2024\/02\/GIORNALEDELLESEI-23.mp3<\/a><\/audio>\n<p>&nbsp;<\/p>\n<p>&nbsp;<\/p>\n<hr \/>\n<p>&nbsp;<\/p>\n<h1 style=\"text-align: center;\"><span style=\"color: #ff0000;\">I podcast informativi del mattino &#8211; audio &#8211;\u00a0<\/span><\/h1>\n<p><strong><a class=\"dt-pswp-item\" href=\"https:\/\/www.radiopiu.net\/wordpress\/wp-content\/uploads\/2023\/12\/images.png\" data-dt-img-description=\"\" data-large_image_width=\"316\" data-large_image_height=\"160\"><img loading=\"lazy\" decoding=\"async\" class=\"wp-image-367008 alignleft\" src=\"https:\/\/www.radiopiu.net\/wordpress\/wp-content\/uploads\/2023\/12\/images-300x152.png\" alt=\"\" width=\"235\" height=\"119\" srcset=\"https:\/\/www.radiopiu.net\/wordpress\/wp-content\/uploads\/2023\/12\/images-300x152.png 300w, https:\/\/www.radiopiu.net\/wordpress\/wp-content\/uploads\/2023\/12\/images.png 316w\" sizes=\"auto, (max-width: 235px) 100vw, 235px\" \/><\/a>OGNI GIORNO ALLE SETTE DEL MATTINO, LA RASSEGNA STAMPA LOCALE FLASH&#8230; PER CHI VA IN FRETTA. I TITOLI DAI GIORNALI E DAL SITO WWW.RADIOPIU.NET <span style=\"color: #0000ff;\">viene pubblicato alle 7.00<\/span> <span style=\"color: #ff0000;\">DIRETTA RADIO\u00a0<\/span><\/strong><\/p>\n<p><em><span style=\"color: #ff0000;\">per chi va in fretta&#8230; tante notizie in pochi minuti. L&#8217;informazione locale alla radio, ogni ora dalle 7 del mattino alle 19 della sera.\u00a0 \u00a0\u00a0<\/span><\/em><\/p>\n<p>ARABBA, PICCHIA LA FIDANZATA, FERMATO DA DUE POLIZIOTTI LIBERI DAL SERVIZIO<br \/>\nArrestato giovane a Livinallongo del Col di Lana per aggressione agli agenti<br \/>\nDUE FERITI NON GRAVI NELL&#8217;INCIDENTE di ieri mattina sulla strada per lo zoldano.<br \/>\nCORTINA Infortunio sul lavoro al palaghiaccio di Cortina, 62enne in ospedale non in gravi condizioni.<br \/>\nBELLUNO\u00a0 Un&#8217;anziana \u00e8 stata scippata in pieno giorno a Belluno in piazza Piloni. Due uomini le hanno strappato una catenina d&#8217;oro e rubato oltre 1.500 euro.<br \/>\nCHIMICO E SCIENTIFICO A GONFIE VELE, LE SCELTE DEI 144 STUDENTI AGORDINI relazione e riflessione da &#8220;se non la smetti di mando dal preside&#8221; di Maria Rosa Salmazo.<br \/>\nPEDAVENA\u00a0 Partecipato incontro sull&#8217;importanza del testamento biologico, organizzato dal Lions Club Feltre Host in collaborazione con il Leo Club Feltre e patrocinato dal Comune<br \/>\nBELLUNO NEVEGAL, ORE CONTATE PER IL FUTURO DELLA STORICA STAZIONE SCIISTICA BELLUNESE<br \/>\nFELTRE 700 ANNI DOPO, LA MOSTRA DELL&#8217;ARTIGIANATO DI FELTRE NEL SEGNO DI MARCO POLO<br \/>\nBELLUNO L\u2019elicottero del Vajont, Agusta Bell 47 G-2, cimelio storico del Corpo Nazionale dei Vigili del fuoco, ha lasciato Belluno dove \u00e8 stato ospitato come oggetto raro per fare rientro a Modena presso il locale comando. L\u2019elicottero AB 47 G-2 con sigla VFMO \u00e8 uno dei primi tre elicotteri che nel 1954 hanno ottenuto l\u2019immatricolazione civile dal registro nazionale<\/p>\n<h2>AUDIO dalle 7 del mattino<\/h2>\n<audio class=\"wp-audio-shortcode\" id=\"audio-375619-3\" preload=\"none\" style=\"width: 100%;\" controls=\"controls\"><source type=\"audio\/mpeg\" src=\"https:\/\/www.radiopiu.net\/wordpress\/wp-content\/uploads\/2024\/02\/GF07-19.mp3?_=3\" \/><a href=\"https:\/\/www.radiopiu.net\/wordpress\/wp-content\/uploads\/2024\/02\/GF07-19.mp3\">https:\/\/www.radiopiu.net\/wordpress\/wp-content\/uploads\/2024\/02\/GF07-19.mp3<\/a><\/audio>\n<p>&nbsp;<\/p>\n<p>&nbsp;<\/p>\n<hr \/>\n<p>&nbsp;<\/p>\n<h1><\/h1>\n<h1 style=\"text-align: center;\"><span style=\"color: #ff0000;\"><a class=\"dt-pswp-item\" href=\"https:\/\/www.radiopiu.net\/wordpress\/wp-content\/uploads\/2022\/01\/026c3f9d-dae9-4040-a3c1-a6530231bcc3.jpg\" data-dt-img-description=\"\" data-large_image_width=\"1152\" data-large_image_height=\"2048\"><img loading=\"lazy\" decoding=\"async\" class=\"wp-image-251839 alignleft\" src=\"https:\/\/www.radiopiu.net\/wordpress\/wp-content\/uploads\/2022\/01\/026c3f9d-dae9-4040-a3c1-a6530231bcc3-169x300.jpg\" alt=\"\" width=\"100\" height=\"177\" srcset=\"https:\/\/www.radiopiu.net\/wordpress\/wp-content\/uploads\/2022\/01\/026c3f9d-dae9-4040-a3c1-a6530231bcc3-169x300.jpg 169w, https:\/\/www.radiopiu.net\/wordpress\/wp-content\/uploads\/2022\/01\/026c3f9d-dae9-4040-a3c1-a6530231bcc3-576x1024.jpg 576w, https:\/\/www.radiopiu.net\/wordpress\/wp-content\/uploads\/2022\/01\/026c3f9d-dae9-4040-a3c1-a6530231bcc3-768x1365.jpg 768w, https:\/\/www.radiopiu.net\/wordpress\/wp-content\/uploads\/2022\/01\/026c3f9d-dae9-4040-a3c1-a6530231bcc3-864x1536.jpg 864w, https:\/\/www.radiopiu.net\/wordpress\/wp-content\/uploads\/2022\/01\/026c3f9d-dae9-4040-a3c1-a6530231bcc3.jpg 1152w\" sizes=\"auto, (max-width: 100px) 100vw, 100px\" \/><\/a>I podcast informativi del mattino &#8211; audio &#8211;\u00a0<\/span><\/h1>\n<blockquote><p><strong>GIORNALE RADIO NAZIONALE, EDIZIONE DELLE SETTE <span style=\"color: #0000ff;\">viene pubblicato alle 7.05 <span style=\"color: #ff0000;\">DIRETTA RADIO\u00a0<\/span><\/span><\/strong><\/p><\/blockquote>\n<p><strong>il giornale radionazionale e&#8217; in onda ogni ora, dalle sette del mattino alle venti della sera\u00a0\u00a0<\/strong><\/p>\n<p>&nbsp;<\/p>\n<p><strong>Spagna<\/strong>, incendio a Valencia, 4 corpi ritrovati, 20 dispersi, 14 feriti. Vogliono seppellire il <strong>dissidente russo<\/strong> dopo aver fatto vedere il corpo alla madre, sotto ricatto. Guerra <strong>Ucraina<\/strong> 730 giorni dopo, Biden promette sanzioni alla Russia. I Russi minacciano. Guerra <strong>medioriente<\/strong> dopo 140 giorni, miliziani pronti allo scambio degli ostaggi. <strong>Codice strada,<\/strong> si allenta la stretta sui neo patentati e guida con telefono in mano<\/p>\n<h2>AUDIO dalle sette del mattino, ogni ora alla radio<\/h2>\n<audio class=\"wp-audio-shortcode\" id=\"audio-375619-4\" preload=\"none\" style=\"width: 100%;\" controls=\"controls\"><source type=\"audio\/mpeg\" src=\"https:\/\/www.radiopiu.net\/wordpress\/wp-content\/uploads\/2024\/02\/giornale07-19.mp3?_=4\" \/><a href=\"https:\/\/www.radiopiu.net\/wordpress\/wp-content\/uploads\/2024\/02\/giornale07-19.mp3\">https:\/\/www.radiopiu.net\/wordpress\/wp-content\/uploads\/2024\/02\/giornale07-19.mp3<\/a><\/audio>\n<h1 class=\"entry-title photoswipe-wrapper\"><\/h1>\n<h2><\/h2>\n<hr \/>\n<p>&nbsp;<\/p>\n<p>&nbsp;<\/p>\n<h1><span style=\"color: #ff0000;\">I podcast informativi del mattino &#8211; video &#8211;\u00a0<\/span><\/h1>\n<h2><strong><a class=\"dt-pswp-item\" href=\"https:\/\/www.radiopiu.net\/wordpress\/wp-content\/uploads\/2023\/12\/th-10.jpg\" data-dt-img-description=\"\" data-large_image_width=\"245\" data-large_image_height=\"180\"><img loading=\"lazy\" decoding=\"async\" class=\" wp-image-367395 alignleft\" src=\"https:\/\/www.radiopiu.net\/wordpress\/wp-content\/uploads\/2023\/12\/th-10.jpg\" alt=\"\" width=\"166\" height=\"122\" \/><\/a>RASSEGNA STAMPA LOCALE, ORE OTTO 05<\/strong><\/h2>\n<h2><strong> <span style=\"color: #0000ff;\">viene\u00a0 <\/span><\/strong><strong><span style=\"color: #0000ff;\">pubblicata alle 8.05 <span style=\"color: #ff0000;\">DIRETTA RADIO\u00a0\u00a0<\/span><\/span><\/strong><\/h2>\n<p>&nbsp;<\/p>\n<p><strong>DI MIRKO MEZZACASA\u00a0 \u00a0<\/strong><\/p>\n<p>AGORDO CON SOCIETA&#8217; NUOVA UN NUOVO SERVIZIO DI TRASPORTO<br \/>\nROMA I POSTINI PRECARI IN MARCIA VERSO MONTECITORIO<br \/>\nFELTRE SINISTRA ITALIANA TORNA IN PIAZZA PER COLLOQUIARE CON I CITTADINI<br \/>\nBIANCHIN ALLA GUIDA DI ANOLF BELLUNO &#8211; TREVISO<br \/>\nURBANO COSTA PRESIDENTE DELLA FAMIGLIA EX EMIGRANTI DELL&#8217;ALPAGO<br \/>\nTUTTO PRONTO SU LA VOLATA PER ACCOGLIERE LE VELOCISTE PER I DUE SUPER G DI COPPA DEL MONDO<br \/>\nBELLUNO\u00a0Oggi, alle ore 20:30, nell\u2019aula magna del Seminario Gregoriano di Belluno, si terr\u00e0 la seconda conferenza del ciclo di incontri organizzato in preparazione alle celebrazioni per i settecento anni della dedicazione della chiesa di San Pietro a Belluno, anniversario che ricorrer\u00e0 nel 2026.<\/p>\n<p>HOCKEY SU GHIACCIO IL PUNTO SULL&#8217;ALLEGHE HOCKEY CON MARCO SCAPINELLO E PAOLO DE BIASIO<br \/>\nL&#8217;ALLEGHE BATTE IL PERGINE, IL FELTRE ESCE SCONFITTO NEL BIG MATCH CON IL FIEMME ALLEGHE \u2013 PERGINE 3-2 FELTRE \u2013 FIEMME 4-6<br \/>\nPATTINAGGIO Titolo: Successi per le pattinatrici della Agordino Ghiaccio e Sport alla &#8220;Dolomiti Ice Cup&#8221;<br \/>\nBASKET LA VOLKSBANK REYER SCHOOL CUP FA TAPPA A FALCADE<\/p>\n<h2><strong>VIDEO\u00a0 \u00a0in diretta dalle 8 del mattino\u00a0\u00a0<\/strong><\/h2>\n<p><iframe loading=\"lazy\" title=\"DAL 1983 LA RASSEGNA STAMPA LOCALE di mirko mezzacasa. L&#039;ORIGINALE\" width=\"1200\" height=\"675\" src=\"https:\/\/www.youtube.com\/embed\/_Lyyp0XYu8E?feature=oembed\" frameborder=\"0\" allow=\"accelerometer; autoplay; clipboard-write; encrypted-media; gyroscope; picture-in-picture; web-share\" allowfullscreen><\/iframe><\/p>\n<p>&nbsp;<\/p>\n<hr \/>\n<p>&nbsp;<\/p>\n<blockquote>\n<h3>ACQUA NON POTABILE A TAIBON<\/h3>\n<\/blockquote>\n<p><strong><a class=\"dt-pswp-item\" href=\"https:\/\/www.radiopiu.net\/wordpress\/wp-content\/uploads\/2018\/08\/ACQUA.jpeg\" data-dt-img-description=\"\" data-large_image_width=\"1280\" data-large_image_height=\"768\"><img loading=\"lazy\" decoding=\"async\" class=\" wp-image-57052 alignleft\" src=\"https:\/\/www.radiopiu.net\/wordpress\/wp-content\/uploads\/2018\/08\/ACQUA-300x180.jpeg\" alt=\"\" width=\"125\" height=\"75\" srcset=\"https:\/\/www.radiopiu.net\/wordpress\/wp-content\/uploads\/2018\/08\/ACQUA-300x180.jpeg 300w, https:\/\/www.radiopiu.net\/wordpress\/wp-content\/uploads\/2018\/08\/ACQUA-768x461.jpeg 768w, https:\/\/www.radiopiu.net\/wordpress\/wp-content\/uploads\/2018\/08\/ACQUA-1024x614.jpeg 1024w, https:\/\/www.radiopiu.net\/wordpress\/wp-content\/uploads\/2018\/08\/ACQUA.jpeg 1280w\" sizes=\"auto, (max-width: 125px) 100vw, 125px\" \/><\/a>TAIBON<\/strong> nelle localit\u00e0 TAIBON CENTRO, VIA SAN LUCANO, VIA DANTE ALIGHIERI, VIA BRUSTOLON, VIA FOCH, VIA COL DI LANA e VIA DELLE SCUOLE l&#8217;acqua erogata dall&#8217;acquedotto non \u00e8 potabile e pu\u00f2 essere usata per scopi alimentari SOLO PREVIA bollitura. Verr\u00e0 effettuato servizio sostitutivo con la possibilit\u00e0 di ritirare dell\u2019 acqua in bottiglia presso l\u2019atrio del Municipio.<\/p>\n<p>&nbsp;<\/p>\n<hr \/>\n<p>&nbsp;<\/p>\n<blockquote>\n<h2>COPPA DEL MONDO SULLA VOLATA&#8230;LIMITAZIONI ALLA VIABILITA&#8217;<\/h2>\n<\/blockquote>\n<p><strong><a class=\"dt-pswp-item\" href=\"https:\/\/www.radiopiu.net\/wordpress\/wp-content\/uploads\/2024\/02\/424674731_797110072458109_3351562248532411389_n.jpg\" data-dt-img-description=\"\" data-large_image_width=\"720\" data-large_image_height=\"540\"><img loading=\"lazy\" decoding=\"async\" class=\"wp-image-375357 alignleft\" src=\"https:\/\/www.radiopiu.net\/wordpress\/wp-content\/uploads\/2024\/02\/424674731_797110072458109_3351562248532411389_n-300x225.jpg\" alt=\"\" width=\"139\" height=\"104\" srcset=\"https:\/\/www.radiopiu.net\/wordpress\/wp-content\/uploads\/2024\/02\/424674731_797110072458109_3351562248532411389_n-300x225.jpg 300w, https:\/\/www.radiopiu.net\/wordpress\/wp-content\/uploads\/2024\/02\/424674731_797110072458109_3351562248532411389_n.jpg 720w\" sizes=\"auto, (max-width: 139px) 100vw, 139px\" \/><\/a><\/strong><\/p>\n<div class=\"textLayer\" data-main-rotation=\"0\"><span id=\"p6R_mc4\" class=\"markedContent\"><span dir=\"ltr\" role=\"presentation\">In occasione delle due gare di<\/span> <span dir=\"ltr\" role=\"presentation\">Coppa del Mondo di Sci Alpino Femminile, del 24 e<\/span> <span dir=\"ltr\" role=\"presentation\">25 febbraio 2024 <\/span><span dir=\"ltr\" role=\"presentation\">a<\/span> <span dir=\"ltr\" role=\"presentation\">Passo San Pellegrino<\/span><span dir=\"ltr\" role=\"presentation\">, sono stati emanati i provvedimenti di<\/span> <span dir=\"ltr\" role=\"presentation\">limitazione alla viabilit\u00e0<\/span><span dir=\"ltr\" role=\"presentation\">, sia sul<\/span><br role=\"presentation\" \/><span dir=\"ltr\" role=\"presentation\">versante trentino che veneto del passo stesso. <\/span><\/span><span id=\"p6R_mc6\" class=\"markedContent\"><span dir=\"ltr\" role=\"presentation\">Nel dettaglio:<\/span><\/span><\/div>\n<div class=\"textLayer\" data-main-rotation=\"0\"><strong><span id=\"p6R_mc8\" class=\"markedContent\"><span dir=\"ltr\" role=\"presentation\">Lato Trentino<\/span><\/span><\/strong><span id=\"p6R_mc9\" class=\"markedContent\"><br role=\"presentation\" \/><span dir=\"ltr\" role=\"presentation\">\u00c8 prevista la<\/span> <span dir=\"ltr\" role=\"presentation\">chiusura della strada statale 346<\/span> <span dir=\"ltr\" role=\"presentation\">dalla l<\/span><span dir=\"ltr\" role=\"presentation\">ocalit\u00e0 Ronchi (partenza impianti Alpe Lusia)<\/span><br role=\"presentation\" \/><span dir=\"ltr\" role=\"presentation\">fino al Passo San Pellegrino,<\/span> <span dir=\"ltr\" role=\"presentation\">dalle 9 alle 11<\/span><span dir=\"ltr\" role=\"presentation\">, in entrambe le giornate di gara. <\/span><\/span><span id=\"p6R_mc10\" class=\"markedContent\"><span dir=\"ltr\" role=\"presentation\">\u00c8 previsto un<\/span> <span dir=\"ltr\" role=\"presentation\">servizio navetta gratuito<\/span> <span dir=\"ltr\" role=\"presentation\">dalle 8:30 alle 10:30 (andata) e dalle 13:00 alle 15:00 <\/span><span dir=\"ltr\" role=\"presentation\">(ritorno) con partenza nei<\/span> <span dir=\"ltr\" role=\"presentation\">pressi del campo sportivo di Moena (Bici Grill). Il parcheggio sar\u00e0 <\/span><span dir=\"ltr\" role=\"presentation\">gratuito.<\/span><\/span><span id=\"p6R_mc12\" class=\"markedContent\"><br role=\"presentation\" \/><strong><span dir=\"ltr\" role=\"presentation\">Lato Veneto<\/span><\/strong><\/span><span id=\"p6R_mc13\" class=\"markedContent\"><br role=\"presentation\" \/><span dir=\"ltr\" role=\"presentation\">\u00c8 prevista la<\/span> <span dir=\"ltr\" role=\"presentation\">chiusura della strada statale 346<\/span> <span dir=\"ltr\" role=\"presentation\">dal bivio per Passo Valles fino al Passo San Pellegrino, <\/span><span dir=\"ltr\" role=\"presentation\">dalle 9:00 alle 11:00<\/span><span dir=\"ltr\" role=\"presentation\">, in entrambe le giornate di gara. <\/span><\/span><span id=\"p6R_mc14\" class=\"markedContent\"><span dir=\"ltr\" role=\"presentation\">\u00c8 previsto un<\/span> <span dir=\"ltr\" role=\"presentation\">servizio navetta gratuito<\/span> <span dir=\"ltr\" role=\"presentation\">dalle 8:30 alle 10:30 (andata) e dalle 13:00 alle 15:00<\/span><br role=\"presentation\" \/><span dir=\"ltr\" role=\"presentation\">(ritorno) con le seguenti fermate: <\/span><\/span><span id=\"p6R_mc16\" class=\"markedContent\"><span dir=\"ltr\" role=\"presentation\">\u2022<\/span> <span dir=\"ltr\" role=\"presentation\">prima fermata in loc. Savaion (Comune Canale d\u2019Agordo)<\/span> <span dir=\"ltr\" role=\"presentation\">&#8211;<\/span> <span dir=\"ltr\" role=\"presentation\">area con parcheggio<\/span><\/span><span id=\"p6R_mc17\" class=\"markedContent\"><br role=\"presentation\" \/><span dir=\"ltr\" role=\"presentation\">\u2022<\/span> <span dir=\"ltr\" role=\"presentation\">seconda fermata nella piazza di Falcade <\/span><\/span><span id=\"p6R_mc18\" class=\"markedContent\"><span dir=\"ltr\" role=\"presentation\">\u2022<\/span> <span dir=\"ltr\" role=\"presentation\">terza fermata a Falcade, Pizzeria La Stua<\/span> <span dir=\"ltr\" role=\"presentation\">in V<\/span><span dir=\"ltr\" role=\"presentation\">ia Serafini <\/span><\/span><span id=\"p6R_mc19\" class=\"markedContent\"><span dir=\"ltr\" role=\"presentation\">\u2022<\/span> <span dir=\"ltr\" role=\"presentation\">quarta fermata a Falcade, chiesa parrocchiale <\/span><\/span><\/div>\n<div data-main-rotation=\"0\"><\/div>\n<p>Ph. Paolo Piccolin<\/p>\n<p>&nbsp;<\/p>\n<hr \/>\n<p>&nbsp;<\/p>\n<p>&nbsp;<\/p>\n<blockquote>\n<h3>ARABBA, PICCHIA LA FIDANZATA, FERMATO DA DUE POLIZIOTTI LIBERI DAL SERVIZIO<\/h3>\n<\/blockquote>\n<blockquote><p><em>Arrestato giovane a Livinallongo del Col di Lana per aggressione agli agenti<\/em><\/p><\/blockquote>\n<p><strong><img loading=\"lazy\" decoding=\"async\" class=\"alignleft\" src=\"https:\/\/www.radiopiu.net\/wordpress\/wp-content\/uploads\/2018\/12\/arabba-by-night%C2%A9Arabba_Fodom_Turismo0T8A6520.jpg\" width=\"260\" height=\"173\" \/>LIVINALLONGO DEL COL DI LANA<\/strong> <span style=\"font-family: Garamond, serif;\"><span style=\"font-size: large;\">Poco dopo la mezzanotte nella serata degli innamorati, San Valentino, in un locale di Arabba \u00e8\u00a0 scoppiato un violento litigio tra due fidanzati, erano presenti\u00a0 due appartenenti alle forze dell\u2019ordine, liberi dal servizio della Polizia di Stato e dell\u2019Esercito Italiano, entrambi impegnati nel soccorso piste. I due operatori, notavano che la giovane donna\u00a0 presentava evidenti escoriazioni al volto e versava in uno stato di shock, mostrando anche difficolt\u00e0 di deambulazione. Il giovane che stava con lei appariva in stato di alterazione psicofisica riferendo che la fidanzata era caduta in strada poco prima a causa del ghiaccio. Immediata la chiamata al 118 tra la contrariet\u00e0 dell&#8217;uomo che con rabbia ha mandato in frantumi il finestrino\u00a0 della propria auto per poi aggredire verbalmente con insulti e minacce i due agenti. Sul posto i Carabinieri di Arabba pure loro minacciati ma anche aggrediti fisicamente. A quel punto poliziotti e carabinieri\u00a0 hanno bloccato il giovane, ammanettandolo e dichiarando lo stato di arresto per i reati di lesioni personali, resistenza ed oltraggio a pubblico ufficiale.\u00a0 Il Pubblico Ministero\u00a0 della Procura della Repubblica di Belluno ha disposto la custodia in carcere.<\/span><\/span><\/p>\n<p>&nbsp;<\/p>\n<hr \/>\n<p>&nbsp;<\/p>\n<blockquote>\n<h3>DUE FERITI NON GRAVI NELL&#8217;INCIDENTE SULLA STRADA PER ZOLDO<\/h3>\n<\/blockquote>\n<blockquote><p><em>Infortunio sul lavoro a Cortina, 62enne in ospedale<\/em><\/p><\/blockquote>\n<blockquote><p><em><img loading=\"lazy\" decoding=\"async\" class=\"alignleft\" src=\"https:\/\/www.radiopiu.net\/wordpress\/wp-content\/uploads\/2021\/10\/a0c568f4-8fef-4e1e-b203-57f1d1d0c1e7.jpg\" width=\"110\" height=\"82\" \/>Infortunio sul lavoro a Cortina, 62enne in ospedale<\/em><\/p><\/blockquote>\n<p><strong>REDAZIONE<\/strong> Alle 9 di ieri mattina incidente stradale che ha paralizzato la regionale tra Longarone e Zoldo in localit\u00e0 Mezzocanale per quasi due ore. Sul posto l&#8217;ambulanza del Suem 118 per prestare le prime cure a due donne, di Ancona (29 anni) e Belluno (54 anni). Entrambe sono state poi trasferite con ferite leggere al San Martino di Belluno.<br \/>\nPoco prima un infortunio sul lavoro a Cortina, coinvolto un 62enne di Palermo trasferito in ospedale a Cortina con ferite di media gravit\u00e0.<\/p>\n<p>&nbsp;<\/p>\n<hr \/>\n<p>&nbsp;<\/p>\n<blockquote>\n<h3>SCIPPO IN CENTRO, ANZIANA DERUBATA<\/h3>\n<\/blockquote>\n<p><img loading=\"lazy\" decoding=\"async\" class=\"alignleft\" src=\"https:\/\/www.radiopiu.net\/wordpress\/wp-content\/uploads\/2018\/10\/Volante-Questura.jpg\" width=\"191\" height=\"127\" \/><strong>BELLUNO<\/strong>\u00a0 Un&#8217;anziana \u00e8 stata scippata in pieno giorno a Belluno in piazza Piloni. Due uomini le hanno strappato una catenina d&#8217;oro e rubato oltre 1.500 euro. La donna ha urlato per chiedere aiuto e ha presentato denuncia. Gli scippatori sono fuggiti, perdendo banconote per strada. Le telecamere di sorveglianza urbana saranno fondamentali per le indagini. Non \u00e8 chiaro se la vittima stesse portando la pensione o fosse vittima di una truffa. Gli investigatori cercano di capire se l&#8217;anziana fosse stata seguita dai malviventi. Le indagini sono in corso.<\/p>\n<p>&nbsp;<\/p>\n<hr \/>\n<p>&nbsp;<\/p>\n<blockquote>\n<h3>C&#8217;ERA UNA VOLTA FABIO, GIORGIO E SANDRO<\/h3>\n<\/blockquote>\n<p><strong><img loading=\"lazy\" decoding=\"async\" class=\"alignleft\" src=\"https:\/\/www.radiopiu.net\/wordpress\/wp-content\/uploads\/2024\/02\/VIALE-SOMMARIVA-01.png\" width=\"225\" height=\"163\" \/>REDAZIONE<\/strong> <em>&#8220;Ecco&#8230; ecco, no cosi&#8217; no. Gira a destra, gira a destra, gira a destra&#8221;<\/em>. Caro Fabio quando ho visto la benna della ruspa che dichiarava guerra ai mattoni e al cemento armato ho avuto un flash, era l&#8217;anticamera per la mia patente. Li&#8217; dentro abbiamo imparato a ingranare la marcia e a capire come meglio copiare nel giorno dell&#8217;esame&#8230;Missione quasi impossibile. Che tempi, due autoscuole ad Agordo, due importanti &#8220;clienti&#8221; della RADIOPIU&#8217;, c&#8217;era concorrenza tra le due grandi autoscuole, e noi della radio ovviamente andavamo a nozze&#8230;<br \/>\nCiao Giorgio,\u00a0 il Veg\u00e8 non si dimentica, era il passaggio per Viale Sommariva e la media Antonio Pertile, li vicino, nell&#8217;altro condominio. Per chi era abituato a mangiare pane e mortadella, entrare li dentro la mattina e sentire l&#8217;odore del prosciutto cotto e del pane caldo era una delizia. Anche di Veg\u00e8 ce n&#8217;erano due ad Agordo, del Ciocio e del Fontanive, altra concorrenza, altri contratti per l&#8217;allora neo nata RADIOPIU, come dire che ci tenevate in piedi.<br \/>\nCaro Sandro&#8230; quello della Warm, con la scusa che avevo 20 anni un po&#8217; difficile che pensassi a bagni e caldaie&#8230; ma col tempo ti ho amato per quell&#8217;abbinamento con la Sile Caldaie, il mio Alleghe, la nostra finale a Bolzano le mega presentazioni tra Treviso, Valcozzena e la piazza di Agordo.<\/p>\n<p>&nbsp;<\/p>\n<p>&nbsp;<\/p>\n<hr \/>\n<p>&nbsp;<\/p>\n<blockquote>\n<h3>CHIMICO E SCIENTIFICO A GONFIE VELE, LE SCELTE DEI 144 STUDENTI AGORDINI<\/h3>\n<\/blockquote>\n<p><strong><a class=\"dt-pswp-item\" href=\"https:\/\/www.radiopiu.net\/wordpress\/wp-content\/uploads\/2020\/06\/primo-piano-gli-studenti-che-scrivono-e-leggono-gli-fogli-di-risposta-degli-esami-di-esercitazione-in-aula-della-scuola-con-lo-stress_73622-858.jpg\" data-dt-img-description=\"\" data-large_image_width=\"626\" data-large_image_height=\"417\"><img loading=\"lazy\" decoding=\"async\" class=\" wp-image-143128 alignleft\" src=\"https:\/\/www.radiopiu.net\/wordpress\/wp-content\/uploads\/2020\/06\/primo-piano-gli-studenti-che-scrivono-e-leggono-gli-fogli-di-risposta-degli-esami-di-esercitazione-in-aula-della-scuola-con-lo-stress_73622-858-300x200.jpg\" alt=\"\" width=\"192\" height=\"128\" srcset=\"https:\/\/www.radiopiu.net\/wordpress\/wp-content\/uploads\/2020\/06\/primo-piano-gli-studenti-che-scrivono-e-leggono-gli-fogli-di-risposta-degli-esami-di-esercitazione-in-aula-della-scuola-con-lo-stress_73622-858-300x200.jpg 300w, https:\/\/www.radiopiu.net\/wordpress\/wp-content\/uploads\/2020\/06\/primo-piano-gli-studenti-che-scrivono-e-leggono-gli-fogli-di-risposta-degli-esami-di-esercitazione-in-aula-della-scuola-con-lo-stress_73622-858.jpg 626w\" sizes=\"auto, (max-width: 192px) 100vw, 192px\" \/><\/a>AGORDO<\/strong><\/p>\n<p>DI GIANNI SANTOMASO<\/p>\n<audio class=\"wp-audio-shortcode\" id=\"audio-375619-5\" preload=\"none\" style=\"width: 100%;\" controls=\"controls\"><source type=\"audio\/mpeg\" src=\"https:\/\/www.radiopiu.net\/wordpress\/wp-content\/uploads\/2024\/02\/GIANNI-I-DATI-DELLE-ISCRIZIONI-ALLE-SCUOLE-SUPERIORI-DEGLI-ALUNNI-AGORDINI-METTONO-I-BRIVIDI.mp3?_=5\" \/><a href=\"https:\/\/www.radiopiu.net\/wordpress\/wp-content\/uploads\/2024\/02\/GIANNI-I-DATI-DELLE-ISCRIZIONI-ALLE-SCUOLE-SUPERIORI-DEGLI-ALUNNI-AGORDINI-METTONO-I-BRIVIDI.mp3\">https:\/\/www.radiopiu.net\/wordpress\/wp-content\/uploads\/2024\/02\/GIANNI-I-DATI-DELLE-ISCRIZIONI-ALLE-SCUOLE-SUPERIORI-DEGLI-ALUNNI-AGORDINI-METTONO-I-BRIVIDI.mp3<\/a><\/audio>\n<p>&nbsp;<\/p>\n<p><a class=\"dt-pswp-item\" href=\"https:\/\/www.radiopiu.net\/wordpress\/wp-content\/uploads\/2024\/02\/SINTESI-ISCRIZIONI-24-25-.jpg\" data-dt-img-description=\"\" data-large_image_width=\"1024\" data-large_image_height=\"1193\"><img loading=\"lazy\" decoding=\"async\" class=\"wp-image-375322 aligncenter\" src=\"https:\/\/www.radiopiu.net\/wordpress\/wp-content\/uploads\/2024\/02\/SINTESI-ISCRIZIONI-24-25--879x1024.jpg\" alt=\"\" width=\"440\" height=\"513\" srcset=\"https:\/\/www.radiopiu.net\/wordpress\/wp-content\/uploads\/2024\/02\/SINTESI-ISCRIZIONI-24-25--879x1024.jpg 879w, https:\/\/www.radiopiu.net\/wordpress\/wp-content\/uploads\/2024\/02\/SINTESI-ISCRIZIONI-24-25--258x300.jpg 258w, https:\/\/www.radiopiu.net\/wordpress\/wp-content\/uploads\/2024\/02\/SINTESI-ISCRIZIONI-24-25--768x895.jpg 768w, https:\/\/www.radiopiu.net\/wordpress\/wp-content\/uploads\/2024\/02\/SINTESI-ISCRIZIONI-24-25-.jpg 1024w\" sizes=\"auto, (max-width: 440px) 100vw, 440px\" \/><\/a><\/p>\n<hr \/>\n<p>&nbsp;<\/p>\n<blockquote>\n<h2><strong>TESTAMENTO BIOLOGICO <\/strong><strong>\u00abCONOSCERE PER CAPIRE E SAPER SCEGLIERE\u00bb<\/strong><\/h2>\n<\/blockquote>\n<p><strong><a href=\"https:\/\/www.radiopiu.net\/wordpress\/wp-content\/uploads\/2024\/02\/pexels-photo-2565227.webp\"><img loading=\"lazy\" decoding=\"async\" class=\"size-medium wp-image-375664 alignleft\" src=\"https:\/\/www.radiopiu.net\/wordpress\/wp-content\/uploads\/2024\/02\/pexels-photo-2565227-300x200.webp\" alt=\"\" width=\"300\" height=\"200\" srcset=\"https:\/\/www.radiopiu.net\/wordpress\/wp-content\/uploads\/2024\/02\/pexels-photo-2565227-300x200.webp 300w, https:\/\/www.radiopiu.net\/wordpress\/wp-content\/uploads\/2024\/02\/pexels-photo-2565227.webp 400w\" sizes=\"auto, (max-width: 300px) 100vw, 300px\" \/><\/a>PEDAVENA\u00a0 <\/strong>Partecipato incontro sull&#8217;importanza del testamento biologico, organizzato dal Lions Club Feltre Host in collaborazione con il Leo Club Feltre e patrocinato dal Comune. Le Disposizioni Anticipate di Trattamento (DAT) sono state al centro dell&#8217;attenzione, con 200.744 adesioni a livello nazionale e 18.071 nel Veneto (una ogni 212 maggiorenni), evidenziando una crescente consapevolezza verso questo strumento legale. Durante la serata, moderata dall&#8217;ex primario Aldo Bonso, il notaio Enzo Rossi e Franco Zambotto, ex primario di Pneumologia dell&#8217;Ulss 1 Dolomiti, hanno spiegato l&#8217;importanza della DAT nel contesto della relazione di cura tra paziente e medico. \u00c8 stata sottolineata l&#8217;autonomia del paziente nel prendere decisioni riguardo alla propria salute, nonch\u00e9 l&#8217;importanza di sottoscrivere le DAT in previsione di futura incapacit\u00e0. La procedura per depositare le DAT \u00e8 stata descritta come relativamente semplice, con la possibilit\u00e0 di presentare una semplice scrittura presso l&#8217;ufficio di stato civile del proprio Comune, l&#8217;azienda sanitaria o tramite un notaio, quest&#8217;ultimo garantendo un controllo aggiuntivo sull&#8217;autenticit\u00e0 della firma e sulla capacit\u00e0 del soggetto di intendere e volere.<\/p>\n<blockquote><p><em> In provincia di Belluno, le Disposizioni depositate risultano 1028, una ogni 165 abitanti maggiorenni; \u00e8 il secondo miglior risultato in Veneto, dietro solo a Vicenza (141). Nel Bellunese si registra poi una tendenza inversa rispetta a quella nazionale: se In Italia il numero di DAT \u00e8 in calo da tre anni , in provincia questo dato risulta sempre in leggera, ma costante crescita (68 nel 2020; 79 nel 2021; 87 nel 2022).<\/em><\/p><\/blockquote>\n<p><strong>PER LE TRE RADIO, BARBARA PAOLAZZI<\/strong><\/p>\n<div class=\"w-full pt-2 md:pt-0 dark:border-white\/20 md:border-transparent md:dark:border-transparent md:w-[calc(100%-.5rem)]\">\n<form class=\"stretch mx-2 flex flex-row gap-3 last:mb-2 md:mx-4 md:last:mb-6 lg:mx-auto lg:max-w-2xl xl:max-w-3xl\">\n<div class=\"relative flex h-full flex-1 items-stretch md:flex-col\">\n<div class=\"flex w-full items-center\">\n<audio class=\"wp-audio-shortcode\" id=\"audio-375619-6\" preload=\"none\" style=\"width: 100%;\" controls=\"controls\"><source type=\"audio\/mpeg\" src=\"https:\/\/www.radiopiu.net\/wordpress\/wp-content\/uploads\/2024\/02\/PAOLAZZI-TESTAMENTO-BIOLOGICO.mp3?_=6\" \/><a href=\"https:\/\/www.radiopiu.net\/wordpress\/wp-content\/uploads\/2024\/02\/PAOLAZZI-TESTAMENTO-BIOLOGICO.mp3\">https:\/\/www.radiopiu.net\/wordpress\/wp-content\/uploads\/2024\/02\/PAOLAZZI-TESTAMENTO-BIOLOGICO.mp3<\/a><\/audio>\n<\/div>\n<\/div>\n<\/form>\n<\/div>\n<p>&nbsp;<\/p>\n<p>&nbsp;<\/p>\n<hr \/>\n<p>&nbsp;<\/p>\n<p><strong><a class=\"dt-pswp-item\" href=\"https:\/\/www.radiopiu.net\/wordpress\/wp-content\/uploads\/2024\/01\/Senza-nome-34.png\" data-dt-img-description=\"\" data-large_image_width=\"239\" data-large_image_height=\"153\"><img loading=\"lazy\" decoding=\"async\" class=\"wp-image-369478 alignleft\" src=\"https:\/\/www.radiopiu.net\/wordpress\/wp-content\/uploads\/2024\/01\/Senza-nome-34.png\" alt=\"\" width=\"128\" height=\"82\" \/><\/a> <\/strong><\/p>\n<p><strong>\u00a0<\/strong><\/p>\n<p><strong>dal TG BELLUNESE di\u00a0 ANTENNA 3 ogni sera alle 19.30 sul canale 10 del digitale terrestre e alle 19 le anticipazioni alla radio.\u00a0 \u00a0 \u00a0\u00a0<\/strong><\/p>\n<p>&nbsp;<\/p>\n<p>&nbsp;<\/p>\n<h3 class=\"_title post-title entry-title\">NEVEGAL, ORE CONTATE PER IL FUTURO DELLA STORICA STAZIONE SCIISTICA BELLUNESE<\/h3>\n<p><strong>DI TIZIANA BOLOGNANI<\/strong><\/p>\n<p><iframe loading=\"lazy\" title=\"NEVEGAL, ORE CONTATE PER IL FUTURO DELLA STORICA STAZIONE SCIISTICA BELLUNESE | 22\/02\/2024\" width=\"1200\" height=\"675\" src=\"https:\/\/www.youtube.com\/embed\/-gfQs7iiy7U?feature=oembed\" frameborder=\"0\" allow=\"accelerometer; autoplay; clipboard-write; encrypted-media; gyroscope; picture-in-picture; web-share\" allowfullscreen><\/iframe><\/p>\n<p>&nbsp;<\/p>\n<hr \/>\n<p>&nbsp;<\/p>\n<blockquote>\n<h3><strong>700 ANNI DOPO LA MOSTRA DELL&#8217;ARTIGIANATO DI FELTRE NEL SEGNO DI MARCO POLO<\/strong><\/h3>\n<h3><a class=\"dt-pswp-item\" href=\"https:\/\/www.radiopiu.net\/wordpress\/wp-content\/uploads\/2024\/02\/Lavorazione-del-vetro-MostrArt-2023-1.jpg\" data-dt-img-description=\"\" data-large_image_width=\"1920\" data-large_image_height=\"1080\"><img loading=\"lazy\" decoding=\"async\" class=\"size-medium wp-image-375685 alignleft\" src=\"https:\/\/www.radiopiu.net\/wordpress\/wp-content\/uploads\/2024\/02\/Lavorazione-del-vetro-MostrArt-2023-1-300x169.jpg\" alt=\"\" width=\"300\" height=\"169\" srcset=\"https:\/\/www.radiopiu.net\/wordpress\/wp-content\/uploads\/2024\/02\/Lavorazione-del-vetro-MostrArt-2023-1-300x169.jpg 300w, https:\/\/www.radiopiu.net\/wordpress\/wp-content\/uploads\/2024\/02\/Lavorazione-del-vetro-MostrArt-2023-1-1024x576.jpg 1024w, https:\/\/www.radiopiu.net\/wordpress\/wp-content\/uploads\/2024\/02\/Lavorazione-del-vetro-MostrArt-2023-1-768x432.jpg 768w, https:\/\/www.radiopiu.net\/wordpress\/wp-content\/uploads\/2024\/02\/Lavorazione-del-vetro-MostrArt-2023-1-1536x864.jpg 1536w, https:\/\/www.radiopiu.net\/wordpress\/wp-content\/uploads\/2024\/02\/Lavorazione-del-vetro-MostrArt-2023-1.jpg 1920w\" sizes=\"auto, (max-width: 300px) 100vw, 300px\" \/><\/a><\/h3>\n<\/blockquote>\n<p><b>FELTRE <\/b>Il Comitato organizzatore della Mostra dell&#8217;Artigianato di Feltre presenta un&#8217;edizione 2024 incentrata sul tema &#8220;Un viaggio alla scoperta delle eccellenze artigiane della Serenissima: sulla via di Marco Polo&#8221;. La manifestazione, in programma dal 27 al 30 giugno, intende celebrare i 700 anni dalla morte dell&#8217;esploratore veneziano, ripercorrendo simbolicamente il suo viaggio in Oriente. Attraverso materiali, creazioni e colori dei manufatti artigianali, la mostra promette un&#8217;esperienza emozionante e innovativa, con un focus sulle culture millenarie del pianeta. Saranno presenti tessuti, decorazioni e tecniche di lavorazione dei materiali particolari, offrendo un&#8217;occasione unica di scoperta e divertimento per tutti i visitatori. Eventi collaterali e spettacoli musicali arricchiranno l&#8217;esperienza, rendendo la mostra accessibile e coinvolgente per un pubblico ampio. Tutte le informazioni dettagliate e le novit\u00e0 saranno visibili di tempo in tempo sul sito della Mostra www.mostraartigianatofeltre.it.<\/p>\n<p><strong>IL PRESIDENTE ALDO GESIOT<\/strong><\/p>\n<audio class=\"wp-audio-shortcode\" id=\"audio-375619-7\" preload=\"none\" style=\"width: 100%;\" controls=\"controls\"><source type=\"audio\/mpeg\" src=\"https:\/\/www.radiopiu.net\/wordpress\/wp-content\/uploads\/2024\/02\/Audio-Gesiot.mp3?_=7\" \/><a href=\"https:\/\/www.radiopiu.net\/wordpress\/wp-content\/uploads\/2024\/02\/Audio-Gesiot.mp3\">https:\/\/www.radiopiu.net\/wordpress\/wp-content\/uploads\/2024\/02\/Audio-Gesiot.mp3<\/a><\/audio>\n<p>&nbsp;<\/p>\n<p>&nbsp;<\/p>\n<hr \/>\n<p>&nbsp;<\/p>\n<blockquote>\n<h3>L\u2019ELICOTTERO STORICO AUGUSTA BELL 47 G-2, HA LASCIATO BELLUNO PER RIENTRARE A MODENA<\/h3>\n<\/blockquote>\n<p><strong>BELLUNO<\/strong> L\u2019elicottero Agusta Bell 47 G-2, cimelio storico del Corpo Nazionale dei Vigili del fuoco, ha lasciato Belluno dove \u00e8 stato ospitato come oggetto raro per fare rientro a Modena presso il locale comando. L\u2019elicottero AB 47 G-2 con sigla VFMO \u00e8 uno dei primi tre elicotteri che nel 1954 hanno ottenuto l\u2019immatricolazione civile dal registro nazionale aereonautico, dando cos\u00ec vita ai primi dei tre nuclei volo dei vigili del fuoco a Modena, Roma e Napoli. Ebbe cosi inizio la storia della componete aerea del Corpo che oggi conta 12 sedi su tutto il territorio nazionale. Il Corpo Nazionale dei Vigili del fuoco \u00e8 stata la prima amministrazione statale, dopo l&#8217;Aeronautica Militare, ad utilizzare l&#8217;elicottero per svolgere il proprio compito istituzionale del soccorso tecnico urgente.<br \/>\nL\u2019elicottero AB 47 G-2 ha volato durante le operazioni di soccorso sulla piana del Piave spazzata dall&#8217;onda del Vajont nel 1963. Negli anni 70 il velivolo \u00e8 stato assegnato al reparto volo di Venezia, dove ha volato fino alla fine degli anni 80. Successivamente \u00e8 stato conservato presso il reparto volo di Venezia, presso la sede di Mestre e presso il comando di Belluno. Ora ha ripreso il viaggio per tornare a casa dove tutto \u00e8 iniziato.<\/p>\n\n\t\t\t<style type='text\/css'>\n\t\t\t\t#gallery-1 {\n\t\t\t\t\tmargin: auto;\n\t\t\t\t}\n\t\t\t\t#gallery-1 .gallery-item {\n\t\t\t\t\tfloat: left;\n\t\t\t\t\tmargin-top: 10px;\n\t\t\t\t\ttext-align: center;\n\t\t\t\t\twidth: 25%;\n\t\t\t\t}\n\t\t\t\t#gallery-1 img {\n\t\t\t\t\tborder: 2px solid #cfcfcf;\n\t\t\t\t}\n\t\t\t\t#gallery-1 .gallery-caption {\n\t\t\t\t\tmargin-left: 0;\n\t\t\t\t}\n\t\t\t\t\/* see gallery_shortcode() in wp-includes\/media.php *\/\n\t\t\t<\/style>\n\t\t<div id='gallery-1' class='dt-gallery-container gallery galleryid-375619 gallery-columns-4 gallery-size-medium'><dl class='gallery-item'>\n\t\t\t\t<dt class='gallery-icon landscape'>\n\t\t\t\t\t<a class=\"rollover rollover-zoom dt-pswp-item\" title=\"3ab93d13-8e3c-4cff-acb4-a769f4b2780d\" data-dt-img-description=\"\" data-large_image_width=\"720\" data-large_image_height=\"540\"href='https:\/\/www.radiopiu.net\/wordpress\/wp-content\/uploads\/2024\/02\/3ab93d13-8e3c-4cff-acb4-a769f4b2780d.jpg'><img loading=\"lazy\" decoding=\"async\" width=\"300\" height=\"225\" src=\"https:\/\/www.radiopiu.net\/wordpress\/wp-content\/uploads\/2024\/02\/3ab93d13-8e3c-4cff-acb4-a769f4b2780d-300x225.jpg\" class=\"attachment-medium size-medium\" alt=\"\" srcset=\"https:\/\/www.radiopiu.net\/wordpress\/wp-content\/uploads\/2024\/02\/3ab93d13-8e3c-4cff-acb4-a769f4b2780d-300x225.jpg 300w, https:\/\/www.radiopiu.net\/wordpress\/wp-content\/uploads\/2024\/02\/3ab93d13-8e3c-4cff-acb4-a769f4b2780d.jpg 720w\" sizes=\"auto, (max-width: 300px) 100vw, 300px\" \/><\/a>\n\t\t\t\t<\/dt><\/dl><dl class='gallery-item'>\n\t\t\t\t<dt class='gallery-icon landscape'>\n\t\t\t\t\t<a class=\"rollover rollover-zoom dt-pswp-item\" title=\"8cafe5aa-b994-40ce-a69d-9c002e2fd6e2\" data-dt-img-description=\"\" data-large_image_width=\"960\" data-large_image_height=\"649\"href='https:\/\/www.radiopiu.net\/wordpress\/wp-content\/uploads\/2024\/02\/8cafe5aa-b994-40ce-a69d-9c002e2fd6e2.jpg'><img loading=\"lazy\" decoding=\"async\" width=\"300\" height=\"203\" src=\"https:\/\/www.radiopiu.net\/wordpress\/wp-content\/uploads\/2024\/02\/8cafe5aa-b994-40ce-a69d-9c002e2fd6e2-300x203.jpg\" class=\"attachment-medium size-medium\" alt=\"\" srcset=\"https:\/\/www.radiopiu.net\/wordpress\/wp-content\/uploads\/2024\/02\/8cafe5aa-b994-40ce-a69d-9c002e2fd6e2-300x203.jpg 300w, https:\/\/www.radiopiu.net\/wordpress\/wp-content\/uploads\/2024\/02\/8cafe5aa-b994-40ce-a69d-9c002e2fd6e2-768x519.jpg 768w, https:\/\/www.radiopiu.net\/wordpress\/wp-content\/uploads\/2024\/02\/8cafe5aa-b994-40ce-a69d-9c002e2fd6e2.jpg 960w\" sizes=\"auto, (max-width: 300px) 100vw, 300px\" \/><\/a>\n\t\t\t\t<\/dt><\/dl><dl class='gallery-item'>\n\t\t\t\t<dt class='gallery-icon landscape'>\n\t\t\t\t\t<a class=\"rollover rollover-zoom dt-pswp-item\" title=\"ce1d8ab1-e9d3-44a6-aa72-47094a6eb134\" data-dt-img-description=\"\" data-large_image_width=\"1096\" data-large_image_height=\"720\"href='https:\/\/www.radiopiu.net\/wordpress\/wp-content\/uploads\/2024\/02\/ce1d8ab1-e9d3-44a6-aa72-47094a6eb134.jpg'><img loading=\"lazy\" decoding=\"async\" width=\"300\" height=\"197\" src=\"https:\/\/www.radiopiu.net\/wordpress\/wp-content\/uploads\/2024\/02\/ce1d8ab1-e9d3-44a6-aa72-47094a6eb134-300x197.jpg\" class=\"attachment-medium size-medium\" alt=\"\" srcset=\"https:\/\/www.radiopiu.net\/wordpress\/wp-content\/uploads\/2024\/02\/ce1d8ab1-e9d3-44a6-aa72-47094a6eb134-300x197.jpg 300w, https:\/\/www.radiopiu.net\/wordpress\/wp-content\/uploads\/2024\/02\/ce1d8ab1-e9d3-44a6-aa72-47094a6eb134-1024x673.jpg 1024w, https:\/\/www.radiopiu.net\/wordpress\/wp-content\/uploads\/2024\/02\/ce1d8ab1-e9d3-44a6-aa72-47094a6eb134-768x505.jpg 768w, https:\/\/www.radiopiu.net\/wordpress\/wp-content\/uploads\/2024\/02\/ce1d8ab1-e9d3-44a6-aa72-47094a6eb134.jpg 1096w\" sizes=\"auto, (max-width: 300px) 100vw, 300px\" \/><\/a>\n\t\t\t\t<\/dt><\/dl><dl class='gallery-item'>\n\t\t\t\t<dt class='gallery-icon landscape'>\n\t\t\t\t\t<a class=\"rollover rollover-zoom dt-pswp-item\" title=\"72ea5ddd-1d00-4807-a2c4-1fa7516fb7eb\" data-dt-img-description=\"\" data-large_image_width=\"1227\" data-large_image_height=\"691\"href='https:\/\/www.radiopiu.net\/wordpress\/wp-content\/uploads\/2024\/02\/72ea5ddd-1d00-4807-a2c4-1fa7516fb7eb.jpg'><img loading=\"lazy\" decoding=\"async\" width=\"300\" height=\"169\" src=\"https:\/\/www.radiopiu.net\/wordpress\/wp-content\/uploads\/2024\/02\/72ea5ddd-1d00-4807-a2c4-1fa7516fb7eb-300x169.jpg\" class=\"attachment-medium size-medium\" alt=\"\" srcset=\"https:\/\/www.radiopiu.net\/wordpress\/wp-content\/uploads\/2024\/02\/72ea5ddd-1d00-4807-a2c4-1fa7516fb7eb-300x169.jpg 300w, https:\/\/www.radiopiu.net\/wordpress\/wp-content\/uploads\/2024\/02\/72ea5ddd-1d00-4807-a2c4-1fa7516fb7eb-1024x577.jpg 1024w, https:\/\/www.radiopiu.net\/wordpress\/wp-content\/uploads\/2024\/02\/72ea5ddd-1d00-4807-a2c4-1fa7516fb7eb-768x433.jpg 768w, https:\/\/www.radiopiu.net\/wordpress\/wp-content\/uploads\/2024\/02\/72ea5ddd-1d00-4807-a2c4-1fa7516fb7eb.jpg 1227w\" sizes=\"auto, (max-width: 300px) 100vw, 300px\" \/><\/a>\n\t\t\t\t<\/dt><\/dl><br style=\"clear: both\" \/><dl class='gallery-item'>\n\t\t\t\t<dt class='gallery-icon landscape'>\n\t\t\t\t\t<a class=\"rollover rollover-zoom dt-pswp-item\" title=\"bef242a5-ae43-4ad5-b0b5-00308d79cea2\" data-dt-img-description=\"\" data-large_image_width=\"1600\" data-large_image_height=\"1033\"href='https:\/\/www.radiopiu.net\/wordpress\/wp-content\/uploads\/2024\/02\/bef242a5-ae43-4ad5-b0b5-00308d79cea2.jpg'><img loading=\"lazy\" decoding=\"async\" width=\"300\" height=\"194\" src=\"https:\/\/www.radiopiu.net\/wordpress\/wp-content\/uploads\/2024\/02\/bef242a5-ae43-4ad5-b0b5-00308d79cea2-300x194.jpg\" class=\"attachment-medium size-medium\" alt=\"\" srcset=\"https:\/\/www.radiopiu.net\/wordpress\/wp-content\/uploads\/2024\/02\/bef242a5-ae43-4ad5-b0b5-00308d79cea2-300x194.jpg 300w, https:\/\/www.radiopiu.net\/wordpress\/wp-content\/uploads\/2024\/02\/bef242a5-ae43-4ad5-b0b5-00308d79cea2-1024x661.jpg 1024w, https:\/\/www.radiopiu.net\/wordpress\/wp-content\/uploads\/2024\/02\/bef242a5-ae43-4ad5-b0b5-00308d79cea2-768x496.jpg 768w, https:\/\/www.radiopiu.net\/wordpress\/wp-content\/uploads\/2024\/02\/bef242a5-ae43-4ad5-b0b5-00308d79cea2-1536x992.jpg 1536w, https:\/\/www.radiopiu.net\/wordpress\/wp-content\/uploads\/2024\/02\/bef242a5-ae43-4ad5-b0b5-00308d79cea2.jpg 1600w\" sizes=\"auto, (max-width: 300px) 100vw, 300px\" \/><\/a>\n\t\t\t\t<\/dt><\/dl><dl class='gallery-item'>\n\t\t\t\t<dt class='gallery-icon landscape'>\n\t\t\t\t\t<a class=\"rollover rollover-zoom dt-pswp-item\" title=\"e3971d42-ab70-4cbe-a774-2d089168da36\" data-dt-img-description=\"\" data-large_image_width=\"1600\" data-large_image_height=\"1044\"href='https:\/\/www.radiopiu.net\/wordpress\/wp-content\/uploads\/2024\/02\/e3971d42-ab70-4cbe-a774-2d089168da36.jpg'><img loading=\"lazy\" decoding=\"async\" width=\"300\" height=\"196\" src=\"https:\/\/www.radiopiu.net\/wordpress\/wp-content\/uploads\/2024\/02\/e3971d42-ab70-4cbe-a774-2d089168da36-300x196.jpg\" class=\"attachment-medium size-medium\" alt=\"\" srcset=\"https:\/\/www.radiopiu.net\/wordpress\/wp-content\/uploads\/2024\/02\/e3971d42-ab70-4cbe-a774-2d089168da36-300x196.jpg 300w, https:\/\/www.radiopiu.net\/wordpress\/wp-content\/uploads\/2024\/02\/e3971d42-ab70-4cbe-a774-2d089168da36-1024x668.jpg 1024w, https:\/\/www.radiopiu.net\/wordpress\/wp-content\/uploads\/2024\/02\/e3971d42-ab70-4cbe-a774-2d089168da36-768x501.jpg 768w, https:\/\/www.radiopiu.net\/wordpress\/wp-content\/uploads\/2024\/02\/e3971d42-ab70-4cbe-a774-2d089168da36-1536x1002.jpg 1536w, https:\/\/www.radiopiu.net\/wordpress\/wp-content\/uploads\/2024\/02\/e3971d42-ab70-4cbe-a774-2d089168da36.jpg 1600w\" sizes=\"auto, (max-width: 300px) 100vw, 300px\" \/><\/a>\n\t\t\t\t<\/dt><\/dl><dl class='gallery-item'>\n\t\t\t\t<dt class='gallery-icon landscape'>\n\t\t\t\t\t<a class=\"rollover rollover-zoom dt-pswp-item\" title=\"ad6b5a4d-ab42-4318-8bff-139d839ab8d2\" data-dt-img-description=\"\" data-large_image_width=\"1600\" data-large_image_height=\"900\"href='https:\/\/www.radiopiu.net\/wordpress\/wp-content\/uploads\/2024\/02\/ad6b5a4d-ab42-4318-8bff-139d839ab8d2.jpg'><img loading=\"lazy\" decoding=\"async\" width=\"300\" height=\"169\" src=\"https:\/\/www.radiopiu.net\/wordpress\/wp-content\/uploads\/2024\/02\/ad6b5a4d-ab42-4318-8bff-139d839ab8d2-300x169.jpg\" class=\"attachment-medium size-medium\" alt=\"\" srcset=\"https:\/\/www.radiopiu.net\/wordpress\/wp-content\/uploads\/2024\/02\/ad6b5a4d-ab42-4318-8bff-139d839ab8d2-300x169.jpg 300w, https:\/\/www.radiopiu.net\/wordpress\/wp-content\/uploads\/2024\/02\/ad6b5a4d-ab42-4318-8bff-139d839ab8d2-1024x576.jpg 1024w, https:\/\/www.radiopiu.net\/wordpress\/wp-content\/uploads\/2024\/02\/ad6b5a4d-ab42-4318-8bff-139d839ab8d2-768x432.jpg 768w, https:\/\/www.radiopiu.net\/wordpress\/wp-content\/uploads\/2024\/02\/ad6b5a4d-ab42-4318-8bff-139d839ab8d2-1536x864.jpg 1536w, https:\/\/www.radiopiu.net\/wordpress\/wp-content\/uploads\/2024\/02\/ad6b5a4d-ab42-4318-8bff-139d839ab8d2.jpg 1600w\" sizes=\"auto, (max-width: 300px) 100vw, 300px\" \/><\/a>\n\t\t\t\t<\/dt><\/dl><dl class='gallery-item'>\n\t\t\t\t<dt class='gallery-icon landscape'>\n\t\t\t\t\t<a class=\"rollover rollover-zoom dt-pswp-item\" title=\"9a374622-a428-4d4e-96ab-ad1e1c6775eb\" data-dt-img-description=\"\" data-large_image_width=\"1600\" data-large_image_height=\"1172\"href='https:\/\/www.radiopiu.net\/wordpress\/wp-content\/uploads\/2024\/02\/9a374622-a428-4d4e-96ab-ad1e1c6775eb.jpg'><img loading=\"lazy\" decoding=\"async\" width=\"300\" height=\"220\" src=\"https:\/\/www.radiopiu.net\/wordpress\/wp-content\/uploads\/2024\/02\/9a374622-a428-4d4e-96ab-ad1e1c6775eb-300x220.jpg\" class=\"attachment-medium size-medium\" alt=\"\" srcset=\"https:\/\/www.radiopiu.net\/wordpress\/wp-content\/uploads\/2024\/02\/9a374622-a428-4d4e-96ab-ad1e1c6775eb-300x220.jpg 300w, https:\/\/www.radiopiu.net\/wordpress\/wp-content\/uploads\/2024\/02\/9a374622-a428-4d4e-96ab-ad1e1c6775eb-1024x750.jpg 1024w, https:\/\/www.radiopiu.net\/wordpress\/wp-content\/uploads\/2024\/02\/9a374622-a428-4d4e-96ab-ad1e1c6775eb-768x563.jpg 768w, https:\/\/www.radiopiu.net\/wordpress\/wp-content\/uploads\/2024\/02\/9a374622-a428-4d4e-96ab-ad1e1c6775eb-1536x1125.jpg 1536w, https:\/\/www.radiopiu.net\/wordpress\/wp-content\/uploads\/2024\/02\/9a374622-a428-4d4e-96ab-ad1e1c6775eb.jpg 1600w\" sizes=\"auto, (max-width: 300px) 100vw, 300px\" \/><\/a>\n\t\t\t\t<\/dt><\/dl><br style=\"clear: both\" \/>\n\t\t\t<\/div>\n\n<p>&nbsp;<\/p>\n<hr \/>\n<p>&nbsp;<\/p>\n<blockquote>\n<h3>CON SOCIETA&#8217; NUOVA UN NUOVO SERVIZIO DI TRASPORTO<\/h3>\n<\/blockquote>\n<p><strong><a class=\"dt-pswp-item\" href=\"https:\/\/www.radiopiu.net\/wordpress\/wp-content\/uploads\/2024\/02\/pulmino-trasporti-agordino.png\" data-dt-img-description=\"\" data-large_image_width=\"1313\" data-large_image_height=\"1050\"><img loading=\"lazy\" decoding=\"async\" class=\" wp-image-375540 alignleft\" src=\"https:\/\/www.radiopiu.net\/wordpress\/wp-content\/uploads\/2024\/02\/pulmino-trasporti-agordino-300x240.png\" alt=\"\" width=\"160\" height=\"128\" srcset=\"https:\/\/www.radiopiu.net\/wordpress\/wp-content\/uploads\/2024\/02\/pulmino-trasporti-agordino-300x240.png 300w, https:\/\/www.radiopiu.net\/wordpress\/wp-content\/uploads\/2024\/02\/pulmino-trasporti-agordino-1024x819.png 1024w, https:\/\/www.radiopiu.net\/wordpress\/wp-content\/uploads\/2024\/02\/pulmino-trasporti-agordino-768x614.png 768w, https:\/\/www.radiopiu.net\/wordpress\/wp-content\/uploads\/2024\/02\/pulmino-trasporti-agordino.png 1313w\" sizes=\"auto, (max-width: 160px) 100vw, 160px\" \/><\/a>AGORDO<\/strong><\/p>\n<p>DI GIANNI SANTOMASO<\/p>\n<audio class=\"wp-audio-shortcode\" id=\"audio-375619-8\" preload=\"none\" style=\"width: 100%;\" controls=\"controls\"><source type=\"audio\/mpeg\" src=\"https:\/\/www.radiopiu.net\/wordpress\/wp-content\/uploads\/2024\/02\/GIANNI-CON-SOCIETA-NUOVA-UN-NUOVO-SERVIZIO-DI-TRASPORTO.mp3?_=8\" \/><a href=\"https:\/\/www.radiopiu.net\/wordpress\/wp-content\/uploads\/2024\/02\/GIANNI-CON-SOCIETA-NUOVA-UN-NUOVO-SERVIZIO-DI-TRASPORTO.mp3\">https:\/\/www.radiopiu.net\/wordpress\/wp-content\/uploads\/2024\/02\/GIANNI-CON-SOCIETA-NUOVA-UN-NUOVO-SERVIZIO-DI-TRASPORTO.mp3<\/a><\/audio>\n<p>&nbsp;<\/p>\n<p>&nbsp;<\/p>\n<hr \/>\n<p>&nbsp;<\/p>\n<blockquote>\n<h3>L&#8217;UTILIZZO SCORRETTO DELLE AREE ECOLOGICHE<\/h3>\n<\/blockquote>\n<p><strong>REDAZIONE<\/strong> Chi abita a Caprile capita spesso, in particolare nei periodi di alta stagione, di vedere l\u2019isola ecologica davanti ai campi da tennis piena di rifiuti non conferiti regolarmente, ma abbandonati ai piedi dei cassonetti. Situazione simile, lamentano i cittadini, si verifica anche ad Alleghe alla partenza della funivia dove i tre bidoni posizionati traboccano spesso di immondizia.<\/p>\n\n\t\t\t<style type='text\/css'>\n\t\t\t\t#gallery-2 {\n\t\t\t\t\tmargin: auto;\n\t\t\t\t}\n\t\t\t\t#gallery-2 .gallery-item {\n\t\t\t\t\tfloat: left;\n\t\t\t\t\tmargin-top: 10px;\n\t\t\t\t\ttext-align: center;\n\t\t\t\t\twidth: 100%;\n\t\t\t\t}\n\t\t\t\t#gallery-2 img {\n\t\t\t\t\tborder: 2px solid #cfcfcf;\n\t\t\t\t}\n\t\t\t\t#gallery-2 .gallery-caption {\n\t\t\t\t\tmargin-left: 0;\n\t\t\t\t}\n\t\t\t\t\/* see gallery_shortcode() in wp-includes\/media.php *\/\n\t\t\t<\/style>\n\t\t<div id='gallery-2' class='dt-gallery-container gallery galleryid-375619 gallery-columns-1 gallery-size-medium'><dl class='gallery-item'>\n\t\t\t\t<dt class='gallery-icon landscape'>\n\t\t\t\t\t<a class=\"rollover rollover-zoom dt-pswp-item\" title=\"ea7cd9f1-58f2-46dd-a8c3-63d91d27e344\" data-dt-img-description=\"\" data-large_image_width=\"1600\" data-large_image_height=\"1200\"href='https:\/\/www.radiopiu.net\/wordpress\/wp-content\/uploads\/2024\/02\/ea7cd9f1-58f2-46dd-a8c3-63d91d27e344.jpg'><img loading=\"lazy\" decoding=\"async\" width=\"300\" height=\"225\" src=\"https:\/\/www.radiopiu.net\/wordpress\/wp-content\/uploads\/2024\/02\/ea7cd9f1-58f2-46dd-a8c3-63d91d27e344-300x225.jpg\" class=\"attachment-medium size-medium\" alt=\"\" srcset=\"https:\/\/www.radiopiu.net\/wordpress\/wp-content\/uploads\/2024\/02\/ea7cd9f1-58f2-46dd-a8c3-63d91d27e344-300x225.jpg 300w, https:\/\/www.radiopiu.net\/wordpress\/wp-content\/uploads\/2024\/02\/ea7cd9f1-58f2-46dd-a8c3-63d91d27e344-1024x768.jpg 1024w, https:\/\/www.radiopiu.net\/wordpress\/wp-content\/uploads\/2024\/02\/ea7cd9f1-58f2-46dd-a8c3-63d91d27e344-768x576.jpg 768w, https:\/\/www.radiopiu.net\/wordpress\/wp-content\/uploads\/2024\/02\/ea7cd9f1-58f2-46dd-a8c3-63d91d27e344-1536x1152.jpg 1536w, https:\/\/www.radiopiu.net\/wordpress\/wp-content\/uploads\/2024\/02\/ea7cd9f1-58f2-46dd-a8c3-63d91d27e344.jpg 1600w\" sizes=\"auto, (max-width: 300px) 100vw, 300px\" \/><\/a>\n\t\t\t\t<\/dt><\/dl><br style=\"clear: both\" \/>\n\t\t\t<\/div>\n\n<p>&nbsp;<\/p>\n<hr \/>\n<p>&nbsp;<\/p>\n<blockquote>\n<h3>LA GIUDIZIARIA OGGI SUL CORRIERE DELLE ALPI<\/h3>\n<\/blockquote>\n<p><strong>DI GIGI SOSSO\u00a0<\/strong><\/p>\n<p><strong>BELLUNO<\/strong> portato in tribunale dalla sua ex per revenge porn, accusato di diffusione illecita di foto hard. Ha chiesto il giudizio abbreviato per ottenere uno sconto di pena. La denuncia \u00e8 del mese scorso, quando la donna ha ricevuto messaggi con foto compromettenti. Dopo la fine della relazione, l&#8217;uomo ha diffuso il materiale tra i conoscenti. La Procura ha sequestrato telefono e computer dell&#8217;imputato per trovare le prove. Il processo \u00e8 previsto per il 30 maggio.<\/p>\n<p><strong>FELTRE\u00a0<\/strong> \u00a054enne, residente a Borgo Valbelluna, ha patteggiato un anno e dieci giorni di reclusione per resistenza a pubblico ufficiale dopo aver aggredito un vigile urbano. Rimane in carcere anche per il furto di un portafoglio alla stazione ferroviaria, accusa per cui affronter\u00e0 un altro processo, ha concordato la pena con il pubblico ministero Alberto Primavera.<\/p>\n<p><strong>SEDICO<\/strong> assolto con formula piena dall&#8217;accusa di maltrattamenti in famiglia, nonostante le gravi condotte contestate, inclusi inviti violenti all&#8217;aborto e immagini minacciose. Ha ricevuto nove mesi con pena sospesa per violenza privata e lesioni, oltre a spese processuali e un anticipo sul risarcimento. Il PM aveva chiesto tre anni e sei mesi, la sentenza ha assolto per maltrattamenti e condannato per violenza e lesioni.<\/p>\n<p><strong>VALBELLUNA<\/strong> Una donna ormai deceduta, che si era costituita parte civile contro l&#8217;uomo accusato di averla maltrattata fino a ricoprirla di vermi mentre dormiva. La vittima, con gravi problemi di salute, \u00e8 deceduta, causando il rinvio dell&#8217;udienza per determinare se un familiare la sostituir\u00e0.<\/p>\n<p>&nbsp;<\/p>\n<hr \/>\n<p>&nbsp;<\/p>\n<blockquote>\n<h3>DUE NUOVE OPERE A CORTINA IN VISTA DELLE OLIMPIADI<\/h3>\n<\/blockquote>\n<p><strong>PER LE TRE RADIO, BARBARA PAOLAZZI<\/strong><\/p>\n<audio class=\"wp-audio-shortcode\" id=\"audio-375619-9\" preload=\"none\" style=\"width: 100%;\" controls=\"controls\"><source type=\"audio\/mpeg\" src=\"https:\/\/www.radiopiu.net\/wordpress\/wp-content\/uploads\/2024\/02\/PAOLAZZI-DUE-NUOVE-OPERE-A-CORTINA-IN-VISTA-DELLE-OLIMPIADI.mp3?_=9\" \/><a href=\"https:\/\/www.radiopiu.net\/wordpress\/wp-content\/uploads\/2024\/02\/PAOLAZZI-DUE-NUOVE-OPERE-A-CORTINA-IN-VISTA-DELLE-OLIMPIADI.mp3\">https:\/\/www.radiopiu.net\/wordpress\/wp-content\/uploads\/2024\/02\/PAOLAZZI-DUE-NUOVE-OPERE-A-CORTINA-IN-VISTA-DELLE-OLIMPIADI.mp3<\/a><\/audio>\n<p>&nbsp;<\/p>\n\n\t\t\t<style type='text\/css'>\n\t\t\t\t#gallery-3 {\n\t\t\t\t\tmargin: auto;\n\t\t\t\t}\n\t\t\t\t#gallery-3 .gallery-item {\n\t\t\t\t\tfloat: left;\n\t\t\t\t\tmargin-top: 10px;\n\t\t\t\t\ttext-align: center;\n\t\t\t\t\twidth: 50%;\n\t\t\t\t}\n\t\t\t\t#gallery-3 img {\n\t\t\t\t\tborder: 2px solid #cfcfcf;\n\t\t\t\t}\n\t\t\t\t#gallery-3 .gallery-caption {\n\t\t\t\t\tmargin-left: 0;\n\t\t\t\t}\n\t\t\t\t\/* see gallery_shortcode() in wp-includes\/media.php *\/\n\t\t\t<\/style>\n\t\t<div id='gallery-3' class='dt-gallery-container gallery galleryid-375619 gallery-columns-2 gallery-size-medium'><dl class='gallery-item'>\n\t\t\t\t<dt class='gallery-icon landscape'>\n\t\t\t\t\t<a class=\"rollover rollover-zoom dt-pswp-item\" title=\"5418bd81-c457-4ce1-8889-9a7b71098338\" data-dt-img-description=\"\" data-large_image_width=\"1570\" data-large_image_height=\"883\"href='https:\/\/www.radiopiu.net\/wordpress\/wp-content\/uploads\/2024\/02\/5418bd81-c457-4ce1-8889-9a7b71098338.jpg'><img loading=\"lazy\" decoding=\"async\" width=\"300\" height=\"169\" src=\"https:\/\/www.radiopiu.net\/wordpress\/wp-content\/uploads\/2024\/02\/5418bd81-c457-4ce1-8889-9a7b71098338-300x169.jpg\" class=\"attachment-medium size-medium\" alt=\"\" srcset=\"https:\/\/www.radiopiu.net\/wordpress\/wp-content\/uploads\/2024\/02\/5418bd81-c457-4ce1-8889-9a7b71098338-300x169.jpg 300w, https:\/\/www.radiopiu.net\/wordpress\/wp-content\/uploads\/2024\/02\/5418bd81-c457-4ce1-8889-9a7b71098338-1024x576.jpg 1024w, https:\/\/www.radiopiu.net\/wordpress\/wp-content\/uploads\/2024\/02\/5418bd81-c457-4ce1-8889-9a7b71098338-768x432.jpg 768w, https:\/\/www.radiopiu.net\/wordpress\/wp-content\/uploads\/2024\/02\/5418bd81-c457-4ce1-8889-9a7b71098338-1536x864.jpg 1536w, https:\/\/www.radiopiu.net\/wordpress\/wp-content\/uploads\/2024\/02\/5418bd81-c457-4ce1-8889-9a7b71098338.jpg 1570w\" sizes=\"auto, (max-width: 300px) 100vw, 300px\" \/><\/a>\n\t\t\t\t<\/dt><\/dl><dl class='gallery-item'>\n\t\t\t\t<dt class='gallery-icon landscape'>\n\t\t\t\t\t<a class=\"rollover rollover-zoom dt-pswp-item\" title=\"b2356aae-f1e3-4637-a28d-6de0d4788862\" data-dt-img-description=\"\" data-large_image_width=\"1600\" data-large_image_height=\"1204\"href='https:\/\/www.radiopiu.net\/wordpress\/wp-content\/uploads\/2024\/02\/b2356aae-f1e3-4637-a28d-6de0d4788862.jpg'><img loading=\"lazy\" decoding=\"async\" width=\"300\" height=\"226\" src=\"https:\/\/www.radiopiu.net\/wordpress\/wp-content\/uploads\/2024\/02\/b2356aae-f1e3-4637-a28d-6de0d4788862-300x226.jpg\" class=\"attachment-medium size-medium\" alt=\"\" srcset=\"https:\/\/www.radiopiu.net\/wordpress\/wp-content\/uploads\/2024\/02\/b2356aae-f1e3-4637-a28d-6de0d4788862-300x226.jpg 300w, https:\/\/www.radiopiu.net\/wordpress\/wp-content\/uploads\/2024\/02\/b2356aae-f1e3-4637-a28d-6de0d4788862-1024x771.jpg 1024w, https:\/\/www.radiopiu.net\/wordpress\/wp-content\/uploads\/2024\/02\/b2356aae-f1e3-4637-a28d-6de0d4788862-768x578.jpg 768w, https:\/\/www.radiopiu.net\/wordpress\/wp-content\/uploads\/2024\/02\/b2356aae-f1e3-4637-a28d-6de0d4788862-1536x1156.jpg 1536w, https:\/\/www.radiopiu.net\/wordpress\/wp-content\/uploads\/2024\/02\/b2356aae-f1e3-4637-a28d-6de0d4788862.jpg 1600w\" sizes=\"auto, (max-width: 300px) 100vw, 300px\" \/><\/a>\n\t\t\t\t<\/dt><\/dl><br style=\"clear: both\" \/>\n\t\t\t<\/div>\n\n<p>&nbsp;<\/p>\n<hr \/>\n<p>&nbsp;<\/p>\n<blockquote>\n<h3>I POSTINI PRECARI IN MARCIA VERSO MONTECITORIO<\/h3>\n<\/blockquote>\n<p><strong><a class=\"dt-pswp-item\" href=\"https:\/\/www.radiopiu.net\/wordpress\/wp-content\/uploads\/2024\/02\/IMG-20240220-WA0013.jpg\" data-dt-img-description=\"\" data-large_image_width=\"2048\" data-large_image_height=\"1536\"><img loading=\"lazy\" decoding=\"async\" class=\" wp-image-375731 alignleft\" src=\"https:\/\/www.radiopiu.net\/wordpress\/wp-content\/uploads\/2024\/02\/IMG-20240220-WA0013-300x225.jpg\" alt=\"\" width=\"161\" height=\"121\" srcset=\"https:\/\/www.radiopiu.net\/wordpress\/wp-content\/uploads\/2024\/02\/IMG-20240220-WA0013-300x225.jpg 300w, https:\/\/www.radiopiu.net\/wordpress\/wp-content\/uploads\/2024\/02\/IMG-20240220-WA0013-1024x768.jpg 1024w, https:\/\/www.radiopiu.net\/wordpress\/wp-content\/uploads\/2024\/02\/IMG-20240220-WA0013-768x576.jpg 768w, https:\/\/www.radiopiu.net\/wordpress\/wp-content\/uploads\/2024\/02\/IMG-20240220-WA0013-1536x1152.jpg 1536w, https:\/\/www.radiopiu.net\/wordpress\/wp-content\/uploads\/2024\/02\/IMG-20240220-WA0013.jpg 2048w\" sizes=\"auto, (max-width: 161px) 100vw, 161px\" \/><\/a>ROMA<\/strong> I postini precari di Poste Italiane, organizzati nel movimento &#8220;Lottiamo Insieme&#8221;, hanno promosso una conferenza presso la Camera dei deputati per chiedere la stabilizzazione di tutti i precari dell&#8217;azienda. L&#8217;iniziativa ha l&#8217;obiettivo di dare voce alle richieste di stabilit\u00e0 e dignit\u00e0 nel lavoro. I precari denunciano la mancanza di prospettive a causa della precariet\u00e0 e della sostituzione costante con nuovi lavoratori. Gli avvocati Bruno e Pennacchio evidenziano abusi nei contratti a termine e il sindacato Cobas poste di Roma segnala la crescente precarizzazione a seguito della privatizzazione. Il tema \u00e8 cruciale in vista di ulteriori privatizzazioni pianificate dal governo. Il movimento chiede l&#8217;attenzione della politica e dei sindacati sulla questione.<\/p>\n<p>&nbsp;<\/p>\n<p>&nbsp;<\/p>\n<hr \/>\n<p>&nbsp;<\/p>\n<blockquote>\n<h3>SINISTRA ITALIANA TORNA IN PIAZZA PER COLLOQUIARE CON I CITTADINI<\/h3>\n<\/blockquote>\n<p><strong><a class=\"dt-pswp-item\" href=\"https:\/\/www.radiopiu.net\/wordpress\/wp-content\/uploads\/2024\/02\/372b99fe-6162-4288-9206-80ff7ab1c89e.jpg\" data-dt-img-description=\"\" data-large_image_width=\"1236\" data-large_image_height=\"1600\"><img loading=\"lazy\" decoding=\"async\" class=\" wp-image-375727 alignleft\" src=\"https:\/\/www.radiopiu.net\/wordpress\/wp-content\/uploads\/2024\/02\/372b99fe-6162-4288-9206-80ff7ab1c89e-232x300.jpg\" alt=\"\" width=\"122\" height=\"158\" srcset=\"https:\/\/www.radiopiu.net\/wordpress\/wp-content\/uploads\/2024\/02\/372b99fe-6162-4288-9206-80ff7ab1c89e-232x300.jpg 232w, https:\/\/www.radiopiu.net\/wordpress\/wp-content\/uploads\/2024\/02\/372b99fe-6162-4288-9206-80ff7ab1c89e-791x1024.jpg 791w, https:\/\/www.radiopiu.net\/wordpress\/wp-content\/uploads\/2024\/02\/372b99fe-6162-4288-9206-80ff7ab1c89e-768x994.jpg 768w, https:\/\/www.radiopiu.net\/wordpress\/wp-content\/uploads\/2024\/02\/372b99fe-6162-4288-9206-80ff7ab1c89e-1187x1536.jpg 1187w, https:\/\/www.radiopiu.net\/wordpress\/wp-content\/uploads\/2024\/02\/372b99fe-6162-4288-9206-80ff7ab1c89e.jpg 1236w\" sizes=\"auto, (max-width: 122px) 100vw, 122px\" \/><\/a>FELTRE\u00a0<\/strong>Gazebo nei mercati e un convegno dedicato alla scuola: il 2024 di Sinistra Italiana vede il partito tornare nelle piazze per parlare con i cittadini di diritti e giustizia.<\/p>\n<p><strong>DI DANIELE DALVIT<\/strong><\/p>\n<audio class=\"wp-audio-shortcode\" id=\"audio-375619-10\" preload=\"none\" style=\"width: 100%;\" controls=\"controls\"><source type=\"audio\/mpeg\" src=\"https:\/\/www.radiopiu.net\/wordpress\/wp-content\/uploads\/2024\/02\/Radio-Piu-Servizio-Sinistra-Italiana-Belluno.mp3?_=10\" \/><a href=\"https:\/\/www.radiopiu.net\/wordpress\/wp-content\/uploads\/2024\/02\/Radio-Piu-Servizio-Sinistra-Italiana-Belluno.mp3\">https:\/\/www.radiopiu.net\/wordpress\/wp-content\/uploads\/2024\/02\/Radio-Piu-Servizio-Sinistra-Italiana-Belluno.mp3<\/a><\/audio>\n<p>&nbsp;<\/p>\n<hr \/>\n<p>&nbsp;<\/p>\n<blockquote>\n<h3>BORSE DI STUDIO PER STUDENTI ISCRITTI AL CORSO DI INFERMIERISTICA<\/h3>\n<\/blockquote>\n<p><strong>AGORDO<\/strong> L&#8217;Unione Montana Agordina offre tre borse di studio e tre premi di incentivazione per studenti iscritti al Corso di Laurea in Infermieristica nell&#8217;anno accademico 2023-2024. Gli interessati devono essere residenti nell&#8217;Agordino, non superare i 25 anni, e soddisfare i requisiti di iscrizione e rendimento accademico. La domanda, disponibile sul sito <a href=\"http:\/\/www.agordino.bl.it\/\" target=\"_new\" rel=\"noopener\">www.agordino.bl.it<\/a>, deve essere presentata entro il 31.03.2024 direttamente presso l&#8217;Unione Montana Agordina o via posta raccomandata all&#8217;indirizzo 4 Novembre 1918, n. 2 &#8211; 32021 AGORDO (BL) o via PEC a <a target=\"_new\" rel=\"noopener\">um.agordina.bl@pecveneto.it<\/a>.<\/p>\n<p>&nbsp;<\/p>\n<p>&nbsp;<\/p>\n<hr \/>\n<p>&nbsp;<\/p>\n<blockquote>\n<h3>Educazione al Rispetto degli Animali nelle Scuole di Belluno<\/h3>\n<\/blockquote>\n<p><strong>BELLUNO <\/strong>Grazie all&#8217;iniziativa dell&#8217;assessore Roberta Olivotto e della Commissione per il Benessere Animale, marted\u00ec 27 febbraio prende il via un progetto educativo nelle scuole primarie del territorio. Coinvolgendo le classi terze alla quinta, volontari formati della LAV condurranno incontri sul rispetto degli animali. Il sindaco De Pellegrin sottolinea l&#8217;importanza dell&#8217;educazione civica, includendo la formazione al rispetto degli esseri viventi. Il progetto, inserito nel programma &#8220;Cittadini in Crescita&#8221;, mira a sostenere l&#8217;offerta formativa e promuovere un cambiamento culturale. L&#8217;obiettivo \u00e8 fornire ai bambini informazioni corrette sul mondo animale e promuovere l&#8217;empatia, incentivando comportamenti rispettosi. Il percorso si articoler\u00e0 in diverse fasi, con incontri interattivi e momenti di riflessione guidati dai volontari della LAV.<\/p>\n<p><strong>L&#8217;ASSESSORE MONICA OLIVOTTO<\/strong><\/p>\n<audio class=\"wp-audio-shortcode\" id=\"audio-375619-11\" preload=\"none\" style=\"width: 100%;\" controls=\"controls\"><source type=\"audio\/mpeg\" src=\"https:\/\/www.radiopiu.net\/wordpress\/wp-content\/uploads\/2024\/02\/MONICA-OLIVOTTO.mp3?_=11\" \/><a href=\"https:\/\/www.radiopiu.net\/wordpress\/wp-content\/uploads\/2024\/02\/MONICA-OLIVOTTO.mp3\">https:\/\/www.radiopiu.net\/wordpress\/wp-content\/uploads\/2024\/02\/MONICA-OLIVOTTO.mp3<\/a><\/audio>\n<p>&nbsp;<\/p>\n<p>&nbsp;<\/p>\n<hr \/>\n<p>&nbsp;<\/p>\n<p>&nbsp;<\/p>\n<blockquote>\n<h3><a class=\"dt-pswp-item\" href=\"https:\/\/www.radiopiu.net\/wordpress\/wp-content\/uploads\/2024\/02\/Senza-nome-57.png\" data-dt-img-description=\"\" data-large_image_width=\"158\" data-large_image_height=\"149\"><img loading=\"lazy\" decoding=\"async\" class=\"size-full wp-image-375690 alignleft\" src=\"https:\/\/www.radiopiu.net\/wordpress\/wp-content\/uploads\/2024\/02\/Senza-nome-57.png\" alt=\"\" width=\"158\" height=\"149\" \/><\/a>DUE MARZO A SINISTRA<\/h3>\n<\/blockquote>\n<p><strong>BELLUNO <\/strong>Il 2 marzo alle 17, presso la Sala Luciani del Centro Giovanni XXIII di Belluno, Sinistra Italiana organizza l&#8217;evento pubblico &#8220;Ripensare la scuola. Superare il culto del merito e affrontare i problemi reali&#8221;. Saranno presenti il Segretario provinciale Paolo Perenzin, Alessia Cerentin della FLC CGIL, e Giuseppe Buondonno di Sinistra Italiana. Interverranno anche i rappresentanti dell\u2019Unione Giovani di Sinistra e della Rete degli Studenti medi. L&#8217;obiettivo \u00e8 presentare proposte concrete per potenziare la scuola pubblica, contrastare i tagli al dimensionamento scolastico, evitare la chiusura delle scuole in montagna e garantire servizi come il doposcuola. Sinistra Italiana Belluno promuove l&#8217;evento con banchetti informativi nei mercati di Feltre, Belluno e Agordo.<\/p>\n<p>&nbsp;<\/p>\n<p>&nbsp;<\/p>\n<hr \/>\n<p>&nbsp;<\/p>\n<blockquote>\n<h3>IO CON TE: INCONTRI DEDICATI ALLE NEO MAMME<\/h3>\n<\/blockquote>\n<p><strong><a class=\"dt-pswp-item\" href=\"https:\/\/www.radiopiu.net\/wordpress\/wp-content\/uploads\/2024\/02\/io-con-te_valle.png\" data-dt-img-description=\"\" data-large_image_width=\"2000\" data-large_image_height=\"1414\"><img loading=\"lazy\" decoding=\"async\" class=\" wp-image-375311 alignleft\" src=\"https:\/\/www.radiopiu.net\/wordpress\/wp-content\/uploads\/2024\/02\/io-con-te_valle-300x212.png\" alt=\"\" width=\"157\" height=\"111\" srcset=\"https:\/\/www.radiopiu.net\/wordpress\/wp-content\/uploads\/2024\/02\/io-con-te_valle-300x212.png 300w, https:\/\/www.radiopiu.net\/wordpress\/wp-content\/uploads\/2024\/02\/io-con-te_valle-1024x724.png 1024w, https:\/\/www.radiopiu.net\/wordpress\/wp-content\/uploads\/2024\/02\/io-con-te_valle-768x543.png 768w, https:\/\/www.radiopiu.net\/wordpress\/wp-content\/uploads\/2024\/02\/io-con-te_valle-1536x1086.png 1536w, https:\/\/www.radiopiu.net\/wordpress\/wp-content\/uploads\/2024\/02\/io-con-te_valle.png 2000w\" sizes=\"auto, (max-width: 157px) 100vw, 157px\" \/><\/a>BELLUNO<\/strong> Il Consultorio Familiare di Belluno (Ulss Dolomiti) e il Comune di Valle di Cadore promuovono &#8220;Io con te&#8221;, un percorso di gruppo per mamme con bambini da 3 a 10 mesi. Composto da tre incontri mamma-bambino, offre uno spazio per condividere esperienze di maternit\u00e0. Gli incontri si terranno presso la Sala Consiliare del Comune di Valle di Cadore il 27 febbraio, 5 e 12 marzo, dalle 10.00 alle 11.30. Per iscrizioni e informazioni, contattare il Consultorio di Pieve di Cadore al 0435 341541 o <a target=\"_new\" rel=\"noopener\">consultoriofamiliare.pc@aulss1.veneto.it<\/a>.<\/p>\n<p>&nbsp;<\/p>\n<p>&nbsp;<\/p>\n<hr \/>\n<p>&nbsp;<\/p>\n<blockquote>\n<h3><a class=\"dt-pswp-item\" href=\"https:\/\/www.radiopiu.net\/wordpress\/wp-content\/uploads\/2024\/02\/9b5a8cc0-d8c6-4b57-8cf6-aaeb67304c98.jpg\" data-dt-img-description=\"\" data-large_image_width=\"1133\" data-large_image_height=\"1600\"><img loading=\"lazy\" decoding=\"async\" class=\" wp-image-375081 alignleft\" src=\"https:\/\/www.radiopiu.net\/wordpress\/wp-content\/uploads\/2024\/02\/9b5a8cc0-d8c6-4b57-8cf6-aaeb67304c98-212x300.jpg\" alt=\"\" width=\"112\" height=\"158\" srcset=\"https:\/\/www.radiopiu.net\/wordpress\/wp-content\/uploads\/2024\/02\/9b5a8cc0-d8c6-4b57-8cf6-aaeb67304c98-212x300.jpg 212w, https:\/\/www.radiopiu.net\/wordpress\/wp-content\/uploads\/2024\/02\/9b5a8cc0-d8c6-4b57-8cf6-aaeb67304c98-725x1024.jpg 725w, https:\/\/www.radiopiu.net\/wordpress\/wp-content\/uploads\/2024\/02\/9b5a8cc0-d8c6-4b57-8cf6-aaeb67304c98-768x1085.jpg 768w, https:\/\/www.radiopiu.net\/wordpress\/wp-content\/uploads\/2024\/02\/9b5a8cc0-d8c6-4b57-8cf6-aaeb67304c98-1088x1536.jpg 1088w, https:\/\/www.radiopiu.net\/wordpress\/wp-content\/uploads\/2024\/02\/9b5a8cc0-d8c6-4b57-8cf6-aaeb67304c98.jpg 1133w\" sizes=\"auto, (max-width: 112px) 100vw, 112px\" \/><\/a>I PIANI DI SICUREZZA DELL&#8217;ACQUA<\/h3>\n<\/blockquote>\n<p><strong>CESIOMAGGIORE<\/strong> I Piani di Sicurezza dell&#8217;Acqua sono necessari per garantire la qualit\u00e0 e la sicurezza dell&#8217;approvvigionamento idrico domestico. Impongono ai gestori acquedottistici di valutare rischi e punti deboli dei sistemi idrici, coinvolgendo la filiera dall&#8217;origine alle case. Questi piani comprendono azioni preventive, piani di emergenza e incontri informativi con gli utenti. L&#8217;obiettivo \u00e8 prevenire incidenti e garantire che l&#8217;acqua potabile, proveniente da chilometri di tubi, impianti e serbatoi, raggiunga le case in modo sicuro. Per questo viene organizzato un incontro pubblico oggi alle 20:30 al Museo Etnografico Dolomiti di Cesiomaggiore<\/p>\n<p>&nbsp;<\/p>\n<p>&nbsp;<\/p>\n<hr \/>\n<p>&nbsp;<\/p>\n<blockquote>\n<h2>BIANCHIN ALLA GUIDA DI ANOLF BELLUNO &#8211; TREVISO<\/h2>\n<\/blockquote>\n<blockquote>\n<div align=\"left\"><em><span style=\"color: #000000; font-family: Helvetica;\">\u201cPensare agli immigrati significa pensare a programmare il futuro&#8221;, \u00a0Massaer Diane, presidente di Anolf Veneto\u00a0\u00a0<\/span><\/em><\/div>\n<\/blockquote>\n<div class=\"flex-1 overflow-hidden\">\n<div class=\"react-scroll-to-bottom--css-xnnoy-79elbk h-full\">\n<div class=\"react-scroll-to-bottom--css-xnnoy-1n7m0yu\">\n<div class=\"flex flex-col pb-9 text-sm\">\n<div class=\"w-full text-token-text-primary\" data-testid=\"conversation-turn-89\">\n<div class=\"px-4 py-2 justify-center text-base md:gap-6 m-auto\">\n<div class=\"flex flex-1 text-base mx-auto gap-3 md:px-5 lg:px-1 xl:px-5 md:max-w-3xl lg:max-w-[40rem] xl:max-w-[48rem] group final-completion\">\n<div class=\"relative flex w-full flex-col agent-turn\">\n<div class=\"flex-col gap-1 md:gap-3\">\n<div class=\"flex flex-grow flex-col max-w-full\">\n<div class=\"min-h-[20px] text-message flex flex-col items-start gap-3 whitespace-pre-wrap break-words [.text-message+&amp;]:mt-5 overflow-x-auto\" data-message-author-role=\"assistant\" data-message-id=\"1f93d098-c82f-463a-af0f-9cf0277cb8a5\">\n<div class=\"markdown prose w-full break-words dark:prose-invert dark\">\n<p><strong><a class=\"dt-pswp-item\" href=\"https:\/\/www.radiopiu.net\/wordpress\/wp-content\/uploads\/2024\/02\/Paglini-Bianchin-Diane1.jpeg\" data-dt-img-description=\"\" data-large_image_width=\"1600\" data-large_image_height=\"1200\"><img loading=\"lazy\" decoding=\"async\" class=\"size-medium wp-image-375674 alignleft\" src=\"https:\/\/www.radiopiu.net\/wordpress\/wp-content\/uploads\/2024\/02\/Paglini-Bianchin-Diane1-300x225.jpeg\" alt=\"\" width=\"300\" height=\"225\" srcset=\"https:\/\/www.radiopiu.net\/wordpress\/wp-content\/uploads\/2024\/02\/Paglini-Bianchin-Diane1-300x225.jpeg 300w, https:\/\/www.radiopiu.net\/wordpress\/wp-content\/uploads\/2024\/02\/Paglini-Bianchin-Diane1-1024x768.jpeg 1024w, https:\/\/www.radiopiu.net\/wordpress\/wp-content\/uploads\/2024\/02\/Paglini-Bianchin-Diane1-768x576.jpeg 768w, https:\/\/www.radiopiu.net\/wordpress\/wp-content\/uploads\/2024\/02\/Paglini-Bianchin-Diane1-1536x1152.jpeg 1536w, https:\/\/www.radiopiu.net\/wordpress\/wp-content\/uploads\/2024\/02\/Paglini-Bianchin-Diane1.jpeg 1600w\" sizes=\"auto, (max-width: 300px) 100vw, 300px\" \/><\/a>TREVISO_BELLUNO<\/strong> Antonio Bianchin \u00e8 il nuovo presidente di Anolf Belluno Treviso, associazione promossa dalla Cisl per favorire l&#8217;integrazione e la fratellanza tra popoli. Il sindacalista trevigiano, con un passato nella Fim, torna attivo dopo la pensione, dedicandosi alla comunit\u00e0 straniera come gi\u00e0 fatto negli anni Novanta. Anolf, attiva a Treviso e Belluno, fornisce supporto legale agli immigrati e promuove l&#8217;integrazione. La sua elezione rappresenta una ripartenza per l&#8217;associazione, che continua a lottare per i diritti dei migranti e per contrastare lo sfruttamento della manodopera straniera. Il presidente di Anolf Veneto sottolinea l&#8217;importanza di programmare il futuro attraverso l&#8217;assistenza agli immigrati, un impegno condiviso anche dalla Cisl.<\/p>\n<blockquote><p><span style=\"color: #000000; font-family: Helvetica;\">\u201c<i>L\u2019elezione di Bianchin<\/i> &#8211; ha detto il segretario generale della Cisl Belluno Treviso Massimiliano Paglini\u00a0 &#8211; <i>rappresenta una ripartenza per Anolf, le cui attivit\u00e0 si collocano oggi in un contesto in cui purtroppo lo sfruttamento della manodopera straniera \u00e8 ancora di stretta attualit\u00e0: basti pensare alla tragedia del crollo del cantiere di Firenze.\u00a0 Anolf \u00e8 una associazione che da sempre si batte per garantire i diritti dei migranti, per accoglierli e assisterli, in sinergia con le Federazioni di categoria e con le associazioni presenti sul territorio\u201d.<\/i><\/span><\/p>\n<p>PH da sinistra Paglini, Bianchin e Diane.<\/p><\/blockquote>\n<\/div>\n<\/div>\n<\/div>\n<\/div>\n<\/div>\n<\/div>\n<\/div>\n<\/div>\n<\/div>\n<\/div>\n<\/div>\n<\/div>\n<p>&nbsp;<\/p>\n<hr \/>\n<p>&nbsp;<\/p>\n<blockquote>\n<h3>APPUNTAMENTI CON L&#8217;ASSOCIAZIONE DONATORI DI ORGANI<\/h3>\n<\/blockquote>\n<p><strong>BELLUNO<\/strong> L&#8217;Aido Belluno organizza degli eventi:\u00a0 Il 28 febbraio alla casa funeraria Donadel, con approfondimenti sulla donazione degli organi. I contatti per informazioni sono al numero 336200212.<\/p>\n<p>&nbsp;<\/p>\n<hr \/>\n<p>&nbsp;<\/p>\n<blockquote>\n<blockquote>\n<h3>ASCA CERCA OPERATORI SOCIO SANITARI<\/h3>\n<\/blockquote>\n<\/blockquote>\n<p><strong><a class=\"dt-pswp-item\" href=\"https:\/\/www.radiopiu.net\/wordpress\/wp-content\/uploads\/2020\/04\/ASCA.png\" data-dt-img-description=\"\" data-large_image_width=\"1211\" data-large_image_height=\"668\"><img loading=\"lazy\" decoding=\"async\" class=\" wp-image-128881 alignleft\" src=\"https:\/\/www.radiopiu.net\/wordpress\/wp-content\/uploads\/2020\/04\/ASCA-300x165.png\" alt=\"\" width=\"157\" height=\"86\" srcset=\"https:\/\/www.radiopiu.net\/wordpress\/wp-content\/uploads\/2020\/04\/ASCA-300x165.png 300w, https:\/\/www.radiopiu.net\/wordpress\/wp-content\/uploads\/2020\/04\/ASCA-1024x565.png 1024w, https:\/\/www.radiopiu.net\/wordpress\/wp-content\/uploads\/2020\/04\/ASCA-768x424.png 768w, https:\/\/www.radiopiu.net\/wordpress\/wp-content\/uploads\/2020\/04\/ASCA.png 1211w\" sizes=\"auto, (max-width: 157px) 100vw, 157px\" \/><\/a>AGORDO<\/strong> L&#8217;A.S.C.A. ha pubblicato un avviso di selezione per creare una graduatoria di idoneit\u00e0 volta all&#8217;assunzione di Operatori Socio Sanitari (OSS) a tempo determinato e indeterminato, sia a tempo pieno che parziale, presso le sedi di Agordo, Taibon Agordino e i Comuni Agordini per il servizio domiciliare. Il contratto di riferimento \u00e8 regolato dal CCNL UNEBA, con un trattamento economico basato sul livello contrattuale 4S, incluso un superminimo di \u20ac2.502,39 lordi annui. Vengono offerti vantaggi quali l&#8217;accesso al Welfare Aziendale e la possibilit\u00e0 di sistemazione abitativa gratuita per 8 mesi, con eventuali costi per le utenze. Scadenza domande entro domani alle 12.<\/p>\n<p>&nbsp;<\/p>\n<p>&nbsp;<\/p>\n<hr \/>\n<p>&nbsp;<\/p>\n<blockquote>\n<h3><a class=\"dt-pswp-item\" href=\"https:\/\/www.radiopiu.net\/wordpress\/wp-content\/uploads\/2024\/02\/da_sx_urbano_costa_dario_de_battista.jpeg\" data-dt-img-description=\"\" data-large_image_width=\"2016\" data-large_image_height=\"1134\"><img loading=\"lazy\" decoding=\"async\" class=\"size-medium wp-image-375672 alignleft\" src=\"https:\/\/www.radiopiu.net\/wordpress\/wp-content\/uploads\/2024\/02\/da_sx_urbano_costa_dario_de_battista-300x169.jpeg\" alt=\"\" width=\"300\" height=\"169\" srcset=\"https:\/\/www.radiopiu.net\/wordpress\/wp-content\/uploads\/2024\/02\/da_sx_urbano_costa_dario_de_battista-300x169.jpeg 300w, https:\/\/www.radiopiu.net\/wordpress\/wp-content\/uploads\/2024\/02\/da_sx_urbano_costa_dario_de_battista-1024x576.jpeg 1024w, https:\/\/www.radiopiu.net\/wordpress\/wp-content\/uploads\/2024\/02\/da_sx_urbano_costa_dario_de_battista-768x432.jpeg 768w, https:\/\/www.radiopiu.net\/wordpress\/wp-content\/uploads\/2024\/02\/da_sx_urbano_costa_dario_de_battista-1536x864.jpeg 1536w, https:\/\/www.radiopiu.net\/wordpress\/wp-content\/uploads\/2024\/02\/da_sx_urbano_costa_dario_de_battista.jpeg 2016w\" sizes=\"auto, (max-width: 300px) 100vw, 300px\" \/><\/a>URBANO COSTA PRESIDENTE DELLA FAMIGLIA EX EMIGRANTI DELL&#8217;ALPAGO<\/h3>\n<\/blockquote>\n<p><strong>BELLUNO<\/strong> Urbano Costa \u00e8 il nuovo presidente della Famiglia Ex Emigranti dell&#8217;Alpago, subentrando a Bruno De March. Costa, originario di Tambre, \u00e8 stato emigrante in Svizzera dal 1965 al 1971, contribuendo alla creazione della prima Famiglia Bellunese a Basilea. Dopo il ritorno in Italia nel 1971, ha continuato la sua carriera come carrozziere fino al pensionamento nel 2002. Nel 1992 ha fondato la Famiglia Ex Emigranti dell\u2019Alpago e ha ricoperto il ruolo di vicepresidente per oltre trent&#8217;anni prima di diventare presidente. A supportarlo come vicepresidente c&#8217;\u00e8 ora Dario De Battista, mentre Liliana De Nardin e Angelo Caneve ricopriranno rispettivamente i ruoli di segretaria e tesoriere. Antonio Dazzi, coordinatore delle Famiglie Ex emigranti, esprime i migliori auguri a Costa e ringrazia De March per il suo impegno nel mondo dell&#8217;associazionismo in emigrazione.<\/p>\n<p><i>PH da sinistra Urbano Costa e Dario De Battista.\u00a0<\/i><\/p>\n<p>&nbsp;<\/p>\n<hr \/>\n<p>&nbsp;<\/p>\n<h2><span style=\"color: #ff6600;\">IERI ALLA RADIO\u00a0<\/span><\/h2>\n<blockquote>\n<h3>TUTTO PRONTO SU LA VOLATA PER ACCOGLIERE LE VELOCISTE PER I DUE SUPER G DI COPPA DEL MONDO<\/h3>\n<\/blockquote>\n<p><strong><a class=\"dt-pswp-item\" href=\"https:\/\/www.radiopiu.net\/wordpress\/wp-content\/uploads\/2021\/02\/VOLATA.jpg\" data-dt-img-description=\"\" data-large_image_width=\"1600\" data-large_image_height=\"1220\"><img loading=\"lazy\" decoding=\"async\" class=\" wp-image-194200 alignleft\" src=\"https:\/\/www.radiopiu.net\/wordpress\/wp-content\/uploads\/2021\/02\/VOLATA-300x229.jpg\" alt=\"\" width=\"144\" height=\"110\" srcset=\"https:\/\/www.radiopiu.net\/wordpress\/wp-content\/uploads\/2021\/02\/VOLATA-300x229.jpg 300w, https:\/\/www.radiopiu.net\/wordpress\/wp-content\/uploads\/2021\/02\/VOLATA-1024x781.jpg 1024w, https:\/\/www.radiopiu.net\/wordpress\/wp-content\/uploads\/2021\/02\/VOLATA-768x586.jpg 768w, https:\/\/www.radiopiu.net\/wordpress\/wp-content\/uploads\/2021\/02\/VOLATA-1536x1171.jpg 1536w, https:\/\/www.radiopiu.net\/wordpress\/wp-content\/uploads\/2021\/02\/VOLATA.jpg 1600w\" sizes=\"auto, (max-width: 144px) 100vw, 144px\" \/><\/a>DI MIRKO MEZZACASA<\/strong><\/p>\n<p>OSPITE: Renzo Minella, responsabile marketing Ski Area San Pellegrino<\/p>\n<audio class=\"wp-audio-shortcode\" id=\"audio-375619-12\" preload=\"none\" style=\"width: 100%;\" controls=\"controls\"><source type=\"audio\/mpeg\" src=\"https:\/\/www.radiopiu.net\/wordpress\/wp-content\/uploads\/2024\/02\/RENZO-MINELLA.mp3?_=12\" \/><a href=\"https:\/\/www.radiopiu.net\/wordpress\/wp-content\/uploads\/2024\/02\/RENZO-MINELLA.mp3\">https:\/\/www.radiopiu.net\/wordpress\/wp-content\/uploads\/2024\/02\/RENZO-MINELLA.mp3<\/a><\/audio>\n<p>&nbsp;<\/p>\n<blockquote>\n<h3><span style=\"color: #000000;\"> CIAK SI GIRA, IL PROGRAMMA DI PAOLA LANCIATO<\/span><\/h3>\n<\/blockquote>\n<p><strong><a class=\"dt-pswp-item\" href=\"https:\/\/www.radiopiu.net\/wordpress\/wp-content\/uploads\/2024\/02\/th-14.jpg\" data-dt-img-description=\"\" data-large_image_width=\"120\" data-large_image_height=\"180\"><img loading=\"lazy\" decoding=\"async\" class=\"wp-image-375666 alignleft\" src=\"https:\/\/www.radiopiu.net\/wordpress\/wp-content\/uploads\/2024\/02\/th-14.jpg\" alt=\"\" width=\"100\" height=\"150\" \/><\/a>PUNTATA 06, IL \u00a0GLADIATORE<\/strong><\/p>\n<audio class=\"wp-audio-shortcode\" id=\"audio-375619-13\" preload=\"none\" style=\"width: 100%;\" controls=\"controls\"><source type=\"audio\/mpeg\" src=\"https:\/\/www.radiopiu.net\/wordpress\/wp-content\/uploads\/2024\/02\/CIAK2-2.mp3?_=13\" \/><a href=\"https:\/\/www.radiopiu.net\/wordpress\/wp-content\/uploads\/2024\/02\/CIAK2-2.mp3\">https:\/\/www.radiopiu.net\/wordpress\/wp-content\/uploads\/2024\/02\/CIAK2-2.mp3<\/a><\/audio>\n<h2>LA RACCOLTA COMPLETA <a href=\"https:\/\/www.radiopiu.net\/wordpress\/ciak24\/\"><span style=\"color: #0000ff;\"><strong>CLICCA QUI\u00a0<\/strong><\/span><\/a><\/h2>\n<p>&nbsp;<\/p>\n<p>&nbsp;<\/p>\n<hr \/>\n<p>&nbsp;<\/p>\n<p>&nbsp;<\/p>\n<blockquote>\n<h1>SPECIALE SPI CGIL 22 febbraio 2024<\/h1>\n<\/blockquote>\n<h2><span style=\"color: #ff0000;\"><a class=\"dt-pswp-item\" href=\"https:\/\/www.radiopiu.net\/wordpress\/wp-content\/uploads\/2019\/02\/Logo_Spi-CGIL-800x445.jpg\" data-dt-img-description=\"\" data-large_image_width=\"800\" data-large_image_height=\"445\"><img loading=\"lazy\" decoding=\"async\" class=\"size-medium wp-image-75538 alignleft\" src=\"https:\/\/www.radiopiu.net\/wordpress\/wp-content\/uploads\/2019\/02\/Logo_Spi-CGIL-800x445-300x167.jpg\" alt=\"\" width=\"300\" height=\"167\" srcset=\"https:\/\/www.radiopiu.net\/wordpress\/wp-content\/uploads\/2019\/02\/Logo_Spi-CGIL-800x445-300x167.jpg 300w, https:\/\/www.radiopiu.net\/wordpress\/wp-content\/uploads\/2019\/02\/Logo_Spi-CGIL-800x445-768x427.jpg 768w, https:\/\/www.radiopiu.net\/wordpress\/wp-content\/uploads\/2019\/02\/Logo_Spi-CGIL-800x445.jpg 800w\" sizes=\"auto, (max-width: 300px) 100vw, 300px\" \/><\/a> CON MARIA RITA GENTILIN<\/span><\/h2>\n<p>di\u00a0 mirko mezzacasa<\/p>\n<p>&nbsp;<\/p>\n<p>&nbsp;<\/p>\n<p>&nbsp;<\/p>\n<audio class=\"wp-audio-shortcode\" id=\"audio-375619-14\" preload=\"none\" style=\"width: 100%;\" controls=\"controls\"><source type=\"audio\/mpeg\" src=\"https:\/\/www.radiopiu.net\/wordpress\/wp-content\/uploads\/2020\/07\/spi-cgil-belluno-febbraio-2024.mp3?_=14\" \/><a href=\"https:\/\/www.radiopiu.net\/wordpress\/wp-content\/uploads\/2020\/07\/spi-cgil-belluno-febbraio-2024.mp3\">https:\/\/www.radiopiu.net\/wordpress\/wp-content\/uploads\/2020\/07\/spi-cgil-belluno-febbraio-2024.mp3<\/a><\/audio>\n<p>&nbsp;<\/p>\n<p>&nbsp;<\/p>\n<p>&nbsp;<\/p>\n<hr \/>\n<p>&nbsp;<\/p>\n<h2><span style=\"color: #ff0000;\">GLI APPUNTAMENTI DELLA SETTIMANA<\/span><span style=\"color: #ff0000;\">\u00a0 <\/span><\/h2>\n<p><b><strong>BELLUNO\u00a0<\/strong><\/b><span style=\"font-family: Times New Roman, serif;\"><span style=\"font-size: medium;\">Oggi, alle ore 20:30, nell\u2019aula magna del Seminario Gregoriano di Belluno, si terr\u00e0 la seconda conferenza del ciclo di incontri organizzato in preparazione <\/span><\/span><span style=\"font-family: Times New Roman, serif;\"><span style=\"font-size: medium;\">alle celebrazioni per i settecento anni della dedicazione della chiesa di San Pietro a Belluno, anniversario che ricorrer\u00e0 nel 2026. I<\/span><\/span><span style=\"font-family: Times New Roman, serif;\"><span style=\"font-size: medium;\">nterverr\u00e0 Flavio Vizzutti, storico dell\u2019arte conosciuto e apprezzato per i suoi numerosi studi sull\u2019arte veneta e friulana condotti in oltre quarantacinque anni di attivit\u00e0<\/span><\/span><\/p>\n<p><strong>BELLUNO<\/strong> Domani alle 9 in piazzale resistenza incontro in Confartigianato con l&#8217;intervento dellispettore della Polizia di Stato Christian Nesello in servizio presso la sezione della Polizia Stradale di Belluno. Incontro con la Polizia dedicato alla sicurezza stradale.<\/p>\n<p><strong>AGORDO<\/strong> Domenica con il Cai di Agordo escursione con le racchette da neve a Malga Haniger, 1907 metri nel parco naturale del Catinaccio. Iscrizioni telefonando al 380.6983040 dalle 16 alle 21\u00a0 entro venerdi<\/p>\n<h2><span style=\"color: #ff0000;\">PROSSIMAMENTE<\/span><\/h2>\n<p><strong>BORCA DI CADORE<\/strong> La prima edizione de &#8220;Le nuove Dolomiti&#8221; si concluder\u00e0 luned\u00ec\u00a0 con un incontro sull&#8217;agricoltura promosso dall&#8217;Hotel Boite di Borca di Cadore. L&#8217;ingresso \u00e8 libero e gratuito.<\/p>\n<p><strong>FELTRE<\/strong> La Famiglia Ex Emigranti del Feltrino organizza la gita alla fiera &#8220;Orto Giardino&#8221; a Pordenonefiere il 6 marzo. La partenza \u00e8 alle 13 da Pedavena, con passaggio a Feltre. Il programma include l&#8217;ingresso alla fiera e una tappa in pizzeria durante il rientro. Per informazioni 40 262 9562.<\/p>\n<p><strong>CENCENIGHE<\/strong> DOMENICA 3 MARZO 10 anni di Oh Per Bacco, 2014_2024, dalle 16.00 la festa<\/p>\n<blockquote>\n<h2><a class=\"dt-pswp-item\" href=\"https:\/\/www.radiopiu.net\/wordpress\/wp-content\/uploads\/2024\/02\/424975281_17930049686820544_8669192397721482723_n.jpg\" data-dt-img-description=\"\" data-large_image_width=\"512\" data-large_image_height=\"640\"><img loading=\"lazy\" decoding=\"async\" class=\"size-medium wp-image-375410 aligncenter\" src=\"https:\/\/www.radiopiu.net\/wordpress\/wp-content\/uploads\/2024\/02\/424975281_17930049686820544_8669192397721482723_n-240x300.jpg\" alt=\"\" width=\"240\" height=\"300\" srcset=\"https:\/\/www.radiopiu.net\/wordpress\/wp-content\/uploads\/2024\/02\/424975281_17930049686820544_8669192397721482723_n-240x300.jpg 240w, https:\/\/www.radiopiu.net\/wordpress\/wp-content\/uploads\/2024\/02\/424975281_17930049686820544_8669192397721482723_n.jpg 512w\" sizes=\"auto, (max-width: 240px) 100vw, 240px\" \/><\/a><\/h2>\n<h2><\/h2>\n<\/blockquote>\n<div>\n<div class=\"\" dir=\"auto\">\n<div id=\":r9h:\" class=\"x1iorvi4 x1pi30zi x1l90r2v x1swvt13\" data-ad-comet-preview=\"message\" data-ad-preview=\"message\">\n<div class=\"x78zum5 xdt5ytf xz62fqu x16ldp7u\">\n<div class=\"xu06os2 x1ok221b\">\n<blockquote>\n<h3 style=\"text-align: center;\">LE CAMPE: 9 marzo con la Combricola del Blasko<\/h3>\n<\/blockquote>\n<p><a class=\"dt-pswp-item\" href=\"https:\/\/www.radiopiu.net\/wordpress\/wp-content\/uploads\/2024\/02\/Senza-nome-52.png\" data-dt-img-description=\"\" data-large_image_width=\"268\" data-large_image_height=\"486\"><img loading=\"lazy\" decoding=\"async\" class=\"size-medium wp-image-375373 aligncenter\" src=\"https:\/\/www.radiopiu.net\/wordpress\/wp-content\/uploads\/2024\/02\/Senza-nome-52-165x300.png\" alt=\"\" width=\"165\" height=\"300\" srcset=\"https:\/\/www.radiopiu.net\/wordpress\/wp-content\/uploads\/2024\/02\/Senza-nome-52-165x300.png 165w, https:\/\/www.radiopiu.net\/wordpress\/wp-content\/uploads\/2024\/02\/Senza-nome-52.png 268w\" sizes=\"auto, (max-width: 165px) 100vw, 165px\" \/><\/a><\/p>\n<\/div>\n<\/div>\n<\/div>\n<\/div>\n<\/div>\n<blockquote>\n<h2><\/h2>\n<h2><\/h2>\n<h2>SAVE THE DATE FESTIVAL&#8230;. VAI COL TOTO OSPITI<\/h2>\n<blockquote>\n<h3>SAVE THE DATE FESTIVAL AL RIFUGIO LARESEI&#8230;IL 7 APRILE SARA&#8217; UNA GIORNATA INDIMENTICABILE<\/h3>\n<\/blockquote>\n<div>\n<div class=\"x1cy8zhl x78zum5 x1q0g3np xod5an3 x1pi30zi x1swvt13 xz9dl7a\">\n<div class=\"x1iyjqo2\">\n<div class=\"x78zum5 xdt5ytf xz62fqu x16ldp7u\">\n<div>\n<p><strong>7 APRILE:<\/strong> Save The Date Festival\u00a0 al Rifugio L\u00e0resei<\/p>\n<p>UN&#8217; ALTRA ANTICIPAZIONE&#8230; Dagli schermi di Eurosport e Sky al <a class=\"x1i10hfl xjbqb8w x1ejq31n xd10rxx x1sy0etr x17r0tee x972fbf xcfux6l x1qhh985 xm0m39n x9f619 x1ypdohk xt0psk2 xe8uvvx xdj266r x11i5rnm xat24cr x1mh8g0r xexx8yu x4uap5 x18d9i69 xkhd6sd x16tdsg8 x1hl2dhg xggy1nq x1a2a7pz xt0b8zv x1fey0fg xo1l8bm\" tabindex=\"0\" role=\"link\" href=\"https:\/\/www.facebook.com\/profile.php?id=61554808097303&amp;__cft__[0]=AZW3k-zp2mDVRJleUxRSn0vN5uQP39aMIhimU7k2NjuEV7vAL-ikXSdvAIS9Y9OFROA6MvhNOS6B0xFKKk2slgcxXTJjd4zYNr7hSdMNhry7u3JsMFjQb_Ov2XA6pV2VWIEfcLAt2DSAhVj3JYGuFZHWR6CuUezd22U19A7FgD4qIQ&amp;__tn__=-]K-R\"><span class=\"xt0psk2\">Save The Date Festival<\/span><\/a> arriva Camilla Ronchi Una presentatrice Falcadina non poteva mancare!\u00a0 Si aggiunge al giornalista e presentatore Massimiliano Ossini. Acquista il tuo biglietto d&#8217;ingresso al link: <a class=\"moz-txt-link-abbreviated\" href=\"http:\/\/www.ciaotickets.com\">www.ciaotickets.com<\/a>\u00a0 \u00a0 \u00a0 \u00a0 \u00a0 save-the-date-festival 7 APRILE RIFUGIO LARESEI SKI AREA SAN PELLEGRINO-FALCADE<\/p>\n<\/div>\n<\/div>\n<\/div>\n<\/div>\n<\/div>\n<div>\n<div class=\"\" dir=\"auto\">\n<div id=\":r9h:\" class=\"x1iorvi4 x1pi30zi x1l90r2v x1swvt13\" data-ad-comet-preview=\"message\" data-ad-preview=\"message\">\n<div class=\"x78zum5 xdt5ytf xz62fqu x16ldp7u\">\n<div class=\"xu06os2 x1ok221b\">\n<div class=\"x11i5rnm xat24cr x1mh8g0r x1vvkbs xtlvy1s x126k92a\">\n<div dir=\"auto\"><\/div>\n<\/div>\n<div dir=\"auto\">\n\n\t\t\t<style type='text\/css'>\n\t\t\t\t#gallery-4 {\n\t\t\t\t\tmargin: auto;\n\t\t\t\t}\n\t\t\t\t#gallery-4 .gallery-item {\n\t\t\t\t\tfloat: left;\n\t\t\t\t\tmargin-top: 10px;\n\t\t\t\t\ttext-align: center;\n\t\t\t\t\twidth: 33%;\n\t\t\t\t}\n\t\t\t\t#gallery-4 img {\n\t\t\t\t\tborder: 2px solid #cfcfcf;\n\t\t\t\t}\n\t\t\t\t#gallery-4 .gallery-caption {\n\t\t\t\t\tmargin-left: 0;\n\t\t\t\t}\n\t\t\t\t\/* see gallery_shortcode() in wp-includes\/media.php *\/\n\t\t\t<\/style>\n\t\t<div id='gallery-4' class='dt-gallery-container gallery galleryid-375619 gallery-columns-3 gallery-size-medium'><dl class='gallery-item'>\n\t\t\t\t<dt class='gallery-icon landscape'>\n\t\t\t\t\t<a class=\"rollover rollover-zoom dt-pswp-item\" title=\"19c21029-a0ef-4986-8081-9facbbbce065\" data-dt-img-description=\"\" data-large_image_width=\"1080\" data-large_image_height=\"1080\"href='https:\/\/www.radiopiu.net\/wordpress\/wp-content\/uploads\/2024\/02\/19c21029-a0ef-4986-8081-9facbbbce065.jpg'><img loading=\"lazy\" decoding=\"async\" width=\"300\" height=\"300\" src=\"https:\/\/www.radiopiu.net\/wordpress\/wp-content\/uploads\/2024\/02\/19c21029-a0ef-4986-8081-9facbbbce065-300x300.jpg\" class=\"attachment-medium size-medium\" alt=\"\" srcset=\"https:\/\/www.radiopiu.net\/wordpress\/wp-content\/uploads\/2024\/02\/19c21029-a0ef-4986-8081-9facbbbce065-300x300.jpg 300w, https:\/\/www.radiopiu.net\/wordpress\/wp-content\/uploads\/2024\/02\/19c21029-a0ef-4986-8081-9facbbbce065-1024x1024.jpg 1024w, https:\/\/www.radiopiu.net\/wordpress\/wp-content\/uploads\/2024\/02\/19c21029-a0ef-4986-8081-9facbbbce065-150x150.jpg 150w, https:\/\/www.radiopiu.net\/wordpress\/wp-content\/uploads\/2024\/02\/19c21029-a0ef-4986-8081-9facbbbce065-768x768.jpg 768w, https:\/\/www.radiopiu.net\/wordpress\/wp-content\/uploads\/2024\/02\/19c21029-a0ef-4986-8081-9facbbbce065.jpg 1080w\" sizes=\"auto, (max-width: 300px) 100vw, 300px\" \/><\/a>\n\t\t\t\t<\/dt><\/dl><dl class='gallery-item'>\n\t\t\t\t<dt class='gallery-icon landscape'>\n\t\t\t\t\t<a class=\"rollover rollover-zoom dt-pswp-item\" title=\"428458808_122124610286160269_8403615925720421881_n\" data-dt-img-description=\"\" data-large_image_width=\"526\" data-large_image_height=\"526\"href='https:\/\/www.radiopiu.net\/wordpress\/wp-content\/uploads\/2024\/02\/428458808_122124610286160269_8403615925720421881_n.jpg'><img loading=\"lazy\" decoding=\"async\" width=\"300\" height=\"300\" src=\"https:\/\/www.radiopiu.net\/wordpress\/wp-content\/uploads\/2024\/02\/428458808_122124610286160269_8403615925720421881_n-300x300.jpg\" class=\"attachment-medium size-medium\" alt=\"\" srcset=\"https:\/\/www.radiopiu.net\/wordpress\/wp-content\/uploads\/2024\/02\/428458808_122124610286160269_8403615925720421881_n-300x300.jpg 300w, https:\/\/www.radiopiu.net\/wordpress\/wp-content\/uploads\/2024\/02\/428458808_122124610286160269_8403615925720421881_n-150x150.jpg 150w, https:\/\/www.radiopiu.net\/wordpress\/wp-content\/uploads\/2024\/02\/428458808_122124610286160269_8403615925720421881_n.jpg 526w\" sizes=\"auto, (max-width: 300px) 100vw, 300px\" \/><\/a>\n\t\t\t\t<\/dt><\/dl><dl class='gallery-item'>\n\t\t\t\t<dt class='gallery-icon portrait'>\n\t\t\t\t\t<a class=\"rollover rollover-zoom dt-pswp-item\" title=\"424589697_17849558076141395_6233705988191667367_n\" data-dt-img-description=\"\" data-large_image_width=\"512\" data-large_image_height=\"640\"href='https:\/\/www.radiopiu.net\/wordpress\/wp-content\/uploads\/2024\/02\/424589697_17849558076141395_6233705988191667367_n.jpg'><img loading=\"lazy\" decoding=\"async\" width=\"240\" height=\"300\" src=\"https:\/\/www.radiopiu.net\/wordpress\/wp-content\/uploads\/2024\/02\/424589697_17849558076141395_6233705988191667367_n-240x300.jpg\" class=\"attachment-medium size-medium\" alt=\"\" srcset=\"https:\/\/www.radiopiu.net\/wordpress\/wp-content\/uploads\/2024\/02\/424589697_17849558076141395_6233705988191667367_n-240x300.jpg 240w, https:\/\/www.radiopiu.net\/wordpress\/wp-content\/uploads\/2024\/02\/424589697_17849558076141395_6233705988191667367_n.jpg 512w\" sizes=\"auto, (max-width: 240px) 100vw, 240px\" \/><\/a>\n\t\t\t\t<\/dt><\/dl><br style=\"clear: both\" \/>\n\t\t\t<\/div>\n\n<\/div>\n<p>&nbsp;<\/p>\n<\/div>\n<hr \/>\n<p>&nbsp;<\/p>\n<\/div>\n<\/div>\n<\/div>\n<\/div>\n<\/blockquote>\n<div>\n<div class=\"\" dir=\"auto\">\n<div id=\":r9h:\" class=\"x1iorvi4 x1pi30zi x1l90r2v x1swvt13\" data-ad-comet-preview=\"message\" data-ad-preview=\"message\">\n<div class=\"x78zum5 xdt5ytf xz62fqu x16ldp7u\">\n<div class=\"xu06os2 x1ok221b\">\n<div dir=\"auto\"><\/div>\n<p>&nbsp;<\/p>\n<\/div>\n<\/div>\n<\/div>\n<\/div>\n<\/div>\n<hr \/>\n<p>&nbsp;<\/p>\n<p><a class=\"dt-pswp-item\" href=\"https:\/\/www.radiopiu.net\/wordpress\/wp-content\/uploads\/2018\/09\/viabilita.jpeg\" data-dt-img-description=\"\" data-large_image_width=\"800\" data-large_image_height=\"100\"><img loading=\"lazy\" decoding=\"async\" class=\"aligncenter wp-image-61954 size-full\" src=\"https:\/\/www.radiopiu.net\/wordpress\/wp-content\/uploads\/2018\/09\/viabilita.jpeg\" alt=\"\" width=\"800\" height=\"100\" srcset=\"https:\/\/www.radiopiu.net\/wordpress\/wp-content\/uploads\/2018\/09\/viabilita.jpeg 800w, https:\/\/www.radiopiu.net\/wordpress\/wp-content\/uploads\/2018\/09\/viabilita-300x38.jpeg 300w, https:\/\/www.radiopiu.net\/wordpress\/wp-content\/uploads\/2018\/09\/viabilita-768x96.jpeg 768w\" sizes=\"auto, (max-width: 800px) 100vw, 800px\" \/><\/a><\/p>\n<p>&nbsp;<\/p>\n<p><a class=\"dt-pswp-item\" href=\"https:\/\/www.radiopiu.net\/wordpress\/wp-content\/uploads\/2023\/12\/botol-car-service.jpg\" data-dt-img-description=\"\" data-large_image_width=\"600\" data-large_image_height=\"600\"><img loading=\"lazy\" decoding=\"async\" class=\"size-medium wp-image-367044 aligncenter\" src=\"https:\/\/www.radiopiu.net\/wordpress\/wp-content\/uploads\/2023\/12\/botol-car-service-300x300.jpg\" alt=\"\" width=\"300\" height=\"300\" srcset=\"https:\/\/www.radiopiu.net\/wordpress\/wp-content\/uploads\/2023\/12\/botol-car-service-300x300.jpg 300w, https:\/\/www.radiopiu.net\/wordpress\/wp-content\/uploads\/2023\/12\/botol-car-service-150x150.jpg 150w, https:\/\/www.radiopiu.net\/wordpress\/wp-content\/uploads\/2023\/12\/botol-car-service.jpg 600w\" sizes=\"auto, (max-width: 300px) 100vw, 300px\" \/><\/a><\/p>\n<p>&nbsp;<\/p>\n<blockquote>\n<h1><span style=\"color: #ff0000;\"><a class=\"dt-pswp-item\" href=\"https:\/\/www.radiopiu.net\/wordpress\/wp-content\/uploads\/2020\/05\/VENETO-STRADE.png\" data-dt-img-description=\"\" data-large_image_width=\"400\" data-large_image_height=\"400\"><img loading=\"lazy\" decoding=\"async\" class=\"wp-image-135574 alignleft\" src=\"https:\/\/www.radiopiu.net\/wordpress\/wp-content\/uploads\/2020\/05\/VENETO-STRADE-300x300.png\" alt=\"\" width=\"102\" height=\"102\" srcset=\"https:\/\/www.radiopiu.net\/wordpress\/wp-content\/uploads\/2020\/05\/VENETO-STRADE-300x300.png 300w, https:\/\/www.radiopiu.net\/wordpress\/wp-content\/uploads\/2020\/05\/VENETO-STRADE-150x150.png 150w, https:\/\/www.radiopiu.net\/wordpress\/wp-content\/uploads\/2020\/05\/VENETO-STRADE.png 400w\" sizes=\"auto, (max-width: 102px) 100vw, 102px\" \/><\/a>AGGIORNAMENTO QUOTIDIANO, IN\u00a0 COLLABORAZIONE CON VENETO STRADE E BOTOL CAR SERVICE AD AGORDO IN LOCALITA&#8217; VALCOZZENA.<\/span><\/h1>\n<p>&nbsp;<\/p><\/blockquote>\n<p><span style=\"color: #0000ff;\"><strong>BOLLETTINO VIABILITA&#8217; AGGIORNATO AL 23 GENNAIO 2024<\/strong><\/span><\/p>\n<audio class=\"wp-audio-shortcode\" id=\"audio-375619-15\" preload=\"none\" style=\"width: 100%;\" controls=\"controls\"><source type=\"audio\/mpeg\" src=\"https:\/\/www.radiopiu.net\/wordpress\/wp-content\/uploads\/2024\/01\/VIABLITA-2.mp3?_=15\" \/><a href=\"https:\/\/www.radiopiu.net\/wordpress\/wp-content\/uploads\/2024\/01\/VIABLITA-2.mp3\">https:\/\/www.radiopiu.net\/wordpress\/wp-content\/uploads\/2024\/01\/VIABLITA-2.mp3<\/a><\/audio>\n<p>&nbsp;<\/p>\n<p>&nbsp;<\/p>\n<hr \/>\n<p>&nbsp;<\/p>\n<p><a class=\"dt-pswp-item\" href=\"https:\/\/www.radiopiu.net\/wordpress\/wp-content\/uploads\/2018\/09\/WhatsApp-Image-2018-09-20-at-16.04.06.jpeg\" data-dt-img-description=\"\" data-large_image_width=\"800\" data-large_image_height=\"100\"><img loading=\"lazy\" decoding=\"async\" class=\"wp-image-61378 size-full aligncenter\" src=\"https:\/\/www.radiopiu.net\/wordpress\/wp-content\/uploads\/2018\/09\/WhatsApp-Image-2018-09-20-at-16.04.06.jpeg\" alt=\"\" width=\"800\" height=\"100\" srcset=\"https:\/\/www.radiopiu.net\/wordpress\/wp-content\/uploads\/2018\/09\/WhatsApp-Image-2018-09-20-at-16.04.06.jpeg 800w, https:\/\/www.radiopiu.net\/wordpress\/wp-content\/uploads\/2018\/09\/WhatsApp-Image-2018-09-20-at-16.04.06-300x38.jpeg 300w, https:\/\/www.radiopiu.net\/wordpress\/wp-content\/uploads\/2018\/09\/WhatsApp-Image-2018-09-20-at-16.04.06-768x96.jpeg 768w\" sizes=\"auto, (max-width: 800px) 100vw, 800px\" \/><\/a><\/p>\n<p><center><\/center><b>\u00a0 \u00a0\u00a0<\/b><\/p>\n<p><center><\/center><center><\/center><center><\/center><b>OGGI: <\/b>Maltempo generalizzato su tutta la montagna veneta con cielo coperto e diffuse precipitazioni, la fase pi\u00f9 spiccata sar\u00e0 tra la notte e il mattino, prima che il maltempo tendi a scemare a partire da ovest. Forte umidit\u00e0 e debole escursione termica giornaliera. In parte ventoso in alta quota. <b>Precipitazioni: <\/b>Diffuse e persistenti di moderate intensit\u00e0 (90-100%), in attenuazione nel pomeriggio a partire da Prealpi ovest, successivamente sul Bellunese. Limite neve a 1000-1300 m su Dolomiti e 1200-1500 m su Prealpi, localmente pi\u00f9 in basso nelle valli pi\u00f9 chiuse, in lieve abbassamento alla sera. Tra gioved\u00ec e venerd\u00ec sono attesi mediamente 35-50 mm su Dolomiti e 50-70 mm su Prealpi, localmente 80-100 mm su quest&#8217;ultime. Gli apporti di neve saranno equivalenti attorno ai 1700-1800 m, meno sotto per neve umida e un po&#8217; di pi\u00f9 a 2000-2200 m per neve soffice. <b>Temperature: <\/b>In quota ingenerale lieve calo con minime osservate alla sera, nelle valli minime stazionarie e massime in calo.<\/p>\n<p>&nbsp;<\/p>\n<hr \/>\n<p><center><\/center><b>DOMANI: <\/b>Nottetempo coperto con breve fase perturbata, poi tempo variabile con molte nubi e qualche chance di schiarite, maggiore sulle Dolomiti che non sulle Prealpi, dove qualche fenomeno sparso potrebbe ancora verificarsi. Contesto pi\u00f9 fresco, specie in alta quota. <b>Precipitazioni: <\/b>Nella notte probabili fenomeni, nevosi oltre i 900-1100 m. Tale episodio apporter\u00e0 altri 2-5 mm di pioggia con altrettanti cm di neve oltre i 1200-1400 m, un po&#8217; di pi\u00f9 in alta quota per neve soffice. In seguito probabilit\u00e0 piuttosto bassa sulle Dolomiti (10-20%), mentre potranno verificarsi piovaschi sulle Prealpi (40-50%, nevosi oltre i 1000 m. <b>Temperature: <\/b>In generale lieve calo<\/p>\n<p>&nbsp;<\/p>\n<hr \/>\n<p><center><\/center><strong>DOMENICA<\/strong> Sulle Dolomiti inizialmente molte nubi, prima di ampi rasserenamenti con fase di tempo\/discreto, prima che la nuvolosit\u00e0 aumenti di nuovo dal tardo pomeriggio in poi. Sulle Prealpi molte nubi basse e minore chance di schiarite. Alla sera coperto ovunque con primi deboli fenomeni, nevosi a 1000 m. Temperature minime in calo<\/p>\n<hr \/>\n<p><center><\/center><strong>LUNEDI<\/strong> Nuovo peggioramento del tempo, gi\u00e0 nella notte, con cielo coperto e precipitazioni, anche di moderata intensit\u00e0, nevose oltre gli 800-1000 m, localmente a quote pi\u00f9 basse nella fase iniziale, prima che il limite si rialzi in giornata. Temperature in calo, eccetto rialzo delle minimee nelle valli.<\/p>\n<p>&nbsp;<\/p>\n<hr \/>\n<p>&nbsp;<\/p>\n<p><img loading=\"lazy\" decoding=\"async\" class=\"wp-image-60761 size-full aligncenter\" src=\"https:\/\/www.radiopiu.net\/wordpress\/wp-content\/uploads\/2018\/09\/sport.jpg\" alt=\"\" width=\"800\" height=\"100\" srcset=\"https:\/\/www.radiopiu.net\/wordpress\/wp-content\/uploads\/2018\/09\/sport.jpg 800w, https:\/\/www.radiopiu.net\/wordpress\/wp-content\/uploads\/2018\/09\/sport-300x38.jpg 300w, https:\/\/www.radiopiu.net\/wordpress\/wp-content\/uploads\/2018\/09\/sport-768x96.jpg 768w\" sizes=\"auto, (max-width: 800px) 100vw, 800px\" \/><\/p>\n<p>&nbsp;<\/p>\n<p><span style=\"color: #0000ff;\"><strong>HOCKEY SU GHIACCIO<\/strong><\/span><\/p>\n<blockquote>\n<h3>IL PUNTO SULL&#8217;ALLEGHE HOCKEY CON MARCO SCAPINELLO E PAOLO DE BIASIO<\/h3>\n<\/blockquote>\n<p><strong><a class=\"dt-pswp-item\" href=\"https:\/\/www.radiopiu.net\/wordpress\/wp-content\/uploads\/2019\/08\/logo-alleghe-hockey.png\" data-dt-img-description=\"\" data-large_image_width=\"547\" data-large_image_height=\"512\"><img loading=\"lazy\" decoding=\"async\" class=\" wp-image-95699 alignleft\" src=\"https:\/\/www.radiopiu.net\/wordpress\/wp-content\/uploads\/2019\/08\/logo-alleghe-hockey-300x281.png\" alt=\"\" width=\"151\" height=\"141\" srcset=\"https:\/\/www.radiopiu.net\/wordpress\/wp-content\/uploads\/2019\/08\/logo-alleghe-hockey-300x281.png 300w, https:\/\/www.radiopiu.net\/wordpress\/wp-content\/uploads\/2019\/08\/logo-alleghe-hockey.png 547w\" sizes=\"auto, (max-width: 151px) 100vw, 151px\" \/><\/a>DI MARCO GAZ<\/strong><\/p>\n<p>OSPITI: Marco Scapinello e Paolo De Biasio<\/p>\n<audio class=\"wp-audio-shortcode\" id=\"audio-375619-16\" preload=\"none\" style=\"width: 100%;\" controls=\"controls\"><source type=\"audio\/mpeg\" src=\"https:\/\/www.radiopiu.net\/wordpress\/wp-content\/uploads\/2024\/02\/ALLEGHE-HOCKEY-MARCO-SCAPINELLO-E-PAOLO-DE-BIASIO.mp3?_=16\" \/><a href=\"https:\/\/www.radiopiu.net\/wordpress\/wp-content\/uploads\/2024\/02\/ALLEGHE-HOCKEY-MARCO-SCAPINELLO-E-PAOLO-DE-BIASIO.mp3\">https:\/\/www.radiopiu.net\/wordpress\/wp-content\/uploads\/2024\/02\/ALLEGHE-HOCKEY-MARCO-SCAPINELLO-E-PAOLO-DE-BIASIO.mp3<\/a><\/audio>\n<p>&nbsp;<\/p>\n<blockquote>\n<h3>L&#8217;ALLEGHE BATTE IL PERGINE, IL FELTRE ESCE SCONFITTO NEL BIG MATCH CON IL FIEMME<\/h3>\n<\/blockquote>\n<p><strong>di Marco Gaz<\/strong><\/p>\n<p><span style=\"color: #ff0000;\"><strong>NONA GIORNATA SECONDA FASE IHL<\/strong><\/span><\/p>\n<p><span style=\"color: #008000;\"><strong>MASTER ROUND<\/strong><\/span><\/p>\n<p><strong>ALLEGHE \u2013 PERGINE 3-2<\/strong><\/p>\n<p>PARZIALI: 1-0, 1-2, 1-0<\/p>\n<p>GOL: Pt. 15\u201903\u201d Zherdev. St. 0\u201930\u201d Lemay, 13\u201945\u201d S. Vinatzer, 15\u201922\u201d Meneghini. Tt. 13\u201931\u201d S. Vinatzer<\/p>\n<p>Prove di playoff per l\u2019Alleghe che al De Toni vince e convince contro un Pergine che nel master round non ha mai perso un colpo. Splendida prestazione per le civette che incamerano tre punti importanti che valgono la \u201cbella\u201d in casa nei quarti con l\u2019Appiano. Un match emozionante con le due compagini che fanno botta e risposta. Due gol di Simon Vinatzer consegnano i tre punti agli agordini che sabato alle 19:30 si scontreranno con l\u2019Appiano in quello che si pu\u00f2 definire un test pre playoff. \u00a0Prima parte di gara emozionante con le squadre che stanno a guardare. I portieri vengono impeganti pi\u00f9 volte ma il punteggio non si sblocca. Il Pergine ingrana la marcia giusta e fa paura alle civette. Dopo aver sofferto per 15\u2019, l\u2019Alleghe trova la rete del vantaggio. Alla prima vera occasione Zherdev riesce a battere il portiere trentino. Nel finale di primo tempo le civette fanno circolare bene il disco e si avvicinano al raddoppio. Nel secondo drittel il Pergine pareggia subito i conti. Linci con l\u2019uomo in pi\u00f9 che trova il gol con Lemay. Le civette non si demoralizzano e continuano a creare delle buone azioni. Nel momento peggiore della partita gli agordini tornano in vantaggio grazie alla rete di Simon Vinatzer. Dura poco il vantaggio dei biancorossi che poco dopo subiscono il nuovo pareggio. Tiro sporco di Meneghini che Scola non vede partire e disco che termina la corsa in fondo al sacco. Nel terzo periodo di gioco si scaldano gli animi e gli arbitri sono costretti a punire giocatori da entrambi i lati. La partita ha una fase di stanca con le due formazioni che non riescono ad alzare la testa. La squadra di Scapinello si sveglia e trova il nuovo vantaggio con Simon Vinatzer che mette la firma alla doppietta personale. Nel finale di gara le civette si complicano la vita concedendo due minuti di superiorit\u00e0 ai trentini per troppi uomini in campo. Un assedio delle linci che la difesa alleghese riesce a neutralizzare e portare a casa il bottino pieno.<\/p>\n<p><em><strong>LE FOTO DI MATTEO FLORIDIA<\/strong><\/em><\/p>\n\n\t\t\t<style type='text\/css'>\n\t\t\t\t#gallery-5 {\n\t\t\t\t\tmargin: auto;\n\t\t\t\t}\n\t\t\t\t#gallery-5 .gallery-item {\n\t\t\t\t\tfloat: left;\n\t\t\t\t\tmargin-top: 10px;\n\t\t\t\t\ttext-align: center;\n\t\t\t\t\twidth: 25%;\n\t\t\t\t}\n\t\t\t\t#gallery-5 img {\n\t\t\t\t\tborder: 2px solid #cfcfcf;\n\t\t\t\t}\n\t\t\t\t#gallery-5 .gallery-caption {\n\t\t\t\t\tmargin-left: 0;\n\t\t\t\t}\n\t\t\t\t\/* see gallery_shortcode() in wp-includes\/media.php *\/\n\t\t\t<\/style>\n\t\t<div id='gallery-5' class='dt-gallery-container gallery galleryid-375619 gallery-columns-4 gallery-size-medium'><dl class='gallery-item'>\n\t\t\t\t<dt class='gallery-icon landscape'>\n\t\t\t\t\t<a class=\"rollover rollover-zoom dt-pswp-item\" title=\"ba415b47-131c-43d4-914a-728ceae0071b\" data-dt-img-description=\"\" data-large_image_width=\"1114\" data-large_image_height=\"741\"href='https:\/\/www.radiopiu.net\/wordpress\/wp-content\/uploads\/2024\/02\/ba415b47-131c-43d4-914a-728ceae0071b.jpg'><img loading=\"lazy\" decoding=\"async\" width=\"300\" height=\"200\" src=\"https:\/\/www.radiopiu.net\/wordpress\/wp-content\/uploads\/2024\/02\/ba415b47-131c-43d4-914a-728ceae0071b-300x200.jpg\" class=\"attachment-medium size-medium\" alt=\"\" srcset=\"https:\/\/www.radiopiu.net\/wordpress\/wp-content\/uploads\/2024\/02\/ba415b47-131c-43d4-914a-728ceae0071b-300x200.jpg 300w, https:\/\/www.radiopiu.net\/wordpress\/wp-content\/uploads\/2024\/02\/ba415b47-131c-43d4-914a-728ceae0071b-1024x681.jpg 1024w, https:\/\/www.radiopiu.net\/wordpress\/wp-content\/uploads\/2024\/02\/ba415b47-131c-43d4-914a-728ceae0071b-768x511.jpg 768w, https:\/\/www.radiopiu.net\/wordpress\/wp-content\/uploads\/2024\/02\/ba415b47-131c-43d4-914a-728ceae0071b.jpg 1114w\" sizes=\"auto, (max-width: 300px) 100vw, 300px\" \/><\/a>\n\t\t\t\t<\/dt><\/dl><dl class='gallery-item'>\n\t\t\t\t<dt class='gallery-icon landscape'>\n\t\t\t\t\t<a class=\"rollover rollover-zoom dt-pswp-item\" title=\"6392eb20-ba55-4a4d-b8ac-3b170eaf4d04\" data-dt-img-description=\"\" data-large_image_width=\"1286\" data-large_image_height=\"856\"href='https:\/\/www.radiopiu.net\/wordpress\/wp-content\/uploads\/2024\/02\/6392eb20-ba55-4a4d-b8ac-3b170eaf4d04.jpg'><img loading=\"lazy\" decoding=\"async\" width=\"300\" height=\"200\" src=\"https:\/\/www.radiopiu.net\/wordpress\/wp-content\/uploads\/2024\/02\/6392eb20-ba55-4a4d-b8ac-3b170eaf4d04-300x200.jpg\" class=\"attachment-medium size-medium\" alt=\"\" srcset=\"https:\/\/www.radiopiu.net\/wordpress\/wp-content\/uploads\/2024\/02\/6392eb20-ba55-4a4d-b8ac-3b170eaf4d04-300x200.jpg 300w, https:\/\/www.radiopiu.net\/wordpress\/wp-content\/uploads\/2024\/02\/6392eb20-ba55-4a4d-b8ac-3b170eaf4d04-1024x682.jpg 1024w, https:\/\/www.radiopiu.net\/wordpress\/wp-content\/uploads\/2024\/02\/6392eb20-ba55-4a4d-b8ac-3b170eaf4d04-768x511.jpg 768w, https:\/\/www.radiopiu.net\/wordpress\/wp-content\/uploads\/2024\/02\/6392eb20-ba55-4a4d-b8ac-3b170eaf4d04.jpg 1286w\" sizes=\"auto, (max-width: 300px) 100vw, 300px\" \/><\/a>\n\t\t\t\t<\/dt><\/dl><dl class='gallery-item'>\n\t\t\t\t<dt class='gallery-icon landscape'>\n\t\t\t\t\t<a class=\"rollover rollover-zoom dt-pswp-item\" title=\"70a0cdf9-9da5-47cd-8102-b01cf57e8850\" data-dt-img-description=\"\" data-large_image_width=\"1077\" data-large_image_height=\"853\"href='https:\/\/www.radiopiu.net\/wordpress\/wp-content\/uploads\/2024\/02\/70a0cdf9-9da5-47cd-8102-b01cf57e8850.jpg'><img loading=\"lazy\" decoding=\"async\" width=\"300\" height=\"238\" src=\"https:\/\/www.radiopiu.net\/wordpress\/wp-content\/uploads\/2024\/02\/70a0cdf9-9da5-47cd-8102-b01cf57e8850-300x238.jpg\" class=\"attachment-medium size-medium\" alt=\"\" srcset=\"https:\/\/www.radiopiu.net\/wordpress\/wp-content\/uploads\/2024\/02\/70a0cdf9-9da5-47cd-8102-b01cf57e8850-300x238.jpg 300w, https:\/\/www.radiopiu.net\/wordpress\/wp-content\/uploads\/2024\/02\/70a0cdf9-9da5-47cd-8102-b01cf57e8850-1024x811.jpg 1024w, https:\/\/www.radiopiu.net\/wordpress\/wp-content\/uploads\/2024\/02\/70a0cdf9-9da5-47cd-8102-b01cf57e8850-768x608.jpg 768w, https:\/\/www.radiopiu.net\/wordpress\/wp-content\/uploads\/2024\/02\/70a0cdf9-9da5-47cd-8102-b01cf57e8850.jpg 1077w\" sizes=\"auto, (max-width: 300px) 100vw, 300px\" \/><\/a>\n\t\t\t\t<\/dt><\/dl><dl class='gallery-item'>\n\t\t\t\t<dt class='gallery-icon landscape'>\n\t\t\t\t\t<a class=\"rollover rollover-zoom dt-pswp-item\" title=\"5e272b4e-df6c-4139-9f43-b7cf6d3706d2\" data-dt-img-description=\"\" data-large_image_width=\"1004\" data-large_image_height=\"704\"href='https:\/\/www.radiopiu.net\/wordpress\/wp-content\/uploads\/2024\/02\/5e272b4e-df6c-4139-9f43-b7cf6d3706d2.jpg'><img loading=\"lazy\" decoding=\"async\" width=\"300\" height=\"210\" src=\"https:\/\/www.radiopiu.net\/wordpress\/wp-content\/uploads\/2024\/02\/5e272b4e-df6c-4139-9f43-b7cf6d3706d2-300x210.jpg\" class=\"attachment-medium size-medium\" alt=\"\" srcset=\"https:\/\/www.radiopiu.net\/wordpress\/wp-content\/uploads\/2024\/02\/5e272b4e-df6c-4139-9f43-b7cf6d3706d2-300x210.jpg 300w, https:\/\/www.radiopiu.net\/wordpress\/wp-content\/uploads\/2024\/02\/5e272b4e-df6c-4139-9f43-b7cf6d3706d2-768x539.jpg 768w, https:\/\/www.radiopiu.net\/wordpress\/wp-content\/uploads\/2024\/02\/5e272b4e-df6c-4139-9f43-b7cf6d3706d2.jpg 1004w\" sizes=\"auto, (max-width: 300px) 100vw, 300px\" \/><\/a>\n\t\t\t\t<\/dt><\/dl><br style=\"clear: both\" \/>\n\t\t\t<\/div>\n\n<p><span style=\"color: #008000;\"><strong>QUALIFICATION ROUND<\/strong><\/span><\/p>\n<p><strong>FELTRE \u2013 FIEMME 4-6<\/strong><\/p>\n<p>PARZIALI: 1-2, 2-2, 1-2<\/p>\n<p>GOL: Pt. 11\u201920\u201d Fantinel, 12\u201945\u201d Covi, 17\u201946\u201d Chelodi. St. 0\u201939\u201d Moucka, 8\u201931\u201d L. Dall\u2019Agnol, 12\u201923\u201d Nimenko, 14\u201911\u201d Mlynar. Tt. 8\u201942\u201d Vanzetta, 9\u201948\u201d Moucka, 18&#8217;25&#8221; Blaha<\/p>\n<p>Il Feltre perde in casa nello scontro diretto per aggiudicarsi il secondo posto del giorne di qualificazione. I picchi cedono al Fiemme dopo una partota in cui i trentini hanno saputo essere superiori due tempi su tre. Feltrini che chiuderanno al terzo posto e dovranno affrontare la prima classificata del master round, una tra Pergine e Varese ma questo si sapr\u00e0 solo sabato sera. Nel big match del qualification round le due compagini si studiano a lungo. Il Feltre sembra avere qualcosa in pi\u00f9 e passa in vantaggio con Fantinel. La risposta del Fiemme non si fa attendere che pareggia subito i conti. Picchi che accusano il colpo e trentini che chiudono la prima frazione in vantaggio. Ospiti che incrementano il vantaggio dopo pochi secondi del secondo drittel. Provano a reagire i padroni di casa che accorciano le distanze con Lorenzo dall\u2019Agnol. Picchi che vogliono rimenere in partita e che pareggiano i conti con Nimenko. Fiemme che torna in vantaggio poco dopo. Terza frazione con il Fiemme agguerrito che nel giro di pochi minuti chiude la partita. Nel finale la quarta rete feltrina a firma di Blaha<\/p>\n<p><strong>CLASSIFICA MASTER ROUND: <\/strong>Pergine 32, Varese 30, Caldaro 29, Alleghe 18, Appiano 14<\/p>\n<p><strong>CLASSIFICA QUALIFICATION ROUND:<\/strong> Como e Fiemme 27, Feltre 23, Valpellice 17, Bressanone 14, Dobbiaco 11<\/p>\n<p>&nbsp;<\/p>\n<p><span style=\"color: #0000ff;\"><strong>PATTINAGGIO<\/strong><\/span><\/p>\n<blockquote>\n<h2>Titolo: Successi per le pattinatrici della Agordino Ghiaccio e Sport alla &#8220;Dolomiti Ice Cup&#8221;<\/h2>\n<\/blockquote>\n<p>&nbsp;<\/p>\n<div class=\"w-full text-token-text-primary\" data-testid=\"conversation-turn-98\">\n<div class=\"px-4 py-2 justify-center text-base md:gap-6 m-auto\">\n<div class=\"flex flex-1 text-base mx-auto gap-3 md:px-5 lg:px-1 xl:px-5 md:max-w-3xl lg:max-w-[40rem] xl:max-w-[48rem] group\">\n<div class=\"relative flex w-full flex-col\">\n<div class=\"flex-col gap-1 md:gap-3\">\n<div class=\"flex flex-grow flex-col max-w-full\">\n<div class=\"min-h-[20px] text-message flex flex-col items-start gap-3 whitespace-pre-wrap break-words [.text-message+&amp;]:mt-5 overflow-x-auto\" data-message-author-role=\"user\" data-message-id=\"aaa2e373-28bb-4972-97a0-70987a41cbf3\">\n<div class=\"\">Domenica a Tai di Cadore \u00e8 andata in scena la\u00a0 &#8220;Dolomiti ice Cup&#8221;, seconda prova veneta Fisg bronze di pattinaggio artistico. Ecco i risultati delle pattinatrici della Agordino Ghiaccio e Sport. Categoria\u00a0 principianti A open : 3^ Marica Rossi. Principianti B: 2^ Anna Carlini Anna, 3^ Anita Serafini. Novice Open: 2^\u00a0 Stephanie Tibolla e 3^ Gaia Serafini. Categoria interpretativo A:\u00a0 1^ Anna Carlini. Interpretativo B: 1^ Paola Galligani. Esordienti A: 6^ Rita Masiero, 8^ Giulia Rossi. Tutti i\u00a0 pulcini verdi\u00a0 hanno ricevuto delle buone valutazioni: Jasmine Pini\u00e8 Jasmine (alla sua prima esperienza),\u00a0 Livia Appamea e Ellis Lepre. Pulcini gialli: Marianna Veggiato, Irene Masiero e\u00a0 Sophia Petri.<\/div>\n<\/div>\n<\/div>\n<div class=\"mt-1 flex justify-start gap-3 empty:hidden\">\n<div class=\"text-gray-400 flex self-end lg:self-center justify-center lg:justify-start mt-0 -ml-1 visible\">\n<div class=\"flex items-center gap-1.5 text-xs\">\n\n\t\t\t<style type='text\/css'>\n\t\t\t\t#gallery-6 {\n\t\t\t\t\tmargin: auto;\n\t\t\t\t}\n\t\t\t\t#gallery-6 .gallery-item {\n\t\t\t\t\tfloat: left;\n\t\t\t\t\tmargin-top: 10px;\n\t\t\t\t\ttext-align: center;\n\t\t\t\t\twidth: 33%;\n\t\t\t\t}\n\t\t\t\t#gallery-6 img {\n\t\t\t\t\tborder: 2px solid #cfcfcf;\n\t\t\t\t}\n\t\t\t\t#gallery-6 .gallery-caption {\n\t\t\t\t\tmargin-left: 0;\n\t\t\t\t}\n\t\t\t\t\/* see gallery_shortcode() in wp-includes\/media.php *\/\n\t\t\t<\/style>\n\t\t<div id='gallery-6' class='dt-gallery-container gallery galleryid-375619 gallery-columns-3 gallery-size-thumbnail'><dl class='gallery-item'>\n\t\t\t\t<dt class='gallery-icon landscape'>\n\t\t\t\t\t<a class=\"rollover rollover-zoom dt-pswp-item\" title=\"dwad\" data-dt-img-description=\"\" data-large_image_width=\"720\" data-large_image_height=\"540\"href='https:\/\/www.radiopiu.net\/wordpress\/wp-content\/uploads\/2024\/02\/dwad-1.jpg'><img loading=\"lazy\" decoding=\"async\" width=\"150\" height=\"150\" src=\"https:\/\/www.radiopiu.net\/wordpress\/wp-content\/uploads\/2024\/02\/dwad-1-150x150.jpg\" class=\"attachment-thumbnail size-thumbnail\" alt=\"\" \/><\/a>\n\t\t\t\t<\/dt><\/dl><dl class='gallery-item'>\n\t\t\t\t<dt class='gallery-icon landscape'>\n\t\t\t\t\t<a class=\"rollover rollover-zoom dt-pswp-item\" title=\"dwnload\" data-dt-img-description=\"\" data-large_image_width=\"720\" data-large_image_height=\"540\"href='https:\/\/www.radiopiu.net\/wordpress\/wp-content\/uploads\/2024\/02\/dwnload-1.jpg'><img loading=\"lazy\" decoding=\"async\" width=\"150\" height=\"150\" src=\"https:\/\/www.radiopiu.net\/wordpress\/wp-content\/uploads\/2024\/02\/dwnload-1-150x150.jpg\" class=\"attachment-thumbnail size-thumbnail\" alt=\"\" \/><\/a>\n\t\t\t\t<\/dt><\/dl><dl class='gallery-item'>\n\t\t\t\t<dt class='gallery-icon landscape'>\n\t\t\t\t\t<a class=\"rollover rollover-zoom dt-pswp-item\" title=\"dowlad\" data-dt-img-description=\"\" data-large_image_width=\"1600\" data-large_image_height=\"737\"href='https:\/\/www.radiopiu.net\/wordpress\/wp-content\/uploads\/2024\/02\/dowlad-1.jpg'><img loading=\"lazy\" decoding=\"async\" width=\"150\" height=\"150\" src=\"https:\/\/www.radiopiu.net\/wordpress\/wp-content\/uploads\/2024\/02\/dowlad-1-150x150.jpg\" class=\"attachment-thumbnail size-thumbnail\" alt=\"\" \/><\/a>\n\t\t\t\t<\/dt><\/dl><br style=\"clear: both\" \/><dl class='gallery-item'>\n\t\t\t\t<dt class='gallery-icon portrait'>\n\t\t\t\t\t<a class=\"rollover rollover-zoom dt-pswp-item\" title=\"dowload\" data-dt-img-description=\"\" data-large_image_width=\"540\" data-large_image_height=\"720\"href='https:\/\/www.radiopiu.net\/wordpress\/wp-content\/uploads\/2024\/02\/dowload-1.jpg'><img loading=\"lazy\" decoding=\"async\" width=\"150\" height=\"150\" src=\"https:\/\/www.radiopiu.net\/wordpress\/wp-content\/uploads\/2024\/02\/dowload-1-150x150.jpg\" class=\"attachment-thumbnail size-thumbnail\" alt=\"\" \/><\/a>\n\t\t\t\t<\/dt><\/dl><dl class='gallery-item'>\n\t\t\t\t<dt class='gallery-icon landscape'>\n\t\t\t\t\t<a class=\"rollover rollover-zoom dt-pswp-item\" title=\"download\" data-dt-img-description=\"\" data-large_image_width=\"720\" data-large_image_height=\"540\"href='https:\/\/www.radiopiu.net\/wordpress\/wp-content\/uploads\/2024\/02\/download-4.jpg'><img loading=\"lazy\" decoding=\"async\" width=\"150\" height=\"150\" src=\"https:\/\/www.radiopiu.net\/wordpress\/wp-content\/uploads\/2024\/02\/download-4-150x150.jpg\" class=\"attachment-thumbnail size-thumbnail\" alt=\"\" \/><\/a>\n\t\t\t\t<\/dt><\/dl><dl class='gallery-item'>\n\t\t\t\t<dt class='gallery-icon portrait'>\n\t\t\t\t\t<a class=\"rollover rollover-zoom dt-pswp-item\" title=\"downoad\" data-dt-img-description=\"\" data-large_image_width=\"540\" data-large_image_height=\"720\"href='https:\/\/www.radiopiu.net\/wordpress\/wp-content\/uploads\/2024\/02\/downoad-1.jpg'><img loading=\"lazy\" decoding=\"async\" width=\"150\" height=\"150\" src=\"https:\/\/www.radiopiu.net\/wordpress\/wp-content\/uploads\/2024\/02\/downoad-1-150x150.jpg\" class=\"attachment-thumbnail size-thumbnail\" alt=\"\" \/><\/a>\n\t\t\t\t<\/dt><\/dl><br style=\"clear: both\" \/>\n\t\t\t<\/div>\n\n<\/div>\n<\/div>\n<\/div>\n<\/div>\n<\/div>\n<\/div>\n<\/div>\n<\/div>\n<div class=\"w-full text-token-text-primary\" data-testid=\"conversation-turn-99\">\n<div class=\"px-4 py-2 justify-center text-base md:gap-6 m-auto\">\n<div class=\"font-semibold select-none\"><\/div>\n<\/div>\n<\/div>\n<p>&nbsp;<\/p>\n<p><span style=\"color: #0000ff;\"><strong>BASKET<\/strong><\/span><\/p>\n<blockquote>\n<h3>LA VOLKSBANK REYER SCHOOL CUP FA TAPPA A FALCADE<\/h3>\n<\/blockquote>\n<p>La Volksbank Reyer School Cup, undicesima tappa &#8220;Marin&#8221;, si svolger\u00e0 oggi a Falcade, al PalaFalcade. Le squadre partecipanti sono dell&#8217;Istituto Calvi di Belluno, Liceo Leonardo Da Vinci di Belluno, Liceo Dal Piaz di Feltre e Istituto Superiore di Feltre. Calvi e Dal Piaz partecipano alla quinta volta, mentre Leonardo Da Vinci e Istituto Superiore di Feltre alla seconda. La tappa \u00e8 organizzata grazie alla collaborazione con PromoFalcade Dolomiti. Il programma include quattro partite tra le squadre e sar\u00e0 un&#8217;opportunit\u00e0 di competizione e aggregazione per gli studenti. (FOTO: schoolcup.reyer.it)<\/p>\n\n\t\t\t<style type='text\/css'>\n\t\t\t\t#gallery-7 {\n\t\t\t\t\tmargin: auto;\n\t\t\t\t}\n\t\t\t\t#gallery-7 .gallery-item {\n\t\t\t\t\tfloat: left;\n\t\t\t\t\tmargin-top: 10px;\n\t\t\t\t\ttext-align: center;\n\t\t\t\t\twidth: 25%;\n\t\t\t\t}\n\t\t\t\t#gallery-7 img {\n\t\t\t\t\tborder: 2px solid #cfcfcf;\n\t\t\t\t}\n\t\t\t\t#gallery-7 .gallery-caption {\n\t\t\t\t\tmargin-left: 0;\n\t\t\t\t}\n\t\t\t\t\/* see gallery_shortcode() in wp-includes\/media.php *\/\n\t\t\t<\/style>\n\t\t<div id='gallery-7' class='dt-gallery-container gallery galleryid-375619 gallery-columns-4 gallery-size-thumbnail'><dl class='gallery-item'>\n\t\t\t\t<dt class='gallery-icon landscape'>\n\t\t\t\t\t<a class=\"rollover rollover-zoom dt-pswp-item\" title=\"calvi-belluno-768x432\" data-dt-img-description=\"\" data-large_image_width=\"768\" data-large_image_height=\"432\"href='https:\/\/www.radiopiu.net\/wordpress\/wp-content\/uploads\/2024\/02\/calvi-belluno-768x432-1.jpg'><img loading=\"lazy\" decoding=\"async\" width=\"150\" height=\"150\" src=\"https:\/\/www.radiopiu.net\/wordpress\/wp-content\/uploads\/2024\/02\/calvi-belluno-768x432-1-150x150.jpg\" class=\"attachment-thumbnail size-thumbnail\" alt=\"\" aria-describedby=\"gallery-7-375708\" \/><\/a>\n\t\t\t\t<\/dt>\n\t\t\t\t\t<dd class='wp-caption-text gallery-caption' id='gallery-7-375708'>\n\t\t\t\t\tIstituto Calvi Belluno\n\t\t\t\t\t<\/dd><\/dl><dl class='gallery-item'>\n\t\t\t\t<dt class='gallery-icon portrait'>\n\t\t\t\t\t<a class=\"rollover rollover-zoom dt-pswp-item\" title=\"Liceo-Dal-Piaz-768x1024\" data-dt-img-description=\"\" data-large_image_width=\"768\" data-large_image_height=\"1024\"href='https:\/\/www.radiopiu.net\/wordpress\/wp-content\/uploads\/2024\/02\/Liceo-Dal-Piaz-768x1024-1.jpg'><img loading=\"lazy\" decoding=\"async\" width=\"150\" height=\"150\" src=\"https:\/\/www.radiopiu.net\/wordpress\/wp-content\/uploads\/2024\/02\/Liceo-Dal-Piaz-768x1024-1-150x150.jpg\" class=\"attachment-thumbnail size-thumbnail\" alt=\"\" aria-describedby=\"gallery-7-375709\" \/><\/a>\n\t\t\t\t<\/dt>\n\t\t\t\t\t<dd class='wp-caption-text gallery-caption' id='gallery-7-375709'>\n\t\t\t\t\tLiceo Dal Piaz Feltre\n\t\t\t\t\t<\/dd><\/dl><dl class='gallery-item'>\n\t\t\t\t<dt class='gallery-icon landscape'>\n\t\t\t\t\t<a class=\"rollover rollover-zoom dt-pswp-item\" title=\"da-vinci-belluno-768x576\" data-dt-img-description=\"\" data-large_image_width=\"768\" data-large_image_height=\"576\"href='https:\/\/www.radiopiu.net\/wordpress\/wp-content\/uploads\/2024\/02\/da-vinci-belluno-768x576-1.jpg'><img loading=\"lazy\" decoding=\"async\" width=\"150\" height=\"150\" src=\"https:\/\/www.radiopiu.net\/wordpress\/wp-content\/uploads\/2024\/02\/da-vinci-belluno-768x576-1-150x150.jpg\" class=\"attachment-thumbnail size-thumbnail\" alt=\"\" aria-describedby=\"gallery-7-375710\" \/><\/a>\n\t\t\t\t<\/dt>\n\t\t\t\t\t<dd class='wp-caption-text gallery-caption' id='gallery-7-375710'>\n\t\t\t\t\tIstituto Da Vinci Belluno\n\t\t\t\t\t<\/dd><\/dl><dl class='gallery-item'>\n\t\t\t\t<dt class='gallery-icon portrait'>\n\t\t\t\t\t<a class=\"rollover rollover-zoom dt-pswp-item\" title=\"istituto-superiore-feltre-768x1024\" data-dt-img-description=\"\" data-large_image_width=\"768\" data-large_image_height=\"1024\"href='https:\/\/www.radiopiu.net\/wordpress\/wp-content\/uploads\/2024\/02\/istituto-superiore-feltre-768x1024-1.jpg'><img loading=\"lazy\" decoding=\"async\" width=\"150\" height=\"150\" src=\"https:\/\/www.radiopiu.net\/wordpress\/wp-content\/uploads\/2024\/02\/istituto-superiore-feltre-768x1024-1-150x150.jpg\" class=\"attachment-thumbnail size-thumbnail\" alt=\"\" aria-describedby=\"gallery-7-375711\" \/><\/a>\n\t\t\t\t<\/dt>\n\t\t\t\t\t<dd class='wp-caption-text gallery-caption' id='gallery-7-375711'>\n\t\t\t\t\tIstituto Superiore Feltre\n\t\t\t\t\t<\/dd><\/dl><br style=\"clear: both\" \/>\n\t\t\t<\/div>\n\n","protected":false},"excerpt":{"rendered":"<p>40esimo di RADIOPIU\u2026. LA VOCE DELL\u2019EMOZIONE \u00a0 \u00a0 ORE 7.00 FALCADE\u00a0 &#8211; NEVICA &#8211;\u00a0 ph Mauro VPB viabilita&#8217; provincia belluno LIVINALLONGO da Pieve ad\u00a0 Arabba neve bagnata e scivolosa CAMPOLONGO Arabba &#8211; passo Campolongo neve pi\u00f9 compatta. Attenzione\u00a0 vento\u00a0 forte. CENCENIGHE Gi\u00e0 a Cencenighe pioggia mista neve. ORE 800 sono in corso precipitazioni moderate-forti lungo&hellip;<\/p>\n","protected":false},"author":4,"featured_media":375811,"comment_status":"closed","ping_status":"closed","sticky":false,"template":"","format":"standard","meta":{"_monsterinsights_skip_tracking":false,"_monsterinsights_sitenote_active":false,"_monsterinsights_sitenote_note":"","_monsterinsights_sitenote_category":0,"footnotes":""},"categories":[51,86,49],"tags":[],"class_list":["post-375619","post","type-post","status-publish","format-standard","has-post-thumbnail","hentry","category-evidenza-top","category-gr","category-news-18","category-51","category-86","category-49","description-off"],"img_url":"https:\/\/www.radiopiu.net\/wordpress\/wp-content\/uploads\/2024\/02\/b770b5f4-653c-4896-b2b2-5a8074343394.jpg","_links":{"self":[{"href":"https:\/\/www.radiopiu.net\/wordpress\/wp-json\/wp\/v2\/posts\/375619","targetHints":{"allow":["GET"]}}],"collection":[{"href":"https:\/\/www.radiopiu.net\/wordpress\/wp-json\/wp\/v2\/posts"}],"about":[{"href":"https:\/\/www.radiopiu.net\/wordpress\/wp-json\/wp\/v2\/types\/post"}],"author":[{"embeddable":true,"href":"https:\/\/www.radiopiu.net\/wordpress\/wp-json\/wp\/v2\/users\/4"}],"replies":[{"embeddable":true,"href":"https:\/\/www.radiopiu.net\/wordpress\/wp-json\/wp\/v2\/comments?post=375619"}],"version-history":[{"count":0,"href":"https:\/\/www.radiopiu.net\/wordpress\/wp-json\/wp\/v2\/posts\/375619\/revisions"}],"wp:featuredmedia":[{"embeddable":true,"href":"https:\/\/www.radiopiu.net\/wordpress\/wp-json\/wp\/v2\/media\/375811"}],"wp:attachment":[{"href":"https:\/\/www.radiopiu.net\/wordpress\/wp-json\/wp\/v2\/media?parent=375619"}],"wp:term":[{"taxonomy":"category","embeddable":true,"href":"https:\/\/www.radiopiu.net\/wordpress\/wp-json\/wp\/v2\/categories?post=375619"},{"taxonomy":"post_tag","embeddable":true,"href":"https:\/\/www.radiopiu.net\/wordpress\/wp-json\/wp\/v2\/tags?post=375619"}],"curies":[{"name":"wp","href":"https:\/\/api.w.org\/{rel}","templated":true}]}}