{"id":375764,"date":"2024-02-24T05:29:52","date_gmt":"2024-02-24T04:29:52","guid":{"rendered":"https:\/\/www.radiopiu.net\/wordpress\/?p=375764"},"modified":"2024-02-24T09:16:35","modified_gmt":"2024-02-24T08:16:35","slug":"giornale-radiopiu-24-febbraio-2024-direttore-mirko-mezzacasada-40-anni-25-giugno-1983-25-giugno-2023","status":"publish","type":"post","link":"https:\/\/www.radiopiu.net\/wordpress\/giornale-radiopiu-24-febbraio-2024-direttore-mirko-mezzacasada-40-anni-25-giugno-1983-25-giugno-2023\/","title":{"rendered":"GIORNALE RADIOPIU 24 FEBBRAIO 2024 DIRETTORE MIRKO MEZZACASA\u2026DA 40 ANNI 25 GIUGNO 1983-25 GIUGNO 2023"},"content":{"rendered":"<p>*****<\/p>\n<p>&nbsp;<\/p>\n<p>&nbsp;<\/p>\n<blockquote>\n<h3>COPPA DEL MONDO, PROVA ODIERNA ANNULLATA, ORDINANZA CHIUSURA STRADA REVOCATA<\/h3>\n<\/blockquote>\n<div class=\"xdj266r x11i5rnm xat24cr x1mh8g0r x1vvkbs x126k92a\">\n<div dir=\"auto\"><span style=\"color: #0000ff;\">pagina facebook SKI AREA SAN PELLEGRINO<\/span>\u00a0 \u00a0A causa della quantit\u00e0 di neve caduta nelle ultime 24 ore, la gara di SuperG di oggi \u00e8 stata annullata. Abbiamo lavorato incessantemente e stiamo ancora lavorando in pista per essere pronti per la gara di domani.<\/div>\n<\/div>\n<div dir=\"auto\"><strong>ORDINANZA CHIUSURA STRADA REVOCATA<\/strong><\/div>\n<p>&nbsp;<\/p>\n<p>&nbsp;<\/p>\n<p>&nbsp;<\/p>\n<hr \/>\n<p>&nbsp;<\/p>\n<h1 class=\"entry-title photoswipe-wrapper\"><strong><a class=\"dt-pswp-item\" href=\"https:\/\/www.radiopiu.net\/wordpress\/wp-content\/uploads\/2023\/12\/logo-radio.jpg\" data-dt-img-description=\"\" data-large_image_width=\"800\" data-large_image_height=\"600\"><img loading=\"lazy\" decoding=\"async\" class=\"wp-image-367163 alignleft\" src=\"https:\/\/www.radiopiu.net\/wordpress\/wp-content\/uploads\/2023\/12\/logo-radio-300x225.jpg\" alt=\"\" width=\"109\" height=\"82\" srcset=\"https:\/\/www.radiopiu.net\/wordpress\/wp-content\/uploads\/2023\/12\/logo-radio-300x225.jpg 300w, https:\/\/www.radiopiu.net\/wordpress\/wp-content\/uploads\/2023\/12\/logo-radio-768x576.jpg 768w, https:\/\/www.radiopiu.net\/wordpress\/wp-content\/uploads\/2023\/12\/logo-radio.jpg 800w\" sizes=\"auto, (max-width: 109px) 100vw, 109px\" \/><\/a><\/strong><\/h1>\n<h1 class=\"entry-title photoswipe-wrapper\">40esimo di RADIOPIU\u2026. LA VOCE DELL\u2019EMOZIONE<\/h1>\n<h2><\/h2>\n<h2><span style=\"color: #ff0000;\">ISCRIVITI AL NOSTRO CANALE\u00a0\u00a0YOUTUBE PER SEGUIRE IN DIRETTA I PRINCIPALI PROGRAMMI DI RADIO PIU\u2019 E LE FUTURE DIRETTE IN ESTERNA. PER ISCRIVERTI <a style=\"color: #ff0000;\" href=\"https:\/\/youtube.com\/@radiopiu1527\">CLICCA QUI\u00a0<\/a>E PREMI\u00a0 \u201cIscriviti\u201d\u00a0 \u00a0<\/span><\/h2>\n<div class=\"x1e56ztr\" data-block=\"true\" data-editor=\"avj4u\" data-offset-key=\"d3i0j-0-0\"><\/div>\n<div data-block=\"true\" data-editor=\"avj4u\" data-offset-key=\"d3i0j-0-0\"><\/div>\n<div data-block=\"true\" data-editor=\"avj4u\" data-offset-key=\"d3i0j-0-0\"><\/div>\n<div class=\"x11i5rnm xat24cr x1mh8g0r x1vvkbs xtlvy1s x126k92a\">\n<div dir=\"auto\">\n<p><a class=\"dt-pswp-item\" href=\"https:\/\/www.radiopiu.net\/wordpress\/wp-content\/uploads\/2023\/10\/34f4cfc6-e863-46e9-9695-8df44be63421.jpg\" data-dt-img-description=\"\" data-large_image_width=\"1200\" data-large_image_height=\"1200\"><img loading=\"lazy\" decoding=\"async\" class=\"wp-image-357393 alignleft\" src=\"https:\/\/www.radiopiu.net\/wordpress\/wp-content\/uploads\/2023\/10\/34f4cfc6-e863-46e9-9695-8df44be63421-300x300.jpg\" alt=\"\" width=\"81\" height=\"81\" srcset=\"https:\/\/www.radiopiu.net\/wordpress\/wp-content\/uploads\/2023\/10\/34f4cfc6-e863-46e9-9695-8df44be63421-300x300.jpg 300w, https:\/\/www.radiopiu.net\/wordpress\/wp-content\/uploads\/2023\/10\/34f4cfc6-e863-46e9-9695-8df44be63421-1024x1024.jpg 1024w, https:\/\/www.radiopiu.net\/wordpress\/wp-content\/uploads\/2023\/10\/34f4cfc6-e863-46e9-9695-8df44be63421-150x150.jpg 150w, https:\/\/www.radiopiu.net\/wordpress\/wp-content\/uploads\/2023\/10\/34f4cfc6-e863-46e9-9695-8df44be63421-768x768.jpg 768w, https:\/\/www.radiopiu.net\/wordpress\/wp-content\/uploads\/2023\/10\/34f4cfc6-e863-46e9-9695-8df44be63421.jpg 1200w\" sizes=\"auto, (max-width: 81px) 100vw, 81px\" \/><\/a>OGGI ALLA RADIO: <strong>ALLE 7<\/strong> LA RASSEGNA STAMPA LOCALE FLASH, PER CHI COME NOI ALLE SETTE DEL MATTINO VA DI FRETTA, TANTE NOTIZIE IN POCHE CHIACCHIERE. <strong>ALLE OTTO<\/strong> L&#8217;APPROFONDIMENTO NELLA STORICA RASSEGNA STAMPA LOCALE.\u00a0 DALLE 6 ALLE 21, OGNI ORA, L&#8217;INFORMAZIONE NAZIONALE, l&#8217;informazione locale,\u00a0 OGNI ORA IN CODA AL GR NAZIONALE, ALLE 14 VIABILITA 15 METEOROLOGIA 19 I TITOLI DAL TG DI ANTENNA 3 A CURA DI TIZIANA BOLOGNANI<\/p>\n<p>&nbsp;<\/p>\n<p><span style=\"color: #ff0000;\">OGGI ALLA RADIO <\/span><strong>ALLE 8. 20<\/strong> PIU&#8217; SIAMO di Marina Don\u00e0 <strong>ALLE 9<\/strong> Premier di Marco Gaz e lo speciale anni 80 con Monica Fontanive<strong> alle 10.10 <\/strong>NORMAN del Musla per le nove in ladin alle <strong>10.30\u00a0<\/strong> appuntamento con\u00a0 &#8220;120-80&#8221; sanita&#8217; alla radio, i professionisti del Poliambulatorio agordino, oggi Laura Dai Pra, psicologa.<strong> ALLE 13.10<\/strong> IL GIORmALE RADIO DI Marco V Dal Farra.<\/p>\n<p><strong>ALLE 9<\/strong> PREMIER\u00a0 le novit\u00e0 musicali di Marco Gaz <strong>ALLE 10.30<\/strong> la rassegna stampa da L&#8217;amico del Popolo di Gianni Santomaso <strong>ALLE 14<\/strong> elettrochosk di Dj Jack Del Tedesco <strong>ALLE 15.00<\/strong> la classifica ufficiale di RADIOPIU di Marco Gaz <strong>ALLE 20.30<\/strong> HOCKEY AL PUNTO GIUSTO alleghe hockey<\/p>\n<p>&nbsp;<\/p>\n<p><strong><a class=\"dt-pswp-item\" href=\"https:\/\/www.radiopiu.net\/wordpress\/wp-content\/uploads\/2024\/02\/2d44e751-d8a8-461b-8e22-d8e4e853b032.jpg\" data-dt-img-description=\"\" data-large_image_width=\"1600\" data-large_image_height=\"1200\"><img loading=\"lazy\" decoding=\"async\" class=\"wp-image-373307 alignleft\" src=\"https:\/\/www.radiopiu.net\/wordpress\/wp-content\/uploads\/2024\/02\/2d44e751-d8a8-461b-8e22-d8e4e853b032-300x225.jpg\" alt=\"\" width=\"105\" height=\"79\" srcset=\"https:\/\/www.radiopiu.net\/wordpress\/wp-content\/uploads\/2024\/02\/2d44e751-d8a8-461b-8e22-d8e4e853b032-300x225.jpg 300w, https:\/\/www.radiopiu.net\/wordpress\/wp-content\/uploads\/2024\/02\/2d44e751-d8a8-461b-8e22-d8e4e853b032-1024x768.jpg 1024w, https:\/\/www.radiopiu.net\/wordpress\/wp-content\/uploads\/2024\/02\/2d44e751-d8a8-461b-8e22-d8e4e853b032-768x576.jpg 768w, https:\/\/www.radiopiu.net\/wordpress\/wp-content\/uploads\/2024\/02\/2d44e751-d8a8-461b-8e22-d8e4e853b032-1536x1152.jpg 1536w, https:\/\/www.radiopiu.net\/wordpress\/wp-content\/uploads\/2024\/02\/2d44e751-d8a8-461b-8e22-d8e4e853b032.jpg 1600w\" sizes=\"auto, (max-width: 105px) 100vw, 105px\" \/><\/a>EL BAL DEL FIOR, DI GIULIANA DA RONCH, 24 FEBBRAIO 2024<\/strong><\/p>\n<\/div>\n<audio class=\"wp-audio-shortcode\" id=\"audio-375764-1\" preload=\"none\" style=\"width: 100%;\" controls=\"controls\"><source type=\"audio\/mpeg\" src=\"https:\/\/www.radiopiu.net\/wordpress\/wp-content\/uploads\/2024\/02\/GSA.mp3?_=1\" \/><a href=\"https:\/\/www.radiopiu.net\/wordpress\/wp-content\/uploads\/2024\/02\/GSA.mp3\">https:\/\/www.radiopiu.net\/wordpress\/wp-content\/uploads\/2024\/02\/GSA.mp3<\/a><\/audio>\n<p>&nbsp;<\/p>\n<p>&nbsp;<\/p>\n<p>&nbsp;<\/p>\n<p>&nbsp;<\/p>\n<hr \/>\n<\/div>\n<hr \/>\n<hr \/>\n<hr \/>\n<blockquote>\n<blockquote>\n<h1><span style=\"color: #ff0000;\">\u00a0<\/span><\/h1>\n<h1><span style=\"color: #ff0000;\">I podcast informativi del mattino &#8211; audio &#8211;\u00a0<\/span><\/h1>\n<\/blockquote>\n<p><strong><a class=\"dt-pswp-item\" href=\"https:\/\/www.radiopiu.net\/wordpress\/wp-content\/uploads\/2023\/11\/th-10.jpg\" data-dt-img-description=\"\" data-large_image_width=\"320\" data-large_image_height=\"180\"><img loading=\"lazy\" decoding=\"async\" class=\"wp-image-362866 alignleft\" src=\"https:\/\/www.radiopiu.net\/wordpress\/wp-content\/uploads\/2023\/11\/th-10-300x169.jpg\" alt=\"\" width=\"185\" height=\"104\" srcset=\"https:\/\/www.radiopiu.net\/wordpress\/wp-content\/uploads\/2023\/11\/th-10-300x169.jpg 300w, https:\/\/www.radiopiu.net\/wordpress\/wp-content\/uploads\/2023\/11\/th-10.jpg 320w\" sizes=\"auto, (max-width: 185px) 100vw, 185px\" \/><\/a>LA RASSEGNA STAMPA NAZIONALE ALLA RADIO, OGNI GIORNO ALLE 5 E ALLE 6 DEL MATTINO <span style=\"color: #0000ff;\">viene pubblicata alle 6.00 <span style=\"color: #ff0000;\">DIRETTA RADIO\u00a0\u00a0<\/span><\/span><\/strong><\/p>\n<p>DI PAOLO FRANZA<\/p>\n<p><strong>Meloni<\/strong> <em>&#8220;Se De Luca avesse speso\u00a0 meno tempo a fare dirette social anzich\u00e8 lavorare avremo risultati migliori&#8221;.<\/em><\/p>\n<p>Firenze, Pisa, Pro Palestina, i <strong>cortei.<\/strong> Mosca, alla madre del <strong>dissidente<\/strong> &#8220;fate funerale<br \/>\nsegreto o verr\u00e0 sepolto in carcere.<strong> Brescia<\/strong>\u00a0 rapina da 300.000 euro. Solidariet\u00e0 di <strong>Mattarella<\/strong> a Meloni. Fedez parla dopo la notizia della separazione da Chiara Ferragni.<\/p><\/blockquote>\n<h2>L&#8217;AUDIO dalle 4 del mattino<\/h2>\n<audio class=\"wp-audio-shortcode\" id=\"audio-375764-2\" preload=\"none\" style=\"width: 100%;\" controls=\"controls\"><source type=\"audio\/mpeg\" src=\"https:\/\/www.radiopiu.net\/wordpress\/wp-content\/uploads\/2024\/02\/GIORNALEDELLESEI-24.mp3?_=2\" \/><a href=\"https:\/\/www.radiopiu.net\/wordpress\/wp-content\/uploads\/2024\/02\/GIORNALEDELLESEI-24.mp3\">https:\/\/www.radiopiu.net\/wordpress\/wp-content\/uploads\/2024\/02\/GIORNALEDELLESEI-24.mp3<\/a><\/audio>\n<p>&nbsp;<\/p>\n<p>&nbsp;<\/p>\n<hr \/>\n<p>&nbsp;<\/p>\n<h1 style=\"text-align: center;\"><span style=\"color: #ff0000;\">I podcast informativi del mattino &#8211; audio &#8211;\u00a0<\/span><\/h1>\n<p><strong><a class=\"dt-pswp-item\" href=\"https:\/\/www.radiopiu.net\/wordpress\/wp-content\/uploads\/2023\/12\/images.png\" data-dt-img-description=\"\" data-large_image_width=\"316\" data-large_image_height=\"160\"><img loading=\"lazy\" decoding=\"async\" class=\"wp-image-367008 alignleft\" src=\"https:\/\/www.radiopiu.net\/wordpress\/wp-content\/uploads\/2023\/12\/images-300x152.png\" alt=\"\" width=\"235\" height=\"119\" srcset=\"https:\/\/www.radiopiu.net\/wordpress\/wp-content\/uploads\/2023\/12\/images-300x152.png 300w, https:\/\/www.radiopiu.net\/wordpress\/wp-content\/uploads\/2023\/12\/images.png 316w\" sizes=\"auto, (max-width: 235px) 100vw, 235px\" \/><\/a>OGNI GIORNO ALLE SETTE DEL MATTINO, LA RASSEGNA STAMPA LOCALE FLASH&#8230; PER CHI VA IN FRETTA. I TITOLI DAI GIORNALI E DAL SITO WWW.RADIOPIU.NET <span style=\"color: #0000ff;\">viene pubblicato alle 7.00<\/span> <span style=\"color: #ff0000;\">DIRETTA RADIO\u00a0<\/span><\/strong><\/p>\n<p><em><span style=\"color: #ff0000;\">per chi va in fretta&#8230; tante notizie in pochi minuti. L&#8217;informazione locale alla radio, ogni ora dalle 7 del mattino alle 19 della sera.\u00a0 \u00a0\u00a0<\/span><\/em><\/p>\n<p><strong>NON SOLO OLIMPIADI, NON SOLO BOB A CORTINA<\/strong><br \/>\n<strong>RADIO PIU\u2019 SALUTA ED ONORA LE CAMPIONESSE DELLO SCI AUGURANDO LORO DUE GIORNI DI GRANDE GIOIA SULLE NEVI DELL\u2019AREA SAN PELLEGRINO-FALCADE. ORGOGLIOSI PER L\u2019EVENTO IN MONDOVISIONE CON IL GRAZIE A CHI E\u2019 RIUSCITO NELL\u2019IMPRESA CORONANDO UN SOGNO, AI TECNICI E IMPIANTISTI SEMPRE SUL \u201cPEZZO\u201d, AGLI OPERATORI TURISTICI CHE DIMOSTRANO DI CREDERE NELLE POTENZIALITA\u2019 DELLA MONTAGNA E DEL TURISMO BELLUNESE, REGIONALE, NAZIONALE E INTERNAZIONALI<\/strong><br \/>\n<span style=\"color: #ff0000;\">COPPA DEL MONDO SULLA VOLATA\u2026LIMITAZIONI ALLA VIABILITA\u2019<\/span><br \/>\n<span style=\"color: #008000;\">OGGI E DOMANI STRADA PER IL PASSO SAN PELLEGRINO CHIUSA DALLE 9 ALLE 11. SERVIZIO NAVETTA DA CANALE D\u2019AGORDO DALLE 8.30 ALLE 10.30, RITORNO DALLE 13 ALLE 15.<\/span><br \/>\n<strong>BELLUNO,<\/strong> 100 INTERVENTI DEI VIGILI DEL FUOCO PER LE ABBONDANTI NEVICATE<br \/>\nCATENE MONTATE IN MEZZO ALLA STRADA, RALLENTAMENTI E DISAGI<br \/>\nINCOMBE IL PERICOLO DI VALANGHE, IERI PAURA IN COMELICO<br \/>\n<strong>GDF<\/strong> BELLUNO: SEQUESTRATI 672 PRODOTTI ELETTRONICI NON SICURI<br \/>\n<span style=\"color: #0000ff;\"><strong>LA TRUFFA<\/strong> \u201cDEL FIGLIO INCARCERATO\u201d<\/span><br \/>\n<strong>BELLUNO<\/strong> L\u2019anziana \u00e8 stata contattata dal falso maresciallo dei carabinieri che facendo il nome esatto del figlio, gli comunicava che questo aveva investito una signora ed era stato incarcerato, quindi era necessaria la cauzione da 2000 euro.<br \/>\n<strong>ALPAGO<\/strong> Un boscaiolo alpagoto \u00e8 stato brutalmente aggredito fuori da un locale a Farra d\u2019Alpago, con due uomini indagati per lesioni aggravate.<\/p>\n<h2>AUDIO dalle 7 del mattino<\/h2>\n<audio class=\"wp-audio-shortcode\" id=\"audio-375764-3\" preload=\"none\" style=\"width: 100%;\" controls=\"controls\"><source type=\"audio\/mpeg\" src=\"https:\/\/www.radiopiu.net\/wordpress\/wp-content\/uploads\/2024\/02\/GF07-20.mp3?_=3\" \/><a href=\"https:\/\/www.radiopiu.net\/wordpress\/wp-content\/uploads\/2024\/02\/GF07-20.mp3\">https:\/\/www.radiopiu.net\/wordpress\/wp-content\/uploads\/2024\/02\/GF07-20.mp3<\/a><\/audio>\n<p>&nbsp;<\/p>\n<hr \/>\n<p>&nbsp;<\/p>\n<h1><\/h1>\n<h1 style=\"text-align: center;\"><span style=\"color: #ff0000;\"><a class=\"dt-pswp-item\" href=\"https:\/\/www.radiopiu.net\/wordpress\/wp-content\/uploads\/2022\/01\/026c3f9d-dae9-4040-a3c1-a6530231bcc3.jpg\" data-dt-img-description=\"\" data-large_image_width=\"1152\" data-large_image_height=\"2048\"><img loading=\"lazy\" decoding=\"async\" class=\"wp-image-251839 alignleft\" src=\"https:\/\/www.radiopiu.net\/wordpress\/wp-content\/uploads\/2022\/01\/026c3f9d-dae9-4040-a3c1-a6530231bcc3-169x300.jpg\" alt=\"\" width=\"100\" height=\"177\" srcset=\"https:\/\/www.radiopiu.net\/wordpress\/wp-content\/uploads\/2022\/01\/026c3f9d-dae9-4040-a3c1-a6530231bcc3-169x300.jpg 169w, https:\/\/www.radiopiu.net\/wordpress\/wp-content\/uploads\/2022\/01\/026c3f9d-dae9-4040-a3c1-a6530231bcc3-576x1024.jpg 576w, https:\/\/www.radiopiu.net\/wordpress\/wp-content\/uploads\/2022\/01\/026c3f9d-dae9-4040-a3c1-a6530231bcc3-768x1365.jpg 768w, https:\/\/www.radiopiu.net\/wordpress\/wp-content\/uploads\/2022\/01\/026c3f9d-dae9-4040-a3c1-a6530231bcc3-864x1536.jpg 864w, https:\/\/www.radiopiu.net\/wordpress\/wp-content\/uploads\/2022\/01\/026c3f9d-dae9-4040-a3c1-a6530231bcc3.jpg 1152w\" sizes=\"auto, (max-width: 100px) 100vw, 100px\" \/><\/a>I podcast informativi del mattino &#8211; audio &#8211;\u00a0<\/span><\/h1>\n<blockquote><p><strong>GIORNALE RADIO NAZIONALE, EDIZIONE DELLE SETTE <span style=\"color: #0000ff;\">viene pubblicato alle 7.05 <span style=\"color: #ff0000;\">DIRETTA RADIO\u00a0<\/span><\/span><\/strong><\/p><\/blockquote>\n<p><strong>il giornale radionazionale e&#8217; in onda ogni ora, dalle sette del mattino alle venti della sera\u00a0\u00a0<\/strong><\/p>\n<p>&nbsp;<\/p>\n<p><strong>Ucraina,<\/strong> due anni dall&#8217;invasione russa, ancora sanzioni. <strong>Ucraina<\/strong> ferita aperta nel cuore dell&#8217;Europa dice l&#8217;Onu. Ultimatum alla madre del dissidente, o funerali segreti o seppellimento in Siberia nella colonia penale. Manifestanti in <strong>Argentina<\/strong>, chiesti gli aiuti per le mense sospesi dal Governo. <strong>Cortei<\/strong> pro Palestina. caricati i manifestanti, per Conte immagini non degne. <strong>Roma<\/strong> cadavere avvolto dalle fiamme, allarme dai passanti.<strong> Sport <\/strong>26esima di seria A battuto il Verona sprecone.<\/p>\n<h2>AUDIO dalle sette del mattino, ogni ora alla radio<\/h2>\n<audio class=\"wp-audio-shortcode\" id=\"audio-375764-4\" preload=\"none\" style=\"width: 100%;\" controls=\"controls\"><source type=\"audio\/mpeg\" src=\"https:\/\/www.radiopiu.net\/wordpress\/wp-content\/uploads\/2024\/02\/giornale07-20.mp3?_=4\" \/><a href=\"https:\/\/www.radiopiu.net\/wordpress\/wp-content\/uploads\/2024\/02\/giornale07-20.mp3\">https:\/\/www.radiopiu.net\/wordpress\/wp-content\/uploads\/2024\/02\/giornale07-20.mp3<\/a><\/audio>\n<h2><\/h2>\n<hr \/>\n<p>&nbsp;<\/p>\n<p>&nbsp;<\/p>\n<h1><span style=\"color: #ff0000;\">I podcast informativi del mattino &#8211; video &#8211;\u00a0<\/span><\/h1>\n<h2><strong><a class=\"dt-pswp-item\" href=\"https:\/\/www.radiopiu.net\/wordpress\/wp-content\/uploads\/2023\/12\/th-10.jpg\" data-dt-img-description=\"\" data-large_image_width=\"245\" data-large_image_height=\"180\"><img loading=\"lazy\" decoding=\"async\" class=\" wp-image-367395 alignleft\" src=\"https:\/\/www.radiopiu.net\/wordpress\/wp-content\/uploads\/2023\/12\/th-10.jpg\" alt=\"\" width=\"166\" height=\"122\" \/><\/a>RASSEGNA STAMPA LOCALE, ORE OTTO 05<\/strong><\/h2>\n<h2><strong> <span style=\"color: #0000ff;\">viene\u00a0 <\/span><\/strong><strong><span style=\"color: #0000ff;\">pubblicata alle 8.05 <span style=\"color: #ff0000;\">DIRETTA RADIO\u00a0\u00a0<\/span><\/span><\/strong><\/h2>\n<p>&nbsp;<\/p>\n<p><strong>DI MIRKO MEZZACASA\u00a0 \u00a0<\/strong><\/p>\n<p><strong>FELTRE<\/strong> I Vigili del Fuoco sono intervenuti nel primo pomeriggio di ieri per segnalazioni di forte odore tra Farra e viale Pedavena, temendo una fuga di gas. Dopo controlli approfonditi lungo l\u2019area segnalata, nessuna anomalia \u00e8 stata riscontrata, confermando l\u2019assenza di fughe di gas.<br \/>\n<strong>SOSPIROLO<\/strong> Nella chiesa di Libano, si sono svolti ieri i funerali di Ugo Tibolla, 64enne noto per la gestione del bar Taverna a Susin di Sospirolo.<br \/>\n<strong>EZIO ZUANEL SI RICANDIDA A SINDACO DI LA VALLE<\/strong><br \/>\n<span style=\"color: #ff0000;\">RIFIUTI E DEIEZIONI DEI CANI: L\u2019APPELLO DEL SINDACO CHISSALE\u2019 AI CITTADINI DI AGORDO<\/span><br \/>\n<span style=\"color: #0000ff;\">ESSILORLUXOTTICA: NEL MESE DI MARZO NESSUN SABATO LAVORATIVO PER LO STABILIMENTO DI AGORDO<\/span><br \/>\n<strong>AGORDO<\/strong> GIOVEDI\u2019 IL CONSIGLIO DELL\u2019UNIONE MONTANA AGORDINA<br \/>\n<strong>LENTIAI<\/strong> L\u2019ISTITUTO COMPRENSIVO DI MEL E LENTIAI OSPITA, L\u2019ATTORE FABRIZIO PALMA E IL SUO \u201cSIAMO TUTTE SCHIAPPE\u201d<br \/>\n<strong>AGORDO<\/strong> L\u2019ASSEMBLEA DEL GAMP SABATO 2 MARZO<br \/>\n<strong>SOSPIROLO<\/strong> IN USCITA IL NUOVO LIBRO DI IRENE PAMPANIN<\/p>\n<p><strong>HOCKEY SU GHIACCIO<\/strong> PROVE DI PLAYOFF PER LE CIVETTE. ALLEGHE AD APPIANO PER L\u2019ULTIMA GIORNATA DI MASTER ROUND<br \/>\nTRASFERTA A BRESSANONE PER IL FELTRE<br \/>\n<strong>CALCIO<\/strong> DOMANI LA SECONDA GIORNATA DEL GIRONE DI RITORNO DELLA TERZA CATEGORIA<br \/>\n<strong>PALLAVOLO<\/strong> PALLAVOLO BELLUNO FEMMINILE PRONTA ALLO SCONTRO CON IL VOLPE<br \/>\nSPORT ED <strong>INCLUSIONE<\/strong> SNOW-ABILI AD ALLEGHE: UN\u2019ESPERIENZA UNICA DI INCLUSIONE SULLA NEVE PER OLTRE 350 RAGAZZI CON DISABILIT\u00c0<\/p>\n<h2><strong>VIDEO\u00a0 \u00a0in diretta dalle 8 del mattino\u00a0<\/strong><\/h2>\n<p><iframe loading=\"lazy\" title=\"DAL 1983 LA RASSEGNA STAMPA LOCALE di mirko mezzacasa. L&#039;ORIGINALE\" width=\"1200\" height=\"675\" src=\"https:\/\/www.youtube.com\/embed\/a_knQq3mdJE?feature=oembed\" frameborder=\"0\" allow=\"accelerometer; autoplay; clipboard-write; encrypted-media; gyroscope; picture-in-picture; web-share\" allowfullscreen><\/iframe><\/p>\n<hr \/>\n<p>&nbsp;<\/p>\n<blockquote>\n<h3>TORNA POTABILE L&#8217;ACQUA A TAIBON<\/h3>\n<\/blockquote>\n<p>A TAIBON AGORDINO nelle localit\u00e0 TAIBON CENTRO, VIA SAN LUCANO, VIA DANTE ALIGHIERI, VIA BRUSTOLON, VIA FOCH, VIA COL DI LANA e VIA DELLE SCUOLE l\u2019acqua erogata dall\u2019acquedotto \u00e8 di nuovo potabile e pu\u00f2 essere usata, quindi, per scopi alimentari.<\/p>\n<p>&nbsp;<\/p>\n<blockquote>\n<h3>LAVORI PROGRAMMATI GSP<\/h3>\n<\/blockquote>\n<p>Gestione Servizi Pubblici informa che, per lavori alla rete idrica comunale, luned\u00ec dalle 8:00 a FINE LAVORI verr\u00e0 sospesa l\u2019erogazione dell\u2019acqua a AGORDO nelle Frazioni FAION e MOZZACH. Il personale addetto operer\u00e0 per limitare il pi\u00f9 possibile i disagi alla popolazione.<\/p>\n<p>&nbsp;<\/p>\n<hr \/>\n<p>&nbsp;<\/p>\n<blockquote>\n<h3>COPPA DEL MONDO SULLA VOLATA&#8230;LIMITAZIONI ALLA VIABILITA&#8217;<\/h3>\n<\/blockquote>\n<p><strong>DOMANI STRADA PER IL PASSO SAN PELLEGRINO CHIUSA DALLE 9 ALLE 11. SERVIZIO NAVETTA DA CANALE D&#8217;AGORDO DALLE 8.30 ALLE 10.30, RITORNO DALLE 13 ALLE 15.<\/strong><\/p>\n<p>&nbsp;<\/p>\n<hr \/>\n<p>&nbsp;<\/p>\n<blockquote>\n<h3>BELLUNO, 100 INTERVENTI DEI VIGILI DEL FUOCO PER LE ABBONDANTI NEVICATE<\/h3>\n<\/blockquote>\n<p><strong>BELLUNO<\/strong> Sono quasi 100 gli interventi dei Vigili del Fuoco in provincia di Belluno per le abbondanti nevicate, che hanno interessato gran parte della provincia. Interventi principalmente per la rimozione di auto e mezzi pesanti rimasti bloccati dalla neve. Tra le operazioni di soccorso la rimozione di un bus parzialmente fuoristrada sul passo Giau a Colle Santa Lucia. Interventi dei vigili del fuoco nella conca Ampezzana, nei comuni del Cadore e dell\u2019Agordino.<\/p>\n\n\t\t\t<style type='text\/css'>\n\t\t\t\t#gallery-1 {\n\t\t\t\t\tmargin: auto;\n\t\t\t\t}\n\t\t\t\t#gallery-1 .gallery-item {\n\t\t\t\t\tfloat: left;\n\t\t\t\t\tmargin-top: 10px;\n\t\t\t\t\ttext-align: center;\n\t\t\t\t\twidth: 25%;\n\t\t\t\t}\n\t\t\t\t#gallery-1 img {\n\t\t\t\t\tborder: 2px solid #cfcfcf;\n\t\t\t\t}\n\t\t\t\t#gallery-1 .gallery-caption {\n\t\t\t\t\tmargin-left: 0;\n\t\t\t\t}\n\t\t\t\t\/* see gallery_shortcode() in wp-includes\/media.php *\/\n\t\t\t<\/style>\n\t\t<div id='gallery-1' class='dt-gallery-container gallery galleryid-375764 gallery-columns-4 gallery-size-thumbnail'><dl class='gallery-item'>\n\t\t\t\t<dt class='gallery-icon landscape'>\n\t\t\t\t\t<a class=\"rollover rollover-zoom dt-pswp-item\" title=\"29d239a7-73b2-4a54-bb53-728d4f0b75ed\" data-dt-img-description=\"\" data-large_image_width=\"1600\" data-large_image_height=\"764\"href='https:\/\/www.radiopiu.net\/wordpress\/wp-content\/uploads\/2024\/02\/29d239a7-73b2-4a54-bb53-728d4f0b75ed.jpg'><img loading=\"lazy\" decoding=\"async\" width=\"150\" height=\"150\" src=\"https:\/\/www.radiopiu.net\/wordpress\/wp-content\/uploads\/2024\/02\/29d239a7-73b2-4a54-bb53-728d4f0b75ed-150x150.jpg\" class=\"attachment-thumbnail size-thumbnail\" alt=\"\" \/><\/a>\n\t\t\t\t<\/dt><\/dl><dl class='gallery-item'>\n\t\t\t\t<dt class='gallery-icon landscape'>\n\t\t\t\t\t<a class=\"rollover rollover-zoom dt-pswp-item\" title=\"4a6d9828-82a8-478e-b578-f352f721bbe2\" data-dt-img-description=\"\" data-large_image_width=\"960\" data-large_image_height=\"720\"href='https:\/\/www.radiopiu.net\/wordpress\/wp-content\/uploads\/2024\/02\/4a6d9828-82a8-478e-b578-f352f721bbe2.jpg'><img loading=\"lazy\" decoding=\"async\" width=\"150\" height=\"150\" src=\"https:\/\/www.radiopiu.net\/wordpress\/wp-content\/uploads\/2024\/02\/4a6d9828-82a8-478e-b578-f352f721bbe2-150x150.jpg\" class=\"attachment-thumbnail size-thumbnail\" alt=\"\" \/><\/a>\n\t\t\t\t<\/dt><\/dl><dl class='gallery-item'>\n\t\t\t\t<dt class='gallery-icon landscape'>\n\t\t\t\t\t<a class=\"rollover rollover-zoom dt-pswp-item\" title=\"629498da-8905-481b-acf9-7e1d95c1ac51\" data-dt-img-description=\"\" data-large_image_width=\"960\" data-large_image_height=\"650\"href='https:\/\/www.radiopiu.net\/wordpress\/wp-content\/uploads\/2024\/02\/629498da-8905-481b-acf9-7e1d95c1ac51.jpg'><img loading=\"lazy\" decoding=\"async\" width=\"150\" height=\"150\" src=\"https:\/\/www.radiopiu.net\/wordpress\/wp-content\/uploads\/2024\/02\/629498da-8905-481b-acf9-7e1d95c1ac51-150x150.jpg\" class=\"attachment-thumbnail size-thumbnail\" alt=\"\" \/><\/a>\n\t\t\t\t<\/dt><\/dl><dl class='gallery-item'>\n\t\t\t\t<dt class='gallery-icon landscape'>\n\t\t\t\t\t<a class=\"rollover rollover-zoom dt-pswp-item\" title=\"1f03e33d-46d1-4699-aec4-1d06bbe1adca\" data-dt-img-description=\"\" data-large_image_width=\"960\" data-large_image_height=\"644\"href='https:\/\/www.radiopiu.net\/wordpress\/wp-content\/uploads\/2024\/02\/1f03e33d-46d1-4699-aec4-1d06bbe1adca.jpg'><img loading=\"lazy\" decoding=\"async\" width=\"150\" height=\"150\" src=\"https:\/\/www.radiopiu.net\/wordpress\/wp-content\/uploads\/2024\/02\/1f03e33d-46d1-4699-aec4-1d06bbe1adca-150x150.jpg\" class=\"attachment-thumbnail size-thumbnail\" alt=\"\" \/><\/a>\n\t\t\t\t<\/dt><\/dl><br style=\"clear: both\" \/><dl class='gallery-item'>\n\t\t\t\t<dt class='gallery-icon landscape'>\n\t\t\t\t\t<a class=\"rollover rollover-zoom dt-pswp-item\" title=\"d54f5c2b-316a-4a20-bdda-b4b719d81bd9\" data-dt-img-description=\"\" data-large_image_width=\"960\" data-large_image_height=\"686\"href='https:\/\/www.radiopiu.net\/wordpress\/wp-content\/uploads\/2024\/02\/d54f5c2b-316a-4a20-bdda-b4b719d81bd9.jpg'><img loading=\"lazy\" decoding=\"async\" width=\"150\" height=\"150\" src=\"https:\/\/www.radiopiu.net\/wordpress\/wp-content\/uploads\/2024\/02\/d54f5c2b-316a-4a20-bdda-b4b719d81bd9-150x150.jpg\" class=\"attachment-thumbnail size-thumbnail\" alt=\"\" \/><\/a>\n\t\t\t\t<\/dt><\/dl><dl class='gallery-item'>\n\t\t\t\t<dt class='gallery-icon portrait'>\n\t\t\t\t\t<a class=\"rollover rollover-zoom dt-pswp-item\" title=\"a1989511-dd0d-4f5e-974d-254dba604528\" data-dt-img-description=\"\" data-large_image_width=\"960\" data-large_image_height=\"1280\"href='https:\/\/www.radiopiu.net\/wordpress\/wp-content\/uploads\/2024\/02\/a1989511-dd0d-4f5e-974d-254dba604528.jpg'><img loading=\"lazy\" decoding=\"async\" width=\"150\" height=\"150\" src=\"https:\/\/www.radiopiu.net\/wordpress\/wp-content\/uploads\/2024\/02\/a1989511-dd0d-4f5e-974d-254dba604528-150x150.jpg\" class=\"attachment-thumbnail size-thumbnail\" alt=\"\" \/><\/a>\n\t\t\t\t<\/dt><\/dl><dl class='gallery-item'>\n\t\t\t\t<dt class='gallery-icon portrait'>\n\t\t\t\t\t<a class=\"rollover rollover-zoom dt-pswp-item\" title=\"3864e062-eb1a-46d3-a945-274368621e77\" data-dt-img-description=\"\" data-large_image_width=\"960\" data-large_image_height=\"1100\"href='https:\/\/www.radiopiu.net\/wordpress\/wp-content\/uploads\/2024\/02\/3864e062-eb1a-46d3-a945-274368621e77.jpg'><img loading=\"lazy\" decoding=\"async\" width=\"150\" height=\"150\" src=\"https:\/\/www.radiopiu.net\/wordpress\/wp-content\/uploads\/2024\/02\/3864e062-eb1a-46d3-a945-274368621e77-150x150.jpg\" class=\"attachment-thumbnail size-thumbnail\" alt=\"\" \/><\/a>\n\t\t\t\t<\/dt><\/dl><dl class='gallery-item'>\n\t\t\t\t<dt class='gallery-icon landscape'>\n\t\t\t\t\t<a class=\"rollover rollover-zoom dt-pswp-item\" title=\"bc89d7e9-e2ab-4314-b1b7-ed555a41950e\" data-dt-img-description=\"\" data-large_image_width=\"960\" data-large_image_height=\"794\"href='https:\/\/www.radiopiu.net\/wordpress\/wp-content\/uploads\/2024\/02\/bc89d7e9-e2ab-4314-b1b7-ed555a41950e.jpg'><img loading=\"lazy\" decoding=\"async\" width=\"150\" height=\"150\" src=\"https:\/\/www.radiopiu.net\/wordpress\/wp-content\/uploads\/2024\/02\/bc89d7e9-e2ab-4314-b1b7-ed555a41950e-150x150.jpg\" class=\"attachment-thumbnail size-thumbnail\" alt=\"\" \/><\/a>\n\t\t\t\t<\/dt><\/dl><br style=\"clear: both\" \/>\n\t\t\t<\/div>\n\n<p>&nbsp;<\/p>\n<hr \/>\n<p>&nbsp;<\/p>\n<blockquote>\n<h3>INCOMBE IL PERICOLO DI VALANGHE, IERI PAURA IN COMELICO<\/h3>\n<\/blockquote>\n<p><strong>SAPPADA<\/strong> Ieri, intorno alle 16.30, una piccola valanga ha interessato la pista turistica del Monte Siera vicino all&#8217;omonimo rifugio.\u00a0 Il Soccorso Alpino di Sappada \u00e8 intervenuto con sette tecnici e un&#8217;unit\u00e0 cinofila da valanga, impiegando due ore per bonificare l&#8217;area. La valanga ha coperto una parte della pista, coinvolgendo escursionisti nelle vicinanze.\u00a0 Si invita a non sciare al di fuori delle piste a causa del rischio di valanghe.<\/p>\n<p>&nbsp;<\/p>\n<hr \/>\n<p>&nbsp;<\/p>\n<blockquote>\n<h2>CATENE MONTATE IN MEZZO ALLA STRADA, RALLENTAMENTI E DISAGI<\/h2>\n<\/blockquote>\n<p><em><strong>Mancanza di Preparazione e Consapevolezza durante le Precipitazioni<\/strong><\/em><\/p>\n<p><strong>VALLE DEL BIOIS <\/strong>Nella giornata di ieri, lungo la strada regionale 346 tra Vallada e Falcade, si sono vissute ore difficili a causa delle precipitazioni nevose. Nonostante le previsioni meteorologiche avessero annunciato da giorni l&#8217;arrivo della neve, molti automobilisti si sono ritrovati impreparati, senza pneumatici adatti o catene montate sui loro veicoli. Questa mancanza di precauzione ha comportato seri disagi sulla viabilit\u00e0. \u00c8 fondamentale sottolineare l&#8217;importanza di una preparazione adeguata in situazioni meteorologiche avverse come queste. Tuttavia, sembra che tale concetto non sia chiaro per tutti gli automobilisti. Le operazioni di montaggio di pneumatici invernali o catene dovrebbero essere effettuate prima di mettersi in viaggio e non sulla carreggiata, come \u00e8 stato evidenziato in diversi casi lungo la regionale. Questa situazione solleva delle critiche riguardo alla consapevolezza e alla responsabilit\u00e0 individuale degli automobilisti. \u00c8 importante comprendere che la sicurezza stradale non riguarda solo il singolo conducente, ma anche la comunit\u00e0 nel suo insieme. La mancanza di preparazione e di rispetto delle norme di sicurezza stradale mette a rischio non solo la propria incolumit\u00e0, ma anche quella degli altri utenti della strada. Pertanto, \u00e8 necessario un maggiore sforzo da parte di tutti gli automobilisti nel prepararsi adeguatamente per affrontare condizioni meteorologiche avverse.<\/p>\n<div class=\"flex-1 overflow-hidden\">\n<div class=\"react-scroll-to-bottom--css-udhtz-79elbk h-full\">\n<div class=\"react-scroll-to-bottom--css-udhtz-1n7m0yu\">\n<div class=\"flex flex-col pb-9 text-sm\">\n<div class=\"w-full text-token-text-primary\" data-testid=\"conversation-turn-13\">\n<div class=\"px-4 py-2 justify-center text-base md:gap-6 m-auto\">\n<div class=\"flex flex-1 text-base mx-auto gap-3 md:px-5 lg:px-1 xl:px-5 md:max-w-3xl lg:max-w-[40rem] xl:max-w-[48rem] group final-completion\">\n<div class=\"relative flex w-full flex-col agent-turn\">\n<div class=\"flex-col gap-1 md:gap-3\">\n<div class=\"mt-1 flex justify-start gap-3 empty:hidden\"><\/div>\n<\/div>\n<\/div>\n<\/div>\n<\/div>\n<\/div>\n<\/div>\n<\/div>\n<\/div>\n<\/div>\n\n\t\t\t<style type='text\/css'>\n\t\t\t\t#gallery-2 {\n\t\t\t\t\tmargin: auto;\n\t\t\t\t}\n\t\t\t\t#gallery-2 .gallery-item {\n\t\t\t\t\tfloat: left;\n\t\t\t\t\tmargin-top: 10px;\n\t\t\t\t\ttext-align: center;\n\t\t\t\t\twidth: 33%;\n\t\t\t\t}\n\t\t\t\t#gallery-2 img {\n\t\t\t\t\tborder: 2px solid #cfcfcf;\n\t\t\t\t}\n\t\t\t\t#gallery-2 .gallery-caption {\n\t\t\t\t\tmargin-left: 0;\n\t\t\t\t}\n\t\t\t\t\/* see gallery_shortcode() in wp-includes\/media.php *\/\n\t\t\t<\/style>\n\t\t<div id='gallery-2' class='dt-gallery-container gallery galleryid-375764 gallery-columns-3 gallery-size-thumbnail'><dl class='gallery-item'>\n\t\t\t\t<dt class='gallery-icon landscape'>\n\t\t\t\t\t<a class=\"rollover rollover-zoom dt-pswp-item\" title=\"429433264_434198435708931_7773772182039914658_n\" data-dt-img-description=\"\" data-large_image_width=\"2000\" data-large_image_height=\"1125\"href='https:\/\/www.radiopiu.net\/wordpress\/wp-content\/uploads\/2024\/02\/429433264_434198435708931_7773772182039914658_n.jpg'><img loading=\"lazy\" decoding=\"async\" width=\"150\" height=\"150\" src=\"https:\/\/www.radiopiu.net\/wordpress\/wp-content\/uploads\/2024\/02\/429433264_434198435708931_7773772182039914658_n-150x150.jpg\" class=\"attachment-thumbnail size-thumbnail\" alt=\"\" \/><\/a>\n\t\t\t\t<\/dt><\/dl><dl class='gallery-item'>\n\t\t\t\t<dt class='gallery-icon landscape'>\n\t\t\t\t\t<a class=\"rollover rollover-zoom dt-pswp-item\" title=\"429130067_366392786275645_813044010097677815_n\" data-dt-img-description=\"\" data-large_image_width=\"2000\" data-large_image_height=\"1125\"href='https:\/\/www.radiopiu.net\/wordpress\/wp-content\/uploads\/2024\/02\/429130067_366392786275645_813044010097677815_n.jpg'><img loading=\"lazy\" decoding=\"async\" width=\"150\" height=\"150\" src=\"https:\/\/www.radiopiu.net\/wordpress\/wp-content\/uploads\/2024\/02\/429130067_366392786275645_813044010097677815_n-150x150.jpg\" class=\"attachment-thumbnail size-thumbnail\" alt=\"\" \/><\/a>\n\t\t\t\t<\/dt><\/dl><dl class='gallery-item'>\n\t\t\t\t<dt class='gallery-icon portrait'>\n\t\t\t\t\t<a class=\"rollover rollover-zoom dt-pswp-item\" title=\"974ef0a4-dc4d-41ab-8dc8-8cb7bef1eab3\" data-dt-img-description=\"\" data-large_image_width=\"957\" data-large_image_height=\"1280\"href='https:\/\/www.radiopiu.net\/wordpress\/wp-content\/uploads\/2024\/02\/974ef0a4-dc4d-41ab-8dc8-8cb7bef1eab3.jpg'><img loading=\"lazy\" decoding=\"async\" width=\"150\" height=\"150\" src=\"https:\/\/www.radiopiu.net\/wordpress\/wp-content\/uploads\/2024\/02\/974ef0a4-dc4d-41ab-8dc8-8cb7bef1eab3-150x150.jpg\" class=\"attachment-thumbnail size-thumbnail\" alt=\"\" \/><\/a>\n\t\t\t\t<\/dt><\/dl><br style=\"clear: both\" \/>\n\t\t\t<\/div>\n\n<p>&nbsp;<\/p>\n<p>&nbsp;<\/p>\n<hr \/>\n<p>&nbsp;<\/p>\n<blockquote>\n<h2>GDF BELLUNO: SEQUESTRATI 672 PRODOTTI ELETTRONICI NON SICURI<\/h2>\n<\/blockquote>\n<p><strong><img loading=\"lazy\" decoding=\"async\" class=\"alignleft\" src=\"https:\/\/www.radiopiu.net\/wordpress\/wp-content\/uploads\/2021\/07\/2eb8f214-39a6-4e15-bd1e-539b9100c08b.jpg\" width=\"203\" height=\"135\" \/>BELLUNO L<\/strong>a Guardia di Finanza del Comando Provinciale di Belluno ha sequestrato 672 prodotti elettronici non sicuri da un esercizio commerciale a Belluno. I prodotti, tra cui cuffie e auricolari wireless, erano privi delle informazioni minime richieste dalla normativa vigente. Il valore commerciale dei prodotti sequestrati ammonta a 16.900 euro. Un soggetto italiano \u00e8 stato segnalato alla Camera di Commercio e rischia una sanzione fino a 25.823 euro. La violazione riguarda l&#8217;obbligo di riportare informazioni chiare e leggibili in lingua italiana sul prodotto, garantendo la consapevolezza e la sicurezza del consumatore. L&#8217;azione preventiva della Guardia di Finanza mira a proteggere il mercato dai prodotti non conformi, promuovendo la concorrenza leale e la tutela dei consumatori.<\/p>\n<blockquote><p><em>Il risultato ottenuto \u00e8 il prodotto di un&#8217;azione di prevenzione e contrasto mirata e attuata mediante un dispositivo dinamico, flessibile e coordinato a livello provinciale. Questo dispositivo coinvolge i reparti dipendenti, i quali sfruttano il patrimonio informativo fornito dalla Componente Speciale del Corpo e\/o acquisito autonomamente durante il costante monitoraggio economico del territorio.<\/em><\/p><\/blockquote>\n<p><strong>PER LE TRE RADIO BARBARA PAOLAZZI<\/strong><\/p>\n<audio class=\"wp-audio-shortcode\" id=\"audio-375764-5\" preload=\"none\" style=\"width: 100%;\" controls=\"controls\"><source type=\"audio\/mpeg\" src=\"https:\/\/www.radiopiu.net\/wordpress\/wp-content\/uploads\/2024\/02\/PAOLAZZI-GUARDIA-DI-FINANZA-PRODOTTI-ELETTRONICI.mp3?_=5\" \/><a href=\"https:\/\/www.radiopiu.net\/wordpress\/wp-content\/uploads\/2024\/02\/PAOLAZZI-GUARDIA-DI-FINANZA-PRODOTTI-ELETTRONICI.mp3\">https:\/\/www.radiopiu.net\/wordpress\/wp-content\/uploads\/2024\/02\/PAOLAZZI-GUARDIA-DI-FINANZA-PRODOTTI-ELETTRONICI.mp3<\/a><\/audio>\n<p>&nbsp;<\/p>\n<hr \/>\n<p>&nbsp;<\/p>\n<blockquote>\n<h2>LA TRUFFA &#8220;DEL FIGLIO INCARCERATO&#8221;<\/h2>\n<p><em>&#8220;Ho sento la donna gridare, ci siamo avvicinati e abbiamo capito cosa era successo. Immediata la chiamata alle forze dell&#8217;ordine. Ho visto un giovane ben vestito con tanto di cappellino e cuffie allontanarsi, raccoglieva anche le banconote cadute dopo che aveva strappato la busta dalla mani dell&#8217;anziana donna&#8221;. <\/em>Cos\u00ec una testimone di quanto accaduto mercoledi mattina alle 10.30 in Piazza Piloni a Belluno e che gi\u00e0 ha avuto modo di spiegarlo e chi di competenza<em>.\u00a0<\/em><\/p><\/blockquote>\n<p><img loading=\"lazy\" decoding=\"async\" class=\"alignleft\" src=\"https:\/\/www.radiopiu.net\/wordpress\/wp-content\/uploads\/2018\/03\/truffa-anziana-610x264.jpg\" width=\"261\" height=\"113\" \/><br \/>\n<strong>BELLUNO<\/strong>\u00a0 L&#8217;anziana \u00e8 stata contattata dal falso maresciallo dei carabinieri che facendo il nome esatto del figlio, gli comunicava che questo aveva investito una signora ed era stato incarcerato, quindi era necessaria la cauzione da 2000 euro. La signora sugli ottanta, ben curata e distinta, ha capito dell&#8217;inganno troppo tardi, quando ormai la busta contenente denaro e preziosi gli \u00e8 stata strappata dalle mani. Assicurata dalla parole del maresciallo ha quindi prima raccolto il denaro che aveva in casa mettendolo in una busta assieme ad altri preziosi. Una volta sulla porta di casa, quando ha chiesto il nome al giovane che voleva il denaro per &#8220;chiurdere la causa&#8221; ,ha capito l&#8217;inganno. Troppo tardi, il malvivente e complici si sono dati alla fuga. Rimangono le importanti testimonianze, le telecamere della video sorveglianza, le indagini delle Forze dell&#8217; Ordine.<\/p>\n<p>&nbsp;<\/p>\n<p>&nbsp;<\/p>\n<hr \/>\n<p>&nbsp;<\/p>\n<blockquote>\n<h3>PICCHIATO FUORI DAL LOCALE<\/h3>\n<\/blockquote>\n<p><strong>ALPAGO<\/strong> Un boscaiolo alpagoto \u00e8 stato brutalmente aggredito fuori da un locale a Farra d&#8217;Alpago, con due uomini indagati per lesioni aggravate. I carabinieri di Puos stanno investigando, interrogando testimoni e analizzando le registrazioni delle telecamere di sicurezza della zona. La vittima, dopo una violenta discussione, \u00e8 stata picchiata con calci e pugni, riportando traumi cranici e contusioni multiple. Sebbene non sia stato ricoverato, presenta una prognosi significativa. Le indagini sono ancora in corso per chiarire il movente e identificare gli aggressori.<\/p>\n<p>&nbsp;<\/p>\n<hr \/>\n<p>&nbsp;<\/p>\n<blockquote>\n<h3>ODORE DI GAS, CI PENSANO I POMPIERI<\/h3>\n<\/blockquote>\n<p><strong>FELTRE<\/strong> I Vigili del Fuoco sono intervenuti nel primo pomeriggio di ieri per segnalazioni di forte odore tra Farra e viale Pedavena, temendo una fuga di gas. Dopo controlli approfonditi lungo l&#8217;area segnalata, nessuna anomalia \u00e8 stata riscontrata, confermando l&#8217;assenza di fughe di gas.<\/p>\n<p>&nbsp;<\/p>\n<hr \/>\n<p>&nbsp;<\/p>\n<p><strong>LA GIUDIZIARIA, OGGI SUL CORRIERE DELLE ALPI<\/strong><br \/>\n<strong>DI GIGI SOSSO <\/strong><em>\u00a0<\/em><\/p>\n<p><strong>BELLUNO<\/strong> I due cittadini dominicani accusati dell&#8217;omicidio di Antonio Costa a Fener sono stati rinviati a giudizio con l&#8217;accusa di omicidio volontario, con il giudice Elisabetta Scolozzi che ha fissato per il 26 giugno l&#8217;inizio del processo. Pedro Livert Dominguez e Junior Cedano Sanchez rischiano una condanna che va dai 21 anni all&#8217;ergastolo. Dominguez rimane detenuto mentre si valuta la richiesta di scarcerazione, mentre Sanchez non \u00e8 stato sottoposto a misure cautelari. Il processo sar\u00e0 affrontato davanti a una Corte d&#8217;Assise a Belluno.<\/p>\n<p>&nbsp;<\/p>\n<hr \/>\n<p>&nbsp;<\/p>\n<p><strong>IL LUTTO<\/strong><\/p>\n<p><strong><a class=\"dt-pswp-item\" href=\"https:\/\/www.radiopiu.net\/wordpress\/wp-content\/uploads\/2024\/02\/Senza-nome-61.png\" data-dt-img-description=\"\" data-large_image_width=\"218\" data-large_image_height=\"218\"><img loading=\"lazy\" decoding=\"async\" class=\"wp-image-375987 alignleft\" src=\"https:\/\/www.radiopiu.net\/wordpress\/wp-content\/uploads\/2024\/02\/Senza-nome-61.png\" alt=\"\" width=\"81\" height=\"81\" srcset=\"https:\/\/www.radiopiu.net\/wordpress\/wp-content\/uploads\/2024\/02\/Senza-nome-61.png 218w, https:\/\/www.radiopiu.net\/wordpress\/wp-content\/uploads\/2024\/02\/Senza-nome-61-150x150.png 150w\" sizes=\"auto, (max-width: 81px) 100vw, 81px\" \/><\/a>SOSPIROLO<\/strong><\/p>\n<div class=\"flex-1 overflow-hidden\">\n<div class=\"react-scroll-to-bottom--css-udhtz-79elbk h-full\">\n<div class=\"react-scroll-to-bottom--css-udhtz-1n7m0yu\">\n<div class=\"flex flex-col pb-9 text-sm\">\n<div class=\"w-full text-token-text-primary\" data-testid=\"conversation-turn-19\">\n<div class=\"px-4 py-2 justify-center text-base md:gap-6 m-auto\">\n<div class=\"flex flex-1 text-base mx-auto gap-3 md:px-5 lg:px-1 xl:px-5 md:max-w-3xl lg:max-w-[40rem] xl:max-w-[48rem] group final-completion\">\n<div class=\"relative flex w-full flex-col agent-turn\">\n<div class=\"flex-col gap-1 md:gap-3\">\n<div class=\"flex flex-grow flex-col max-w-full\">\n<div class=\"min-h-[20px] text-message flex flex-col items-start gap-3 whitespace-pre-wrap break-words [.text-message+&amp;]:mt-5 overflow-x-auto\" data-message-author-role=\"assistant\" data-message-id=\"21ca3d85-86b5-4b17-8134-393a0914d8d4\">\n<div class=\"markdown prose w-full break-words dark:prose-invert dark\">\n<p>Nella chiesa di Libano, si sono svolti ieri i funerali di Ugo Tibolla, 64enne noto per la gestione del bar Taverna a Susin di Sospirolo. Tibolla ha guidato il locale negli anni &#8217;90, rappresentando un punto di riferimento per la comunit\u00e0 locale. \u00c8 stato ricordato con affetto dalla moglie, i figli, il nipote e altri parenti e amici, con un ringraziamento speciale al personale delle cure palliative di Feltre<\/p>\n<p>&nbsp;<\/p>\n<p>&nbsp;<\/p>\n<hr \/>\n<p>&nbsp;<\/p>\n<p><strong><a class=\"dt-pswp-item\" href=\"https:\/\/www.radiopiu.net\/wordpress\/wp-content\/uploads\/2024\/01\/Senza-nome-34.png\" data-dt-img-description=\"\" data-large_image_width=\"239\" data-large_image_height=\"153\"><img loading=\"lazy\" decoding=\"async\" class=\"wp-image-369478 alignleft\" src=\"https:\/\/www.radiopiu.net\/wordpress\/wp-content\/uploads\/2024\/01\/Senza-nome-34.png\" alt=\"\" width=\"128\" height=\"82\" \/><\/a> <\/strong><\/p>\n<p><strong>\u00a0<\/strong><\/p>\n<p><strong>dal TG BELLUNESE di\u00a0 ANTENNA 3 ogni sera alle 19.30 sul canale 10 del digitale terrestre e alle 19 le anticipazioni alla radio.\u00a0 \u00a0 \u00a0 \u00a0<\/strong><\/p>\n<p>&nbsp;<\/p>\n<blockquote>\n<h3 class=\"_title post-title entry-title\">\u00a0PISTA DA BOB, PROTESTA DAVANTI ALLA REGIONE: \u00abUNA FOLLIA\u00bb<\/h3>\n<\/blockquote>\n<p><strong>di NICOLA MARCATO<\/strong><\/p>\n<\/div>\n<\/div>\n<\/div>\n<\/div>\n<\/div>\n<\/div>\n<\/div>\n<\/div>\n<\/div>\n<\/div>\n<\/div>\n<\/div>\n<p><iframe loading=\"lazy\" title=\"PISTA DA BOB, PROTESTA DAVANTI ALLA REGIONE: \u00abUNA FOLLIA\u00bb | 23\/02\/2024\" width=\"1200\" height=\"675\" src=\"https:\/\/www.youtube.com\/embed\/qxt8FfAjk00?feature=oembed\" frameborder=\"0\" allow=\"accelerometer; autoplay; clipboard-write; encrypted-media; gyroscope; picture-in-picture; web-share\" allowfullscreen><\/iframe><\/p>\n<hr \/>\n<p>&nbsp;<\/p>\n<blockquote>\n<h3>EZIO ZUANEL SI RICANDIDA A SINDACO DI LA VALLE<\/h3>\n<\/blockquote>\n<p><strong><a class=\"dt-pswp-item\" href=\"https:\/\/www.radiopiu.net\/wordpress\/wp-content\/uploads\/2020\/01\/ZUANEL-1.jpg\" data-dt-img-description=\"\" data-large_image_width=\"1599\" data-large_image_height=\"1200\"><img loading=\"lazy\" decoding=\"async\" class=\" wp-image-115317 alignleft\" src=\"https:\/\/www.radiopiu.net\/wordpress\/wp-content\/uploads\/2020\/01\/ZUANEL-1-300x225.jpg\" alt=\"\" width=\"168\" height=\"126\" srcset=\"https:\/\/www.radiopiu.net\/wordpress\/wp-content\/uploads\/2020\/01\/ZUANEL-1-300x225.jpg 300w, https:\/\/www.radiopiu.net\/wordpress\/wp-content\/uploads\/2020\/01\/ZUANEL-1-1024x768.jpg 1024w, https:\/\/www.radiopiu.net\/wordpress\/wp-content\/uploads\/2020\/01\/ZUANEL-1-768x576.jpg 768w, https:\/\/www.radiopiu.net\/wordpress\/wp-content\/uploads\/2020\/01\/ZUANEL-1-1536x1153.jpg 1536w, https:\/\/www.radiopiu.net\/wordpress\/wp-content\/uploads\/2020\/01\/ZUANEL-1.jpg 1599w\" sizes=\"auto, (max-width: 168px) 100vw, 168px\" \/><\/a>LA VALLE AGORDINA<\/strong><\/p>\n<p>DI GIANNI SANTOMASO<\/p>\n<audio class=\"wp-audio-shortcode\" id=\"audio-375764-6\" preload=\"none\" style=\"width: 100%;\" controls=\"controls\"><source type=\"audio\/mpeg\" src=\"https:\/\/www.radiopiu.net\/wordpress\/wp-content\/uploads\/2024\/02\/GIANNI-EZIO-ZUANEL-SI-RICANDIDA-A-SINDACO-DI-LA-VALLE.mp3?_=6\" \/><a href=\"https:\/\/www.radiopiu.net\/wordpress\/wp-content\/uploads\/2024\/02\/GIANNI-EZIO-ZUANEL-SI-RICANDIDA-A-SINDACO-DI-LA-VALLE.mp3\">https:\/\/www.radiopiu.net\/wordpress\/wp-content\/uploads\/2024\/02\/GIANNI-EZIO-ZUANEL-SI-RICANDIDA-A-SINDACO-DI-LA-VALLE.mp3<\/a><\/audio>\n<p>&nbsp;<\/p>\n<hr \/>\n<p>&nbsp;<\/p>\n<blockquote>\n<h3><a class=\"dt-pswp-item\" href=\"https:\/\/www.radiopiu.net\/wordpress\/wp-content\/uploads\/2018\/03\/main_olimpiadi.jpg\" data-dt-img-description=\"\" data-large_image_width=\"702\" data-large_image_height=\"360\"><img loading=\"lazy\" decoding=\"async\" class=\" wp-image-44725 alignleft\" src=\"https:\/\/www.radiopiu.net\/wordpress\/wp-content\/uploads\/2018\/03\/main_olimpiadi-300x154.jpg\" alt=\"\" width=\"173\" height=\"89\" \/><\/a>LA CONFERENZA STAMPA A VENEZIA PER LE OLIMPIADI 2026<\/h3>\n<\/blockquote>\n<p><strong>PER LE TRE RADIO, BARBARA PAOLAZZI<\/strong><\/p>\n<audio class=\"wp-audio-shortcode\" id=\"audio-375764-7\" preload=\"none\" style=\"width: 100%;\" controls=\"controls\"><source type=\"audio\/mpeg\" src=\"https:\/\/www.radiopiu.net\/wordpress\/wp-content\/uploads\/2024\/02\/PAOLAZZI-CONFERENZA-STAMPA-OLIMPIADI.mp3?_=7\" \/><a href=\"https:\/\/www.radiopiu.net\/wordpress\/wp-content\/uploads\/2024\/02\/PAOLAZZI-CONFERENZA-STAMPA-OLIMPIADI.mp3\">https:\/\/www.radiopiu.net\/wordpress\/wp-content\/uploads\/2024\/02\/PAOLAZZI-CONFERENZA-STAMPA-OLIMPIADI.mp3<\/a><\/audio>\n<p>&nbsp;<\/p>\n<p>&nbsp;<\/p>\n<blockquote>\n<h3>PISTA DA BOB A CORTINA: ZANONI (PD) IN SOPRALLUOGO<\/h3>\n<\/blockquote>\n<p><strong><a class=\"dt-pswp-item\" href=\"https:\/\/www.radiopiu.net\/wordpress\/wp-content\/uploads\/2024\/02\/9188c6c2-3a11-6004-0421-8993ee8066f0.jpeg\" data-dt-img-description=\"\" data-large_image_width=\"800\" data-large_image_height=\"1067\"><img loading=\"lazy\" decoding=\"async\" class=\"wp-image-375923 alignleft\" src=\"https:\/\/www.radiopiu.net\/wordpress\/wp-content\/uploads\/2024\/02\/9188c6c2-3a11-6004-0421-8993ee8066f0-225x300.jpeg\" alt=\"\" width=\"102\" height=\"136\" srcset=\"https:\/\/www.radiopiu.net\/wordpress\/wp-content\/uploads\/2024\/02\/9188c6c2-3a11-6004-0421-8993ee8066f0-225x300.jpeg 225w, https:\/\/www.radiopiu.net\/wordpress\/wp-content\/uploads\/2024\/02\/9188c6c2-3a11-6004-0421-8993ee8066f0-768x1024.jpeg 768w, https:\/\/www.radiopiu.net\/wordpress\/wp-content\/uploads\/2024\/02\/9188c6c2-3a11-6004-0421-8993ee8066f0.jpeg 800w\" sizes=\"auto, (max-width: 102px) 100vw, 102px\" \/><\/a>CORTINA<\/strong> Il consigliere regionale del Pd Veneto, Andrea Zanoni, ha effettuato un sopralluogo nell&#8217;area oggetto di disboscamento per la costruzione della nuova pista da bob a Cortina d&#8217;Ampezzo. Ha criticato i tagli di alberi di larice, alcuni secolari, senza rispettare le procedure. Ha denunciato la mancanza di trasparenza, indicando l&#8217;assenza di segnaletica e la mancata fornitura del progetto definitivo. Zanoni ha definito la distruzione del lariceto un esempio di sperpero di denaro pubblico e ha criticato il Comune di Cortina per la gestione inefficace della nevicata. Pianifica di accedere agli atti e presentare un&#8217;interrogazione sulla questione.<\/p>\n<p>&nbsp;<\/p>\n<p>&nbsp;<\/p>\n<p>&nbsp;<\/p>\n<p>&nbsp;<\/p>\n<hr \/>\n<p>&nbsp;<\/p>\n<blockquote>\n<h3>ESSILORLUXOTTICA: NEL MESE DI MARZO NESSUN SABATO LAVORATIVO PER LO STABILIMENTO DI AGORDO<\/h3>\n<\/blockquote>\n<p><strong><a class=\"dt-pswp-item\" href=\"https:\/\/www.radiopiu.net\/wordpress\/wp-content\/uploads\/2021\/12\/LUXOTTICA-FRAMONT.jpg\" data-dt-img-description=\"\" data-large_image_width=\"2048\" data-large_image_height=\"1536\"><img loading=\"lazy\" decoding=\"async\" class=\" wp-image-246066 alignleft\" src=\"https:\/\/www.radiopiu.net\/wordpress\/wp-content\/uploads\/2021\/12\/LUXOTTICA-FRAMONT-300x225.jpg\" alt=\"\" width=\"155\" height=\"116\" srcset=\"https:\/\/www.radiopiu.net\/wordpress\/wp-content\/uploads\/2021\/12\/LUXOTTICA-FRAMONT-300x225.jpg 300w, https:\/\/www.radiopiu.net\/wordpress\/wp-content\/uploads\/2021\/12\/LUXOTTICA-FRAMONT-1024x768.jpg 1024w, https:\/\/www.radiopiu.net\/wordpress\/wp-content\/uploads\/2021\/12\/LUXOTTICA-FRAMONT-768x576.jpg 768w, https:\/\/www.radiopiu.net\/wordpress\/wp-content\/uploads\/2021\/12\/LUXOTTICA-FRAMONT-1536x1152.jpg 1536w, https:\/\/www.radiopiu.net\/wordpress\/wp-content\/uploads\/2021\/12\/LUXOTTICA-FRAMONT.jpg 2048w\" sizes=\"auto, (max-width: 155px) 100vw, 155px\" \/><\/a>AGORDO\u00a0<\/strong>Dopo aver chiamato a rapporto le maestranze tutti i sabati a gennaio e febbraio le maestranze (coloro che lavoravano turno del mattino), nel mese di marzo gli operai dello stabilimento EssilorLuxottica di Agordo non saranno chiamati a fare straordinari incentivati o flessibilit\u00e0. Nel frattempo sono state comunicate le maggiorazioni per gli straordinari incentivati del mese di febbraio. Il 10 febbraio stamperia metallo, saldatura e trattamenti superficiali hanno raggiuto il 100% di maggiorazione, 90% per il magazzino centrale e 80% al reparto taglio lenti. Il sabato successivo, 17 febbraio, le presenze che hanno raggiunto il 100% della maggiorazione si sono registrate in stamperia metallo, saldatura e trattamenti superficiali. 90% al taglio lenti e il 50% di maggiorazione al magazzino centrale.<\/p>\n<p>&nbsp;<\/p>\n<p>&nbsp;<\/p>\n<hr \/>\n<p>&nbsp;<\/p>\n<blockquote>\n<h3>RIFIUTI E DEIEZIONI DEI CANI: L&#8217;APPELLO DEL SINDACO CHISSALE&#8217; AI CITTADINI DI AGORDO<\/h3>\n<\/blockquote>\n<p><strong><a class=\"dt-pswp-item\" href=\"https:\/\/www.radiopiu.net\/wordpress\/wp-content\/uploads\/2024\/02\/ROBERTO-CHISSALE.jpeg\" data-dt-img-description=\"\" data-large_image_width=\"1156\" data-large_image_height=\"728\"><img loading=\"lazy\" decoding=\"async\" class=\" wp-image-375339 alignleft\" src=\"https:\/\/www.radiopiu.net\/wordpress\/wp-content\/uploads\/2024\/02\/ROBERTO-CHISSALE-300x189.jpeg\" alt=\"\" width=\"214\" height=\"135\" srcset=\"https:\/\/www.radiopiu.net\/wordpress\/wp-content\/uploads\/2024\/02\/ROBERTO-CHISSALE-300x189.jpeg 300w, https:\/\/www.radiopiu.net\/wordpress\/wp-content\/uploads\/2024\/02\/ROBERTO-CHISSALE-1024x645.jpeg 1024w, https:\/\/www.radiopiu.net\/wordpress\/wp-content\/uploads\/2024\/02\/ROBERTO-CHISSALE-768x484.jpeg 768w, https:\/\/www.radiopiu.net\/wordpress\/wp-content\/uploads\/2024\/02\/ROBERTO-CHISSALE.jpeg 1156w\" sizes=\"auto, (max-width: 214px) 100vw, 214px\" \/><\/a>AGORDO<\/strong><\/p>\n<p>DI GIANNI SANTOMASO<\/p>\n<audio class=\"wp-audio-shortcode\" id=\"audio-375764-8\" preload=\"none\" style=\"width: 100%;\" controls=\"controls\"><source type=\"audio\/mpeg\" src=\"https:\/\/www.radiopiu.net\/wordpress\/wp-content\/uploads\/2024\/02\/GIANNI-RIFIUTI-E-DEIEZIONI-DEI-CANI-LAPPELLO-DEL-SINDACO-CHISSALE-AI-CITTADINI-DI-AGORDO.mp3?_=8\" \/><a href=\"https:\/\/www.radiopiu.net\/wordpress\/wp-content\/uploads\/2024\/02\/GIANNI-RIFIUTI-E-DEIEZIONI-DEI-CANI-LAPPELLO-DEL-SINDACO-CHISSALE-AI-CITTADINI-DI-AGORDO.mp3\">https:\/\/www.radiopiu.net\/wordpress\/wp-content\/uploads\/2024\/02\/GIANNI-RIFIUTI-E-DEIEZIONI-DEI-CANI-LAPPELLO-DEL-SINDACO-CHISSALE-AI-CITTADINI-DI-AGORDO.mp3<\/a><\/audio>\n<p>&nbsp;<\/p>\n<p>&nbsp;<\/p>\n<hr \/>\n<p>&nbsp;<\/p>\n<blockquote>\n<h3>GIOVEDI&#8217; IL CONSIGLIO DELL&#8217;UNIONE MONTANA AGORDINA<\/h3>\n<\/blockquote>\n<p><strong>AGORDO<\/strong> Il presidente dell&#8217;Unione Montana Agordina Paolo Frena ha convocato i consiglieri per gioved\u00ec alle 20 in Sala Don Tamis ad Agordo. Saranno 6 i punti da discutere tra cui il regolamento dei controlli interni, la nomina dell&#8217;organo di revisione contabile, il servizio di segreteria associata per i comuni aderenti e le comunicazioni del presidente.<\/p>\n<p><strong>DI GIANNI SANTOMASO<\/strong><\/p>\n<audio class=\"wp-audio-shortcode\" id=\"audio-375764-9\" preload=\"none\" style=\"width: 100%;\" controls=\"controls\"><source type=\"audio\/mpeg\" src=\"https:\/\/www.radiopiu.net\/wordpress\/wp-content\/uploads\/2024\/02\/GIANNI-CONSIGLIO-UMA.mp3?_=9\" \/><a href=\"https:\/\/www.radiopiu.net\/wordpress\/wp-content\/uploads\/2024\/02\/GIANNI-CONSIGLIO-UMA.mp3\">https:\/\/www.radiopiu.net\/wordpress\/wp-content\/uploads\/2024\/02\/GIANNI-CONSIGLIO-UMA.mp3<\/a><\/audio>\n<p>&nbsp;<\/p>\n<hr \/>\n<p>&nbsp;<\/p>\n<blockquote>\n<h3>ASSOCIAMOCI, L&#8217;INIZIATIVA DEL CONSIGLIO GIOVANILE DI BELLUNO<\/h3>\n<\/blockquote>\n<p><strong><a class=\"dt-pswp-item\" href=\"https:\/\/www.radiopiu.net\/wordpress\/wp-content\/uploads\/2024\/02\/be9db109-6306-4cc8-b98b-979b64ce764d.jpg\" data-dt-img-description=\"\" data-large_image_width=\"1200\" data-large_image_height=\"1600\"><img loading=\"lazy\" decoding=\"async\" class=\" wp-image-375913 alignleft\" src=\"https:\/\/www.radiopiu.net\/wordpress\/wp-content\/uploads\/2024\/02\/be9db109-6306-4cc8-b98b-979b64ce764d-225x300.jpg\" alt=\"\" width=\"127\" height=\"169\" srcset=\"https:\/\/www.radiopiu.net\/wordpress\/wp-content\/uploads\/2024\/02\/be9db109-6306-4cc8-b98b-979b64ce764d-225x300.jpg 225w, https:\/\/www.radiopiu.net\/wordpress\/wp-content\/uploads\/2024\/02\/be9db109-6306-4cc8-b98b-979b64ce764d-768x1024.jpg 768w, https:\/\/www.radiopiu.net\/wordpress\/wp-content\/uploads\/2024\/02\/be9db109-6306-4cc8-b98b-979b64ce764d-1152x1536.jpg 1152w, https:\/\/www.radiopiu.net\/wordpress\/wp-content\/uploads\/2024\/02\/be9db109-6306-4cc8-b98b-979b64ce764d.jpg 1200w\" sizes=\"auto, (max-width: 127px) 100vw, 127px\" \/><\/a>BELLUNO<\/strong> Partita con successo Associamoci, iniziativa del Consiglio Giovanile di Belluno che punta al confronto con le associazioni del territorio per sostenere le fasce pi\u00f9 giovani della popolazione.<\/p>\n<p><strong>DI DANIELE DALVIT<\/strong><\/p>\n<audio class=\"wp-audio-shortcode\" id=\"audio-375764-10\" preload=\"none\" style=\"width: 100%;\" controls=\"controls\"><source type=\"audio\/mpeg\" src=\"https:\/\/www.radiopiu.net\/wordpress\/wp-content\/uploads\/2024\/02\/Radio-Piu-Servizio-Associamoci-Consiglio-giovani-Belluno.mp3?_=10\" \/><a href=\"https:\/\/www.radiopiu.net\/wordpress\/wp-content\/uploads\/2024\/02\/Radio-Piu-Servizio-Associamoci-Consiglio-giovani-Belluno.mp3\">https:\/\/www.radiopiu.net\/wordpress\/wp-content\/uploads\/2024\/02\/Radio-Piu-Servizio-Associamoci-Consiglio-giovani-Belluno.mp3<\/a><\/audio>\n<p>&nbsp;<\/p>\n<hr \/>\n<p>&nbsp;<\/p>\n<blockquote>\n<h3>L\u2019ISTITUTO COMPRENSIVO DI MEL E LENTIAI OSPITA, L\u2019ATTORE FABRIZIO PALMA E IL SUO \u201cSIAMO TUTTE SCHIAPPE\u201d<\/h3>\n<\/blockquote>\n<p><strong><a class=\"dt-pswp-item\" href=\"https:\/\/www.radiopiu.net\/wordpress\/wp-content\/uploads\/2024\/02\/Palma-laterale-scaled.jpg\" data-dt-img-description=\"\" data-large_image_width=\"2560\" data-large_image_height=\"1920\"><img loading=\"lazy\" decoding=\"async\" class=\" wp-image-375916 alignleft\" src=\"https:\/\/www.radiopiu.net\/wordpress\/wp-content\/uploads\/2024\/02\/Palma-laterale-300x225.jpg\" alt=\"\" width=\"151\" height=\"113\" srcset=\"https:\/\/www.radiopiu.net\/wordpress\/wp-content\/uploads\/2024\/02\/Palma-laterale-300x225.jpg 300w, https:\/\/www.radiopiu.net\/wordpress\/wp-content\/uploads\/2024\/02\/Palma-laterale-1024x768.jpg 1024w, https:\/\/www.radiopiu.net\/wordpress\/wp-content\/uploads\/2024\/02\/Palma-laterale-768x576.jpg 768w, https:\/\/www.radiopiu.net\/wordpress\/wp-content\/uploads\/2024\/02\/Palma-laterale-1536x1152.jpg 1536w, https:\/\/www.radiopiu.net\/wordpress\/wp-content\/uploads\/2024\/02\/Palma-laterale-2048x1536.jpg 2048w\" sizes=\"auto, (max-width: 151px) 100vw, 151px\" \/><\/a>BORGO VALBELLUNA <\/strong>L&#8217;Istituto Comprensivo di Mel ha concluso il ciclo d&#8217;incontri sulla legalit\u00e0 con la conferenza-spettacolo &#8220;Siamo tutti schiappe!!&#8221;. L&#8217;attore-educatore Fabrizio Palma ha trattato il bullismo ispirandosi al &#8220;Diario di una schiappa&#8221;. L&#8217;obiettivo \u00e8 sensibilizzare contro il bullismo, coinvolgendo le vittime e il gruppo. Palma ha distinto scherzo e bullismo, affrontato l&#8217;adolescenza in modo comico e parlato della denuncia. La parte pi\u00f9 seria ha trattato il cyberbullismo, evidenziando le conseguenze legali delle azioni online. L&#8217;iniziativa ha stimolato riflessioni cruciali sui comportamenti digitali e reali.<\/p>\n<p>&nbsp;<\/p>\n<p>&nbsp;<\/p>\n<hr \/>\n<p>&nbsp;<\/p>\n<blockquote>\n<h3><a class=\"dt-pswp-item\" href=\"https:\/\/www.radiopiu.net\/wordpress\/wp-content\/uploads\/2018\/03\/cane-selva.jpg\" data-dt-img-description=\"\" data-large_image_width=\"1280\" data-large_image_height=\"853\"><img loading=\"lazy\" decoding=\"async\" class=\" wp-image-45050 alignleft\" src=\"https:\/\/www.radiopiu.net\/wordpress\/wp-content\/uploads\/2018\/03\/cane-selva-300x200.jpg\" alt=\"\" width=\"179\" height=\"119\" srcset=\"https:\/\/www.radiopiu.net\/wordpress\/wp-content\/uploads\/2018\/03\/cane-selva-300x200.jpg 300w, https:\/\/www.radiopiu.net\/wordpress\/wp-content\/uploads\/2018\/03\/cane-selva-768x512.jpg 768w, https:\/\/www.radiopiu.net\/wordpress\/wp-content\/uploads\/2018\/03\/cane-selva-1024x682.jpg 1024w, https:\/\/www.radiopiu.net\/wordpress\/wp-content\/uploads\/2018\/03\/cane-selva.jpg 1280w\" sizes=\"auto, (max-width: 179px) 100vw, 179px\" \/><\/a>FORMAZIONE AL RISPETTI E BENESSERE DEGLI ANIMALI<\/h3>\n<\/blockquote>\n<p><strong>PER LE TRE RADIO, BARBARA PAOLAZZI<\/strong><\/p>\n<audio class=\"wp-audio-shortcode\" id=\"audio-375764-11\" preload=\"none\" style=\"width: 100%;\" controls=\"controls\"><source type=\"audio\/mpeg\" src=\"https:\/\/www.radiopiu.net\/wordpress\/wp-content\/uploads\/2024\/02\/PAOLAZZI-BENESSERE-ANIMALI-BELLUNO.mp3?_=11\" \/><a href=\"https:\/\/www.radiopiu.net\/wordpress\/wp-content\/uploads\/2024\/02\/PAOLAZZI-BENESSERE-ANIMALI-BELLUNO.mp3\">https:\/\/www.radiopiu.net\/wordpress\/wp-content\/uploads\/2024\/02\/PAOLAZZI-BENESSERE-ANIMALI-BELLUNO.mp3<\/a><\/audio>\n<p>&nbsp;<\/p>\n<hr \/>\n<p>&nbsp;<\/p>\n<blockquote>\n<h3>BORSE DI STUDIO PER STUDENTI ISCRITTI AL CORSO DI INFERMIERISTICA<\/h3>\n<\/blockquote>\n<p><strong>AGORDO<\/strong> L&#8217;Unione Montana Agordina offre tre borse di studio e tre premi di incentivazione per studenti iscritti al Corso di Laurea in Infermieristica nell&#8217;anno accademico 2023-2024. Gli interessati devono essere residenti nell&#8217;Agordino, non superare i 25 anni, e soddisfare i requisiti di iscrizione e rendimento accademico. La domanda, disponibile sul sito <a href=\"http:\/\/www.agordino.bl.it\/\" target=\"_new\" rel=\"noopener\">www.agordino.bl.it<\/a>, deve essere presentata entro il 31.03.2024 direttamente presso l&#8217;Unione Montana Agordina o via posta raccomandata all&#8217;indirizzo 4 Novembre 1918, n. 2 &#8211; 32021 AGORDO (BL) o via PEC a <a target=\"_new\" rel=\"noopener\">um.agordina.bl@pecveneto.it<\/a>.<\/p>\n<p>&nbsp;<\/p>\n<p>&nbsp;<\/p>\n<hr \/>\n<p>&nbsp;<\/p>\n<blockquote>\n<h3>L&#8217;ASSEMBLEA DEL GAMP SABATO 2 MARZO<\/h3>\n<\/blockquote>\n<p><strong>AGORDO<\/strong><\/p>\n<p>DI GIANNI SANTOMASO<\/p>\n<audio class=\"wp-audio-shortcode\" id=\"audio-375764-12\" preload=\"none\" style=\"width: 100%;\" controls=\"controls\"><source type=\"audio\/mpeg\" src=\"https:\/\/www.radiopiu.net\/wordpress\/wp-content\/uploads\/2024\/02\/GIANNI-LASSEMBLEA-DEL-GAMP-SABATO-2-MARZO.mp3?_=12\" \/><a href=\"https:\/\/www.radiopiu.net\/wordpress\/wp-content\/uploads\/2024\/02\/GIANNI-LASSEMBLEA-DEL-GAMP-SABATO-2-MARZO.mp3\">https:\/\/www.radiopiu.net\/wordpress\/wp-content\/uploads\/2024\/02\/GIANNI-LASSEMBLEA-DEL-GAMP-SABATO-2-MARZO.mp3<\/a><\/audio>\n<p>&nbsp;<\/p>\n<hr \/>\n<p>&nbsp;<\/p>\n<blockquote>\n<h3 style=\"text-align: left;\"><a class=\"dt-pswp-item\" href=\"https:\/\/www.radiopiu.net\/wordpress\/wp-content\/uploads\/2024\/02\/Senza-nome-60.png\" data-dt-img-description=\"\" data-large_image_width=\"586\" data-large_image_height=\"231\"><img loading=\"lazy\" decoding=\"async\" class=\"size-medium wp-image-375878 alignleft\" src=\"https:\/\/www.radiopiu.net\/wordpress\/wp-content\/uploads\/2024\/02\/Senza-nome-60-300x118.png\" alt=\"\" width=\"300\" height=\"118\" srcset=\"https:\/\/www.radiopiu.net\/wordpress\/wp-content\/uploads\/2024\/02\/Senza-nome-60-300x118.png 300w, https:\/\/www.radiopiu.net\/wordpress\/wp-content\/uploads\/2024\/02\/Senza-nome-60.png 586w\" sizes=\"auto, (max-width: 300px) 100vw, 300px\" \/><\/a>PASSAGGIO GENERAZIONALE E TUTELA PATRIMONIALE<\/h3>\n<\/blockquote>\n<p><strong>BELLUNO<\/strong> Lunedi alle 17.30,in\u00a0 Sala Riunioni di Confartigianato si terr\u00e0 l&#8217;incontro &#8220;Passaggio generazionale e tutela patrimoniale&#8221;. Sar\u00e0 presentata la convenzione tra Confartigianato e Kleros s.r.l., specializzata in consulenza patrimoniale e pianificazione successoria.\u00a0 Claudia Scarzanella, Presidente di Confartigianato Imprese Belluno, sottolinea l&#8217;importanza di scelte consapevoli nel passaggio generazionale. L&#8217;evento offrir\u00e0 consulenza e confronto per comprendere le migliori soluzioni di tutela patrimoniale. Per informazioni: <a target=\"_new\" rel=\"noopener\">mdalfarra@confartigianatobelluno.eu<\/a> &#8211; 0437 933280.<\/p>\n<p>&nbsp;<\/p>\n<p>&nbsp;<\/p>\n<hr \/>\n<p>&nbsp;<\/p>\n<blockquote>\n<h3>IO CON TE: INCONTRI DEDICATI ALLE NEO MAMME<\/h3>\n<\/blockquote>\n<p><strong><a class=\"dt-pswp-item\" href=\"https:\/\/www.radiopiu.net\/wordpress\/wp-content\/uploads\/2024\/02\/io-con-te_valle.png\" data-dt-img-description=\"\" data-large_image_width=\"2000\" data-large_image_height=\"1414\"><img loading=\"lazy\" decoding=\"async\" class=\" wp-image-375311 alignleft\" src=\"https:\/\/www.radiopiu.net\/wordpress\/wp-content\/uploads\/2024\/02\/io-con-te_valle-300x212.png\" alt=\"\" width=\"157\" height=\"111\" srcset=\"https:\/\/www.radiopiu.net\/wordpress\/wp-content\/uploads\/2024\/02\/io-con-te_valle-300x212.png 300w, https:\/\/www.radiopiu.net\/wordpress\/wp-content\/uploads\/2024\/02\/io-con-te_valle-1024x724.png 1024w, https:\/\/www.radiopiu.net\/wordpress\/wp-content\/uploads\/2024\/02\/io-con-te_valle-768x543.png 768w, https:\/\/www.radiopiu.net\/wordpress\/wp-content\/uploads\/2024\/02\/io-con-te_valle-1536x1086.png 1536w, https:\/\/www.radiopiu.net\/wordpress\/wp-content\/uploads\/2024\/02\/io-con-te_valle.png 2000w\" sizes=\"auto, (max-width: 157px) 100vw, 157px\" \/><\/a>BELLUNO<\/strong> Il Consultorio Familiare di Belluno (Ulss Dolomiti) e il Comune di Valle di Cadore promuovono &#8220;Io con te&#8221;, un percorso di gruppo per mamme con bambini da 3 a 10 mesi. Composto da tre incontri mamma-bambino, offre uno spazio per condividere esperienze di maternit\u00e0. Gli incontri si terranno presso la Sala Consiliare del Comune di Valle di Cadore il 27 febbraio, 5 e 12 marzo, dalle 10.00 alle 11.30. Per iscrizioni e informazioni, contattare il Consultorio di Pieve di Cadore al 0435 341541 o <a target=\"_new\" rel=\"noopener\">consultoriofamiliare.pc@aulss1.veneto.it<\/a>.<\/p>\n<p>&nbsp;<\/p>\n<p>&nbsp;<\/p>\n<hr \/>\n<p>&nbsp;<\/p>\n<blockquote>\n<h3>UN SUCCESSO PER IL DOCUFILM &#8220;NON ANDARE VIA&#8221;<\/h3>\n<\/blockquote>\n<p><strong><a class=\"dt-pswp-item\" href=\"https:\/\/www.radiopiu.net\/wordpress\/wp-content\/uploads\/2024\/02\/I-soci-della-Compagnia-del-Piave-scaled.jpg\" data-dt-img-description=\"\" data-large_image_width=\"2560\" data-large_image_height=\"1707\"><img loading=\"lazy\" decoding=\"async\" class=\" wp-image-375962 alignleft\" src=\"https:\/\/www.radiopiu.net\/wordpress\/wp-content\/uploads\/2024\/02\/I-soci-della-Compagnia-del-Piave-300x200.jpg\" alt=\"\" width=\"176\" height=\"117\" srcset=\"https:\/\/www.radiopiu.net\/wordpress\/wp-content\/uploads\/2024\/02\/I-soci-della-Compagnia-del-Piave-300x200.jpg 300w, https:\/\/www.radiopiu.net\/wordpress\/wp-content\/uploads\/2024\/02\/I-soci-della-Compagnia-del-Piave-1024x683.jpg 1024w, https:\/\/www.radiopiu.net\/wordpress\/wp-content\/uploads\/2024\/02\/I-soci-della-Compagnia-del-Piave-768x512.jpg 768w, https:\/\/www.radiopiu.net\/wordpress\/wp-content\/uploads\/2024\/02\/I-soci-della-Compagnia-del-Piave-1536x1024.jpg 1536w, https:\/\/www.radiopiu.net\/wordpress\/wp-content\/uploads\/2024\/02\/I-soci-della-Compagnia-del-Piave-2048x1365.jpg 2048w\" sizes=\"auto, (max-width: 176px) 100vw, 176px\" \/><\/a>BELLUNO<\/strong> Il docufilm &#8220;Non andare via&#8221; ha ottenuto applausi entusiastici durante l&#8217;anteprima al cinema &#8220;Italia&#8221;. Dopo il successo di &#8220;Mani straniere sulla citt\u00e0&#8221;, gli stessi autori hanno narrato una coinvolgente storia che parte dal disastro del Vajont e approfondisce l&#8217;emigrazione bellunese in Svizzera, con un focus sui &#8220;bambini nascosti&#8221;. L&#8217;associazione culturale &#8220;La Compagnia del Piave&#8221; ha prodotto l&#8217;opera, un primo passo per future iniziative culturali. Diretto da Giorgio Cassiadoro, il film coinvolge oltre un centinaio di partecipanti. La &#8220;prima&#8221; pubblica \u00e8 gi\u00e0 esaurita, e ulteriori proiezioni verranno comunicate presto.<\/p>\n<p>&nbsp;<\/p>\n<p>&nbsp;<\/p>\n<hr \/>\n<p>&nbsp;<\/p>\n<blockquote>\n<h3><a class=\"dt-pswp-item\" href=\"https:\/\/www.radiopiu.net\/wordpress\/wp-content\/uploads\/2024\/02\/irene-pampanin-scaled.jpg\" data-dt-img-description=\"\" data-large_image_width=\"1867\" data-large_image_height=\"2560\"><img loading=\"lazy\" decoding=\"async\" class=\" wp-image-375925 alignleft\" src=\"https:\/\/www.radiopiu.net\/wordpress\/wp-content\/uploads\/2024\/02\/irene-pampanin-219x300.jpg\" alt=\"\" width=\"109\" height=\"149\" srcset=\"https:\/\/www.radiopiu.net\/wordpress\/wp-content\/uploads\/2024\/02\/irene-pampanin-219x300.jpg 219w, https:\/\/www.radiopiu.net\/wordpress\/wp-content\/uploads\/2024\/02\/irene-pampanin-747x1024.jpg 747w, https:\/\/www.radiopiu.net\/wordpress\/wp-content\/uploads\/2024\/02\/irene-pampanin-768x1053.jpg 768w, https:\/\/www.radiopiu.net\/wordpress\/wp-content\/uploads\/2024\/02\/irene-pampanin-1120x1536.jpg 1120w, https:\/\/www.radiopiu.net\/wordpress\/wp-content\/uploads\/2024\/02\/irene-pampanin-1494x2048.jpg 1494w, https:\/\/www.radiopiu.net\/wordpress\/wp-content\/uploads\/2024\/02\/irene-pampanin-scaled.jpg 1867w\" sizes=\"auto, (max-width: 109px) 100vw, 109px\" \/><\/a>IN USCITA IL NUOVO LIBRO DI IRENE PAMPANIN<\/h3>\n<\/blockquote>\n<p><strong>SOSPIROLO<\/strong> Irene Pampanin, originaria di Selva di Cadore, sta per pubblicare &#8220;Al limite delle favole&#8221;, la sua terza raccolta di racconti. Il libro esplora il lato magico della vita quotidiana spesso trascurato, con ambientazioni che vanno dalle Dolomiti a Belluno. I racconti sono intrisi di magia e si sviluppano in luoghi suggestivi come boschi, montagne e cimiteri misteriosi. Il territorio provinciale delle Dolomiti, con luoghi come Borca di Cadore e la Forcella Forada, fornisce una cornice affascinante. Il libro pu\u00f2 essere preordinato fino al 14 marzo sul sito dell&#8217;editrice Bookabook o tramite l&#8217;autrice.<\/p>\n<p>&nbsp;<\/p>\n<p>&nbsp;<\/p>\n<hr \/>\n<p>&nbsp;<\/p>\n<blockquote>\n<h3>RIPRENDONO LE VISITE AL MIM<\/h3>\n<\/blockquote>\n<p><strong><a class=\"dt-pswp-item\" href=\"https:\/\/www.radiopiu.net\/wordpress\/wp-content\/uploads\/2024\/02\/lorenzo_fenti_mim_belluno.jpeg\" data-dt-img-description=\"\" data-large_image_width=\"1600\" data-large_image_height=\"900\"><img loading=\"lazy\" decoding=\"async\" class=\" wp-image-375932 alignleft\" src=\"https:\/\/www.radiopiu.net\/wordpress\/wp-content\/uploads\/2024\/02\/lorenzo_fenti_mim_belluno-300x169.jpeg\" alt=\"\" width=\"174\" height=\"98\" srcset=\"https:\/\/www.radiopiu.net\/wordpress\/wp-content\/uploads\/2024\/02\/lorenzo_fenti_mim_belluno-300x169.jpeg 300w, https:\/\/www.radiopiu.net\/wordpress\/wp-content\/uploads\/2024\/02\/lorenzo_fenti_mim_belluno-1024x576.jpeg 1024w, https:\/\/www.radiopiu.net\/wordpress\/wp-content\/uploads\/2024\/02\/lorenzo_fenti_mim_belluno-768x432.jpeg 768w, https:\/\/www.radiopiu.net\/wordpress\/wp-content\/uploads\/2024\/02\/lorenzo_fenti_mim_belluno-1536x864.jpeg 1536w, https:\/\/www.radiopiu.net\/wordpress\/wp-content\/uploads\/2024\/02\/lorenzo_fenti_mim_belluno.jpeg 1600w\" sizes=\"auto, (max-width: 174px) 100vw, 174px\" \/><\/a>BELLUNO<\/strong> Il MiM Belluno ha ripreso le visite guidate per studenti con la scuola Media di Agordo. Oltre al percorso sull&#8217;emigrazione, la visita ha incluso una mostra sul Vajont e il ritorno degli emigranti dopo la tragedia del 1963. Gli studenti hanno dialogato in inglese con Lorenzo Fenti, un giovane bellunese con esperienze internazionali. Il Museo ha offerto un laboratorio didattico interattivo intitolato &#8220;Italiani brava gente?&#8221;. Altre scuole sono invitate a contattare il Museo per organizzare visite ed esperienze simili, promuovendo l&#8217;importanza delle lingue oltre all&#8217;italiano. Per informazioni: <a href=\"http:\/\/www.mimbelluno.it\/\" target=\"_new\" rel=\"noopener\">www.mimbelluno.it<\/a> &#8211; <a target=\"_new\" rel=\"noopener\">info@mimbelluno.it<\/a> &#8211; tel. 0437941160.<\/p>\n<p>&nbsp;<\/p>\n<p>&nbsp;<\/p>\n<hr \/>\n<p>&nbsp;<\/p>\n<blockquote>\n<h3>APPUNTAMENTI CON L&#8217;ASSOCIAZIONE DONATORI DI ORGANI<\/h3>\n<\/blockquote>\n<p><strong>BELLUNO<\/strong> L&#8217;Aido Belluno organizza degli eventi:\u00a0 Il 28 febbraio alla casa funeraria Donadel, con approfondimenti sulla donazione degli organi. I contatti per informazioni sono al numero 336200212.<\/p>\n<p>&nbsp;<\/p>\n<p>&nbsp;<\/p>\n<hr \/>\n<p>&nbsp;<\/p>\n<blockquote>\n<h3>DOMANI L&#8217;ASSEMBLEA GENERALE DEI SOCI DEL BACINO N\u00b05<\/h3>\n<\/blockquote>\n<p><strong>AGORDO<\/strong> Domani alle 9 nella sala convegni dell&#8217;Unione Montana Agordina ci sar\u00e0 l&#8217;assemblea generale dei soci del Bacino n\u00b05 di pesca. Il presidente Enrico D&#8217;Isep ha chiamato a rapporto gli interessati per far il punto sul bilancio 2023 e quello di previsione 2024, i risultati della stagione di pesca 2023, i cambiamenti per quanto riguarda il regolamento, la normativa regionale sulle semine e l&#8217;elezione del nuovo organo direttivo. Il costo per i soci \u00e8 di 66 euro per gli adulti e 36 euro per coloro che non hanno ancora compiuto 14 anni.<\/p>\n<p>&nbsp;<\/p>\n<p>&nbsp;<\/p>\n<hr \/>\n<p>&nbsp;<\/p>\n<blockquote>\n<h3><a class=\"dt-pswp-item\" href=\"https:\/\/www.radiopiu.net\/wordpress\/wp-content\/uploads\/2024\/02\/ef01c8d9-8946-44f1-bd64-5d0ea6c915c7.jpg\" data-dt-img-description=\"\" data-large_image_width=\"1050\" data-large_image_height=\"1485\"><img loading=\"lazy\" decoding=\"async\" class=\" wp-image-375927 alignleft\" src=\"https:\/\/www.radiopiu.net\/wordpress\/wp-content\/uploads\/2024\/02\/ef01c8d9-8946-44f1-bd64-5d0ea6c915c7-212x300.jpg\" alt=\"\" width=\"93\" height=\"132\" srcset=\"https:\/\/www.radiopiu.net\/wordpress\/wp-content\/uploads\/2024\/02\/ef01c8d9-8946-44f1-bd64-5d0ea6c915c7-212x300.jpg 212w, https:\/\/www.radiopiu.net\/wordpress\/wp-content\/uploads\/2024\/02\/ef01c8d9-8946-44f1-bd64-5d0ea6c915c7-724x1024.jpg 724w, https:\/\/www.radiopiu.net\/wordpress\/wp-content\/uploads\/2024\/02\/ef01c8d9-8946-44f1-bd64-5d0ea6c915c7-768x1086.jpg 768w, https:\/\/www.radiopiu.net\/wordpress\/wp-content\/uploads\/2024\/02\/ef01c8d9-8946-44f1-bd64-5d0ea6c915c7.jpg 1050w\" sizes=\"auto, (max-width: 93px) 100vw, 93px\" \/><\/a>VIE IN ROSA AL TEATRO SAN GAETANO<\/h3>\n<\/blockquote>\n<p><strong>BELLUNO<\/strong> Sono 4 gli appuntamenti in programma per la rassegna &#8220;Vie in rosa&#8221; al Teatro San Gaetano di Belluno. Il 10 marzo &#8220;le Fuori gioco&#8221; e a seguire un incontro con il sociologo Diego Cason. Il 24 marzo &#8220;Non Fare storia&#8221; con Paola Brolati e a seguire un incontro con Belluno Donna. Il 14 aprile &#8220;Rolandina Roncaglia&#8221; e il 28 aprile un incontro con Roberta Gallego. Gli spettacoli inizieranno alle 17:30.<\/p>\n<p>&nbsp;<\/p>\n<p>&nbsp;<\/p>\n<hr \/>\n<p>&nbsp;<\/p>\n<h2><span style=\"color: #ff6600;\">IERI ALLA RADIO\u00a0<\/span><\/h2>\n<h2><span style=\"color: #808000;\">&#8220;DINTORN E FORA VIA&#8221;\u00a0 IL PROGRAMMA\u00a0 A CURA DEL MUSLA<\/span><\/h2>\n<p><strong><a class=\"dt-pswp-item\" href=\"https:\/\/www.radiopiu.net\/wordpress\/wp-content\/uploads\/2023\/08\/GIORNALI.jpg\" data-dt-img-description=\"\" data-large_image_width=\"1280\" data-large_image_height=\"853\"><img loading=\"lazy\" decoding=\"async\" class=\" wp-image-350810 alignleft\" src=\"https:\/\/www.radiopiu.net\/wordpress\/wp-content\/uploads\/2023\/08\/GIORNALI-300x200.jpg\" alt=\"\" width=\"174\" height=\"116\" srcset=\"https:\/\/www.radiopiu.net\/wordpress\/wp-content\/uploads\/2023\/08\/GIORNALI-300x200.jpg 300w, https:\/\/www.radiopiu.net\/wordpress\/wp-content\/uploads\/2023\/08\/GIORNALI-1024x682.jpg 1024w, https:\/\/www.radiopiu.net\/wordpress\/wp-content\/uploads\/2023\/08\/GIORNALI-768x512.jpg 768w, https:\/\/www.radiopiu.net\/wordpress\/wp-content\/uploads\/2023\/08\/GIORNALI.jpg 1280w\" sizes=\"auto, (max-width: 174px) 100vw, 174px\" \/><\/a>PUNTATA DEL 23 FEBBRAIO, NORMAN CREPAZ<\/strong><\/p>\n<audio class=\"wp-audio-shortcode\" id=\"audio-375764-13\" preload=\"none\" style=\"width: 100%;\" controls=\"controls\"><source type=\"audio\/mpeg\" src=\"https:\/\/www.radiopiu.net\/wordpress\/wp-content\/uploads\/2024\/02\/MUSLA-8.mp3?_=13\" \/><a href=\"https:\/\/www.radiopiu.net\/wordpress\/wp-content\/uploads\/2024\/02\/MUSLA-8.mp3\">https:\/\/www.radiopiu.net\/wordpress\/wp-content\/uploads\/2024\/02\/MUSLA-8.mp3<\/a><\/audio>\n<p>&nbsp;<\/p>\n<h2><strong>LA RACCOLTA COMPLETA <a href=\"https:\/\/www.radiopiu.net\/wordpress\/musla\/\">CLICCA QUI<\/a><\/strong><\/h2>\n<p>&nbsp;<\/p>\n<h2><span style=\"color: #ff00ff;\">I PROFESSIONISTI DEL POLIAMBULATORIO AGORDINO \u2013 LA PSICOLOGA LAURA DAI PRA&#8217;<\/span><\/h2>\n<p><a class=\"dt-pswp-item\" href=\"https:\/\/www.radiopiu.net\/wordpress\/wp-content\/uploads\/2023\/08\/LAURA-DAI-PRA.png\" data-dt-img-description=\"\" data-large_image_width=\"536\" data-large_image_height=\"324\"><img loading=\"lazy\" decoding=\"async\" class=\" wp-image-375898 alignleft\" src=\"https:\/\/www.radiopiu.net\/wordpress\/wp-content\/uploads\/2023\/08\/LAURA-DAI-PRA-300x181.png\" alt=\"\" width=\"169\" height=\"102\" srcset=\"https:\/\/www.radiopiu.net\/wordpress\/wp-content\/uploads\/2023\/08\/LAURA-DAI-PRA-300x181.png 300w, https:\/\/www.radiopiu.net\/wordpress\/wp-content\/uploads\/2023\/08\/LAURA-DAI-PRA.png 536w\" sizes=\"auto, (max-width: 169px) 100vw, 169px\" \/><\/a>Appuntamento con le interviste dal Poliambulatorio Agordino. Si parla di psicologia della salute con la Dott.sa Laura Dai Pra&#8217;.\u00a0 La\u00a0psicologia\u00a0\u00e8 la scienza che studia gli stati mentali e i suoi processi emotivi, cognitivi, sociali e comportamentali nelle loro componenti consce e inconsce, mediante l\u2019uso del metodo scientifico e\/o appoggiandosi ad una prospettiva soggettiva intrapersonale; si occupa anche dello studio e del trattamento delle funzioni psichiche sia in condizioni di benessere che di sofferenza o disagio mentale, dovute a dinamiche soggettive (intrapsichiche), ambientali e\/o relazionali (interpsichiche).<\/p>\n<p><strong>PUNTATA DEL 23 FEBBRAIO 2024 &#8211; LA PSICOLOGA LAURA DAI PRA&#8217;<\/strong><\/p>\n<audio class=\"wp-audio-shortcode\" id=\"audio-375764-14\" preload=\"none\" style=\"width: 100%;\" controls=\"controls\"><source type=\"audio\/mpeg\" src=\"https:\/\/www.radiopiu.net\/wordpress\/wp-content\/uploads\/2023\/08\/LAURA-DAI-PRA.mp3?_=14\" \/><a href=\"https:\/\/www.radiopiu.net\/wordpress\/wp-content\/uploads\/2023\/08\/LAURA-DAI-PRA.mp3\">https:\/\/www.radiopiu.net\/wordpress\/wp-content\/uploads\/2023\/08\/LAURA-DAI-PRA.mp3<\/a><\/audio>\n<p>&nbsp;<\/p>\n<h2><strong>LA RACCOLTA COMPLETA\u00a0<a href=\"https:\/\/www.radiopiu.net\/wordpress\/i-professionisti-del-poliambulatorio-agordino-le-interviste-stagione-2023\/\">CLICCA QUI<\/a><\/strong><\/h2>\n<p>&nbsp;<\/p>\n<hr \/>\n<p>&nbsp;<\/p>\n<h2><span style=\"color: #ff0000;\">GLI APPUNTAMENTI DELLA SETTIMANA<\/span><span style=\"color: #ff0000;\">\u00a0 <\/span><\/h2>\n<p><strong>BELLUNO<\/strong> Oggi alle 9 in piazzale resistenza incontro in Confartigianato con l&#8217;intervento dellispettore della Polizia di Stato Christian Nesello in servizio presso la sezione della Polizia Stradale di Belluno. Incontro con la Polizia dedicato alla sicurezza stradale.<\/p>\n<p><strong>AGORDO<\/strong> Domani con il Cai di Agordo escursione con le racchette da neve a Malga Haniger, 1907 metri nel parco naturale del Catinaccio. Iscrizioni telefonando al 380.6983040 dalle 16 alle 21\u00a0 entro venerdi<\/p>\n<h2><span style=\"color: #ff0000;\">PROSSIMAMENTE<\/span><\/h2>\n<p><strong>BORCA DI CADORE<\/strong> La prima edizione de &#8220;Le nuove Dolomiti&#8221; si concluder\u00e0 luned\u00ec\u00a0 con un incontro sull&#8217;agricoltura promosso dall&#8217;Hotel Boite di Borca di Cadore. L&#8217;ingresso \u00e8 libero e gratuito.<\/p>\n<p><strong>FELTRE<\/strong> La Famiglia Ex Emigranti del Feltrino organizza la gita alla fiera &#8220;Orto Giardino&#8221; a Pordenonefiere il 6 marzo. La partenza \u00e8 alle 13 da Pedavena, con passaggio a Feltre. Il programma include l&#8217;ingresso alla fiera e una tappa in pizzeria durante il rientro. Per informazioni 40 262 9562.<\/p>\n<p><strong>CENCENIGHE<\/strong> DOMENICA 3 MARZO 10 anni di Oh Per Bacco, 2014_2024, dalle 16.00 la festa<\/p>\n<blockquote>\n<h2><a class=\"dt-pswp-item\" href=\"https:\/\/www.radiopiu.net\/wordpress\/wp-content\/uploads\/2024\/02\/424975281_17930049686820544_8669192397721482723_n.jpg\" data-dt-img-description=\"\" data-large_image_width=\"512\" data-large_image_height=\"640\"><img loading=\"lazy\" decoding=\"async\" class=\"size-medium wp-image-375410 aligncenter\" src=\"https:\/\/www.radiopiu.net\/wordpress\/wp-content\/uploads\/2024\/02\/424975281_17930049686820544_8669192397721482723_n-240x300.jpg\" alt=\"\" width=\"240\" height=\"300\" srcset=\"https:\/\/www.radiopiu.net\/wordpress\/wp-content\/uploads\/2024\/02\/424975281_17930049686820544_8669192397721482723_n-240x300.jpg 240w, https:\/\/www.radiopiu.net\/wordpress\/wp-content\/uploads\/2024\/02\/424975281_17930049686820544_8669192397721482723_n.jpg 512w\" sizes=\"auto, (max-width: 240px) 100vw, 240px\" \/><\/a><\/h2>\n<h2><\/h2>\n<\/blockquote>\n<div>\n<div class=\"\" dir=\"auto\">\n<div id=\":r9h:\" class=\"x1iorvi4 x1pi30zi x1l90r2v x1swvt13\" data-ad-comet-preview=\"message\" data-ad-preview=\"message\">\n<div class=\"x78zum5 xdt5ytf xz62fqu x16ldp7u\">\n<div class=\"xu06os2 x1ok221b\">\n<blockquote>\n<h3 style=\"text-align: center;\">LE CAMPE: 9 marzo con la Combricola del Blasko<\/h3>\n<\/blockquote>\n<p><a class=\"dt-pswp-item\" href=\"https:\/\/www.radiopiu.net\/wordpress\/wp-content\/uploads\/2024\/02\/Senza-nome-52.png\" data-dt-img-description=\"\" data-large_image_width=\"268\" data-large_image_height=\"486\"><img loading=\"lazy\" decoding=\"async\" class=\" wp-image-375373 aligncenter\" src=\"https:\/\/www.radiopiu.net\/wordpress\/wp-content\/uploads\/2024\/02\/Senza-nome-52-165x300.png\" alt=\"\" width=\"262\" height=\"476\" srcset=\"https:\/\/www.radiopiu.net\/wordpress\/wp-content\/uploads\/2024\/02\/Senza-nome-52-165x300.png 165w, https:\/\/www.radiopiu.net\/wordpress\/wp-content\/uploads\/2024\/02\/Senza-nome-52.png 268w\" sizes=\"auto, (max-width: 262px) 100vw, 262px\" \/><\/a><\/p>\n<\/div>\n<\/div>\n<\/div>\n<\/div>\n<\/div>\n<blockquote>\n<h2><\/h2>\n<h2><\/h2>\n<h2>SAVE THE DATE FESTIVAL&#8230;. VAI COL TOTO OSPITI<\/h2>\n<blockquote>\n<h3>SAVE THE DATE FESTIVAL AL RIFUGIO LARESEI&#8230;IL 7 APRILE SARA&#8217; UNA GIORNATA INDIMENTICABILE<\/h3>\n<\/blockquote>\n<div>\n<div class=\"x1cy8zhl x78zum5 x1q0g3np xod5an3 x1pi30zi x1swvt13 xz9dl7a\">\n<div class=\"x1iyjqo2\">\n<div class=\"x78zum5 xdt5ytf xz62fqu x16ldp7u\">\n<div>\n<p><strong>7 APRILE:<\/strong> Save The Date Festival\u00a0 al Rifugio L\u00e0resei<\/p>\n<p>UN&#8217; ALTRA ANTICIPAZIONE&#8230; Dagli schermi di Eurosport e Sky al <a class=\"x1i10hfl xjbqb8w x1ejq31n xd10rxx x1sy0etr x17r0tee x972fbf xcfux6l x1qhh985 xm0m39n x9f619 x1ypdohk xt0psk2 xe8uvvx xdj266r x11i5rnm xat24cr x1mh8g0r xexx8yu x4uap5 x18d9i69 xkhd6sd x16tdsg8 x1hl2dhg xggy1nq x1a2a7pz xt0b8zv x1fey0fg xo1l8bm\" tabindex=\"0\" role=\"link\" href=\"https:\/\/www.facebook.com\/profile.php?id=61554808097303&amp;__cft__[0]=AZW3k-zp2mDVRJleUxRSn0vN5uQP39aMIhimU7k2NjuEV7vAL-ikXSdvAIS9Y9OFROA6MvhNOS6B0xFKKk2slgcxXTJjd4zYNr7hSdMNhry7u3JsMFjQb_Ov2XA6pV2VWIEfcLAt2DSAhVj3JYGuFZHWR6CuUezd22U19A7FgD4qIQ&amp;__tn__=-]K-R\"><span class=\"xt0psk2\">Save The Date Festival<\/span><\/a> arriva Camilla Ronchi Una presentatrice Falcadina non poteva mancare!\u00a0 Si aggiunge al giornalista e presentatore Massimiliano Ossini. Acquista il tuo biglietto d&#8217;ingresso al link: <a class=\"moz-txt-link-abbreviated\" href=\"http:\/\/www.ciaotickets.com\">www.ciaotickets.com<\/a>\u00a0 \u00a0 \u00a0 \u00a0 \u00a0 save-the-date-festival 7 APRILE RIFUGIO LARESEI SKI AREA SAN PELLEGRINO-FALCADE<\/p>\n<\/div>\n<\/div>\n<\/div>\n<\/div>\n<\/div>\n<div>\n<div class=\"\" dir=\"auto\">\n<div id=\":r9h:\" class=\"x1iorvi4 x1pi30zi x1l90r2v x1swvt13\" data-ad-comet-preview=\"message\" data-ad-preview=\"message\">\n<div class=\"x78zum5 xdt5ytf xz62fqu x16ldp7u\">\n<div class=\"xu06os2 x1ok221b\">\n<div class=\"x11i5rnm xat24cr x1mh8g0r x1vvkbs xtlvy1s x126k92a\">\n<div dir=\"auto\"><\/div>\n<\/div>\n<div dir=\"auto\">\n\n\t\t\t<style type='text\/css'>\n\t\t\t\t#gallery-3 {\n\t\t\t\t\tmargin: auto;\n\t\t\t\t}\n\t\t\t\t#gallery-3 .gallery-item {\n\t\t\t\t\tfloat: left;\n\t\t\t\t\tmargin-top: 10px;\n\t\t\t\t\ttext-align: center;\n\t\t\t\t\twidth: 33%;\n\t\t\t\t}\n\t\t\t\t#gallery-3 img {\n\t\t\t\t\tborder: 2px solid #cfcfcf;\n\t\t\t\t}\n\t\t\t\t#gallery-3 .gallery-caption {\n\t\t\t\t\tmargin-left: 0;\n\t\t\t\t}\n\t\t\t\t\/* see gallery_shortcode() in wp-includes\/media.php *\/\n\t\t\t<\/style>\n\t\t<div id='gallery-3' class='dt-gallery-container gallery galleryid-375764 gallery-columns-3 gallery-size-medium'><dl class='gallery-item'>\n\t\t\t\t<dt class='gallery-icon landscape'>\n\t\t\t\t\t<a class=\"rollover rollover-zoom dt-pswp-item\" title=\"19c21029-a0ef-4986-8081-9facbbbce065\" data-dt-img-description=\"\" data-large_image_width=\"1080\" data-large_image_height=\"1080\"href='https:\/\/www.radiopiu.net\/wordpress\/wp-content\/uploads\/2024\/02\/19c21029-a0ef-4986-8081-9facbbbce065.jpg'><img loading=\"lazy\" decoding=\"async\" width=\"300\" height=\"300\" src=\"https:\/\/www.radiopiu.net\/wordpress\/wp-content\/uploads\/2024\/02\/19c21029-a0ef-4986-8081-9facbbbce065-300x300.jpg\" class=\"attachment-medium size-medium\" alt=\"\" srcset=\"https:\/\/www.radiopiu.net\/wordpress\/wp-content\/uploads\/2024\/02\/19c21029-a0ef-4986-8081-9facbbbce065-300x300.jpg 300w, https:\/\/www.radiopiu.net\/wordpress\/wp-content\/uploads\/2024\/02\/19c21029-a0ef-4986-8081-9facbbbce065-1024x1024.jpg 1024w, https:\/\/www.radiopiu.net\/wordpress\/wp-content\/uploads\/2024\/02\/19c21029-a0ef-4986-8081-9facbbbce065-150x150.jpg 150w, https:\/\/www.radiopiu.net\/wordpress\/wp-content\/uploads\/2024\/02\/19c21029-a0ef-4986-8081-9facbbbce065-768x768.jpg 768w, https:\/\/www.radiopiu.net\/wordpress\/wp-content\/uploads\/2024\/02\/19c21029-a0ef-4986-8081-9facbbbce065.jpg 1080w\" sizes=\"auto, (max-width: 300px) 100vw, 300px\" \/><\/a>\n\t\t\t\t<\/dt><\/dl><dl class='gallery-item'>\n\t\t\t\t<dt class='gallery-icon landscape'>\n\t\t\t\t\t<a class=\"rollover rollover-zoom dt-pswp-item\" title=\"428458808_122124610286160269_8403615925720421881_n\" data-dt-img-description=\"\" data-large_image_width=\"526\" data-large_image_height=\"526\"href='https:\/\/www.radiopiu.net\/wordpress\/wp-content\/uploads\/2024\/02\/428458808_122124610286160269_8403615925720421881_n.jpg'><img loading=\"lazy\" decoding=\"async\" width=\"300\" height=\"300\" src=\"https:\/\/www.radiopiu.net\/wordpress\/wp-content\/uploads\/2024\/02\/428458808_122124610286160269_8403615925720421881_n-300x300.jpg\" class=\"attachment-medium size-medium\" alt=\"\" srcset=\"https:\/\/www.radiopiu.net\/wordpress\/wp-content\/uploads\/2024\/02\/428458808_122124610286160269_8403615925720421881_n-300x300.jpg 300w, https:\/\/www.radiopiu.net\/wordpress\/wp-content\/uploads\/2024\/02\/428458808_122124610286160269_8403615925720421881_n-150x150.jpg 150w, https:\/\/www.radiopiu.net\/wordpress\/wp-content\/uploads\/2024\/02\/428458808_122124610286160269_8403615925720421881_n.jpg 526w\" sizes=\"auto, (max-width: 300px) 100vw, 300px\" \/><\/a>\n\t\t\t\t<\/dt><\/dl><dl class='gallery-item'>\n\t\t\t\t<dt class='gallery-icon portrait'>\n\t\t\t\t\t<a class=\"rollover rollover-zoom dt-pswp-item\" title=\"424589697_17849558076141395_6233705988191667367_n\" data-dt-img-description=\"\" data-large_image_width=\"512\" data-large_image_height=\"640\"href='https:\/\/www.radiopiu.net\/wordpress\/wp-content\/uploads\/2024\/02\/424589697_17849558076141395_6233705988191667367_n.jpg'><img loading=\"lazy\" decoding=\"async\" width=\"240\" height=\"300\" src=\"https:\/\/www.radiopiu.net\/wordpress\/wp-content\/uploads\/2024\/02\/424589697_17849558076141395_6233705988191667367_n-240x300.jpg\" class=\"attachment-medium size-medium\" alt=\"\" srcset=\"https:\/\/www.radiopiu.net\/wordpress\/wp-content\/uploads\/2024\/02\/424589697_17849558076141395_6233705988191667367_n-240x300.jpg 240w, https:\/\/www.radiopiu.net\/wordpress\/wp-content\/uploads\/2024\/02\/424589697_17849558076141395_6233705988191667367_n.jpg 512w\" sizes=\"auto, (max-width: 240px) 100vw, 240px\" \/><\/a>\n\t\t\t\t<\/dt><\/dl><br style=\"clear: both\" \/>\n\t\t\t<\/div>\n\n<\/div>\n<p>&nbsp;<\/p>\n<\/div>\n<hr \/>\n<p>&nbsp;<\/p>\n<\/div>\n<\/div>\n<\/div>\n<\/div>\n<\/blockquote>\n<div>\n<div class=\"\" dir=\"auto\">\n<div id=\":r9h:\" class=\"x1iorvi4 x1pi30zi x1l90r2v x1swvt13\" data-ad-comet-preview=\"message\" data-ad-preview=\"message\">\n<div class=\"x78zum5 xdt5ytf xz62fqu x16ldp7u\">\n<div class=\"xu06os2 x1ok221b\">\n<div dir=\"auto\"><\/div>\n<p>&nbsp;<\/p>\n<\/div>\n<\/div>\n<\/div>\n<\/div>\n<\/div>\n<hr \/>\n<p>&nbsp;<\/p>\n<p><a class=\"dt-pswp-item\" href=\"https:\/\/www.radiopiu.net\/wordpress\/wp-content\/uploads\/2018\/09\/viabilita.jpeg\" data-dt-img-description=\"\" data-large_image_width=\"800\" data-large_image_height=\"100\"><img loading=\"lazy\" decoding=\"async\" class=\"aligncenter wp-image-61954 size-full\" src=\"https:\/\/www.radiopiu.net\/wordpress\/wp-content\/uploads\/2018\/09\/viabilita.jpeg\" alt=\"\" width=\"800\" height=\"100\" srcset=\"https:\/\/www.radiopiu.net\/wordpress\/wp-content\/uploads\/2018\/09\/viabilita.jpeg 800w, https:\/\/www.radiopiu.net\/wordpress\/wp-content\/uploads\/2018\/09\/viabilita-300x38.jpeg 300w, https:\/\/www.radiopiu.net\/wordpress\/wp-content\/uploads\/2018\/09\/viabilita-768x96.jpeg 768w\" sizes=\"auto, (max-width: 800px) 100vw, 800px\" \/><\/a><\/p>\n<p>&nbsp;<\/p>\n<p><a class=\"dt-pswp-item\" href=\"https:\/\/www.radiopiu.net\/wordpress\/wp-content\/uploads\/2023\/12\/botol-car-service.jpg\" data-dt-img-description=\"\" data-large_image_width=\"600\" data-large_image_height=\"600\"><img loading=\"lazy\" decoding=\"async\" class=\"size-medium wp-image-367044 aligncenter\" src=\"https:\/\/www.radiopiu.net\/wordpress\/wp-content\/uploads\/2023\/12\/botol-car-service-300x300.jpg\" alt=\"\" width=\"300\" height=\"300\" srcset=\"https:\/\/www.radiopiu.net\/wordpress\/wp-content\/uploads\/2023\/12\/botol-car-service-300x300.jpg 300w, https:\/\/www.radiopiu.net\/wordpress\/wp-content\/uploads\/2023\/12\/botol-car-service-150x150.jpg 150w, https:\/\/www.radiopiu.net\/wordpress\/wp-content\/uploads\/2023\/12\/botol-car-service.jpg 600w\" sizes=\"auto, (max-width: 300px) 100vw, 300px\" \/><\/a><\/p>\n<p>&nbsp;<\/p>\n<blockquote>\n<h1><span style=\"color: #ff0000;\"><a class=\"dt-pswp-item\" href=\"https:\/\/www.radiopiu.net\/wordpress\/wp-content\/uploads\/2020\/05\/VENETO-STRADE.png\" data-dt-img-description=\"\" data-large_image_width=\"400\" data-large_image_height=\"400\"><img loading=\"lazy\" decoding=\"async\" class=\"wp-image-135574 alignleft\" src=\"https:\/\/www.radiopiu.net\/wordpress\/wp-content\/uploads\/2020\/05\/VENETO-STRADE-300x300.png\" alt=\"\" width=\"102\" height=\"102\" srcset=\"https:\/\/www.radiopiu.net\/wordpress\/wp-content\/uploads\/2020\/05\/VENETO-STRADE-300x300.png 300w, https:\/\/www.radiopiu.net\/wordpress\/wp-content\/uploads\/2020\/05\/VENETO-STRADE-150x150.png 150w, https:\/\/www.radiopiu.net\/wordpress\/wp-content\/uploads\/2020\/05\/VENETO-STRADE.png 400w\" sizes=\"auto, (max-width: 102px) 100vw, 102px\" \/><\/a>AGGIORNAMENTO QUOTIDIANO, IN\u00a0 COLLABORAZIONE CON VENETO STRADE E BOTOL CAR SERVICE AD AGORDO IN LOCALITA&#8217; VALCOZZENA.<\/span><\/h1>\n<p>&nbsp;<\/p><\/blockquote>\n<p><span style=\"color: #0000ff;\"><strong>BOLLETTINO VIABILITA&#8217; AGGIORNATO AL 23 GENNAIO 2024<\/strong><\/span><\/p>\n<audio class=\"wp-audio-shortcode\" id=\"audio-375764-15\" preload=\"none\" style=\"width: 100%;\" controls=\"controls\"><source type=\"audio\/mpeg\" src=\"https:\/\/www.radiopiu.net\/wordpress\/wp-content\/uploads\/2024\/01\/VIABLITA-2.mp3?_=15\" \/><a href=\"https:\/\/www.radiopiu.net\/wordpress\/wp-content\/uploads\/2024\/01\/VIABLITA-2.mp3\">https:\/\/www.radiopiu.net\/wordpress\/wp-content\/uploads\/2024\/01\/VIABLITA-2.mp3<\/a><\/audio>\n<p>&nbsp;<\/p>\n<p>&nbsp;<\/p>\n<blockquote class=\"wp-embedded-content\" data-secret=\"ahpeHB224p\"><p><a href=\"https:\/\/www.radiopiu.net\/wordpress\/neve-al-suolo-15-cm-di-neve-fresca-a-casera-coltrondo\/\">NEVE AL SUOLO, 15 CM DI NEVE FRESCA A CASERA COLTRONDO<\/a><\/p><\/blockquote>\n<p><iframe loading=\"lazy\" class=\"wp-embedded-content\" sandbox=\"allow-scripts\" security=\"restricted\" style=\"position: absolute; clip: rect(1px, 1px, 1px, 1px);\" title=\"&#8220;NEVE AL SUOLO, 15 CM DI NEVE FRESCA A CASERA COLTRONDO&#8221; &#8212; Radio Pi\u00f9\" src=\"https:\/\/www.radiopiu.net\/wordpress\/neve-al-suolo-15-cm-di-neve-fresca-a-casera-coltrondo\/embed\/#?secret=5yX5DRo4ef#?secret=ahpeHB224p\" data-secret=\"ahpeHB224p\" width=\"600\" height=\"338\" frameborder=\"0\" marginwidth=\"0\" marginheight=\"0\" scrolling=\"no\"><\/iframe><\/p>\n<p>&nbsp;<\/p>\n<p>&nbsp;<\/p>\n<p>&nbsp;<\/p>\n<hr \/>\n<p>&nbsp;<\/p>\n<p><a class=\"dt-pswp-item\" href=\"https:\/\/www.radiopiu.net\/wordpress\/wp-content\/uploads\/2018\/09\/WhatsApp-Image-2018-09-20-at-16.04.06.jpeg\" data-dt-img-description=\"\" data-large_image_width=\"800\" data-large_image_height=\"100\"><img loading=\"lazy\" decoding=\"async\" class=\"wp-image-61378 size-full aligncenter\" src=\"https:\/\/www.radiopiu.net\/wordpress\/wp-content\/uploads\/2018\/09\/WhatsApp-Image-2018-09-20-at-16.04.06.jpeg\" alt=\"\" width=\"800\" height=\"100\" srcset=\"https:\/\/www.radiopiu.net\/wordpress\/wp-content\/uploads\/2018\/09\/WhatsApp-Image-2018-09-20-at-16.04.06.jpeg 800w, https:\/\/www.radiopiu.net\/wordpress\/wp-content\/uploads\/2018\/09\/WhatsApp-Image-2018-09-20-at-16.04.06-300x38.jpeg 300w, https:\/\/www.radiopiu.net\/wordpress\/wp-content\/uploads\/2018\/09\/WhatsApp-Image-2018-09-20-at-16.04.06-768x96.jpeg 768w\" sizes=\"auto, (max-width: 800px) 100vw, 800px\" \/><\/a><\/p>\n<p><center><\/center><b>\u00a0 \u00a0\u00a0<\/b><\/p>\n<p><center><\/center><center><\/center><center><\/center><center><b>OGGI<\/b><\/center><b>Tempo atteso: <\/b>Nottetempo coperto con breve fase perturbata, poi tempo variabile con molte nubi e qualche chance di schiarite, maggiore sulle Dolomiti rispetto alle Prealpi, dove il rischio di qualche fenomeno sparso potrebbe ancora verificarsi in giornata. Al pomeriggio nubi e schiarite, prima di un nuovo aumento della nuvolosit\u00e0 verso sera, assieme a qualche fenomeno d&#8217;instabilit\u00e0.<br \/>\n<b>Precipitazioni: <\/b>Nella notte probabili fenomeni, nevosi oltre i 900-1100 m (80-90%). In seguito la probabilit\u00e0 andr\u00e0 scemando sulle Dolomiti (30-40%), prima di risultare bassa da met\u00e0 mattinata in poi, mentre potranno verificarsi piovaschi sulle Prealpi (40-50%), nevosi oltre i 1000 m. Alla sera probabili rovesci sulle Prealpi (40-50%), rischio minore sulle Dolomiti (20-30%).<br \/>\n<b>Temperature: <\/b>In generale lieve calo con minime osservate alla sera.<\/p>\n<hr \/>\n<p><center><b>DOMANI<\/b><\/center><b>Tempo atteso: <\/b>Sulle Dolomiti inizialmente molte nubi, prima di ampi rasserenamenti, anche ampi, con fase di tempo stabile, prima che la nuvolosit\u00e0 aumenti di nuovo dal tardo pomeriggio in poi. Sulle Prealpi molte nubi basse e minore chance di schiarite. Alla sera coperto ovunque.<br \/>\n<b>Precipitazioni: <\/b>Generalmente assenti sulle Dolomiti, Sulle Prealpi non escluse qualche sporadico piovasco, nevoso sopra i 1000-1100 m.<br \/>\n<b>Temperature: <\/b>In alta quota pressoch\u00e9 stazionarie. Nelle valli minime senza viariazioni di rilievo e massime in leggera ripresa, almeno nei settori dove il sole potr\u00e0 essere maggiormente presente.<\/p>\n<hr \/>\n<p><center><b>LUNEDI<\/b><\/center>Nuovo graduale lieve peggioramento del tempo con cielo coperto, gi\u00e0 al mattino e prime deboli precipitazioni al pomeriggio, dapprima sulle Prealpi e nel tardo pomeriggio\/sera sulle Dolomiti. I fenomeni saranno perlopi\u00f9 deboli, solo a tratti moderati sulle Prealpi occidentali alla sera. Limite delle nevicate a 900-1100 m, in probabile lieve rialzo sulle Prealpi. Temperature in lieve rialzo in quota e senza variazioni di rilievo nelle valli.<\/p>\n<hr \/>\n<p><center><b>MARTEDI<\/b><\/center>Lieve maltempo sulle Dolomiti con precipitazioni spesso deboli, nevose oltre i 1300-1500 m. Sulle Prealpi tempo moderatamente perturbato con precipitazioni pi\u00f9 significative, nevose oltre i 1400-1600 m. Temperature in generale ulteriore lieve aumento.<\/p>\n<p>&nbsp;<\/p>\n<hr \/>\n<p>&nbsp;<\/p>\n<p><img loading=\"lazy\" decoding=\"async\" class=\"wp-image-60761 size-full aligncenter\" src=\"https:\/\/www.radiopiu.net\/wordpress\/wp-content\/uploads\/2018\/09\/sport.jpg\" alt=\"\" width=\"800\" height=\"100\" srcset=\"https:\/\/www.radiopiu.net\/wordpress\/wp-content\/uploads\/2018\/09\/sport.jpg 800w, https:\/\/www.radiopiu.net\/wordpress\/wp-content\/uploads\/2018\/09\/sport-300x38.jpg 300w, https:\/\/www.radiopiu.net\/wordpress\/wp-content\/uploads\/2018\/09\/sport-768x96.jpg 768w\" sizes=\"auto, (max-width: 800px) 100vw, 800px\" \/><\/p>\n<p>&nbsp;<\/p>\n<blockquote>\n<h2><a class=\"dt-pswp-item\" href=\"https:\/\/www.radiopiu.net\/wordpress\/wp-content\/uploads\/2024\/02\/428604714_800742532094863_4412854560053448983_n.jpg\" data-dt-img-description=\"\" data-large_image_width=\"1440\" data-large_image_height=\"810\"><img loading=\"lazy\" decoding=\"async\" class=\"wp-image-375991 alignleft\" src=\"https:\/\/www.radiopiu.net\/wordpress\/wp-content\/uploads\/2024\/02\/428604714_800742532094863_4412854560053448983_n-300x169.jpg\" alt=\"\" width=\"259\" height=\"146\" srcset=\"https:\/\/www.radiopiu.net\/wordpress\/wp-content\/uploads\/2024\/02\/428604714_800742532094863_4412854560053448983_n-300x169.jpg 300w, https:\/\/www.radiopiu.net\/wordpress\/wp-content\/uploads\/2024\/02\/428604714_800742532094863_4412854560053448983_n-1024x576.jpg 1024w, https:\/\/www.radiopiu.net\/wordpress\/wp-content\/uploads\/2024\/02\/428604714_800742532094863_4412854560053448983_n-768x432.jpg 768w, https:\/\/www.radiopiu.net\/wordpress\/wp-content\/uploads\/2024\/02\/428604714_800742532094863_4412854560053448983_n.jpg 1440w\" sizes=\"auto, (max-width: 259px) 100vw, 259px\" \/><\/a>NON SOLO OLIMPIADI, NON SOLO BOB A CORTINA<\/h2>\n<\/blockquote>\n<p><span style=\"color: #ff0000;\">RADIO PIU&#8217;<\/span> SALUTA ED ONORA LE CAMPIONESSE DELLO SCI AUGURANDO LORO DUE GIORNI DI GRANDE GIOIA SULLE NEVI DELL&#8217;AREA SAN PELLEGRINO-FALCADE. ORGOGLIOSI PER L&#8217;EVENTO IN MONDOVISIONE CON IL GRAZIE A CHI E&#8217; RIUSCITO NELL&#8217;IMPRESA CORONANDO UN SOGNO, AI TECNICI E IMPIANTISTI SEMPRE SUL &#8220;PEZZO&#8221;, AGLI OPERATORI TURISTICI CHE DIMOSTRANO DI CREDERE NELLE POTENZIALITA&#8217; DELLA MONTAGNA E DEL TURISMO BELLUNESE, REGIONALE, NAZIONALE E INTERNAZIONALE (MM)<\/p>\n<p><strong>RENZO MINELLA ALLA RADIO\u00a0<\/strong><\/p>\n<audio class=\"wp-audio-shortcode\" id=\"audio-375764-16\" preload=\"none\" style=\"width: 100%;\" controls=\"controls\"><source type=\"audio\/mpeg\" src=\"https:\/\/www.radiopiu.net\/wordpress\/wp-content\/uploads\/2024\/02\/RENZO-MINELLA.mp3?_=16\" \/><a href=\"https:\/\/www.radiopiu.net\/wordpress\/wp-content\/uploads\/2024\/02\/RENZO-MINELLA.mp3\">https:\/\/www.radiopiu.net\/wordpress\/wp-content\/uploads\/2024\/02\/RENZO-MINELLA.mp3<\/a><\/audio>\n<p>&nbsp;<\/p>\n<p>&nbsp;<\/p>\n<p><span style=\"color: #0000ff;\"><strong>HOCKEY SU GHIACCIO<\/strong><\/span><\/p>\n<blockquote>\n<h3>PROVE DI PLAYOFF PER LE CIVETTE. ALLEGHE AD APPIANO PER L\u2019ULTIMA GIORNATA DI MASTER ROUND<\/h3>\n<\/blockquote>\n<p style=\"font-weight: 400;\"><strong><a class=\"dt-pswp-item\" href=\"https:\/\/www.radiopiu.net\/wordpress\/wp-content\/uploads\/2024\/02\/576386be-507b-49e5-8d72-e075024f3221.jpeg\" data-dt-img-description=\"\" data-large_image_width=\"1600\" data-large_image_height=\"1061\"><img loading=\"lazy\" decoding=\"async\" class=\"size-medium wp-image-375836 alignleft\" src=\"https:\/\/www.radiopiu.net\/wordpress\/wp-content\/uploads\/2024\/02\/576386be-507b-49e5-8d72-e075024f3221-300x199.jpeg\" alt=\"\" width=\"300\" height=\"199\" srcset=\"https:\/\/www.radiopiu.net\/wordpress\/wp-content\/uploads\/2024\/02\/576386be-507b-49e5-8d72-e075024f3221-300x199.jpeg 300w, https:\/\/www.radiopiu.net\/wordpress\/wp-content\/uploads\/2024\/02\/576386be-507b-49e5-8d72-e075024f3221-1024x679.jpeg 1024w, https:\/\/www.radiopiu.net\/wordpress\/wp-content\/uploads\/2024\/02\/576386be-507b-49e5-8d72-e075024f3221-768x509.jpeg 768w, https:\/\/www.radiopiu.net\/wordpress\/wp-content\/uploads\/2024\/02\/576386be-507b-49e5-8d72-e075024f3221-1536x1019.jpeg 1536w, https:\/\/www.radiopiu.net\/wordpress\/wp-content\/uploads\/2024\/02\/576386be-507b-49e5-8d72-e075024f3221.jpeg 1600w\" sizes=\"auto, (max-width: 300px) 100vw, 300px\" \/><\/a>DI ROBERTO MIANA, PORTAVOCE DELL\u2019ALLEGHE HOCKEY<\/strong><\/p>\n<p style=\"font-weight: 400;\">Decima e ultima giornata del Master Round IHL di hockey su ghiaccio. Sabato 24 febbraio alle 19:30 l\u2019Alleghe gioca ad Appiano. Dopo la brillante vittoria ottenuta sul ghiaccio di casa 3-2 contro il capolista Pergine, le Civette affrontano l\u2019Appiano nell\u2019ultima gara del Master Round. Per ironia della sorte i Pirati saranno proprio l\u2019avversario delle Civette nei quarti di finale playoff. La gara di sabato, grazie alla vittoria alleghese nell\u2019ultimo turno sul Pergine e la contemporanea sconfitta dei Basso Atesini contro il Caldaro, non avr\u00e0 nulla da dire a livello di classifica, con le posizioni di Alleghe ed Appiano gi\u00e0 consolidate rispettivamente in quarta e quinta posizione. In virt\u00f9 di questa graduatoria i Biancorossi avranno il vantaggio, nella serie best of five, di giocare gara 1 in casa, ma soprattutto di poter contare sul fattore campo nell\u2019eventuale gara cinque. Sono ben cinque gli incroci stagionali tra le due formazioni: le tre gare di campionato hanno sorriso alle Civette, mentre nella doppia sfida di Coppa Italia i Pirati hanno strappato all\u2019overtime la qualificazione alla Final Four ai danni degli Agordini. Nei 19 precedenti del campionato IHL tra Alleghe ed Appiano si contano 6 affermazioni delle Civette e 13 dei Pirati.<\/p>\n<p style=\"font-weight: 400;\"><strong>HC EPPAN APPIANO &#8211; ALLEGHE HOCKEY<\/strong> Sabato 24 Febbraio ore 19:30 &#8211; Palaghiaccio di Appiano (BZ). Arbitri: Massimo De Col e Fabio Tirelli con giudici di linea Lorenzo Dell&#8217;amico e Fabio Zen. Collegamenti in\u00a0DIRETTA RADIOFONICA\u00a0su Radio Pi\u00f9 (www.radiopiu.net) con \u201cHockey al punto giusto\u201d, in studio Marco Gaz e da Appiano interventi di Federico Paganin<\/p>\n<p>&nbsp;<\/p>\n<blockquote>\n<h3>TRASFERTA A BRESSANONE PER IL FELTRE<\/h3>\n<\/blockquote>\n<p><a class=\"dt-pswp-item\" href=\"https:\/\/www.radiopiu.net\/wordpress\/wp-content\/uploads\/2024\/01\/feltre-ghiaccio.jpg\" data-dt-img-description=\"\" data-large_image_width=\"2048\" data-large_image_height=\"1185\"><img loading=\"lazy\" decoding=\"async\" class=\" wp-image-369865 alignleft\" src=\"https:\/\/www.radiopiu.net\/wordpress\/wp-content\/uploads\/2024\/01\/feltre-ghiaccio-300x174.jpg\" alt=\"\" width=\"167\" height=\"97\" srcset=\"https:\/\/www.radiopiu.net\/wordpress\/wp-content\/uploads\/2024\/01\/feltre-ghiaccio-300x174.jpg 300w, https:\/\/www.radiopiu.net\/wordpress\/wp-content\/uploads\/2024\/01\/feltre-ghiaccio-1024x593.jpg 1024w, https:\/\/www.radiopiu.net\/wordpress\/wp-content\/uploads\/2024\/01\/feltre-ghiaccio-768x444.jpg 768w, https:\/\/www.radiopiu.net\/wordpress\/wp-content\/uploads\/2024\/01\/feltre-ghiaccio-1536x889.jpg 1536w, https:\/\/www.radiopiu.net\/wordpress\/wp-content\/uploads\/2024\/01\/feltre-ghiaccio.jpg 2048w\" sizes=\"auto, (max-width: 167px) 100vw, 167px\" \/><\/a>Stasera alle 18 ultima partita della seconda fase anche per il Feltre che ormai non deve pi\u00f9 chiedere nulla al Qualification Round. I picchi si sono qualificati come terza squadra in graduatoria e attende solo di sapere chi tra Pergine e Varese sar\u00e0 il prossimo avversario. Intanto ultima passerella per il Bressanone ormai fuori dai giochi che stasera ospita i feltrini.<\/p>\n<p><strong>CLASSIFICA MASTER ROUND:\u00a0<\/strong>Pergine 32, Varese 30, Caldaro 29, Alleghe 18, Appiano 14<\/p>\n<p><strong>CLASSIFICA QUALIFICATION ROUND:<\/strong>\u00a0Como e Fiemme 27, Feltre 23, Valpellice 17, Bressanone 14, Dobbiaco 11<\/p>\n<p>&nbsp;<\/p>\n<p><span style=\"color: #0000ff;\"><strong>CALCIO<\/strong><\/span><\/p>\n<blockquote>\n<h3>DOMANI LA SECONDA GIORNATA DEL GIRONE DI RITORNO DELLA TERZA CATEGORIA<\/h3>\n<\/blockquote>\n<p><strong><a class=\"dt-pswp-item\" href=\"https:\/\/www.radiopiu.net\/wordpress\/wp-content\/uploads\/2020\/09\/calcio-2020.jpg\" data-dt-img-description=\"\" data-large_image_width=\"1920\" data-large_image_height=\"1080\"><img loading=\"lazy\" decoding=\"async\" class=\" wp-image-162226 alignleft\" src=\"https:\/\/www.radiopiu.net\/wordpress\/wp-content\/uploads\/2020\/09\/calcio-2020-300x169.jpg\" alt=\"\" width=\"163\" height=\"92\" srcset=\"https:\/\/www.radiopiu.net\/wordpress\/wp-content\/uploads\/2020\/09\/calcio-2020-300x169.jpg 300w, https:\/\/www.radiopiu.net\/wordpress\/wp-content\/uploads\/2020\/09\/calcio-2020-1024x576.jpg 1024w, https:\/\/www.radiopiu.net\/wordpress\/wp-content\/uploads\/2020\/09\/calcio-2020-768x432.jpg 768w, https:\/\/www.radiopiu.net\/wordpress\/wp-content\/uploads\/2020\/09\/calcio-2020-1536x864.jpg 1536w, https:\/\/www.radiopiu.net\/wordpress\/wp-content\/uploads\/2020\/09\/calcio-2020-640x360.jpg 640w, https:\/\/www.radiopiu.net\/wordpress\/wp-content\/uploads\/2020\/09\/calcio-2020.jpg 1920w\" sizes=\"auto, (max-width: 163px) 100vw, 163px\" \/><\/a>REDAZIONE<\/strong> Si giocano domani le partite valide per il secondo turno del girone di ritorno della Terza Categoria della provincia di Belluno. Le copiose nevicate delle ultime ore stanno mettendo a dura prova i campi specialmente del Cadore dove solo nelle prossime ore si prenderanno decisioni sul da farsi. Nessun problema sui campi della Valbelluna dove sono in programma la maggior parte delle sfide tra cui quelle di Agordina e Piave. La squadra di Agordo giocher\u00e0 in trasferta contro il Tambre, una squadra alla portata dalla compagine allenata da Chiea che \u00e8 alla ricerca di punti per puntare in alto nella classifica. Domani a Salce in campo anche il Piave che ospiter\u00e0 l&#8217;Auronzo.<\/p>\n<p><strong>LA CLASSIFICA DELLA TERZA CATEGORIA:<\/strong> Gemelle 32, Domegge 29, San Vittore, Fortogna e Auronzo 28, Alpes Cesio 24, Valzoldana 20, Agordina 19, Piave 18, Dynamo Vellai 16, Cortina 15, Tambre 9, Lamonese 8, Cadore 3<\/p>\n<p><strong>IL RIASSUNTO DI ANDREA BALDASSI, PORTAVOCE DEL PIAVE<\/strong><\/p>\n<audio class=\"wp-audio-shortcode\" id=\"audio-375764-17\" preload=\"none\" style=\"width: 100%;\" controls=\"controls\"><source type=\"audio\/mpeg\" src=\"https:\/\/www.radiopiu.net\/wordpress\/wp-content\/uploads\/2024\/02\/BALDA.mp3?_=17\" \/><a href=\"https:\/\/www.radiopiu.net\/wordpress\/wp-content\/uploads\/2024\/02\/BALDA.mp3\">https:\/\/www.radiopiu.net\/wordpress\/wp-content\/uploads\/2024\/02\/BALDA.mp3<\/a><\/audio>\n<p>&nbsp;<\/p>\n<p><span style=\"color: #0000ff;\"><strong>PALLAVOLO<\/strong><\/span><\/p>\n<blockquote>\n<h3><a class=\"dt-pswp-item\" href=\"https:\/\/www.radiopiu.net\/wordpress\/wp-content\/uploads\/2024\/02\/La_concentrazione_di_Elena_Barp.jpg\" data-dt-img-description=\"\" data-large_image_width=\"1420\" data-large_image_height=\"2131\"><img loading=\"lazy\" decoding=\"async\" class=\" wp-image-375882 alignleft\" src=\"https:\/\/www.radiopiu.net\/wordpress\/wp-content\/uploads\/2024\/02\/La_concentrazione_di_Elena_Barp-200x300.jpg\" alt=\"\" width=\"95\" height=\"143\" srcset=\"https:\/\/www.radiopiu.net\/wordpress\/wp-content\/uploads\/2024\/02\/La_concentrazione_di_Elena_Barp-200x300.jpg 200w, https:\/\/www.radiopiu.net\/wordpress\/wp-content\/uploads\/2024\/02\/La_concentrazione_di_Elena_Barp-682x1024.jpg 682w, https:\/\/www.radiopiu.net\/wordpress\/wp-content\/uploads\/2024\/02\/La_concentrazione_di_Elena_Barp-768x1153.jpg 768w, https:\/\/www.radiopiu.net\/wordpress\/wp-content\/uploads\/2024\/02\/La_concentrazione_di_Elena_Barp-1024x1536.jpg 1024w, https:\/\/www.radiopiu.net\/wordpress\/wp-content\/uploads\/2024\/02\/La_concentrazione_di_Elena_Barp-1365x2048.jpg 1365w, https:\/\/www.radiopiu.net\/wordpress\/wp-content\/uploads\/2024\/02\/La_concentrazione_di_Elena_Barp.jpg 1420w\" sizes=\"auto, (max-width: 95px) 100vw, 95px\" \/><\/a>PALLAVOLO BELLUNO FEMMINILE PRONTA ALLO SCONTRO CON IL VOLPE<\/h3>\n<\/blockquote>\n<p><strong>BELLUNO<\/strong> La SB Volley affronta la Sicell Gs Volpe in uno scontro cruciale per la classifica. Dopo una partita con Ormesani Annia, la squadra bellunese cerca il riscatto e mira a conservare il secondo posto. La palleggiatrice Barp ammette un calo generale ma enfatizza il positivo per il futuro. Nonostante la competizione con Naldo, evidenzia la complementarit\u00e0. La Sicell Gs Volpe \u00e8 terza in classifica e la SB Volley deve mostrare determinazione e consapevolezza. Barp vuole mantenere il\u00a0 secondo posto, considerando l&#8217;Asolo la squadra pi\u00f9 forte.<\/p>\n<p>&nbsp;<\/p>\n<p>&nbsp;<\/p>\n<p><span style=\"color: #0000ff;\"><strong>SPORT ED INCLUSIONE<\/strong><\/span><\/p>\n<blockquote>\n<h3 class=\"entry-title\">SNOW-ABILI AD ALLEGHE: UN\u2019ESPERIENZA UNICA DI INCLUSIONE SULLA NEVE PER OLTRE 350 RAGAZZI CON DISABILIT\u00c0<\/h3>\n<\/blockquote>\n<p><strong><a class=\"dt-pswp-item\" href=\"https:\/\/www.radiopiu.net\/wordpress\/wp-content\/uploads\/2024\/02\/ADC08609-1.jpg\" data-dt-img-description=\"\" data-large_image_width=\"1080\" data-large_image_height=\"720\"><img loading=\"lazy\" decoding=\"async\" class=\" wp-image-375943 alignleft\" src=\"https:\/\/www.radiopiu.net\/wordpress\/wp-content\/uploads\/2024\/02\/ADC08609-1-300x200.jpg\" alt=\"\" width=\"264\" height=\"176\" srcset=\"https:\/\/www.radiopiu.net\/wordpress\/wp-content\/uploads\/2024\/02\/ADC08609-1-300x200.jpg 300w, https:\/\/www.radiopiu.net\/wordpress\/wp-content\/uploads\/2024\/02\/ADC08609-1-1024x683.jpg 1024w, https:\/\/www.radiopiu.net\/wordpress\/wp-content\/uploads\/2024\/02\/ADC08609-1-768x512.jpg 768w, https:\/\/www.radiopiu.net\/wordpress\/wp-content\/uploads\/2024\/02\/ADC08609-1.jpg 1080w\" sizes=\"auto, (max-width: 264px) 100vw, 264px\" \/><\/a>ALLEGHE<\/strong> Si \u00e8 svolta ad Alleghe la manifestazione &#8220;SNOW-abili&#8221;, organizzata da CROSSabili insieme a Mattia Cattapan e Alvaro Dal Farra, con il sostegno di diverse aziende e associazioni. L&#8217;evento ha coinvolto oltre 350 ragazzi con disabilit\u00e0, offrendo loro esperienze uniche sulla neve per favorire l&#8217;inclusione e il benessere. Grazie a attivit\u00e0 come motoslitte, snow-bike, e spettacoli speciali, i partecipanti hanno potuto godere di momenti di divertimento e condivisione. Ogni giornata prevedeva pranzo in rifugio e attivit\u00e0 sulla neve, con il supporto del team CROSSabili e delle Forze dell&#8217;Ordine. Lo spettacolo di motoslitte e snowbike, con la partecipazione di esperti piloti tra cui Alvaro Dal Farra e Mattia Cattapan, ha reso l&#8217;esperienza ancora pi\u00f9 emozionante. Grazie all&#8217;impegno di CROSSabili, Cattapan e Dal Farra, insieme al sostegno di aziende e associazioni, &#8220;SNOW-abili&#8221; \u00e8 stata un&#8217;occasione unica per promuovere l&#8217;inclusione e il benessere dei partecipanti con disabilit\u00e0.<\/p>\n<p>&nbsp;<\/p>\n<p><strong><a class=\"dt-pswp-item\" href=\"https:\/\/www.radiopiu.net\/wordpress\/wp-content\/uploads\/2024\/02\/DSC_4905-1.jpg\" data-dt-img-description=\"\" data-large_image_width=\"720\" data-large_image_height=\"1080\"><img loading=\"lazy\" decoding=\"async\" class=\"wp-image-375944 alignleft\" src=\"https:\/\/www.radiopiu.net\/wordpress\/wp-content\/uploads\/2024\/02\/DSC_4905-1-200x300.jpg\" alt=\"\" width=\"100\" height=\"150\" srcset=\"https:\/\/www.radiopiu.net\/wordpress\/wp-content\/uploads\/2024\/02\/DSC_4905-1-200x300.jpg 200w, https:\/\/www.radiopiu.net\/wordpress\/wp-content\/uploads\/2024\/02\/DSC_4905-1-683x1024.jpg 683w, https:\/\/www.radiopiu.net\/wordpress\/wp-content\/uploads\/2024\/02\/DSC_4905-1.jpg 720w\" sizes=\"auto, (max-width: 100px) 100vw, 100px\" \/><\/a>ALVARO DAL FARRA<\/strong><\/p>\n<audio class=\"wp-audio-shortcode\" id=\"audio-375764-18\" preload=\"none\" style=\"width: 100%;\" controls=\"controls\"><source type=\"audio\/mpeg\" src=\"https:\/\/www.radiopiu.net\/wordpress\/wp-content\/uploads\/2024\/02\/ALVARO-DAL-FARRA.mp3?_=18\" \/><a href=\"https:\/\/www.radiopiu.net\/wordpress\/wp-content\/uploads\/2024\/02\/ALVARO-DAL-FARRA.mp3\">https:\/\/www.radiopiu.net\/wordpress\/wp-content\/uploads\/2024\/02\/ALVARO-DAL-FARRA.mp3<\/a><\/audio>\n<p><strong><a class=\"dt-pswp-item\" href=\"https:\/\/www.radiopiu.net\/wordpress\/wp-content\/uploads\/2024\/02\/DSC_5191-1.jpg\" data-dt-img-description=\"\" data-large_image_width=\"1080\" data-large_image_height=\"720\"><img loading=\"lazy\" decoding=\"async\" class=\"wp-image-375942 alignleft\" src=\"https:\/\/www.radiopiu.net\/wordpress\/wp-content\/uploads\/2024\/02\/DSC_5191-1-300x200.jpg\" alt=\"\" width=\"101\" height=\"67\" srcset=\"https:\/\/www.radiopiu.net\/wordpress\/wp-content\/uploads\/2024\/02\/DSC_5191-1-300x200.jpg 300w, https:\/\/www.radiopiu.net\/wordpress\/wp-content\/uploads\/2024\/02\/DSC_5191-1-1024x683.jpg 1024w, https:\/\/www.radiopiu.net\/wordpress\/wp-content\/uploads\/2024\/02\/DSC_5191-1-768x512.jpg 768w, https:\/\/www.radiopiu.net\/wordpress\/wp-content\/uploads\/2024\/02\/DSC_5191-1.jpg 1080w\" sizes=\"auto, (max-width: 101px) 100vw, 101px\" \/><\/a>MATTIA CATTAPAN<\/strong><\/p>\n<audio class=\"wp-audio-shortcode\" id=\"audio-375764-19\" preload=\"none\" style=\"width: 100%;\" controls=\"controls\"><source type=\"audio\/mpeg\" src=\"https:\/\/www.radiopiu.net\/wordpress\/wp-content\/uploads\/2024\/02\/MATTIA-CATTAPAN.mp3?_=19\" \/><a href=\"https:\/\/www.radiopiu.net\/wordpress\/wp-content\/uploads\/2024\/02\/MATTIA-CATTAPAN.mp3\">https:\/\/www.radiopiu.net\/wordpress\/wp-content\/uploads\/2024\/02\/MATTIA-CATTAPAN.mp3<\/a><\/audio>\n<p><strong><a class=\"dt-pswp-item\" href=\"https:\/\/www.radiopiu.net\/wordpress\/wp-content\/uploads\/2024\/02\/DSC_5036.jpg\" data-dt-img-description=\"\" data-large_image_width=\"1080\" data-large_image_height=\"720\"><img loading=\"lazy\" decoding=\"async\" class=\"wp-image-375941 alignleft\" src=\"https:\/\/www.radiopiu.net\/wordpress\/wp-content\/uploads\/2024\/02\/DSC_5036-300x200.jpg\" alt=\"\" width=\"102\" height=\"68\" srcset=\"https:\/\/www.radiopiu.net\/wordpress\/wp-content\/uploads\/2024\/02\/DSC_5036-300x200.jpg 300w, https:\/\/www.radiopiu.net\/wordpress\/wp-content\/uploads\/2024\/02\/DSC_5036-1024x683.jpg 1024w, https:\/\/www.radiopiu.net\/wordpress\/wp-content\/uploads\/2024\/02\/DSC_5036-768x512.jpg 768w, https:\/\/www.radiopiu.net\/wordpress\/wp-content\/uploads\/2024\/02\/DSC_5036.jpg 1080w\" sizes=\"auto, (max-width: 102px) 100vw, 102px\" \/><\/a>GLI OSPITI<\/strong><\/p>\n<audio class=\"wp-audio-shortcode\" id=\"audio-375764-20\" preload=\"none\" style=\"width: 100%;\" controls=\"controls\"><source type=\"audio\/mpeg\" src=\"https:\/\/www.radiopiu.net\/wordpress\/wp-content\/uploads\/2024\/02\/OSPITI-DAL-FARRA.mp3?_=20\" \/><a href=\"https:\/\/www.radiopiu.net\/wordpress\/wp-content\/uploads\/2024\/02\/OSPITI-DAL-FARRA.mp3\">https:\/\/www.radiopiu.net\/wordpress\/wp-content\/uploads\/2024\/02\/OSPITI-DAL-FARRA.mp3<\/a><\/audio>\n<p>&nbsp;<\/p>\n<p>&nbsp;<\/p>\n<p>&nbsp;<\/p>\n<p>&nbsp;<\/p>\n","protected":false},"excerpt":{"rendered":"<p>***** &nbsp; &nbsp; COPPA DEL MONDO, PROVA ODIERNA ANNULLATA, ORDINANZA CHIUSURA STRADA REVOCATA pagina facebook SKI AREA SAN PELLEGRINO\u00a0 \u00a0A causa della quantit\u00e0 di neve caduta nelle ultime 24 ore, la gara di SuperG di oggi \u00e8 stata annullata. Abbiamo lavorato incessantemente e stiamo ancora lavorando in pista per essere pronti per la gara di&hellip;<\/p>\n","protected":false},"author":4,"featured_media":375958,"comment_status":"closed","ping_status":"closed","sticky":false,"template":"","format":"standard","meta":{"_monsterinsights_skip_tracking":false,"_monsterinsights_sitenote_active":false,"_monsterinsights_sitenote_note":"","_monsterinsights_sitenote_category":0,"footnotes":""},"categories":[51,86,49],"tags":[],"class_list":["post-375764","post","type-post","status-publish","format-standard","has-post-thumbnail","hentry","category-evidenza-top","category-gr","category-news-18","category-51","category-86","category-49","description-off"],"img_url":"https:\/\/www.radiopiu.net\/wordpress\/wp-content\/uploads\/2024\/02\/bc89d7e9-e2ab-4314-b1b7-ed555a41950e.jpg","_links":{"self":[{"href":"https:\/\/www.radiopiu.net\/wordpress\/wp-json\/wp\/v2\/posts\/375764","targetHints":{"allow":["GET"]}}],"collection":[{"href":"https:\/\/www.radiopiu.net\/wordpress\/wp-json\/wp\/v2\/posts"}],"about":[{"href":"https:\/\/www.radiopiu.net\/wordpress\/wp-json\/wp\/v2\/types\/post"}],"author":[{"embeddable":true,"href":"https:\/\/www.radiopiu.net\/wordpress\/wp-json\/wp\/v2\/users\/4"}],"replies":[{"embeddable":true,"href":"https:\/\/www.radiopiu.net\/wordpress\/wp-json\/wp\/v2\/comments?post=375764"}],"version-history":[{"count":0,"href":"https:\/\/www.radiopiu.net\/wordpress\/wp-json\/wp\/v2\/posts\/375764\/revisions"}],"wp:featuredmedia":[{"embeddable":true,"href":"https:\/\/www.radiopiu.net\/wordpress\/wp-json\/wp\/v2\/media\/375958"}],"wp:attachment":[{"href":"https:\/\/www.radiopiu.net\/wordpress\/wp-json\/wp\/v2\/media?parent=375764"}],"wp:term":[{"taxonomy":"category","embeddable":true,"href":"https:\/\/www.radiopiu.net\/wordpress\/wp-json\/wp\/v2\/categories?post=375764"},{"taxonomy":"post_tag","embeddable":true,"href":"https:\/\/www.radiopiu.net\/wordpress\/wp-json\/wp\/v2\/tags?post=375764"}],"curies":[{"name":"wp","href":"https:\/\/api.w.org\/{rel}","templated":true}]}}