{"id":375975,"date":"2024-02-26T05:41:07","date_gmt":"2024-02-26T04:41:07","guid":{"rendered":"https:\/\/www.radiopiu.net\/wordpress\/?p=375975"},"modified":"2024-02-26T10:00:47","modified_gmt":"2024-02-26T09:00:47","slug":"giornale-radiopiu-26-febbraio-2024-direttore-mirko-mezzacasada-40-anni-25-giugno-1983-25-giugno-2023","status":"publish","type":"post","link":"https:\/\/www.radiopiu.net\/wordpress\/giornale-radiopiu-26-febbraio-2024-direttore-mirko-mezzacasada-40-anni-25-giugno-1983-25-giugno-2023\/","title":{"rendered":"GIORNALE RADIOPIU 26 FEBBRAIO 2024 DIRETTORE MIRKO MEZZACASA\u2026DA 40 ANNI 25 GIUGNO 1983-25 GIUGNO 2023"},"content":{"rendered":"<p>*****<\/p>\n<p>&nbsp;<\/p>\n<hr \/>\n<p>&nbsp;<\/p>\n<h1 class=\"entry-title photoswipe-wrapper\"><strong><a class=\"dt-pswp-item\" href=\"https:\/\/www.radiopiu.net\/wordpress\/wp-content\/uploads\/2023\/12\/logo-radio.jpg\" data-dt-img-description=\"\" data-large_image_width=\"800\" data-large_image_height=\"600\"><img loading=\"lazy\" decoding=\"async\" class=\"wp-image-367163 alignleft\" src=\"https:\/\/www.radiopiu.net\/wordpress\/wp-content\/uploads\/2023\/12\/logo-radio-300x225.jpg\" alt=\"\" width=\"109\" height=\"82\" srcset=\"https:\/\/www.radiopiu.net\/wordpress\/wp-content\/uploads\/2023\/12\/logo-radio-300x225.jpg 300w, https:\/\/www.radiopiu.net\/wordpress\/wp-content\/uploads\/2023\/12\/logo-radio-768x576.jpg 768w, https:\/\/www.radiopiu.net\/wordpress\/wp-content\/uploads\/2023\/12\/logo-radio.jpg 800w\" sizes=\"auto, (max-width: 109px) 100vw, 109px\" \/><\/a><\/strong><\/h1>\n<h1 class=\"entry-title photoswipe-wrapper\">40esimo di RADIOPIU\u2026. LA VOCE DELL\u2019EMOZIONE<\/h1>\n<h2><\/h2>\n<h2><span style=\"color: #ff0000;\">ISCRIVITI AL NOSTRO CANALE\u00a0\u00a0YOUTUBE PER SEGUIRE IN DIRETTA I PRINCIPALI PROGRAMMI DI RADIO PIU\u2019 E LE FUTURE DIRETTE IN ESTERNA. PER ISCRIVERTI <a style=\"color: #ff0000;\" href=\"https:\/\/youtube.com\/@radiopiu1527\">CLICCA QUI\u00a0<\/a>E PREMI\u00a0 \u201cIscriviti\u201d\u00a0 \u00a0<\/span><\/h2>\n<div class=\"x1e56ztr\" data-block=\"true\" data-editor=\"avj4u\" data-offset-key=\"d3i0j-0-0\"><\/div>\n<div data-block=\"true\" data-editor=\"avj4u\" data-offset-key=\"d3i0j-0-0\"><\/div>\n<div data-block=\"true\" data-editor=\"avj4u\" data-offset-key=\"d3i0j-0-0\"><\/div>\n<div class=\"x11i5rnm xat24cr x1mh8g0r x1vvkbs xtlvy1s x126k92a\">\n<div dir=\"auto\">\n<p><a class=\"dt-pswp-item\" href=\"https:\/\/www.radiopiu.net\/wordpress\/wp-content\/uploads\/2023\/10\/34f4cfc6-e863-46e9-9695-8df44be63421.jpg\" data-dt-img-description=\"\" data-large_image_width=\"1200\" data-large_image_height=\"1200\"><img loading=\"lazy\" decoding=\"async\" class=\"wp-image-357393 alignleft\" src=\"https:\/\/www.radiopiu.net\/wordpress\/wp-content\/uploads\/2023\/10\/34f4cfc6-e863-46e9-9695-8df44be63421-300x300.jpg\" alt=\"\" width=\"81\" height=\"81\" srcset=\"https:\/\/www.radiopiu.net\/wordpress\/wp-content\/uploads\/2023\/10\/34f4cfc6-e863-46e9-9695-8df44be63421-300x300.jpg 300w, https:\/\/www.radiopiu.net\/wordpress\/wp-content\/uploads\/2023\/10\/34f4cfc6-e863-46e9-9695-8df44be63421-1024x1024.jpg 1024w, https:\/\/www.radiopiu.net\/wordpress\/wp-content\/uploads\/2023\/10\/34f4cfc6-e863-46e9-9695-8df44be63421-150x150.jpg 150w, https:\/\/www.radiopiu.net\/wordpress\/wp-content\/uploads\/2023\/10\/34f4cfc6-e863-46e9-9695-8df44be63421-768x768.jpg 768w, https:\/\/www.radiopiu.net\/wordpress\/wp-content\/uploads\/2023\/10\/34f4cfc6-e863-46e9-9695-8df44be63421.jpg 1200w\" sizes=\"auto, (max-width: 81px) 100vw, 81px\" \/><\/a>OGGI ALLA RADIO: <strong>ALLE 7<\/strong> LA RASSEGNA STAMPA LOCALE FLASH, PER CHI COME NOI ALLE SETTE DEL MATTINO VA DI FRETTA, TANTE NOTIZIE IN POCHE CHIACCHIERE. <strong>ALLE OTTO<\/strong> L&#8217;APPROFONDIMENTO NELLA STORICA RASSEGNA STAMPA LOCALE.\u00a0 DALLE 6 ALLE 21, OGNI ORA, L&#8217;INFORMAZIONE NAZIONALE, l&#8217;informazione locale,\u00a0 OGNI ORA IN CODA AL GR NAZIONALE, ALLE 14 VIABILITA 15 METEOROLOGIA 19 I TITOLI DAL TG DI ANTENNA 3 A CURA DI TIZIANA BOLOGNANI<\/p>\n<p>&nbsp;<\/p>\n<p><span style=\"color: #ff0000;\">OGGI ALLA RADIO <span style=\"color: #000000;\"><strong>ALLE 7.20-19.00<\/strong>\u00a0 EL BAL DEL FIOR DI GIULIANA DA RONCH <\/span><\/span><span style=\"color: #000000;\">A<\/span><strong>LLE 8. 20<\/strong> PIU&#8217; SIAMO di Marina Don\u00e0 <strong>ALLE 9<\/strong> OGGI COME IERI DI SILVIA BALDO<strong> ALLE <\/strong>10.10 CIAK SI GIRA.. GOSSIP, CON PAOLA LANCIATO<strong> 10.30\u00a0 19.10 <\/strong>PERITI MINERARI NEL MONDO, SETTIMANALE APPUNTAMENTO DEL LUNEDI CON L&#8217;APIM AGORDO<strong> ALLE 13.10<\/strong> SALUTE E SOCIETA&#8217;, DOTTOR MARCO CARACCIOLO ALLE <span style=\"color: #0000ff;\">16.00<\/span> IL ROCK DI MARCO COSTANTINI <span style=\"color: #ff0000;\">16-30<\/span> SPECIALE CANOTTIERI BELLUNO GIESSE RISARCIMENTO DANNI<\/p>\n<p>&nbsp;<\/p>\n<p><strong><a class=\"dt-pswp-item\" href=\"https:\/\/www.radiopiu.net\/wordpress\/wp-content\/uploads\/2024\/02\/2d44e751-d8a8-461b-8e22-d8e4e853b032.jpg\" data-dt-img-description=\"\" data-large_image_width=\"1600\" data-large_image_height=\"1200\"><img loading=\"lazy\" decoding=\"async\" class=\"wp-image-373307 alignleft\" src=\"https:\/\/www.radiopiu.net\/wordpress\/wp-content\/uploads\/2024\/02\/2d44e751-d8a8-461b-8e22-d8e4e853b032-300x225.jpg\" alt=\"\" width=\"105\" height=\"79\" srcset=\"https:\/\/www.radiopiu.net\/wordpress\/wp-content\/uploads\/2024\/02\/2d44e751-d8a8-461b-8e22-d8e4e853b032-300x225.jpg 300w, https:\/\/www.radiopiu.net\/wordpress\/wp-content\/uploads\/2024\/02\/2d44e751-d8a8-461b-8e22-d8e4e853b032-1024x768.jpg 1024w, https:\/\/www.radiopiu.net\/wordpress\/wp-content\/uploads\/2024\/02\/2d44e751-d8a8-461b-8e22-d8e4e853b032-768x576.jpg 768w, https:\/\/www.radiopiu.net\/wordpress\/wp-content\/uploads\/2024\/02\/2d44e751-d8a8-461b-8e22-d8e4e853b032-1536x1152.jpg 1536w, https:\/\/www.radiopiu.net\/wordpress\/wp-content\/uploads\/2024\/02\/2d44e751-d8a8-461b-8e22-d8e4e853b032.jpg 1600w\" sizes=\"auto, (max-width: 105px) 100vw, 105px\" \/><\/a>EL BAL DEL FIOR, DI GIULIANA DA RONCH, 26 FEBBRAIO 2024<\/strong><\/p>\n<p>&nbsp;<\/p>\n<p>&nbsp;<\/p>\n<audio class=\"wp-audio-shortcode\" id=\"audio-375975-1\" preload=\"none\" style=\"width: 100%;\" controls=\"controls\"><source type=\"audio\/mpeg\" src=\"https:\/\/www.radiopiu.net\/wordpress\/wp-content\/uploads\/2024\/02\/GLU-3.m4a?_=1\" \/><a href=\"https:\/\/www.radiopiu.net\/wordpress\/wp-content\/uploads\/2024\/02\/GLU-3.m4a\">https:\/\/www.radiopiu.net\/wordpress\/wp-content\/uploads\/2024\/02\/GLU-3.m4a<\/a><\/audio>\n<p>&nbsp;<\/p>\n<hr \/>\n<hr \/>\n<hr \/>\n<hr \/>\n<p>&nbsp;<\/p>\n<blockquote>\n<h2>\u00a0FALCADE SFORTUNATA, ANNULLATE LE DUE GARE DI COPPA<\/h2>\n<\/blockquote>\n<div class=\"xdj266r x11i5rnm xat24cr x1mh8g0r x1vvkbs x126k92a\">\n<div dir=\"auto\"><em>Ci abbiamo creduto fino all\u2019ultimo. Abbiamo lavorato tantissimo per garantire lo svolgimento dei due Super G di Coppa del Mondo femminile di sci alpino in programma per il 24 e il 25 febbraio nella Ski Area San Pellegrino. Ma la neve, che tanto amiamo, ci ha fermato. Tutto l\u2019entusiasmo, maturato in questi mesi e che non vedevamo l\u2019ora di far esplodere in questi due giorni, \u00e8 solo rimandato alla prossima occasione . Noi, come abbiamo dimostrato, siamo gi\u00e0 pronti\u00a0 Grazie a tutti coloro che hanno lavorato duramente per i due Super G, a chi ci ha sostenuto con energia ed affetto e a chi ci ha supportato sotto tutti i punti di vista\u00a0<\/em><\/div>\n<\/div>\n<div class=\"x11i5rnm xat24cr x1mh8g0r x1vvkbs xtlvy1s x126k92a\">\n<div dir=\"auto\"><strong><a class=\"x1i10hfl xjbqb8w x1ejq31n xd10rxx x1sy0etr x17r0tee x972fbf xcfux6l x1qhh985 xm0m39n x9f619 x1ypdohk xt0psk2 xe8uvvx xdj266r x11i5rnm xat24cr x1mh8g0r xexx8yu x4uap5 x18d9i69 xkhd6sd x16tdsg8 x1hl2dhg xggy1nq x1a2a7pz xt0b8zv x1fey0fg xo1l8bm\" tabindex=\"0\" role=\"link\" href=\"https:\/\/www.facebook.com\/hashtag\/valdifassaskiworldcup?__eep__=6&amp;__cft__[0]=AZVSzsCogQv0z0hNbMJ53a-xV4vQuv5PaRGn6kfSMbNh_2Un8HJyJKmVoCHlCHgfGrN0bCl2hWAesS-HNsNmtUqwiN7rWtVp2qOtVwzxVk_lDULnprvWaxrfz5rTD4x1t48MiQDoaLXVO1J1wby2Zk4UqwCSNFw69vpWnSU_TMn0X89P79lRH9kvjQRx33ycHyQ&amp;__tn__=*NK-R\">#ValdiFassaSkiWorldCup\u00a0<\/a><\/strong><\/div>\n<div dir=\"auto\"><\/div>\n<div dir=\"auto\">\n\n\t\t\t<style type='text\/css'>\n\t\t\t\t#gallery-1 {\n\t\t\t\t\tmargin: auto;\n\t\t\t\t}\n\t\t\t\t#gallery-1 .gallery-item {\n\t\t\t\t\tfloat: left;\n\t\t\t\t\tmargin-top: 10px;\n\t\t\t\t\ttext-align: center;\n\t\t\t\t\twidth: 33%;\n\t\t\t\t}\n\t\t\t\t#gallery-1 img {\n\t\t\t\t\tborder: 2px solid #cfcfcf;\n\t\t\t\t}\n\t\t\t\t#gallery-1 .gallery-caption {\n\t\t\t\t\tmargin-left: 0;\n\t\t\t\t}\n\t\t\t\t\/* see gallery_shortcode() in wp-includes\/media.php *\/\n\t\t\t<\/style>\n\t\t<div id='gallery-1' class='dt-gallery-container gallery galleryid-375975 gallery-columns-3 gallery-size-thumbnail'><dl class='gallery-item'>\n\t\t\t\t<dt class='gallery-icon landscape'>\n\t\t\t\t\t<a class=\"rollover rollover-zoom dt-pswp-item\" title=\"429931246_803047965197653_3764855397340196702_n\" data-dt-img-description=\"\" data-large_image_width=\"1440\" data-large_image_height=\"1078\"href='https:\/\/www.radiopiu.net\/wordpress\/wp-content\/uploads\/2024\/02\/429931246_803047965197653_3764855397340196702_n.jpg'><img loading=\"lazy\" decoding=\"async\" width=\"150\" height=\"150\" src=\"https:\/\/www.radiopiu.net\/wordpress\/wp-content\/uploads\/2024\/02\/429931246_803047965197653_3764855397340196702_n-150x150.jpg\" class=\"attachment-thumbnail size-thumbnail\" alt=\"\" \/><\/a>\n\t\t\t\t<\/dt><\/dl><dl class='gallery-item'>\n\t\t\t\t<dt class='gallery-icon landscape'>\n\t\t\t\t\t<a class=\"rollover rollover-zoom dt-pswp-item\" title=\"429913610_803048021864314_8630123716912370886_n\" data-dt-img-description=\"\" data-large_image_width=\"1440\" data-large_image_height=\"1078\"href='https:\/\/www.radiopiu.net\/wordpress\/wp-content\/uploads\/2024\/02\/429913610_803048021864314_8630123716912370886_n.jpg'><img loading=\"lazy\" decoding=\"async\" width=\"150\" height=\"150\" src=\"https:\/\/www.radiopiu.net\/wordpress\/wp-content\/uploads\/2024\/02\/429913610_803048021864314_8630123716912370886_n-150x150.jpg\" class=\"attachment-thumbnail size-thumbnail\" alt=\"\" \/><\/a>\n\t\t\t\t<\/dt><\/dl><dl class='gallery-item'>\n\t\t\t\t<dt class='gallery-icon landscape'>\n\t\t\t\t\t<a class=\"rollover rollover-zoom dt-pswp-item\" title=\"429907407_803047941864322_3801461789486096681_n\" data-dt-img-description=\"\" data-large_image_width=\"1440\" data-large_image_height=\"977\"href='https:\/\/www.radiopiu.net\/wordpress\/wp-content\/uploads\/2024\/02\/429907407_803047941864322_3801461789486096681_n.jpg'><img loading=\"lazy\" decoding=\"async\" width=\"150\" height=\"150\" src=\"https:\/\/www.radiopiu.net\/wordpress\/wp-content\/uploads\/2024\/02\/429907407_803047941864322_3801461789486096681_n-150x150.jpg\" class=\"attachment-thumbnail size-thumbnail\" alt=\"\" \/><\/a>\n\t\t\t\t<\/dt><\/dl><br style=\"clear: both\" \/>\n\t\t\t<\/div>\n\n<\/div>\n<\/div>\n<blockquote><p><strong>GRAZIE ALL&#8217;ESERCITO DI VOLONTARI PER L&#8217;IMPEGNO, LA PASSIONE, LA VOGLIA DI FAR ULTERIORMENTE CRESCERE IL COMPRENSORIO.\u00a0<\/strong><\/p><\/blockquote>\n<p><a class=\"dt-pswp-item\" href=\"https:\/\/www.radiopiu.net\/wordpress\/wp-content\/uploads\/2024\/02\/Senza-nome-64.png\" data-dt-img-description=\"\" data-large_image_width=\"1122\" data-large_image_height=\"539\"><img loading=\"lazy\" decoding=\"async\" class=\"alignnone wp-image-376216 size-large\" src=\"https:\/\/www.radiopiu.net\/wordpress\/wp-content\/uploads\/2024\/02\/Senza-nome-64-1024x492.png\" alt=\"\" width=\"1024\" height=\"492\" srcset=\"https:\/\/www.radiopiu.net\/wordpress\/wp-content\/uploads\/2024\/02\/Senza-nome-64-1024x492.png 1024w, https:\/\/www.radiopiu.net\/wordpress\/wp-content\/uploads\/2024\/02\/Senza-nome-64-300x144.png 300w, https:\/\/www.radiopiu.net\/wordpress\/wp-content\/uploads\/2024\/02\/Senza-nome-64-768x369.png 768w, https:\/\/www.radiopiu.net\/wordpress\/wp-content\/uploads\/2024\/02\/Senza-nome-64.png 1122w\" sizes=\"auto, (max-width: 1024px) 100vw, 1024px\" \/>\u00a0<\/a>CORRIEREALPI.IT<\/p>\n<p>&nbsp;<\/p>\n<\/div>\n<hr \/>\n<\/div>\n<hr \/>\n<hr \/>\n<hr \/>\n<blockquote>\n<blockquote>\n<h1><span style=\"color: #ff0000;\">\u00a0<\/span><\/h1>\n<h1><span style=\"color: #ff0000;\">I podcast informativi del mattino &#8211; audio &#8211;\u00a0<\/span><\/h1>\n<\/blockquote>\n<p><strong><a class=\"dt-pswp-item\" href=\"https:\/\/www.radiopiu.net\/wordpress\/wp-content\/uploads\/2023\/11\/th-10.jpg\" data-dt-img-description=\"\" data-large_image_width=\"320\" data-large_image_height=\"180\"><img loading=\"lazy\" decoding=\"async\" class=\"wp-image-362866 alignleft\" src=\"https:\/\/www.radiopiu.net\/wordpress\/wp-content\/uploads\/2023\/11\/th-10-300x169.jpg\" alt=\"\" width=\"185\" height=\"104\" srcset=\"https:\/\/www.radiopiu.net\/wordpress\/wp-content\/uploads\/2023\/11\/th-10-300x169.jpg 300w, https:\/\/www.radiopiu.net\/wordpress\/wp-content\/uploads\/2023\/11\/th-10.jpg 320w\" sizes=\"auto, (max-width: 185px) 100vw, 185px\" \/><\/a>LA RASSEGNA STAMPA NAZIONALE ALLA RADIO, OGNI GIORNO ALLE 5 E ALLE 6 DEL MATTINO <span style=\"color: #0000ff;\">viene pubblicata alle 6.00 <span style=\"color: #ff0000;\">DIRETTA RADIO\u00a0\u00a0<\/span><\/span><\/strong><\/p>\n<p>&nbsp;<\/p>\n<p>&nbsp;<\/p><\/blockquote>\n<p><strong>DI STEFANO FAMA&#8217;<\/strong><\/p>\n<p><strong>Pisa<\/strong> continuano le polemiche dopo gli studenti presi a manganellate dalla Polizia, Roberto Vecchioni in lacime<strong>; Economia <\/strong>Btp valori oggi al via. Dall&#8217;<strong>Ucraina<\/strong> all&#8217;occidente: la vittoria dipende da voi. <strong>Yemen<\/strong> Attaccate le navi Usa. <strong>Trieste<\/strong> 23enne violentata e rapinata. <strong>Vicenza<\/strong>, lite in famiglia 22enne accoltellato. <strong>Calabria<\/strong> prete minacciato. <strong>Roma<\/strong> animali uccisi e torturati torturati, ieri la manifestazione.<strong> Sport<\/strong> il Napoli non svolta<\/p>\n<h2>AUDIO dalle 7 del mattino<\/h2>\n<audio class=\"wp-audio-shortcode\" id=\"audio-375975-2\" preload=\"none\" style=\"width: 100%;\" controls=\"controls\"><source type=\"audio\/mpeg\" src=\"https:\/\/www.radiopiu.net\/wordpress\/wp-content\/uploads\/2024\/02\/GIORNALEDELLESEI-25.mp3?_=2\" \/><a href=\"https:\/\/www.radiopiu.net\/wordpress\/wp-content\/uploads\/2024\/02\/GIORNALEDELLESEI-25.mp3\">https:\/\/www.radiopiu.net\/wordpress\/wp-content\/uploads\/2024\/02\/GIORNALEDELLESEI-25.mp3<\/a><\/audio>\n<p>&nbsp;<\/p>\n<p>&nbsp;<\/p>\n<hr \/>\n<p>&nbsp;<\/p>\n<h1 style=\"text-align: center;\"><span style=\"color: #ff0000;\">I podcast informativi del mattino &#8211; audio &#8211;\u00a0<\/span><\/h1>\n<p><strong><a class=\"dt-pswp-item\" href=\"https:\/\/www.radiopiu.net\/wordpress\/wp-content\/uploads\/2023\/12\/images.png\" data-dt-img-description=\"\" data-large_image_width=\"316\" data-large_image_height=\"160\"><img loading=\"lazy\" decoding=\"async\" class=\"wp-image-367008 alignleft\" src=\"https:\/\/www.radiopiu.net\/wordpress\/wp-content\/uploads\/2023\/12\/images-300x152.png\" alt=\"\" width=\"235\" height=\"119\" srcset=\"https:\/\/www.radiopiu.net\/wordpress\/wp-content\/uploads\/2023\/12\/images-300x152.png 300w, https:\/\/www.radiopiu.net\/wordpress\/wp-content\/uploads\/2023\/12\/images.png 316w\" sizes=\"auto, (max-width: 235px) 100vw, 235px\" \/><\/a>OGNI GIORNO ALLE SETTE DEL MATTINO, LA RASSEGNA STAMPA LOCALE FLASH&#8230; PER CHI VA IN FRETTA. I TITOLI DAI GIORNALI E DAL SITO WWW.RADIOPIU.NET <span style=\"color: #0000ff;\">viene pubblicato alle 7.00<\/span> <span style=\"color: #ff0000;\">DIRETTA RADIO\u00a0<\/span><\/strong><\/p>\n<p><em><span style=\"color: #ff0000;\">per chi va in fretta&#8230; tante notizie in pochi minuti. L&#8217;informazione locale alla radio, ogni ora dalle 7 del mattino alle 19 della sera.\u00a0 \u00a0\u00a0<\/span><\/em><\/p>\n<p>di mirko mezzacasa<\/p>\n<p><img loading=\"lazy\" decoding=\"async\" class=\"alignleft\" src=\"https:\/\/www.radiopiu.net\/wordpress\/wp-content\/uploads\/2024\/02\/COPERA1-1.png\" width=\"192\" height=\"77\" \/>CORTINA Il sindaco Lorenzi invita a chiudere le polemiche sulla pista da bob e promuovere la bellezza della Olimpiadi.<br \/>\nACCANIMENTO TRAGICOMICO di ADRIANO SANSA &#8211; da famiglia cristiana &#8211; A Cortina d\u2019Ampezzo si spenderanno centoventi milioni; ogni anno i cortinesi sborseranno un milione e mezzo in manutenzione. Tutto per uno sport praticato da pochissime persone, per un impianto destinato a restare vuoto dopo i Giochi; mentre il cambiamento climatico fa mancare neve e ghiaccio, che si produrr\u00e0 ad alti costi economici e ambientali.<br \/>\nSECONDO LE ASSOCIAZIONI AMBIENTALISTE IL CIO E&#8217; STATO INGANNATO SULLA PISTA DA BOB<br \/>\nFALCADE SFORTUNATA, ANNULLATE LE DUE GARE DI COPPA ma si guarda avanti forti dell&#8217;esperienza acquisita. GRAZIE ALL\u2019ESERCITO DI VOLONTARI PER L\u2019IMPEGNO, LA PASSIONE, LA VOGLIA DI FAR ULTERIORMENTE CRESCERE IL COMPRENSORIO.<br \/>\nBELLUNO Una anomalia alla caldaia di un appartamento a Piazzale Marconi, Belluno, ha causato l&#8217;esplosione del camino sul tetto, proiettando pezzi sulla strada e danneggiando un&#8217;auto parcheggiata.<br \/>\nLENTIAI\u00a0 Cinque ragazzi sono stati identificati dai carabinieri mentre si aggiravano attorno alle auto parcheggiate agli impianti sportivi suscitando sospetti tra i passanti. Non sono stati segnalati furti, ma alcuni testimoni hanno notato comportamenti sospetti, come il tentativo di aprire le auto.<br \/>\nBELLUNO\u00a0 L&#8217;infermiera Sonia De Bortoli \u00e8 morta ieri a 65 anni dopo breve malattia,\u00a0 ha operato per il servizio di Psichiatria prima e poi nelle strutture territoriali fra Pullir, Cart e la Ctrp ed era in pensione da cinque anni, era originaria di Aune<\/p>\n<h2>AUDIO dalle 7 del mattino<\/h2>\n<audio class=\"wp-audio-shortcode\" id=\"audio-375975-3\" preload=\"none\" style=\"width: 100%;\" controls=\"controls\"><source type=\"audio\/mpeg\" src=\"https:\/\/www.radiopiu.net\/wordpress\/wp-content\/uploads\/2024\/02\/GF07-21.mp3?_=3\" \/><a href=\"https:\/\/www.radiopiu.net\/wordpress\/wp-content\/uploads\/2024\/02\/GF07-21.mp3\">https:\/\/www.radiopiu.net\/wordpress\/wp-content\/uploads\/2024\/02\/GF07-21.mp3<\/a><\/audio>\n<p>&nbsp;<\/p>\n<p>&nbsp;<\/p>\n<p>&nbsp;<\/p>\n<hr \/>\n<p>&nbsp;<\/p>\n<h1><\/h1>\n<h1 style=\"text-align: center;\"><span style=\"color: #ff0000;\"><a class=\"dt-pswp-item\" href=\"https:\/\/www.radiopiu.net\/wordpress\/wp-content\/uploads\/2022\/01\/026c3f9d-dae9-4040-a3c1-a6530231bcc3.jpg\" data-dt-img-description=\"\" data-large_image_width=\"1152\" data-large_image_height=\"2048\"><img loading=\"lazy\" decoding=\"async\" class=\"wp-image-251839 alignleft\" src=\"https:\/\/www.radiopiu.net\/wordpress\/wp-content\/uploads\/2022\/01\/026c3f9d-dae9-4040-a3c1-a6530231bcc3-169x300.jpg\" alt=\"\" width=\"100\" height=\"177\" srcset=\"https:\/\/www.radiopiu.net\/wordpress\/wp-content\/uploads\/2022\/01\/026c3f9d-dae9-4040-a3c1-a6530231bcc3-169x300.jpg 169w, https:\/\/www.radiopiu.net\/wordpress\/wp-content\/uploads\/2022\/01\/026c3f9d-dae9-4040-a3c1-a6530231bcc3-576x1024.jpg 576w, https:\/\/www.radiopiu.net\/wordpress\/wp-content\/uploads\/2022\/01\/026c3f9d-dae9-4040-a3c1-a6530231bcc3-768x1365.jpg 768w, https:\/\/www.radiopiu.net\/wordpress\/wp-content\/uploads\/2022\/01\/026c3f9d-dae9-4040-a3c1-a6530231bcc3-864x1536.jpg 864w, https:\/\/www.radiopiu.net\/wordpress\/wp-content\/uploads\/2022\/01\/026c3f9d-dae9-4040-a3c1-a6530231bcc3.jpg 1152w\" sizes=\"auto, (max-width: 100px) 100vw, 100px\" \/><\/a>I podcast informativi del mattino &#8211; audio &#8211;\u00a0<\/span><\/h1>\n<blockquote><p><strong>GIORNALE RADIO NAZIONALE, EDIZIONE DELLE SETTE <span style=\"color: #0000ff;\">viene pubblicato alle 7.05 <span style=\"color: #ff0000;\">DIRETTA RADIO\u00a0<\/span><\/span><\/strong><\/p><\/blockquote>\n<p><strong>il giornale radionazionale e&#8217; in onda ogni ora, dalle sette del mattino alle venti della sera\u00a0\u00a0<\/strong><\/p>\n<p>&nbsp;<\/p>\n<p><strong>Sardegna<\/strong>\u00a0 elezioni urne chiuse. <strong>Pisa<\/strong> Piantidose dimettici, i cartelli dopo le manganellate. Incidente mortale nel <strong>crotonese<\/strong>, muoino due fidanzati, due morti anche a<strong> Taranto. 143 <\/strong>giorni di guerra\u00a0 in medio oriente.<strong> Ucraina<\/strong> 733 giorni di guerra, due anni difficili per l&#8217;Ucraina che la guerra la vuole vincere, auspicato un vertici di pace in Svizzera a primavera. <strong>Sport<\/strong> Inter verso il 20esimo scudetto<\/p>\n<h2>AUDIO dalle sette del mattino, ogni ora alla radio<\/h2>\n<audio class=\"wp-audio-shortcode\" id=\"audio-375975-4\" preload=\"none\" style=\"width: 100%;\" controls=\"controls\"><source type=\"audio\/mpeg\" src=\"https:\/\/www.radiopiu.net\/wordpress\/wp-content\/uploads\/2024\/02\/giornale07-21.mp3?_=4\" \/><a href=\"https:\/\/www.radiopiu.net\/wordpress\/wp-content\/uploads\/2024\/02\/giornale07-21.mp3\">https:\/\/www.radiopiu.net\/wordpress\/wp-content\/uploads\/2024\/02\/giornale07-21.mp3<\/a><\/audio>\n<h2><\/h2>\n<hr \/>\n<p>&nbsp;<\/p>\n<p>&nbsp;<\/p>\n<h1><span style=\"color: #ff0000;\">I podcast informativi del mattino &#8211; video &#8211;\u00a0<\/span><\/h1>\n<h2><strong><a class=\"dt-pswp-item\" href=\"https:\/\/www.radiopiu.net\/wordpress\/wp-content\/uploads\/2023\/12\/th-10.jpg\" data-dt-img-description=\"\" data-large_image_width=\"245\" data-large_image_height=\"180\"><img loading=\"lazy\" decoding=\"async\" class=\" wp-image-367395 alignleft\" src=\"https:\/\/www.radiopiu.net\/wordpress\/wp-content\/uploads\/2023\/12\/th-10.jpg\" alt=\"\" width=\"166\" height=\"122\" \/><\/a>RASSEGNA STAMPA LOCALE, ORE OTTO 05<\/strong><\/h2>\n<h2><strong> <span style=\"color: #0000ff;\">viene\u00a0 <\/span><\/strong><strong><span style=\"color: #0000ff;\">pubblicata alle 8.05 <span style=\"color: #ff0000;\">DIRETTA RADIO\u00a0\u00a0<\/span><\/span><\/strong><\/h2>\n<p>&nbsp;<\/p>\n<p><strong>DI MIRKO MEZZACASA\u00a0 \u00a0<\/strong><\/p>\n<p>BELLUNO Sono tre le liste depositate all\u2019ufficio elettorale della Provincia di Belluno per le elezioni del consiglio provinciale., fissate per il 16 marzo, riservate a consiglieri e sindaci in carica.<br \/>\nIN TERRA FODOM L&#8217;INCONTRO DI HERBERT DORFMANN CON UN GRUPPO DI AGRICOLTORI<br \/>\nCGIA MESTRE CANTIERI: DOPO IL COVID SONO TORNATI AD AUMENTARE GLI INFORTUNI MORTALI<br \/>\nGIOVEDI&#8217; IL CONSIGLIO DELL&#8217;UNIONE MONTANA AGORDINA IN DIRETTA SUI CANALI DI RADIOPIU<br \/>\nAGORDO BORSE DI STUDIO PER STUDENTI ISCRITTI AL CORSO DI INFERMIERISTICA<br \/>\nAGORDO SABATO L&#8217;ASSEMBLEA DEL GAMP<br \/>\nBELLUNO Oggi alle 17.30,in\u00a0 Sala Riunioni di Confartigianato si terr\u00e0 l&#8217;incontro &#8220;Passaggio generazionale e tutela patrimoniale&#8221;.<\/p>\n<h2><strong>VIDEO\u00a0 \u00a0in diretta dalle 8 del mattino\u00a0<\/strong><\/h2>\n<p>&nbsp;<\/p>\n<p><iframe loading=\"lazy\" title=\"DAL 1983 LA RASSEGNA STAMPA LOCALE di mirko mezzacasa. L&#039;ORIGINALE\" width=\"1200\" height=\"675\" src=\"https:\/\/www.youtube.com\/embed\/OwtOWnTAgGc?feature=oembed\" frameborder=\"0\" allow=\"accelerometer; autoplay; clipboard-write; encrypted-media; gyroscope; picture-in-picture; web-share\" allowfullscreen><\/iframe><\/p>\n<p>&nbsp;<\/p>\n<p>&nbsp;<\/p>\n<hr \/>\n<p>&nbsp;<\/p>\n<blockquote>\n<h3>TORNA POTABILE L&#8217;ACQUA A TAIBON<\/h3>\n<\/blockquote>\n<p>A TAIBON AGORDINO nelle localit\u00e0 TAIBON CENTRO, VIA SAN LUCANO, VIA DANTE ALIGHIERI, VIA BRUSTOLON, VIA FOCH, VIA COL DI LANA e VIA DELLE SCUOLE l\u2019acqua erogata dall\u2019acquedotto \u00e8 di nuovo potabile e pu\u00f2 essere usata, quindi, per scopi alimentari.<\/p>\n<p>&nbsp;<\/p>\n<blockquote>\n<h3>LAVORI PROGRAMMATI GSP<\/h3>\n<\/blockquote>\n<p>Gestione Servizi Pubblici informa che, per lavori alla rete idrica comunale, oggi dalle 8:00 a FINE LAVORI verr\u00e0 sospesa l\u2019erogazione dell\u2019acqua a AGORDO nelle Frazioni FAION e MOZZACH. Il personale addetto operer\u00e0 per limitare il pi\u00f9 possibile i disagi alla popolazione.<\/p>\n<p>&nbsp;<\/p>\n<hr \/>\n<p>&nbsp;<\/p>\n<blockquote>\n<h3>UN SABATO POMERIGGIO INTENSO PER IL SUEM 118<\/h3>\n<\/blockquote>\n<p><strong>REDAZIONE<\/strong> Il sabato pomeriggio \u00e8 statao impegnativo per il Suem 118 che \u00e8 dovuto intervenire per soccorrere 4 persone. Poco dopo le 15:30 Falco \u00e8 volatao ad Alleghe a Col Dei Baldi per soccorrere un uomo di 60 anni del luogo che aveva accusato un malore ed e stato portato al San Martino di Belluno. Prime delle 17 l&#8217;elicottero e l&#8217;ambulanza di Cortina hanno soccorso un minore per portarlo al nosocomio di Belluno. Verso le 19 incidente stradale a Visome. L&#8217;ambulanza \u00e8 intervenuta per prestare le prime cure ad un 31enne di Belluno. Infine, alle 20:38, un altro incidente a Belluno ha coinvolto un 33enne che \u00e8 stato portato al Pronto Soccorso di Belluno.<\/p>\n<p>&nbsp;<\/p>\n<hr \/>\n<p>&nbsp;<\/p>\n<blockquote>\n<h3>IL BOATO, LO SCOPPIO DEL CAMINO<\/h3>\n<\/blockquote>\n<p><strong><a class=\"dt-pswp-item\" href=\"https:\/\/www.radiopiu.net\/wordpress\/wp-content\/uploads\/2024\/02\/Senza-nome-62.png\" data-dt-img-description=\"\" data-large_image_width=\"213\" data-large_image_height=\"161\"><img loading=\"lazy\" decoding=\"async\" class=\"wp-image-376211 alignleft\" src=\"https:\/\/www.radiopiu.net\/wordpress\/wp-content\/uploads\/2024\/02\/Senza-nome-62.png\" alt=\"\" width=\"140\" height=\"106\" \/><\/a>BELLUNO<\/strong> Una anomalia alla caldaia di un appartamento a Piazzale Marconi,\u00a0 ha causato l&#8217;esplosione del camino sul tetto, proiettando pezzi sulla strada e danneggiando un&#8217;auto parcheggiata. Il fatto, avvenuto verso le 9.30\/10, ha destato allarme tra i residenti ma non ha causato feriti n\u00e9 incendi. I vigili del fuoco sono intervenuti per verificare l&#8217;accaduto e hanno messo in sicurezza l&#8217;area, coprendo il camino e disalimentando la caldaia. L&#8217;appartamento, privato del riscaldamento fino al ripristino dell&#8217;impianto, non \u00e8 stato evacuato.<\/p>\n<p>&nbsp;<\/p>\n<p>&nbsp;<\/p>\n<hr \/>\n<p>&nbsp;<\/p>\n<p>&nbsp;<\/p>\n<div class=\"flex-1 overflow-hidden\">\n<div class=\"react-scroll-to-bottom--css-udhtz-79elbk h-full\">\n<div class=\"react-scroll-to-bottom--css-udhtz-1n7m0yu\">\n<div class=\"flex flex-col pb-9 text-sm\">\n<div class=\"w-full text-token-text-primary\" data-testid=\"conversation-turn-37\">\n<div class=\"px-4 py-2 justify-center text-base md:gap-6 m-auto\">\n<div class=\"flex flex-1 text-base mx-auto gap-3 md:px-5 lg:px-1 xl:px-5 md:max-w-3xl lg:max-w-[40rem] xl:max-w-[48rem] group final-completion\">\n<div class=\"relative flex w-full flex-col agent-turn\">\n<div class=\"flex-col gap-1 md:gap-3\">\n<div class=\"flex flex-grow flex-col max-w-full\">\n<div class=\"min-h-[20px] text-message flex flex-col items-start gap-3 whitespace-pre-wrap break-words [.text-message+&amp;]:mt-5 overflow-x-auto\" data-message-author-role=\"assistant\" data-message-id=\"eb2a87fd-2697-46d9-b913-c11a0ff563bb\">\n<div class=\"markdown prose w-full break-words dark:prose-invert dark\">\n<blockquote>\n<h3><a class=\"dt-pswp-item\" href=\"https:\/\/www.radiopiu.net\/wordpress\/wp-content\/uploads\/2021\/10\/police-3394767__480.jpg\" data-dt-img-description=\"\" data-large_image_width=\"719\" data-large_image_height=\"480\"><img loading=\"lazy\" decoding=\"async\" class=\"wp-image-239926 alignleft\" src=\"https:\/\/www.radiopiu.net\/wordpress\/wp-content\/uploads\/2021\/10\/police-3394767__480-300x200.jpg\" alt=\"\" width=\"174\" height=\"116\" srcset=\"https:\/\/www.radiopiu.net\/wordpress\/wp-content\/uploads\/2021\/10\/police-3394767__480-300x200.jpg 300w, https:\/\/www.radiopiu.net\/wordpress\/wp-content\/uploads\/2021\/10\/police-3394767__480.jpg 719w\" sizes=\"auto, (max-width: 174px) 100vw, 174px\" \/><\/a>&#8220;Sospetti attorno alle auto: carabinieri identificano cinque ragazzi a Lentiai durante partita di calcio&#8221;<\/h3>\n<\/blockquote>\n<\/div>\n<\/div>\n<\/div>\n<\/div>\n<\/div>\n<\/div>\n<\/div>\n<\/div>\n<\/div>\n<\/div>\n<\/div>\n<\/div>\n<div class=\"w-full pt-2 md:pt-0 dark:border-white\/20 md:border-transparent md:dark:border-transparent md:w-[calc(100%-.5rem)]\">\n<form class=\"stretch mx-2 flex flex-row gap-3 last:mb-2 md:mx-4 md:last:mb-6 lg:mx-auto lg:max-w-2xl xl:max-w-3xl\">\n<div class=\"relative flex h-full flex-1 flex-col\">\n<div class=\"flex w-full items-center\"><strong>LENTIAI\u00a0<\/strong> Cinque ragazzi sono stati identificati dai carabinieri mentre si aggiravano attorno alle auto parcheggiate agli impianti sportivi suscitando sospetti tra i passanti. Non sono stati segnalati furti, ma alcuni testimoni hanno notato comportamenti sospetti, come il tentativo di aprire le auto. L&#8217;episodio \u00e8 avvenuto durante una partita di calcio, quando le auto erano incustodite. Il presidente del club sportivo, Corrado Dalle Sasse, ha prontamente segnalato la situazione alle autorit\u00e0, che sono intervenute tempestivamente. Le forze dell&#8217;ordine hanno poi ringraziato per la segnalazione, ribadendo l&#8217;importanza di contattare il numero di emergenza 112 in caso di necessit\u00e0.<\/div>\n<\/div>\n<\/form>\n<\/div>\n<div class=\"flex-1 overflow-hidden\">\n<div class=\"react-scroll-to-bottom--css-udhtz-79elbk h-full\">\n<div class=\"react-scroll-to-bottom--css-udhtz-1n7m0yu\">\n<div class=\"flex flex-col pb-9 text-sm\">\n<div class=\"w-full text-token-text-primary\" data-testid=\"conversation-turn-35\">\n<div class=\"px-4 py-2 justify-center text-base md:gap-6 m-auto\">\n<div class=\"flex flex-1 text-base mx-auto gap-3 md:px-5 lg:px-1 xl:px-5 md:max-w-3xl lg:max-w-[40rem] xl:max-w-[48rem] group final-completion\">\n<div class=\"relative flex w-full flex-col agent-turn\">\n<div class=\"flex-col gap-1 md:gap-3\">\n<div class=\"mt-1 flex justify-start gap-3 empty:hidden\"><\/div>\n<\/div>\n<\/div>\n<\/div>\n<\/div>\n<\/div>\n<\/div>\n<\/div>\n<\/div>\n<\/div>\n<div class=\"w-full pt-2 md:pt-0 dark:border-white\/20 md:border-transparent md:dark:border-transparent md:w-[calc(100%-.5rem)]\">\n<form class=\"stretch mx-2 flex flex-row gap-3 last:mb-2 md:mx-4 md:last:mb-6 lg:mx-auto lg:max-w-2xl xl:max-w-3xl\">\n<div class=\"relative flex h-full flex-1 flex-col\">\n<div class=\"flex w-full items-center\"><\/div>\n<div><\/div>\n<div>\n<hr \/>\n<\/div>\n<div>\n<blockquote>\n<h2 class=\"articlePlainTitle\"><a class=\"dt-pswp-item\" href=\"https:\/\/www.radiopiu.net\/wordpress\/wp-content\/uploads\/2024\/02\/Senza-nome-63.png\" data-dt-img-description=\"\" data-large_image_width=\"276\" data-large_image_height=\"275\"><img loading=\"lazy\" decoding=\"async\" class=\"wp-image-376212 alignleft\" src=\"https:\/\/www.radiopiu.net\/wordpress\/wp-content\/uploads\/2024\/02\/Senza-nome-63.png\" alt=\"\" width=\"119\" height=\"119\" srcset=\"https:\/\/www.radiopiu.net\/wordpress\/wp-content\/uploads\/2024\/02\/Senza-nome-63.png 276w, https:\/\/www.radiopiu.net\/wordpress\/wp-content\/uploads\/2024\/02\/Senza-nome-63-150x150.png 150w\" sizes=\"auto, (max-width: 119px) 100vw, 119px\" \/><\/a>Addio a Sonia De Bortoli diresse il coro dei pazienti<\/h2>\n<\/blockquote>\n<div class=\"addthis_sharing_toolbox\" data-url=\"http:\/\/sfoglio.corrierealpi.gelocal.it\/share_article.php?article_id=13738576\" data-title=\"Allarme furti alla partita I carabinieri identificano un gruppetto di ragazziAddio a Sonia De Borto...\"><strong>BELLUNO\u00a0<\/strong> L&#8217;infermiera Sonia De Bortoli \u00e8 morta ieri a 65 anni dopo breve malattia,\u00a0 ha operato per il servizio di Psichiatria prima e poi nelle strutture territoriali fra Pullir, Cart e la Ctrp ed era in pensione da cinque anni, era originaria di Aune \u2013 paese in cui sar\u00e0 celebrato il funerale domani alle 14.30.\u00a0 Vedova ancora giovane di Dino Rech ha cresciuto da sola i suoi tre figli Mariano, Ivan e Corrado. Diresse il coro dei pazienti nato su iniziativa dell&#8217;allora primario di Psichiatria Massimo Semenzin<\/div>\n<\/div>\n<div><\/div>\n<\/div>\n<\/form>\n<\/div>\n<p>&nbsp;<\/p>\n<hr \/>\n<p>&nbsp;<\/p>\n<blockquote>\n<h3>DILLO A RADIO PIU&#8217;&#8230;QUANDO UNA NEVICATA CREA CAOS SULLE STRADE<\/h3>\n<\/blockquote>\n<p><strong><a class=\"dt-pswp-item\" href=\"https:\/\/www.radiopiu.net\/wordpress\/wp-content\/uploads\/2024\/02\/429433264_434198435708931_7773772182039914658_n.jpg\" data-dt-img-description=\"\" data-large_image_width=\"2000\" data-large_image_height=\"1125\"><img loading=\"lazy\" decoding=\"async\" class=\" wp-image-375874 alignleft\" src=\"https:\/\/www.radiopiu.net\/wordpress\/wp-content\/uploads\/2024\/02\/429433264_434198435708931_7773772182039914658_n-300x169.jpg\" alt=\"\" width=\"224\" height=\"126\" srcset=\"https:\/\/www.radiopiu.net\/wordpress\/wp-content\/uploads\/2024\/02\/429433264_434198435708931_7773772182039914658_n-300x169.jpg 300w, https:\/\/www.radiopiu.net\/wordpress\/wp-content\/uploads\/2024\/02\/429433264_434198435708931_7773772182039914658_n-1024x576.jpg 1024w, https:\/\/www.radiopiu.net\/wordpress\/wp-content\/uploads\/2024\/02\/429433264_434198435708931_7773772182039914658_n-768x432.jpg 768w, https:\/\/www.radiopiu.net\/wordpress\/wp-content\/uploads\/2024\/02\/429433264_434198435708931_7773772182039914658_n-1536x864.jpg 1536w, https:\/\/www.radiopiu.net\/wordpress\/wp-content\/uploads\/2024\/02\/429433264_434198435708931_7773772182039914658_n.jpg 2000w\" sizes=\"auto, (max-width: 224px) 100vw, 224px\" \/><\/a>Riceviamo e pubblichiamo<\/strong><\/p>\n<p><span class=\"selectable-text copyable-text\">Mi riferisco al caos automobilistico di ieri in localit\u00e0 Mas del Comune di Vallada Agordina. <\/span><span class=\"selectable-text copyable-text\">Strada completamente bloccata in ambo le direzioni da incoscienti automobilisti che montavano le catene. <\/span><span class=\"selectable-text copyable-text\">Non possiamo dire che si trattava di una situazione di emergenza in quanto le nevicate improvvise da noi in montagna sono frequenti. Prima dell\u2019abitato di Cencenighe Agordino, sul lato sinistro della statale, insiste un grande cartello luminoso che invita gli automobilisti a montare le catene. In casi del genere le forze dell\u2019ordine dovrebbero controllare tutti i veicoli che salgono verso la Valle del Biois e controllare che gli stessi siano in regola con pneumatici o catene. <\/span><span class=\"selectable-text copyable-text\">Sarebbe interessante sapere quante contravvenzioni sono state elevate sulla \u201criva\u201d del Mas dove si era verificato un proprio \u201cblocco\u201d della circolazione sia in salita che in discesa. <\/span><span class=\"selectable-text copyable-text\">Credo che in questi casi, e in particolare a quello di ieri, sia mancata quel minimo di organizzazione che ci dovrebbe essere. <\/span><\/p>\n<p><span class=\"selectable-text copyable-text\">Rodolfo Pellegrinon<\/span><\/p>\n<p>&nbsp;<\/p>\n<p>&nbsp;<\/p>\n<hr \/>\n<p>&nbsp;<\/p>\n<blockquote>\n<h3>TRE LISTE IN VISTA DELLE ELEZIONI PROVINCIALI<\/h3>\n<\/blockquote>\n<p><strong><a class=\"dt-pswp-item\" href=\"https:\/\/www.radiopiu.net\/wordpress\/wp-content\/uploads\/2020\/06\/palazzo_piloni_belluno.jpg\" data-dt-img-description=\"\" data-large_image_width=\"1000\" data-large_image_height=\"667\"><img loading=\"lazy\" decoding=\"async\" class=\" wp-image-144771 alignleft\" src=\"https:\/\/www.radiopiu.net\/wordpress\/wp-content\/uploads\/2020\/06\/palazzo_piloni_belluno-300x200.jpg\" alt=\"\" width=\"206\" height=\"137\" srcset=\"https:\/\/www.radiopiu.net\/wordpress\/wp-content\/uploads\/2020\/06\/palazzo_piloni_belluno-300x200.jpg 300w, https:\/\/www.radiopiu.net\/wordpress\/wp-content\/uploads\/2020\/06\/palazzo_piloni_belluno-768x512.jpg 768w, https:\/\/www.radiopiu.net\/wordpress\/wp-content\/uploads\/2020\/06\/palazzo_piloni_belluno.jpg 1000w\" sizes=\"auto, (max-width: 206px) 100vw, 206px\" \/><\/a>BELLUNO<\/strong> Sono tre le liste depositate all\u2019ufficio elettorale della Provincia di Belluno per le elezioni del consiglio provinciale., fissate per il 16 marzo, riservate a consiglieri e sindaci in carica. Le liste depositate sono &#8220;Progetto Dolomiti&#8221;, &#8220;Obiettivo Provincia&#8221;, e &#8220;Futura Centrosinistra Bellunese&#8221;. Il presidente della Provincia, Roberto Padrin, ringrazia coloro che si sono candidati e sottolinea le sfide future, inclusi i servizi pubblici e la gestione dei rifiuti. Esprime l&#8217;auspicio che la Provincia possa tornare ente elettivo, diventando punto di riferimento per i Comuni e i cittadini. Padrin ringrazia i consiglieri uscenti per il loro impegno, menzionando Danilo De Toni, Serenella Bogana, Mattia Gosetti, Dario Scopel, Lucia Da Rold e Paolo Perenzin.<\/p>\n<p>&nbsp;<\/p>\n<p>&nbsp;<\/p>\n<hr \/>\n<p>&nbsp;<\/p>\n<blockquote>\n<h3>IN TERRA FODOM L&#8217;INCONTRO DI HERBERT DORFMANN CON UN GRUPPO DI AGRICOLTORI<\/h3>\n<\/blockquote>\n<p><strong>LIVINALLONGO<\/strong><\/p>\n<p>DI LORENZO SORATROI<\/p>\n<audio class=\"wp-audio-shortcode\" id=\"audio-375975-5\" preload=\"none\" style=\"width: 100%;\" controls=\"controls\"><source type=\"audio\/mpeg\" src=\"https:\/\/www.radiopiu.net\/wordpress\/wp-content\/uploads\/2024\/02\/SORATROI-IN-TERRA-FODOM-LINCONTRO-DI-HERBERT-DORFMANN-CON-UN-GRUPPO-DI-AGRICOLTORI.mp3?_=5\" \/><a href=\"https:\/\/www.radiopiu.net\/wordpress\/wp-content\/uploads\/2024\/02\/SORATROI-IN-TERRA-FODOM-LINCONTRO-DI-HERBERT-DORFMANN-CON-UN-GRUPPO-DI-AGRICOLTORI.mp3\">https:\/\/www.radiopiu.net\/wordpress\/wp-content\/uploads\/2024\/02\/SORATROI-IN-TERRA-FODOM-LINCONTRO-DI-HERBERT-DORFMANN-CON-UN-GRUPPO-DI-AGRICOLTORI.mp3<\/a><\/audio>\n<p>&nbsp;<\/p>\n\n\t\t\t<style type='text\/css'>\n\t\t\t\t#gallery-2 {\n\t\t\t\t\tmargin: auto;\n\t\t\t\t}\n\t\t\t\t#gallery-2 .gallery-item {\n\t\t\t\t\tfloat: left;\n\t\t\t\t\tmargin-top: 10px;\n\t\t\t\t\ttext-align: center;\n\t\t\t\t\twidth: 50%;\n\t\t\t\t}\n\t\t\t\t#gallery-2 img {\n\t\t\t\t\tborder: 2px solid #cfcfcf;\n\t\t\t\t}\n\t\t\t\t#gallery-2 .gallery-caption {\n\t\t\t\t\tmargin-left: 0;\n\t\t\t\t}\n\t\t\t\t\/* see gallery_shortcode() in wp-includes\/media.php *\/\n\t\t\t<\/style>\n\t\t<div id='gallery-2' class='dt-gallery-container gallery galleryid-375975 gallery-columns-2 gallery-size-thumbnail'><dl class='gallery-item'>\n\t\t\t\t<dt class='gallery-icon landscape'>\n\t\t\t\t\t<a class=\"rollover rollover-zoom dt-pswp-item\" title=\"incontro_dorfmann_1\" data-dt-img-description=\"\" data-large_image_width=\"1600\" data-large_image_height=\"900\"href='https:\/\/www.radiopiu.net\/wordpress\/wp-content\/uploads\/2024\/02\/incontro_dorfmann_1.jpg'><img loading=\"lazy\" decoding=\"async\" width=\"150\" height=\"150\" src=\"https:\/\/www.radiopiu.net\/wordpress\/wp-content\/uploads\/2024\/02\/incontro_dorfmann_1-150x150.jpg\" class=\"attachment-thumbnail size-thumbnail\" alt=\"\" \/><\/a>\n\t\t\t\t<\/dt><\/dl><dl class='gallery-item'>\n\t\t\t\t<dt class='gallery-icon portrait'>\n\t\t\t\t\t<a class=\"rollover rollover-zoom dt-pswp-item\" title=\"incontro_dorfmann_2\" data-dt-img-description=\"\" data-large_image_width=\"900\" data-large_image_height=\"1600\"href='https:\/\/www.radiopiu.net\/wordpress\/wp-content\/uploads\/2024\/02\/incontro_dorfmann_2.jpg'><img loading=\"lazy\" decoding=\"async\" width=\"150\" height=\"150\" src=\"https:\/\/www.radiopiu.net\/wordpress\/wp-content\/uploads\/2024\/02\/incontro_dorfmann_2-150x150.jpg\" class=\"attachment-thumbnail size-thumbnail\" alt=\"\" \/><\/a>\n\t\t\t\t<\/dt><\/dl><br style=\"clear: both\" \/>\n\t\t\t<\/div>\n\n<p>&nbsp;<\/p>\n<hr \/>\n<p>&nbsp;<\/p>\n<blockquote>\n<h3>SECONDO LE ASSOCIAZIONI AMBIENTALISTE IL CIO E&#8217; STATO INGANNATO SULLA PISTA DA BOB<\/h3>\n<\/blockquote>\n<p><strong><a class=\"dt-pswp-item\" href=\"https:\/\/www.radiopiu.net\/wordpress\/wp-content\/uploads\/2024\/02\/240223-Presidio-Venezia.jpg\" data-dt-img-description=\"\" data-large_image_width=\"980\" data-large_image_height=\"450\"><img loading=\"lazy\" decoding=\"async\" class=\" wp-image-376132 alignleft\" src=\"https:\/\/www.radiopiu.net\/wordpress\/wp-content\/uploads\/2024\/02\/240223-Presidio-Venezia-300x138.jpg\" alt=\"\" width=\"204\" height=\"94\" srcset=\"https:\/\/www.radiopiu.net\/wordpress\/wp-content\/uploads\/2024\/02\/240223-Presidio-Venezia-300x138.jpg 300w, https:\/\/www.radiopiu.net\/wordpress\/wp-content\/uploads\/2024\/02\/240223-Presidio-Venezia-768x353.jpg 768w, https:\/\/www.radiopiu.net\/wordpress\/wp-content\/uploads\/2024\/02\/240223-Presidio-Venezia.jpg 980w\" sizes=\"auto, (max-width: 204px) 100vw, 204px\" \/><\/a>CORTINA<\/strong> I rappresentanti del CIO sono stati ingannati sulla partenza dei lavori per la pista da bob a Cortina. A dirlo sono le associazioni ambientaliste dell&#8217;alto bellunese. Nonostante la consegna dei lavori, secondo le associazioni l&#8217;impresa Pizzarotti aspetta ancora gli operai e l&#8217;alloggio non \u00e8 pronto. Il CIO ribadisce la scadenza per marzo 2025 e minaccia il &#8220;piano B&#8221; e sorge il rischio di una struttura inutilizzabile. Il CIO attende il &#8220;piano di gestione della pista&#8221; e valuta la legacy. Si sottolinea il tempo perso e il rischio di danni ambientali.<\/p>\n<blockquote>\n<h3><\/h3>\n<h3>ANTICIPAZIONE, DA &#8220;FAMIGLIA CRISTIANA&#8221; DI PROSSIMA USCITA<\/h3>\n<\/blockquote>\n<p><strong>\u00a0DI ADRIANO SANSA<\/strong><\/p>\n<p><a class=\"dt-pswp-item\" href=\"https:\/\/www.radiopiu.net\/wordpress\/wp-content\/uploads\/2024\/02\/Senza-nome-50.png\" data-dt-img-description=\"\" data-large_image_width=\"430\" data-large_image_height=\"227\"><img loading=\"lazy\" decoding=\"async\" class=\"size-medium wp-image-375348 alignleft\" src=\"https:\/\/www.radiopiu.net\/wordpress\/wp-content\/uploads\/2024\/02\/Senza-nome-50-300x158.png\" alt=\"\" width=\"300\" height=\"158\" srcset=\"https:\/\/www.radiopiu.net\/wordpress\/wp-content\/uploads\/2024\/02\/Senza-nome-50-300x158.png 300w, https:\/\/www.radiopiu.net\/wordpress\/wp-content\/uploads\/2024\/02\/Senza-nome-50.png 430w\" sizes=\"auto, (max-width: 300px) 100vw, 300px\" \/><\/a>Ero sicuro che i responsabili avrebbero ritrovato il senno, che la gente si sarebbe opposta, perfino legata ai quattrocento larici secolari. Invece no; e la musica stupenda del violoncello di Mario Brunello ha solo lenito il dolore. A Cortina d\u2019Ampezzo si spenderanno centoventi milioni per una nuova pista da bob e slittini per le Olimpiadi; ogni anno i cortinesi sborseranno un milione e mezzo in manutenzione. Tutto per uno sport praticato da pochissime persone, per un impianto destinato a restare vuoto dopo i Giochi; mentre il cambiamento climatico fa mancare neve e ghiaccio, che si produrr\u00e0 ad alti costi economici e ambientali. \u00c8 un accanimento tragicomico quello degli amministratori della Regione veneta. Mancano ospedali e servizi tra le Dolomiti, a Cortina stessa. Gli alberi sono speranza di vita nel mondo inquinato. Le montagne sono gi\u00e0 coperte dal cemento e ferite dagli impianti di risalita. Con un solo colpo si cacciano al vento risorse preziose per esigenze essenziali; si compromette il futuro; si ferisce il paesaggio; si mostra di non capire il tempo in cui viviamo. Si decapita irrimediabilmente un bosco stupendo, disprezzandone il valore biologico e culturale. Vi sono stato pi\u00f9 volte, ho portato i figli ad ammirarlo. Non c&#8217;\u00e8 pi\u00f9. C\u2019\u00e8 l&#8217;intollerabile insipienza di chi ha deciso lo scempio. Lo pagheremo tutti, ci pentiremo di non averlo impedito, di non aver chiamato pubblicamente, e per tempo, in causa politici e funzionari cui correva l&#8217;obbligo di non consentire la stolta impresa.<\/p>\n<p>&nbsp;<\/p>\n<hr \/>\n<p>&nbsp;<\/p>\n<blockquote>\n<h3>IL 21 MARZO A TREVISO IL MEET U.S. ROADSHOW<\/h3>\n<\/blockquote>\n<p><strong><a class=\"dt-pswp-item\" href=\"https:\/\/www.radiopiu.net\/wordpress\/wp-content\/uploads\/2023\/09\/CAMERA-DI-COMMERCIO.png\" data-dt-img-description=\"\" data-large_image_width=\"760\" data-large_image_height=\"314\"><img loading=\"lazy\" decoding=\"async\" class=\" wp-image-353764 alignleft\" src=\"https:\/\/www.radiopiu.net\/wordpress\/wp-content\/uploads\/2023\/09\/CAMERA-DI-COMMERCIO-300x124.png\" alt=\"\" width=\"225\" height=\"93\" srcset=\"https:\/\/www.radiopiu.net\/wordpress\/wp-content\/uploads\/2023\/09\/CAMERA-DI-COMMERCIO-300x124.png 300w, https:\/\/www.radiopiu.net\/wordpress\/wp-content\/uploads\/2023\/09\/CAMERA-DI-COMMERCIO.png 760w\" sizes=\"auto, (max-width: 225px) 100vw, 225px\" \/><\/a>TREVISO<\/strong> Il 21 marzo 2024, a Treviso, si terr\u00e0 il Meet US Roadshow, organizzato dalla Camera di Commercio Italiana a Miami. L&#8217;evento mira a presentare alle PMI le opportunit\u00e0 nel dinamico mercato del Southeast degli Stati Uniti. Il Presidente di Assocamerestero e della Camera di Commercio di Treviso \u2013 Belluno|Dolomiti, Mario Pozza, invita le imprese del Veneto a partecipare e dialogare con esperti della Italy-America Chamber of Commerce Southeast. Il mercato statunitense offre enormi opportunit\u00e0 ma richiede preparazione e investimenti. Le Camere Italiane negli USA rappresentano una rete di supporto cruciale. L&#8217;evento coprir\u00e0 temi legali, contratti di distribuzione, visti per investitori, fiscalit\u00e0, finanziamenti, e procedure doganali. La partecipazione \u00e8 gratuita previa registrazione, riservata a rappresentanti di aziende interessate a esportare negli Stati Uniti.<\/p>\n<p>&nbsp;<\/p>\n<p>&nbsp;<\/p>\n<hr \/>\n<p>&nbsp;<\/p>\n<blockquote>\n<h3>CANTIERI: DOPO IL COVID SONO TORNATI AD AUMENTARE GLI INFORTUNI MORTALI<\/h3>\n<\/blockquote>\n<p><a class=\"dt-pswp-item\" href=\"https:\/\/www.radiopiu.net\/wordpress\/wp-content\/uploads\/2024\/02\/Schermata-2024-02-24-alle-09.09.02.png\" data-dt-img-description=\"\" data-large_image_width=\"1392\" data-large_image_height=\"916\"><img loading=\"lazy\" decoding=\"async\" class=\"size-medium wp-image-376047 alignleft\" src=\"https:\/\/www.radiopiu.net\/wordpress\/wp-content\/uploads\/2024\/02\/Schermata-2024-02-24-alle-09.09.02-300x197.png\" alt=\"\" width=\"300\" height=\"197\" srcset=\"https:\/\/www.radiopiu.net\/wordpress\/wp-content\/uploads\/2024\/02\/Schermata-2024-02-24-alle-09.09.02-300x197.png 300w, https:\/\/www.radiopiu.net\/wordpress\/wp-content\/uploads\/2024\/02\/Schermata-2024-02-24-alle-09.09.02-1024x674.png 1024w, https:\/\/www.radiopiu.net\/wordpress\/wp-content\/uploads\/2024\/02\/Schermata-2024-02-24-alle-09.09.02-768x505.png 768w, https:\/\/www.radiopiu.net\/wordpress\/wp-content\/uploads\/2024\/02\/Schermata-2024-02-24-alle-09.09.02.png 1392w\" sizes=\"auto, (max-width: 300px) 100vw, 300px\" \/><\/a>Dopo il Covid, il numero dei morti sul lavoro nei cantieri veneti \u00e8 tornato ad aumentare. Nel 2022, ultimo dato disponibile definitivo, le denunce di infortuni mortali sono state 24, 7 in pi\u00f9 rispetto al 2019. Sebbene l\u2019incidenza nella nostra regione sia pi\u00f9 contenuta rispetto a quella riscontrabile in quasi tutte le altre regioni del Nord (vedi Graf. 1), emerge, in particolare nelle province di Venezia e Verona, che tra i lavoratori deceduti nei cantieri il numero di quelli occupati in aziende appartenenti all\u2019installazione impianti \u00e8 in costante aumento (vedi Tab. 1).<\/p>\n<p>Anche alla luce di quanto \u00e8 accaduto nella tragedia di Firenze avvenuta la settimana scorsa, \u00e8 verosimile ritenere non sempre questi lavoratori si trovino all\u2019interno di un cantiere per realizzare degli impianti (elettrici, idraulici, sanitari, di condizionamento, di sollevamento, etc.); ma siano l\u00ec per eseguire delle mansioni di natura strettamente edile (demolizioni, carpenteria, coibentazione, muratura etc.), senza disporre, per\u00f2, di un corretto inquadramento contrattuale, ovvero quello dell\u2019edilizia. Una tendenza, quest\u2019ultima, che consentirebbe alle imprese che ricorrono a questo \u201cescamotage\u201d di risparmiare sul costo del lavoro.<\/p>\n<p>Non solo. Le maestranze che esercitano l\u2019attivit\u00e0 edile, ma non dispongono del CCNL corrispondente, non sono tenute a frequentare i corsi di formazione obbligatori previsti per gli edili, rendendo questi lavoratori meno consapevoli e meno preparati ad affrontare i rischi e i pericoli che possono incorrere durante la giornata lavorativa.<\/p>\n<p>Purtroppo, i dati disponibili non ci consentono di \u201csoppesare\u201d quante imprese dell\u2019edilizia anche in Veneto applicano il contratto metalmeccanico anzich\u00e9 quello edile. Tuttavia, al netto delle considerazioni appena sviluppate, \u00e8 evidente che nei cantieri accedono comunque troppi addetti che non hanno ricevuto un\u2019adeguata formazione in materia di sicurezza. Se tra le principali irregolarit\u00e0 riscontrate dall\u2019Ispettorato del Lavoro durante l\u2019attivit\u00e0 di controllo emergono, in particolar modo, i ponteggi non ancorati correttamente, l\u2019assenza di percorsi all\u2019interno del cantiere dedicati ai mezzi e\/o ai pedoni o la mancanza\/inadeguatezza di dispositivi di protezione collettivi (parapetti, armature, barriere), vuol dire che il lavoro da fare in materia di prevenzione \u00e8 ancora tantissimo. A dirlo \u00e8 l\u2019Ufficio studi della CGIA.<\/p>\n<p><strong><a class=\"dt-pswp-item\" href=\"https:\/\/www.radiopiu.net\/wordpress\/wp-content\/uploads\/2024\/02\/Schermata-2024-02-24-alle-09.09.21.png\" data-dt-img-description=\"\" data-large_image_width=\"510\" data-large_image_height=\"1488\"><img loading=\"lazy\" decoding=\"async\" class=\"size-medium wp-image-376046 alignleft\" src=\"https:\/\/www.radiopiu.net\/wordpress\/wp-content\/uploads\/2024\/02\/Schermata-2024-02-24-alle-09.09.21-103x300.png\" alt=\"\" width=\"103\" height=\"300\" srcset=\"https:\/\/www.radiopiu.net\/wordpress\/wp-content\/uploads\/2024\/02\/Schermata-2024-02-24-alle-09.09.21-103x300.png 103w, https:\/\/www.radiopiu.net\/wordpress\/wp-content\/uploads\/2024\/02\/Schermata-2024-02-24-alle-09.09.21-351x1024.png 351w, https:\/\/www.radiopiu.net\/wordpress\/wp-content\/uploads\/2024\/02\/Schermata-2024-02-24-alle-09.09.21.png 510w\" sizes=\"auto, (max-width: 103px) 100vw, 103px\" \/><\/a>Le cause degli eventi infortunistici<\/strong><br \/>\nI principali fattori di rischio che nei cantieri causano gli eventi infortunistici pi\u00f9 gravi sono:<br \/>\nle cadute dei lavoratori dall\u2019alto;<br \/>\nle cadute degli oggetti\/carichi, anche a seguito di crolli, frane o smottamenti;<br \/>\nle perdite di controllo dei preposti nella conduzione di mezzi di lavoro.<\/p>\n<p>Questi accadimenti sono in gran parte riconducibili a errori di procedura commessi dall\u2019infortunato o da terzi, oppure dall\u2019uso improprio delle attrezzature. Senza contare che presentano un\u2019incidenza sempre pi\u00f9 elevata nel totale degli infortuni il ricorso, da parte del soggetto incidentato, a pratiche lavorative estemporanee o totalmente scorrette, ma abitualmente tollerate in azienda. Comportamenti, questi ultimi, che potrebbero assumere dimensioni sempre pi\u00f9 importanti e altrettanto pericolosi, grazie al fatto che all\u2019interno dei cantieri il numero dei lavoratori edili inquadrati con un contratto metalmeccanico \u00e8 in deciso aumento. Lavoratori, ovviamente, che a differenza dei colleghi con il CCNL dell\u2019edilizia non dispongono di un\u2019adeguata formazione e conoscenza delle misure di prevenzione connesse ai rischi e ai pericoli presenti nei cantieri. Soprattutto in quelli dove c\u2019\u00e8 la compresenza di pi\u00f9 imprese.<\/p>\n<p><strong>Nel 2023 mortalit\u00e0 in calo<\/strong><br \/>\nSebbene i dati riferiti al 2023 siano provvisori, rispetto al 2022 anche in Veneto la mortalit\u00e0 nei luoghi di lavoro parrebbe in calo. L\u2019anno scorso a livello nazionale i decessi sono stati 1.041 e la Lombardia, con 172, \u00e8 la regione dove si \u00e8 registrato il dato pi\u00f9 preoccupante. Seguono il Veneto con 101, la Campania con 95, l\u2019Emilia Romagna con 91 e il Lazio con 89. Le realt\u00e0 dove la mortalit\u00e0 \u00e8 pi\u00f9 bassa riguardano, ovviamente, quelle meno popolate. La Provincia Autonoma di Bolzano con 11, quella di Trento con 8, il Molise con 5 e la Valle d\u2019Aosta con 1 sono i territori meno investiti da queste tragedie nei luoghi di lavoro (vedi Tab. 3). Decessi che purtroppo rimangono ancora drammaticamente elevati che un paese civile non pu\u00f2 assolutamente accettare.<\/p>\n<p>&nbsp;<\/p>\n<p>&nbsp;<\/p>\n<hr \/>\n<p>&nbsp;<\/p>\n<blockquote>\n<h3>GIOVEDI&#8217; IL CONSIGLIO DELL&#8217;UNIONE MONTANA AGORDINA<\/h3>\n<\/blockquote>\n<p><strong>AGORDO<\/strong> Il presidente dell&#8217;Unione Montana Agordina Paolo Frena ha convocato i consiglieri per gioved\u00ec alle 20 in Sala Don Tamis ad Agordo. Saranno 6 i punti da discutere tra cui il regolamento dei controlli interni, la nomina dell&#8217;organo di revisione contabile, il servizio di segreteria associata per i comuni aderenti e le comunicazioni del presidente.<\/p>\n<p><strong>DI GIANNI SANTOMASO<\/strong><\/p>\n<audio class=\"wp-audio-shortcode\" id=\"audio-375975-6\" preload=\"none\" style=\"width: 100%;\" controls=\"controls\"><source type=\"audio\/mpeg\" src=\"https:\/\/www.radiopiu.net\/wordpress\/wp-content\/uploads\/2024\/02\/GIANNI-CONSIGLIO-UMA.mp3?_=6\" \/><a href=\"https:\/\/www.radiopiu.net\/wordpress\/wp-content\/uploads\/2024\/02\/GIANNI-CONSIGLIO-UMA.mp3\">https:\/\/www.radiopiu.net\/wordpress\/wp-content\/uploads\/2024\/02\/GIANNI-CONSIGLIO-UMA.mp3<\/a><\/audio>\n<p>&nbsp;<\/p>\n<hr \/>\n<p>&nbsp;<\/p>\n<blockquote>\n<h3>BORSE DI STUDIO PER STUDENTI ISCRITTI AL CORSO DI INFERMIERISTICA<\/h3>\n<\/blockquote>\n<p><strong>AGORDO<\/strong> L&#8217;Unione Montana Agordina offre tre borse di studio e tre premi di incentivazione per studenti iscritti al Corso di Laurea in Infermieristica nell&#8217;anno accademico 2023-2024. Gli interessati devono essere residenti nell&#8217;Agordino, non superare i 25 anni, e soddisfare i requisiti di iscrizione e rendimento accademico. La domanda, disponibile sul sito <a href=\"http:\/\/www.agordino.bl.it\/\" target=\"_new\" rel=\"noopener\">www.agordino.bl.it<\/a>, deve essere presentata entro il 31.03.2024 direttamente presso l&#8217;Unione Montana Agordina o via posta raccomandata all&#8217;indirizzo 4 Novembre 1918, n. 2 &#8211; 32021 AGORDO (BL) o via PEC a <a target=\"_new\" rel=\"noopener\">um.agordina.bl@pecveneto.it<\/a>.<\/p>\n<p>&nbsp;<\/p>\n<p>&nbsp;<\/p>\n<hr \/>\n<p>&nbsp;<\/p>\n<blockquote>\n<h3>L&#8217;ASSEMBLEA DEL GAMP SABATO 2 MARZO<\/h3>\n<\/blockquote>\n<p><strong>AGORDO<\/strong><\/p>\n<p>DI GIANNI SANTOMASO<\/p>\n<audio class=\"wp-audio-shortcode\" id=\"audio-375975-7\" preload=\"none\" style=\"width: 100%;\" controls=\"controls\"><source type=\"audio\/mpeg\" src=\"https:\/\/www.radiopiu.net\/wordpress\/wp-content\/uploads\/2024\/02\/GIANNI-LASSEMBLEA-DEL-GAMP-SABATO-2-MARZO.mp3?_=7\" \/><a href=\"https:\/\/www.radiopiu.net\/wordpress\/wp-content\/uploads\/2024\/02\/GIANNI-LASSEMBLEA-DEL-GAMP-SABATO-2-MARZO.mp3\">https:\/\/www.radiopiu.net\/wordpress\/wp-content\/uploads\/2024\/02\/GIANNI-LASSEMBLEA-DEL-GAMP-SABATO-2-MARZO.mp3<\/a><\/audio>\n<p>&nbsp;<\/p>\n<hr \/>\n<p>&nbsp;<\/p>\n<blockquote>\n<h3 style=\"text-align: left;\"><a class=\"dt-pswp-item\" href=\"https:\/\/www.radiopiu.net\/wordpress\/wp-content\/uploads\/2024\/02\/Senza-nome-60.png\" data-dt-img-description=\"\" data-large_image_width=\"586\" data-large_image_height=\"231\"><img loading=\"lazy\" decoding=\"async\" class=\"size-medium wp-image-375878 alignleft\" src=\"https:\/\/www.radiopiu.net\/wordpress\/wp-content\/uploads\/2024\/02\/Senza-nome-60-300x118.png\" alt=\"\" width=\"300\" height=\"118\" srcset=\"https:\/\/www.radiopiu.net\/wordpress\/wp-content\/uploads\/2024\/02\/Senza-nome-60-300x118.png 300w, https:\/\/www.radiopiu.net\/wordpress\/wp-content\/uploads\/2024\/02\/Senza-nome-60.png 586w\" sizes=\"auto, (max-width: 300px) 100vw, 300px\" \/><\/a>PASSAGGIO GENERAZIONALE E TUTELA PATRIMONIALE<\/h3>\n<\/blockquote>\n<p><strong>BELLUNO<\/strong> Oggi alle 17.30,in\u00a0 Sala Riunioni di Confartigianato si terr\u00e0 l&#8217;incontro &#8220;Passaggio generazionale e tutela patrimoniale&#8221;. Sar\u00e0 presentata la convenzione tra Confartigianato e Kleros s.r.l., specializzata in consulenza patrimoniale e pianificazione successoria.\u00a0 Claudia Scarzanella, Presidente di Confartigianato Imprese Belluno, sottolinea l&#8217;importanza di scelte consapevoli nel passaggio generazionale. L&#8217;evento offrir\u00e0 consulenza e confronto per comprendere le migliori soluzioni di tutela patrimoniale. Per informazioni: <a target=\"_new\" rel=\"noopener\">mdalfarra@confartigianatobelluno.eu<\/a> &#8211; 0437 933280.<\/p>\n<p>&nbsp;<\/p>\n<p>&nbsp;<\/p>\n<hr \/>\n<p>&nbsp;<\/p>\n<blockquote>\n<h3>IO CON TE: INCONTRI DEDICATI ALLE NEO MAMME<\/h3>\n<\/blockquote>\n<p><strong><a class=\"dt-pswp-item\" href=\"https:\/\/www.radiopiu.net\/wordpress\/wp-content\/uploads\/2024\/02\/io-con-te_valle.png\" data-dt-img-description=\"\" data-large_image_width=\"2000\" data-large_image_height=\"1414\"><img loading=\"lazy\" decoding=\"async\" class=\" wp-image-375311 alignleft\" src=\"https:\/\/www.radiopiu.net\/wordpress\/wp-content\/uploads\/2024\/02\/io-con-te_valle-300x212.png\" alt=\"\" width=\"157\" height=\"111\" srcset=\"https:\/\/www.radiopiu.net\/wordpress\/wp-content\/uploads\/2024\/02\/io-con-te_valle-300x212.png 300w, https:\/\/www.radiopiu.net\/wordpress\/wp-content\/uploads\/2024\/02\/io-con-te_valle-1024x724.png 1024w, https:\/\/www.radiopiu.net\/wordpress\/wp-content\/uploads\/2024\/02\/io-con-te_valle-768x543.png 768w, https:\/\/www.radiopiu.net\/wordpress\/wp-content\/uploads\/2024\/02\/io-con-te_valle-1536x1086.png 1536w, https:\/\/www.radiopiu.net\/wordpress\/wp-content\/uploads\/2024\/02\/io-con-te_valle.png 2000w\" sizes=\"auto, (max-width: 157px) 100vw, 157px\" \/><\/a>BELLUNO<\/strong> Il Consultorio Familiare di Belluno (Ulss Dolomiti) e il Comune di Valle di Cadore promuovono &#8220;Io con te&#8221;, un percorso di gruppo per mamme con bambini da 3 a 10 mesi. Composto da tre incontri mamma-bambino, offre uno spazio per condividere esperienze di maternit\u00e0. Gli incontri si terranno presso la Sala Consiliare del Comune di Valle di Cadore il 27 febbraio, 5 e 12 marzo, dalle 10.00 alle 11.30. Per iscrizioni e informazioni, contattare il Consultorio di Pieve di Cadore al 0435 341541 o <a target=\"_new\" rel=\"noopener\">consultoriofamiliare.pc@aulss1.veneto.it<\/a>.<\/p>\n<p>&nbsp;<\/p>\n<p>&nbsp;<\/p>\n<hr \/>\n<p>&nbsp;<\/p>\n<blockquote>\n<h3>CON L&#8217;ASSOCIAZIONE DONATORI DI ORGANI<\/h3>\n<\/blockquote>\n<p><strong>BELLUNO<\/strong> L&#8217;Aido Belluno organizza degli eventi:\u00a0 Il 28 febbraio alla casa funeraria Donadel, con approfondimenti sulla donazione degli organi. I contatti per informazioni sono al numero 336200212.<\/p>\n<p>&nbsp;<\/p>\n<p>&nbsp;<\/p>\n<hr \/>\n<p>&nbsp;<\/p>\n<blockquote>\n<h3><a class=\"dt-pswp-item\" href=\"https:\/\/www.radiopiu.net\/wordpress\/wp-content\/uploads\/2024\/02\/ef01c8d9-8946-44f1-bd64-5d0ea6c915c7.jpg\" data-dt-img-description=\"\" data-large_image_width=\"1050\" data-large_image_height=\"1485\"><img loading=\"lazy\" decoding=\"async\" class=\" wp-image-375927 alignleft\" src=\"https:\/\/www.radiopiu.net\/wordpress\/wp-content\/uploads\/2024\/02\/ef01c8d9-8946-44f1-bd64-5d0ea6c915c7-212x300.jpg\" alt=\"\" width=\"93\" height=\"132\" srcset=\"https:\/\/www.radiopiu.net\/wordpress\/wp-content\/uploads\/2024\/02\/ef01c8d9-8946-44f1-bd64-5d0ea6c915c7-212x300.jpg 212w, https:\/\/www.radiopiu.net\/wordpress\/wp-content\/uploads\/2024\/02\/ef01c8d9-8946-44f1-bd64-5d0ea6c915c7-724x1024.jpg 724w, https:\/\/www.radiopiu.net\/wordpress\/wp-content\/uploads\/2024\/02\/ef01c8d9-8946-44f1-bd64-5d0ea6c915c7-768x1086.jpg 768w, https:\/\/www.radiopiu.net\/wordpress\/wp-content\/uploads\/2024\/02\/ef01c8d9-8946-44f1-bd64-5d0ea6c915c7.jpg 1050w\" sizes=\"auto, (max-width: 93px) 100vw, 93px\" \/><\/a>VIE IN ROSA AL TEATRO SAN GAETANO<\/h3>\n<\/blockquote>\n<p><strong>BELLUNO<\/strong> Sono 4 gli appuntamenti in programma per la rassegna &#8220;Vie in rosa&#8221; al Teatro San Gaetano di Belluno. Il 10 marzo &#8220;le Fuori gioco&#8221; e a seguire un incontro con il sociologo Diego Cason. Il 24 marzo &#8220;Non Fare storia&#8221; con Paola Brolati e a seguire un incontro con Belluno Donna. Il 14 aprile &#8220;Rolandina Roncaglia&#8221; e il 28 aprile un incontro con Roberta Gallego. Gli spettacoli inizieranno alle 17:30.<\/p>\n<p>&nbsp;<\/p>\n<p>&nbsp;<\/p>\n<hr \/>\n<p>&nbsp;<\/p>\n<h2><span style=\"color: #ff6600;\">ALLA RADIO\u00a0<\/span><\/h2>\n<h2><span style=\"color: #008080;\">LA RASSEGNA STAMPA DA L&#8217;AMICO DEL POPOLO<\/span><\/h2>\n<p><strong><a class=\"dt-pswp-item\" href=\"https:\/\/www.radiopiu.net\/wordpress\/wp-content\/uploads\/2020\/03\/AMICO-POPOLOpng.png\" data-dt-img-description=\"\" data-large_image_width=\"225\" data-large_image_height=\"225\"><img loading=\"lazy\" decoding=\"async\" class=\" wp-image-123043 alignleft\" src=\"https:\/\/www.radiopiu.net\/wordpress\/wp-content\/uploads\/2020\/03\/AMICO-POPOLOpng.png\" alt=\"\" width=\"104\" height=\"104\" srcset=\"https:\/\/www.radiopiu.net\/wordpress\/wp-content\/uploads\/2020\/03\/AMICO-POPOLOpng.png 225w, https:\/\/www.radiopiu.net\/wordpress\/wp-content\/uploads\/2020\/03\/AMICO-POPOLOpng-150x150.png 150w\" sizes=\"auto, (max-width: 104px) 100vw, 104px\" \/><\/a>DI GIANNI SANTOMASO<\/strong><\/p>\n<audio class=\"wp-audio-shortcode\" id=\"audio-375975-8\" preload=\"none\" style=\"width: 100%;\" controls=\"controls\"><source type=\"audio\/mpeg\" src=\"https:\/\/www.radiopiu.net\/wordpress\/wp-content\/uploads\/2024\/02\/RASSEGNA-GIANNI-2.mp3?_=8\" \/><a href=\"https:\/\/www.radiopiu.net\/wordpress\/wp-content\/uploads\/2024\/02\/RASSEGNA-GIANNI-2.mp3\">https:\/\/www.radiopiu.net\/wordpress\/wp-content\/uploads\/2024\/02\/RASSEGNA-GIANNI-2.mp3<\/a><\/audio>\n<p>&nbsp;<\/p>\n<p>&nbsp;<\/p>\n<p>&nbsp;<\/p>\n<h2><span style=\"color: #ff00ff;\">DUE MINUTI PER TE<\/span><\/h2>\n<p><strong><a class=\"dt-pswp-item\" href=\"https:\/\/www.radiopiu.net\/wordpress\/wp-content\/uploads\/2020\/12\/DON-GIORGIO-LISE.jpg\" data-dt-img-description=\"\" data-large_image_width=\"1600\" data-large_image_height=\"901\"><img loading=\"lazy\" decoding=\"async\" class=\" wp-image-177420 alignleft\" src=\"https:\/\/www.radiopiu.net\/wordpress\/wp-content\/uploads\/2020\/12\/DON-GIORGIO-LISE-300x169.jpg\" alt=\"\" width=\"163\" height=\"92\" srcset=\"https:\/\/www.radiopiu.net\/wordpress\/wp-content\/uploads\/2020\/12\/DON-GIORGIO-LISE-300x169.jpg 300w, https:\/\/www.radiopiu.net\/wordpress\/wp-content\/uploads\/2020\/12\/DON-GIORGIO-LISE-1024x577.jpg 1024w, https:\/\/www.radiopiu.net\/wordpress\/wp-content\/uploads\/2020\/12\/DON-GIORGIO-LISE-768x432.jpg 768w, https:\/\/www.radiopiu.net\/wordpress\/wp-content\/uploads\/2020\/12\/DON-GIORGIO-LISE-1536x865.jpg 1536w, https:\/\/www.radiopiu.net\/wordpress\/wp-content\/uploads\/2020\/12\/DON-GIORGIO-LISE.jpg 1600w\" sizes=\"auto, (max-width: 163px) 100vw, 163px\" \/><\/a>APPUNTAMENTO FISSO DELLA DOMENICA CON IL PENSIERO DI MONSIGNOR GIORGIO LISE<\/strong><\/p>\n<audio class=\"wp-audio-shortcode\" id=\"audio-375975-9\" preload=\"none\" style=\"width: 100%;\" controls=\"controls\"><source type=\"audio\/mpeg\" src=\"https:\/\/www.radiopiu.net\/wordpress\/wp-content\/uploads\/2024\/02\/DON-GIORGIO-2.mp3?_=9\" \/><a href=\"https:\/\/www.radiopiu.net\/wordpress\/wp-content\/uploads\/2024\/02\/DON-GIORGIO-2.mp3\">https:\/\/www.radiopiu.net\/wordpress\/wp-content\/uploads\/2024\/02\/DON-GIORGIO-2.mp3<\/a><\/audio>\n<p>&nbsp;<\/p>\n<p>&nbsp;<\/p>\n<p>&nbsp;<\/p>\n<h2><span style=\"color: #33cccc;\">GOODBYE BY BICICLE&#8230;UN VIAGGIO DALL&#8217;INDIA A SEREN DEL GRAPPA IN BICICLETTA<\/span><\/h2>\n<p><a class=\"dt-pswp-item\" href=\"https:\/\/www.radiopiu.net\/wordpress\/wp-content\/uploads\/2024\/02\/4c8c2ae5-aec7-4777-925c-a2413879888e.jpg\" data-dt-img-description=\"\" data-large_image_width=\"1600\" data-large_image_height=\"1200\"><img loading=\"lazy\" decoding=\"async\" class=\" wp-image-375169 alignleft\" src=\"https:\/\/www.radiopiu.net\/wordpress\/wp-content\/uploads\/2024\/02\/4c8c2ae5-aec7-4777-925c-a2413879888e-300x225.jpg\" alt=\"\" width=\"165\" height=\"124\" srcset=\"https:\/\/www.radiopiu.net\/wordpress\/wp-content\/uploads\/2024\/02\/4c8c2ae5-aec7-4777-925c-a2413879888e-300x225.jpg 300w, https:\/\/www.radiopiu.net\/wordpress\/wp-content\/uploads\/2024\/02\/4c8c2ae5-aec7-4777-925c-a2413879888e-1024x768.jpg 1024w, https:\/\/www.radiopiu.net\/wordpress\/wp-content\/uploads\/2024\/02\/4c8c2ae5-aec7-4777-925c-a2413879888e-768x576.jpg 768w, https:\/\/www.radiopiu.net\/wordpress\/wp-content\/uploads\/2024\/02\/4c8c2ae5-aec7-4777-925c-a2413879888e-1536x1152.jpg 1536w, https:\/\/www.radiopiu.net\/wordpress\/wp-content\/uploads\/2024\/02\/4c8c2ae5-aec7-4777-925c-a2413879888e.jpg 1600w\" sizes=\"auto, (max-width: 165px) 100vw, 165px\" \/><\/a>\u00c8 iniziato il 10 gennaio il viaggio in bicicletta di Aire e Lili che assieme al loro cane stanno percorrendo un lungo tragitto che \u00e8 partito in India e terminer\u00e0 a Rasai di Seren Del Grappa. Un viaggio in cui i due avventurieri faranno delle tappe per conoscere nuove persone e presentare il progetto nelle scuole.<\/p>\n<p><span style=\"color: #ff0000;\"><strong>PER SEGUIRE IL VIAGGIO PREMI IL TASTO DEL SOCIAL PREFERITO<\/strong><\/span><\/p>\n<p><strong><a href=\"https:\/\/www.instagram.com\/goodbyebybicycle?igsh=ZTN3N2ZpZ2hmeWFy\">INSTAGRAM<\/a> &#8212; <a href=\"https:\/\/www.youtube.com\/@GoodByeByBicycle\">YOUTUBE<\/a><\/strong><\/p>\n<p><strong>PUNTATA 02 &#8211; CONTINUA IL VIAGGIO DI AIRE E LILI<\/strong><\/p>\n<audio class=\"wp-audio-shortcode\" id=\"audio-375975-10\" preload=\"none\" style=\"width: 100%;\" controls=\"controls\"><source type=\"audio\/mpeg\" src=\"https:\/\/www.radiopiu.net\/wordpress\/wp-content\/uploads\/2024\/02\/INDIA-PUNTATA-02.mp3?_=10\" \/><a href=\"https:\/\/www.radiopiu.net\/wordpress\/wp-content\/uploads\/2024\/02\/INDIA-PUNTATA-02.mp3\">https:\/\/www.radiopiu.net\/wordpress\/wp-content\/uploads\/2024\/02\/INDIA-PUNTATA-02.mp3<\/a><\/audio>\n<p>&nbsp;<\/p>\n\n\t\t\t<style type='text\/css'>\n\t\t\t\t#gallery-3 {\n\t\t\t\t\tmargin: auto;\n\t\t\t\t}\n\t\t\t\t#gallery-3 .gallery-item {\n\t\t\t\t\tfloat: left;\n\t\t\t\t\tmargin-top: 10px;\n\t\t\t\t\ttext-align: center;\n\t\t\t\t\twidth: 25%;\n\t\t\t\t}\n\t\t\t\t#gallery-3 img {\n\t\t\t\t\tborder: 2px solid #cfcfcf;\n\t\t\t\t}\n\t\t\t\t#gallery-3 .gallery-caption {\n\t\t\t\t\tmargin-left: 0;\n\t\t\t\t}\n\t\t\t\t\/* see gallery_shortcode() in wp-includes\/media.php *\/\n\t\t\t<\/style>\n\t\t<div id='gallery-3' class='dt-gallery-container gallery galleryid-375975 gallery-columns-4 gallery-size-thumbnail'><dl class='gallery-item'>\n\t\t\t\t<dt class='gallery-icon landscape'>\n\t\t\t\t\t<a class=\"rollover rollover-zoom dt-pswp-item\" title=\"f57a3c0a-208b-4c7e-8f6c-21c1e6e926b7\" data-dt-img-description=\"\" data-large_image_width=\"1600\" data-large_image_height=\"1200\"href='https:\/\/www.radiopiu.net\/wordpress\/wp-content\/uploads\/2024\/02\/f57a3c0a-208b-4c7e-8f6c-21c1e6e926b7.jpg'><img loading=\"lazy\" decoding=\"async\" width=\"150\" height=\"150\" src=\"https:\/\/www.radiopiu.net\/wordpress\/wp-content\/uploads\/2024\/02\/f57a3c0a-208b-4c7e-8f6c-21c1e6e926b7-150x150.jpg\" class=\"attachment-thumbnail size-thumbnail\" alt=\"\" \/><\/a>\n\t\t\t\t<\/dt><\/dl><dl class='gallery-item'>\n\t\t\t\t<dt class='gallery-icon landscape'>\n\t\t\t\t\t<a class=\"rollover rollover-zoom dt-pswp-item\" title=\"dc049002-d17d-40bd-9c80-7cb337b93212\" data-dt-img-description=\"\" data-large_image_width=\"1600\" data-large_image_height=\"1200\"href='https:\/\/www.radiopiu.net\/wordpress\/wp-content\/uploads\/2024\/02\/dc049002-d17d-40bd-9c80-7cb337b93212.jpg'><img loading=\"lazy\" decoding=\"async\" width=\"150\" height=\"150\" src=\"https:\/\/www.radiopiu.net\/wordpress\/wp-content\/uploads\/2024\/02\/dc049002-d17d-40bd-9c80-7cb337b93212-150x150.jpg\" class=\"attachment-thumbnail size-thumbnail\" alt=\"\" \/><\/a>\n\t\t\t\t<\/dt><\/dl><dl class='gallery-item'>\n\t\t\t\t<dt class='gallery-icon portrait'>\n\t\t\t\t\t<a class=\"rollover rollover-zoom dt-pswp-item\" title=\"01799555-cb79-4cae-b325-8e689445fe13\" data-dt-img-description=\"\" data-large_image_width=\"914\" data-large_image_height=\"1026\"href='https:\/\/www.radiopiu.net\/wordpress\/wp-content\/uploads\/2024\/02\/01799555-cb79-4cae-b325-8e689445fe13.jpg'><img loading=\"lazy\" decoding=\"async\" width=\"150\" height=\"150\" src=\"https:\/\/www.radiopiu.net\/wordpress\/wp-content\/uploads\/2024\/02\/01799555-cb79-4cae-b325-8e689445fe13-150x150.jpg\" class=\"attachment-thumbnail size-thumbnail\" alt=\"\" \/><\/a>\n\t\t\t\t<\/dt><\/dl><dl class='gallery-item'>\n\t\t\t\t<dt class='gallery-icon landscape'>\n\t\t\t\t\t<a class=\"rollover rollover-zoom dt-pswp-item\" title=\"9149f29f-8f1c-439c-bff4-85e002989699\" data-dt-img-description=\"\" data-large_image_width=\"1496\" data-large_image_height=\"1496\"href='https:\/\/www.radiopiu.net\/wordpress\/wp-content\/uploads\/2024\/02\/9149f29f-8f1c-439c-bff4-85e002989699.jpg'><img loading=\"lazy\" decoding=\"async\" width=\"150\" height=\"150\" src=\"https:\/\/www.radiopiu.net\/wordpress\/wp-content\/uploads\/2024\/02\/9149f29f-8f1c-439c-bff4-85e002989699-150x150.jpg\" class=\"attachment-thumbnail size-thumbnail\" alt=\"\" srcset=\"https:\/\/www.radiopiu.net\/wordpress\/wp-content\/uploads\/2024\/02\/9149f29f-8f1c-439c-bff4-85e002989699-150x150.jpg 150w, https:\/\/www.radiopiu.net\/wordpress\/wp-content\/uploads\/2024\/02\/9149f29f-8f1c-439c-bff4-85e002989699-300x300.jpg 300w, https:\/\/www.radiopiu.net\/wordpress\/wp-content\/uploads\/2024\/02\/9149f29f-8f1c-439c-bff4-85e002989699-1024x1024.jpg 1024w, https:\/\/www.radiopiu.net\/wordpress\/wp-content\/uploads\/2024\/02\/9149f29f-8f1c-439c-bff4-85e002989699-768x768.jpg 768w, https:\/\/www.radiopiu.net\/wordpress\/wp-content\/uploads\/2024\/02\/9149f29f-8f1c-439c-bff4-85e002989699.jpg 1496w\" sizes=\"auto, (max-width: 150px) 100vw, 150px\" \/><\/a>\n\t\t\t\t<\/dt><\/dl><br style=\"clear: both\" \/><dl class='gallery-item'>\n\t\t\t\t<dt class='gallery-icon landscape'>\n\t\t\t\t\t<a class=\"rollover rollover-zoom dt-pswp-item\" title=\"5256f650-bee9-4ab6-9e82-480807fb845b\" data-dt-img-description=\"\" data-large_image_width=\"1496\" data-large_image_height=\"1496\"href='https:\/\/www.radiopiu.net\/wordpress\/wp-content\/uploads\/2024\/02\/5256f650-bee9-4ab6-9e82-480807fb845b.jpg'><img loading=\"lazy\" decoding=\"async\" width=\"150\" height=\"150\" src=\"https:\/\/www.radiopiu.net\/wordpress\/wp-content\/uploads\/2024\/02\/5256f650-bee9-4ab6-9e82-480807fb845b-150x150.jpg\" class=\"attachment-thumbnail size-thumbnail\" alt=\"\" srcset=\"https:\/\/www.radiopiu.net\/wordpress\/wp-content\/uploads\/2024\/02\/5256f650-bee9-4ab6-9e82-480807fb845b-150x150.jpg 150w, https:\/\/www.radiopiu.net\/wordpress\/wp-content\/uploads\/2024\/02\/5256f650-bee9-4ab6-9e82-480807fb845b-300x300.jpg 300w, https:\/\/www.radiopiu.net\/wordpress\/wp-content\/uploads\/2024\/02\/5256f650-bee9-4ab6-9e82-480807fb845b-1024x1024.jpg 1024w, https:\/\/www.radiopiu.net\/wordpress\/wp-content\/uploads\/2024\/02\/5256f650-bee9-4ab6-9e82-480807fb845b-768x768.jpg 768w, https:\/\/www.radiopiu.net\/wordpress\/wp-content\/uploads\/2024\/02\/5256f650-bee9-4ab6-9e82-480807fb845b.jpg 1496w\" sizes=\"auto, (max-width: 150px) 100vw, 150px\" \/><\/a>\n\t\t\t\t<\/dt><\/dl><dl class='gallery-item'>\n\t\t\t\t<dt class='gallery-icon landscape'>\n\t\t\t\t\t<a class=\"rollover rollover-zoom dt-pswp-item\" title=\"35ec5cbc-e543-4b2f-a8b6-cd6ba4066769\" data-dt-img-description=\"\" data-large_image_width=\"1280\" data-large_image_height=\"960\"href='https:\/\/www.radiopiu.net\/wordpress\/wp-content\/uploads\/2024\/02\/35ec5cbc-e543-4b2f-a8b6-cd6ba4066769.jpg'><img loading=\"lazy\" decoding=\"async\" width=\"150\" height=\"150\" src=\"https:\/\/www.radiopiu.net\/wordpress\/wp-content\/uploads\/2024\/02\/35ec5cbc-e543-4b2f-a8b6-cd6ba4066769-150x150.jpg\" class=\"attachment-thumbnail size-thumbnail\" alt=\"\" \/><\/a>\n\t\t\t\t<\/dt><\/dl><dl class='gallery-item'>\n\t\t\t\t<dt class='gallery-icon landscape'>\n\t\t\t\t\t<a class=\"rollover rollover-zoom dt-pswp-item\" title=\"34f7e5eb-b813-4aa9-99b1-d34f2de50a09\" data-dt-img-description=\"\" data-large_image_width=\"1496\" data-large_image_height=\"1496\"href='https:\/\/www.radiopiu.net\/wordpress\/wp-content\/uploads\/2024\/02\/34f7e5eb-b813-4aa9-99b1-d34f2de50a09.jpg'><img loading=\"lazy\" decoding=\"async\" width=\"150\" height=\"150\" src=\"https:\/\/www.radiopiu.net\/wordpress\/wp-content\/uploads\/2024\/02\/34f7e5eb-b813-4aa9-99b1-d34f2de50a09-150x150.jpg\" class=\"attachment-thumbnail size-thumbnail\" alt=\"\" srcset=\"https:\/\/www.radiopiu.net\/wordpress\/wp-content\/uploads\/2024\/02\/34f7e5eb-b813-4aa9-99b1-d34f2de50a09-150x150.jpg 150w, https:\/\/www.radiopiu.net\/wordpress\/wp-content\/uploads\/2024\/02\/34f7e5eb-b813-4aa9-99b1-d34f2de50a09-300x300.jpg 300w, https:\/\/www.radiopiu.net\/wordpress\/wp-content\/uploads\/2024\/02\/34f7e5eb-b813-4aa9-99b1-d34f2de50a09-1024x1024.jpg 1024w, https:\/\/www.radiopiu.net\/wordpress\/wp-content\/uploads\/2024\/02\/34f7e5eb-b813-4aa9-99b1-d34f2de50a09-768x768.jpg 768w, https:\/\/www.radiopiu.net\/wordpress\/wp-content\/uploads\/2024\/02\/34f7e5eb-b813-4aa9-99b1-d34f2de50a09.jpg 1496w\" sizes=\"auto, (max-width: 150px) 100vw, 150px\" \/><\/a>\n\t\t\t\t<\/dt><\/dl><dl class='gallery-item'>\n\t\t\t\t<dt class='gallery-icon landscape'>\n\t\t\t\t\t<a class=\"rollover rollover-zoom dt-pswp-item\" title=\"5d7553ac-1871-468e-a860-77974ae70f3b\" data-dt-img-description=\"\" data-large_image_width=\"1496\" data-large_image_height=\"1496\"href='https:\/\/www.radiopiu.net\/wordpress\/wp-content\/uploads\/2024\/02\/5d7553ac-1871-468e-a860-77974ae70f3b.jpg'><img loading=\"lazy\" decoding=\"async\" width=\"150\" height=\"150\" src=\"https:\/\/www.radiopiu.net\/wordpress\/wp-content\/uploads\/2024\/02\/5d7553ac-1871-468e-a860-77974ae70f3b-150x150.jpg\" class=\"attachment-thumbnail size-thumbnail\" alt=\"\" srcset=\"https:\/\/www.radiopiu.net\/wordpress\/wp-content\/uploads\/2024\/02\/5d7553ac-1871-468e-a860-77974ae70f3b-150x150.jpg 150w, https:\/\/www.radiopiu.net\/wordpress\/wp-content\/uploads\/2024\/02\/5d7553ac-1871-468e-a860-77974ae70f3b-300x300.jpg 300w, https:\/\/www.radiopiu.net\/wordpress\/wp-content\/uploads\/2024\/02\/5d7553ac-1871-468e-a860-77974ae70f3b-1024x1024.jpg 1024w, https:\/\/www.radiopiu.net\/wordpress\/wp-content\/uploads\/2024\/02\/5d7553ac-1871-468e-a860-77974ae70f3b-768x768.jpg 768w, https:\/\/www.radiopiu.net\/wordpress\/wp-content\/uploads\/2024\/02\/5d7553ac-1871-468e-a860-77974ae70f3b.jpg 1496w\" sizes=\"auto, (max-width: 150px) 100vw, 150px\" \/><\/a>\n\t\t\t\t<\/dt><\/dl><br style=\"clear: both\" \/>\n\t\t\t<\/div>\n\n<p>&nbsp;<\/p>\n<h2>LA RACCOLTA COMPLETA <a href=\"https:\/\/www.radiopiu.net\/wordpress\/goodbye-by-bicicle-un-viaggio-dallindia-a-seren-del-grappa-in-bicicletta-02\/\">CLICCA QUI<\/a><\/h2>\n<p>&nbsp;<\/p>\n<p>&nbsp;<\/p>\n<p>&nbsp;<\/p>\n<blockquote class=\"wp-embedded-content\" data-secret=\"lJSsfITKYM\"><p><a href=\"https:\/\/www.radiopiu.net\/wordpress\/il-giormale-radio-di-marco-dal-farra-05\/\">IL GIORMALE RADIO DI MARCO DAL FARRA &#8211; LA RACCOLTA<\/a><\/p><\/blockquote>\n<p><iframe loading=\"lazy\" class=\"wp-embedded-content\" sandbox=\"allow-scripts\" security=\"restricted\" style=\"position: absolute; clip: rect(1px, 1px, 1px, 1px);\" title=\"&#8220;IL GIORMALE RADIO DI MARCO DAL FARRA &#8211; LA RACCOLTA&#8221; &#8212; Radio Pi\u00f9\" src=\"https:\/\/www.radiopiu.net\/wordpress\/il-giormale-radio-di-marco-dal-farra-05\/embed\/#?secret=xT03x00c5d#?secret=lJSsfITKYM\" data-secret=\"lJSsfITKYM\" width=\"600\" height=\"338\" frameborder=\"0\" marginwidth=\"0\" marginheight=\"0\" scrolling=\"no\"><\/iframe><\/p>\n<p>&nbsp;<\/p>\n<p>&nbsp;<\/p>\n<p>&nbsp;<\/p>\n<hr \/>\n<p>&nbsp;<\/p>\n<h2><span style=\"color: #ff0000;\">GLI APPUNTAMENTI DELLA SETTIMANA<\/span><\/h2>\n<p><strong>LIMANA<\/strong> Il Comune di Limana, insieme alla Biblioteca Comunale e all&#8217;Assessorato alla Cultura, organizza una serata speciale curata da Gianni Carlin. La serata, intitolata &#8220;Un Poema Ritrovato, un Autore Sconosciuto&#8221;, si terr\u00e0 gioved\u00ec alle 20:30 presso la Sala Nocivelli di Limana. Il recital sar\u00e0 un&#8217;esperienza poetico-musicale e teatrale che presenter\u00e0 un poema inedito di un autore sconosciuto. Un&#8217;occasione unica per scoprire e apprezzare nuovi talenti nel mondo della poesia.<\/p>\n<p><strong>CENCENIGHE<\/strong> DOMENICA 3 MARZO 10 anni di Oh Per Bacco, 2014_2024, dalle 16.00 la festa<\/p>\n<blockquote>\n<h2><a class=\"dt-pswp-item\" href=\"https:\/\/www.radiopiu.net\/wordpress\/wp-content\/uploads\/2024\/02\/424975281_17930049686820544_8669192397721482723_n.jpg\" data-dt-img-description=\"\" data-large_image_width=\"512\" data-large_image_height=\"640\"><img loading=\"lazy\" decoding=\"async\" class=\"size-medium wp-image-375410 aligncenter\" src=\"https:\/\/www.radiopiu.net\/wordpress\/wp-content\/uploads\/2024\/02\/424975281_17930049686820544_8669192397721482723_n-240x300.jpg\" alt=\"\" width=\"240\" height=\"300\" srcset=\"https:\/\/www.radiopiu.net\/wordpress\/wp-content\/uploads\/2024\/02\/424975281_17930049686820544_8669192397721482723_n-240x300.jpg 240w, https:\/\/www.radiopiu.net\/wordpress\/wp-content\/uploads\/2024\/02\/424975281_17930049686820544_8669192397721482723_n.jpg 512w\" sizes=\"auto, (max-width: 240px) 100vw, 240px\" \/><\/a><\/h2>\n<\/blockquote>\n<p>&nbsp;<\/p>\n<h2><span style=\"color: #ff0000;\">\u00a0<\/span><\/h2>\n<h2><span style=\"color: #ff0000;\">PROSSIMAMENTE<\/span><\/h2>\n<p><strong>FELTRE<\/strong> La Famiglia Ex Emigranti del Feltrino organizza la gita alla fiera &#8220;Orto Giardino&#8221; a Pordenonefiere il 6 marzo. La partenza \u00e8 alle 13 da Pedavena, con passaggio a Feltre. Il programma include l&#8217;ingresso alla fiera e una tappa in pizzeria durante il rientro. Per informazioni 40 262 9562.<\/p>\n<p><strong>BELLUNO<\/strong> Sabato 9 marzo alle ore 17:30, presso la sala &#8220;TEATRO&#8221; del Centro Congressi in piazza Piloni a Belluno, si terr\u00e0 un incontro sul tema &#8220;GAZA E KIEV: L&#8217;EUROPA TRA I CONFLITTI&#8221;. Gli interventi saranno di Germano Dottori, Consigliere scientifico di Limes, e di Gian Micalessin, giornalista, scrittore e inviato di guerra. L&#8217;incontro sar\u00e0 condotto da Franco Tosolini, ricercatore storico.<\/p>\n<div>\n<div class=\"\" dir=\"auto\">\n<div id=\":r9h:\" class=\"x1iorvi4 x1pi30zi x1l90r2v x1swvt13\" data-ad-comet-preview=\"message\" data-ad-preview=\"message\">\n<div class=\"x78zum5 xdt5ytf xz62fqu x16ldp7u\">\n<div class=\"xu06os2 x1ok221b\">\n<blockquote>\n<h3 style=\"text-align: center;\">LE CAMPE: 9 marzo con la Combricola del Blasko<\/h3>\n<\/blockquote>\n<p><a class=\"dt-pswp-item\" href=\"https:\/\/www.radiopiu.net\/wordpress\/wp-content\/uploads\/2024\/02\/Senza-nome-52.png\" data-dt-img-description=\"\" data-large_image_width=\"268\" data-large_image_height=\"486\"><img loading=\"lazy\" decoding=\"async\" class=\" wp-image-375373 aligncenter\" src=\"https:\/\/www.radiopiu.net\/wordpress\/wp-content\/uploads\/2024\/02\/Senza-nome-52-165x300.png\" alt=\"\" width=\"148\" height=\"269\" srcset=\"https:\/\/www.radiopiu.net\/wordpress\/wp-content\/uploads\/2024\/02\/Senza-nome-52-165x300.png 165w, https:\/\/www.radiopiu.net\/wordpress\/wp-content\/uploads\/2024\/02\/Senza-nome-52.png 268w\" sizes=\"auto, (max-width: 148px) 100vw, 148px\" \/><\/a><\/p>\n<\/div>\n<\/div>\n<\/div>\n<\/div>\n<\/div>\n<blockquote>\n<h2><\/h2>\n<h2><\/h2>\n<h2>SAVE THE DATE FESTIVAL&#8230;. VAI COL TOTO OSPITI<\/h2>\n<blockquote>\n<h3>SAVE THE DATE FESTIVAL AL RIFUGIO LARESEI&#8230;IL 7 APRILE SARA&#8217; UNA GIORNATA INDIMENTICABILE<\/h3>\n<\/blockquote>\n<div>\n<div class=\"x1cy8zhl x78zum5 x1q0g3np xod5an3 x1pi30zi x1swvt13 xz9dl7a\">\n<div class=\"x1iyjqo2\">\n<div class=\"x78zum5 xdt5ytf xz62fqu x16ldp7u\">\n<div>\n<p><strong>7 APRILE:<\/strong> Save The Date Festival\u00a0 al Rifugio L\u00e0resei<\/p>\n<p>UN&#8217; ALTRA ANTICIPAZIONE&#8230; Dagli schermi di Eurosport e Sky al <a class=\"x1i10hfl xjbqb8w x1ejq31n xd10rxx x1sy0etr x17r0tee x972fbf xcfux6l x1qhh985 xm0m39n x9f619 x1ypdohk xt0psk2 xe8uvvx xdj266r x11i5rnm xat24cr x1mh8g0r xexx8yu x4uap5 x18d9i69 xkhd6sd x16tdsg8 x1hl2dhg xggy1nq x1a2a7pz xt0b8zv x1fey0fg xo1l8bm\" tabindex=\"0\" role=\"link\" href=\"https:\/\/www.facebook.com\/profile.php?id=61554808097303&amp;__cft__[0]=AZW3k-zp2mDVRJleUxRSn0vN5uQP39aMIhimU7k2NjuEV7vAL-ikXSdvAIS9Y9OFROA6MvhNOS6B0xFKKk2slgcxXTJjd4zYNr7hSdMNhry7u3JsMFjQb_Ov2XA6pV2VWIEfcLAt2DSAhVj3JYGuFZHWR6CuUezd22U19A7FgD4qIQ&amp;__tn__=-]K-R\"><span class=\"xt0psk2\">Save The Date Festival<\/span><\/a> arriva Camilla Ronchi Una presentatrice Falcadina non poteva mancare!\u00a0 Si aggiunge al giornalista e presentatore Massimiliano Ossini. Acquista il tuo biglietto d&#8217;ingresso al link: <a class=\"moz-txt-link-abbreviated\" href=\"http:\/\/www.ciaotickets.com\">www.ciaotickets.com<\/a>\u00a0 \u00a0 \u00a0 \u00a0 \u00a0 save-the-date-festival 7 APRILE RIFUGIO LARESEI SKI AREA SAN PELLEGRINO-FALCADE<\/p>\n<\/div>\n<\/div>\n<\/div>\n<\/div>\n<\/div>\n<div>\n<div class=\"\" dir=\"auto\">\n<div id=\":r9h:\" class=\"x1iorvi4 x1pi30zi x1l90r2v x1swvt13\" data-ad-comet-preview=\"message\" data-ad-preview=\"message\">\n<div class=\"x78zum5 xdt5ytf xz62fqu x16ldp7u\">\n<div class=\"xu06os2 x1ok221b\">\n<div class=\"x11i5rnm xat24cr x1mh8g0r x1vvkbs xtlvy1s x126k92a\">\n<div dir=\"auto\"><\/div>\n<\/div>\n<div dir=\"auto\">\n\n\t\t\t<style type='text\/css'>\n\t\t\t\t#gallery-4 {\n\t\t\t\t\tmargin: auto;\n\t\t\t\t}\n\t\t\t\t#gallery-4 .gallery-item {\n\t\t\t\t\tfloat: left;\n\t\t\t\t\tmargin-top: 10px;\n\t\t\t\t\ttext-align: center;\n\t\t\t\t\twidth: 33%;\n\t\t\t\t}\n\t\t\t\t#gallery-4 img {\n\t\t\t\t\tborder: 2px solid #cfcfcf;\n\t\t\t\t}\n\t\t\t\t#gallery-4 .gallery-caption {\n\t\t\t\t\tmargin-left: 0;\n\t\t\t\t}\n\t\t\t\t\/* see gallery_shortcode() in wp-includes\/media.php *\/\n\t\t\t<\/style>\n\t\t<div id='gallery-4' class='dt-gallery-container gallery galleryid-375975 gallery-columns-3 gallery-size-medium'><dl class='gallery-item'>\n\t\t\t\t<dt class='gallery-icon landscape'>\n\t\t\t\t\t<a class=\"rollover rollover-zoom dt-pswp-item\" title=\"19c21029-a0ef-4986-8081-9facbbbce065\" data-dt-img-description=\"\" data-large_image_width=\"1080\" data-large_image_height=\"1080\"href='https:\/\/www.radiopiu.net\/wordpress\/wp-content\/uploads\/2024\/02\/19c21029-a0ef-4986-8081-9facbbbce065.jpg'><img loading=\"lazy\" decoding=\"async\" width=\"300\" height=\"300\" src=\"https:\/\/www.radiopiu.net\/wordpress\/wp-content\/uploads\/2024\/02\/19c21029-a0ef-4986-8081-9facbbbce065-300x300.jpg\" class=\"attachment-medium size-medium\" alt=\"\" srcset=\"https:\/\/www.radiopiu.net\/wordpress\/wp-content\/uploads\/2024\/02\/19c21029-a0ef-4986-8081-9facbbbce065-300x300.jpg 300w, https:\/\/www.radiopiu.net\/wordpress\/wp-content\/uploads\/2024\/02\/19c21029-a0ef-4986-8081-9facbbbce065-1024x1024.jpg 1024w, https:\/\/www.radiopiu.net\/wordpress\/wp-content\/uploads\/2024\/02\/19c21029-a0ef-4986-8081-9facbbbce065-150x150.jpg 150w, https:\/\/www.radiopiu.net\/wordpress\/wp-content\/uploads\/2024\/02\/19c21029-a0ef-4986-8081-9facbbbce065-768x768.jpg 768w, https:\/\/www.radiopiu.net\/wordpress\/wp-content\/uploads\/2024\/02\/19c21029-a0ef-4986-8081-9facbbbce065.jpg 1080w\" sizes=\"auto, (max-width: 300px) 100vw, 300px\" \/><\/a>\n\t\t\t\t<\/dt><\/dl><dl class='gallery-item'>\n\t\t\t\t<dt class='gallery-icon landscape'>\n\t\t\t\t\t<a class=\"rollover rollover-zoom dt-pswp-item\" title=\"428458808_122124610286160269_8403615925720421881_n\" data-dt-img-description=\"\" data-large_image_width=\"526\" data-large_image_height=\"526\"href='https:\/\/www.radiopiu.net\/wordpress\/wp-content\/uploads\/2024\/02\/428458808_122124610286160269_8403615925720421881_n.jpg'><img loading=\"lazy\" decoding=\"async\" width=\"300\" height=\"300\" src=\"https:\/\/www.radiopiu.net\/wordpress\/wp-content\/uploads\/2024\/02\/428458808_122124610286160269_8403615925720421881_n-300x300.jpg\" class=\"attachment-medium size-medium\" alt=\"\" srcset=\"https:\/\/www.radiopiu.net\/wordpress\/wp-content\/uploads\/2024\/02\/428458808_122124610286160269_8403615925720421881_n-300x300.jpg 300w, https:\/\/www.radiopiu.net\/wordpress\/wp-content\/uploads\/2024\/02\/428458808_122124610286160269_8403615925720421881_n-150x150.jpg 150w, https:\/\/www.radiopiu.net\/wordpress\/wp-content\/uploads\/2024\/02\/428458808_122124610286160269_8403615925720421881_n.jpg 526w\" sizes=\"auto, (max-width: 300px) 100vw, 300px\" \/><\/a>\n\t\t\t\t<\/dt><\/dl><dl class='gallery-item'>\n\t\t\t\t<dt class='gallery-icon portrait'>\n\t\t\t\t\t<a class=\"rollover rollover-zoom dt-pswp-item\" title=\"424589697_17849558076141395_6233705988191667367_n\" data-dt-img-description=\"\" data-large_image_width=\"512\" data-large_image_height=\"640\"href='https:\/\/www.radiopiu.net\/wordpress\/wp-content\/uploads\/2024\/02\/424589697_17849558076141395_6233705988191667367_n.jpg'><img loading=\"lazy\" decoding=\"async\" width=\"240\" height=\"300\" src=\"https:\/\/www.radiopiu.net\/wordpress\/wp-content\/uploads\/2024\/02\/424589697_17849558076141395_6233705988191667367_n-240x300.jpg\" class=\"attachment-medium size-medium\" alt=\"\" srcset=\"https:\/\/www.radiopiu.net\/wordpress\/wp-content\/uploads\/2024\/02\/424589697_17849558076141395_6233705988191667367_n-240x300.jpg 240w, https:\/\/www.radiopiu.net\/wordpress\/wp-content\/uploads\/2024\/02\/424589697_17849558076141395_6233705988191667367_n.jpg 512w\" sizes=\"auto, (max-width: 240px) 100vw, 240px\" \/><\/a>\n\t\t\t\t<\/dt><\/dl><br style=\"clear: both\" \/>\n\t\t\t<\/div>\n\n<\/div>\n<\/div>\n<\/div>\n<\/div>\n<\/div>\n<\/div>\n<\/blockquote>\n<p>&nbsp;<\/p>\n<hr \/>\n<p>&nbsp;<\/p>\n<blockquote class=\"wp-embedded-content\" data-secret=\"ubFPRCg2kO\"><p><a href=\"https:\/\/www.radiopiu.net\/wordpress\/piu-siamo-con-marina-la-mattina-alle-8-30-la-sera-alle-21-30-settimana-dal-19-al-23-febbraio-2024\/\">PIU&#8217; SIAMO&#8230;.. CON MARINA. LA MATTINA ALLE 8.30 LA SERA ALLE 21.30. SETTIMANA DAL 19 AL 23 FEBBRAIO 2024<\/a><\/p><\/blockquote>\n<p><iframe loading=\"lazy\" class=\"wp-embedded-content\" sandbox=\"allow-scripts\" security=\"restricted\" style=\"position: absolute; clip: rect(1px, 1px, 1px, 1px);\" title=\"&#8220;PIU&#8217; SIAMO&#8230;.. CON MARINA. LA MATTINA ALLE 8.30 LA SERA ALLE 21.30. SETTIMANA DAL 19 AL 23 FEBBRAIO 2024&#8221; &#8212; Radio Pi\u00f9\" src=\"https:\/\/www.radiopiu.net\/wordpress\/piu-siamo-con-marina-la-mattina-alle-8-30-la-sera-alle-21-30-settimana-dal-19-al-23-febbraio-2024\/embed\/#?secret=b6sqey4ahQ#?secret=ubFPRCg2kO\" data-secret=\"ubFPRCg2kO\" width=\"600\" height=\"338\" frameborder=\"0\" marginwidth=\"0\" marginheight=\"0\" scrolling=\"no\"><\/iframe><\/p>\n<p>&nbsp;<\/p>\n<hr \/>\n<p>&nbsp;<\/p>\n<p><a class=\"dt-pswp-item\" href=\"https:\/\/www.radiopiu.net\/wordpress\/wp-content\/uploads\/2018\/09\/viabilita.jpeg\" data-dt-img-description=\"\" data-large_image_width=\"800\" data-large_image_height=\"100\"><img loading=\"lazy\" decoding=\"async\" class=\"aligncenter wp-image-61954 size-full\" src=\"https:\/\/www.radiopiu.net\/wordpress\/wp-content\/uploads\/2018\/09\/viabilita.jpeg\" alt=\"\" width=\"800\" height=\"100\" srcset=\"https:\/\/www.radiopiu.net\/wordpress\/wp-content\/uploads\/2018\/09\/viabilita.jpeg 800w, https:\/\/www.radiopiu.net\/wordpress\/wp-content\/uploads\/2018\/09\/viabilita-300x38.jpeg 300w, https:\/\/www.radiopiu.net\/wordpress\/wp-content\/uploads\/2018\/09\/viabilita-768x96.jpeg 768w\" sizes=\"auto, (max-width: 800px) 100vw, 800px\" \/><\/a><\/p>\n<p>&nbsp;<\/p>\n<p><a class=\"dt-pswp-item\" href=\"https:\/\/www.radiopiu.net\/wordpress\/wp-content\/uploads\/2023\/12\/botol-car-service.jpg\" data-dt-img-description=\"\" data-large_image_width=\"600\" data-large_image_height=\"600\"><img loading=\"lazy\" decoding=\"async\" class=\"size-medium wp-image-367044 aligncenter\" src=\"https:\/\/www.radiopiu.net\/wordpress\/wp-content\/uploads\/2023\/12\/botol-car-service-300x300.jpg\" alt=\"\" width=\"300\" height=\"300\" srcset=\"https:\/\/www.radiopiu.net\/wordpress\/wp-content\/uploads\/2023\/12\/botol-car-service-300x300.jpg 300w, https:\/\/www.radiopiu.net\/wordpress\/wp-content\/uploads\/2023\/12\/botol-car-service-150x150.jpg 150w, https:\/\/www.radiopiu.net\/wordpress\/wp-content\/uploads\/2023\/12\/botol-car-service.jpg 600w\" sizes=\"auto, (max-width: 300px) 100vw, 300px\" \/><\/a><\/p>\n<p>&nbsp;<\/p>\n<blockquote class=\"wp-embedded-content\" data-secret=\"gvYviQU6DP\"><p><a href=\"https:\/\/www.radiopiu.net\/wordpress\/viabilita\/\">viabilita<\/a><\/p><\/blockquote>\n<p><iframe loading=\"lazy\" class=\"wp-embedded-content\" sandbox=\"allow-scripts\" security=\"restricted\" style=\"position: absolute; clip: rect(1px, 1px, 1px, 1px);\" title=\"&#8220;viabilita&#8221; &#8212; Radio Pi\u00f9\" src=\"https:\/\/www.radiopiu.net\/wordpress\/viabilita\/embed\/#?secret=Ct2P2YgDke#?secret=gvYviQU6DP\" data-secret=\"gvYviQU6DP\" width=\"600\" height=\"338\" frameborder=\"0\" marginwidth=\"0\" marginheight=\"0\" scrolling=\"no\"><\/iframe><\/p>\n<p>&nbsp;<\/p>\n<hr \/>\n<p>&nbsp;<\/p>\n<p><a class=\"dt-pswp-item\" href=\"https:\/\/www.radiopiu.net\/wordpress\/wp-content\/uploads\/2018\/09\/WhatsApp-Image-2018-09-20-at-16.04.06.jpeg\" data-dt-img-description=\"\" data-large_image_width=\"800\" data-large_image_height=\"100\"><img loading=\"lazy\" decoding=\"async\" class=\"wp-image-61378 size-full aligncenter\" src=\"https:\/\/www.radiopiu.net\/wordpress\/wp-content\/uploads\/2018\/09\/WhatsApp-Image-2018-09-20-at-16.04.06.jpeg\" alt=\"\" width=\"800\" height=\"100\" srcset=\"https:\/\/www.radiopiu.net\/wordpress\/wp-content\/uploads\/2018\/09\/WhatsApp-Image-2018-09-20-at-16.04.06.jpeg 800w, https:\/\/www.radiopiu.net\/wordpress\/wp-content\/uploads\/2018\/09\/WhatsApp-Image-2018-09-20-at-16.04.06-300x38.jpeg 300w, https:\/\/www.radiopiu.net\/wordpress\/wp-content\/uploads\/2018\/09\/WhatsApp-Image-2018-09-20-at-16.04.06-768x96.jpeg 768w\" sizes=\"auto, (max-width: 800px) 100vw, 800px\" \/><\/a><\/p>\n<p><center><\/center><b>\u00a0 \u00a0\u00a0<\/b><\/p>\n<p><center><\/center><center><\/center><center><\/center><center><b>OGGI<\/b><\/center>Nuovo peggioramento del tempo con cielo da molto nuvoloso a coperto, gi\u00e0 al mattino a partire dalle Prealpi occidentali, con fenomeni in estensione a tutto il territorio al pomeriggio\/sera. Le Dolomiti potranno essere interessate in maniera pi\u00f9 marginale dal peggioramento.<br \/>\n<b>Precipitazioni: <\/b>Inizialmente deboli e sparse, anche assenti sui settori centro-orientali; sulle Prealpi occidentali pi\u00f9 diffuse gi\u00e0 a partire dalla mattinata (80\/90%); sulla provincia di Belluno, in particolare sui settori dolomitici, specie a nord, fenomeni di pi\u00f9 modesta entit\u00e0 (70\/80%). Quota neve dapprima a 800\/1100 m, in probabile rialzo specie sulle Prealpi, fino sui 1100\/1300 m in serata.<br \/>\n<b>Temperature: <\/b>In lieve rialzo in alta quota e senza variazioni di rilievo nelle valli.<\/p>\n<hr \/>\n<p><center><b>DOMANI<\/b><\/center>Tempo perturbato con cielo molto nuvoloso o coperto per tutto il giorno, con moderato maltempo sulle Dolomiti con fenomeni spesso deboli; sulle Prealpi fenomeni pi\u00f9 significativi, probabilmente anche consistenti.<br \/>\n<b>Precipitazioni: <\/b>Sulle Dolomiti deboli\/moderate (90%); sulle Prealpi diffuse, spesso moderate, a tratti forti (100%). Limite della neve a 1300\/1600 m, in calo nelle valli solo in caso di rovesci pi\u00f9 intensi; il limite tender\u00e0 a rialzarsi sulle Prealpi al pomeriggio\/sera.<br \/>\n<b>Temperature: <\/b>In generale contenuto aumento, pi\u00f9 sensibile in quota.<\/p>\n<hr \/>\n<p><center><b>MERCOLEDI<\/b><\/center>Ancora tempo perlopi\u00f9 perturbato al mattino, con precipitazioni diffuse, pi\u00f9 intense sulle Prealpi, ma che potranno risultare a tratti moderate anche sulle Dolomiti, con quota neve oltre i 1500\/1800 m, a quote inferiori nelle valli in caso di moderata\/forte intensit\u00e0. Attenuazione dei fenomeni in serata. Temperature in ulteriore lieve aumento.<\/p>\n<hr \/>\n<p><center><b>GIOVEDI<\/b><\/center>Nuvolosit\u00e0 variabile, anche di tipo basso, specie sulle Prealpi, mentre in quota le schiarite potrebbero essere pi\u00f9 ampie. Al pomeriggio possibile copertura per nubi alte.<\/p>\n<p>&nbsp;<\/p>\n<p>&nbsp;<\/p>\n<blockquote class=\"wp-embedded-content\" data-secret=\"uPQnBRkrI0\"><p><a href=\"https:\/\/www.radiopiu.net\/wordpress\/20-cm-di-neve-fresca-a-col-dei-baldi-il-bollettino-neve-al-suolo\/\">20 CM DI NEVE FRESCA A COL DEI BALDI. IL BOLLETTINO NEVE AL SUOLO<\/a><\/p><\/blockquote>\n<p><iframe loading=\"lazy\" class=\"wp-embedded-content\" sandbox=\"allow-scripts\" security=\"restricted\" style=\"position: absolute; clip: rect(1px, 1px, 1px, 1px);\" title=\"&#8220;20 CM DI NEVE FRESCA A COL DEI BALDI. IL BOLLETTINO NEVE AL SUOLO&#8221; &#8212; Radio Pi\u00f9\" src=\"https:\/\/www.radiopiu.net\/wordpress\/20-cm-di-neve-fresca-a-col-dei-baldi-il-bollettino-neve-al-suolo\/embed\/#?secret=riuoGXDMKn#?secret=uPQnBRkrI0\" data-secret=\"uPQnBRkrI0\" width=\"600\" height=\"338\" frameborder=\"0\" marginwidth=\"0\" marginheight=\"0\" scrolling=\"no\"><\/iframe><\/p>\n<p>&nbsp;<\/p>\n<hr \/>\n<p>&nbsp;<\/p>\n<p><img loading=\"lazy\" decoding=\"async\" class=\"wp-image-60761 size-full aligncenter\" src=\"https:\/\/www.radiopiu.net\/wordpress\/wp-content\/uploads\/2018\/09\/sport.jpg\" alt=\"\" width=\"800\" height=\"100\" srcset=\"https:\/\/www.radiopiu.net\/wordpress\/wp-content\/uploads\/2018\/09\/sport.jpg 800w, https:\/\/www.radiopiu.net\/wordpress\/wp-content\/uploads\/2018\/09\/sport-300x38.jpg 300w, https:\/\/www.radiopiu.net\/wordpress\/wp-content\/uploads\/2018\/09\/sport-768x96.jpg 768w\" sizes=\"auto, (max-width: 800px) 100vw, 800px\" \/><\/p>\n<p>&nbsp;<\/p>\n<h3><span style=\"color: #0000ff;\">SNOWBOARD<\/span><\/h3>\n<h3><a class=\"dt-pswp-item\" href=\"https:\/\/www.radiopiu.net\/wordpress\/wp-content\/uploads\/2024\/02\/lucia-dalmasso.jpg\" data-dt-img-description=\"\" data-large_image_width=\"1439\" data-large_image_height=\"1056\"><img loading=\"lazy\" decoding=\"async\" class=\"wp-image-373755 alignleft\" src=\"https:\/\/www.radiopiu.net\/wordpress\/wp-content\/uploads\/2024\/02\/lucia-dalmasso-300x220.jpg\" alt=\"\" width=\"138\" height=\"101\" srcset=\"https:\/\/www.radiopiu.net\/wordpress\/wp-content\/uploads\/2024\/02\/lucia-dalmasso-300x220.jpg 300w, https:\/\/www.radiopiu.net\/wordpress\/wp-content\/uploads\/2024\/02\/lucia-dalmasso-1024x751.jpg 1024w, https:\/\/www.radiopiu.net\/wordpress\/wp-content\/uploads\/2024\/02\/lucia-dalmasso-768x564.jpg 768w, https:\/\/www.radiopiu.net\/wordpress\/wp-content\/uploads\/2024\/02\/lucia-dalmasso.jpg 1439w\" sizes=\"auto, (max-width: 138px) 100vw, 138px\" \/><\/a><span style=\"color: #ff0000;\">LUCIA DAL MASSO 3^ NELLA &#8220;SPECIALITA'&#8221;, PROSPETTIVE IMPORTANTI IN VISTA DI CORTINA 2026<\/span><\/h3>\n<p><strong>Lucia Dalmasso conclude un&#8217;altra gara di Coppa del Mondo con un altro nono posto, quindi tra le eliminate la migliore delle qualificazioni. Ieri in Polonia ha ottenuto il quinto tempo. Lucia conserva il terzo posto della classifica di specialit\u00e0 (il quarto nella generale).\u00a0<\/strong><strong> In stagione ha ottenuto un quinto, due secondi posti, il primo successo in carriera e il secondo posto nel parallelo a squadre. Ieri settimo posto per l&#8217;altra bellunese Elisa Caffont.<\/strong><\/p>\n<blockquote>\n<h3>PER SOLI 6 CENTESIMI LUCIA DALMASSO NON RAGGIUNGE I QUARTI DI FINALE IN POLONIA<\/h3>\n<\/blockquote>\n<p><strong><a class=\"dt-pswp-item\" href=\"https:\/\/www.radiopiu.net\/wordpress\/wp-content\/uploads\/2024\/01\/dalmasso.jpg\" data-dt-img-description=\"\" data-large_image_width=\"1600\" data-large_image_height=\"1178\"><img loading=\"lazy\" decoding=\"async\" class=\" wp-image-371939 alignleft\" src=\"https:\/\/www.radiopiu.net\/wordpress\/wp-content\/uploads\/2024\/01\/dalmasso-300x221.jpg\" alt=\"\" width=\"159\" height=\"117\" srcset=\"https:\/\/www.radiopiu.net\/wordpress\/wp-content\/uploads\/2024\/01\/dalmasso-300x221.jpg 300w, https:\/\/www.radiopiu.net\/wordpress\/wp-content\/uploads\/2024\/01\/dalmasso-1024x754.jpg 1024w, https:\/\/www.radiopiu.net\/wordpress\/wp-content\/uploads\/2024\/01\/dalmasso-768x565.jpg 768w, https:\/\/www.radiopiu.net\/wordpress\/wp-content\/uploads\/2024\/01\/dalmasso-1536x1131.jpg 1536w, https:\/\/www.radiopiu.net\/wordpress\/wp-content\/uploads\/2024\/01\/dalmasso.jpg 1600w\" sizes=\"auto, (max-width: 159px) 100vw, 159px\" \/><\/a>REDAZIONE<\/strong> Continua la Coppa del Mondo di Snowboard. Dopo la tappa canadese cancellata una settimana, le atlete dello slalom parallelo si sono ritrovate in Polonia a Krynica. In gara anche Lucia Dalmasso. La falcadina, dopo essersi qualificata alla fase finale, non \u00e8 riuscita a superare gli ottavi di finale. Nell&#8217;ottavo si \u00e8 trovata di fronte la connazionale Caffont. Fino a met\u00e0 discesa\u00a0 l&#8217;agordina era davanti con un vantaggio di 38 centesimi. Nella parte finale la Caffont ha avuto una marcia in pi\u00f9 battendo la Dalmasso per soli 6 centesimi.<\/p>\n<p>&nbsp;<\/p>\n<p>&nbsp;<\/p>\n<p><span style=\"color: #0000ff;\"><strong>HOCKEY SU GHIACCIO<\/strong><\/span><\/p>\n<blockquote>\n<h3>L&#8217;APPIANO VINCE CON L&#8217;ALLEGHE, IL FELTRE SCONFITTO A BRESSANONE<\/h3>\n<\/blockquote>\n<p><strong><a class=\"dt-pswp-item\" href=\"https:\/\/www.radiopiu.net\/wordpress\/wp-content\/uploads\/2018\/12\/HOCKEY-BBB.jpg\" data-dt-img-description=\"\" data-large_image_width=\"1920\" data-large_image_height=\"1200\"><img loading=\"lazy\" decoding=\"async\" class=\" wp-image-70532 alignleft\" src=\"https:\/\/www.radiopiu.net\/wordpress\/wp-content\/uploads\/2018\/12\/HOCKEY-BBB-300x188.jpg\" alt=\"\" width=\"188\" height=\"118\" srcset=\"https:\/\/www.radiopiu.net\/wordpress\/wp-content\/uploads\/2018\/12\/HOCKEY-BBB-300x188.jpg 300w, https:\/\/www.radiopiu.net\/wordpress\/wp-content\/uploads\/2018\/12\/HOCKEY-BBB-768x480.jpg 768w, https:\/\/www.radiopiu.net\/wordpress\/wp-content\/uploads\/2018\/12\/HOCKEY-BBB-1024x640.jpg 1024w, https:\/\/www.radiopiu.net\/wordpress\/wp-content\/uploads\/2018\/12\/HOCKEY-BBB.jpg 1920w\" sizes=\"auto, (max-width: 188px) 100vw, 188px\" \/><\/a>di Marco Gaz<\/strong><\/p>\n<p><span style=\"color: #ff0000;\"><strong>MASTER ROUND<\/strong><\/span><\/p>\n<p><strong>APPIANO \u2013 ALLEGHE 4-2<\/strong><\/p>\n<p>PARZIALI: 1-0, 1-0, 2-2<\/p>\n<p>GOL: Pt. 12\u201910\u201d Graf. St. 5\u201935\u201d Chizzali. Tt. 12\u201916\u201d Maekinen, 15\u201902\u201d Makela, 19\u201945\u201d Vallazza, 19\u201955\u201d Piechensteiner<\/p>\n<p>L\u2019Alleghe chiude il master Round con una sconfitta e lo fa contro il prossimo avversario ai quarti di finale: l\u2019Appiano. Una sfida con poche emozioni e giocata principalmente con poco entusiasmo da entrambe le compagini che sapevano gi\u00e0 il loro futuro. Le civette creano delle buone azioni senza trovare dei gol che avrebbero indirizzato la sfida in un altro binario. Gli altoatesini, sornioni, approfittano di qualche disattenzione di troppo per portare a casa il bottino pieno. Sabato 2 marzo al via i quarti di finale con gli uomini di Scapinello che giocheranno gara 1 con l\u2019Appiano al De Toni: ingaggio alle 20:30. Prima parte di gara piacevole con botta e risposta tra le due formazioni che non riescono a bloccare la sfida. L\u2019Appiano si fa pericolo in un paio di occasioni ma il golie agordino non si fa sorprendere. L\u2019imbattibilit\u00e0 del portiere alleghese dura poco per\u00f2 perch\u00e9 Graf scappa in contropiede e trova il pertugio per portare in vantaggio gli altoatesini. Non giocano male gli uomini di Scapinello che fanno vedere delle buone idee ma senza trovare il gol. Ad avere la meglio sono ancora gli altoatesini che trovano il raddoppio con Chizzali che dalla distanza trova la deviazione vincente di un bastone alleghese per battere De Nardin. Alleghe che prova a reagire ma la difesa di casa \u00e8 attenta a non farsi sorprendere. Ad inizio terzo tempo i biancorossi provano subito ad accorciare le distanze ma a metterci una pezza ci pensa il golie altoatesino. Match che si innervosisce con gli arbitri costretti a calmare gli animi infliggendo penalit\u00e0 da entrambi i lati. Maekinen trova la terza rete dell\u2019Appiano e le civette accorciano le distanze con un rovescio di Makela. Finale con Scapinello che gioca la carta dell\u2019uomo in pi\u00f9 trovando il secondo gol Alleghese con Vallazza ma l\u2019Appiano chiude il match con il gol a porta vuota.<\/p>\n<p><span style=\"color: #ff0000;\"><strong>QUALIFICATION ROUND<\/strong><\/span><\/p>\n<p><strong>BRESSANONE \u2013 FELTRE 3-2 dot<\/strong><\/p>\n<p>PARZIALI: 0-1, 0-1, 2-0, 1-0<\/p>\n<p>GOL: Pt. 8\u201915\u201d Eruzione. St. 19\u201935\u201d Nimenko. Tt. 1\u201905\u201d Maunula, 1\u201929\u201d Fauster. Ot. 2\u201906\u201d Fauster<\/p>\n<p>Il qualification round del Feltre si chiude con una sconfitta all\u2019overtime contro il Bressanone. Una sfida che non aveva nulla da chiedere visto che gli altoatesini erano ormai fuori dai giochi e i picchi qualificati ai quarti di finale dove si troveranno di fronte il Varese. Feltrini in vantaggio fino a fine secondo tempo, poi un crollo che ha regalato ai padroni di casa la vittoria. Nonostante la partita si giochi ad armi pari, il Feltre riesce a trovare il vantaggio con Eruzione. I padroni di casa provano a reagire approfittando delle penalit\u00e0 inflitte ai picchi. Feltrini che a fine secondo tempo riescono a trovare il raddoppio grazie a Nimenko. Ultimo drittel con il Bressanone indiavolato che nel giro di pochi secondi pareggia i conti. Si va all\u2019overtime dove i falchi hanno la meglio conquistando il punto aggiuntivo.<\/p>\n<p><strong>CLASSIFICA MASTER ROUND:<\/strong> Varese 33, Pergine 32, Caldaro 29, Alleghe 18, Appiano 17<\/p>\n<p><strong>CLASSIFICA QUALIFICATION ROUND:<\/strong> Fiemme 30, Como 27, Feltre 23, Valpellice 17, Bressanone e Dobbiaco 14<\/p>\n<p><strong>LE PARTITE DEI QUARTI DI FINALE<\/strong>: Varese \u2013 Feltre, Pergine \u2013 Como, Caldaro \u2013 Fiemme, Alleghe \u2013 Appiano<\/p>\n<p>&nbsp;<\/p>\n<blockquote>\n<h3>GIOVANILI ALLEGHE HOCKEY: BENE L&#8217;UNDER 19 E 16. SCONFITTA DELL&#8217;UNDER 14<\/h3>\n<\/blockquote>\n<p><strong><a class=\"dt-pswp-item\" href=\"https:\/\/www.radiopiu.net\/wordpress\/wp-content\/uploads\/2023\/10\/hockey.jpg\" data-dt-img-description=\"\" data-large_image_width=\"1280\" data-large_image_height=\"961\"><img loading=\"lazy\" decoding=\"async\" class=\" wp-image-359038 alignleft\" src=\"https:\/\/www.radiopiu.net\/wordpress\/wp-content\/uploads\/2023\/10\/hockey-300x225.jpg\" alt=\"\" width=\"187\" height=\"140\" srcset=\"https:\/\/www.radiopiu.net\/wordpress\/wp-content\/uploads\/2023\/10\/hockey-300x225.jpg 300w, https:\/\/www.radiopiu.net\/wordpress\/wp-content\/uploads\/2023\/10\/hockey-1024x769.jpg 1024w, https:\/\/www.radiopiu.net\/wordpress\/wp-content\/uploads\/2023\/10\/hockey-768x577.jpg 768w, https:\/\/www.radiopiu.net\/wordpress\/wp-content\/uploads\/2023\/10\/hockey.jpg 1280w\" sizes=\"auto, (max-width: 187px) 100vw, 187px\" \/><\/a>di Marco Gaz<\/strong><\/p>\n<p><span style=\"color: #ff0000;\"><strong>UNDER 19<\/strong><\/span><\/p>\n<p><strong>VALPUSTERIA \u2013 CORTINA\/ALLEGHE 4-5<\/strong><\/p>\n<p>GOL CORTINA\/ALLEGHE: Talamini, 2 Constantini, De Luca, Zandegiacomo<\/p>\n<p>Una vittoria di misura per l\u2019Under 19 del Cortina\/Alleghe che espugna lo stadio di Brunico dopo una partita giocata alla pari con il Val Pusteria. Padroni di casa in vantaggio ma risposta immediata dei bellunesi con Talamini. Nel secondo tempo doppietta di Constantini e pusteresi che accorciano le distanze. Ultimo drittel emozionante con il Cortina\/Alleghe che allunga con De Luca, padroni di casa che rispondono, Zandegiacomo mette la firma al quinto gol degli ospiti e Val Pusteria che nel finale riapre il match ma senza trovare il pareggio.<\/p>\n<p><span style=\"color: #ff0000;\"><strong>UNDER 16<\/strong><\/span><\/p>\n<p><strong>PINEROLO \u2013 CORTINA\/ALLEGHE 1-2<\/strong><\/p>\n<p>GOL CORTINA\/ALLEGHE: Levis, Viel<\/p>\n<p>Dalla lunga trasferta in terra piemontese, il Cortina\/Alleghe under 16 torna a casa con una vittoria di misura. Succede tutto nella terza frazione con i bellunesi che passano in vantaggio con Levis. Poco dopo il raddoppio a firma di Viel. Nel finale il Pinerolo accorcia le distanze ma non riesce a pareggiare i conti.<\/p>\n<p><span style=\"color: #ff0000;\"><strong>UNDER 14 <\/strong><\/span><\/p>\n<p><strong>BOLZANO \u2013 ALLEGHE\/CORTINA 6-0<\/strong><\/p>\n<p>Termina con un punteggio tennistico la sfida tra Bolzano ed Alleghe\/Cortina. Gli altoatesini la spuntano rifilando 6 gol ai bellunesi in una sfida che non \u00e8 mai stata in discussione. Squadra mista che vede allontanarsi sempre di pi\u00f9 la parte alta della classifica del Master Round.<\/p>\n<p>&nbsp;<\/p>\n<p><span style=\"color: #0000ff;\"><strong>CALCIO<\/strong><\/span><\/p>\n<blockquote>\n<h3>L&#8217;AGORDINA PERDE COL TAMBRE, IL PIAVE STRAPPA UN PUNTO ALL&#8217;AURONZO<\/h3>\n<\/blockquote>\n<p><strong><a class=\"dt-pswp-item\" href=\"https:\/\/www.radiopiu.net\/wordpress\/wp-content\/uploads\/2022\/03\/CALCIO-2022.jpg\" data-dt-img-description=\"\" data-large_image_width=\"1920\" data-large_image_height=\"1281\"><img loading=\"lazy\" decoding=\"async\" class=\" wp-image-265514 alignleft\" src=\"https:\/\/www.radiopiu.net\/wordpress\/wp-content\/uploads\/2022\/03\/CALCIO-2022-300x200.jpg\" alt=\"\" width=\"206\" height=\"137\" srcset=\"https:\/\/www.radiopiu.net\/wordpress\/wp-content\/uploads\/2022\/03\/CALCIO-2022-300x200.jpg 300w, https:\/\/www.radiopiu.net\/wordpress\/wp-content\/uploads\/2022\/03\/CALCIO-2022-1024x683.jpg 1024w, https:\/\/www.radiopiu.net\/wordpress\/wp-content\/uploads\/2022\/03\/CALCIO-2022-768x512.jpg 768w, https:\/\/www.radiopiu.net\/wordpress\/wp-content\/uploads\/2022\/03\/CALCIO-2022-1536x1025.jpg 1536w, https:\/\/www.radiopiu.net\/wordpress\/wp-content\/uploads\/2022\/03\/CALCIO-2022.jpg 1920w\" sizes=\"auto, (max-width: 206px) 100vw, 206px\" \/><\/a>di Marco Gaz<\/strong><\/p>\n<p><span style=\"color: #ff0000;\"><strong>TERZA CATEGORIA &#8211; SECONDA GIORNATA GIRONE DI RITORNO<\/strong><\/span><\/p>\n<p><strong>TAMBRE \u2013 AGORDINA 2-0<\/strong><\/p>\n<p>Prima sconfitta del girone di ritorno per l\u2019Agordina di Elvio Chiea. La squadra di Agordo esce con le ossa rotte dalla sfida con Tambre, squadra di bassa classifica. Una partita da dimenticare in fretta per gli agordini che subiscono un gol per tempo oltre che a giocare gran parte della ripresa con l\u2019uomo in meno per l\u2019espulsione di Mezzacasa. Una sconfitta che brucia soprattutto per la classifica visto che la zona playoff dista a 10 punti e recuperare il distacco diventa difficile. Poche emozioni nella prima frazione. Al 22\u2019 bordon si fa parare un colpo di testa e poco dopo lo stesso giocatore sfiora il gol. Tambre che sblocca la partita al 47\u2019 con una punizione da 35 metri che si infila sotto al sette. Nella ripresa i padroni di casa trovano subito il raddoppio. Contropiede, attaccante che scarta il portiere prima di infilare il pallone in rete con un diagonale. Viene espulso Mezzacasa e al 61\u2019 l\u2019Agordina si avvicina al gol ma il pallone viene salvato sulla linea di porta. Poche emozioni nel finale di gara: da segnalare un brutto infortunio per un giocatore del Tambre che \u00e8 stato portato via per un taglio profondo al polpaccio.<\/p>\n<p><strong>PIAVE \u2013 AURONZO 0-0<\/strong><\/p>\n<p><span style=\"color: #008000;\"><em><strong>IL RIASSUNTO DELLA GIORNATA DI ANDREA BALDASSI, PORTAVOCE DEL PIAVE CALCIO<\/strong><\/em><\/span><\/p>\n<audio class=\"wp-audio-shortcode\" id=\"audio-375975-11\" preload=\"none\" style=\"width: 100%;\" controls=\"controls\"><source type=\"audio\/mpeg\" src=\"https:\/\/www.radiopiu.net\/wordpress\/wp-content\/uploads\/2024\/02\/BALDA-TERZA.mp3?_=11\" \/><a href=\"https:\/\/www.radiopiu.net\/wordpress\/wp-content\/uploads\/2024\/02\/BALDA-TERZA.mp3\">https:\/\/www.radiopiu.net\/wordpress\/wp-content\/uploads\/2024\/02\/BALDA-TERZA.mp3<\/a><\/audio>\n<p>&nbsp;<\/p>\n<p><strong>LA CLASSIFICA DELLA TERZA CATEGORIA:<\/strong> Gemelle 35, Fortogna 31, Domegge 30, Auronzo e San Vittore 29, Alpes Cesio 25, Valzoldana 20, Agordina e Piave 19, Dynamo Vellai 16, Cortina 15, Tambre 12, Lamonese 9, Cadore 3<\/p>\n<p>&nbsp;<\/p>\n<p><span style=\"color: #ff0000;\"><strong>GIOVANILI AGORDINA<\/strong><\/span><\/p>\n<p><span style=\"color: #ff6600;\"><strong>JUNIORES<\/strong><\/span><\/p>\n<p><strong>PIAVE \u2013 AGORDINA 0-3<\/strong><\/p>\n<p>L\u2019agordina rifila tre gol al Piave e torna in testa alla classifica. Partita a senso unico con l&#8217;Agordina che la chiude gi\u00e0 nel primo tempo con le marcature di Cadorin, Roni e Casera e pu\u00f2 gestire con tranquillit\u00e0 la seconda met\u00e0 della gara. A cinque giornate dal termine \u00e8 ormai una corsa a tre con le due trevisane Santa Lucia e Barbisano momentaneamente appaiate a -1 dagli agordini<\/p>\n<p><span style=\"color: #ff6600;\"><strong>ALLIEVI <\/strong><\/span><\/p>\n<p><strong>CASTION \u2013 AGORDINA 2-1<\/strong><\/p>\n<p>Prima partita del 2024 e prima sconfitta per gli Allievi dell\u2019Agordina che con il Castion perdono in pieno recupero. Squadra di Agordo che passa in vantaggio con De Col. Castion che pareggia a fine primo tempo. Nella ripresa le squadre lottano e la compagine di casa chiude la sfida con un gol in pieno recupero.<\/p>\n<p><span style=\"color: #ff6600;\"><strong>GIOVANISSIMI<\/strong><\/span><\/p>\n<p><strong>AGORDINA sq. A GIORNATA DI RIPOSO<\/strong><\/p>\n<p><strong>JUVENTINA \u2013 AGORDINA 1-0<\/strong><\/p>\n<p>Il 2024 della seconda squadra giovanissimi dell\u2019Agordina inizia con una sconfitta di misura. In terra feltrina la squadra di Agordo non racimola punti ma esce a testa alta dalla prestazione con la Juventina. Ai padroni di casa basta un gol per fare bottino pieno.<\/p>\n<p>&nbsp;<\/p>\n<p><span style=\"color: #0000ff;\"><strong>PALLAVOLO\u00a0<\/strong><\/span><\/p>\n<blockquote>\n<h3><b><a class=\"dt-pswp-item\" href=\"https:\/\/www.radiopiu.net\/wordpress\/wp-content\/uploads\/2024\/02\/Colussi_e_Bisi_a_confronto.jpg\" data-dt-img-description=\"\" data-large_image_width=\"1280\" data-large_image_height=\"855\"><img loading=\"lazy\" decoding=\"async\" class=\"wp-image-376210 alignleft\" src=\"https:\/\/www.radiopiu.net\/wordpress\/wp-content\/uploads\/2024\/02\/Colussi_e_Bisi_a_confronto-300x200.jpg\" alt=\"\" width=\"218\" height=\"145\" srcset=\"https:\/\/www.radiopiu.net\/wordpress\/wp-content\/uploads\/2024\/02\/Colussi_e_Bisi_a_confronto-300x200.jpg 300w, https:\/\/www.radiopiu.net\/wordpress\/wp-content\/uploads\/2024\/02\/Colussi_e_Bisi_a_confronto-1024x684.jpg 1024w, https:\/\/www.radiopiu.net\/wordpress\/wp-content\/uploads\/2024\/02\/Colussi_e_Bisi_a_confronto-768x513.jpg 768w, https:\/\/www.radiopiu.net\/wordpress\/wp-content\/uploads\/2024\/02\/Colussi_e_Bisi_a_confronto.jpg 1280w\" sizes=\"auto, (max-width: 218px) 100vw, 218px\" \/><\/a>PALLAVOLO BELLUNO: ufficiale la qualificazione ai playoff<\/b><\/h3>\n<\/blockquote>\n<p><b>BELLUNO VOLLEY-MONGE GERBAUDO SAVIGLIANO 3-1<\/b><\/p>\n<p><b>BELLUNO VOLLEY:<\/b> Ferrato 4, Bisi 12, Reyes 9, Bucko 22, Mozzato 12, Stufano 2; Orto (L), Schiro 1, Antonaci 4, Guolla. N.e. I. Martinez, De Col, G. Martinez, Fraccaro (L). Allenatore: G. Colussi.<\/p>\n<p>Il Belluno Volley stacca il biglietto verso i playoff di Serie A3. Traguardo celebrato dai rinoceronti (privi dell&#8217;infortunato Gonzalo Martinez) dopo lo scontro diretto col Monge Gerbaudo Savigliano, superato in quattro set, nonostante la falsa partenza. E distanziato di sei lunghezze in una graduatoria che vede Bucko e compagni ancora al terzo posto. Il nome del polacco non \u00e8 citato a caso. Perch\u00e9 Bartosz \u00e8 l\u2019mvp di serata, con 22 punti, 4 muri e altrettanti servizi vincenti.<span class=\"gmail-Apple-converted-space\">\u00a0<\/span><\/p>\n<p>&nbsp;<\/p>\n<p>&nbsp;<\/p>\n<blockquote>\n<h3>DUE SCONFITTE PER LA PALLAVOLO BELLUNO FEMMINILE<\/h3>\n<\/blockquote>\n<p><strong><a class=\"dt-pswp-item\" href=\"https:\/\/www.radiopiu.net\/wordpress\/wp-content\/uploads\/2024\/02\/Serie_C_sconfitta_in_terra_rodigina.jpg\" data-dt-img-description=\"\" data-large_image_width=\"1280\" data-large_image_height=\"1280\"><img loading=\"lazy\" decoding=\"async\" class=\"wp-image-376139 alignleft\" src=\"https:\/\/www.radiopiu.net\/wordpress\/wp-content\/uploads\/2024\/02\/Serie_C_sconfitta_in_terra_rodigina-300x300.jpg\" alt=\"\" width=\"164\" height=\"164\" srcset=\"https:\/\/www.radiopiu.net\/wordpress\/wp-content\/uploads\/2024\/02\/Serie_C_sconfitta_in_terra_rodigina-300x300.jpg 300w, https:\/\/www.radiopiu.net\/wordpress\/wp-content\/uploads\/2024\/02\/Serie_C_sconfitta_in_terra_rodigina-1024x1024.jpg 1024w, https:\/\/www.radiopiu.net\/wordpress\/wp-content\/uploads\/2024\/02\/Serie_C_sconfitta_in_terra_rodigina-150x150.jpg 150w, https:\/\/www.radiopiu.net\/wordpress\/wp-content\/uploads\/2024\/02\/Serie_C_sconfitta_in_terra_rodigina-768x768.jpg 768w, https:\/\/www.radiopiu.net\/wordpress\/wp-content\/uploads\/2024\/02\/Serie_C_sconfitta_in_terra_rodigina.jpg 1280w\" sizes=\"auto, (max-width: 164px) 100vw, 164px\" \/><\/a><span style=\"color: #ff0000;\">SERIE C<\/span><\/strong><\/p>\n<p><b>SICELL GS VOLPE- SB VOLLEY 3-0 (<\/b><strong>25-22, 26-24, 25-18)<\/strong><\/p>\n<p>La SB Volley subisce una sconfitta contro la Sicell in trasferta a Fiesso Umbertiano. \u00c8 il secondo stop consecutivo per squadra bellunese, che scivola al terzo posto in classifica, superata proprio dalla Sicell.<\/p>\n<p><strong><a class=\"dt-pswp-item\" href=\"https:\/\/www.radiopiu.net\/wordpress\/wp-content\/uploads\/2024\/02\/Serie_D_piegata_dalla_Vurtus_Verona.jpg\" data-dt-img-description=\"\" data-large_image_width=\"1280\" data-large_image_height=\"853\"><img loading=\"lazy\" decoding=\"async\" class=\" wp-image-376140 alignright\" src=\"https:\/\/www.radiopiu.net\/wordpress\/wp-content\/uploads\/2024\/02\/Serie_D_piegata_dalla_Vurtus_Verona-300x200.jpg\" alt=\"\" width=\"203\" height=\"135\" srcset=\"https:\/\/www.radiopiu.net\/wordpress\/wp-content\/uploads\/2024\/02\/Serie_D_piegata_dalla_Vurtus_Verona-300x200.jpg 300w, https:\/\/www.radiopiu.net\/wordpress\/wp-content\/uploads\/2024\/02\/Serie_D_piegata_dalla_Vurtus_Verona-1024x682.jpg 1024w, https:\/\/www.radiopiu.net\/wordpress\/wp-content\/uploads\/2024\/02\/Serie_D_piegata_dalla_Vurtus_Verona-768x512.jpg 768w, https:\/\/www.radiopiu.net\/wordpress\/wp-content\/uploads\/2024\/02\/Serie_D_piegata_dalla_Vurtus_Verona.jpg 1280w\" sizes=\"auto, (max-width: 203px) 100vw, 203px\" \/><\/a><span style=\"color: #ff0000;\">SERIE D<\/span><\/strong><\/p>\n<p><b>SB VOLLEY-VIRTUS VOLLEY VERONA 1-3 (<\/b><strong>25-21, 7-25, 21-25, 9-25)<\/strong><\/p>\n<p>La vera Belluno si vede soltanto nel primo set. Perch\u00e9 negli altri tre parziali, al di l\u00e0 della forza di un avversario di caratura (non a caso, occupa il quarto scalino della graduatoria), va in scena una copia sbiadita della squadra che aveva ben figurato nell\u2019ultimo periodo. E battuto, non pi\u00f9 tardi di sabato scorso, un sestetto di valore come il Rollmac Trissino. A Mur di Cadola la SB Volley cede l\u2019intera posta alle veronesi della Virtus, nonostante un avvio da incorniciare.<\/p>\n<p>&nbsp;<\/p>\n<blockquote>\n<h3>UN FINE SETTIMANA NERO PER IL VOLLEY CLUB AGORDINO<\/h3>\n<\/blockquote>\n<p><strong><a class=\"dt-pswp-item\" href=\"https:\/\/www.radiopiu.net\/wordpress\/wp-content\/uploads\/2023\/01\/VOLLEY-2023.jpg\" data-dt-img-description=\"\" data-large_image_width=\"1920\" data-large_image_height=\"1280\"><img loading=\"lazy\" decoding=\"async\" class=\" wp-image-318320 alignleft\" src=\"https:\/\/www.radiopiu.net\/wordpress\/wp-content\/uploads\/2023\/01\/VOLLEY-2023-300x200.jpg\" alt=\"\" width=\"233\" height=\"155\" srcset=\"https:\/\/www.radiopiu.net\/wordpress\/wp-content\/uploads\/2023\/01\/VOLLEY-2023-300x200.jpg 300w, https:\/\/www.radiopiu.net\/wordpress\/wp-content\/uploads\/2023\/01\/VOLLEY-2023-1024x683.jpg 1024w, https:\/\/www.radiopiu.net\/wordpress\/wp-content\/uploads\/2023\/01\/VOLLEY-2023-768x512.jpg 768w, https:\/\/www.radiopiu.net\/wordpress\/wp-content\/uploads\/2023\/01\/VOLLEY-2023-1536x1024.jpg 1536w, https:\/\/www.radiopiu.net\/wordpress\/wp-content\/uploads\/2023\/01\/VOLLEY-2023.jpg 1920w\" sizes=\"auto, (max-width: 233px) 100vw, 233px\" \/><\/a>di Marco Gaz<\/strong><\/p>\n<p><span style=\"color: #ff0000;\"><strong>PRIMA DIVISIONE<\/strong><\/span><\/p>\n<p><strong>VOLLEY CLUB AGORDINO \u2013 GIORGIONE 1-3 (20-25, 28-26, 18-25, 21-25)<\/strong><\/p>\n<p>Continua il periodo nero del Volley Club Agordino che al PalaRova di Agordo crolla con il Giorgione. La squadra di De Nardin non riesce ad uscire dal periodo di difficolt\u00e0. Gioca bene i primi due set e poi si arrende. Primo parziale a favore delle trevigiane. Agordine che lottano pareggiando i conti nel secondo round. Il Giorgione per\u00f2 chiude la sfida portandosi a casa i due set successivi.<\/p>\n<p><span style=\"color: #ff0000;\"><strong>UNDER 16 \u2013 TERZA DIVISIONE<\/strong><\/span><\/p>\n<p><strong>CASTION \u2013 VOLLEY CLUB AGORDINO 3-0 (25-18, 25-13, 25-15)<\/strong><\/p>\n<p>Partita a senso unico e sconfitta per il Volley Club Agordino. Il Castion chiude la pratica in tre set non lasciando scampo alle agordine che non sono mai entrate in partita. Un divario nettissimo in tutti e tre i parziali rispecchiano la differenza tra le due compagini.<\/p>\n<p>&nbsp;<\/p>\n<p><span style=\"color: #0000ff;\"><strong>SCI ALPINO<\/strong><\/span><\/p>\n<blockquote>\n<h3>LO SCI CLUB VAL BIOIS DOMINA IN VAL DI ZOLDO<\/h3>\n<\/blockquote>\n<p>Lo Sci Club Nevegal ha tenuto uno slalom del Grand Prix Lattebusche per la circoscrizione Belluno Bassa. Nella classifica per societ\u00e0, il primo posto \u00e8 stato conquistato dallo Sci Club Val Biois, seguito dallo Sci Club Limana e dallo Sci Club Arabba al secondo e terzo posto.<\/p>\n<p><strong>LE CLASSIFICHE <a href=\"https:\/\/www.radiopiu.net\/wordpress\/wp-content\/uploads\/2024\/02\/50385_classifica.pdf\">CLICCA QUI<\/a><\/strong><\/p>\n\n\t\t\t<style type='text\/css'>\n\t\t\t\t#gallery-5 {\n\t\t\t\t\tmargin: auto;\n\t\t\t\t}\n\t\t\t\t#gallery-5 .gallery-item {\n\t\t\t\t\tfloat: left;\n\t\t\t\t\tmargin-top: 10px;\n\t\t\t\t\ttext-align: center;\n\t\t\t\t\twidth: 20%;\n\t\t\t\t}\n\t\t\t\t#gallery-5 img {\n\t\t\t\t\tborder: 2px solid #cfcfcf;\n\t\t\t\t}\n\t\t\t\t#gallery-5 .gallery-caption {\n\t\t\t\t\tmargin-left: 0;\n\t\t\t\t}\n\t\t\t\t\/* see gallery_shortcode() in wp-includes\/media.php *\/\n\t\t\t<\/style>\n\t\t<div id='gallery-5' class='dt-gallery-container gallery galleryid-375975 gallery-columns-5 gallery-size-thumbnail'><dl class='gallery-item'>\n\t\t\t\t<dt class='gallery-icon landscape'>\n\t\t\t\t\t<a class=\"rollover rollover-zoom dt-pswp-item\" title=\"IMG-20240225-WA0000\" data-dt-img-description=\"\" data-large_image_width=\"1024\" data-large_image_height=\"660\"href='https:\/\/www.radiopiu.net\/wordpress\/wp-content\/uploads\/2024\/02\/IMG-20240225-WA0000.jpg'><img loading=\"lazy\" decoding=\"async\" width=\"150\" height=\"150\" src=\"https:\/\/www.radiopiu.net\/wordpress\/wp-content\/uploads\/2024\/02\/IMG-20240225-WA0000-150x150.jpg\" class=\"attachment-thumbnail size-thumbnail\" alt=\"\" \/><\/a>\n\t\t\t\t<\/dt><\/dl><dl class='gallery-item'>\n\t\t\t\t<dt class='gallery-icon landscape'>\n\t\t\t\t\t<a class=\"rollover rollover-zoom dt-pswp-item\" title=\"IMG-20240225-WA0002\" data-dt-img-description=\"\" data-large_image_width=\"1024\" data-large_image_height=\"531\"href='https:\/\/www.radiopiu.net\/wordpress\/wp-content\/uploads\/2024\/02\/IMG-20240225-WA0002.jpg'><img loading=\"lazy\" decoding=\"async\" width=\"150\" height=\"150\" src=\"https:\/\/www.radiopiu.net\/wordpress\/wp-content\/uploads\/2024\/02\/IMG-20240225-WA0002-150x150.jpg\" class=\"attachment-thumbnail size-thumbnail\" alt=\"\" \/><\/a>\n\t\t\t\t<\/dt><\/dl><dl class='gallery-item'>\n\t\t\t\t<dt class='gallery-icon landscape'>\n\t\t\t\t\t<a class=\"rollover rollover-zoom dt-pswp-item\" title=\"IMG-20240225-WA0001\" data-dt-img-description=\"\" data-large_image_width=\"1024\" data-large_image_height=\"799\"href='https:\/\/www.radiopiu.net\/wordpress\/wp-content\/uploads\/2024\/02\/IMG-20240225-WA0001.jpg'><img loading=\"lazy\" decoding=\"async\" width=\"150\" height=\"150\" src=\"https:\/\/www.radiopiu.net\/wordpress\/wp-content\/uploads\/2024\/02\/IMG-20240225-WA0001-150x150.jpg\" class=\"attachment-thumbnail size-thumbnail\" alt=\"\" \/><\/a>\n\t\t\t\t<\/dt><\/dl><dl class='gallery-item'>\n\t\t\t\t<dt class='gallery-icon landscape'>\n\t\t\t\t\t<a class=\"rollover rollover-zoom dt-pswp-item\" title=\"IMG-20240225-WA0004\" data-dt-img-description=\"\" data-large_image_width=\"1024\" data-large_image_height=\"820\"href='https:\/\/www.radiopiu.net\/wordpress\/wp-content\/uploads\/2024\/02\/IMG-20240225-WA0004.jpg'><img loading=\"lazy\" decoding=\"async\" width=\"150\" height=\"150\" src=\"https:\/\/www.radiopiu.net\/wordpress\/wp-content\/uploads\/2024\/02\/IMG-20240225-WA0004-150x150.jpg\" class=\"attachment-thumbnail size-thumbnail\" alt=\"\" \/><\/a>\n\t\t\t\t<\/dt><\/dl><dl class='gallery-item'>\n\t\t\t\t<dt class='gallery-icon landscape'>\n\t\t\t\t\t<a class=\"rollover rollover-zoom dt-pswp-item\" title=\"IMG-20240225-WA0003\" data-dt-img-description=\"\" data-large_image_width=\"1024\" data-large_image_height=\"747\"href='https:\/\/www.radiopiu.net\/wordpress\/wp-content\/uploads\/2024\/02\/IMG-20240225-WA0003.jpg'><img loading=\"lazy\" decoding=\"async\" width=\"150\" height=\"150\" src=\"https:\/\/www.radiopiu.net\/wordpress\/wp-content\/uploads\/2024\/02\/IMG-20240225-WA0003-150x150.jpg\" class=\"attachment-thumbnail size-thumbnail\" alt=\"\" \/><\/a>\n\t\t\t\t<\/dt><\/dl><br style=\"clear: both\" \/>\n\t\t\t<\/div>\n\n<p>&nbsp;<\/p>\n<p><span style=\"color: #0000ff;\"><strong>SCI NORDICO<\/strong><\/span><\/p>\n<blockquote>\n<h3>IL FINE SETTIMANA BERGAMASCO DI VANESSA CAGNATI<\/h3>\n<\/blockquote>\n<p><strong><a class=\"dt-pswp-item\" href=\"https:\/\/www.radiopiu.net\/wordpress\/wp-content\/uploads\/2024\/01\/vanessa-cagnati-sappada-17-dic-2023-Copia.jpg\" data-dt-img-description=\"\" data-large_image_width=\"1200\" data-large_image_height=\"800\"><img loading=\"lazy\" decoding=\"async\" class=\" wp-image-369109 alignleft\" src=\"https:\/\/www.radiopiu.net\/wordpress\/wp-content\/uploads\/2024\/01\/vanessa-cagnati-sappada-17-dic-2023-Copia-300x200.jpg\" alt=\"\" width=\"123\" height=\"82\" srcset=\"https:\/\/www.radiopiu.net\/wordpress\/wp-content\/uploads\/2024\/01\/vanessa-cagnati-sappada-17-dic-2023-Copia-300x200.jpg 300w, https:\/\/www.radiopiu.net\/wordpress\/wp-content\/uploads\/2024\/01\/vanessa-cagnati-sappada-17-dic-2023-Copia-1024x683.jpg 1024w, https:\/\/www.radiopiu.net\/wordpress\/wp-content\/uploads\/2024\/01\/vanessa-cagnati-sappada-17-dic-2023-Copia-768x512.jpg 768w, https:\/\/www.radiopiu.net\/wordpress\/wp-content\/uploads\/2024\/01\/vanessa-cagnati-sappada-17-dic-2023-Copia.jpg 1200w\" sizes=\"auto, (max-width: 123px) 100vw, 123px\" \/><\/a>REDAZIONE<\/strong> Si \u00e8 concluso il fine settimana di Vanessa Cagnati in terra bergamasca con la maglia della nazionale. Dopo il 20\u00b0 posto di sabato nell&#8217;individuale, la ragazza di Falcade ha chiuso la staffetta al quinto posto, dietro alle due nazionali tedesche e alle due nazionali francesi. Un bella soddisfazione per Vanessa che conferma lo stato di forma attuale ad un mese esatto dalla partecipazione ai Giochi Olimpici Giovanili in Corea.<\/p>\n<p>&nbsp;<\/p>\n<p>&nbsp;<\/p>\n<blockquote><p><img loading=\"lazy\" decoding=\"async\" class=\" wp-image-376178 alignleft\" src=\"https:\/\/www.radiopiu.net\/wordpress\/wp-content\/uploads\/2024\/02\/429814957_1127345875088942_1152638387298105844_n-300x226.jpg\" alt=\"\" width=\"137\" height=\"103\" srcset=\"https:\/\/www.radiopiu.net\/wordpress\/wp-content\/uploads\/2024\/02\/429814957_1127345875088942_1152638387298105844_n-300x226.jpg 300w, https:\/\/www.radiopiu.net\/wordpress\/wp-content\/uploads\/2024\/02\/429814957_1127345875088942_1152638387298105844_n-1024x771.jpg 1024w, https:\/\/www.radiopiu.net\/wordpress\/wp-content\/uploads\/2024\/02\/429814957_1127345875088942_1152638387298105844_n-768x578.jpg 768w, https:\/\/www.radiopiu.net\/wordpress\/wp-content\/uploads\/2024\/02\/429814957_1127345875088942_1152638387298105844_n.jpg 1275w\" sizes=\"auto, (max-width: 137px) 100vw, 137px\" \/><\/p>\n<h3>IN VALLE DI GARES UNA GRANDE GIORNATA DI FONDO<\/h3>\n<\/blockquote>\n<p><strong>CANALE D&#8217;AGORDO<\/strong> In una\u00a0giornata caratterizzata da intermittenti nevicate, 285 partecipanti si sono sfidati sulla pista &#8220;Franco Manfroi&#8221; di Canale d\u2019Agordo per il Trofeo Macelleria Boito. L&#8217;evento, proposto dal Gs Castionese, \u00e8 valido per il Grand Prix Lattebusche, il Campionato regionale Giovani\/Senior (Trofeo Sportful) e il Campionato regionale Ragazzi\/Allievi nello sci di fondo. Nella 10 km in tecnica classica vittoria per Lorenzo Busin e 2\u00b0 posto per Emanuele Busin.<\/p>\n<p>&nbsp;<\/p>\n<p>&nbsp;<\/p>\n<p><span style=\"color: #0000ff;\"><strong>SCI ALPINISMO<\/strong><\/span><\/p>\n<blockquote>\n<h3>L&#8217;ITALIA SI AGGIUDICA LA PRIMA MEDAGLIA D&#8217;ORO DELLA STAGIONE<\/h3>\n<\/blockquote>\n<p><a class=\"dt-pswp-item\" href=\"https:\/\/www.radiopiu.net\/wordpress\/wp-content\/uploads\/2024\/02\/e05ae5ed-3179-54e1-eebd-db61a8f28da5-scaled.jpeg\" data-dt-img-description=\"\" data-large_image_width=\"2560\" data-large_image_height=\"1707\"><img loading=\"lazy\" decoding=\"async\" class=\" wp-image-376063 alignleft\" src=\"https:\/\/www.radiopiu.net\/wordpress\/wp-content\/uploads\/2024\/02\/e05ae5ed-3179-54e1-eebd-db61a8f28da5-300x200.jpeg\" alt=\"\" width=\"165\" height=\"110\" srcset=\"https:\/\/www.radiopiu.net\/wordpress\/wp-content\/uploads\/2024\/02\/e05ae5ed-3179-54e1-eebd-db61a8f28da5-300x200.jpeg 300w, https:\/\/www.radiopiu.net\/wordpress\/wp-content\/uploads\/2024\/02\/e05ae5ed-3179-54e1-eebd-db61a8f28da5-1024x683.jpeg 1024w, https:\/\/www.radiopiu.net\/wordpress\/wp-content\/uploads\/2024\/02\/e05ae5ed-3179-54e1-eebd-db61a8f28da5-768x512.jpeg 768w, https:\/\/www.radiopiu.net\/wordpress\/wp-content\/uploads\/2024\/02\/e05ae5ed-3179-54e1-eebd-db61a8f28da5-1536x1024.jpeg 1536w, https:\/\/www.radiopiu.net\/wordpress\/wp-content\/uploads\/2024\/02\/e05ae5ed-3179-54e1-eebd-db61a8f28da5-2048x1366.jpeg 2048w\" sizes=\"auto, (max-width: 165px) 100vw, 165px\" \/><\/a>L&#8217;Italia ha trionfato nella gara a staffetta mista alla Coppa del Mondo ISMF di Val Martello, ottenendo la prima medaglia d&#8217;oro della stagione. Alba de Silvestro e Michele Boscacci hanno impressionato con una performance eccezionale, guadagnando il primo posto. Il Team Austria ha conquistato il secondo posto seguiti dal Team France che ha ottenuto la medaglia di bronzo. La gara ha evidenziato la profondit\u00e0 del talento italiano e ha preparato il terreno per una stagione competitiva. La Coppa del Mondo ISMF continua con la gara sprint, promettendo ulteriori momenti emozionanti nello sci-alpinismo.<\/p>\n<p>&nbsp;<\/p>\n<p>&nbsp;<\/p>\n<p><span style=\"color: #0000ff;\"><strong>CORSA CAMPESTRE<\/strong><\/span><\/p>\n<blockquote>\n<h3><a class=\"dt-pswp-item\" href=\"https:\/\/www.radiopiu.net\/wordpress\/wp-content\/uploads\/2024\/02\/Da-Via_Francesco_2023.jpg\" data-dt-img-description=\"\" data-large_image_width=\"1194\" data-large_image_height=\"1407\"><img loading=\"lazy\" decoding=\"async\" class=\" wp-image-376169 alignleft\" src=\"https:\/\/www.radiopiu.net\/wordpress\/wp-content\/uploads\/2024\/02\/Da-Via_Francesco_2023-255x300.jpg\" alt=\"\" width=\"127\" height=\"149\" srcset=\"https:\/\/www.radiopiu.net\/wordpress\/wp-content\/uploads\/2024\/02\/Da-Via_Francesco_2023-255x300.jpg 255w, https:\/\/www.radiopiu.net\/wordpress\/wp-content\/uploads\/2024\/02\/Da-Via_Francesco_2023-869x1024.jpg 869w, https:\/\/www.radiopiu.net\/wordpress\/wp-content\/uploads\/2024\/02\/Da-Via_Francesco_2023-768x905.jpg 768w, https:\/\/www.radiopiu.net\/wordpress\/wp-content\/uploads\/2024\/02\/Da-Via_Francesco_2023.jpg 1194w\" sizes=\"auto, (max-width: 127px) 100vw, 127px\" \/><\/a>DA VIA&#8217; DA RECORD SUI 10 KM<\/h3>\n<\/blockquote>\n<p>Francesco Da Vi\u00e0 ha segnato un record personale correndo i 10 km su strada a Misano, con un tempo di 29&#8217;51&#8221;. Al 12\u00b0 Gran Premio Citt\u00e0 di Misano, ha conquistato il terzo posto dietro a Ahmed Ouhda (29&#8217;15&#8221;) e Giuseppe Gerratana (29&#8217;31&#8221;). Il percorso omologato dalla Fidal ha contribuito al miglioramento di 13&#8243; rispetto al suo precedente record. Da Vi\u00e0 si prepara ora per i campionati italiani di cross a Cassino. Nel contesto della corsa campestre, il Gs La Piave 2000 ha ottenuto buoni risultati con Nina Cima (terza tra le ragazze) e Mario Burigo (sesto tra i cadetti) a Grumolo delle Abbadesse. Entrambi concentrano ora gli sforzi sui Tricolori di Cassino.<\/p>\n<p>&nbsp;<\/p>\n<p><strong><span style=\"color: #0000ff;\">NUOTO<\/span><\/strong><\/p>\n<blockquote>\n<h2>&#8220;Successi e Medaglie: Agordini Brillano al Meeting Regionale di Nuoto di Vicenza&#8221;<\/h2>\n<\/blockquote>\n<p><strong>AGORDO<\/strong> Si \u00e8 svolto a Vicenza il meeting regionale di nuoto dedicato ai migliori 20 atleti esordienti B del primo e secondo anno. Il team di Agordino ha partecipato con 5 atleti, ottenendo risultati positivi. Alessandro Buxaj ha conquistato due medaglie (argento e bronzo) nella categoria rana, mentre David Olivier si \u00e8 classificato nono nei 100 dorso e Alex Alchini sesto nei 100 rana. Margot Longaron \u00e8 arrivata decima nei 100 misti tra le ragazze del primo anno, mentre Alice Latti ha raggiunto un ottimo quinto posto nei 100 rana con un tempo di 1.40.2. I risultati sono stati altrettanto positivi nei 50 e 200 rana, posizionandosi sempre tra le prime dieci atlete della regione. L&#8217;esperienza ha permesso ai ragazzi di confrontarsi con i migliori della loro categoria, arricchendo cos\u00ec il loro percorso sportivo con preziose lezioni da cui trarre insegnamento per il futuro.<\/p>\n\n\t\t\t<style type='text\/css'>\n\t\t\t\t#gallery-6 {\n\t\t\t\t\tmargin: auto;\n\t\t\t\t}\n\t\t\t\t#gallery-6 .gallery-item {\n\t\t\t\t\tfloat: left;\n\t\t\t\t\tmargin-top: 10px;\n\t\t\t\t\ttext-align: center;\n\t\t\t\t\twidth: 50%;\n\t\t\t\t}\n\t\t\t\t#gallery-6 img {\n\t\t\t\t\tborder: 2px solid #cfcfcf;\n\t\t\t\t}\n\t\t\t\t#gallery-6 .gallery-caption {\n\t\t\t\t\tmargin-left: 0;\n\t\t\t\t}\n\t\t\t\t\/* see gallery_shortcode() in wp-includes\/media.php *\/\n\t\t\t<\/style>\n\t\t<div id='gallery-6' class='dt-gallery-container gallery galleryid-375975 gallery-columns-2 gallery-size-thumbnail'><dl class='gallery-item'>\n\t\t\t\t<dt class='gallery-icon portrait'>\n\t\t\t\t\t<a class=\"rollover rollover-zoom dt-pswp-item\" title=\"8871e696-fe5e-46c1-81ad-774754a48736\" data-dt-img-description=\"\" data-large_image_width=\"900\" data-large_image_height=\"1600\"href='https:\/\/www.radiopiu.net\/wordpress\/wp-content\/uploads\/2024\/02\/8871e696-fe5e-46c1-81ad-774754a48736.jpg'><img loading=\"lazy\" decoding=\"async\" width=\"150\" height=\"150\" src=\"https:\/\/www.radiopiu.net\/wordpress\/wp-content\/uploads\/2024\/02\/8871e696-fe5e-46c1-81ad-774754a48736-150x150.jpg\" class=\"attachment-thumbnail size-thumbnail\" alt=\"\" \/><\/a>\n\t\t\t\t<\/dt><\/dl><dl class='gallery-item'>\n\t\t\t\t<dt class='gallery-icon portrait'>\n\t\t\t\t\t<a class=\"rollover rollover-zoom dt-pswp-item\" title=\"29b4f089-c230-4915-805a-9c7d355ef66e\" data-dt-img-description=\"\" data-large_image_width=\"902\" data-large_image_height=\"1600\"href='https:\/\/www.radiopiu.net\/wordpress\/wp-content\/uploads\/2024\/02\/29b4f089-c230-4915-805a-9c7d355ef66e.jpg'><img loading=\"lazy\" decoding=\"async\" width=\"150\" height=\"150\" src=\"https:\/\/www.radiopiu.net\/wordpress\/wp-content\/uploads\/2024\/02\/29b4f089-c230-4915-805a-9c7d355ef66e-150x150.jpg\" class=\"attachment-thumbnail size-thumbnail\" alt=\"\" \/><\/a>\n\t\t\t\t<\/dt><\/dl><br style=\"clear: both\" \/><dl class='gallery-item'>\n\t\t\t\t<dt class='gallery-icon portrait'>\n\t\t\t\t\t<a class=\"rollover rollover-zoom dt-pswp-item\" title=\"1c49c848-b250-4833-a1cf-3aeb79aa772a\" data-dt-img-description=\"\" data-large_image_width=\"900\" data-large_image_height=\"1600\"href='https:\/\/www.radiopiu.net\/wordpress\/wp-content\/uploads\/2024\/02\/1c49c848-b250-4833-a1cf-3aeb79aa772a.jpg'><img loading=\"lazy\" decoding=\"async\" width=\"150\" height=\"150\" src=\"https:\/\/www.radiopiu.net\/wordpress\/wp-content\/uploads\/2024\/02\/1c49c848-b250-4833-a1cf-3aeb79aa772a-150x150.jpg\" class=\"attachment-thumbnail size-thumbnail\" alt=\"\" \/><\/a>\n\t\t\t\t<\/dt><\/dl><dl class='gallery-item'>\n\t\t\t\t<dt class='gallery-icon portrait'>\n\t\t\t\t\t<a class=\"rollover rollover-zoom dt-pswp-item\" title=\"5c4bf0f1-8798-455a-a607-8aa02c6ac92c\" data-dt-img-description=\"\" data-large_image_width=\"898\" data-large_image_height=\"1300\"href='https:\/\/www.radiopiu.net\/wordpress\/wp-content\/uploads\/2024\/02\/5c4bf0f1-8798-455a-a607-8aa02c6ac92c.jpg'><img loading=\"lazy\" decoding=\"async\" width=\"150\" height=\"150\" src=\"https:\/\/www.radiopiu.net\/wordpress\/wp-content\/uploads\/2024\/02\/5c4bf0f1-8798-455a-a607-8aa02c6ac92c-150x150.jpg\" class=\"attachment-thumbnail size-thumbnail\" alt=\"\" \/><\/a>\n\t\t\t\t<\/dt><\/dl><br style=\"clear: both\" \/>\n\t\t\t<\/div>\n\n<p>___<\/p>\n","protected":false},"excerpt":{"rendered":"<p>***** &nbsp; &nbsp; 40esimo di RADIOPIU\u2026. LA VOCE DELL\u2019EMOZIONE ISCRIVITI AL NOSTRO CANALE\u00a0\u00a0YOUTUBE PER SEGUIRE IN DIRETTA I PRINCIPALI PROGRAMMI DI RADIO PIU\u2019 E LE FUTURE DIRETTE IN ESTERNA. PER ISCRIVERTI CLICCA QUI\u00a0E PREMI\u00a0 \u201cIscriviti\u201d\u00a0 \u00a0 OGGI ALLA RADIO: ALLE 7 LA RASSEGNA STAMPA LOCALE FLASH, PER CHI COME NOI ALLE SETTE DEL MATTINO VA&hellip;<\/p>\n","protected":false},"author":4,"featured_media":376216,"comment_status":"closed","ping_status":"closed","sticky":false,"template":"","format":"standard","meta":{"_monsterinsights_skip_tracking":false,"_monsterinsights_sitenote_active":false,"_monsterinsights_sitenote_note":"","_monsterinsights_sitenote_category":0,"footnotes":""},"categories":[51,86,49],"tags":[],"class_list":["post-375975","post","type-post","status-publish","format-standard","has-post-thumbnail","hentry","category-evidenza-top","category-gr","category-news-18","category-51","category-86","category-49","description-off"],"img_url":"https:\/\/www.radiopiu.net\/wordpress\/wp-content\/uploads\/2024\/02\/Senza-nome-64.png","_links":{"self":[{"href":"https:\/\/www.radiopiu.net\/wordpress\/wp-json\/wp\/v2\/posts\/375975","targetHints":{"allow":["GET"]}}],"collection":[{"href":"https:\/\/www.radiopiu.net\/wordpress\/wp-json\/wp\/v2\/posts"}],"about":[{"href":"https:\/\/www.radiopiu.net\/wordpress\/wp-json\/wp\/v2\/types\/post"}],"author":[{"embeddable":true,"href":"https:\/\/www.radiopiu.net\/wordpress\/wp-json\/wp\/v2\/users\/4"}],"replies":[{"embeddable":true,"href":"https:\/\/www.radiopiu.net\/wordpress\/wp-json\/wp\/v2\/comments?post=375975"}],"version-history":[{"count":0,"href":"https:\/\/www.radiopiu.net\/wordpress\/wp-json\/wp\/v2\/posts\/375975\/revisions"}],"wp:featuredmedia":[{"embeddable":true,"href":"https:\/\/www.radiopiu.net\/wordpress\/wp-json\/wp\/v2\/media\/376216"}],"wp:attachment":[{"href":"https:\/\/www.radiopiu.net\/wordpress\/wp-json\/wp\/v2\/media?parent=375975"}],"wp:term":[{"taxonomy":"category","embeddable":true,"href":"https:\/\/www.radiopiu.net\/wordpress\/wp-json\/wp\/v2\/categories?post=375975"},{"taxonomy":"post_tag","embeddable":true,"href":"https:\/\/www.radiopiu.net\/wordpress\/wp-json\/wp\/v2\/tags?post=375975"}],"curies":[{"name":"wp","href":"https:\/\/api.w.org\/{rel}","templated":true}]}}