{"id":376134,"date":"2024-02-26T05:39:34","date_gmt":"2024-02-26T04:39:34","guid":{"rendered":"https:\/\/www.radiopiu.net\/wordpress\/?p=376134"},"modified":"2024-02-26T05:48:17","modified_gmt":"2024-02-26T04:48:17","slug":"20-cm-di-neve-fresca-a-col-dei-baldi-il-bollettino-neve-al-suolo","status":"publish","type":"post","link":"https:\/\/www.radiopiu.net\/wordpress\/20-cm-di-neve-fresca-a-col-dei-baldi-il-bollettino-neve-al-suolo\/","title":{"rendered":"20 CM DI NEVE FRESCA A COL DEI BALDI. IL BOLLETTINO NEVE AL SUOLO"},"content":{"rendered":"<p>****<\/p>\n<p>&nbsp;<\/p>\n<p><strong>REDAZIONE<\/strong> E&#8217; stato diramato il nuovo bollettino neve al suolo del Centro valanghe ARPAV di Arabba. Il maggior cumulo di neve fresca delle ultime 24 ore si \u00e8 registrato a Col Dei Baldi ad Alleghe con 20 cm. Ra Vales, Monti Alti di Ornella, Col dei Baldi e Malga Losch sono le localit\u00e0 dove c&#8217;\u00e8 pi\u00f9 neve.<\/p>\n<p><strong>IL BOLLETTINO NEVE AL SUOLO<\/strong><\/p>\n<a href=\"https:\/\/www.radiopiu.net\/wordpress\/wp-content\/uploads\/2024\/02\/2024_02_25_Dolomiti-Neve-al-Suolo.pdf\" class=\"pdfemb-viewer\" style=\"\" data-width=\"max\" data-height=\"max\" data-toolbar=\"top\" data-toolbar-fixed=\"on\">2024_02_25_Dolomiti Neve al Suolo<\/a>\n<p>&nbsp;<\/p>\n<p>&nbsp;<\/p>\n<p>*****<\/p>\n","protected":false},"excerpt":{"rendered":"<p>**** &nbsp; REDAZIONE E&#8217; stato diramato il nuovo bollettino neve al suolo del Centro valanghe ARPAV di Arabba. Il maggior cumulo di neve fresca delle ultime 24 ore si \u00e8 registrato a Col Dei Baldi ad Alleghe con 20 cm. Ra Vales, Monti Alti di Ornella, Col dei Baldi e Malga Losch sono le localit\u00e0&hellip;<\/p>\n","protected":false},"author":4,"featured_media":181963,"comment_status":"closed","ping_status":"closed","sticky":false,"template":"","format":"standard","meta":{"_monsterinsights_skip_tracking":false,"_monsterinsights_sitenote_active":false,"_monsterinsights_sitenote_note":"","_monsterinsights_sitenote_category":0,"footnotes":""},"categories":[51,49],"tags":[],"class_list":["post-376134","post","type-post","status-publish","format-standard","has-post-thumbnail","hentry","category-evidenza-top","category-news-18","category-51","category-49","description-off"],"img_url":"https:\/\/www.radiopiu.net\/wordpress\/wp-content\/uploads\/2020\/12\/NEVE-ALBERI.jpg","_links":{"self":[{"href":"https:\/\/www.radiopiu.net\/wordpress\/wp-json\/wp\/v2\/posts\/376134","targetHints":{"allow":["GET"]}}],"collection":[{"href":"https:\/\/www.radiopiu.net\/wordpress\/wp-json\/wp\/v2\/posts"}],"about":[{"href":"https:\/\/www.radiopiu.net\/wordpress\/wp-json\/wp\/v2\/types\/post"}],"author":[{"embeddable":true,"href":"https:\/\/www.radiopiu.net\/wordpress\/wp-json\/wp\/v2\/users\/4"}],"replies":[{"embeddable":true,"href":"https:\/\/www.radiopiu.net\/wordpress\/wp-json\/wp\/v2\/comments?post=376134"}],"version-history":[{"count":0,"href":"https:\/\/www.radiopiu.net\/wordpress\/wp-json\/wp\/v2\/posts\/376134\/revisions"}],"wp:featuredmedia":[{"embeddable":true,"href":"https:\/\/www.radiopiu.net\/wordpress\/wp-json\/wp\/v2\/media\/181963"}],"wp:attachment":[{"href":"https:\/\/www.radiopiu.net\/wordpress\/wp-json\/wp\/v2\/media?parent=376134"}],"wp:term":[{"taxonomy":"category","embeddable":true,"href":"https:\/\/www.radiopiu.net\/wordpress\/wp-json\/wp\/v2\/categories?post=376134"},{"taxonomy":"post_tag","embeddable":true,"href":"https:\/\/www.radiopiu.net\/wordpress\/wp-json\/wp\/v2\/tags?post=376134"}],"curies":[{"name":"wp","href":"https:\/\/api.w.org\/{rel}","templated":true}]}}