{"id":376147,"date":"2024-02-26T13:30:29","date_gmt":"2024-02-26T12:30:29","guid":{"rendered":"https:\/\/www.radiopiu.net\/wordpress\/?p=376147"},"modified":"2024-03-03T14:12:20","modified_gmt":"2024-03-03T13:12:20","slug":"i-racconti-di-paolo-soppelsa-puntata-216","status":"publish","type":"post","link":"https:\/\/www.radiopiu.net\/wordpress\/i-racconti-di-paolo-soppelsa-puntata-216\/","title":{"rendered":"I RACCONTI DI PAOLO SOPPELSA &#8211; PUNTATA 216"},"content":{"rendered":"<p>*****<\/p>\n<p>&nbsp;<\/p>\n<p><strong>IN VALLE DI SAN LUCANO<\/strong><\/p>\n<p><strong>AUDIO<\/strong><\/p>\n<audio class=\"wp-audio-shortcode\" id=\"audio-376147-1\" preload=\"none\" style=\"width: 100%;\" controls=\"controls\"><source type=\"audio\/mpeg\" src=\"https:\/\/www.radiopiu.net\/wordpress\/wp-content\/uploads\/2024\/02\/PAOLOS-3.mp3?_=1\" \/><a href=\"https:\/\/www.radiopiu.net\/wordpress\/wp-content\/uploads\/2024\/02\/PAOLOS-3.mp3\">https:\/\/www.radiopiu.net\/wordpress\/wp-content\/uploads\/2024\/02\/PAOLOS-3.mp3<\/a><\/audio>\n<p>&nbsp;<\/p>\n<p><a class=\"dt-pswp-item\" href=\"https:\/\/www.radiopiu.net\/wordpress\/wp-content\/uploads\/2024\/02\/d1c63e9c-f87c-454c-adcb-6977986839de.jpg\" data-dt-img-description=\"\" data-large_image_width=\"1080\" data-large_image_height=\"810\"><img loading=\"lazy\" decoding=\"async\" class=\" wp-image-376151 alignleft\" src=\"https:\/\/www.radiopiu.net\/wordpress\/wp-content\/uploads\/2024\/02\/d1c63e9c-f87c-454c-adcb-6977986839de-300x225.jpg\" alt=\"\" width=\"209\" height=\"157\" srcset=\"https:\/\/www.radiopiu.net\/wordpress\/wp-content\/uploads\/2024\/02\/d1c63e9c-f87c-454c-adcb-6977986839de-300x225.jpg 300w, https:\/\/www.radiopiu.net\/wordpress\/wp-content\/uploads\/2024\/02\/d1c63e9c-f87c-454c-adcb-6977986839de-1024x768.jpg 1024w, https:\/\/www.radiopiu.net\/wordpress\/wp-content\/uploads\/2024\/02\/d1c63e9c-f87c-454c-adcb-6977986839de-768x576.jpg 768w, https:\/\/www.radiopiu.net\/wordpress\/wp-content\/uploads\/2024\/02\/d1c63e9c-f87c-454c-adcb-6977986839de.jpg 1080w\" sizes=\"auto, (max-width: 209px) 100vw, 209px\" \/><\/a>&#8220;&#8230;le smisurate pareti s&#8217;alzano dal piano con scatto improvviso, quasi violento. E non basta torcere il collo per vedere dove le sommit\u00e0 si uniscono al cielo. Un mondo di roccia e mughi, di verticalit\u00e0 assoluta e misteriosi borai. Di storie che si perdono nel tempo fra realt\u00e0 e leggenda\u2026\u201d<br \/>\nEro arrivato per la prima volta in valle di San Lucano in un pomeriggio di profondo inverno di tanti anni fa, all&#8217;ora in cui l&#8217;ultimo sole illuminava le sommit\u00e0 delle possenti pareti delle Pale. Avevo guidato piano lungo la strada allora innevata che costeggia il torrente, scorgendo dopo ogni curva un paesaggio per me inedito. A volte mi ero pure fermato a guardare le acque del Tegnas che scorrevano pigre nell\u2019alveo imbiancato, e poi avevo alzato lo sguardo verso l&#8217;Agner che in quel pomeriggio si mostrava severo. Con gli occhi avevo percorso il suo infinito spigolo nord che si slanciava verso il cielo che lentamente stava prendendo i colori del tramonto. C&#8217;era un gran silenzio di neve lungo la valle e a Col di Pr\u00e0 non c&#8217;era nessuna persona in giro. Fumare di qualche camino e lass\u00f9 le levigate e incombenti pareti della terza e della quarta Pala che si facevano ammirare in tutta la loro selvaggia e possente imponenza. In breve arriv\u00f2 una precoce sera a chiudere quello spettacolo di verticalit\u00e0 assoluta e all\u2019accendersi delle stelle ero fuori dalla valle dove era un po\u2019 meno inverno. Quel giorno mi ero portato a casa numerose foto che ritraevano smisurate pareti di roccia e scorci di neve, e soprattutto una voglia di tornare ad ascoltare quei silenzi e ad ammirare quella natura potente. Fu qualche tempo dopo che ritornai nella valle, e stavolta era una mattina di fine settembre con le nuvole che nascondevano le montagne. Dopo circa un&#8217;ora di cammino quelle nubi si dissolsero e si present\u00f2 un cielo puro d&#8217;inizio autunno. Un paio d&#8217;ore pi\u00f9 tardi ero lass\u00f9, nel punto esatto dove, durante la notte fra il due e il tre dicembre del 1908, si stacc\u00f2 la frana che provoc\u00f2 ventotto vittime e che cancell\u00f2 le frazioni di Pr\u00e0 e Lagunaz. Da quella cresta affilata, dove si trova la levigata placca inclinata che testimonia la triste tragedia, osservavo la valle d\u2019Angheraz e lo strapiombo da vertigine che si apriva sotto di me. Immaginavo il fragore provocato dalla roccia che precipitava nell&#8217;oscurit\u00e0 di quella lontana notte d&#8217;inverno, lo sgomento di quella comunit\u00e0 che in pochi attimi aveva perduto affetti e case. Una storia drammatica che, anche se ormai lontana nel tempo, ricorda agli uomini la difficolt\u00e0 di vivere queste terre suggestive e talvolta severe. Era di maggio quando ritornai ancora nella valle, e in quel giorno assolato del mese delle rose la sua natura offriva una gioiosa nuova serenit\u00e0. La cascata di Pont donava un concerto di acque di disgelo e anche l&#8217;Agner, in lontananza, appariva meno austero. Le montagne che sovrastano la valle, ormai prossime al risveglio, di l\u00ec a poco si sarebbero scrollate di dosso la bianca coperta, e la neve, ora tramutata in acqua gelida e scrosciante, avrebbe percorso i ripidi canaloni rilucendo e cantando una gentile musica di primavera. Sono stati giorni intensi, mai banali e scontati, quelli vissuti ai piedi delle alte pareti delle Pale e dell\u2019Agner. Giorni di nebbie e piogge d&#8217;aprile, di primi tenui colori dei boschi d&#8217;inizio autunno e di neve ghiacciata di met\u00e0 inverno vissuti l\u00ec, dove scorre il Tegnas. \u00c8 cos\u00ec, per me, la valle di San Lucano; una magia appartata, quasi nascosta fra le pi\u00f9 alte pareti dolomitiche, un autentico incanto di boschi acque strapiombi e leggende agordine.<\/p>\n<p>&nbsp;<\/p>\n<p>&nbsp;<\/p>\n<p>*******<\/p>\n","protected":false},"excerpt":{"rendered":"<p>***** &nbsp; IN VALLE DI SAN LUCANO AUDIO &nbsp; &#8220;&#8230;le smisurate pareti s&#8217;alzano dal piano con scatto improvviso, quasi violento. E non basta torcere il collo per vedere dove le sommit\u00e0 si uniscono al cielo. Un mondo di roccia e mughi, di verticalit\u00e0 assoluta e misteriosi borai. Di storie che si perdono nel tempo fra&hellip;<\/p>\n","protected":false},"author":4,"featured_media":376151,"comment_status":"closed","ping_status":"closed","sticky":false,"template":"","format":"standard","meta":{"_monsterinsights_skip_tracking":false,"_monsterinsights_sitenote_active":false,"_monsterinsights_sitenote_note":"","_monsterinsights_sitenote_category":0,"footnotes":""},"categories":[49,112],"tags":[],"class_list":["post-376147","post","type-post","status-publish","format-standard","has-post-thumbnail","hentry","category-news-18","category-racconti-soppelsa","category-49","category-112","description-off"],"img_url":"https:\/\/www.radiopiu.net\/wordpress\/wp-content\/uploads\/2024\/02\/d1c63e9c-f87c-454c-adcb-6977986839de.jpg","_links":{"self":[{"href":"https:\/\/www.radiopiu.net\/wordpress\/wp-json\/wp\/v2\/posts\/376147","targetHints":{"allow":["GET"]}}],"collection":[{"href":"https:\/\/www.radiopiu.net\/wordpress\/wp-json\/wp\/v2\/posts"}],"about":[{"href":"https:\/\/www.radiopiu.net\/wordpress\/wp-json\/wp\/v2\/types\/post"}],"author":[{"embeddable":true,"href":"https:\/\/www.radiopiu.net\/wordpress\/wp-json\/wp\/v2\/users\/4"}],"replies":[{"embeddable":true,"href":"https:\/\/www.radiopiu.net\/wordpress\/wp-json\/wp\/v2\/comments?post=376147"}],"version-history":[{"count":0,"href":"https:\/\/www.radiopiu.net\/wordpress\/wp-json\/wp\/v2\/posts\/376147\/revisions"}],"wp:featuredmedia":[{"embeddable":true,"href":"https:\/\/www.radiopiu.net\/wordpress\/wp-json\/wp\/v2\/media\/376151"}],"wp:attachment":[{"href":"https:\/\/www.radiopiu.net\/wordpress\/wp-json\/wp\/v2\/media?parent=376147"}],"wp:term":[{"taxonomy":"category","embeddable":true,"href":"https:\/\/www.radiopiu.net\/wordpress\/wp-json\/wp\/v2\/categories?post=376147"},{"taxonomy":"post_tag","embeddable":true,"href":"https:\/\/www.radiopiu.net\/wordpress\/wp-json\/wp\/v2\/tags?post=376147"}],"curies":[{"name":"wp","href":"https:\/\/api.w.org\/{rel}","templated":true}]}}