{"id":376283,"date":"2024-02-26T23:59:27","date_gmt":"2024-02-26T22:59:27","guid":{"rendered":"https:\/\/www.radiopiu.net\/wordpress\/?p=376283"},"modified":"2024-02-26T10:23:39","modified_gmt":"2024-02-26T09:23:39","slug":"campionato-agordino-di-calcio-13-squadre-iscritte-lagordo-2009-alza-bandiera-bianca","status":"publish","type":"post","link":"https:\/\/www.radiopiu.net\/wordpress\/campionato-agordino-di-calcio-13-squadre-iscritte-lagordo-2009-alza-bandiera-bianca\/","title":{"rendered":"CAMPIONATO AGORDINO DI CALCIO: 13 SQUADRE ISCRITTE. L&#8217;AGORDO 2009 ALZA BANDIERA BIANCA"},"content":{"rendered":"<p>******<\/p>\n<p>&nbsp;<\/p>\n<p><strong><a class=\"dt-pswp-item\" href=\"https:\/\/www.radiopiu.net\/wordpress\/wp-content\/uploads\/2022\/04\/CALCIO.jpg\" data-dt-img-description=\"\" data-large_image_width=\"1920\" data-large_image_height=\"1280\"><img loading=\"lazy\" decoding=\"async\" class=\" wp-image-270520 alignleft\" src=\"https:\/\/www.radiopiu.net\/wordpress\/wp-content\/uploads\/2022\/04\/CALCIO-300x200.jpg\" alt=\"\" width=\"185\" height=\"123\" srcset=\"https:\/\/www.radiopiu.net\/wordpress\/wp-content\/uploads\/2022\/04\/CALCIO-300x200.jpg 300w, https:\/\/www.radiopiu.net\/wordpress\/wp-content\/uploads\/2022\/04\/CALCIO-1024x683.jpg 1024w, https:\/\/www.radiopiu.net\/wordpress\/wp-content\/uploads\/2022\/04\/CALCIO-768x512.jpg 768w, https:\/\/www.radiopiu.net\/wordpress\/wp-content\/uploads\/2022\/04\/CALCIO-1536x1024.jpg 1536w, https:\/\/www.radiopiu.net\/wordpress\/wp-content\/uploads\/2022\/04\/CALCIO.jpg 1920w\" sizes=\"auto, (max-width: 185px) 100vw, 185px\" \/><\/a>di Marco Gaz<\/strong><\/p>\n<p><strong>REDAZIONE<\/strong> Ora \u00e8 ufficiale: le squadre iscritte all&#8217;edizione 2024 del Campionato Agordino di Calcio sono 13, una in pi\u00f9 rispetto allo scorso anno. La new entry \u00e8 il Falcade-Caviola, non ce l&#8217;ha fatta invece ad iscriversi l&#8217;Agordo 2009 che ha dovuto alzare bandiera bianca all&#8217;ultimo minuto. Il torneo di vallata inizier\u00e0 il 2 giugno per terminare il 4 agosto con la finalissima. Saranno due i gironi della stagione regolare: girone A con 7 squadre e B con 6. Anche quest&#8217;anno sar\u00e0 il CSI ad occuparsi della gestione arbitrale. Intanto ci si sta preparando per il primo appuntamento, l&#8217;estrazione dei gironi che avverr\u00e0 gioved\u00ec 28 marzo sotto al tendone della Sagra de Pasca a Taibon.<\/p>\n<p><strong>ANDREA BALDASSI, RESPONSABILE COMITATO CALCIO AGORDINO<\/strong><\/p>\n<audio class=\"wp-audio-shortcode\" id=\"audio-376283-1\" preload=\"none\" style=\"width: 100%;\" controls=\"controls\"><source type=\"audio\/mpeg\" src=\"https:\/\/www.radiopiu.net\/wordpress\/wp-content\/uploads\/2024\/02\/BALDA-CAMP-AGO-1.mp3?_=1\" \/><a href=\"https:\/\/www.radiopiu.net\/wordpress\/wp-content\/uploads\/2024\/02\/BALDA-CAMP-AGO-1.mp3\">https:\/\/www.radiopiu.net\/wordpress\/wp-content\/uploads\/2024\/02\/BALDA-CAMP-AGO-1.mp3<\/a><\/audio>\n<p>&nbsp;<\/p>\n<p>&nbsp;<\/p>\n<p>******<\/p>\n","protected":false},"excerpt":{"rendered":"<p>****** &nbsp; di Marco Gaz REDAZIONE Ora \u00e8 ufficiale: le squadre iscritte all&#8217;edizione 2024 del Campionato Agordino di Calcio sono 13, una in pi\u00f9 rispetto allo scorso anno. La new entry \u00e8 il Falcade-Caviola, non ce l&#8217;ha fatta invece ad iscriversi l&#8217;Agordo 2009 che ha dovuto alzare bandiera bianca all&#8217;ultimo minuto. Il torneo di vallata&hellip;<\/p>\n","protected":false},"author":4,"featured_media":270520,"comment_status":"closed","ping_status":"closed","sticky":false,"template":"","format":"standard","meta":{"_monsterinsights_skip_tracking":false,"_monsterinsights_sitenote_active":false,"_monsterinsights_sitenote_note":"","_monsterinsights_sitenote_category":0,"footnotes":""},"categories":[49],"tags":[],"class_list":["post-376283","post","type-post","status-publish","format-standard","has-post-thumbnail","hentry","category-news-18","category-49","description-off"],"img_url":"https:\/\/www.radiopiu.net\/wordpress\/wp-content\/uploads\/2022\/04\/CALCIO.jpg","_links":{"self":[{"href":"https:\/\/www.radiopiu.net\/wordpress\/wp-json\/wp\/v2\/posts\/376283","targetHints":{"allow":["GET"]}}],"collection":[{"href":"https:\/\/www.radiopiu.net\/wordpress\/wp-json\/wp\/v2\/posts"}],"about":[{"href":"https:\/\/www.radiopiu.net\/wordpress\/wp-json\/wp\/v2\/types\/post"}],"author":[{"embeddable":true,"href":"https:\/\/www.radiopiu.net\/wordpress\/wp-json\/wp\/v2\/users\/4"}],"replies":[{"embeddable":true,"href":"https:\/\/www.radiopiu.net\/wordpress\/wp-json\/wp\/v2\/comments?post=376283"}],"version-history":[{"count":0,"href":"https:\/\/www.radiopiu.net\/wordpress\/wp-json\/wp\/v2\/posts\/376283\/revisions"}],"wp:featuredmedia":[{"embeddable":true,"href":"https:\/\/www.radiopiu.net\/wordpress\/wp-json\/wp\/v2\/media\/270520"}],"wp:attachment":[{"href":"https:\/\/www.radiopiu.net\/wordpress\/wp-json\/wp\/v2\/media?parent=376283"}],"wp:term":[{"taxonomy":"category","embeddable":true,"href":"https:\/\/www.radiopiu.net\/wordpress\/wp-json\/wp\/v2\/categories?post=376283"},{"taxonomy":"post_tag","embeddable":true,"href":"https:\/\/www.radiopiu.net\/wordpress\/wp-json\/wp\/v2\/tags?post=376283"}],"curies":[{"name":"wp","href":"https:\/\/api.w.org\/{rel}","templated":true}]}}