{"id":376374,"date":"2024-02-26T14:56:13","date_gmt":"2024-02-26T13:56:13","guid":{"rendered":"https:\/\/www.radiopiu.net\/wordpress\/?p=376374"},"modified":"2024-02-26T14:56:25","modified_gmt":"2024-02-26T13:56:25","slug":"376374-2","status":"publish","type":"post","link":"https:\/\/www.radiopiu.net\/wordpress\/376374-2\/","title":{"rendered":""},"content":{"rendered":"<p>***<\/p>\n<p><em>\u201cLa pista di bob nasce dove c&#8217;\u00e8 una pista di bob, la pi\u00f9 vecchia al mondo, e la nuova sar\u00e0 pi\u00f9 breve e ipogea di prima, anche dando una sostenibilit\u00e0 visiva a un versante della montagna\u201d<\/em>. Luca Zaia a margine della conferenza stampa del CIO a Venezia il 23 febbraio.<\/p>\n<p><strong><img loading=\"lazy\" decoding=\"async\" class=\"alignleft\" src=\"https:\/\/www.radiopiu.net\/wordpress\/wp-content\/uploads\/2024\/02\/Senza-nome-65.png\" width=\"421\" height=\"203\" \/>CORTINA<\/strong> Il presidente Luca Zaia ha presentato il progetto di una nuova pista di bob, annunciando una maggiore brevit\u00e0 e una struttura ipogea per migliorare l&#8217;aspetto visivo del versante della montagna. Tuttavia, l&#8217;analisi delle associazioni ambientaliste dell&#8217;Alto Bellunese rivela che la struttura non sar\u00e0 interrata come dichiarato e ci sono dubbi sulla reale sostenibilit\u00e0 visiva <em>&#8221; forse oggi il versante \u00e8 inguardabile?&#8221;<\/em>,\u00a0sottolineando che \u00a0la linea di pista e tutti gli edifici che la servono (partenza, arrivo, centrale refrigerazione ecc) sono fuori terra e in alcuni casi sopraelevati. <em>&#8220;Sorge il sospetto che il presidente potrebbe non essere stato ben informato sul progetto, che non \u00e8 stato mostrato ai cittadini. Anche il Ministro Matteo Salvini sembra ignorare i dettagli del costo del progetto&#8221;.<\/em> dicono gli ambientalisti<\/p>\n<blockquote><p>Il Ministro Matteo Salvini a un giornalista delle \u201cIene\u201d che gli dice che la pista coster\u00e0 pi\u00f9 di 118 milioni di euro, risponde <em>\u201c Non so dove tu abbia preso questa cifra che non \u00e8 cos\u00ec,..\u201d.<\/em> E quando il giornalista gli mostra il documento ufficiale con i conti ben in evidenza, educatamente saluta e se ne va.<\/p><\/blockquote>\n<p>::::::::<\/p>\n","protected":false},"excerpt":{"rendered":"<p>*** \u201cLa pista di bob nasce dove c&#8217;\u00e8 una pista di bob, la pi\u00f9 vecchia al mondo, e la nuova sar\u00e0 pi\u00f9 breve e ipogea di prima, anche dando una sostenibilit\u00e0 visiva a un versante della montagna\u201d. Luca Zaia a margine della conferenza stampa del CIO a Venezia il 23 febbraio. CORTINA Il presidente Luca&hellip;<\/p>\n","protected":false},"author":4,"featured_media":376375,"comment_status":"closed","ping_status":"closed","sticky":false,"template":"","format":"standard","meta":{"_monsterinsights_skip_tracking":false,"_monsterinsights_sitenote_active":false,"_monsterinsights_sitenote_note":"","_monsterinsights_sitenote_category":0,"footnotes":""},"categories":[49],"tags":[],"class_list":["post-376374","post","type-post","status-publish","format-standard","has-post-thumbnail","hentry","category-news-18","category-49","description-off"],"img_url":"https:\/\/www.radiopiu.net\/wordpress\/wp-content\/uploads\/2024\/02\/Senza-nome-65.png","_links":{"self":[{"href":"https:\/\/www.radiopiu.net\/wordpress\/wp-json\/wp\/v2\/posts\/376374","targetHints":{"allow":["GET"]}}],"collection":[{"href":"https:\/\/www.radiopiu.net\/wordpress\/wp-json\/wp\/v2\/posts"}],"about":[{"href":"https:\/\/www.radiopiu.net\/wordpress\/wp-json\/wp\/v2\/types\/post"}],"author":[{"embeddable":true,"href":"https:\/\/www.radiopiu.net\/wordpress\/wp-json\/wp\/v2\/users\/4"}],"replies":[{"embeddable":true,"href":"https:\/\/www.radiopiu.net\/wordpress\/wp-json\/wp\/v2\/comments?post=376374"}],"version-history":[{"count":0,"href":"https:\/\/www.radiopiu.net\/wordpress\/wp-json\/wp\/v2\/posts\/376374\/revisions"}],"wp:featuredmedia":[{"embeddable":true,"href":"https:\/\/www.radiopiu.net\/wordpress\/wp-json\/wp\/v2\/media\/376375"}],"wp:attachment":[{"href":"https:\/\/www.radiopiu.net\/wordpress\/wp-json\/wp\/v2\/media?parent=376374"}],"wp:term":[{"taxonomy":"category","embeddable":true,"href":"https:\/\/www.radiopiu.net\/wordpress\/wp-json\/wp\/v2\/categories?post=376374"},{"taxonomy":"post_tag","embeddable":true,"href":"https:\/\/www.radiopiu.net\/wordpress\/wp-json\/wp\/v2\/tags?post=376374"}],"curies":[{"name":"wp","href":"https:\/\/api.w.org\/{rel}","templated":true}]}}