{"id":376457,"date":"2024-02-28T05:48:00","date_gmt":"2024-02-28T04:48:00","guid":{"rendered":"https:\/\/www.radiopiu.net\/wordpress\/?p=376457"},"modified":"2024-02-28T09:31:04","modified_gmt":"2024-02-28T08:31:04","slug":"giornale-radiopiu-28-febbraio-2024-direttore-mirko-mezzacasada-40-anni-25-giugno-1983-25-giugno-2023","status":"publish","type":"post","link":"https:\/\/www.radiopiu.net\/wordpress\/giornale-radiopiu-28-febbraio-2024-direttore-mirko-mezzacasada-40-anni-25-giugno-1983-25-giugno-2023\/","title":{"rendered":"GIORNALE RADIOPIU 28 FEBBRAIO 2024 DIRETTORE MIRKO MEZZACASA\u2026DA 40 ANNI 25 GIUGNO 1983-25 GIUGNO 2023"},"content":{"rendered":"<p>******<\/p>\n<p>&nbsp;<\/p>\n<h1 class=\"entry-title photoswipe-wrapper\">40esimo di RADIOPIU\u2026. LA VOCE DELL\u2019EMOZIONE<\/h1>\n<h2><\/h2>\n<h2><span style=\"color: #ff0000;\">ISCRIVITI AL NOSTRO CANALE\u00a0\u00a0YOUTUBE PER SEGUIRE IN DIRETTA I PRINCIPALI PROGRAMMI DI RADIO PIU\u2019 E LE FUTURE DIRETTE IN ESTERNA. PER ISCRIVERTI <a style=\"color: #ff0000;\" href=\"https:\/\/youtube.com\/@radiopiu1527\">CLICCA QUI\u00a0<\/a>E PREMI\u00a0 \u201cIscriviti\u201d\u00a0 \u00a0<\/span><\/h2>\n<div class=\"x1e56ztr\" data-block=\"true\" data-editor=\"avj4u\" data-offset-key=\"d3i0j-0-0\"><\/div>\n<div data-block=\"true\" data-editor=\"avj4u\" data-offset-key=\"d3i0j-0-0\"><\/div>\n<div data-block=\"true\" data-editor=\"avj4u\" data-offset-key=\"d3i0j-0-0\"><\/div>\n<div class=\"x11i5rnm xat24cr x1mh8g0r x1vvkbs xtlvy1s x126k92a\">\n<div dir=\"auto\">\n<p><a class=\"dt-pswp-item\" href=\"https:\/\/www.radiopiu.net\/wordpress\/wp-content\/uploads\/2023\/10\/34f4cfc6-e863-46e9-9695-8df44be63421.jpg\" data-dt-img-description=\"\" data-large_image_width=\"1200\" data-large_image_height=\"1200\"><img loading=\"lazy\" decoding=\"async\" class=\"wp-image-357393 alignleft\" src=\"https:\/\/www.radiopiu.net\/wordpress\/wp-content\/uploads\/2023\/10\/34f4cfc6-e863-46e9-9695-8df44be63421-300x300.jpg\" alt=\"\" width=\"81\" height=\"81\" srcset=\"https:\/\/www.radiopiu.net\/wordpress\/wp-content\/uploads\/2023\/10\/34f4cfc6-e863-46e9-9695-8df44be63421-300x300.jpg 300w, https:\/\/www.radiopiu.net\/wordpress\/wp-content\/uploads\/2023\/10\/34f4cfc6-e863-46e9-9695-8df44be63421-1024x1024.jpg 1024w, https:\/\/www.radiopiu.net\/wordpress\/wp-content\/uploads\/2023\/10\/34f4cfc6-e863-46e9-9695-8df44be63421-150x150.jpg 150w, https:\/\/www.radiopiu.net\/wordpress\/wp-content\/uploads\/2023\/10\/34f4cfc6-e863-46e9-9695-8df44be63421-768x768.jpg 768w, https:\/\/www.radiopiu.net\/wordpress\/wp-content\/uploads\/2023\/10\/34f4cfc6-e863-46e9-9695-8df44be63421.jpg 1200w\" sizes=\"auto, (max-width: 81px) 100vw, 81px\" \/><\/a>OGGI ALLA RADIO: <strong>ALLE 7<\/strong> LA RASSEGNA STAMPA LOCALE FLASH, PER CHI COME NOI ALLE SETTE DEL MATTINO VA DI FRETTA, TANTE NOTIZIE IN POCHE CHIACCHIERE. <strong>ALLE OTTO<\/strong> L&#8217;APPROFONDIMENTO NELLA STORICA RASSEGNA STAMPA LOCALE.\u00a0 DALLE 6 ALLE 21, OGNI ORA, L&#8217;INFORMAZIONE NAZIONALE, l&#8217;informazione locale,\u00a0 OGNI ORA IN CODA AL GR NAZIONALE, ALLE 14 VIABILITA 15 METEOROLOGIA 19 I TITOLI DAL TG DI ANTENNA 3 A CURA DI TIZIANA BOLOGNANI<\/p>\n<p>&nbsp;<\/p>\n<p><span style=\"color: #ff0000;\">OGGI ALLA RADIO <span style=\"color: #000000;\"><strong>ALLE 7.20-19.00<\/strong>\u00a0 EL BAL DEL FIOR DI GIULIANA DA RONCH <\/span><\/span><span style=\"color: #000000;\">A<\/span><strong>LLE 8. 20<\/strong> PIU&#8217; SIAMO di Marina Don\u00e0 <strong>ALLE 9<\/strong><\/p>\n<div dir=\"auto\"><a class=\"x1i10hfl xjbqb8w x1ejq31n xd10rxx x1sy0etr x17r0tee x972fbf xcfux6l x1qhh985 xm0m39n x9f619 x1ypdohk xt0psk2 xe8uvvx xdj266r x11i5rnm xat24cr x1mh8g0r xexx8yu x4uap5 x18d9i69 xkhd6sd x16tdsg8 x1hl2dhg xggy1nq x1a2a7pz xt0b8zv x1fey0fg xo1l8bm\" tabindex=\"0\" role=\"link\" href=\"https:\/\/www.facebook.com\/groups\/radiopiu\/?__cft__[0]=AZUCvj2hiOWfZ3SMnLi4VjjErCqmTbdbyDKbK_r9Y_AXfBvoro9WfWYJayYZgrI8gaWmMaNprtdTvtTxfhkOKUpSvEg2ILJLXM-QYhRqxYr2f1XvaXQYMUm2--qE9fKY5IHOaPsIFgsYnv4LL8QJ45jFfb2rFOImi91yf5XSO8FgrcpPp4hDl-109rLGYeLjDeQ&amp;__tn__=-UK-R\"><span class=\"xt0psk2\">\u00a0<\/span><\/a><\/div>\n<div dir=\"auto\"><\/div>\n<p><strong><a class=\"dt-pswp-item\" href=\"https:\/\/www.radiopiu.net\/wordpress\/wp-content\/uploads\/2024\/02\/2d44e751-d8a8-461b-8e22-d8e4e853b032.jpg\" data-dt-img-description=\"\" data-large_image_width=\"1600\" data-large_image_height=\"1200\"><img loading=\"lazy\" decoding=\"async\" class=\"wp-image-373307 alignleft\" src=\"https:\/\/www.radiopiu.net\/wordpress\/wp-content\/uploads\/2024\/02\/2d44e751-d8a8-461b-8e22-d8e4e853b032-300x225.jpg\" alt=\"\" width=\"105\" height=\"79\" srcset=\"https:\/\/www.radiopiu.net\/wordpress\/wp-content\/uploads\/2024\/02\/2d44e751-d8a8-461b-8e22-d8e4e853b032-300x225.jpg 300w, https:\/\/www.radiopiu.net\/wordpress\/wp-content\/uploads\/2024\/02\/2d44e751-d8a8-461b-8e22-d8e4e853b032-1024x768.jpg 1024w, https:\/\/www.radiopiu.net\/wordpress\/wp-content\/uploads\/2024\/02\/2d44e751-d8a8-461b-8e22-d8e4e853b032-768x576.jpg 768w, https:\/\/www.radiopiu.net\/wordpress\/wp-content\/uploads\/2024\/02\/2d44e751-d8a8-461b-8e22-d8e4e853b032-1536x1152.jpg 1536w, https:\/\/www.radiopiu.net\/wordpress\/wp-content\/uploads\/2024\/02\/2d44e751-d8a8-461b-8e22-d8e4e853b032.jpg 1600w\" sizes=\"auto, (max-width: 105px) 100vw, 105px\" \/><\/a>EL BAL DEL FIOR, DI GIULIANA DA RONCH, 28 FEBBRAIO 2024<\/strong><\/p>\n<p>&nbsp;<\/p>\n<\/div>\n<div dir=\"auto\">\n<audio class=\"wp-audio-shortcode\" id=\"audio-376457-1\" preload=\"none\" style=\"width: 100%;\" controls=\"controls\"><source type=\"audio\/mpeg\" src=\"https:\/\/www.radiopiu.net\/wordpress\/wp-content\/uploads\/2024\/02\/GME-2.m4a?_=1\" \/><a href=\"https:\/\/www.radiopiu.net\/wordpress\/wp-content\/uploads\/2024\/02\/GME-2.m4a\">https:\/\/www.radiopiu.net\/wordpress\/wp-content\/uploads\/2024\/02\/GME-2.m4a<\/a><\/audio>\n<p>&nbsp;<\/p>\n<p>&nbsp;<\/p>\n<p>&nbsp;<\/p>\n<p>&nbsp;<\/p>\n<hr \/>\n<hr \/>\n<hr \/>\n<hr \/>\n<p>&nbsp;<\/p>\n<p><span style=\"color: #ff0000;\">OGGI ALLA RADIO <span style=\"color: #000000;\"><strong>ALLE 7.20-19.00<\/strong>\u00a0 EL BAL DEL FIOR DI GIULIANA DA RONCH <\/span><\/span><strong><span style=\"color: #000000;\">A<\/span>LLE 8. 20<\/strong> PIU&#8217; SIAMO di Marina Don\u00e0 <strong>ALLE 9<\/strong> LIBER settimanale appuntamento con Liana Cavallet<strong> ALLE 10.10<\/strong> FEMCA CISL, LA VOCE DEI LAVORATORI, OGGI CON ANNA PAOLA D&#8217;AGOSTINI DALLA LUXOTTICA DI SEDICO <strong>ALLE 10.30\u00a0 <\/strong>SE NON LA SMETTI TI MANDO DAL PRESIDE CON LA PROF. MARIA ROSA SALMAZO \u00a0<strong>ALLE 13.20<\/strong>\u00a0 LA VECIA POPA AD AGORDO, DOMANI 10 MARZO, IN STUDIO CON VALENTINA E THOMAS <strong>ALLE 16.30<\/strong> PROLOCO DI AGORDO, DANIELE GALLIGANI SAN PIERO A RISCHIO,\u00a0 DOMANI SERA SI &#8220;CONTA&#8221;<\/p>\n<p>&nbsp;<\/p>\n<hr \/>\n<\/div>\n<\/div>\n<blockquote>\n<blockquote>\n<h1><span style=\"color: #ff0000;\">\u00a0<\/span><\/h1>\n<h1><span style=\"color: #ff0000;\">I podcast informativi del mattino &#8211; audio &#8211;\u00a0<\/span><\/h1>\n<\/blockquote>\n<p><strong><a class=\"dt-pswp-item\" href=\"https:\/\/www.radiopiu.net\/wordpress\/wp-content\/uploads\/2023\/11\/th-10.jpg\" data-dt-img-description=\"\" data-large_image_width=\"320\" data-large_image_height=\"180\"><img loading=\"lazy\" decoding=\"async\" class=\"wp-image-362866 alignleft\" src=\"https:\/\/www.radiopiu.net\/wordpress\/wp-content\/uploads\/2023\/11\/th-10-300x169.jpg\" alt=\"\" width=\"185\" height=\"104\" srcset=\"https:\/\/www.radiopiu.net\/wordpress\/wp-content\/uploads\/2023\/11\/th-10-300x169.jpg 300w, https:\/\/www.radiopiu.net\/wordpress\/wp-content\/uploads\/2023\/11\/th-10.jpg 320w\" sizes=\"auto, (max-width: 185px) 100vw, 185px\" \/><\/a>LA RASSEGNA STAMPA NAZIONALE ALLA RADIO, OGNI GIORNO ALLE 5 E ALLE 6 DEL MATTINO <span style=\"color: #0000ff;\">viene pubblicata alle 6.00 <span style=\"color: #ff0000;\">DIRETTA RADIO\u00a0\u00a0<\/span><\/span><\/strong><\/p>\n<p>&nbsp;<\/p>\n<p><strong>DI SISSY MARTINELLI<\/strong><\/p>\n<p><strong>Sardegna<\/strong>, commenti alla vittoria di Todde, un piano convincente. <strong>Estero<\/strong> reazioni alla proposta di Macron, possibile che la Nato intervenga nella guerra in Ucraina, la Nato risponde: no. femminicidio a Padova, <strong>Sandra<\/strong> assassinata a pugnalate in casa della madre, individuato il furgone del marito inabissato nel canale. <strong>Meteo<\/strong> allarme in Veneto allerta rossa, pericolo valanghe<\/p><\/blockquote>\n<h2>AUDIO dalle 7 del mattino<\/h2>\n<audio class=\"wp-audio-shortcode\" id=\"audio-376457-2\" preload=\"none\" style=\"width: 100%;\" controls=\"controls\"><source type=\"audio\/mpeg\" src=\"https:\/\/www.radiopiu.net\/wordpress\/wp-content\/uploads\/2024\/02\/GIORNALEDELLESEI-27.mp3?_=2\" \/><a href=\"https:\/\/www.radiopiu.net\/wordpress\/wp-content\/uploads\/2024\/02\/GIORNALEDELLESEI-27.mp3\">https:\/\/www.radiopiu.net\/wordpress\/wp-content\/uploads\/2024\/02\/GIORNALEDELLESEI-27.mp3<\/a><\/audio>\n<p>&nbsp;<\/p>\n<p>&nbsp;<\/p>\n<hr \/>\n<p>&nbsp;<\/p>\n<h1 style=\"text-align: center;\"><span style=\"color: #ff0000;\">I podcast informativi del mattino &#8211; audio &#8211;\u00a0<\/span><\/h1>\n<p><strong><a class=\"dt-pswp-item\" href=\"https:\/\/www.radiopiu.net\/wordpress\/wp-content\/uploads\/2023\/12\/images.png\" data-dt-img-description=\"\" data-large_image_width=\"316\" data-large_image_height=\"160\"><img loading=\"lazy\" decoding=\"async\" class=\"wp-image-367008 alignleft\" src=\"https:\/\/www.radiopiu.net\/wordpress\/wp-content\/uploads\/2023\/12\/images-300x152.png\" alt=\"\" width=\"235\" height=\"119\" srcset=\"https:\/\/www.radiopiu.net\/wordpress\/wp-content\/uploads\/2023\/12\/images-300x152.png 300w, https:\/\/www.radiopiu.net\/wordpress\/wp-content\/uploads\/2023\/12\/images.png 316w\" sizes=\"auto, (max-width: 235px) 100vw, 235px\" \/><\/a>OGNI GIORNO ALLE SETTE DEL MATTINO, LA RASSEGNA STAMPA LOCALE FLASH&#8230; PER CHI VA IN FRETTA. I TITOLI DAI GIORNALI E DAL SITO WWW.RADIOPIU.NET <span style=\"color: #0000ff;\">viene pubblicato alle 7.00<\/span> <span style=\"color: #ff0000;\">DIRETTA RADIO\u00a0<\/span><\/strong><\/p>\n<p><em><span style=\"color: #ff0000;\">per chi va in fretta&#8230; tante notizie in pochi minuti. L&#8217;informazione locale alla radio, ogni ora dalle 7 del mattino alle 19 della sera.\u00a0 \u00a0\u00a0<\/span><\/em><\/p>\n<p>di mirko mezzacasa<\/p>\n<p><strong>BORGO VALBELLUNA<\/strong> Incidente e traffico bloccato per oltre un\u2019ora a Cesana. Coinvolte due auto e un mezzo pesante, nessuna persona \u00e8 rimasta ferita<br \/>\n<strong>REDAZIONE<\/strong> Incidente ieri mattina a Visome in direzione Belluno. Una Fiat Punto \u00e8 uscita di strada, contro la recinzione. Sul posto i vigili del fuoco<br \/>\n<strong>FELTRE<\/strong> Una violenta collisione tra tre veicoli ha causato il blocco della Provinciale 12 tra Foen e Villabruna di Feltre, intorno alle 18:45. Pare che una conducente abbia perso il controllo del proprio veicolo, finendo sulla corsia opposta dove si trovavano altre due auto. Nonostante l\u2019impatto violento, non si segnalano feriti gravi tra i passeggeri<br \/>\n<strong>DA IERI IL \u201cFILTRAGGIO\u201d,<\/strong> EVITATI I DISAGI DELLO SCORSO FINE SETTIMANA E DI LUNEDI MALTEMPO: PIANO NEVE A LIVELLO GIALLO<br \/>\n<strong>AURONZO<\/strong> L\u2019ALBERO SULLE FUNI DELLA SEGGIOVIA, IMPIANTO CHIUSO PER 3 GIORNI \u00a0La nevicata nella notte di venerd\u00ec ha provocato la caduta di un albero su un palo della seggiovia quadriposto Taiarezze-Malon, causando danni significativi alla fune portante<\/p>\n<h2>AUDIO dalle 7 del mattino<\/h2>\n<audio class=\"wp-audio-shortcode\" id=\"audio-376457-3\" preload=\"none\" style=\"width: 100%;\" controls=\"controls\"><source type=\"audio\/mpeg\" src=\"https:\/\/www.radiopiu.net\/wordpress\/wp-content\/uploads\/2024\/02\/GF07-23.mp3?_=3\" \/><a href=\"https:\/\/www.radiopiu.net\/wordpress\/wp-content\/uploads\/2024\/02\/GF07-23.mp3\">https:\/\/www.radiopiu.net\/wordpress\/wp-content\/uploads\/2024\/02\/GF07-23.mp3<\/a><\/audio>\n<p>&nbsp;<\/p>\n<p>&nbsp;<\/p>\n<p>&nbsp;<\/p>\n<hr \/>\n<p>&nbsp;<\/p>\n<h1><\/h1>\n<h1 style=\"text-align: center;\"><span style=\"color: #ff0000;\"><a class=\"dt-pswp-item\" href=\"https:\/\/www.radiopiu.net\/wordpress\/wp-content\/uploads\/2022\/01\/026c3f9d-dae9-4040-a3c1-a6530231bcc3.jpg\" data-dt-img-description=\"\" data-large_image_width=\"1152\" data-large_image_height=\"2048\"><img loading=\"lazy\" decoding=\"async\" class=\"wp-image-251839 alignleft\" src=\"https:\/\/www.radiopiu.net\/wordpress\/wp-content\/uploads\/2022\/01\/026c3f9d-dae9-4040-a3c1-a6530231bcc3-169x300.jpg\" alt=\"\" width=\"100\" height=\"177\" srcset=\"https:\/\/www.radiopiu.net\/wordpress\/wp-content\/uploads\/2022\/01\/026c3f9d-dae9-4040-a3c1-a6530231bcc3-169x300.jpg 169w, https:\/\/www.radiopiu.net\/wordpress\/wp-content\/uploads\/2022\/01\/026c3f9d-dae9-4040-a3c1-a6530231bcc3-576x1024.jpg 576w, https:\/\/www.radiopiu.net\/wordpress\/wp-content\/uploads\/2022\/01\/026c3f9d-dae9-4040-a3c1-a6530231bcc3-768x1365.jpg 768w, https:\/\/www.radiopiu.net\/wordpress\/wp-content\/uploads\/2022\/01\/026c3f9d-dae9-4040-a3c1-a6530231bcc3-864x1536.jpg 864w, https:\/\/www.radiopiu.net\/wordpress\/wp-content\/uploads\/2022\/01\/026c3f9d-dae9-4040-a3c1-a6530231bcc3.jpg 1152w\" sizes=\"auto, (max-width: 100px) 100vw, 100px\" \/><\/a>I podcast informativi del mattino &#8211; audio &#8211;\u00a0<\/span><\/h1>\n<blockquote><p><strong>GIORNALE RADIO NAZIONALE, EDIZIONE DELLE SETTE <span style=\"color: #0000ff;\">viene pubblicato alle 7.05 <span style=\"color: #ff0000;\">DIRETTA RADIO\u00a0<\/span><\/span><\/strong><\/p><\/blockquote>\n<p><strong>il giornale radionazionale e&#8217; in onda ogni ora, dalle sette del mattino alle venti della sera\u00a0\u00a0<\/strong><\/p>\n<p>&nbsp;<\/p>\n<h2><\/h2>\n<p><strong>CRONACA<\/strong> Assassinio a Padova, uccisa una donna di 41 anni, irreperibile il marito, ritrovata la vettura nel fiume bacchiglione. <strong>MALTEMPO<\/strong> Oggi allerta rossa in Veneto, interrotta la linea ferroviaria Milano-Vicenza <strong>POLITICA<\/strong> dal centro destra dopo la sconfitta la parola d&#8217;ordine \u00e8 minimizzare, il voto no avr\u00e0 impatti sul governo. <strong>MELONI<\/strong> triste per la sconfitta<\/p>\n<h2>AUDIO dalle sette del mattino, ogni ora alla radio<\/h2>\n<audio class=\"wp-audio-shortcode\" id=\"audio-376457-4\" preload=\"none\" style=\"width: 100%;\" controls=\"controls\"><source type=\"audio\/mpeg\" src=\"https:\/\/www.radiopiu.net\/wordpress\/wp-content\/uploads\/2024\/02\/giornale07-23.mp3?_=4\" \/><a href=\"https:\/\/www.radiopiu.net\/wordpress\/wp-content\/uploads\/2024\/02\/giornale07-23.mp3\">https:\/\/www.radiopiu.net\/wordpress\/wp-content\/uploads\/2024\/02\/giornale07-23.mp3<\/a><\/audio>\n<p>&nbsp;<\/p>\n<h2><\/h2>\n<hr \/>\n<p>&nbsp;<\/p>\n<p>&nbsp;<\/p>\n<h1><span style=\"color: #ff0000;\">I podcast informativi del mattino &#8211; video &#8211;\u00a0<\/span><\/h1>\n<h2><strong><a class=\"dt-pswp-item\" href=\"https:\/\/www.radiopiu.net\/wordpress\/wp-content\/uploads\/2023\/12\/th-10.jpg\" data-dt-img-description=\"\" data-large_image_width=\"245\" data-large_image_height=\"180\"><img loading=\"lazy\" decoding=\"async\" class=\" wp-image-367395 alignleft\" src=\"https:\/\/www.radiopiu.net\/wordpress\/wp-content\/uploads\/2023\/12\/th-10.jpg\" alt=\"\" width=\"166\" height=\"122\" \/><\/a>RASSEGNA STAMPA LOCALE, ORE OTTO 05<\/strong><\/h2>\n<h2><strong> <span style=\"color: #0000ff;\">viene\u00a0 <\/span><\/strong><strong><span style=\"color: #0000ff;\">pubblicata alle 8.05 <span style=\"color: #ff0000;\">DIRETTA RADIO\u00a0\u00a0<\/span><\/span><\/strong><\/h2>\n<p>&nbsp;<\/p>\n<p><strong>DI MIRKO MEZZACASA\u00a0 \u00a0<\/strong><\/p>\n<p><strong>VENEZIA<\/strong> ZAIA E LE ELEZIONI IN SARDEGNA \u201cIL VOLO DELLA POIANA\u201d Punto stampa del Presidente Luca Zaia, ecco le dichiarazioni rilasciate a margine.<br \/>\nAutonomia? Mi far\u00f2 il tatuaggio, anche se non ho nessun tatuaggio<br \/>\n<strong>BELLUNO<\/strong> INSIEME PER BELLUNO ATTACCA PALAZZO ROSSO<br \/>\n<strong>VOLTAGO<\/strong> LA DOLOMITI DERIVAZIONI SRL NON SFRUTTERA\u2019 IL SARZANA, DIECI ANNI DOPO GIUSTIZIA E\u2019 FATTA!<br \/>\nRibaltate le idee, progetti e le decisioni di Regione e Provincia. Vince la montagna con i suoi abitanti (460 firmatari), Comune di Voltago, Associazione Pescatori, Ambientalisti.<br \/>\n<strong>VOLTAGO<\/strong> ALESSANDRO MARINELLI E\u2019 IL NUOVO GESTORE DEL RIFUGIO SCARPA SOTTO L\u2019AGNER<br \/>\n<strong>BELLUNO<\/strong> \u201cLa sfida della polizia provinciale di Belluno nel 2023: controllo del lupo e gestione della fauna selvatica\u201d<br \/>\n<a class=\"dt-pswp-item\" href=\"https:\/\/www.radiopiu.net\/wordpress\/wp-content\/uploads\/2024\/02\/Senza-nome-77.png\" data-dt-img-description=\"\" data-large_image_width=\"273\" data-large_image_height=\"280\"><img loading=\"lazy\" decoding=\"async\" class=\" wp-image-376606 alignleft\" src=\"https:\/\/www.radiopiu.net\/wordpress\/wp-content\/uploads\/2024\/02\/Senza-nome-77.png\" alt=\"\" width=\"173\" height=\"177\" \/><\/a><strong>BELLUNO<\/strong> ENRICO FANT (FOTO) GUIDA LA SPORTIVAMENTE BELLUNO<br \/>\n<strong>FELTRE<\/strong> Le verifiche sono ancora in corso riguardo alla foto di presunti ladri circolante a Feltre, in particolare nella frazione di Foen. I carabinieri della compagnia di Feltre stanno indagando sull\u2019immagine che sta diventando virale sui social media, ma al momento non ci sono certezze sull\u2019identit\u00e0 delle persone ritratte n\u00e9 su eventuali collegamenti con episodi di furto nel paese<\/p>\n<h2><strong>VIDEO\u00a0 \u00a0in diretta dalle 8 del mattino\u00a0\u00a0<\/strong><\/h2>\n<p>&nbsp;<\/p>\n<p>&nbsp;<\/p>\n<p><iframe loading=\"lazy\" title=\"ALLE 8 DEL MATTINO dal 1983 ASCOLTI LA RASSEGNA STAMPA, ALLE 6 DEL MATTINO DAL 2015 LEGGI IL GIORNAL\" width=\"1200\" height=\"675\" src=\"https:\/\/www.youtube.com\/embed\/lTIejfOrUTQ?feature=oembed\" frameborder=\"0\" allow=\"accelerometer; autoplay; clipboard-write; encrypted-media; gyroscope; picture-in-picture; web-share\" allowfullscreen><\/iframe><\/p>\n<p>&nbsp;<\/p>\n<p>&nbsp;<\/p>\n<hr \/>\n<p>&nbsp;<\/p>\n<p>&nbsp;<\/p>\n<div class=\"page-title-head hgroup\">\n<blockquote>\n<h3 class=\"entry-title\">INCIDENTE STRADALE TRA CESANA E LENTIAI<\/h3>\n<\/blockquote>\n<\/div>\n<blockquote><p><em>L&#8217;incidente \u00e8 avvenuto in prossimit\u00e0 del ponte di Busche, viabilit\u00e0\u00a0 deviata in direzione Busche-Lentiai.\u00a0<\/em><\/p><\/blockquote>\n<p>BORGO VALBELLUNA Incidente e traffico bloccato per oltre un&#8217;ora a Cesana. Coinvolte due auto e un mezzo pesante, nessuna persona \u00e8 rimasta ferita. Secondo una prima ricostruzione, una Bmw proveniente da Quero Vas si \u00e8 scontrata frontalmente con una Citroen C3 che viaggiava in senso contrario. Nel tentativo di aggirare i mezzi incidentati, un autotreno (che proveniva sempre da Quero Vas, direzione Busche) ha oltrepassato lo spartitraffico uscendo per\u00f2 con le ruote di destra della motrice nel prato. Sul posto i vigili del fuoco da Feltre e l&#8217;autogr\u00f9 da Belluno,<\/p>\n<p>(foto: Telegram: VPB Viabilit\u00e0 Provincia di Belluno)<\/p>\n\n\t\t\t<style type='text\/css'>\n\t\t\t\t#gallery-1 {\n\t\t\t\t\tmargin: auto;\n\t\t\t\t}\n\t\t\t\t#gallery-1 .gallery-item {\n\t\t\t\t\tfloat: left;\n\t\t\t\t\tmargin-top: 10px;\n\t\t\t\t\ttext-align: center;\n\t\t\t\t\twidth: 50%;\n\t\t\t\t}\n\t\t\t\t#gallery-1 img {\n\t\t\t\t\tborder: 2px solid #cfcfcf;\n\t\t\t\t}\n\t\t\t\t#gallery-1 .gallery-caption {\n\t\t\t\t\tmargin-left: 0;\n\t\t\t\t}\n\t\t\t\t\/* see gallery_shortcode() in wp-includes\/media.php *\/\n\t\t\t<\/style>\n\t\t<div id='gallery-1' class='dt-gallery-container gallery galleryid-376457 gallery-columns-2 gallery-size-thumbnail'><dl class='gallery-item'>\n\t\t\t\t<dt class='gallery-icon landscape'>\n\t\t\t\t\t<a class=\"rollover rollover-zoom dt-pswp-item\" title=\"photo1709031154\" data-dt-img-description=\"\" data-large_image_width=\"1280\" data-large_image_height=\"719\"href='https:\/\/www.radiopiu.net\/wordpress\/wp-content\/uploads\/2024\/02\/photo1709031154.jpeg'><img loading=\"lazy\" decoding=\"async\" width=\"150\" height=\"150\" src=\"https:\/\/www.radiopiu.net\/wordpress\/wp-content\/uploads\/2024\/02\/photo1709031154-150x150.jpeg\" class=\"attachment-thumbnail size-thumbnail\" alt=\"\" \/><\/a>\n\t\t\t\t<\/dt><\/dl><dl class='gallery-item'>\n\t\t\t\t<dt class='gallery-icon portrait'>\n\t\t\t\t\t<a class=\"rollover rollover-zoom dt-pswp-item\" title=\"photo1709031143\" data-dt-img-description=\"\" data-large_image_width=\"960\" data-large_image_height=\"1280\"href='https:\/\/www.radiopiu.net\/wordpress\/wp-content\/uploads\/2024\/02\/photo1709031143.jpeg'><img loading=\"lazy\" decoding=\"async\" width=\"150\" height=\"150\" src=\"https:\/\/www.radiopiu.net\/wordpress\/wp-content\/uploads\/2024\/02\/photo1709031143-150x150.jpeg\" class=\"attachment-thumbnail size-thumbnail\" alt=\"\" \/><\/a>\n\t\t\t\t<\/dt><\/dl><br style=\"clear: both\" \/>\n\t\t\t<\/div>\n\n\n\t\t\t<style type='text\/css'>\n\t\t\t\t#gallery-2 {\n\t\t\t\t\tmargin: auto;\n\t\t\t\t}\n\t\t\t\t#gallery-2 .gallery-item {\n\t\t\t\t\tfloat: left;\n\t\t\t\t\tmargin-top: 10px;\n\t\t\t\t\ttext-align: center;\n\t\t\t\t\twidth: 25%;\n\t\t\t\t}\n\t\t\t\t#gallery-2 img {\n\t\t\t\t\tborder: 2px solid #cfcfcf;\n\t\t\t\t}\n\t\t\t\t#gallery-2 .gallery-caption {\n\t\t\t\t\tmargin-left: 0;\n\t\t\t\t}\n\t\t\t\t\/* see gallery_shortcode() in wp-includes\/media.php *\/\n\t\t\t<\/style>\n\t\t<div id='gallery-2' class='dt-gallery-container gallery galleryid-376457 gallery-columns-4 gallery-size-thumbnail'><dl class='gallery-item'>\n\t\t\t\t<dt class='gallery-icon landscape'>\n\t\t\t\t\t<a class=\"rollover rollover-zoom dt-pswp-item\" title=\"843144d9-69b5-439d-a82d-f2bdbfdf0144\" data-dt-img-description=\"\" data-large_image_width=\"1280\" data-large_image_height=\"960\"href='https:\/\/www.radiopiu.net\/wordpress\/wp-content\/uploads\/2024\/02\/843144d9-69b5-439d-a82d-f2bdbfdf0144.jpg'><img loading=\"lazy\" decoding=\"async\" width=\"150\" height=\"150\" src=\"https:\/\/www.radiopiu.net\/wordpress\/wp-content\/uploads\/2024\/02\/843144d9-69b5-439d-a82d-f2bdbfdf0144-150x150.jpg\" class=\"attachment-thumbnail size-thumbnail\" alt=\"\" \/><\/a>\n\t\t\t\t<\/dt><\/dl><dl class='gallery-item'>\n\t\t\t\t<dt class='gallery-icon landscape'>\n\t\t\t\t\t<a class=\"rollover rollover-zoom dt-pswp-item\" title=\"93b14132-8c32-45ee-8686-74d1e2332f08\" data-dt-img-description=\"\" data-large_image_width=\"1280\" data-large_image_height=\"960\"href='https:\/\/www.radiopiu.net\/wordpress\/wp-content\/uploads\/2024\/02\/93b14132-8c32-45ee-8686-74d1e2332f08.jpg'><img loading=\"lazy\" decoding=\"async\" width=\"150\" height=\"150\" src=\"https:\/\/www.radiopiu.net\/wordpress\/wp-content\/uploads\/2024\/02\/93b14132-8c32-45ee-8686-74d1e2332f08-150x150.jpg\" class=\"attachment-thumbnail size-thumbnail\" alt=\"\" \/><\/a>\n\t\t\t\t<\/dt><\/dl><dl class='gallery-item'>\n\t\t\t\t<dt class='gallery-icon landscape'>\n\t\t\t\t\t<a class=\"rollover rollover-zoom dt-pswp-item\" title=\"268e9a5b-5161-483d-ba73-2dd7748ea199\" data-dt-img-description=\"\" data-large_image_width=\"1280\" data-large_image_height=\"960\"href='https:\/\/www.radiopiu.net\/wordpress\/wp-content\/uploads\/2024\/02\/268e9a5b-5161-483d-ba73-2dd7748ea199.jpg'><img loading=\"lazy\" decoding=\"async\" width=\"150\" height=\"150\" src=\"https:\/\/www.radiopiu.net\/wordpress\/wp-content\/uploads\/2024\/02\/268e9a5b-5161-483d-ba73-2dd7748ea199-150x150.jpg\" class=\"attachment-thumbnail size-thumbnail\" alt=\"\" \/><\/a>\n\t\t\t\t<\/dt><\/dl><dl class='gallery-item'>\n\t\t\t\t<dt class='gallery-icon landscape'>\n\t\t\t\t\t<a class=\"rollover rollover-zoom dt-pswp-item\" title=\"2b538012-f575-4f67-9a36-5af44af0f3d1\" data-dt-img-description=\"\" data-large_image_width=\"1280\" data-large_image_height=\"960\"href='https:\/\/www.radiopiu.net\/wordpress\/wp-content\/uploads\/2024\/02\/2b538012-f575-4f67-9a36-5af44af0f3d1.jpg'><img loading=\"lazy\" decoding=\"async\" width=\"150\" height=\"150\" src=\"https:\/\/www.radiopiu.net\/wordpress\/wp-content\/uploads\/2024\/02\/2b538012-f575-4f67-9a36-5af44af0f3d1-150x150.jpg\" class=\"attachment-thumbnail size-thumbnail\" alt=\"\" \/><\/a>\n\t\t\t\t<\/dt><\/dl><br style=\"clear: both\" \/>\n\t\t\t<\/div>\n\n<div class=\"articlePlainText\"><\/div>\n<div><\/div>\n<hr \/>\n<p>&nbsp;<\/p>\n<blockquote>\n<h4>INCIDENTE A VISOME, AUTO FUORI STRADA<\/h4>\n<\/blockquote>\n<p><strong>REDAZIONE<\/strong> Incidente ieri\u00a0 mattina a Visome in direzione Belluno. Una Fiat Punto \u00e8 uscita di strada, contro la recinzione. Sul posto i vigili del fuoco<\/p>\n\n\t\t\t<style type='text\/css'>\n\t\t\t\t#gallery-3 {\n\t\t\t\t\tmargin: auto;\n\t\t\t\t}\n\t\t\t\t#gallery-3 .gallery-item {\n\t\t\t\t\tfloat: left;\n\t\t\t\t\tmargin-top: 10px;\n\t\t\t\t\ttext-align: center;\n\t\t\t\t\twidth: 33%;\n\t\t\t\t}\n\t\t\t\t#gallery-3 img {\n\t\t\t\t\tborder: 2px solid #cfcfcf;\n\t\t\t\t}\n\t\t\t\t#gallery-3 .gallery-caption {\n\t\t\t\t\tmargin-left: 0;\n\t\t\t\t}\n\t\t\t\t\/* see gallery_shortcode() in wp-includes\/media.php *\/\n\t\t\t<\/style>\n\t\t<div id='gallery-3' class='dt-gallery-container gallery galleryid-376457 gallery-columns-3 gallery-size-thumbnail'><dl class='gallery-item'>\n\t\t\t\t<dt class='gallery-icon landscape'>\n\t\t\t\t\t<a class=\"rollover rollover-zoom dt-pswp-item\" title=\"d522c6f1-525b-45d5-994f-3fc8122ee923\" data-dt-img-description=\"\" data-large_image_width=\"2048\" data-large_image_height=\"1153\"href='https:\/\/www.radiopiu.net\/wordpress\/wp-content\/uploads\/2024\/02\/d522c6f1-525b-45d5-994f-3fc8122ee923.jpeg'><img loading=\"lazy\" decoding=\"async\" width=\"150\" height=\"150\" src=\"https:\/\/www.radiopiu.net\/wordpress\/wp-content\/uploads\/2024\/02\/d522c6f1-525b-45d5-994f-3fc8122ee923-150x150.jpeg\" class=\"attachment-thumbnail size-thumbnail\" alt=\"\" \/><\/a>\n\t\t\t\t<\/dt><\/dl><dl class='gallery-item'>\n\t\t\t\t<dt class='gallery-icon landscape'>\n\t\t\t\t\t<a class=\"rollover rollover-zoom dt-pswp-item\" title=\"50a8339d-a02c-42a6-8a1e-c9ccd0a71e73\" data-dt-img-description=\"\" data-large_image_width=\"2048\" data-large_image_height=\"1153\"href='https:\/\/www.radiopiu.net\/wordpress\/wp-content\/uploads\/2024\/02\/50a8339d-a02c-42a6-8a1e-c9ccd0a71e73.jpeg'><img loading=\"lazy\" decoding=\"async\" width=\"150\" height=\"150\" src=\"https:\/\/www.radiopiu.net\/wordpress\/wp-content\/uploads\/2024\/02\/50a8339d-a02c-42a6-8a1e-c9ccd0a71e73-150x150.jpeg\" class=\"attachment-thumbnail size-thumbnail\" alt=\"\" \/><\/a>\n\t\t\t\t<\/dt><\/dl><dl class='gallery-item'>\n\t\t\t\t<dt class='gallery-icon landscape'>\n\t\t\t\t\t<a class=\"rollover rollover-zoom dt-pswp-item\" title=\"7b09af88-1653-461d-83a0-d040a1e8d460\" data-dt-img-description=\"\" data-large_image_width=\"2048\" data-large_image_height=\"1153\"href='https:\/\/www.radiopiu.net\/wordpress\/wp-content\/uploads\/2024\/02\/7b09af88-1653-461d-83a0-d040a1e8d460.jpeg'><img loading=\"lazy\" decoding=\"async\" width=\"150\" height=\"150\" src=\"https:\/\/www.radiopiu.net\/wordpress\/wp-content\/uploads\/2024\/02\/7b09af88-1653-461d-83a0-d040a1e8d460-150x150.jpeg\" class=\"attachment-thumbnail size-thumbnail\" alt=\"\" \/><\/a>\n\t\t\t\t<\/dt><\/dl><br style=\"clear: both\" \/>\n\t\t\t<\/div>\n\n<p>&nbsp;<\/p>\n<hr \/>\n<p>&nbsp;<\/p>\n<blockquote>\n<h1>COINVOLTE TRE AUTO NELL&#8217;INCIDENTE A VILLABRUNA<\/h1>\n<\/blockquote>\n<div class=\"page-title-head hgroup\">\n<blockquote>\n<h3 class=\"entry-title\"><a class=\"dt-pswp-item\" href=\"https:\/\/www.radiopiu.net\/wordpress\/wp-content\/uploads\/2024\/02\/Senza-nome-81.png\" data-dt-img-description=\"\" data-large_image_width=\"663\" data-large_image_height=\"374\"><img loading=\"lazy\" decoding=\"async\" class=\" wp-image-376610 alignleft\" src=\"https:\/\/www.radiopiu.net\/wordpress\/wp-content\/uploads\/2024\/02\/Senza-nome-81-300x169.png\" alt=\"\" width=\"208\" height=\"117\" srcset=\"https:\/\/www.radiopiu.net\/wordpress\/wp-content\/uploads\/2024\/02\/Senza-nome-81-300x169.png 300w, https:\/\/www.radiopiu.net\/wordpress\/wp-content\/uploads\/2024\/02\/Senza-nome-81.png 663w\" sizes=\"auto, (max-width: 208px) 100vw, 208px\" \/><\/a>INCIDENTE STRADALE TRA CESANA E LENTIAI<\/h3>\n<\/blockquote>\n<\/div>\n<blockquote><p><strong>FELTRE<\/strong> Una violenta collisione tra tre veicoli ha causato il blocco della Provinciale 12 tra Foen e Villabruna di Feltre, intorno alle 18:45. Pare che una conducente abbia perso il controllo del proprio veicolo, finendo sulla corsia opposta dove si trovavano altre due auto. Nonostante l&#8217;impatto violento, non si segnalano feriti gravi tra i passeggeri. Tuttavia, l&#8217;incidente ha avuto gravi conseguenze sulla viabilit\u00e0 tra Feltre e Cesiomaggiore, con lunghe code in entrambe le direzioni.Sul luogo dell&#8217;incidente sono intervenuti i vigili del fuoco, il personale sanitario del 118 e la polizia locale di Feltre, incaricata di raccogliere dati e testimonianze per stabilire le responsabilit\u00e0 dell&#8217;incidente.<\/p>\n<p><strong>DALLA CHAT VIABILITA&#8217; PROVINCIA DI BELLUNO UN ALTRO MEZZO PESANTE FUORI STRADA. VAL DI LANDRO.\u00a0 TRA DOBBIACO E CARBONIN\u00a0\u00a0<\/strong><\/p>\n<p><a class=\"dt-pswp-item\" href=\"https:\/\/www.radiopiu.net\/wordpress\/wp-content\/uploads\/2024\/02\/Sensssssza-nome.png\" data-dt-img-description=\"\" data-large_image_width=\"421\" data-large_image_height=\"247\"><img decoding=\"async\" class=\"aligncenter\" src=\"https:\/\/www.radiopiu.net\/wordpress\/wp-content\/uploads\/2024\/02\/Senza-nome-75.png\" \/><\/a><\/p><\/blockquote>\n<p>&nbsp;<\/p>\n<p>&nbsp;<\/p>\n<hr \/>\n<p>&nbsp;<\/p>\n<p><strong><a class=\"dt-pswp-item\" href=\"https:\/\/www.radiopiu.net\/wordpress\/wp-content\/uploads\/2024\/01\/Senza-nome-34.png\" data-dt-img-description=\"\" data-large_image_width=\"239\" data-large_image_height=\"153\"><img loading=\"lazy\" decoding=\"async\" class=\"wp-image-369478 alignleft\" src=\"https:\/\/www.radiopiu.net\/wordpress\/wp-content\/uploads\/2024\/01\/Senza-nome-34.png\" alt=\"\" width=\"128\" height=\"82\" \/><\/a> <\/strong><\/p>\n<p><strong>\u00a0<\/strong><\/p>\n<p><strong>dal TG BELLUNESE di\u00a0 ANTENNA 3 ogni sera alle 19.30 sul canale 10 del digitale terrestre e alle 19 le anticipazioni alla radio.\u00a0 \u00a0 \u00a0 \u00a0<\/strong><\/p>\n<div class=\"bd_header_single bd_header_single_template_2\">\n<div class=\"bd-container\">\n<div class=\"bd_header_single_holder\">\n<blockquote>\n<h3 class=\"_title post-title entry-title\"><\/h3>\n<h3 class=\"_title post-title entry-title\">BELLUNO | MALTEMPO, NUOVE NEVICATE. FORTISSIMO RISCHIO VALANGHE<\/h3>\n<\/blockquote>\n<\/div>\n<\/div>\n<\/div>\n<div class=\"bd-content-wrap\">\n<div class=\"cfix\">\u00a0Intervistati MATTEO CARRETTO (COMANDANTE PROVINCIALE VIGILI DEL FUOCO BELLUNO), ALEX BARATTIN (CAPO DELEGAZIONE CNSAS DOLOMITI BELLUNESI) (Servizio di <a href=\"https:\/\/antennatre.medianordest.it\/redazione\/Tiziana-Bolognani\/\">Tiziana Bolognani<\/a>)<\/div>\n<\/div>\n<p>&nbsp;<\/p>\n<p><iframe loading=\"lazy\" title=\"MALTEMPO, NUOVE NEVICATE. FORTISSIMO RISCHIO VALANGHE  | 27\/02\/2024\" width=\"1200\" height=\"675\" src=\"https:\/\/www.youtube.com\/embed\/9tz3pfg97SU?feature=oembed\" frameborder=\"0\" allow=\"accelerometer; autoplay; clipboard-write; encrypted-media; gyroscope; picture-in-picture; web-share\" allowfullscreen><\/iframe><\/p>\n<p>&nbsp;<\/p>\n<p>&nbsp;<\/p>\n<hr \/>\n<p>&nbsp;<\/p>\n<p><span style=\"color: #ff0000;\"><strong>\u00a0DOPO IL CAOS DI VENERDI, FINALMENTE IERI E&#8217; SCATTATO IL FILTRAGGIO A VALLE<\/strong><\/span><\/p>\n<blockquote>\n<h1>DILLO A RADIO PIU&#8217;&#8230;QUANDO UNA NEVICATA CREA CAOS SULLE STRADE<\/h1>\n<\/blockquote>\n<p>&nbsp;<\/p>\n<p><strong><a class=\"dt-pswp-item\" href=\"https:\/\/www.radiopiu.net\/wordpress\/wp-content\/uploads\/2024\/02\/429433264_434198435708931_7773772182039914658_n.jpg\" data-dt-img-description=\"\" data-large_image_width=\"2000\" data-large_image_height=\"1125\"><img loading=\"lazy\" decoding=\"async\" class=\" wp-image-375874 alignleft\" src=\"https:\/\/www.radiopiu.net\/wordpress\/wp-content\/uploads\/2024\/02\/429433264_434198435708931_7773772182039914658_n-300x169.jpg\" alt=\"\" width=\"224\" height=\"126\" srcset=\"https:\/\/www.radiopiu.net\/wordpress\/wp-content\/uploads\/2024\/02\/429433264_434198435708931_7773772182039914658_n-300x169.jpg 300w, https:\/\/www.radiopiu.net\/wordpress\/wp-content\/uploads\/2024\/02\/429433264_434198435708931_7773772182039914658_n-1024x576.jpg 1024w, https:\/\/www.radiopiu.net\/wordpress\/wp-content\/uploads\/2024\/02\/429433264_434198435708931_7773772182039914658_n-768x432.jpg 768w, https:\/\/www.radiopiu.net\/wordpress\/wp-content\/uploads\/2024\/02\/429433264_434198435708931_7773772182039914658_n-1536x864.jpg 1536w, https:\/\/www.radiopiu.net\/wordpress\/wp-content\/uploads\/2024\/02\/429433264_434198435708931_7773772182039914658_n.jpg 2000w\" sizes=\"auto, (max-width: 224px) 100vw, 224px\" \/><\/a>Riceviamo e pubblichiamo<\/strong><\/p>\n<p><span class=\"selectable-text copyable-text\">Mi riferisco al caos automobilistico di ieri in localit\u00e0 Mas del Comune di Vallada Agordina. <\/span><span class=\"selectable-text copyable-text\">Strada completamente bloccata in ambo le direzioni da incoscienti automobilisti che montavano le catene. <\/span><span class=\"selectable-text copyable-text\">Non possiamo dire che si trattava di una situazione di emergenza in quanto le nevicate improvvise da noi in montagna sono frequenti. Prima dell\u2019abitato di Cencenighe Agordino, sul lato sinistro della statale, insiste un grande cartello luminoso che invita gli automobilisti a montare le catene. In casi del genere le forze dell\u2019ordine dovrebbero controllare tutti i veicoli che salgono verso la Valle del Biois e controllare che gli stessi siano in regola con pneumatici o catene. <\/span><span class=\"selectable-text copyable-text\">Sarebbe interessante sapere quante contravvenzioni sono state elevate sulla \u201criva\u201d del Mas dove si era verificato un proprio \u201cblocco\u201d della circolazione sia in salita che in discesa. <\/span><span class=\"selectable-text copyable-text\">Credo che in questi casi, e in particolare a quello di ieri, sia mancata quel minimo di organizzazione che ci dovrebbe essere. <\/span><\/p>\n<p><span class=\"selectable-text copyable-text\">Rodolfo Pellegrinon<\/span><\/p>\n<p>&nbsp;<\/p>\n<p>&nbsp;<\/p>\n<hr \/>\n<blockquote>\n<h1><\/h1>\n<h1>VIGILI DEL FUOCO CHIAMATI A MONTARE CATENE<\/h1>\n<\/blockquote>\n<blockquote><p><em>Questo articolo solleva importanti questioni riguardo alla sicurezza stradale e alla preparazione degli automobilisti in situazioni di neve e ghiaccio. \u00c8 evidente che ci sia una mancanza di consapevolezza e preparazione da parte di alcuni automobilisti, che spesso si ritrovano impreparati nel montaggio delle catene. Inoltre, la mancanza di un piano ben preciso e di controlli effettivi contribuisce a rendere la situazione ancora pi\u00f9 critica. \u00c8 giusto che i vigili del fuoco debbano affrontare tali emergenze, ma \u00e8 altrettanto importante sensibilizzare e educare gli automobilisti riguardo alle pratiche di sicurezza stradale in condizioni climatiche avverse con tanto di bollettino meteo che invitano alla prudenza se non a rimanersene a casa se non si \u00e8 in grado di affrontare la montagna.<\/em><\/p>\n<p><strong><img loading=\"lazy\" decoding=\"async\" class=\"alignleft\" src=\"https:\/\/www.radiopiu.net\/wordpress\/wp-content\/uploads\/2024\/02\/Senza-nome-69.png\" width=\"229\" height=\"135\" \/>REDAZIONE<\/strong> Da giorni vigili del fuoco sotto pressione, anche fino a 100 interventi al giorno. Auto ferme a bordo strada, o in mezzo alla carreggiata con automobilisti impreparati anche nel montaggio delle catene, spesso con il foglietto di istruzioni tra le mani o con catene <em>&#8220;moderne&#8221;<\/em> che d&#8217;infilano come calzini e spesso simpatizzano con la neve e il ghiaccio. Eppure ci sono cartelli che invitano a montare le catene a valle, ma se nessuno controlla l&#8217;appuntamento \u00e8 sulla riva del Mas di Vallada, verso Falcade, e lungo i passi dolomitici San Pellegrino in primis, tutti bloccati, inchiodati in attesa dei lampeggianti azzurri dei pompieri. Cos\u00ec anche verso Colle Santa Lucia, Passo Giau (Quando aperto), Pordoi, Campolongo, Staulanza e Fedaia<br \/>\nMa \u00e8 giusto?<br \/>\nE&#8217; corretto che i nostri vigili del fuoco permanenti o volontari debbano correre perch\u00e9 il &#8220;fenomeno&#8221; ha imboccato Passo San Pellegrino con il 4&#215;4, gomme rigorosamente estive <em>&#8220;tanto le un quatro per quatro el va dapertuto&#8221;.\u00a0<\/em>E&#8217; imbarazzante per chi lo vede da fuori, ci chiediamo che faccia fa l&#8217;automobilista quando l&#8217;uomo in rosso lo guarda e sussurra <em>\u00a0&#8220;ma un corso per montare le catene mai?&#8221;<\/em><br \/>\nE&#8217; evidente che un piano ben preciso per evitare tutto questo manca ed anche un preciso listino prezzi perch\u00e9 gli avventurieri meritano di essere toccati sul portafogli <em>&#8220;tanto ghe xe i pompieri che vien a\u00a0 a gratis&#8221; . Mi dicono che in Alto Adige i vigili del fuoco escono con il bollettario e in certi casi non mancano di staccare la fattura anche fino a 500 euro. Benfatto.<\/em><\/p><\/blockquote>\n<p>Certo che senza volontari sarebbe dura per il Comando di Belluno gestire il monte di emergenze. Quindi ribadiamo l&#8217;importanza dei corsi per volontari, necessari, forse anche urgenti se sessanta persone sono in attesa di poter dare il loro contributo.<\/p>\n<blockquote><p>&nbsp;<\/p>\n<p>mirkomezzacasa<\/p>\n<p>&nbsp;<\/p>\n<blockquote><p><span style=\"color: #ff0000;\">SOLO DA IERI IL &#8220;FILTRAGGIO&#8221;, EVITATI I DISAGI DELLO SCORSO FINE SETTIMANA E DI LUNEDI<\/span><\/p>\n<blockquote>\n<h2>MALTEMPO: PIANO NEVE A LIVELLO GIALLO<\/h2>\n<\/blockquote>\n<p><strong>REDAZIONE<\/strong> Continua il maltempo in provincia di Belluno. In diversi comuni della provincia, i Centri Operativi Comunali (COC) sono aperti. Attualmente, non ci sono segnalazioni particolari. Anas e Veneto Strade sono impegnate nello sgombero della neve. Il Piano Neve \u00e8 stato elevato al livello &#8220;giallo&#8221;, includendo il filtraggio dei mezzi sulle principali strade e il divieto di transito per chi non \u00e8 dotato di attrezzature invernali.<\/p><\/blockquote>\n<p>&nbsp;<\/p><\/blockquote>\n<hr \/>\n<p>&nbsp;<\/p>\n<blockquote>\n<blockquote>\n<h3 class=\"entry-title\">NEGLIGENZA ALLA GUIDA: UN EX VOLONTARIO VVF RACCONTA<\/h3>\n<\/blockquote>\n<p><strong>Riceviamo e con piacere pubblichiamo<\/strong><\/p>\n<p>Sono un ex volontario dei vigili del fuoco e nel tempo che sono rimasto in questo meraviglioso corpo, quasi vent\u2019anni, ho visto decisamente molte situazioni dovute alla negligenza assoluta dell&#8217; automobilista, con macchine proprie ma anche macchine a noleggio, senza un equipaggiamento idoneo. Si lavano le mani dicendo che loro vanno dappertutto con gomme estive e magari con le catene della macchina precedente,\u00a0 che non vanno pi\u00f9 bene per quella attual, ma evitano sanzioni ai controlli.\u00a0 Purtroppo il buon senso non esiste pi\u00f9, come non si vede il rischio e pericolo per loro e per le altre persone che si ritrovano inguaiate loro malgrado.\u00a0 Servono\u00a0 pi\u00f9 controlli dalle forze dell&#8217;ordine nei punti ormai noti, ma prima\u00a0 che l&#8217;ignaro automobilista incorra in\u00a0 problematiche e poi per alcuni interventi da esclusiva negligenza sarebbe opportuno pagare e magari una piccola segnalazione sulla patente, spesso si mette in pericolo la vita degli altri&#8230; a proposito di sicurezza.. Ormai le previsioni metereologiche sono\u00a0 precise &#8220;ammoniscono&#8221;,\u00a0 dare la colpa al maltempo \u00e8 solo un scusa, incomprensibile.<\/p>\n<p>&nbsp;<\/p>\n<p>&nbsp;<\/p><\/blockquote>\n<p>&nbsp;<\/p>\n<hr \/>\n<p>&nbsp;<\/p>\n<blockquote>\n<h3>L&#8217;ALBERO SULLE FUNI DELLA SEGGIOVIA, IMPIANTO CHIUSO PER 3 GIORNI<\/h3>\n<\/blockquote>\n<p><strong>AURONZO <\/strong>La nevicata nella notte di venerd\u00ec ha provocato la caduta di un albero su un\u00a0 palo\u00a0 della seggiovia quadriposto Taiarezze-Malon, causando danni significativi alla fune portante. Fortunatamente, l&#8217;incidente \u00e8 stato scoperto durante i controlli mattutini e non ha causato pericoli agli sciatori, ma ha reso necessaria la chiusura degli impianti per tre giorni<\/p>\n<p>&nbsp;<\/p>\n<p>&nbsp;<\/p>\n<hr \/>\n<p>&nbsp;<\/p>\n<blockquote>\n<h2>ZAIA E LE ELEZIONI IN SARDEGNA &#8220;IL VOLO DELLA POIANA&#8221;<\/h2>\n<\/blockquote>\n<div>Punto stampa del Presidente Luca Zaia, ecco le dichiarazioni rilasciate a margine.<\/div>\n<blockquote>\n<div><\/div>\n<div><em>Autonomia? Mi far\u00f2 il tatuaggio, anche se non ho nessun tatuaggio<\/em><\/div>\n<\/blockquote>\n<div><strong><img loading=\"lazy\" decoding=\"async\" class=\"alignleft\" src=\"https:\/\/www.radiopiu.net\/wordpress\/wp-content\/uploads\/2024\/02\/Senza-nome-72-e1709044352144.png\" width=\"209\" height=\"144\" \/>MALTEMPO<\/strong> &#8220;sonni tranquili non si possono fare, sala operativa comunque aperta&#8221;<\/div>\n<div><strong>SCUOLE DEL VENETO<\/strong> &#8220;Un ragazzo di 14 anni salva la vita a una persona pur senza formazione. Chiedo un corso di primo soccorso in tutte le scuole per formare i ragazzi e coloro che formeranno i ragazzi&#8221;<\/div>\n<div><strong>POLITICA VOTO IN SARDEGNA<\/strong> &#8220;Il popolo \u00e8 sovrano, non ho altro da aggiungere e non conosco i candidati&#8221;<\/div>\n<div><strong>RIFLESSI?<\/strong> &#8220;Non ne ho la pi\u00f9 pallida idea. Prima di arrivare al Veneto ci sono molte tornare elettorale, c&#8217;\u00e8 tanto tempo&#8221;.<\/div>\n<div><strong>TERZO MANDATO<\/strong> &#8220;Chiedetelo al Parlamento. Il dibattito \u00e8 aperto da destra a sinistra&#8221;.<\/div>\n<div><strong>RIMPIANGE I TEMPI DELLA LEGA NORD<\/strong> &#8220;Mi piaceva quando c&#8217;era la parola Nord&#8221;.<\/div>\n<div><strong>AUTONOMIA<\/strong> &#8220;Ci credo e sar\u00e0 un vantaggio per tutto il Paese&#8221;.<\/div>\n<div><strong>MALTEMPO 13 ANNI DOPO COSA E&#8217; CAMBIATO<\/strong> &#8220;Il mondo che non c&#8217;era. Oggi c&#8217;\u00e8 maggiore attenzione. Opere idrauliche che da 80 anni non si facevano e ne stiamo facendo ancora&#8221;.<\/div>\n<div><\/div>\n<div>\n<p><iframe loading=\"lazy\" title=\"27 02 2024 ZAIA\" width=\"1200\" height=\"675\" src=\"https:\/\/www.youtube.com\/embed\/fZaItZQelQ4?feature=oembed\" frameborder=\"0\" allow=\"accelerometer; autoplay; clipboard-write; encrypted-media; gyroscope; picture-in-picture; web-share\" allowfullscreen><\/iframe><\/p>\n<\/div>\n<div><\/div>\n<div><\/div>\n<div>\n<hr \/>\n<\/div>\n<div><\/div>\n<div><\/div>\n<div><\/div>\n<div><\/div>\n<blockquote>\n<h3>INSIEME PER BELLUNO ATTACCA PALAZZO ROSSO<\/h3>\n<\/blockquote>\n<div>\n<p><strong><img loading=\"lazy\" decoding=\"async\" class=\"aligncenter\" src=\"https:\/\/www.radiopiu.net\/wordpress\/wp-content\/uploads\/2024\/02\/d488d906-9bbe-452d-a993-805530510100.jpg\" width=\"234\" height=\"176\" \/>BELLUNO<\/strong><\/p>\n<p><strong>DI DANIELE DALVIT<\/strong><\/p>\n<audio class=\"wp-audio-shortcode\" id=\"audio-376457-5\" preload=\"none\" style=\"width: 100%;\" controls=\"controls\"><source type=\"audio\/mpeg\" src=\"https:\/\/www.radiopiu.net\/wordpress\/wp-content\/uploads\/2024\/02\/Radio-Piu-Servizio-IPBBC-consiglio-comunale-1.mp3?_=5\" \/><a href=\"https:\/\/www.radiopiu.net\/wordpress\/wp-content\/uploads\/2024\/02\/Radio-Piu-Servizio-IPBBC-consiglio-comunale-1.mp3\">https:\/\/www.radiopiu.net\/wordpress\/wp-content\/uploads\/2024\/02\/Radio-Piu-Servizio-IPBBC-consiglio-comunale-1.mp3<\/a><\/audio>\n<p>&nbsp;<\/p>\n<p>&nbsp;<\/p>\n<hr \/>\n<p>&nbsp;<\/p>\n<h1><\/h1>\n<h1>LA DOLOMITI DERIVAZIONI SRL NON SFRUTTERA&#8217; IL SARZANA, DIECI ANNI DOPO GIUSTIZIA E&#8217; FATTA!<\/h1>\n<blockquote>\n<h2>Ribaltate le idee, progetti e le decisioni di Regione e Provincia. Vince la montagna con i suoi abitanti (660 firmatari), Comune di Voltago, Associazione Pescatori, Ambientalisti.<\/h2>\n<\/blockquote>\n<p><strong>VOLTAGO<\/strong><\/p>\n<p><strong>DI GIANNI SANTOMASO<\/strong><\/p>\n<audio class=\"wp-audio-shortcode\" id=\"audio-376457-6\" preload=\"none\" style=\"width: 100%;\" controls=\"controls\"><source type=\"audio\/mpeg\" src=\"https:\/\/www.radiopiu.net\/wordpress\/wp-content\/uploads\/2024\/02\/RICORSO-DOLOMITI-VOLTAGO-GIANNI.mp3?_=6\" \/><a href=\"https:\/\/www.radiopiu.net\/wordpress\/wp-content\/uploads\/2024\/02\/RICORSO-DOLOMITI-VOLTAGO-GIANNI.mp3\">https:\/\/www.radiopiu.net\/wordpress\/wp-content\/uploads\/2024\/02\/RICORSO-DOLOMITI-VOLTAGO-GIANNI.mp3<\/a><\/audio>\n<p>&nbsp;<\/p>\n<h1>archivio radiopiu 28 febbraio 2019<\/h1>\n<blockquote>\n<h3>CENTRALINA SUL SARZANA? &#8230; DILLO A VAIA.<\/h3>\n<\/blockquote>\n<h1><a class=\"dt-pswp-item\" href=\"http:\/\/www.radiopiu.net\/wordpress\/wp-content\/uploads\/2019\/02\/2018-06-18-11.04.57.jpg\" data-dt-img-description=\"\" data-large_image_width=\"4608\" data-large_image_height=\"3456\"><img loading=\"lazy\" decoding=\"async\" class=\" wp-image-77732 alignleft\" src=\"http:\/\/www.radiopiu.net\/wordpress\/wp-content\/uploads\/2019\/02\/2018-06-18-11.04.57-300x225.jpg\" alt=\"\" width=\"187\" height=\"140\" \/><\/a><\/h1>\n<h3>COMMISSIONE &#8220;VIA&#8221;<\/h3>\n<h3><\/h3>\n<h3>CENTRALINA SUL SARZANA?<\/h3>\n<h3><em>&#8220;SCORDATEVOLO CI FOSSE STATA 4 MESI FA VAIA L&#8217;AVREBBE RASA AL SUOLO&#8221; . IERI SE N&#8217;E&#8217; PARLATO A VENEZIA<\/em><\/h3>\n<h5>DI GIANNI SANTOMASO<\/h5>\n<audio class=\"wp-audio-shortcode\" id=\"audio-376457-7\" preload=\"none\" style=\"width: 100%;\" controls=\"controls\"><source type=\"audio\/ogg\" src=\"http:\/\/www.radiopiu.net\/wordpress\/wp-content\/uploads\/2019\/02\/GIANNI-SARZANA.ogg?_=7\" \/><a href=\"http:\/\/www.radiopiu.net\/wordpress\/wp-content\/uploads\/2019\/02\/GIANNI-SARZANA.ogg\">http:\/\/www.radiopiu.net\/wordpress\/wp-content\/uploads\/2019\/02\/GIANNI-SARZANA.ogg<\/a><\/audio>\n<h4><\/h4>\n<h4>IL DEFLUSSO MINIMO DA RISPETTARE!<\/h4>\n<audio class=\"wp-audio-shortcode\" id=\"audio-376457-8\" preload=\"none\" style=\"width: 100%;\" controls=\"controls\"><source type=\"audio\/ogg\" src=\"http:\/\/www.radiopiu.net\/wordpress\/wp-content\/uploads\/2019\/02\/GIANNI-DEFLUSSO-MINIMO-110-LITRI-SECONDO.ogg?_=8\" \/><a href=\"http:\/\/www.radiopiu.net\/wordpress\/wp-content\/uploads\/2019\/02\/GIANNI-DEFLUSSO-MINIMO-110-LITRI-SECONDO.ogg\">http:\/\/www.radiopiu.net\/wordpress\/wp-content\/uploads\/2019\/02\/GIANNI-DEFLUSSO-MINIMO-110-LITRI-SECONDO.ogg<\/a><\/audio>\n<h4><\/h4>\n<h4>I<strong>NTERVISTA AL SINDACO BRUNO ZANVIT<\/strong><\/h4>\n<audio class=\"wp-audio-shortcode\" id=\"audio-376457-9\" preload=\"none\" style=\"width: 100%;\" controls=\"controls\"><source type=\"audio\/mpeg\" src=\"http:\/\/www.radiopiu.net\/wordpress\/wp-content\/uploads\/2019\/02\/BRUNO.mp3?_=9\" \/><a href=\"http:\/\/www.radiopiu.net\/wordpress\/wp-content\/uploads\/2019\/02\/BRUNO.mp3\">http:\/\/www.radiopiu.net\/wordpress\/wp-content\/uploads\/2019\/02\/BRUNO.mp3<\/a><\/audio>\n<h4><\/h4>\n<h4>DAI PESCATORI VAL SARZANA, LUCA SANTOMASO<\/h4>\n<audio class=\"wp-audio-shortcode\" id=\"audio-376457-10\" preload=\"none\" style=\"width: 100%;\" controls=\"controls\"><source type=\"audio\/mpeg\" src=\"http:\/\/www.radiopiu.net\/wordpress\/wp-content\/uploads\/2019\/02\/LUCA.mp3?_=10\" \/><a href=\"http:\/\/www.radiopiu.net\/wordpress\/wp-content\/uploads\/2019\/02\/LUCA.mp3\">http:\/\/www.radiopiu.net\/wordpress\/wp-content\/uploads\/2019\/02\/LUCA.mp3<\/a><\/audio>\n<p>&nbsp;<\/p>\n<h1><\/h1>\n<h1>archivio radiopiu 19 giugno 2018<\/h1>\n<h2>ADESSO BASTA CENTRALI, CONTRO LO SFRUTTAMENTO DEL SARZANA UN INTERO PAESE, COME GIA&#8217; VISTO ALTROVE.<\/h2>\n<blockquote>\n\t\t\t<style type='text\/css'>\n\t\t\t\t#gallery-4 {\n\t\t\t\t\tmargin: auto;\n\t\t\t\t}\n\t\t\t\t#gallery-4 .gallery-item {\n\t\t\t\t\tfloat: left;\n\t\t\t\t\tmargin-top: 10px;\n\t\t\t\t\ttext-align: center;\n\t\t\t\t\twidth: 33%;\n\t\t\t\t}\n\t\t\t\t#gallery-4 img {\n\t\t\t\t\tborder: 2px solid #cfcfcf;\n\t\t\t\t}\n\t\t\t\t#gallery-4 .gallery-caption {\n\t\t\t\t\tmargin-left: 0;\n\t\t\t\t}\n\t\t\t\t\/* see gallery_shortcode() in wp-includes\/media.php *\/\n\t\t\t<\/style>\n\t\t<div id='gallery-4' class='dt-gallery-container gallery galleryid-376457 gallery-columns-3 gallery-size-thumbnail'><dl class='gallery-item'>\n\t\t\t\t<dt class='gallery-icon landscape'>\n\t\t\t\t\t<a class=\"rollover\" href='https:\/\/www.radiopiu.net\/wordpress\/dig-8\/'><img loading=\"lazy\" decoding=\"async\" width=\"150\" height=\"150\" src=\"https:\/\/www.radiopiu.net\/wordpress\/wp-content\/uploads\/2018\/06\/2018-06-18-10.52.36-150x150.jpg\" class=\"attachment-thumbnail size-thumbnail\" alt=\"\" aria-describedby=\"gallery-4-51169\" \/><\/a>\n\t\t\t\t<\/dt>\n\t\t\t\t\t<dd class='wp-caption-text gallery-caption' id='gallery-4-51169'>\n\t\t\t\t\tdig\n\t\t\t\t\t<\/dd><\/dl><dl class='gallery-item'>\n\t\t\t\t<dt class='gallery-icon landscape'>\n\t\t\t\t\t<a class=\"rollover\" href='https:\/\/www.radiopiu.net\/wordpress\/edf\/'><img loading=\"lazy\" decoding=\"async\" width=\"150\" height=\"150\" src=\"https:\/\/www.radiopiu.net\/wordpress\/wp-content\/uploads\/2018\/06\/2018-06-18-10.46.36-150x150.jpg\" class=\"attachment-thumbnail size-thumbnail\" alt=\"\" aria-describedby=\"gallery-4-51170\" \/><\/a>\n\t\t\t\t<\/dt>\n\t\t\t\t\t<dd class='wp-caption-text gallery-caption' id='gallery-4-51170'>\n\t\t\t\t\tedf\n\t\t\t\t\t<\/dd><\/dl><dl class='gallery-item'>\n\t\t\t\t<dt class='gallery-icon landscape'>\n\t\t\t\t\t<a class=\"rollover\" href='https:\/\/www.radiopiu.net\/wordpress\/dig-7\/'><img loading=\"lazy\" decoding=\"async\" width=\"150\" height=\"150\" src=\"https:\/\/www.radiopiu.net\/wordpress\/wp-content\/uploads\/2018\/06\/2018-06-18-11.04.57-150x150.jpg\" class=\"attachment-thumbnail size-thumbnail\" alt=\"\" aria-describedby=\"gallery-4-51168\" \/><\/a>\n\t\t\t\t<\/dt>\n\t\t\t\t\t<dd class='wp-caption-text gallery-caption' id='gallery-4-51168'>\n\t\t\t\t\tdig\n\t\t\t\t\t<\/dd><\/dl><br style=\"clear: both\" \/>\n\t\t\t<\/div>\n<\/blockquote>\n<p><strong>VOLTAGO<\/strong> Di nuovo la centrale sul Sarzana, di nuovo il progetto e le proteste della cittadinanza. Alla commissione Via (Regione, Provincia, Arpav) Il sindaco di Voltago Bruno Zanvit ha rimarcato la contrariet\u00e0 di un paese<\/p>\n<audio class=\"wp-audio-shortcode\" id=\"audio-376457-11\" preload=\"none\" style=\"width: 100%;\" controls=\"controls\"><source type=\"audio\/mpeg\" src=\"http:\/\/www.radiopiu.net\/wordpress\/wp-content\/uploads\/2018\/06\/BRUNO-ZANVIT.mp3?_=11\" \/><a href=\"http:\/\/www.radiopiu.net\/wordpress\/wp-content\/uploads\/2018\/06\/BRUNO-ZANVIT.mp3\">http:\/\/www.radiopiu.net\/wordpress\/wp-content\/uploads\/2018\/06\/BRUNO-ZANVIT.mp3<\/a><\/audio>\n<p>Pietro Sommavilla ingegnere per Acqua Bene Comune e Adesso Basta Centrali nel suo intervento ha messo in evidenza quanto poco contribuisca l&#8217;idroelettrico a risolvere i problemi di fabbisogno elettrico in Italia. Piuttosto gli incentivi fanno la differenza.<\/p>\n<audio class=\"wp-audio-shortcode\" id=\"audio-376457-12\" preload=\"none\" style=\"width: 100%;\" controls=\"controls\"><source type=\"audio\/mpeg\" src=\"http:\/\/www.radiopiu.net\/wordpress\/wp-content\/uploads\/2018\/06\/PIETRO-SOMMVILLA.mp3?_=12\" \/><a href=\"http:\/\/www.radiopiu.net\/wordpress\/wp-content\/uploads\/2018\/06\/PIETRO-SOMMVILLA.mp3\">http:\/\/www.radiopiu.net\/wordpress\/wp-content\/uploads\/2018\/06\/PIETRO-SOMMVILLA.mp3<\/a><\/audio>\n<p>Presenti a Voltago oltre ai rappresentanti della Regione, Aldo Fornasier, Antonella De Boni (Arpav), Antonella Galantin (provincia) e il Progettista Loris Ceccato dell&#8217;azienda Spartan che ha presentato il progetto<\/p>\n<audio class=\"wp-audio-shortcode\" id=\"audio-376457-13\" preload=\"none\" style=\"width: 100%;\" controls=\"controls\"><source type=\"audio\/mpeg\" src=\"http:\/\/www.radiopiu.net\/wordpress\/wp-content\/uploads\/2018\/06\/CARATTERISTICHE-PROGETTO.mp3?_=13\" \/><a href=\"http:\/\/www.radiopiu.net\/wordpress\/wp-content\/uploads\/2018\/06\/CARATTERISTICHE-PROGETTO.mp3\">http:\/\/www.radiopiu.net\/wordpress\/wp-content\/uploads\/2018\/06\/CARATTERISTICHE-PROGETTO.mp3<\/a><\/audio>\n<p>Al termine dell&#8217;incontro in Municipio sopraluogo tra boschi e torrenti cosi&#8217; riassunto da Luca Santomaso in rappresentanza del pesca sportivi Val Sarzana<\/p>\n<audio class=\"wp-audio-shortcode\" id=\"audio-376457-14\" preload=\"none\" style=\"width: 100%;\" controls=\"controls\"><source type=\"audio\/mpeg\" src=\"http:\/\/www.radiopiu.net\/wordpress\/wp-content\/uploads\/2018\/06\/LUCA-DEFINITIVO.mp3?_=14\" \/><a href=\"http:\/\/www.radiopiu.net\/wordpress\/wp-content\/uploads\/2018\/06\/LUCA-DEFINITIVO.mp3\">http:\/\/www.radiopiu.net\/wordpress\/wp-content\/uploads\/2018\/06\/LUCA-DEFINITIVO.mp3<\/a><\/audio>\n\n\t\t\t<style type='text\/css'>\n\t\t\t\t#gallery-5 {\n\t\t\t\t\tmargin: auto;\n\t\t\t\t}\n\t\t\t\t#gallery-5 .gallery-item {\n\t\t\t\t\tfloat: left;\n\t\t\t\t\tmargin-top: 10px;\n\t\t\t\t\ttext-align: center;\n\t\t\t\t\twidth: 33%;\n\t\t\t\t}\n\t\t\t\t#gallery-5 img {\n\t\t\t\t\tborder: 2px solid #cfcfcf;\n\t\t\t\t}\n\t\t\t\t#gallery-5 .gallery-caption {\n\t\t\t\t\tmargin-left: 0;\n\t\t\t\t}\n\t\t\t\t\/* see gallery_shortcode() in wp-includes\/media.php *\/\n\t\t\t<\/style>\n\t\t<div id='gallery-5' class='dt-gallery-container gallery galleryid-376457 gallery-columns-3 gallery-size-thumbnail'><dl class='gallery-item'>\n\t\t\t\t<dt class='gallery-icon landscape'>\n\t\t\t\t\t<a class=\"rollover\" href='https:\/\/www.radiopiu.net\/wordpress\/bacba555-1eb3-4ba5-9378-e7939e53f16e\/'><img loading=\"lazy\" decoding=\"async\" width=\"150\" height=\"150\" src=\"https:\/\/www.radiopiu.net\/wordpress\/wp-content\/uploads\/2018\/06\/bacba555-1eb3-4ba5-9378-e7939e53f16e-150x150.jpg\" class=\"attachment-thumbnail size-thumbnail\" alt=\"\" \/><\/a>\n\t\t\t\t<\/dt><\/dl><dl class='gallery-item'>\n\t\t\t\t<dt class='gallery-icon landscape'>\n\t\t\t\t\t<a class=\"rollover\" href='https:\/\/www.radiopiu.net\/wordpress\/21889406-6fc2-4694-818d-ff9e64184531\/'><img loading=\"lazy\" decoding=\"async\" width=\"150\" height=\"150\" src=\"https:\/\/www.radiopiu.net\/wordpress\/wp-content\/uploads\/2018\/06\/21889406-6fc2-4694-818d-ff9e64184531-150x150.jpg\" class=\"attachment-thumbnail size-thumbnail\" alt=\"\" \/><\/a>\n\t\t\t\t<\/dt><\/dl><dl class='gallery-item'>\n\t\t\t\t<dt class='gallery-icon landscape'>\n\t\t\t\t\t<a class=\"rollover\" href='https:\/\/www.radiopiu.net\/wordpress\/8920d715-f9ce-44bd-8811-b94f6cc6248f\/'><img loading=\"lazy\" decoding=\"async\" width=\"150\" height=\"150\" src=\"https:\/\/www.radiopiu.net\/wordpress\/wp-content\/uploads\/2018\/06\/8920d715-f9ce-44bd-8811-b94f6cc6248f-150x150.jpg\" class=\"attachment-thumbnail size-thumbnail\" alt=\"\" \/><\/a>\n\t\t\t\t<\/dt><\/dl><br style=\"clear: both\" \/><dl class='gallery-item'>\n\t\t\t\t<dt class='gallery-icon landscape'>\n\t\t\t\t\t<a class=\"rollover\" href='https:\/\/www.radiopiu.net\/wordpress\/044d89cb-71b7-4825-8773-257e4b541bf6\/'><img loading=\"lazy\" decoding=\"async\" width=\"150\" height=\"150\" src=\"https:\/\/www.radiopiu.net\/wordpress\/wp-content\/uploads\/2018\/06\/044d89cb-71b7-4825-8773-257e4b541bf6-150x150.jpg\" class=\"attachment-thumbnail size-thumbnail\" alt=\"\" \/><\/a>\n\t\t\t\t<\/dt><\/dl><dl class='gallery-item'>\n\t\t\t\t<dt class='gallery-icon landscape'>\n\t\t\t\t\t<a class=\"rollover\" href='https:\/\/www.radiopiu.net\/wordpress\/5b214dac-49e4-4cd4-a1b0-4d8c2cf46ce0\/'><img loading=\"lazy\" decoding=\"async\" width=\"150\" height=\"150\" src=\"https:\/\/www.radiopiu.net\/wordpress\/wp-content\/uploads\/2018\/06\/5b214dac-49e4-4cd4-a1b0-4d8c2cf46ce0-150x150.jpg\" class=\"attachment-thumbnail size-thumbnail\" alt=\"\" \/><\/a>\n\t\t\t\t<\/dt><\/dl><dl class='gallery-item'>\n\t\t\t\t<dt class='gallery-icon landscape'>\n\t\t\t\t\t<a class=\"rollover\" href='https:\/\/www.radiopiu.net\/wordpress\/f27751a8-72bd-432d-9c34-be626e740719\/'><img loading=\"lazy\" decoding=\"async\" width=\"150\" height=\"150\" src=\"https:\/\/www.radiopiu.net\/wordpress\/wp-content\/uploads\/2018\/06\/f27751a8-72bd-432d-9c34-be626e740719-150x150.jpg\" class=\"attachment-thumbnail size-thumbnail\" alt=\"\" \/><\/a>\n\t\t\t\t<\/dt><\/dl><br style=\"clear: both\" \/>\n\t\t\t<\/div>\n\n<p>&nbsp;<\/p>\n<p>&nbsp;<\/p>\n<hr \/>\n<p>&nbsp;<\/p>\n<blockquote>\n<h2>ALESSANDRO MARINELLI E&#8217; IL NUOVO GESTORE DEL RIFUGIO SCARPA SOTTO L&#8217;AGNER<\/h2>\n<\/blockquote>\n<p><strong><a class=\"dt-pswp-item\" href=\"https:\/\/www.radiopiu.net\/wordpress\/wp-content\/uploads\/2024\/02\/Senza-nome-76.png\" data-dt-img-description=\"\" data-large_image_width=\"554\" data-large_image_height=\"469\"><img loading=\"lazy\" decoding=\"async\" class=\" wp-image-376604 alignleft\" src=\"https:\/\/www.radiopiu.net\/wordpress\/wp-content\/uploads\/2024\/02\/Senza-nome-76-300x254.png\" alt=\"\" width=\"276\" height=\"234\" srcset=\"https:\/\/www.radiopiu.net\/wordpress\/wp-content\/uploads\/2024\/02\/Senza-nome-76-300x254.png 300w, https:\/\/www.radiopiu.net\/wordpress\/wp-content\/uploads\/2024\/02\/Senza-nome-76.png 554w\" sizes=\"auto, (max-width: 276px) 100vw, 276px\" \/><\/a>AGORDO<\/strong> Il Consiglio Direttivo della Sezione Agordina del Club Alpino Italiano ha identificato il nuovo Gestore del Rifugio Scarpa \u2013 Gurekian ai piedi dell\u2019Agn\u00e8r, in Comune di Voltago Agordino. Una buona notizia per tutti gli amanti della montagna che, dopo la pausa invernale, possono nuovamente frequentare questa struttura aperta a partire dalla prossima estate.\u00a0 Le cinque\u00a0 manifestazioni di interesse per la nuova gestione pervenute alla Sezione, sono state attentamente valutate dal Consiglio Direttivo, attraverso i vari curriculum e l\u2019incontro diretto con gli aspiranti gestori con l\u2019evidente intento di valutare le capacit\u00e0, l\u2019organizzazione, le <img loading=\"lazy\" decoding=\"async\" class=\"alignright\" src=\"https:\/\/www.radiopiu.net\/wordpress\/wp-content\/uploads\/2018\/03\/foto_rifugio_scarpa.jpg\" width=\"307\" height=\"173\" \/>intenzioni e le idee di sviluppo per la nuova gestione al Rifugio.\u00a0 Nella successiva Seduta Straordinaria del 20 febbraio 2024, il Consiglio Direttivo della Sezione Agordina del Club Alpino Italiano si \u00e8 cos\u00ec espresso:\u00a0 Il nuovo Gestore \u00e8 Alessandro Marinello 50 anni, Istruttore Regionale di Alpinismo del Cai di Montecchio Maggiore \u2013 Vicenza, affiancato dalla compagna Lucia Melison residenti a Brendola, Vicenza.<\/p>\n<blockquote><p><em>La Sezione Agordina del CAI porge al nuovo gestore i migliori auguri di buon lavoro e di un appassionato presidio della struttura, altres\u00ec ringrazia Marco Bergamo gestore uscente per il notevole impegno profuso nella gestione del Rifugio Scarpa \u2013 Gurekian in questi sei anni che lo ha visto custode e sentinella di quella preziosa parte di territorio Agordino.<\/em><\/p><\/blockquote>\n<p>&nbsp;<\/p>\n<p>&nbsp;<\/p>\n<hr \/>\n<p>&nbsp;<\/p>\n<div class=\"flex-1 overflow-hidden\">\n<div class=\"react-scroll-to-bottom--css-hcmir-79elbk h-full\">\n<div class=\"react-scroll-to-bottom--css-hcmir-1n7m0yu\">\n<div class=\"flex flex-col text-sm pb-9\">\n<div class=\"w-full text-token-text-primary\" data-testid=\"conversation-turn-29\">\n<div class=\"px-4 py-2 justify-center text-base md:gap-6 m-auto\">\n<div class=\"flex flex-1 text-base mx-auto gap-3 md:px-5 lg:px-1 xl:px-5 md:max-w-3xl lg:max-w-[40rem] xl:max-w-[48rem] group final-completion\">\n<div class=\"relative flex w-full flex-col agent-turn\">\n<div class=\"flex-col gap-1 md:gap-3\">\n<div class=\"flex flex-grow flex-col max-w-full\">\n<div class=\"min-h-[20px] text-message flex flex-col items-start gap-3 whitespace-pre-wrap break-words [.text-message+&amp;]:mt-5 overflow-x-auto\" data-message-author-role=\"assistant\" data-message-id=\"79b4e2ca-11b9-412a-b944-157be70e82cd\">\n<div class=\"markdown prose w-full break-words dark:prose-invert dark\">\n<blockquote>\n<h2>&#8220;La sfida della polizia provinciale di Belluno nel 2023: controllo del lupo e gestione della fauna selvatica&#8221;<span style=\"font-size: 14px; font-weight: normal;\">\u00a0<\/span><\/h2>\n<h2><span style=\"font-size: 14px; font-weight: normal;\"><strong><a class=\"dt-pswp-item\" href=\"https:\/\/www.radiopiu.net\/wordpress\/wp-content\/uploads\/2023\/06\/corso-Polizia-provinciale-scaled.jpg\" data-dt-img-description=\"\" data-large_image_width=\"2560\" data-large_image_height=\"1920\"><img loading=\"lazy\" decoding=\"async\" class=\" wp-image-339011 alignleft\" src=\"https:\/\/www.radiopiu.net\/wordpress\/wp-content\/uploads\/2023\/06\/corso-Polizia-provinciale-300x225.jpg\" alt=\"\" width=\"273\" height=\"205\" srcset=\"https:\/\/www.radiopiu.net\/wordpress\/wp-content\/uploads\/2023\/06\/corso-Polizia-provinciale-300x225.jpg 300w, https:\/\/www.radiopiu.net\/wordpress\/wp-content\/uploads\/2023\/06\/corso-Polizia-provinciale-1024x768.jpg 1024w, https:\/\/www.radiopiu.net\/wordpress\/wp-content\/uploads\/2023\/06\/corso-Polizia-provinciale-768x576.jpg 768w, https:\/\/www.radiopiu.net\/wordpress\/wp-content\/uploads\/2023\/06\/corso-Polizia-provinciale-1536x1152.jpg 1536w, https:\/\/www.radiopiu.net\/wordpress\/wp-content\/uploads\/2023\/06\/corso-Polizia-provinciale-2048x1536.jpg 2048w\" sizes=\"auto, (max-width: 273px) 100vw, 273px\" \/><\/a>BELLUNO<\/strong> La polizia provinciale di Belluno ha affrontato nel 2023 una serie di sfide legate al controllo del lupo e alla gestione della fauna selvatica. Sono stati investiti 10 lupi, e gli agenti hanno condotto numerose attivit\u00e0 di monitoraggio e dissuasione per prevenire danni agli animali domestici e garantire la sicurezza delle comunit\u00e0 locali. Inoltre, sono stati registrati 328 investimenti a danno della fauna selvatica, soprattutto ungulati, con 13 punti critici lungo le strade provinciali. La polizia provinciale sta collaborando con la Regione e le societ\u00e0 stradali per implementare misure di mitigazione, come sottopassi e sovrappassi, al fine di ridurre gli incidenti. Ulteriori sforzi sono dedicati al recupero degli animali investiti, con progetti in corso per coinvolgere i cacciatori volontari.<\/span><\/h2>\n<\/blockquote>\n<\/div>\n<\/div>\n<\/div>\n<\/div>\n<\/div>\n<\/div>\n<\/div>\n<\/div>\n<\/div>\n<\/div>\n<\/div>\n<\/div>\n<p>FOTO ARCHIVIO CORSO POLIZIA PROVINCIALE<\/p>\n<p>&nbsp;<\/p>\n<p>&nbsp;<\/p>\n<hr \/>\n<p>&nbsp;<\/p>\n<blockquote>\n<h3>ENRICO FANT GUIDA LA SPORTIVAMENTE BELLUNO<\/h3>\n<\/blockquote>\n<p><strong><a class=\"dt-pswp-item\" href=\"https:\/\/www.radiopiu.net\/wordpress\/wp-content\/uploads\/2024\/02\/Senza-nome-77.png\" data-dt-img-description=\"\" data-large_image_width=\"273\" data-large_image_height=\"280\"><img loading=\"lazy\" decoding=\"async\" class=\"wp-image-376606 alignleft\" src=\"https:\/\/www.radiopiu.net\/wordpress\/wp-content\/uploads\/2024\/02\/Senza-nome-77.png\" alt=\"\" width=\"109\" height=\"112\" \/><\/a>BELLUNO<\/strong> Enrico Fant, nato nel 1983, \u00e8 il nuovo direttore di Sportivamente Belluno, nomina ufficializzata ieri dall&#8217;amministratore unico Andrea Terribile. Laureato in economia e marketing all&#8217;Universit\u00e0 di Bologna, assumer\u00e0 il ruolo il 8 aprile. Fant, residente a Domegge, vanta una solida esperienza nel settore sportivo, avendo praticato diverse discipline come calcio, nuoto, corsa campestre, sci alpinismo e mountain bike.<\/p>\n<p>&nbsp;<\/p>\n<p>&nbsp;<\/p>\n<hr \/>\n<p>&nbsp;<\/p>\n<p>&nbsp;<\/p>\n<blockquote>\n<h2>LADRI SUI SOCIAL, VERIFICHE IN CORSO<\/h2>\n<\/blockquote>\n<p><strong>FELTRE<\/strong> Le verifiche sono ancora in corso riguardo alla foto di presunti ladri circolante a Feltre, in particolare nella frazione di Foen. I carabinieri della compagnia di Feltre stanno indagando sull&#8217;immagine che sta diventando virale sui social media, ma al momento non ci sono certezze sull&#8217;identit\u00e0 delle persone ritratte n\u00e9 su eventuali collegamenti con episodi di furto nel paese. L&#8217;immagine, scattata di giorno, non sembra essere legata all&#8217;episodio di furto avvenuto venerd\u00ec sera in centro al paese, quando i ladri hanno rubato gioielli da un&#8217;abitazione e hanno tentato di forzare una cassaforte a muro.<\/p>\n<p>&nbsp;<\/p>\n<p>&nbsp;<\/p>\n<hr \/>\n<p>&nbsp;<\/p>\n<p><strong>LUTTI A FELTRE<\/strong><\/p>\n<p><a class=\"dt-pswp-item\" href=\"https:\/\/www.radiopiu.net\/wordpress\/wp-content\/uploads\/2024\/02\/Senza-nome-78.png\" data-dt-img-description=\"\" data-large_image_width=\"236\" data-large_image_height=\"255\"><img loading=\"lazy\" decoding=\"async\" class=\"wp-image-376607 alignleft\" src=\"https:\/\/www.radiopiu.net\/wordpress\/wp-content\/uploads\/2024\/02\/Senza-nome-78.png\" alt=\"\" width=\"124\" height=\"134\" \/><\/a><strong>E&#8217; MANCATO BRENNO BENAGLIA<\/strong><\/p>\n<p><strong>FELTRE<\/strong> Brenno Benaglia, ex direttore vendite dello stabilimento Renova Reifen di Feltre, \u00e8 deceduto a Rovereto. Di origini bolognesi, dopo gli studi e l&#8217;esperienza all&#8217;estero, Benaglia si trasfer\u00ec a Feltre nel 1978, lavorando per anni nel settore vendite della fabbrica. Nel 1990 pass\u00f2 alla casa madre Marangoni a Rovereto, dove continu\u00f2 fino alla pensione nel 2017.\u00a0 Il suo funerale sar\u00e0 celebrato oggi nella chiesa di San Girolamo della Certosa di Bologna.<\/p>\n<p>&nbsp;<\/p>\n<p>&nbsp;<\/p>\n<p><a class=\"dt-pswp-item\" href=\"https:\/\/www.radiopiu.net\/wordpress\/wp-content\/uploads\/2024\/02\/Senza-nome-79.png\" data-dt-img-description=\"\" data-large_image_width=\"296\" data-large_image_height=\"305\"><img loading=\"lazy\" decoding=\"async\" class=\"wp-image-376608 alignleft\" src=\"https:\/\/www.radiopiu.net\/wordpress\/wp-content\/uploads\/2024\/02\/Senza-nome-79-291x300.png\" alt=\"\" width=\"138\" height=\"142\" srcset=\"https:\/\/www.radiopiu.net\/wordpress\/wp-content\/uploads\/2024\/02\/Senza-nome-79-291x300.png 291w, https:\/\/www.radiopiu.net\/wordpress\/wp-content\/uploads\/2024\/02\/Senza-nome-79.png 296w\" sizes=\"auto, (max-width: 138px) 100vw, 138px\" \/><\/a><strong>SI PIANGE RENZO ZAMBON<\/strong><\/p>\n<p><strong>FELTRE<\/strong> Venerd\u00ec si terranno i funerali di Renzo Zambon, 71enne campione di bocce e ex giocatore del Mugnai di serie B, a San Fior, Treviso. Zambon, residente a Medea, Gorizia, \u00e8 deceduto dopo un aneurisma, sopraggiunto dopo un malore durante un allenamento a Fossalta di Portogruaro.<\/p>\n<p>&nbsp;<\/p>\n<p>&nbsp;<\/p>\n<p>&nbsp;<\/p>\n<hr \/>\n<blockquote>\n<h2><\/h2>\n<div class=\"page-title-head hgroup\">\n<h1 class=\"entry-title\">STANZE PANORAMICHE D\u2019ALTA QUOTA. CANER PLAUDE ALLA LEGGE \u201cESPERIENZA UNICA\u201d<\/h1>\n<\/div>\n<h2><em style=\"font-size: 14px; font-weight: normal;\"><a class=\"dt-pswp-item\" href=\"https:\/\/www.radiopiu.net\/wordpress\/wp-content\/uploads\/2024\/02\/Senza-nome-21-1.png\" data-dt-img-description=\"\" data-large_image_width=\"284\" data-large_image_height=\"257\"><img loading=\"lazy\" decoding=\"async\" class=\" wp-image-376594 alignleft\" src=\"https:\/\/www.radiopiu.net\/wordpress\/wp-content\/uploads\/2024\/02\/Senza-nome-21-1.png\" alt=\"\" width=\"189\" height=\"171\" \/><\/a><\/em><\/h2>\n<\/blockquote>\n<blockquote><p><em>sar\u00e0 possibile edificare\u00a0 piccole costruzioni vetrate in alta quota.<\/em><\/p><\/blockquote>\n<p><strong>VENEZIA<\/strong> Il progetto di legge regionale sulle stanze panoramiche temporanee, approvato in Consiglio Regionale, arricchisce l&#8217;offerta turistica in alta quota nel Veneto, &#8220;Garantendo il rispetto delle montagne e dell&#8217;ambiente&#8221; afferma l&#8217;assessore Federico Caner.\u00a0 L&#8217;assessore al Turismo, Federico Caner, sottolinea l&#8217;importanza di queste modifiche alla legge regionale del 2013, promuovendo l&#8217;innovazione nelle destinazioni montane venete e ponendo l&#8217;accento sul turismo slow e sostenibile. <em>&#8220;Le stanze panoramiche &#8211; conclude l&#8217;assessore &#8211;\u00a0 si presentano come un&#8217;opportunit\u00e0 di crescita e valorizzazione, anche in vista dei Giochi Olimpici e Paralimpici di Milano Cortina 2026, offrendo un&#8217;attrazione turistica inclusiva e accessibile anche per le persone con disabilit\u00e0&#8221;.<\/em><\/p>\n<p>&nbsp;<\/p>\n<p>&nbsp;<\/p>\n<hr \/>\n<p>&nbsp;<\/p>\n<\/div>\n<blockquote>\n<h3>storia, LA PRIMA PRO LOCO BELLUNESE CON PERSONALITA&#8217; GIURIDICA<\/h3>\n<\/blockquote>\n<div>\n<blockquote><p><em>Alzando la mano i 108 soci all&#8217;unanimit\u00e0 hanno\u00a0 approvato il nuovo statuto, la Pro Loco guarda al futuro con fiducia, consapevole di aver raggiunto, in tanti anni di lavoro,\u00a0 un altro importante traguardo nel suo percorso di crescita e sviluppo.<\/em><\/p><\/blockquote>\n<p><img loading=\"lazy\" decoding=\"async\" class=\"alignleft\" src=\"https:\/\/www.radiopiu.net\/wordpress\/wp-content\/uploads\/2024\/02\/408946518_10228225488575722_1227890898673512330_n.jpg\" width=\"311\" height=\"233\" \/><strong>BELLUNO<\/strong> CI sono assemblee ordinarie, ma anche straordinarie in seno alla Pro Loco Pieve Castionese. L&#8217;ultima al Teatro San Gaetano, alla presenza del notaio Stefano Stivanello, \u00e8 uscita dall&#8217;ordinario, perch\u00e8 ora\u00a0 il sodalizio presieduto da Maurizio Fontanelle aggiunge a Pro Loco Pieve Castionese il distintivo di <em>&#8220;personalit\u00e0 giuridica&#8221;<\/em>, la prima in provincia a compiere l&#8217;importante passo. Una scelta a garanzia di maggiore sicurezza per gli amministratori, che potranno operare con serenit\u00e0, avendo limitata responsabilit\u00e0 al capitale sociale. E non finisce qui, come sottolinea il Presidente Fontanelle\u00a0<em> &#8220;Consolida la reputazione dell&#8217;associazione presso le pubbliche amministrazioni,\u00a0 fornitori e\u00a0 clienti. Una precisa identit\u00e0 legale autonoma che gli permetter\u00e0 di assumere\u00a0 un ruolo sempre pi\u00f9 attivo sul\u00a0 territorio, perch\u00e9\u00a0 \u00a0sfide e\u00a0 adempimenti sono sempre pi\u00f9 complessi&#8221;.<\/em> Al teatro di Castion i consiglieri hanno avuto modo di confrontarsi per poi approvare, all&#8217;unanimit\u00e0, il bilancio che conferma una volta in pi\u00f9 la solidit\u00e0 della Pro Loco.<\/p>\n<p>foto facebook <span class=\"x193iq5w xeuugli x13faqbe x1vvkbs x1xmvt09 x6prxxf xvq8zen xo1l8bm xi81zsa\"><strong><a class=\"x1i10hfl xjbqb8w x1ejq31n xd10rxx x1sy0etr x17r0tee x972fbf xcfux6l x1qhh985 xm0m39n x9f619 x1ypdohk xt0psk2 xe8uvvx xdj266r x11i5rnm xat24cr x1mh8g0r xexx8yu x4uap5 x18d9i69 xkhd6sd x16tdsg8 x1hl2dhg xggy1nq x1a2a7pz xt0b8zv xzsf02u x1s688f\" tabindex=\"0\" role=\"link\" href=\"https:\/\/www.facebook.com\/michele.pellegrini.56?__cft__[0]=AZUqDPFOS0VvNIJIrZF6s_sj645Hl4V9OVwQX8H1uJfHMwvtpzonuA-sS_ggCdLfxPzI9vR1ByJt0NpCMRh-m9IFt0bNkMvY5-MNjpVLWfv_kPyud7I4wjY0s86MAzSodVqKZo6QPYhYQBePD6pOxcGY7rJzXLmnGTRD0UEB3r5amKZAHDWnAnXfmGB0e0nUuLM&amp;__tn__=-]C%2CP-R\"><span class=\"xt0psk2\">Michele Pellegrini<\/span><\/a><\/strong>\u00a0<\/span><\/p>\n<\/div>\n<p>&nbsp;<\/p>\n<hr \/>\n<p>&nbsp;<\/p>\n<div class=\"col-sm-12\">\n<blockquote>\n<h3 class=\"title\"><a class=\"dt-pswp-item\" href=\"https:\/\/www.radiopiu.net\/wordpress\/wp-content\/uploads\/2021\/10\/VALPE.png\" data-dt-img-description=\"\" data-large_image_width=\"800\" data-large_image_height=\"400\"><img loading=\"lazy\" decoding=\"async\" class=\"wp-image-236977 alignleft\" src=\"https:\/\/www.radiopiu.net\/wordpress\/wp-content\/uploads\/2021\/10\/VALPE-300x150.png\" alt=\"\" width=\"164\" height=\"82\" srcset=\"https:\/\/www.radiopiu.net\/wordpress\/wp-content\/uploads\/2021\/10\/VALPE-300x150.png 300w, https:\/\/www.radiopiu.net\/wordpress\/wp-content\/uploads\/2021\/10\/VALPE-768x384.png 768w, https:\/\/www.radiopiu.net\/wordpress\/wp-content\/uploads\/2021\/10\/VALPE.png 800w\" sizes=\"auto, (max-width: 164px) 100vw, 164px\" \/><\/a>MALTEMPO NELL&#8217;AGORDINO: SOSPESI ALCUNI SERVIZI<\/h3>\n<\/blockquote>\n<\/div>\n<div class=\"col-sm-12\">\n<div class=\"details\">\n<p><strong>AGORDO<\/strong> Ieri causa le condizioni meteo avverse Valpe Ambiente si \u00e8 vista costretta a sospendere alcuni servizi nella zona dell&#8217;Agordino. Chiusi in mattinata gli ecocentri di Falcade, Rocca Pietore, Alleghe e Selva di Cadore (servizio garantito dal pomeriggio a Rocca Pietore, Alleghe, Cencenighe che hanno aperto regolarmente).<br \/>\nRaccolta porta a porta, ieri non \u00e8 stato possibile il servizio a Livinallongo (Arabba esclusa), Caracoi e Passo Fedaia in Comune di Rocca Pietore, frazione Col de Mies ad Alleghe e Passo Giau (chiuso da ordinanza di Veneto Strade).<\/p>\n<\/div>\n<\/div>\n<p>&nbsp;<\/p>\n<p>&nbsp;<\/p>\n<hr \/>\n<p>&nbsp;<\/p>\n<blockquote>\n<h3>IL CONSIGLIO DELL&#8217;UNIONE MONTANA AGORDINA<\/h3>\n<\/blockquote>\n<p><strong>AGORDO<\/strong> Il presidente dell&#8217;Unione Montana Agordina Paolo Frena ha convocato i consiglieri per domani alle 20 in Sala Don Tamis ad Agordo. Saranno 6 i punti da discutere tra cui il regolamento dei controlli interni, la nomina dell&#8217;organo di revisione contabile, il servizio di segreteria associata per i comuni aderenti e le comunicazioni del presidente.<\/p>\n<p><strong>DI GIANNI SANTOMASO<\/strong><\/p>\n<audio class=\"wp-audio-shortcode\" id=\"audio-376457-15\" preload=\"none\" style=\"width: 100%;\" controls=\"controls\"><source type=\"audio\/mpeg\" src=\"https:\/\/www.radiopiu.net\/wordpress\/wp-content\/uploads\/2024\/02\/GIANNI-CONSIGLIO-UMA.mp3?_=15\" \/><a href=\"https:\/\/www.radiopiu.net\/wordpress\/wp-content\/uploads\/2024\/02\/GIANNI-CONSIGLIO-UMA.mp3\">https:\/\/www.radiopiu.net\/wordpress\/wp-content\/uploads\/2024\/02\/GIANNI-CONSIGLIO-UMA.mp3<\/a><\/audio>\n<p>&nbsp;<\/p>\n<p>&nbsp;<\/p>\n<hr \/>\n<p>&nbsp;<\/p>\n<p>&nbsp;<\/p>\n<blockquote>\n<h1>TERNA: PROGETTI NELLA MEDIA VALLE DEL PIAVE<\/h1>\n<\/blockquote>\n<p><strong><a class=\"dt-pswp-item\" href=\"https:\/\/www.radiopiu.net\/wordpress\/wp-content\/uploads\/2024\/02\/d558c7d8-273c-4ef4-9498-471f31dd6239.jpg\" data-dt-img-description=\"\" data-large_image_width=\"1024\" data-large_image_height=\"768\"><img loading=\"lazy\" decoding=\"async\" class=\" wp-image-376573 alignleft\" src=\"https:\/\/www.radiopiu.net\/wordpress\/wp-content\/uploads\/2024\/02\/d558c7d8-273c-4ef4-9498-471f31dd6239-300x225.jpg\" alt=\"\" width=\"236\" height=\"177\" srcset=\"https:\/\/www.radiopiu.net\/wordpress\/wp-content\/uploads\/2024\/02\/d558c7d8-273c-4ef4-9498-471f31dd6239-300x225.jpg 300w, https:\/\/www.radiopiu.net\/wordpress\/wp-content\/uploads\/2024\/02\/d558c7d8-273c-4ef4-9498-471f31dd6239-768x576.jpg 768w, https:\/\/www.radiopiu.net\/wordpress\/wp-content\/uploads\/2024\/02\/d558c7d8-273c-4ef4-9498-471f31dd6239.jpg 1024w\" sizes=\"auto, (max-width: 236px) 100vw, 236px\" \/><\/a> <\/strong><\/p>\n<p><strong>\u00a0<\/strong><\/p>\n<p><strong>\u00a0<\/strong><\/p>\n<p><strong>\u00a0<\/strong><\/p>\n<p>&nbsp;<\/p>\n<p><strong>\u00a0<\/strong><strong>\u00a0PER LE TRE RADIO, BARBARA PAOLAZZI\u00a0<\/strong><\/p>\n<p><strong>AUDIO<\/strong><\/p>\n<audio class=\"wp-audio-shortcode\" id=\"audio-376457-16\" preload=\"none\" style=\"width: 100%;\" controls=\"controls\"><source type=\"audio\/mpeg\" src=\"https:\/\/www.radiopiu.net\/wordpress\/wp-content\/uploads\/2024\/02\/BARBARA-TERNA.mp3?_=16\" \/><a href=\"https:\/\/www.radiopiu.net\/wordpress\/wp-content\/uploads\/2024\/02\/BARBARA-TERNA.mp3\">https:\/\/www.radiopiu.net\/wordpress\/wp-content\/uploads\/2024\/02\/BARBARA-TERNA.mp3<\/a><\/audio>\n<p>&nbsp;<\/p>\n<p>&nbsp;<\/p>\n<hr \/>\n<p>&nbsp;<\/p>\n<blockquote>\n<h3>MA PERCHE&#8217; SULLA MIA CARTELLA DI POSTA ELETTRONICA ARRIVA DI TUTTO?<\/h3>\n<\/blockquote>\n<p><a class=\"dt-pswp-item\" href=\"https:\/\/www.radiopiu.net\/wordpress\/wp-content\/uploads\/2024\/02\/Senza-nome-71.png\" data-dt-img-description=\"\" data-large_image_width=\"500\" data-large_image_height=\"133\"><img loading=\"lazy\" decoding=\"async\" class=\"wp-image-376538 size-full aligncenter\" src=\"https:\/\/www.radiopiu.net\/wordpress\/wp-content\/uploads\/2024\/02\/Senza-nome-71.png\" alt=\"\" width=\"500\" height=\"133\" srcset=\"https:\/\/www.radiopiu.net\/wordpress\/wp-content\/uploads\/2024\/02\/Senza-nome-71.png 500w, https:\/\/www.radiopiu.net\/wordpress\/wp-content\/uploads\/2024\/02\/Senza-nome-71-300x80.png 300w\" sizes=\"auto, (max-width: 500px) 100vw, 500px\" \/><\/a><\/p>\n<p><strong>REDAZIONE<\/strong> Me lo sono sempre chiesto perch\u00e9 la mia cartella di posta (peraltro aziendale) sia sempre piena di messaggi indesiderati, ogni mattina trovo diverse mail di prodotti pi\u00f9 disparati, questa settimana insistono sulla prostata, emorroidi e problemi di udito,\u00a0 roba da scongiuri. Pi\u00f9 ne cancelli, pi\u00f9 ne arrivano. Me lo sono sempre chiesto imprecando verso il mondo internet, ma senza capire veramente il perch\u00e9.<\/p>\n<p>Oggi lo ho capito&#8230; ricevo una mail con questo contenuto &#8220;Spett,le Azienda RADIO +&#8230; \u00e8 gi\u00e0 qui mi sale la bestia. Non siamo una radio tipo Maria,\u00a0 spesso il + viene scambiato per la croce. A parte questo particolare,\u00a0 nella mail dall&#8217;oggetto <strong>nuovi clienti<\/strong>,\u00a0 leggo <em>&#8220;Con appena 295 euro tutto incluso, inviamo la vostra offerta commerciale a 25.000 clienti selezionati e geolocalizzati con garanzia di consegna e apertura della email. Se mi indica la vostra tipologia di clienti (imprese, privati, professionisti ed altre caratteristiche) e la Geo, vi quantifico quanti contatti disponiamo. Garanzia di Rimborso 100% per basse prestazioni&#8221;.<\/em><\/p>\n<p>Cio\u00e8 hai capito? Se io gli do questi 295 euro, il tipo riempie le caselle di 25mila ignari utenti della rete, bombardati dal messaggio di RADIOPIU, almeno non \u00e8 quello della prostata, emorroidi e problemi di udito.<br \/>\nMorale, cari amici della partita iva, quando vi fanno queste proposte mandateli a quel paese senza farvi mandare voi da 25mila possibili clienti.<\/p>\n<p>Mirko Mezzacasa<\/p>\n<p>&nbsp;<\/p>\n<p>&nbsp;<\/p>\n<hr \/>\n<p>&nbsp;<\/p>\n<blockquote>\n<h3>&#8220;Ulss Dolomiti: Celebrazione per i Neo Diplomati OSS e il Loro Avanzamento Professionale&#8221;<\/h3>\n<\/blockquote>\n<p><strong><a class=\"dt-pswp-item\" href=\"https:\/\/www.radiopiu.net\/wordpress\/wp-content\/uploads\/2024\/02\/WhatsApp-Image-2024-02-27-at-16.01.57.jpeg\" data-dt-img-description=\"\" data-large_image_width=\"2040\" data-large_image_height=\"1530\"><img loading=\"lazy\" decoding=\"async\" class=\"wp-image-376580 alignleft\" src=\"https:\/\/www.radiopiu.net\/wordpress\/wp-content\/uploads\/2024\/02\/WhatsApp-Image-2024-02-27-at-16.01.57-1024x768.jpeg\" alt=\"\" width=\"301\" height=\"226\" srcset=\"https:\/\/www.radiopiu.net\/wordpress\/wp-content\/uploads\/2024\/02\/WhatsApp-Image-2024-02-27-at-16.01.57-1024x768.jpeg 1024w, https:\/\/www.radiopiu.net\/wordpress\/wp-content\/uploads\/2024\/02\/WhatsApp-Image-2024-02-27-at-16.01.57-300x225.jpeg 300w, https:\/\/www.radiopiu.net\/wordpress\/wp-content\/uploads\/2024\/02\/WhatsApp-Image-2024-02-27-at-16.01.57-768x576.jpeg 768w, https:\/\/www.radiopiu.net\/wordpress\/wp-content\/uploads\/2024\/02\/WhatsApp-Image-2024-02-27-at-16.01.57-1536x1152.jpeg 1536w, https:\/\/www.radiopiu.net\/wordpress\/wp-content\/uploads\/2024\/02\/WhatsApp-Image-2024-02-27-at-16.01.57.jpeg 2040w\" sizes=\"auto, (max-width: 301px) 100vw, 301px\" \/><\/a>BELLUNO<\/strong> Giornata di congratulazioni quella di ieri, della Ulss Dolomiti ai centri operatori socio sanitari (OSS) neo diplomati. Un passo significativo nell&#8217;avanzamento professionale degli operatori, consentendo loro di acquisire competenze specializzate come la somministrazione di farmaci, che ampliano le capacit\u00e0 dell&#8217;operatore nel campo socio-sanitario. Il percorso formativo \u00e8 stato avviato nel dicembre 2022 su iniziativa del direttore sanitario Maria Caterina De Marco e coordinato da Marilisa Celato con il supporto dell&#8217;area formativa, ha coinvolto venti OSS gi\u00e0 operativi nelle case di riposo di diverse localit\u00e0. Oltre alla teoria, sessioni pratiche sono state condotte grazie al prezioso supporto di infermieri esperti come Gabriele Bona, Lina Reolon, Michele Reveane e Olvinia Kukunj. Lo scorso anno a marzo il via ai tirocini formativi presso varie Unit\u00e0 Operative consolidando le conoscenze sul campo.<\/p>\n<blockquote><p><strong>Il percorso di formazione<\/strong> si \u00e8 concluso con successo alla fine di ottobre, con un esame finale superato da tutti e venti i corsisti:<em> Deborah Bordin,\u00a0 Sergio D&#8217;Angelo, Maria Veronica De Bona Harris, Francesca De Carli, Massimo De Riz, Silvia Deon, Bruna Giotto, Giuseppe Goglia, Monica Isotton, Donjeta Krasniqui, Maddalena Losego, Alice Lucchet, Veronica Maoret, Sabrina Riente, Giulia Schlottig, Daniela Secco, Isabella Shkembi, Laura Tommasini, Deborah Valt, Daniela Zancanaro<\/em><\/p><\/blockquote>\n<p>___<\/p>\n<p>&nbsp;<\/p>\n<hr \/>\n<p>&nbsp;<\/p>\n<blockquote>\n<h3>L&#8217;ASSEMBLEA DEL GAMP SABATO 2 MARZO<\/h3>\n<\/blockquote>\n<p><strong>AGORDO<\/strong><\/p>\n<p>DI GIANNI SANTOMASO<\/p>\n<audio class=\"wp-audio-shortcode\" id=\"audio-376457-17\" preload=\"none\" style=\"width: 100%;\" controls=\"controls\"><source type=\"audio\/mpeg\" src=\"https:\/\/www.radiopiu.net\/wordpress\/wp-content\/uploads\/2024\/02\/GIANNI-LASSEMBLEA-DEL-GAMP-SABATO-2-MARZO.mp3?_=17\" \/><a href=\"https:\/\/www.radiopiu.net\/wordpress\/wp-content\/uploads\/2024\/02\/GIANNI-LASSEMBLEA-DEL-GAMP-SABATO-2-MARZO.mp3\">https:\/\/www.radiopiu.net\/wordpress\/wp-content\/uploads\/2024\/02\/GIANNI-LASSEMBLEA-DEL-GAMP-SABATO-2-MARZO.mp3<\/a><\/audio>\n<p>&nbsp;<\/p>\n<p>&nbsp;<\/p>\n<hr \/>\n<p>&nbsp;<\/p>\n<blockquote>\n<h3>CANTIERE AUDITORIUM, DE PELLEGRIN &#8220;EDIFICIO ACCESSIBILE A TUTTI&#8221;<\/h3>\n<\/blockquote>\n<p><strong>BELLUNO<\/strong> Procede come da cronoprogramma il restauro del Palazzo dell\u2019Auditorium in piazza Duomo: il cantiere, partito circa un mese fa, salvo imprevisti si concluder\u00e0 entro l\u2019autunno. Il progetto prevede la rimessa in funzione della sala Auditorium, il restauro delle facciate lato piazza Duomo e del piano terra dell\u2019edificio oltre la realizzazione di un percorso di visita ai reperti archeologici collocati nel giardino sul retro.<\/p>\n<p>&nbsp;<\/p>\n<p><strong>PER LE TRE RADIO, BARBARA PAOLAZZI<\/strong><\/p>\n<audio class=\"wp-audio-shortcode\" id=\"audio-376457-18\" preload=\"none\" style=\"width: 100%;\" controls=\"controls\"><source type=\"audio\/mpeg\" src=\"https:\/\/www.radiopiu.net\/wordpress\/wp-content\/uploads\/2024\/02\/BARBARA-BELLUNO.mp3?_=18\" \/><a href=\"https:\/\/www.radiopiu.net\/wordpress\/wp-content\/uploads\/2024\/02\/BARBARA-BELLUNO.mp3\">https:\/\/www.radiopiu.net\/wordpress\/wp-content\/uploads\/2024\/02\/BARBARA-BELLUNO.mp3<\/a><\/audio>\n<p>&nbsp;<\/p>\n\n\t\t\t<style type='text\/css'>\n\t\t\t\t#gallery-6 {\n\t\t\t\t\tmargin: auto;\n\t\t\t\t}\n\t\t\t\t#gallery-6 .gallery-item {\n\t\t\t\t\tfloat: left;\n\t\t\t\t\tmargin-top: 10px;\n\t\t\t\t\ttext-align: center;\n\t\t\t\t\twidth: 50%;\n\t\t\t\t}\n\t\t\t\t#gallery-6 img {\n\t\t\t\t\tborder: 2px solid #cfcfcf;\n\t\t\t\t}\n\t\t\t\t#gallery-6 .gallery-caption {\n\t\t\t\t\tmargin-left: 0;\n\t\t\t\t}\n\t\t\t\t\/* see gallery_shortcode() in wp-includes\/media.php *\/\n\t\t\t<\/style>\n\t\t<div id='gallery-6' class='dt-gallery-container gallery galleryid-376457 gallery-columns-2 gallery-size-medium'><dl class='gallery-item'>\n\t\t\t\t<dt class='gallery-icon landscape'>\n\t\t\t\t\t<a class=\"rollover rollover-zoom dt-pswp-item\" title=\"43d998e9-16c7-44c4-9735-a2ab22dbb645\" data-dt-img-description=\"\" data-large_image_width=\"1600\" data-large_image_height=\"1200\"href='https:\/\/www.radiopiu.net\/wordpress\/wp-content\/uploads\/2024\/02\/43d998e9-16c7-44c4-9735-a2ab22dbb645.jpg'><img loading=\"lazy\" decoding=\"async\" width=\"300\" height=\"225\" src=\"https:\/\/www.radiopiu.net\/wordpress\/wp-content\/uploads\/2024\/02\/43d998e9-16c7-44c4-9735-a2ab22dbb645-300x225.jpg\" class=\"attachment-medium size-medium\" alt=\"\" srcset=\"https:\/\/www.radiopiu.net\/wordpress\/wp-content\/uploads\/2024\/02\/43d998e9-16c7-44c4-9735-a2ab22dbb645-300x225.jpg 300w, https:\/\/www.radiopiu.net\/wordpress\/wp-content\/uploads\/2024\/02\/43d998e9-16c7-44c4-9735-a2ab22dbb645-1024x768.jpg 1024w, https:\/\/www.radiopiu.net\/wordpress\/wp-content\/uploads\/2024\/02\/43d998e9-16c7-44c4-9735-a2ab22dbb645-768x576.jpg 768w, https:\/\/www.radiopiu.net\/wordpress\/wp-content\/uploads\/2024\/02\/43d998e9-16c7-44c4-9735-a2ab22dbb645-1536x1152.jpg 1536w, https:\/\/www.radiopiu.net\/wordpress\/wp-content\/uploads\/2024\/02\/43d998e9-16c7-44c4-9735-a2ab22dbb645.jpg 1600w\" sizes=\"auto, (max-width: 300px) 100vw, 300px\" \/><\/a>\n\t\t\t\t<\/dt><\/dl><dl class='gallery-item'>\n\t\t\t\t<dt class='gallery-icon landscape'>\n\t\t\t\t\t<a class=\"rollover rollover-zoom dt-pswp-item\" title=\"75e7a1b8-f5d4-4164-a007-38731dc4c7b8\" data-dt-img-description=\"\" data-large_image_width=\"1600\" data-large_image_height=\"1200\"href='https:\/\/www.radiopiu.net\/wordpress\/wp-content\/uploads\/2024\/02\/75e7a1b8-f5d4-4164-a007-38731dc4c7b8.jpg'><img loading=\"lazy\" decoding=\"async\" width=\"300\" height=\"225\" src=\"https:\/\/www.radiopiu.net\/wordpress\/wp-content\/uploads\/2024\/02\/75e7a1b8-f5d4-4164-a007-38731dc4c7b8-300x225.jpg\" class=\"attachment-medium size-medium\" alt=\"\" srcset=\"https:\/\/www.radiopiu.net\/wordpress\/wp-content\/uploads\/2024\/02\/75e7a1b8-f5d4-4164-a007-38731dc4c7b8-300x225.jpg 300w, https:\/\/www.radiopiu.net\/wordpress\/wp-content\/uploads\/2024\/02\/75e7a1b8-f5d4-4164-a007-38731dc4c7b8-1024x768.jpg 1024w, https:\/\/www.radiopiu.net\/wordpress\/wp-content\/uploads\/2024\/02\/75e7a1b8-f5d4-4164-a007-38731dc4c7b8-768x576.jpg 768w, https:\/\/www.radiopiu.net\/wordpress\/wp-content\/uploads\/2024\/02\/75e7a1b8-f5d4-4164-a007-38731dc4c7b8-1536x1152.jpg 1536w, https:\/\/www.radiopiu.net\/wordpress\/wp-content\/uploads\/2024\/02\/75e7a1b8-f5d4-4164-a007-38731dc4c7b8.jpg 1600w\" sizes=\"auto, (max-width: 300px) 100vw, 300px\" \/><\/a>\n\t\t\t\t<\/dt><\/dl><br style=\"clear: both\" \/>\n\t\t\t<\/div>\n\n<p>&nbsp;<\/p>\n<p>&nbsp;<\/p>\n<p>&nbsp;<\/p>\n<hr \/>\n<p>&nbsp;<\/p>\n<blockquote>\n<h3>&#8220;FANGO&#8221; AL TEATRO DINO BUZZATI DI BELLUNO<\/h3>\n<\/blockquote>\n<p><a class=\"dt-pswp-item\" href=\"https:\/\/www.radiopiu.net\/wordpress\/wp-content\/uploads\/2022\/02\/610219_pckg_2501411782791317011-20140927.jpg\" data-dt-img-description=\"TEATRO COMUNALE\" data-large_image_width=\"620\" data-large_image_height=\"340\"><img loading=\"lazy\" decoding=\"async\" class=\"wp-image-258957 alignleft\" src=\"https:\/\/www.radiopiu.net\/wordpress\/wp-content\/uploads\/2022\/02\/610219_pckg_2501411782791317011-20140927-300x165.jpg\" alt=\"\" width=\"165\" height=\"91\" srcset=\"https:\/\/www.radiopiu.net\/wordpress\/wp-content\/uploads\/2022\/02\/610219_pckg_2501411782791317011-20140927-300x165.jpg 300w, https:\/\/www.radiopiu.net\/wordpress\/wp-content\/uploads\/2022\/02\/610219_pckg_2501411782791317011-20140927.jpg 620w\" sizes=\"auto, (max-width: 165px) 100vw, 165px\" \/><\/a><strong>BELLUNO<\/strong> Lo spettacolo &#8220;Fango&#8221; al Teatro Buzzati di Belluno, domani alle 20:45, indaga la gestione umana dell&#8217;acqua. Organizzato dalle Scuole in Rete con ANVCG, offre riflessioni sull&#8217;ambiente attraverso storie di tragedie come l&#8217;alluvione in Emilia Romagna e il Vajont. Il reading cerca risposte sui crescenti eventi climatici. &#8220;Fango&#8221; presenta testimonianze di soccorritori e sopravvissuti, promuovendo consapevolezza ambientale. Cortesi e Moschini, impegnati nel teatro civile, hanno raccolto oltre 180 storie. La mattinata include anche &#8220;La scelta&#8221;, racconto sulla resistenza civile nella guerra nella ex Jugoslavia, seguito dalla premiazione del bando &#8220;Tanti conflitti, una sola vittima: la popolazione civile&#8221;.<\/p>\n<p>&nbsp;<\/p>\n<p>&nbsp;<\/p>\n<hr \/>\n<p>&nbsp;<\/p>\n<blockquote>\n<h3><a class=\"dt-pswp-item\" href=\"https:\/\/www.radiopiu.net\/wordpress\/wp-content\/uploads\/2024\/02\/ef01c8d9-8946-44f1-bd64-5d0ea6c915c7.jpg\" data-dt-img-description=\"\" data-large_image_width=\"1050\" data-large_image_height=\"1485\"><img loading=\"lazy\" decoding=\"async\" class=\" wp-image-375927 alignleft\" src=\"https:\/\/www.radiopiu.net\/wordpress\/wp-content\/uploads\/2024\/02\/ef01c8d9-8946-44f1-bd64-5d0ea6c915c7-212x300.jpg\" alt=\"\" width=\"93\" height=\"132\" srcset=\"https:\/\/www.radiopiu.net\/wordpress\/wp-content\/uploads\/2024\/02\/ef01c8d9-8946-44f1-bd64-5d0ea6c915c7-212x300.jpg 212w, https:\/\/www.radiopiu.net\/wordpress\/wp-content\/uploads\/2024\/02\/ef01c8d9-8946-44f1-bd64-5d0ea6c915c7-724x1024.jpg 724w, https:\/\/www.radiopiu.net\/wordpress\/wp-content\/uploads\/2024\/02\/ef01c8d9-8946-44f1-bd64-5d0ea6c915c7-768x1086.jpg 768w, https:\/\/www.radiopiu.net\/wordpress\/wp-content\/uploads\/2024\/02\/ef01c8d9-8946-44f1-bd64-5d0ea6c915c7.jpg 1050w\" sizes=\"auto, (max-width: 93px) 100vw, 93px\" \/><\/a>VIE IN ROSA AL TEATRO SAN GAETANO<\/h3>\n<\/blockquote>\n<p><strong>BELLUNO<\/strong> Sono 4 gli appuntamenti in programma per la rassegna &#8220;Vie in rosa&#8221; al Teatro San Gaetano di Belluno. Il 10 marzo &#8220;le Fuori gioco&#8221; e a seguire un incontro con il sociologo Diego Cason. Il 24 marzo &#8220;Non Fare storia&#8221; con Paola Brolati e a seguire un incontro con Belluno Donna. Il 14 aprile &#8220;Rolandina Roncaglia&#8221; e il 28 aprile un incontro con Roberta Gallego. Gli spettacoli inizieranno alle 17:30.<\/p>\n<p>&nbsp;<\/p>\n<hr \/>\n<p>&nbsp;<\/p>\n<blockquote>\n<h2>WILLIAM DA ROIT ALLA FESTA DEL FONDO &#8220;COME A NEW YORK&#8230; MA SULLA NEVE&#8221;<\/h2>\n<\/blockquote>\n<p><strong>REDAZIONE<\/strong>\u00a0La festa dello sci di fondo in Scandinavia, culminer\u00e0 domenica con 17.000 concorrenti omaggiando il Re Gustav Vasa. Nella maratona di New York dei fondisti, la Vasaloppet, partecipano complessivamente 60.000 atleti in diverse distanze e tecniche. Luca De Zorzi, Presidente del Team Long Distance Agordino, celebra la numerosa partecipazione bellunese, con il Team Agordino e Vasabroke rappresentati da oltre 60 fondisti. Le staffette Vasabroke gareggiano venerd\u00ec, mentre William Da Roit e Paolo Zampieri partecipano alla Vasa notturna di 90 km in skating. I fratelli Busin, Lorenzo ed Emanuele dell\u2019Internorm Alpenus, insieme agli altri atleti del Team Agordino, affronteranno la competizione domenica sul percorso classico di 90 km. Il traguardo a Mora porta il messaggio: \u201cSulle orme dei Padri per le vittorie future!\u201d<\/p>\n<p>l&#8217;intervista di mirko mezzacasa<\/p>\n<p><iframe loading=\"lazy\" title=\"Vasaloppet 24\" width=\"1200\" height=\"675\" src=\"https:\/\/www.youtube.com\/embed\/hO5X-MDxAGs?start=35&#038;feature=oembed\" frameborder=\"0\" allow=\"accelerometer; autoplay; clipboard-write; encrypted-media; gyroscope; picture-in-picture; web-share\" allowfullscreen><\/iframe><\/p>\n<p>&nbsp;<\/p>\n<p>&nbsp;<\/p>\n<p>&nbsp;<\/p>\n<p>&nbsp;<\/p>\n<hr \/>\n<p>&nbsp;<\/p>\n<h2><span style=\"color: #ff6600;\">IERI ALLA RADIO\u00a0<\/span><\/h2>\n<h2><span style=\"color: #ff00ff;\">EL DARLIN<\/span><\/h2>\n<p><strong><span style=\"color: #ff0000;\">PUNTATA 05 BENIGNO PELLEGRINI, STORICO DIRETTORE DEL CORO FODOM<\/span><\/strong><\/p>\n\n\t\t\t<style type='text\/css'>\n\t\t\t\t#gallery-7 {\n\t\t\t\t\tmargin: auto;\n\t\t\t\t}\n\t\t\t\t#gallery-7 .gallery-item {\n\t\t\t\t\tfloat: left;\n\t\t\t\t\tmargin-top: 10px;\n\t\t\t\t\ttext-align: center;\n\t\t\t\t\twidth: 100%;\n\t\t\t\t}\n\t\t\t\t#gallery-7 img {\n\t\t\t\t\tborder: 2px solid #cfcfcf;\n\t\t\t\t}\n\t\t\t\t#gallery-7 .gallery-caption {\n\t\t\t\t\tmargin-left: 0;\n\t\t\t\t}\n\t\t\t\t\/* see gallery_shortcode() in wp-includes\/media.php *\/\n\t\t\t<\/style>\n\t\t<div id='gallery-7' class='dt-gallery-container gallery galleryid-376457 gallery-columns-1 gallery-size-medium'><dl class='gallery-item'>\n\t\t\t\t<dt class='gallery-icon landscape'>\n\t\t\t\t\t<a class=\"rollover rollover-zoom dt-pswp-item\" title=\"1920568_695938213847745_9206734997539198338_n\" data-dt-img-description=\"\" data-large_image_width=\"960\" data-large_image_height=\"720\"href='https:\/\/www.radiopiu.net\/wordpress\/wp-content\/uploads\/2024\/01\/1920568_695938213847745_9206734997539198338_n.jpg'><img loading=\"lazy\" decoding=\"async\" width=\"300\" height=\"225\" src=\"https:\/\/www.radiopiu.net\/wordpress\/wp-content\/uploads\/2024\/01\/1920568_695938213847745_9206734997539198338_n-300x225.jpg\" class=\"attachment-medium size-medium\" alt=\"\" aria-describedby=\"gallery-7-371414\" srcset=\"https:\/\/www.radiopiu.net\/wordpress\/wp-content\/uploads\/2024\/01\/1920568_695938213847745_9206734997539198338_n-300x225.jpg 300w, https:\/\/www.radiopiu.net\/wordpress\/wp-content\/uploads\/2024\/01\/1920568_695938213847745_9206734997539198338_n-768x576.jpg 768w, https:\/\/www.radiopiu.net\/wordpress\/wp-content\/uploads\/2024\/01\/1920568_695938213847745_9206734997539198338_n.jpg 960w\" sizes=\"auto, (max-width: 300px) 100vw, 300px\" \/><\/a>\n\t\t\t\t<\/dt>\n\t\t\t\t\t<dd class='wp-caption-text gallery-caption' id='gallery-7-371414'>\n\t\t\t\t\tBENIGNO PELLEGRINI\n\t\t\t\t\t<\/dd><\/dl><br style=\"clear: both\" \/>\n\t\t\t<\/div>\n\n<p><strong>PARTE 1<\/strong><\/p>\n<audio class=\"wp-audio-shortcode\" id=\"audio-376457-19\" preload=\"none\" style=\"width: 100%;\" controls=\"controls\"><source type=\"audio\/mpeg\" src=\"https:\/\/www.radiopiu.net\/wordpress\/wp-content\/uploads\/2024\/02\/DA1-1.mp3?_=19\" \/><a href=\"https:\/\/www.radiopiu.net\/wordpress\/wp-content\/uploads\/2024\/02\/DA1-1.mp3\">https:\/\/www.radiopiu.net\/wordpress\/wp-content\/uploads\/2024\/02\/DA1-1.mp3<\/a><\/audio>\n<p>&nbsp;<\/p>\n<p><strong>PARTE 2<\/strong><\/p>\n<audio class=\"wp-audio-shortcode\" id=\"audio-376457-20\" preload=\"none\" style=\"width: 100%;\" controls=\"controls\"><source type=\"audio\/mpeg\" src=\"https:\/\/www.radiopiu.net\/wordpress\/wp-content\/uploads\/2024\/02\/DA2-1.mp3?_=20\" \/><a href=\"https:\/\/www.radiopiu.net\/wordpress\/wp-content\/uploads\/2024\/02\/DA2-1.mp3\">https:\/\/www.radiopiu.net\/wordpress\/wp-content\/uploads\/2024\/02\/DA2-1.mp3<\/a><\/audio>\n<p>&nbsp;<\/p>\n<p><strong>PARTE 3<\/strong><\/p>\n<audio class=\"wp-audio-shortcode\" id=\"audio-376457-21\" preload=\"none\" style=\"width: 100%;\" controls=\"controls\"><source type=\"audio\/mpeg\" src=\"https:\/\/www.radiopiu.net\/wordpress\/wp-content\/uploads\/2024\/02\/DA3-1.mp3?_=21\" \/><a href=\"https:\/\/www.radiopiu.net\/wordpress\/wp-content\/uploads\/2024\/02\/DA3-1.mp3\">https:\/\/www.radiopiu.net\/wordpress\/wp-content\/uploads\/2024\/02\/DA3-1.mp3<\/a><\/audio>\n<p>&nbsp;<\/p>\n<h2>LA RACCOLTA COMPLETA <a href=\"https:\/\/www.radiopiu.net\/wordpress\/da-daa-5\/\">CLICCA QUI<\/a><\/h2>\n<p>&nbsp;<\/p>\n<p>&nbsp;<\/p>\n<hr \/>\n<p>&nbsp;<\/p>\n<h2><span style=\"color: #008080;\">&#8220;DINTORN E FORA VIA&#8221;\u00a0 IL PROGRAMMA\u00a0 A CURA DEL MUSLA<\/span><\/h2>\n<p><strong><a class=\"dt-pswp-item\" href=\"https:\/\/www.radiopiu.net\/wordpress\/wp-content\/uploads\/2024\/01\/409765100_3595084964037813_7337692720687467935_n.jpg\" data-dt-img-description=\"\" data-large_image_width=\"640\" data-large_image_height=\"641\"><img loading=\"lazy\" decoding=\"async\" class=\"wp-image-369234 alignleft\" src=\"https:\/\/www.radiopiu.net\/wordpress\/wp-content\/uploads\/2024\/01\/409765100_3595084964037813_7337692720687467935_n-300x300.jpg\" alt=\"\" width=\"118\" height=\"118\" srcset=\"https:\/\/www.radiopiu.net\/wordpress\/wp-content\/uploads\/2024\/01\/409765100_3595084964037813_7337692720687467935_n-300x300.jpg 300w, https:\/\/www.radiopiu.net\/wordpress\/wp-content\/uploads\/2024\/01\/409765100_3595084964037813_7337692720687467935_n-150x150.jpg 150w, https:\/\/www.radiopiu.net\/wordpress\/wp-content\/uploads\/2024\/01\/409765100_3595084964037813_7337692720687467935_n.jpg 640w\" sizes=\"auto, (max-width: 118px) 100vw, 118px\" \/><\/a>PUNTATA DEL 27 FEBBRAIO, CHIARA FRENA<\/strong><\/p>\n<audio class=\"wp-audio-shortcode\" id=\"audio-376457-22\" preload=\"none\" style=\"width: 100%;\" controls=\"controls\"><source type=\"audio\/mpeg\" src=\"https:\/\/www.radiopiu.net\/wordpress\/wp-content\/uploads\/2024\/02\/MUSLA-9.mp3?_=22\" \/><a href=\"https:\/\/www.radiopiu.net\/wordpress\/wp-content\/uploads\/2024\/02\/MUSLA-9.mp3\">https:\/\/www.radiopiu.net\/wordpress\/wp-content\/uploads\/2024\/02\/MUSLA-9.mp3<\/a><\/audio>\n<p>&nbsp;<\/p>\n<h2>LA RACCOLTA COMPLETA <a href=\"https:\/\/www.radiopiu.net\/wordpress\/musla\/\">CLICCA QUI<\/a><\/h2>\n<p>&nbsp;<\/p>\n<p>&nbsp;<\/p>\n<hr \/>\n<p>&nbsp;<\/p>\n<h2><span style=\"color: #008000;\">SPECIALE EP CENTER<\/span><\/h2>\n<p><strong>DI MIRCO MEZZACASA<\/strong><\/p>\n<p>OSPITE: FRANCESCO ZILIO DI EP CENTER<\/p>\n<p><iframe loading=\"lazy\" title=\"TECNOLOGIA, RISPETTO DELLA STORIA, LAVORO PER IL FUTURO\" width=\"1200\" height=\"675\" src=\"https:\/\/www.youtube.com\/embed\/0RiOKo9I4z0?feature=oembed\" frameborder=\"0\" allow=\"accelerometer; autoplay; clipboard-write; encrypted-media; gyroscope; picture-in-picture; web-share\" allowfullscreen><\/iframe><\/p>\n<p>&nbsp;<\/p>\n<p>&nbsp;<\/p>\n<hr \/>\n<p>&nbsp;<\/p>\n<blockquote>\n<h3><a class=\"dt-pswp-item\" href=\"https:\/\/www.radiopiu.net\/wordpress\/wp-content\/uploads\/2024\/02\/SCR-20240227-kpld.png\" data-dt-img-description=\"\" data-large_image_width=\"660\" data-large_image_height=\"942\"><img loading=\"lazy\" decoding=\"async\" class=\" wp-image-376511 alignleft\" src=\"https:\/\/www.radiopiu.net\/wordpress\/wp-content\/uploads\/2024\/02\/SCR-20240227-kpld-210x300.png\" alt=\"\" width=\"89\" height=\"127\" srcset=\"https:\/\/www.radiopiu.net\/wordpress\/wp-content\/uploads\/2024\/02\/SCR-20240227-kpld-210x300.png 210w, https:\/\/www.radiopiu.net\/wordpress\/wp-content\/uploads\/2024\/02\/SCR-20240227-kpld.png 660w\" sizes=\"auto, (max-width: 89px) 100vw, 89px\" \/><\/a>UN APPROCCIO CULTURALE DELLA VAL PETTORINA<\/h3>\n<\/blockquote>\n<p><strong>PADOVA<\/strong> Marted\u00ec 5 marzo nella sede Cai di via Gradenigo a Padova in occasione dei &#8220;Martedi del Cai&#8221; verr\u00e0 proposta una serata con Flavio Pilli in collaborazione con l&#8217;Associazione Palue per parlare dell&#8217;approccio culturale della Val Pettoriana. Si affronter\u00e0 la situazione dopo la tempesta Vaia che nel 2018 ha colpito una vasta area delle Dolomiti. L&#8217;ingresso \u00e8 libero<\/p>\n<p>&nbsp;<\/p>\n<p>&nbsp;<\/p>\n<p>&nbsp;<\/p>\n<hr \/>\n<p><a class=\"dt-pswp-item\" href=\"https:\/\/www.radiopiu.net\/wordpress\/wp-content\/uploads\/2024\/02\/5d33d89b-448d-4b8b-90f7-0a87d536a81d.jpg\" data-dt-img-description=\"\" data-large_image_width=\"995\" data-large_image_height=\"771\"><img loading=\"lazy\" decoding=\"async\" class=\"size-medium wp-image-376421 aligncenter\" src=\"https:\/\/www.radiopiu.net\/wordpress\/wp-content\/uploads\/2024\/02\/5d33d89b-448d-4b8b-90f7-0a87d536a81d-300x232.jpg\" alt=\"\" width=\"300\" height=\"232\" srcset=\"https:\/\/www.radiopiu.net\/wordpress\/wp-content\/uploads\/2024\/02\/5d33d89b-448d-4b8b-90f7-0a87d536a81d-300x232.jpg 300w, https:\/\/www.radiopiu.net\/wordpress\/wp-content\/uploads\/2024\/02\/5d33d89b-448d-4b8b-90f7-0a87d536a81d-768x595.jpg 768w, https:\/\/www.radiopiu.net\/wordpress\/wp-content\/uploads\/2024\/02\/5d33d89b-448d-4b8b-90f7-0a87d536a81d.jpg 995w\" sizes=\"auto, (max-width: 300px) 100vw, 300px\" \/><\/a><\/p>\n<p><strong>STIAMO&#8230; ARRIVANDO\u00a0<\/strong><\/p>\n<p>&nbsp;<\/p>\n<p>&nbsp;<\/p>\n<hr \/>\n<p>&nbsp;<\/p>\n<blockquote>\n<h1>AL BELVEDERE SUL FERTAZZA LA FESTA CON FARGETTA RINVIATA A SABATO 10 MARZO<\/h1>\n<\/blockquote>\n<p>&nbsp;<\/p>\n<p><a class=\"dt-pswp-item\" href=\"https:\/\/www.radiopiu.net\/wordpress\/wp-content\/uploads\/2024\/02\/b40a76d3-9250-4df8-95a2-0dbb36877ee0-1.jpg\" data-dt-img-description=\"\" data-large_image_width=\"526\" data-large_image_height=\"275\"><img loading=\"lazy\" decoding=\"async\" class=\"size-medium wp-image-376653 aligncenter\" src=\"https:\/\/www.radiopiu.net\/wordpress\/wp-content\/uploads\/2024\/02\/b40a76d3-9250-4df8-95a2-0dbb36877ee0-1-300x157.jpg\" alt=\"\" width=\"300\" height=\"157\" srcset=\"https:\/\/www.radiopiu.net\/wordpress\/wp-content\/uploads\/2024\/02\/b40a76d3-9250-4df8-95a2-0dbb36877ee0-1-300x157.jpg 300w, https:\/\/www.radiopiu.net\/wordpress\/wp-content\/uploads\/2024\/02\/b40a76d3-9250-4df8-95a2-0dbb36877ee0-1.jpg 526w\" sizes=\"auto, (max-width: 300px) 100vw, 300px\" \/><\/a><\/p>\n<hr \/>\n<p>&nbsp;<\/p>\n<blockquote>\n<h3>AD ARABBA VERTICAL WINTER TOUR<\/h3>\n<\/blockquote>\n<p><strong>LIVINALLONGO<\/strong> Fa tappa ad Arabba il 2 e 3 marzo il &#8220;Vertical winter tour&#8221;, l&#8217;evento itinerante (giunto alla 15\u00aa edizione) che tocca 9 localit\u00e0 sciistiche italiane dislocate su tutto l&#8217;arco alpino per un totale di 19 giorni di puro divertimento sulla neve. &#8220;Sport, music and fun&#8221;.<\/p>\n<p>&nbsp;<\/p>\n<hr \/>\n<p>&nbsp;<\/p>\n<p>&nbsp;<\/p>\n<h2><span style=\"color: #ff0000;\">GLI APPUNTAMENTI DELLA SETTIMANA<\/span><\/h2>\n<p><strong>LIMANA<\/strong> Il Comune di Limana, insieme alla Biblioteca Comunale e all&#8217;Assessorato alla Cultura, organizza una serata speciale curata da Gianni Carlin. La serata, intitolata &#8220;Un Poema Ritrovato, un Autore Sconosciuto&#8221;, si terr\u00e0 domani alle 20:30 presso la Sala Nocivelli di Limana. Il recital sar\u00e0 un&#8217;esperienza poetico-musicale e teatrale che presenter\u00e0 un poema inedito di un autore sconosciuto. Un&#8217;occasione unica per scoprire e apprezzare nuovi talenti nel mondo della poesia.<\/p>\n<p><strong>LONGARONE<\/strong> sabato 2 marzo 2024 alle ore 20:45 al Centro Culturale di Longarone si terr\u00e0 lo spettacolo teatrale &#8220;Il corpo che ossessione. I nuovi mostri&#8221; della <u>compagnia &#8220;La Fontana Conta&#8221; &#8211; Regia di Roberto Faoro<\/u>.<\/p>\n<p><strong>BELLUNO <\/strong>Sabato 2 marzo alle 17.30 al teatro Giovanni 23esimo &#8220;L&#8217;histoire du Soldat&#8221; con il Conservatorio di musica\u00a0 di Castelfranco Veneto<\/p>\n<p><strong>BELLUNO\u00a0<\/strong>Sabato 2 marzo alle 20.45, la compagnia vicentina Theama Teatro\u00a0 porter\u00e0 \u00a0torna al Teatro Dino Buzzati\u00a0 con la commedia \u201cLa scuola dei mariti e delle mogli\u201d. Tratta dai capolavori \u201cLa scuola dei mariti\u201d e \u201cLa scuola delle mogli\u201d<\/p>\n<div><strong>AGORDO<\/strong> Domenica\u00a0 escursione con il Cai di Agordo a Monte Muro, 2323 metri. ISCRIZIONI: Telefonando al 380.6983040 dalle ore 16.00 alle ore 21.00<\/div>\n<p>&nbsp;<\/p>\n<p><strong>CENCENIGHE<\/strong> DOMENICA 3 MARZO 10 anni di Oh Per Bacco, 2014_2024, dalle 16.00 la festa<\/p>\n<blockquote>\n<h2><a class=\"dt-pswp-item\" href=\"https:\/\/www.radiopiu.net\/wordpress\/wp-content\/uploads\/2024\/02\/424975281_17930049686820544_8669192397721482723_n.jpg\" data-dt-img-description=\"\" data-large_image_width=\"512\" data-large_image_height=\"640\"><img loading=\"lazy\" decoding=\"async\" class=\"size-medium wp-image-375410 aligncenter\" src=\"https:\/\/www.radiopiu.net\/wordpress\/wp-content\/uploads\/2024\/02\/424975281_17930049686820544_8669192397721482723_n-240x300.jpg\" alt=\"\" width=\"240\" height=\"300\" srcset=\"https:\/\/www.radiopiu.net\/wordpress\/wp-content\/uploads\/2024\/02\/424975281_17930049686820544_8669192397721482723_n-240x300.jpg 240w, https:\/\/www.radiopiu.net\/wordpress\/wp-content\/uploads\/2024\/02\/424975281_17930049686820544_8669192397721482723_n.jpg 512w\" sizes=\"auto, (max-width: 240px) 100vw, 240px\" \/><\/a><\/h2>\n<\/blockquote>\n<p>&nbsp;<\/p>\n<h2><span style=\"color: #ff0000;\">\u00a0<\/span><\/h2>\n<h2><span style=\"color: #ff0000;\">PROSSIMAMENTE<\/span><\/h2>\n<p><strong>FELTRE<\/strong> La Famiglia Ex Emigranti del Feltrino organizza la gita alla fiera &#8220;Orto Giardino&#8221; a Pordenonefiere il 6 marzo. La partenza \u00e8 alle 13 da Pedavena, con passaggio a Feltre. Il programma include l&#8217;ingresso alla fiera e una tappa in pizzeria durante il rientro. Per informazioni 40 262 9562.<\/p>\n<p><strong>BELLUNO<\/strong> Sabato 9 marzo alle ore 17:30, presso la sala &#8220;TEATRO&#8221; del Centro Congressi in piazza Piloni a Belluno, si terr\u00e0 un incontro sul tema &#8220;GAZA E KIEV: L&#8217;EUROPA TRA I CONFLITTI&#8221;. Gli interventi saranno di Germano Dottori, Consigliere scientifico di Limes, e di Gian Micalessin, giornalista, scrittore e inviato di guerra. L&#8217;incontro sar\u00e0 condotto da Franco Tosolini, ricercatore storico.<\/p>\n<div>\n<div class=\"\" dir=\"auto\">\n<div id=\":r9h:\" class=\"x1iorvi4 x1pi30zi x1l90r2v x1swvt13\" data-ad-comet-preview=\"message\" data-ad-preview=\"message\">\n<div class=\"x78zum5 xdt5ytf xz62fqu x16ldp7u\">\n<div class=\"xu06os2 x1ok221b\">\n<blockquote>\n<h3 style=\"text-align: center;\">LE CAMPE: 9 marzo con la Combricola del Blasko<\/h3>\n<\/blockquote>\n<p><a class=\"dt-pswp-item\" href=\"https:\/\/www.radiopiu.net\/wordpress\/wp-content\/uploads\/2024\/02\/Senza-nome-52.png\" data-dt-img-description=\"\" data-large_image_width=\"268\" data-large_image_height=\"486\"><img loading=\"lazy\" decoding=\"async\" class=\" wp-image-375373 aligncenter\" src=\"https:\/\/www.radiopiu.net\/wordpress\/wp-content\/uploads\/2024\/02\/Senza-nome-52-165x300.png\" alt=\"\" width=\"148\" height=\"269\" srcset=\"https:\/\/www.radiopiu.net\/wordpress\/wp-content\/uploads\/2024\/02\/Senza-nome-52-165x300.png 165w, https:\/\/www.radiopiu.net\/wordpress\/wp-content\/uploads\/2024\/02\/Senza-nome-52.png 268w\" sizes=\"auto, (max-width: 148px) 100vw, 148px\" \/><\/a><\/p>\n<\/div>\n<\/div>\n<\/div>\n<\/div>\n<\/div>\n<blockquote>\n<h2><\/h2>\n<h2><\/h2>\n<h2>SAVE THE DATE FESTIVAL&#8230;. VAI COL TOTO OSPITI<\/h2>\n<blockquote>\n<h3>SAVE THE DATE FESTIVAL AL RIFUGIO LARESEI&#8230;IL 7 APRILE SARA&#8217; UNA GIORNATA INDIMENTICABILE<\/h3>\n<\/blockquote>\n<div>\n<div class=\"x1cy8zhl x78zum5 x1q0g3np xod5an3 x1pi30zi x1swvt13 xz9dl7a\">\n<div class=\"x1iyjqo2\">\n<div class=\"x78zum5 xdt5ytf xz62fqu x16ldp7u\">\n<div>\n<p><strong>7 APRILE:<\/strong> Save The Date Festival\u00a0 al Rifugio L\u00e0resei<\/p>\n<p>UN&#8217; ALTRA ANTICIPAZIONE&#8230; Dagli schermi di Eurosport e Sky al <a class=\"x1i10hfl xjbqb8w x1ejq31n xd10rxx x1sy0etr x17r0tee x972fbf xcfux6l x1qhh985 xm0m39n x9f619 x1ypdohk xt0psk2 xe8uvvx xdj266r x11i5rnm xat24cr x1mh8g0r xexx8yu x4uap5 x18d9i69 xkhd6sd x16tdsg8 x1hl2dhg xggy1nq x1a2a7pz xt0b8zv x1fey0fg xo1l8bm\" tabindex=\"0\" role=\"link\" href=\"https:\/\/www.facebook.com\/profile.php?id=61554808097303&amp;__cft__[0]=AZW3k-zp2mDVRJleUxRSn0vN5uQP39aMIhimU7k2NjuEV7vAL-ikXSdvAIS9Y9OFROA6MvhNOS6B0xFKKk2slgcxXTJjd4zYNr7hSdMNhry7u3JsMFjQb_Ov2XA6pV2VWIEfcLAt2DSAhVj3JYGuFZHWR6CuUezd22U19A7FgD4qIQ&amp;__tn__=-]K-R\"><span class=\"xt0psk2\">Save The Date Festival<\/span><\/a> arriva Camilla Ronchi Una presentatrice Falcadina non poteva mancare!\u00a0 Si aggiunge al giornalista e presentatore Massimiliano Ossini. Acquista il tuo biglietto d&#8217;ingresso al link: <a class=\"moz-txt-link-abbreviated\" href=\"http:\/\/www.ciaotickets.com\">www.ciaotickets.com<\/a>\u00a0 \u00a0 \u00a0 \u00a0 \u00a0 save-the-date-festival 7 APRILE RIFUGIO LARESEI SKI AREA SAN PELLEGRINO-FALCADE<\/p>\n<\/div>\n<\/div>\n<\/div>\n<\/div>\n<\/div>\n<div>\n<div class=\"\" dir=\"auto\">\n<div id=\":r9h:\" class=\"x1iorvi4 x1pi30zi x1l90r2v x1swvt13\" data-ad-comet-preview=\"message\" data-ad-preview=\"message\">\n<div class=\"x78zum5 xdt5ytf xz62fqu x16ldp7u\">\n<div class=\"xu06os2 x1ok221b\">\n<div class=\"x11i5rnm xat24cr x1mh8g0r x1vvkbs xtlvy1s x126k92a\">\n<div dir=\"auto\"><\/div>\n<\/div>\n<div dir=\"auto\">\n\n\t\t\t<style type='text\/css'>\n\t\t\t\t#gallery-8 {\n\t\t\t\t\tmargin: auto;\n\t\t\t\t}\n\t\t\t\t#gallery-8 .gallery-item {\n\t\t\t\t\tfloat: left;\n\t\t\t\t\tmargin-top: 10px;\n\t\t\t\t\ttext-align: center;\n\t\t\t\t\twidth: 25%;\n\t\t\t\t}\n\t\t\t\t#gallery-8 img {\n\t\t\t\t\tborder: 2px solid #cfcfcf;\n\t\t\t\t}\n\t\t\t\t#gallery-8 .gallery-caption {\n\t\t\t\t\tmargin-left: 0;\n\t\t\t\t}\n\t\t\t\t\/* see gallery_shortcode() in wp-includes\/media.php *\/\n\t\t\t<\/style>\n\t\t<div id='gallery-8' class='dt-gallery-container gallery galleryid-376457 gallery-columns-4 gallery-size-medium'><dl class='gallery-item'>\n\t\t\t\t<dt class='gallery-icon portrait'>\n\t\t\t\t\t<a class=\"rollover rollover-zoom dt-pswp-item\" title=\"424589697_17849558076141395_6233705988191667367_n\" data-dt-img-description=\"\" data-large_image_width=\"512\" data-large_image_height=\"640\"href='https:\/\/www.radiopiu.net\/wordpress\/wp-content\/uploads\/2024\/02\/424589697_17849558076141395_6233705988191667367_n.jpg'><img loading=\"lazy\" decoding=\"async\" width=\"240\" height=\"300\" src=\"https:\/\/www.radiopiu.net\/wordpress\/wp-content\/uploads\/2024\/02\/424589697_17849558076141395_6233705988191667367_n-240x300.jpg\" class=\"attachment-medium size-medium\" alt=\"\" srcset=\"https:\/\/www.radiopiu.net\/wordpress\/wp-content\/uploads\/2024\/02\/424589697_17849558076141395_6233705988191667367_n-240x300.jpg 240w, https:\/\/www.radiopiu.net\/wordpress\/wp-content\/uploads\/2024\/02\/424589697_17849558076141395_6233705988191667367_n.jpg 512w\" sizes=\"auto, (max-width: 240px) 100vw, 240px\" \/><\/a>\n\t\t\t\t<\/dt><\/dl><dl class='gallery-item'>\n\t\t\t\t<dt class='gallery-icon landscape'>\n\t\t\t\t\t<a class=\"rollover rollover-zoom dt-pswp-item\" title=\"download\" data-dt-img-description=\"\" data-large_image_width=\"640\" data-large_image_height=\"639\"href='https:\/\/www.radiopiu.net\/wordpress\/wp-content\/uploads\/2024\/02\/download-5.jpg'><img loading=\"lazy\" decoding=\"async\" width=\"300\" height=\"300\" src=\"https:\/\/www.radiopiu.net\/wordpress\/wp-content\/uploads\/2024\/02\/download-5-300x300.jpg\" class=\"attachment-medium size-medium\" alt=\"\" srcset=\"https:\/\/www.radiopiu.net\/wordpress\/wp-content\/uploads\/2024\/02\/download-5-300x300.jpg 300w, https:\/\/www.radiopiu.net\/wordpress\/wp-content\/uploads\/2024\/02\/download-5-150x150.jpg 150w, https:\/\/www.radiopiu.net\/wordpress\/wp-content\/uploads\/2024\/02\/download-5.jpg 640w\" sizes=\"auto, (max-width: 300px) 100vw, 300px\" \/><\/a>\n\t\t\t\t<\/dt><\/dl><dl class='gallery-item'>\n\t\t\t\t<dt class='gallery-icon landscape'>\n\t\t\t\t\t<a class=\"rollover rollover-zoom dt-pswp-item\" title=\"19c21029-a0ef-4986-8081-9facbbbce065\" data-dt-img-description=\"\" data-large_image_width=\"1080\" data-large_image_height=\"1080\"href='https:\/\/www.radiopiu.net\/wordpress\/wp-content\/uploads\/2024\/02\/19c21029-a0ef-4986-8081-9facbbbce065.jpg'><img loading=\"lazy\" decoding=\"async\" width=\"300\" height=\"300\" src=\"https:\/\/www.radiopiu.net\/wordpress\/wp-content\/uploads\/2024\/02\/19c21029-a0ef-4986-8081-9facbbbce065-300x300.jpg\" class=\"attachment-medium size-medium\" alt=\"\" srcset=\"https:\/\/www.radiopiu.net\/wordpress\/wp-content\/uploads\/2024\/02\/19c21029-a0ef-4986-8081-9facbbbce065-300x300.jpg 300w, https:\/\/www.radiopiu.net\/wordpress\/wp-content\/uploads\/2024\/02\/19c21029-a0ef-4986-8081-9facbbbce065-1024x1024.jpg 1024w, https:\/\/www.radiopiu.net\/wordpress\/wp-content\/uploads\/2024\/02\/19c21029-a0ef-4986-8081-9facbbbce065-150x150.jpg 150w, https:\/\/www.radiopiu.net\/wordpress\/wp-content\/uploads\/2024\/02\/19c21029-a0ef-4986-8081-9facbbbce065-768x768.jpg 768w, https:\/\/www.radiopiu.net\/wordpress\/wp-content\/uploads\/2024\/02\/19c21029-a0ef-4986-8081-9facbbbce065.jpg 1080w\" sizes=\"auto, (max-width: 300px) 100vw, 300px\" \/><\/a>\n\t\t\t\t<\/dt><\/dl><dl class='gallery-item'>\n\t\t\t\t<dt class='gallery-icon landscape'>\n\t\t\t\t\t<a class=\"rollover rollover-zoom dt-pswp-item\" title=\"428458808_122124610286160269_8403615925720421881_n\" data-dt-img-description=\"\" data-large_image_width=\"526\" data-large_image_height=\"526\"href='https:\/\/www.radiopiu.net\/wordpress\/wp-content\/uploads\/2024\/02\/428458808_122124610286160269_8403615925720421881_n.jpg'><img loading=\"lazy\" decoding=\"async\" width=\"300\" height=\"300\" src=\"https:\/\/www.radiopiu.net\/wordpress\/wp-content\/uploads\/2024\/02\/428458808_122124610286160269_8403615925720421881_n-300x300.jpg\" class=\"attachment-medium size-medium\" alt=\"\" srcset=\"https:\/\/www.radiopiu.net\/wordpress\/wp-content\/uploads\/2024\/02\/428458808_122124610286160269_8403615925720421881_n-300x300.jpg 300w, https:\/\/www.radiopiu.net\/wordpress\/wp-content\/uploads\/2024\/02\/428458808_122124610286160269_8403615925720421881_n-150x150.jpg 150w, https:\/\/www.radiopiu.net\/wordpress\/wp-content\/uploads\/2024\/02\/428458808_122124610286160269_8403615925720421881_n.jpg 526w\" sizes=\"auto, (max-width: 300px) 100vw, 300px\" \/><\/a>\n\t\t\t\t<\/dt><\/dl><br style=\"clear: both\" \/>\n\t\t\t<\/div>\n\n<\/div>\n<\/div>\n<\/div>\n<\/div>\n<\/div>\n<\/div>\n<\/blockquote>\n<p>&nbsp;<\/p>\n<p>&nbsp;<\/p>\n<hr \/>\n<p>&nbsp;<\/p>\n<p><a class=\"dt-pswp-item\" href=\"https:\/\/www.radiopiu.net\/wordpress\/wp-content\/uploads\/2018\/09\/viabilita.jpeg\" data-dt-img-description=\"\" data-large_image_width=\"800\" data-large_image_height=\"100\"><img loading=\"lazy\" decoding=\"async\" class=\"aligncenter wp-image-61954 size-full\" src=\"https:\/\/www.radiopiu.net\/wordpress\/wp-content\/uploads\/2018\/09\/viabilita.jpeg\" alt=\"\" width=\"800\" height=\"100\" srcset=\"https:\/\/www.radiopiu.net\/wordpress\/wp-content\/uploads\/2018\/09\/viabilita.jpeg 800w, https:\/\/www.radiopiu.net\/wordpress\/wp-content\/uploads\/2018\/09\/viabilita-300x38.jpeg 300w, https:\/\/www.radiopiu.net\/wordpress\/wp-content\/uploads\/2018\/09\/viabilita-768x96.jpeg 768w\" sizes=\"auto, (max-width: 800px) 100vw, 800px\" \/><\/a><\/p>\n<p>&nbsp;<\/p>\n<p><a class=\"dt-pswp-item\" href=\"https:\/\/www.radiopiu.net\/wordpress\/wp-content\/uploads\/2023\/12\/botol-car-service.jpg\" data-dt-img-description=\"\" data-large_image_width=\"600\" data-large_image_height=\"600\"><img loading=\"lazy\" decoding=\"async\" class=\"size-medium wp-image-367044 aligncenter\" src=\"https:\/\/www.radiopiu.net\/wordpress\/wp-content\/uploads\/2023\/12\/botol-car-service-300x300.jpg\" alt=\"\" width=\"300\" height=\"300\" srcset=\"https:\/\/www.radiopiu.net\/wordpress\/wp-content\/uploads\/2023\/12\/botol-car-service-300x300.jpg 300w, https:\/\/www.radiopiu.net\/wordpress\/wp-content\/uploads\/2023\/12\/botol-car-service-150x150.jpg 150w, https:\/\/www.radiopiu.net\/wordpress\/wp-content\/uploads\/2023\/12\/botol-car-service.jpg 600w\" sizes=\"auto, (max-width: 300px) 100vw, 300px\" \/><\/a><\/p>\n<p>&nbsp;<\/p>\n<blockquote class=\"wp-embedded-content\" data-secret=\"NQBldDKer3\"><p><a href=\"https:\/\/www.radiopiu.net\/wordpress\/viabilita\/\">viabilita<\/a><\/p><\/blockquote>\n<p><iframe loading=\"lazy\" class=\"wp-embedded-content\" sandbox=\"allow-scripts\" security=\"restricted\" style=\"position: absolute; clip: rect(1px, 1px, 1px, 1px);\" title=\"&#8220;viabilita&#8221; &#8212; Radio Pi\u00f9\" src=\"https:\/\/www.radiopiu.net\/wordpress\/viabilita\/embed\/#?secret=b9vuaSOdOu#?secret=NQBldDKer3\" data-secret=\"NQBldDKer3\" width=\"600\" height=\"338\" frameborder=\"0\" marginwidth=\"0\" marginheight=\"0\" scrolling=\"no\"><\/iframe><\/p>\n<p>&nbsp;<\/p>\n<hr \/>\n<p>&nbsp;<\/p>\n<p><a class=\"dt-pswp-item\" href=\"https:\/\/www.radiopiu.net\/wordpress\/wp-content\/uploads\/2018\/09\/WhatsApp-Image-2018-09-20-at-16.04.06.jpeg\" data-dt-img-description=\"\" data-large_image_width=\"800\" data-large_image_height=\"100\"><img loading=\"lazy\" decoding=\"async\" class=\"wp-image-61378 size-full aligncenter\" src=\"https:\/\/www.radiopiu.net\/wordpress\/wp-content\/uploads\/2018\/09\/WhatsApp-Image-2018-09-20-at-16.04.06.jpeg\" alt=\"\" width=\"800\" height=\"100\" srcset=\"https:\/\/www.radiopiu.net\/wordpress\/wp-content\/uploads\/2018\/09\/WhatsApp-Image-2018-09-20-at-16.04.06.jpeg 800w, https:\/\/www.radiopiu.net\/wordpress\/wp-content\/uploads\/2018\/09\/WhatsApp-Image-2018-09-20-at-16.04.06-300x38.jpeg 300w, https:\/\/www.radiopiu.net\/wordpress\/wp-content\/uploads\/2018\/09\/WhatsApp-Image-2018-09-20-at-16.04.06-768x96.jpeg 768w\" sizes=\"auto, (max-width: 800px) 100vw, 800px\" \/><\/a><\/p>\n<p><center><\/center><b>\u00a0 \u00a0\u00a0<\/b><\/p>\n<p><center><\/center><center><\/center><center><\/center><strong>OGGI<\/strong>\u00a0Molto nuvoloso o coperto.<br \/>\n<strong>Precipitazioni.<\/strong> Nella notte e fino al primo mattino alta probabilit\u00e0 (90-100%) di precipitazioni diffuse, deboli su Dolomiti settentrionali, moderate su Prealpi e localmente Dolomiti meridionali anche con rovesci, in generale attenuazione in mattinata ed esaurimento nel pomeriggio quando qualche rovescio potr\u00e0 insistere su alcuni settori prealpini (20-40%). Limite neve in rialzo a 1600\/1800 m su Prealpi, 1400-1600 m su Dolomiti.<br \/>\n<strong>Temperature.<\/strong> Temperature in ulteriore lieve aumento.<\/p>\n<hr \/>\n<p><strong>DOMANI<\/strong>\u00a0Nuvolosit\u00e0 variabile a tratti estesa specie su Prealpi e fino al primo mattino. Qualche irregolare schiarita durante le ore centrali specie su Dolomiti. Verso sera nuovo generale aumento delle nubi fino a molto nuvoloso o coperto<br \/>\n<strong>Precipitazioni.<\/strong>\u00a0In giornata generalmente assenti (0-10%), dalla tarda serata aumento della probabilit\u00e0 di deboli precipitazioni (40-60%) a partire da Prealpi in estensione a Dolomiti. Limite neve attorno a 1700-1900 su Prealpi, 1500-1700 su Dolomiti.<br \/>\n<strong>Temperature.<\/strong> Temperature in generale aumento.<\/p>\n<hr \/>\n<p><strong>VENERDI<\/strong> Molto nuvoloso o coperto con deboli precipitazioni diffuse, a tratti moderate su Prealpi al mattino. Limite neve in generale calo a 1300-1600 m. Temperature in generale lieve calo in quota.<\/p>\n<hr \/>\n<p><strong>SABATO<\/strong>\u00a0Fino al mattino nuvoloso, poi qualche irregolare schiarita e nuovo aumento della nuvolosit\u00e0 in serata. Possibili a tratti deboli precipitazioni sparse, con qualche rovescio su Prealpi nel pomeriggio. Limite neve a 1400\/1600 m. Temperature stazionarie o in lieve calo in quota<\/p>\n<p>&nbsp;<\/p>\n<p>&nbsp;<\/p>\n<blockquote class=\"wp-embedded-content\" data-secret=\"gm3Yfew1wA\"><p><a href=\"https:\/\/www.radiopiu.net\/wordpress\/registrati-20-cm-di-neve-fresca-a-ra-vales-e-pecol-di-zoldo-il-bollettino-neve-al-suolo-di-arpav\/\">REGISTRATI 20 CM DI NEVE FRESCA A RA VALES E PECOL DI ZOLDO. IL BOLLETTINO NEVE AL SUOLO DI ARPAV<\/a><\/p><\/blockquote>\n<p><iframe loading=\"lazy\" class=\"wp-embedded-content\" sandbox=\"allow-scripts\" security=\"restricted\" style=\"position: absolute; clip: rect(1px, 1px, 1px, 1px);\" title=\"&#8220;REGISTRATI 20 CM DI NEVE FRESCA A RA VALES E PECOL DI ZOLDO. IL BOLLETTINO NEVE AL SUOLO DI ARPAV&#8221; &#8212; Radio Pi\u00f9\" src=\"https:\/\/www.radiopiu.net\/wordpress\/registrati-20-cm-di-neve-fresca-a-ra-vales-e-pecol-di-zoldo-il-bollettino-neve-al-suolo-di-arpav\/embed\/#?secret=d2YVyEglzf#?secret=gm3Yfew1wA\" data-secret=\"gm3Yfew1wA\" width=\"600\" height=\"338\" frameborder=\"0\" marginwidth=\"0\" marginheight=\"0\" scrolling=\"no\"><\/iframe><\/p>\n<p>&nbsp;<\/p>\n<hr \/>\n<p>&nbsp;<\/p>\n<p><img loading=\"lazy\" decoding=\"async\" class=\"wp-image-60761 size-full aligncenter\" src=\"https:\/\/www.radiopiu.net\/wordpress\/wp-content\/uploads\/2018\/09\/sport.jpg\" alt=\"\" width=\"800\" height=\"100\" srcset=\"https:\/\/www.radiopiu.net\/wordpress\/wp-content\/uploads\/2018\/09\/sport.jpg 800w, https:\/\/www.radiopiu.net\/wordpress\/wp-content\/uploads\/2018\/09\/sport-300x38.jpg 300w, https:\/\/www.radiopiu.net\/wordpress\/wp-content\/uploads\/2018\/09\/sport-768x96.jpg 768w\" sizes=\"auto, (max-width: 800px) 100vw, 800px\" \/><\/p>\n<p>&nbsp;<\/p>\n<p><span style=\"color: #0000ff;\"><strong>NUOTO<\/strong><\/span><\/p>\n<blockquote>\n<h3>MEETING REGIONALE A VICENZA: LA SPORTIVAMENTE BELLUNO CALA IL POKER<\/h3>\n<\/blockquote>\n<p><strong><a class=\"dt-pswp-item\" href=\"https:\/\/www.radiopiu.net\/wordpress\/wp-content\/uploads\/2024\/02\/Meeting_regionale.jpg\" data-dt-img-description=\"\" data-large_image_width=\"1661\" data-large_image_height=\"1084\"><img loading=\"lazy\" decoding=\"async\" class=\" wp-image-376491 alignleft\" src=\"https:\/\/www.radiopiu.net\/wordpress\/wp-content\/uploads\/2024\/02\/Meeting_regionale-300x196.jpg\" alt=\"\" width=\"155\" height=\"101\" srcset=\"https:\/\/www.radiopiu.net\/wordpress\/wp-content\/uploads\/2024\/02\/Meeting_regionale-300x196.jpg 300w, https:\/\/www.radiopiu.net\/wordpress\/wp-content\/uploads\/2024\/02\/Meeting_regionale-1024x668.jpg 1024w, https:\/\/www.radiopiu.net\/wordpress\/wp-content\/uploads\/2024\/02\/Meeting_regionale-768x501.jpg 768w, https:\/\/www.radiopiu.net\/wordpress\/wp-content\/uploads\/2024\/02\/Meeting_regionale-1536x1002.jpg 1536w, https:\/\/www.radiopiu.net\/wordpress\/wp-content\/uploads\/2024\/02\/Meeting_regionale.jpg 1661w\" sizes=\"auto, (max-width: 155px) 100vw, 155px\" \/><\/a>BELLUNO<\/strong>Quattro nuotatori della Sportivamente Belluno hanno eccelso al Meeting regionale degli Esordienti B a Vicenza. Mattia Brianti, nei 50 stile e 200 rana, ha conquistato la terza posizione con 45\u201d9. Nicola De Min ha migliorato il personale nei 50 rana con un tempo di 47&#8243;, piazzandosi quinto. La staffetta 4&#215;50 mista ha ottenuto risultati positivi, e Mattia Brianti ha chiuso la giornata con un brillante quarto posto nei 50 stile in 35\u201d1. Il tecnico Sogne \u00e8 orgoglioso del debutto regionale e dei miglioramenti dei ragazzi. Ora si preparano per gli appuntamenti di marzo, a cominciare da Oderzo domenica prossima.<\/p>\n<p>&nbsp;<\/p>\n<blockquote>\n<h3>OTTIMI RISULTATI PER I GIOVANISSIMI DI ATTIVAMENTE AGORDINO ALLA 3\u00b0 GIORNATA DEL CIRCUITO PROPAGANDA<\/h3>\n<\/blockquote>\n<p><strong>AGORDO<\/strong> Domenica 25 febbraio si \u00e8 svolta presso la Piscina di Santa Giustina, la 3\u00b0 giornata del circuito propaganda con ottimi risultati dei giovanissimi atleti (anni 2018-2013) di Attivamente Agordino. Doppio oro per Carlotta Fusina nei 50 RA e 50 DO\/RA. Prossimo appuntamento ad Agordo domenica 10 marzo con la 4\u00b0 giornata del circuito propaganda.<\/p>\n\n\t\t\t<style type='text\/css'>\n\t\t\t\t#gallery-9 {\n\t\t\t\t\tmargin: auto;\n\t\t\t\t}\n\t\t\t\t#gallery-9 .gallery-item {\n\t\t\t\t\tfloat: left;\n\t\t\t\t\tmargin-top: 10px;\n\t\t\t\t\ttext-align: center;\n\t\t\t\t\twidth: 50%;\n\t\t\t\t}\n\t\t\t\t#gallery-9 img {\n\t\t\t\t\tborder: 2px solid #cfcfcf;\n\t\t\t\t}\n\t\t\t\t#gallery-9 .gallery-caption {\n\t\t\t\t\tmargin-left: 0;\n\t\t\t\t}\n\t\t\t\t\/* see gallery_shortcode() in wp-includes\/media.php *\/\n\t\t\t<\/style>\n\t\t<div id='gallery-9' class='dt-gallery-container gallery galleryid-376457 gallery-columns-2 gallery-size-medium'><dl class='gallery-item'>\n\t\t\t\t<dt class='gallery-icon landscape'>\n\t\t\t\t\t<a class=\"rollover rollover-zoom dt-pswp-item\" title=\"b82da247-3819-40b5-bbda-adcb16673f84\" data-dt-img-description=\"\" data-large_image_width=\"1600\" data-large_image_height=\"1200\"href='https:\/\/www.radiopiu.net\/wordpress\/wp-content\/uploads\/2024\/02\/b82da247-3819-40b5-bbda-adcb16673f84.jpg'><img loading=\"lazy\" decoding=\"async\" width=\"300\" height=\"225\" src=\"https:\/\/www.radiopiu.net\/wordpress\/wp-content\/uploads\/2024\/02\/b82da247-3819-40b5-bbda-adcb16673f84-300x225.jpg\" class=\"attachment-medium size-medium\" alt=\"\" srcset=\"https:\/\/www.radiopiu.net\/wordpress\/wp-content\/uploads\/2024\/02\/b82da247-3819-40b5-bbda-adcb16673f84-300x225.jpg 300w, https:\/\/www.radiopiu.net\/wordpress\/wp-content\/uploads\/2024\/02\/b82da247-3819-40b5-bbda-adcb16673f84-1024x768.jpg 1024w, https:\/\/www.radiopiu.net\/wordpress\/wp-content\/uploads\/2024\/02\/b82da247-3819-40b5-bbda-adcb16673f84-768x576.jpg 768w, https:\/\/www.radiopiu.net\/wordpress\/wp-content\/uploads\/2024\/02\/b82da247-3819-40b5-bbda-adcb16673f84-1536x1152.jpg 1536w, https:\/\/www.radiopiu.net\/wordpress\/wp-content\/uploads\/2024\/02\/b82da247-3819-40b5-bbda-adcb16673f84.jpg 1600w\" sizes=\"auto, (max-width: 300px) 100vw, 300px\" \/><\/a>\n\t\t\t\t<\/dt><\/dl><dl class='gallery-item'>\n\t\t\t\t<dt class='gallery-icon landscape'>\n\t\t\t\t\t<a class=\"rollover rollover-zoom dt-pswp-item\" title=\"54cb25eb-7af3-49cd-8d9a-0290aaded584\" data-dt-img-description=\"\" data-large_image_width=\"1600\" data-large_image_height=\"1200\"href='https:\/\/www.radiopiu.net\/wordpress\/wp-content\/uploads\/2024\/02\/54cb25eb-7af3-49cd-8d9a-0290aaded584.jpg'><img loading=\"lazy\" decoding=\"async\" width=\"300\" height=\"225\" src=\"https:\/\/www.radiopiu.net\/wordpress\/wp-content\/uploads\/2024\/02\/54cb25eb-7af3-49cd-8d9a-0290aaded584-300x225.jpg\" class=\"attachment-medium size-medium\" alt=\"\" srcset=\"https:\/\/www.radiopiu.net\/wordpress\/wp-content\/uploads\/2024\/02\/54cb25eb-7af3-49cd-8d9a-0290aaded584-300x225.jpg 300w, https:\/\/www.radiopiu.net\/wordpress\/wp-content\/uploads\/2024\/02\/54cb25eb-7af3-49cd-8d9a-0290aaded584-1024x768.jpg 1024w, https:\/\/www.radiopiu.net\/wordpress\/wp-content\/uploads\/2024\/02\/54cb25eb-7af3-49cd-8d9a-0290aaded584-768x576.jpg 768w, https:\/\/www.radiopiu.net\/wordpress\/wp-content\/uploads\/2024\/02\/54cb25eb-7af3-49cd-8d9a-0290aaded584-1536x1152.jpg 1536w, https:\/\/www.radiopiu.net\/wordpress\/wp-content\/uploads\/2024\/02\/54cb25eb-7af3-49cd-8d9a-0290aaded584.jpg 1600w\" sizes=\"auto, (max-width: 300px) 100vw, 300px\" \/><\/a>\n\t\t\t\t<\/dt><\/dl><br style=\"clear: both\" \/>\n\t\t\t<\/div>\n\n<p>&nbsp;<\/p>\n<p>&nbsp;<\/p>\n<p>&nbsp;<\/p>\n<p><span style=\"color: #0000ff;\"><strong>\u00a0PALLAVOLO<\/strong><\/span><\/p>\n<blockquote>\n<h3>TURNO INFRASETTIMANALE PER IL BELLUNO VOLLEY<\/h3>\n<\/blockquote>\n<p><strong><a class=\"dt-pswp-item\" href=\"https:\/\/www.radiopiu.net\/wordpress\/wp-content\/uploads\/2024\/02\/Rinoceronti_attesi_dal_match_con_la_Geetit.jpg\" data-dt-img-description=\"\" data-large_image_width=\"1508\" data-large_image_height=\"1005\"><img loading=\"lazy\" decoding=\"async\" class=\" wp-image-376470 alignleft\" src=\"https:\/\/www.radiopiu.net\/wordpress\/wp-content\/uploads\/2024\/02\/Rinoceronti_attesi_dal_match_con_la_Geetit-300x200.jpg\" alt=\"\" width=\"158\" height=\"105\" srcset=\"https:\/\/www.radiopiu.net\/wordpress\/wp-content\/uploads\/2024\/02\/Rinoceronti_attesi_dal_match_con_la_Geetit-300x200.jpg 300w, https:\/\/www.radiopiu.net\/wordpress\/wp-content\/uploads\/2024\/02\/Rinoceronti_attesi_dal_match_con_la_Geetit-1024x682.jpg 1024w, https:\/\/www.radiopiu.net\/wordpress\/wp-content\/uploads\/2024\/02\/Rinoceronti_attesi_dal_match_con_la_Geetit-768x512.jpg 768w, https:\/\/www.radiopiu.net\/wordpress\/wp-content\/uploads\/2024\/02\/Rinoceronti_attesi_dal_match_con_la_Geetit.jpg 1508w\" sizes=\"auto, (max-width: 158px) 100vw, 158px\" \/><\/a>BELLUNO <\/strong>Il Belluno Volley, in un febbraio intenso, affronta stasera alle 20:30 in trasferta la Geetit Bologna nella Serie A3 Credem Banca. Nonostante la vittoria nel match d&#8217;andata, il capitano Fabio Bisi avverte sull&#8217;importanza di non sottovalutare l&#8217;avversario, reduce da tre vittorie consecutive. Con le assenze di Gonzalo Martinez e Andrea De Col, il Belluno Volley, gi\u00e0 qualificato per i playoff, si impegna a mantenere l&#8217;alto livello di concentrazione. Bisi enfatizza l&#8217;importanza di continuare la striscia positiva e ottenere il miglior piazzamento possibile. Il terzo posto attuale verr\u00e0 difeso contro la Senini Motta, mentre Bisi sottolinea l&#8217;importanza del fattore campo nei playoff. La coppia arbitrale sar\u00e0 Eleonora Candeloro e Roberto Russo, e la partita sar\u00e0 trasmessa in diretta sul canale YouTube della Lega Volley.<\/p>\n<p>&nbsp;<\/p>\n<hr \/>\n<h2><span style=\"color: #33cccc;\">GOODBYE BY BICICLE&#8230;UN VIAGGIO DALL&#8217;INDIA A SEREN DEL GRAPPA IN BICICLETTA<\/span><\/h2>\n<p><a class=\"dt-pswp-item\" href=\"https:\/\/www.radiopiu.net\/wordpress\/wp-content\/uploads\/2024\/02\/4c8c2ae5-aec7-4777-925c-a2413879888e.jpg\" data-dt-img-description=\"\" data-large_image_width=\"1600\" data-large_image_height=\"1200\"><img loading=\"lazy\" decoding=\"async\" class=\" wp-image-375169 alignleft\" src=\"https:\/\/www.radiopiu.net\/wordpress\/wp-content\/uploads\/2024\/02\/4c8c2ae5-aec7-4777-925c-a2413879888e-300x225.jpg\" alt=\"\" width=\"165\" height=\"124\" srcset=\"https:\/\/www.radiopiu.net\/wordpress\/wp-content\/uploads\/2024\/02\/4c8c2ae5-aec7-4777-925c-a2413879888e-300x225.jpg 300w, https:\/\/www.radiopiu.net\/wordpress\/wp-content\/uploads\/2024\/02\/4c8c2ae5-aec7-4777-925c-a2413879888e-1024x768.jpg 1024w, https:\/\/www.radiopiu.net\/wordpress\/wp-content\/uploads\/2024\/02\/4c8c2ae5-aec7-4777-925c-a2413879888e-768x576.jpg 768w, https:\/\/www.radiopiu.net\/wordpress\/wp-content\/uploads\/2024\/02\/4c8c2ae5-aec7-4777-925c-a2413879888e-1536x1152.jpg 1536w, https:\/\/www.radiopiu.net\/wordpress\/wp-content\/uploads\/2024\/02\/4c8c2ae5-aec7-4777-925c-a2413879888e.jpg 1600w\" sizes=\"auto, (max-width: 165px) 100vw, 165px\" \/><\/a>\u00c8 iniziato il 10 gennaio il viaggio in bicicletta di Aire e Lili che assieme al loro cane stanno percorrendo un lungo tragitto che \u00e8 partito in India e terminer\u00e0 a Rasai di Seren Del Grappa. Un viaggio in cui i due avventurieri faranno delle tappe per conoscere nuove persone e presentare il progetto nelle scuole.<\/p>\n<p><span style=\"color: #ff0000;\"><strong>PER SEGUIRE IL VIAGGIO PREMI IL TASTO DEL SOCIAL PREFERITO<\/strong><\/span><\/p>\n<p><strong><a href=\"https:\/\/www.instagram.com\/goodbyebybicycle?igsh=ZTN3N2ZpZ2hmeWFy\">INSTAGRAM<\/a> &#8212; <a href=\"https:\/\/www.youtube.com\/@GoodByeByBicycle\">YOUTUBE<\/a><\/strong><\/p>\n<p><strong>PUNTATA 02 &#8211; CONTINUA IL VIAGGIO DI AIRE E LILI<\/strong><\/p>\n<audio class=\"wp-audio-shortcode\" id=\"audio-376457-23\" preload=\"none\" style=\"width: 100%;\" controls=\"controls\"><source type=\"audio\/mpeg\" src=\"https:\/\/www.radiopiu.net\/wordpress\/wp-content\/uploads\/2024\/02\/INDIA-PUNTATA-02.mp3?_=23\" \/><a href=\"https:\/\/www.radiopiu.net\/wordpress\/wp-content\/uploads\/2024\/02\/INDIA-PUNTATA-02.mp3\">https:\/\/www.radiopiu.net\/wordpress\/wp-content\/uploads\/2024\/02\/INDIA-PUNTATA-02.mp3<\/a><\/audio>\n<p>&nbsp;<\/p>\n\n\t\t\t<style type='text\/css'>\n\t\t\t\t#gallery-10 {\n\t\t\t\t\tmargin: auto;\n\t\t\t\t}\n\t\t\t\t#gallery-10 .gallery-item {\n\t\t\t\t\tfloat: left;\n\t\t\t\t\tmargin-top: 10px;\n\t\t\t\t\ttext-align: center;\n\t\t\t\t\twidth: 25%;\n\t\t\t\t}\n\t\t\t\t#gallery-10 img {\n\t\t\t\t\tborder: 2px solid #cfcfcf;\n\t\t\t\t}\n\t\t\t\t#gallery-10 .gallery-caption {\n\t\t\t\t\tmargin-left: 0;\n\t\t\t\t}\n\t\t\t\t\/* see gallery_shortcode() in wp-includes\/media.php *\/\n\t\t\t<\/style>\n\t\t<div id='gallery-10' class='dt-gallery-container gallery galleryid-376457 gallery-columns-4 gallery-size-thumbnail'><dl class='gallery-item'>\n\t\t\t\t<dt class='gallery-icon landscape'>\n\t\t\t\t\t<a class=\"rollover rollover-zoom dt-pswp-item\" title=\"f57a3c0a-208b-4c7e-8f6c-21c1e6e926b7\" data-dt-img-description=\"\" data-large_image_width=\"1600\" data-large_image_height=\"1200\"href='https:\/\/www.radiopiu.net\/wordpress\/wp-content\/uploads\/2024\/02\/f57a3c0a-208b-4c7e-8f6c-21c1e6e926b7.jpg'><img loading=\"lazy\" decoding=\"async\" width=\"150\" height=\"150\" src=\"https:\/\/www.radiopiu.net\/wordpress\/wp-content\/uploads\/2024\/02\/f57a3c0a-208b-4c7e-8f6c-21c1e6e926b7-150x150.jpg\" class=\"attachment-thumbnail size-thumbnail\" alt=\"\" \/><\/a>\n\t\t\t\t<\/dt><\/dl><dl class='gallery-item'>\n\t\t\t\t<dt class='gallery-icon landscape'>\n\t\t\t\t\t<a class=\"rollover rollover-zoom dt-pswp-item\" title=\"dc049002-d17d-40bd-9c80-7cb337b93212\" data-dt-img-description=\"\" data-large_image_width=\"1600\" data-large_image_height=\"1200\"href='https:\/\/www.radiopiu.net\/wordpress\/wp-content\/uploads\/2024\/02\/dc049002-d17d-40bd-9c80-7cb337b93212.jpg'><img loading=\"lazy\" decoding=\"async\" width=\"150\" height=\"150\" src=\"https:\/\/www.radiopiu.net\/wordpress\/wp-content\/uploads\/2024\/02\/dc049002-d17d-40bd-9c80-7cb337b93212-150x150.jpg\" class=\"attachment-thumbnail size-thumbnail\" alt=\"\" \/><\/a>\n\t\t\t\t<\/dt><\/dl><dl class='gallery-item'>\n\t\t\t\t<dt class='gallery-icon portrait'>\n\t\t\t\t\t<a class=\"rollover rollover-zoom dt-pswp-item\" title=\"01799555-cb79-4cae-b325-8e689445fe13\" data-dt-img-description=\"\" data-large_image_width=\"914\" data-large_image_height=\"1026\"href='https:\/\/www.radiopiu.net\/wordpress\/wp-content\/uploads\/2024\/02\/01799555-cb79-4cae-b325-8e689445fe13.jpg'><img loading=\"lazy\" decoding=\"async\" width=\"150\" height=\"150\" src=\"https:\/\/www.radiopiu.net\/wordpress\/wp-content\/uploads\/2024\/02\/01799555-cb79-4cae-b325-8e689445fe13-150x150.jpg\" class=\"attachment-thumbnail size-thumbnail\" alt=\"\" \/><\/a>\n\t\t\t\t<\/dt><\/dl><dl class='gallery-item'>\n\t\t\t\t<dt class='gallery-icon landscape'>\n\t\t\t\t\t<a class=\"rollover rollover-zoom dt-pswp-item\" title=\"9149f29f-8f1c-439c-bff4-85e002989699\" data-dt-img-description=\"\" data-large_image_width=\"1496\" data-large_image_height=\"1496\"href='https:\/\/www.radiopiu.net\/wordpress\/wp-content\/uploads\/2024\/02\/9149f29f-8f1c-439c-bff4-85e002989699.jpg'><img loading=\"lazy\" decoding=\"async\" width=\"150\" height=\"150\" src=\"https:\/\/www.radiopiu.net\/wordpress\/wp-content\/uploads\/2024\/02\/9149f29f-8f1c-439c-bff4-85e002989699-150x150.jpg\" class=\"attachment-thumbnail size-thumbnail\" alt=\"\" srcset=\"https:\/\/www.radiopiu.net\/wordpress\/wp-content\/uploads\/2024\/02\/9149f29f-8f1c-439c-bff4-85e002989699-150x150.jpg 150w, https:\/\/www.radiopiu.net\/wordpress\/wp-content\/uploads\/2024\/02\/9149f29f-8f1c-439c-bff4-85e002989699-300x300.jpg 300w, https:\/\/www.radiopiu.net\/wordpress\/wp-content\/uploads\/2024\/02\/9149f29f-8f1c-439c-bff4-85e002989699-1024x1024.jpg 1024w, https:\/\/www.radiopiu.net\/wordpress\/wp-content\/uploads\/2024\/02\/9149f29f-8f1c-439c-bff4-85e002989699-768x768.jpg 768w, https:\/\/www.radiopiu.net\/wordpress\/wp-content\/uploads\/2024\/02\/9149f29f-8f1c-439c-bff4-85e002989699.jpg 1496w\" sizes=\"auto, (max-width: 150px) 100vw, 150px\" \/><\/a>\n\t\t\t\t<\/dt><\/dl><br style=\"clear: both\" \/><dl class='gallery-item'>\n\t\t\t\t<dt class='gallery-icon landscape'>\n\t\t\t\t\t<a class=\"rollover rollover-zoom dt-pswp-item\" title=\"5256f650-bee9-4ab6-9e82-480807fb845b\" data-dt-img-description=\"\" data-large_image_width=\"1496\" data-large_image_height=\"1496\"href='https:\/\/www.radiopiu.net\/wordpress\/wp-content\/uploads\/2024\/02\/5256f650-bee9-4ab6-9e82-480807fb845b.jpg'><img loading=\"lazy\" decoding=\"async\" width=\"150\" height=\"150\" src=\"https:\/\/www.radiopiu.net\/wordpress\/wp-content\/uploads\/2024\/02\/5256f650-bee9-4ab6-9e82-480807fb845b-150x150.jpg\" class=\"attachment-thumbnail size-thumbnail\" alt=\"\" srcset=\"https:\/\/www.radiopiu.net\/wordpress\/wp-content\/uploads\/2024\/02\/5256f650-bee9-4ab6-9e82-480807fb845b-150x150.jpg 150w, https:\/\/www.radiopiu.net\/wordpress\/wp-content\/uploads\/2024\/02\/5256f650-bee9-4ab6-9e82-480807fb845b-300x300.jpg 300w, https:\/\/www.radiopiu.net\/wordpress\/wp-content\/uploads\/2024\/02\/5256f650-bee9-4ab6-9e82-480807fb845b-1024x1024.jpg 1024w, https:\/\/www.radiopiu.net\/wordpress\/wp-content\/uploads\/2024\/02\/5256f650-bee9-4ab6-9e82-480807fb845b-768x768.jpg 768w, https:\/\/www.radiopiu.net\/wordpress\/wp-content\/uploads\/2024\/02\/5256f650-bee9-4ab6-9e82-480807fb845b.jpg 1496w\" sizes=\"auto, (max-width: 150px) 100vw, 150px\" \/><\/a>\n\t\t\t\t<\/dt><\/dl><dl class='gallery-item'>\n\t\t\t\t<dt class='gallery-icon landscape'>\n\t\t\t\t\t<a class=\"rollover rollover-zoom dt-pswp-item\" title=\"35ec5cbc-e543-4b2f-a8b6-cd6ba4066769\" data-dt-img-description=\"\" data-large_image_width=\"1280\" data-large_image_height=\"960\"href='https:\/\/www.radiopiu.net\/wordpress\/wp-content\/uploads\/2024\/02\/35ec5cbc-e543-4b2f-a8b6-cd6ba4066769.jpg'><img loading=\"lazy\" decoding=\"async\" width=\"150\" height=\"150\" src=\"https:\/\/www.radiopiu.net\/wordpress\/wp-content\/uploads\/2024\/02\/35ec5cbc-e543-4b2f-a8b6-cd6ba4066769-150x150.jpg\" class=\"attachment-thumbnail size-thumbnail\" alt=\"\" \/><\/a>\n\t\t\t\t<\/dt><\/dl><dl class='gallery-item'>\n\t\t\t\t<dt class='gallery-icon landscape'>\n\t\t\t\t\t<a class=\"rollover rollover-zoom dt-pswp-item\" title=\"34f7e5eb-b813-4aa9-99b1-d34f2de50a09\" data-dt-img-description=\"\" data-large_image_width=\"1496\" data-large_image_height=\"1496\"href='https:\/\/www.radiopiu.net\/wordpress\/wp-content\/uploads\/2024\/02\/34f7e5eb-b813-4aa9-99b1-d34f2de50a09.jpg'><img loading=\"lazy\" decoding=\"async\" width=\"150\" height=\"150\" src=\"https:\/\/www.radiopiu.net\/wordpress\/wp-content\/uploads\/2024\/02\/34f7e5eb-b813-4aa9-99b1-d34f2de50a09-150x150.jpg\" class=\"attachment-thumbnail size-thumbnail\" alt=\"\" srcset=\"https:\/\/www.radiopiu.net\/wordpress\/wp-content\/uploads\/2024\/02\/34f7e5eb-b813-4aa9-99b1-d34f2de50a09-150x150.jpg 150w, https:\/\/www.radiopiu.net\/wordpress\/wp-content\/uploads\/2024\/02\/34f7e5eb-b813-4aa9-99b1-d34f2de50a09-300x300.jpg 300w, https:\/\/www.radiopiu.net\/wordpress\/wp-content\/uploads\/2024\/02\/34f7e5eb-b813-4aa9-99b1-d34f2de50a09-1024x1024.jpg 1024w, https:\/\/www.radiopiu.net\/wordpress\/wp-content\/uploads\/2024\/02\/34f7e5eb-b813-4aa9-99b1-d34f2de50a09-768x768.jpg 768w, https:\/\/www.radiopiu.net\/wordpress\/wp-content\/uploads\/2024\/02\/34f7e5eb-b813-4aa9-99b1-d34f2de50a09.jpg 1496w\" sizes=\"auto, (max-width: 150px) 100vw, 150px\" \/><\/a>\n\t\t\t\t<\/dt><\/dl><dl class='gallery-item'>\n\t\t\t\t<dt class='gallery-icon landscape'>\n\t\t\t\t\t<a class=\"rollover rollover-zoom dt-pswp-item\" title=\"5d7553ac-1871-468e-a860-77974ae70f3b\" data-dt-img-description=\"\" data-large_image_width=\"1496\" data-large_image_height=\"1496\"href='https:\/\/www.radiopiu.net\/wordpress\/wp-content\/uploads\/2024\/02\/5d7553ac-1871-468e-a860-77974ae70f3b.jpg'><img loading=\"lazy\" decoding=\"async\" width=\"150\" height=\"150\" src=\"https:\/\/www.radiopiu.net\/wordpress\/wp-content\/uploads\/2024\/02\/5d7553ac-1871-468e-a860-77974ae70f3b-150x150.jpg\" class=\"attachment-thumbnail size-thumbnail\" alt=\"\" srcset=\"https:\/\/www.radiopiu.net\/wordpress\/wp-content\/uploads\/2024\/02\/5d7553ac-1871-468e-a860-77974ae70f3b-150x150.jpg 150w, https:\/\/www.radiopiu.net\/wordpress\/wp-content\/uploads\/2024\/02\/5d7553ac-1871-468e-a860-77974ae70f3b-300x300.jpg 300w, https:\/\/www.radiopiu.net\/wordpress\/wp-content\/uploads\/2024\/02\/5d7553ac-1871-468e-a860-77974ae70f3b-1024x1024.jpg 1024w, https:\/\/www.radiopiu.net\/wordpress\/wp-content\/uploads\/2024\/02\/5d7553ac-1871-468e-a860-77974ae70f3b-768x768.jpg 768w, https:\/\/www.radiopiu.net\/wordpress\/wp-content\/uploads\/2024\/02\/5d7553ac-1871-468e-a860-77974ae70f3b.jpg 1496w\" sizes=\"auto, (max-width: 150px) 100vw, 150px\" \/><\/a>\n\t\t\t\t<\/dt><\/dl><br style=\"clear: both\" \/>\n\t\t\t<\/div>\n\n<p>&nbsp;<\/p>\n<h2>LA RACCOLTA COMPLETA <a href=\"https:\/\/www.radiopiu.net\/wordpress\/goodbye-by-bicicle-un-viaggio-dallindia-a-seren-del-grappa-in-bicicletta-02\/\">CLICCA QUI<\/a><\/h2>\n<p>&nbsp;<\/p>\n<blockquote class=\"wp-embedded-content\" data-secret=\"gU0lebFPMz\"><p><a href=\"https:\/\/www.radiopiu.net\/wordpress\/il-giormale-radio-di-marco-dal-farra-05\/\">IL GIORMALE RADIO DI MARCO DAL FARRA &#8211; LA RACCOLTA<\/a><\/p><\/blockquote>\n<p><iframe loading=\"lazy\" class=\"wp-embedded-content\" sandbox=\"allow-scripts\" security=\"restricted\" style=\"position: absolute; clip: rect(1px, 1px, 1px, 1px);\" title=\"&#8220;IL GIORMALE RADIO DI MARCO DAL FARRA &#8211; LA RACCOLTA&#8221; &#8212; Radio Pi\u00f9\" src=\"https:\/\/www.radiopiu.net\/wordpress\/il-giormale-radio-di-marco-dal-farra-05\/embed\/#?secret=KdAADSYdCX#?secret=gU0lebFPMz\" data-secret=\"gU0lebFPMz\" width=\"600\" height=\"338\" frameborder=\"0\" marginwidth=\"0\" marginheight=\"0\" scrolling=\"no\"><\/iframe><\/p>\n<p>&nbsp;<\/p>\n<h2><span style=\"color: #00ccff;\">SALUTE &amp; SOCIETA&#8217;<\/span><\/h2>\n<p><a class=\"dt-pswp-item\" href=\"https:\/\/www.radiopiu.net\/wordpress\/wp-content\/uploads\/2024\/02\/d878df52-0328-3427-596f-7580bedf143f.jpg\" data-dt-img-description=\"Two doctors in protective masks look and discuss an X-ray or MRI scan of the patient\u2019s brain, isolated on a dark gray background.\" data-large_image_width=\"800\" data-large_image_height=\"445\"><img loading=\"lazy\" decoding=\"async\" class=\"alignleft wp-image-376257 \" src=\"https:\/\/www.radiopiu.net\/wordpress\/wp-content\/uploads\/2024\/02\/d878df52-0328-3427-596f-7580bedf143f-300x167.jpg\" alt=\"\" width=\"180\" height=\"100\" srcset=\"https:\/\/www.radiopiu.net\/wordpress\/wp-content\/uploads\/2024\/02\/d878df52-0328-3427-596f-7580bedf143f-300x167.jpg 300w, https:\/\/www.radiopiu.net\/wordpress\/wp-content\/uploads\/2024\/02\/d878df52-0328-3427-596f-7580bedf143f-768x427.jpg 768w, https:\/\/www.radiopiu.net\/wordpress\/wp-content\/uploads\/2024\/02\/d878df52-0328-3427-596f-7580bedf143f.jpg 800w\" sizes=\"auto, (max-width: 180px) 100vw, 180px\" \/><\/a><\/p>\n<p><strong>PUNTATA DEL 26 FEBBRAIO 2024<\/strong><\/p>\n<p><strong>Fabry\u2019s Kitchen <\/strong>Il ruolo della nutrizione nelle Malattie Rare: al via il progetto Fabry\u2019s Kitchen che punta a sensibilizzare Clinici, Istituzioni e cittadini sulla Malattia di Fabry e suggerisce un comportamento alimentare in grado di alleviare le sofferenze delle persone con malattia rara. <strong>Giornata Internazionale dell\u2019epilessia <\/strong>Il 12 Febbraio era la Giornata Internazionale dell\u2019epilessia. LICE e Fondazione LICE 2024 lanciano due campagne di sensibilizzazione: \u201cEpilessia al cinema\u201d e \u201cmetti in panchina l\u2019epilessia\u201d.<\/p>\n<audio class=\"wp-audio-shortcode\" id=\"audio-376457-24\" preload=\"none\" style=\"width: 100%;\" controls=\"controls\"><source type=\"audio\/mpeg\" src=\"https:\/\/www.radiopiu.net\/wordpress\/wp-content\/uploads\/2024\/02\/SALUTE-3.mp3?_=24\" \/><a href=\"https:\/\/www.radiopiu.net\/wordpress\/wp-content\/uploads\/2024\/02\/SALUTE-3.mp3\">https:\/\/www.radiopiu.net\/wordpress\/wp-content\/uploads\/2024\/02\/SALUTE-3.mp3<\/a><\/audio>\n<p>&nbsp;<\/p>\n<hr \/>\n<p>&nbsp;<\/p>\n<blockquote class=\"wp-embedded-content\" data-secret=\"1z6v1L6cop\"><p><a href=\"https:\/\/www.radiopiu.net\/wordpress\/ciak24\/\">CIAK SI GIRA, IL PROGRAMMA DI PAOLA LANCIATO &#8211; LA RACCOLTA<\/a><\/p><\/blockquote>\n<p><iframe loading=\"lazy\" class=\"wp-embedded-content\" sandbox=\"allow-scripts\" security=\"restricted\" style=\"position: absolute; clip: rect(1px, 1px, 1px, 1px);\" title=\"&#8220;CIAK SI GIRA, IL PROGRAMMA DI PAOLA LANCIATO &#8211; LA RACCOLTA&#8221; &#8212; Radio Pi\u00f9\" src=\"https:\/\/www.radiopiu.net\/wordpress\/ciak24\/embed\/#?secret=oMGvKPoFIE#?secret=1z6v1L6cop\" data-secret=\"1z6v1L6cop\" width=\"600\" height=\"338\" frameborder=\"0\" marginwidth=\"0\" marginheight=\"0\" scrolling=\"no\"><\/iframe><\/p>\n<p>&nbsp;<\/p>\n<p><iframe loading=\"lazy\" title=\"Vasaloppet 24\" width=\"1200\" height=\"675\" src=\"https:\/\/www.youtube.com\/embed\/hO5X-MDxAGs?feature=oembed\" frameborder=\"0\" allow=\"accelerometer; autoplay; clipboard-write; encrypted-media; gyroscope; picture-in-picture; web-share\" allowfullscreen><\/iframe><\/p>\n","protected":false},"excerpt":{"rendered":"<p>****** &nbsp; 40esimo di RADIOPIU\u2026. LA VOCE DELL\u2019EMOZIONE ISCRIVITI AL NOSTRO CANALE\u00a0\u00a0YOUTUBE PER SEGUIRE IN DIRETTA I PRINCIPALI PROGRAMMI DI RADIO PIU\u2019 E LE FUTURE DIRETTE IN ESTERNA. PER ISCRIVERTI CLICCA QUI\u00a0E PREMI\u00a0 \u201cIscriviti\u201d\u00a0 \u00a0 OGGI ALLA RADIO: ALLE 7 LA RASSEGNA STAMPA LOCALE FLASH, PER CHI COME NOI ALLE SETTE DEL MATTINO VA DI&hellip;<\/p>\n","protected":false},"author":4,"featured_media":376464,"comment_status":"closed","ping_status":"closed","sticky":false,"template":"","format":"standard","meta":{"_monsterinsights_skip_tracking":false,"_monsterinsights_sitenote_active":false,"_monsterinsights_sitenote_note":"","_monsterinsights_sitenote_category":0,"footnotes":""},"categories":[51,86,49],"tags":[],"class_list":["post-376457","post","type-post","status-publish","format-standard","has-post-thumbnail","hentry","category-evidenza-top","category-gr","category-news-18","category-51","category-86","category-49","description-off"],"img_url":"https:\/\/www.radiopiu.net\/wordpress\/wp-content\/uploads\/2024\/02\/50a8339d-a02c-42a6-8a1e-c9ccd0a71e73.jpeg","_links":{"self":[{"href":"https:\/\/www.radiopiu.net\/wordpress\/wp-json\/wp\/v2\/posts\/376457","targetHints":{"allow":["GET"]}}],"collection":[{"href":"https:\/\/www.radiopiu.net\/wordpress\/wp-json\/wp\/v2\/posts"}],"about":[{"href":"https:\/\/www.radiopiu.net\/wordpress\/wp-json\/wp\/v2\/types\/post"}],"author":[{"embeddable":true,"href":"https:\/\/www.radiopiu.net\/wordpress\/wp-json\/wp\/v2\/users\/4"}],"replies":[{"embeddable":true,"href":"https:\/\/www.radiopiu.net\/wordpress\/wp-json\/wp\/v2\/comments?post=376457"}],"version-history":[{"count":0,"href":"https:\/\/www.radiopiu.net\/wordpress\/wp-json\/wp\/v2\/posts\/376457\/revisions"}],"wp:featuredmedia":[{"embeddable":true,"href":"https:\/\/www.radiopiu.net\/wordpress\/wp-json\/wp\/v2\/media\/376464"}],"wp:attachment":[{"href":"https:\/\/www.radiopiu.net\/wordpress\/wp-json\/wp\/v2\/media?parent=376457"}],"wp:term":[{"taxonomy":"category","embeddable":true,"href":"https:\/\/www.radiopiu.net\/wordpress\/wp-json\/wp\/v2\/categories?post=376457"},{"taxonomy":"post_tag","embeddable":true,"href":"https:\/\/www.radiopiu.net\/wordpress\/wp-json\/wp\/v2\/tags?post=376457"}],"curies":[{"name":"wp","href":"https:\/\/api.w.org\/{rel}","templated":true}]}}