{"id":376566,"date":"2024-02-27T17:51:42","date_gmt":"2024-02-27T16:51:42","guid":{"rendered":"https:\/\/www.radiopiu.net\/wordpress\/?p=376566"},"modified":"2024-02-28T05:51:51","modified_gmt":"2024-02-28T04:51:51","slug":"storia-la-prima-pro-loco-bellunese-con-personalita-giuridica","status":"publish","type":"post","link":"https:\/\/www.radiopiu.net\/wordpress\/storia-la-prima-pro-loco-bellunese-con-personalita-giuridica\/","title":{"rendered":"storia, LA PRIMA PRO LOCO BELLUNESE CON PERSONALITA&#8217; GIURIDICA"},"content":{"rendered":"<p>&nbsp;<\/p>\n<blockquote><p><em>Alzando la mano i 108 soci all&#8217;unanimit\u00e0 hanno\u00a0 approvato il nuovo statuto, la Pro Loco guarda al futuro con fiducia, consapevole di aver raggiunto, in tanti anni di lavoro,\u00a0 un altro importante traguardo nel suo percorso di crescita e sviluppo.<\/em><\/p><\/blockquote>\n<p><img loading=\"lazy\" decoding=\"async\" class=\"alignleft\" src=\"https:\/\/www.radiopiu.net\/wordpress\/wp-content\/uploads\/2024\/02\/408946518_10228225488575722_1227890898673512330_n.jpg\" width=\"311\" height=\"233\" \/><strong>BELLUNO<\/strong> CI sono assemblee ordinarie, ma anche straordinarie in seno alla Pro Loco Pieve Castionese. L&#8217;ultima al Teatro San Gaetano, alla presenza del notaio Stefano Stivanello, \u00e8 uscita dall&#8217;ordinario, perch\u00e8 ora\u00a0 il sodalizio presieduto da Maurizio Fontanelle aggiunge a Pro Loco Pieve Castionese il distintivo di <em>&#8220;personalit\u00e0 giuridica&#8221;<\/em>, la prima in provincia a compiere l&#8217;importante passo. Una scelta a garanzia di maggiore sicurezza per gli amministratori, che potranno operare con serenit\u00e0, avendo limitata responsabilit\u00e0 al capitale sociale. E non finisce qui, come sottolinea il Presidente Fontanelle\u00a0<em> &#8220;Consolida la reputazione dell&#8217;associazione presso le pubbliche amministrazioni,\u00a0 fornitori e\u00a0 clienti. Una precisa identit\u00e0 legale autonoma che gli permetter\u00e0 di assumere\u00a0 un ruolo sempre pi\u00f9 attivo sul\u00a0 territorio, perch\u00e9\u00a0 \u00a0sfide e\u00a0 adempimenti sono sempre pi\u00f9 complessi&#8221;.<\/em> Al teatro di Castion i consiglieri hanno avuto modo di confrontarsi per poi approvare, all&#8217;unanimit\u00e0, il bilancio che conferma una volta in pi\u00f9 la solidit\u00e0 della Pro Loco.<\/p>\n<p>foto facebook <span class=\"x193iq5w xeuugli x13faqbe x1vvkbs x1xmvt09 x6prxxf xvq8zen xo1l8bm xi81zsa\"><strong><a class=\"x1i10hfl xjbqb8w x1ejq31n xd10rxx x1sy0etr x17r0tee x972fbf xcfux6l x1qhh985 xm0m39n x9f619 x1ypdohk xt0psk2 xe8uvvx xdj266r x11i5rnm xat24cr x1mh8g0r xexx8yu x4uap5 x18d9i69 xkhd6sd x16tdsg8 x1hl2dhg xggy1nq x1a2a7pz xt0b8zv xzsf02u x1s688f\" tabindex=\"0\" role=\"link\" href=\"https:\/\/www.facebook.com\/michele.pellegrini.56?__cft__[0]=AZUqDPFOS0VvNIJIrZF6s_sj645Hl4V9OVwQX8H1uJfHMwvtpzonuA-sS_ggCdLfxPzI9vR1ByJt0NpCMRh-m9IFt0bNkMvY5-MNjpVLWfv_kPyud7I4wjY0s86MAzSodVqKZo6QPYhYQBePD6pOxcGY7rJzXLmnGTRD0UEB3r5amKZAHDWnAnXfmGB0e0nUuLM&amp;__tn__=-]C%2CP-R\"><span class=\"xt0psk2\">Michele Pellegrini<\/span><\/a><\/strong>\u00a0<\/span><\/p>\n<p>&nbsp;<\/p>\n<p>&nbsp;<\/p>\n<p>___<\/p>\n<p>&nbsp;<\/p>\n<p><em>.<\/em><\/p>\n","protected":false},"excerpt":{"rendered":"<p>&nbsp; Alzando la mano i 108 soci all&#8217;unanimit\u00e0 hanno\u00a0 approvato il nuovo statuto, la Pro Loco guarda al futuro con fiducia, consapevole di aver raggiunto, in tanti anni di lavoro,\u00a0 un altro importante traguardo nel suo percorso di crescita e sviluppo. BELLUNO CI sono assemblee ordinarie, ma anche straordinarie in seno alla Pro Loco Pieve&hellip;<\/p>\n","protected":false},"author":4,"featured_media":376568,"comment_status":"closed","ping_status":"closed","sticky":false,"template":"","format":"standard","meta":{"_monsterinsights_skip_tracking":false,"_monsterinsights_sitenote_active":false,"_monsterinsights_sitenote_note":"","_monsterinsights_sitenote_category":0,"footnotes":""},"categories":[51,49],"tags":[],"class_list":["post-376566","post","type-post","status-publish","format-standard","has-post-thumbnail","hentry","category-evidenza-top","category-news-18","category-51","category-49","description-off"],"img_url":"https:\/\/www.radiopiu.net\/wordpress\/wp-content\/uploads\/2024\/02\/408946518_10228225488575722_1227890898673512330_n.jpg","_links":{"self":[{"href":"https:\/\/www.radiopiu.net\/wordpress\/wp-json\/wp\/v2\/posts\/376566","targetHints":{"allow":["GET"]}}],"collection":[{"href":"https:\/\/www.radiopiu.net\/wordpress\/wp-json\/wp\/v2\/posts"}],"about":[{"href":"https:\/\/www.radiopiu.net\/wordpress\/wp-json\/wp\/v2\/types\/post"}],"author":[{"embeddable":true,"href":"https:\/\/www.radiopiu.net\/wordpress\/wp-json\/wp\/v2\/users\/4"}],"replies":[{"embeddable":true,"href":"https:\/\/www.radiopiu.net\/wordpress\/wp-json\/wp\/v2\/comments?post=376566"}],"version-history":[{"count":0,"href":"https:\/\/www.radiopiu.net\/wordpress\/wp-json\/wp\/v2\/posts\/376566\/revisions"}],"wp:featuredmedia":[{"embeddable":true,"href":"https:\/\/www.radiopiu.net\/wordpress\/wp-json\/wp\/v2\/media\/376568"}],"wp:attachment":[{"href":"https:\/\/www.radiopiu.net\/wordpress\/wp-json\/wp\/v2\/media?parent=376566"}],"wp:term":[{"taxonomy":"category","embeddable":true,"href":"https:\/\/www.radiopiu.net\/wordpress\/wp-json\/wp\/v2\/categories?post=376566"},{"taxonomy":"post_tag","embeddable":true,"href":"https:\/\/www.radiopiu.net\/wordpress\/wp-json\/wp\/v2\/tags?post=376566"}],"curies":[{"name":"wp","href":"https:\/\/api.w.org\/{rel}","templated":true}]}}