{"id":376642,"date":"2024-02-29T05:59:34","date_gmt":"2024-02-29T04:59:34","guid":{"rendered":"https:\/\/www.radiopiu.net\/wordpress\/?p=376642"},"modified":"2024-02-29T09:47:41","modified_gmt":"2024-02-29T08:47:41","slug":"giornale-radiopiu-29-febbraio-2024-direttore-mirko-mezzacasada-40-anni-25-giugno-1983-25-giugno-2023","status":"publish","type":"post","link":"https:\/\/www.radiopiu.net\/wordpress\/giornale-radiopiu-29-febbraio-2024-direttore-mirko-mezzacasada-40-anni-25-giugno-1983-25-giugno-2023\/","title":{"rendered":"GIORNALE RADIOPIU 29 FEBBRAIO 2024 DIRETTORE MIRKO MEZZACASA\u2026DA 40 ANNI 25 GIUGNO 1983-25 GIUGNO 2023"},"content":{"rendered":"<p>******<\/p>\n<h1>ULTIM&#8217;ORA 05.00 de\u00f2 29 febbraio.<\/h1>\n<h1>DEVIAZIONI SULLA 52 CARNICA, EDIFICIO pericolante<\/h1>\n<p>&nbsp;<\/p>\n<div dir=\"auto\"><\/div>\n<div dir=\"auto\">***<\/div>\n<div dir=\"auto\"><\/div>\n<div dir=\"auto\"><a class=\"dt-pswp-item\" href=\"https:\/\/www.radiopiu.net\/wordpress\/wp-content\/uploads\/2024\/02\/83de2a2e-5812-4f57-897e-cc503e2c8a1d.jpg\" data-dt-img-description=\"\" data-large_image_width=\"1280\" data-large_image_height=\"720\"><img loading=\"lazy\" decoding=\"async\" class=\"size-medium wp-image-376840 alignnone\" src=\"https:\/\/www.radiopiu.net\/wordpress\/wp-content\/uploads\/2024\/02\/83de2a2e-5812-4f57-897e-cc503e2c8a1d-300x169.jpg\" alt=\"\" width=\"300\" height=\"169\" srcset=\"https:\/\/www.radiopiu.net\/wordpress\/wp-content\/uploads\/2024\/02\/83de2a2e-5812-4f57-897e-cc503e2c8a1d-300x169.jpg 300w, https:\/\/www.radiopiu.net\/wordpress\/wp-content\/uploads\/2024\/02\/83de2a2e-5812-4f57-897e-cc503e2c8a1d-1024x576.jpg 1024w, https:\/\/www.radiopiu.net\/wordpress\/wp-content\/uploads\/2024\/02\/83de2a2e-5812-4f57-897e-cc503e2c8a1d-768x432.jpg 768w, https:\/\/www.radiopiu.net\/wordpress\/wp-content\/uploads\/2024\/02\/83de2a2e-5812-4f57-897e-cc503e2c8a1d.jpg 1280w\" sizes=\"auto, (max-width: 300px) 100vw, 300px\" \/><\/a><\/div>\n<div class=\"message spoilers-container\" dir=\"auto\"><strong>STATALE 52 CARNICA<\/strong> a Lorenzago di Cadore Statale\u00a0 strada\u00a0 interrotta in prossimit\u00e0 dell ultima frazione delimitata (Villa piccola ex Bar Roma). A causa di un edificio pericolante adiacente la statale. Chiusura totale al traffico con deviazione e cartellonistica in loco solo per mezzi leggeri fino a 3,5 tonnellate. Divieto assoluto di transito per camion ed autobus. Entro il primo mattino chiusura totale della statale con deviazione per mezzi leggeri<\/div>\n<div dir=\"auto\">\n<p>&nbsp;<\/p>\n<\/div>\n<p>&nbsp;<\/p>\n<p>&nbsp;<\/p>\n<hr \/>\n<h1><\/h1>\n<h1 class=\"entry-title photoswipe-wrapper\">40esimo di RADIOPIU\u2026. LA VOCE DELL\u2019EMOZIONE<\/h1>\n<h2><\/h2>\n<h2><span style=\"color: #ff0000;\">ISCRIVITI AL NOSTRO CANALE\u00a0\u00a0YOUTUBE PER SEGUIRE IN DIRETTA I PRINCIPALI PROGRAMMI DI RADIO PIU\u2019 E LE FUTURE DIRETTE IN ESTERNA. PER ISCRIVERTI <a style=\"color: #ff0000;\" href=\"https:\/\/youtube.com\/@radiopiu1527\">CLICCA QUI\u00a0<\/a>E PREMI\u00a0 \u201cIscriviti\u201d\u00a0 \u00a0<\/span><\/h2>\n<div class=\"x1e56ztr\" data-block=\"true\" data-editor=\"avj4u\" data-offset-key=\"d3i0j-0-0\"><\/div>\n<div data-block=\"true\" data-editor=\"avj4u\" data-offset-key=\"d3i0j-0-0\"><\/div>\n<div data-block=\"true\" data-editor=\"avj4u\" data-offset-key=\"d3i0j-0-0\"><\/div>\n<div class=\"x11i5rnm xat24cr x1mh8g0r x1vvkbs xtlvy1s x126k92a\">\n<div dir=\"auto\">\n<p><a class=\"dt-pswp-item\" href=\"https:\/\/www.radiopiu.net\/wordpress\/wp-content\/uploads\/2023\/10\/34f4cfc6-e863-46e9-9695-8df44be63421.jpg\" data-dt-img-description=\"\" data-large_image_width=\"1200\" data-large_image_height=\"1200\"><img loading=\"lazy\" decoding=\"async\" class=\"wp-image-357393 alignleft\" src=\"https:\/\/www.radiopiu.net\/wordpress\/wp-content\/uploads\/2023\/10\/34f4cfc6-e863-46e9-9695-8df44be63421-300x300.jpg\" alt=\"\" width=\"81\" height=\"81\" srcset=\"https:\/\/www.radiopiu.net\/wordpress\/wp-content\/uploads\/2023\/10\/34f4cfc6-e863-46e9-9695-8df44be63421-300x300.jpg 300w, https:\/\/www.radiopiu.net\/wordpress\/wp-content\/uploads\/2023\/10\/34f4cfc6-e863-46e9-9695-8df44be63421-1024x1024.jpg 1024w, https:\/\/www.radiopiu.net\/wordpress\/wp-content\/uploads\/2023\/10\/34f4cfc6-e863-46e9-9695-8df44be63421-150x150.jpg 150w, https:\/\/www.radiopiu.net\/wordpress\/wp-content\/uploads\/2023\/10\/34f4cfc6-e863-46e9-9695-8df44be63421-768x768.jpg 768w, https:\/\/www.radiopiu.net\/wordpress\/wp-content\/uploads\/2023\/10\/34f4cfc6-e863-46e9-9695-8df44be63421.jpg 1200w\" sizes=\"auto, (max-width: 81px) 100vw, 81px\" \/><\/a>OGGI ALLA RADIO: <strong>ALLE 7<\/strong> LA RASSEGNA STAMPA LOCALE FLASH, PER CHI COME NOI ALLE SETTE DEL MATTINO VA DI FRETTA, TANTE NOTIZIE IN POCHE CHIACCHIERE. <strong>ALLE OTTO<\/strong> L&#8217;APPROFONDIMENTO NELLA STORICA RASSEGNA STAMPA LOCALE.\u00a0 DALLE 6 ALLE 21, OGNI ORA, L&#8217;INFORMAZIONE NAZIONALE, l&#8217;informazione locale,\u00a0 OGNI ORA IN CODA AL GR NAZIONALE, ALLE 14 VIABILITA 15 METEOROLOGIA 19 I TITOLI DAL TG DI ANTENNA 3 A CURA DI TIZIANA BOLOGNANI<\/p>\n<p>&nbsp;<\/p>\n<p>&nbsp;<\/p>\n<div dir=\"auto\"><a class=\"x1i10hfl xjbqb8w x1ejq31n xd10rxx x1sy0etr x17r0tee x972fbf xcfux6l x1qhh985 xm0m39n x9f619 x1ypdohk xt0psk2 xe8uvvx xdj266r x11i5rnm xat24cr x1mh8g0r xexx8yu x4uap5 x18d9i69 xkhd6sd x16tdsg8 x1hl2dhg xggy1nq x1a2a7pz xt0b8zv x1fey0fg xo1l8bm\" tabindex=\"0\" role=\"link\" href=\"https:\/\/www.facebook.com\/groups\/radiopiu\/?__cft__[0]=AZUCvj2hiOWfZ3SMnLi4VjjErCqmTbdbyDKbK_r9Y_AXfBvoro9WfWYJayYZgrI8gaWmMaNprtdTvtTxfhkOKUpSvEg2ILJLXM-QYhRqxYr2f1XvaXQYMUm2--qE9fKY5IHOaPsIFgsYnv4LL8QJ45jFfb2rFOImi91yf5XSO8FgrcpPp4hDl-109rLGYeLjDeQ&amp;__tn__=-UK-R\"><span class=\"xt0psk2\">\u00a0<\/span><\/a><\/div>\n<div dir=\"auto\"><\/div>\n<p><strong><a class=\"dt-pswp-item\" href=\"https:\/\/www.radiopiu.net\/wordpress\/wp-content\/uploads\/2024\/02\/2d44e751-d8a8-461b-8e22-d8e4e853b032.jpg\" data-dt-img-description=\"\" data-large_image_width=\"1600\" data-large_image_height=\"1200\"><img loading=\"lazy\" decoding=\"async\" class=\"wp-image-373307 alignleft\" src=\"https:\/\/www.radiopiu.net\/wordpress\/wp-content\/uploads\/2024\/02\/2d44e751-d8a8-461b-8e22-d8e4e853b032-300x225.jpg\" alt=\"\" width=\"105\" height=\"79\" srcset=\"https:\/\/www.radiopiu.net\/wordpress\/wp-content\/uploads\/2024\/02\/2d44e751-d8a8-461b-8e22-d8e4e853b032-300x225.jpg 300w, https:\/\/www.radiopiu.net\/wordpress\/wp-content\/uploads\/2024\/02\/2d44e751-d8a8-461b-8e22-d8e4e853b032-1024x768.jpg 1024w, https:\/\/www.radiopiu.net\/wordpress\/wp-content\/uploads\/2024\/02\/2d44e751-d8a8-461b-8e22-d8e4e853b032-768x576.jpg 768w, https:\/\/www.radiopiu.net\/wordpress\/wp-content\/uploads\/2024\/02\/2d44e751-d8a8-461b-8e22-d8e4e853b032-1536x1152.jpg 1536w, https:\/\/www.radiopiu.net\/wordpress\/wp-content\/uploads\/2024\/02\/2d44e751-d8a8-461b-8e22-d8e4e853b032.jpg 1600w\" sizes=\"auto, (max-width: 105px) 100vw, 105px\" \/><\/a>EL BAL DEL FIOR, DI GIULIANA DA RONCH, 29 FEBBRAIO 2024<\/strong><\/p>\n<p>&nbsp;<\/p>\n<\/div>\n<div dir=\"auto\">\n<audio class=\"wp-audio-shortcode\" id=\"audio-376642-1\" preload=\"none\" style=\"width: 100%;\" controls=\"controls\"><source type=\"audio\/mpeg\" src=\"https:\/\/www.radiopiu.net\/wordpress\/wp-content\/uploads\/2024\/02\/GGI-2.m4a?_=1\" \/><a href=\"https:\/\/www.radiopiu.net\/wordpress\/wp-content\/uploads\/2024\/02\/GGI-2.m4a\">https:\/\/www.radiopiu.net\/wordpress\/wp-content\/uploads\/2024\/02\/GGI-2.m4a<\/a><\/audio>\n<p>&nbsp;<\/p>\n<hr \/>\n<hr \/>\n<hr \/>\n<hr \/>\n<p>&nbsp;<\/p>\n<p><span style=\"color: #ff0000;\"><strong>OGGI ALLA RADIO <\/strong>\u00a0<span style=\"color: #000000;\"><strong>ALLE 7.20-19.00<\/strong>\u00a0 EL BAL DEL FIOR DI GIULIANA DA RONCH modi di dire, eventi e tradizioni <\/span><\/span><strong><span style=\"color: #000000;\">A<\/span>LLE 8. 20<\/strong> PIU&#8217; SIAMO di Marina Don\u00e0 <strong>ALLE 9<\/strong> Il country alla radio con Alex Nascinben<strong>\u00a0ALLE 10.10<\/strong>\u00a0 CIAK SI GIRA, IL GOSSIP DAI SET DEI FILM, DI PAOLA LANCIATO <strong>ALLE 10.30\u00a0 \u00a0<\/strong>MASSIMILIANO PAGLINI, SEGRETARIO CISL BELLUNO_TREVISO OSPITE DI RADIO PIU\u00a0\u00a0<strong>ALLE 13.20<\/strong>\u00a0 ANDREA DAL FARRA A CHRISTIAN MORETTI_ALLEGHE FUNIVIE DA BAITE APERTE ALLO SPLASH PARTY CON &#8220;IL PAGANTE&#8221;\u00a0 <strong>ALLE 16.30 <\/strong>La vecia popa il 10 marzo ad Agordo con Valentina De Nardin e Thomas Manfroi\u00a0\u00a0<strong>ALLE 18.30<\/strong>\u00a0 NCONTONSE CON MILLY CREPAZ DALL&#8217;ISTITUT CULTUL LADIN CESA DE JAN<\/p>\n<p>&nbsp;<\/p>\n<p>&nbsp;<\/p>\n<hr \/>\n<p>&nbsp;<\/p>\n<blockquote>\n<h2><img loading=\"lazy\" decoding=\"async\" class=\"alignleft\" src=\"https:\/\/www.radiopiu.net\/wordpress\/wp-content\/uploads\/2024\/01\/pordoi-falco-salt-2.jpg\" width=\"164\" height=\"123\" \/>RIAPERTI I PASSI DOLOMITICI<\/h2>\n<\/blockquote>\n<p>Veneto Strade comunica la riapertura della provinciale 24 del Passo Val Parola, della\u00a0 provinciale 148 Cadorna, della provinciale 638\u00a0 del Passo Giau. Permane la chiusura della provinciale 619 \u201cdi Vigo di Cadore<\/p>\n<p>&nbsp;<\/p>\n<p>&nbsp;<\/p>\n<hr \/>\n<\/div>\n<\/div>\n<blockquote>\n<blockquote>\n<h1><span style=\"color: #ff0000;\">I podcast informativi del mattino &#8211; audio &#8211;\u00a0<\/span><\/h1>\n<\/blockquote>\n<p><strong><a class=\"dt-pswp-item\" href=\"https:\/\/www.radiopiu.net\/wordpress\/wp-content\/uploads\/2023\/11\/th-10.jpg\" data-dt-img-description=\"\" data-large_image_width=\"320\" data-large_image_height=\"180\"><img loading=\"lazy\" decoding=\"async\" class=\"wp-image-362866 alignleft\" src=\"https:\/\/www.radiopiu.net\/wordpress\/wp-content\/uploads\/2023\/11\/th-10-300x169.jpg\" alt=\"\" width=\"185\" height=\"104\" srcset=\"https:\/\/www.radiopiu.net\/wordpress\/wp-content\/uploads\/2023\/11\/th-10-300x169.jpg 300w, https:\/\/www.radiopiu.net\/wordpress\/wp-content\/uploads\/2023\/11\/th-10.jpg 320w\" sizes=\"auto, (max-width: 185px) 100vw, 185px\" \/><\/a>LA RASSEGNA STAMPA NAZIONALE ALLA RADIO, OGNI GIORNO ALLE 5 E ALLE 6 DEL MATTINO <span style=\"color: #0000ff;\">viene pubblicata alle 6.00 <span style=\"color: #ff0000;\">DIRETTA RADIO\u00a0\u00a0<\/span><\/span><\/strong><\/p>\n<p>&nbsp;<\/p><\/blockquote>\n<p><span style=\"color: #ff0000;\"><strong>di VALENTINA RICCI<\/strong><\/span><br \/>\n<strong>Biden<\/strong> \u00e8 in grado di svolgere le sue funzioni. <strong>Senegal<\/strong> 20 corpi senza vita recuperati in mare. <strong>Pena di morte<\/strong> sospesa l&#8217;esecuzione del serial killer, i medici non trovano la vena per l&#8217;iniezione letale. Brucia il<strong> Texas,<\/strong> secondo maggiore incendio della sua storia.<strong> Roma<\/strong>, il consigliere di\u00a0 Zelenskyy ringrazia la Santa Sede. <strong>Alto Adige<\/strong> valanga su 3 sciatori a Vassin. <strong>Aborto<\/strong> nella costituzione francese<\/p>\n<h2>AUDIO dalle 7 del mattino<\/h2>\n<audio class=\"wp-audio-shortcode\" id=\"audio-376642-2\" preload=\"none\" style=\"width: 100%;\" controls=\"controls\"><source type=\"audio\/mpeg\" src=\"https:\/\/www.radiopiu.net\/wordpress\/wp-content\/uploads\/2024\/02\/GIORNALEDELLESEI-28.mp3?_=2\" \/><a href=\"https:\/\/www.radiopiu.net\/wordpress\/wp-content\/uploads\/2024\/02\/GIORNALEDELLESEI-28.mp3\">https:\/\/www.radiopiu.net\/wordpress\/wp-content\/uploads\/2024\/02\/GIORNALEDELLESEI-28.mp3<\/a><\/audio>\n<p>&nbsp;<\/p>\n<p>&nbsp;<\/p>\n<hr \/>\n<p>&nbsp;<\/p>\n<h1 style=\"text-align: center;\"><span style=\"color: #ff0000;\">I podcast informativi del mattino &#8211; audio &#8211;\u00a0<\/span><\/h1>\n<p><strong><a class=\"dt-pswp-item\" href=\"https:\/\/www.radiopiu.net\/wordpress\/wp-content\/uploads\/2023\/12\/images.png\" data-dt-img-description=\"\" data-large_image_width=\"316\" data-large_image_height=\"160\"><img loading=\"lazy\" decoding=\"async\" class=\"wp-image-367008 alignleft\" src=\"https:\/\/www.radiopiu.net\/wordpress\/wp-content\/uploads\/2023\/12\/images-300x152.png\" alt=\"\" width=\"235\" height=\"119\" srcset=\"https:\/\/www.radiopiu.net\/wordpress\/wp-content\/uploads\/2023\/12\/images-300x152.png 300w, https:\/\/www.radiopiu.net\/wordpress\/wp-content\/uploads\/2023\/12\/images.png 316w\" sizes=\"auto, (max-width: 235px) 100vw, 235px\" \/><\/a>OGNI GIORNO ALLE SETTE DEL MATTINO, LA RASSEGNA STAMPA LOCALE FLASH&#8230; PER CHI VA IN FRETTA. I TITOLI DAI GIORNALI E DAL SITO WWW.RADIOPIU.NET <span style=\"color: #0000ff;\">viene pubblicato alle 7.00<\/span> <span style=\"color: #ff0000;\">DIRETTA RADIO\u00a0<\/span><\/strong><\/p>\n<p><em><span style=\"color: #ff0000;\">per chi va in fretta&#8230; tante notizie in pochi minuti. L&#8217;informazione locale alla radio, ogni ora dalle 7 del mattino alle 19 della sera.\u00a0 \u00a0\u00a0<\/span><\/em><\/p>\n<p>di mirko mezzacasa<\/p>\n<p>RIAPERTI I PASSI DOLOMITICI Veneto Strade comunica la riapertura della provinciale 24 del Passo Val Parola, della\u00a0 provinciale 148 Cadorna, della provinciale 638\u00a0 del Passo Giau. Permane la chiusura della provinciale 619 \u201cdi Vigo di Cadore<br \/>\nARABBA Valanga sulla pista Salere a Porta Vescovo: Due sciatori coinvolti ma incolumi. Gli sciatori, bloccati senza piste disponibili a causa della chiusura della Salere, sono stati assistiti dalla societ\u00e0 Funivie Arabba che ha attivato un piano di emergenza<br \/>\nMALTEMPO, IN DUE GIORNI E&#8217; CADUTA LA PIOGGIA DI DUE MESI, DA RECORD NEL BELLUNESE, SUPERATI I QUANTITATIVI RAGGIUNTI CON VAIA<br \/>\nLIVINALLONGO Frana sulla strada per Larzonei, ruspe al lavoro.<br \/>\nCAORERA Frana di sassi sfiora il camion, autista illeso.<br \/>\nPIEVE DI CADORE Cantiere in via Cogonie, tre giorni di disagi.<br \/>\nVICENZA Il danno all\u2019apicoltura vicentina: moltissime le arnie sott\u2019acqua<br \/>\nVENEZIA ZANONI (PD) CONTRO LE STANZE PANORAMICHE<br \/>\nVENEZIA BIGON (PD) CHIEDE DI AUMENTARE GLI STIPENDI AGLI OSS<br \/>\nAGORDO TERREMOTO IN ASCA, SANTESSO IL DIRETTORE, PRENDE LA PORTA E TORNA A CASA<\/p>\n<h2>AUDIO dalle 7 del mattino<\/h2>\n<audio class=\"wp-audio-shortcode\" id=\"audio-376642-3\" preload=\"none\" style=\"width: 100%;\" controls=\"controls\"><source type=\"audio\/mpeg\" src=\"https:\/\/www.radiopiu.net\/wordpress\/wp-content\/uploads\/2024\/02\/GF07-24.mp3?_=3\" \/><a href=\"https:\/\/www.radiopiu.net\/wordpress\/wp-content\/uploads\/2024\/02\/GF07-24.mp3\">https:\/\/www.radiopiu.net\/wordpress\/wp-content\/uploads\/2024\/02\/GF07-24.mp3<\/a><\/audio>\n<p>&nbsp;<\/p>\n<p>&nbsp;<\/p>\n<p>&nbsp;<\/p>\n<hr \/>\n<p>&nbsp;<\/p>\n<h1><\/h1>\n<h1 style=\"text-align: center;\"><span style=\"color: #ff0000;\"><a class=\"dt-pswp-item\" href=\"https:\/\/www.radiopiu.net\/wordpress\/wp-content\/uploads\/2022\/01\/026c3f9d-dae9-4040-a3c1-a6530231bcc3.jpg\" data-dt-img-description=\"\" data-large_image_width=\"1152\" data-large_image_height=\"2048\"><img loading=\"lazy\" decoding=\"async\" class=\"wp-image-251839 alignleft\" src=\"https:\/\/www.radiopiu.net\/wordpress\/wp-content\/uploads\/2022\/01\/026c3f9d-dae9-4040-a3c1-a6530231bcc3-169x300.jpg\" alt=\"\" width=\"100\" height=\"177\" srcset=\"https:\/\/www.radiopiu.net\/wordpress\/wp-content\/uploads\/2022\/01\/026c3f9d-dae9-4040-a3c1-a6530231bcc3-169x300.jpg 169w, https:\/\/www.radiopiu.net\/wordpress\/wp-content\/uploads\/2022\/01\/026c3f9d-dae9-4040-a3c1-a6530231bcc3-576x1024.jpg 576w, https:\/\/www.radiopiu.net\/wordpress\/wp-content\/uploads\/2022\/01\/026c3f9d-dae9-4040-a3c1-a6530231bcc3-768x1365.jpg 768w, https:\/\/www.radiopiu.net\/wordpress\/wp-content\/uploads\/2022\/01\/026c3f9d-dae9-4040-a3c1-a6530231bcc3-864x1536.jpg 864w, https:\/\/www.radiopiu.net\/wordpress\/wp-content\/uploads\/2022\/01\/026c3f9d-dae9-4040-a3c1-a6530231bcc3.jpg 1152w\" sizes=\"auto, (max-width: 100px) 100vw, 100px\" \/><\/a>I podcast informativi del mattino &#8211; audio &#8211;\u00a0<\/span><\/h1>\n<blockquote><p><strong>GIORNALE RADIO NAZIONALE, EDIZIONE DELLE SETTE <span style=\"color: #0000ff;\">viene pubblicato alle 7.05 <span style=\"color: #ff0000;\">DIRETTA RADIO\u00a0<\/span><\/span><\/strong><\/p><\/blockquote>\n<p><strong>il giornale radionazionale e&#8217; in onda ogni ora, dalle sette del mattino alle venti della sera\u00a0\u00a0<\/strong><\/p>\n<p>&nbsp;<\/p>\n<h2><\/h2>\n<p>&nbsp;<\/p>\n<p><strong>Torino<\/strong> circondano l&#8217;auto della Polizia per liberare un uomo, fermate 4 persone. <strong>Mattarella<\/strong> chiama il capo della Polizia, solidariet\u00e0 agli uomini delle Forze dell&#8217;ordine <strong>Brescia<\/strong> Settantenne investito da un furgone, morto sul copo.<strong> Avellino<\/strong> 28enne arrestato per l&#8217;ennesima volta ha aggredito la madre per soldi,\u00a0 denunciato, allontanato e la madre respira. <strong>Illinois<\/strong> per le elezioni escluso Trump ier l&#8217;insurrezione in Campidoglio.<\/p>\n<h2>AUDIO dalle sette del mattino, ogni ora alla radio<\/h2>\n<audio class=\"wp-audio-shortcode\" id=\"audio-376642-4\" preload=\"none\" style=\"width: 100%;\" controls=\"controls\"><source type=\"audio\/mpeg\" src=\"https:\/\/www.radiopiu.net\/wordpress\/wp-content\/uploads\/2024\/02\/giornale07-24.mp3?_=4\" \/><a href=\"https:\/\/www.radiopiu.net\/wordpress\/wp-content\/uploads\/2024\/02\/giornale07-24.mp3\">https:\/\/www.radiopiu.net\/wordpress\/wp-content\/uploads\/2024\/02\/giornale07-24.mp3<\/a><\/audio>\n<p>&nbsp;<\/p>\n<h2><\/h2>\n<hr \/>\n<p>&nbsp;<\/p>\n<p>&nbsp;<\/p>\n<h1><span style=\"color: #ff0000;\">I podcast informativi del mattino &#8211; video &#8211;\u00a0<\/span><\/h1>\n<h2><strong><a class=\"dt-pswp-item\" href=\"https:\/\/www.radiopiu.net\/wordpress\/wp-content\/uploads\/2023\/12\/th-10.jpg\" data-dt-img-description=\"\" data-large_image_width=\"245\" data-large_image_height=\"180\"><img loading=\"lazy\" decoding=\"async\" class=\" wp-image-367395 alignleft\" src=\"https:\/\/www.radiopiu.net\/wordpress\/wp-content\/uploads\/2023\/12\/th-10.jpg\" alt=\"\" width=\"166\" height=\"122\" \/><\/a>RASSEGNA STAMPA LOCALE, ORE OTTO 05<\/strong><\/h2>\n<h2><strong> <span style=\"color: #0000ff;\">viene\u00a0 <\/span><\/strong><strong><span style=\"color: #0000ff;\">pubblicata alle 8.05 <span style=\"color: #ff0000;\">DIRETTA RADIO\u00a0\u00a0<\/span><\/span><\/strong><\/h2>\n<p>&nbsp;<\/p>\n<p><strong>DI MIRKO MEZZACASA\u00a0 \u00a0<\/strong><\/p>\n<p>BELLUNO a Camera di Commercio di Treviso Belluno Dolomiti ha discusso della preoccupante situazione demografica, evidenziando una fuga dalle terre alte verso la Valbelluna e la pianura veneta, con conseguenti problemi per le imprese. I dati indicano una proiezione di perdita di 7500 abitanti entro il 2031, con una diminuzione del 3,8% rispetto al Veneto<br \/>\nI DATI DELL\u2019 \u2018INVERNO DEMOGRAFICO\u2019 , POZZA: \u00abBISOGNA INTERVENIRE SUBITO\u00bb<br \/>\nAGORDO AMPI SPAZI CON LA NUOVA MENSA<br \/>\nFELTRE Il Comune di Feltre intensifica le Politiche Giovanili con &#8220;Scintille cre-attive&#8221;, offrendo sei nuovi laboratori per la gestione delle emozioni degli adolescenti.<br \/>\nCORTINA C&#8217;ERA UNA VOLTA IL LARICETO DI RONCO, 400 PIANTE SACRIFICATE AL BOB ambientalisti contro<br \/>\nvoltago ALESSANDRO MARINELLO, IL NUOVO GESTORE DEL RIFUGIO SCARPA &#8220;VOGLIAMO MANTENERE LE TRADIZIONE E FAR PARTE DEL TERRITORIO&#8221;<br \/>\nvigo di cadore UN BANDO PER ABBATTERE IL COSTO DEGLI ABBONAMENTI AL TRASPORTO PUBBLICO<br \/>\nbelluno \u00a0SICUREZZA NEI CANTIERI, LE SANZIONI PER I PROGETTI DI PREVENZIONE<br \/>\nbelluno MERCATO DELL&#8217;ENERGIA: LA CISL OFFRE CONSULENZA GRATUITA AI PENSIONATI<br \/>\nFALCADE, RINVIATE LE FINALI DEL LATTEBUSCHE<br \/>\nLUNED\u00cc A CORTINA D\u2019AMPEZZO IL CONVEGNO \u2018SPORT \u00c8 SCUOLA.<br \/>\nL&#8217;UFFICIO POSTALE DI TAMBRE TORNA OPERATIVO<br \/>\nFEDEZ E I NUOVI OAKLEY REGALATI DA LEONARDO MARIA DEL VECCHIO VIDEO SUL SITO DI RADIOPIU<\/p>\n<h2><strong>VIDEO\u00a0 \u00a0in diretta dalle 8 del mattino\u00a0\u00a0<\/strong><\/h2>\n<p><iframe loading=\"lazy\" title=\"DAL 1983 LA RASSEGNA STAMPA LOCALE di mirko mezzacasa. L&#039;ORIGINALE\" width=\"1200\" height=\"675\" src=\"https:\/\/www.youtube.com\/embed\/_g6zkeNBPMw?feature=oembed\" frameborder=\"0\" allow=\"accelerometer; autoplay; clipboard-write; encrypted-media; gyroscope; picture-in-picture; web-share\" allowfullscreen><\/iframe><\/p>\n<hr \/>\n<p>&nbsp;<\/p>\n<p><a class=\"dt-pswp-item\" href=\"https:\/\/www.radiopiu.net\/wordpress\/wp-content\/uploads\/2024\/02\/Senza-nome-84.png\" data-dt-img-description=\"\" data-large_image_width=\"347\" data-large_image_height=\"208\"><img loading=\"lazy\" decoding=\"async\" class=\"size-medium wp-image-376809 aligncenter\" src=\"https:\/\/www.radiopiu.net\/wordpress\/wp-content\/uploads\/2024\/02\/Senza-nome-84-300x180.png\" alt=\"\" width=\"300\" height=\"180\" srcset=\"https:\/\/www.radiopiu.net\/wordpress\/wp-content\/uploads\/2024\/02\/Senza-nome-84-300x180.png 300w, https:\/\/www.radiopiu.net\/wordpress\/wp-content\/uploads\/2024\/02\/Senza-nome-84.png 347w\" sizes=\"auto, (max-width: 300px) 100vw, 300px\" \/><\/a><\/p>\n<blockquote>\n<h2>Valanga sulla pista Salere a Porta Vescovo: Due sciatori coinvolti ma incolumi<\/h2>\n<\/blockquote>\n<p><strong><a class=\"dt-pswp-item\" href=\"https:\/\/www.radiopiu.net\/wordpress\/wp-content\/uploads\/2024\/02\/Watermark_20240228_163332_755.jpg\" data-dt-img-description=\"\" data-large_image_width=\"2364\" data-large_image_height=\"1773\"><img loading=\"lazy\" decoding=\"async\" class=\" wp-image-376747 alignleft\" src=\"https:\/\/www.radiopiu.net\/wordpress\/wp-content\/uploads\/2024\/02\/Watermark_20240228_163332_755-300x225.jpg\" alt=\"\" width=\"224\" height=\"168\" srcset=\"https:\/\/www.radiopiu.net\/wordpress\/wp-content\/uploads\/2024\/02\/Watermark_20240228_163332_755-300x225.jpg 300w, https:\/\/www.radiopiu.net\/wordpress\/wp-content\/uploads\/2024\/02\/Watermark_20240228_163332_755-1024x768.jpg 1024w, https:\/\/www.radiopiu.net\/wordpress\/wp-content\/uploads\/2024\/02\/Watermark_20240228_163332_755-768x576.jpg 768w, https:\/\/www.radiopiu.net\/wordpress\/wp-content\/uploads\/2024\/02\/Watermark_20240228_163332_755-1536x1152.jpg 1536w, https:\/\/www.radiopiu.net\/wordpress\/wp-content\/uploads\/2024\/02\/Watermark_20240228_163332_755-2048x1536.jpg 2048w\" sizes=\"auto, (max-width: 224px) 100vw, 224px\" \/><\/a>LIVINALLONGO\u00a0<\/strong> Intorno alle 12.30 di ieri, la Centrale del Suem \u00e8 stata allertata per una valanga sulla pista Salere a Porta Vescovo. Un soccorritore della Stazione di Livinallongo, presente sul posto, ha segnalato il coinvolgimento di due sciatori, che per fortuna sono usciti incolumi dalla neve. Dopo una prima ricerca con l&#8217;Artva, che ha escluso la presenza di persone sepolte, una squadra di soccorritori chiamata in rinforzo ha collaborato con il personale del servizio piste e la polizia per bonificare la superficie della valanga, che presentava accumuli fino a 3 metri su una superficie di circa 100 metri di fronte. Fortunatamente non si registrano altri coinvolti nell&#8217;incidente. <em>(Foto di archivio)<\/em>.<\/p>\n<p>&nbsp;<\/p>\n<p>Gli sciatori, bloccati senza piste disponibili a causa della chiusura della Salere, sono stati assistiti dalla societ\u00e0 Funivie Arabba che ha attivato un piano di emergenza. Circa 200 persone sono rimaste in attesa di trasporto verso le loro destinazioni tramite navette, taxi e infine un pullman di Dolomitibus. La polizia locale di Livinallongo ha aiutato nella gestione del traffico. Nonostante l&#8217;incidente legato a una valanga, la situazione \u00e8 stata gestita con skibus e trasferimenti verso impianti aperti fino a un terzo del Pordoi per consentire agli sciatori di tornare a casa in sicurezza.<\/p>\n<p>&nbsp;<\/p>\n<hr \/>\n<p>&nbsp;<\/p>\n<blockquote>\n<h3>MALTEMPO, IN DUE GIORNI E&#8217; CADUTA LA PIOGGIA DI DUE MESI<\/h3>\n<\/blockquote>\n<p><strong>LIVINALLONGO<\/strong> Frana sulla strada per Larzonei, ruspe al lavoro.<br \/>\n<strong>CAORERA<\/strong> Frana di sassi sfiora il camion, autista illeso. <span style=\"color: #ff0000;\">(foto copertina)<\/span><br \/>\n<strong>PIEVE DI CADORE<\/strong> Cantiere in via Cogonie, tre giorni di disagi.<\/p>\n<blockquote>\n<h3 class=\"_title post-title entry-title\"><\/h3>\n<p><strong><a class=\"dt-pswp-item\" href=\"https:\/\/www.radiopiu.net\/wordpress\/wp-content\/uploads\/2024\/01\/Senza-nome-34.png\" data-dt-img-description=\"\" data-large_image_width=\"239\" data-large_image_height=\"153\"><img loading=\"lazy\" decoding=\"async\" class=\"wp-image-369478 alignleft\" src=\"https:\/\/www.radiopiu.net\/wordpress\/wp-content\/uploads\/2024\/01\/Senza-nome-34.png\" alt=\"\" width=\"128\" height=\"82\" \/><\/a> <\/strong><\/p>\n<p><strong>\u00a0<\/strong><\/p>\n<p><strong>dal TG BELLUNESE di\u00a0 ANTENNA 3 ogni sera alle 19.30 sul canale 10 del digitale terrestre e alle 19 le anticipazioni alla radio.\u00a0 \u00a0 \u00a0 \u00a0<\/strong><\/p>\n<h3 class=\"_title post-title entry-title\"><\/h3>\n<h3 class=\"_title post-title entry-title\">PIOGGIA DA RECORD NEL BELLUNESE, SUPERATI I QUANTITATIVI RAGGIUNTI CON VAIA<\/h3>\n<\/blockquote>\n<p>Intervistati GIANPAOLO BOTTACIN (ASSESSORE PROTEZIONE CIVILE REGIONE VENETO) (Servizio di <a href=\"https:\/\/antennatre.medianordest.it\/redazione\/Tiziana-Bolognani\/\">Tiziana Bolognani<\/a>)<\/p>\n<p><iframe loading=\"lazy\" title=\"PIOGGIA DA RECORD NEL BELLUNESE, SUPERATI I QUANTITATIVI RAGGIUNTI CON VAIA | 28\/02\/2024\" width=\"1200\" height=\"675\" src=\"https:\/\/www.youtube.com\/embed\/zSs73WWWZkY?feature=oembed\" frameborder=\"0\" allow=\"accelerometer; autoplay; clipboard-write; encrypted-media; gyroscope; picture-in-picture; web-share\" allowfullscreen><\/iframe><\/p>\n<hr \/>\n<p>&nbsp;<\/p>\n<p>&nbsp;<\/p>\n\n\t\t\t<style type='text\/css'>\n\t\t\t\t#gallery-1 {\n\t\t\t\t\tmargin: auto;\n\t\t\t\t}\n\t\t\t\t#gallery-1 .gallery-item {\n\t\t\t\t\tfloat: left;\n\t\t\t\t\tmargin-top: 10px;\n\t\t\t\t\ttext-align: center;\n\t\t\t\t\twidth: 50%;\n\t\t\t\t}\n\t\t\t\t#gallery-1 img {\n\t\t\t\t\tborder: 2px solid #cfcfcf;\n\t\t\t\t}\n\t\t\t\t#gallery-1 .gallery-caption {\n\t\t\t\t\tmargin-left: 0;\n\t\t\t\t}\n\t\t\t\t\/* see gallery_shortcode() in wp-includes\/media.php *\/\n\t\t\t<\/style>\n\t\t<div id='gallery-1' class='dt-gallery-container gallery galleryid-376642 gallery-columns-2 gallery-size-medium'><dl class='gallery-item'>\n\t\t\t\t<dt class='gallery-icon landscape'>\n\t\t\t\t\t<a class=\"rollover rollover-zoom dt-pswp-item\" title=\"a02a8435-8991-4ef8-8972-856c6dbd51d3\" data-dt-img-description=\"\" data-large_image_width=\"1080\" data-large_image_height=\"810\"href='https:\/\/www.radiopiu.net\/wordpress\/wp-content\/uploads\/2024\/02\/a02a8435-8991-4ef8-8972-856c6dbd51d3.jpg'><img loading=\"lazy\" decoding=\"async\" width=\"300\" height=\"225\" src=\"https:\/\/www.radiopiu.net\/wordpress\/wp-content\/uploads\/2024\/02\/a02a8435-8991-4ef8-8972-856c6dbd51d3-300x225.jpg\" class=\"attachment-medium size-medium\" alt=\"\" srcset=\"https:\/\/www.radiopiu.net\/wordpress\/wp-content\/uploads\/2024\/02\/a02a8435-8991-4ef8-8972-856c6dbd51d3-300x225.jpg 300w, https:\/\/www.radiopiu.net\/wordpress\/wp-content\/uploads\/2024\/02\/a02a8435-8991-4ef8-8972-856c6dbd51d3-1024x768.jpg 1024w, https:\/\/www.radiopiu.net\/wordpress\/wp-content\/uploads\/2024\/02\/a02a8435-8991-4ef8-8972-856c6dbd51d3-768x576.jpg 768w, https:\/\/www.radiopiu.net\/wordpress\/wp-content\/uploads\/2024\/02\/a02a8435-8991-4ef8-8972-856c6dbd51d3.jpg 1080w\" sizes=\"auto, (max-width: 300px) 100vw, 300px\" \/><\/a>\n\t\t\t\t<\/dt><\/dl><dl class='gallery-item'>\n\t\t\t\t<dt class='gallery-icon landscape'>\n\t\t\t\t\t<a class=\"rollover rollover-zoom dt-pswp-item\" title=\"5b42b322-7bd2-4dbc-8267-f3011001b77d\" data-dt-img-description=\"\" data-large_image_width=\"1074\" data-large_image_height=\"397\"href='https:\/\/www.radiopiu.net\/wordpress\/wp-content\/uploads\/2024\/02\/5b42b322-7bd2-4dbc-8267-f3011001b77d.jpg'><img loading=\"lazy\" decoding=\"async\" width=\"300\" height=\"111\" src=\"https:\/\/www.radiopiu.net\/wordpress\/wp-content\/uploads\/2024\/02\/5b42b322-7bd2-4dbc-8267-f3011001b77d-300x111.jpg\" class=\"attachment-medium size-medium\" alt=\"\" srcset=\"https:\/\/www.radiopiu.net\/wordpress\/wp-content\/uploads\/2024\/02\/5b42b322-7bd2-4dbc-8267-f3011001b77d-300x111.jpg 300w, https:\/\/www.radiopiu.net\/wordpress\/wp-content\/uploads\/2024\/02\/5b42b322-7bd2-4dbc-8267-f3011001b77d-1024x379.jpg 1024w, https:\/\/www.radiopiu.net\/wordpress\/wp-content\/uploads\/2024\/02\/5b42b322-7bd2-4dbc-8267-f3011001b77d-768x284.jpg 768w, https:\/\/www.radiopiu.net\/wordpress\/wp-content\/uploads\/2024\/02\/5b42b322-7bd2-4dbc-8267-f3011001b77d.jpg 1074w\" sizes=\"auto, (max-width: 300px) 100vw, 300px\" \/><\/a>\n\t\t\t\t<\/dt><\/dl><br style=\"clear: both\" \/>\n\t\t\t<\/div>\n\n<p>&nbsp;<\/p>\n<p>&nbsp;<\/p>\n<blockquote class=\"wp-embedded-content\" data-secret=\"apaxffPPkn\"><p><a href=\"https:\/\/www.radiopiu.net\/wordpress\/maltempo-in-veneto-gli\/\">MALTEMPO IN VENETO: GLI AGGIORNAMENTI DALLA PROTEZIONE CIVILE<\/a><\/p><\/blockquote>\n<p><iframe loading=\"lazy\" class=\"wp-embedded-content\" sandbox=\"allow-scripts\" security=\"restricted\" style=\"position: absolute; clip: rect(1px, 1px, 1px, 1px);\" title=\"&#8220;MALTEMPO IN VENETO: GLI AGGIORNAMENTI DALLA PROTEZIONE CIVILE&#8221; &#8212; Radio Pi\u00f9\" src=\"https:\/\/www.radiopiu.net\/wordpress\/maltempo-in-veneto-gli\/embed\/#?secret=oFchgzp5Ne#?secret=apaxffPPkn\" data-secret=\"apaxffPPkn\" width=\"600\" height=\"338\" frameborder=\"0\" marginwidth=\"0\" marginheight=\"0\" scrolling=\"no\"><\/iframe><\/p>\n<p>&nbsp;<\/p>\n<p>&nbsp;<\/p>\n<blockquote>\n<h2>Il danno all\u2019apicoltura vicentina: moltissime le arnie sott\u2019acqua<\/h2>\n<\/blockquote>\n<p class=\"western\" align=\"CENTER\"><span style=\"color: #000000;\"><i>L\u2019Associazione Regionale Apicoltori del Veneto chiede lo stato di emergenza<\/i><\/span><\/p>\n<p style=\"text-align: left;\" align=\"CENTER\"><strong>VICENZA<\/strong>L&#8217;alluvione che ha colpito Vicenza ha causato gravi danni agli apicoltori, con numerose arnie sommerse nelle zone di Sant\u2019Agostino, Gogna, Altavilla e Arcugnano. Nonostante l&#8217;intervento della Protezione Civile, molte arnie sono state irrimediabilmente danneggiate, lasciando molti apicoltori senza nuclei all&#8217;inizio della stagione primaverile. Il presidente dell&#8217;Associazione Regionale Apicoltori del Veneto, Gerardo Meridio, annuncia la richiesta di intervento straordinario della Regione per aiutare gli apicoltori colpiti. Questo evento evidenzia ulteriormente gli effetti dei cambiamenti climatici sull&#8217;ambiente, con conseguenze negative sulla preziosa attivit\u00e0 di impollinazione svolta dalle api, fondamentale per il benessere ambientale.<\/p>\n\n\t\t\t<style type='text\/css'>\n\t\t\t\t#gallery-2 {\n\t\t\t\t\tmargin: auto;\n\t\t\t\t}\n\t\t\t\t#gallery-2 .gallery-item {\n\t\t\t\t\tfloat: left;\n\t\t\t\t\tmargin-top: 10px;\n\t\t\t\t\ttext-align: center;\n\t\t\t\t\twidth: 33%;\n\t\t\t\t}\n\t\t\t\t#gallery-2 img {\n\t\t\t\t\tborder: 2px solid #cfcfcf;\n\t\t\t\t}\n\t\t\t\t#gallery-2 .gallery-caption {\n\t\t\t\t\tmargin-left: 0;\n\t\t\t\t}\n\t\t\t\t\/* see gallery_shortcode() in wp-includes\/media.php *\/\n\t\t\t<\/style>\n\t\t<div id='gallery-2' class='dt-gallery-container gallery galleryid-376642 gallery-columns-3 gallery-size-thumbnail'><dl class='gallery-item'>\n\t\t\t\t<dt class='gallery-icon portrait'>\n\t\t\t\t\t<a class=\"rollover rollover-zoom dt-pswp-item\" title=\"WhatsApp Image 2024-02-28 at 13.23.22\" data-dt-img-description=\"\" data-large_image_width=\"180\" data-large_image_height=\"320\"href='https:\/\/www.radiopiu.net\/wordpress\/wp-content\/uploads\/2024\/02\/WhatsApp-Image-2024-02-28-at-13.23.22.jpeg'><img loading=\"lazy\" decoding=\"async\" width=\"150\" height=\"150\" src=\"https:\/\/www.radiopiu.net\/wordpress\/wp-content\/uploads\/2024\/02\/WhatsApp-Image-2024-02-28-at-13.23.22-150x150.jpeg\" class=\"attachment-thumbnail size-thumbnail\" alt=\"\" \/><\/a>\n\t\t\t\t<\/dt><\/dl><dl class='gallery-item'>\n\t\t\t\t<dt class='gallery-icon landscape'>\n\t\t\t\t\t<a class=\"rollover rollover-zoom dt-pswp-item\" title=\"WhatsApp Image 2024-02-28 at 13.24.43\" data-dt-img-description=\"\" data-large_image_width=\"320\" data-large_image_height=\"240\"href='https:\/\/www.radiopiu.net\/wordpress\/wp-content\/uploads\/2024\/02\/WhatsApp-Image-2024-02-28-at-13.24.43.jpeg'><img loading=\"lazy\" decoding=\"async\" width=\"150\" height=\"150\" src=\"https:\/\/www.radiopiu.net\/wordpress\/wp-content\/uploads\/2024\/02\/WhatsApp-Image-2024-02-28-at-13.24.43-150x150.jpeg\" class=\"attachment-thumbnail size-thumbnail\" alt=\"\" \/><\/a>\n\t\t\t\t<\/dt><\/dl><dl class='gallery-item'>\n\t\t\t\t<dt class='gallery-icon landscape'>\n\t\t\t\t\t<a class=\"rollover rollover-zoom dt-pswp-item\" title=\"WhatsApp Image 2024-02-28 at 13.26.04\" data-dt-img-description=\"\" data-large_image_width=\"320\" data-large_image_height=\"240\"href='https:\/\/www.radiopiu.net\/wordpress\/wp-content\/uploads\/2024\/02\/WhatsApp-Image-2024-02-28-at-13.26.04.jpeg'><img loading=\"lazy\" decoding=\"async\" width=\"150\" height=\"150\" src=\"https:\/\/www.radiopiu.net\/wordpress\/wp-content\/uploads\/2024\/02\/WhatsApp-Image-2024-02-28-at-13.26.04-150x150.jpeg\" class=\"attachment-thumbnail size-thumbnail\" alt=\"\" \/><\/a>\n\t\t\t\t<\/dt><\/dl><br style=\"clear: both\" \/><dl class='gallery-item'>\n\t\t\t\t<dt class='gallery-icon landscape'>\n\t\t\t\t\t<a class=\"rollover rollover-zoom dt-pswp-item\" title=\"WhatsApp Image 2024-02-28 at 13.30.32\" data-dt-img-description=\"\" data-large_image_width=\"320\" data-large_image_height=\"240\"href='https:\/\/www.radiopiu.net\/wordpress\/wp-content\/uploads\/2024\/02\/WhatsApp-Image-2024-02-28-at-13.30.32.jpeg'><img loading=\"lazy\" decoding=\"async\" width=\"150\" height=\"150\" src=\"https:\/\/www.radiopiu.net\/wordpress\/wp-content\/uploads\/2024\/02\/WhatsApp-Image-2024-02-28-at-13.30.32-150x150.jpeg\" class=\"attachment-thumbnail size-thumbnail\" alt=\"\" \/><\/a>\n\t\t\t\t<\/dt><\/dl><dl class='gallery-item'>\n\t\t\t\t<dt class='gallery-icon portrait'>\n\t\t\t\t\t<a class=\"rollover rollover-zoom dt-pswp-item\" title=\"WhatsApp Image 2024-02-28 at 15.31.23\" data-dt-img-description=\"\" data-large_image_width=\"240\" data-large_image_height=\"320\"href='https:\/\/www.radiopiu.net\/wordpress\/wp-content\/uploads\/2024\/02\/WhatsApp-Image-2024-02-28-at-15.31.23.jpeg'><img loading=\"lazy\" decoding=\"async\" width=\"150\" height=\"150\" src=\"https:\/\/www.radiopiu.net\/wordpress\/wp-content\/uploads\/2024\/02\/WhatsApp-Image-2024-02-28-at-15.31.23-150x150.jpeg\" class=\"attachment-thumbnail size-thumbnail\" alt=\"\" \/><\/a>\n\t\t\t\t<\/dt><\/dl><dl class='gallery-item'>\n\t\t\t\t<dt class='gallery-icon portrait'>\n\t\t\t\t\t<a class=\"rollover rollover-zoom dt-pswp-item\" title=\"WhatsApp Image 2024-02-28 at 15.31.24 (1)\" data-dt-img-description=\"\" data-large_image_width=\"240\" data-large_image_height=\"320\"href='https:\/\/www.radiopiu.net\/wordpress\/wp-content\/uploads\/2024\/02\/WhatsApp-Image-2024-02-28-at-15.31.24-1.jpeg'><img loading=\"lazy\" decoding=\"async\" width=\"150\" height=\"150\" src=\"https:\/\/www.radiopiu.net\/wordpress\/wp-content\/uploads\/2024\/02\/WhatsApp-Image-2024-02-28-at-15.31.24-1-150x150.jpeg\" class=\"attachment-thumbnail size-thumbnail\" alt=\"\" \/><\/a>\n\t\t\t\t<\/dt><\/dl><br style=\"clear: both\" \/>\n\t\t\t<\/div>\n\n<p>&nbsp;<\/p>\n<p>&nbsp;<\/p>\n<hr \/>\n<p>&nbsp;<\/p>\n<blockquote>\n<h3>MACIGNO SUL CAMION, NESSUNA CONSEGUENZA PER IL CONDUCENTE<\/h3>\n<\/blockquote>\n<p><strong><a class=\"dt-pswp-item\" href=\"https:\/\/www.radiopiu.net\/wordpress\/wp-content\/uploads\/2024\/02\/Senza-nome-86.png\" data-dt-img-description=\"\" data-large_image_width=\"433\" data-large_image_height=\"265\"><img loading=\"lazy\" decoding=\"async\" class=\" wp-image-376815 alignleft\" src=\"https:\/\/www.radiopiu.net\/wordpress\/wp-content\/uploads\/2024\/02\/Senza-nome-86-300x184.png\" alt=\"\" width=\"228\" height=\"140\" srcset=\"https:\/\/www.radiopiu.net\/wordpress\/wp-content\/uploads\/2024\/02\/Senza-nome-86-300x184.png 300w, https:\/\/www.radiopiu.net\/wordpress\/wp-content\/uploads\/2024\/02\/Senza-nome-86.png 433w\" sizes=\"auto, (max-width: 228px) 100vw, 228px\" \/><\/a>SETTEVILLE<\/strong> Una nuova frana si \u00e8 verificata nella notte tra marted\u00ec e mercoled\u00ec lungo la SP1 bis tra Marziai e Caorera, causando danni a un camion di passaggio ma senza conseguenze per l&#8217;autista. Le autorit\u00e0 hanno chiuso la strada per valutare la sicurezza del versante e i vigili del fuoco di Feltre sono intervenuti per ripulire la carreggiata. Il traffico \u00e8 stato deviato sulla SR 348 Feltrina mentre la SP1 bis \u00e8 stata ripristinata dopo diverse ore di lavoro. Veneto Strade ha attivato un senso unico alternato per la sistemazione della carreggiata.<\/p>\n<p>&nbsp;<\/p>\n<p>&nbsp;<\/p>\n<hr \/>\n<p>&nbsp;<\/p>\n<blockquote>\n<h2>OGGI LA GIUDIZIARIA, SUL CORRIERE DELLE ALPI<\/h2>\n<\/blockquote>\n<p><strong>DI GIGI\u00a0 SOSSO<\/strong><\/p>\n<p><strong>BELLUNO<\/strong> Si \u00e8 finto un funzionario dell&#8217;Ufficio Scolastico della Regione Veneto per chiedere il rimborso di 3.000 euro a una cooperativa gestore di un asilo a Roncade, ma \u00e8 stato scoperto e denunciato per truffa. Lo stesso tentativo \u00e8 stato compiuto precedentemente presso l&#8217;Istituto Agosti, simulando essere della tesoreria comunale di Belluno. Utilizzando messaggi su WhatsApp e informazioni false, ha ingannato le vittime, ma \u00e8 stato individuato attraverso le indagini e incriminato per truffa aggravata con relativo processo.<\/p>\n<p><strong>FELTRE<\/strong> La disputa tra due vicini, si \u00e8 intensificata quando l&#8217;uno ha minacciato il vicino di tagliarlo a pezzi con una motosega se continuava a piantare paletti sul confine. La minaccia \u00e8 stata denunciata e il caso \u00e8 ora davanti al giudice di pace Nicola Parrocco. Nonostante i tentativi di conciliazione, il procedimento potrebbe protrarsi a causa della mancanza di accordo tra le parti.<\/p>\n<p><strong>FELTRE <\/strong>Accusati di vandalismo e furto aggravato nel Duomo di Feltre, dove hanno danneggiato una statua del Cristo Redentore staccandole il braccio destro. Il procedimento penale \u00e8 ancora in fase di udienza predibattimentale e i due imputati sono assistiti dai rispettivi avvocati. Le indagini dei carabinieri hanno portato all&#8217;identificazione dei presunti colpevoli tramite le telecamere di videosorveglianza, mentre la statua \u00e8 stata restituita grazie alla donazione di un anonimo benefattore.<\/p>\n<p><strong>FONZASO<\/strong> Le pecore\u00a0 hanno danneggiato duemila piante di uva Pavana\u00a0 causando un danno di circa 2.500 euro.\u00a0 Presentata una querela, ma la controversia si \u00e8 risolta in udienza predibattimentale con il risarcimento parziale del danno grazie all&#8217;intervento dell&#8217;assicurazione. Il procedimento penale \u00e8 stato chiuso prima dell&#8217;avvio del processo.<\/p>\n<p><strong>SAN VITO DI CADORE<\/strong> Durante una grigliata\u00a0 un uomo del posto avrebbe colpito una delle figlie della sua compagna, originando un processo per maltrattamenti in famiglia e stalking. La donna, querelata sei volte dal partner, si \u00e8 costituita parte civile e chieder\u00e0 danni dopo aver subito una crisi emotiva in tribunale. La relazione tra i due, iniziata nel 2015, \u00e8 degenerata in litigi frequenti e comportamenti persecutori da parte dell&#8217;imputato, documentati anche tramite video e messaggi.<\/p>\n<p>&nbsp;<\/p>\n<hr \/>\n<p>&nbsp;<\/p>\n<blockquote>\n<h3>ZANONI (PD) CONTRO LE STANZE PANORAMICHE<\/h3>\n<\/blockquote>\n<p><strong><a class=\"dt-pswp-item\" href=\"https:\/\/www.radiopiu.net\/wordpress\/wp-content\/uploads\/2021\/09\/ZANONI-1-scaled.jpg\" data-dt-img-description=\"\" data-large_image_width=\"2560\" data-large_image_height=\"1707\"><img loading=\"lazy\" decoding=\"async\" class=\" wp-image-233260 alignleft\" src=\"https:\/\/www.radiopiu.net\/wordpress\/wp-content\/uploads\/2021\/09\/ZANONI-1-300x200.jpg\" alt=\"\" width=\"167\" height=\"111\" srcset=\"https:\/\/www.radiopiu.net\/wordpress\/wp-content\/uploads\/2021\/09\/ZANONI-1-300x200.jpg 300w, https:\/\/www.radiopiu.net\/wordpress\/wp-content\/uploads\/2021\/09\/ZANONI-1-1024x683.jpg 1024w, https:\/\/www.radiopiu.net\/wordpress\/wp-content\/uploads\/2021\/09\/ZANONI-1-768x512.jpg 768w, https:\/\/www.radiopiu.net\/wordpress\/wp-content\/uploads\/2021\/09\/ZANONI-1-1536x1024.jpg 1536w, https:\/\/www.radiopiu.net\/wordpress\/wp-content\/uploads\/2021\/09\/ZANONI-1-2048x1365.jpg 2048w\" sizes=\"auto, (max-width: 167px) 100vw, 167px\" \/><\/a>VENEZIA<\/strong> Il consigliere regionale Andrea Zanoni del gruppo Pd Veneto ha criticato il progetto di legge n. 164 sulle &#8216;stanze panoramiche&#8217;, definendolo un turismo artificiale e non sostenibile. Ha espresso voto contrario sottolineando vuoti normativi riguardo allo smaltimento dei reflui fognari, mancanza di regole per superficie e altezza, e assenza di misure contro l&#8217;inquinamento acustico e luminoso. Zanoni ha citato il libro &#8216;La Montagna presa in giro&#8217; del 1931, affermando che la legge sembra promuovere uno scempio simile a quello descritto nel passato.<\/p>\n<p>&nbsp;<\/p>\n<blockquote>\n<h3>BIGON CHIEDE DI AUMENTARE GLI STIPENDI AGLI OSS<\/h3>\n<\/blockquote>\n<p><a class=\"dt-pswp-item\" href=\"https:\/\/www.radiopiu.net\/wordpress\/wp-content\/uploads\/2021\/09\/BIGON-3-scaled.jpg\" data-dt-img-description=\"\" data-large_image_width=\"2560\" data-large_image_height=\"1707\"><img loading=\"lazy\" decoding=\"async\" class=\"wp-image-233248 alignleft\" src=\"https:\/\/www.radiopiu.net\/wordpress\/wp-content\/uploads\/2021\/09\/BIGON-3-300x200.jpg\" alt=\"\" width=\"168\" height=\"112\" srcset=\"https:\/\/www.radiopiu.net\/wordpress\/wp-content\/uploads\/2021\/09\/BIGON-3-300x200.jpg 300w, https:\/\/www.radiopiu.net\/wordpress\/wp-content\/uploads\/2021\/09\/BIGON-3-1024x683.jpg 1024w, https:\/\/www.radiopiu.net\/wordpress\/wp-content\/uploads\/2021\/09\/BIGON-3-768x512.jpg 768w, https:\/\/www.radiopiu.net\/wordpress\/wp-content\/uploads\/2021\/09\/BIGON-3-1536x1024.jpg 1536w, https:\/\/www.radiopiu.net\/wordpress\/wp-content\/uploads\/2021\/09\/BIGON-3-2048x1365.jpg 2048w\" sizes=\"auto, (max-width: 168px) 100vw, 168px\" \/><\/a><strong>VENEZIA<\/strong> La consigliera regionale del Pd Veneto, Anna Maria Bigon, sottolinea l&#8217;urgente necessit\u00e0 di adeguare i livelli salariali per infermieri e OSS per contrastare le carenze e le fughe di personale verso l&#8217;estero, dove i salari sono pi\u00f9 alti. Bigon evidenzia che gli attuali stipendi non corrispondono al lavoro a tempo pieno e cita il calo drastico delle iscrizioni ai corsi universitari nel settore. Ha presentato una mozione per investire 100 milioni nei Centri Servizi Residenziali per anziani, ma \u00e8 stata bocciata, evidenziando la priorit\u00e0 dei finanziamenti per altri settori rispetto alla salute dei cittadini.<\/p>\n<p>&nbsp;<\/p>\n<hr \/>\n<p>&nbsp;<\/p>\n<blockquote>\n<h2><a class=\"dt-pswp-item\" href=\"https:\/\/www.radiopiu.net\/wordpress\/wp-content\/uploads\/2022\/12\/Paolo-Santesso-1024x537-1.jpg\" data-dt-img-description=\"\" data-large_image_width=\"1024\" data-large_image_height=\"537\"><img loading=\"lazy\" decoding=\"async\" class=\" wp-image-314318 alignleft\" src=\"https:\/\/www.radiopiu.net\/wordpress\/wp-content\/uploads\/2022\/12\/Paolo-Santesso-1024x537-1-300x157.jpg\" alt=\"\" width=\"210\" height=\"110\" srcset=\"https:\/\/www.radiopiu.net\/wordpress\/wp-content\/uploads\/2022\/12\/Paolo-Santesso-1024x537-1-300x157.jpg 300w, https:\/\/www.radiopiu.net\/wordpress\/wp-content\/uploads\/2022\/12\/Paolo-Santesso-1024x537-1-768x403.jpg 768w, https:\/\/www.radiopiu.net\/wordpress\/wp-content\/uploads\/2022\/12\/Paolo-Santesso-1024x537-1.jpg 1024w\" sizes=\"auto, (max-width: 210px) 100vw, 210px\" \/><\/a>SANTESSO PRENDE LA PORTA E TORNA A CASA<\/h2>\n<\/blockquote>\n<p><strong>AGORDO<\/strong> Paolo Santesso si \u00e8 dimesso da Direttore dell&#8217;Azienda Speciale Consortile Agordina (Asca), l&#8217;incarico gli era stato conferito meno di un anno fa e avrebbe dovuto rimanere ad Agordo per almeno 5 anni. Le dimissioni giustificate con la frase d&#8217;ufficio &#8220;motivi personali&#8221; sono arrivate a destinazione, da Maria Chiara Santin, amministratore unico.<\/p>\n<p>&nbsp;<\/p>\n<p>&nbsp;<\/p>\n<hr \/>\n<p>&nbsp;<\/p>\n<blockquote>\n<h2>&#8220;Fuga Demografica nelle Terre Alte: Preoccupazione per le Imprese&#8221;<\/h2>\n<\/blockquote>\n<p><strong><a class=\"dt-pswp-item\" href=\"https:\/\/www.radiopiu.net\/wordpress\/wp-content\/uploads\/2024\/02\/1327abd6-1e62-48fc-8f83-c79ab78f79bb-1.jpg\" data-dt-img-description=\"\" data-large_image_width=\"1600\" data-large_image_height=\"531\"><img loading=\"lazy\" decoding=\"async\" class=\"size-medium wp-image-376770 aligncenter\" src=\"https:\/\/www.radiopiu.net\/wordpress\/wp-content\/uploads\/2024\/02\/1327abd6-1e62-48fc-8f83-c79ab78f79bb-1-300x100.jpg\" alt=\"\" width=\"300\" height=\"100\" srcset=\"https:\/\/www.radiopiu.net\/wordpress\/wp-content\/uploads\/2024\/02\/1327abd6-1e62-48fc-8f83-c79ab78f79bb-1-300x100.jpg 300w, https:\/\/www.radiopiu.net\/wordpress\/wp-content\/uploads\/2024\/02\/1327abd6-1e62-48fc-8f83-c79ab78f79bb-1-1024x340.jpg 1024w, https:\/\/www.radiopiu.net\/wordpress\/wp-content\/uploads\/2024\/02\/1327abd6-1e62-48fc-8f83-c79ab78f79bb-1-768x255.jpg 768w, https:\/\/www.radiopiu.net\/wordpress\/wp-content\/uploads\/2024\/02\/1327abd6-1e62-48fc-8f83-c79ab78f79bb-1-1536x510.jpg 1536w, https:\/\/www.radiopiu.net\/wordpress\/wp-content\/uploads\/2024\/02\/1327abd6-1e62-48fc-8f83-c79ab78f79bb-1.jpg 1600w\" sizes=\"auto, (max-width: 300px) 100vw, 300px\" \/><\/a><\/strong><\/p>\n<p><strong><a class=\"dt-pswp-item\" href=\"https:\/\/www.radiopiu.net\/wordpress\/wp-content\/uploads\/2024\/02\/ec201db5-5e6c-4cdf-8b52-2b743b98c631.jpg\" data-dt-img-description=\"\" data-large_image_width=\"2048\" data-large_image_height=\"1536\"><img loading=\"lazy\" decoding=\"async\" class=\" wp-image-376741 alignleft\" src=\"https:\/\/www.radiopiu.net\/wordpress\/wp-content\/uploads\/2024\/02\/ec201db5-5e6c-4cdf-8b52-2b743b98c631-300x225.jpg\" alt=\"\" width=\"271\" height=\"203\" srcset=\"https:\/\/www.radiopiu.net\/wordpress\/wp-content\/uploads\/2024\/02\/ec201db5-5e6c-4cdf-8b52-2b743b98c631-300x225.jpg 300w, https:\/\/www.radiopiu.net\/wordpress\/wp-content\/uploads\/2024\/02\/ec201db5-5e6c-4cdf-8b52-2b743b98c631-1024x768.jpg 1024w, https:\/\/www.radiopiu.net\/wordpress\/wp-content\/uploads\/2024\/02\/ec201db5-5e6c-4cdf-8b52-2b743b98c631-768x576.jpg 768w, https:\/\/www.radiopiu.net\/wordpress\/wp-content\/uploads\/2024\/02\/ec201db5-5e6c-4cdf-8b52-2b743b98c631-1536x1152.jpg 1536w, https:\/\/www.radiopiu.net\/wordpress\/wp-content\/uploads\/2024\/02\/ec201db5-5e6c-4cdf-8b52-2b743b98c631.jpg 2048w\" sizes=\"auto, (max-width: 271px) 100vw, 271px\" \/><\/a>BELLUNO<\/strong> La Camera di Commercio di Treviso Belluno Dolomiti ha discusso della preoccupante situazione demografica, evidenziando una fuga dalle terre alte verso la Valbelluna e la pianura veneta, con conseguenti problemi per le imprese. I dati indicano una proiezione di perdita di 7500 abitanti entro il 2031, con una diminuzione del 3,8% rispetto al Veneto. Questo scenario colpir\u00e0 soprattutto Cadore e Agordino. La diminuzione della popolazione in et\u00e0 lavorativa richiede lavori di qualit\u00e0, mentre servono interventi immediati come politiche abitative e miglioramenti delle infrastrutture.<\/p>\n<p>DI DANIELE DALVIT<\/p>\n<audio class=\"wp-audio-shortcode\" id=\"audio-376642-5\" preload=\"none\" style=\"width: 100%;\" controls=\"controls\"><source type=\"audio\/mpeg\" src=\"https:\/\/www.radiopiu.net\/wordpress\/wp-content\/uploads\/2024\/02\/Radio-Piu-Servizio-Camera-Commercio-Demografia-1.mp3?_=5\" \/><a href=\"https:\/\/www.radiopiu.net\/wordpress\/wp-content\/uploads\/2024\/02\/Radio-Piu-Servizio-Camera-Commercio-Demografia-1.mp3\">https:\/\/www.radiopiu.net\/wordpress\/wp-content\/uploads\/2024\/02\/Radio-Piu-Servizio-Camera-Commercio-Demografia-1.mp3<\/a><\/audio>\n<h3 class=\"_title post-title entry-title\"><\/h3>\n<h3 class=\"_title post-title entry-title\"><\/h3>\n<p><strong><a class=\"dt-pswp-item\" href=\"https:\/\/www.radiopiu.net\/wordpress\/wp-content\/uploads\/2024\/01\/Senza-nome-34.png\" data-dt-img-description=\"\" data-large_image_width=\"239\" data-large_image_height=\"153\"><img loading=\"lazy\" decoding=\"async\" class=\"wp-image-369478 alignleft\" src=\"https:\/\/www.radiopiu.net\/wordpress\/wp-content\/uploads\/2024\/01\/Senza-nome-34.png\" alt=\"\" width=\"128\" height=\"82\" \/><\/a> <\/strong><\/p>\n<p><strong>\u00a0<\/strong><\/p>\n<p><strong>dal TG BELLUNESE di\u00a0 ANTENNA 3 ogni sera alle 19.30 sul canale 10 del digitale terrestre e alle 19 le anticipazioni alla radio.\u00a0 \u00a0 \u00a0 \u00a0\u00a0<\/strong><\/p>\n<p>&nbsp;<\/p>\n<h3 class=\"_title post-title entry-title\">I DATI DELL\u2019 \u2018INVERNO DEMOGRAFICO\u2019 , POZZA: \u00abBISOGNA INTERVENIRE SUBITO\u00bb<\/h3>\n<p>Intervistati MARIO POZZA (PRESIDENTE CCIAA BELLUNO TREVISO) (Servizio di\u00a0<a href=\"https:\/\/antennatre.medianordest.it\/redazione\/Tiziana-Bolognani\/\">Tiziana Bolognani<\/a>)<\/p>\n<p><iframe loading=\"lazy\" title=\"I DATI DELL&#039; &#039;INVERNO DEMOGRAFICO&#039; , POZZA: \u00abBISOGNA INTERVENIRE SUBITO\u00bb | 28\/02\/2024\" width=\"1200\" height=\"675\" src=\"https:\/\/www.youtube.com\/embed\/ks8vJI8DquU?feature=oembed\" frameborder=\"0\" allow=\"accelerometer; autoplay; clipboard-write; encrypted-media; gyroscope; picture-in-picture; web-share\" allowfullscreen><\/iframe><\/p>\n<p>&nbsp;<\/p>\n<p>&nbsp;<\/p>\n<hr \/>\n<p>&nbsp;<\/p>\n<blockquote>\n<h2>AMPI SPAZI CON LA NUOVA MENSA ALLE MEDIE DI AGORDO<\/h2>\n<\/blockquote>\n<p><a class=\"dt-pswp-item\" href=\"https:\/\/www.radiopiu.net\/wordpress\/wp-content\/uploads\/2024\/02\/6df02f5e-8e60-4612-a188-10b333a90052.jpg\" data-dt-img-description=\"\" data-large_image_width=\"2000\" data-large_image_height=\"1500\"><img loading=\"lazy\" decoding=\"async\" class=\"wp-image-376794 alignleft\" src=\"https:\/\/www.radiopiu.net\/wordpress\/wp-content\/uploads\/2024\/02\/6df02f5e-8e60-4612-a188-10b333a90052-300x225.jpg\" alt=\"\" width=\"195\" height=\"146\" srcset=\"https:\/\/www.radiopiu.net\/wordpress\/wp-content\/uploads\/2024\/02\/6df02f5e-8e60-4612-a188-10b333a90052-300x225.jpg 300w, https:\/\/www.radiopiu.net\/wordpress\/wp-content\/uploads\/2024\/02\/6df02f5e-8e60-4612-a188-10b333a90052-1024x768.jpg 1024w, https:\/\/www.radiopiu.net\/wordpress\/wp-content\/uploads\/2024\/02\/6df02f5e-8e60-4612-a188-10b333a90052-768x576.jpg 768w, https:\/\/www.radiopiu.net\/wordpress\/wp-content\/uploads\/2024\/02\/6df02f5e-8e60-4612-a188-10b333a90052-1536x1152.jpg 1536w, https:\/\/www.radiopiu.net\/wordpress\/wp-content\/uploads\/2024\/02\/6df02f5e-8e60-4612-a188-10b333a90052.jpg 2000w\" sizes=\"auto, (max-width: 195px) 100vw, 195px\" \/><\/a><strong>AGORDO<\/strong><\/p>\n<p><strong>DI GIANNI SANTOMASO<\/strong><\/p>\n<audio class=\"wp-audio-shortcode\" id=\"audio-376642-6\" preload=\"none\" style=\"width: 100%;\" controls=\"controls\"><source type=\"audio\/mpeg\" src=\"https:\/\/www.radiopiu.net\/wordpress\/wp-content\/uploads\/2024\/02\/NUOVA-MENSA-AD-AGORDO-GIANNI.mp3?_=6\" \/><a href=\"https:\/\/www.radiopiu.net\/wordpress\/wp-content\/uploads\/2024\/02\/NUOVA-MENSA-AD-AGORDO-GIANNI.mp3\">https:\/\/www.radiopiu.net\/wordpress\/wp-content\/uploads\/2024\/02\/NUOVA-MENSA-AD-AGORDO-GIANNI.mp3<\/a><\/audio>\n<p>&nbsp;<\/p>\n<p>&nbsp;<\/p>\n<hr \/>\n<p>&nbsp;<\/p>\n<blockquote>\n<h3>NUOVI LABORATORI PER I GIOVANI FELTRINI<\/h3>\n<\/blockquote>\n<p><strong><a class=\"dt-pswp-item\" href=\"https:\/\/www.radiopiu.net\/wordpress\/wp-content\/uploads\/2024\/02\/Feltre-Piazza-Maggiore.jpg\" data-dt-img-description=\"\" data-large_image_width=\"1595\" data-large_image_height=\"1054\"><img loading=\"lazy\" decoding=\"async\" class=\" wp-image-375447 alignleft\" src=\"https:\/\/www.radiopiu.net\/wordpress\/wp-content\/uploads\/2024\/02\/Feltre-Piazza-Maggiore-300x198.jpg\" alt=\"\" width=\"176\" height=\"116\" srcset=\"https:\/\/www.radiopiu.net\/wordpress\/wp-content\/uploads\/2024\/02\/Feltre-Piazza-Maggiore-300x198.jpg 300w, https:\/\/www.radiopiu.net\/wordpress\/wp-content\/uploads\/2024\/02\/Feltre-Piazza-Maggiore-1024x677.jpg 1024w, https:\/\/www.radiopiu.net\/wordpress\/wp-content\/uploads\/2024\/02\/Feltre-Piazza-Maggiore-768x508.jpg 768w, https:\/\/www.radiopiu.net\/wordpress\/wp-content\/uploads\/2024\/02\/Feltre-Piazza-Maggiore-1536x1015.jpg 1536w, https:\/\/www.radiopiu.net\/wordpress\/wp-content\/uploads\/2024\/02\/Feltre-Piazza-Maggiore.jpg 1595w\" sizes=\"auto, (max-width: 176px) 100vw, 176px\" \/><\/a>FELTRE<\/strong> Il Comune di Feltre intensifica le Politiche Giovanili con &#8220;Scintille cre-attive&#8221;, offrendo sei nuovi laboratori per la gestione delle emozioni degli adolescenti. I percorsi, gratuiti e finanziati dal Piano &#8220;Giovani e Generattivit\u00e0&#8221; della Regione Veneto, coprono temi come ansia, espressione emotiva, immagine e colore, scoperta di s\u00e9, musica e movimento espressivo. Le attivit\u00e0 si svolgeranno presso il Punto d\u2019Incontro di via Luzzo e la Palazzina \u201cBonsembiante\u201d del Campus \u201cTina Merlin\u201d a Borgo Ruga da marzo a luglio, contribuendo al benessere emotivo degli adolescenti. L&#8217;assessore Flavia Colle evidenzia l&#8217;impegno a sostegno delle famiglie.<\/p>\n<p>&nbsp;<\/p>\n<p>&nbsp;<\/p>\n<hr \/>\n<p>&nbsp;<\/p>\n<blockquote>\n<h3>C&#8217;ERA UNA VOLTA IL LARICETO DI RONCO, 400 PIANTE SACRIFICATE AL BOB<\/h3>\n<\/blockquote>\n<p><strong><a class=\"dt-pswp-item\" href=\"https:\/\/www.radiopiu.net\/wordpress\/wp-content\/uploads\/2024\/02\/Senza-nome-82.png\" data-dt-img-description=\"\" data-large_image_width=\"482\" data-large_image_height=\"371\"><img loading=\"lazy\" decoding=\"async\" class=\" wp-image-376800 alignleft\" src=\"https:\/\/www.radiopiu.net\/wordpress\/wp-content\/uploads\/2024\/02\/Senza-nome-82-300x231.png\" alt=\"\" width=\"269\" height=\"207\" srcset=\"https:\/\/www.radiopiu.net\/wordpress\/wp-content\/uploads\/2024\/02\/Senza-nome-82-300x231.png 300w, https:\/\/www.radiopiu.net\/wordpress\/wp-content\/uploads\/2024\/02\/Senza-nome-82.png 482w\" sizes=\"auto, (max-width: 269px) 100vw, 269px\" \/><\/a>CORTINA<\/strong> Il lariceto abbattuto, per Luigi Casanova di Mountain Wilderness Italia scompare un tesoro di valori naturali, storici e sociali con un danno paesaggistico e per la salute. L&#8217;esponente di MW Italia aggiunge: &#8220;Il lariceto di Ronco a Cortina d\u2019Ampezzo rappresenta un ecosistema prezioso per la sua biodiversit\u00e0 e il suo valore storico-sociale. Con oltre 100 anni di vita e circa 400 piante di larice, \u00e8 un ambiente unico nell&#8217;arco alpino meridionale. Questo bosco ha resistito alle guerre e ha contribuito alla ricreazione della comunit\u00e0 locale. La sua perdita avrebbe un impatto irreparabile sul paesaggio e sull&#8217;aria pulita, essendo stato un importante polmone verde. Tuttavia, \u00e8 stato tagliato per fare spazio alla costruzione di una pista sportiva senza adeguata valutazione ambientale e considerazione delle alternative. La procedura di assegnazione dei lavori \u00e8 stata discutibile, mancando un appalto pubblico, e l&#8217;assenza di una valutazione dettagliata degli alberi da abbattere solleva dubbi sulla legalit\u00e0 del processo. Infine, si richiede una maggiore tutela del patrimonio naturale da parte delle autorit\u00e0 competenti&#8221;.<\/p>\n<p>&nbsp;<\/p>\n<p>&nbsp;<\/p>\n<hr \/>\n<p>&nbsp;<\/p>\n<blockquote>\n<h2>ALESSANDRO MARINELLO, IL NUOVO GESTORE DEL RIFUGIO SCARPA &#8220;VOGLIAMO MANTENERE LE TRADIZIONE E FAR PARTE DEL TERRITORIO&#8221;<\/h2>\n<\/blockquote>\n<p><strong><img loading=\"lazy\" decoding=\"async\" class=\"alignleft\" src=\"https:\/\/www.radiopiu.net\/wordpress\/wp-content\/uploads\/2024\/02\/Senza-nome-76.png\" width=\"206\" height=\"174\" \/>di MIRKO MEZZACASA<\/strong><\/p>\n<p><strong>L&#8217;INTERVISTA LA NUOVO GESTORE DEL RIFUGIO SCARPA<\/strong><\/p>\n<audio class=\"wp-audio-shortcode\" id=\"audio-376642-7\" preload=\"none\" style=\"width: 100%;\" controls=\"controls\"><source type=\"audio\/mpeg\" src=\"https:\/\/www.radiopiu.net\/wordpress\/wp-content\/uploads\/2024\/02\/ALESSANDRO-MARINELLO.mp3?_=7\" \/><a href=\"https:\/\/www.radiopiu.net\/wordpress\/wp-content\/uploads\/2024\/02\/ALESSANDRO-MARINELLO.mp3\">https:\/\/www.radiopiu.net\/wordpress\/wp-content\/uploads\/2024\/02\/ALESSANDRO-MARINELLO.mp3<\/a><\/audio>\n<p>&nbsp;<\/p>\n<p>&nbsp;<\/p>\n<hr \/>\n<p>&nbsp;<\/p>\n<blockquote>\n<h1>Contare i lupi per addormentarsi: un metodo comune e rilassante<\/h1>\n<p>***<\/p><\/blockquote>\n<p><strong>ROCCA PIETORE<\/strong> Contare le pecore per addormentarsi \u00e8 un metodo antico. Oggi in riva al lago per favorire il sonno si contano&#8230;i lupi. Si tratta di una pratica che coinvolge la mente in un&#8217;attivit\u00e0 monotona e rilassante, distogliendo l&#8217;attenzione dai pensieri stressanti e facilitando il rilassamento. Sebbene non esista una prova scientifica che dimostri l&#8217;efficacia di questa tecnica per tutti, per molte persone pu\u00f2 essere un modo utile per calmare la mente e conciliare il sonno in modo naturale.<\/p>\n<blockquote><p>&nbsp;<\/p><\/blockquote>\n<div style=\"width: 848px;\" class=\"wp-video\"><video class=\"wp-video-shortcode\" id=\"video-376642-1\" width=\"848\" height=\"382\" preload=\"metadata\" controls=\"controls\"><source type=\"video\/mp4\" src=\"https:\/\/www.radiopiu.net\/wordpress\/wp-content\/uploads\/2024\/02\/WhatsApp-Video-2024-02-29-at-00.35.16.mp4?_=1\" \/><a href=\"https:\/\/www.radiopiu.net\/wordpress\/wp-content\/uploads\/2024\/02\/WhatsApp-Video-2024-02-29-at-00.35.16.mp4\">https:\/\/www.radiopiu.net\/wordpress\/wp-content\/uploads\/2024\/02\/WhatsApp-Video-2024-02-29-at-00.35.16.mp4<\/a><\/video><\/div>\n<p>&nbsp;<\/p>\n<p>&nbsp;<\/p>\n<hr \/>\n<p>&nbsp;<\/p>\n<blockquote>\n<h3>UN BANDO PER ABBATTERE IL COSTO DEGLI ABBONAMENTI AL TRASPORTO PUBBLICO<\/h3>\n<\/blockquote>\n<p><strong> <a class=\"dt-pswp-item\" href=\"https:\/\/www.radiopiu.net\/wordpress\/wp-content\/uploads\/2024\/02\/SILVIA-CALLIGARO.jpg\" data-dt-img-description=\"\" data-large_image_width=\"2560\" data-large_image_height=\"1341\"><img loading=\"lazy\" decoding=\"async\" class=\" wp-image-376702 alignleft\" src=\"https:\/\/www.radiopiu.net\/wordpress\/wp-content\/uploads\/2024\/02\/SILVIA-CALLIGARO-300x157.jpg\" alt=\"\" width=\"193\" height=\"101\" srcset=\"https:\/\/www.radiopiu.net\/wordpress\/wp-content\/uploads\/2024\/02\/SILVIA-CALLIGARO-300x157.jpg 300w, https:\/\/www.radiopiu.net\/wordpress\/wp-content\/uploads\/2024\/02\/SILVIA-CALLIGARO-1024x536.jpg 1024w, https:\/\/www.radiopiu.net\/wordpress\/wp-content\/uploads\/2024\/02\/SILVIA-CALLIGARO-768x402.jpg 768w, https:\/\/www.radiopiu.net\/wordpress\/wp-content\/uploads\/2024\/02\/SILVIA-CALLIGARO-1536x805.jpg 1536w, https:\/\/www.radiopiu.net\/wordpress\/wp-content\/uploads\/2024\/02\/SILVIA-CALLIGARO-2048x1073.jpg 2048w\" sizes=\"auto, (max-width: 193px) 100vw, 193px\" \/><\/a>VIGO DI CADORE<\/strong> L&#8217;Unione Montana Centro Cadore ha pubblicato il bando per l&#8217;abbattimento dei costi dell&#8217;abbonamento integrativo al trasporto pubblico, rivolto alle famiglie del territorio con figli nelle scuole secondarie di primo e secondo grado. L&#8217;iniziativa, approvata dalla giunta e promossa dall&#8217;assessore Silvia Calligaro, mira a sostenere le famiglie nei costi di trasporto, incentivare la mobilit\u00e0 sostenibile e promuovere attivit\u00e0 extrascolastiche per i ragazzi. Il bando dispone di un fondo di 80mila euro, e le domande per l&#8217;anno scolastico corrente devono essere presentate entro il 30 giugno 2024 presso gli uffici dell&#8217;Unione Montana.<\/p>\n<p><strong>SILVIA CALLIGARO, SINDACO DI VIGO DI CADORE<\/strong><\/p>\n<div style=\"width: 848px;\" class=\"wp-video\"><video class=\"wp-video-shortcode\" id=\"video-376642-2\" width=\"848\" height=\"480\" preload=\"metadata\" controls=\"controls\"><source type=\"video\/mp4\" src=\"https:\/\/www.radiopiu.net\/wordpress\/wp-content\/uploads\/2024\/02\/video-abbonamento-integrato.mp4?_=2\" \/><a href=\"https:\/\/www.radiopiu.net\/wordpress\/wp-content\/uploads\/2024\/02\/video-abbonamento-integrato.mp4\">https:\/\/www.radiopiu.net\/wordpress\/wp-content\/uploads\/2024\/02\/video-abbonamento-integrato.mp4<\/a><\/video><\/div>\n<p>&nbsp;<\/p>\n<p>&nbsp;<\/p>\n<hr \/>\n<p>&nbsp;<\/p>\n<blockquote>\n<h3>\u00a0SICUREZZA NEI CANTIERI, LE SANZIONI PER I PROGETTI DI PREVENZIONE<\/h3>\n<\/blockquote>\n<p><strong><a class=\"dt-pswp-item\" href=\"https:\/\/www.radiopiu.net\/wordpress\/wp-content\/uploads\/2022\/09\/3_cantiere_luglio_2022.jpg\" data-dt-img-description=\"\" data-large_image_width=\"1105\" data-large_image_height=\"620\"><img loading=\"lazy\" decoding=\"async\" class=\"wp-image-297497 alignleft\" src=\"https:\/\/www.radiopiu.net\/wordpress\/wp-content\/uploads\/2022\/09\/3_cantiere_luglio_2022-300x168.jpg\" alt=\"\" width=\"216\" height=\"121\" srcset=\"https:\/\/www.radiopiu.net\/wordpress\/wp-content\/uploads\/2022\/09\/3_cantiere_luglio_2022-300x168.jpg 300w, https:\/\/www.radiopiu.net\/wordpress\/wp-content\/uploads\/2022\/09\/3_cantiere_luglio_2022-1024x575.jpg 1024w, https:\/\/www.radiopiu.net\/wordpress\/wp-content\/uploads\/2022\/09\/3_cantiere_luglio_2022-768x431.jpg 768w, https:\/\/www.radiopiu.net\/wordpress\/wp-content\/uploads\/2022\/09\/3_cantiere_luglio_2022.jpg 1105w\" sizes=\"auto, (max-width: 216px) 100vw, 216px\" \/><\/a>BELLUNO<\/strong> Lo Spisal di Belluno utilizzer\u00e0 quasi 154.000 euro da sanzioni per finanziare otto progetti sulla sicurezza sul lavoro, grazie ai fondi assegnati dalla Regione Veneto. Le iniziative coinvolgeranno associazioni locali e scuole per sensibilizzare sull&#8217;importanza della tutela dei lavoratori. I progetti includono prevenzione dei disturbi muscoloscheletrici, corsi sull&#8217;uso del defibrillatore, azioni per la sicurezza in quota, formazione sul riconoscimento dei segnali premonitori degli infortuni, spettacoli teatrali e corsi di primo soccorso. Altri progetti si concentreranno sulla gestione informativa della sicurezza sul lavoro e sull&#8217;analisi degli incidenti tramite comitati scientifici e tecnici.<\/p>\n<div class=\"flex-1 overflow-hidden\">\n<div class=\"react-scroll-to-bottom--css-jostp-79elbk h-full\">\n<div class=\"react-scroll-to-bottom--css-jostp-1n7m0yu\">\n<div class=\"flex flex-col text-sm pb-9\">\n<div class=\"w-full text-token-text-primary\" data-testid=\"conversation-turn-5\">\n<div class=\"px-4 py-2 justify-center text-base md:gap-6 m-auto\">\n<div class=\"flex flex-1 text-base mx-auto gap-3 md:px-5 lg:px-1 xl:px-5 md:max-w-3xl lg:max-w-[40rem] xl:max-w-[48rem] group final-completion\">\n<div class=\"relative flex w-full flex-col agent-turn\">\n<div class=\"flex-col gap-1 md:gap-3\">\n<div class=\"mt-1 flex justify-start gap-3 empty:hidden\"><\/div>\n<\/div>\n<\/div>\n<\/div>\n<\/div>\n<\/div>\n<\/div>\n<\/div>\n<\/div>\n<\/div>\n<div class=\"w-full pt-2 md:pt-0 dark:border-white\/20 md:border-transparent md:dark:border-transparent md:w-[calc(100%-.5rem)]\">\n<form class=\"stretch mx-2 flex flex-row gap-3 last:mb-2 md:mx-4 md:last:mb-6 lg:mx-auto lg:max-w-2xl xl:max-w-3xl\">\n<div class=\"relative flex h-full flex-1 flex-col\">\n<div class=\"flex w-full items-center\"><\/div>\n<\/div>\n<\/form>\n<\/div>\n<p>&nbsp;<\/p>\n<hr \/>\n<p>&nbsp;<\/p>\n<blockquote>\n<h3>MERCATO DELL&#8217;ENERGIA: LA CISL OFFRE CONSULENZA GRATUITA AI PENSIONATI<\/h3>\n<\/blockquote>\n<p><strong><a class=\"dt-pswp-item\" href=\"https:\/\/www.radiopiu.net\/wordpress\/wp-content\/uploads\/2020\/11\/Schermata-2020-11-11-alle-12.25.13.png\" data-dt-img-description=\"\" data-large_image_width=\"594\" data-large_image_height=\"310\"><img loading=\"lazy\" decoding=\"async\" class=\" wp-image-172025 alignleft\" src=\"https:\/\/www.radiopiu.net\/wordpress\/wp-content\/uploads\/2020\/11\/Schermata-2020-11-11-alle-12.25.13-300x157.png\" alt=\"\" width=\"161\" height=\"84\" srcset=\"https:\/\/www.radiopiu.net\/wordpress\/wp-content\/uploads\/2020\/11\/Schermata-2020-11-11-alle-12.25.13-300x157.png 300w, https:\/\/www.radiopiu.net\/wordpress\/wp-content\/uploads\/2020\/11\/Schermata-2020-11-11-alle-12.25.13.png 594w\" sizes=\"auto, (max-width: 161px) 100vw, 161px\" \/><\/a>BELLUNO<\/strong> La Cisl Fnp Belluno Treviso offre assistenza contro pratiche scorrette nel mercato libero dell&#8217;energia. Il servizio gratuito fornisce consulenza per bollette, contratti, e protezione da truffe. L&#8217;iniziativa mira a difendere gli anziani da venditori senza scrupoli. La convenzione con un&#8217;azienda specializzata assicura supporto informativo e legale. Problemi comuni includono telefonate molestie e vendite ingannevoli. La Cisl Fnp raccomanda di non aprire porte a venditori sospetti e fornisce consigli per difendersi. La privacy \u00e8 una preoccupazione, con numeri diventati di dominio pubblico al cambio di contratto.<\/p>\n<p><strong>FRANCO MARCUZZO, CISL FNP<\/strong><\/p>\n<audio class=\"wp-audio-shortcode\" id=\"audio-376642-8\" preload=\"none\" style=\"width: 100%;\" controls=\"controls\"><source type=\"audio\/mpeg\" src=\"https:\/\/www.radiopiu.net\/wordpress\/wp-content\/uploads\/2024\/02\/FRANCO-MARCUZZO-CISL.mp3?_=8\" \/><a href=\"https:\/\/www.radiopiu.net\/wordpress\/wp-content\/uploads\/2024\/02\/FRANCO-MARCUZZO-CISL.mp3\">https:\/\/www.radiopiu.net\/wordpress\/wp-content\/uploads\/2024\/02\/FRANCO-MARCUZZO-CISL.mp3<\/a><\/audio>\n<p>&nbsp;<\/p>\n<p>&nbsp;<\/p>\n<hr \/>\n<p>&nbsp;<\/p>\n<blockquote>\n<h2>FALCADE, RINVIATE LE FINALI DEL LATTEBUSCHE<\/h2>\n<\/blockquote>\n<header class=\"entry-header\">\n<h1 class=\"entry-title\"><img loading=\"lazy\" decoding=\"async\" class=\"alignleft\" src=\"https:\/\/www.radiopiu.net\/wordpress\/wp-content\/uploads\/2024\/02\/%C2%A9echidialessandrosogne-29-LATTEBUSCHE-1536x1024-1.jpg\" width=\"183\" height=\"122\" \/><\/h1>\n<div class=\"entry-meta\"><span class=\"byline\">by\u00a0<span class=\"author vcard\"><a class=\"url fn n\" href=\"https:\/\/www.fisiveneto.com\/author\/ilario-tancon\/\">Fisi Veneto<\/a><\/span><\/span><\/div>\n<div><\/div>\n<\/header>\n<div class=\"entry-content\">\n<p>In considerazione del maltempo previsto per il fine settimana, le Finali del Grand Prix Lattebusche di sci alpino e sci di fondo, programmate dall\u20191 al 3 marzo a Falcade, sono rinviate. Aggiornamenti su date e modalit\u00e0 del recupero verranno comunicati quanto prima.<\/p>\n<\/div>\n<p>&nbsp;<\/p>\n<p>&nbsp;<\/p>\n<p>&nbsp;<\/p>\n<hr \/>\n<p>&nbsp;<\/p>\n<blockquote>\n<h2><strong>SETTIMANA DELLA SALUTE MENTALE<\/strong><\/h2>\n<\/blockquote>\n<p><strong><a class=\"dt-pswp-item\" href=\"https:\/\/www.radiopiu.net\/wordpress\/wp-content\/uploads\/2024\/02\/basaglia1024-960x960-1.jpg\" data-dt-img-description=\"\" data-large_image_width=\"960\" data-large_image_height=\"960\"><img loading=\"lazy\" decoding=\"async\" class=\"wp-image-376740 alignleft\" src=\"https:\/\/www.radiopiu.net\/wordpress\/wp-content\/uploads\/2024\/02\/basaglia1024-960x960-1-300x300.jpg\" alt=\"\" width=\"132\" height=\"132\" srcset=\"https:\/\/www.radiopiu.net\/wordpress\/wp-content\/uploads\/2024\/02\/basaglia1024-960x960-1-300x300.jpg 300w, https:\/\/www.radiopiu.net\/wordpress\/wp-content\/uploads\/2024\/02\/basaglia1024-960x960-1-150x150.jpg 150w, https:\/\/www.radiopiu.net\/wordpress\/wp-content\/uploads\/2024\/02\/basaglia1024-960x960-1-768x768.jpg 768w, https:\/\/www.radiopiu.net\/wordpress\/wp-content\/uploads\/2024\/02\/basaglia1024-960x960-1.jpg 960w\" sizes=\"auto, (max-width: 132px) 100vw, 132px\" \/><\/a>BELLUNO<\/strong> Quattro incontri commemorativi celebrano il centenario della nascita di Franco Basaglia (foto), eminenti figure nell&#8217;ambito della salute mentale, promossi dall&#8217;Associazione Antenna Anziani e la Biblioteca Civica di Belluno, con il sostegno del Comune di Belluno e dell&#8217;Ulss 1 Dolomiti. Il programma include un convegno di studi il 9 marzo, un reading letterario il 12 marzo, una conferenza il 15 marzo e visite guidate gratuite all&#8217;ex manicomio provinciale di Feltre il 16 marzo. Gli eventi, aperti al pubblico, offrono spazi di riflessione e dialogo su tematiche cruciali della psichiatria e della salute mentale, con particolare attenzione ai giovani. \u00c8 richiesta la prenotazione solo per le visite di Feltre.<\/p>\n<p>&nbsp;<\/p>\n<p>&nbsp;<\/p>\n<hr \/>\n<p>&nbsp;<\/p>\n<p align=\"CENTER\"><span style=\"font-family: Calibri, serif;\"><span style=\"font-size: small;\"><span style=\"font-family: Arial, serif;\"><span style=\"font-size: large;\"><b>POST SUPERBONUS: SPORTELLI TERRITORIALI E\u00a0WEBINAR<\/b><\/span><\/span><\/span><\/span><\/p>\n<p><strong>BELLUNO<\/strong> La Confedilizia ha avviato due iniziative per affrontare le conseguenze della cessazione del superbonus al 110% e fornire supporto ai proprietari di case e agli amministratori condominiali. Un webinar in programma il 4 marzo approfondir\u00e0 gli aspetti della materia, inclusi i primi giudizi sul bonus facciate e il superbonus, oltre a questioni fiscali e tecniche. Inoltre, \u00e8 stato istituito uno &#8220;Sportello Post Superbonus&#8221; presso le sedi locali della Confedilizia, dove esperti legali, fiscali e tecnici offriranno consulenza esclusivamente ai membri associati previa prenotazione.<\/p>\n<p>&nbsp;<\/p>\n<hr \/>\n<p>&nbsp;<\/p>\n<blockquote>\n<h3 class=\"titolonews\">LUNED\u00cc A CORTINA D\u2019AMPEZZO IL CONVEGNO \u2018SPORT \u00c8 SCUOLA.<\/h3>\n<\/blockquote>\n<p><strong>CORTINA<\/strong> Il convegno &#8220;Sport \u00e8 scuola&#8221;, organizzato per lunedi nell&#8217;ambito di &#8220;Veneto in Action&#8221;, mira a discutere sull&#8217;importanza dello sport nell&#8217;istruzione, soprattutto in vista dei Giochi Olimpici e Paralimpici 2026. Parteciperanno numerosi relatori, inclusi rappresentanti delle istituzioni e esperti del settore. I focus principali saranno sui modelli organizzativi scolastici e sulle opportunit\u00e0 formative legate agli eventi sportivi di rilievo. Saranno coinvolti anche 600 studenti locali. Il convegno si propone di approfondire il progetto &#8220;Generazione 2026&#8221;, volto a promuovere i valori olimpici e le eccellenze territoriali.<\/p>\n<p>&nbsp;<\/p>\n<p>&nbsp;<\/p>\n<hr \/>\n<p>&nbsp;<\/p>\n<blockquote>\n<h3>PRECARIATO DA RECORD ALLE POSTE<\/h3>\n<\/blockquote>\n<p><strong>ROMA<\/strong> Poste Italiane ha effettuato solo 12.500 assunzioni a tempo indeterminato dal 2017 al 2023 su quasi 90.000 lavoratori precari. Solo 1 su 7 ottiene un posto fisso. Le leggi sul lavoro oscillano tra flessibilit\u00e0 e regolamentazione. Il Decreto lavoro 2023 consente assunzioni a termine senza motivazione per i primi 12 mesi, normalizzando il precariato. Lottiamo Insieme condanna la precarizzazione e chiede al governo azioni concrete per contrastarla.<\/p>\n<p>&nbsp;<\/p>\n<p>&nbsp;<\/p>\n<hr \/>\n<p>&nbsp;<\/p>\n<blockquote>\n<h3><a class=\"dt-pswp-item\" href=\"https:\/\/www.radiopiu.net\/wordpress\/wp-content\/uploads\/2024\/02\/Ufficio-Postale-Tambre-Poste-Italiane-2024-Polis.jpeg\" data-dt-img-description=\"\" data-large_image_width=\"2048\" data-large_image_height=\"1536\"><img loading=\"lazy\" decoding=\"async\" class=\" wp-image-376706 alignleft\" src=\"https:\/\/www.radiopiu.net\/wordpress\/wp-content\/uploads\/2024\/02\/Ufficio-Postale-Tambre-Poste-Italiane-2024-Polis-300x225.jpeg\" alt=\"\" width=\"172\" height=\"129\" srcset=\"https:\/\/www.radiopiu.net\/wordpress\/wp-content\/uploads\/2024\/02\/Ufficio-Postale-Tambre-Poste-Italiane-2024-Polis-300x225.jpeg 300w, https:\/\/www.radiopiu.net\/wordpress\/wp-content\/uploads\/2024\/02\/Ufficio-Postale-Tambre-Poste-Italiane-2024-Polis-1024x768.jpeg 1024w, https:\/\/www.radiopiu.net\/wordpress\/wp-content\/uploads\/2024\/02\/Ufficio-Postale-Tambre-Poste-Italiane-2024-Polis-768x576.jpeg 768w, https:\/\/www.radiopiu.net\/wordpress\/wp-content\/uploads\/2024\/02\/Ufficio-Postale-Tambre-Poste-Italiane-2024-Polis-1536x1152.jpeg 1536w, https:\/\/www.radiopiu.net\/wordpress\/wp-content\/uploads\/2024\/02\/Ufficio-Postale-Tambre-Poste-Italiane-2024-Polis.jpeg 2048w\" sizes=\"auto, (max-width: 172px) 100vw, 172px\" \/><\/a>L&#8217;UFFICIO POSTALE DI TAMBRE TORNA OPERATIVO<\/h3>\n<\/blockquote>\n<p><strong>BELLUNO<\/strong> L&#8217;ufficio postale di Tambre ha completato i lavori di ristrutturazione. La sede ora ospiter\u00e0 servizi digitali della Pubblica Amministrazione, contribuendo alla coesione economica e territoriale. Lo sportello \u00e8 stato reso pi\u00f9 accessibile, con nuovi arredi e colori nella sala clienti.<\/p>\n<p>&nbsp;<\/p>\n<p>&nbsp;<\/p>\n<hr \/>\n<p>&nbsp;<\/p>\n<blockquote>\n<h2>FEDEZ E I NUOVI OAKLEY REGALATI DA LEONARDO MARIA DEL VECCHIO<\/h2>\n<\/blockquote>\n<p style=\"font-weight: 400;\"><strong>REDAZIONE <\/strong>Simpatico siparietto a casa di Leonardo Maria Del Vecchio con protagonista Fedez. I due, soci in affari con la bevanda Boem, si sono incontrati nel pomeriggio. Leonardo Maria Del Vecchio ha pensato di regalare un paio di Oakley al rapper milanese con la scusante che Fedez usa occhiali di un\u2019altra marca. Da qui una stories su Instagram dove Fedez mostra orgoglioso il suo nuovo paio di occhiali Oakley ma una volta provati si lamenta che la montatura \u00e8 troppo grande chiedendo a Leonardo Maria se avesse tenuto lo scontrino.<\/p>\n<p style=\"font-weight: 400;\"><strong>IL VIDEO TRATTO DA INSTAGRAM DI FEDEZ<\/strong><\/p>\n<p><iframe loading=\"lazy\" title=\"FEDEZ DEL VECCHIO\" width=\"1200\" height=\"675\" src=\"https:\/\/www.youtube.com\/embed\/-tPA5zWwphM?feature=oembed\" frameborder=\"0\" allow=\"accelerometer; autoplay; clipboard-write; encrypted-media; gyroscope; picture-in-picture; web-share\" allowfullscreen><\/iframe><\/p>\n<p>&nbsp;<\/p>\n<p>&nbsp;<\/p>\n<p>&nbsp;<\/p>\n<hr \/>\n<p>&nbsp;<\/p>\n<p align=\"CENTER\"><strong><span style=\"color: #000000;\">ONLINE LA MAPPA INTERATTIVA DELLE ORDINANZE COMUNALI<\/span><\/strong><\/p>\n<p align=\"JUSTIFY\"><span style=\"font-family: Arial, serif;\"><span style=\"font-size: large;\"><strong><a class=\"dt-pswp-item\" href=\"https:\/\/www.radiopiu.net\/wordpress\/wp-content\/uploads\/2024\/02\/Carta-interattiva-ordinanze.png\" data-dt-img-description=\"\" data-large_image_width=\"1429\" data-large_image_height=\"768\"><img loading=\"lazy\" decoding=\"async\" class=\" wp-image-376767 alignleft\" src=\"https:\/\/www.radiopiu.net\/wordpress\/wp-content\/uploads\/2024\/02\/Carta-interattiva-ordinanze-300x161.png\" alt=\"\" width=\"240\" height=\"129\" srcset=\"https:\/\/www.radiopiu.net\/wordpress\/wp-content\/uploads\/2024\/02\/Carta-interattiva-ordinanze-300x161.png 300w, https:\/\/www.radiopiu.net\/wordpress\/wp-content\/uploads\/2024\/02\/Carta-interattiva-ordinanze-1024x550.png 1024w, https:\/\/www.radiopiu.net\/wordpress\/wp-content\/uploads\/2024\/02\/Carta-interattiva-ordinanze-768x413.png 768w, https:\/\/www.radiopiu.net\/wordpress\/wp-content\/uploads\/2024\/02\/Carta-interattiva-ordinanze.png 1429w\" sizes=\"auto, (max-width: 240px) 100vw, 240px\" \/><\/a>BELLUNO<\/strong> Il Comune di Belluno ha lanciato oggi la Mappa interattiva delle ordinanze comunali, consultabile sul sito istituzionale sotto la voce \u201cCarte Interattive\u201d. Il servizio, sempre aggiornato in tempo reale, permette agli utenti di individuare immediatamente le vie e le piazze interessate da ordinanze sul traffico. Questa nuova risorsa si aggiunge ad altri servizi gi\u00e0 disponibili sul portale, come la mappa delle piste ciclabili e quella del piano neve. Il sindaco, Oscar De Pellegrin, commenta che la mappa \u00e8 uno strumento utile per comprendere le modifiche alla viabilit\u00e0 dovute ai numerosi cantieri presenti in citt\u00e0. L&#8217;assessore ai servizi informatici, Roberta Olivotto, sottolinea che il servizio, realizzato in collaborazione con la polizia locale, fornisce informazioni geo-referenziate e contribuisce a far conoscere il territorio in modo dettagliato.<\/span><\/span><\/p>\n<p><strong>l&#8217;assessore Roberta Olivotto\u00a0<\/strong><\/p>\n<audio class=\"wp-audio-shortcode\" id=\"audio-376642-9\" preload=\"none\" style=\"width: 100%;\" controls=\"controls\"><source type=\"audio\/mpeg\" src=\"https:\/\/www.radiopiu.net\/wordpress\/wp-content\/uploads\/2024\/02\/OLIVOTTO.mp3?_=9\" \/><a href=\"https:\/\/www.radiopiu.net\/wordpress\/wp-content\/uploads\/2024\/02\/OLIVOTTO.mp3\">https:\/\/www.radiopiu.net\/wordpress\/wp-content\/uploads\/2024\/02\/OLIVOTTO.mp3<\/a><\/audio>\n<p align=\"JUSTIFY\"><span style=\"font-family: Arial, serif;\"><span style=\"font-size: large;\">\u00a0<\/span><\/span><\/p>\n<p>&nbsp;<\/p>\n<p>&nbsp;<\/p>\n<hr \/>\n<p>&nbsp;<\/p>\n<blockquote>\n<h3>PROVE DI UNIONE, DOPO LE DIVISIONI A SINISTRA<\/h3>\n<\/blockquote>\n<p><strong>\u00a0<\/strong><strong>BELLUNO<\/strong> Il Partito Democratico di Belluno risponde positivamente all&#8217;appello all&#8217;unitariet\u00e0 del centrosinistra lanciato da Insieme per Belluno Bene Comune, dichiarando di voler lavorare insieme per il bene della citt\u00e0. Il segretario Davide Noro assicura che il cammino comune iniziato con le elezioni provinciali \u00e8 solo il primo passo verso le elezioni del capoluogo del 2027, dopo le divisioni della campagna elettorale del 2022.<\/p>\n<p><strong>DA BELLUNO<\/strong><\/p>\n<p><strong>DANIELE DALVIT<\/strong><\/p>\n<audio class=\"wp-audio-shortcode\" id=\"audio-376642-10\" preload=\"none\" style=\"width: 100%;\" controls=\"controls\"><source type=\"audio\/mpeg\" src=\"https:\/\/www.radiopiu.net\/wordpress\/wp-content\/uploads\/2024\/02\/Radio-Piu-Servizio-Noro-centrosx-e-consiglio-comunale.mp3?_=10\" \/><a href=\"https:\/\/www.radiopiu.net\/wordpress\/wp-content\/uploads\/2024\/02\/Radio-Piu-Servizio-Noro-centrosx-e-consiglio-comunale.mp3\">https:\/\/www.radiopiu.net\/wordpress\/wp-content\/uploads\/2024\/02\/Radio-Piu-Servizio-Noro-centrosx-e-consiglio-comunale.mp3<\/a><\/audio>\n<p>&nbsp;<\/p>\n<p>&nbsp;<\/p>\n<hr \/>\n<p>&nbsp;<\/p>\n<blockquote>\n<h3>IL CONSIGLIO DELL&#8217;UNIONE MONTANA AGORDINA questa sera in diretta sui canali social di RADIOPIU<\/h3>\n<\/blockquote>\n<p><strong>AGORDO<\/strong> Il presidente dell&#8217;Unione Montana Agordina Paolo Frena ha convocato i consiglieri per oggi alle 20 in Sala Don Tamis ad Agordo. Saranno 6 i punti da discutere tra cui il regolamento dei controlli interni, la nomina dell&#8217;organo di revisione contabile, il servizio di segreteria associata per i comuni aderenti e le comunicazioni del presidente.<\/p>\n<p><strong>DI GIANNI SANTOMASO<\/strong><\/p>\n<audio class=\"wp-audio-shortcode\" id=\"audio-376642-11\" preload=\"none\" style=\"width: 100%;\" controls=\"controls\"><source type=\"audio\/mpeg\" src=\"https:\/\/www.radiopiu.net\/wordpress\/wp-content\/uploads\/2024\/02\/GIANNI-CONSIGLIO-UMA.mp3?_=11\" \/><a href=\"https:\/\/www.radiopiu.net\/wordpress\/wp-content\/uploads\/2024\/02\/GIANNI-CONSIGLIO-UMA.mp3\">https:\/\/www.radiopiu.net\/wordpress\/wp-content\/uploads\/2024\/02\/GIANNI-CONSIGLIO-UMA.mp3<\/a><\/audio>\n<p>&nbsp;<\/p>\n<hr \/>\n<p>&nbsp;<\/p>\n<blockquote>\n<h3>L&#8217;ASSEMBLEA DEL GAMP SABATO 2 MARZO<\/h3>\n<\/blockquote>\n<p><strong>AGORDO<\/strong><\/p>\n<p>DI GIANNI SANTOMASO<\/p>\n<audio class=\"wp-audio-shortcode\" id=\"audio-376642-12\" preload=\"none\" style=\"width: 100%;\" controls=\"controls\"><source type=\"audio\/mpeg\" src=\"https:\/\/www.radiopiu.net\/wordpress\/wp-content\/uploads\/2024\/02\/GIANNI-LASSEMBLEA-DEL-GAMP-SABATO-2-MARZO.mp3?_=12\" \/><a href=\"https:\/\/www.radiopiu.net\/wordpress\/wp-content\/uploads\/2024\/02\/GIANNI-LASSEMBLEA-DEL-GAMP-SABATO-2-MARZO.mp3\">https:\/\/www.radiopiu.net\/wordpress\/wp-content\/uploads\/2024\/02\/GIANNI-LASSEMBLEA-DEL-GAMP-SABATO-2-MARZO.mp3<\/a><\/audio>\n<p>&nbsp;<\/p>\n<p>&nbsp;<\/p>\n<hr \/>\n<p>&nbsp;<\/p>\n<blockquote>\n<h3>AGORDO PAESE DEL GRAFFITO: EDIZIONE 2024 CON MANUELA SABATINI.<\/h3>\n<\/blockquote>\n<p><strong>di Dunio Piccolin, direttore artistico<\/strong><\/p>\n<p><strong>AGORDO<\/strong> Quest&#8217;anno gli eventi e la buona collaborazione con i paesi gemellati di Agordo, Zugliano e Dolomieu, porter\u00e0 due nuovi artisti a realizzare un graffito ad Agordo, Mirto Testolin e Marie Christine Weibel. Al duo si aggiungeranno Dunio Piccolin e Manuela Sabatini. Quest&#8217;ultima \u00e8 una nostra &#8220;vecchia&#8221; conoscenza, avendo gi\u00e0 fatto per noi ad Agordo due graffiti; forse tra i pi\u00f9 i pi\u00f9 belli da lei realizzati. Sar\u00e0 per questo, o sar\u00e0 per l&#8217;altro motivo, abbiamo deciso di riconvocarla di nuovo. Cosa ne uscir\u00e0 questa volta?. Se smette di nevicare lo sapremo il 30 marzo 2024 in occasione dell&#8217;inaugurazione dei graffiti. Per ora alcuni ricordi dei tempi passati ad Agordo con Manuela, milanese di nascita ma rincasata ad Introbio (Lecco) all&#8217;ombra della Torre Civica&#8230;<\/p>\n<p><span style=\"color: #ff0000;\"><strong>ricordi<\/strong><\/span><\/p>\n\n\t\t\t<style type='text\/css'>\n\t\t\t\t#gallery-3 {\n\t\t\t\t\tmargin: auto;\n\t\t\t\t}\n\t\t\t\t#gallery-3 .gallery-item {\n\t\t\t\t\tfloat: left;\n\t\t\t\t\tmargin-top: 10px;\n\t\t\t\t\ttext-align: center;\n\t\t\t\t\twidth: 20%;\n\t\t\t\t}\n\t\t\t\t#gallery-3 img {\n\t\t\t\t\tborder: 2px solid #cfcfcf;\n\t\t\t\t}\n\t\t\t\t#gallery-3 .gallery-caption {\n\t\t\t\t\tmargin-left: 0;\n\t\t\t\t}\n\t\t\t\t\/* see gallery_shortcode() in wp-includes\/media.php *\/\n\t\t\t<\/style>\n\t\t<div id='gallery-3' class='dt-gallery-container gallery galleryid-376642 gallery-columns-5 gallery-size-thumbnail'><dl class='gallery-item'>\n\t\t\t\t<dt class='gallery-icon portrait'>\n\t\t\t\t\t<a class=\"rollover rollover-zoom dt-pswp-item\" title=\"421837045_451490083870526_3587619778518405664_n\" data-dt-img-description=\"\" data-large_image_width=\"670\" data-large_image_height=\"960\"href='https:\/\/www.radiopiu.net\/wordpress\/wp-content\/uploads\/2024\/02\/421837045_451490083870526_3587619778518405664_n.jpg'><img loading=\"lazy\" decoding=\"async\" width=\"150\" height=\"150\" src=\"https:\/\/www.radiopiu.net\/wordpress\/wp-content\/uploads\/2024\/02\/421837045_451490083870526_3587619778518405664_n-150x150.jpg\" class=\"attachment-thumbnail size-thumbnail\" alt=\"\" \/><\/a>\n\t\t\t\t<\/dt><\/dl><dl class='gallery-item'>\n\t\t\t\t<dt class='gallery-icon landscape'>\n\t\t\t\t\t<a class=\"rollover rollover-zoom dt-pswp-item\" title=\"425330305_451490353870499_7601509726143386372_n\" data-dt-img-description=\"\" data-large_image_width=\"720\" data-large_image_height=\"540\"href='https:\/\/www.radiopiu.net\/wordpress\/wp-content\/uploads\/2024\/02\/425330305_451490353870499_7601509726143386372_n.jpg'><img loading=\"lazy\" decoding=\"async\" width=\"150\" height=\"150\" src=\"https:\/\/www.radiopiu.net\/wordpress\/wp-content\/uploads\/2024\/02\/425330305_451490353870499_7601509726143386372_n-150x150.jpg\" class=\"attachment-thumbnail size-thumbnail\" alt=\"\" \/><\/a>\n\t\t\t\t<\/dt><\/dl><dl class='gallery-item'>\n\t\t\t\t<dt class='gallery-icon landscape'>\n\t\t\t\t\t<a class=\"rollover rollover-zoom dt-pswp-item\" title=\"421837419_451490127203855_7062468541279609567_n\" data-dt-img-description=\"\" data-large_image_width=\"719\" data-large_image_height=\"640\"href='https:\/\/www.radiopiu.net\/wordpress\/wp-content\/uploads\/2024\/02\/421837419_451490127203855_7062468541279609567_n.jpg'><img loading=\"lazy\" decoding=\"async\" width=\"150\" height=\"150\" src=\"https:\/\/www.radiopiu.net\/wordpress\/wp-content\/uploads\/2024\/02\/421837419_451490127203855_7062468541279609567_n-150x150.jpg\" class=\"attachment-thumbnail size-thumbnail\" alt=\"\" \/><\/a>\n\t\t\t\t<\/dt><\/dl><dl class='gallery-item'>\n\t\t\t\t<dt class='gallery-icon landscape'>\n\t\t\t\t\t<a class=\"rollover rollover-zoom dt-pswp-item\" title=\"428484453_451489917203876_1238121666742754177_n\" data-dt-img-description=\"\" data-large_image_width=\"720\" data-large_image_height=\"599\"href='https:\/\/www.radiopiu.net\/wordpress\/wp-content\/uploads\/2024\/02\/428484453_451489917203876_1238121666742754177_n.jpg'><img loading=\"lazy\" decoding=\"async\" width=\"150\" height=\"150\" src=\"https:\/\/www.radiopiu.net\/wordpress\/wp-content\/uploads\/2024\/02\/428484453_451489917203876_1238121666742754177_n-150x150.jpg\" class=\"attachment-thumbnail size-thumbnail\" alt=\"\" \/><\/a>\n\t\t\t\t<\/dt><\/dl><dl class='gallery-item'>\n\t\t\t\t<dt class='gallery-icon landscape'>\n\t\t\t\t\t<a class=\"rollover rollover-zoom dt-pswp-item\" title=\"425340747_451489963870538_2623038447825712067_n\" data-dt-img-description=\"\" data-large_image_width=\"720\" data-large_image_height=\"532\"href='https:\/\/www.radiopiu.net\/wordpress\/wp-content\/uploads\/2024\/02\/425340747_451489963870538_2623038447825712067_n.jpg'><img loading=\"lazy\" decoding=\"async\" width=\"150\" height=\"150\" src=\"https:\/\/www.radiopiu.net\/wordpress\/wp-content\/uploads\/2024\/02\/425340747_451489963870538_2623038447825712067_n-150x150.jpg\" class=\"attachment-thumbnail size-thumbnail\" alt=\"\" \/><\/a>\n\t\t\t\t<\/dt><\/dl><br style=\"clear: both\" \/><dl class='gallery-item'>\n\t\t\t\t<dt class='gallery-icon landscape'>\n\t\t\t\t\t<a class=\"rollover rollover-zoom dt-pswp-item\" title=\"428480275_451490240537177_9093415218085337954_n\" data-dt-img-description=\"\" data-large_image_width=\"720\" data-large_image_height=\"673\"href='https:\/\/www.radiopiu.net\/wordpress\/wp-content\/uploads\/2024\/02\/428480275_451490240537177_9093415218085337954_n.jpg'><img loading=\"lazy\" decoding=\"async\" width=\"150\" height=\"150\" src=\"https:\/\/www.radiopiu.net\/wordpress\/wp-content\/uploads\/2024\/02\/428480275_451490240537177_9093415218085337954_n-150x150.jpg\" class=\"attachment-thumbnail size-thumbnail\" alt=\"\" \/><\/a>\n\t\t\t\t<\/dt><\/dl><dl class='gallery-item'>\n\t\t\t\t<dt class='gallery-icon portrait'>\n\t\t\t\t\t<a class=\"rollover rollover-zoom dt-pswp-item\" title=\"426728610_451490007203867_840530072786784601_n\" data-dt-img-description=\"\" data-large_image_width=\"530\" data-large_image_height=\"666\"href='https:\/\/www.radiopiu.net\/wordpress\/wp-content\/uploads\/2024\/02\/426728610_451490007203867_840530072786784601_n.jpg'><img loading=\"lazy\" decoding=\"async\" width=\"150\" height=\"150\" src=\"https:\/\/www.radiopiu.net\/wordpress\/wp-content\/uploads\/2024\/02\/426728610_451490007203867_840530072786784601_n-150x150.jpg\" class=\"attachment-thumbnail size-thumbnail\" alt=\"\" \/><\/a>\n\t\t\t\t<\/dt><\/dl><dl class='gallery-item'>\n\t\t\t\t<dt class='gallery-icon portrait'>\n\t\t\t\t\t<a class=\"rollover rollover-zoom dt-pswp-item\" title=\"428491442_451490300537171_6791644606955946743_n\" data-dt-img-description=\"\" data-large_image_width=\"720\" data-large_image_height=\"959\"href='https:\/\/www.radiopiu.net\/wordpress\/wp-content\/uploads\/2024\/02\/428491442_451490300537171_6791644606955946743_n.jpg'><img loading=\"lazy\" decoding=\"async\" width=\"150\" height=\"150\" src=\"https:\/\/www.radiopiu.net\/wordpress\/wp-content\/uploads\/2024\/02\/428491442_451490300537171_6791644606955946743_n-150x150.jpg\" class=\"attachment-thumbnail size-thumbnail\" alt=\"\" \/><\/a>\n\t\t\t\t<\/dt><\/dl><dl class='gallery-item'>\n\t\t\t\t<dt class='gallery-icon landscape'>\n\t\t\t\t\t<a class=\"rollover rollover-zoom dt-pswp-item\" title=\"428496249_451490183870516_8128097691556185397_n\" data-dt-img-description=\"\" data-large_image_width=\"720\" data-large_image_height=\"549\"href='https:\/\/www.radiopiu.net\/wordpress\/wp-content\/uploads\/2024\/02\/428496249_451490183870516_8128097691556185397_n.jpg'><img loading=\"lazy\" decoding=\"async\" width=\"150\" height=\"150\" src=\"https:\/\/www.radiopiu.net\/wordpress\/wp-content\/uploads\/2024\/02\/428496249_451490183870516_8128097691556185397_n-150x150.jpg\" class=\"attachment-thumbnail size-thumbnail\" alt=\"\" \/><\/a>\n\t\t\t\t<\/dt><\/dl>\n\t\t\t\t<br style='clear: both' \/>\n\t\t\t<\/div>\n\n<p>&nbsp;<\/p>\n<p>&nbsp;<\/p>\n<hr \/>\n<p>&nbsp;<\/p>\n<blockquote>\n<h3><a class=\"dt-pswp-item\" href=\"https:\/\/www.radiopiu.net\/wordpress\/wp-content\/uploads\/2024\/02\/SCR-20240227-kpld.png\" data-dt-img-description=\"\" data-large_image_width=\"660\" data-large_image_height=\"942\"><img loading=\"lazy\" decoding=\"async\" class=\" wp-image-376511 alignleft\" src=\"https:\/\/www.radiopiu.net\/wordpress\/wp-content\/uploads\/2024\/02\/SCR-20240227-kpld-210x300.png\" alt=\"\" width=\"89\" height=\"127\" srcset=\"https:\/\/www.radiopiu.net\/wordpress\/wp-content\/uploads\/2024\/02\/SCR-20240227-kpld-210x300.png 210w, https:\/\/www.radiopiu.net\/wordpress\/wp-content\/uploads\/2024\/02\/SCR-20240227-kpld.png 660w\" sizes=\"auto, (max-width: 89px) 100vw, 89px\" \/><\/a>UN APPROCCIO CULTURALE DELLA VAL PETTORINA<\/h3>\n<\/blockquote>\n<p><strong>PADOVA<\/strong> Marted\u00ec 5 marzo nella sede Cai di via Gradenigo a Padova in occasione dei &#8220;Martedi del Cai&#8221; verr\u00e0 proposta una serata con Flavio Pilli in collaborazione con l&#8217;Associazione Palue per parlare dell&#8217;approccio culturale della Val Pettoriana. Si affronter\u00e0 la situazione dopo la tempesta Vaia che nel 2018 ha colpito una vasta area delle Dolomiti. L&#8217;ingresso \u00e8 libero<\/p>\n<p>&nbsp;<\/p>\n<hr \/>\n<p>&nbsp;<\/p>\n<blockquote>\n<h3>&#8220;FANGO&#8221; AL TEATRO DINO BUZZATI DI BELLUNO<\/h3>\n<\/blockquote>\n<p><a class=\"dt-pswp-item\" href=\"https:\/\/www.radiopiu.net\/wordpress\/wp-content\/uploads\/2022\/02\/610219_pckg_2501411782791317011-20140927.jpg\" data-dt-img-description=\"TEATRO COMUNALE\" data-large_image_width=\"620\" data-large_image_height=\"340\"><img loading=\"lazy\" decoding=\"async\" class=\"wp-image-258957 alignleft\" src=\"https:\/\/www.radiopiu.net\/wordpress\/wp-content\/uploads\/2022\/02\/610219_pckg_2501411782791317011-20140927-300x165.jpg\" alt=\"\" width=\"165\" height=\"91\" srcset=\"https:\/\/www.radiopiu.net\/wordpress\/wp-content\/uploads\/2022\/02\/610219_pckg_2501411782791317011-20140927-300x165.jpg 300w, https:\/\/www.radiopiu.net\/wordpress\/wp-content\/uploads\/2022\/02\/610219_pckg_2501411782791317011-20140927.jpg 620w\" sizes=\"auto, (max-width: 165px) 100vw, 165px\" \/><\/a><strong>BELLUNO<\/strong> Lo spettacolo &#8220;Fango&#8221; al Teatro Buzzati di Belluno, oggi alle 20:45, indaga la gestione umana dell&#8217;acqua. Organizzato dalle Scuole in Rete con ANVCG, offre riflessioni sull&#8217;ambiente attraverso storie di tragedie come l&#8217;alluvione in Emilia Romagna e il Vajont. Il reading cerca risposte sui crescenti eventi climatici. &#8220;Fango&#8221; presenta testimonianze di soccorritori e sopravvissuti, promuovendo consapevolezza ambientale. Cortesi e Moschini, impegnati nel teatro civile, hanno raccolto oltre 180 storie. La mattinata include anche &#8220;La scelta&#8221;, racconto sulla resistenza civile nella guerra nella ex Jugoslavia, seguito dalla premiazione del bando &#8220;Tanti conflitti, una sola vittima: la popolazione civile&#8221;.<\/p>\n<p>&nbsp;<\/p>\n<p>&nbsp;<\/p>\n<hr \/>\n<p>&nbsp;<\/p>\n<blockquote>\n<h3><a class=\"dt-pswp-item\" href=\"https:\/\/www.radiopiu.net\/wordpress\/wp-content\/uploads\/2024\/02\/ef01c8d9-8946-44f1-bd64-5d0ea6c915c7.jpg\" data-dt-img-description=\"\" data-large_image_width=\"1050\" data-large_image_height=\"1485\"><img loading=\"lazy\" decoding=\"async\" class=\" wp-image-375927 alignleft\" src=\"https:\/\/www.radiopiu.net\/wordpress\/wp-content\/uploads\/2024\/02\/ef01c8d9-8946-44f1-bd64-5d0ea6c915c7-212x300.jpg\" alt=\"\" width=\"93\" height=\"132\" srcset=\"https:\/\/www.radiopiu.net\/wordpress\/wp-content\/uploads\/2024\/02\/ef01c8d9-8946-44f1-bd64-5d0ea6c915c7-212x300.jpg 212w, https:\/\/www.radiopiu.net\/wordpress\/wp-content\/uploads\/2024\/02\/ef01c8d9-8946-44f1-bd64-5d0ea6c915c7-724x1024.jpg 724w, https:\/\/www.radiopiu.net\/wordpress\/wp-content\/uploads\/2024\/02\/ef01c8d9-8946-44f1-bd64-5d0ea6c915c7-768x1086.jpg 768w, https:\/\/www.radiopiu.net\/wordpress\/wp-content\/uploads\/2024\/02\/ef01c8d9-8946-44f1-bd64-5d0ea6c915c7.jpg 1050w\" sizes=\"auto, (max-width: 93px) 100vw, 93px\" \/><\/a>VIE IN ROSA AL TEATRO SAN GAETANO<\/h3>\n<\/blockquote>\n<p><strong>BELLUNO<\/strong> Sono 4 gli appuntamenti in programma per la rassegna &#8220;Vie in rosa&#8221; al Teatro San Gaetano di Belluno. Il 10 marzo &#8220;le Fuori gioco&#8221; e a seguire un incontro con il sociologo Diego Cason. Il 24 marzo &#8220;Non Fare storia&#8221; con Paola Brolati e a seguire un incontro con Belluno Donna. Il 14 aprile &#8220;Rolandina Roncaglia&#8221; e il 28 aprile un incontro con Roberta Gallego. Gli spettacoli inizieranno alle 17:30.<\/p>\n<p>&nbsp;<\/p>\n<p>&nbsp;<\/p>\n<hr \/>\n<p>&nbsp;<\/p>\n<p>&nbsp;<\/p>\n<blockquote>\n<h3>DONNE IL CORAGGIO DI ANDARE CONTROCORRENTE<\/h3>\n<\/blockquote>\n<p><strong>BELLUNO<\/strong> Sabato 9 marzo al Teatro Dino Buzzati alle 20.30 &#8220;Donne il coraggio di andare contro corrente&#8221; Serata di beneficenza a favore dell&#8217;associazione Belluno Donna. Spettacolo concerto condotto dall&#8217;attore Riccardo Checchin e dalla cantante Jessica Re. Intervengono l&#8217;attrice Roberta Barbiero\u00a0 la cantante Jessica Lena e\u00a0 la cantautrice Giorgia Canton. Ospite il pianista compositore Gioni Barbera.<\/p>\n<p>&nbsp;<\/p>\n<p>&nbsp;<\/p>\n<hr \/>\n<p>&nbsp;<\/p>\n<blockquote>\n<h3>DOLOMITES BEATS BY FERTAZZA CON FARGETTA POSTICIPATO DI UNA SETTIMANA<\/h3>\n<\/blockquote>\n<p><strong><a class=\"dt-pswp-item\" href=\"https:\/\/www.radiopiu.net\/wordpress\/wp-content\/uploads\/2024\/02\/ae06440d-5c55-4955-a62b-75f346a8f4fc.jpg\" data-dt-img-description=\"\" data-large_image_width=\"526\" data-large_image_height=\"275\"><img loading=\"lazy\" decoding=\"async\" class=\" wp-image-376655 alignleft\" src=\"https:\/\/www.radiopiu.net\/wordpress\/wp-content\/uploads\/2024\/02\/ae06440d-5c55-4955-a62b-75f346a8f4fc-300x157.jpg\" alt=\"\" width=\"141\" height=\"74\" srcset=\"https:\/\/www.radiopiu.net\/wordpress\/wp-content\/uploads\/2024\/02\/ae06440d-5c55-4955-a62b-75f346a8f4fc-300x157.jpg 300w, https:\/\/www.radiopiu.net\/wordpress\/wp-content\/uploads\/2024\/02\/ae06440d-5c55-4955-a62b-75f346a8f4fc.jpg 526w\" sizes=\"auto, (max-width: 141px) 100vw, 141px\" \/><\/a>REDAZIONE <\/strong>Viene posticipato di una settimana l&#8217;evento al Ristoro Belvedere Cima Fertazza con ospite Mario Fargetta. Le previsioni meteo avverse hanno costretto gli organizzatori a rinunciare all&#8217;evento in programma questo fine settimana. La data sar\u00e0 recuperata domenica 10 marzo.<strong><br \/>\n<\/strong><\/p>\n<p>&nbsp;<\/p>\n<p>&nbsp;<\/p>\n<hr \/>\n<p>&nbsp;<\/p>\n<blockquote>\n<h2>WILLIAM DA ROIT ALLA FESTA DEL FONDO &#8220;COME A NEW YORK&#8230; MA SULLA NEVE&#8221;<\/h2>\n<\/blockquote>\n<p><strong>REDAZIONE<\/strong>\u00a0La festa dello sci di fondo in Scandinavia, culminer\u00e0 domenica con 17.000 concorrenti omaggiando il Re Gustav Vasa. Nella maratona di New York dei fondisti, la Vasaloppet, partecipano complessivamente 60.000 atleti in diverse distanze e tecniche. Luca De Zorzi, Presidente del Team Long Distance Agordino, celebra la numerosa partecipazione bellunese, con il Team Agordino e Vasabroke rappresentati da oltre 60 fondisti. Le staffette Vasabroke gareggiano venerd\u00ec, mentre William Da Roit e Paolo Zampieri partecipano alla Vasa notturna di 90 km in skating. I fratelli Busin, Lorenzo ed Emanuele dell\u2019Internorm Alpenus, insieme agli altri atleti del Team Agordino, affronteranno la competizione domenica sul percorso classico di 90 km. Il traguardo a Mora porta il messaggio: \u201cSulle orme dei Padri per le vittorie future!\u201d<\/p>\n<p>l&#8217;intervista di mirko mezzacasa<\/p>\n<p><iframe loading=\"lazy\" title=\"Vasaloppet 24\" width=\"1200\" height=\"675\" src=\"https:\/\/www.youtube.com\/embed\/hO5X-MDxAGs?start=35&#038;feature=oembed\" frameborder=\"0\" allow=\"accelerometer; autoplay; clipboard-write; encrypted-media; gyroscope; picture-in-picture; web-share\" allowfullscreen><\/iframe><\/p>\n<p>&nbsp;<\/p>\n<hr \/>\n<p>&nbsp;<\/p>\n<h2><span style=\"color: #ff6600;\">IERI ALLA RADIO\u00a0<\/span><\/h2>\n<h2><span style=\"color: #800080;\">LIBER, DI LIANA CAVALLET<\/span><\/h2>\n<p><strong>PUNTATA 25\u00a0 \u00a028 FEBBRAIO 2024 &#8211; BONNIE GARMUS<\/strong><\/p>\n\n\t\t\t<style type='text\/css'>\n\t\t\t\t#gallery-4 {\n\t\t\t\t\tmargin: auto;\n\t\t\t\t}\n\t\t\t\t#gallery-4 .gallery-item {\n\t\t\t\t\tfloat: left;\n\t\t\t\t\tmargin-top: 10px;\n\t\t\t\t\ttext-align: center;\n\t\t\t\t\twidth: 100%;\n\t\t\t\t}\n\t\t\t\t#gallery-4 img {\n\t\t\t\t\tborder: 2px solid #cfcfcf;\n\t\t\t\t}\n\t\t\t\t#gallery-4 .gallery-caption {\n\t\t\t\t\tmargin-left: 0;\n\t\t\t\t}\n\t\t\t\t\/* see gallery_shortcode() in wp-includes\/media.php *\/\n\t\t\t<\/style>\n\t\t<div id='gallery-4' class='dt-gallery-container gallery galleryid-376642 gallery-columns-1 gallery-size-medium'><dl class='gallery-item'>\n\t\t\t\t<dt class='gallery-icon portrait'>\n\t\t\t\t\t<a class=\"rollover rollover-zoom dt-pswp-item\" title=\"c26e2a2b-1b7d-4c4e-8276-33352d5013c0\" data-dt-img-description=\"\" data-large_image_width=\"395\" data-large_image_height=\"595\"href='https:\/\/www.radiopiu.net\/wordpress\/wp-content\/uploads\/2024\/02\/c26e2a2b-1b7d-4c4e-8276-33352d5013c0.jpg'><img loading=\"lazy\" decoding=\"async\" width=\"199\" height=\"300\" src=\"https:\/\/www.radiopiu.net\/wordpress\/wp-content\/uploads\/2024\/02\/c26e2a2b-1b7d-4c4e-8276-33352d5013c0-199x300.jpg\" class=\"attachment-medium size-medium\" alt=\"\" srcset=\"https:\/\/www.radiopiu.net\/wordpress\/wp-content\/uploads\/2024\/02\/c26e2a2b-1b7d-4c4e-8276-33352d5013c0-199x300.jpg 199w, https:\/\/www.radiopiu.net\/wordpress\/wp-content\/uploads\/2024\/02\/c26e2a2b-1b7d-4c4e-8276-33352d5013c0.jpg 395w\" sizes=\"auto, (max-width: 199px) 100vw, 199px\" \/><\/a>\n\t\t\t\t<\/dt><\/dl><br style=\"clear: both\" \/>\n\t\t\t<\/div>\n\n<audio class=\"wp-audio-shortcode\" id=\"audio-376642-13\" preload=\"none\" style=\"width: 100%;\" controls=\"controls\"><source type=\"audio\/mpeg\" src=\"https:\/\/www.radiopiu.net\/wordpress\/wp-content\/uploads\/2024\/02\/LIANA-3.mp3?_=13\" \/><a href=\"https:\/\/www.radiopiu.net\/wordpress\/wp-content\/uploads\/2024\/02\/LIANA-3.mp3\">https:\/\/www.radiopiu.net\/wordpress\/wp-content\/uploads\/2024\/02\/LIANA-3.mp3<\/a><\/audio>\n<p>&nbsp;<\/p>\n<h2>LA RACCOLTA COMPLETA <a href=\"https:\/\/www.radiopiu.net\/wordpress\/liber-di-liana-cavallet-la-raccolta\/\">CLICCA QUI<\/a><\/h2>\n<p>&nbsp;<\/p>\n<p>&nbsp;<\/p>\n<hr \/>\n<p>&nbsp;<\/p>\n<h2><span style=\"color: #008000;\">CISL E FEMCA CISL LA VOCE PER I LAVORATORI<\/span><\/h2>\n<p><a class=\"dt-pswp-item\" href=\"https:\/\/www.radiopiu.net\/wordpress\/wp-content\/uploads\/2022\/01\/th-7.jpg\" data-dt-img-description=\"\" data-large_image_width=\"202\" data-large_image_height=\"202\"><img loading=\"lazy\" decoding=\"async\" class=\" wp-image-253706 alignleft\" src=\"https:\/\/www.radiopiu.net\/wordpress\/wp-content\/uploads\/2022\/01\/th-7.jpg\" alt=\"\" width=\"103\" height=\"103\" srcset=\"https:\/\/www.radiopiu.net\/wordpress\/wp-content\/uploads\/2022\/01\/th-7.jpg 202w, https:\/\/www.radiopiu.net\/wordpress\/wp-content\/uploads\/2022\/01\/th-7-150x150.jpg 150w\" sizes=\"auto, (max-width: 103px) 100vw, 103px\" \/><\/a>28 febbraio 2024<\/p>\n<p><strong>PUNTATA 62, ANNA PAOLA D&#8217;AGOSTINI<\/strong><\/p>\n<audio class=\"wp-audio-shortcode\" id=\"audio-376642-14\" preload=\"none\" style=\"width: 100%;\" controls=\"controls\"><source type=\"audio\/mpeg\" src=\"https:\/\/www.radiopiu.net\/wordpress\/wp-content\/uploads\/2024\/01\/FEMCA-CISL-5.mp3?_=14\" \/><a href=\"https:\/\/www.radiopiu.net\/wordpress\/wp-content\/uploads\/2024\/01\/FEMCA-CISL-5.mp3\">https:\/\/www.radiopiu.net\/wordpress\/wp-content\/uploads\/2024\/01\/FEMCA-CISL-5.mp3<\/a><\/audio>\n<p>&nbsp;<\/p>\n<h2>LA RACCOLTA COMPLETA <a href=\"https:\/\/www.radiopiu.net\/wordpress\/cisl-e-femca-cisl-la-vocef\/\">CLICCA QUI<\/a><\/h2>\n<p>&nbsp;<\/p>\n<p>&nbsp;<\/p>\n<hr \/>\n<p>&nbsp;<\/p>\n<h2><span style=\"color: #3366ff;\"><a class=\"dt-pswp-item\" href=\"https:\/\/www.radiopiu.net\/wordpress\/wp-content\/uploads\/2022\/11\/scuola-zaino.jpeg\" data-dt-img-description=\"\" data-large_image_width=\"626\" data-large_image_height=\"417\"><img loading=\"lazy\" decoding=\"async\" class=\" wp-image-306830 alignleft\" src=\"https:\/\/www.radiopiu.net\/wordpress\/wp-content\/uploads\/2022\/11\/scuola-zaino-300x200.jpeg\" alt=\"\" width=\"152\" height=\"101\" srcset=\"https:\/\/www.radiopiu.net\/wordpress\/wp-content\/uploads\/2022\/11\/scuola-zaino-300x200.jpeg 300w, https:\/\/www.radiopiu.net\/wordpress\/wp-content\/uploads\/2022\/11\/scuola-zaino.jpeg 626w\" sizes=\"auto, (max-width: 152px) 100vw, 152px\" \/><\/a>SE NON LA SMETTI TI MANDO DAL PRESIDE<\/span><\/h2>\n<p><strong>DI MIRKO MEZZACASA<\/strong><\/p>\n<p>CON MARIA ROSA SALMAZO<\/p>\n<audio class=\"wp-audio-shortcode\" id=\"audio-376642-15\" preload=\"none\" style=\"width: 100%;\" controls=\"controls\"><source type=\"audio\/mpeg\" src=\"https:\/\/www.radiopiu.net\/wordpress\/wp-content\/uploads\/2024\/02\/PRESIDE-1.mp3?_=15\" \/><a href=\"https:\/\/www.radiopiu.net\/wordpress\/wp-content\/uploads\/2024\/02\/PRESIDE-1.mp3\">https:\/\/www.radiopiu.net\/wordpress\/wp-content\/uploads\/2024\/02\/PRESIDE-1.mp3<\/a><\/audio>\n<p>&nbsp;<\/p>\n<hr \/>\n<p>&nbsp;<\/p>\n<h2><span style=\"color: #ff0000;\">DOMENICA 10 MARZO TORNA LA VECIA POPA AD AGORDO<\/span><\/h2>\n<p><strong><a class=\"dt-pswp-item\" href=\"https:\/\/www.radiopiu.net\/wordpress\/wp-content\/uploads\/2024\/02\/VeciaPopa2014b.jpg\" data-dt-img-description=\"\" data-large_image_width=\"1500\" data-large_image_height=\"944\"><img loading=\"lazy\" decoding=\"async\" class=\" wp-image-376680 alignleft\" src=\"https:\/\/www.radiopiu.net\/wordpress\/wp-content\/uploads\/2024\/02\/VeciaPopa2014b-300x189.jpg\" alt=\"\" width=\"163\" height=\"103\" srcset=\"https:\/\/www.radiopiu.net\/wordpress\/wp-content\/uploads\/2024\/02\/VeciaPopa2014b-300x189.jpg 300w, https:\/\/www.radiopiu.net\/wordpress\/wp-content\/uploads\/2024\/02\/VeciaPopa2014b-1024x644.jpg 1024w, https:\/\/www.radiopiu.net\/wordpress\/wp-content\/uploads\/2024\/02\/VeciaPopa2014b-768x483.jpg 768w, https:\/\/www.radiopiu.net\/wordpress\/wp-content\/uploads\/2024\/02\/VeciaPopa2014b.jpg 1500w\" sizes=\"auto, (max-width: 163px) 100vw, 163px\" \/><\/a>DI MIRKO MEZZACASA<\/strong><\/p>\n<p>OSPITI: Thomas Manfroi e Valentina De Nardin<\/p>\n<audio class=\"wp-audio-shortcode\" id=\"audio-376642-16\" preload=\"none\" style=\"width: 100%;\" controls=\"controls\"><source type=\"audio\/mpeg\" src=\"https:\/\/www.radiopiu.net\/wordpress\/wp-content\/uploads\/2024\/02\/vecia-popa-2024.mp3?_=16\" \/><a href=\"https:\/\/www.radiopiu.net\/wordpress\/wp-content\/uploads\/2024\/02\/vecia-popa-2024.mp3\">https:\/\/www.radiopiu.net\/wordpress\/wp-content\/uploads\/2024\/02\/vecia-popa-2024.mp3<\/a><\/audio>\n<p>&nbsp;<\/p>\n<hr \/>\n<p>&nbsp;<\/p>\n<h2><span style=\"color: #ff00ff;\">LA PROLOCO DI AGORDO RINNOVA IL DIRETTIVO. GALLIGANI &#8220;SIAMO POCHI, IN QUESTE CONDIZIONI SAN PIERO NON SI FA&#8221;<\/span><\/h2>\n<p><strong><img loading=\"lazy\" decoding=\"async\" class=\"alignleft\" src=\"https:\/\/www.radiopiu.net\/wordpress\/wp-content\/uploads\/2024\/02\/download-2.jpg\" width=\"158\" height=\"118\" \/>AGORDO<\/strong> Oggi la proloco di Agordo \u00e8 a un bivio importante, dovr\u00e0 infatti rinnovare il direttivo. Per scarisit\u00e0 di adesione la prima brutta notizia &#8220;senza un direttivo con 10-15 persone non saremo presenti alla sagra di San Piero&#8221; ha detto il Presidente Daniele Galligani nell&#8217;intervista alla radio.<\/p>\n<p>di mirko mezzacasa<\/p>\n<p>&nbsp;<\/p>\n<audio class=\"wp-audio-shortcode\" id=\"audio-376642-17\" preload=\"none\" style=\"width: 100%;\" controls=\"controls\"><source type=\"audio\/mpeg\" src=\"https:\/\/www.radiopiu.net\/wordpress\/wp-content\/uploads\/2024\/02\/daniele-galligani-san-piero.mp3?_=17\" \/><a href=\"https:\/\/www.radiopiu.net\/wordpress\/wp-content\/uploads\/2024\/02\/daniele-galligani-san-piero.mp3\">https:\/\/www.radiopiu.net\/wordpress\/wp-content\/uploads\/2024\/02\/daniele-galligani-san-piero.mp3<\/a><\/audio>\n<p>&nbsp;<\/p>\n<hr \/>\n<p>&nbsp;<\/p>\n<p>&nbsp;<\/p>\n<p><a class=\"dt-pswp-item\" href=\"https:\/\/www.radiopiu.net\/wordpress\/wp-content\/uploads\/2024\/02\/5d33d89b-448d-4b8b-90f7-0a87d536a81d.jpg\" data-dt-img-description=\"\" data-large_image_width=\"995\" data-large_image_height=\"771\"><img loading=\"lazy\" decoding=\"async\" class=\"size-medium wp-image-376421 aligncenter\" src=\"https:\/\/www.radiopiu.net\/wordpress\/wp-content\/uploads\/2024\/02\/5d33d89b-448d-4b8b-90f7-0a87d536a81d-300x232.jpg\" alt=\"\" width=\"300\" height=\"232\" srcset=\"https:\/\/www.radiopiu.net\/wordpress\/wp-content\/uploads\/2024\/02\/5d33d89b-448d-4b8b-90f7-0a87d536a81d-300x232.jpg 300w, https:\/\/www.radiopiu.net\/wordpress\/wp-content\/uploads\/2024\/02\/5d33d89b-448d-4b8b-90f7-0a87d536a81d-768x595.jpg 768w, https:\/\/www.radiopiu.net\/wordpress\/wp-content\/uploads\/2024\/02\/5d33d89b-448d-4b8b-90f7-0a87d536a81d.jpg 995w\" sizes=\"auto, (max-width: 300px) 100vw, 300px\" \/><\/a><\/p>\n<p><strong>STIAMO&#8230; ARRIVANDO\u00a0<\/strong><\/p>\n<p>&nbsp;<\/p>\n<p>&nbsp;<\/p>\n<hr \/>\n<p>&nbsp;<\/p>\n<blockquote>\n<h3>UNA MOSTRA SUL VAJONT<\/h3>\n<\/blockquote>\n<p><strong>SANTA GIUSTINA <\/strong>La mostra &#8220;Vajont&#8221; sar\u00e0 inaugurata domani alle 18:00 presso il Centro Culturale di Santa Giustina. Promossa dall&#8217;Assessorato alla Cultura di Santa Giustina e realizzata nel 2022 dalle classi quinta Liceo Scienze applicate e Liceo Scienze Umane dell&#8217;Istituto Canossiano paritario &#8220;Vittorino da Feltre&#8221; di Feltre, la mostra presenta circa quaranta immagini selezionate dagli studenti con didascalie che narrano la storia di Longarone, Erto e Casso prima e dopo la tragedia del Vajont. Il progetto \u00e8 in collaborazione con Enrico Bacchetti, direttore dell&#8217;Isbrec, e Adriana Lotto, presidente dell&#8217;associazione Tina Merlin. La mostra include anche un filmato di 12 minuti curato da Lorenzo Dal Cortivo.<\/p>\n<p>&nbsp;<\/p>\n<p>&nbsp;<\/p>\n<hr \/>\n<p>&nbsp;<\/p>\n<blockquote>\n<h3>AD ARABBA VERTICAL WINTER TOUR<\/h3>\n<\/blockquote>\n<p><strong>LIVINALLONGO<\/strong> Fa tappa ad Arabba il 2 e 3 marzo il &#8220;Vertical winter tour&#8221;, l&#8217;evento itinerante (giunto alla 15\u00aa edizione) che tocca 9 localit\u00e0 sciistiche italiane dislocate su tutto l&#8217;arco alpino per un totale di 19 giorni di puro divertimento sulla neve. &#8220;Sport, music and fun&#8221;.<\/p>\n<p>&nbsp;<\/p>\n<hr \/>\n<p>&nbsp;<\/p>\n<p>&nbsp;<\/p>\n<h2><span style=\"color: #ff0000;\">GLI APPUNTAMENTI DELLA SETTIMANA\u00a0<\/span><\/h2>\n<p>&nbsp;<\/p>\n<p><a class=\"dt-pswp-item\" href=\"https:\/\/www.radiopiu.net\/wordpress\/wp-content\/uploads\/2024\/02\/283bee38-3dd2-4489-836e-4a075ff7fd90.jpg\" data-dt-img-description=\"\" data-large_image_width=\"1219\" data-large_image_height=\"1500\"><img loading=\"lazy\" decoding=\"async\" class=\"size-medium wp-image-376832 aligncenter\" src=\"https:\/\/www.radiopiu.net\/wordpress\/wp-content\/uploads\/2024\/02\/283bee38-3dd2-4489-836e-4a075ff7fd90-244x300.jpg\" alt=\"\" width=\"244\" height=\"300\" srcset=\"https:\/\/www.radiopiu.net\/wordpress\/wp-content\/uploads\/2024\/02\/283bee38-3dd2-4489-836e-4a075ff7fd90-244x300.jpg 244w, https:\/\/www.radiopiu.net\/wordpress\/wp-content\/uploads\/2024\/02\/283bee38-3dd2-4489-836e-4a075ff7fd90-832x1024.jpg 832w, https:\/\/www.radiopiu.net\/wordpress\/wp-content\/uploads\/2024\/02\/283bee38-3dd2-4489-836e-4a075ff7fd90-768x945.jpg 768w, https:\/\/www.radiopiu.net\/wordpress\/wp-content\/uploads\/2024\/02\/283bee38-3dd2-4489-836e-4a075ff7fd90.jpg 1219w\" sizes=\"auto, (max-width: 244px) 100vw, 244px\" \/><\/a><\/p>\n<p>&nbsp;<\/p>\n<p><strong>LIMANA<\/strong> Il Comune di Limana, insieme alla Biblioteca Comunale e all&#8217;Assessorato alla Cultura, organizza una serata speciale curata da Gianni Carlin. La serata, intitolata &#8220;Un Poema Ritrovato, un Autore Sconosciuto&#8221;, si terr\u00e0 oggi alle 20:30 presso la Sala Nocivelli di Limana. Il recital sar\u00e0 un&#8217;esperienza poetico-musicale e teatrale che presenter\u00e0 un poema inedito di un autore sconosciuto. Un&#8217;occasione unica per scoprire e apprezzare nuovi talenti nel mondo della poesia.<\/p>\n<p><strong>LONGARONE<\/strong> sabato 2 marzo 2024 alle ore 20:45 al Centro Culturale di Longarone si terr\u00e0 lo spettacolo teatrale &#8220;Il corpo che ossessione. I nuovi mostri&#8221; della <u>compagnia &#8220;La Fontana Conta&#8221; &#8211; Regia di Roberto Faoro<\/u>.<\/p>\n<p><strong>BELLUNO <\/strong>Sabato 2 marzo alle 17.30 al teatro Giovanni 23esimo &#8220;L&#8217;histoire du Soldat&#8221; con il Conservatorio di musica\u00a0 di Castelfranco Veneto<\/p>\n<p><strong>BELLUNO\u00a0<\/strong>Sabato 2 marzo alle 20.45, la compagnia vicentina Theama Teatro\u00a0 porter\u00e0 \u00a0torna al Teatro Dino Buzzati\u00a0 con la commedia \u201cLa scuola dei mariti e delle mogli\u201d. Tratta dai capolavori \u201cLa scuola dei mariti\u201d e \u201cLa scuola delle mogli\u201d<\/p>\n<div><strong>AGORDO<\/strong> Domenica\u00a0 escursione con il Cai di Agordo a Monte Muro, 2323 metri. ISCRIZIONI: Telefonando al 380.6983040 dalle ore 16.00 alle ore 21.00<\/div>\n<p>&nbsp;<\/p>\n<p><strong>CENCENIGHE<\/strong> DOMENICA 3 MARZO 10 anni di Oh Per Bacco, 2014_2024, dalle 16.00 la festa<\/p>\n<blockquote>\n<h2><a class=\"dt-pswp-item\" href=\"https:\/\/www.radiopiu.net\/wordpress\/wp-content\/uploads\/2024\/02\/424975281_17930049686820544_8669192397721482723_n.jpg\" data-dt-img-description=\"\" data-large_image_width=\"512\" data-large_image_height=\"640\"><img loading=\"lazy\" decoding=\"async\" class=\"size-medium wp-image-375410 aligncenter\" src=\"https:\/\/www.radiopiu.net\/wordpress\/wp-content\/uploads\/2024\/02\/424975281_17930049686820544_8669192397721482723_n-240x300.jpg\" alt=\"\" width=\"240\" height=\"300\" srcset=\"https:\/\/www.radiopiu.net\/wordpress\/wp-content\/uploads\/2024\/02\/424975281_17930049686820544_8669192397721482723_n-240x300.jpg 240w, https:\/\/www.radiopiu.net\/wordpress\/wp-content\/uploads\/2024\/02\/424975281_17930049686820544_8669192397721482723_n.jpg 512w\" sizes=\"auto, (max-width: 240px) 100vw, 240px\" \/><\/a><\/h2>\n<\/blockquote>\n<p>&nbsp;<\/p>\n<h2><span style=\"color: #ff0000;\">\u00a0<\/span><\/h2>\n<h2><span style=\"color: #ff0000;\">PROSSIMAMENTE<\/span><\/h2>\n<p><strong>FELTRE<\/strong> La Famiglia Ex Emigranti del Feltrino organizza la gita alla fiera &#8220;Orto Giardino&#8221; a Pordenonefiere il 6 marzo. La partenza \u00e8 alle 13 da Pedavena, con passaggio a Feltre. Il programma include l&#8217;ingresso alla fiera e una tappa in pizzeria durante il rientro. Per informazioni 40 262 9562.<\/p>\n<p><strong>BELLUNO<\/strong> Sabato 9 marzo alle ore 17:30, presso la sala &#8220;TEATRO&#8221; del Centro Congressi in piazza Piloni a Belluno, si terr\u00e0 un incontro sul tema &#8220;GAZA E KIEV: L&#8217;EUROPA TRA I CONFLITTI&#8221;. Gli interventi saranno di Germano Dottori, Consigliere scientifico di Limes, e di Gian Micalessin, giornalista, scrittore e inviato di guerra. L&#8217;incontro sar\u00e0 condotto da Franco Tosolini, ricercatore storico.<\/p>\n<div>\n<div class=\"\" dir=\"auto\">\n<div id=\":r9h:\" class=\"x1iorvi4 x1pi30zi x1l90r2v x1swvt13\" data-ad-comet-preview=\"message\" data-ad-preview=\"message\">\n<div class=\"x78zum5 xdt5ytf xz62fqu x16ldp7u\">\n<div class=\"xu06os2 x1ok221b\">\n<blockquote>\n<h3 style=\"text-align: center;\">LE CAMPE: 9 marzo con la Combricola del Blasko<\/h3>\n<\/blockquote>\n<p><a class=\"dt-pswp-item\" href=\"https:\/\/www.radiopiu.net\/wordpress\/wp-content\/uploads\/2024\/02\/Senza-nome-52.png\" data-dt-img-description=\"\" data-large_image_width=\"268\" data-large_image_height=\"486\"><img loading=\"lazy\" decoding=\"async\" class=\" wp-image-375373 aligncenter\" src=\"https:\/\/www.radiopiu.net\/wordpress\/wp-content\/uploads\/2024\/02\/Senza-nome-52-165x300.png\" alt=\"\" width=\"148\" height=\"269\" srcset=\"https:\/\/www.radiopiu.net\/wordpress\/wp-content\/uploads\/2024\/02\/Senza-nome-52-165x300.png 165w, https:\/\/www.radiopiu.net\/wordpress\/wp-content\/uploads\/2024\/02\/Senza-nome-52.png 268w\" sizes=\"auto, (max-width: 148px) 100vw, 148px\" \/><\/a><\/p>\n<\/div>\n<\/div>\n<\/div>\n<\/div>\n<\/div>\n<blockquote>\n<h2><\/h2>\n<h2>DALL&#8217;INGHILTERRA AL LARESEI.. ICE MC C&#8217;E&#8217;!<\/h2>\n<\/blockquote>\n<p>7 APRILE: Save The Date Festival\u00a0 al Rifugio L\u00e0resei<\/p>\n<p>UN&#8217; ALTRA ANTICIPAZIONE&#8230;ICE MC SPECIAL GUEST, Direttamente dall&#8217;Inghilterra vola al <a class=\"x1i10hfl xjbqb8w x1ejq31n xd10rxx x1sy0etr x17r0tee x972fbf xcfux6l x1qhh985 xm0m39n x9f619 x1ypdohk xt0psk2 xe8uvvx xdj266r x11i5rnm xat24cr x1mh8g0r xexx8yu x4uap5 x18d9i69 xkhd6sd x16tdsg8 x1hl2dhg xggy1nq x1a2a7pz notranslate _a6hd\" tabindex=\"0\" role=\"link\" href=\"https:\/\/www.instagram.com\/savethedate_festival_\/\">savethedate_festival_<\/a> Ice MC &#8230; 7 APRILE, CON CAROLINA MARQUEZ, MASSIMILIANO OSSINI, CAMILLA RONCHI, ICE MC&#8230;. E NON E&#8217; ANCORA FINITA Acquista il tuo biglietto d&#8217;ingresso al link: <a class=\"moz-txt-link-abbreviated\" href=\"http:\/\/www.ciaotickets.com\">www.ciaotickets.com<\/a> \u00a0\u00a0\u00a0\u00a0\u00a0\u00a0\u00a0\u00a0\u00a0\u00a0\u00a0\u00a0\u00a0\u00a0 save-the-date-festival 7 APRILE RIFUGIO LARESEI SKI AREA SAN PELLEGRINO-FALCADE<\/p>\n<blockquote>\n<h2>SAVE THE DATE FESTIVAL<\/h2>\n<div>\n<div class=\"\" dir=\"auto\">\n<div id=\":r9h:\" class=\"x1iorvi4 x1pi30zi x1l90r2v x1swvt13\" data-ad-comet-preview=\"message\" data-ad-preview=\"message\">\n<div class=\"x78zum5 xdt5ytf xz62fqu x16ldp7u\">\n<div class=\"xu06os2 x1ok221b\">\n<div dir=\"auto\">\n\n\t\t\t<style type='text\/css'>\n\t\t\t\t#gallery-5 {\n\t\t\t\t\tmargin: auto;\n\t\t\t\t}\n\t\t\t\t#gallery-5 .gallery-item {\n\t\t\t\t\tfloat: left;\n\t\t\t\t\tmargin-top: 10px;\n\t\t\t\t\ttext-align: center;\n\t\t\t\t\twidth: 33%;\n\t\t\t\t}\n\t\t\t\t#gallery-5 img {\n\t\t\t\t\tborder: 2px solid #cfcfcf;\n\t\t\t\t}\n\t\t\t\t#gallery-5 .gallery-caption {\n\t\t\t\t\tmargin-left: 0;\n\t\t\t\t}\n\t\t\t\t\/* see gallery_shortcode() in wp-includes\/media.php *\/\n\t\t\t<\/style>\n\t\t<div id='gallery-5' class='dt-gallery-container gallery galleryid-376642 gallery-columns-3 gallery-size-medium'><dl class='gallery-item'>\n\t\t\t\t<dt class='gallery-icon landscape'>\n\t\t\t\t\t<a class=\"rollover rollover-zoom dt-pswp-item\" title=\"download\" data-dt-img-description=\"\" data-large_image_width=\"640\" data-large_image_height=\"639\"href='https:\/\/www.radiopiu.net\/wordpress\/wp-content\/uploads\/2024\/02\/download-5.jpg'><img loading=\"lazy\" decoding=\"async\" width=\"300\" height=\"300\" src=\"https:\/\/www.radiopiu.net\/wordpress\/wp-content\/uploads\/2024\/02\/download-5-300x300.jpg\" class=\"attachment-medium size-medium\" alt=\"\" srcset=\"https:\/\/www.radiopiu.net\/wordpress\/wp-content\/uploads\/2024\/02\/download-5-300x300.jpg 300w, https:\/\/www.radiopiu.net\/wordpress\/wp-content\/uploads\/2024\/02\/download-5-150x150.jpg 150w, https:\/\/www.radiopiu.net\/wordpress\/wp-content\/uploads\/2024\/02\/download-5.jpg 640w\" sizes=\"auto, (max-width: 300px) 100vw, 300px\" \/><\/a>\n\t\t\t\t<\/dt><\/dl><dl class='gallery-item'>\n\t\t\t\t<dt class='gallery-icon landscape'>\n\t\t\t\t\t<a class=\"rollover rollover-zoom dt-pswp-item\" title=\"download\" data-dt-img-description=\"\" data-large_image_width=\"640\" data-large_image_height=\"639\"href='https:\/\/www.radiopiu.net\/wordpress\/wp-content\/uploads\/2024\/02\/download-6.jpg'><img loading=\"lazy\" decoding=\"async\" width=\"300\" height=\"300\" src=\"https:\/\/www.radiopiu.net\/wordpress\/wp-content\/uploads\/2024\/02\/download-6-300x300.jpg\" class=\"attachment-medium size-medium\" alt=\"\" srcset=\"https:\/\/www.radiopiu.net\/wordpress\/wp-content\/uploads\/2024\/02\/download-6-300x300.jpg 300w, https:\/\/www.radiopiu.net\/wordpress\/wp-content\/uploads\/2024\/02\/download-6-150x150.jpg 150w, https:\/\/www.radiopiu.net\/wordpress\/wp-content\/uploads\/2024\/02\/download-6.jpg 640w\" sizes=\"auto, (max-width: 300px) 100vw, 300px\" \/><\/a>\n\t\t\t\t<\/dt><\/dl><dl class='gallery-item'>\n\t\t\t\t<dt class='gallery-icon landscape'>\n\t\t\t\t\t<a class=\"rollover rollover-zoom dt-pswp-item\" title=\"19c21029-a0ef-4986-8081-9facbbbce065\" data-dt-img-description=\"\" data-large_image_width=\"1080\" data-large_image_height=\"1080\"href='https:\/\/www.radiopiu.net\/wordpress\/wp-content\/uploads\/2024\/02\/19c21029-a0ef-4986-8081-9facbbbce065.jpg'><img loading=\"lazy\" decoding=\"async\" width=\"300\" height=\"300\" src=\"https:\/\/www.radiopiu.net\/wordpress\/wp-content\/uploads\/2024\/02\/19c21029-a0ef-4986-8081-9facbbbce065-300x300.jpg\" class=\"attachment-medium size-medium\" alt=\"\" srcset=\"https:\/\/www.radiopiu.net\/wordpress\/wp-content\/uploads\/2024\/02\/19c21029-a0ef-4986-8081-9facbbbce065-300x300.jpg 300w, https:\/\/www.radiopiu.net\/wordpress\/wp-content\/uploads\/2024\/02\/19c21029-a0ef-4986-8081-9facbbbce065-1024x1024.jpg 1024w, https:\/\/www.radiopiu.net\/wordpress\/wp-content\/uploads\/2024\/02\/19c21029-a0ef-4986-8081-9facbbbce065-150x150.jpg 150w, https:\/\/www.radiopiu.net\/wordpress\/wp-content\/uploads\/2024\/02\/19c21029-a0ef-4986-8081-9facbbbce065-768x768.jpg 768w, https:\/\/www.radiopiu.net\/wordpress\/wp-content\/uploads\/2024\/02\/19c21029-a0ef-4986-8081-9facbbbce065.jpg 1080w\" sizes=\"auto, (max-width: 300px) 100vw, 300px\" \/><\/a>\n\t\t\t\t<\/dt><\/dl><br style=\"clear: both\" \/><dl class='gallery-item'>\n\t\t\t\t<dt class='gallery-icon landscape'>\n\t\t\t\t\t<a class=\"rollover rollover-zoom dt-pswp-item\" title=\"428458808_122124610286160269_8403615925720421881_n\" data-dt-img-description=\"\" data-large_image_width=\"526\" data-large_image_height=\"526\"href='https:\/\/www.radiopiu.net\/wordpress\/wp-content\/uploads\/2024\/02\/428458808_122124610286160269_8403615925720421881_n.jpg'><img loading=\"lazy\" decoding=\"async\" width=\"300\" height=\"300\" src=\"https:\/\/www.radiopiu.net\/wordpress\/wp-content\/uploads\/2024\/02\/428458808_122124610286160269_8403615925720421881_n-300x300.jpg\" class=\"attachment-medium size-medium\" alt=\"\" srcset=\"https:\/\/www.radiopiu.net\/wordpress\/wp-content\/uploads\/2024\/02\/428458808_122124610286160269_8403615925720421881_n-300x300.jpg 300w, https:\/\/www.radiopiu.net\/wordpress\/wp-content\/uploads\/2024\/02\/428458808_122124610286160269_8403615925720421881_n-150x150.jpg 150w, https:\/\/www.radiopiu.net\/wordpress\/wp-content\/uploads\/2024\/02\/428458808_122124610286160269_8403615925720421881_n.jpg 526w\" sizes=\"auto, (max-width: 300px) 100vw, 300px\" \/><\/a>\n\t\t\t\t<\/dt><\/dl><dl class='gallery-item'>\n\t\t\t\t<dt class='gallery-icon portrait'>\n\t\t\t\t\t<a class=\"rollover rollover-zoom dt-pswp-item\" title=\"424589697_17849558076141395_6233705988191667367_n\" data-dt-img-description=\"\" data-large_image_width=\"512\" data-large_image_height=\"640\"href='https:\/\/www.radiopiu.net\/wordpress\/wp-content\/uploads\/2024\/02\/424589697_17849558076141395_6233705988191667367_n.jpg'><img loading=\"lazy\" decoding=\"async\" width=\"240\" height=\"300\" src=\"https:\/\/www.radiopiu.net\/wordpress\/wp-content\/uploads\/2024\/02\/424589697_17849558076141395_6233705988191667367_n-240x300.jpg\" class=\"attachment-medium size-medium\" alt=\"\" srcset=\"https:\/\/www.radiopiu.net\/wordpress\/wp-content\/uploads\/2024\/02\/424589697_17849558076141395_6233705988191667367_n-240x300.jpg 240w, https:\/\/www.radiopiu.net\/wordpress\/wp-content\/uploads\/2024\/02\/424589697_17849558076141395_6233705988191667367_n.jpg 512w\" sizes=\"auto, (max-width: 240px) 100vw, 240px\" \/><\/a>\n\t\t\t\t<\/dt><\/dl>\n\t\t\t\t<br style='clear: both' \/>\n\t\t\t<\/div>\n\n<\/div>\n<\/div>\n<\/div>\n<\/div>\n<\/div>\n<\/div>\n<\/blockquote>\n<p>&nbsp;<\/p>\n<p>&nbsp;<\/p>\n<p>&nbsp;<\/p>\n<p>&nbsp;<\/p>\n<hr \/>\n<p>&nbsp;<\/p>\n<p><a class=\"dt-pswp-item\" href=\"https:\/\/www.radiopiu.net\/wordpress\/wp-content\/uploads\/2018\/09\/viabilita.jpeg\" data-dt-img-description=\"\" data-large_image_width=\"800\" data-large_image_height=\"100\"><img loading=\"lazy\" decoding=\"async\" class=\"aligncenter wp-image-61954 size-full\" src=\"https:\/\/www.radiopiu.net\/wordpress\/wp-content\/uploads\/2018\/09\/viabilita.jpeg\" alt=\"\" width=\"800\" height=\"100\" srcset=\"https:\/\/www.radiopiu.net\/wordpress\/wp-content\/uploads\/2018\/09\/viabilita.jpeg 800w, https:\/\/www.radiopiu.net\/wordpress\/wp-content\/uploads\/2018\/09\/viabilita-300x38.jpeg 300w, https:\/\/www.radiopiu.net\/wordpress\/wp-content\/uploads\/2018\/09\/viabilita-768x96.jpeg 768w\" sizes=\"auto, (max-width: 800px) 100vw, 800px\" \/><\/a><\/p>\n<p>&nbsp;<\/p>\n<p><a class=\"dt-pswp-item\" href=\"https:\/\/www.radiopiu.net\/wordpress\/wp-content\/uploads\/2023\/12\/botol-car-service.jpg\" data-dt-img-description=\"\" data-large_image_width=\"600\" data-large_image_height=\"600\"><img loading=\"lazy\" decoding=\"async\" class=\"size-medium wp-image-367044 aligncenter\" src=\"https:\/\/www.radiopiu.net\/wordpress\/wp-content\/uploads\/2023\/12\/botol-car-service-300x300.jpg\" alt=\"\" width=\"300\" height=\"300\" srcset=\"https:\/\/www.radiopiu.net\/wordpress\/wp-content\/uploads\/2023\/12\/botol-car-service-300x300.jpg 300w, https:\/\/www.radiopiu.net\/wordpress\/wp-content\/uploads\/2023\/12\/botol-car-service-150x150.jpg 150w, https:\/\/www.radiopiu.net\/wordpress\/wp-content\/uploads\/2023\/12\/botol-car-service.jpg 600w\" sizes=\"auto, (max-width: 300px) 100vw, 300px\" \/><\/a><\/p>\n<p>&nbsp;<\/p>\n<blockquote class=\"wp-embedded-content\" data-secret=\"nWK2F7Ai4v\"><p><a href=\"https:\/\/www.radiopiu.net\/wordpress\/viabilita\/\">viabilita<\/a><\/p><\/blockquote>\n<p><iframe loading=\"lazy\" class=\"wp-embedded-content\" sandbox=\"allow-scripts\" security=\"restricted\" style=\"position: absolute; clip: rect(1px, 1px, 1px, 1px);\" title=\"&#8220;viabilita&#8221; &#8212; Radio Pi\u00f9\" src=\"https:\/\/www.radiopiu.net\/wordpress\/viabilita\/embed\/#?secret=dTWyOImbeH#?secret=nWK2F7Ai4v\" data-secret=\"nWK2F7Ai4v\" width=\"600\" height=\"338\" frameborder=\"0\" marginwidth=\"0\" marginheight=\"0\" scrolling=\"no\"><\/iframe><\/p>\n<p>&nbsp;<\/p>\n<hr \/>\n<p>&nbsp;<\/p>\n<p><a class=\"dt-pswp-item\" href=\"https:\/\/www.radiopiu.net\/wordpress\/wp-content\/uploads\/2018\/09\/WhatsApp-Image-2018-09-20-at-16.04.06.jpeg\" data-dt-img-description=\"\" data-large_image_width=\"800\" data-large_image_height=\"100\"><img loading=\"lazy\" decoding=\"async\" class=\"wp-image-61378 size-full aligncenter\" src=\"https:\/\/www.radiopiu.net\/wordpress\/wp-content\/uploads\/2018\/09\/WhatsApp-Image-2018-09-20-at-16.04.06.jpeg\" alt=\"\" width=\"800\" height=\"100\" srcset=\"https:\/\/www.radiopiu.net\/wordpress\/wp-content\/uploads\/2018\/09\/WhatsApp-Image-2018-09-20-at-16.04.06.jpeg 800w, https:\/\/www.radiopiu.net\/wordpress\/wp-content\/uploads\/2018\/09\/WhatsApp-Image-2018-09-20-at-16.04.06-300x38.jpeg 300w, https:\/\/www.radiopiu.net\/wordpress\/wp-content\/uploads\/2018\/09\/WhatsApp-Image-2018-09-20-at-16.04.06-768x96.jpeg 768w\" sizes=\"auto, (max-width: 800px) 100vw, 800px\" \/><\/a><\/p>\n<p><center><\/center><b>\u00a0 \u00a0\u00a0<\/b><\/p>\n<p><center><\/center><center><\/center><center><\/center><center><b>OGGI<\/b><\/center>Nuvolosit\u00e0 variabile al mattino con nubi basse su Prealpi e qualche irregolare schiarita pi\u00f9 probabile in quota su Dolomiti. Nel pomeriggio generale aumento delle nubi da Prealpi in estensione a Dolomiti fino a molto nuvoloso o coperto ovunque in serata.<br \/>\n<b>Precipitazioni: <\/b>In giornata generalmente assenti (0-10%), dalla sera aumento della probabilit\u00e0 di deboli\/molto deboli precipitazioni (40-60%) a partire da Prealpi in estensione a Dolomiti. Limite neve attorno a 1600-1800 su Prealpi, 1500-1700 su Dolomiti.<br \/>\n<b>Temperature: <\/b>Temperature in generale aumento.<\/p>\n<hr \/>\n<p><center><b>DOMANI<\/b><\/center>Molto nuvoloso o coperto. In serata qualche irregolare schiarita.<br \/>\n<b>Precipitazioni: <\/b>Deboli precipitazioni diffuse (80-100%), a tratti moderate su Prealpi, in attenuazione verso sera. Limite neve in generale calo fin sui 1300-1600 m.<br \/>\n<b>Temperature: <\/b>Temperature in generale lieve calo in quota.<\/p>\n<hr \/>\n<p><center><b>SABATO<\/b><\/center>Nuvolosit\u00e0 variabile con qualche irregolare schiarita tra notte e mattino, a seguire nuovo aumento della nuvolosit\u00e0 specie verso sera. Su Dolomiti bassa probabilit\u00e0 di qualche debole fenomeno sparso, su Prealpi maggior probabilit\u00e0 di qualche piovasco\/rovescio specie tra le ore centrali e nel pomeriggio. Limite neve a 1200-1500 m. Temperature stazionarie o in lieve calo in quota.<\/p>\n<hr \/>\n<p><center><b>DOMENICA<\/b><\/center>Nuvolosit\u00e0 variabile al mattino pi\u00f9 presente su Prealpi e con qualche irregolare schiarita possibile su Dolomiti. In seguito aumento della nuvolosit\u00e0 fino a molto nuvoloso ovunque con precipitazioni in estensione da Prealpi e Dolomiti, anche con rovesci sulle Prealpi. Limite neve in calo attorno a 1200 m. Temperature in generale lieve calo.<\/p>\n<p>&nbsp;<\/p>\n<blockquote class=\"wp-embedded-content\" data-secret=\"832rucNhV6\"><p><a href=\"https:\/\/www.radiopiu.net\/wordpress\/sulle-pale-di-san-martino-40-cm-di-neve-fresca-il-nuovo-bollettino-neve-al-suolo\/\">SULLE PALE DI SAN MARTINO 40 CM DI NEVE FRESCA. IL NUOVO BOLLETTINO NEVE AL SUOLO<\/a><\/p><\/blockquote>\n<p><iframe loading=\"lazy\" class=\"wp-embedded-content\" sandbox=\"allow-scripts\" security=\"restricted\" style=\"position: absolute; clip: rect(1px, 1px, 1px, 1px);\" title=\"&#8220;SULLE PALE DI SAN MARTINO 40 CM DI NEVE FRESCA. IL NUOVO BOLLETTINO NEVE AL SUOLO&#8221; &#8212; Radio Pi\u00f9\" src=\"https:\/\/www.radiopiu.net\/wordpress\/sulle-pale-di-san-martino-40-cm-di-neve-fresca-il-nuovo-bollettino-neve-al-suolo\/embed\/#?secret=cPEu887gYT#?secret=832rucNhV6\" data-secret=\"832rucNhV6\" width=\"600\" height=\"338\" frameborder=\"0\" marginwidth=\"0\" marginheight=\"0\" scrolling=\"no\"><\/iframe><\/p>\n<p>&nbsp;<\/p>\n<hr \/>\n<p>&nbsp;<\/p>\n<p><img loading=\"lazy\" decoding=\"async\" class=\"wp-image-60761 size-full aligncenter\" src=\"https:\/\/www.radiopiu.net\/wordpress\/wp-content\/uploads\/2018\/09\/sport.jpg\" alt=\"\" width=\"800\" height=\"100\" srcset=\"https:\/\/www.radiopiu.net\/wordpress\/wp-content\/uploads\/2018\/09\/sport.jpg 800w, https:\/\/www.radiopiu.net\/wordpress\/wp-content\/uploads\/2018\/09\/sport-300x38.jpg 300w, https:\/\/www.radiopiu.net\/wordpress\/wp-content\/uploads\/2018\/09\/sport-768x96.jpg 768w\" sizes=\"auto, (max-width: 800px) 100vw, 800px\" \/><\/p>\n<p>&nbsp;<\/p>\n<p><span style=\"color: #0000ff;\"><strong>NUOTO<\/strong><\/span><\/p>\n<blockquote>\n<h3>NUOTO SINCRONIZZATO: SILVIA BARP E BEATRICE DE CASTELLO SUL PODIO A MONZA<\/h3>\n<\/blockquote>\n<p><strong><a class=\"dt-pswp-item\" href=\"https:\/\/www.radiopiu.net\/wordpress\/wp-content\/uploads\/2024\/02\/De_Castello_e_Barp_sul_terzo_gradino_del_podio.jpeg\" data-dt-img-description=\"\" data-large_image_width=\"1200\" data-large_image_height=\"1424\"><img loading=\"lazy\" decoding=\"async\" class=\" wp-image-376668 alignleft\" src=\"https:\/\/www.radiopiu.net\/wordpress\/wp-content\/uploads\/2024\/02\/De_Castello_e_Barp_sul_terzo_gradino_del_podio-253x300.jpeg\" alt=\"\" width=\"123\" height=\"146\" srcset=\"https:\/\/www.radiopiu.net\/wordpress\/wp-content\/uploads\/2024\/02\/De_Castello_e_Barp_sul_terzo_gradino_del_podio-253x300.jpeg 253w, https:\/\/www.radiopiu.net\/wordpress\/wp-content\/uploads\/2024\/02\/De_Castello_e_Barp_sul_terzo_gradino_del_podio-863x1024.jpeg 863w, https:\/\/www.radiopiu.net\/wordpress\/wp-content\/uploads\/2024\/02\/De_Castello_e_Barp_sul_terzo_gradino_del_podio-768x911.jpeg 768w, https:\/\/www.radiopiu.net\/wordpress\/wp-content\/uploads\/2024\/02\/De_Castello_e_Barp_sul_terzo_gradino_del_podio.jpeg 1200w\" sizes=\"auto, (max-width: 123px) 100vw, 123px\" \/><\/a>BELLUNO <\/strong>Si apre nel migliore dei modi la stagione del nuoto sincronizzato Uisp (Unione italiana sport per tutti). A Monza, nella piscina \u201cPia Grande\u201d, la Sportivamente Belluno \u00e8 salita sul podio del Campionato invernale nazionale. E il merito \u00e8 di due atlete legate alla categoria Ragazze: Silvia Barp e Beatrice De Castello. Le quali, con il loro \u201cdoppio\u201d, hanno ottenuto il punteggio di 62,933 e si sono classificate in terza posizione. Per motivi tecnici, il resto della squadra delle Water-Butterflies non ha potuto partecipare alla trasferta in Brianza, ma tutte le componenti del gruppo saranno presenti domenica 7 aprile, all\u2019ottavo Trofeo Open Swimfit, a Ravenna. Grande soddisfazione per lo staff tecnico e, in particolare, per Manuela Checconi, che in questo contesto era presente in veste di giudice nazionale, insieme alla collega Silvia Sovilla: \u00abUno speciale ringraziamento va poi a papa\u0300 Nicola per il grande aiuto pratico, oltre che per il supporto emotivo dato alle ragazze\u00bb.<\/p>\n<p>&nbsp;<\/p>\n<p>&nbsp;<\/p>\n<p><span style=\"color: #0000ff;\"><strong>SKI ALP<\/strong><\/span><\/p>\n<blockquote>\n<h3>DOMANI L&#8217;ULTIMA TAPPA DELLO SKI ALP 4 VALLI<\/h3>\n<\/blockquote>\n<p>La finale del Trofeo La Sportiva Ski Alp 4 Valli si svolger\u00e0 domani a Falcade\/Molino con partenza dalla cabinovia Molino\/Le Buse. L&#8217;ufficio gara aprir\u00e0 alle 18:00, con possibilit\u00e0 di iscrizione il giorno stesso. Il percorso avr\u00e0 uno sviluppo di circa 3.000 metri e 400 metri di dislivello.<\/p>\n<p>&nbsp;<\/p>\n<p><span style=\"color: #0000ff;\"><strong>PALLAVOLO\u00a0<\/strong><\/span><\/p>\n<blockquote>\n<h1><b>\u00a0<\/b><\/h1>\n<h1><b><a class=\"dt-pswp-item\" href=\"https:\/\/www.radiopiu.net\/wordpress\/wp-content\/uploads\/2024\/02\/Festa_finale.jpg\" data-dt-img-description=\"\" data-large_image_width=\"1600\" data-large_image_height=\"814\"><img loading=\"lazy\" decoding=\"async\" class=\"size-medium wp-image-376808 alignleft\" src=\"https:\/\/www.radiopiu.net\/wordpress\/wp-content\/uploads\/2024\/02\/Festa_finale-300x153.jpg\" alt=\"\" width=\"300\" height=\"153\" srcset=\"https:\/\/www.radiopiu.net\/wordpress\/wp-content\/uploads\/2024\/02\/Festa_finale-300x153.jpg 300w, https:\/\/www.radiopiu.net\/wordpress\/wp-content\/uploads\/2024\/02\/Festa_finale-1024x521.jpg 1024w, https:\/\/www.radiopiu.net\/wordpress\/wp-content\/uploads\/2024\/02\/Festa_finale-768x391.jpg 768w, https:\/\/www.radiopiu.net\/wordpress\/wp-content\/uploads\/2024\/02\/Festa_finale-1536x781.jpg 1536w, https:\/\/www.radiopiu.net\/wordpress\/wp-content\/uploads\/2024\/02\/Festa_finale.jpg 1600w\" sizes=\"auto, (max-width: 300px) 100vw, 300px\" \/><\/a>Belluno Volley \u201c6\u201d super: battuta anche la Geetit in Emilia<\/b><\/h1>\n<\/blockquote>\n<p><b>GEETIT BOLOGNA-BELLUNO VOLLEY 2-3 <\/b><b>PARZIALI: <\/b>25-22, 23-25, 25-18, 22-25, 9-15 <b>BELLUNO VOLLEY:<\/b> Ferrato 9, Bisi 18, Reyes 11, Bucko 15, Mozzato 7, Antonaci 6; Orto (L), Schiro 4, I. Martinez. Stufano 4. N.e. Guolla, G. Martinez, De Col, Fraccaro (L). Allenatore: G. Colussi.<span class=\"gmail-Apple-converted-space\">\u00a0<\/span><\/p>\n<p>Sesta vittoria di fila per\u00a0 il <b>Belluno Volley<\/b> in casa della <b>Geetit Bologna<\/b> che, davanti al suo pubblico, aveva sempre regalato dei dispiaceri ai rinoceronti. Il gruppo di Colussi recupera due volte da situazioni di svantaggio. E strappa due punti importanti che permettono di conservare il terzo posto<\/p>\n<p>&nbsp;<\/p>\n<p>&nbsp;<\/p>\n<hr \/>\n<h2><\/h2>\n<h2><span style=\"color: #008000;\">SPECIALE EP CENTER<\/span><\/h2>\n<p><strong>DI MIRCO MEZZACASA<\/strong><\/p>\n<p>OSPITE: FRANCESCO ZILIO DI EP CENTER<\/p>\n<p><iframe loading=\"lazy\" title=\"TECNOLOGIA, RISPETTO DELLA STORIA, LAVORO PER IL FUTURO\" width=\"1200\" height=\"675\" src=\"https:\/\/www.youtube.com\/embed\/0RiOKo9I4z0?feature=oembed\" frameborder=\"0\" allow=\"accelerometer; autoplay; clipboard-write; encrypted-media; gyroscope; picture-in-picture; web-share\" allowfullscreen><\/iframe><\/p>\n<p>&nbsp;<\/p>\n<h2><span style=\"color: #33cccc;\">GOODBYE BY BICICLE&#8230;UN VIAGGIO DALL&#8217;INDIA A SEREN DEL GRAPPA IN BICICLETTA<\/span><\/h2>\n<p><a class=\"dt-pswp-item\" href=\"https:\/\/www.radiopiu.net\/wordpress\/wp-content\/uploads\/2024\/02\/4c8c2ae5-aec7-4777-925c-a2413879888e.jpg\" data-dt-img-description=\"\" data-large_image_width=\"1600\" data-large_image_height=\"1200\"><img loading=\"lazy\" decoding=\"async\" class=\" wp-image-375169 alignleft\" src=\"https:\/\/www.radiopiu.net\/wordpress\/wp-content\/uploads\/2024\/02\/4c8c2ae5-aec7-4777-925c-a2413879888e-300x225.jpg\" alt=\"\" width=\"165\" height=\"124\" srcset=\"https:\/\/www.radiopiu.net\/wordpress\/wp-content\/uploads\/2024\/02\/4c8c2ae5-aec7-4777-925c-a2413879888e-300x225.jpg 300w, https:\/\/www.radiopiu.net\/wordpress\/wp-content\/uploads\/2024\/02\/4c8c2ae5-aec7-4777-925c-a2413879888e-1024x768.jpg 1024w, https:\/\/www.radiopiu.net\/wordpress\/wp-content\/uploads\/2024\/02\/4c8c2ae5-aec7-4777-925c-a2413879888e-768x576.jpg 768w, https:\/\/www.radiopiu.net\/wordpress\/wp-content\/uploads\/2024\/02\/4c8c2ae5-aec7-4777-925c-a2413879888e-1536x1152.jpg 1536w, https:\/\/www.radiopiu.net\/wordpress\/wp-content\/uploads\/2024\/02\/4c8c2ae5-aec7-4777-925c-a2413879888e.jpg 1600w\" sizes=\"auto, (max-width: 165px) 100vw, 165px\" \/><\/a>\u00c8 iniziato il 10 gennaio il viaggio in bicicletta di Aire e Lili che assieme al loro cane stanno percorrendo un lungo tragitto che \u00e8 partito in India e terminer\u00e0 a Rasai di Seren Del Grappa. Un viaggio in cui i due avventurieri faranno delle tappe per conoscere nuove persone e presentare il progetto nelle scuole.<\/p>\n<p><span style=\"color: #ff0000;\"><strong>PER SEGUIRE IL VIAGGIO PREMI IL TASTO DEL SOCIAL PREFERITO<\/strong><\/span><\/p>\n<p><strong><a href=\"https:\/\/www.instagram.com\/goodbyebybicycle?igsh=ZTN3N2ZpZ2hmeWFy\">INSTAGRAM<\/a> &#8212; <a href=\"https:\/\/www.youtube.com\/@GoodByeByBicycle\">YOUTUBE<\/a><\/strong><\/p>\n<p><strong>PUNTATA 02 &#8211; CONTINUA IL VIAGGIO DI AIRE E LILI<\/strong><\/p>\n<audio class=\"wp-audio-shortcode\" id=\"audio-376642-18\" preload=\"none\" style=\"width: 100%;\" controls=\"controls\"><source type=\"audio\/mpeg\" src=\"https:\/\/www.radiopiu.net\/wordpress\/wp-content\/uploads\/2024\/02\/INDIA-PUNTATA-02.mp3?_=18\" \/><a href=\"https:\/\/www.radiopiu.net\/wordpress\/wp-content\/uploads\/2024\/02\/INDIA-PUNTATA-02.mp3\">https:\/\/www.radiopiu.net\/wordpress\/wp-content\/uploads\/2024\/02\/INDIA-PUNTATA-02.mp3<\/a><\/audio>\n<p>&nbsp;<\/p>\n\n\t\t\t<style type='text\/css'>\n\t\t\t\t#gallery-6 {\n\t\t\t\t\tmargin: auto;\n\t\t\t\t}\n\t\t\t\t#gallery-6 .gallery-item {\n\t\t\t\t\tfloat: left;\n\t\t\t\t\tmargin-top: 10px;\n\t\t\t\t\ttext-align: center;\n\t\t\t\t\twidth: 25%;\n\t\t\t\t}\n\t\t\t\t#gallery-6 img {\n\t\t\t\t\tborder: 2px solid #cfcfcf;\n\t\t\t\t}\n\t\t\t\t#gallery-6 .gallery-caption {\n\t\t\t\t\tmargin-left: 0;\n\t\t\t\t}\n\t\t\t\t\/* see gallery_shortcode() in wp-includes\/media.php *\/\n\t\t\t<\/style>\n\t\t<div id='gallery-6' class='dt-gallery-container gallery galleryid-376642 gallery-columns-4 gallery-size-thumbnail'><dl class='gallery-item'>\n\t\t\t\t<dt class='gallery-icon landscape'>\n\t\t\t\t\t<a class=\"rollover rollover-zoom dt-pswp-item\" title=\"f57a3c0a-208b-4c7e-8f6c-21c1e6e926b7\" data-dt-img-description=\"\" data-large_image_width=\"1600\" data-large_image_height=\"1200\"href='https:\/\/www.radiopiu.net\/wordpress\/wp-content\/uploads\/2024\/02\/f57a3c0a-208b-4c7e-8f6c-21c1e6e926b7.jpg'><img loading=\"lazy\" decoding=\"async\" width=\"150\" height=\"150\" src=\"https:\/\/www.radiopiu.net\/wordpress\/wp-content\/uploads\/2024\/02\/f57a3c0a-208b-4c7e-8f6c-21c1e6e926b7-150x150.jpg\" class=\"attachment-thumbnail size-thumbnail\" alt=\"\" \/><\/a>\n\t\t\t\t<\/dt><\/dl><dl class='gallery-item'>\n\t\t\t\t<dt class='gallery-icon landscape'>\n\t\t\t\t\t<a class=\"rollover rollover-zoom dt-pswp-item\" title=\"dc049002-d17d-40bd-9c80-7cb337b93212\" data-dt-img-description=\"\" data-large_image_width=\"1600\" data-large_image_height=\"1200\"href='https:\/\/www.radiopiu.net\/wordpress\/wp-content\/uploads\/2024\/02\/dc049002-d17d-40bd-9c80-7cb337b93212.jpg'><img loading=\"lazy\" decoding=\"async\" width=\"150\" height=\"150\" src=\"https:\/\/www.radiopiu.net\/wordpress\/wp-content\/uploads\/2024\/02\/dc049002-d17d-40bd-9c80-7cb337b93212-150x150.jpg\" class=\"attachment-thumbnail size-thumbnail\" alt=\"\" \/><\/a>\n\t\t\t\t<\/dt><\/dl><dl class='gallery-item'>\n\t\t\t\t<dt class='gallery-icon portrait'>\n\t\t\t\t\t<a class=\"rollover rollover-zoom dt-pswp-item\" title=\"01799555-cb79-4cae-b325-8e689445fe13\" data-dt-img-description=\"\" data-large_image_width=\"914\" data-large_image_height=\"1026\"href='https:\/\/www.radiopiu.net\/wordpress\/wp-content\/uploads\/2024\/02\/01799555-cb79-4cae-b325-8e689445fe13.jpg'><img loading=\"lazy\" decoding=\"async\" width=\"150\" height=\"150\" src=\"https:\/\/www.radiopiu.net\/wordpress\/wp-content\/uploads\/2024\/02\/01799555-cb79-4cae-b325-8e689445fe13-150x150.jpg\" class=\"attachment-thumbnail size-thumbnail\" alt=\"\" \/><\/a>\n\t\t\t\t<\/dt><\/dl><dl class='gallery-item'>\n\t\t\t\t<dt class='gallery-icon landscape'>\n\t\t\t\t\t<a class=\"rollover rollover-zoom dt-pswp-item\" title=\"9149f29f-8f1c-439c-bff4-85e002989699\" data-dt-img-description=\"\" data-large_image_width=\"1496\" data-large_image_height=\"1496\"href='https:\/\/www.radiopiu.net\/wordpress\/wp-content\/uploads\/2024\/02\/9149f29f-8f1c-439c-bff4-85e002989699.jpg'><img loading=\"lazy\" decoding=\"async\" width=\"150\" height=\"150\" src=\"https:\/\/www.radiopiu.net\/wordpress\/wp-content\/uploads\/2024\/02\/9149f29f-8f1c-439c-bff4-85e002989699-150x150.jpg\" class=\"attachment-thumbnail size-thumbnail\" alt=\"\" srcset=\"https:\/\/www.radiopiu.net\/wordpress\/wp-content\/uploads\/2024\/02\/9149f29f-8f1c-439c-bff4-85e002989699-150x150.jpg 150w, https:\/\/www.radiopiu.net\/wordpress\/wp-content\/uploads\/2024\/02\/9149f29f-8f1c-439c-bff4-85e002989699-300x300.jpg 300w, https:\/\/www.radiopiu.net\/wordpress\/wp-content\/uploads\/2024\/02\/9149f29f-8f1c-439c-bff4-85e002989699-1024x1024.jpg 1024w, https:\/\/www.radiopiu.net\/wordpress\/wp-content\/uploads\/2024\/02\/9149f29f-8f1c-439c-bff4-85e002989699-768x768.jpg 768w, https:\/\/www.radiopiu.net\/wordpress\/wp-content\/uploads\/2024\/02\/9149f29f-8f1c-439c-bff4-85e002989699.jpg 1496w\" sizes=\"auto, (max-width: 150px) 100vw, 150px\" \/><\/a>\n\t\t\t\t<\/dt><\/dl><br style=\"clear: both\" \/><dl class='gallery-item'>\n\t\t\t\t<dt class='gallery-icon landscape'>\n\t\t\t\t\t<a class=\"rollover rollover-zoom dt-pswp-item\" title=\"5256f650-bee9-4ab6-9e82-480807fb845b\" data-dt-img-description=\"\" data-large_image_width=\"1496\" data-large_image_height=\"1496\"href='https:\/\/www.radiopiu.net\/wordpress\/wp-content\/uploads\/2024\/02\/5256f650-bee9-4ab6-9e82-480807fb845b.jpg'><img loading=\"lazy\" decoding=\"async\" width=\"150\" height=\"150\" src=\"https:\/\/www.radiopiu.net\/wordpress\/wp-content\/uploads\/2024\/02\/5256f650-bee9-4ab6-9e82-480807fb845b-150x150.jpg\" class=\"attachment-thumbnail size-thumbnail\" alt=\"\" srcset=\"https:\/\/www.radiopiu.net\/wordpress\/wp-content\/uploads\/2024\/02\/5256f650-bee9-4ab6-9e82-480807fb845b-150x150.jpg 150w, https:\/\/www.radiopiu.net\/wordpress\/wp-content\/uploads\/2024\/02\/5256f650-bee9-4ab6-9e82-480807fb845b-300x300.jpg 300w, https:\/\/www.radiopiu.net\/wordpress\/wp-content\/uploads\/2024\/02\/5256f650-bee9-4ab6-9e82-480807fb845b-1024x1024.jpg 1024w, https:\/\/www.radiopiu.net\/wordpress\/wp-content\/uploads\/2024\/02\/5256f650-bee9-4ab6-9e82-480807fb845b-768x768.jpg 768w, https:\/\/www.radiopiu.net\/wordpress\/wp-content\/uploads\/2024\/02\/5256f650-bee9-4ab6-9e82-480807fb845b.jpg 1496w\" sizes=\"auto, (max-width: 150px) 100vw, 150px\" \/><\/a>\n\t\t\t\t<\/dt><\/dl><dl class='gallery-item'>\n\t\t\t\t<dt class='gallery-icon landscape'>\n\t\t\t\t\t<a class=\"rollover rollover-zoom dt-pswp-item\" title=\"35ec5cbc-e543-4b2f-a8b6-cd6ba4066769\" data-dt-img-description=\"\" data-large_image_width=\"1280\" data-large_image_height=\"960\"href='https:\/\/www.radiopiu.net\/wordpress\/wp-content\/uploads\/2024\/02\/35ec5cbc-e543-4b2f-a8b6-cd6ba4066769.jpg'><img loading=\"lazy\" decoding=\"async\" width=\"150\" height=\"150\" src=\"https:\/\/www.radiopiu.net\/wordpress\/wp-content\/uploads\/2024\/02\/35ec5cbc-e543-4b2f-a8b6-cd6ba4066769-150x150.jpg\" class=\"attachment-thumbnail size-thumbnail\" alt=\"\" \/><\/a>\n\t\t\t\t<\/dt><\/dl><dl class='gallery-item'>\n\t\t\t\t<dt class='gallery-icon landscape'>\n\t\t\t\t\t<a class=\"rollover rollover-zoom dt-pswp-item\" title=\"34f7e5eb-b813-4aa9-99b1-d34f2de50a09\" data-dt-img-description=\"\" data-large_image_width=\"1496\" data-large_image_height=\"1496\"href='https:\/\/www.radiopiu.net\/wordpress\/wp-content\/uploads\/2024\/02\/34f7e5eb-b813-4aa9-99b1-d34f2de50a09.jpg'><img loading=\"lazy\" decoding=\"async\" width=\"150\" height=\"150\" src=\"https:\/\/www.radiopiu.net\/wordpress\/wp-content\/uploads\/2024\/02\/34f7e5eb-b813-4aa9-99b1-d34f2de50a09-150x150.jpg\" class=\"attachment-thumbnail size-thumbnail\" alt=\"\" srcset=\"https:\/\/www.radiopiu.net\/wordpress\/wp-content\/uploads\/2024\/02\/34f7e5eb-b813-4aa9-99b1-d34f2de50a09-150x150.jpg 150w, https:\/\/www.radiopiu.net\/wordpress\/wp-content\/uploads\/2024\/02\/34f7e5eb-b813-4aa9-99b1-d34f2de50a09-300x300.jpg 300w, https:\/\/www.radiopiu.net\/wordpress\/wp-content\/uploads\/2024\/02\/34f7e5eb-b813-4aa9-99b1-d34f2de50a09-1024x1024.jpg 1024w, https:\/\/www.radiopiu.net\/wordpress\/wp-content\/uploads\/2024\/02\/34f7e5eb-b813-4aa9-99b1-d34f2de50a09-768x768.jpg 768w, https:\/\/www.radiopiu.net\/wordpress\/wp-content\/uploads\/2024\/02\/34f7e5eb-b813-4aa9-99b1-d34f2de50a09.jpg 1496w\" sizes=\"auto, (max-width: 150px) 100vw, 150px\" \/><\/a>\n\t\t\t\t<\/dt><\/dl><dl class='gallery-item'>\n\t\t\t\t<dt class='gallery-icon landscape'>\n\t\t\t\t\t<a class=\"rollover rollover-zoom dt-pswp-item\" title=\"5d7553ac-1871-468e-a860-77974ae70f3b\" data-dt-img-description=\"\" data-large_image_width=\"1496\" data-large_image_height=\"1496\"href='https:\/\/www.radiopiu.net\/wordpress\/wp-content\/uploads\/2024\/02\/5d7553ac-1871-468e-a860-77974ae70f3b.jpg'><img loading=\"lazy\" decoding=\"async\" width=\"150\" height=\"150\" src=\"https:\/\/www.radiopiu.net\/wordpress\/wp-content\/uploads\/2024\/02\/5d7553ac-1871-468e-a860-77974ae70f3b-150x150.jpg\" class=\"attachment-thumbnail size-thumbnail\" alt=\"\" srcset=\"https:\/\/www.radiopiu.net\/wordpress\/wp-content\/uploads\/2024\/02\/5d7553ac-1871-468e-a860-77974ae70f3b-150x150.jpg 150w, https:\/\/www.radiopiu.net\/wordpress\/wp-content\/uploads\/2024\/02\/5d7553ac-1871-468e-a860-77974ae70f3b-300x300.jpg 300w, https:\/\/www.radiopiu.net\/wordpress\/wp-content\/uploads\/2024\/02\/5d7553ac-1871-468e-a860-77974ae70f3b-1024x1024.jpg 1024w, https:\/\/www.radiopiu.net\/wordpress\/wp-content\/uploads\/2024\/02\/5d7553ac-1871-468e-a860-77974ae70f3b-768x768.jpg 768w, https:\/\/www.radiopiu.net\/wordpress\/wp-content\/uploads\/2024\/02\/5d7553ac-1871-468e-a860-77974ae70f3b.jpg 1496w\" sizes=\"auto, (max-width: 150px) 100vw, 150px\" \/><\/a>\n\t\t\t\t<\/dt><\/dl><br style=\"clear: both\" \/>\n\t\t\t<\/div>\n\n<p>&nbsp;<\/p>\n<h2>LA RACCOLTA COMPLETA <a href=\"https:\/\/www.radiopiu.net\/wordpress\/goodbye-by-bicicle-un-viaggio-dallindia-a-seren-del-grappa-in-bicicletta-02\/\">CLICCA QUI<\/a><\/h2>\n<p>&nbsp;<\/p>\n<blockquote class=\"wp-embedded-content\" data-secret=\"INXp80RvYj\"><p><a href=\"https:\/\/www.radiopiu.net\/wordpress\/il-giormale-radio-di-marco-dal-farra-05\/\">IL GIORMALE RADIO DI MARCO DAL FARRA &#8211; LA RACCOLTA<\/a><\/p><\/blockquote>\n<p><iframe loading=\"lazy\" class=\"wp-embedded-content\" sandbox=\"allow-scripts\" security=\"restricted\" style=\"position: absolute; clip: rect(1px, 1px, 1px, 1px);\" title=\"&#8220;IL GIORMALE RADIO DI MARCO DAL FARRA &#8211; LA RACCOLTA&#8221; &#8212; Radio Pi\u00f9\" src=\"https:\/\/www.radiopiu.net\/wordpress\/il-giormale-radio-di-marco-dal-farra-05\/embed\/#?secret=7bh25QcRJ5#?secret=INXp80RvYj\" data-secret=\"INXp80RvYj\" width=\"600\" height=\"338\" frameborder=\"0\" marginwidth=\"0\" marginheight=\"0\" scrolling=\"no\"><\/iframe><\/p>\n<p>&nbsp;<\/p>\n<h2><span style=\"color: #00ccff;\">SALUTE &amp; SOCIETA&#8217;<\/span><\/h2>\n<p><a class=\"dt-pswp-item\" href=\"https:\/\/www.radiopiu.net\/wordpress\/wp-content\/uploads\/2024\/02\/d878df52-0328-3427-596f-7580bedf143f.jpg\" data-dt-img-description=\"Two doctors in protective masks look and discuss an X-ray or MRI scan of the patient\u2019s brain, isolated on a dark gray background.\" data-large_image_width=\"800\" data-large_image_height=\"445\"><img loading=\"lazy\" decoding=\"async\" class=\"alignleft wp-image-376257 \" src=\"https:\/\/www.radiopiu.net\/wordpress\/wp-content\/uploads\/2024\/02\/d878df52-0328-3427-596f-7580bedf143f-300x167.jpg\" alt=\"\" width=\"180\" height=\"100\" srcset=\"https:\/\/www.radiopiu.net\/wordpress\/wp-content\/uploads\/2024\/02\/d878df52-0328-3427-596f-7580bedf143f-300x167.jpg 300w, https:\/\/www.radiopiu.net\/wordpress\/wp-content\/uploads\/2024\/02\/d878df52-0328-3427-596f-7580bedf143f-768x427.jpg 768w, https:\/\/www.radiopiu.net\/wordpress\/wp-content\/uploads\/2024\/02\/d878df52-0328-3427-596f-7580bedf143f.jpg 800w\" sizes=\"auto, (max-width: 180px) 100vw, 180px\" \/><\/a><\/p>\n<p><strong>PUNTATA DEL 26 FEBBRAIO 2024<\/strong><\/p>\n<p><strong>Fabry\u2019s Kitchen <\/strong>Il ruolo della nutrizione nelle Malattie Rare: al via il progetto Fabry\u2019s Kitchen che punta a sensibilizzare Clinici, Istituzioni e cittadini sulla Malattia di Fabry e suggerisce un comportamento alimentare in grado di alleviare le sofferenze delle persone con malattia rara. <strong>Giornata Internazionale dell\u2019epilessia <\/strong>Il 12 Febbraio era la Giornata Internazionale dell\u2019epilessia. LICE e Fondazione LICE 2024 lanciano due campagne di sensibilizzazione: \u201cEpilessia al cinema\u201d e \u201cmetti in panchina l\u2019epilessia\u201d.<\/p>\n<audio class=\"wp-audio-shortcode\" id=\"audio-376642-19\" preload=\"none\" style=\"width: 100%;\" controls=\"controls\"><source type=\"audio\/mpeg\" src=\"https:\/\/www.radiopiu.net\/wordpress\/wp-content\/uploads\/2024\/02\/SALUTE-3.mp3?_=19\" \/><a href=\"https:\/\/www.radiopiu.net\/wordpress\/wp-content\/uploads\/2024\/02\/SALUTE-3.mp3\">https:\/\/www.radiopiu.net\/wordpress\/wp-content\/uploads\/2024\/02\/SALUTE-3.mp3<\/a><\/audio>\n<p>&nbsp;<\/p>\n<hr \/>\n<p>&nbsp;<\/p>\n<blockquote class=\"wp-embedded-content\" data-secret=\"5ubbNuxxpW\"><p><a href=\"https:\/\/www.radiopiu.net\/wordpress\/ciak24\/\">CIAK SI GIRA, IL PROGRAMMA DI PAOLA LANCIATO &#8211; LA RACCOLTA<\/a><\/p><\/blockquote>\n<p><iframe loading=\"lazy\" class=\"wp-embedded-content\" sandbox=\"allow-scripts\" security=\"restricted\" style=\"position: absolute; clip: rect(1px, 1px, 1px, 1px);\" title=\"&#8220;CIAK SI GIRA, IL PROGRAMMA DI PAOLA LANCIATO &#8211; LA RACCOLTA&#8221; &#8212; Radio Pi\u00f9\" src=\"https:\/\/www.radiopiu.net\/wordpress\/ciak24\/embed\/#?secret=Jbu9bTrAFn#?secret=5ubbNuxxpW\" data-secret=\"5ubbNuxxpW\" width=\"600\" height=\"338\" frameborder=\"0\" marginwidth=\"0\" marginheight=\"0\" scrolling=\"no\"><\/iframe><\/p>\n<blockquote>\n<h2>WILLIAM DA ROIT ALLA FESTA DEL FONDO &#8220;COME A NEW YORK&#8230; MA SULLA NEVE&#8221;<\/h2>\n<\/blockquote>\n<p><strong>REDAZIONE<\/strong>\u00a0La festa dello sci di fondo in Scandinavia, culminer\u00e0 domenica con 17.000 concorrenti omaggiando il Re Gustav Vasa. Nella maratona di New York dei fondisti, la Vasaloppet, partecipano complessivamente 60.000 atleti in diverse distanze e tecniche. Luca De Zorzi, Presidente del Team Long Distance Agordino, celebra la numerosa partecipazione bellunese, con il Team Agordino e Vasabroke rappresentati da oltre 60 fondisti. Le staffette Vasabroke gareggiano venerd\u00ec, mentre William Da Roit e Paolo Zampieri partecipano alla Vasa notturna di 90 km in skating. I fratelli Busin, Lorenzo ed Emanuele dell\u2019Internorm Alpenus, insieme agli altri atleti del Team Agordino, affronteranno la competizione domenica sul percorso classico di 90 km. Il traguardo a Mora porta il messaggio: \u201cSulle orme dei Padri per le vittorie future!\u201d<\/p>\n<p>l&#8217;intervista di mirko mezzacasa<\/p>\n<p><iframe loading=\"lazy\" title=\"Vasaloppet 24\" width=\"1200\" height=\"675\" src=\"https:\/\/www.youtube.com\/embed\/hO5X-MDxAGs?start=35&#038;feature=oembed\" frameborder=\"0\" allow=\"accelerometer; autoplay; clipboard-write; encrypted-media; gyroscope; picture-in-picture; web-share\" allowfullscreen><\/iframe><\/p>\n<p>&nbsp;<\/p>\n","protected":false},"excerpt":{"rendered":"<p>****** ULTIM&#8217;ORA 05.00 de\u00f2 29 febbraio. DEVIAZIONI SULLA 52 CARNICA, EDIFICIO pericolante &nbsp; *** STATALE 52 CARNICA a Lorenzago di Cadore Statale\u00a0 strada\u00a0 interrotta in prossimit\u00e0 dell ultima frazione delimitata (Villa piccola ex Bar Roma). A causa di un edificio pericolante adiacente la statale. Chiusura totale al traffico con deviazione e cartellonistica in loco solo&hellip;<\/p>\n","protected":false},"author":4,"featured_media":376815,"comment_status":"closed","ping_status":"closed","sticky":false,"template":"","format":"standard","meta":{"_monsterinsights_skip_tracking":false,"_monsterinsights_sitenote_active":false,"_monsterinsights_sitenote_note":"","_monsterinsights_sitenote_category":0,"footnotes":""},"categories":[51,86,49],"tags":[],"class_list":["post-376642","post","type-post","status-publish","format-standard","has-post-thumbnail","hentry","category-evidenza-top","category-gr","category-news-18","category-51","category-86","category-49","description-off"],"img_url":"https:\/\/www.radiopiu.net\/wordpress\/wp-content\/uploads\/2024\/02\/Senza-nome-86.png","_links":{"self":[{"href":"https:\/\/www.radiopiu.net\/wordpress\/wp-json\/wp\/v2\/posts\/376642","targetHints":{"allow":["GET"]}}],"collection":[{"href":"https:\/\/www.radiopiu.net\/wordpress\/wp-json\/wp\/v2\/posts"}],"about":[{"href":"https:\/\/www.radiopiu.net\/wordpress\/wp-json\/wp\/v2\/types\/post"}],"author":[{"embeddable":true,"href":"https:\/\/www.radiopiu.net\/wordpress\/wp-json\/wp\/v2\/users\/4"}],"replies":[{"embeddable":true,"href":"https:\/\/www.radiopiu.net\/wordpress\/wp-json\/wp\/v2\/comments?post=376642"}],"version-history":[{"count":0,"href":"https:\/\/www.radiopiu.net\/wordpress\/wp-json\/wp\/v2\/posts\/376642\/revisions"}],"wp:featuredmedia":[{"embeddable":true,"href":"https:\/\/www.radiopiu.net\/wordpress\/wp-json\/wp\/v2\/media\/376815"}],"wp:attachment":[{"href":"https:\/\/www.radiopiu.net\/wordpress\/wp-json\/wp\/v2\/media?parent=376642"}],"wp:term":[{"taxonomy":"category","embeddable":true,"href":"https:\/\/www.radiopiu.net\/wordpress\/wp-json\/wp\/v2\/categories?post=376642"},{"taxonomy":"post_tag","embeddable":true,"href":"https:\/\/www.radiopiu.net\/wordpress\/wp-json\/wp\/v2\/tags?post=376642"}],"curies":[{"name":"wp","href":"https:\/\/api.w.org\/{rel}","templated":true}]}}