{"id":376890,"date":"2024-03-01T05:40:11","date_gmt":"2024-03-01T04:40:11","guid":{"rendered":"https:\/\/www.radiopiu.net\/wordpress\/?p=376890"},"modified":"2024-03-01T05:51:09","modified_gmt":"2024-03-01T04:51:09","slug":"anche-le-poste-di-belluno-rischiano-la-privatizzazione-a-lanciare-lallarme-uilposte","status":"publish","type":"post","link":"https:\/\/www.radiopiu.net\/wordpress\/anche-le-poste-di-belluno-rischiano-la-privatizzazione-a-lanciare-lallarme-uilposte\/","title":{"rendered":"ANCHE LE POSTE DI BELLUNO RISCHIANO LA PRIVATIZZAZIONE. A LANCIARE L&#8217;ALLARME UILPOSTE"},"content":{"rendered":"<p>****<\/p>\n<p>&nbsp;<\/p>\n<p><strong><a class=\"dt-pswp-item\" href=\"https:\/\/www.radiopiu.net\/wordpress\/wp-content\/uploads\/2021\/06\/5504c51d-8291-4701-b1c9-1f1153e0b9ef.jpg\" data-dt-img-description=\"\" data-large_image_width=\"1920\" data-large_image_height=\"1080\"><img loading=\"lazy\" decoding=\"async\" class=\" wp-image-213611 alignleft\" src=\"https:\/\/www.radiopiu.net\/wordpress\/wp-content\/uploads\/2021\/06\/5504c51d-8291-4701-b1c9-1f1153e0b9ef-300x169.jpg\" alt=\"\" width=\"211\" height=\"119\" srcset=\"https:\/\/www.radiopiu.net\/wordpress\/wp-content\/uploads\/2021\/06\/5504c51d-8291-4701-b1c9-1f1153e0b9ef-300x169.jpg 300w, https:\/\/www.radiopiu.net\/wordpress\/wp-content\/uploads\/2021\/06\/5504c51d-8291-4701-b1c9-1f1153e0b9ef-1024x576.jpg 1024w, https:\/\/www.radiopiu.net\/wordpress\/wp-content\/uploads\/2021\/06\/5504c51d-8291-4701-b1c9-1f1153e0b9ef-768x432.jpg 768w, https:\/\/www.radiopiu.net\/wordpress\/wp-content\/uploads\/2021\/06\/5504c51d-8291-4701-b1c9-1f1153e0b9ef-1536x864.jpg 1536w, https:\/\/www.radiopiu.net\/wordpress\/wp-content\/uploads\/2021\/06\/5504c51d-8291-4701-b1c9-1f1153e0b9ef.jpg 1920w\" sizes=\"auto, (max-width: 211px) 100vw, 211px\" \/><\/a>BELLUNO <\/strong>\u201cLo sapete che c\u2019\u00e8 il rischio che le Poste vengano privatizzate? Se questo succeder\u00e0, anche il territorio di Belluno verr\u00e0 penalizzato, insieme ai suoi cittadini. La privatizzazione che sta incombendo sulle Poste (e chiss\u00e0 se poi toccher\u00e0 altre realt\u00e0 fino ad oggi pubbliche) potrebbe tradursi in licenziamenti, in quanto verrebbero chiusi alcuni servizi, quelli pi\u00f9 piccoli, tanto per intenderci. Pensate all\u2019anziano che non avrebbe pi\u00f9 vicino a casa l\u2019ufficio delle Poste e per la sua pensione o per un\u2019altra necessit\u00e0 sarebbe costretto a spostarsi altrove. Non tutti gli anziani sono automuniti e non tutti gli anziani hanno qualcuno disponibile ad accompagnarli. Qualora venissero chiusi alcuni sportelli, significherebbe che tante famiglie si troverebbero senza lavoro: in provincia di Belluno, va ricordato, ci sono attualmente 100 Uffici postali e dei 400 dipendenti (220 negli uffici postali e 180 portalettere). Quale sar\u00e0 il loro futuro? La situazione non \u00e8 rosea e, per questo motivo, la Uilposte dice no alla vendita o meglio alla svendita di un\u2019ulteriore quota azionaria di Poste Italiane, oggi di propriet\u00e0 del Ministero dell\u2019Economia e delle Finanze\u201d. Lo afferma il segretario regionale di Uilposte, Gian Luca Fraioli, che non esclude anche manifestazioni pubbliche del Sindacato per coinvolgere la popolazione ad opporsi ad un\u2019azione preoccupante che il Governo sta per metter in atto senza tener conto delle gravi ripercussioni che le persone dovranno subire. \u201cTale operazione, che riteniamo essere solo necessaria per fare cassa &#8211; ha aggiunto &#8211; mette a rischio la funzione sociale a cui oggi le Poste, in termini di presenza capillare sul territorio anche nei comuni pi\u00f9 piccoli, risponde: basti pensare che oggi, solo in Veneto, sono presenti quasi 1000 uffici postali e circa 150 grossi centri di recapito. Da non tralasciare il fatto che oggi sono quasi 35 milioni i clienti di Poste Italiane, che gestisce un patrimonio di 180 miliardi di risparmio: oggi tuteliamo i soldi italiani, ma se domani dovessero cambiare le priorit\u00e0 dell\u2019azienda, orientata non pi\u00f9 al perseguimento del benessere collettivo ma al conseguimento del puro profitto, cosa accadrebbe a tali risparmi?\u201d. \u201cE non da ultimo \u2013 ha concluso Fraioli \u2013 ribadiamo possibili criticit\u00e0 sotto il problema occupazionale. Oggi Poste utilizza prevalentemente contratti part-time involontari, contratti a termine, stipulando altres\u00ec appalti e sub appalti secondo la logica del minor costo, il tutto con ricadute anche sulla gestione della sicurezza sul lavoro. E se il lavoro povero rappresenta oggi uno strumento per il contenimento dei costi e raggiungimento di generosi risultati economici, cosa accadr\u00e0 domani in un\u2019azienda interamente privatizzata? Ricordo che in Veneto abbiamo circa 5000 dipendenti che aprono gli uffici postai ogni giorno, altri 3000 che consegnano posta in ogni casa e 1000 che lavorano nei centri meccanizzati: quasi 9000 famiglie a rischio!\u201d<\/p>\n<p>&nbsp;<\/p>\n<p>&nbsp;<\/p>\n<p>*******<\/p>\n","protected":false},"excerpt":{"rendered":"<p>**** &nbsp; BELLUNO \u201cLo sapete che c\u2019\u00e8 il rischio che le Poste vengano privatizzate? Se questo succeder\u00e0, anche il territorio di Belluno verr\u00e0 penalizzato, insieme ai suoi cittadini. La privatizzazione che sta incombendo sulle Poste (e chiss\u00e0 se poi toccher\u00e0 altre realt\u00e0 fino ad oggi pubbliche) potrebbe tradursi in licenziamenti, in quanto verrebbero chiusi alcuni&hellip;<\/p>\n","protected":false},"author":4,"featured_media":213611,"comment_status":"closed","ping_status":"closed","sticky":false,"template":"","format":"standard","meta":{"_monsterinsights_skip_tracking":false,"_monsterinsights_sitenote_active":false,"_monsterinsights_sitenote_note":"","_monsterinsights_sitenote_category":0,"footnotes":""},"categories":[51,49],"tags":[],"class_list":["post-376890","post","type-post","status-publish","format-standard","has-post-thumbnail","hentry","category-evidenza-top","category-news-18","category-51","category-49","description-off"],"img_url":"https:\/\/www.radiopiu.net\/wordpress\/wp-content\/uploads\/2021\/06\/5504c51d-8291-4701-b1c9-1f1153e0b9ef.jpg","_links":{"self":[{"href":"https:\/\/www.radiopiu.net\/wordpress\/wp-json\/wp\/v2\/posts\/376890","targetHints":{"allow":["GET"]}}],"collection":[{"href":"https:\/\/www.radiopiu.net\/wordpress\/wp-json\/wp\/v2\/posts"}],"about":[{"href":"https:\/\/www.radiopiu.net\/wordpress\/wp-json\/wp\/v2\/types\/post"}],"author":[{"embeddable":true,"href":"https:\/\/www.radiopiu.net\/wordpress\/wp-json\/wp\/v2\/users\/4"}],"replies":[{"embeddable":true,"href":"https:\/\/www.radiopiu.net\/wordpress\/wp-json\/wp\/v2\/comments?post=376890"}],"version-history":[{"count":0,"href":"https:\/\/www.radiopiu.net\/wordpress\/wp-json\/wp\/v2\/posts\/376890\/revisions"}],"wp:featuredmedia":[{"embeddable":true,"href":"https:\/\/www.radiopiu.net\/wordpress\/wp-json\/wp\/v2\/media\/213611"}],"wp:attachment":[{"href":"https:\/\/www.radiopiu.net\/wordpress\/wp-json\/wp\/v2\/media?parent=376890"}],"wp:term":[{"taxonomy":"category","embeddable":true,"href":"https:\/\/www.radiopiu.net\/wordpress\/wp-json\/wp\/v2\/categories?post=376890"},{"taxonomy":"post_tag","embeddable":true,"href":"https:\/\/www.radiopiu.net\/wordpress\/wp-json\/wp\/v2\/tags?post=376890"}],"curies":[{"name":"wp","href":"https:\/\/api.w.org\/{rel}","templated":true}]}}