{"id":376949,"date":"2024-03-02T01:44:28","date_gmt":"2024-03-02T00:44:28","guid":{"rendered":"https:\/\/www.radiopiu.net\/wordpress\/?p=376949"},"modified":"2024-03-04T05:29:02","modified_gmt":"2024-03-04T04:29:02","slug":"giornale-radiopiu-02-marzo-2024-direttore-mirko-mezzacasada-40-anni-25-giugno-1983-25-giugno-2023","status":"publish","type":"post","link":"https:\/\/www.radiopiu.net\/wordpress\/giornale-radiopiu-02-marzo-2024-direttore-mirko-mezzacasada-40-anni-25-giugno-1983-25-giugno-2023\/","title":{"rendered":"GIORNALE RADIOPIU 02 MARZO 2024 DIRETTORE MIRKO MEZZACASA\u2026DA 40 ANNI 25 GIUGNO 1983-25 GIUGNO 2023"},"content":{"rendered":"<p>*****<\/p>\n<p>&nbsp;<\/p>\n<p><strong>PASSO VALPAROLA, ORE SETTE, STEFANO (viabilita provincia belluno VPB)\u00a0<\/strong><\/p>\n<h1 class=\"entry-title photoswipe-wrapper\"><a class=\"dt-pswp-item\" href=\"https:\/\/www.radiopiu.net\/wordpress\/wp-content\/uploads\/2024\/03\/Senza-nome-9.png\" data-dt-img-description=\"\" data-large_image_width=\"1161\" data-large_image_height=\"507\"><img loading=\"lazy\" decoding=\"async\" class=\"aligncenter wp-image-377167 size-large\" src=\"https:\/\/www.radiopiu.net\/wordpress\/wp-content\/uploads\/2024\/03\/Senza-nome-9-1024x447.png\" alt=\"\" width=\"1024\" height=\"447\" srcset=\"https:\/\/www.radiopiu.net\/wordpress\/wp-content\/uploads\/2024\/03\/Senza-nome-9-1024x447.png 1024w, https:\/\/www.radiopiu.net\/wordpress\/wp-content\/uploads\/2024\/03\/Senza-nome-9-300x131.png 300w, https:\/\/www.radiopiu.net\/wordpress\/wp-content\/uploads\/2024\/03\/Senza-nome-9-768x335.png 768w, https:\/\/www.radiopiu.net\/wordpress\/wp-content\/uploads\/2024\/03\/Senza-nome-9.png 1161w\" sizes=\"auto, (max-width: 1024px) 100vw, 1024px\" \/><\/a><\/h1>\n<h1 class=\"entry-title photoswipe-wrapper\"><\/h1>\n<h1 class=\"entry-title photoswipe-wrapper\">40esimo di RADIOPIU\u2026. LA VOCE DELL\u2019EMOZIONE<\/h1>\n<h2><\/h2>\n<h2><span style=\"color: #ff0000;\">ISCRIVITI AL NOSTRO CANALE\u00a0\u00a0YOUTUBE PER SEGUIRE IN DIRETTA I PRINCIPALI PROGRAMMI DI RADIO PIU\u2019 E LE FUTURE DIRETTE IN ESTERNA. PER ISCRIVERTI <a style=\"color: #ff0000;\" href=\"https:\/\/youtube.com\/@radiopiu1527\">CLICCA QUI\u00a0<\/a>E PREMI\u00a0 \u201cIscriviti\u201d\u00a0 \u00a0<\/span><\/h2>\n<div class=\"x1e56ztr\" data-block=\"true\" data-editor=\"avj4u\" data-offset-key=\"d3i0j-0-0\"><\/div>\n<div data-block=\"true\" data-editor=\"avj4u\" data-offset-key=\"d3i0j-0-0\"><\/div>\n<div data-block=\"true\" data-editor=\"avj4u\" data-offset-key=\"d3i0j-0-0\"><\/div>\n<div class=\"x11i5rnm xat24cr x1mh8g0r x1vvkbs xtlvy1s x126k92a\">\n<div dir=\"auto\">\n<p><a class=\"dt-pswp-item\" href=\"https:\/\/www.radiopiu.net\/wordpress\/wp-content\/uploads\/2023\/10\/34f4cfc6-e863-46e9-9695-8df44be63421.jpg\" data-dt-img-description=\"\" data-large_image_width=\"1200\" data-large_image_height=\"1200\"><img loading=\"lazy\" decoding=\"async\" class=\"wp-image-357393 alignleft\" src=\"https:\/\/www.radiopiu.net\/wordpress\/wp-content\/uploads\/2023\/10\/34f4cfc6-e863-46e9-9695-8df44be63421-300x300.jpg\" alt=\"\" width=\"81\" height=\"81\" srcset=\"https:\/\/www.radiopiu.net\/wordpress\/wp-content\/uploads\/2023\/10\/34f4cfc6-e863-46e9-9695-8df44be63421-300x300.jpg 300w, https:\/\/www.radiopiu.net\/wordpress\/wp-content\/uploads\/2023\/10\/34f4cfc6-e863-46e9-9695-8df44be63421-1024x1024.jpg 1024w, https:\/\/www.radiopiu.net\/wordpress\/wp-content\/uploads\/2023\/10\/34f4cfc6-e863-46e9-9695-8df44be63421-150x150.jpg 150w, https:\/\/www.radiopiu.net\/wordpress\/wp-content\/uploads\/2023\/10\/34f4cfc6-e863-46e9-9695-8df44be63421-768x768.jpg 768w, https:\/\/www.radiopiu.net\/wordpress\/wp-content\/uploads\/2023\/10\/34f4cfc6-e863-46e9-9695-8df44be63421.jpg 1200w\" sizes=\"auto, (max-width: 81px) 100vw, 81px\" \/><\/a>OGGI ALLA RADIO: <strong>ALLE 7<\/strong> LA RASSEGNA STAMPA LOCALE FLASH, PER CHI COME NOI ALLE SETTE DEL MATTINO VA DI FRETTA, TANTE NOTIZIE IN POCHE CHIACCHIERE. <strong>ALLE OTTO<\/strong> L&#8217;APPROFONDIMENTO NELLA STORICA RASSEGNA STAMPA LOCALE.\u00a0 DALLE 6 ALLE 21, OGNI ORA, L&#8217;INFORMAZIONE NAZIONALE, l&#8217;informazione locale,\u00a0 OGNI ORA IN CODA AL GR NAZIONALE, ALLE 14 VIABILITA 15 METEOROLOGIA 19 I TITOLI DAL TG DI ANTENNA 3 A CURA DI TIZIANA BOLOGNANI<\/p>\n<p>&nbsp;<\/p>\n<p>&nbsp;<\/p>\n<div dir=\"auto\"><a class=\"x1i10hfl xjbqb8w x1ejq31n xd10rxx x1sy0etr x17r0tee x972fbf xcfux6l x1qhh985 xm0m39n x9f619 x1ypdohk xt0psk2 xe8uvvx xdj266r x11i5rnm xat24cr x1mh8g0r xexx8yu x4uap5 x18d9i69 xkhd6sd x16tdsg8 x1hl2dhg xggy1nq x1a2a7pz xt0b8zv x1fey0fg xo1l8bm\" tabindex=\"0\" role=\"link\" href=\"https:\/\/www.facebook.com\/groups\/radiopiu\/?__cft__[0]=AZUCvj2hiOWfZ3SMnLi4VjjErCqmTbdbyDKbK_r9Y_AXfBvoro9WfWYJayYZgrI8gaWmMaNprtdTvtTxfhkOKUpSvEg2ILJLXM-QYhRqxYr2f1XvaXQYMUm2--qE9fKY5IHOaPsIFgsYnv4LL8QJ45jFfb2rFOImi91yf5XSO8FgrcpPp4hDl-109rLGYeLjDeQ&amp;__tn__=-UK-R\"><span class=\"xt0psk2\">\u00a0<\/span><\/a><\/div>\n<div dir=\"auto\"><\/div>\n<p><strong><a class=\"dt-pswp-item\" href=\"https:\/\/www.radiopiu.net\/wordpress\/wp-content\/uploads\/2024\/02\/2d44e751-d8a8-461b-8e22-d8e4e853b032.jpg\" data-dt-img-description=\"\" data-large_image_width=\"1600\" data-large_image_height=\"1200\"><img loading=\"lazy\" decoding=\"async\" class=\"wp-image-373307 alignleft\" src=\"https:\/\/www.radiopiu.net\/wordpress\/wp-content\/uploads\/2024\/02\/2d44e751-d8a8-461b-8e22-d8e4e853b032-300x225.jpg\" alt=\"\" width=\"105\" height=\"79\" srcset=\"https:\/\/www.radiopiu.net\/wordpress\/wp-content\/uploads\/2024\/02\/2d44e751-d8a8-461b-8e22-d8e4e853b032-300x225.jpg 300w, https:\/\/www.radiopiu.net\/wordpress\/wp-content\/uploads\/2024\/02\/2d44e751-d8a8-461b-8e22-d8e4e853b032-1024x768.jpg 1024w, https:\/\/www.radiopiu.net\/wordpress\/wp-content\/uploads\/2024\/02\/2d44e751-d8a8-461b-8e22-d8e4e853b032-768x576.jpg 768w, https:\/\/www.radiopiu.net\/wordpress\/wp-content\/uploads\/2024\/02\/2d44e751-d8a8-461b-8e22-d8e4e853b032-1536x1152.jpg 1536w, https:\/\/www.radiopiu.net\/wordpress\/wp-content\/uploads\/2024\/02\/2d44e751-d8a8-461b-8e22-d8e4e853b032.jpg 1600w\" sizes=\"auto, (max-width: 105px) 100vw, 105px\" \/><\/a>EL BAL DEL FIOR, DI GIULIANA DA RONCH, 02 MARZO 2024<\/strong><\/p>\n<p>&nbsp;<\/p>\n<\/div>\n<div dir=\"auto\">\n<audio class=\"wp-audio-shortcode\" id=\"audio-376949-1\" preload=\"none\" style=\"width: 100%;\" controls=\"controls\"><source type=\"audio\/mpeg\" src=\"https:\/\/www.radiopiu.net\/wordpress\/wp-content\/uploads\/2024\/02\/GSA-2.m4a?_=1\" \/><a href=\"https:\/\/www.radiopiu.net\/wordpress\/wp-content\/uploads\/2024\/02\/GSA-2.m4a\">https:\/\/www.radiopiu.net\/wordpress\/wp-content\/uploads\/2024\/02\/GSA-2.m4a<\/a><\/audio>\n<p>&nbsp;<\/p>\n<p>&nbsp;<\/p>\n<hr \/>\n<hr \/>\n<hr \/>\n<hr \/>\n<p>&nbsp;<\/p>\n<p><span style=\"color: #ff0000;\"><strong>OGGI ALLA RADIO <\/strong>\u00a0<\/span><strong>ALLE 7.20<\/strong> EL BAR DEL FIOR, DETTI E TRADIZIONI DI GIULIANA DA RONCH <strong>ALLE 9.00<\/strong> PREMIERE LE NOVITA&#8217; CON MARCO GAZ, <strong>ALLE 10.10<\/strong> SPECIALE EDUCAZIONE CIVICA CON L&#8217;ASSESSORE RAFFAELE ADDAMIANO E IL COLONELLO DEI CARABINIERI ENRICO PIGOZZO ALLE <strong>10.30<\/strong> LA RASSEGNA STAMPA DA L&#8217;AMICO DEL POPOLO, OSPITE IRENE PAMPANIN ALLE 11 CUCINEMA, CINEMA E PIATTI CON MARTA E VALENTINA <strong>ALLE 12.10<\/strong> DARIO DONA&#8217; IL CELENTANO PRESENTA DDC&#8230; JUKE BOX, DA UN&#8217;IDEA DI LUISA ALCHINI <strong>ALLE 13.20<\/strong> ALBERTO FONTANIVE, DOMANI IL TORNEO UNDER 8 DI MARCO GAZ <strong>ALLE 14.00<\/strong> ELETTROCHOCK DI JACOPO DEL TEDESCO DJ JAK <strong>ALLE 15.10<\/strong> LA CLASSIFICA UFFICIALE DI RADIO PIU&#8217; DI MARCO GAZ <strong>ALLE 20.30<\/strong> HOCKEY AL PUNTO GIUSTO<\/p>\n<p>&nbsp;<\/p>\n<p>&nbsp;<\/p>\n<hr \/>\n<p>&nbsp;<\/p>\n<p>&nbsp;<\/p>\n<blockquote>\n<h2>AGGIORNAMENTO CHIUSURA SS52 A LORENZAGO DI CADORE<\/h2>\n<\/blockquote>\n<div dir=\"auto\"><strong><span style=\"color: #ff0000;\"><img loading=\"lazy\" decoding=\"async\" class=\"alignleft\" src=\"https:\/\/www.radiopiu.net\/wordpress\/wp-content\/uploads\/2024\/02\/83de2a2e-5812-4f57-897e-cc503e2c8a1d.jpg\" width=\"236\" height=\"133\" \/>REDAZIONE\u00a0 <\/span><\/strong>La statale 52 \u201cCarnica\u201d <strong>permane provvisoriamente chiusa al traffico<\/strong> per un tratto di 100 metri a Lorenzago di Cadore. Il provvedimento di chiusura si \u00e8 reso necessario nella serata di mercoled\u00ec 28 febbraio a causa del <strong>cedimento di una parte di un edificio<\/strong> in abbandono in prossimit\u00e0 della carreggiata (km 71,950) e per il <strong>rischio di ulteriori crolli<\/strong> che potrebbero interessare la sede stradale adiacente. La chiusura della statale rester\u00e0 in vigore fino all\u2019esecuzione delle valutazioni tecniche sulla stabilit\u00e0 del fabbricato e all\u2019esecuzione di eventuali interventi per il <strong>ripristino delle condizioni di sicurezza<\/strong> per l\u2019utenza in transito. Durante la chiusura i veicoli leggeri sono deviati in loco sulla viabilit\u00e0 comunale. I mezzi con peso superiore a 3,5 tonnellate sono indirizzati sul percorso alternativo costituito dalla SR355.<\/div>\n<div class=\"bubble-content\">\n<div dir=\"auto\">***<\/div>\n<\/div>\n<h3><\/h3>\n<h3><a class=\"dt-pswp-item\" href=\"https:\/\/www.radiopiu.net\/wordpress\/wp-content\/uploads\/2022\/01\/IMG-20210910-WA0001.jpg\" data-dt-img-description=\"\" data-large_image_width=\"806\" data-large_image_height=\"818\"><img loading=\"lazy\" decoding=\"async\" class=\"wp-image-255377 alignleft\" src=\"https:\/\/www.radiopiu.net\/wordpress\/wp-content\/uploads\/2022\/01\/IMG-20210910-WA0001-296x300.jpg\" alt=\"\" width=\"107\" height=\"108\" srcset=\"https:\/\/www.radiopiu.net\/wordpress\/wp-content\/uploads\/2022\/01\/IMG-20210910-WA0001-296x300.jpg 296w, https:\/\/www.radiopiu.net\/wordpress\/wp-content\/uploads\/2022\/01\/IMG-20210910-WA0001-150x150.jpg 150w, https:\/\/www.radiopiu.net\/wordpress\/wp-content\/uploads\/2022\/01\/IMG-20210910-WA0001-768x779.jpg 768w, https:\/\/www.radiopiu.net\/wordpress\/wp-content\/uploads\/2022\/01\/IMG-20210910-WA0001.jpg 806w\" sizes=\"auto, (max-width: 107px) 100vw, 107px\" \/><\/a>GSP CHIUDE I RUBINETTI AD AGORDO E LI RIAPRE A FELTRE<\/h3>\n<p><strong>AGORDO<\/strong>\u00a0per lavori alla rete idrica comunale,\u00a0 martedi dalle 8 a fine lavori verr\u00e0 sospesa l\u2019erogazione dell\u2019acqua nelle Frazioni FAION e MOZZACH. In caso di maltempo, l\u2019intervento verr\u00e0 rinviato al giorno successivo.<\/p>\n<div class=\"articlePlainText\"><strong>FELTRE<\/strong> Da ieri pomeriggio l&#8217;acqua \u00e8 tornata potabile in tutta la frazione di Vignui. Il 26 febbraio le analisi periodiche eseguite dall&#8217;Ulss Dolomiti avevano evidenziato che in alcune zone l&#8217;acqua non era conforme agli standard di potabilit\u00e0.<\/div>\n<div><\/div>\n<div><\/div>\n<blockquote>\n<h2>CAVIOLA, CHIUSURA STRADE H 24 COMPRESI I FESTIVI<\/h2>\n<\/blockquote>\n<div><strong>falcade<\/strong> CHIUSURA TEMPORANEA AL TRAFFICO VEICOLARE DI VIA TRENTO, NELLA FRAZIONE CAVIOLA, DAL CIVICO N. 55 ALL\u2019INTERSEZIONE CON VIA DE SAN DOANE A PARTIRE DALLE 7\u00a0 DI LUNEDI\u2019 04 MARZO 2024 E FINO ALLE ORE 18 DI VENERDI\u2019 8 MARZO 2024, SALVO PROROGA O REVOCA. CHIUSURA TROVERA\u2019 APPLICAZIONE H 24, SABATI E FESTIVI INCLUSI<\/div>\n<div><\/div>\n<div><\/div>\n<hr \/>\n<\/div>\n<\/div>\n<blockquote>\n<blockquote>\n<h1><span style=\"color: #ff0000;\">\u00a0<\/span><\/h1>\n<h1><span style=\"color: #ff0000;\">I podcast informativi del mattino &#8211; audio &#8211;\u00a0<\/span><\/h1>\n<\/blockquote>\n<p><strong><a class=\"dt-pswp-item\" href=\"https:\/\/www.radiopiu.net\/wordpress\/wp-content\/uploads\/2023\/11\/th-10.jpg\" data-dt-img-description=\"\" data-large_image_width=\"320\" data-large_image_height=\"180\"><img loading=\"lazy\" decoding=\"async\" class=\"wp-image-362866 alignleft\" src=\"https:\/\/www.radiopiu.net\/wordpress\/wp-content\/uploads\/2023\/11\/th-10-300x169.jpg\" alt=\"\" width=\"185\" height=\"104\" srcset=\"https:\/\/www.radiopiu.net\/wordpress\/wp-content\/uploads\/2023\/11\/th-10-300x169.jpg 300w, https:\/\/www.radiopiu.net\/wordpress\/wp-content\/uploads\/2023\/11\/th-10.jpg 320w\" sizes=\"auto, (max-width: 185px) 100vw, 185px\" \/><\/a>LA RASSEGNA STAMPA NAZIONALE ALLA RADIO, OGNI GIORNO ALLE 5 E ALLE 6 DEL MATTINO <span style=\"color: #0000ff;\">viene pubblicata alle 6.00 <span style=\"color: #ff0000;\">DIRETTA RADIO\u00a0\u00a0<\/span><\/span><\/strong><\/p>\n<p>&nbsp;<\/p><\/blockquote>\n<p><strong>Meloni <\/strong>oltre oceano. <strong>Gaza<\/strong> la strage Vannacci se fondo un partito con uomini scelti da me <strong>Mengoni<\/strong> a SanRemo, un uomo con la gonna? Non \u00e8 carnevale. Strage di <strong>Erba<\/strong> Olindo e Rosa di nuovo in aula <strong>Feltri<\/strong> si difende a processo <em>&#8220;non si puo&#8217; scrivere niente&#8221;<\/em><\/p>\n<p>Sport Il Milan vince con la Lazio<\/p>\n<h2>AUDIO dalle 7 del mattino<\/h2>\n<audio class=\"wp-audio-shortcode\" id=\"audio-376949-2\" preload=\"none\" style=\"width: 100%;\" controls=\"controls\"><source type=\"audio\/mpeg\" src=\"https:\/\/www.radiopiu.net\/wordpress\/wp-content\/uploads\/2024\/03\/GIORNALEDELLESEI-1.mp3?_=2\" \/><a href=\"https:\/\/www.radiopiu.net\/wordpress\/wp-content\/uploads\/2024\/03\/GIORNALEDELLESEI-1.mp3\">https:\/\/www.radiopiu.net\/wordpress\/wp-content\/uploads\/2024\/03\/GIORNALEDELLESEI-1.mp3<\/a><\/audio>\n<p>&nbsp;<\/p>\n<p>&nbsp;<\/p>\n<hr \/>\n<p>&nbsp;<\/p>\n<h1 style=\"text-align: center;\"><span style=\"color: #ff0000;\">I podcast informativi del mattino &#8211; audio &#8211;\u00a0<\/span><\/h1>\n<p><strong><a class=\"dt-pswp-item\" href=\"https:\/\/www.radiopiu.net\/wordpress\/wp-content\/uploads\/2023\/12\/images.png\" data-dt-img-description=\"\" data-large_image_width=\"316\" data-large_image_height=\"160\"><img loading=\"lazy\" decoding=\"async\" class=\"wp-image-367008 alignleft\" src=\"https:\/\/www.radiopiu.net\/wordpress\/wp-content\/uploads\/2023\/12\/images-300x152.png\" alt=\"\" width=\"235\" height=\"119\" srcset=\"https:\/\/www.radiopiu.net\/wordpress\/wp-content\/uploads\/2023\/12\/images-300x152.png 300w, https:\/\/www.radiopiu.net\/wordpress\/wp-content\/uploads\/2023\/12\/images.png 316w\" sizes=\"auto, (max-width: 235px) 100vw, 235px\" \/><\/a>OGNI GIORNO ALLE SETTE DEL MATTINO, LA RASSEGNA STAMPA LOCALE FLASH&#8230; PER CHI VA IN FRETTA. I TITOLI DAI GIORNALI E DAL SITO WWW.RADIOPIU.NET <span style=\"color: #0000ff;\">viene pubblicato alle 7.00<\/span> <span style=\"color: #ff0000;\">DIRETTA RADIO\u00a0<\/span><\/strong><\/p>\n<p><em><span style=\"color: #ff0000;\">per chi va in fretta&#8230; tante notizie in pochi minuti. L&#8217;informazione locale alla radio, ogni ora dalle 7 del mattino alle 19 della sera.\u00a0 \u00a0\u00a0<\/span><\/em><\/p>\n<p>di mirko mezzacasa<\/p>\n<p><strong>REDAZIONE<\/strong> La statale 52 \u201cCarnica\u201d permane provvisoriamente chiusa al traffico per un tratto di 100 metri a Lorenzago di Cadore. Il provvedimento di chiusura si \u00e8 reso necessario nella serata di mercoled\u00ec 28 febbraio a causa del cedimento di una parte di un edificio in abbandono in prossimit\u00e0 della carreggiata<br \/>\n<strong>falcade<\/strong> CHIUSURA TEMPORANEA AL TRAFFICO VEICOLARE DI VIA TRENTO, NELLA FRAZIONE CAVIOLA, DAL CIVICO N. 55 ALL\u2019INTERSEZIONE CON VIA DE SAN DOANE A PARTIRE DALLE 7 DI LUNEDI\u2019 04 MARZO 2024 E FINO ALLE ORE 18 DI VENERDI\u2019 8 MARZO 2024, SALVO PROROGA O REVOCA. CHIUSURA TROVERA\u2019 APPLICAZIONE H 24, SABATI E FESTIVI INCLUSI<br \/>\n<a class=\"dt-pswp-item\" href=\"https:\/\/www.radiopiu.net\/wordpress\/wp-content\/uploads\/2024\/03\/Senza-nome-7.png\" data-dt-img-description=\"\" data-large_image_width=\"242\" data-large_image_height=\"215\"><img loading=\"lazy\" decoding=\"async\" class=\"size-full wp-image-377150 alignright\" src=\"https:\/\/www.radiopiu.net\/wordpress\/wp-content\/uploads\/2024\/03\/Senza-nome-7.png\" alt=\"\" width=\"242\" height=\"215\" \/><\/a><strong>FELTRE<\/strong> Da ieri pomeriggio l\u2019acqua \u00e8 tornata potabile in tutta la frazione di Vignui. Il 26 febbraio le analisi periodiche eseguite dall\u2019Ulss Dolomiti avevano evidenziato che in alcune zone l\u2019acqua non era conforme agli standard di potabilit\u00e0.<br \/>\n<strong>MINACCE<\/strong> DI MORTE AL SINDACO DI CORTINA: tanti I MESSAGGI DI SOLIDARIETA\u2019<br \/>\nPISTA DA BOB, MINACCE DI MORTE AL SINDACO LORENZI: \u00abAMAREZZA, MA VADO AVANTI\u00bb<br \/>\n<strong>FELTRE<\/strong> \u201cViolenta criminalit\u00e0 giovanile a Feltre: Indagini in corso contro le baby gang\u201d<br \/>\n<strong>FELTRE<\/strong> CROLLO PARZIALE DEL TETTO IN UN EDIFICIO ABANDONATO A FOEN: INTERVENTO DEI VIGILI DEL FUOCO DI FELTRE<br \/>\n<strong>BELLUNO<\/strong> La Provincia di Belluno, insieme alla Regione Veneto e Veneto Agricoltura, riapre il Centro di recupero animali selvatici (Cras) dopo pi\u00f9 di dieci anni di inattivit\u00e0.<\/p>\n<h2>AUDIO dalle 7 del mattino<\/h2>\n<audio class=\"wp-audio-shortcode\" id=\"audio-376949-3\" preload=\"none\" style=\"width: 100%;\" controls=\"controls\"><source type=\"audio\/mpeg\" src=\"https:\/\/www.radiopiu.net\/wordpress\/wp-content\/uploads\/2024\/03\/GF07-1.mp3?_=3\" \/><a href=\"https:\/\/www.radiopiu.net\/wordpress\/wp-content\/uploads\/2024\/03\/GF07-1.mp3\">https:\/\/www.radiopiu.net\/wordpress\/wp-content\/uploads\/2024\/03\/GF07-1.mp3<\/a><\/audio>\n<p>&nbsp;<\/p>\n<p>&nbsp;<\/p>\n<p>&nbsp;<\/p>\n<hr \/>\n<p>&nbsp;<\/p>\n<h1><\/h1>\n<h1 style=\"text-align: center;\"><span style=\"color: #ff0000;\"><a class=\"dt-pswp-item\" href=\"https:\/\/www.radiopiu.net\/wordpress\/wp-content\/uploads\/2022\/01\/026c3f9d-dae9-4040-a3c1-a6530231bcc3.jpg\" data-dt-img-description=\"\" data-large_image_width=\"1152\" data-large_image_height=\"2048\"><img loading=\"lazy\" decoding=\"async\" class=\"wp-image-251839 alignleft\" src=\"https:\/\/www.radiopiu.net\/wordpress\/wp-content\/uploads\/2022\/01\/026c3f9d-dae9-4040-a3c1-a6530231bcc3-169x300.jpg\" alt=\"\" width=\"100\" height=\"177\" srcset=\"https:\/\/www.radiopiu.net\/wordpress\/wp-content\/uploads\/2022\/01\/026c3f9d-dae9-4040-a3c1-a6530231bcc3-169x300.jpg 169w, https:\/\/www.radiopiu.net\/wordpress\/wp-content\/uploads\/2022\/01\/026c3f9d-dae9-4040-a3c1-a6530231bcc3-576x1024.jpg 576w, https:\/\/www.radiopiu.net\/wordpress\/wp-content\/uploads\/2022\/01\/026c3f9d-dae9-4040-a3c1-a6530231bcc3-768x1365.jpg 768w, https:\/\/www.radiopiu.net\/wordpress\/wp-content\/uploads\/2022\/01\/026c3f9d-dae9-4040-a3c1-a6530231bcc3-864x1536.jpg 864w, https:\/\/www.radiopiu.net\/wordpress\/wp-content\/uploads\/2022\/01\/026c3f9d-dae9-4040-a3c1-a6530231bcc3.jpg 1152w\" sizes=\"auto, (max-width: 100px) 100vw, 100px\" \/><\/a>I podcast informativi del mattino &#8211; audio &#8211;\u00a0<\/span><\/h1>\n<blockquote><p><strong>GIORNALE RADIO NAZIONALE, EDIZIONE DELLE SETTE <span style=\"color: #0000ff;\">viene pubblicato alle 7.05 <span style=\"color: #ff0000;\">DIRETTA RADIO\u00a0<\/span><\/span><\/strong><\/p><\/blockquote>\n<p><strong>il giornale radionazionale e&#8217; in onda ogni ora, dalle sette del mattino alle venti della sera\u00a0\u00a0<\/strong><\/p>\n<p>&nbsp;<\/p>\n<h2><\/h2>\n<p>&nbsp;<\/p>\n<p><strong>Meloni<\/strong> oltre oceano in vista del summit di giugno Ucraina 738 giorni di guerra i russi attaccano con i droni, il <strong>Pentagono<\/strong> pensa di fornire armi all&#8217;Ucraina. <strong>Medio Oriente<\/strong> condanna per la strage dei civili a Gaza<strong> Italia<\/strong> un uomo di 50 anni ucciso a Nizza Monferrato_Asti. <strong>Economia<\/strong> L&#8217;arera decide un calo del 2% per gli utenti vulnerabile, per il mercato elettrico se ne parla tra un mese.<\/p>\n<h2>AUDIO dalle sette del mattino, ogni ora alla radio<\/h2>\n<audio class=\"wp-audio-shortcode\" id=\"audio-376949-4\" preload=\"none\" style=\"width: 100%;\" controls=\"controls\"><source type=\"audio\/mpeg\" src=\"https:\/\/www.radiopiu.net\/wordpress\/wp-content\/uploads\/2024\/03\/giornale07-1.mp3?_=4\" \/><a href=\"https:\/\/www.radiopiu.net\/wordpress\/wp-content\/uploads\/2024\/03\/giornale07-1.mp3\">https:\/\/www.radiopiu.net\/wordpress\/wp-content\/uploads\/2024\/03\/giornale07-1.mp3<\/a><\/audio>\n<p>&nbsp;<\/p>\n<h2><\/h2>\n<hr \/>\n<p>&nbsp;<\/p>\n<p>&nbsp;<\/p>\n<h1><span style=\"color: #ff0000;\">I podcast informativi del mattino &#8211; video &#8211;\u00a0<\/span><\/h1>\n<h2><strong><a class=\"dt-pswp-item\" href=\"https:\/\/www.radiopiu.net\/wordpress\/wp-content\/uploads\/2023\/12\/th-10.jpg\" data-dt-img-description=\"\" data-large_image_width=\"245\" data-large_image_height=\"180\"><img loading=\"lazy\" decoding=\"async\" class=\" wp-image-367395 alignleft\" src=\"https:\/\/www.radiopiu.net\/wordpress\/wp-content\/uploads\/2023\/12\/th-10.jpg\" alt=\"\" width=\"166\" height=\"122\" \/><\/a>RASSEGNA STAMPA LOCALE, ORE OTTO 05<\/strong><\/h2>\n<h2><strong> <span style=\"color: #0000ff;\">viene\u00a0 <\/span><\/strong><strong><span style=\"color: #0000ff;\">pubblicata alle 8.05 <span style=\"color: #ff0000;\">DIRETTA RADIO\u00a0\u00a0<\/span><\/span><\/strong><\/h2>\n<p>&nbsp;<\/p>\n<p><strong>DI MIRKO MEZZACASA\u00a0 \u00a0<\/strong><\/p>\n<p><strong>VENEZIA<\/strong> SANITA\u2019. AVVISO AZIENDA ZERO PER LA CANDIDATURA DI MEDICI PER I PRONTO SOCCORSO.<br \/>\n<strong>VALLADA<\/strong> FABIO LUCHETTA DI NUOVO SINDACO DOPO 3 MANDATI ? \u201cNON HO PRESO ALCUNA DECISIONE\u201d<br \/>\n<strong>SAN TOMASO<\/strong> TASSAZIONE E DOCUMENTO DI PROGRAMMAZIONE NEL CONSIGLIO CONVOCATO DA DE VAL<br \/>\n<strong>FELTRE<\/strong> E MALUMORI, NO AL LUPO, IL CARTELLO NELLE CAMPAGNE DI VILLABRUNA<br \/>\nagordo RIPRENDONO I LAVORI, MODIFICHE ALLA VIABILITA\u2019 IN CENTRO<br \/>\n<strong>CONCETTO DI LEGALITA\u2019,<\/strong> DIRITTI, DOVERI E RESPONSABILITA\u2019 L\u2019INCONTRO CON L\u2019ASSESSORE ALLA SICUREZZA RAFFAELE ADDAMIANO E IL COLONNELLO ENRICO PIGOZZO <span style=\"color: #ff0000;\">ALLE 10.10 LO SPECIALE ALLA RADIO<\/span><br \/>\n<strong>BELLUNO<\/strong> DOPO IL PULMINO, CONFINDUSTRIA BELLUNO DOLOMITI DONA 5 MILA EURO ALLA MISERICORDIA DI LONGARONE<br \/>\n<strong>SEDICO<\/strong> Centro per la Formazione e la Sicurezza a Sedico: Il Convitto che Attrae Studenti del Cadore e Sfida Nazionale degli Alloggi<br \/>\n<strong>BELLUNO<\/strong> DALLA LETTERA AL PRESIDENTE MATTARELLA ALLA STRETTA DI MANO CON IL PREFETTO SAVASTANO Frescura e Menia Corbanese dal Prefetto Savastano<br \/>\n<strong>ALPAGO<\/strong>: TELEMEDICINA PER ANZIANI FRAGILI<\/p>\n<h2><strong>VIDEO\u00a0 \u00a0in diretta dalle 8 del mattino\u00a0\u00a0<\/strong><\/h2>\n<p><iframe loading=\"lazy\" title=\"DAL 1983 LA RASSEGNA STAMPA LOCALE di mirko mezzacasa. L&#039;ORIGINALE\" width=\"1200\" height=\"675\" src=\"https:\/\/www.youtube.com\/embed\/JB4oUX3XuDY?feature=oembed\" frameborder=\"0\" allow=\"accelerometer; autoplay; clipboard-write; encrypted-media; gyroscope; picture-in-picture; web-share\" allowfullscreen><\/iframe><\/p>\n<p>&nbsp;<\/p>\n<hr \/>\n<p>&nbsp;<\/p>\n<blockquote>\n<h3>MINACCE DI MORTE AL SINDACO DI CORTINA: I MESSAGGI DI SOLIDARIETA&#8217;<\/h3>\n<\/blockquote>\n<p><strong>CORTINA<\/strong> Il presidente della Regione Veneto, Luca Zaia, condanna fermamente le minacce di morte rivolte al sindaco di Cortina, Gianluca Lorenzi, a causa del progetto della pista da bob per le Olimpiadi Milano Cortina 2026. Zaia esprime totale vicinanza e solidariet\u00e0, auspicando che le Forze dell\u2019Ordine e la Procura possano identificare al pi\u00f9 presto gli autori delle minacce.<span style=\"color: #ff0000;\"> NEL LINK SUCCESSIVO TUTTI I MESSAGGI DI POLITICI E AMMINISTRATORI<\/span><\/p>\n<blockquote class=\"wp-embedded-content\" data-secret=\"e5mwyfJoE6\"><p><a href=\"https:\/\/www.radiopiu.net\/wordpress\/minacce-di-morte-al-sindaco-di-cortina-il-messaggio-di-solidarieta-di-zaia-de-carlo-e-padrin\/\">MINACCE DI MORTE AL SINDACO DI CORTINA: IL MESSAGGIO DI SOLIDARIETA&#8217; DI ZAIA, DE CARLO E PADRIN<\/a><\/p><\/blockquote>\n<p><iframe loading=\"lazy\" class=\"wp-embedded-content\" sandbox=\"allow-scripts\" security=\"restricted\" style=\"position: absolute; clip: rect(1px, 1px, 1px, 1px);\" title=\"&#8220;MINACCE DI MORTE AL SINDACO DI CORTINA: IL MESSAGGIO DI SOLIDARIETA&#8217; DI ZAIA, DE CARLO E PADRIN&#8221; &#8212; Radio Pi\u00f9\" src=\"https:\/\/www.radiopiu.net\/wordpress\/minacce-di-morte-al-sindaco-di-cortina-il-messaggio-di-solidarieta-di-zaia-de-carlo-e-padrin\/embed\/#?secret=kEiJ7pcOSL#?secret=e5mwyfJoE6\" data-secret=\"e5mwyfJoE6\" width=\"600\" height=\"338\" frameborder=\"0\" marginwidth=\"0\" marginheight=\"0\" scrolling=\"no\"><\/iframe><\/p>\n<p>&nbsp;<\/p>\n<p>&nbsp;<\/p>\n<p><strong><a class=\"dt-pswp-item\" href=\"https:\/\/www.radiopiu.net\/wordpress\/wp-content\/uploads\/2024\/01\/Senza-nome-34.png\" data-dt-img-description=\"\" data-large_image_width=\"239\" data-large_image_height=\"153\"><img loading=\"lazy\" decoding=\"async\" class=\"wp-image-369478 alignleft\" src=\"https:\/\/www.radiopiu.net\/wordpress\/wp-content\/uploads\/2024\/01\/Senza-nome-34.png\" alt=\"\" width=\"128\" height=\"82\" \/><\/a><\/strong><\/p>\n<h1 class=\"_title post-title entry-title\"><\/h1>\n<p><strong>\u00a0\u00a0<\/strong><strong>dal TG BELLUNESE di\u00a0 ANTENNA 3 ogni sera alle 19.30 sul canale 10 del digitale terrestre e alle 19 le anticipazioni alla radio.\u00a0 \u00a0 \u00a0 \u00a0 \u00a0<\/strong><\/p>\n<p>&nbsp;<\/p>\n<p>&nbsp;<\/p>\n<blockquote>\n<h3 class=\"_title post-title entry-title\">PISTA DA BOB, MINACCE DI MORTE AL SINDACO LORENZI: \u00abAMAREZZA, MA VADO AVANTI\u00bb<\/h3>\n<\/blockquote>\n<p>GIANLUCA LORENZI SINDACO DI CORTINA D\u2019AMPEZZO (AL TELEFONO) (Servizio di\u00a0<a href=\"https:\/\/antennatre.medianordest.it\/redazione\/Tiziana-Bolognani\/\">Tiziana Bolognani<\/a>)<\/p>\n<p>&nbsp;<\/p>\n<p><iframe loading=\"lazy\" title=\"PISTA DA BOB, MINACCE DI MORTE AL SINDACO LORENZI: \u00abAMAREZZA, MA VADO AVANTI\u00bb | 01\/03\/2024\" width=\"1200\" height=\"675\" src=\"https:\/\/www.youtube.com\/embed\/ze7IyyJaxLI?feature=oembed\" frameborder=\"0\" allow=\"accelerometer; autoplay; clipboard-write; encrypted-media; gyroscope; picture-in-picture; web-share\" allowfullscreen><\/iframe><\/p>\n<p>&nbsp;<\/p>\n<blockquote>\n<h3 class=\"_title post-title entry-title\">MINACCE A LORENZI, CONDANNA FERMA E SOLIDARIETA\u2019 UNANIME<\/h3>\n<\/blockquote>\n<p>Intervistati MARIO CONTE (PRESIDENTE ANCI VENETO) (Servizio di\u00a0<a href=\"https:\/\/antennatre.medianordest.it\/redazione\/Tiziana-Bolognani\/\">Tiziana Bolognani<\/a>)<\/p>\n<p><iframe loading=\"lazy\" title=\"MINACCE A LORENZI, CONDANNA FERMA E SOLIDARIETA&#039; UNANIME | 01\/03\/2024\" width=\"1200\" height=\"675\" src=\"https:\/\/www.youtube.com\/embed\/yqkGZHSAOjs?feature=oembed\" frameborder=\"0\" allow=\"accelerometer; autoplay; clipboard-write; encrypted-media; gyroscope; picture-in-picture; web-share\" allowfullscreen><\/iframe><\/p>\n<p>&nbsp;<\/p>\n<p>&nbsp;<\/p>\n<p>&nbsp;<\/p>\n<hr \/>\n<p>&nbsp;<\/p>\n<div class=\"flex-1 overflow-hidden\">\n<div class=\"react-scroll-to-bottom--css-jostp-79elbk h-full\">\n<div class=\"react-scroll-to-bottom--css-jostp-1n7m0yu\">\n<div class=\"flex flex-col text-sm pb-9\">\n<div class=\"w-full text-token-text-primary\" data-testid=\"conversation-turn-83\">\n<div class=\"px-4 py-2 justify-center text-base md:gap-6 m-auto\">\n<div class=\"flex flex-1 text-base mx-auto gap-3 md:px-5 lg:px-1 xl:px-5 md:max-w-3xl lg:max-w-[40rem] xl:max-w-[48rem] group final-completion\">\n<div class=\"relative flex w-full flex-col agent-turn\">\n<div class=\"flex-col gap-1 md:gap-3\">\n<div class=\"flex flex-grow flex-col max-w-full\">\n<div class=\"min-h-[20px] text-message flex flex-col items-start gap-3 whitespace-pre-wrap break-words [.text-message+&amp;]:mt-5 overflow-x-auto\" data-message-author-role=\"assistant\" data-message-id=\"b34f096a-88cd-4eb9-bc0f-e2c4f4f96787\">\n<div class=\"markdown prose w-full break-words dark:prose-invert dark\">\n<blockquote>\n<h3>&#8220;Violenta criminalit\u00e0 giovanile a Feltre: Indagini in corso contro le baby gang&#8221;<\/h3>\n<\/blockquote>\n<\/div>\n<\/div>\n<\/div>\n<\/div>\n<\/div>\n<\/div>\n<\/div>\n<\/div>\n<\/div>\n<\/div>\n<\/div>\n<\/div>\n<div class=\"w-full pt-2 md:pt-0 dark:border-white\/20 md:border-transparent md:dark:border-transparent md:w-[calc(100%-.5rem)]\">\n<form class=\"stretch mx-2 flex flex-row gap-3 last:mb-2 md:mx-4 md:last:mb-6 lg:mx-auto lg:max-w-2xl xl:max-w-3xl\">\n<div class=\"relative flex h-full flex-1 flex-col\">\n<div class=\"flex w-full items-center\"><strong>FELTRE <\/strong>\u00a0si registrano episodi di violenza da parte di gruppi di giovani, con accerchiamenti e minacce rivolte alle vittime per il furto di soldi e gioielli, come nel caso di un supermercato della zona. I carabinieri stanno indagando su questi episodi, che coinvolgerebbero adolescenti locali e extracomunitari, complicando il lavoro investigativo. Le forze dell&#8217;ordine hanno gi\u00e0 identificato alcuni responsabili e recuperato parte della refurtiva, ma continuano ad intensificare le indagini per contrastare queste baby gang, con la possibilit\u00e0 di adottare provvedimenti nei confronti dei responsabili.<\/div>\n<\/div>\n<\/form>\n<\/div>\n<p>&nbsp;<\/p>\n<hr \/>\n<div class=\"flex-1 overflow-hidden\">\n<div class=\"react-scroll-to-bottom--css-jostp-79elbk h-full\">\n<div class=\"react-scroll-to-bottom--css-jostp-1n7m0yu\">\n<div class=\"flex flex-col text-sm pb-9\">\n<div class=\"w-full text-token-text-primary\" data-testid=\"conversation-turn-93\">\n<div class=\"px-4 py-2 justify-center text-base md:gap-6 m-auto\">\n<div class=\"flex flex-1 text-base mx-auto gap-3 md:px-5 lg:px-1 xl:px-5 md:max-w-3xl lg:max-w-[40rem] xl:max-w-[48rem] group final-completion\">\n<div class=\"relative flex w-full flex-col agent-turn\">\n<div class=\"flex-col gap-1 md:gap-3\">\n<div class=\"flex flex-grow flex-col max-w-full\">\n<div class=\"min-h-[20px] text-message flex flex-col items-start gap-3 whitespace-pre-wrap break-words [.text-message+&amp;]:mt-5 overflow-x-auto\" data-message-author-role=\"assistant\" data-message-id=\"46709dcc-dffc-4013-9066-e70afba76518\">\n<div class=\"markdown prose w-full break-words dark:prose-invert dark\">\n<p>&nbsp;<\/p>\n<blockquote>\n<h3>CROLLO PARZIALE DEL TETTO IN UN EDIFICIO ABBANDONATO A FOEN: INTERVENTO DEI VIGILI DEL FUOCO DI FELTRE<\/h3>\n<\/blockquote>\n<\/div>\n<\/div>\n<\/div>\n<\/div>\n<\/div>\n<\/div>\n<\/div>\n<\/div>\n<\/div>\n<\/div>\n<\/div>\n<\/div>\n<p><strong>FELTRE<\/strong> Il crollo parziale del tetto di un edificio abbandonato a Foen ha richiesto l&#8217;intervento dei vigili del fuoco di Feltre, allertati da un vicino preoccupato. Non si conosce il proprietario di questo caseggiato, in pessime condizioni, il cui tetto \u00e8 crollato parzialmente, probabilmente aggravato dalle recenti piogge. L&#8217;intervento di circa due ore e mezzo ha reso sicura la struttura compromessa,\u00a0 potrebbe essere necessario demolirla.<\/p>\n<p>&nbsp;<\/p>\n<hr \/>\n<p>&nbsp;<\/p>\n<blockquote>\n<h2>RIAPRE IL &#8220;CRAS&#8221; PER ANIMALI SELVATICI A VILLIAGO DI SEDICO<\/h2>\n<\/blockquote>\n<p><img loading=\"lazy\" decoding=\"async\" class=\"alignleft\" src=\"https:\/\/www.radiopiu.net\/wordpress\/wp-content\/uploads\/2018\/08\/SOS-ANIMALI.jpeg\" width=\"172\" height=\"103\" \/><strong>BELLUNO<\/strong> La Provincia di Belluno, insieme alla Regione Veneto e Veneto Agricoltura, riapre il Centro di recupero animali selvatici (Cras) dopo pi\u00f9 di dieci anni di inattivit\u00e0. Situato presso Villa Zuppani a Villiago di Sedico.\u00a0 Il Cras fornir\u00e0 ricovero e cure alla fauna selvatica ferita, spesso coinvolta in incidenti stradali. La Regione sostiene finanziariamente il Cras, mentre Veneto Agricoltura mette a disposizione personale e veterinario; la Provincia fornisce le strutture e garantisce l&#8217;attivit\u00e0 delle guardie provinciali. Il presidente della Provincia, Roberto Padrin, sottolinea l&#8217;importanza del Cras per affrontare il crescente numero di incidenti stradali che coinvolgono la fauna selvatica. La convenzione rappresenta il primo passo per valorizzare Villa Zuppani, gi\u00e0 sede di un centro di specializzazione in bachicoltura e di un polo bio in costruzione. Sono in corso lavori per ripristinare le gabbie e le strutture adiacenti per ospitare e curare gli animali feriti<\/p>\n<div class=\"flex-1 overflow-hidden\">\n<div class=\"react-scroll-to-bottom--css-jostp-79elbk h-full\">\n<div class=\"react-scroll-to-bottom--css-jostp-1n7m0yu\">\n<div class=\"flex flex-col text-sm pb-9\">\n<div class=\"w-full text-token-text-primary\" data-testid=\"conversation-turn-55\">\n<div class=\"px-4 py-2 justify-center text-base md:gap-6 m-auto\">\n<div class=\"flex flex-1 text-base mx-auto gap-3 md:px-5 lg:px-1 xl:px-5 md:max-w-3xl lg:max-w-[40rem] xl:max-w-[48rem] group final-completion\">\n<div class=\"relative flex w-full flex-col agent-turn\">\n<div class=\"flex-col gap-1 md:gap-3\">\n<div class=\"flex flex-grow flex-col max-w-full\">\n<div class=\"min-h-[20px] text-message flex flex-col items-start gap-3 whitespace-pre-wrap break-words [.text-message+&amp;]:mt-5 overflow-x-auto\" data-message-author-role=\"assistant\" data-message-id=\"86023dc3-88d6-4d5c-abdb-0258106652e4\">\n<div class=\"markdown prose w-full break-words dark:prose-invert dark\">\n<blockquote><p><em><a class=\"dt-pswp-item\" href=\"https:\/\/www.radiopiu.net\/wordpress\/wp-content\/uploads\/2023\/12\/file-3-e1702916500620.jpg\" data-dt-img-description=\"\" data-large_image_width=\"640\" data-large_image_height=\"640\"><img loading=\"lazy\" decoding=\"async\" class=\" wp-image-366675 alignright\" src=\"https:\/\/www.radiopiu.net\/wordpress\/wp-content\/uploads\/2023\/12\/file-3-e1702916500620-300x300.jpg\" alt=\"\" width=\"117\" height=\"117\" srcset=\"https:\/\/www.radiopiu.net\/wordpress\/wp-content\/uploads\/2023\/12\/file-3-e1702916500620-300x300.jpg 300w, https:\/\/www.radiopiu.net\/wordpress\/wp-content\/uploads\/2023\/12\/file-3-e1702916500620-150x150.jpg 150w, https:\/\/www.radiopiu.net\/wordpress\/wp-content\/uploads\/2023\/12\/file-3-e1702916500620.jpg 640w\" sizes=\"auto, (max-width: 117px) 100vw, 117px\" \/><\/a>Il presidente Padrin ringrazia l&#8217;assessore regionale Cristiano Corazzari e la consigliera regionale Silvia Cestaro per il supporto nel riavvio del Cras, evidenziando l&#8217;importanza della collaborazione tra Provincia e Regione. La convenzione sar\u00e0 siglata nelle prossime settimane, dando vita all&#8217;operativit\u00e0 del Cras.<\/em><\/p><\/blockquote>\n<\/div>\n<\/div>\n<\/div>\n<div class=\"mt-1 flex justify-start gap-3 empty:hidden\">\n<div class=\"text-gray-400 flex self-end lg:self-center justify-center lg:justify-start mt-0 -ml-1 h-7 visible\">\n<p><strong>ai microfoni di radiopiu il consigliere regionale SILVIA CESTARO\u00a0<\/strong><\/p>\n<div class=\"flex items-center gap-1.5 text-xs\">\n<audio class=\"wp-audio-shortcode\" id=\"audio-376949-5\" preload=\"none\" style=\"width: 100%;\" controls=\"controls\"><source type=\"audio\/mpeg\" src=\"https:\/\/www.radiopiu.net\/wordpress\/wp-content\/uploads\/2024\/03\/cest.mp3?_=5\" \/><a href=\"https:\/\/www.radiopiu.net\/wordpress\/wp-content\/uploads\/2024\/03\/cest.mp3\">https:\/\/www.radiopiu.net\/wordpress\/wp-content\/uploads\/2024\/03\/cest.mp3<\/a><\/audio>\n<p>&nbsp;<\/p>\n<\/div>\n<\/div>\n<\/div>\n<\/div>\n<\/div>\n<\/div>\n<\/div>\n<\/div>\n<\/div>\n<\/div>\n<\/div>\n<\/div>\n<div class=\"flex-1 overflow-hidden\">\n<div class=\"react-scroll-to-bottom--css-jostp-79elbk h-full\">\n<div class=\"react-scroll-to-bottom--css-jostp-1n7m0yu\">\n<div class=\"flex flex-col text-sm pb-9\">\n<div class=\"w-full text-token-text-primary\" data-testid=\"conversation-turn-55\">\n<div class=\"px-4 py-2 justify-center text-base md:gap-6 m-auto\">\n<div class=\"flex flex-1 text-base mx-auto gap-3 md:px-5 lg:px-1 xl:px-5 md:max-w-3xl lg:max-w-[40rem] xl:max-w-[48rem] group final-completion\">\n<div class=\"relative flex w-full flex-col agent-turn\">\n<div class=\"flex-col gap-1 md:gap-3\">\n<div class=\"mt-1 flex justify-start gap-3 empty:hidden\">\n<div class=\"text-gray-400 flex self-end lg:self-center justify-center lg:justify-start mt-0 -ml-1 h-7 visible\">\n<p>&nbsp;<\/p>\n<hr \/>\n<p>&nbsp;<\/p>\n<blockquote>\n<h2>MAL COMUNE&#8230; MA NON S&#8217;HA DA DIRE<\/h2>\n<\/blockquote>\n<p><strong>REDAZIONE<\/strong> La massima &#8220;Mal comune&#8230; ma non s&#8217;ha da dire&#8221; sottolinea la necessit\u00e0 di tollerare e sopportare un male o un disagio quando questo \u00e8 inevitabile e non c&#8217;\u00e8 nulla che possa essere fatto per evitarlo o cambiarlo. \u00c8 un&#8217;espressione che invita alla pazienza e alla rassegnazione di fronte a situazioni difficili o sgradevoli, suggerendo di accettare le cose cos\u00ec come sono senza lamentarsi o protestare inutilmente. In altre parole, ci\u00f2 implica che non sempre \u00e8 necessario o utile esprimere le proprie lamentele o critiche quando non si pu\u00f2 fare nulla per migliorare la situazione.<\/p>\n<blockquote>\n<h3>L&#8217;INTERROGAZIONE PD SUL MEDICO DI FAMIGLIA<\/h3>\n<\/blockquote>\n<p><strong><a class=\"dt-pswp-item\" href=\"https:\/\/www.radiopiu.net\/wordpress\/wp-content\/uploads\/2021\/09\/BIGON-3-scaled.jpg\" data-dt-img-description=\"\" data-large_image_width=\"2560\" data-large_image_height=\"1707\"><img loading=\"lazy\" decoding=\"async\" class=\" wp-image-233248 alignleft\" src=\"https:\/\/www.radiopiu.net\/wordpress\/wp-content\/uploads\/2021\/09\/BIGON-3-300x200.jpg\" alt=\"\" width=\"155\" height=\"103\" srcset=\"https:\/\/www.radiopiu.net\/wordpress\/wp-content\/uploads\/2021\/09\/BIGON-3-300x200.jpg 300w, https:\/\/www.radiopiu.net\/wordpress\/wp-content\/uploads\/2021\/09\/BIGON-3-1024x683.jpg 1024w, https:\/\/www.radiopiu.net\/wordpress\/wp-content\/uploads\/2021\/09\/BIGON-3-768x512.jpg 768w, https:\/\/www.radiopiu.net\/wordpress\/wp-content\/uploads\/2021\/09\/BIGON-3-1536x1024.jpg 1536w, https:\/\/www.radiopiu.net\/wordpress\/wp-content\/uploads\/2021\/09\/BIGON-3-2048x1365.jpg 2048w\" sizes=\"auto, (max-width: 155px) 100vw, 155px\" \/><\/a>VENEZIA<\/strong> La consigliera regionale del Pd Veneto, Anna Maria Bigon, solleva un&#8217;interrogazione sull&#8217;emergenza causata dal pensionamento di un medico di famiglia a Sorg\u00e0 (Vr), lasciando circa 1.500 cittadini senza servizio medico stabile, soprattutto considerando l&#8217;aumento dell&#8217;et\u00e0 media. Le carenze del trasporto pubblico aggravano la situazione, con l&#8217;amministrazione comunale che cerca soluzioni presso l&#8217;Ulss e predisponendo un servizio di medicina distrettuale. Il vicesindaco di Sorg\u00e0, Mario Sgrenzaroli, sottolinea l&#8217;importanza di ricevere risposte concrete per affrontare questa difficile condizione, evidenziando il ruolo cruciale dei volontari dell&#8217;Auser locale.<\/p>\n<p>&nbsp;<\/p>\n<hr \/>\n<p>&nbsp;<\/p>\n<blockquote>\n<h3 class=\"titolonews\">SANITA\u2019. AVVISO AZIENDA ZERO PER LA CANDIDATURA DI MEDICI PER I PRONTO SOCCORSO.<\/h3>\n<\/blockquote>\n<p><strong><a class=\"dt-pswp-item\" href=\"https:\/\/www.radiopiu.net\/wordpress\/wp-content\/uploads\/2024\/03\/Senza-nome-3.png\" data-dt-img-description=\"\" data-large_image_width=\"240\" data-large_image_height=\"126\"><img loading=\"lazy\" decoding=\"async\" class=\" wp-image-377095 alignleft\" src=\"https:\/\/www.radiopiu.net\/wordpress\/wp-content\/uploads\/2024\/03\/Senza-nome-3.png\" alt=\"\" width=\"173\" height=\"91\" \/><\/a>VENEZIA<\/strong> Pi\u00f9 di 60 candidature sono state ricevute per il primo avviso di procedura comparativa per medici di pronto soccorso attivato da Azienda Zero, con una buona distribuzione territoriale. Gli interessati possono indicare l&#8217;azienda sanitaria di loro interesse e l&#8217;avviso rimarr\u00e0 aperto fino al 9 marzo. L&#8217;Assessore alla Sanit\u00e0 Manuela Lanzarin si mostra ottimista riguardo alla progressiva riduzione dell&#8217;utilizzo delle Cooperative, auspicando ulteriori adesioni nei prossimi giorni. Le tariffe orarie massime per gli incarichi vengono fissate dalla giunta regionale, variando da 40 a 80 euro a seconda delle specializzazioni e dei contesti di lavoro.<\/p>\n<p>&nbsp;<\/p>\n<hr \/>\n<p>&nbsp;<\/p>\n<p>&nbsp;<\/p>\n<blockquote>\n<h3>FABIO LUCHETTA DI NUOVO SINDACO DOPO 3 MANDATI ? &#8220;NON HO PRESO ALCUNA DECISIONE&#8221;<\/h3>\n<p><em><a class=\"dt-pswp-item\" href=\"https:\/\/www.radiopiu.net\/wordpress\/wp-content\/uploads\/2023\/07\/FABIO.png\" data-dt-img-description=\"\" data-large_image_width=\"334\" data-large_image_height=\"254\"><img loading=\"lazy\" decoding=\"async\" class=\"wp-image-344768 alignleft\" src=\"https:\/\/www.radiopiu.net\/wordpress\/wp-content\/uploads\/2023\/07\/FABIO-300x228.png\" alt=\"\" width=\"128\" height=\"97\" srcset=\"https:\/\/www.radiopiu.net\/wordpress\/wp-content\/uploads\/2023\/07\/FABIO-300x228.png 300w, https:\/\/www.radiopiu.net\/wordpress\/wp-content\/uploads\/2023\/07\/FABIO.png 334w\" sizes=\"auto, (max-width: 128px) 100vw, 128px\" \/><\/a>Dal Municipio l&#8217;appello ai giovani perch* pensino con responsabilit\u00e0 al prossimo voto<\/em><\/p><\/blockquote>\n<p>&nbsp;<\/p>\n<p><strong>VALLADA<\/strong><\/p>\n<p><strong>\u00a0DI GIANNI SANTOMASO<\/strong><\/p>\n<audio class=\"wp-audio-shortcode\" id=\"audio-376949-6\" preload=\"none\" style=\"width: 100%;\" controls=\"controls\"><source type=\"audio\/mpeg\" src=\"https:\/\/www.radiopiu.net\/wordpress\/wp-content\/uploads\/2024\/03\/SAN-SIMON-GIANNI.mp3?_=6\" \/><a href=\"https:\/\/www.radiopiu.net\/wordpress\/wp-content\/uploads\/2024\/03\/SAN-SIMON-GIANNI.mp3\">https:\/\/www.radiopiu.net\/wordpress\/wp-content\/uploads\/2024\/03\/SAN-SIMON-GIANNI.mp3<\/a><\/audio>\n<p>&nbsp;<\/p>\n<p>&nbsp;<\/p>\n<hr \/>\n<p>&nbsp;<\/p>\n<blockquote>\n<h3>TASSAZIONE E DOCUMENTO DI PROGRAMMAZIONE NEL CONSIGLIO CONVOCATO DA DE VAL<\/h3>\n<\/blockquote>\n<p><img loading=\"lazy\" decoding=\"async\" class=\"alignleft\" src=\"https:\/\/www.radiopiu.net\/wordpress\/wp-content\/uploads\/2020\/12\/MORENO-DE-VAL.jpg\" width=\"124\" height=\"118\" \/><strong>SAN TOMASO<\/strong><\/p>\n<p><strong>DI GIANNI SANTOMASO<\/strong><\/p>\n<audio class=\"wp-audio-shortcode\" id=\"audio-376949-7\" preload=\"none\" style=\"width: 100%;\" controls=\"controls\"><source type=\"audio\/mpeg\" src=\"https:\/\/www.radiopiu.net\/wordpress\/wp-content\/uploads\/2024\/03\/SAN-TOMASO-GIANNI.mp3?_=7\" \/><a href=\"https:\/\/www.radiopiu.net\/wordpress\/wp-content\/uploads\/2024\/03\/SAN-TOMASO-GIANNI.mp3\">https:\/\/www.radiopiu.net\/wordpress\/wp-content\/uploads\/2024\/03\/SAN-TOMASO-GIANNI.mp3<\/a><\/audio>\n<p>&nbsp;<\/p>\n<p>&nbsp;<\/p>\n<hr \/>\n<p>&nbsp;<\/p>\n<h1><strong>M A L U M O R E\u00a0<\/strong><\/h1>\n<blockquote>\n<h3><a class=\"dt-pswp-item\" href=\"https:\/\/www.radiopiu.net\/wordpress\/wp-content\/uploads\/2024\/03\/Senza-nome-7.png\" data-dt-img-description=\"\" data-large_image_width=\"242\" data-large_image_height=\"215\"><img loading=\"lazy\" decoding=\"async\" class=\" wp-image-377150 alignleft\" src=\"https:\/\/www.radiopiu.net\/wordpress\/wp-content\/uploads\/2024\/03\/Senza-nome-7.png\" alt=\"\" width=\"99\" height=\"88\" \/><\/a>NO AL LUPO, IL CARTELLO NELLE CAMPAGNE DI VILLABRUNA<\/h3>\n<\/blockquote>\n<p><strong>FELTRE<\/strong> E&#8217; comparso questo cartello &#8220;No ai lupi sui pascolI&#8221;, non si conosce l&#8217;origine e nemmeno chi si sia impegnato per metterlo ben in evidenza accanto al cartello frazionale Villabruna. Forse qualche allevatore esasperato dalle predazioni del lupo? Un cartello simile \u00e8 gi\u00e0 stato notato in Piemonte, realizzato dagli allevatori locali.<\/p>\n<p>&nbsp;<\/p>\n<p>&nbsp;<\/p>\n<hr \/>\n<p>&nbsp;<\/p>\n<blockquote>\n<h3>RIPRENDONO I LAVORI, MODIFICHE ALLA VIABILITA&#8217; IN CENTRO<\/h3>\n<\/blockquote>\n<p><strong><a class=\"dt-pswp-item\" href=\"https:\/\/www.radiopiu.net\/wordpress\/wp-content\/uploads\/2022\/12\/MUNICIPIO-AGORDO.png\" data-dt-img-description=\"\" data-large_image_width=\"1890\" data-large_image_height=\"1210\"><img loading=\"lazy\" decoding=\"async\" class=\"wp-image-309882 alignleft\" src=\"https:\/\/www.radiopiu.net\/wordpress\/wp-content\/uploads\/2022\/12\/MUNICIPIO-AGORDO-300x192.png\" alt=\"\" width=\"169\" height=\"108\" srcset=\"https:\/\/www.radiopiu.net\/wordpress\/wp-content\/uploads\/2022\/12\/MUNICIPIO-AGORDO-300x192.png 300w, https:\/\/www.radiopiu.net\/wordpress\/wp-content\/uploads\/2022\/12\/MUNICIPIO-AGORDO-1024x656.png 1024w, https:\/\/www.radiopiu.net\/wordpress\/wp-content\/uploads\/2022\/12\/MUNICIPIO-AGORDO-768x492.png 768w, https:\/\/www.radiopiu.net\/wordpress\/wp-content\/uploads\/2022\/12\/MUNICIPIO-AGORDO-1536x983.png 1536w, https:\/\/www.radiopiu.net\/wordpress\/wp-content\/uploads\/2022\/12\/MUNICIPIO-AGORDO.png 1890w\" sizes=\"auto, (max-width: 169px) 100vw, 169px\" \/><\/a>AGORDO<\/strong> Da luned\u00ec via alla seconda fase di ristrutturazione straordinaria dell&#8217;immobile tra viale Sommariva e Piazzale Marconi con modifiche alla viabilit\u00e0. Dalle 8 del 4\/3 alle 8 del 18\/3 (e comunque fino a fine lavori): doppio senso di circolazione in viale Sommariva, dall&#8217;incrocio con via Insurrezione all&#8217;area di chiusura; divieto di transito in viale Sommariva, ai civici 1 e 3 dell&#8217;immobile in demolizione e nella zona adiacente all&#8217;ex pretura; divieto di sosta, con rimozione forzata, lungo tutto viale Sommariva (compreso lato ex Pretura) e su tre stalli all&#8217;incrocio tra corso Alpini e piazzale Marconi; il divieto di sosta, con rimozione forzata, in piazzale Marconi, lato nord municipio; la chiusura assoluta al transito di piazzale Marconi, lato nord municipio; il divieto di transito assoluto in vicolo Cordevole; aperto ai pedoni dalle 18 di ciascun giorno alle 8 del giorno successivo.<\/p>\n<p>&nbsp;<\/p>\n<hr \/>\n<p>&nbsp;<\/p>\n<blockquote>\n<h3>CONCETTO DI LEGALITA&#8217;, DIRITTI, DOVERI E RESPONSABILITA&#8217;<\/h3>\n<\/blockquote>\n<blockquote><p><em><strong>L&#8217;INCONTRO CON L&#8217;ASSESSORE ALLA SICUREZZA RAFFAELE ADDAMIANO E IL COLONNELLO\u00a0 ENRICO PIGOZZO<\/strong><\/em><\/p><\/blockquote>\n<p><strong>BELLUNO<\/strong> L&#8217;Educazione Civica,\u00a0 \u00a0percorso per formare cittadini responsabili \u00a0\u00e8 una disciplina trasversale che dovrebbe interessare tutti i gradi scolastici. Per iniziativa dell&#8217;amministrazione comunale\u00a0 l&#8217;incontro con le scuole, ad iniziare dall&#8217;Istituto Catullo con la collaborazione fondamentale dell&#8217;Arma dei Carabinieri con il suo Comandante Colonnello Enrico Pigozzo.<\/p>\n<p>&nbsp;<\/p>\n<p><strong><a class=\"dt-pswp-item\" href=\"https:\/\/www.radiopiu.net\/wordpress\/wp-content\/uploads\/2023\/11\/ADDAMIANO.png\" data-dt-img-description=\"\" data-large_image_width=\"277\" data-large_image_height=\"187\"><img loading=\"lazy\" decoding=\"async\" class=\"wp-image-362591 alignleft\" src=\"https:\/\/www.radiopiu.net\/wordpress\/wp-content\/uploads\/2023\/11\/ADDAMIANO.png\" alt=\"\" width=\"113\" height=\"76\" \/><\/a>L&#8217;ASSESSORE RAFFAELE ADDAMIANO\u00a0<\/strong><\/p>\n<audio class=\"wp-audio-shortcode\" id=\"audio-376949-8\" preload=\"none\" style=\"width: 100%;\" controls=\"controls\"><source type=\"audio\/mpeg\" src=\"https:\/\/www.radiopiu.net\/wordpress\/wp-content\/uploads\/2024\/03\/ADDAMIANO.mp3?_=8\" \/><a href=\"https:\/\/www.radiopiu.net\/wordpress\/wp-content\/uploads\/2024\/03\/ADDAMIANO.mp3\">https:\/\/www.radiopiu.net\/wordpress\/wp-content\/uploads\/2024\/03\/ADDAMIANO.mp3<\/a><\/audio>\n<p>&nbsp;<\/p>\n<p><strong><a class=\"dt-pswp-item\" href=\"https:\/\/www.radiopiu.net\/wordpress\/wp-content\/uploads\/2024\/03\/312e5117-94eb-40ef-8670-85dcf8746b91-300x200-1.jpg\" data-dt-img-description=\"\" data-large_image_width=\"300\" data-large_image_height=\"200\"><img loading=\"lazy\" decoding=\"async\" class=\" wp-image-377085 alignleft\" src=\"https:\/\/www.radiopiu.net\/wordpress\/wp-content\/uploads\/2024\/03\/312e5117-94eb-40ef-8670-85dcf8746b91-300x200-1.jpg\" alt=\"\" width=\"146\" height=\"97\" \/><\/a>IL COLONNELLO ENRICO PIGOZZO <\/strong>\u00e8 nato a Bassano del Grappa il 6 agosto 1975 . Ha intrapreso la carriera militare nel 1996, frequentando il 178\u00b0 Corso dell\u2019Accademia Militare di Modena e, successivamente, la Scuola Ufficiali di Roma. Nel grado di Tenente \u00e8 stato Comandante di Plotone, Comandante di Compagnia e Capo Ufficio Comando\/Aiutante Maggiore presso\u00a0 il 18\u00b0 Battaglione Carabinieri \u201cLazio\u201d in Roma dove ha svolto attivit\u00e0 connesse all&#8217; organizzazione ed esecuzione di servizi di mantenimento dell\u2019ordine pubblico.<\/p>\n<p><strong>AUDIO<\/strong><\/p>\n<audio class=\"wp-audio-shortcode\" id=\"audio-376949-9\" preload=\"none\" style=\"width: 100%;\" controls=\"controls\"><source type=\"audio\/mpeg\" src=\"https:\/\/www.radiopiu.net\/wordpress\/wp-content\/uploads\/2024\/03\/PIGOZZO.mp3?_=9\" \/><a href=\"https:\/\/www.radiopiu.net\/wordpress\/wp-content\/uploads\/2024\/03\/PIGOZZO.mp3\">https:\/\/www.radiopiu.net\/wordpress\/wp-content\/uploads\/2024\/03\/PIGOZZO.mp3<\/a><\/audio>\n<p>&nbsp;<\/p>\n<p>&nbsp;<\/p>\n<p>&nbsp;<\/p>\n<\/div>\n<\/div>\n<\/div>\n<\/div>\n<\/div>\n<\/div>\n<\/div>\n<\/div>\n<\/div>\n<\/div>\n<\/div>\n<hr \/>\n<p>&nbsp;<\/p>\n<blockquote>\n<h3>DOPO IL PULMINO, CONFINDUSTRIA BELLUNO DOLOMITI DONA 5 MILA EURO ALLA MISERICORDIA DI LONGARONE<\/h3>\n<\/blockquote>\n<p><strong><a class=\"dt-pswp-item\" href=\"https:\/\/www.radiopiu.net\/wordpress\/wp-content\/uploads\/2024\/03\/pulmino_Misericordia_Confindustria.jpg\" data-dt-img-description=\"\" data-large_image_width=\"2048\" data-large_image_height=\"1536\"><img loading=\"lazy\" decoding=\"async\" class=\" wp-image-377039 alignleft\" src=\"https:\/\/www.radiopiu.net\/wordpress\/wp-content\/uploads\/2024\/03\/pulmino_Misericordia_Confindustria-300x225.jpg\" alt=\"\" width=\"177\" height=\"133\" srcset=\"https:\/\/www.radiopiu.net\/wordpress\/wp-content\/uploads\/2024\/03\/pulmino_Misericordia_Confindustria-300x225.jpg 300w, https:\/\/www.radiopiu.net\/wordpress\/wp-content\/uploads\/2024\/03\/pulmino_Misericordia_Confindustria-1024x768.jpg 1024w, https:\/\/www.radiopiu.net\/wordpress\/wp-content\/uploads\/2024\/03\/pulmino_Misericordia_Confindustria-768x576.jpg 768w, https:\/\/www.radiopiu.net\/wordpress\/wp-content\/uploads\/2024\/03\/pulmino_Misericordia_Confindustria-1536x1152.jpg 1536w, https:\/\/www.radiopiu.net\/wordpress\/wp-content\/uploads\/2024\/03\/pulmino_Misericordia_Confindustria.jpg 2048w\" sizes=\"auto, (max-width: 177px) 100vw, 177px\" \/><\/a>BELLUNO<\/strong> Confindustria Belluno Dolomiti rafforza la collaborazione con la Misericordia di Longarone, donando un ulteriore contributo di cinquemila euro per sostenere le spese correnti dell&#8217;associazione. Questo atto segue la donazione di un pulmino per il trasporto solidale effettuata nel novembre scorso. L&#8217;obiettivo \u00e8 contrastare le fragilit\u00e0 e le solitudini nel territorio, fornendo supporto logistico, morale e psicologico a anziani, disabili e famiglie con difficolt\u00e0 di mobilit\u00e0. Giuseppe Da Ronch, Governatore della Misericordia di Longarone, esprime gratitudine per il contributo che aiuta a coprire spese di gasolio e manutenzione dei mezzi. La presidente di Confindustria Belluno Dolomiti, Lorraine Berton, sottolinea l&#8217;importanza dell&#8217;opera della Misericordia per la tenuta del tessuto sociale nella provincia.<\/p>\n<p>&nbsp;<\/p>\n<p>&nbsp;<\/p>\n<hr \/>\n<p>&nbsp;<\/p>\n<blockquote>\n<h3>Centro per la Formazione e la Sicurezza a Sedico: Il Convitto che Attrae Studenti del Cadore e Sfida Nazionale degli Alloggi<\/h3>\n<\/blockquote>\n<p><strong>SEDICO <\/strong>Il convitto del Centro per la Formazione e la Sicurezza a Sedico ha influenzato positivamente le iscrizioni, specialmente da studenti del Cadore. L&#8217;ente Destra Piave affronta la sfida nazionale degli alloggi per studenti, mitigando le difficolt\u00e0 legate allo spopolamento e alle lunghe distanze. Il convitto, gestito dalla cooperativa Portaperta, si trova vicino al Cfs, offrendo soluzioni di alloggio centrali. La scuola edile, con oltre 70 anni di attivit\u00e0, offre percorsi formativi in edilizia, elettricit\u00e0 e termoidraulica, rispondendo alla crescente domanda di figure specializzate. L&#8217;ente continua a investire in innovazione e sicurezza.<\/p>\n\n\t\t\t<style type='text\/css'>\n\t\t\t\t#gallery-1 {\n\t\t\t\t\tmargin: auto;\n\t\t\t\t}\n\t\t\t\t#gallery-1 .gallery-item {\n\t\t\t\t\tfloat: left;\n\t\t\t\t\tmargin-top: 10px;\n\t\t\t\t\ttext-align: center;\n\t\t\t\t\twidth: 50%;\n\t\t\t\t}\n\t\t\t\t#gallery-1 img {\n\t\t\t\t\tborder: 2px solid #cfcfcf;\n\t\t\t\t}\n\t\t\t\t#gallery-1 .gallery-caption {\n\t\t\t\t\tmargin-left: 0;\n\t\t\t\t}\n\t\t\t\t\/* see gallery_shortcode() in wp-includes\/media.php *\/\n\t\t\t<\/style>\n\t\t<div id='gallery-1' class='dt-gallery-container gallery galleryid-376949 gallery-columns-2 gallery-size-medium'><dl class='gallery-item'>\n\t\t\t\t<dt class='gallery-icon landscape'>\n\t\t\t\t\t<a class=\"rollover rollover-zoom dt-pswp-item\" title=\"primo giorno di scuola\" data-dt-img-description=\"\" data-large_image_width=\"1801\" data-large_image_height=\"1536\"href='https:\/\/www.radiopiu.net\/wordpress\/wp-content\/uploads\/2024\/03\/primo-giorno-di-scuola.jpeg'><img loading=\"lazy\" decoding=\"async\" width=\"300\" height=\"256\" src=\"https:\/\/www.radiopiu.net\/wordpress\/wp-content\/uploads\/2024\/03\/primo-giorno-di-scuola-300x256.jpeg\" class=\"attachment-medium size-medium\" alt=\"\" srcset=\"https:\/\/www.radiopiu.net\/wordpress\/wp-content\/uploads\/2024\/03\/primo-giorno-di-scuola-300x256.jpeg 300w, https:\/\/www.radiopiu.net\/wordpress\/wp-content\/uploads\/2024\/03\/primo-giorno-di-scuola-1024x873.jpeg 1024w, https:\/\/www.radiopiu.net\/wordpress\/wp-content\/uploads\/2024\/03\/primo-giorno-di-scuola-768x655.jpeg 768w, https:\/\/www.radiopiu.net\/wordpress\/wp-content\/uploads\/2024\/03\/primo-giorno-di-scuola-1536x1310.jpeg 1536w, https:\/\/www.radiopiu.net\/wordpress\/wp-content\/uploads\/2024\/03\/primo-giorno-di-scuola.jpeg 1801w\" sizes=\"auto, (max-width: 300px) 100vw, 300px\" \/><\/a>\n\t\t\t\t<\/dt><\/dl><dl class='gallery-item'>\n\t\t\t\t<dt class='gallery-icon landscape'>\n\t\t\t\t\t<a class=\"rollover rollover-zoom dt-pswp-item\" title=\"foto convitto\" data-dt-img-description=\"\" data-large_image_width=\"2560\" data-large_image_height=\"1920\"href='https:\/\/www.radiopiu.net\/wordpress\/wp-content\/uploads\/2024\/03\/foto-convitto-scaled.jpg'><img loading=\"lazy\" decoding=\"async\" width=\"300\" height=\"225\" src=\"https:\/\/www.radiopiu.net\/wordpress\/wp-content\/uploads\/2024\/03\/foto-convitto-300x225.jpg\" class=\"attachment-medium size-medium\" alt=\"\" srcset=\"https:\/\/www.radiopiu.net\/wordpress\/wp-content\/uploads\/2024\/03\/foto-convitto-300x225.jpg 300w, https:\/\/www.radiopiu.net\/wordpress\/wp-content\/uploads\/2024\/03\/foto-convitto-1024x768.jpg 1024w, https:\/\/www.radiopiu.net\/wordpress\/wp-content\/uploads\/2024\/03\/foto-convitto-768x576.jpg 768w, https:\/\/www.radiopiu.net\/wordpress\/wp-content\/uploads\/2024\/03\/foto-convitto-1536x1152.jpg 1536w, https:\/\/www.radiopiu.net\/wordpress\/wp-content\/uploads\/2024\/03\/foto-convitto-2048x1536.jpg 2048w\" sizes=\"auto, (max-width: 300px) 100vw, 300px\" \/><\/a>\n\t\t\t\t<\/dt><\/dl><br style=\"clear: both\" \/>\n\t\t\t<\/div>\n\n<p>&nbsp;<\/p>\n<p>&nbsp;<\/p>\n<hr \/>\n<p>&nbsp;<\/p>\n<blockquote>\n<h3>AVVIO UFFICIALE DEL PROGETTO INTERREG METAWOOD: KICK-OFF MEETING<\/h3>\n<\/blockquote>\n<p><strong><a class=\"dt-pswp-item\" href=\"https:\/\/www.radiopiu.net\/wordpress\/wp-content\/uploads\/2024\/03\/DSC_0050-scaled.jpg\" data-dt-img-description=\"\" data-large_image_width=\"2560\" data-large_image_height=\"1703\"><img loading=\"lazy\" decoding=\"async\" class=\" wp-image-377022 alignleft\" src=\"https:\/\/www.radiopiu.net\/wordpress\/wp-content\/uploads\/2024\/03\/DSC_0050-300x200.jpg\" alt=\"\" width=\"155\" height=\"103\" srcset=\"https:\/\/www.radiopiu.net\/wordpress\/wp-content\/uploads\/2024\/03\/DSC_0050-300x200.jpg 300w, https:\/\/www.radiopiu.net\/wordpress\/wp-content\/uploads\/2024\/03\/DSC_0050-1024x681.jpg 1024w, https:\/\/www.radiopiu.net\/wordpress\/wp-content\/uploads\/2024\/03\/DSC_0050-768x511.jpg 768w, https:\/\/www.radiopiu.net\/wordpress\/wp-content\/uploads\/2024\/03\/DSC_0050-1536x1022.jpg 1536w, https:\/\/www.radiopiu.net\/wordpress\/wp-content\/uploads\/2024\/03\/DSC_0050-2048x1363.jpg 2048w\" sizes=\"auto, (max-width: 155px) 100vw, 155px\" \/><\/a>BELLUNO<\/strong> Il progetto transnazionale Interreg Italia-Austria &#8220;Metawood &#8211; Metamateriali e formazione applicata ad edifici in legno multipiano&#8221; \u00e8 stato ufficialmente avviato, mirando a potenziare la competitivit\u00e0 e la sostenibilit\u00e0 nell&#8217;edilizia in legno. Partecipano il Centro Consorzi di Belluno, Apri Formazione di Vicenza, Universit\u00e0 di Innsbruck e Libera Universit\u00e0 di Bolzano. L&#8217;iniziativa prevede l&#8217;uso di metamateriali in legno per migliorare l&#8217;isolamento acustico e ridurre la diffusione del fuoco in edifici multipiano. Durante l&#8217;evento di lancio, sono state discusse le strategie per raggiungere gli obiettivi di competitivit\u00e0 e sostenibilit\u00e0 attraverso innovazioni tecnologiche e formazione specializzata.<\/p>\n<p>&nbsp;<\/p>\n<p>&nbsp;<\/p>\n<hr \/>\n<p>&nbsp;<\/p>\n<p>&nbsp;<\/p>\n<blockquote>\n<h3>DALLA LETTERA AL PRESIDENTE MATTARELLA ALLA STRETTA DI MANO CON IL PREFETTO SAVASTANO<\/h3>\n<\/blockquote>\n<p>&nbsp;<\/p>\n<p><span style=\"color: #ff0000;\"><strong>DI MARINA DONA&#8217;<\/strong><\/span><\/p>\n<blockquote>\n<h3><a class=\"dt-pswp-item\" href=\"https:\/\/www.radiopiu.net\/wordpress\/wp-content\/uploads\/2024\/02\/frescura-savastano-menia-corbanese.png\" data-dt-img-description=\"\" data-large_image_width=\"1246\" data-large_image_height=\"1662\"><img loading=\"lazy\" decoding=\"async\" class=\" wp-image-376926 alignleft\" src=\"https:\/\/www.radiopiu.net\/wordpress\/wp-content\/uploads\/2024\/02\/frescura-savastano-menia-corbanese-225x300.png\" alt=\"\" width=\"172\" height=\"229\" srcset=\"https:\/\/www.radiopiu.net\/wordpress\/wp-content\/uploads\/2024\/02\/frescura-savastano-menia-corbanese-225x300.png 225w, https:\/\/www.radiopiu.net\/wordpress\/wp-content\/uploads\/2024\/02\/frescura-savastano-menia-corbanese-768x1024.png 768w, https:\/\/www.radiopiu.net\/wordpress\/wp-content\/uploads\/2024\/02\/frescura-savastano-menia-corbanese-1152x1536.png 1152w, https:\/\/www.radiopiu.net\/wordpress\/wp-content\/uploads\/2024\/02\/frescura-savastano-menia-corbanese.png 1246w\" sizes=\"auto, (max-width: 172px) 100vw, 172px\" \/><\/a>Frescura e Menia Corbanese dal Prefetto Savastano per la Galleria del Comelico \u201cDal Quirinale un segnale di vicinanza al territorio!<\/h3>\n<\/blockquote>\n<p><strong>BELLUNO<\/strong> Il Presidente e il Vicepresidente nazionale di Giovani&amp;Futuro, Luca Frescura e Thomas Menia Corbanese, hanno incontrato il Prefetto di Belluno, Mariano Savastano, su invito diretto dopo aver inviato una missiva al Presidente Mattarella riguardante la situazione della Val Comelico. I rappresentanti di Giovani&amp;Futuro si impegneranno nel loro ruolo, con la candidatura di Thomas a Sindaco in uno dei comuni del Comelico.<\/p>\n<p>&nbsp;<\/p>\n<p><strong>AUDIO<\/strong><\/p>\n<audio class=\"wp-audio-shortcode\" id=\"audio-376949-10\" preload=\"none\" style=\"width: 100%;\" controls=\"controls\"><source type=\"audio\/mpeg\" src=\"https:\/\/www.radiopiu.net\/wordpress\/wp-content\/uploads\/2024\/03\/MARINA-CORBA.mp3?_=10\" \/><a href=\"https:\/\/www.radiopiu.net\/wordpress\/wp-content\/uploads\/2024\/03\/MARINA-CORBA.mp3\">https:\/\/www.radiopiu.net\/wordpress\/wp-content\/uploads\/2024\/03\/MARINA-CORBA.mp3<\/a><\/audio>\n<p>&nbsp;<\/p>\n<p>&nbsp;<\/p>\n<hr \/>\n<p>&nbsp;<\/p>\n<blockquote>\n<h3>ALPAGO: TELEMEDICINA PER ANZIANI FRAGILI<\/h3>\n<h3><img loading=\"lazy\" decoding=\"async\" class=\"alignleft\" src=\"https:\/\/www.radiopiu.net\/wordpress\/wp-content\/uploads\/2024\/03\/9a2a5259-3602-4f09-9f66-3c5c177ec009.jpg\" width=\"408\" height=\"230\" \/><\/h3>\n<\/blockquote>\n<p><strong>BELLUN<\/strong>O Il Centro Servizi di Alpago avvia un progetto di telemedicina per gli anziani fragili, guidato dal direttore della Geriatria di Belluno Gianfranco Conati. Il personale delle case di riposo, formato, utilizzer\u00e0 un kit innovativo per rilevare parametri vitali, inviati direttamente al geriatra per valutazioni immediate. L&#8217;obiettivo \u00e8 evitare spostamenti inutili in ospedali per anziani non autosufficienti. Il kit, acquistato dall&#8217;Ulss Dolomiti, include strumenti per misurare pressione arteriosa, saturazione, temperatura e frequenza respiratoria, consentendo anche di effettuare un elettrocardiogramma semplificato. L&#8217;iniziativa, sostenuta dagli amministratori dell&#8217;Alpago, coinvolger\u00e0 80 kit che saranno attivi entro l&#8217;estate in case di riposo, medicine di gruppo e assistenza domiciliare.<\/p>\n<blockquote><p>&#8220;il nostro obiettivo \u00e8 portare i servizi sempre pi\u00f9 vicino alle persone, in particolare alle persone fragili&#8221; spiega il commissario Giuseppe Dal Ben, &#8220;Abbiamo acquistato 80 di questi kit che entro l&#8217;estate saranno attivi nel territorio in case di riposo, medicine di gruppo integrate e in dotazione all&#8217;assistenza domiciliare per monitorare i pazienti in carico in maniera innovativa&#8221;. Soddisfatti gli amministrati dell&#8217;Alpago, che hanno sostenuto l&#8217;iniziativa.<\/p><\/blockquote>\n<p>&nbsp;<\/p>\n<p>&nbsp;<\/p>\n<hr \/>\n<p>&nbsp;<\/p>\n<blockquote>\n<div class=\"flex-1 overflow-hidden\">\n<div class=\"react-scroll-to-bottom--css-jostp-79elbk h-full\">\n<div class=\"react-scroll-to-bottom--css-jostp-1n7m0yu\">\n<div class=\"flex flex-col text-sm pb-9\">\n<div class=\"w-full text-token-text-primary\" data-testid=\"conversation-turn-77\">\n<div class=\"px-4 py-2 justify-center text-base md:gap-6 m-auto\">\n<div class=\"flex flex-1 text-base mx-auto gap-3 md:px-5 lg:px-1 xl:px-5 md:max-w-3xl lg:max-w-[40rem] xl:max-w-[48rem] group final-completion\">\n<div class=\"relative flex w-full flex-col agent-turn\">\n<div class=\"flex-col gap-1 md:gap-3\">\n<div class=\"flex flex-grow flex-col max-w-full\">\n<div class=\"min-h-[20px] text-message flex flex-col items-start gap-3 whitespace-pre-wrap break-words [.text-message+&amp;]:mt-5 overflow-x-auto\" data-message-author-role=\"assistant\" data-message-id=\"43367e96-5a55-4a4f-9e26-8a99cdd77a59\">\n<div class=\"markdown prose w-full break-words dark:prose-invert dark\">\n<h1><\/h1>\n<h1>Cooperazione internazionale per lo sviluppo sanitario: collaborazione tra Belluno e Brasile.<\/h1>\n<\/div>\n<p><em>Volont\u00e0 di instaurare una collaborazione tra la citt\u00e0 di Belluno e il Brasile nel settore sanitario, con l&#8217;obiettivo di favorire lo sviluppo e il miglioramento dei servizi sanitari in entrambe le realt\u00e0. Questa collaborazione <a class=\"dt-pswp-item\" href=\"https:\/\/www.radiopiu.net\/wordpress\/wp-content\/uploads\/2024\/03\/WhatsApp-Image-2024-03-01-at-18.01.59.jpeg\" data-dt-img-description=\"\" data-large_image_width=\"2040\" data-large_image_height=\"1530\"><img loading=\"lazy\" decoding=\"async\" class=\"size-medium wp-image-377113 alignleft\" src=\"https:\/\/www.radiopiu.net\/wordpress\/wp-content\/uploads\/2024\/03\/WhatsApp-Image-2024-03-01-at-18.01.59-300x225.jpeg\" alt=\"\" width=\"300\" height=\"225\" srcset=\"https:\/\/www.radiopiu.net\/wordpress\/wp-content\/uploads\/2024\/03\/WhatsApp-Image-2024-03-01-at-18.01.59-300x225.jpeg 300w, https:\/\/www.radiopiu.net\/wordpress\/wp-content\/uploads\/2024\/03\/WhatsApp-Image-2024-03-01-at-18.01.59-1024x768.jpeg 1024w, https:\/\/www.radiopiu.net\/wordpress\/wp-content\/uploads\/2024\/03\/WhatsApp-Image-2024-03-01-at-18.01.59-768x576.jpeg 768w, https:\/\/www.radiopiu.net\/wordpress\/wp-content\/uploads\/2024\/03\/WhatsApp-Image-2024-03-01-at-18.01.59-1536x1152.jpeg 1536w, https:\/\/www.radiopiu.net\/wordpress\/wp-content\/uploads\/2024\/03\/WhatsApp-Image-2024-03-01-at-18.01.59.jpeg 2040w\" sizes=\"auto, (max-width: 300px) 100vw, 300px\" \/><\/a>potrebbe coinvolgere lo scambio di conoscenze, risorse e personale qualificato tra i due territori, promuoverebbe lo sviluppo e l&#8217;innovazione nel settore della salute.<\/em><\/p>\n<\/div>\n<\/div>\n<\/div>\n<\/div>\n<\/div>\n<\/div>\n<\/div>\n<\/div>\n<\/div>\n<\/div>\n<\/div>\n<\/blockquote>\n<div class=\"flex-1 overflow-hidden\">\n<div class=\"react-scroll-to-bottom--css-jostp-79elbk h-full\">\n<div class=\"react-scroll-to-bottom--css-jostp-1n7m0yu\">\n<div class=\"flex flex-col text-sm pb-9\">\n<div class=\"w-full text-token-text-primary\" data-testid=\"conversation-turn-77\">\n<div class=\"px-4 py-2 justify-center text-base md:gap-6 m-auto\">\n<div class=\"flex flex-1 text-base mx-auto gap-3 md:px-5 lg:px-1 xl:px-5 md:max-w-3xl lg:max-w-[40rem] xl:max-w-[48rem] group final-completion\">\n<div class=\"relative flex w-full flex-col agent-turn\">\n<div class=\"flex-col gap-1 md:gap-3\">\n<div class=\"flex flex-grow flex-col max-w-full\">\n<div class=\"min-h-[20px] text-message flex flex-col items-start gap-3 whitespace-pre-wrap break-words [.text-message+&amp;]:mt-5 overflow-x-auto\" data-message-author-role=\"assistant\" data-message-id=\"43367e96-5a55-4a4f-9e26-8a99cdd77a59\">\n<p><strong>BELLUNO\u00a0<\/strong> Il Commissario Giuseppe Dal Ben ha incontrato\u00a0 il Presidente dei Bellunesi nel mondo Oscar De Bona e il direttore Marco Crepaz. Nel cordiale incontro, oltre al ricordo della dottoressa Carraro a cui l&#8217;Associazione aveva dedicato un riconoscimento ritirato ieri dal dottor Dal Ben, si sono gettate le basi per l&#8217;avvio della collaborazione per un progetto col Brasile, tramite i riferimenti locali dell&#8217;Associazione, per creare un canale strutturato finalizzato all&#8217;arrivo di un piccolo gruppo di infermieri e personale del comparto qualificato in provincia di Belluno. Nell&#8217;occasione, il dottor Dal Ben ha portato un saluto al direttivo dell&#8217;Associazione, confermando la disponibilit\u00e0 al dialogo per il miglioramento continuo dei servizi offerti.<\/p>\n<p>&nbsp;<\/p>\n<\/div>\n<\/div>\n<\/div>\n<\/div>\n<\/div>\n<\/div>\n<\/div>\n<\/div>\n<\/div>\n<\/div>\n<\/div>\n<p>&nbsp;<\/p>\n<hr \/>\n<p>&nbsp;<\/p>\n<p><strong>OGGI LA GIUDIZIARIA SUL CORRIERE DELLE ALPI<\/strong><\/p>\n<p><strong>DI GIGI SOSSO\u00a0<\/strong><\/p>\n<p><strong>BELLUNO<\/strong> Un vigile urbano \u00e8 stato picchiato con un gancio al viso e spintoni durante un tentativo di sedare una discussione tra automobilisti, subendo lesioni che lo hanno portato a cinque giorni di prognosi. Il cittadino albanese\u00a0 \u00e8 stato denunciato per lesioni aggravate, resistenza e oltraggio a pubblico ufficiale e rifiuto di indicazioni sulla propria identit\u00e0, sar\u00e0 processato il prossimo autunno anche per non essersi presentato all&#8217;udienza pre-dibattimentale.<\/p>\n<div class=\"flex-1 overflow-hidden\">\n<div class=\"react-scroll-to-bottom--css-jostp-79elbk h-full\">\n<div class=\"react-scroll-to-bottom--css-jostp-1n7m0yu\">\n<div class=\"flex flex-col text-sm pb-9\">\n<div class=\"w-full text-token-text-primary\" data-testid=\"conversation-turn-97\">\n<div class=\"px-4 py-2 justify-center text-base md:gap-6 m-auto\">\n<div class=\"flex flex-1 text-base mx-auto gap-3 md:px-5 lg:px-1 xl:px-5 md:max-w-3xl lg:max-w-[40rem] xl:max-w-[48rem] group final-completion\">\n<div class=\"relative flex w-full flex-col agent-turn\">\n<div class=\"flex-col gap-1 md:gap-3\">\n<div class=\"mt-1 flex justify-start gap-3 empty:hidden\">\n<div class=\"text-gray-400 flex self-end lg:self-center justify-center lg:justify-start mt-0 -ml-1 h-7 visible\"><strong>FELTRE<\/strong>\u00a0 Trovati a bivaccare in un appartamento dell&#8217;Ater di Feltre, senza diritto di occupazione. L&#8217;Azienda territoriale edilizia residenziale ha denunciato l&#8217;accaduto per invasione di terreni o edifici; i due imputati, difesi dagli avvocati Giorgio Gasperin e Giuseppe Triolo, compariranno a processo nell&#8217;autunno<\/div>\n<div><\/div>\n<\/div>\n<\/div>\n<\/div>\n<\/div>\n<\/div>\n<\/div>\n<\/div>\n<\/div>\n<\/div>\n<\/div>\n<p><strong>FONZASO <\/strong>\u00e8 stato accusato di truffa aggravata dopo aver ingannato venditori online nell&#8217;acquisto di gomme per un treno. Utilizzando un falso nome e un indirizzo di residenza errato, ha indotto la venditrice a effettuare trasferimenti per quasi 3.500 euro tramite una carta di cui era titolare. Il processo, con l&#8217;accusa di recidiva, \u00e8 previsto per l&#8217;autunno<\/p>\n<p>&nbsp;<\/p>\n<p><strong>PIEVE DI CADORE <\/strong>\u00a0denunciato per furto e minaccia dopo aver cercato di rubare una confezione di prosciutto crudo e aver minacciato i dipendenti con una bottiglia di birra. L&#8217;uomo aveva anche violato un foglio di via in vigore, firmato dal questore. Il processo, che includer\u00e0 l&#8217;accusa di recidiva, si svolger\u00e0 presto dopo la conclusione delle indagini.<\/p>\n<p>&nbsp;<\/p>\n<p>&nbsp;<\/p>\n<hr \/>\n<p>&nbsp;<\/p>\n<p>&nbsp;<\/p>\n<p align=\"CENTER\"><strong><span style=\"color: #000000;\">POSITIVO L\u2019ANDAMENTO DI SERSA, PARAMETRI QUALITATIVI PERFETTAMENTE RISPETTATI<\/span><\/strong><\/p>\n<p align=\"CENTER\"><strong><span style=\"color: #000000;\">Risposta dell\u2019assessore al sociale Marco Dal Pont all\u2019interrogazione dei consiglieri Giuseppe Vignato, Mirco Costa e Riccardo Samaria <\/span><\/strong><\/p>\n<p><strong>BELLUNO<\/strong> La gestione di Ser.S.A, delineata dall&#8217;assessore alle politiche sociali Marco Dal Pont durante una riunione consiliare, riflette parametri qualitativi rispettati e un bilancio in positivo dopo anni di difficolt\u00e0. Un audit condotto nel gennaio 2023 ha confermato il rispetto delle normative per l&#8217;autorizzazione all&#8217;esercizio. Nel 2023, su circa 250 utenti, sono state registrate solo sei segnalazioni, tutte prontamente risolte. Anche per il servizio pasti, su 150 mila pasti erogati, \u00e8 stata raccolta solo una segnalazione. I contributi regionali sono aumentati per il primo livello e diminuiti per il secondo, mentre lo stato finanziario dell&#8217;azienda potrebbe chiudere con un leggero utile, ma l&#8217;assessore sottolinea l&#8217;importanza della trasparenza nella segnalazione delle criticit\u00e0 finanziarie. Nonostante ci\u00f2, l&#8217;amministratore di Ser.S.A non ha espresso l&#8217;intenzione di aumentare le rette per gli utenti.<\/p>\n<p>&nbsp;<\/p>\n<p>&nbsp;<\/p>\n<hr \/>\n<p>&nbsp;<\/p>\n<h2><span style=\"color: #ff0000;\">CONSIGLI COMUNALI<\/span><\/h2>\n<p><strong>RIVAMONTE<\/strong> Il sindaco di Rivamonte Giovanni Deon ha convocato il consiglio comunale per gioved\u00ec alle 20. Saranno 5 i punti da discutere tra cui la verifica della quantit\u00e0 e della qualit\u00e0 di aree e fabbricati da destinarsi alla residenza, l&#8217;imposta IMU, il documento unico di programmazione e il bilancio di previsione 2024-26.<\/p>\n<p>&nbsp;<\/p>\n<p>&nbsp;<\/p>\n<hr \/>\n<p>&nbsp;<\/p>\n<blockquote>\n<h3 class=\"titolonews\">LUNED\u00cc A CORTINA D\u2019AMPEZZO IL CONVEGNO \u2018SPORT \u00c8 SCUOLA.<\/h3>\n<\/blockquote>\n<p><strong>CORTINA<\/strong> Il convegno &#8220;Sport \u00e8 scuola&#8221;, organizzato per lunedi nell&#8217;ambito di &#8220;Veneto in Action&#8221;, mira a discutere sull&#8217;importanza dello sport nell&#8217;istruzione, soprattutto in vista dei Giochi Olimpici e Paralimpici 2026. Parteciperanno numerosi relatori, inclusi rappresentanti delle istituzioni e esperti del settore. I focus principali saranno sui modelli organizzativi scolastici e sulle opportunit\u00e0 formative legate agli eventi sportivi di rilievo. Saranno coinvolti anche 600 studenti locali. Il convegno si propone di approfondire il progetto &#8220;Generazione 2026&#8221;, volto a promuovere i valori olimpici e le eccellenze territoriali.<\/p>\n<p>&nbsp;<\/p>\n<p>&nbsp;<\/p>\n<hr \/>\n<p>&nbsp;<\/p>\n<blockquote>\n<h3>L&#8217;ASSEMBLEA DEL GAMP\u00a0 OGGI AD AGORDO<\/h3>\n<\/blockquote>\n<p><strong>AGORDO<\/strong><\/p>\n<p>DI GIANNI SANTOMASO<\/p>\n<audio class=\"wp-audio-shortcode\" id=\"audio-376949-11\" preload=\"none\" style=\"width: 100%;\" controls=\"controls\"><source type=\"audio\/mpeg\" src=\"https:\/\/www.radiopiu.net\/wordpress\/wp-content\/uploads\/2024\/02\/GIANNI-LASSEMBLEA-DEL-GAMP-SABATO-2-MARZO.mp3?_=11\" \/><a href=\"https:\/\/www.radiopiu.net\/wordpress\/wp-content\/uploads\/2024\/02\/GIANNI-LASSEMBLEA-DEL-GAMP-SABATO-2-MARZO.mp3\">https:\/\/www.radiopiu.net\/wordpress\/wp-content\/uploads\/2024\/02\/GIANNI-LASSEMBLEA-DEL-GAMP-SABATO-2-MARZO.mp3<\/a><\/audio>\n<p>&nbsp;<\/p>\n<hr \/>\n<p>&nbsp;<\/p>\n<blockquote>\n<h3><a class=\"dt-pswp-item\" href=\"https:\/\/www.radiopiu.net\/wordpress\/wp-content\/uploads\/2024\/02\/SCR-20240227-kpld.png\" data-dt-img-description=\"\" data-large_image_width=\"660\" data-large_image_height=\"942\"><img loading=\"lazy\" decoding=\"async\" class=\" wp-image-376511 alignleft\" src=\"https:\/\/www.radiopiu.net\/wordpress\/wp-content\/uploads\/2024\/02\/SCR-20240227-kpld-210x300.png\" alt=\"\" width=\"89\" height=\"127\" srcset=\"https:\/\/www.radiopiu.net\/wordpress\/wp-content\/uploads\/2024\/02\/SCR-20240227-kpld-210x300.png 210w, https:\/\/www.radiopiu.net\/wordpress\/wp-content\/uploads\/2024\/02\/SCR-20240227-kpld.png 660w\" sizes=\"auto, (max-width: 89px) 100vw, 89px\" \/><\/a>UN APPROCCIO CULTURALE DELLA VAL PETTORINA<\/h3>\n<\/blockquote>\n<p><strong>PADOVA<\/strong> Marted\u00ec 5 marzo nella sede Cai di via Gradenigo a Padova in occasione dei &#8220;Martedi del Cai&#8221; verr\u00e0 proposta una serata con Flavio Pilli in collaborazione con l&#8217;Associazione Palue per parlare dell&#8217;approccio culturale della Val Pettoriana. Si affronter\u00e0 la situazione dopo la tempesta Vaia che nel 2018 ha colpito una vasta area delle Dolomiti. L&#8217;ingresso \u00e8 libero<\/p>\n<p>&nbsp;<\/p>\n<p>&nbsp;<\/p>\n<p>&nbsp;<\/p>\n<hr \/>\n<p>&nbsp;<\/p>\n<blockquote>\n<h3>L&#8217;8 MARZO CON LA CIGL<\/h3>\n<\/blockquote>\n<p><strong><a class=\"dt-pswp-item\" href=\"https:\/\/www.radiopiu.net\/wordpress\/wp-content\/uploads\/2020\/12\/CGIL.jpg\" data-dt-img-description=\"\" data-large_image_width=\"512\" data-large_image_height=\"285\"><img loading=\"lazy\" decoding=\"async\" class=\" wp-image-180372 alignleft\" src=\"https:\/\/www.radiopiu.net\/wordpress\/wp-content\/uploads\/2020\/12\/CGIL-300x167.jpg\" alt=\"\" width=\"153\" height=\"85\" srcset=\"https:\/\/www.radiopiu.net\/wordpress\/wp-content\/uploads\/2020\/12\/CGIL-300x167.jpg 300w, https:\/\/www.radiopiu.net\/wordpress\/wp-content\/uploads\/2020\/12\/CGIL.jpg 512w\" sizes=\"auto, (max-width: 153px) 100vw, 153px\" \/><\/a>BELLUNO<\/strong> L&#8217;8 marzo a Belluno, la CGIL organizza un evento intitolato &#8220;La forza delle donne: Sapere, lavoro, vita&#8221;. Un dialogo tra donne di diverse generazioni e ambiti di vita per condividere esperienze e lotte. La tavola rotonda, curata dalla Camera del lavoro, dalla FLC CGIL, vedr\u00e0 la partecipazione di studentesse, un&#8217;insegnante, un&#8217;impiegata, un&#8217;operaia, una commessa e una pensionata. L&#8217;obiettivo \u00e8 ascoltare le voci delle donne bellunesi, affrontando temi come gender gap, pay gap e diritti delle lavoratrici. Un&#8217;occasione per promuovere politiche concrete a sostegno delle donne in diversi ambiti della vita.<\/p>\n<p>&nbsp;<\/p>\n<p>&nbsp;<\/p>\n<hr \/>\n<p>&nbsp;<\/p>\n<blockquote>\n<h3><a class=\"dt-pswp-item\" href=\"https:\/\/www.radiopiu.net\/wordpress\/wp-content\/uploads\/2024\/02\/ef01c8d9-8946-44f1-bd64-5d0ea6c915c7.jpg\" data-dt-img-description=\"\" data-large_image_width=\"1050\" data-large_image_height=\"1485\"><img loading=\"lazy\" decoding=\"async\" class=\" wp-image-375927 alignleft\" src=\"https:\/\/www.radiopiu.net\/wordpress\/wp-content\/uploads\/2024\/02\/ef01c8d9-8946-44f1-bd64-5d0ea6c915c7-212x300.jpg\" alt=\"\" width=\"93\" height=\"132\" srcset=\"https:\/\/www.radiopiu.net\/wordpress\/wp-content\/uploads\/2024\/02\/ef01c8d9-8946-44f1-bd64-5d0ea6c915c7-212x300.jpg 212w, https:\/\/www.radiopiu.net\/wordpress\/wp-content\/uploads\/2024\/02\/ef01c8d9-8946-44f1-bd64-5d0ea6c915c7-724x1024.jpg 724w, https:\/\/www.radiopiu.net\/wordpress\/wp-content\/uploads\/2024\/02\/ef01c8d9-8946-44f1-bd64-5d0ea6c915c7-768x1086.jpg 768w, https:\/\/www.radiopiu.net\/wordpress\/wp-content\/uploads\/2024\/02\/ef01c8d9-8946-44f1-bd64-5d0ea6c915c7.jpg 1050w\" sizes=\"auto, (max-width: 93px) 100vw, 93px\" \/><\/a>VIE IN ROSA AL TEATRO SAN GAETANO<\/h3>\n<\/blockquote>\n<p><strong>BELLUNO<\/strong> Sono 4 gli appuntamenti in programma per la rassegna &#8220;Vie in rosa&#8221; al Teatro San Gaetano di Belluno. Il 10 marzo &#8220;le Fuori gioco&#8221; e a seguire un incontro con il sociologo Diego Cason. Il 24 marzo &#8220;Non Fare storia&#8221; con Paola Brolati e a seguire un incontro con Belluno Donna. Il 14 aprile &#8220;Rolandina Roncaglia&#8221; e il 28 aprile un incontro con Roberta Gallego. Gli spettacoli inizieranno alle 17:30.<\/p>\n<p>&nbsp;<\/p>\n<p>&nbsp;<\/p>\n<hr \/>\n<p>&nbsp;<\/p>\n<p>&nbsp;<\/p>\n<blockquote>\n<h3>DONNE IL CORAGGIO DI ANDARE CONTROCORRENTE<\/h3>\n<\/blockquote>\n<p><strong>BELLUNO<\/strong> Sabato 9 marzo al Teatro Dino Buzzati alle 20.30 &#8220;Donne il coraggio di andare contro corrente&#8221; Serata di beneficenza a favore dell&#8217;associazione Belluno Donna. Spettacolo concerto condotto dall&#8217;attore Riccardo Checchin e dalla cantante Jessica Re. Intervengono l&#8217;attrice Roberta Barbiero\u00a0 la cantante Jessica Lena e\u00a0 la cantautrice Giorgia Canton. Ospite il pianista compositore Gioni Barbera.<\/p>\n<p>&nbsp;<\/p>\n<p>&nbsp;<\/p>\n<hr \/>\n<p>&nbsp;<\/p>\n<blockquote>\n<h3 align=\"CENTER\"><span style=\"font-family: Tahoma, serif;\"><span style=\"font-size: large;\"><b>L\u2019attesa pedonata \u201cIl vento tra i capelli\u201d <\/b><\/span><\/span><b style=\"font-size: large; font-family: Tahoma, serif;\">ritorna a Belluno il 10 marzo<\/b><\/h3>\n<\/blockquote>\n<p><strong>BELLUNO<\/strong> La 18\u00aa edizione della pedonata non competitiva &#8220;Il Vento tra i capelli&#8221; si terr\u00e0 domenica 10 marzo, organizzata dal Comitato Prevenzione Salute Donna con partenza alle 10 da Piazza dei Martiri a Belluno. Le iscrizioni saranno possibili il giorno stesso dell&#8217;evento presso l&#8217;area antistante il Caff\u00e8 Manin, con consegna della maglietta colorata, simbolo della manifestazione. Il Comitato, formato da varie associazioni femminili, mira a raccogliere fondi per l&#8217;acquisto di attrezzature per lo screening mammografico, sottolineando l&#8217;importanza della collaborazione tra pubblico e privato per la tutela della salute.<\/p>\n\n\t\t\t<style type='text\/css'>\n\t\t\t\t#gallery-2 {\n\t\t\t\t\tmargin: auto;\n\t\t\t\t}\n\t\t\t\t#gallery-2 .gallery-item {\n\t\t\t\t\tfloat: left;\n\t\t\t\t\tmargin-top: 10px;\n\t\t\t\t\ttext-align: center;\n\t\t\t\t\twidth: 33%;\n\t\t\t\t}\n\t\t\t\t#gallery-2 img {\n\t\t\t\t\tborder: 2px solid #cfcfcf;\n\t\t\t\t}\n\t\t\t\t#gallery-2 .gallery-caption {\n\t\t\t\t\tmargin-left: 0;\n\t\t\t\t}\n\t\t\t\t\/* see gallery_shortcode() in wp-includes\/media.php *\/\n\t\t\t<\/style>\n\t\t<div id='gallery-2' class='dt-gallery-container gallery galleryid-376949 gallery-columns-3 gallery-size-thumbnail'><dl class='gallery-item'>\n\t\t\t\t<dt class='gallery-icon landscape'>\n\t\t\t\t\t<a class=\"rollover rollover-zoom dt-pswp-item\" title=\"vento capelli 2\" data-dt-img-description=\"\" data-large_image_width=\"2048\" data-large_image_height=\"944\"href='https:\/\/www.radiopiu.net\/wordpress\/wp-content\/uploads\/2024\/03\/vento-capelli-2.jpg'><img loading=\"lazy\" decoding=\"async\" width=\"150\" height=\"150\" src=\"https:\/\/www.radiopiu.net\/wordpress\/wp-content\/uploads\/2024\/03\/vento-capelli-2-150x150.jpg\" class=\"attachment-thumbnail size-thumbnail\" alt=\"\" \/><\/a>\n\t\t\t\t<\/dt><\/dl><dl class='gallery-item'>\n\t\t\t\t<dt class='gallery-icon landscape'>\n\t\t\t\t\t<a class=\"rollover rollover-zoom dt-pswp-item\" title=\"vento capelli 3\" data-dt-img-description=\"\" data-large_image_width=\"2048\" data-large_image_height=\"945\"href='https:\/\/www.radiopiu.net\/wordpress\/wp-content\/uploads\/2024\/03\/vento-capelli-3-1.jpg'><img loading=\"lazy\" decoding=\"async\" width=\"150\" height=\"150\" src=\"https:\/\/www.radiopiu.net\/wordpress\/wp-content\/uploads\/2024\/03\/vento-capelli-3-1-150x150.jpg\" class=\"attachment-thumbnail size-thumbnail\" alt=\"\" \/><\/a>\n\t\t\t\t<\/dt><\/dl><dl class='gallery-item'>\n\t\t\t\t<dt class='gallery-icon landscape'>\n\t\t\t\t\t<a class=\"rollover rollover-zoom dt-pswp-item\" title=\"vento capelli 1\" data-dt-img-description=\"\" data-large_image_width=\"2048\" data-large_image_height=\"945\"href='https:\/\/www.radiopiu.net\/wordpress\/wp-content\/uploads\/2024\/03\/vento-capelli-1.jpg'><img loading=\"lazy\" decoding=\"async\" width=\"150\" height=\"150\" src=\"https:\/\/www.radiopiu.net\/wordpress\/wp-content\/uploads\/2024\/03\/vento-capelli-1-150x150.jpg\" class=\"attachment-thumbnail size-thumbnail\" alt=\"\" \/><\/a>\n\t\t\t\t<\/dt><\/dl><br style=\"clear: both\" \/>\n\t\t\t<\/div>\n\n<p>&nbsp;<\/p>\n<p>&nbsp;<\/p>\n<p>&nbsp;<\/p>\n<hr \/>\n<p>&nbsp;<\/p>\n<blockquote>\n<h3>DOLOMITES BEATS BY FERTAZZA CON FARGETTA POSTICIPATO DI UNA SETTIMANA<\/h3>\n<\/blockquote>\n<p><strong><a class=\"dt-pswp-item\" href=\"https:\/\/www.radiopiu.net\/wordpress\/wp-content\/uploads\/2024\/02\/ae06440d-5c55-4955-a62b-75f346a8f4fc.jpg\" data-dt-img-description=\"\" data-large_image_width=\"526\" data-large_image_height=\"275\"><img loading=\"lazy\" decoding=\"async\" class=\" wp-image-376655 alignleft\" src=\"https:\/\/www.radiopiu.net\/wordpress\/wp-content\/uploads\/2024\/02\/ae06440d-5c55-4955-a62b-75f346a8f4fc-300x157.jpg\" alt=\"\" width=\"141\" height=\"74\" srcset=\"https:\/\/www.radiopiu.net\/wordpress\/wp-content\/uploads\/2024\/02\/ae06440d-5c55-4955-a62b-75f346a8f4fc-300x157.jpg 300w, https:\/\/www.radiopiu.net\/wordpress\/wp-content\/uploads\/2024\/02\/ae06440d-5c55-4955-a62b-75f346a8f4fc.jpg 526w\" sizes=\"auto, (max-width: 141px) 100vw, 141px\" \/><\/a>REDAZIONE <\/strong>Viene posticipato di una settimana l&#8217;evento al Ristoro Belvedere Cima Fertazza con ospite Mario Fargetta. Le previsioni meteo avverse hanno costretto gli organizzatori a rinunciare all&#8217;evento in programma questo fine settimana. La data sar\u00e0 recuperata domenica 10 marzo.<\/p>\n<p>&nbsp;<\/p>\n<p>&nbsp;<\/p>\n<hr \/>\n<p>&nbsp;<\/p>\n<h2><span style=\"color: #ff6600;\">IERI ALLA RADIO\u00a0<\/span><\/h2>\n<h2><span style=\"color: #00ccff;\">I PROFESSIONISTI DEL POLIAMBULATORIO AGORDINO<\/span><\/h2>\n<p><a class=\"dt-pswp-item\" href=\"https:\/\/www.radiopiu.net\/wordpress\/wp-content\/uploads\/2023\/08\/MANRICO-GENTILE.png\" data-dt-img-description=\"\" data-large_image_width=\"527\" data-large_image_height=\"309\"><img loading=\"lazy\" decoding=\"async\" class=\" wp-image-377014 alignleft\" src=\"https:\/\/www.radiopiu.net\/wordpress\/wp-content\/uploads\/2023\/08\/MANRICO-GENTILE-300x176.png\" alt=\"\" width=\"160\" height=\"94\" srcset=\"https:\/\/www.radiopiu.net\/wordpress\/wp-content\/uploads\/2023\/08\/MANRICO-GENTILE-300x176.png 300w, https:\/\/www.radiopiu.net\/wordpress\/wp-content\/uploads\/2023\/08\/MANRICO-GENTILE.png 527w\" sizes=\"auto, (max-width: 160px) 100vw, 160px\" \/><\/a>Appuntamento con le interviste dal Poliambulatorio Agordino. Si parla di neurologia con il Dott. Manrico Gentile. Laureato nel 1984 e specializzazione nel 1984, ruolo servizio sanitario nazionale ininterrotto dal 1981, gi\u00e0 dirigente medico psichiatria, poi neurologia, direttore di stroke unit e come ff di neurologia, esperienza in neurovascolare, prevenzione primaria e secondaria, trattamento dell&#8217;ictus anche con vasta esperienza in trombolisi e sua riabilitazione, utilizzo di tecnica ecocolordoppler dei tronchi sovraaortici e transcranica, &#8230; Pratica attivit\u00e0 privata presso poliambulatori agordini e organizza attivit\u00e0 di screening di popolazione su malattie vascolari e su alterazioni neurospicologiche, con consueling, visite, eventuali esami neurovascolari biochimici, testistica in collaborazione con neuropsicologi.<\/p>\n<p><strong>PUNTATA DEL 01 MARZO &#8211; IL NEUROLOGO MANRICO GENTILE<\/strong><\/p>\n<audio class=\"wp-audio-shortcode\" id=\"audio-376949-12\" preload=\"none\" style=\"width: 100%;\" controls=\"controls\"><source type=\"audio\/mpeg\" src=\"https:\/\/www.radiopiu.net\/wordpress\/wp-content\/uploads\/2023\/08\/MANRICO-GENTILE-POLI.mp3?_=12\" \/><a href=\"https:\/\/www.radiopiu.net\/wordpress\/wp-content\/uploads\/2023\/08\/MANRICO-GENTILE-POLI.mp3\">https:\/\/www.radiopiu.net\/wordpress\/wp-content\/uploads\/2023\/08\/MANRICO-GENTILE-POLI.mp3<\/a><\/audio>\n<p>&nbsp;<\/p>\n<h2>LA RACCOLTA COMPLETA <a href=\"https:\/\/www.radiopiu.net\/wordpress\/i-professionisti-del-poliambulatorio-agordino-le-interviste-stagione-2023\/\">CLICCA QUI<\/a><\/h2>\n<p>&nbsp;<\/p>\n<hr \/>\n<p>&nbsp;<\/p>\n<h2><span style=\"color: #993300;\">&#8220;DINTORN E FORA VIA&#8221;\u00a0 IL PROGRAMMA\u00a0 A CURA DEL MUSLA<\/span><\/h2>\n<p><strong><a class=\"dt-pswp-item\" href=\"https:\/\/www.radiopiu.net\/wordpress\/wp-content\/uploads\/2023\/10\/GIORNALE-QUOTIDIANO.jpg\" data-dt-img-description=\"\" data-large_image_width=\"1280\" data-large_image_height=\"853\"><img loading=\"lazy\" decoding=\"async\" class=\" wp-image-356264 alignleft\" src=\"https:\/\/www.radiopiu.net\/wordpress\/wp-content\/uploads\/2023\/10\/GIORNALE-QUOTIDIANO-300x200.jpg\" alt=\"\" width=\"155\" height=\"103\" srcset=\"https:\/\/www.radiopiu.net\/wordpress\/wp-content\/uploads\/2023\/10\/GIORNALE-QUOTIDIANO-300x200.jpg 300w, https:\/\/www.radiopiu.net\/wordpress\/wp-content\/uploads\/2023\/10\/GIORNALE-QUOTIDIANO-1024x682.jpg 1024w, https:\/\/www.radiopiu.net\/wordpress\/wp-content\/uploads\/2023\/10\/GIORNALE-QUOTIDIANO-768x512.jpg 768w, https:\/\/www.radiopiu.net\/wordpress\/wp-content\/uploads\/2023\/10\/GIORNALE-QUOTIDIANO.jpg 1280w\" sizes=\"auto, (max-width: 155px) 100vw, 155px\" \/><\/a>PUNTATA DEL 01 MARZO, GIORGIA TAIO<\/strong><\/p>\n<audio class=\"wp-audio-shortcode\" id=\"audio-376949-13\" preload=\"none\" style=\"width: 100%;\" controls=\"controls\"><source type=\"audio\/mpeg\" src=\"https:\/\/www.radiopiu.net\/wordpress\/wp-content\/uploads\/2024\/03\/MUSLA.mp3?_=13\" \/><a href=\"https:\/\/www.radiopiu.net\/wordpress\/wp-content\/uploads\/2024\/03\/MUSLA.mp3\">https:\/\/www.radiopiu.net\/wordpress\/wp-content\/uploads\/2024\/03\/MUSLA.mp3<\/a><\/audio>\n<p>&nbsp;<\/p>\n<h2>LA RACCOLTA COMPLETA <a href=\"https:\/\/www.radiopiu.net\/wordpress\/musla\/\">CLICCA QUI<\/a><\/h2>\n<p>&nbsp;<\/p>\n<hr \/>\n<p>&nbsp;<\/p>\n<h2><span style=\"color: #339966;\">SPECIALE SOLIDARIETA&#8217; VENETO<\/span><\/h2>\n<p><strong><a class=\"dt-pswp-item\" href=\"https:\/\/www.radiopiu.net\/wordpress\/wp-content\/uploads\/2020\/05\/solidariet\u00e0-veneto.jpg\" data-dt-img-description=\"\" data-large_image_width=\"1373\" data-large_image_height=\"961\"><img loading=\"lazy\" decoding=\"async\" class=\" wp-image-134366 alignleft\" src=\"https:\/\/www.radiopiu.net\/wordpress\/wp-content\/uploads\/2020\/05\/solidariet\u00e0-veneto-300x210.jpg\" alt=\"\" width=\"173\" height=\"121\" srcset=\"https:\/\/www.radiopiu.net\/wordpress\/wp-content\/uploads\/2020\/05\/solidariet\u00e0-veneto-300x210.jpg 300w, https:\/\/www.radiopiu.net\/wordpress\/wp-content\/uploads\/2020\/05\/solidariet\u00e0-veneto-1024x717.jpg 1024w, https:\/\/www.radiopiu.net\/wordpress\/wp-content\/uploads\/2020\/05\/solidariet\u00e0-veneto-768x538.jpg 768w, https:\/\/www.radiopiu.net\/wordpress\/wp-content\/uploads\/2020\/05\/solidariet\u00e0-veneto.jpg 1373w\" sizes=\"auto, (max-width: 173px) 100vw, 173px\" \/><\/a>DI MIRKO MEZZACASA<\/strong><\/p>\n<p>OSPITE: Paolo Stefan, Direttore Solidariet\u00e0 Veneto<\/p>\n<audio class=\"wp-audio-shortcode\" id=\"audio-376949-14\" preload=\"none\" style=\"width: 100%;\" controls=\"controls\"><source type=\"audio\/mpeg\" src=\"https:\/\/www.radiopiu.net\/wordpress\/wp-content\/uploads\/2024\/03\/PAOLO-STEFAN-SOLIDARIETA-VENETO-FONDO-PENSIONE-2024.mp3?_=14\" \/><a href=\"https:\/\/www.radiopiu.net\/wordpress\/wp-content\/uploads\/2024\/03\/PAOLO-STEFAN-SOLIDARIETA-VENETO-FONDO-PENSIONE-2024.mp3\">https:\/\/www.radiopiu.net\/wordpress\/wp-content\/uploads\/2024\/03\/PAOLO-STEFAN-SOLIDARIETA-VENETO-FONDO-PENSIONE-2024.mp3<\/a><\/audio>\n<p>&nbsp;<\/p>\n<h2>LA RACCOLTA COMPLETA <a href=\"https:\/\/www.radiopiu.net\/wordpress\/solidarieta-veneto\/\"><span style=\"color: #0000ff;\"><strong>CLICCA QUI\u00a0<\/strong><\/span><\/a><\/h2>\n<p>&nbsp;<\/p>\n<hr \/>\n<p>&nbsp;<\/p>\n<h2><span style=\"color: #ff0000;\">DOMENICA IL CIVETTA MINI CUP AD ALLEGHE<\/span><\/h2>\n<p><strong><a class=\"dt-pswp-item\" href=\"https:\/\/www.radiopiu.net\/wordpress\/wp-content\/uploads\/2024\/03\/MINI-CUP-ALLEGHE.jpg\" data-dt-img-description=\"\" data-large_image_width=\"1123\" data-large_image_height=\"706\"><img loading=\"lazy\" decoding=\"async\" class=\" wp-image-377004 alignleft\" src=\"https:\/\/www.radiopiu.net\/wordpress\/wp-content\/uploads\/2024\/03\/MINI-CUP-ALLEGHE-300x189.jpg\" alt=\"\" width=\"178\" height=\"112\" srcset=\"https:\/\/www.radiopiu.net\/wordpress\/wp-content\/uploads\/2024\/03\/MINI-CUP-ALLEGHE-300x189.jpg 300w, https:\/\/www.radiopiu.net\/wordpress\/wp-content\/uploads\/2024\/03\/MINI-CUP-ALLEGHE-1024x644.jpg 1024w, https:\/\/www.radiopiu.net\/wordpress\/wp-content\/uploads\/2024\/03\/MINI-CUP-ALLEGHE-768x483.jpg 768w, https:\/\/www.radiopiu.net\/wordpress\/wp-content\/uploads\/2024\/03\/MINI-CUP-ALLEGHE.jpg 1123w\" sizes=\"auto, (max-width: 178px) 100vw, 178px\" \/><\/a>DI MARCO GAZ<\/strong><\/p>\n<p>OSPITE: Alberto Fontanive<\/p>\n<audio class=\"wp-audio-shortcode\" id=\"audio-376949-15\" preload=\"none\" style=\"width: 100%;\" controls=\"controls\"><source type=\"audio\/mpeg\" src=\"https:\/\/www.radiopiu.net\/wordpress\/wp-content\/uploads\/2024\/03\/ALBERTO-FONTANIVE-TORNEO-UNDER-8-3-MARZO.mp3?_=15\" \/><a href=\"https:\/\/www.radiopiu.net\/wordpress\/wp-content\/uploads\/2024\/03\/ALBERTO-FONTANIVE-TORNEO-UNDER-8-3-MARZO.mp3\">https:\/\/www.radiopiu.net\/wordpress\/wp-content\/uploads\/2024\/03\/ALBERTO-FONTANIVE-TORNEO-UNDER-8-3-MARZO.mp3<\/a><\/audio>\n<p>&nbsp;<\/p>\n<p>&nbsp;<\/p>\n<hr \/>\n<p>&nbsp;<\/p>\n<blockquote class=\"wp-embedded-content\" data-secret=\"89EaKThvXJ\"><p><a href=\"https:\/\/www.radiopiu.net\/wordpress\/il-miracolo-delluccellino-pochi-sanno-che-115-anni-fa-si-consumo-unimmane-tragedia-della-neve-a-pochi-passi-da-belluno\/\">IL MIRACOLO DELL\u2019UCCELLINO: POCHI SANNO CHE&#8230; 115 ANNI FA SI CONSUMO\u2019 UN\u2019IMMANE TRAGEDIA DELLA NEVE A POCHI PASSI DA BELLUNO<\/a><\/p><\/blockquote>\n<p><iframe loading=\"lazy\" class=\"wp-embedded-content\" sandbox=\"allow-scripts\" security=\"restricted\" style=\"position: absolute; clip: rect(1px, 1px, 1px, 1px);\" title=\"&#8220;IL MIRACOLO DELL\u2019UCCELLINO: POCHI SANNO CHE&#8230; 115 ANNI FA SI CONSUMO\u2019 UN\u2019IMMANE TRAGEDIA DELLA NEVE A POCHI PASSI DA BELLUNO&#8221; &#8212; Radio Pi\u00f9\" src=\"https:\/\/www.radiopiu.net\/wordpress\/il-miracolo-delluccellino-pochi-sanno-che-115-anni-fa-si-consumo-unimmane-tragedia-della-neve-a-pochi-passi-da-belluno\/embed\/#?secret=IbxwqgIong#?secret=89EaKThvXJ\" data-secret=\"89EaKThvXJ\" width=\"600\" height=\"338\" frameborder=\"0\" marginwidth=\"0\" marginheight=\"0\" scrolling=\"no\"><\/iframe><\/p>\n<p>&nbsp;<\/p>\n<p>&nbsp;<\/p>\n<hr \/>\n<p>&nbsp;<\/p>\n<p>&nbsp;<\/p>\n<blockquote>\n<h2>I NOSTRI ALLA FESTA DEL FONDO, TEAM AGORDINO E VASABROKE IN AZIONE&#8230;<\/h2>\n<\/blockquote>\n<p><strong>02 MARZO 2024<\/strong><\/p>\n<p><span style=\"color: #ff0000;\"><strong>PRIMO COMMENTO<\/strong><\/span><\/p>\n<p><strong>Gara dura, nebbia, pioggia vento, nessun rifornimento sul percorso ma ce l&#8217;hanno fatta<\/strong><\/p>\n\n\t\t\t<style type='text\/css'>\n\t\t\t\t#gallery-3 {\n\t\t\t\t\tmargin: auto;\n\t\t\t\t}\n\t\t\t\t#gallery-3 .gallery-item {\n\t\t\t\t\tfloat: left;\n\t\t\t\t\tmargin-top: 10px;\n\t\t\t\t\ttext-align: center;\n\t\t\t\t\twidth: 100%;\n\t\t\t\t}\n\t\t\t\t#gallery-3 img {\n\t\t\t\t\tborder: 2px solid #cfcfcf;\n\t\t\t\t}\n\t\t\t\t#gallery-3 .gallery-caption {\n\t\t\t\t\tmargin-left: 0;\n\t\t\t\t}\n\t\t\t\t\/* see gallery_shortcode() in wp-includes\/media.php *\/\n\t\t\t<\/style>\n\t\t<div id='gallery-3' class='dt-gallery-container gallery galleryid-376949 gallery-columns-1 gallery-size-medium'><dl class='gallery-item'>\n\t\t\t\t<dt class='gallery-icon portrait'>\n\t\t\t\t\t<a class=\"rollover rollover-zoom dt-pswp-item\" title=\"4e4e00ee-b2bd-4bde-9b31-16d9c392d93b\" data-dt-img-description=\"\" data-large_image_width=\"1200\" data-large_image_height=\"1600\"href='https:\/\/www.radiopiu.net\/wordpress\/wp-content\/uploads\/2024\/03\/4e4e00ee-b2bd-4bde-9b31-16d9c392d93b.jpg'><img loading=\"lazy\" decoding=\"async\" width=\"225\" height=\"300\" src=\"https:\/\/www.radiopiu.net\/wordpress\/wp-content\/uploads\/2024\/03\/4e4e00ee-b2bd-4bde-9b31-16d9c392d93b-225x300.jpg\" class=\"attachment-medium size-medium\" alt=\"\" srcset=\"https:\/\/www.radiopiu.net\/wordpress\/wp-content\/uploads\/2024\/03\/4e4e00ee-b2bd-4bde-9b31-16d9c392d93b-225x300.jpg 225w, https:\/\/www.radiopiu.net\/wordpress\/wp-content\/uploads\/2024\/03\/4e4e00ee-b2bd-4bde-9b31-16d9c392d93b-768x1024.jpg 768w, https:\/\/www.radiopiu.net\/wordpress\/wp-content\/uploads\/2024\/03\/4e4e00ee-b2bd-4bde-9b31-16d9c392d93b-1152x1536.jpg 1152w, https:\/\/www.radiopiu.net\/wordpress\/wp-content\/uploads\/2024\/03\/4e4e00ee-b2bd-4bde-9b31-16d9c392d93b.jpg 1200w\" sizes=\"auto, (max-width: 225px) 100vw, 225px\" \/><\/a>\n\t\t\t\t<\/dt><\/dl><br style=\"clear: both\" \/>\n\t\t\t<\/div>\n\n<p><span style=\"color: #ff0000;\"><strong>ARRIVATI\u00a0<\/strong><\/span><\/p>\n\n\t\t\t<style type='text\/css'>\n\t\t\t\t#gallery-4 {\n\t\t\t\t\tmargin: auto;\n\t\t\t\t}\n\t\t\t\t#gallery-4 .gallery-item {\n\t\t\t\t\tfloat: left;\n\t\t\t\t\tmargin-top: 10px;\n\t\t\t\t\ttext-align: center;\n\t\t\t\t\twidth: 20%;\n\t\t\t\t}\n\t\t\t\t#gallery-4 img {\n\t\t\t\t\tborder: 2px solid #cfcfcf;\n\t\t\t\t}\n\t\t\t\t#gallery-4 .gallery-caption {\n\t\t\t\t\tmargin-left: 0;\n\t\t\t\t}\n\t\t\t\t\/* see gallery_shortcode() in wp-includes\/media.php *\/\n\t\t\t<\/style>\n\t\t<div id='gallery-4' class='dt-gallery-container gallery galleryid-376949 gallery-columns-5 gallery-size-thumbnail'><dl class='gallery-item'>\n\t\t\t\t<dt class='gallery-icon landscape'>\n\t\t\t\t\t<a class=\"rollover rollover-zoom dt-pswp-item\" title=\"363cb7e6-bc27-419e-9ed9-ffde14e992ee\" data-dt-img-description=\"\" data-large_image_width=\"815\" data-large_image_height=\"464\"href='https:\/\/www.radiopiu.net\/wordpress\/wp-content\/uploads\/2024\/03\/363cb7e6-bc27-419e-9ed9-ffde14e992ee.jpg'><img loading=\"lazy\" decoding=\"async\" width=\"150\" height=\"150\" src=\"https:\/\/www.radiopiu.net\/wordpress\/wp-content\/uploads\/2024\/03\/363cb7e6-bc27-419e-9ed9-ffde14e992ee-150x150.jpg\" class=\"attachment-thumbnail size-thumbnail\" alt=\"\" \/><\/a>\n\t\t\t\t<\/dt><\/dl><dl class='gallery-item'>\n\t\t\t\t<dt class='gallery-icon portrait'>\n\t\t\t\t\t<a class=\"rollover rollover-zoom dt-pswp-item\" title=\"61cac26e-968d-4160-bbfa-9bce89e9a495\" data-dt-img-description=\"\" data-large_image_width=\"1200\" data-large_image_height=\"1600\"href='https:\/\/www.radiopiu.net\/wordpress\/wp-content\/uploads\/2024\/03\/61cac26e-968d-4160-bbfa-9bce89e9a495.jpg'><img loading=\"lazy\" decoding=\"async\" width=\"150\" height=\"150\" src=\"https:\/\/www.radiopiu.net\/wordpress\/wp-content\/uploads\/2024\/03\/61cac26e-968d-4160-bbfa-9bce89e9a495-150x150.jpg\" class=\"attachment-thumbnail size-thumbnail\" alt=\"\" \/><\/a>\n\t\t\t\t<\/dt><\/dl><dl class='gallery-item'>\n\t\t\t\t<dt class='gallery-icon portrait'>\n\t\t\t\t\t<a class=\"rollover rollover-zoom dt-pswp-item\" title=\"54ccfa73-abc9-4be1-8729-5ad6d61d74be\" data-dt-img-description=\"\" data-large_image_width=\"1200\" data-large_image_height=\"1600\"href='https:\/\/www.radiopiu.net\/wordpress\/wp-content\/uploads\/2024\/03\/54ccfa73-abc9-4be1-8729-5ad6d61d74be.jpg'><img loading=\"lazy\" decoding=\"async\" width=\"150\" height=\"150\" src=\"https:\/\/www.radiopiu.net\/wordpress\/wp-content\/uploads\/2024\/03\/54ccfa73-abc9-4be1-8729-5ad6d61d74be-150x150.jpg\" class=\"attachment-thumbnail size-thumbnail\" alt=\"\" \/><\/a>\n\t\t\t\t<\/dt><\/dl><dl class='gallery-item'>\n\t\t\t\t<dt class='gallery-icon portrait'>\n\t\t\t\t\t<a class=\"rollover rollover-zoom dt-pswp-item\" title=\"8469a57c-f4bd-4277-bf21-d5f3019f5d7c\" data-dt-img-description=\"\" data-large_image_width=\"1200\" data-large_image_height=\"1600\"href='https:\/\/www.radiopiu.net\/wordpress\/wp-content\/uploads\/2024\/03\/8469a57c-f4bd-4277-bf21-d5f3019f5d7c.jpg'><img loading=\"lazy\" decoding=\"async\" width=\"150\" height=\"150\" src=\"https:\/\/www.radiopiu.net\/wordpress\/wp-content\/uploads\/2024\/03\/8469a57c-f4bd-4277-bf21-d5f3019f5d7c-150x150.jpg\" class=\"attachment-thumbnail size-thumbnail\" alt=\"\" \/><\/a>\n\t\t\t\t<\/dt><\/dl><dl class='gallery-item'>\n\t\t\t\t<dt class='gallery-icon portrait'>\n\t\t\t\t\t<a class=\"rollover rollover-zoom dt-pswp-item\" title=\"64460576-8ed4-45f0-ab14-89ae2cf39a0a\" data-dt-img-description=\"\" data-large_image_width=\"1200\" data-large_image_height=\"1600\"href='https:\/\/www.radiopiu.net\/wordpress\/wp-content\/uploads\/2024\/03\/64460576-8ed4-45f0-ab14-89ae2cf39a0a.jpg'><img loading=\"lazy\" decoding=\"async\" width=\"150\" height=\"150\" src=\"https:\/\/www.radiopiu.net\/wordpress\/wp-content\/uploads\/2024\/03\/64460576-8ed4-45f0-ab14-89ae2cf39a0a-150x150.jpg\" class=\"attachment-thumbnail size-thumbnail\" alt=\"\" \/><\/a>\n\t\t\t\t<\/dt><\/dl><br style=\"clear: both\" \/>\n\t\t\t<\/div>\n\n<p>&nbsp;<\/p>\n<p><strong><span style=\"color: #ff0000;\">PARTITI<\/span><\/strong><\/p>\n<p>Partiti pochi minuti fa William Da Roit e Paolo Zampieri per la loro NattVasa, la gara notturna in tecnica libera (skating) sullo stesso percorso della Vasaloppet classica di 90 km. Partenza da Salen per questo team tutto particolare frutto di un gemellaggio speciale tra Team long distance Agordino e Vasabroke Pioana. Li aspettiamo al traguardo di Mora &#8220;a neigra not&#8221; per questo primo tassello dell&#8217;edizione n.100 della pi\u00f9 importante gara fondistica del mondo. Vasaloppet: sulla strada dei padri per le vittorie future.<\/p>\n\n\t\t\t<style type='text\/css'>\n\t\t\t\t#gallery-5 {\n\t\t\t\t\tmargin: auto;\n\t\t\t\t}\n\t\t\t\t#gallery-5 .gallery-item {\n\t\t\t\t\tfloat: left;\n\t\t\t\t\tmargin-top: 10px;\n\t\t\t\t\ttext-align: center;\n\t\t\t\t\twidth: 33%;\n\t\t\t\t}\n\t\t\t\t#gallery-5 img {\n\t\t\t\t\tborder: 2px solid #cfcfcf;\n\t\t\t\t}\n\t\t\t\t#gallery-5 .gallery-caption {\n\t\t\t\t\tmargin-left: 0;\n\t\t\t\t}\n\t\t\t\t\/* see gallery_shortcode() in wp-includes\/media.php *\/\n\t\t\t<\/style>\n\t\t<div id='gallery-5' class='dt-gallery-container gallery galleryid-376949 gallery-columns-3 gallery-size-thumbnail'><dl class='gallery-item'>\n\t\t\t\t<dt class='gallery-icon landscape'>\n\t\t\t\t\t<a class=\"rollover rollover-zoom dt-pswp-item\" title=\"a064a84f-d3a6-47a4-9131-44bdfd4acb11\" data-dt-img-description=\"\" data-large_image_width=\"1600\" data-large_image_height=\"1200\"href='https:\/\/www.radiopiu.net\/wordpress\/wp-content\/uploads\/2024\/02\/a064a84f-d3a6-47a4-9131-44bdfd4acb11.jpg'><img loading=\"lazy\" decoding=\"async\" width=\"150\" height=\"150\" src=\"https:\/\/www.radiopiu.net\/wordpress\/wp-content\/uploads\/2024\/02\/a064a84f-d3a6-47a4-9131-44bdfd4acb11-150x150.jpg\" class=\"attachment-thumbnail size-thumbnail\" alt=\"\" aria-describedby=\"gallery-5-377127\" \/><\/a>\n\t\t\t\t<\/dt>\n\t\t\t\t\t<dd class='wp-caption-text gallery-caption' id='gallery-5-377127'>\n\t\t\t\t\tWilliam Da Roit e Paolo Zampieri\n\t\t\t\t\t<\/dd><\/dl><dl class='gallery-item'>\n\t\t\t\t<dt class='gallery-icon landscape'>\n\t\t\t\t\t<a class=\"rollover rollover-zoom dt-pswp-item\" title=\"aa29da8f-56be-42e3-8dc7-e74b2c8c32b3\" data-dt-img-description=\"\" data-large_image_width=\"1600\" data-large_image_height=\"1200\"href='https:\/\/www.radiopiu.net\/wordpress\/wp-content\/uploads\/2024\/02\/aa29da8f-56be-42e3-8dc7-e74b2c8c32b3.jpg'><img loading=\"lazy\" decoding=\"async\" width=\"150\" height=\"150\" src=\"https:\/\/www.radiopiu.net\/wordpress\/wp-content\/uploads\/2024\/02\/aa29da8f-56be-42e3-8dc7-e74b2c8c32b3-150x150.jpg\" class=\"attachment-thumbnail size-thumbnail\" alt=\"\" aria-describedby=\"gallery-5-377128\" \/><\/a>\n\t\t\t\t<\/dt>\n\t\t\t\t\t<dd class='wp-caption-text gallery-caption' id='gallery-5-377128'>\n\t\t\t\t\tstaffettisti\n\t\t\t\t\t<\/dd><\/dl><dl class='gallery-item'>\n\t\t\t\t<dt class='gallery-icon landscape'>\n\t\t\t\t\t<a class=\"rollover rollover-zoom dt-pswp-item\" title=\"1db4fa6f-641e-4b0f-b01b-b0b8e572b93b\" data-dt-img-description=\"\" data-large_image_width=\"1599\" data-large_image_height=\"719\"href='https:\/\/www.radiopiu.net\/wordpress\/wp-content\/uploads\/2024\/02\/1db4fa6f-641e-4b0f-b01b-b0b8e572b93b.jpg'><img loading=\"lazy\" decoding=\"async\" width=\"150\" height=\"150\" src=\"https:\/\/www.radiopiu.net\/wordpress\/wp-content\/uploads\/2024\/02\/1db4fa6f-641e-4b0f-b01b-b0b8e572b93b-150x150.jpg\" class=\"attachment-thumbnail size-thumbnail\" alt=\"\" aria-describedby=\"gallery-5-377129\" \/><\/a>\n\t\t\t\t<\/dt>\n\t\t\t\t\t<dd class='wp-caption-text gallery-caption' id='gallery-5-377129'>\n\t\t\t\t\tstaffettisti\n\t\t\t\t\t<\/dd><\/dl><br style=\"clear: both\" \/>\n\t\t\t<\/div>\n\n<div style=\"width: 640px;\" class=\"wp-video\"><video class=\"wp-video-shortcode\" id=\"video-376949-1\" width=\"640\" height=\"368\" preload=\"metadata\" controls=\"controls\"><source type=\"video\/mp4\" src=\"https:\/\/www.radiopiu.net\/wordpress\/wp-content\/uploads\/2024\/02\/WhatsApp-Video-2024-03-01-at-20.09.24.mp4?_=1\" \/><a href=\"https:\/\/www.radiopiu.net\/wordpress\/wp-content\/uploads\/2024\/02\/WhatsApp-Video-2024-03-01-at-20.09.24.mp4\">https:\/\/www.radiopiu.net\/wordpress\/wp-content\/uploads\/2024\/02\/WhatsApp-Video-2024-03-01-at-20.09.24.mp4<\/a><\/video><\/div>\n<p><strong>\u00a0<\/strong><\/p>\n<blockquote class=\"wp-embedded-content\" data-secret=\"LXsVgEMkSV\"><p><a href=\"https:\/\/www.radiopiu.net\/wordpress\/va1asaad\/\">I NOSTRI ALLA FESTA DEL FONDO, TEAM AGORDINO E VASABROKE IN AZIONE&#8230; PAGINA IN AGGIORNAMENTO CONTINUO<\/a><\/p><\/blockquote>\n<p><iframe loading=\"lazy\" class=\"wp-embedded-content\" sandbox=\"allow-scripts\" security=\"restricted\" style=\"position: absolute; clip: rect(1px, 1px, 1px, 1px);\" title=\"&#8220;I NOSTRI ALLA FESTA DEL FONDO, TEAM AGORDINO E VASABROKE IN AZIONE&#8230; PAGINA IN AGGIORNAMENTO CONTINUO&#8221; &#8212; Radio Pi\u00f9\" src=\"https:\/\/www.radiopiu.net\/wordpress\/va1asaad\/embed\/#?secret=pxqo5yd7Yw#?secret=LXsVgEMkSV\" data-secret=\"LXsVgEMkSV\" width=\"600\" height=\"338\" frameborder=\"0\" marginwidth=\"0\" marginheight=\"0\" scrolling=\"no\"><\/iframe><\/p>\n<p>&nbsp;<\/p>\n<hr \/>\n<p>&nbsp;<\/p>\n<p>&nbsp;<\/p>\n<p><a class=\"dt-pswp-item\" href=\"https:\/\/www.radiopiu.net\/wordpress\/wp-content\/uploads\/2024\/02\/5d33d89b-448d-4b8b-90f7-0a87d536a81d.jpg\" data-dt-img-description=\"\" data-large_image_width=\"995\" data-large_image_height=\"771\"><img loading=\"lazy\" decoding=\"async\" class=\"size-medium wp-image-376421 aligncenter\" src=\"https:\/\/www.radiopiu.net\/wordpress\/wp-content\/uploads\/2024\/02\/5d33d89b-448d-4b8b-90f7-0a87d536a81d-300x232.jpg\" alt=\"\" width=\"300\" height=\"232\" srcset=\"https:\/\/www.radiopiu.net\/wordpress\/wp-content\/uploads\/2024\/02\/5d33d89b-448d-4b8b-90f7-0a87d536a81d-300x232.jpg 300w, https:\/\/www.radiopiu.net\/wordpress\/wp-content\/uploads\/2024\/02\/5d33d89b-448d-4b8b-90f7-0a87d536a81d-768x595.jpg 768w, https:\/\/www.radiopiu.net\/wordpress\/wp-content\/uploads\/2024\/02\/5d33d89b-448d-4b8b-90f7-0a87d536a81d.jpg 995w\" sizes=\"auto, (max-width: 300px) 100vw, 300px\" \/><\/a><\/p>\n<p><strong>STIAMO&#8230; ARRIVANDO\u00a0\u00a0<\/strong><\/p>\n<p><a class=\"dt-pswp-item\" href=\"https:\/\/www.radiopiu.net\/wordpress\/wp-content\/uploads\/2024\/03\/Senza-nome-8.png\" data-dt-img-description=\"\" data-large_image_width=\"449\" data-large_image_height=\"628\"><img loading=\"lazy\" decoding=\"async\" class=\"size-medium wp-image-377153 aligncenter\" src=\"https:\/\/www.radiopiu.net\/wordpress\/wp-content\/uploads\/2024\/03\/Senza-nome-8-214x300.png\" alt=\"\" width=\"214\" height=\"300\" srcset=\"https:\/\/www.radiopiu.net\/wordpress\/wp-content\/uploads\/2024\/03\/Senza-nome-8-214x300.png 214w, https:\/\/www.radiopiu.net\/wordpress\/wp-content\/uploads\/2024\/03\/Senza-nome-8.png 449w\" sizes=\"auto, (max-width: 214px) 100vw, 214px\" \/><\/a><\/p>\n<hr \/>\n<p>&nbsp;<\/p>\n<h2><span style=\"color: #ff0000;\">GLI APPUNTAMENTI DELLA SETTIMANA\u00a0\u00a0<\/span><\/h2>\n<p><a class=\"dt-pswp-item\" href=\"https:\/\/www.radiopiu.net\/wordpress\/wp-content\/uploads\/2024\/02\/5b2d764a-3e12-460c-bd52-c2d3390f8897.jpg\" data-dt-img-description=\"\" data-large_image_width=\"1300\" data-large_image_height=\"1600\"><img loading=\"lazy\" decoding=\"async\" class=\"size-medium wp-image-376932 aligncenter\" src=\"https:\/\/www.radiopiu.net\/wordpress\/wp-content\/uploads\/2024\/02\/5b2d764a-3e12-460c-bd52-c2d3390f8897-244x300.jpg\" alt=\"\" width=\"244\" height=\"300\" srcset=\"https:\/\/www.radiopiu.net\/wordpress\/wp-content\/uploads\/2024\/02\/5b2d764a-3e12-460c-bd52-c2d3390f8897-244x300.jpg 244w, https:\/\/www.radiopiu.net\/wordpress\/wp-content\/uploads\/2024\/02\/5b2d764a-3e12-460c-bd52-c2d3390f8897-832x1024.jpg 832w, https:\/\/www.radiopiu.net\/wordpress\/wp-content\/uploads\/2024\/02\/5b2d764a-3e12-460c-bd52-c2d3390f8897-768x945.jpg 768w, https:\/\/www.radiopiu.net\/wordpress\/wp-content\/uploads\/2024\/02\/5b2d764a-3e12-460c-bd52-c2d3390f8897-1248x1536.jpg 1248w, https:\/\/www.radiopiu.net\/wordpress\/wp-content\/uploads\/2024\/02\/5b2d764a-3e12-460c-bd52-c2d3390f8897.jpg 1300w\" sizes=\"auto, (max-width: 244px) 100vw, 244px\" \/><\/a><\/p>\n<p>&nbsp;<\/p>\n<p><strong>LONGARONE<\/strong> Oggi alle ore 20:45 al Centro Culturale di Longarone si terr\u00e0 lo spettacolo teatrale &#8220;Il corpo che ossessione. I nuovi mostri&#8221; della <u>compagnia &#8220;La Fontana Conta&#8221; &#8211; Regia di Roberto Faoro<\/u>.<\/p>\n<p><strong>BELLUNO Oggi<\/strong>\u00a0alle 17.30 al teatro Giovanni 23esimo &#8220;L&#8217;histoire du Soldat&#8221; con il Conservatorio di musica\u00a0 di Castelfranco Veneto<\/p>\n<p><strong>BELLUNO Oggi<\/strong>\u00a0alle 20.45, la compagnia vicentina Theama Teatro\u00a0 porter\u00e0 \u00a0torna al Teatro Dino Buzzati\u00a0 con la commedia \u201cLa scuola dei mariti e delle mogli\u201d. Tratta dai capolavori \u201cLa scuola dei mariti\u201d e \u201cLa scuola delle mogli\u201d<\/p>\n<div><strong>AGORDO<\/strong> Domani escursione con il Cai di Agordo a Monte Muro, 2323 metri. ISCRIZIONI: Telefonando al 380.6983040 dalle ore 16.00 alle ore 21.00<\/div>\n<div><\/div>\n<p><strong>CENCENIGHE<\/strong> DOMANI 10 anni di Oh Per Bacco, 2014_2024, dalle 16.00 la festa<\/p>\n<blockquote>\n<h2><a class=\"dt-pswp-item\" href=\"https:\/\/www.radiopiu.net\/wordpress\/wp-content\/uploads\/2024\/02\/424975281_17930049686820544_8669192397721482723_n.jpg\" data-dt-img-description=\"\" data-large_image_width=\"512\" data-large_image_height=\"640\"><img loading=\"lazy\" decoding=\"async\" class=\"size-medium wp-image-375410 aligncenter\" src=\"https:\/\/www.radiopiu.net\/wordpress\/wp-content\/uploads\/2024\/02\/424975281_17930049686820544_8669192397721482723_n-240x300.jpg\" alt=\"\" width=\"240\" height=\"300\" srcset=\"https:\/\/www.radiopiu.net\/wordpress\/wp-content\/uploads\/2024\/02\/424975281_17930049686820544_8669192397721482723_n-240x300.jpg 240w, https:\/\/www.radiopiu.net\/wordpress\/wp-content\/uploads\/2024\/02\/424975281_17930049686820544_8669192397721482723_n.jpg 512w\" sizes=\"auto, (max-width: 240px) 100vw, 240px\" \/><\/a><\/h2>\n<\/blockquote>\n<p>&nbsp;<\/p>\n<h2><span style=\"color: #ff0000;\">\u00a0<\/span><\/h2>\n<h2><span style=\"color: #ff0000;\">PROSSIMAMENTE<\/span><\/h2>\n<p><strong>FELTRE<\/strong> La Famiglia Ex Emigranti del Feltrino organizza la gita alla fiera &#8220;Orto Giardino&#8221; a Pordenonefiere il 6 marzo. La partenza \u00e8 alle 13 da Pedavena, con passaggio a Feltre. Il programma include l&#8217;ingresso alla fiera e una tappa in pizzeria durante il rientro. Per informazioni 40 262 9562.<\/p>\n<p><strong>BELLUNO<\/strong> Sabato 9 marzo alle ore 17:30, presso la sala &#8220;TEATRO&#8221; del Centro Congressi in piazza Piloni a Belluno, si terr\u00e0 un incontro sul tema &#8220;GAZA E KIEV: L&#8217;EUROPA TRA I CONFLITTI&#8221;. Gli interventi saranno di Germano Dottori, Consigliere scientifico di Limes, e di Gian Micalessin, giornalista, scrittore e inviato di guerra. L&#8217;incontro sar\u00e0 condotto da Franco Tosolini, ricercatore storico.<\/p>\n<div>\n<div class=\"\" dir=\"auto\">\n<div id=\":r9h:\" class=\"x1iorvi4 x1pi30zi x1l90r2v x1swvt13\" data-ad-comet-preview=\"message\" data-ad-preview=\"message\">\n<div class=\"x78zum5 xdt5ytf xz62fqu x16ldp7u\">\n<div class=\"xu06os2 x1ok221b\">\n<blockquote>\n<h3 style=\"text-align: center;\">LE CAMPE: 9 marzo con la Combricola del Blasko<\/h3>\n<\/blockquote>\n<p><a class=\"dt-pswp-item\" href=\"https:\/\/www.radiopiu.net\/wordpress\/wp-content\/uploads\/2024\/02\/Senza-nome-52.png\" data-dt-img-description=\"\" data-large_image_width=\"268\" data-large_image_height=\"486\"><img loading=\"lazy\" decoding=\"async\" class=\" wp-image-375373 aligncenter\" src=\"https:\/\/www.radiopiu.net\/wordpress\/wp-content\/uploads\/2024\/02\/Senza-nome-52-165x300.png\" alt=\"\" width=\"148\" height=\"269\" srcset=\"https:\/\/www.radiopiu.net\/wordpress\/wp-content\/uploads\/2024\/02\/Senza-nome-52-165x300.png 165w, https:\/\/www.radiopiu.net\/wordpress\/wp-content\/uploads\/2024\/02\/Senza-nome-52.png 268w\" sizes=\"auto, (max-width: 148px) 100vw, 148px\" \/><\/a><\/p>\n<\/div>\n<\/div>\n<\/div>\n<\/div>\n<\/div>\n<blockquote>\n<h2><\/h2>\n<h2>&#8220;I used to get it on &#8230; and will go on&#8230;&#8221;<\/h2>\n<p>&#x1f3a4; Na na na na la la la la<\/p><\/blockquote>\n<p>SE DAL 1998 AD OGGI AVETE FREQUENTATO UN\u00a0 QUALSIASI LOCALE DA BALLO, I TORMENTONI VI SONO PASSATI&#8230; PER LE VENE<\/p>\n<p>AL SAVE THE DATE FESTIVAL ARRIVA ANCHE NATALIE AARTS DEI SOUNDLOVERS PER FARVI SALTARE A QUOTA 220 METRI&#8230; AL RIFUGIO LARESEI.<\/p>\n<p>7 APRILE: \u00a0 CON CAROLINA MARQUEZ, MASSIMILIANO OSSINI, CAMILLA RONCHI, ICE MC&#8230;. E\u00a0 NATHALIE AARTS\u00a0 Acquista il tuo biglietto d&#8217;ingresso al link: <a class=\"moz-txt-link-abbreviated\" href=\"http:\/\/www.ciaotickets.com\">www.ciaotickets.com<\/a><\/p>\n<p>save-the-date-festival 7 APRILE RIFUGIO LARESEI<br \/>\nSKI AREA SAN PELLEGRINO-FALCADE<\/p>\n<blockquote>\n<h2>SAVE THE DATE FESTIVAL<\/h2>\n<div>\n<div class=\"\" dir=\"auto\">\n<div id=\":r9h:\" class=\"x1iorvi4 x1pi30zi x1l90r2v x1swvt13\" data-ad-comet-preview=\"message\" data-ad-preview=\"message\">\n<div class=\"x78zum5 xdt5ytf xz62fqu x16ldp7u\">\n<div class=\"xu06os2 x1ok221b\">\n<div dir=\"auto\">\n\n\t\t\t<style type='text\/css'>\n\t\t\t\t#gallery-6 {\n\t\t\t\t\tmargin: auto;\n\t\t\t\t}\n\t\t\t\t#gallery-6 .gallery-item {\n\t\t\t\t\tfloat: left;\n\t\t\t\t\tmargin-top: 10px;\n\t\t\t\t\ttext-align: center;\n\t\t\t\t\twidth: 33%;\n\t\t\t\t}\n\t\t\t\t#gallery-6 img {\n\t\t\t\t\tborder: 2px solid #cfcfcf;\n\t\t\t\t}\n\t\t\t\t#gallery-6 .gallery-caption {\n\t\t\t\t\tmargin-left: 0;\n\t\t\t\t}\n\t\t\t\t\/* see gallery_shortcode() in wp-includes\/media.php *\/\n\t\t\t<\/style>\n\t\t<div id='gallery-6' class='dt-gallery-container gallery galleryid-376949 gallery-columns-3 gallery-size-medium'><dl class='gallery-item'>\n\t\t\t\t<dt class='gallery-icon landscape'>\n\t\t\t\t\t<a class=\"rollover rollover-zoom dt-pswp-item\" title=\"Senza nome\" data-dt-img-description=\"\" data-large_image_width=\"566\" data-large_image_height=\"463\"href='https:\/\/www.radiopiu.net\/wordpress\/wp-content\/uploads\/2024\/03\/Senza-nome-4.png'><img loading=\"lazy\" decoding=\"async\" width=\"300\" height=\"245\" src=\"https:\/\/www.radiopiu.net\/wordpress\/wp-content\/uploads\/2024\/03\/Senza-nome-4-300x245.png\" class=\"attachment-medium size-medium\" alt=\"\" srcset=\"https:\/\/www.radiopiu.net\/wordpress\/wp-content\/uploads\/2024\/03\/Senza-nome-4-300x245.png 300w, https:\/\/www.radiopiu.net\/wordpress\/wp-content\/uploads\/2024\/03\/Senza-nome-4.png 566w\" sizes=\"auto, (max-width: 300px) 100vw, 300px\" \/><\/a>\n\t\t\t\t<\/dt><\/dl><dl class='gallery-item'>\n\t\t\t\t<dt class='gallery-icon landscape'>\n\t\t\t\t\t<a class=\"rollover rollover-zoom dt-pswp-item\" title=\"download\" data-dt-img-description=\"\" data-large_image_width=\"640\" data-large_image_height=\"639\"href='https:\/\/www.radiopiu.net\/wordpress\/wp-content\/uploads\/2024\/02\/download-5.jpg'><img loading=\"lazy\" decoding=\"async\" width=\"300\" height=\"300\" src=\"https:\/\/www.radiopiu.net\/wordpress\/wp-content\/uploads\/2024\/02\/download-5-300x300.jpg\" class=\"attachment-medium size-medium\" alt=\"\" srcset=\"https:\/\/www.radiopiu.net\/wordpress\/wp-content\/uploads\/2024\/02\/download-5-300x300.jpg 300w, https:\/\/www.radiopiu.net\/wordpress\/wp-content\/uploads\/2024\/02\/download-5-150x150.jpg 150w, https:\/\/www.radiopiu.net\/wordpress\/wp-content\/uploads\/2024\/02\/download-5.jpg 640w\" sizes=\"auto, (max-width: 300px) 100vw, 300px\" \/><\/a>\n\t\t\t\t<\/dt><\/dl><dl class='gallery-item'>\n\t\t\t\t<dt class='gallery-icon landscape'>\n\t\t\t\t\t<a class=\"rollover rollover-zoom dt-pswp-item\" title=\"download\" data-dt-img-description=\"\" data-large_image_width=\"640\" data-large_image_height=\"639\"href='https:\/\/www.radiopiu.net\/wordpress\/wp-content\/uploads\/2024\/02\/download-6.jpg'><img loading=\"lazy\" decoding=\"async\" width=\"300\" height=\"300\" src=\"https:\/\/www.radiopiu.net\/wordpress\/wp-content\/uploads\/2024\/02\/download-6-300x300.jpg\" class=\"attachment-medium size-medium\" alt=\"\" srcset=\"https:\/\/www.radiopiu.net\/wordpress\/wp-content\/uploads\/2024\/02\/download-6-300x300.jpg 300w, https:\/\/www.radiopiu.net\/wordpress\/wp-content\/uploads\/2024\/02\/download-6-150x150.jpg 150w, https:\/\/www.radiopiu.net\/wordpress\/wp-content\/uploads\/2024\/02\/download-6.jpg 640w\" sizes=\"auto, (max-width: 300px) 100vw, 300px\" \/><\/a>\n\t\t\t\t<\/dt><\/dl><br style=\"clear: both\" \/><dl class='gallery-item'>\n\t\t\t\t<dt class='gallery-icon landscape'>\n\t\t\t\t\t<a class=\"rollover rollover-zoom dt-pswp-item\" title=\"19c21029-a0ef-4986-8081-9facbbbce065\" data-dt-img-description=\"\" data-large_image_width=\"1080\" data-large_image_height=\"1080\"href='https:\/\/www.radiopiu.net\/wordpress\/wp-content\/uploads\/2024\/02\/19c21029-a0ef-4986-8081-9facbbbce065.jpg'><img loading=\"lazy\" decoding=\"async\" width=\"300\" height=\"300\" src=\"https:\/\/www.radiopiu.net\/wordpress\/wp-content\/uploads\/2024\/02\/19c21029-a0ef-4986-8081-9facbbbce065-300x300.jpg\" class=\"attachment-medium size-medium\" alt=\"\" srcset=\"https:\/\/www.radiopiu.net\/wordpress\/wp-content\/uploads\/2024\/02\/19c21029-a0ef-4986-8081-9facbbbce065-300x300.jpg 300w, https:\/\/www.radiopiu.net\/wordpress\/wp-content\/uploads\/2024\/02\/19c21029-a0ef-4986-8081-9facbbbce065-1024x1024.jpg 1024w, https:\/\/www.radiopiu.net\/wordpress\/wp-content\/uploads\/2024\/02\/19c21029-a0ef-4986-8081-9facbbbce065-150x150.jpg 150w, https:\/\/www.radiopiu.net\/wordpress\/wp-content\/uploads\/2024\/02\/19c21029-a0ef-4986-8081-9facbbbce065-768x768.jpg 768w, https:\/\/www.radiopiu.net\/wordpress\/wp-content\/uploads\/2024\/02\/19c21029-a0ef-4986-8081-9facbbbce065.jpg 1080w\" sizes=\"auto, (max-width: 300px) 100vw, 300px\" \/><\/a>\n\t\t\t\t<\/dt><\/dl><dl class='gallery-item'>\n\t\t\t\t<dt class='gallery-icon landscape'>\n\t\t\t\t\t<a class=\"rollover rollover-zoom dt-pswp-item\" title=\"428458808_122124610286160269_8403615925720421881_n\" data-dt-img-description=\"\" data-large_image_width=\"526\" data-large_image_height=\"526\"href='https:\/\/www.radiopiu.net\/wordpress\/wp-content\/uploads\/2024\/02\/428458808_122124610286160269_8403615925720421881_n.jpg'><img loading=\"lazy\" decoding=\"async\" width=\"300\" height=\"300\" src=\"https:\/\/www.radiopiu.net\/wordpress\/wp-content\/uploads\/2024\/02\/428458808_122124610286160269_8403615925720421881_n-300x300.jpg\" class=\"attachment-medium size-medium\" alt=\"\" srcset=\"https:\/\/www.radiopiu.net\/wordpress\/wp-content\/uploads\/2024\/02\/428458808_122124610286160269_8403615925720421881_n-300x300.jpg 300w, https:\/\/www.radiopiu.net\/wordpress\/wp-content\/uploads\/2024\/02\/428458808_122124610286160269_8403615925720421881_n-150x150.jpg 150w, https:\/\/www.radiopiu.net\/wordpress\/wp-content\/uploads\/2024\/02\/428458808_122124610286160269_8403615925720421881_n.jpg 526w\" sizes=\"auto, (max-width: 300px) 100vw, 300px\" \/><\/a>\n\t\t\t\t<\/dt><\/dl><dl class='gallery-item'>\n\t\t\t\t<dt class='gallery-icon portrait'>\n\t\t\t\t\t<a class=\"rollover rollover-zoom dt-pswp-item\" title=\"424589697_17849558076141395_6233705988191667367_n\" data-dt-img-description=\"\" data-large_image_width=\"512\" data-large_image_height=\"640\"href='https:\/\/www.radiopiu.net\/wordpress\/wp-content\/uploads\/2024\/02\/424589697_17849558076141395_6233705988191667367_n.jpg'><img loading=\"lazy\" decoding=\"async\" width=\"240\" height=\"300\" src=\"https:\/\/www.radiopiu.net\/wordpress\/wp-content\/uploads\/2024\/02\/424589697_17849558076141395_6233705988191667367_n-240x300.jpg\" class=\"attachment-medium size-medium\" alt=\"\" srcset=\"https:\/\/www.radiopiu.net\/wordpress\/wp-content\/uploads\/2024\/02\/424589697_17849558076141395_6233705988191667367_n-240x300.jpg 240w, https:\/\/www.radiopiu.net\/wordpress\/wp-content\/uploads\/2024\/02\/424589697_17849558076141395_6233705988191667367_n.jpg 512w\" sizes=\"auto, (max-width: 240px) 100vw, 240px\" \/><\/a>\n\t\t\t\t<\/dt><\/dl><br style=\"clear: both\" \/>\n\t\t\t<\/div>\n\n<\/div>\n<\/div>\n<\/div>\n<\/div>\n<\/div>\n<\/div>\n<\/blockquote>\n<p>&nbsp;<\/p>\n<p>&nbsp;<\/p>\n<p>&nbsp;<\/p>\n<p>&nbsp;<\/p>\n<hr \/>\n<p>&nbsp;<\/p>\n<p><a class=\"dt-pswp-item\" href=\"https:\/\/www.radiopiu.net\/wordpress\/wp-content\/uploads\/2018\/09\/viabilita.jpeg\" data-dt-img-description=\"\" data-large_image_width=\"800\" data-large_image_height=\"100\"><img loading=\"lazy\" decoding=\"async\" class=\"aligncenter wp-image-61954 size-full\" src=\"https:\/\/www.radiopiu.net\/wordpress\/wp-content\/uploads\/2018\/09\/viabilita.jpeg\" alt=\"\" width=\"800\" height=\"100\" srcset=\"https:\/\/www.radiopiu.net\/wordpress\/wp-content\/uploads\/2018\/09\/viabilita.jpeg 800w, https:\/\/www.radiopiu.net\/wordpress\/wp-content\/uploads\/2018\/09\/viabilita-300x38.jpeg 300w, https:\/\/www.radiopiu.net\/wordpress\/wp-content\/uploads\/2018\/09\/viabilita-768x96.jpeg 768w\" sizes=\"auto, (max-width: 800px) 100vw, 800px\" \/><\/a><\/p>\n<p>&nbsp;<\/p>\n<p><a class=\"dt-pswp-item\" href=\"https:\/\/www.radiopiu.net\/wordpress\/wp-content\/uploads\/2023\/12\/botol-car-service.jpg\" data-dt-img-description=\"\" data-large_image_width=\"600\" data-large_image_height=\"600\"><img loading=\"lazy\" decoding=\"async\" class=\"size-medium wp-image-367044 aligncenter\" src=\"https:\/\/www.radiopiu.net\/wordpress\/wp-content\/uploads\/2023\/12\/botol-car-service-300x300.jpg\" alt=\"\" width=\"300\" height=\"300\" srcset=\"https:\/\/www.radiopiu.net\/wordpress\/wp-content\/uploads\/2023\/12\/botol-car-service-300x300.jpg 300w, https:\/\/www.radiopiu.net\/wordpress\/wp-content\/uploads\/2023\/12\/botol-car-service-150x150.jpg 150w, https:\/\/www.radiopiu.net\/wordpress\/wp-content\/uploads\/2023\/12\/botol-car-service.jpg 600w\" sizes=\"auto, (max-width: 300px) 100vw, 300px\" \/><\/a><\/p>\n<p>&nbsp;<\/p>\n<blockquote class=\"wp-embedded-content\" data-secret=\"rEZVixMpEU\"><p><a href=\"https:\/\/www.radiopiu.net\/wordpress\/viabilita\/\">viabilita<\/a><\/p><\/blockquote>\n<p><iframe loading=\"lazy\" class=\"wp-embedded-content\" sandbox=\"allow-scripts\" security=\"restricted\" style=\"position: absolute; clip: rect(1px, 1px, 1px, 1px);\" title=\"&#8220;viabilita&#8221; &#8212; Radio Pi\u00f9\" src=\"https:\/\/www.radiopiu.net\/wordpress\/viabilita\/embed\/#?secret=GLehRZr3X1#?secret=rEZVixMpEU\" data-secret=\"rEZVixMpEU\" width=\"600\" height=\"338\" frameborder=\"0\" marginwidth=\"0\" marginheight=\"0\" scrolling=\"no\"><\/iframe><\/p>\n<p>&nbsp;<\/p>\n<hr \/>\n<p>&nbsp;<\/p>\n<p><a class=\"dt-pswp-item\" href=\"https:\/\/www.radiopiu.net\/wordpress\/wp-content\/uploads\/2018\/09\/WhatsApp-Image-2018-09-20-at-16.04.06.jpeg\" data-dt-img-description=\"\" data-large_image_width=\"800\" data-large_image_height=\"100\"><img loading=\"lazy\" decoding=\"async\" class=\"wp-image-61378 size-full aligncenter\" src=\"https:\/\/www.radiopiu.net\/wordpress\/wp-content\/uploads\/2018\/09\/WhatsApp-Image-2018-09-20-at-16.04.06.jpeg\" alt=\"\" width=\"800\" height=\"100\" srcset=\"https:\/\/www.radiopiu.net\/wordpress\/wp-content\/uploads\/2018\/09\/WhatsApp-Image-2018-09-20-at-16.04.06.jpeg 800w, https:\/\/www.radiopiu.net\/wordpress\/wp-content\/uploads\/2018\/09\/WhatsApp-Image-2018-09-20-at-16.04.06-300x38.jpeg 300w, https:\/\/www.radiopiu.net\/wordpress\/wp-content\/uploads\/2018\/09\/WhatsApp-Image-2018-09-20-at-16.04.06-768x96.jpeg 768w\" sizes=\"auto, (max-width: 800px) 100vw, 800px\" \/><\/a><\/p>\n<p><center><\/center><b>\u00a0 \u00a0 \u00a0<\/b><\/p>\n<p>L&#8217;ANALISI DEL PERIODO<br \/>\nDI BARBARA PAOLAZZI<\/p>\n<audio class=\"wp-audio-shortcode\" id=\"audio-376949-16\" preload=\"none\" style=\"width: 100%;\" controls=\"controls\"><source type=\"audio\/mpeg\" src=\"https:\/\/www.radiopiu.net\/wordpress\/wp-content\/uploads\/2024\/03\/barbara-arpav.mp3?_=16\" \/><a href=\"https:\/\/www.radiopiu.net\/wordpress\/wp-content\/uploads\/2024\/03\/barbara-arpav.mp3\">https:\/\/www.radiopiu.net\/wordpress\/wp-content\/uploads\/2024\/03\/barbara-arpav.mp3<\/a><\/audio>\n<p>&nbsp;<\/p>\n<p>&nbsp;<\/p>\n<p><center><\/center><center><\/center><center><\/center><center><b>OGGI<\/b><\/center>Fine del maltempo notturno con residui fenomeni. In giornata molte nubi e le chance di schiarite saranno assai limitate, specie sulle Prealpi, dove la probabilit\u00e0 di nubi basse sar\u00e0 maggiore rispetto alle Dolomiti.<br \/>\n<b>Precipitazioni: <\/b>Nottetempo probabili residui fenomeni (20-30%), nevosi oltre i 1300-1400 m. In giornata non escluso qualche sporadica pioviggina (30-50%), assieme a qualche fiocco sopra i 1400-1500 m.<br \/>\n<b>Temperature: <\/b>In lieve flessione, almeno in quota, mentre nelle valli le massime potrebbero risalire leggermente rispetto a venerd\u00ec.<\/p>\n<hr \/>\n<p><center><b>DOMANI<\/b><\/center>Al mattino cielo gi\u00e0 molto nuvoloso\/coperto, anche per nubi basse, non escluso qualche chance di brevi schiarite in alta quota, ma saranno eccezioni. Nel corso del pomeriggio ulteriore intensificazione della nuvolosit\u00e0 e peggioramento del tempo, maggiormente avvertito a fine giornata.<br \/>\n<b>Precipitazioni: <\/b>Al mattino generalmente assenti (10%), salvo qualche fiocco in alta quota causa presenza di molta umidit\u00e0. Dal pomeriggio crescente probabilit\u00e0 fino ad alta alla sera (80-90%), nevose sopra 1100-1300 m. I fenomeni saranno moderati sulle Prealpi e perlopi\u00f9 deboli sulle Dolomiti.<br \/>\n<b>Temperature: <\/b>In ulteriore generale lieve flessione a tutte le quote.<\/p>\n<hr \/>\n<p><center><b>Lunedi 4<\/b><\/center>Moderato maltempo notturno sulle Prealpi, mentre sar\u00e0 debole sulle Dolomiti. In ogni caso cielo coperto ovunque e precipitazioni assai pi\u00f9 significative sulle Prealpi occidentali rispetto al Bellunese. Il limite della neve risulter\u00e0 pi\u00f9 basso sulle Prealpi che non sulle Dolomiti: 1100-1300 m sulle prime e 1200-1400 m sulle seconde. Attenuazione nuvolosit\u00e0 e schiarite al pomeriggio. Temperature minime senza notevoli variazioni e massime in Lieve rialzo.<\/p>\n<hr \/>\n<p><center><b>Martedi 5<\/b><\/center>Il tempo migliorer\u00e0 in parte con tratti soleggiati al mattino, assieme a qualche annuvolamento. Al pomeriggio riduzione del soleggiamento per nuvolosit\u00e0 irregolare, anche per addensamenti cumuliformi. Temperature in rialzo.<\/p>\n<p>&nbsp;<\/p>\n<p>&nbsp;<\/p>\n<hr \/>\n<p>&nbsp;<\/p>\n<p><img loading=\"lazy\" decoding=\"async\" class=\"wp-image-60761 size-full aligncenter\" src=\"https:\/\/www.radiopiu.net\/wordpress\/wp-content\/uploads\/2018\/09\/sport.jpg\" alt=\"\" width=\"800\" height=\"100\" srcset=\"https:\/\/www.radiopiu.net\/wordpress\/wp-content\/uploads\/2018\/09\/sport.jpg 800w, https:\/\/www.radiopiu.net\/wordpress\/wp-content\/uploads\/2018\/09\/sport-300x38.jpg 300w, https:\/\/www.radiopiu.net\/wordpress\/wp-content\/uploads\/2018\/09\/sport-768x96.jpg 768w\" sizes=\"auto, (max-width: 800px) 100vw, 800px\" \/><\/p>\n<p>&nbsp;<\/p>\n<p><span style=\"color: #0000ff;\"><strong>CALCIO<\/strong><\/span><\/p>\n<blockquote>\n<h2>IL CALCIO SI FERMA A CAUSA DEL MALTEMPO<\/h2>\n<\/blockquote>\n<p style=\"font-weight: 400;\"><strong><a class=\"dt-pswp-item\" href=\"https:\/\/www.radiopiu.net\/wordpress\/wp-content\/uploads\/2018\/10\/CALCIO-PIOGGIA.jpg\" data-dt-img-description=\"\" data-large_image_width=\"900\" data-large_image_height=\"523\"><img loading=\"lazy\" decoding=\"async\" class=\"size-medium wp-image-65385 alignleft\" src=\"https:\/\/www.radiopiu.net\/wordpress\/wp-content\/uploads\/2018\/10\/CALCIO-PIOGGIA-300x174.jpg\" alt=\"\" width=\"300\" height=\"174\" srcset=\"https:\/\/www.radiopiu.net\/wordpress\/wp-content\/uploads\/2018\/10\/CALCIO-PIOGGIA-300x174.jpg 300w, https:\/\/www.radiopiu.net\/wordpress\/wp-content\/uploads\/2018\/10\/CALCIO-PIOGGIA-768x446.jpg 768w, https:\/\/www.radiopiu.net\/wordpress\/wp-content\/uploads\/2018\/10\/CALCIO-PIOGGIA.jpg 900w\" sizes=\"auto, (max-width: 300px) 100vw, 300px\" \/><\/a>DI MARCO GAZ<\/strong><\/p>\n<p style=\"font-weight: 400;\"><strong>REDAZIONE <\/strong>Il maltempo ferma il calcio. La Lega Nazionale Dilettanti del Veneto ha deciso di rinviare l\u2019intero fine settimana calcistico. A comunicarlo il presidente Giuseppe Ruzza in un comunicato diramato dalla sede di Mestre in cui si decide che a causa del perdurare delle condizioni atmosferiche avverse in tutta la regione, il comitato regionale ha deciso di sospendere tutte le attivit\u00e0 a livello regionale e provinciale in tutto il Veneto al di fuori della Serie D, Eccellenza ed Eccellenza Femminile. Quindi fine settimana di riposo per Agordina e Piave di Terza Categoria che dovranno recuperare le sfide in programma domenica. Anche il settore giovanile dell\u2019Agordina Calcio non giocher\u00e0 questo weekend.<\/p>\n<p>&nbsp;<\/p>\n<p><span style=\"color: #0000ff;\"><strong>HOCKEY SU GHIACCIO<\/strong><\/span><\/p>\n<blockquote>\n<h3>INIZIANO I QUARTI DI FINALE DELLA IHL. AD ALLEGHE ARRIVA L&#8217;APPIANO PER GARA 1<\/h3>\n<\/blockquote>\n<p><strong><a class=\"dt-pswp-item\" href=\"https:\/\/www.radiopiu.net\/wordpress\/wp-content\/uploads\/2024\/01\/ALLEGHE-2023-24.jpeg\" data-dt-img-description=\"\" data-large_image_width=\"2560\" data-large_image_height=\"1703\"><img loading=\"lazy\" decoding=\"async\" class=\" wp-image-368494 alignleft\" src=\"https:\/\/www.radiopiu.net\/wordpress\/wp-content\/uploads\/2024\/01\/ALLEGHE-2023-24-300x200.jpeg\" alt=\"\" width=\"194\" height=\"129\" srcset=\"https:\/\/www.radiopiu.net\/wordpress\/wp-content\/uploads\/2024\/01\/ALLEGHE-2023-24-300x200.jpeg 300w, https:\/\/www.radiopiu.net\/wordpress\/wp-content\/uploads\/2024\/01\/ALLEGHE-2023-24-1024x681.jpeg 1024w, https:\/\/www.radiopiu.net\/wordpress\/wp-content\/uploads\/2024\/01\/ALLEGHE-2023-24-768x511.jpeg 768w, https:\/\/www.radiopiu.net\/wordpress\/wp-content\/uploads\/2024\/01\/ALLEGHE-2023-24-1536x1022.jpeg 1536w, https:\/\/www.radiopiu.net\/wordpress\/wp-content\/uploads\/2024\/01\/ALLEGHE-2023-24-2048x1362.jpeg 2048w\" sizes=\"auto, (max-width: 194px) 100vw, 194px\" \/><\/a>DI ROBERTO MIANA, PORTAVOCE DELL&#8217;ALLEGHE HOCKEY<\/strong><\/p>\n<p>Gara 1 quarti di finale playoff IHL di hockey su ghiaccio. Sabato 2 marzo alle 20:30 l\u2019Alleghe ospita l\u2019Appiano. Cominciano i tanto attesi playoff con le Civette che, dopo un anno di assenza dalla fase finale del torneo, tornano ad assaporare l\u2019atmosfera magica fatta di tensione e adrenalina che solo queste partite possono regalare. La sfida contro l\u2019Appiano, come gli altri tre match dei quarti di finale (Varese-Feltre, Pergine-Como e Caldaro-Valdifiemme), si giocheranno al meglio delle cinque gare, ovvero passa in semifinale la squadra che si aggiudica tre vittorie. I Biancorossi, quarti nel master round, in virt\u00f9 della miglior classifica sui Pirati, arrivati al quinto posto, avranno il vantaggio di giocare gara 1 (sabato 2, ore 20:30) e gara 3 (gioved\u00ec 7, ore 20:30) in casa, ma soprattutto la possibilit\u00e0 di disputare l\u2019eventuale gara 5 (marted\u00ec 12, ore 20:30) davanti al proprio pubblico ai piedi del Civetta. La vincente del quarto di finale tra Alleghe ed Appiano incrocer\u00e0 le stecche in semifinale con la vincente della sfida tra Varese e Feltre. Sono sei gli incontri stagionali tra Agordini e Basso Atesini, con quattro vittorie biancorosse e due giallonere. Nei 20 precedenti del campionato IHL tra Alleghe ed Appiano si contano 6 affermazioni delle Civette e 14 dei Pirati.<\/p>\n<p><strong>ALLEGHE HOCKEY &#8211; HC EPPAN APPIANO <\/strong>Sabato 2 Marzo ore 20:30 &#8211; Palaghiaccio \u201cAlvise De Toni\u201d di Alleghe (BL). Arbitri: Federico Rivis e Fabio Tirelli con giudici di linea Lorenzo Dell&#8217;amico e Martin Mair. Collegamenti in\u00a0DIRETTA RADIOFONICA\u00a0su Radio Pi\u00f9 (www.radiopiu.net) con \u201cHockey al punto giusto\u201d, in studio Marco Gaz e da Alleghe interventi di Federico Paganin<\/p>\n<p>&nbsp;<\/p>\n<blockquote>\n<h3>IN CAMPO ANCHE IL FELTRE CONTRO IL VARESE<\/h3>\n<\/blockquote>\n<p>Iniziano i playoff anche per il Feltre che stasera dovr\u00e0 affrontare una lunga trasferta in terra lombarda per giocare gara 1 dei quarti di finale contro il Varese. Una serie che non sar\u00e0 facile per i picchi contro i campioni d&#8217;Italia in carica. Ingaggio alle 18:30<\/p>\n<p>&nbsp;<\/p>\n<p><span style=\"color: #0000ff;\"><strong>PALLAVOLO<\/strong><\/span><\/p>\n<blockquote>\n<h3><a class=\"dt-pswp-item\" href=\"https:\/\/www.radiopiu.net\/wordpress\/wp-content\/uploads\/2024\/03\/Claudia_Fiabane_batte_al_salto.jpg\" data-dt-img-description=\"\" data-large_image_width=\"1697\" data-large_image_height=\"2267\"><img loading=\"lazy\" decoding=\"async\" class=\" wp-image-376993 alignleft\" src=\"https:\/\/www.radiopiu.net\/wordpress\/wp-content\/uploads\/2024\/03\/Claudia_Fiabane_batte_al_salto-225x300.jpg\" alt=\"\" width=\"112\" height=\"149\" srcset=\"https:\/\/www.radiopiu.net\/wordpress\/wp-content\/uploads\/2024\/03\/Claudia_Fiabane_batte_al_salto-225x300.jpg 225w, https:\/\/www.radiopiu.net\/wordpress\/wp-content\/uploads\/2024\/03\/Claudia_Fiabane_batte_al_salto-767x1024.jpg 767w, https:\/\/www.radiopiu.net\/wordpress\/wp-content\/uploads\/2024\/03\/Claudia_Fiabane_batte_al_salto-768x1026.jpg 768w, https:\/\/www.radiopiu.net\/wordpress\/wp-content\/uploads\/2024\/03\/Claudia_Fiabane_batte_al_salto-1150x1536.jpg 1150w, https:\/\/www.radiopiu.net\/wordpress\/wp-content\/uploads\/2024\/03\/Claudia_Fiabane_batte_al_salto-1533x2048.jpg 1533w, https:\/\/www.radiopiu.net\/wordpress\/wp-content\/uploads\/2024\/03\/Claudia_Fiabane_batte_al_salto.jpg 1697w\" sizes=\"auto, (max-width: 112px) 100vw, 112px\" \/><\/a>PALLAVOLO BELLUNO FEMMINILE CONTRO LA CAPOLISTA ASOLO<\/h3>\n<\/blockquote>\n<p>Ogni palla, una sfida. Ogni punto, una conquista. Le motivazioni, in casa SB Volley, sono gi\u00e0 all\u2019apice. Al pari del desiderio di riscatto, dopo aver rimediato due sconfitte di fila: a Quarto d\u2019Altino contro la Polisportiva Annia e a Fiesso Umbertiano. Di fronte alla Sicell Gs Volpe. Insomma, non \u00e8 necessario caricare il confronto in programma oggi alle 18.30 di ulteriore pathos. Perch\u00e9 al palasport De Mas sta per arrivare la capolista: l\u2019Asolo Altivole Riese. Una formazione che, in questo campionato femminile di serie C, non ha ancora conosciuto il significato della parola \u201csconfitta\u201d.<span class=\"gmail-Apple-converted-space\"> \u00a0<\/span><\/p>\n<p>&nbsp;<\/p>\n<p>&nbsp;<\/p>\n<blockquote>\n<h3>BELLUNO VOLLEY PRONTO ALLA VOLATA FINALE<\/h3>\n<\/blockquote>\n<p><a class=\"dt-pswp-item\" href=\"https:\/\/www.radiopiu.net\/wordpress\/wp-content\/uploads\/2024\/03\/Un_trittico_per_chiudere_la_regular_season.jpg\" data-dt-img-description=\"\" data-large_image_width=\"1280\" data-large_image_height=\"853\"><img loading=\"lazy\" decoding=\"async\" class=\" wp-image-377033 alignleft\" src=\"https:\/\/www.radiopiu.net\/wordpress\/wp-content\/uploads\/2024\/03\/Un_trittico_per_chiudere_la_regular_season-300x200.jpg\" alt=\"\" width=\"158\" height=\"105\" srcset=\"https:\/\/www.radiopiu.net\/wordpress\/wp-content\/uploads\/2024\/03\/Un_trittico_per_chiudere_la_regular_season-300x200.jpg 300w, https:\/\/www.radiopiu.net\/wordpress\/wp-content\/uploads\/2024\/03\/Un_trittico_per_chiudere_la_regular_season-1024x682.jpg 1024w, https:\/\/www.radiopiu.net\/wordpress\/wp-content\/uploads\/2024\/03\/Un_trittico_per_chiudere_la_regular_season-768x512.jpg 768w, https:\/\/www.radiopiu.net\/wordpress\/wp-content\/uploads\/2024\/03\/Un_trittico_per_chiudere_la_regular_season.jpg 1280w\" sizes=\"auto, (max-width: 158px) 100vw, 158px\" \/><\/a>Il Belluno Volley si prepara alle ultime tre partite della stagione regolare di Serie A3 Credem Banca prima dei playoff. Affrontando il Gabbiano, capolista, seguito dalla Negrini Cte Acqui Terme e dalla Senini Motta di Livenza, il Belluno Volley si impegna in un trittico cruciale. La sfida contro il Gabbiano il 10 marzo presenta l&#8217;opportunit\u00e0 per la capolista di consolidare il primato. La trasferta a Valenza segue il 17 marzo, mentre la stagione regolare si chiude con una sfida diretta contro la Senini Motta il 24 marzo. La tensione sale mentre il Belluno Volley si prepara alla volata finale.<\/p>\n<p>&nbsp;<\/p>\n<p>&nbsp;<\/p>\n<p><span style=\"color: #0000ff;\"><strong>SCI ALPINO<\/strong><\/span><\/p>\n<blockquote>\n<h3>LE ALPINIADI 2024, BUONA PROVA DEI BELLUNESI<\/h3>\n<\/blockquote>\n<p><a class=\"dt-pswp-item\" href=\"https:\/\/www.radiopiu.net\/wordpress\/wp-content\/uploads\/2024\/03\/429642543_772118521105224_8721267650674408148_n.jpg\" data-dt-img-description=\"\" data-large_image_width=\"304\" data-large_image_height=\"540\"><img loading=\"lazy\" decoding=\"async\" class=\" wp-image-377049 alignleft\" src=\"https:\/\/www.radiopiu.net\/wordpress\/wp-content\/uploads\/2024\/03\/429642543_772118521105224_8721267650674408148_n-169x300.jpg\" alt=\"\" width=\"78\" height=\"138\" srcset=\"https:\/\/www.radiopiu.net\/wordpress\/wp-content\/uploads\/2024\/03\/429642543_772118521105224_8721267650674408148_n-169x300.jpg 169w, https:\/\/www.radiopiu.net\/wordpress\/wp-content\/uploads\/2024\/03\/429642543_772118521105224_8721267650674408148_n.jpg 304w\" sizes=\"auto, (max-width: 78px) 100vw, 78px\" \/><\/a>Le Alpiniadi invernali 2024, organizzate dalla Sezione Alto Adige &#8211; Bolzano, si sono concluse con una festa di sport, amicizia, solidariet\u00e0 e inclusivit\u00e0. La cerimonia di premiazione nel centro storico di San Candido ha riunito le penne nere dell&#8217;Ana coinvolte nelle discipline sportive classiche e nelle Truppe Alpine, che erano impegnate nella fase competitiva e conclusiva dell&#8217;esercitazione Volpe Bianca. La Sezione Valtellinese si \u00e8 aggiudicata la vittoria tra le 52 Sezioni Ana partecipanti con quasi 1500 atleti, seguita da Belluno e Bergamo al secondo e terzo posto rispettivamente.<\/p>\n<p><strong>LE CLASSIFICHE<\/strong><\/p>\n\n\t\t\t<style type='text\/css'>\n\t\t\t\t#gallery-7 {\n\t\t\t\t\tmargin: auto;\n\t\t\t\t}\n\t\t\t\t#gallery-7 .gallery-item {\n\t\t\t\t\tfloat: left;\n\t\t\t\t\tmargin-top: 10px;\n\t\t\t\t\ttext-align: center;\n\t\t\t\t\twidth: 12%;\n\t\t\t\t}\n\t\t\t\t#gallery-7 img {\n\t\t\t\t\tborder: 2px solid #cfcfcf;\n\t\t\t\t}\n\t\t\t\t#gallery-7 .gallery-caption {\n\t\t\t\t\tmargin-left: 0;\n\t\t\t\t}\n\t\t\t\t\/* see gallery_shortcode() in wp-includes\/media.php *\/\n\t\t\t<\/style>\n\t\t<div id='gallery-7' class='dt-gallery-container gallery galleryid-376949 gallery-columns-8 gallery-size-thumbnail'><dl class='gallery-item'>\n\t\t\t\t<dt class='gallery-icon portrait'>\n\t\t\t\t\t<a class=\"rollover rollover-zoom dt-pswp-item\" title=\"429117700_1052269129168409_2740457003636245371_n\" data-dt-img-description=\"\" data-large_image_width=\"1080\" data-large_image_height=\"1485\"href='https:\/\/www.radiopiu.net\/wordpress\/wp-content\/uploads\/2024\/03\/429117700_1052269129168409_2740457003636245371_n.jpg'><img loading=\"lazy\" decoding=\"async\" width=\"150\" height=\"150\" src=\"https:\/\/www.radiopiu.net\/wordpress\/wp-content\/uploads\/2024\/03\/429117700_1052269129168409_2740457003636245371_n-150x150.jpg\" class=\"attachment-thumbnail size-thumbnail\" alt=\"\" \/><\/a>\n\t\t\t\t<\/dt><\/dl><dl class='gallery-item'>\n\t\t\t\t<dt class='gallery-icon portrait'>\n\t\t\t\t\t<a class=\"rollover rollover-zoom dt-pswp-item\" title=\"429727736_2154340524902104_25539900595809003_n\" data-dt-img-description=\"\" data-large_image_width=\"1080\" data-large_image_height=\"1480\"href='https:\/\/www.radiopiu.net\/wordpress\/wp-content\/uploads\/2024\/03\/429727736_2154340524902104_25539900595809003_n.jpg'><img loading=\"lazy\" decoding=\"async\" width=\"150\" height=\"150\" src=\"https:\/\/www.radiopiu.net\/wordpress\/wp-content\/uploads\/2024\/03\/429727736_2154340524902104_25539900595809003_n-150x150.jpg\" class=\"attachment-thumbnail size-thumbnail\" alt=\"\" \/><\/a>\n\t\t\t\t<\/dt><\/dl><dl class='gallery-item'>\n\t\t\t\t<dt class='gallery-icon portrait'>\n\t\t\t\t\t<a class=\"rollover rollover-zoom dt-pswp-item\" title=\"429613480_899630575240954_5517301050168740188_n\" data-dt-img-description=\"\" data-large_image_width=\"1080\" data-large_image_height=\"1472\"href='https:\/\/www.radiopiu.net\/wordpress\/wp-content\/uploads\/2024\/03\/429613480_899630575240954_5517301050168740188_n.jpg'><img loading=\"lazy\" decoding=\"async\" width=\"150\" height=\"150\" src=\"https:\/\/www.radiopiu.net\/wordpress\/wp-content\/uploads\/2024\/03\/429613480_899630575240954_5517301050168740188_n-150x150.jpg\" class=\"attachment-thumbnail size-thumbnail\" alt=\"\" \/><\/a>\n\t\t\t\t<\/dt><\/dl><dl class='gallery-item'>\n\t\t\t\t<dt class='gallery-icon portrait'>\n\t\t\t\t\t<a class=\"rollover rollover-zoom dt-pswp-item\" title=\"429806099_2065514900493859_924142441415313774_n\" data-dt-img-description=\"\" data-large_image_width=\"1080\" data-large_image_height=\"1492\"href='https:\/\/www.radiopiu.net\/wordpress\/wp-content\/uploads\/2024\/03\/429806099_2065514900493859_924142441415313774_n.jpg'><img loading=\"lazy\" decoding=\"async\" width=\"150\" height=\"150\" src=\"https:\/\/www.radiopiu.net\/wordpress\/wp-content\/uploads\/2024\/03\/429806099_2065514900493859_924142441415313774_n-150x150.jpg\" class=\"attachment-thumbnail size-thumbnail\" alt=\"\" \/><\/a>\n\t\t\t\t<\/dt><\/dl><dl class='gallery-item'>\n\t\t\t\t<dt class='gallery-icon portrait'>\n\t\t\t\t\t<a class=\"rollover rollover-zoom dt-pswp-item\" title=\"429101601_408477485002868_2667629816261428602_n\" data-dt-img-description=\"\" data-large_image_width=\"1080\" data-large_image_height=\"1470\"href='https:\/\/www.radiopiu.net\/wordpress\/wp-content\/uploads\/2024\/03\/429101601_408477485002868_2667629816261428602_n.jpg'><img loading=\"lazy\" decoding=\"async\" width=\"150\" height=\"150\" src=\"https:\/\/www.radiopiu.net\/wordpress\/wp-content\/uploads\/2024\/03\/429101601_408477485002868_2667629816261428602_n-150x150.jpg\" class=\"attachment-thumbnail size-thumbnail\" alt=\"\" \/><\/a>\n\t\t\t\t<\/dt><\/dl><dl class='gallery-item'>\n\t\t\t\t<dt class='gallery-icon portrait'>\n\t\t\t\t\t<a class=\"rollover rollover-zoom dt-pswp-item\" title=\"429952485_1430475937897441_2842403941545788569_n\" data-dt-img-description=\"\" data-large_image_width=\"1080\" data-large_image_height=\"1438\"href='https:\/\/www.radiopiu.net\/wordpress\/wp-content\/uploads\/2024\/03\/429952485_1430475937897441_2842403941545788569_n.jpg'><img loading=\"lazy\" decoding=\"async\" width=\"150\" height=\"150\" src=\"https:\/\/www.radiopiu.net\/wordpress\/wp-content\/uploads\/2024\/03\/429952485_1430475937897441_2842403941545788569_n-150x150.jpg\" class=\"attachment-thumbnail size-thumbnail\" alt=\"\" \/><\/a>\n\t\t\t\t<\/dt><\/dl><dl class='gallery-item'>\n\t\t\t\t<dt class='gallery-icon portrait'>\n\t\t\t\t\t<a class=\"rollover rollover-zoom dt-pswp-item\" title=\"429111567_1852142231881039_3854656601608477470_n\" data-dt-img-description=\"\" data-large_image_width=\"1080\" data-large_image_height=\"2008\"href='https:\/\/www.radiopiu.net\/wordpress\/wp-content\/uploads\/2024\/03\/429111567_1852142231881039_3854656601608477470_n.jpg'><img loading=\"lazy\" decoding=\"async\" width=\"150\" height=\"150\" src=\"https:\/\/www.radiopiu.net\/wordpress\/wp-content\/uploads\/2024\/03\/429111567_1852142231881039_3854656601608477470_n-150x150.jpg\" class=\"attachment-thumbnail size-thumbnail\" alt=\"\" \/><\/a>\n\t\t\t\t<\/dt><\/dl><dl class='gallery-item'>\n\t\t\t\t<dt class='gallery-icon portrait'>\n\t\t\t\t\t<a class=\"rollover rollover-zoom dt-pswp-item\" title=\"429642556_428609139837056_4730420679332525115_n\" data-dt-img-description=\"\" data-large_image_width=\"1080\" data-large_image_height=\"1461\"href='https:\/\/www.radiopiu.net\/wordpress\/wp-content\/uploads\/2024\/03\/429642556_428609139837056_4730420679332525115_n.jpg'><img loading=\"lazy\" decoding=\"async\" width=\"150\" height=\"150\" src=\"https:\/\/www.radiopiu.net\/wordpress\/wp-content\/uploads\/2024\/03\/429642556_428609139837056_4730420679332525115_n-150x150.jpg\" class=\"attachment-thumbnail size-thumbnail\" alt=\"\" \/><\/a>\n\t\t\t\t<\/dt><\/dl><br style=\"clear: both\" \/>\n\t\t\t<\/div>\n\n<p>&nbsp;<\/p>\n<p>&nbsp;<\/p>\n<blockquote class=\"wp-embedded-content\" data-secret=\"Z1LBw5B4CQ\"><p><a href=\"https:\/\/hockeyitalia21.com\/2024\/03\/01\/mara-da-rech-da-giocatrice-ad-arbitro\/\">Mara Da Rech: da giocatrice ad arbitro?<\/a><\/p><\/blockquote>\n<p><iframe loading=\"lazy\" class=\"wp-embedded-content\" sandbox=\"allow-scripts\" security=\"restricted\" style=\"position: absolute; clip: rect(1px, 1px, 1px, 1px);\" title=\"&#8220;Mara Da Rech: da giocatrice ad arbitro?&#8221; &#8212; Hockey Italia 21\" src=\"https:\/\/hockeyitalia21.com\/2024\/03\/01\/mara-da-rech-da-giocatrice-ad-arbitro\/embed\/#?secret=cEYPDU5ii7#?secret=Z1LBw5B4CQ\" data-secret=\"Z1LBw5B4CQ\" width=\"600\" height=\"338\" frameborder=\"0\" marginwidth=\"0\" marginheight=\"0\" scrolling=\"no\"><\/iframe><\/p>\n<p>&nbsp;<\/p>\n<p>&nbsp;<\/p>\n<hr \/>\n<p>&nbsp;<\/p>\n<h2><span style=\"color: #008000;\">SPECIALE EP CENTER<\/span><\/h2>\n<p><strong>DI MIRCO MEZZACASA<\/strong><\/p>\n<p>OSPITE: FRANCESCO ZILIO DI EP CENTER<\/p>\n<p><iframe loading=\"lazy\" title=\"TECNOLOGIA, RISPETTO DELLA STORIA, LAVORO PER IL FUTURO\" width=\"1200\" height=\"675\" src=\"https:\/\/www.youtube.com\/embed\/0RiOKo9I4z0?feature=oembed\" frameborder=\"0\" allow=\"accelerometer; autoplay; clipboard-write; encrypted-media; gyroscope; picture-in-picture; web-share\" allowfullscreen><\/iframe><\/p>\n<p>&nbsp;<\/p>\n<h2><span style=\"color: #33cccc;\">GOODBYE BY BICICLE&#8230;UN VIAGGIO DALL&#8217;INDIA A SEREN DEL GRAPPA IN BICICLETTA<\/span><\/h2>\n<p><a class=\"dt-pswp-item\" href=\"https:\/\/www.radiopiu.net\/wordpress\/wp-content\/uploads\/2024\/02\/4c8c2ae5-aec7-4777-925c-a2413879888e.jpg\" data-dt-img-description=\"\" data-large_image_width=\"1600\" data-large_image_height=\"1200\"><img loading=\"lazy\" decoding=\"async\" class=\" wp-image-375169 alignleft\" src=\"https:\/\/www.radiopiu.net\/wordpress\/wp-content\/uploads\/2024\/02\/4c8c2ae5-aec7-4777-925c-a2413879888e-300x225.jpg\" alt=\"\" width=\"165\" height=\"124\" srcset=\"https:\/\/www.radiopiu.net\/wordpress\/wp-content\/uploads\/2024\/02\/4c8c2ae5-aec7-4777-925c-a2413879888e-300x225.jpg 300w, https:\/\/www.radiopiu.net\/wordpress\/wp-content\/uploads\/2024\/02\/4c8c2ae5-aec7-4777-925c-a2413879888e-1024x768.jpg 1024w, https:\/\/www.radiopiu.net\/wordpress\/wp-content\/uploads\/2024\/02\/4c8c2ae5-aec7-4777-925c-a2413879888e-768x576.jpg 768w, https:\/\/www.radiopiu.net\/wordpress\/wp-content\/uploads\/2024\/02\/4c8c2ae5-aec7-4777-925c-a2413879888e-1536x1152.jpg 1536w, https:\/\/www.radiopiu.net\/wordpress\/wp-content\/uploads\/2024\/02\/4c8c2ae5-aec7-4777-925c-a2413879888e.jpg 1600w\" sizes=\"auto, (max-width: 165px) 100vw, 165px\" \/><\/a>\u00c8 iniziato il 10 gennaio il viaggio in bicicletta di Aire e Lili che assieme al loro cane stanno percorrendo un lungo tragitto che \u00e8 partito in India e terminer\u00e0 a Rasai di Seren Del Grappa. Un viaggio in cui i due avventurieri faranno delle tappe per conoscere nuove persone e presentare il progetto nelle scuole.<\/p>\n<p><span style=\"color: #ff0000;\"><strong>PER SEGUIRE IL VIAGGIO PREMI IL TASTO DEL SOCIAL PREFERITO<\/strong><\/span><\/p>\n<p><strong><a href=\"https:\/\/www.instagram.com\/goodbyebybicycle?igsh=ZTN3N2ZpZ2hmeWFy\">INSTAGRAM<\/a> &#8212; <a href=\"https:\/\/www.youtube.com\/@GoodByeByBicycle\">YOUTUBE<\/a><\/strong><\/p>\n<p><strong>PUNTATA 02 &#8211; CONTINUA IL VIAGGIO DI AIRE E LILI<\/strong><\/p>\n<audio class=\"wp-audio-shortcode\" id=\"audio-376949-17\" preload=\"none\" style=\"width: 100%;\" controls=\"controls\"><source type=\"audio\/mpeg\" src=\"https:\/\/www.radiopiu.net\/wordpress\/wp-content\/uploads\/2024\/02\/INDIA-PUNTATA-02.mp3?_=17\" \/><a href=\"https:\/\/www.radiopiu.net\/wordpress\/wp-content\/uploads\/2024\/02\/INDIA-PUNTATA-02.mp3\">https:\/\/www.radiopiu.net\/wordpress\/wp-content\/uploads\/2024\/02\/INDIA-PUNTATA-02.mp3<\/a><\/audio>\n<p>&nbsp;<\/p>\n\n\t\t\t<style type='text\/css'>\n\t\t\t\t#gallery-8 {\n\t\t\t\t\tmargin: auto;\n\t\t\t\t}\n\t\t\t\t#gallery-8 .gallery-item {\n\t\t\t\t\tfloat: left;\n\t\t\t\t\tmargin-top: 10px;\n\t\t\t\t\ttext-align: center;\n\t\t\t\t\twidth: 25%;\n\t\t\t\t}\n\t\t\t\t#gallery-8 img {\n\t\t\t\t\tborder: 2px solid #cfcfcf;\n\t\t\t\t}\n\t\t\t\t#gallery-8 .gallery-caption {\n\t\t\t\t\tmargin-left: 0;\n\t\t\t\t}\n\t\t\t\t\/* see gallery_shortcode() in wp-includes\/media.php *\/\n\t\t\t<\/style>\n\t\t<div id='gallery-8' class='dt-gallery-container gallery galleryid-376949 gallery-columns-4 gallery-size-thumbnail'><dl class='gallery-item'>\n\t\t\t\t<dt class='gallery-icon landscape'>\n\t\t\t\t\t<a class=\"rollover rollover-zoom dt-pswp-item\" title=\"f57a3c0a-208b-4c7e-8f6c-21c1e6e926b7\" data-dt-img-description=\"\" data-large_image_width=\"1600\" data-large_image_height=\"1200\"href='https:\/\/www.radiopiu.net\/wordpress\/wp-content\/uploads\/2024\/02\/f57a3c0a-208b-4c7e-8f6c-21c1e6e926b7.jpg'><img loading=\"lazy\" decoding=\"async\" width=\"150\" height=\"150\" src=\"https:\/\/www.radiopiu.net\/wordpress\/wp-content\/uploads\/2024\/02\/f57a3c0a-208b-4c7e-8f6c-21c1e6e926b7-150x150.jpg\" class=\"attachment-thumbnail size-thumbnail\" alt=\"\" \/><\/a>\n\t\t\t\t<\/dt><\/dl><dl class='gallery-item'>\n\t\t\t\t<dt class='gallery-icon landscape'>\n\t\t\t\t\t<a class=\"rollover rollover-zoom dt-pswp-item\" title=\"dc049002-d17d-40bd-9c80-7cb337b93212\" data-dt-img-description=\"\" data-large_image_width=\"1600\" data-large_image_height=\"1200\"href='https:\/\/www.radiopiu.net\/wordpress\/wp-content\/uploads\/2024\/02\/dc049002-d17d-40bd-9c80-7cb337b93212.jpg'><img loading=\"lazy\" decoding=\"async\" width=\"150\" height=\"150\" src=\"https:\/\/www.radiopiu.net\/wordpress\/wp-content\/uploads\/2024\/02\/dc049002-d17d-40bd-9c80-7cb337b93212-150x150.jpg\" class=\"attachment-thumbnail size-thumbnail\" alt=\"\" \/><\/a>\n\t\t\t\t<\/dt><\/dl><dl class='gallery-item'>\n\t\t\t\t<dt class='gallery-icon portrait'>\n\t\t\t\t\t<a class=\"rollover rollover-zoom dt-pswp-item\" title=\"01799555-cb79-4cae-b325-8e689445fe13\" data-dt-img-description=\"\" data-large_image_width=\"914\" data-large_image_height=\"1026\"href='https:\/\/www.radiopiu.net\/wordpress\/wp-content\/uploads\/2024\/02\/01799555-cb79-4cae-b325-8e689445fe13.jpg'><img loading=\"lazy\" decoding=\"async\" width=\"150\" height=\"150\" src=\"https:\/\/www.radiopiu.net\/wordpress\/wp-content\/uploads\/2024\/02\/01799555-cb79-4cae-b325-8e689445fe13-150x150.jpg\" class=\"attachment-thumbnail size-thumbnail\" alt=\"\" \/><\/a>\n\t\t\t\t<\/dt><\/dl><dl class='gallery-item'>\n\t\t\t\t<dt class='gallery-icon landscape'>\n\t\t\t\t\t<a class=\"rollover rollover-zoom dt-pswp-item\" title=\"9149f29f-8f1c-439c-bff4-85e002989699\" data-dt-img-description=\"\" data-large_image_width=\"1496\" data-large_image_height=\"1496\"href='https:\/\/www.radiopiu.net\/wordpress\/wp-content\/uploads\/2024\/02\/9149f29f-8f1c-439c-bff4-85e002989699.jpg'><img loading=\"lazy\" decoding=\"async\" width=\"150\" height=\"150\" src=\"https:\/\/www.radiopiu.net\/wordpress\/wp-content\/uploads\/2024\/02\/9149f29f-8f1c-439c-bff4-85e002989699-150x150.jpg\" class=\"attachment-thumbnail size-thumbnail\" alt=\"\" srcset=\"https:\/\/www.radiopiu.net\/wordpress\/wp-content\/uploads\/2024\/02\/9149f29f-8f1c-439c-bff4-85e002989699-150x150.jpg 150w, https:\/\/www.radiopiu.net\/wordpress\/wp-content\/uploads\/2024\/02\/9149f29f-8f1c-439c-bff4-85e002989699-300x300.jpg 300w, https:\/\/www.radiopiu.net\/wordpress\/wp-content\/uploads\/2024\/02\/9149f29f-8f1c-439c-bff4-85e002989699-1024x1024.jpg 1024w, https:\/\/www.radiopiu.net\/wordpress\/wp-content\/uploads\/2024\/02\/9149f29f-8f1c-439c-bff4-85e002989699-768x768.jpg 768w, https:\/\/www.radiopiu.net\/wordpress\/wp-content\/uploads\/2024\/02\/9149f29f-8f1c-439c-bff4-85e002989699.jpg 1496w\" sizes=\"auto, (max-width: 150px) 100vw, 150px\" \/><\/a>\n\t\t\t\t<\/dt><\/dl><br style=\"clear: both\" \/><dl class='gallery-item'>\n\t\t\t\t<dt class='gallery-icon landscape'>\n\t\t\t\t\t<a class=\"rollover rollover-zoom dt-pswp-item\" title=\"5256f650-bee9-4ab6-9e82-480807fb845b\" data-dt-img-description=\"\" data-large_image_width=\"1496\" data-large_image_height=\"1496\"href='https:\/\/www.radiopiu.net\/wordpress\/wp-content\/uploads\/2024\/02\/5256f650-bee9-4ab6-9e82-480807fb845b.jpg'><img loading=\"lazy\" decoding=\"async\" width=\"150\" height=\"150\" src=\"https:\/\/www.radiopiu.net\/wordpress\/wp-content\/uploads\/2024\/02\/5256f650-bee9-4ab6-9e82-480807fb845b-150x150.jpg\" class=\"attachment-thumbnail size-thumbnail\" alt=\"\" srcset=\"https:\/\/www.radiopiu.net\/wordpress\/wp-content\/uploads\/2024\/02\/5256f650-bee9-4ab6-9e82-480807fb845b-150x150.jpg 150w, https:\/\/www.radiopiu.net\/wordpress\/wp-content\/uploads\/2024\/02\/5256f650-bee9-4ab6-9e82-480807fb845b-300x300.jpg 300w, https:\/\/www.radiopiu.net\/wordpress\/wp-content\/uploads\/2024\/02\/5256f650-bee9-4ab6-9e82-480807fb845b-1024x1024.jpg 1024w, https:\/\/www.radiopiu.net\/wordpress\/wp-content\/uploads\/2024\/02\/5256f650-bee9-4ab6-9e82-480807fb845b-768x768.jpg 768w, https:\/\/www.radiopiu.net\/wordpress\/wp-content\/uploads\/2024\/02\/5256f650-bee9-4ab6-9e82-480807fb845b.jpg 1496w\" sizes=\"auto, (max-width: 150px) 100vw, 150px\" \/><\/a>\n\t\t\t\t<\/dt><\/dl><dl class='gallery-item'>\n\t\t\t\t<dt class='gallery-icon landscape'>\n\t\t\t\t\t<a class=\"rollover rollover-zoom dt-pswp-item\" title=\"35ec5cbc-e543-4b2f-a8b6-cd6ba4066769\" data-dt-img-description=\"\" data-large_image_width=\"1280\" data-large_image_height=\"960\"href='https:\/\/www.radiopiu.net\/wordpress\/wp-content\/uploads\/2024\/02\/35ec5cbc-e543-4b2f-a8b6-cd6ba4066769.jpg'><img loading=\"lazy\" decoding=\"async\" width=\"150\" height=\"150\" src=\"https:\/\/www.radiopiu.net\/wordpress\/wp-content\/uploads\/2024\/02\/35ec5cbc-e543-4b2f-a8b6-cd6ba4066769-150x150.jpg\" class=\"attachment-thumbnail size-thumbnail\" alt=\"\" \/><\/a>\n\t\t\t\t<\/dt><\/dl><dl class='gallery-item'>\n\t\t\t\t<dt class='gallery-icon landscape'>\n\t\t\t\t\t<a class=\"rollover rollover-zoom dt-pswp-item\" title=\"34f7e5eb-b813-4aa9-99b1-d34f2de50a09\" data-dt-img-description=\"\" data-large_image_width=\"1496\" data-large_image_height=\"1496\"href='https:\/\/www.radiopiu.net\/wordpress\/wp-content\/uploads\/2024\/02\/34f7e5eb-b813-4aa9-99b1-d34f2de50a09.jpg'><img loading=\"lazy\" decoding=\"async\" width=\"150\" height=\"150\" src=\"https:\/\/www.radiopiu.net\/wordpress\/wp-content\/uploads\/2024\/02\/34f7e5eb-b813-4aa9-99b1-d34f2de50a09-150x150.jpg\" class=\"attachment-thumbnail size-thumbnail\" alt=\"\" srcset=\"https:\/\/www.radiopiu.net\/wordpress\/wp-content\/uploads\/2024\/02\/34f7e5eb-b813-4aa9-99b1-d34f2de50a09-150x150.jpg 150w, https:\/\/www.radiopiu.net\/wordpress\/wp-content\/uploads\/2024\/02\/34f7e5eb-b813-4aa9-99b1-d34f2de50a09-300x300.jpg 300w, https:\/\/www.radiopiu.net\/wordpress\/wp-content\/uploads\/2024\/02\/34f7e5eb-b813-4aa9-99b1-d34f2de50a09-1024x1024.jpg 1024w, https:\/\/www.radiopiu.net\/wordpress\/wp-content\/uploads\/2024\/02\/34f7e5eb-b813-4aa9-99b1-d34f2de50a09-768x768.jpg 768w, https:\/\/www.radiopiu.net\/wordpress\/wp-content\/uploads\/2024\/02\/34f7e5eb-b813-4aa9-99b1-d34f2de50a09.jpg 1496w\" sizes=\"auto, (max-width: 150px) 100vw, 150px\" \/><\/a>\n\t\t\t\t<\/dt><\/dl><dl class='gallery-item'>\n\t\t\t\t<dt class='gallery-icon landscape'>\n\t\t\t\t\t<a class=\"rollover rollover-zoom dt-pswp-item\" title=\"5d7553ac-1871-468e-a860-77974ae70f3b\" data-dt-img-description=\"\" data-large_image_width=\"1496\" data-large_image_height=\"1496\"href='https:\/\/www.radiopiu.net\/wordpress\/wp-content\/uploads\/2024\/02\/5d7553ac-1871-468e-a860-77974ae70f3b.jpg'><img loading=\"lazy\" decoding=\"async\" width=\"150\" height=\"150\" src=\"https:\/\/www.radiopiu.net\/wordpress\/wp-content\/uploads\/2024\/02\/5d7553ac-1871-468e-a860-77974ae70f3b-150x150.jpg\" class=\"attachment-thumbnail size-thumbnail\" alt=\"\" srcset=\"https:\/\/www.radiopiu.net\/wordpress\/wp-content\/uploads\/2024\/02\/5d7553ac-1871-468e-a860-77974ae70f3b-150x150.jpg 150w, https:\/\/www.radiopiu.net\/wordpress\/wp-content\/uploads\/2024\/02\/5d7553ac-1871-468e-a860-77974ae70f3b-300x300.jpg 300w, https:\/\/www.radiopiu.net\/wordpress\/wp-content\/uploads\/2024\/02\/5d7553ac-1871-468e-a860-77974ae70f3b-1024x1024.jpg 1024w, https:\/\/www.radiopiu.net\/wordpress\/wp-content\/uploads\/2024\/02\/5d7553ac-1871-468e-a860-77974ae70f3b-768x768.jpg 768w, https:\/\/www.radiopiu.net\/wordpress\/wp-content\/uploads\/2024\/02\/5d7553ac-1871-468e-a860-77974ae70f3b.jpg 1496w\" sizes=\"auto, (max-width: 150px) 100vw, 150px\" \/><\/a>\n\t\t\t\t<\/dt><\/dl><br style=\"clear: both\" \/>\n\t\t\t<\/div>\n\n<p>&nbsp;<\/p>\n<h2>LA RACCOLTA COMPLETA <a href=\"https:\/\/www.radiopiu.net\/wordpress\/goodbye-by-bicicle-un-viaggio-dallindia-a-seren-del-grappa-in-bicicletta-02\/\">CLICCA QUI<\/a><\/h2>\n<p>&nbsp;<\/p>\n<blockquote class=\"wp-embedded-content\" data-secret=\"cfupHli1Pk\"><p><a href=\"https:\/\/www.radiopiu.net\/wordpress\/il-giormale-radio-di-marco-dal-farra-05\/\">IL GIORMALE RADIO DI MARCO DAL FARRA &#8211; LA RACCOLTA<\/a><\/p><\/blockquote>\n<p><iframe loading=\"lazy\" class=\"wp-embedded-content\" sandbox=\"allow-scripts\" security=\"restricted\" style=\"position: absolute; clip: rect(1px, 1px, 1px, 1px);\" title=\"&#8220;IL GIORMALE RADIO DI MARCO DAL FARRA &#8211; LA RACCOLTA&#8221; &#8212; Radio Pi\u00f9\" src=\"https:\/\/www.radiopiu.net\/wordpress\/il-giormale-radio-di-marco-dal-farra-05\/embed\/#?secret=vDMaJEWbJe#?secret=cfupHli1Pk\" data-secret=\"cfupHli1Pk\" width=\"600\" height=\"338\" frameborder=\"0\" marginwidth=\"0\" marginheight=\"0\" scrolling=\"no\"><\/iframe><\/p>\n<p>&nbsp;<\/p>\n<h2><span style=\"color: #00ccff;\">SALUTE &amp; SOCIETA&#8217;<\/span><\/h2>\n<p><a class=\"dt-pswp-item\" href=\"https:\/\/www.radiopiu.net\/wordpress\/wp-content\/uploads\/2024\/02\/d878df52-0328-3427-596f-7580bedf143f.jpg\" data-dt-img-description=\"Two doctors in protective masks look and discuss an X-ray or MRI scan of the patient\u2019s brain, isolated on a dark gray background.\" data-large_image_width=\"800\" data-large_image_height=\"445\"><img loading=\"lazy\" decoding=\"async\" class=\"alignleft wp-image-376257 \" src=\"https:\/\/www.radiopiu.net\/wordpress\/wp-content\/uploads\/2024\/02\/d878df52-0328-3427-596f-7580bedf143f-300x167.jpg\" alt=\"\" width=\"180\" height=\"100\" srcset=\"https:\/\/www.radiopiu.net\/wordpress\/wp-content\/uploads\/2024\/02\/d878df52-0328-3427-596f-7580bedf143f-300x167.jpg 300w, https:\/\/www.radiopiu.net\/wordpress\/wp-content\/uploads\/2024\/02\/d878df52-0328-3427-596f-7580bedf143f-768x427.jpg 768w, https:\/\/www.radiopiu.net\/wordpress\/wp-content\/uploads\/2024\/02\/d878df52-0328-3427-596f-7580bedf143f.jpg 800w\" sizes=\"auto, (max-width: 180px) 100vw, 180px\" \/><\/a><\/p>\n<p><strong>PUNTATA DEL 26 FEBBRAIO 2024<\/strong><\/p>\n<p><strong>Fabry\u2019s Kitchen <\/strong>Il ruolo della nutrizione nelle Malattie Rare: al via il progetto Fabry\u2019s Kitchen che punta a sensibilizzare Clinici, Istituzioni e cittadini sulla Malattia di Fabry e suggerisce un comportamento alimentare in grado di alleviare le sofferenze delle persone con malattia rara. <strong>Giornata Internazionale dell\u2019epilessia <\/strong>Il 12 Febbraio era la Giornata Internazionale dell\u2019epilessia. LICE e Fondazione LICE 2024 lanciano due campagne di sensibilizzazione: \u201cEpilessia al cinema\u201d e \u201cmetti in panchina l\u2019epilessia\u201d.<\/p>\n<audio class=\"wp-audio-shortcode\" id=\"audio-376949-18\" preload=\"none\" style=\"width: 100%;\" controls=\"controls\"><source type=\"audio\/mpeg\" src=\"https:\/\/www.radiopiu.net\/wordpress\/wp-content\/uploads\/2024\/02\/SALUTE-3.mp3?_=18\" \/><a href=\"https:\/\/www.radiopiu.net\/wordpress\/wp-content\/uploads\/2024\/02\/SALUTE-3.mp3\">https:\/\/www.radiopiu.net\/wordpress\/wp-content\/uploads\/2024\/02\/SALUTE-3.mp3<\/a><\/audio>\n<p>&nbsp;<\/p>\n<p>&nbsp;<\/p>\n<hr \/>\n<p>&nbsp;<\/p>\n<blockquote class=\"wp-embedded-content\" data-secret=\"Z8AbXHaAxP\"><p><a href=\"https:\/\/www.radiopiu.net\/wordpress\/ciak24\/\">CIAK SI GIRA, IL PROGRAMMA DI PAOLA LANCIATO &#8211; LA RACCOLTA<\/a><\/p><\/blockquote>\n<p><iframe loading=\"lazy\" class=\"wp-embedded-content\" sandbox=\"allow-scripts\" security=\"restricted\" style=\"position: absolute; clip: rect(1px, 1px, 1px, 1px);\" title=\"&#8220;CIAK SI GIRA, IL PROGRAMMA DI PAOLA LANCIATO &#8211; LA RACCOLTA&#8221; &#8212; Radio Pi\u00f9\" src=\"https:\/\/www.radiopiu.net\/wordpress\/ciak24\/embed\/#?secret=h0tnBLgbyn#?secret=Z8AbXHaAxP\" data-secret=\"Z8AbXHaAxP\" width=\"600\" height=\"338\" frameborder=\"0\" marginwidth=\"0\" marginheight=\"0\" scrolling=\"no\"><\/iframe><\/p>\n<p>&nbsp;<\/p>\n","protected":false},"excerpt":{"rendered":"<p>***** &nbsp; PASSO VALPAROLA, ORE SETTE, STEFANO (viabilita provincia belluno VPB)\u00a0 40esimo di RADIOPIU\u2026. LA VOCE DELL\u2019EMOZIONE ISCRIVITI AL NOSTRO CANALE\u00a0\u00a0YOUTUBE PER SEGUIRE IN DIRETTA I PRINCIPALI PROGRAMMI DI RADIO PIU\u2019 E LE FUTURE DIRETTE IN ESTERNA. PER ISCRIVERTI CLICCA QUI\u00a0E PREMI\u00a0 \u201cIscriviti\u201d\u00a0 \u00a0 OGGI ALLA RADIO: ALLE 7 LA RASSEGNA STAMPA LOCALE FLASH, PER&hellip;<\/p>\n","protected":false},"author":4,"featured_media":377098,"comment_status":"closed","ping_status":"closed","sticky":false,"template":"","format":"standard","meta":{"_monsterinsights_skip_tracking":false,"_monsterinsights_sitenote_active":false,"_monsterinsights_sitenote_note":"","_monsterinsights_sitenote_category":0,"footnotes":""},"categories":[51,86,49],"tags":[],"class_list":["post-376949","post","type-post","status-publish","format-standard","has-post-thumbnail","hentry","category-evidenza-top","category-gr","category-news-18","category-51","category-86","category-49","description-off"],"img_url":"https:\/\/www.radiopiu.net\/wordpress\/wp-content\/uploads\/2024\/03\/vento-capelli-3-1.jpg","_links":{"self":[{"href":"https:\/\/www.radiopiu.net\/wordpress\/wp-json\/wp\/v2\/posts\/376949","targetHints":{"allow":["GET"]}}],"collection":[{"href":"https:\/\/www.radiopiu.net\/wordpress\/wp-json\/wp\/v2\/posts"}],"about":[{"href":"https:\/\/www.radiopiu.net\/wordpress\/wp-json\/wp\/v2\/types\/post"}],"author":[{"embeddable":true,"href":"https:\/\/www.radiopiu.net\/wordpress\/wp-json\/wp\/v2\/users\/4"}],"replies":[{"embeddable":true,"href":"https:\/\/www.radiopiu.net\/wordpress\/wp-json\/wp\/v2\/comments?post=376949"}],"version-history":[{"count":0,"href":"https:\/\/www.radiopiu.net\/wordpress\/wp-json\/wp\/v2\/posts\/376949\/revisions"}],"wp:featuredmedia":[{"embeddable":true,"href":"https:\/\/www.radiopiu.net\/wordpress\/wp-json\/wp\/v2\/media\/377098"}],"wp:attachment":[{"href":"https:\/\/www.radiopiu.net\/wordpress\/wp-json\/wp\/v2\/media?parent=376949"}],"wp:term":[{"taxonomy":"category","embeddable":true,"href":"https:\/\/www.radiopiu.net\/wordpress\/wp-json\/wp\/v2\/categories?post=376949"},{"taxonomy":"post_tag","embeddable":true,"href":"https:\/\/www.radiopiu.net\/wordpress\/wp-json\/wp\/v2\/tags?post=376949"}],"curies":[{"name":"wp","href":"https:\/\/api.w.org\/{rel}","templated":true}]}}