{"id":377125,"date":"2024-03-04T05:22:44","date_gmt":"2024-03-04T04:22:44","guid":{"rendered":"https:\/\/www.radiopiu.net\/wordpress\/?p=377125"},"modified":"2024-03-04T08:00:01","modified_gmt":"2024-03-04T07:00:01","slug":"giornale-radiopiu-04-marzo-2024-direttore-mirko-mezzacasada-40-anni-25-giugno-1983-25-giugno-2023","status":"publish","type":"post","link":"https:\/\/www.radiopiu.net\/wordpress\/giornale-radiopiu-04-marzo-2024-direttore-mirko-mezzacasada-40-anni-25-giugno-1983-25-giugno-2023\/","title":{"rendered":"GIORNALE RADIOPIU 04 MARZO 2024 DIRETTORE MIRKO MEZZACASA\u2026DA 40 ANNI 25 GIUGNO 1983-25 GIUGNO 2023"},"content":{"rendered":"<p>*****<\/p>\n<p>&nbsp;<\/p>\n<h1 class=\"entry-title photoswipe-wrapper\">40esimo di RADIOPIU\u2026. LA VOCE DELL\u2019EMOZIONE<\/h1>\n<h2><\/h2>\n<h2><span style=\"color: #ff0000;\">ISCRIVITI AL NOSTRO CANALE\u00a0\u00a0YOUTUBE PER SEGUIRE IN DIRETTA I PRINCIPALI PROGRAMMI DI RADIO PIU\u2019 E LE FUTURE DIRETTE IN ESTERNA. PER ISCRIVERTI <a style=\"color: #ff0000;\" href=\"https:\/\/youtube.com\/@radiopiu1527\">CLICCA QUI\u00a0<\/a>E PREMI\u00a0 \u201cIscriviti\u201d\u00a0 \u00a0<\/span><\/h2>\n<div class=\"x1e56ztr\" data-block=\"true\" data-editor=\"avj4u\" data-offset-key=\"d3i0j-0-0\"><\/div>\n<div data-block=\"true\" data-editor=\"avj4u\" data-offset-key=\"d3i0j-0-0\"><\/div>\n<div data-block=\"true\" data-editor=\"avj4u\" data-offset-key=\"d3i0j-0-0\"><\/div>\n<div class=\"x11i5rnm xat24cr x1mh8g0r x1vvkbs xtlvy1s x126k92a\">\n<div dir=\"auto\">\n<p><a class=\"dt-pswp-item\" href=\"https:\/\/www.radiopiu.net\/wordpress\/wp-content\/uploads\/2023\/10\/34f4cfc6-e863-46e9-9695-8df44be63421.jpg\" data-dt-img-description=\"\" data-large_image_width=\"1200\" data-large_image_height=\"1200\"><img loading=\"lazy\" decoding=\"async\" class=\"wp-image-357393 alignleft\" src=\"https:\/\/www.radiopiu.net\/wordpress\/wp-content\/uploads\/2023\/10\/34f4cfc6-e863-46e9-9695-8df44be63421-300x300.jpg\" alt=\"\" width=\"81\" height=\"81\" srcset=\"https:\/\/www.radiopiu.net\/wordpress\/wp-content\/uploads\/2023\/10\/34f4cfc6-e863-46e9-9695-8df44be63421-300x300.jpg 300w, https:\/\/www.radiopiu.net\/wordpress\/wp-content\/uploads\/2023\/10\/34f4cfc6-e863-46e9-9695-8df44be63421-1024x1024.jpg 1024w, https:\/\/www.radiopiu.net\/wordpress\/wp-content\/uploads\/2023\/10\/34f4cfc6-e863-46e9-9695-8df44be63421-150x150.jpg 150w, https:\/\/www.radiopiu.net\/wordpress\/wp-content\/uploads\/2023\/10\/34f4cfc6-e863-46e9-9695-8df44be63421-768x768.jpg 768w, https:\/\/www.radiopiu.net\/wordpress\/wp-content\/uploads\/2023\/10\/34f4cfc6-e863-46e9-9695-8df44be63421.jpg 1200w\" sizes=\"auto, (max-width: 81px) 100vw, 81px\" \/><\/a>OGGI ALLA RADIO: <strong>ALLE 7<\/strong> LA RASSEGNA STAMPA LOCALE FLASH, PER CHI COME NOI ALLE SETTE DEL MATTINO VA DI FRETTA, TANTE NOTIZIE IN POCHE CHIACCHIERE. <strong>ALLE OTTO<\/strong> L&#8217;APPROFONDIMENTO NELLA STORICA RASSEGNA STAMPA LOCALE.\u00a0 DALLE 6 ALLE 21, OGNI ORA, L&#8217;INFORMAZIONE NAZIONALE, l&#8217;informazione locale,\u00a0 OGNI ORA IN CODA AL GR NAZIONALE, ALLE 14 VIABILITA 15 METEOROLOGIA 19 I TITOLI DAL TG DI ANTENNA 3 A CURA DI TIZIANA BOLOGNANI<\/p>\n<p>&nbsp;<\/p>\n<p>&nbsp;<\/p>\n<div dir=\"auto\"><a class=\"x1i10hfl xjbqb8w x1ejq31n xd10rxx x1sy0etr x17r0tee x972fbf xcfux6l x1qhh985 xm0m39n x9f619 x1ypdohk xt0psk2 xe8uvvx xdj266r x11i5rnm xat24cr x1mh8g0r xexx8yu x4uap5 x18d9i69 xkhd6sd x16tdsg8 x1hl2dhg xggy1nq x1a2a7pz xt0b8zv x1fey0fg xo1l8bm\" tabindex=\"0\" role=\"link\" href=\"https:\/\/www.facebook.com\/groups\/radiopiu\/?__cft__[0]=AZUCvj2hiOWfZ3SMnLi4VjjErCqmTbdbyDKbK_r9Y_AXfBvoro9WfWYJayYZgrI8gaWmMaNprtdTvtTxfhkOKUpSvEg2ILJLXM-QYhRqxYr2f1XvaXQYMUm2--qE9fKY5IHOaPsIFgsYnv4LL8QJ45jFfb2rFOImi91yf5XSO8FgrcpPp4hDl-109rLGYeLjDeQ&amp;__tn__=-UK-R\"><span class=\"xt0psk2\">\u00a0<\/span><\/a><\/div>\n<div dir=\"auto\"><\/div>\n<p><strong><a class=\"dt-pswp-item\" href=\"https:\/\/www.radiopiu.net\/wordpress\/wp-content\/uploads\/2024\/02\/2d44e751-d8a8-461b-8e22-d8e4e853b032.jpg\" data-dt-img-description=\"\" data-large_image_width=\"1600\" data-large_image_height=\"1200\"><img loading=\"lazy\" decoding=\"async\" class=\"wp-image-373307 alignleft\" src=\"https:\/\/www.radiopiu.net\/wordpress\/wp-content\/uploads\/2024\/02\/2d44e751-d8a8-461b-8e22-d8e4e853b032-300x225.jpg\" alt=\"\" width=\"105\" height=\"79\" srcset=\"https:\/\/www.radiopiu.net\/wordpress\/wp-content\/uploads\/2024\/02\/2d44e751-d8a8-461b-8e22-d8e4e853b032-300x225.jpg 300w, https:\/\/www.radiopiu.net\/wordpress\/wp-content\/uploads\/2024\/02\/2d44e751-d8a8-461b-8e22-d8e4e853b032-1024x768.jpg 1024w, https:\/\/www.radiopiu.net\/wordpress\/wp-content\/uploads\/2024\/02\/2d44e751-d8a8-461b-8e22-d8e4e853b032-768x576.jpg 768w, https:\/\/www.radiopiu.net\/wordpress\/wp-content\/uploads\/2024\/02\/2d44e751-d8a8-461b-8e22-d8e4e853b032-1536x1152.jpg 1536w, https:\/\/www.radiopiu.net\/wordpress\/wp-content\/uploads\/2024\/02\/2d44e751-d8a8-461b-8e22-d8e4e853b032.jpg 1600w\" sizes=\"auto, (max-width: 105px) 100vw, 105px\" \/><\/a>EL BAL DEL FIOR, DI GIULIANA DA RONCH, 04 MARZO 2024\u00a0<\/strong><\/p>\n<p>OGNI GIORNO ALLE 7.20 E ALLE 19 SU RADIO PIU<\/p>\n<\/div>\n<div dir=\"auto\">\n<audio class=\"wp-audio-shortcode\" id=\"audio-377125-1\" preload=\"none\" style=\"width: 100%;\" controls=\"controls\"><source type=\"audio\/mpeg\" src=\"https:\/\/www.radiopiu.net\/wordpress\/wp-content\/uploads\/2024\/03\/GLU.m4a?_=1\" \/><a href=\"https:\/\/www.radiopiu.net\/wordpress\/wp-content\/uploads\/2024\/03\/GLU.m4a\">https:\/\/www.radiopiu.net\/wordpress\/wp-content\/uploads\/2024\/03\/GLU.m4a<\/a><\/audio>\n<p>&nbsp;<\/p>\n<p>&nbsp;<\/p>\n<blockquote>\n<h2><a class=\"dt-pswp-item\" href=\"https:\/\/www.radiopiu.net\/wordpress\/wp-content\/uploads\/2024\/03\/th.jpg\" data-dt-img-description=\"\" data-large_image_width=\"237\" data-large_image_height=\"180\"><img loading=\"lazy\" decoding=\"async\" class=\"wp-image-377389 alignleft\" src=\"https:\/\/www.radiopiu.net\/wordpress\/wp-content\/uploads\/2024\/03\/th.jpg\" alt=\"\" width=\"136\" height=\"103\" \/><\/a>4-3-1943&#8212;- IERI COME OGGI DI SILVIA BALDO<\/h2>\n<p>IL LUNEDI ALLE 9 E ALLE 20.30\u00a0 SU\u00a0 RADIO PIU<\/p><\/blockquote>\n<audio class=\"wp-audio-shortcode\" id=\"audio-377125-2\" preload=\"none\" style=\"width: 100%;\" controls=\"controls\"><source type=\"audio\/mpeg\" src=\"https:\/\/www.radiopiu.net\/wordpress\/wp-content\/uploads\/2024\/03\/SIBI.mp3?_=2\" \/><a href=\"https:\/\/www.radiopiu.net\/wordpress\/wp-content\/uploads\/2024\/03\/SIBI.mp3\">https:\/\/www.radiopiu.net\/wordpress\/wp-content\/uploads\/2024\/03\/SIBI.mp3<\/a><\/audio>\n<p>&nbsp;<\/p>\n<p>&nbsp;<\/p>\n<p>&nbsp;<\/p>\n<hr \/>\n<hr \/>\n<hr \/>\n<hr \/>\n<p>&nbsp;<\/p>\n<p>&nbsp;<\/p>\n<p><span style=\"color: #ff0000;\"><strong>OGGI ALLA RADIO <\/strong>\u00a0<\/span><strong>ALLE 7.20<\/strong> EL BAR DEL FIOR, DETTI E TRADIZIONI DI GIULIANA DA RONCH <strong>ALLE 9.00 <\/strong>OGGI COME IERI con Silvia Baldo<strong> ALLE 10.10 <\/strong>CIAK SI GIRA, IL GOSSIP CON PAOLA LANCIATO<strong> ALLE 10.30 <\/strong>PERITI MINERARI NEL MONDO, IL SETTIMANALE ALLA RADIO CON L&#8217;ASSOCIAZIONE PERITI MINERARI DI AGORDO<strong> ALLE 13.00 <\/strong>SALUTE E SOCIETA&#8217; CON IL DOTTOR MARCO CARACCIOLO<strong> ALLE 16.30<\/strong> SPECIALE CALCIO A 5 CANOTTIERI BELLUNO GIESSE RISARCIMENTO DANNI<\/p>\n<p>&nbsp;<\/p>\n<p>&nbsp;<\/p>\n<hr \/>\n<\/div>\n<\/div>\n<blockquote>\n<blockquote>\n<h1><span style=\"color: #ff0000;\">I podcast informativi del mattino &#8211; audio &#8211;\u00a0<\/span><\/h1>\n<\/blockquote>\n<p><strong><a class=\"dt-pswp-item\" href=\"https:\/\/www.radiopiu.net\/wordpress\/wp-content\/uploads\/2023\/11\/th-10.jpg\" data-dt-img-description=\"\" data-large_image_width=\"320\" data-large_image_height=\"180\"><img loading=\"lazy\" decoding=\"async\" class=\"wp-image-362866 alignleft\" src=\"https:\/\/www.radiopiu.net\/wordpress\/wp-content\/uploads\/2023\/11\/th-10-300x169.jpg\" alt=\"\" width=\"185\" height=\"104\" srcset=\"https:\/\/www.radiopiu.net\/wordpress\/wp-content\/uploads\/2023\/11\/th-10-300x169.jpg 300w, https:\/\/www.radiopiu.net\/wordpress\/wp-content\/uploads\/2023\/11\/th-10.jpg 320w\" sizes=\"auto, (max-width: 185px) 100vw, 185px\" \/><\/a>LA RASSEGNA STAMPA NAZIONALE ALLA RADIO, OGNI GIORNO ALLE 5 E ALLE 6 DEL MATTINO <span style=\"color: #0000ff;\">viene pubblicata alle 6.00 <span style=\"color: #ff0000;\">DIRETTA RADIO\u00a0\u00a0<\/span><\/span><\/strong><\/p>\n<p>&nbsp;<\/p>\n<p>&nbsp;<\/p><\/blockquote>\n<p><strong>DI STEFANO FAMA&#8217;<\/strong><br \/>\n<strong>Politica<\/strong> Lo spionaggio dei politici e dei vip al Copasir e Csm,<strong> Aerei<\/strong>\u00a0 Ita verso un accordo con Lufthansa,\u00a0 <strong>Gaza<\/strong> la tregua \u00e8 di nuovo lontana <strong>Como<\/strong> 66enne muore nell&#8217;immersione nel lago <strong>Aosta<\/strong> valanga,\u00a0 paesi isolati <strong>Roma<\/strong> ferite mentre ballano in discoteca <strong>Maltempo<\/strong> allarme arancione in diverse regioni <strong>Sport<\/strong> il super G<\/p>\n<h2>AUDIO dalle 7 del mattino<\/h2>\n<audio class=\"wp-audio-shortcode\" id=\"audio-377125-3\" preload=\"none\" style=\"width: 100%;\" controls=\"controls\"><source type=\"audio\/mpeg\" src=\"https:\/\/www.radiopiu.net\/wordpress\/wp-content\/uploads\/2024\/03\/GIORNALEDELLESEI-2.mp3?_=3\" \/><a href=\"https:\/\/www.radiopiu.net\/wordpress\/wp-content\/uploads\/2024\/03\/GIORNALEDELLESEI-2.mp3\">https:\/\/www.radiopiu.net\/wordpress\/wp-content\/uploads\/2024\/03\/GIORNALEDELLESEI-2.mp3<\/a><\/audio>\n<p>&nbsp;<\/p>\n<p>&nbsp;<\/p>\n<hr \/>\n<p>&nbsp;<\/p>\n<h1 style=\"text-align: center;\"><span style=\"color: #ff0000;\">I podcast informativi del mattino &#8211; audio &#8211;\u00a0<\/span><\/h1>\n<p><strong><a class=\"dt-pswp-item\" href=\"https:\/\/www.radiopiu.net\/wordpress\/wp-content\/uploads\/2023\/12\/images.png\" data-dt-img-description=\"\" data-large_image_width=\"316\" data-large_image_height=\"160\"><img loading=\"lazy\" decoding=\"async\" class=\"wp-image-367008 alignleft\" src=\"https:\/\/www.radiopiu.net\/wordpress\/wp-content\/uploads\/2023\/12\/images-300x152.png\" alt=\"\" width=\"235\" height=\"119\" srcset=\"https:\/\/www.radiopiu.net\/wordpress\/wp-content\/uploads\/2023\/12\/images-300x152.png 300w, https:\/\/www.radiopiu.net\/wordpress\/wp-content\/uploads\/2023\/12\/images.png 316w\" sizes=\"auto, (max-width: 235px) 100vw, 235px\" \/><\/a>OGNI GIORNO ALLE SETTE DEL MATTINO, LA RASSEGNA STAMPA LOCALE FLASH&#8230; PER CHI VA IN FRETTA. I TITOLI DAI GIORNALI E DAL SITO WWW.RADIOPIU.NET <span style=\"color: #0000ff;\">viene pubblicato alle 7.00<\/span> <span style=\"color: #ff0000;\">DIRETTA RADIO\u00a0<\/span><\/strong><\/p>\n<p><em><span style=\"color: #ff0000;\">per chi va in fretta&#8230; tante notizie in pochi minuti. L&#8217;informazione locale alla radio, ogni ora dalle 7 del mattino alle 19 della sera.\u00a0 \u00a0\u00a0<\/span><\/em><\/p>\n<p>di mirko mezzacasa<\/p>\n<p><strong>LA VALLE<\/strong> Il Comune La Valle Agordina ordina la sospensione temporanea della circolazione veicolare sulla viabilit\u00e0 Silvo-pastorale di Fres, dall&#8217;11 marzo al 24 giugno\u00a0 dalle 7 alle\u00a0 18 dal luned\u00ec al venerd\u00ec, esclusi sabato e domenica.<br \/>\n<strong>CENCENIGHE<\/strong> Nel pomeriggio di ieri a Cencenighe, in localit\u00e0 Ghirlo, sulla S.R. 203, si \u00e8 verificato un incidente stradale poco dopo le 15. Coinvolta un&#8217;auto, con una persona ferita che \u00e8 stata trasportata al Pronto Soccorso di Agordo<br \/>\n<strong>LIVINALLONGO<\/strong> Ieri attorno alle 13.20 la Centrale del Suem \u00e8 stata allertata per una scialpinista che si era fatta male sotto il Piccolo Settsass. La 32enne vicentina, che faceva parte di una comitiva di 45 persone e ha\u00a0 riportato un\u00a0 trauma a una gamba<br \/>\n<strong>AGORDO<\/strong> Aumentano i prezzi degli abbonamenti per i mezzi pubblici ma la situazione non \u00e8 cambiata. A lamentarlo un gruppo di dipendenti EssilorLuxottica che ogni giorno usano i mezzi di Dolomiti Bus per recarsi al lavoro. Le maestranze in questione lamentano l&#8217;uso dei mezzi di alcune persone sprovviste di abbonamento o documento di viaggio<br \/>\n<strong>FELTRE<\/strong> Oggi si svolgeranno le udienze di convalida per i tre giovani arrestati dai carabinieri di Feltre, intercettati dopo un&#8217;ennesima rapina. La banda, gi\u00e0 nota alle forze dell&#8217;ordine per una serie di episodi, aveva preso di mira un universitario alla stazione ferroviaria di Belluno, ma \u00e8 stata immediatamente fermata.<br \/>\n<strong>BELLUNO<\/strong> La Prefettura della provincia sta lavorando per trovare nuovi spazi di accoglienza in vista della ripresa degli arrivi di migranti, pubblicando un avviso per rintracciare un gestore dell&#8217;ex scuola di Orzes<\/p>\n<h2>AUDIO dalle 7 del mattino<\/h2>\n<audio class=\"wp-audio-shortcode\" id=\"audio-377125-4\" preload=\"none\" style=\"width: 100%;\" controls=\"controls\"><source type=\"audio\/mpeg\" src=\"https:\/\/www.radiopiu.net\/wordpress\/wp-content\/uploads\/2024\/03\/GF07-2.mp3?_=4\" \/><a href=\"https:\/\/www.radiopiu.net\/wordpress\/wp-content\/uploads\/2024\/03\/GF07-2.mp3\">https:\/\/www.radiopiu.net\/wordpress\/wp-content\/uploads\/2024\/03\/GF07-2.mp3<\/a><\/audio>\n<p>&nbsp;<\/p>\n<p>&nbsp;<\/p>\n<p>&nbsp;<\/p>\n<hr \/>\n<p>&nbsp;<\/p>\n<h1><\/h1>\n<h1 style=\"text-align: center;\"><span style=\"color: #ff0000;\"><a class=\"dt-pswp-item\" href=\"https:\/\/www.radiopiu.net\/wordpress\/wp-content\/uploads\/2022\/01\/026c3f9d-dae9-4040-a3c1-a6530231bcc3.jpg\" data-dt-img-description=\"\" data-large_image_width=\"1152\" data-large_image_height=\"2048\"><img loading=\"lazy\" decoding=\"async\" class=\"wp-image-251839 alignleft\" src=\"https:\/\/www.radiopiu.net\/wordpress\/wp-content\/uploads\/2022\/01\/026c3f9d-dae9-4040-a3c1-a6530231bcc3-169x300.jpg\" alt=\"\" width=\"100\" height=\"177\" srcset=\"https:\/\/www.radiopiu.net\/wordpress\/wp-content\/uploads\/2022\/01\/026c3f9d-dae9-4040-a3c1-a6530231bcc3-169x300.jpg 169w, https:\/\/www.radiopiu.net\/wordpress\/wp-content\/uploads\/2022\/01\/026c3f9d-dae9-4040-a3c1-a6530231bcc3-576x1024.jpg 576w, https:\/\/www.radiopiu.net\/wordpress\/wp-content\/uploads\/2022\/01\/026c3f9d-dae9-4040-a3c1-a6530231bcc3-768x1365.jpg 768w, https:\/\/www.radiopiu.net\/wordpress\/wp-content\/uploads\/2022\/01\/026c3f9d-dae9-4040-a3c1-a6530231bcc3-864x1536.jpg 864w, https:\/\/www.radiopiu.net\/wordpress\/wp-content\/uploads\/2022\/01\/026c3f9d-dae9-4040-a3c1-a6530231bcc3.jpg 1152w\" sizes=\"auto, (max-width: 100px) 100vw, 100px\" \/><\/a>I podcast informativi del mattino &#8211; audio &#8211;\u00a0<\/span><\/h1>\n<blockquote><p><strong>GIORNALE RADIO NAZIONALE, EDIZIONE DELLE SETTE <span style=\"color: #0000ff;\">viene pubblicato alle 7.05 <span style=\"color: #ff0000;\">DIRETTA RADIO\u00a0<\/span><\/span><\/strong><\/p><\/blockquote>\n<p><strong>il giornale radionazionale e&#8217; in onda ogni ora, dalle sette del mattino alle venti della sera\u00a0\u00a0<\/strong><\/p>\n<p>&nbsp;<\/p>\n<p><strong>Meteo<\/strong> Un&#8217;altra settimana di pioggia e neve, interessata tutta l&#8217;Italia soprattutto centro e nord. <strong>Aosta<\/strong> Seimila persone isolate in Aosta per la grande nevicata<strong> Chico Forte<\/strong> potrebbe ottenere la liber\u00e0 condizionale in Italia per il beneficio dopo 26 anni di carcere. <strong>Medio Oriente<\/strong> 150 giorni di guerra, s&#8217;allontana la possibilit\u00e0 di un tregua Israele insiste vuole conoscere il numero di ostaggi da liberare <strong>Calcio<\/strong> Il Napoli batte la Juventus<\/p>\n<h2>AUDIO dalle sette del mattino, ogni ora alla radio<\/h2>\n<audio class=\"wp-audio-shortcode\" id=\"audio-377125-5\" preload=\"none\" style=\"width: 100%;\" controls=\"controls\"><source type=\"audio\/mpeg\" src=\"https:\/\/www.radiopiu.net\/wordpress\/wp-content\/uploads\/2024\/03\/giornale07-2.mp3?_=5\" \/><a href=\"https:\/\/www.radiopiu.net\/wordpress\/wp-content\/uploads\/2024\/03\/giornale07-2.mp3\">https:\/\/www.radiopiu.net\/wordpress\/wp-content\/uploads\/2024\/03\/giornale07-2.mp3<\/a><\/audio>\n<p>&nbsp;<\/p>\n<p>&nbsp;<\/p>\n<h2><\/h2>\n<hr \/>\n<p>&nbsp;<\/p>\n<p>&nbsp;<\/p>\n<h1><span style=\"color: #ff0000;\">I podcast informativi del mattino &#8211; video &#8211;\u00a0<\/span><\/h1>\n<h2><strong><a class=\"dt-pswp-item\" href=\"https:\/\/www.radiopiu.net\/wordpress\/wp-content\/uploads\/2023\/12\/th-10.jpg\" data-dt-img-description=\"\" data-large_image_width=\"245\" data-large_image_height=\"180\"><img loading=\"lazy\" decoding=\"async\" class=\" wp-image-367395 alignleft\" src=\"https:\/\/www.radiopiu.net\/wordpress\/wp-content\/uploads\/2023\/12\/th-10.jpg\" alt=\"\" width=\"166\" height=\"122\" \/><\/a>RASSEGNA STAMPA LOCALE, ORE OTTO 05<\/strong><\/h2>\n<h2><strong> <span style=\"color: #0000ff;\">viene\u00a0 <\/span><\/strong><strong><span style=\"color: #0000ff;\">pubblicata alle 8.05 <span style=\"color: #ff0000;\">DIRETTA RADIO\u00a0\u00a0<\/span><\/span><\/strong><\/h2>\n<p>&nbsp;<\/p>\n<p><strong>DI MIRKO MEZZACASA\u00a0 \u00a0<\/strong><\/p>\n<p><strong>PONTE NELLE ALPI<\/strong>PROTEZIONE CIVILE: VIENE POTENZIATA LA SEDE<br \/>\n<strong>AGORDO<\/strong> &#8220;Nuovo Punto di Assistenza Previdenziale e Assistenziale del Sindacato dei Pensionati CGIL<br \/>\n<strong>RIVAMONTE<\/strong> Il sindaco di Rivamonte Giovanni Deon ha convocato il consiglio comunale per gioved\u00ec alle 20.<br \/>\n<strong>CGIA<\/strong> MESTRE SPORTELLI PUBBLICI: ANCHE IN VENETO TEMPI DI ATTESA E CODE PIU\u2019 LUNGHI Anche per le Pmi la PA \u00e8 un grosso problema<br \/>\n<strong>BELLUNO<\/strong> L\u2019attesa pedonata \u201cIl vento tra i capelli\u201d il 10 marzo<\/p>\n<p><strong>HOCKEY SU GHIACCIO<\/strong> L&#8217;ALLEGHE AFFONDA I PIRATI DI APPIANO, COLPACCIO DEL FELTRE A VARESE ALLEGHE \u2013 APPIANO 3-1 VARESE \u2013 FELTRE 1-5<br \/>\nDUE VITTORIE E UNA SCONFITTA PER LE <strong>GIOVANILI DELL&#8217;ALLEGHE HOCKEY<\/strong> UNDER 19 CORTINA\/ALLEGHE \u2013 EGNA\/ORA 3-4 dtr UNDER 16 PERGINE \u2013 CORTINA\/ALLEGHE 2-8 UNDER 14 ZOLDO \u2013 ALLEGHE\/CORTINA 6-7 dot<br \/>\n<strong>LO ZOLDO<\/strong> SI AGGIUDICA LA CIVETTA MINI CUP<br \/>\n<strong>PALLAVOLO<\/strong> VOLLEY CLUB AGORDINO: MALE LA PRIMA SQUADRA, VITTORIA IN RIMONTA PER L&#8217;UNDER 16 CODOGNE\u2019 \u2013 PRIMA DIVISIONE VOLLEY CLUB AGORDINO 3-0 UNDER 16 \u2013 TERZA DIVISIONE<br \/>\nVOLLEY CLUB AGORDINO \u2013 SANTA GIUSTINA 3-2<br \/>\n<strong>LA MOLINO &#8211; CAVERSON<\/strong> ULTIMA TAPPA DEL TROFEO 4 VALLI Nella finale de La Sportiva Trofeo Ski Alp 4 Valli, Hermann Debertolis di Ski Alp Valdobbiadene si \u00e8 aggiudicato la vittoria,<\/p>\n<h2><strong>VIDEO\u00a0 \u00a0in diretta dalle 8 del mattino\u00a0\u00a0<\/strong><\/h2>\n<p>&nbsp;<\/p>\n<p><iframe loading=\"lazy\" title=\"DAL 1983 LA RASSEGNA STAMPA LOCALE di mirko mezzacasa. L&#039;ORIGINALE\" width=\"1200\" height=\"675\" src=\"https:\/\/www.youtube.com\/embed\/UA4NV6Hxqas?feature=oembed\" frameborder=\"0\" allow=\"accelerometer; autoplay; clipboard-write; encrypted-media; gyroscope; picture-in-picture; web-share\" allowfullscreen><\/iframe><\/p>\n<hr \/>\n<p>&nbsp;<\/p>\n<blockquote>\n<h3>LAVORI PER INTERRAMENTO DELLA CONDOTTA IDRICA<\/h3>\n<\/blockquote>\n<p><strong>LA VALLE<\/strong> Il Comune La Valle Agordina ordina la sospensione temporanea della circolazione veicolare sulla viabilit\u00e0 Silvo-pastorale di Fres, dall&#8217;11 marzo al 24 giugno\u00a0 dalle 7 alle\u00a0 18 dal luned\u00ec al venerd\u00ec, esclusi sabato e domenica. Viene istituito il divieto di transito pedonale e con biciclette dalla localit\u00e0 Piaia fino a Pra de Val, con l&#8217;altro lato del divieto al ponte sul torrente Rova di Caleda. Analogamente, \u00e8 vietato il transito pedonale e con biciclette su parte del sentiero CAI n.551 (Strada Vicinale di Pepolade) dall&#8217;11 marzo al 24 giugno, h24.<\/p>\n<p>&nbsp;<\/p>\n<p>&nbsp;<\/p>\n<hr \/>\n<p>&nbsp;<\/p>\n<blockquote>\n<h3>INCIDENTE IN LOCALITA&#8217; GHIRLO A CENCENIGHE<\/h3>\n<\/blockquote>\n<p><strong>CENCENIGHE<\/strong> Nel pomeriggio di ieri a Cencenighe, in localit\u00e0 Ghirlo, sulla S.R. 203, si \u00e8 verificato un incidente stradale poco dopo le 15. Coinvolta un&#8217;auto, con una persona ferita che \u00e8 stata trasportata al Pronto Soccorso di Agordo. Sul luogo sono intervenuti Vigili del Fuoco, Suem e Carabinieri di Falcade. L&#8217;operazione di soccorso e gestione dell&#8217;incidente ha richiesto circa un&#8217;ora e mezza.<\/p>\n<p>&nbsp;<\/p>\n<p>&nbsp;<\/p>\n<hr \/>\n<p>&nbsp;<\/p>\n<blockquote>\n<h3>SCIALPINISTA SI INFORTUNA SOTTO AL PICCOLO SETTSASS<\/h3>\n<\/blockquote>\n<p><strong>LIVINALLONGO<\/strong> Ieri attorno alle 13.20 la Centrale del Suem \u00e8 stata allertata per una scialpinista che si era fatta male sotto il Piccolo Settsass. La 32enne vicentina, che faceva parte di una comitiva di 45 persone e ha\u00a0 riportato un\u00a0 trauma a una gamba facendo una curva, \u00e8 stata recuperata dall&#8217;elicottero del Suem di Pieve di Cadore e trasportata all&#8217;ospedale di Agordo.<\/p>\n<p>&nbsp;<\/p>\n<p>&nbsp;<\/p>\n<hr \/>\n<p>&nbsp;<\/p>\n<blockquote>\n<h3>POCHI CONTROLLI SUGLI ABBONAMENTI E MEZZI AFFOLLATI: RACCOLTA FIRME TRA I DIPENDENTI ESSILORLUXOTTICA DI AGORDO<\/h3>\n<\/blockquote>\n<p><strong><a class=\"dt-pswp-item\" href=\"https:\/\/www.radiopiu.net\/wordpress\/wp-content\/uploads\/2022\/06\/LUXOTTICA-12.jpg\" data-dt-img-description=\"\" data-large_image_width=\"800\" data-large_image_height=\"600\"><img loading=\"lazy\" decoding=\"async\" class=\" wp-image-284019 alignleft\" src=\"https:\/\/www.radiopiu.net\/wordpress\/wp-content\/uploads\/2022\/06\/LUXOTTICA-12-300x225.jpg\" alt=\"\" width=\"175\" height=\"131\" srcset=\"https:\/\/www.radiopiu.net\/wordpress\/wp-content\/uploads\/2022\/06\/LUXOTTICA-12-300x225.jpg 300w, https:\/\/www.radiopiu.net\/wordpress\/wp-content\/uploads\/2022\/06\/LUXOTTICA-12-768x576.jpg 768w, https:\/\/www.radiopiu.net\/wordpress\/wp-content\/uploads\/2022\/06\/LUXOTTICA-12.jpg 800w\" sizes=\"auto, (max-width: 175px) 100vw, 175px\" \/><\/a>AGORDO<\/strong> Aumentano i prezzi degli abbonamenti per i mezzi pubblici ma la situazione non \u00e8 cambiata. A lamentarlo un gruppo di dipendenti EssilorLuxottica che ogni giorno usano i mezzi di Dolomiti Bus per recarsi al lavoro. Le maestranze in questione lamentano l&#8217;uso dei mezzi di alcune persone sprovviste di abbonamento o documento di viaggio. Da qui una raccolta firme per chiedere all&#8217;azienda di trasporto locale di intensificare i controlli sui passeggeri e pizzicare coloro che sono sprovvisti di documento di viaggio. Inoltre si riscontra che sugli autobus non ci siano sufficienti posti a sedere dovendo accontentarsi di un posto in piedi dopo una lunga giornata di lavoro e con magari anche 60 km da fare in quelle condizioni. Una raccolta firme che in poco tempo ha avuto successo tanto che questo gruppo di lavoratori ha spedito con posta certificata la documentazione a Regione, Provincia, Commissione Trasporti Luxottica e Dolomiti Bus con la speranza che in tempi brevi ci siano delle risposte concrete alle richieste e soprattutto pizzicare i furbetti che si mettono in viaggio senza biglietto o abbonamento creando mancati introiti all&#8217;azienda di trasporto oltre che ad occupare i posti a sedere di chi ogni mese paga regolarmente il ticket per garantirsi un viaggio comodo e senza problemi.<\/p>\n<p>&nbsp;<\/p>\n<p>&nbsp;<\/p>\n<hr \/>\n<p><strong>\u00a0<\/strong><\/p>\n<blockquote>\n<h2><strong>Udienza di Convalida per i Tre Arrestati della Baby Gang a Belluno e Venezia<\/strong><\/h2>\n<\/blockquote>\n<p><strong>\u00a0FELTRE<\/strong> Oggi si svolgeranno le udienze di convalida per i tre giovani arrestati dai carabinieri di Feltre, intercettati dopo un&#8217;ennesima rapina. La banda, gi\u00e0 nota alle forze dell&#8217;ordine per una serie di episodi, aveva preso di mira un universitario alla stazione ferroviaria di Belluno, ma \u00e8 stata immediatamente fermata.<\/p>\n<blockquote>\n<h3>EPISODI DI VIOLENZA MINORILE A FELTRE, PARLA IL SINDACO VIVIANA FUSARO<\/h3>\n<\/blockquote>\n<p><strong><a class=\"dt-pswp-item\" href=\"https:\/\/www.radiopiu.net\/wordpress\/wp-content\/uploads\/2024\/02\/Feltre-Piazza-Maggiore.jpg\" data-dt-img-description=\"\" data-large_image_width=\"1595\" data-large_image_height=\"1054\"><img loading=\"lazy\" decoding=\"async\" class=\" wp-image-375447 alignleft\" src=\"https:\/\/www.radiopiu.net\/wordpress\/wp-content\/uploads\/2024\/02\/Feltre-Piazza-Maggiore-300x198.jpg\" alt=\"\" width=\"150\" height=\"99\" srcset=\"https:\/\/www.radiopiu.net\/wordpress\/wp-content\/uploads\/2024\/02\/Feltre-Piazza-Maggiore-300x198.jpg 300w, https:\/\/www.radiopiu.net\/wordpress\/wp-content\/uploads\/2024\/02\/Feltre-Piazza-Maggiore-1024x677.jpg 1024w, https:\/\/www.radiopiu.net\/wordpress\/wp-content\/uploads\/2024\/02\/Feltre-Piazza-Maggiore-768x508.jpg 768w, https:\/\/www.radiopiu.net\/wordpress\/wp-content\/uploads\/2024\/02\/Feltre-Piazza-Maggiore-1536x1015.jpg 1536w, https:\/\/www.radiopiu.net\/wordpress\/wp-content\/uploads\/2024\/02\/Feltre-Piazza-Maggiore.jpg 1595w\" sizes=\"auto, (max-width: 150px) 100vw, 150px\" \/><\/a>FELTRE<\/strong> Il sindaco di Feltre, Viviana Fusaro, commenta gli episodi di violenza recenti da parte di minori in citt\u00e0, evidenziando la collaborazione con le Forze dell&#8217;Ordine, in particolare con i carabinieri, che hanno gi\u00e0 individuato e arrestato gli autori di uno degli episodi. Fusaro sottolinea la gravit\u00e0 degli eventi e la necessit\u00e0 di non minimizzarli, ma anche l&#8217;importanza di circoscriverli. La sindaca esprime apprezzamento per l&#8217;operato dei carabinieri e sottolinea l&#8217;impegno del Comune in iniziative volte a intervenire sul disagio e sulla povert\u00e0 educativa per prevenire simili episodi in futuro.<\/p>\n<p><strong>IL SINDACO DI FELTRE VIVIANA FUSARO<\/strong><\/p>\n<audio class=\"wp-audio-shortcode\" id=\"audio-377125-6\" preload=\"none\" style=\"width: 100%;\" controls=\"controls\"><source type=\"audio\/mpeg\" src=\"https:\/\/www.radiopiu.net\/wordpress\/wp-content\/uploads\/2024\/03\/Audio-Fusaro.mp3?_=6\" \/><a href=\"https:\/\/www.radiopiu.net\/wordpress\/wp-content\/uploads\/2024\/03\/Audio-Fusaro.mp3\">https:\/\/www.radiopiu.net\/wordpress\/wp-content\/uploads\/2024\/03\/Audio-Fusaro.mp3<\/a><\/audio>\n<p>&nbsp;<\/p>\n<p>&nbsp;<\/p>\n<hr \/>\n<p>&nbsp;<\/p>\n<blockquote>\n<h3><a class=\"dt-pswp-item\" href=\"https:\/\/www.radiopiu.net\/wordpress\/wp-content\/uploads\/2021\/06\/68d028ad-2468-42a2-a92d-95fbdaa97527.jpg\" data-dt-img-description=\"\" data-large_image_width=\"1024\" data-large_image_height=\"768\"><img loading=\"lazy\" decoding=\"async\" class=\"wp-image-213618 alignleft\" src=\"https:\/\/www.radiopiu.net\/wordpress\/wp-content\/uploads\/2021\/06\/68d028ad-2468-42a2-a92d-95fbdaa97527-300x225.jpg\" alt=\"\" width=\"159\" height=\"119\" srcset=\"https:\/\/www.radiopiu.net\/wordpress\/wp-content\/uploads\/2021\/06\/68d028ad-2468-42a2-a92d-95fbdaa97527-300x225.jpg 300w, https:\/\/www.radiopiu.net\/wordpress\/wp-content\/uploads\/2021\/06\/68d028ad-2468-42a2-a92d-95fbdaa97527-768x576.jpg 768w, https:\/\/www.radiopiu.net\/wordpress\/wp-content\/uploads\/2021\/06\/68d028ad-2468-42a2-a92d-95fbdaa97527.jpg 1024w\" sizes=\"auto, (max-width: 159px) 100vw, 159px\" \/><\/a>MIGRANTI IN ARRIVO, LA PREFETTURA CERCA NUOVI SPAZI<\/h3>\n<\/blockquote>\n<p><strong>BELLUNO<\/strong> La Prefettura della provincia sta lavorando per trovare nuovi spazi di accoglienza in vista della ripresa degli arrivi di migranti, pubblicando un avviso per rintracciare un gestore dell&#8217;ex scuola di Orzes. Scadr\u00e0 mercoled\u00ec. L&#8217;obiettivo \u00e8 garantire una gestione efficiente e non creare disagi come lo scorso anno. Attualmente, la situazione sembra sotto controllo, ma si continua a cercare posti disponibili, con l&#8217;obiettivo di avere quasi 400 letti disponibili per l&#8217;ospitalit\u00e0 in provincia. La ricerca riguarda anche la sistemazione del centro dei frati cappuccini a Col di Cugnan.<\/p>\n<p>&nbsp;<\/p>\n<p>&nbsp;<\/p>\n<hr \/>\n<p>&nbsp;<\/p>\n<blockquote>\n<h3>PROTEZIONE CIVILE: VIENE POTENZIATA LA SEDE DI PONTE NELLE ALPI<\/h3>\n<\/blockquote>\n<p><strong><a class=\"dt-pswp-item\" href=\"https:\/\/www.radiopiu.net\/wordpress\/wp-content\/uploads\/2024\/03\/Un_intervento_della_Protezione_civile.jpg\" data-dt-img-description=\"\" data-large_image_width=\"1280\" data-large_image_height=\"960\"><img loading=\"lazy\" decoding=\"async\" class=\" wp-image-377200 alignleft\" src=\"https:\/\/www.radiopiu.net\/wordpress\/wp-content\/uploads\/2024\/03\/Un_intervento_della_Protezione_civile-300x225.jpg\" alt=\"\" width=\"133\" height=\"100\" srcset=\"https:\/\/www.radiopiu.net\/wordpress\/wp-content\/uploads\/2024\/03\/Un_intervento_della_Protezione_civile-300x225.jpg 300w, https:\/\/www.radiopiu.net\/wordpress\/wp-content\/uploads\/2024\/03\/Un_intervento_della_Protezione_civile-1024x768.jpg 1024w, https:\/\/www.radiopiu.net\/wordpress\/wp-content\/uploads\/2024\/03\/Un_intervento_della_Protezione_civile-768x576.jpg 768w, https:\/\/www.radiopiu.net\/wordpress\/wp-content\/uploads\/2024\/03\/Un_intervento_della_Protezione_civile.jpg 1280w\" sizes=\"auto, (max-width: 133px) 100vw, 133px\" \/><\/a>PONTE NELLE ALPI<\/strong> Il Comune di Ponte nelle Alpi, Veneto, sta potenziando la sede della Protezione Civile a Criol con 100mila euro di finanziamento regionale. Inoltre, stanno in corso miglioramenti alla sicurezza idrogeologica del territorio con 1,7 milioni di euro di finanziamenti. Il nuovo Piano di Protezione Civile \u00e8 in fase di elaborazione, coinvolgendo cittadini, associazioni e categorie. La Protezione Civile locale \u00e8 attiva in situazioni di emergenza e svolge esercitazioni e attivit\u00e0 di formazione durante l&#8217;anno. La sede a Criol sar\u00e0 potenziata grazie a contributi regionali e locali. Finanziamenti sono destinati anche a progetti di regimazione delle acque e sviluppo ciclabile.<\/p>\n<p>&nbsp;<\/p>\n<p>&nbsp;<\/p>\n<hr \/>\n<p>&nbsp;<\/p>\n<blockquote>\n<h3>DONATORI DEL SANGUE DI ALLEGHE: I NUMERI<\/h3>\n<\/blockquote>\n<p><strong><a class=\"dt-pswp-item\" href=\"https:\/\/www.radiopiu.net\/wordpress\/wp-content\/uploads\/2021\/08\/ABVS.jpg\" data-dt-img-description=\"\" data-large_image_width=\"2000\" data-large_image_height=\"2000\"><img loading=\"lazy\" decoding=\"async\" class=\" wp-image-227476 alignleft\" src=\"https:\/\/www.radiopiu.net\/wordpress\/wp-content\/uploads\/2021\/08\/ABVS-300x300.jpg\" alt=\"\" width=\"113\" height=\"113\" srcset=\"https:\/\/www.radiopiu.net\/wordpress\/wp-content\/uploads\/2021\/08\/ABVS-300x300.jpg 300w, https:\/\/www.radiopiu.net\/wordpress\/wp-content\/uploads\/2021\/08\/ABVS-1024x1024.jpg 1024w, https:\/\/www.radiopiu.net\/wordpress\/wp-content\/uploads\/2021\/08\/ABVS-150x150.jpg 150w, https:\/\/www.radiopiu.net\/wordpress\/wp-content\/uploads\/2021\/08\/ABVS-768x768.jpg 768w, https:\/\/www.radiopiu.net\/wordpress\/wp-content\/uploads\/2021\/08\/ABVS-1536x1536.jpg 1536w, https:\/\/www.radiopiu.net\/wordpress\/wp-content\/uploads\/2021\/08\/ABVS.jpg 2000w\" sizes=\"auto, (max-width: 113px) 100vw, 113px\" \/><\/a>ALLEGHE<\/strong> L&#8217;assemblea annuale degli associati donatori di sangue della Sezione ABVS di Alleghe si \u00e8 tenuta il 25 febbraio presso la Sala Stoppani. Nel 2023, la Sezione ha confermato 72 donatori attivi, con 92 donazioni totali e 9 sospensioni temporanee. Si sono registrati 9 nuovi donatori, segnalando un positivo rinnovamento. L&#8217;attivit\u00e0 promozionale ha incluso la partecipazione alla Sagra di San Biagio ad Alleghe e un incontro con la classe terza della Scuola Secondaria a Caprile. Si prevede di organizzare il Pranzo Sociale a fine maggio per festeggiare il 70\u00b0 anniversario della Sezione.<\/p>\n<p>&nbsp;<\/p>\n<p>&nbsp;<\/p>\n<hr \/>\n<p>&nbsp;<\/p>\n<blockquote>\n<h3>&#8220;Nuovo Punto di Assistenza Previdenziale e Assistenziale del Sindacato dei Pensionati CGIL ad Agordo&#8221;<\/h3>\n<\/blockquote>\n<p><strong><img loading=\"lazy\" decoding=\"async\" class=\"alignleft\" src=\"https:\/\/www.radiopiu.net\/wordpress\/wp-content\/uploads\/2022\/12\/MUNICIPIO-AGORDO.png\" width=\"259\" height=\"166\" \/>AGORDO<\/strong> Il Sindacato dei pensionati della CGIL inaugura un nuovo punto di assistenza presso il municipio di Agordo, offrendo supporto e consulenza su questioni previdenziali e assistenziali. Lo Spi CGIL e il personale saranno disponibili per risolvere problemi e difendere i diritti di tutti, iscritti o meno. Si forniranno chiarimenti su varie tematiche, come le maggiorazioni sociali, la quattordicesima, gli assegni familiari, e le prestazioni legate all&#8217;invalidit\u00e0. Saranno trattati anche argomenti quali l&#8217;assegno sociale, i supplementi di pensione e altre prestazioni correlate. Informazioni saranno disponibili anche su questioni come la domiciliarit\u00e0 e la gestione dell&#8217;energia e del gas. Il servizio sar\u00e0 attivo ogni mercoled\u00ec mattina, con una collaboratrice disponibile anche telefonicamente. Lo sportello aprir\u00e0 il 6 marzo presso il municipio di Agordo, grazie alla concessione dell&#8217;Amministrazione Comunale, offrendo un&#8217;ulteriore risorsa alla comunit\u00e0 locale.<\/p>\n<p>&nbsp;<\/p>\n<p>&nbsp;<\/p>\n<hr \/>\n<p>&nbsp;<\/p>\n<blockquote>\n<h3>IL LUPO CHE SI AGGIRA A CAVIOLA<\/h3>\n<\/blockquote>\n<p><strong>REDAZIONE<\/strong> Gli avvistamenti dei lupi non mancano e venerd\u00ec sera il predatore ha fatto visita a Caviola. Per nulla impaurito ha passeggiato nella zona e Rodolfo Pellegrinon \u00e8 riuscito a filmarlo<\/p>\n<div style=\"width: 848px;\" class=\"wp-video\"><video class=\"wp-video-shortcode\" id=\"video-377125-1\" width=\"848\" height=\"480\" preload=\"metadata\" controls=\"controls\"><source type=\"video\/mp4\" src=\"https:\/\/www.radiopiu.net\/wordpress\/wp-content\/uploads\/2024\/03\/WhatsApp-Video-2024-03-02-at-09.25.33.mp4?_=1\" \/><a href=\"https:\/\/www.radiopiu.net\/wordpress\/wp-content\/uploads\/2024\/03\/WhatsApp-Video-2024-03-02-at-09.25.33.mp4\">https:\/\/www.radiopiu.net\/wordpress\/wp-content\/uploads\/2024\/03\/WhatsApp-Video-2024-03-02-at-09.25.33.mp4<\/a><\/video><\/div>\n<p>&nbsp;<\/p>\n<p>&nbsp;<\/p>\n<hr \/>\n<p>&nbsp;<\/p>\n<blockquote>\n<h3><a class=\"dt-pswp-item\" href=\"https:\/\/www.radiopiu.net\/wordpress\/wp-content\/uploads\/2021\/12\/neve-fiocco.jpeg\" data-dt-img-description=\"\" data-large_image_width=\"626\" data-large_image_height=\"352\"><img loading=\"lazy\" decoding=\"async\" class=\" wp-image-246934 alignleft\" src=\"https:\/\/www.radiopiu.net\/wordpress\/wp-content\/uploads\/2021\/12\/neve-fiocco-300x169.jpeg\" alt=\"\" width=\"158\" height=\"89\" srcset=\"https:\/\/www.radiopiu.net\/wordpress\/wp-content\/uploads\/2021\/12\/neve-fiocco-300x169.jpeg 300w, https:\/\/www.radiopiu.net\/wordpress\/wp-content\/uploads\/2021\/12\/neve-fiocco.jpeg 626w\" sizes=\"auto, (max-width: 158px) 100vw, 158px\" \/><\/a>LA NEVICATA DEL 4 MARZO 1974<\/h3>\n<\/blockquote>\n<p><strong>CENCENIGHE<\/strong><\/p>\n<p>DI LUISA MANFROI<\/p>\n<audio class=\"wp-audio-shortcode\" id=\"audio-377125-7\" preload=\"none\" style=\"width: 100%;\" controls=\"controls\"><source type=\"audio\/mpeg\" src=\"https:\/\/www.radiopiu.net\/wordpress\/wp-content\/uploads\/2024\/03\/LUISA-MANFROI-La-nevicata-del-4-marzo-1974.mp3?_=7\" \/><a href=\"https:\/\/www.radiopiu.net\/wordpress\/wp-content\/uploads\/2024\/03\/LUISA-MANFROI-La-nevicata-del-4-marzo-1974.mp3\">https:\/\/www.radiopiu.net\/wordpress\/wp-content\/uploads\/2024\/03\/LUISA-MANFROI-La-nevicata-del-4-marzo-1974.mp3<\/a><\/audio>\n<p>&nbsp;<\/p>\n<hr \/>\n<p>&nbsp;<\/p>\n<h2><span style=\"color: #ff0000;\">CONSIGLI COMUNALI<\/span><\/h2>\n<p><strong>RIVAMONTE<\/strong> Il sindaco di Rivamonte Giovanni Deon ha convocato il consiglio comunale per gioved\u00ec alle 20. Saranno 5 i punti da discutere tra cui la verifica della quantit\u00e0 e della qualit\u00e0 di aree e fabbricati da destinarsi alla residenza, l&#8217;imposta IMU, il documento unico di programmazione e il bilancio di previsione 2024-26.<\/p>\n<p>&nbsp;<\/p>\n<hr \/>\n<p>&nbsp;<\/p>\n<p>&nbsp;<\/p>\n<h2><span style=\"color: #00ccff;\">GOODBYE BY BICICLE&#8230;UN VIAGGIO DALL&#8217;INDIA A SEREN DEL GRAPPA IN BICICLETTA<\/span><\/h2>\n<p><strong>PUNTATA 03 &#8211; DALLE CASE SULL&#8217;ALBERO A MUMBAI<\/strong><\/p>\n<audio class=\"wp-audio-shortcode\" id=\"audio-377125-8\" preload=\"none\" style=\"width: 100%;\" controls=\"controls\"><source type=\"audio\/mpeg\" src=\"https:\/\/www.radiopiu.net\/wordpress\/wp-content\/uploads\/2024\/02\/INDIA-PUNTATA-03.mp3?_=8\" \/><a href=\"https:\/\/www.radiopiu.net\/wordpress\/wp-content\/uploads\/2024\/02\/INDIA-PUNTATA-03.mp3\">https:\/\/www.radiopiu.net\/wordpress\/wp-content\/uploads\/2024\/02\/INDIA-PUNTATA-03.mp3<\/a><\/audio>\n<p>&nbsp;<\/p>\n\n\t\t\t<style type='text\/css'>\n\t\t\t\t#gallery-1 {\n\t\t\t\t\tmargin: auto;\n\t\t\t\t}\n\t\t\t\t#gallery-1 .gallery-item {\n\t\t\t\t\tfloat: left;\n\t\t\t\t\tmargin-top: 10px;\n\t\t\t\t\ttext-align: center;\n\t\t\t\t\twidth: 14%;\n\t\t\t\t}\n\t\t\t\t#gallery-1 img {\n\t\t\t\t\tborder: 2px solid #cfcfcf;\n\t\t\t\t}\n\t\t\t\t#gallery-1 .gallery-caption {\n\t\t\t\t\tmargin-left: 0;\n\t\t\t\t}\n\t\t\t\t\/* see gallery_shortcode() in wp-includes\/media.php *\/\n\t\t\t<\/style>\n\t\t<div id='gallery-1' class='dt-gallery-container gallery galleryid-377125 gallery-columns-7 gallery-size-thumbnail'><dl class='gallery-item'>\n\t\t\t\t<dt class='gallery-icon landscape'>\n\t\t\t\t\t<a class=\"rollover rollover-zoom dt-pswp-item\" title=\"731ca5b9-5c16-46e9-befa-e1b7cd138ec9\" data-dt-img-description=\"\" data-large_image_width=\"1600\" data-large_image_height=\"1200\"href='https:\/\/www.radiopiu.net\/wordpress\/wp-content\/uploads\/2024\/02\/731ca5b9-5c16-46e9-befa-e1b7cd138ec9.jpg'><img loading=\"lazy\" decoding=\"async\" width=\"150\" height=\"150\" src=\"https:\/\/www.radiopiu.net\/wordpress\/wp-content\/uploads\/2024\/02\/731ca5b9-5c16-46e9-befa-e1b7cd138ec9-150x150.jpg\" class=\"attachment-thumbnail size-thumbnail\" alt=\"\" \/><\/a>\n\t\t\t\t<\/dt><\/dl><dl class='gallery-item'>\n\t\t\t\t<dt class='gallery-icon landscape'>\n\t\t\t\t\t<a class=\"rollover rollover-zoom dt-pswp-item\" title=\"c3330ec7-f9d5-45d8-ad71-89e6e21e0042\" data-dt-img-description=\"\" data-large_image_width=\"1600\" data-large_image_height=\"1200\"href='https:\/\/www.radiopiu.net\/wordpress\/wp-content\/uploads\/2024\/02\/c3330ec7-f9d5-45d8-ad71-89e6e21e0042.jpg'><img loading=\"lazy\" decoding=\"async\" width=\"150\" height=\"150\" src=\"https:\/\/www.radiopiu.net\/wordpress\/wp-content\/uploads\/2024\/02\/c3330ec7-f9d5-45d8-ad71-89e6e21e0042-150x150.jpg\" class=\"attachment-thumbnail size-thumbnail\" alt=\"\" \/><\/a>\n\t\t\t\t<\/dt><\/dl><dl class='gallery-item'>\n\t\t\t\t<dt class='gallery-icon landscape'>\n\t\t\t\t\t<a class=\"rollover rollover-zoom dt-pswp-item\" title=\"075d5b1c-2889-4896-9c0e-4d19f4fabd70\" data-dt-img-description=\"\" data-large_image_width=\"1600\" data-large_image_height=\"1200\"href='https:\/\/www.radiopiu.net\/wordpress\/wp-content\/uploads\/2024\/02\/075d5b1c-2889-4896-9c0e-4d19f4fabd70.jpg'><img loading=\"lazy\" decoding=\"async\" width=\"150\" height=\"150\" src=\"https:\/\/www.radiopiu.net\/wordpress\/wp-content\/uploads\/2024\/02\/075d5b1c-2889-4896-9c0e-4d19f4fabd70-150x150.jpg\" class=\"attachment-thumbnail size-thumbnail\" alt=\"\" \/><\/a>\n\t\t\t\t<\/dt><\/dl><dl class='gallery-item'>\n\t\t\t\t<dt class='gallery-icon landscape'>\n\t\t\t\t\t<a class=\"rollover rollover-zoom dt-pswp-item\" title=\"56936d73-6750-4025-9eb4-3041cc1363e5\" data-dt-img-description=\"\" data-large_image_width=\"1496\" data-large_image_height=\"1496\"href='https:\/\/www.radiopiu.net\/wordpress\/wp-content\/uploads\/2024\/02\/56936d73-6750-4025-9eb4-3041cc1363e5.jpg'><img loading=\"lazy\" decoding=\"async\" width=\"150\" height=\"150\" src=\"https:\/\/www.radiopiu.net\/wordpress\/wp-content\/uploads\/2024\/02\/56936d73-6750-4025-9eb4-3041cc1363e5-150x150.jpg\" class=\"attachment-thumbnail size-thumbnail\" alt=\"\" srcset=\"https:\/\/www.radiopiu.net\/wordpress\/wp-content\/uploads\/2024\/02\/56936d73-6750-4025-9eb4-3041cc1363e5-150x150.jpg 150w, https:\/\/www.radiopiu.net\/wordpress\/wp-content\/uploads\/2024\/02\/56936d73-6750-4025-9eb4-3041cc1363e5-300x300.jpg 300w, https:\/\/www.radiopiu.net\/wordpress\/wp-content\/uploads\/2024\/02\/56936d73-6750-4025-9eb4-3041cc1363e5-1024x1024.jpg 1024w, https:\/\/www.radiopiu.net\/wordpress\/wp-content\/uploads\/2024\/02\/56936d73-6750-4025-9eb4-3041cc1363e5-768x768.jpg 768w, https:\/\/www.radiopiu.net\/wordpress\/wp-content\/uploads\/2024\/02\/56936d73-6750-4025-9eb4-3041cc1363e5.jpg 1496w\" sizes=\"auto, (max-width: 150px) 100vw, 150px\" \/><\/a>\n\t\t\t\t<\/dt><\/dl><dl class='gallery-item'>\n\t\t\t\t<dt class='gallery-icon landscape'>\n\t\t\t\t\t<a class=\"rollover rollover-zoom dt-pswp-item\" title=\"02542fb0-8bba-4264-b844-e832b209ed06\" data-dt-img-description=\"\" data-large_image_width=\"1280\" data-large_image_height=\"963\"href='https:\/\/www.radiopiu.net\/wordpress\/wp-content\/uploads\/2024\/02\/02542fb0-8bba-4264-b844-e832b209ed06.jpg'><img loading=\"lazy\" decoding=\"async\" width=\"150\" height=\"150\" src=\"https:\/\/www.radiopiu.net\/wordpress\/wp-content\/uploads\/2024\/02\/02542fb0-8bba-4264-b844-e832b209ed06-150x150.jpg\" class=\"attachment-thumbnail size-thumbnail\" alt=\"\" \/><\/a>\n\t\t\t\t<\/dt><\/dl><dl class='gallery-item'>\n\t\t\t\t<dt class='gallery-icon landscape'>\n\t\t\t\t\t<a class=\"rollover rollover-zoom dt-pswp-item\" title=\"ccbf7e99-56c4-4c45-9e3e-8d4825d1b5cf\" data-dt-img-description=\"\" data-large_image_width=\"1280\" data-large_image_height=\"963\"href='https:\/\/www.radiopiu.net\/wordpress\/wp-content\/uploads\/2024\/02\/ccbf7e99-56c4-4c45-9e3e-8d4825d1b5cf.jpg'><img loading=\"lazy\" decoding=\"async\" width=\"150\" height=\"150\" src=\"https:\/\/www.radiopiu.net\/wordpress\/wp-content\/uploads\/2024\/02\/ccbf7e99-56c4-4c45-9e3e-8d4825d1b5cf-150x150.jpg\" class=\"attachment-thumbnail size-thumbnail\" alt=\"\" \/><\/a>\n\t\t\t\t<\/dt><\/dl><dl class='gallery-item'>\n\t\t\t\t<dt class='gallery-icon landscape'>\n\t\t\t\t\t<a class=\"rollover rollover-zoom dt-pswp-item\" title=\"40e4da33-db99-41b1-9a34-b6d5c569fcdb\" data-dt-img-description=\"\" data-large_image_width=\"1496\" data-large_image_height=\"1496\"href='https:\/\/www.radiopiu.net\/wordpress\/wp-content\/uploads\/2024\/02\/40e4da33-db99-41b1-9a34-b6d5c569fcdb.jpg'><img loading=\"lazy\" decoding=\"async\" width=\"150\" height=\"150\" src=\"https:\/\/www.radiopiu.net\/wordpress\/wp-content\/uploads\/2024\/02\/40e4da33-db99-41b1-9a34-b6d5c569fcdb-150x150.jpg\" class=\"attachment-thumbnail size-thumbnail\" alt=\"\" srcset=\"https:\/\/www.radiopiu.net\/wordpress\/wp-content\/uploads\/2024\/02\/40e4da33-db99-41b1-9a34-b6d5c569fcdb-150x150.jpg 150w, https:\/\/www.radiopiu.net\/wordpress\/wp-content\/uploads\/2024\/02\/40e4da33-db99-41b1-9a34-b6d5c569fcdb-300x300.jpg 300w, https:\/\/www.radiopiu.net\/wordpress\/wp-content\/uploads\/2024\/02\/40e4da33-db99-41b1-9a34-b6d5c569fcdb-1024x1024.jpg 1024w, https:\/\/www.radiopiu.net\/wordpress\/wp-content\/uploads\/2024\/02\/40e4da33-db99-41b1-9a34-b6d5c569fcdb-768x768.jpg 768w, https:\/\/www.radiopiu.net\/wordpress\/wp-content\/uploads\/2024\/02\/40e4da33-db99-41b1-9a34-b6d5c569fcdb.jpg 1496w\" sizes=\"auto, (max-width: 150px) 100vw, 150px\" \/><\/a>\n\t\t\t\t<\/dt><\/dl><br style=\"clear: both\" \/>\n\t\t\t<\/div>\n\n<h2>LA RACCOLTA COMPLETA <a href=\"https:\/\/www.radiopiu.net\/wordpress\/goodbye-by-bicicle-un-viaggio-dallindia-a-seren-del-grappa-in-bicicletta-03\/\">CLICCA QUI<\/a><\/h2>\n<p>&nbsp;<\/p>\n<p>&nbsp;<\/p>\n<hr \/>\n<p>&nbsp;<\/p>\n<blockquote>\n<h3>SPORTELLI PUBBLICI: ANCHE IN VENETO TEMPI DI ATTESA E CODE PIU\u2019 LUNGHI<\/h3>\n<\/blockquote>\n<p>Con la fine del Covid, anche i cittadini veneti hanno ricominciato a frequentare gli uffici pubblici e, conseguentemente, i tempi di attesa agli sportelli sono tornati ad aumentare. Rispetto a prima dell\u2019avvento della pandemia, molte amministrazioni pubbliche non potendo ancora contare sulla presenza di tutto il personale effettivo, presentavano ancora livelli di produttivit\u00e0 sotto soglia. Senza contare che in questi ultimi anni \u00e8 continuato ad aumentare il numero di chi \u00e8 andato in pensione senza essere rimpiazzato da un nuovo assunto. Insomma, dall\u2019anno scorso i veneti sono tornati a frequentare gli uffici pubblici, ma, per tutta una serie di ragioni, questi ultimi non hanno ancora recuperato una performance ottimale. Sebbene il Veneto rimanga comunque un\u2019isola felice per quanto concerne l\u2019efficienza della PA, \u00e8 riaffiorato un problema che in questi ultimi anni avevamo rimosso: soprattutto nelle ASL e nei Comuni pi\u00f9 grandi le code agli sportelli sono tornate ad allungarsi e ad aspettare pi\u00f9 a lungo sono le persone anziane.<\/p>\n<p>I giovani e le persone di mezza et\u00e0, infatti, patiscono meno questi disagi; con maggiori conoscenze informatiche degli over 64, sempre pi\u00f9 spesso non hanno la necessit\u00e0 di recarsi presso gli uffici pubblici. Grazie all\u2019utilizzo del personal computer o dello smartphone, da qualche anno possono entrare in possesso dei documenti che necessitano standosene comodamente a casa. A dirlo \u00e8 l\u2019Ufficio studi della CGIA.<\/p>\n<p>Il Covid ha allontanato i cittadini dagli uffici pubblici<br \/>\nLa forte contrazione degli accessi agli uffici pubblici e la conseguente diminuzione dei tempi di attesa avvenuti tra il 2020 e il 2021 sono riconducibili al fatto che con la pandemia quasi tutti gli sportelli delle amministrazioni comunali front office hanno deciso di lavorare su appuntamento. Negli ospedali, invece, a causa del Covid, gli ingressi sono stati contingentati, contribuendo a diminuire le presenze complessive. Altres\u00ec, grazie al potenziamento dei call center telefonici e dei sevizi offerti attraverso il sito internet &#8211; come i pagamenti, le prenotazioni on line delle visite, delle prestazioni ambulatoriali e il ritiro dei referti\/certificati \u2013 le strutture ospedaliere hanno contribuito a diminuire ulteriormente l\u2019affluenza ai propri sportelli.<\/p>\n<p>I numeri<br \/>\nNel 2023 il 39,7 per cento dei veneti che si sono recati in uno sportello di una ASL ha denunciato di aver atteso oltre 20 minuti. La nostra media regionale rimane di circa 10 punti inferiore a quella nazionale. Tra il 2021, anno in cui ci trovavamo in piena crisi pandemica, e il 2023, primo anno post Covid, i veneti che si sono recati presso una ASL e hanno denunciato di essere rimasti in attesa pi\u00f9 di 20 minuti sono aumentati del 31,9 per cento, Possiamo quindi stimare con buona approssimazione che in questi ultimi due anni chi frequenta una ASL ed aspetta pi\u00f9 di 20 minuti allo sportello ha visto allungarsi la coda di 10 persone. Solo in Abruzzo si \u00e8 verificata una situazione pi\u00f9 critica della nostra.<br \/>\nA livello regionale nel 2023 gli sportelli ASL pi\u00f9 \u201clumaca\u201d nell\u2019espletare i referti e le pratiche tecnico\/burocratiche sono stati quelli ubicati in Sicilia. Nella regione pi\u00f9 a sud del Paese, il 68,4 per cento degli over 18 ha dichiarato di aver atteso pi\u00f9 di 20 minuti. Seguono le ASL di Molise con ritardi denunciati dal 67,6 per cento dei cittadini, la Calabria con il 67,2 per cento, la Campania il 65,8 per cento e la Basilicata con il 65 per cento (vedi Tab. 1).<\/p>\n<p><a class=\"dt-pswp-item\" href=\"https:\/\/www.radiopiu.net\/wordpress\/wp-content\/uploads\/2024\/03\/Schermata-2024-03-02-alle-11.00.54.png\" data-dt-img-description=\"Sempre a livello regionale, nel 2023 gli sportelli degli uffici anagrafe pi\u00f9 \u201clenti\u201d nel consegnare i certificati richiesti dai propri residenti sono stati quelli dei comuni laziali: il 44,1 per cento degli over 18, infatti, ha dichiarato di aver atteso pi\u00f9 di 20 minuti. Seguono i comuni della Sicilia con il 43,3 per cento, quelli della Puglia con il 34,7 per cento, quelli della Calabria con il 33,5 per cento e quelli della Campania con il 32,2 per cento. Il Veneto si colloca nella parte bassa della graduatoria: \u201csolo\u201d il 16,9 per cento dei cittadini ha denunciato tempi superiori ai 20 minuti per terminare l\u2019operazione. Tra il 2021 e il 2023 i comuni dove \u201cipoteticamente\u201d la fila agli sportelli dell\u2019anagrafe \u00e8 aumentata maggiormente sono la Calabria (+8 persone), l\u2019Umbria (+6 persone) e l\u2019Abruzzo (+5 persone). In Veneto non c\u2019\u00e8 stata alcuna variazione rispetto al dato 2021. \" data-large_image_width=\"1292\" data-large_image_height=\"1488\"><img loading=\"lazy\" decoding=\"async\" class=\"alignleft wp-image-377194 size-medium\" src=\"https:\/\/www.radiopiu.net\/wordpress\/wp-content\/uploads\/2024\/03\/Schermata-2024-03-02-alle-11.00.54-260x300.png\" alt=\"\" width=\"260\" height=\"300\" srcset=\"https:\/\/www.radiopiu.net\/wordpress\/wp-content\/uploads\/2024\/03\/Schermata-2024-03-02-alle-11.00.54-260x300.png 260w, https:\/\/www.radiopiu.net\/wordpress\/wp-content\/uploads\/2024\/03\/Schermata-2024-03-02-alle-11.00.54-889x1024.png 889w, https:\/\/www.radiopiu.net\/wordpress\/wp-content\/uploads\/2024\/03\/Schermata-2024-03-02-alle-11.00.54-768x885.png 768w, https:\/\/www.radiopiu.net\/wordpress\/wp-content\/uploads\/2024\/03\/Schermata-2024-03-02-alle-11.00.54.png 1292w\" sizes=\"auto, (max-width: 260px) 100vw, 260px\" \/><\/a><\/p>\n<p class=\"p1\">Sempre a livello regionale, nel 2023 gli sportelli degli uffici anagrafe pi\u00f9 \u201clenti\u201d nel consegnare i certificati richiesti dai propri residenti sono stati quelli dei comuni laziali: il 44,1 per cento degli over 18, infatti, ha dichiarato di aver atteso pi\u00f9 di 20 minuti. Seguono i comuni della Sicilia con il 43,3 per cento, quelli della Puglia con il 34,7 per cento, quelli della Calabria con il 33,5 per cento e quelli della Campania con il 32,2 per cento. Il Veneto si colloca nella parte bassa della graduatoria: \u201csolo\u201d il 16,9 per cento dei cittadini ha denunciato tempi superiori ai 20 minuti per terminare l\u2019operazione. Tra il 2021 e il 2023 i comuni dove \u201cipoteticamente\u201d la fila agli sportelli dell\u2019anagrafe \u00e8 aumentata maggiormente sono la Calabria (+8 persone), l\u2019Umbria (+6 persone) e l\u2019Abruzzo (+5 persone). In Veneto non c\u2019\u00e8 stata alcuna variazione rispetto al dato 2021.<\/p>\n<p class=\"p1\"><a class=\"dt-pswp-item\" href=\"https:\/\/www.radiopiu.net\/wordpress\/wp-content\/uploads\/2024\/03\/Schermata-2024-03-02-alle-11.03.39.png\" data-dt-img-description=\"\" data-large_image_width=\"1302\" data-large_image_height=\"724\"><img loading=\"lazy\" decoding=\"async\" class=\"size-medium wp-image-377196 alignleft\" src=\"https:\/\/www.radiopiu.net\/wordpress\/wp-content\/uploads\/2024\/03\/Schermata-2024-03-02-alle-11.03.39-300x167.png\" alt=\"\" width=\"300\" height=\"167\" srcset=\"https:\/\/www.radiopiu.net\/wordpress\/wp-content\/uploads\/2024\/03\/Schermata-2024-03-02-alle-11.03.39-300x167.png 300w, https:\/\/www.radiopiu.net\/wordpress\/wp-content\/uploads\/2024\/03\/Schermata-2024-03-02-alle-11.03.39-1024x569.png 1024w, https:\/\/www.radiopiu.net\/wordpress\/wp-content\/uploads\/2024\/03\/Schermata-2024-03-02-alle-11.03.39-768x427.png 768w, https:\/\/www.radiopiu.net\/wordpress\/wp-content\/uploads\/2024\/03\/Schermata-2024-03-02-alle-11.03.39.png 1302w\" sizes=\"auto, (max-width: 300px) 100vw, 300px\" \/><\/a>Va altres\u00ec segnalato che l\u2019efficienza degli uffici anagrafe dei comuni \u00e8 inversamente proporzionale al crescere della dimensione di questi ultimi. Infatti, il numero delle persone che a livello nazionale nel 2023 ha denunciato di essere stato in attesa pi\u00f9 di 20 minuti per ogni 100 abitanti che si sono recati all\u2019anagrafe \u00e8 stato del 12,6 per cento nei comuni fino a 10 mila abitanti. E\u2019 salito al 23,3 per cento per quelli tra i 10 e i 50 mila abitanti, per toccare il 36,4 per cento per le amministrazioni con pi\u00f9 di 50 mila abitanti. Emergono delle differenze molto marcate anche tra le persone che abitano nei comuni vicini o meno alle grandi Citt\u00e0 Metropolitane che, tra queste, includono anche Venezia. Quelli che si trovano nella periferia di queste grandi citt\u00e0 hanno atteso pi\u00f9 di 20 minuti nel 23,8 per cento dei casi che sono saliti fino al 55,5 per cento nei comuni contigui a quelli dell\u2019area metropolitana (vedi Tab. 3).<\/p>\n<p>&nbsp;<\/p>\n<p>&nbsp;<\/p>\n<p><a class=\"dt-pswp-item\" href=\"https:\/\/www.radiopiu.net\/wordpress\/wp-content\/uploads\/2024\/03\/Schermata-2024-03-02-alle-11.02.43.png\" data-dt-img-description=\"\" data-large_image_width=\"1292\" data-large_image_height=\"1488\"><img loading=\"lazy\" decoding=\"async\" class=\"size-medium wp-image-377195 alignleft\" src=\"https:\/\/www.radiopiu.net\/wordpress\/wp-content\/uploads\/2024\/03\/Schermata-2024-03-02-alle-11.02.43-260x300.png\" alt=\"\" width=\"260\" height=\"300\" srcset=\"https:\/\/www.radiopiu.net\/wordpress\/wp-content\/uploads\/2024\/03\/Schermata-2024-03-02-alle-11.02.43-260x300.png 260w, https:\/\/www.radiopiu.net\/wordpress\/wp-content\/uploads\/2024\/03\/Schermata-2024-03-02-alle-11.02.43-889x1024.png 889w, https:\/\/www.radiopiu.net\/wordpress\/wp-content\/uploads\/2024\/03\/Schermata-2024-03-02-alle-11.02.43-768x885.png 768w, https:\/\/www.radiopiu.net\/wordpress\/wp-content\/uploads\/2024\/03\/Schermata-2024-03-02-alle-11.02.43.png 1292w\" sizes=\"auto, (max-width: 260px) 100vw, 260px\" \/><\/a><\/p>\n<ul class=\"ul1\">\n<li class=\"li1\"><b>Anche per le Pmi la PA \u00e8 un grosso problema<\/b><\/li>\n<\/ul>\n<p class=\"p1\">A lamentarsi, comunque, non sono solo i cittadini ma anche il sistema produttivo. Per pi\u00f9 di 8 imprenditori su 10, infatti, la Pubblica Amministrazione (PA) italiana obbliga le imprese a delle procedure amministrative complicatissime. Esclusa la Francia, nessun altro paese dell\u2019Area dell\u2019Euro ha registrato un sentiment cos\u00ec negativo come il nostro. Rispetto alla media dei 20 Paesi monitorati nel 2023, l\u2019Italia sconta un differenziale di quasi 25 punti percentuali in pi\u00f9 (vedi Graf. 3). Il coacervo di norme, di regolamenti e di disposizioni varie presenti in tutti i settori continuano a ingessare il Paese, rendendo la vita impossibile soprattutto a coloro che vogliono fare impresa. E mai come in questo momento, oltre a riformare la nostra Amministrazione statale sarebbe necessario semplificare il quadro normativo, riducendo il numero delle leggi attraverso l\u2019abrogazione di quelle pi\u00f9 datate, ricorrendo ai testi unici, evitando cos\u00ec la sovrapposizione legislativa che su molte materie ha generato incomunicabilit\u00e0, mancanza di trasparenza, incertezza dei tempi ed adempimenti sempre pi\u00f9 onerosi. Siamo certi che tutto questo darebbe un forte impulso alla produttivit\u00e0 del personale pubblico, spesso costretto a sottostare a procedure organizzative rigide e insensate che disincentivano la voglia di fare.<\/p>\n<p>&nbsp;<\/p>\n<p><a class=\"dt-pswp-item\" href=\"https:\/\/www.radiopiu.net\/wordpress\/wp-content\/uploads\/2024\/03\/Schermata-2024-03-02-alle-11.04.32.png\" data-dt-img-description=\"\" data-large_image_width=\"1300\" data-large_image_height=\"1184\">\u00a0<\/a><a class=\"dt-pswp-item\" href=\"https:\/\/www.radiopiu.net\/wordpress\/wp-content\/uploads\/2024\/03\/Schermata-2024-03-02-alle-11.04.32.png\" data-dt-img-description=\"\" data-large_image_width=\"1300\" data-large_image_height=\"1184\"><img loading=\"lazy\" decoding=\"async\" class=\"size-medium wp-image-377197 alignnone\" src=\"https:\/\/www.radiopiu.net\/wordpress\/wp-content\/uploads\/2024\/03\/Schermata-2024-03-02-alle-11.04.32-300x273.png\" alt=\"\" width=\"300\" height=\"273\" srcset=\"https:\/\/www.radiopiu.net\/wordpress\/wp-content\/uploads\/2024\/03\/Schermata-2024-03-02-alle-11.04.32-300x273.png 300w, https:\/\/www.radiopiu.net\/wordpress\/wp-content\/uploads\/2024\/03\/Schermata-2024-03-02-alle-11.04.32-1024x933.png 1024w, https:\/\/www.radiopiu.net\/wordpress\/wp-content\/uploads\/2024\/03\/Schermata-2024-03-02-alle-11.04.32-768x699.png 768w, https:\/\/www.radiopiu.net\/wordpress\/wp-content\/uploads\/2024\/03\/Schermata-2024-03-02-alle-11.04.32.png 1300w\" sizes=\"auto, (max-width: 300px) 100vw, 300px\" \/><\/a><\/p>\n<p>&nbsp;<\/p>\n<hr \/>\n<p>&nbsp;<\/p>\n<blockquote>\n<h3 class=\"titolonews\">A CORTINA D\u2019AMPEZZO IL CONVEGNO \u2018SPORT \u00c8 SCUOLA.<\/h3>\n<\/blockquote>\n<p><strong>CORTINA<\/strong> Il convegno &#8220;Sport \u00e8 scuola&#8221;, organizzato per oggi nell&#8217;ambito di &#8220;Veneto in Action&#8221;, mira a discutere sull&#8217;importanza dello sport nell&#8217;istruzione, soprattutto in vista dei Giochi Olimpici e Paralimpici 2026. Parteciperanno numerosi relatori, inclusi rappresentanti delle istituzioni e esperti del settore. I focus principali saranno sui modelli organizzativi scolastici e sulle opportunit\u00e0 formative legate agli eventi sportivi di rilievo. Saranno coinvolti anche 600 studenti locali. Il convegno si propone di approfondire il progetto &#8220;Generazione 2026&#8221;, volto a promuovere i valori olimpici e le eccellenze territoriali.<\/p>\n<p>&nbsp;<\/p>\n<p>&nbsp;<\/p>\n<hr \/>\n<p>&nbsp;<\/p>\n<blockquote>\n<h3><a class=\"dt-pswp-item\" href=\"https:\/\/www.radiopiu.net\/wordpress\/wp-content\/uploads\/2024\/02\/SCR-20240227-kpld.png\" data-dt-img-description=\"\" data-large_image_width=\"660\" data-large_image_height=\"942\"><img loading=\"lazy\" decoding=\"async\" class=\" wp-image-376511 alignleft\" src=\"https:\/\/www.radiopiu.net\/wordpress\/wp-content\/uploads\/2024\/02\/SCR-20240227-kpld-210x300.png\" alt=\"\" width=\"89\" height=\"127\" srcset=\"https:\/\/www.radiopiu.net\/wordpress\/wp-content\/uploads\/2024\/02\/SCR-20240227-kpld-210x300.png 210w, https:\/\/www.radiopiu.net\/wordpress\/wp-content\/uploads\/2024\/02\/SCR-20240227-kpld.png 660w\" sizes=\"auto, (max-width: 89px) 100vw, 89px\" \/><\/a>UN APPROCCIO CULTURALE DELLA VAL PETTORINA<\/h3>\n<\/blockquote>\n<p><strong>PADOVA<\/strong> Domani nella sede Cai di via Gradenigo a Padova in occasione dei &#8220;Martedi del Cai&#8221; verr\u00e0 proposta una serata con Flavio Pilli in collaborazione con l&#8217;Associazione Palue per parlare dell&#8217;approccio culturale della Val Pettoriana. Si affronter\u00e0 la situazione dopo la tempesta Vaia che nel 2018 ha colpito una vasta area delle Dolomiti. L&#8217;ingresso \u00e8 libero<\/p>\n<p>&nbsp;<\/p>\n<p>&nbsp;<\/p>\n<p>&nbsp;<\/p>\n<hr \/>\n<p>&nbsp;<\/p>\n<blockquote>\n<h3>L&#8217;8 MARZO CON LA CIGL<\/h3>\n<\/blockquote>\n<p><strong><a class=\"dt-pswp-item\" href=\"https:\/\/www.radiopiu.net\/wordpress\/wp-content\/uploads\/2020\/12\/CGIL.jpg\" data-dt-img-description=\"\" data-large_image_width=\"512\" data-large_image_height=\"285\"><img loading=\"lazy\" decoding=\"async\" class=\" wp-image-180372 alignleft\" src=\"https:\/\/www.radiopiu.net\/wordpress\/wp-content\/uploads\/2020\/12\/CGIL-300x167.jpg\" alt=\"\" width=\"153\" height=\"85\" srcset=\"https:\/\/www.radiopiu.net\/wordpress\/wp-content\/uploads\/2020\/12\/CGIL-300x167.jpg 300w, https:\/\/www.radiopiu.net\/wordpress\/wp-content\/uploads\/2020\/12\/CGIL.jpg 512w\" sizes=\"auto, (max-width: 153px) 100vw, 153px\" \/><\/a>BELLUNO<\/strong> L&#8217;8 marzo a Belluno, la CGIL organizza un evento intitolato &#8220;La forza delle donne: Sapere, lavoro, vita&#8221;. Un dialogo tra donne di diverse generazioni e ambiti di vita per condividere esperienze e lotte. La tavola rotonda, curata dalla Camera del lavoro, dalla FLC CGIL, vedr\u00e0 la partecipazione di studentesse, un&#8217;insegnante, un&#8217;impiegata, un&#8217;operaia, una commessa e una pensionata. L&#8217;obiettivo \u00e8 ascoltare le voci delle donne bellunesi, affrontando temi come gender gap, pay gap e diritti delle lavoratrici. Un&#8217;occasione per promuovere politiche concrete a sostegno delle donne in diversi ambiti della vita.<\/p>\n<p>&nbsp;<\/p>\n<p>&nbsp;<\/p>\n<hr \/>\n<p>&nbsp;<\/p>\n<blockquote>\n<h3><a class=\"dt-pswp-item\" href=\"https:\/\/www.radiopiu.net\/wordpress\/wp-content\/uploads\/2024\/02\/ef01c8d9-8946-44f1-bd64-5d0ea6c915c7.jpg\" data-dt-img-description=\"\" data-large_image_width=\"1050\" data-large_image_height=\"1485\"><img loading=\"lazy\" decoding=\"async\" class=\" wp-image-375927 alignleft\" src=\"https:\/\/www.radiopiu.net\/wordpress\/wp-content\/uploads\/2024\/02\/ef01c8d9-8946-44f1-bd64-5d0ea6c915c7-212x300.jpg\" alt=\"\" width=\"93\" height=\"132\" srcset=\"https:\/\/www.radiopiu.net\/wordpress\/wp-content\/uploads\/2024\/02\/ef01c8d9-8946-44f1-bd64-5d0ea6c915c7-212x300.jpg 212w, https:\/\/www.radiopiu.net\/wordpress\/wp-content\/uploads\/2024\/02\/ef01c8d9-8946-44f1-bd64-5d0ea6c915c7-724x1024.jpg 724w, https:\/\/www.radiopiu.net\/wordpress\/wp-content\/uploads\/2024\/02\/ef01c8d9-8946-44f1-bd64-5d0ea6c915c7-768x1086.jpg 768w, https:\/\/www.radiopiu.net\/wordpress\/wp-content\/uploads\/2024\/02\/ef01c8d9-8946-44f1-bd64-5d0ea6c915c7.jpg 1050w\" sizes=\"auto, (max-width: 93px) 100vw, 93px\" \/><\/a>VIE IN ROSA AL TEATRO SAN GAETANO<\/h3>\n<\/blockquote>\n<p><strong>BELLUNO<\/strong> Sono 4 gli appuntamenti in programma per la rassegna &#8220;Vie in rosa&#8221; al Teatro San Gaetano di Belluno. Il 10 marzo &#8220;le Fuori gioco&#8221; e a seguire un incontro con il sociologo Diego Cason. Il 24 marzo &#8220;Non Fare storia&#8221; con Paola Brolati e a seguire un incontro con Belluno Donna. Il 14 aprile &#8220;Rolandina Roncaglia&#8221; e il 28 aprile un incontro con Roberta Gallego. Gli spettacoli inizieranno alle 17:30.<\/p>\n<p>&nbsp;<\/p>\n<p>&nbsp;<\/p>\n<hr \/>\n<p>&nbsp;<\/p>\n<p>&nbsp;<\/p>\n<blockquote>\n<h3>DONNE IL CORAGGIO DI ANDARE CONTROCORRENTE<\/h3>\n<\/blockquote>\n<p><strong>BELLUNO<\/strong> Sabato 9 marzo al Teatro Dino Buzzati alle 20.30 &#8220;Donne il coraggio di andare contro corrente&#8221; Serata di beneficenza a favore dell&#8217;associazione Belluno Donna. Spettacolo concerto condotto dall&#8217;attore Riccardo Checchin e dalla cantante Jessica Re. Intervengono l&#8217;attrice Roberta Barbiero\u00a0 la cantante Jessica Lena e\u00a0 la cantautrice Giorgia Canton. Ospite il pianista compositore Gioni Barbera.<\/p>\n<p>&nbsp;<\/p>\n<p>&nbsp;<\/p>\n<hr \/>\n<p>&nbsp;<\/p>\n<blockquote>\n<h3 align=\"CENTER\"><span style=\"font-family: Tahoma, serif;\"><span style=\"font-size: large;\"><b>L\u2019attesa pedonata \u201cIl vento tra i capelli\u201d <\/b><\/span><\/span><b style=\"font-size: large; font-family: Tahoma, serif;\">ritorna a Belluno il 10 marzo<\/b><\/h3>\n<\/blockquote>\n<p><strong>BELLUNO<\/strong> La 18\u00aa edizione della pedonata non competitiva &#8220;Il Vento tra i capelli&#8221; si terr\u00e0 domenica 10 marzo, organizzata dal Comitato Prevenzione Salute Donna con partenza alle 10 da Piazza dei Martiri a Belluno. Le iscrizioni saranno possibili il giorno stesso dell&#8217;evento presso l&#8217;area antistante il Caff\u00e8 Manin, con consegna della maglietta colorata, simbolo della manifestazione. Il Comitato, formato da varie associazioni femminili, mira a raccogliere fondi per l&#8217;acquisto di attrezzature per lo screening mammografico, sottolineando l&#8217;importanza della collaborazione tra pubblico e privato per la tutela della salute.<\/p>\n\n\t\t\t<style type='text\/css'>\n\t\t\t\t#gallery-2 {\n\t\t\t\t\tmargin: auto;\n\t\t\t\t}\n\t\t\t\t#gallery-2 .gallery-item {\n\t\t\t\t\tfloat: left;\n\t\t\t\t\tmargin-top: 10px;\n\t\t\t\t\ttext-align: center;\n\t\t\t\t\twidth: 33%;\n\t\t\t\t}\n\t\t\t\t#gallery-2 img {\n\t\t\t\t\tborder: 2px solid #cfcfcf;\n\t\t\t\t}\n\t\t\t\t#gallery-2 .gallery-caption {\n\t\t\t\t\tmargin-left: 0;\n\t\t\t\t}\n\t\t\t\t\/* see gallery_shortcode() in wp-includes\/media.php *\/\n\t\t\t<\/style>\n\t\t<div id='gallery-2' class='dt-gallery-container gallery galleryid-377125 gallery-columns-3 gallery-size-thumbnail'><dl class='gallery-item'>\n\t\t\t\t<dt class='gallery-icon landscape'>\n\t\t\t\t\t<a class=\"rollover rollover-zoom dt-pswp-item\" title=\"vento capelli 2\" data-dt-img-description=\"\" data-large_image_width=\"2048\" data-large_image_height=\"944\"href='https:\/\/www.radiopiu.net\/wordpress\/wp-content\/uploads\/2024\/03\/vento-capelli-2.jpg'><img loading=\"lazy\" decoding=\"async\" width=\"150\" height=\"150\" src=\"https:\/\/www.radiopiu.net\/wordpress\/wp-content\/uploads\/2024\/03\/vento-capelli-2-150x150.jpg\" class=\"attachment-thumbnail size-thumbnail\" alt=\"\" \/><\/a>\n\t\t\t\t<\/dt><\/dl><dl class='gallery-item'>\n\t\t\t\t<dt class='gallery-icon landscape'>\n\t\t\t\t\t<a class=\"rollover rollover-zoom dt-pswp-item\" title=\"vento capelli 3\" data-dt-img-description=\"\" data-large_image_width=\"2048\" data-large_image_height=\"945\"href='https:\/\/www.radiopiu.net\/wordpress\/wp-content\/uploads\/2024\/03\/vento-capelli-3-1.jpg'><img loading=\"lazy\" decoding=\"async\" width=\"150\" height=\"150\" src=\"https:\/\/www.radiopiu.net\/wordpress\/wp-content\/uploads\/2024\/03\/vento-capelli-3-1-150x150.jpg\" class=\"attachment-thumbnail size-thumbnail\" alt=\"\" \/><\/a>\n\t\t\t\t<\/dt><\/dl><dl class='gallery-item'>\n\t\t\t\t<dt class='gallery-icon landscape'>\n\t\t\t\t\t<a class=\"rollover rollover-zoom dt-pswp-item\" title=\"vento capelli 1\" data-dt-img-description=\"\" data-large_image_width=\"2048\" data-large_image_height=\"945\"href='https:\/\/www.radiopiu.net\/wordpress\/wp-content\/uploads\/2024\/03\/vento-capelli-1.jpg'><img loading=\"lazy\" decoding=\"async\" width=\"150\" height=\"150\" src=\"https:\/\/www.radiopiu.net\/wordpress\/wp-content\/uploads\/2024\/03\/vento-capelli-1-150x150.jpg\" class=\"attachment-thumbnail size-thumbnail\" alt=\"\" \/><\/a>\n\t\t\t\t<\/dt><\/dl><br style=\"clear: both\" \/>\n\t\t\t<\/div>\n\n<p>&nbsp;<\/p>\n<p>&nbsp;<\/p>\n<p>&nbsp;<\/p>\n<hr \/>\n<p>&nbsp;<\/p>\n<blockquote>\n<h3>DOLOMITES BEATS BY FERTAZZA CON FARGETTA POSTICIPATO DI UNA SETTIMANA<\/h3>\n<\/blockquote>\n<p><strong><a class=\"dt-pswp-item\" href=\"https:\/\/www.radiopiu.net\/wordpress\/wp-content\/uploads\/2024\/02\/ae06440d-5c55-4955-a62b-75f346a8f4fc.jpg\" data-dt-img-description=\"\" data-large_image_width=\"526\" data-large_image_height=\"275\"><img loading=\"lazy\" decoding=\"async\" class=\" wp-image-376655 alignleft\" src=\"https:\/\/www.radiopiu.net\/wordpress\/wp-content\/uploads\/2024\/02\/ae06440d-5c55-4955-a62b-75f346a8f4fc-300x157.jpg\" alt=\"\" width=\"141\" height=\"74\" srcset=\"https:\/\/www.radiopiu.net\/wordpress\/wp-content\/uploads\/2024\/02\/ae06440d-5c55-4955-a62b-75f346a8f4fc-300x157.jpg 300w, https:\/\/www.radiopiu.net\/wordpress\/wp-content\/uploads\/2024\/02\/ae06440d-5c55-4955-a62b-75f346a8f4fc.jpg 526w\" sizes=\"auto, (max-width: 141px) 100vw, 141px\" \/><\/a>REDAZIONE <\/strong>Viene posticipato di una settimana l&#8217;evento al Ristoro Belvedere Cima Fertazza con ospite Mario Fargetta. Le previsioni meteo avverse hanno costretto gli organizzatori a rinunciare all&#8217;evento in programma questo fine settimana. La data sar\u00e0 recuperata domenica 10 marzo.<\/p>\n<p>&nbsp;<\/p>\n<p>&nbsp;<\/p>\n<hr \/>\n<p>&nbsp;<\/p>\n<h2><span style=\"color: #ff6600;\">ALLA RADIO\u00a0<\/span><\/h2>\n<h2><span style=\"color: #ff00ff;\">LA RASSEGNA STAMPA DA L&#8217;AMICO DEL POPOLO<\/span><\/h2>\n<p><strong><a class=\"dt-pswp-item\" href=\"https:\/\/www.radiopiu.net\/wordpress\/wp-content\/uploads\/2024\/02\/irene-pampanin-scaled.jpg\" data-dt-img-description=\"\" data-large_image_width=\"1867\" data-large_image_height=\"2560\"><img loading=\"lazy\" decoding=\"async\" class=\" wp-image-375925 alignleft\" src=\"https:\/\/www.radiopiu.net\/wordpress\/wp-content\/uploads\/2024\/02\/irene-pampanin-219x300.jpg\" alt=\"\" width=\"132\" height=\"181\" srcset=\"https:\/\/www.radiopiu.net\/wordpress\/wp-content\/uploads\/2024\/02\/irene-pampanin-219x300.jpg 219w, https:\/\/www.radiopiu.net\/wordpress\/wp-content\/uploads\/2024\/02\/irene-pampanin-747x1024.jpg 747w, https:\/\/www.radiopiu.net\/wordpress\/wp-content\/uploads\/2024\/02\/irene-pampanin-768x1053.jpg 768w, https:\/\/www.radiopiu.net\/wordpress\/wp-content\/uploads\/2024\/02\/irene-pampanin-1120x1536.jpg 1120w, https:\/\/www.radiopiu.net\/wordpress\/wp-content\/uploads\/2024\/02\/irene-pampanin-1494x2048.jpg 1494w, https:\/\/www.radiopiu.net\/wordpress\/wp-content\/uploads\/2024\/02\/irene-pampanin-scaled.jpg 1867w\" sizes=\"auto, (max-width: 132px) 100vw, 132px\" \/><\/a>DI GIANNI SANTOMASO<\/strong><\/p>\n<p>OSPITE: Irene Pampanin<\/p>\n<audio class=\"wp-audio-shortcode\" id=\"audio-377125-9\" preload=\"none\" style=\"width: 100%;\" controls=\"controls\"><source type=\"audio\/mpeg\" src=\"https:\/\/www.radiopiu.net\/wordpress\/wp-content\/uploads\/2024\/03\/RASSEGNA-GIANNI-1.mp3?_=9\" \/><a href=\"https:\/\/www.radiopiu.net\/wordpress\/wp-content\/uploads\/2024\/03\/RASSEGNA-GIANNI-1.mp3\">https:\/\/www.radiopiu.net\/wordpress\/wp-content\/uploads\/2024\/03\/RASSEGNA-GIANNI-1.mp3<\/a><\/audio>\n<p>&nbsp;<\/p>\n<p>&nbsp;<\/p>\n<h2><span style=\"color: #008000;\">DUE MINUTI PER TE<\/span><\/h2>\n<p><a class=\"dt-pswp-item\" href=\"https:\/\/www.radiopiu.net\/wordpress\/wp-content\/uploads\/2020\/12\/DON-GIORGIO-LISE.jpg\" data-dt-img-description=\"\" data-large_image_width=\"1600\" data-large_image_height=\"901\"><img loading=\"lazy\" decoding=\"async\" class=\" wp-image-177420 alignleft\" src=\"https:\/\/www.radiopiu.net\/wordpress\/wp-content\/uploads\/2020\/12\/DON-GIORGIO-LISE-300x169.jpg\" alt=\"\" width=\"192\" height=\"108\" srcset=\"https:\/\/www.radiopiu.net\/wordpress\/wp-content\/uploads\/2020\/12\/DON-GIORGIO-LISE-300x169.jpg 300w, https:\/\/www.radiopiu.net\/wordpress\/wp-content\/uploads\/2020\/12\/DON-GIORGIO-LISE-1024x577.jpg 1024w, https:\/\/www.radiopiu.net\/wordpress\/wp-content\/uploads\/2020\/12\/DON-GIORGIO-LISE-768x432.jpg 768w, https:\/\/www.radiopiu.net\/wordpress\/wp-content\/uploads\/2020\/12\/DON-GIORGIO-LISE-1536x865.jpg 1536w, https:\/\/www.radiopiu.net\/wordpress\/wp-content\/uploads\/2020\/12\/DON-GIORGIO-LISE.jpg 1600w\" sizes=\"auto, (max-width: 192px) 100vw, 192px\" \/><\/a>APPUNTAMENTO DELLA DOMENICA CON IL PENSIERO DI MONSIGNOR GIORGIO LISE<\/p>\n<audio class=\"wp-audio-shortcode\" id=\"audio-377125-10\" preload=\"none\" style=\"width: 100%;\" controls=\"controls\"><source type=\"audio\/mpeg\" src=\"https:\/\/www.radiopiu.net\/wordpress\/wp-content\/uploads\/2024\/03\/DON-GIORGIO.mp3?_=10\" \/><a href=\"https:\/\/www.radiopiu.net\/wordpress\/wp-content\/uploads\/2024\/03\/DON-GIORGIO.mp3\">https:\/\/www.radiopiu.net\/wordpress\/wp-content\/uploads\/2024\/03\/DON-GIORGIO.mp3<\/a><\/audio>\n<p>&nbsp;<\/p>\n<p>&nbsp;<\/p>\n<hr \/>\n<p>&nbsp;<\/p>\n<blockquote>\n<h3>DA CROZZA-ZAIA TORNA MIRKO DI RADIO PIU&#8217;<\/h3>\n<\/blockquote>\n<p><strong><a class=\"dt-pswp-item\" href=\"https:\/\/www.radiopiu.net\/wordpress\/wp-content\/uploads\/2024\/03\/Schermata-2022-05-21-alle-14.20.17.png\" data-dt-img-description=\"\" data-large_image_width=\"1034\" data-large_image_height=\"526\"><img loading=\"lazy\" decoding=\"async\" class=\" wp-image-377251 alignleft\" src=\"https:\/\/www.radiopiu.net\/wordpress\/wp-content\/uploads\/2024\/03\/Schermata-2022-05-21-alle-14.20.17-300x153.png\" alt=\"\" width=\"214\" height=\"109\" srcset=\"https:\/\/www.radiopiu.net\/wordpress\/wp-content\/uploads\/2024\/03\/Schermata-2022-05-21-alle-14.20.17-300x153.png 300w, https:\/\/www.radiopiu.net\/wordpress\/wp-content\/uploads\/2024\/03\/Schermata-2022-05-21-alle-14.20.17-1024x521.png 1024w, https:\/\/www.radiopiu.net\/wordpress\/wp-content\/uploads\/2024\/03\/Schermata-2022-05-21-alle-14.20.17-768x391.png 768w, https:\/\/www.radiopiu.net\/wordpress\/wp-content\/uploads\/2024\/03\/Schermata-2022-05-21-alle-14.20.17.png 1034w\" sizes=\"auto, (max-width: 214px) 100vw, 214px\" \/><\/a>REDAZIONE<\/strong> Da due settimane \u00e8 iniziata la nuova stagione di &#8220;Fratelli di Crozza&#8221; il programma del venerd\u00ec sera in onda sul Nove del gruppo Warner-Discovery. Tra le varie imitazione del comico ligure immancabile quello del Governatore del Veneto Luca Zaia. E questa settimana \u00e8 stato tirato in ballo di nuovo Mirko di Radio Pi\u00f9 che \u00e8 parente alla lontana con il tatuatore che \u00e8 arrivato in studio per tatuare Crozza-Zaia su un braccio.<\/p>\n<p><strong>L&#8217;AUDIO<\/strong><\/p>\n<audio class=\"wp-audio-shortcode\" id=\"audio-377125-11\" preload=\"none\" style=\"width: 100%;\" controls=\"controls\"><source type=\"audio\/mpeg\" src=\"https:\/\/www.radiopiu.net\/wordpress\/wp-content\/uploads\/2024\/03\/CROZZA.mp3?_=11\" \/><a href=\"https:\/\/www.radiopiu.net\/wordpress\/wp-content\/uploads\/2024\/03\/CROZZA.mp3\">https:\/\/www.radiopiu.net\/wordpress\/wp-content\/uploads\/2024\/03\/CROZZA.mp3<\/a><\/audio>\n<p>&nbsp;<\/p>\n<p><span style=\"color: #ff0000;\"><strong>archivio autunno 23<\/strong><\/span><\/p>\n<p><iframe loading=\"lazy\" title=\"Tutto il meglio di Crozza Zaia autunno 2023 | Fratelli di Crozza\" width=\"1200\" height=\"675\" src=\"https:\/\/www.youtube.com\/embed\/ZJoi6KSJblw?start=21&#038;feature=oembed\" frameborder=\"0\" allow=\"accelerometer; autoplay; clipboard-write; encrypted-media; gyroscope; picture-in-picture; web-share\" allowfullscreen><\/iframe><\/p>\n<p>&nbsp;<\/p>\n<p>&nbsp;<\/p>\n<blockquote class=\"wp-embedded-content\" data-secret=\"Kdy8dhYErU\"><p><a href=\"https:\/\/www.radiopiu.net\/wordpress\/va1asaads\/\">I NOSTRI ALLA FESTA DEL FONDO, TEAM AGORDINO E VASABROKE IN AZIONE&#8230; PAGINA IN AGGIORNAMENTO CONTINUO<\/a><\/p><\/blockquote>\n<p><iframe loading=\"lazy\" class=\"wp-embedded-content\" sandbox=\"allow-scripts\" security=\"restricted\" style=\"position: absolute; clip: rect(1px, 1px, 1px, 1px);\" title=\"&#8220;I NOSTRI ALLA FESTA DEL FONDO, TEAM AGORDINO E VASABROKE IN AZIONE&#8230; PAGINA IN AGGIORNAMENTO CONTINUO&#8221; &#8212; Radio Pi\u00f9\" src=\"https:\/\/www.radiopiu.net\/wordpress\/va1asaads\/embed\/#?secret=8kSZVBRuhm#?secret=Kdy8dhYErU\" data-secret=\"Kdy8dhYErU\" width=\"600\" height=\"338\" frameborder=\"0\" marginwidth=\"0\" marginheight=\"0\" scrolling=\"no\"><\/iframe><\/p>\n<p>&nbsp;<\/p>\n<hr \/>\n<p>&nbsp;<\/p>\n<h2><span style=\"color: #ff0000;\">GLI APPUNTAMENTI DELLA SETTIMANA\u00a0\u00a0<\/span><\/h2>\n<p><strong>FELTRE<\/strong> La Famiglia Ex Emigranti del Feltrino organizza la gita alla fiera &#8220;Orto Giardino&#8221; a Pordenonefiere il 6 marzo. La partenza \u00e8 alle 13 da Pedavena, con passaggio a Feltre. Il programma include l&#8217;ingresso alla fiera e una tappa in pizzeria durante il rientro. Per informazioni 40 262 9562.<\/p>\n<p><strong>BELLUNO<\/strong> Sabato 9 marzo alle ore 17:30, presso la sala &#8220;TEATRO&#8221; del Centro Congressi in piazza Piloni a Belluno, si terr\u00e0 un incontro sul tema &#8220;GAZA E KIEV: L&#8217;EUROPA TRA I CONFLITTI&#8221;. Gli interventi saranno di Germano Dottori, Consigliere scientifico di Limes, e di Gian Micalessin, giornalista, scrittore e inviato di guerra. L&#8217;incontro sar\u00e0 condotto da Franco Tosolini, ricercatore storico.<\/p>\n<div>\n<div class=\"\" dir=\"auto\">\n<div id=\":r9h:\" class=\"x1iorvi4 x1pi30zi x1l90r2v x1swvt13\" data-ad-comet-preview=\"message\" data-ad-preview=\"message\">\n<div class=\"x78zum5 xdt5ytf xz62fqu x16ldp7u\">\n<div class=\"xu06os2 x1ok221b\">\n<blockquote>\n<h3 style=\"text-align: center;\">LE CAMPE: 9 marzo con la Combricola del Blasko<\/h3>\n<\/blockquote>\n<p><a class=\"dt-pswp-item\" href=\"https:\/\/www.radiopiu.net\/wordpress\/wp-content\/uploads\/2024\/02\/Senza-nome-52.png\" data-dt-img-description=\"\" data-large_image_width=\"268\" data-large_image_height=\"486\"><img loading=\"lazy\" decoding=\"async\" class=\" wp-image-375373 aligncenter\" src=\"https:\/\/www.radiopiu.net\/wordpress\/wp-content\/uploads\/2024\/02\/Senza-nome-52-165x300.png\" alt=\"\" width=\"148\" height=\"269\" srcset=\"https:\/\/www.radiopiu.net\/wordpress\/wp-content\/uploads\/2024\/02\/Senza-nome-52-165x300.png 165w, https:\/\/www.radiopiu.net\/wordpress\/wp-content\/uploads\/2024\/02\/Senza-nome-52.png 268w\" sizes=\"auto, (max-width: 148px) 100vw, 148px\" \/><\/a><\/p>\n<p>&nbsp;<\/p>\n<h2><span style=\"color: #ff0000;\">PROSSIMAMENTE&#8230;<\/span><\/h2>\n<\/div>\n<\/div>\n<\/div>\n<\/div>\n<\/div>\n<blockquote>\n<div class=\"xdj266r x11i5rnm xat24cr x1mh8g0r x1vvkbs x126k92a\">\n<div dir=\"auto\">Quest\u2019anno ne abbiamo per tutti e per tutti i gusti! Dai primi anni 2000 ad oggi le loro produzioni ed i loro remix partendo da Radio M2O fanno il giro del mondo grazie anche alla collaborazione con le pi\u00f9 prestigiose case discografiche. Al <a class=\"x1i10hfl xjbqb8w x1ejq31n xd10rxx x1sy0etr x17r0tee x972fbf xcfux6l x1qhh985 xm0m39n x9f619 x1ypdohk xt0psk2 xe8uvvx xdj266r x11i5rnm xat24cr x1mh8g0r xexx8yu x4uap5 x18d9i69 xkhd6sd x16tdsg8 x1hl2dhg xggy1nq x1a2a7pz xt0b8zv x1fey0fg xo1l8bm\" tabindex=\"0\" role=\"link\" href=\"https:\/\/www.facebook.com\/profile.php?id=61554808097303&amp;__cft__[0]=AZXICwU4RtqtC8qFy289D6wHqY0ABebl3xVFSoo0OHaVdmMS227UHC3ksgkfh1VULDShpjeF8-qB4QWmCDDXfk6KtcQISzqxH_0jCBTVfnPVp23rZt2p5vQba6ozeME2Fer6D_v_gINXTCTCF0jCJZHkxHeezSdmyNVtxnK8S0ne0_x-YxhhEx8oV_AXb3vCXavOfZ2mgB2PCKSM5LjrrxFM&amp;__tn__=-]K-y-R\"><span class=\"xt0psk2\">Save The Date Festival<\/span><\/a> si \u201carrampicheranno\u201d anche gli <a class=\"x1i10hfl xjbqb8w x1ejq31n xd10rxx x1sy0etr x17r0tee x972fbf xcfux6l x1qhh985 xm0m39n x9f619 x1ypdohk xt0psk2 xe8uvvx xdj266r x11i5rnm xat24cr x1mh8g0r xexx8yu x4uap5 x18d9i69 xkhd6sd x16tdsg8 x1hl2dhg xggy1nq x1a2a7pz xt0b8zv x1fey0fg xo1l8bm\" tabindex=\"0\" role=\"link\" href=\"https:\/\/www.facebook.com\/AlienCutOfficial?__cft__[0]=AZXICwU4RtqtC8qFy289D6wHqY0ABebl3xVFSoo0OHaVdmMS227UHC3ksgkfh1VULDShpjeF8-qB4QWmCDDXfk6KtcQISzqxH_0jCBTVfnPVp23rZt2p5vQba6ozeME2Fer6D_v_gINXTCTCF0jCJZHkxHeezSdmyNVtxnK8S0ne0_x-YxhhEx8oV_AXb3vCXavOfZ2mgB2PCKSM5LjrrxFM&amp;__tn__=-]K-y-R\"><span class=\"xt0psk2\">ALIEN CUT<\/span><\/a>!<\/div>\n<\/div>\n<div class=\"x11i5rnm xat24cr x1mh8g0r x1vvkbs xtlvy1s x126k92a\">\n<div dir=\"auto\">\n<p>&nbsp;<\/p>\n<\/div>\n<\/div>\n<h2>&#8220;I used to get it on &#8230; and will go on&#8230;&#8221;<\/h2>\n<p>&#x1f3a4; Na na na na la la la la<\/p><\/blockquote>\n<p>SE DAL 1998 AD OGGI AVETE FREQUENTATO UN\u00a0 QUALSIASI LOCALE DA BALLO, I TORMENTONI VI SONO PASSATI&#8230; PER LE VENE<\/p>\n<p>AL SAVE THE DATE FESTIVAL ARRIVA ANCHE NATALIE AARTS DEI SOUNDLOVERS PER FARVI SALTARE A QUOTA 2200 METRI&#8230; AL RIFUGIO LARESEI.<\/p>\n<p><strong>7 APRILE: Save The Date Festival\u00a0 al Rifugio L\u00e0resei CAROLINA MARQUEZ, MASSIMILIANO OSSINI, CAMILLA RONCHI, ICE MC, \u00a0 NATHALIE AARTS E ALIEN CUT<\/strong><\/p>\n<p>Acquista il tuo biglietto d&#8217;ingresso al link <a class=\"x1i10hfl xjbqb8w x1ejq31n xd10rxx x1sy0etr x17r0tee x972fbf xcfux6l x1qhh985 xm0m39n x9f619 x1ypdohk xt0psk2 xe8uvvx xdj266r x11i5rnm xat24cr x1mh8g0r xexx8yu x4uap5 x18d9i69 xkhd6sd x16tdsg8 x1hl2dhg xggy1nq x1a2a7pz xt0b8zv x1fey0fg\" tabindex=\"0\" role=\"link\" href=\"https:\/\/www.ciaotickets.com\/it\/biglietti\/save-the-date-festival?fbclid=IwAR2K9jIK3W7EP53TNiSdEwqCOvR-Rhv1N2b_Z1nwX7-K-Fq1KjIEVK6Jbgw\" target=\"_blank\" rel=\"nofollow noopener noreferrer\">ciaotickets.com<\/a><\/p>\n<blockquote>\n<h2>SAVE THE DATE FESTIVAL<\/h2>\n<div>\n<div class=\"\" dir=\"auto\">\n<div id=\":r9h:\" class=\"x1iorvi4 x1pi30zi x1l90r2v x1swvt13\" data-ad-comet-preview=\"message\" data-ad-preview=\"message\">\n<div class=\"x78zum5 xdt5ytf xz62fqu x16ldp7u\">\n<div class=\"xu06os2 x1ok221b\">\n<div dir=\"auto\">\n\n\t\t\t<style type='text\/css'>\n\t\t\t\t#gallery-3 {\n\t\t\t\t\tmargin: auto;\n\t\t\t\t}\n\t\t\t\t#gallery-3 .gallery-item {\n\t\t\t\t\tfloat: left;\n\t\t\t\t\tmargin-top: 10px;\n\t\t\t\t\ttext-align: center;\n\t\t\t\t\twidth: 25%;\n\t\t\t\t}\n\t\t\t\t#gallery-3 img {\n\t\t\t\t\tborder: 2px solid #cfcfcf;\n\t\t\t\t}\n\t\t\t\t#gallery-3 .gallery-caption {\n\t\t\t\t\tmargin-left: 0;\n\t\t\t\t}\n\t\t\t\t\/* see gallery_shortcode() in wp-includes\/media.php *\/\n\t\t\t<\/style>\n\t\t<div id='gallery-3' class='dt-gallery-container gallery galleryid-377125 gallery-columns-4 gallery-size-medium'><dl class='gallery-item'>\n\t\t\t\t<dt class='gallery-icon landscape'>\n\t\t\t\t\t<a class=\"rollover rollover-zoom dt-pswp-item\" title=\"Senza nome\" data-dt-img-description=\"\" data-large_image_width=\"566\" data-large_image_height=\"463\"href='https:\/\/www.radiopiu.net\/wordpress\/wp-content\/uploads\/2024\/03\/Senza-nome-4.png'><img loading=\"lazy\" decoding=\"async\" width=\"300\" height=\"245\" src=\"https:\/\/www.radiopiu.net\/wordpress\/wp-content\/uploads\/2024\/03\/Senza-nome-4-300x245.png\" class=\"attachment-medium size-medium\" alt=\"\" srcset=\"https:\/\/www.radiopiu.net\/wordpress\/wp-content\/uploads\/2024\/03\/Senza-nome-4-300x245.png 300w, https:\/\/www.radiopiu.net\/wordpress\/wp-content\/uploads\/2024\/03\/Senza-nome-4.png 566w\" sizes=\"auto, (max-width: 300px) 100vw, 300px\" \/><\/a>\n\t\t\t\t<\/dt><\/dl><dl class='gallery-item'>\n\t\t\t\t<dt class='gallery-icon landscape'>\n\t\t\t\t\t<a class=\"rollover rollover-zoom dt-pswp-item\" title=\"download\" data-dt-img-description=\"\" data-large_image_width=\"640\" data-large_image_height=\"639\"href='https:\/\/www.radiopiu.net\/wordpress\/wp-content\/uploads\/2024\/02\/download-5.jpg'><img loading=\"lazy\" decoding=\"async\" width=\"300\" height=\"300\" src=\"https:\/\/www.radiopiu.net\/wordpress\/wp-content\/uploads\/2024\/02\/download-5-300x300.jpg\" class=\"attachment-medium size-medium\" alt=\"\" srcset=\"https:\/\/www.radiopiu.net\/wordpress\/wp-content\/uploads\/2024\/02\/download-5-300x300.jpg 300w, https:\/\/www.radiopiu.net\/wordpress\/wp-content\/uploads\/2024\/02\/download-5-150x150.jpg 150w, https:\/\/www.radiopiu.net\/wordpress\/wp-content\/uploads\/2024\/02\/download-5.jpg 640w\" sizes=\"auto, (max-width: 300px) 100vw, 300px\" \/><\/a>\n\t\t\t\t<\/dt><\/dl><dl class='gallery-item'>\n\t\t\t\t<dt class='gallery-icon landscape'>\n\t\t\t\t\t<a class=\"rollover rollover-zoom dt-pswp-item\" title=\"download\" data-dt-img-description=\"\" data-large_image_width=\"640\" data-large_image_height=\"639\"href='https:\/\/www.radiopiu.net\/wordpress\/wp-content\/uploads\/2024\/02\/download-6.jpg'><img loading=\"lazy\" decoding=\"async\" width=\"300\" height=\"300\" src=\"https:\/\/www.radiopiu.net\/wordpress\/wp-content\/uploads\/2024\/02\/download-6-300x300.jpg\" class=\"attachment-medium size-medium\" alt=\"\" srcset=\"https:\/\/www.radiopiu.net\/wordpress\/wp-content\/uploads\/2024\/02\/download-6-300x300.jpg 300w, https:\/\/www.radiopiu.net\/wordpress\/wp-content\/uploads\/2024\/02\/download-6-150x150.jpg 150w, https:\/\/www.radiopiu.net\/wordpress\/wp-content\/uploads\/2024\/02\/download-6.jpg 640w\" sizes=\"auto, (max-width: 300px) 100vw, 300px\" \/><\/a>\n\t\t\t\t<\/dt><\/dl><dl class='gallery-item'>\n\t\t\t\t<dt class='gallery-icon landscape'>\n\t\t\t\t\t<a class=\"rollover rollover-zoom dt-pswp-item\" title=\"19c21029-a0ef-4986-8081-9facbbbce065\" data-dt-img-description=\"\" data-large_image_width=\"1080\" data-large_image_height=\"1080\"href='https:\/\/www.radiopiu.net\/wordpress\/wp-content\/uploads\/2024\/02\/19c21029-a0ef-4986-8081-9facbbbce065.jpg'><img loading=\"lazy\" decoding=\"async\" width=\"300\" height=\"300\" src=\"https:\/\/www.radiopiu.net\/wordpress\/wp-content\/uploads\/2024\/02\/19c21029-a0ef-4986-8081-9facbbbce065-300x300.jpg\" class=\"attachment-medium size-medium\" alt=\"\" srcset=\"https:\/\/www.radiopiu.net\/wordpress\/wp-content\/uploads\/2024\/02\/19c21029-a0ef-4986-8081-9facbbbce065-300x300.jpg 300w, https:\/\/www.radiopiu.net\/wordpress\/wp-content\/uploads\/2024\/02\/19c21029-a0ef-4986-8081-9facbbbce065-1024x1024.jpg 1024w, https:\/\/www.radiopiu.net\/wordpress\/wp-content\/uploads\/2024\/02\/19c21029-a0ef-4986-8081-9facbbbce065-150x150.jpg 150w, https:\/\/www.radiopiu.net\/wordpress\/wp-content\/uploads\/2024\/02\/19c21029-a0ef-4986-8081-9facbbbce065-768x768.jpg 768w, https:\/\/www.radiopiu.net\/wordpress\/wp-content\/uploads\/2024\/02\/19c21029-a0ef-4986-8081-9facbbbce065.jpg 1080w\" sizes=\"auto, (max-width: 300px) 100vw, 300px\" \/><\/a>\n\t\t\t\t<\/dt><\/dl><br style=\"clear: both\" \/><dl class='gallery-item'>\n\t\t\t\t<dt class='gallery-icon landscape'>\n\t\t\t\t\t<a class=\"rollover rollover-zoom dt-pswp-item\" title=\"Senza nome\" data-dt-img-description=\"\" data-large_image_width=\"415\" data-large_image_height=\"390\"href='https:\/\/www.radiopiu.net\/wordpress\/wp-content\/uploads\/2024\/03\/Senza-nome-10.png'><img loading=\"lazy\" decoding=\"async\" width=\"300\" height=\"282\" src=\"https:\/\/www.radiopiu.net\/wordpress\/wp-content\/uploads\/2024\/03\/Senza-nome-10-300x282.png\" class=\"attachment-medium size-medium\" alt=\"\" srcset=\"https:\/\/www.radiopiu.net\/wordpress\/wp-content\/uploads\/2024\/03\/Senza-nome-10-300x282.png 300w, https:\/\/www.radiopiu.net\/wordpress\/wp-content\/uploads\/2024\/03\/Senza-nome-10.png 415w\" sizes=\"auto, (max-width: 300px) 100vw, 300px\" \/><\/a>\n\t\t\t\t<\/dt><\/dl><dl class='gallery-item'>\n\t\t\t\t<dt class='gallery-icon landscape'>\n\t\t\t\t\t<a class=\"rollover rollover-zoom dt-pswp-item\" title=\"428458808_122124610286160269_8403615925720421881_n\" data-dt-img-description=\"\" data-large_image_width=\"526\" data-large_image_height=\"526\"href='https:\/\/www.radiopiu.net\/wordpress\/wp-content\/uploads\/2024\/02\/428458808_122124610286160269_8403615925720421881_n.jpg'><img loading=\"lazy\" decoding=\"async\" width=\"300\" height=\"300\" src=\"https:\/\/www.radiopiu.net\/wordpress\/wp-content\/uploads\/2024\/02\/428458808_122124610286160269_8403615925720421881_n-300x300.jpg\" class=\"attachment-medium size-medium\" alt=\"\" srcset=\"https:\/\/www.radiopiu.net\/wordpress\/wp-content\/uploads\/2024\/02\/428458808_122124610286160269_8403615925720421881_n-300x300.jpg 300w, https:\/\/www.radiopiu.net\/wordpress\/wp-content\/uploads\/2024\/02\/428458808_122124610286160269_8403615925720421881_n-150x150.jpg 150w, https:\/\/www.radiopiu.net\/wordpress\/wp-content\/uploads\/2024\/02\/428458808_122124610286160269_8403615925720421881_n.jpg 526w\" sizes=\"auto, (max-width: 300px) 100vw, 300px\" \/><\/a>\n\t\t\t\t<\/dt><\/dl><dl class='gallery-item'>\n\t\t\t\t<dt class='gallery-icon portrait'>\n\t\t\t\t\t<a class=\"rollover rollover-zoom dt-pswp-item\" title=\"424589697_17849558076141395_6233705988191667367_n\" data-dt-img-description=\"\" data-large_image_width=\"512\" data-large_image_height=\"640\"href='https:\/\/www.radiopiu.net\/wordpress\/wp-content\/uploads\/2024\/02\/424589697_17849558076141395_6233705988191667367_n.jpg'><img loading=\"lazy\" decoding=\"async\" width=\"240\" height=\"300\" src=\"https:\/\/www.radiopiu.net\/wordpress\/wp-content\/uploads\/2024\/02\/424589697_17849558076141395_6233705988191667367_n-240x300.jpg\" class=\"attachment-medium size-medium\" alt=\"\" srcset=\"https:\/\/www.radiopiu.net\/wordpress\/wp-content\/uploads\/2024\/02\/424589697_17849558076141395_6233705988191667367_n-240x300.jpg 240w, https:\/\/www.radiopiu.net\/wordpress\/wp-content\/uploads\/2024\/02\/424589697_17849558076141395_6233705988191667367_n.jpg 512w\" sizes=\"auto, (max-width: 240px) 100vw, 240px\" \/><\/a>\n\t\t\t\t<\/dt><\/dl>\n\t\t\t\t<br style='clear: both' \/>\n\t\t\t<\/div>\n\n<\/div>\n<\/div>\n<\/div>\n<\/div>\n<\/div>\n<\/div>\n<\/blockquote>\n<p>&nbsp;<\/p>\n<p>&nbsp;<\/p>\n<p>&nbsp;<\/p>\n<p>&nbsp;<\/p>\n<hr \/>\n<p>&nbsp;<\/p>\n<p><a class=\"dt-pswp-item\" href=\"https:\/\/www.radiopiu.net\/wordpress\/wp-content\/uploads\/2018\/09\/viabilita.jpeg\" data-dt-img-description=\"\" data-large_image_width=\"800\" data-large_image_height=\"100\"><img loading=\"lazy\" decoding=\"async\" class=\"aligncenter wp-image-61954 size-full\" src=\"https:\/\/www.radiopiu.net\/wordpress\/wp-content\/uploads\/2018\/09\/viabilita.jpeg\" alt=\"\" width=\"800\" height=\"100\" srcset=\"https:\/\/www.radiopiu.net\/wordpress\/wp-content\/uploads\/2018\/09\/viabilita.jpeg 800w, https:\/\/www.radiopiu.net\/wordpress\/wp-content\/uploads\/2018\/09\/viabilita-300x38.jpeg 300w, https:\/\/www.radiopiu.net\/wordpress\/wp-content\/uploads\/2018\/09\/viabilita-768x96.jpeg 768w\" sizes=\"auto, (max-width: 800px) 100vw, 800px\" \/><\/a><\/p>\n<p>&nbsp;<\/p>\n<p><a class=\"dt-pswp-item\" href=\"https:\/\/www.radiopiu.net\/wordpress\/wp-content\/uploads\/2023\/12\/botol-car-service.jpg\" data-dt-img-description=\"\" data-large_image_width=\"600\" data-large_image_height=\"600\"><img loading=\"lazy\" decoding=\"async\" class=\"size-medium wp-image-367044 aligncenter\" src=\"https:\/\/www.radiopiu.net\/wordpress\/wp-content\/uploads\/2023\/12\/botol-car-service-300x300.jpg\" alt=\"\" width=\"300\" height=\"300\" srcset=\"https:\/\/www.radiopiu.net\/wordpress\/wp-content\/uploads\/2023\/12\/botol-car-service-300x300.jpg 300w, https:\/\/www.radiopiu.net\/wordpress\/wp-content\/uploads\/2023\/12\/botol-car-service-150x150.jpg 150w, https:\/\/www.radiopiu.net\/wordpress\/wp-content\/uploads\/2023\/12\/botol-car-service.jpg 600w\" sizes=\"auto, (max-width: 300px) 100vw, 300px\" \/><\/a><\/p>\n<p>&nbsp;<\/p>\n<blockquote class=\"wp-embedded-content\" data-secret=\"w8dODhPh4o\"><p><a href=\"https:\/\/www.radiopiu.net\/wordpress\/viabilita\/\">viabilita<\/a><\/p><\/blockquote>\n<p><iframe loading=\"lazy\" class=\"wp-embedded-content\" sandbox=\"allow-scripts\" security=\"restricted\" style=\"position: absolute; clip: rect(1px, 1px, 1px, 1px);\" title=\"&#8220;viabilita&#8221; &#8212; Radio Pi\u00f9\" src=\"https:\/\/www.radiopiu.net\/wordpress\/viabilita\/embed\/#?secret=6OU6f9eCh4#?secret=w8dODhPh4o\" data-secret=\"w8dODhPh4o\" width=\"600\" height=\"338\" frameborder=\"0\" marginwidth=\"0\" marginheight=\"0\" scrolling=\"no\"><\/iframe><\/p>\n<p>&nbsp;<\/p>\n<hr \/>\n<p>&nbsp;<\/p>\n<p><a class=\"dt-pswp-item\" href=\"https:\/\/www.radiopiu.net\/wordpress\/wp-content\/uploads\/2018\/09\/WhatsApp-Image-2018-09-20-at-16.04.06.jpeg\" data-dt-img-description=\"\" data-large_image_width=\"800\" data-large_image_height=\"100\"><img loading=\"lazy\" decoding=\"async\" class=\"wp-image-61378 size-full aligncenter\" src=\"https:\/\/www.radiopiu.net\/wordpress\/wp-content\/uploads\/2018\/09\/WhatsApp-Image-2018-09-20-at-16.04.06.jpeg\" alt=\"\" width=\"800\" height=\"100\" srcset=\"https:\/\/www.radiopiu.net\/wordpress\/wp-content\/uploads\/2018\/09\/WhatsApp-Image-2018-09-20-at-16.04.06.jpeg 800w, https:\/\/www.radiopiu.net\/wordpress\/wp-content\/uploads\/2018\/09\/WhatsApp-Image-2018-09-20-at-16.04.06-300x38.jpeg 300w, https:\/\/www.radiopiu.net\/wordpress\/wp-content\/uploads\/2018\/09\/WhatsApp-Image-2018-09-20-at-16.04.06-768x96.jpeg 768w\" sizes=\"auto, (max-width: 800px) 100vw, 800px\" \/><\/a><\/p>\n<p><center><\/center><b>\u00a0 \u00a0 \u00a0<\/b><\/p>\n<p><center><b>OGGI<\/b><\/center>Moderato maltempo notturno sulle Prealpi, mentre sar\u00e0 debole sulle Dolomiti. In ogni caso il cielo sar\u00e0 coperto ovunque con precipitazioni assai pi\u00f9 significative sulle Prealpi centro-occidentali rispetto al settore bellunese. Attenuazione della nuvolosit\u00e0 e crescenti chance di schiarite nella seconda parte del giorno.<br \/>\n<b>Precipitazioni: <\/b>Probabilit\u00e0 alta sulle Prealpi (90-100%) per fenomeni perlopi\u00f9 moderati; sulle Dolomiti probabilit\u00e0 minore (70-80%) per fenomeni deboli e sparsi. Il limite della neve sar\u00e0 attorno a 1200-1400 m, prima di rialzarsi in mattinata. Al pomeriggio completo esaurimento dei fenomeni (0%).<br \/>\n<b>Temperature: <\/b>In generale lieve rialzo.<\/p>\n<hr \/>\n<p><center><b>DOMANI<\/b><\/center>Al mattino miglioramento con lunghi tratti soleggiati, assieme a qualche innocuo annuvolamento. Al pomeriggio forte riduzione del soleggiamento per nuvolosit\u00e0 sempre pi\u00f9 presente ed intensa, associata a un graduale peggioramento del tempo a partire dalle Prealpi occidentali, in successiva estensione al resto del territorio montano entro la sera.<br \/>\n<b>Precipitazioni: <\/b>Al mattino assenti (0%), al pomeriggio crescente probabilit\u00e0 fino ad alta (80-90%) alla sera. Il limite neve sar\u00e0 sui 1700-1800 m nella fase iniziale, prima di scendere attorno ai 1400-1500 m alla sera.<br \/>\n<b>Temperature: <\/b>In quota in rialzo con massime tra la notte e il primo mattino e minime a fine giornata. Nelle valli minime in calo per irraggiamento notturno e massime in rialzo.<\/p>\n<hr \/>\n<p><center><b>MERCOLEDI<\/b><\/center>Probabile tempo moderatamente perturbato, a tratti instabile, con cielo molto nuvoloso\/coperto ed alta probabilit\u00e0 di precipitazioni, anche a carattere di rovescio. Limite della neve sopra i 1100-1300 m, localmente pi\u00f9 basso nelle valli dolomitiche pi\u00f9 chiuse. Calo temperature, eccetto rialzo delle minime nelle valli.<\/p>\n<hr \/>\n<p><center><b>GIOVEDI<\/b><\/center>Residuo maltempo notturno, mentre il tempo inizia a migliorare sulle Dolomiti nel corso della notte. In seguito il tempo migliorer\u00e0 con diradamento della nuvolosit\u00e0 e rasserenamenti, anticipati sulle Dolomiti rispetto alle Prealpi. Calo delle temperature minime e rialzo delle massime.<\/p>\n<p>&nbsp;<\/p>\n<hr \/>\n<p>&nbsp;<\/p>\n<p><img loading=\"lazy\" decoding=\"async\" class=\"wp-image-60761 size-full aligncenter\" src=\"https:\/\/www.radiopiu.net\/wordpress\/wp-content\/uploads\/2018\/09\/sport.jpg\" alt=\"\" width=\"800\" height=\"100\" srcset=\"https:\/\/www.radiopiu.net\/wordpress\/wp-content\/uploads\/2018\/09\/sport.jpg 800w, https:\/\/www.radiopiu.net\/wordpress\/wp-content\/uploads\/2018\/09\/sport-300x38.jpg 300w, https:\/\/www.radiopiu.net\/wordpress\/wp-content\/uploads\/2018\/09\/sport-768x96.jpg 768w\" sizes=\"auto, (max-width: 800px) 100vw, 800px\" \/><\/p>\n<p>&nbsp;<\/p>\n<p><span style=\"color: #0000ff;\"><strong>HOCKEY SU GHIACCIO<\/strong><\/span><\/p>\n<blockquote>\n<h3>L&#8217;ALLEGHE AFFONDA I PIRATI DI APPIANO, FELTRE VINCE A VARESE<\/h3>\n<\/blockquote>\n<p><strong>di Marco Gaz<\/strong><\/p>\n<p><span style=\"color: #ff0000;\"><strong>QUARTI DI FINALE IHL \u2013 GARA 1<\/strong><\/span><\/p>\n<p><b>\u00a0<\/b><\/p>\n<p>PARZIALI: 3-0, 0-1, 0-0<\/p>\n<p>GOL: Pt. 1\u201931\u201d De Biasio, 6\u201954\u201d A. Vinatzer, 19\u201920\u201d Soppelsa. St. 18\u201953\u201d Critelli.<\/p>\n<p>L\u2019Alleghe si aggiudica il primo round dei quarti di finale della IHL dopo una prova superlativa. Gli agordini giocano bene e si difendono altrettanto bene gestendo al meglio la sfida. Tre gol nel primo tempo per le civette e Appiano che prova ad aprire la partita nel secondo drittel ma senza riuscire nell\u2019impresa nella terza frazione. Un match che si \u00e8 scaldato nell\u2019ultima frazione con tanto nervosismo che non ha portato risultati per entrambe le compagini. Agordini in vantaggio nella serie che marted\u00ec sera alle 20 torneranno in campo per giocare gara 2 in terra altoatesina. Pronti, via e subito Alleghe in vantaggio. Makela trova un assist perfetto per Francesco De Biasio che va a colpo sicuro e infila il disco alle spalle del golie altoatesino. Si gioca ritmi altissimi con le due formazioni che continuano dare spettacolo. Tanti i cambi di fronte ma i portieri fanno la differenza. La squadra di Scapinello si difende bene anche con l\u2019uomo in meno concedendo pochi spazi all\u2019Appiano. Il raddoppio agordino arriva poco dopo quando Andreas Vinatzer trova il pertugio per infilare il puck nel sacco. Nel finale di primo tempo arriva la terza marcatura alleghese. Powerplay a favore degli ospiti e Zherdev che scappa in solitaria per poi servire Soppelsa che non sbaglia. Nel secondo drittel gli animi si calmano e le squadre sembrano abbassare il ritmo. Civette che continuano a spingere alla ricerca di un gol che potrebbe chiudere la contesa. Altoatesini che provano a rispondere ma senza trovare i frutti sperati. I biancorossi cercano di gestire il vantaggio e ci riesce bene. L\u2019Appiano sembra arrendersi e i padroni di casa si avvicinano al gol in pi\u00f9 occasioni. Appena prima della seconda sirena gli ospiti riaprono la sfida con Critelli. \u00a0Nella terza frazione gli uomini di Scapinello si chiudono in difesa tentando degli affondi in contropiede ma le conclusioni non sono precise. Gianni Scola nega la seconda rete per gli ospiti e sul capovolgimento di fronte Makela si divora un gol per le civette. Si scaldano gli animi e gli arbitri hanno il suo bel da fare per calmare i giocatori. Minuti finali con i pirati all\u2019arrembaggio alla ricerca di un gol che potrebbe aprire la sfida. Pirati che provano la carta dell\u2019uomo in pi\u00f9 ma i biancorossi non si arrendono e portano a casa gara 1 dei quarti di finale.<\/p>\n<p><strong>LE FOTO DI MATTEO FLORIDIA<\/strong><\/p>\n\n\t\t\t<style type='text\/css'>\n\t\t\t\t#gallery-4 {\n\t\t\t\t\tmargin: auto;\n\t\t\t\t}\n\t\t\t\t#gallery-4 .gallery-item {\n\t\t\t\t\tfloat: left;\n\t\t\t\t\tmargin-top: 10px;\n\t\t\t\t\ttext-align: center;\n\t\t\t\t\twidth: 20%;\n\t\t\t\t}\n\t\t\t\t#gallery-4 img {\n\t\t\t\t\tborder: 2px solid #cfcfcf;\n\t\t\t\t}\n\t\t\t\t#gallery-4 .gallery-caption {\n\t\t\t\t\tmargin-left: 0;\n\t\t\t\t}\n\t\t\t\t\/* see gallery_shortcode() in wp-includes\/media.php *\/\n\t\t\t<\/style>\n\t\t<div id='gallery-4' class='dt-gallery-container gallery galleryid-377125 gallery-columns-5 gallery-size-medium'><dl class='gallery-item'>\n\t\t\t\t<dt class='gallery-icon landscape'>\n\t\t\t\t\t<a class=\"rollover rollover-zoom dt-pswp-item\" title=\"4fd4dc7f-2d64-43a0-a408-f69d4666b712\" data-dt-img-description=\"\" data-large_image_width=\"1067\" data-large_image_height=\"710\"href='https:\/\/www.radiopiu.net\/wordpress\/wp-content\/uploads\/2024\/03\/4fd4dc7f-2d64-43a0-a408-f69d4666b712.jpg'><img loading=\"lazy\" decoding=\"async\" width=\"300\" height=\"200\" src=\"https:\/\/www.radiopiu.net\/wordpress\/wp-content\/uploads\/2024\/03\/4fd4dc7f-2d64-43a0-a408-f69d4666b712-300x200.jpg\" class=\"attachment-medium size-medium\" alt=\"\" srcset=\"https:\/\/www.radiopiu.net\/wordpress\/wp-content\/uploads\/2024\/03\/4fd4dc7f-2d64-43a0-a408-f69d4666b712-300x200.jpg 300w, https:\/\/www.radiopiu.net\/wordpress\/wp-content\/uploads\/2024\/03\/4fd4dc7f-2d64-43a0-a408-f69d4666b712-1024x681.jpg 1024w, https:\/\/www.radiopiu.net\/wordpress\/wp-content\/uploads\/2024\/03\/4fd4dc7f-2d64-43a0-a408-f69d4666b712-768x511.jpg 768w, https:\/\/www.radiopiu.net\/wordpress\/wp-content\/uploads\/2024\/03\/4fd4dc7f-2d64-43a0-a408-f69d4666b712.jpg 1067w\" sizes=\"auto, (max-width: 300px) 100vw, 300px\" \/><\/a>\n\t\t\t\t<\/dt><\/dl><dl class='gallery-item'>\n\t\t\t\t<dt class='gallery-icon landscape'>\n\t\t\t\t\t<a class=\"rollover rollover-zoom dt-pswp-item\" title=\"1da20015-5688-4ddc-9d6b-f4b0b4c092ec\" data-dt-img-description=\"\" data-large_image_width=\"1326\" data-large_image_height=\"882\"href='https:\/\/www.radiopiu.net\/wordpress\/wp-content\/uploads\/2024\/03\/1da20015-5688-4ddc-9d6b-f4b0b4c092ec.jpg'><img loading=\"lazy\" decoding=\"async\" width=\"300\" height=\"200\" src=\"https:\/\/www.radiopiu.net\/wordpress\/wp-content\/uploads\/2024\/03\/1da20015-5688-4ddc-9d6b-f4b0b4c092ec-300x200.jpg\" class=\"attachment-medium size-medium\" alt=\"\" srcset=\"https:\/\/www.radiopiu.net\/wordpress\/wp-content\/uploads\/2024\/03\/1da20015-5688-4ddc-9d6b-f4b0b4c092ec-300x200.jpg 300w, https:\/\/www.radiopiu.net\/wordpress\/wp-content\/uploads\/2024\/03\/1da20015-5688-4ddc-9d6b-f4b0b4c092ec-1024x681.jpg 1024w, https:\/\/www.radiopiu.net\/wordpress\/wp-content\/uploads\/2024\/03\/1da20015-5688-4ddc-9d6b-f4b0b4c092ec-768x511.jpg 768w, https:\/\/www.radiopiu.net\/wordpress\/wp-content\/uploads\/2024\/03\/1da20015-5688-4ddc-9d6b-f4b0b4c092ec.jpg 1326w\" sizes=\"auto, (max-width: 300px) 100vw, 300px\" \/><\/a>\n\t\t\t\t<\/dt><\/dl><dl class='gallery-item'>\n\t\t\t\t<dt class='gallery-icon landscape'>\n\t\t\t\t\t<a class=\"rollover rollover-zoom dt-pswp-item\" title=\"acf32f32-9600-4286-a3e4-78b8e650957b\" data-dt-img-description=\"\" data-large_image_width=\"1208\" data-large_image_height=\"855\"href='https:\/\/www.radiopiu.net\/wordpress\/wp-content\/uploads\/2024\/03\/acf32f32-9600-4286-a3e4-78b8e650957b.jpg'><img loading=\"lazy\" decoding=\"async\" width=\"300\" height=\"212\" src=\"https:\/\/www.radiopiu.net\/wordpress\/wp-content\/uploads\/2024\/03\/acf32f32-9600-4286-a3e4-78b8e650957b-300x212.jpg\" class=\"attachment-medium size-medium\" alt=\"\" srcset=\"https:\/\/www.radiopiu.net\/wordpress\/wp-content\/uploads\/2024\/03\/acf32f32-9600-4286-a3e4-78b8e650957b-300x212.jpg 300w, https:\/\/www.radiopiu.net\/wordpress\/wp-content\/uploads\/2024\/03\/acf32f32-9600-4286-a3e4-78b8e650957b-1024x725.jpg 1024w, https:\/\/www.radiopiu.net\/wordpress\/wp-content\/uploads\/2024\/03\/acf32f32-9600-4286-a3e4-78b8e650957b-768x544.jpg 768w, https:\/\/www.radiopiu.net\/wordpress\/wp-content\/uploads\/2024\/03\/acf32f32-9600-4286-a3e4-78b8e650957b.jpg 1208w\" sizes=\"auto, (max-width: 300px) 100vw, 300px\" \/><\/a>\n\t\t\t\t<\/dt><\/dl><dl class='gallery-item'>\n\t\t\t\t<dt class='gallery-icon landscape'>\n\t\t\t\t\t<a class=\"rollover rollover-zoom dt-pswp-item\" title=\"9258e1b6-b2ec-40e4-8265-84f047e60df9\" data-dt-img-description=\"\" data-large_image_width=\"1243\" data-large_image_height=\"835\"href='https:\/\/www.radiopiu.net\/wordpress\/wp-content\/uploads\/2024\/03\/9258e1b6-b2ec-40e4-8265-84f047e60df9.jpg'><img loading=\"lazy\" decoding=\"async\" width=\"300\" height=\"202\" src=\"https:\/\/www.radiopiu.net\/wordpress\/wp-content\/uploads\/2024\/03\/9258e1b6-b2ec-40e4-8265-84f047e60df9-300x202.jpg\" class=\"attachment-medium size-medium\" alt=\"\" srcset=\"https:\/\/www.radiopiu.net\/wordpress\/wp-content\/uploads\/2024\/03\/9258e1b6-b2ec-40e4-8265-84f047e60df9-300x202.jpg 300w, https:\/\/www.radiopiu.net\/wordpress\/wp-content\/uploads\/2024\/03\/9258e1b6-b2ec-40e4-8265-84f047e60df9-1024x688.jpg 1024w, https:\/\/www.radiopiu.net\/wordpress\/wp-content\/uploads\/2024\/03\/9258e1b6-b2ec-40e4-8265-84f047e60df9-768x516.jpg 768w, https:\/\/www.radiopiu.net\/wordpress\/wp-content\/uploads\/2024\/03\/9258e1b6-b2ec-40e4-8265-84f047e60df9.jpg 1243w\" sizes=\"auto, (max-width: 300px) 100vw, 300px\" \/><\/a>\n\t\t\t\t<\/dt><\/dl><dl class='gallery-item'>\n\t\t\t\t<dt class='gallery-icon landscape'>\n\t\t\t\t\t<a class=\"rollover rollover-zoom dt-pswp-item\" title=\"8379831a-4d2b-4f7f-982c-f36ecd2bf4c5\" data-dt-img-description=\"\" data-large_image_width=\"1327\" data-large_image_height=\"883\"href='https:\/\/www.radiopiu.net\/wordpress\/wp-content\/uploads\/2024\/03\/8379831a-4d2b-4f7f-982c-f36ecd2bf4c5.jpg'><img loading=\"lazy\" decoding=\"async\" width=\"300\" height=\"200\" src=\"https:\/\/www.radiopiu.net\/wordpress\/wp-content\/uploads\/2024\/03\/8379831a-4d2b-4f7f-982c-f36ecd2bf4c5-300x200.jpg\" class=\"attachment-medium size-medium\" alt=\"\" srcset=\"https:\/\/www.radiopiu.net\/wordpress\/wp-content\/uploads\/2024\/03\/8379831a-4d2b-4f7f-982c-f36ecd2bf4c5-300x200.jpg 300w, https:\/\/www.radiopiu.net\/wordpress\/wp-content\/uploads\/2024\/03\/8379831a-4d2b-4f7f-982c-f36ecd2bf4c5-1024x681.jpg 1024w, https:\/\/www.radiopiu.net\/wordpress\/wp-content\/uploads\/2024\/03\/8379831a-4d2b-4f7f-982c-f36ecd2bf4c5-768x511.jpg 768w, https:\/\/www.radiopiu.net\/wordpress\/wp-content\/uploads\/2024\/03\/8379831a-4d2b-4f7f-982c-f36ecd2bf4c5.jpg 1327w\" sizes=\"auto, (max-width: 300px) 100vw, 300px\" \/><\/a>\n\t\t\t\t<\/dt><\/dl><br style=\"clear: both\" \/>\n\t\t\t<\/div>\n\n<p>&nbsp;<\/p>\n<p><strong>VARESE \u2013 FELTRE 1-5<\/strong><\/p>\n<p>PARZIALI: 0-0, 1-3, 0-2<\/p>\n<p>GOL: St. 3\u201925\u201d Tilaro, 4\u201932\u201d l. Dall\u2019Agnol, 11\u201910\u201d Da Forno, 19\u201925\u201d Damin. Tt. 8\u201949\u201d Fantinel, 16\u201924\u201d Da Forno<\/p>\n<p>Il Feltre fa il colpaccio e si aggiudica gara 1 dei quarti di finale contro i campioni in carica del Varese. Dopo aver subito la rete dai lombardi, i picchi alzano la voce e chiudono la partita gi\u00e0 a fine secondo tempo. Una vittoria importantissima tanto che marted\u00ec i feltrini giocheranno in casa con la consapevolezza di aver messo in saccoccia la prima sfida per accedere alle semifinali. Dopo una prima frazione a reti inviolate con le squadre che danno spettacolo, la sfida si sblocca nel secondo drittel quando i padroni di casa trovano la rete del vantaggio. Il Feltre risponde subito e pareggia con Lorenzo Dall\u2019Agnol. I picchi sono agguerriti e vanno alla seconda pausa in vantaggio di due gol grazie ai gol di Da Forno e Damin. I picchi non demordono e continuano a lottare anche nel terzo tempo tanto che Fantinel cala il poker. A chiudere definitivamente la partita ci pensa Da Forno consegnando gara 1 ai feltrini.<\/p>\n<p><strong>LE PARTITE DEI QUARTI DI FINALE<\/strong>: Varese \u2013 Feltre 1-5, Pergine \u2013 Como 7-2, Caldaro \u2013 Fiemme 6-2, Alleghe \u2013 Appiano 3-1<\/p>\n<p>&nbsp;<\/p>\n<blockquote>\n<h3>DUE VITTORIE E UNA SCONFITTA PER LE GIOVANILI DELL&#8217;ALLEGHE HOCKEY<\/h3>\n<\/blockquote>\n<p><strong><a class=\"dt-pswp-item\" href=\"https:\/\/www.radiopiu.net\/wordpress\/wp-content\/uploads\/2022\/01\/HOCKEY-2022.jpg\" data-dt-img-description=\"\" data-large_image_width=\"1920\" data-large_image_height=\"1280\"><img loading=\"lazy\" decoding=\"async\" class=\" wp-image-255780 alignleft\" src=\"https:\/\/www.radiopiu.net\/wordpress\/wp-content\/uploads\/2022\/01\/HOCKEY-2022-300x200.jpg\" alt=\"\" width=\"209\" height=\"139\" srcset=\"https:\/\/www.radiopiu.net\/wordpress\/wp-content\/uploads\/2022\/01\/HOCKEY-2022-300x200.jpg 300w, https:\/\/www.radiopiu.net\/wordpress\/wp-content\/uploads\/2022\/01\/HOCKEY-2022-1024x683.jpg 1024w, https:\/\/www.radiopiu.net\/wordpress\/wp-content\/uploads\/2022\/01\/HOCKEY-2022-768x512.jpg 768w, https:\/\/www.radiopiu.net\/wordpress\/wp-content\/uploads\/2022\/01\/HOCKEY-2022-1536x1024.jpg 1536w, https:\/\/www.radiopiu.net\/wordpress\/wp-content\/uploads\/2022\/01\/HOCKEY-2022.jpg 1920w\" sizes=\"auto, (max-width: 209px) 100vw, 209px\" \/><\/a>di Marco Gaz<\/strong><\/p>\n<p><span style=\"color: #ff0000;\"><strong>UNDER 19<\/strong><\/span><\/p>\n<p><strong>CORTINA\/ALLEGHE \u2013 EGNA\/ORA 3-4 dtr<\/strong><\/p>\n<p>GOL CORTINA\/ALLEGHE: Viel, Constantini, De Luca<\/p>\n<p>Ci sono voluti i tiri di rigore per decretare la vincente del big match del campionato Under 19. Il Cortina\/Alleghe sblocca subito la partita grazie al gol di Viel. Nella seconda frazione si svegliano gli altoatesini che si portano in vantaggio con due reti in rapida successione. Si gioca alla pari e la sfida \u00e8 calda. Le occasioni non mancano e la squadra mista bellunese ha la meglio riuscendo a pareggiare i conti con Constantini. De Luca firma il vantaggio per i padroni di casa ma l\u2019Egna\/Ora pareggia di nuovo i conti. Si va all\u2019overtime e ai rigori dove gli altoatesini strappano il punto aggiuntivo.<\/p>\n<p><span style=\"color: #ff0000;\"><strong>UNDER 16<\/strong><\/span><\/p>\n<p><strong>PERGINE \u2013 CORTINA\/ALLEGHE 2-8<\/strong><\/p>\n<p>GOL CORTINA\/ALLEGHE: Fontanive, 2 Talamini, 2 Evangelisti, Viel, Venturi, Levis<\/p>\n<p>Il Cortina\/Alleghe under 16 fa cappotto nella trasferta con il Pergine. Tre punti importantissimi per la squadra mista bellunese che ora si trova nella parte alta della classifica in piena zona playoff. Una partita praticamente perfetta per la squadra ospite che atterra il Pergine concedendo solo due reti agli avversari.<\/p>\n<p><span style=\"color: #ff0000;\"><strong>UNDER 14 <\/strong><\/span><\/p>\n<p><strong>ZOLDO \u2013 ALLEGHE\/CORTINA 6-7 dot<\/strong><\/p>\n<p>L\u2019Alleghe\/Cortina Under 14 torna dal derby con lo Zoldo con due punti in tasca. Una partita emozionante con tanti batti e ribatti terminata con il punteggio di 6 a 6. Per decretare la vincente del derby bellunese l\u2019overtime dove le giovani civette hanno saputo trovare il gol della vittoria.<\/p>\n<p>&nbsp;<\/p>\n<blockquote>\n<h3>LO ZOLDO SI AGGIUDICA LA CIVETTA MINI CUP<\/h3>\n<\/blockquote>\n<p><strong>ALLEGHE<\/strong> Una giornata di sport e divertimento allo stadio Alvise De Toni di Alleghe dove i giovani Under 8 si sono riuniti per la Civetta Mini Cup, un torneo amichevole dedicato alle giovani leve dell&#8217;hockey su ghiaccio. Dopo una mattinata dedicta agli scontri diretti per decretare le squadre che si battevano per la fase finale, nel pomeriggio \u00e8 andato in scena l&#8217;atto finale che ha visto lo Zoldo vincere contro il Merano. Nella finale per il terzo posto ci sono voluti i tiri di rigore per decretare la vincente tra Alleghe\/Cortina ed Asiago. Ad avere la meglio sono stati i vicentini.<\/p>\n<p><strong>LA CLASSIFICA FINALE: <\/strong>1. Zoldo, 2. Merano, 3. Asiago, 4. Alleghe\/Cortina, 5. Laives, 6. Padova, 7. Feltre, 8. Pieve<\/p>\n\n\t\t\t<style type='text\/css'>\n\t\t\t\t#gallery-5 {\n\t\t\t\t\tmargin: auto;\n\t\t\t\t}\n\t\t\t\t#gallery-5 .gallery-item {\n\t\t\t\t\tfloat: left;\n\t\t\t\t\tmargin-top: 10px;\n\t\t\t\t\ttext-align: center;\n\t\t\t\t\twidth: 20%;\n\t\t\t\t}\n\t\t\t\t#gallery-5 img {\n\t\t\t\t\tborder: 2px solid #cfcfcf;\n\t\t\t\t}\n\t\t\t\t#gallery-5 .gallery-caption {\n\t\t\t\t\tmargin-left: 0;\n\t\t\t\t}\n\t\t\t\t\/* see gallery_shortcode() in wp-includes\/media.php *\/\n\t\t\t<\/style>\n\t\t<div id='gallery-5' class='dt-gallery-container gallery galleryid-377125 gallery-columns-5 gallery-size-thumbnail'><dl class='gallery-item'>\n\t\t\t\t<dt class='gallery-icon landscape'>\n\t\t\t\t\t<a class=\"rollover rollover-zoom dt-pswp-item\" title=\"a44b2c76-097a-450f-a16c-544ac5542ff7\" data-dt-img-description=\"\" data-large_image_width=\"2048\" data-large_image_height=\"1536\"href='https:\/\/www.radiopiu.net\/wordpress\/wp-content\/uploads\/2024\/03\/a44b2c76-097a-450f-a16c-544ac5542ff7.jpg'><img loading=\"lazy\" decoding=\"async\" width=\"150\" height=\"150\" src=\"https:\/\/www.radiopiu.net\/wordpress\/wp-content\/uploads\/2024\/03\/a44b2c76-097a-450f-a16c-544ac5542ff7-150x150.jpg\" class=\"attachment-thumbnail size-thumbnail\" alt=\"\" \/><\/a>\n\t\t\t\t<\/dt><\/dl><dl class='gallery-item'>\n\t\t\t\t<dt class='gallery-icon landscape'>\n\t\t\t\t\t<a class=\"rollover rollover-zoom dt-pswp-item\" title=\"14c88d9b-05a2-47c8-a6e4-12b53a95f07f\" data-dt-img-description=\"\" data-large_image_width=\"2048\" data-large_image_height=\"1536\"href='https:\/\/www.radiopiu.net\/wordpress\/wp-content\/uploads\/2024\/03\/14c88d9b-05a2-47c8-a6e4-12b53a95f07f.jpg'><img loading=\"lazy\" decoding=\"async\" width=\"150\" height=\"150\" src=\"https:\/\/www.radiopiu.net\/wordpress\/wp-content\/uploads\/2024\/03\/14c88d9b-05a2-47c8-a6e4-12b53a95f07f-150x150.jpg\" class=\"attachment-thumbnail size-thumbnail\" alt=\"\" \/><\/a>\n\t\t\t\t<\/dt><\/dl><dl class='gallery-item'>\n\t\t\t\t<dt class='gallery-icon landscape'>\n\t\t\t\t\t<a class=\"rollover rollover-zoom dt-pswp-item\" title=\"12bbc30a-7610-4249-8f6a-1253aced9922\" data-dt-img-description=\"\" data-large_image_width=\"2048\" data-large_image_height=\"1536\"href='https:\/\/www.radiopiu.net\/wordpress\/wp-content\/uploads\/2024\/03\/12bbc30a-7610-4249-8f6a-1253aced9922.jpg'><img loading=\"lazy\" decoding=\"async\" width=\"150\" height=\"150\" src=\"https:\/\/www.radiopiu.net\/wordpress\/wp-content\/uploads\/2024\/03\/12bbc30a-7610-4249-8f6a-1253aced9922-150x150.jpg\" class=\"attachment-thumbnail size-thumbnail\" alt=\"\" \/><\/a>\n\t\t\t\t<\/dt><\/dl><dl class='gallery-item'>\n\t\t\t\t<dt class='gallery-icon landscape'>\n\t\t\t\t\t<a class=\"rollover rollover-zoom dt-pswp-item\" title=\"164cd710-8570-4d94-b0ff-f8c83fd7e4ab\" data-dt-img-description=\"\" data-large_image_width=\"2048\" data-large_image_height=\"1536\"href='https:\/\/www.radiopiu.net\/wordpress\/wp-content\/uploads\/2024\/03\/164cd710-8570-4d94-b0ff-f8c83fd7e4ab.jpg'><img loading=\"lazy\" decoding=\"async\" width=\"150\" height=\"150\" src=\"https:\/\/www.radiopiu.net\/wordpress\/wp-content\/uploads\/2024\/03\/164cd710-8570-4d94-b0ff-f8c83fd7e4ab-150x150.jpg\" class=\"attachment-thumbnail size-thumbnail\" alt=\"\" \/><\/a>\n\t\t\t\t<\/dt><\/dl><dl class='gallery-item'>\n\t\t\t\t<dt class='gallery-icon landscape'>\n\t\t\t\t\t<a class=\"rollover rollover-zoom dt-pswp-item\" title=\"d5220c90-ecdb-41f3-a80c-f48df2a983a2\" data-dt-img-description=\"\" data-large_image_width=\"2048\" data-large_image_height=\"1536\"href='https:\/\/www.radiopiu.net\/wordpress\/wp-content\/uploads\/2024\/03\/d5220c90-ecdb-41f3-a80c-f48df2a983a2.jpg'><img loading=\"lazy\" decoding=\"async\" width=\"150\" height=\"150\" src=\"https:\/\/www.radiopiu.net\/wordpress\/wp-content\/uploads\/2024\/03\/d5220c90-ecdb-41f3-a80c-f48df2a983a2-150x150.jpg\" class=\"attachment-thumbnail size-thumbnail\" alt=\"\" \/><\/a>\n\t\t\t\t<\/dt><\/dl><br style=\"clear: both\" \/><dl class='gallery-item'>\n\t\t\t\t<dt class='gallery-icon landscape'>\n\t\t\t\t\t<a class=\"rollover rollover-zoom dt-pswp-item\" title=\"a08841b2-5bd8-49f9-bdbc-0128a8fa157c\" data-dt-img-description=\"\" data-large_image_width=\"2048\" data-large_image_height=\"1536\"href='https:\/\/www.radiopiu.net\/wordpress\/wp-content\/uploads\/2024\/03\/a08841b2-5bd8-49f9-bdbc-0128a8fa157c.jpg'><img loading=\"lazy\" decoding=\"async\" width=\"150\" height=\"150\" src=\"https:\/\/www.radiopiu.net\/wordpress\/wp-content\/uploads\/2024\/03\/a08841b2-5bd8-49f9-bdbc-0128a8fa157c-150x150.jpg\" class=\"attachment-thumbnail size-thumbnail\" alt=\"\" \/><\/a>\n\t\t\t\t<\/dt><\/dl><dl class='gallery-item'>\n\t\t\t\t<dt class='gallery-icon landscape'>\n\t\t\t\t\t<a class=\"rollover rollover-zoom dt-pswp-item\" title=\"a8ee9315-b7f0-40b4-980e-133ae5544fe1\" data-dt-img-description=\"\" data-large_image_width=\"2048\" data-large_image_height=\"1536\"href='https:\/\/www.radiopiu.net\/wordpress\/wp-content\/uploads\/2024\/03\/a8ee9315-b7f0-40b4-980e-133ae5544fe1.jpg'><img loading=\"lazy\" decoding=\"async\" width=\"150\" height=\"150\" src=\"https:\/\/www.radiopiu.net\/wordpress\/wp-content\/uploads\/2024\/03\/a8ee9315-b7f0-40b4-980e-133ae5544fe1-150x150.jpg\" class=\"attachment-thumbnail size-thumbnail\" alt=\"\" \/><\/a>\n\t\t\t\t<\/dt><\/dl><dl class='gallery-item'>\n\t\t\t\t<dt class='gallery-icon landscape'>\n\t\t\t\t\t<a class=\"rollover rollover-zoom dt-pswp-item\" title=\"f59c076c-ddde-4648-940d-d2308bb29ddb\" data-dt-img-description=\"\" data-large_image_width=\"2048\" data-large_image_height=\"1536\"href='https:\/\/www.radiopiu.net\/wordpress\/wp-content\/uploads\/2024\/03\/f59c076c-ddde-4648-940d-d2308bb29ddb.jpg'><img loading=\"lazy\" decoding=\"async\" width=\"150\" height=\"150\" src=\"https:\/\/www.radiopiu.net\/wordpress\/wp-content\/uploads\/2024\/03\/f59c076c-ddde-4648-940d-d2308bb29ddb-150x150.jpg\" class=\"attachment-thumbnail size-thumbnail\" alt=\"\" \/><\/a>\n\t\t\t\t<\/dt><\/dl><dl class='gallery-item'>\n\t\t\t\t<dt class='gallery-icon landscape'>\n\t\t\t\t\t<a class=\"rollover rollover-zoom dt-pswp-item\" title=\"33784d07-3514-43ed-bded-bcbd4478eb96\" data-dt-img-description=\"\" data-large_image_width=\"2048\" data-large_image_height=\"1536\"href='https:\/\/www.radiopiu.net\/wordpress\/wp-content\/uploads\/2024\/03\/33784d07-3514-43ed-bded-bcbd4478eb96.jpg'><img loading=\"lazy\" decoding=\"async\" width=\"150\" height=\"150\" src=\"https:\/\/www.radiopiu.net\/wordpress\/wp-content\/uploads\/2024\/03\/33784d07-3514-43ed-bded-bcbd4478eb96-150x150.jpg\" class=\"attachment-thumbnail size-thumbnail\" alt=\"\" \/><\/a>\n\t\t\t\t<\/dt><\/dl><dl class='gallery-item'>\n\t\t\t\t<dt class='gallery-icon landscape'>\n\t\t\t\t\t<a class=\"rollover rollover-zoom dt-pswp-item\" title=\"b560573b-131c-45da-8532-3089bc259c21\" data-dt-img-description=\"\" data-large_image_width=\"2048\" data-large_image_height=\"1536\"href='https:\/\/www.radiopiu.net\/wordpress\/wp-content\/uploads\/2024\/03\/b560573b-131c-45da-8532-3089bc259c21.jpg'><img loading=\"lazy\" decoding=\"async\" width=\"150\" height=\"150\" src=\"https:\/\/www.radiopiu.net\/wordpress\/wp-content\/uploads\/2024\/03\/b560573b-131c-45da-8532-3089bc259c21-150x150.jpg\" class=\"attachment-thumbnail size-thumbnail\" alt=\"\" \/><\/a>\n\t\t\t\t<\/dt><\/dl><br style=\"clear: both\" \/><dl class='gallery-item'>\n\t\t\t\t<dt class='gallery-icon landscape'>\n\t\t\t\t\t<a class=\"rollover rollover-zoom dt-pswp-item\" title=\"bff1ac41-abf0-41a3-83ac-e906c1a02342\" data-dt-img-description=\"\" data-large_image_width=\"2048\" data-large_image_height=\"1536\"href='https:\/\/www.radiopiu.net\/wordpress\/wp-content\/uploads\/2024\/03\/bff1ac41-abf0-41a3-83ac-e906c1a02342.jpg'><img loading=\"lazy\" decoding=\"async\" width=\"150\" height=\"150\" src=\"https:\/\/www.radiopiu.net\/wordpress\/wp-content\/uploads\/2024\/03\/bff1ac41-abf0-41a3-83ac-e906c1a02342-150x150.jpg\" class=\"attachment-thumbnail size-thumbnail\" alt=\"\" \/><\/a>\n\t\t\t\t<\/dt><\/dl><dl class='gallery-item'>\n\t\t\t\t<dt class='gallery-icon landscape'>\n\t\t\t\t\t<a class=\"rollover rollover-zoom dt-pswp-item\" title=\"ef502bd1-af65-4d2c-b819-1a5bfbec653f\" data-dt-img-description=\"\" data-large_image_width=\"2048\" data-large_image_height=\"1536\"href='https:\/\/www.radiopiu.net\/wordpress\/wp-content\/uploads\/2024\/03\/ef502bd1-af65-4d2c-b819-1a5bfbec653f.jpg'><img loading=\"lazy\" decoding=\"async\" width=\"150\" height=\"150\" src=\"https:\/\/www.radiopiu.net\/wordpress\/wp-content\/uploads\/2024\/03\/ef502bd1-af65-4d2c-b819-1a5bfbec653f-150x150.jpg\" class=\"attachment-thumbnail size-thumbnail\" alt=\"\" \/><\/a>\n\t\t\t\t<\/dt><\/dl><dl class='gallery-item'>\n\t\t\t\t<dt class='gallery-icon landscape'>\n\t\t\t\t\t<a class=\"rollover rollover-zoom dt-pswp-item\" title=\"0af7371b-dd2d-49ab-b651-8322e99de6e2\" data-dt-img-description=\"\" data-large_image_width=\"2048\" data-large_image_height=\"1536\"href='https:\/\/www.radiopiu.net\/wordpress\/wp-content\/uploads\/2024\/03\/0af7371b-dd2d-49ab-b651-8322e99de6e2.jpg'><img loading=\"lazy\" decoding=\"async\" width=\"150\" height=\"150\" src=\"https:\/\/www.radiopiu.net\/wordpress\/wp-content\/uploads\/2024\/03\/0af7371b-dd2d-49ab-b651-8322e99de6e2-150x150.jpg\" class=\"attachment-thumbnail size-thumbnail\" alt=\"\" \/><\/a>\n\t\t\t\t<\/dt><\/dl><dl class='gallery-item'>\n\t\t\t\t<dt class='gallery-icon landscape'>\n\t\t\t\t\t<a class=\"rollover rollover-zoom dt-pswp-item\" title=\"4d2fbda4-ede0-41b0-bb59-97fd5f667f67\" data-dt-img-description=\"\" data-large_image_width=\"2048\" data-large_image_height=\"1536\"href='https:\/\/www.radiopiu.net\/wordpress\/wp-content\/uploads\/2024\/03\/4d2fbda4-ede0-41b0-bb59-97fd5f667f67.jpg'><img loading=\"lazy\" decoding=\"async\" width=\"150\" height=\"150\" src=\"https:\/\/www.radiopiu.net\/wordpress\/wp-content\/uploads\/2024\/03\/4d2fbda4-ede0-41b0-bb59-97fd5f667f67-150x150.jpg\" class=\"attachment-thumbnail size-thumbnail\" alt=\"\" \/><\/a>\n\t\t\t\t<\/dt><\/dl><dl class='gallery-item'>\n\t\t\t\t<dt class='gallery-icon landscape'>\n\t\t\t\t\t<a class=\"rollover rollover-zoom dt-pswp-item\" title=\"54008400-ca30-4b67-b5ca-a256d93a21f4\" data-dt-img-description=\"\" data-large_image_width=\"2048\" data-large_image_height=\"1536\"href='https:\/\/www.radiopiu.net\/wordpress\/wp-content\/uploads\/2024\/03\/54008400-ca30-4b67-b5ca-a256d93a21f4.jpg'><img loading=\"lazy\" decoding=\"async\" width=\"150\" height=\"150\" src=\"https:\/\/www.radiopiu.net\/wordpress\/wp-content\/uploads\/2024\/03\/54008400-ca30-4b67-b5ca-a256d93a21f4-150x150.jpg\" class=\"attachment-thumbnail size-thumbnail\" alt=\"\" \/><\/a>\n\t\t\t\t<\/dt><\/dl><br style=\"clear: both\" \/>\n\t\t\t<\/div>\n\n<p>&nbsp;<\/p>\n<p><span style=\"color: #0000ff;\"><strong>PALLAVOLO<\/strong><\/span><\/p>\n<blockquote>\n<h3>VOLLEY CLUB AGORDINO: MALE LA PRIMA SQUADRA, VITTORIA IN RIMONTA PER L&#8217;UNDER 16<\/h3>\n<\/blockquote>\n<p><strong><a class=\"dt-pswp-item\" href=\"https:\/\/www.radiopiu.net\/wordpress\/wp-content\/uploads\/2022\/04\/VOLLEY-CLUB-AGORDINO.jpg\" data-dt-img-description=\"\" data-large_image_width=\"500\" data-large_image_height=\"512\"><img loading=\"lazy\" decoding=\"async\" class=\" wp-image-268787 alignleft\" src=\"https:\/\/www.radiopiu.net\/wordpress\/wp-content\/uploads\/2022\/04\/VOLLEY-CLUB-AGORDINO-293x300.jpg\" alt=\"\" width=\"165\" height=\"169\" srcset=\"https:\/\/www.radiopiu.net\/wordpress\/wp-content\/uploads\/2022\/04\/VOLLEY-CLUB-AGORDINO-293x300.jpg 293w, https:\/\/www.radiopiu.net\/wordpress\/wp-content\/uploads\/2022\/04\/VOLLEY-CLUB-AGORDINO.jpg 500w\" sizes=\"auto, (max-width: 165px) 100vw, 165px\" \/><\/a>di Marco Gaz<\/strong><\/p>\n<p><span style=\"color: #ff0000;\"><strong>PRIMA DIVISIONE<\/strong><\/span><\/p>\n<p><strong>CODOGNE\u2019 \u2013 VOLLEY CLUB AGORDINO 3-0 (25-9, 25-8, 25-19)<\/strong><\/p>\n<p>Match da dimenticare per le ragazze del Volley Club Agordino che tornano dalla trasferta in terra tervigiana con un\u2019altra sconfitta. Tutto facile per il Codogn\u00e8 che chiude in tre set la pratica con le agordine e dominando i primi due parziali. Un periodo nerissimo per la squadra di Agordo che nel 2024 non \u00e8 riuscita a fare punti nel campionato di Prima Divisione.<\/p>\n<p><span style=\"color: #ff0000;\"><strong>UNDER 16 \u2013 TERZA DIVISIONE<\/strong><\/span><\/p>\n<p><strong>VOLLEY CLUB AGORDINO \u2013 SANTA GIUSTINA 3-2 (22-25, 21-25, 25-21, 25-22, 15-9)<\/strong><\/p>\n<p>Torna a vincere l\u2019under 16 del Volley Club Agordino e lo fa in rimonta contro il Santa Giustina. Nella partita giocata al Palarova di Agordo le agordine vanno sotto nei primi due set e poi rinascono giocando punto a punto con le avversarie e portando al tie break la sfida. Nel periodo supplementare la squadra di Agordo tira fuori le unghie e porta a casa il punto aggiuntivo.<\/p>\n<p>&nbsp;<\/p>\n<blockquote>\n<h3>UNA VITTORIA E UNA SCONFITTA PER LA PALLAVOLO FEMMINILE BELLUNO<\/h3>\n<\/blockquote>\n<p><span style=\"color: #ff0000;\"><b><a class=\"dt-pswp-item\" href=\"https:\/\/www.radiopiu.net\/wordpress\/wp-content\/uploads\/2024\/03\/Foto_di_gruppo_per_la_C.jpg\" data-dt-img-description=\"\" data-large_image_width=\"1194\" data-large_image_height=\"853\"><img loading=\"lazy\" decoding=\"async\" class=\" wp-image-377277 alignleft\" src=\"https:\/\/www.radiopiu.net\/wordpress\/wp-content\/uploads\/2024\/03\/Foto_di_gruppo_per_la_C-300x214.jpg\" alt=\"\" width=\"172\" height=\"123\" srcset=\"https:\/\/www.radiopiu.net\/wordpress\/wp-content\/uploads\/2024\/03\/Foto_di_gruppo_per_la_C-300x214.jpg 300w, https:\/\/www.radiopiu.net\/wordpress\/wp-content\/uploads\/2024\/03\/Foto_di_gruppo_per_la_C-1024x732.jpg 1024w, https:\/\/www.radiopiu.net\/wordpress\/wp-content\/uploads\/2024\/03\/Foto_di_gruppo_per_la_C-768x549.jpg 768w, https:\/\/www.radiopiu.net\/wordpress\/wp-content\/uploads\/2024\/03\/Foto_di_gruppo_per_la_C.jpg 1194w\" sizes=\"auto, (max-width: 172px) 100vw, 172px\" \/><\/a>SERIE C<\/b><\/span><\/p>\n<p><b>HOMECLICK SB VOLLEY-ASOLO ALTIVOLE RIESE 3-0 (<\/b><strong>25-18, 25-21, 25-13)<\/strong><\/p>\n<p>La SB Volley conquista una straordinaria vittoria contro la capolista imbattuta, dimostrando tecnica impeccabile, tattica ben studiata e grande carattere. Il De Mas si trasforma in un luogo magico. La prestazione delle attaccanti, la regia di Elena Barp e la difesa di Degortes sono di altissimo livello. La vittoria a tre set netti cancella i passivi precedenti e rafforza le ambizioni della SB Volley per i playoff. La partita si trasforma in uno scacco matto all&#8217;Asolo, dimostrando il potenziale del collettivo dolomitico.<\/p>\n<p><span style=\"color: #ff0000;\"><strong><a class=\"dt-pswp-item\" href=\"https:\/\/www.radiopiu.net\/wordpress\/wp-content\/uploads\/2024\/03\/Serie_D_sconfitta_in_rimonta.jpg\" data-dt-img-description=\"\" data-large_image_width=\"1280\" data-large_image_height=\"853\"><img loading=\"lazy\" decoding=\"async\" class=\" wp-image-377278 alignright\" src=\"https:\/\/www.radiopiu.net\/wordpress\/wp-content\/uploads\/2024\/03\/Serie_D_sconfitta_in_rimonta-300x200.jpg\" alt=\"\" width=\"197\" height=\"131\" srcset=\"https:\/\/www.radiopiu.net\/wordpress\/wp-content\/uploads\/2024\/03\/Serie_D_sconfitta_in_rimonta-300x200.jpg 300w, https:\/\/www.radiopiu.net\/wordpress\/wp-content\/uploads\/2024\/03\/Serie_D_sconfitta_in_rimonta-1024x682.jpg 1024w, https:\/\/www.radiopiu.net\/wordpress\/wp-content\/uploads\/2024\/03\/Serie_D_sconfitta_in_rimonta-768x512.jpg 768w, https:\/\/www.radiopiu.net\/wordpress\/wp-content\/uploads\/2024\/03\/Serie_D_sconfitta_in_rimonta.jpg 1280w\" sizes=\"auto, (max-width: 197px) 100vw, 197px\" \/><\/a>SERIE D<\/strong><\/span><\/p>\n<p><b>POLISPORTIVA BIADENESE-HOMECLICK SB VOLLEY 3-2 (<\/b><strong>12-25, 16-25, 27-25, 31-29, 15-7)<\/strong><\/p>\n<p>Poteva essere una comoda vittoria per 3-0: si \u00e8 trasformata in una sconfitta difficile da digerire. Questo \u00e8 lo sport: splendido, ma a volte a crudele. E, di sicuro, imprevedibile, Dopo due parziali di altissimo profilo, la SB Volley di serie Dha a disposizione una palla per chiudere il match, nel terzo atto: sul 25-24. Ma non la sfrutta. E subisce la clamorosa rimonta della Polisportiva Biadenese. Matura cos\u00ec il secondo stop di fila per una Homeclick che si vede sfuggire di mano lo scontro diretto, quando ormai sembrava averlo in pugno.<span class=\"gmail-Apple-converted-space\">\u00a0<\/span><\/p>\n<p>&nbsp;<\/p>\n<p><span style=\"color: #0000ff;\"><strong>SKI ALP<\/strong><\/span><\/p>\n<blockquote>\n<h3>LA MOLINO &#8211; CAVERSON ULTIMA TAPPA DEL TROFEO 4 VALLI<\/h3>\n<\/blockquote>\n<p>Nella finale\u00a0 Trofeo Ski Alp 4 Valli, Hermann Debertolis di Ski Alp Valdobbiadene si \u00e8 aggiudicato la vittoria, seguito da Stefano Gardener (U.S. Cornacci) e Pietro Festini Purlan (U.S. Val Padola). Nel femminile, Martina Cumerlato (Bela Ladinia) si \u00e8 piazzata al primo posto, seguita da Kristel Mottin (Bela Ladinia) e Anna Santini. Gabriele Depaul e Kristel Mottin hanno vinto il 25\u00ba Trofeo Ski Alp 4 Valli, con Marco Zanoner e Anna Santini, Raffaele Teza e Heidi Dapunt al secondo e terzo posto. La migliore societ\u00e0 nel circuito \u00e8 stata A.S.D. Cauriol.<\/p>\n\n\t\t\t<style type='text\/css'>\n\t\t\t\t#gallery-6 {\n\t\t\t\t\tmargin: auto;\n\t\t\t\t}\n\t\t\t\t#gallery-6 .gallery-item {\n\t\t\t\t\tfloat: left;\n\t\t\t\t\tmargin-top: 10px;\n\t\t\t\t\ttext-align: center;\n\t\t\t\t\twidth: 25%;\n\t\t\t\t}\n\t\t\t\t#gallery-6 img {\n\t\t\t\t\tborder: 2px solid #cfcfcf;\n\t\t\t\t}\n\t\t\t\t#gallery-6 .gallery-caption {\n\t\t\t\t\tmargin-left: 0;\n\t\t\t\t}\n\t\t\t\t\/* see gallery_shortcode() in wp-includes\/media.php *\/\n\t\t\t<\/style>\n\t\t<div id='gallery-6' class='dt-gallery-container gallery galleryid-377125 gallery-columns-4 gallery-size-thumbnail'><dl class='gallery-item'>\n\t\t\t\t<dt class='gallery-icon landscape'>\n\t\t\t\t\t<a class=\"rollover rollover-zoom dt-pswp-item\" title=\"WhatsApp Image 2024-03-02 at 13.34.41 (2)\" data-dt-img-description=\"\" data-large_image_width=\"1080\" data-large_image_height=\"810\"href='https:\/\/www.radiopiu.net\/wordpress\/wp-content\/uploads\/2024\/03\/WhatsApp-Image-2024-03-02-at-13.34.41-2.jpeg'><img loading=\"lazy\" decoding=\"async\" width=\"150\" height=\"150\" src=\"https:\/\/www.radiopiu.net\/wordpress\/wp-content\/uploads\/2024\/03\/WhatsApp-Image-2024-03-02-at-13.34.41-2-150x150.jpeg\" class=\"attachment-thumbnail size-thumbnail\" alt=\"\" \/><\/a>\n\t\t\t\t<\/dt><\/dl><dl class='gallery-item'>\n\t\t\t\t<dt class='gallery-icon landscape'>\n\t\t\t\t\t<a class=\"rollover rollover-zoom dt-pswp-item\" title=\"WhatsApp Image 2024-03-02 at 13.34.41 (6)\" data-dt-img-description=\"\" data-large_image_width=\"1080\" data-large_image_height=\"810\"href='https:\/\/www.radiopiu.net\/wordpress\/wp-content\/uploads\/2024\/03\/WhatsApp-Image-2024-03-02-at-13.34.41-6.jpeg'><img loading=\"lazy\" decoding=\"async\" width=\"150\" height=\"150\" src=\"https:\/\/www.radiopiu.net\/wordpress\/wp-content\/uploads\/2024\/03\/WhatsApp-Image-2024-03-02-at-13.34.41-6-150x150.jpeg\" class=\"attachment-thumbnail size-thumbnail\" alt=\"\" \/><\/a>\n\t\t\t\t<\/dt><\/dl><dl class='gallery-item'>\n\t\t\t\t<dt class='gallery-icon landscape'>\n\t\t\t\t\t<a class=\"rollover rollover-zoom dt-pswp-item\" title=\"WhatsApp Image 2024-03-02 at 13.34.41 (3)\" data-dt-img-description=\"\" data-large_image_width=\"1080\" data-large_image_height=\"810\"href='https:\/\/www.radiopiu.net\/wordpress\/wp-content\/uploads\/2024\/03\/WhatsApp-Image-2024-03-02-at-13.34.41-3.jpeg'><img loading=\"lazy\" decoding=\"async\" width=\"150\" height=\"150\" src=\"https:\/\/www.radiopiu.net\/wordpress\/wp-content\/uploads\/2024\/03\/WhatsApp-Image-2024-03-02-at-13.34.41-3-150x150.jpeg\" class=\"attachment-thumbnail size-thumbnail\" alt=\"\" \/><\/a>\n\t\t\t\t<\/dt><\/dl><dl class='gallery-item'>\n\t\t\t\t<dt class='gallery-icon landscape'>\n\t\t\t\t\t<a class=\"rollover rollover-zoom dt-pswp-item\" title=\"WhatsApp Image 2024-03-02 at 13.34.41 (4)\" data-dt-img-description=\"\" data-large_image_width=\"1080\" data-large_image_height=\"810\"href='https:\/\/www.radiopiu.net\/wordpress\/wp-content\/uploads\/2024\/03\/WhatsApp-Image-2024-03-02-at-13.34.41-4.jpeg'><img loading=\"lazy\" decoding=\"async\" width=\"150\" height=\"150\" src=\"https:\/\/www.radiopiu.net\/wordpress\/wp-content\/uploads\/2024\/03\/WhatsApp-Image-2024-03-02-at-13.34.41-4-150x150.jpeg\" class=\"attachment-thumbnail size-thumbnail\" alt=\"\" \/><\/a>\n\t\t\t\t<\/dt><\/dl><br style=\"clear: both\" \/><dl class='gallery-item'>\n\t\t\t\t<dt class='gallery-icon landscape'>\n\t\t\t\t\t<a class=\"rollover rollover-zoom dt-pswp-item\" title=\"WhatsApp Image 2024-03-02 at 13.34.41 (5)\" data-dt-img-description=\"\" data-large_image_width=\"1080\" data-large_image_height=\"810\"href='https:\/\/www.radiopiu.net\/wordpress\/wp-content\/uploads\/2024\/03\/WhatsApp-Image-2024-03-02-at-13.34.41-5.jpeg'><img loading=\"lazy\" decoding=\"async\" width=\"150\" height=\"150\" src=\"https:\/\/www.radiopiu.net\/wordpress\/wp-content\/uploads\/2024\/03\/WhatsApp-Image-2024-03-02-at-13.34.41-5-150x150.jpeg\" class=\"attachment-thumbnail size-thumbnail\" alt=\"\" \/><\/a>\n\t\t\t\t<\/dt><\/dl><dl class='gallery-item'>\n\t\t\t\t<dt class='gallery-icon landscape'>\n\t\t\t\t\t<a class=\"rollover rollover-zoom dt-pswp-item\" title=\"WhatsApp Image 2024-03-02 at 13.34.41 (1)\" data-dt-img-description=\"\" data-large_image_width=\"1080\" data-large_image_height=\"810\"href='https:\/\/www.radiopiu.net\/wordpress\/wp-content\/uploads\/2024\/03\/WhatsApp-Image-2024-03-02-at-13.34.41-1.jpeg'><img loading=\"lazy\" decoding=\"async\" width=\"150\" height=\"150\" src=\"https:\/\/www.radiopiu.net\/wordpress\/wp-content\/uploads\/2024\/03\/WhatsApp-Image-2024-03-02-at-13.34.41-1-150x150.jpeg\" class=\"attachment-thumbnail size-thumbnail\" alt=\"\" \/><\/a>\n\t\t\t\t<\/dt><\/dl><dl class='gallery-item'>\n\t\t\t\t<dt class='gallery-icon landscape'>\n\t\t\t\t\t<a class=\"rollover rollover-zoom dt-pswp-item\" title=\"WhatsApp Image 2024-03-02 at 13.34.40\" data-dt-img-description=\"\" data-large_image_width=\"1080\" data-large_image_height=\"810\"href='https:\/\/www.radiopiu.net\/wordpress\/wp-content\/uploads\/2024\/03\/WhatsApp-Image-2024-03-02-at-13.34.40.jpeg'><img loading=\"lazy\" decoding=\"async\" width=\"150\" height=\"150\" src=\"https:\/\/www.radiopiu.net\/wordpress\/wp-content\/uploads\/2024\/03\/WhatsApp-Image-2024-03-02-at-13.34.40-150x150.jpeg\" class=\"attachment-thumbnail size-thumbnail\" alt=\"\" \/><\/a>\n\t\t\t\t<\/dt><\/dl><dl class='gallery-item'>\n\t\t\t\t<dt class='gallery-icon landscape'>\n\t\t\t\t\t<a class=\"rollover rollover-zoom dt-pswp-item\" title=\"WhatsApp Image 2024-03-02 at 13.34.40 (1)\" data-dt-img-description=\"\" data-large_image_width=\"1080\" data-large_image_height=\"810\"href='https:\/\/www.radiopiu.net\/wordpress\/wp-content\/uploads\/2024\/03\/WhatsApp-Image-2024-03-02-at-13.34.40-1.jpeg'><img loading=\"lazy\" decoding=\"async\" width=\"150\" height=\"150\" src=\"https:\/\/www.radiopiu.net\/wordpress\/wp-content\/uploads\/2024\/03\/WhatsApp-Image-2024-03-02-at-13.34.40-1-150x150.jpeg\" class=\"attachment-thumbnail size-thumbnail\" alt=\"\" \/><\/a>\n\t\t\t\t<\/dt><\/dl><br style=\"clear: both\" \/>\n\t\t\t<\/div>\n\n<p>&nbsp;<\/p>\n<blockquote class=\"wp-embedded-content\" data-secret=\"IAgvJAWlWu\"><p><a href=\"https:\/\/www.radiopiu.net\/wordpress\/piu-siamo-con-marina-la-mattina-alle-8-30-la-sera-alle-21-30-settimana-dal-26-febbraio-al-1-marzo\/\">PIU&#8217; SIAMO&#8230;.. CON MARINA. LA MATTINA ALLE 8.30 LA SERA ALLE 21.30. SETTIMANA DAL 26 FEBBRAIO AL 1 MARZO<\/a><\/p><\/blockquote>\n<p><iframe loading=\"lazy\" class=\"wp-embedded-content\" sandbox=\"allow-scripts\" security=\"restricted\" style=\"position: absolute; clip: rect(1px, 1px, 1px, 1px);\" title=\"&#8220;PIU&#8217; SIAMO&#8230;.. CON MARINA. LA MATTINA ALLE 8.30 LA SERA ALLE 21.30. SETTIMANA DAL 26 FEBBRAIO AL 1 MARZO&#8221; &#8212; Radio Pi\u00f9\" src=\"https:\/\/www.radiopiu.net\/wordpress\/piu-siamo-con-marina-la-mattina-alle-8-30-la-sera-alle-21-30-settimana-dal-26-febbraio-al-1-marzo\/embed\/#?secret=VOwnLQ6WTL#?secret=IAgvJAWlWu\" data-secret=\"IAgvJAWlWu\" width=\"600\" height=\"338\" frameborder=\"0\" marginwidth=\"0\" marginheight=\"0\" scrolling=\"no\"><\/iframe><\/p>\n<p>&nbsp;<\/p>\n<p>&nbsp;<\/p>\n<blockquote class=\"wp-embedded-content\" data-secret=\"9aoaU91Loc\"><p><a href=\"https:\/\/www.radiopiu.net\/wordpress\/il-giormale-radio-di-marco-dal-farra-06\/\">IL GIORMALE RADIO DI MARCO DAL FARRA &#8211; LA RACCOLTA<\/a><\/p><\/blockquote>\n<p><iframe loading=\"lazy\" class=\"wp-embedded-content\" sandbox=\"allow-scripts\" security=\"restricted\" style=\"position: absolute; clip: rect(1px, 1px, 1px, 1px);\" title=\"&#8220;IL GIORMALE RADIO DI MARCO DAL FARRA &#8211; LA RACCOLTA&#8221; &#8212; Radio Pi\u00f9\" src=\"https:\/\/www.radiopiu.net\/wordpress\/il-giormale-radio-di-marco-dal-farra-06\/embed\/#?secret=bXewgZCysq#?secret=9aoaU91Loc\" data-secret=\"9aoaU91Loc\" width=\"600\" height=\"338\" frameborder=\"0\" marginwidth=\"0\" marginheight=\"0\" scrolling=\"no\"><\/iframe><\/p>\n<p>&nbsp;<\/p>\n<p>&nbsp;<\/p>\n","protected":false},"excerpt":{"rendered":"<p>***** &nbsp; 40esimo di RADIOPIU\u2026. LA VOCE DELL\u2019EMOZIONE ISCRIVITI AL NOSTRO CANALE\u00a0\u00a0YOUTUBE PER SEGUIRE IN DIRETTA I PRINCIPALI PROGRAMMI DI RADIO PIU\u2019 E LE FUTURE DIRETTE IN ESTERNA. PER ISCRIVERTI CLICCA QUI\u00a0E PREMI\u00a0 \u201cIscriviti\u201d\u00a0 \u00a0 OGGI ALLA RADIO: ALLE 7 LA RASSEGNA STAMPA LOCALE FLASH, PER CHI COME NOI ALLE SETTE DEL MATTINO VA DI&hellip;<\/p>\n","protected":false},"author":4,"featured_media":377277,"comment_status":"closed","ping_status":"closed","sticky":false,"template":"","format":"standard","meta":{"_monsterinsights_skip_tracking":false,"_monsterinsights_sitenote_active":false,"_monsterinsights_sitenote_note":"","_monsterinsights_sitenote_category":0,"footnotes":""},"categories":[51,86,49],"tags":[],"class_list":["post-377125","post","type-post","status-publish","format-standard","has-post-thumbnail","hentry","category-evidenza-top","category-gr","category-news-18","category-51","category-86","category-49","description-off"],"img_url":"https:\/\/www.radiopiu.net\/wordpress\/wp-content\/uploads\/2024\/03\/Foto_di_gruppo_per_la_C.jpg","_links":{"self":[{"href":"https:\/\/www.radiopiu.net\/wordpress\/wp-json\/wp\/v2\/posts\/377125","targetHints":{"allow":["GET"]}}],"collection":[{"href":"https:\/\/www.radiopiu.net\/wordpress\/wp-json\/wp\/v2\/posts"}],"about":[{"href":"https:\/\/www.radiopiu.net\/wordpress\/wp-json\/wp\/v2\/types\/post"}],"author":[{"embeddable":true,"href":"https:\/\/www.radiopiu.net\/wordpress\/wp-json\/wp\/v2\/users\/4"}],"replies":[{"embeddable":true,"href":"https:\/\/www.radiopiu.net\/wordpress\/wp-json\/wp\/v2\/comments?post=377125"}],"version-history":[{"count":0,"href":"https:\/\/www.radiopiu.net\/wordpress\/wp-json\/wp\/v2\/posts\/377125\/revisions"}],"wp:featuredmedia":[{"embeddable":true,"href":"https:\/\/www.radiopiu.net\/wordpress\/wp-json\/wp\/v2\/media\/377277"}],"wp:attachment":[{"href":"https:\/\/www.radiopiu.net\/wordpress\/wp-json\/wp\/v2\/media?parent=377125"}],"wp:term":[{"taxonomy":"category","embeddable":true,"href":"https:\/\/www.radiopiu.net\/wordpress\/wp-json\/wp\/v2\/categories?post=377125"},{"taxonomy":"post_tag","embeddable":true,"href":"https:\/\/www.radiopiu.net\/wordpress\/wp-json\/wp\/v2\/tags?post=377125"}],"curies":[{"name":"wp","href":"https:\/\/api.w.org\/{rel}","templated":true}]}}