{"id":377160,"date":"2024-03-02T07:55:56","date_gmt":"2024-03-02T06:55:56","guid":{"rendered":"https:\/\/www.radiopiu.net\/wordpress\/?p=377160"},"modified":"2024-03-02T08:02:55","modified_gmt":"2024-03-02T07:02:55","slug":"dal-1983-tutti-i-giorni-alle-otto-la-rassegna-stampa-locale-di-mirko-mezzacasa-loriginale-diffida-dalle-imitazioni","status":"publish","type":"post","link":"https:\/\/www.radiopiu.net\/wordpress\/dal-1983-tutti-i-giorni-alle-otto-la-rassegna-stampa-locale-di-mirko-mezzacasa-loriginale-diffida-dalle-imitazioni\/","title":{"rendered":"DAL 1983, TUTTI I GIORNI ALLE OTTO LA RASSEGNA STAMPA LOCALE DI MIRKO MEZZACASA l&#8217;originale, diffida dalle imitazioni."},"content":{"rendered":"<p>***<\/p>\n<p><iframe loading=\"lazy\" title=\"DAL 1983 LA RASSEGNA STAMPA LOCALE di mirko mezzacasa. L&#039;ORIGINALE\" width=\"1200\" height=\"675\" src=\"https:\/\/www.youtube.com\/embed\/JB4oUX3XuDY?feature=oembed\" frameborder=\"0\" allow=\"accelerometer; autoplay; clipboard-write; encrypted-media; gyroscope; picture-in-picture; web-share\" allowfullscreen><\/iframe><\/p>\n<p>&nbsp;<\/p>\n<p><img loading=\"lazy\" decoding=\"async\" class=\"alignleft\" src=\"https:\/\/www.radiopiu.net\/wordpress\/wp-content\/uploads\/2024\/03\/copertina-1.png\" width=\"283\" height=\"157\" \/>REDAZIONE La statale 52 \u201cCarnica\u201d permane provvisoriamente chiusa al traffico per un tratto di 100 metri a Lorenzago di Cadore. Il provvedimento di chiusura si \u00e8 reso necessario nella serata di mercoled\u00ec 28 febbraio a causa del cedimento di una parte di un edificio in abbandono in prossimit\u00e0 della carreggiata<br \/>\nfalcade CHIUSURA TEMPORANEA AL TRAFFICO VEICOLARE DI VIA TRENTO, NELLA FRAZIONE CAVIOLA, DAL CIVICO N. 55 ALL\u2019INTERSEZIONE CON VIA DE SAN DOANE A PARTIRE DALLE 7 DI LUNEDI\u2019 04 MARZO 2024 E FINO ALLE ORE 18 DI VENERDI\u2019 8 MARZO 2024, SALVO PROROGA O REVOCA. CHIUSURA TROVERA\u2019 APPLICAZIONE H 24, SABATI E FESTIVI INCLUSI<br \/>\n<a class=\"dt-pswp-item\" href=\"https:\/\/www.radiopiu.net\/wordpress\/wp-content\/uploads\/2024\/03\/Senza-nome-7.png\" data-dt-img-description=\"\" data-large_image_width=\"242\" data-large_image_height=\"215\"><img loading=\"lazy\" decoding=\"async\" class=\"size-full wp-image-377150 alignright\" src=\"https:\/\/www.radiopiu.net\/wordpress\/wp-content\/uploads\/2024\/03\/Senza-nome-7.png\" alt=\"\" width=\"242\" height=\"215\" \/><\/a>FELTRE Da ieri pomeriggio l\u2019acqua \u00e8 tornata potabile in tutta la frazione di Vignui. Il 26 febbraio le analisi periodiche eseguite dall\u2019Ulss Dolomiti avevano evidenziato che in alcune zone l\u2019acqua non era conforme agli standard di potabilit\u00e0.<br \/>\nMINACCE DI MORTE AL SINDACO DI CORTINA: tanti I MESSAGGI DI SOLIDARIETA\u2019<br \/>\nPISTA DA BOB, MINACCE DI MORTE AL SINDACO LORENZI: \u00abAMAREZZA, MA VADO AVANTI\u00bb<br \/>\nFELTRE \u201cViolenta criminalit\u00e0 giovanile a Feltre: Indagini in corso contro le baby gang\u201d<br \/>\nFELTRE CROLLO PARZIALE DEL TETTO IN UN EDIFICIO ABANDONATO A FOEN: INTERVENTO DEI VIGILI DEL FUOCO DI FELTRE<br \/>\nBELLUNO La Provincia di Belluno, insieme alla Regione Veneto e Veneto Agricoltura, riapre il Centro di recupero animali selvatici (Cras) dopo pi\u00f9 di dieci anni di inattivit\u00e0.<br \/>\nVENEZIA SANITA\u2019. AVVISO AZIENDA ZERO PER LA CANDIDATURA DI MEDICI PER I PRONTO SOCCORSO.<br \/>\n<a class=\"dt-pswp-item\" href=\"https:\/\/www.radiopiu.net\/wordpress\/wp-content\/uploads\/2024\/03\/64460576-8ed4-45f0-ab14-89ae2cf39a0a.jpg\" data-dt-img-description=\"\" data-large_image_width=\"1200\" data-large_image_height=\"1600\"><img loading=\"lazy\" decoding=\"async\" class=\"wp-image-377137 alignleft\" src=\"https:\/\/www.radiopiu.net\/wordpress\/wp-content\/uploads\/2024\/03\/64460576-8ed4-45f0-ab14-89ae2cf39a0a-225x300.jpg\" alt=\"\" width=\"123\" height=\"164\" srcset=\"https:\/\/www.radiopiu.net\/wordpress\/wp-content\/uploads\/2024\/03\/64460576-8ed4-45f0-ab14-89ae2cf39a0a-225x300.jpg 225w, https:\/\/www.radiopiu.net\/wordpress\/wp-content\/uploads\/2024\/03\/64460576-8ed4-45f0-ab14-89ae2cf39a0a-768x1024.jpg 768w, https:\/\/www.radiopiu.net\/wordpress\/wp-content\/uploads\/2024\/03\/64460576-8ed4-45f0-ab14-89ae2cf39a0a-1152x1536.jpg 1152w, https:\/\/www.radiopiu.net\/wordpress\/wp-content\/uploads\/2024\/03\/64460576-8ed4-45f0-ab14-89ae2cf39a0a.jpg 1200w\" sizes=\"auto, (max-width: 123px) 100vw, 123px\" \/><\/a>VALLADA FABIO LUCHETTA DI NUOVO SINDACO DOPO 3 MANDATI ? \u201cNON HO PRESO ALCUNA DECISIONE\u201d<br \/>\nSAN TOMASO TASSAZIONE E DOCUMENTO DI PROGRAMMAZIONE NEL CONSIGLIO CONVOCATO DA DE VAL<br \/>\nFELTRE E MALUMORI, NO AL LUPO, IL CARTELLO NELLE CAMPAGNE DI VILLABRUNA<br \/>\nagordo RIPRENDONO I LAVORI, MODIFICHE ALLA VIABILITA\u2019 IN CENTRO<br \/>\nCONCETTO DI LEGALITA\u2019, DIRITTI, DOVERI E RESPONSABILITA\u2019<br \/>\nL\u2019INCONTRO CON L\u2019ASSESSORE ALLA SICUREZZA RAFFAELE ADDAMIANO E IL COLONNELLO ENRICO PIGOZZO ALLE 10.10 LO SPECIALE ALLA RADIO<br \/>\nBELLUNO DOPO IL PULMINO, CONFINDUSTRIA BELLUNO DOLOMITI DONA 5 MILA EURO ALLA MISERICORDIA DI LONGARONE<br \/>\nSEDICO Centro per la Formazione e la Sicurezza a Sedico: Il Convitto che Attrae Studenti del Cadore e Sfida Nazionale degli Alloggi<br \/>\n<a class=\"dt-pswp-item\" href=\"https:\/\/www.radiopiu.net\/wordpress\/wp-content\/uploads\/2024\/03\/Senza-nome-2.png\" data-dt-img-description=\"\" data-large_image_width=\"322\" data-large_image_height=\"172\"><img loading=\"lazy\" decoding=\"async\" class=\"size-medium wp-image-377076 alignright\" src=\"https:\/\/www.radiopiu.net\/wordpress\/wp-content\/uploads\/2024\/03\/Senza-nome-2-300x160.png\" alt=\"\" width=\"300\" height=\"160\" srcset=\"https:\/\/www.radiopiu.net\/wordpress\/wp-content\/uploads\/2024\/03\/Senza-nome-2-300x160.png 300w, https:\/\/www.radiopiu.net\/wordpress\/wp-content\/uploads\/2024\/03\/Senza-nome-2.png 322w\" sizes=\"auto, (max-width: 300px) 100vw, 300px\" \/><\/a>BELLUNO DALLA LETTERA AL PRESIDENTE MATTARELLA ALLA STRETTA DI MANO CON IL PREFETTO SAVASTANO Frescura e Menia Corbanese dal Prefetto Savastano<br \/>\nALPAGO: TELEMEDICINA PER ANZIANI FRAGILI<br \/>\nBELLUNO Un vigile urbano \u00e8 stato picchiato con un gancio al viso e spintoni durante un tentativo di sedare una discussione tra automobilisti, subendo lesioni che lo hanno portato a cinque giorni di prognosi. Il cittadino albanese \u00e8 stato denunciato per lesioni aggravate, resistenza e oltraggio a pubblico ufficiale e rifiuto di indicazioni sulla propria identit\u00e0, sar\u00e0 processato il prossimo autunno anche per non essersi presentato all\u2019udienza pre-dibattimentale.<br \/>\nLUNED\u00cc A CORTINA D\u2019AMPEZZO IL CONVEGNO \u2018SPORT \u00c8 SCUOLA.<br \/>\nOGGI AD AGORDOL\u2019ASSEMBLEA DEL GAMP<br \/>\nbelluno L\u2019attesa pedonata \u201cIl vento tra i capelli\u201d ritorna a Belluno il 10 marzo<br \/>\nselva di cadore DOLOMITES BEATS BY FERTAZZA CON FARGETTA POSTICIPATO DI UNA SETTIMANA<br \/>\nspeciali sui social rpiu: I NOSTRI ALLA FESTA DEL FONDO, TEAM AGORDINO E VASABROKE IN AZIONE&#8230;<\/p>\n<p>&nbsp;<\/p>\n<p style=\"text-align: left;\"><a class=\"dt-pswp-item\" href=\"https:\/\/www.radiopiu.net\/wordpress\/wp-content\/uploads\/2024\/03\/MINI-CUP-ALLEGHE.jpg\" data-dt-img-description=\"\" data-large_image_width=\"1123\" data-large_image_height=\"706\"><img loading=\"lazy\" decoding=\"async\" class=\"size-medium wp-image-377004 alignleft\" src=\"https:\/\/www.radiopiu.net\/wordpress\/wp-content\/uploads\/2024\/03\/MINI-CUP-ALLEGHE-300x189.jpg\" alt=\"\" width=\"300\" height=\"189\" srcset=\"https:\/\/www.radiopiu.net\/wordpress\/wp-content\/uploads\/2024\/03\/MINI-CUP-ALLEGHE-300x189.jpg 300w, https:\/\/www.radiopiu.net\/wordpress\/wp-content\/uploads\/2024\/03\/MINI-CUP-ALLEGHE-1024x644.jpg 1024w, https:\/\/www.radiopiu.net\/wordpress\/wp-content\/uploads\/2024\/03\/MINI-CUP-ALLEGHE-768x483.jpg 768w, https:\/\/www.radiopiu.net\/wordpress\/wp-content\/uploads\/2024\/03\/MINI-CUP-ALLEGHE.jpg 1123w\" sizes=\"auto, (max-width: 300px) 100vw, 300px\" \/><\/a>CALCIO IL CALCIO SI FERMA A CAUSA DEL MALTEMPO<br \/>\nHOCKEY SU GHIACCIO INIZIANO I QUARTI DI FINALE DELLA IHL. AD ALLEGHE ARRIVA L&#8217;APPIANO PER GARA 1<br \/>\nIN CAMPO ANCHE IL FELTRE CONTRO IL VARESE<br \/>\nPALLAVOLO PALLAVOLO BELLUNO FEMMINILE CONTRO LA CAPOLISTA ASOLO<br \/>\nBELLUNO VOLLEY PRONTO ALLA VOLATA FINALE<br \/>\nSCI ALPINO LE ALPINIADI 2024, BUONA PROVA DEI BELLUNESI<br \/>\nMARA DA RECH, DA GIOCATRICE AD ARBITRO?<\/p>\n<p>&nbsp;<\/p>\n<p>&nbsp;<\/p>\n<hr \/>\n<p>&nbsp;<\/p>\n<p>&nbsp;<\/p>\n<p>&nbsp;<\/p>\n<p>&nbsp;<\/p>\n<p>&nbsp;<\/p>\n<p>&nbsp;<\/p>\n<p>&nbsp;<\/p>\n<p>&nbsp;<\/p>\n<p>&nbsp;<\/p>\n<p>&nbsp;<\/p>\n<p>&nbsp;<\/p>\n","protected":false},"excerpt":{"rendered":"<p>*** &nbsp; REDAZIONE La statale 52 \u201cCarnica\u201d permane provvisoriamente chiusa al traffico per un tratto di 100 metri a Lorenzago di Cadore. Il provvedimento di chiusura si \u00e8 reso necessario nella serata di mercoled\u00ec 28 febbraio a causa del cedimento di una parte di un edificio in abbandono in prossimit\u00e0 della carreggiata falcade CHIUSURA TEMPORANEA&hellip;<\/p>\n","protected":false},"author":4,"featured_media":377161,"comment_status":"closed","ping_status":"closed","sticky":false,"template":"","format":"standard","meta":{"_monsterinsights_skip_tracking":false,"_monsterinsights_sitenote_active":false,"_monsterinsights_sitenote_note":"","_monsterinsights_sitenote_category":0,"footnotes":""},"categories":[104,49],"tags":[],"class_list":["post-377160","post","type-post","status-publish","format-standard","has-post-thumbnail","hentry","category-evidenza_3","category-news-18","category-104","category-49","description-off"],"img_url":"https:\/\/www.radiopiu.net\/wordpress\/wp-content\/uploads\/2024\/03\/copertina-1.png","_links":{"self":[{"href":"https:\/\/www.radiopiu.net\/wordpress\/wp-json\/wp\/v2\/posts\/377160","targetHints":{"allow":["GET"]}}],"collection":[{"href":"https:\/\/www.radiopiu.net\/wordpress\/wp-json\/wp\/v2\/posts"}],"about":[{"href":"https:\/\/www.radiopiu.net\/wordpress\/wp-json\/wp\/v2\/types\/post"}],"author":[{"embeddable":true,"href":"https:\/\/www.radiopiu.net\/wordpress\/wp-json\/wp\/v2\/users\/4"}],"replies":[{"embeddable":true,"href":"https:\/\/www.radiopiu.net\/wordpress\/wp-json\/wp\/v2\/comments?post=377160"}],"version-history":[{"count":0,"href":"https:\/\/www.radiopiu.net\/wordpress\/wp-json\/wp\/v2\/posts\/377160\/revisions"}],"wp:featuredmedia":[{"embeddable":true,"href":"https:\/\/www.radiopiu.net\/wordpress\/wp-json\/wp\/v2\/media\/377161"}],"wp:attachment":[{"href":"https:\/\/www.radiopiu.net\/wordpress\/wp-json\/wp\/v2\/media?parent=377160"}],"wp:term":[{"taxonomy":"category","embeddable":true,"href":"https:\/\/www.radiopiu.net\/wordpress\/wp-json\/wp\/v2\/categories?post=377160"},{"taxonomy":"post_tag","embeddable":true,"href":"https:\/\/www.radiopiu.net\/wordpress\/wp-json\/wp\/v2\/tags?post=377160"}],"curies":[{"name":"wp","href":"https:\/\/api.w.org\/{rel}","templated":true}]}}