{"id":377262,"date":"2024-03-04T05:21:40","date_gmt":"2024-03-04T04:21:40","guid":{"rendered":"https:\/\/www.radiopiu.net\/wordpress\/?p=377262"},"modified":"2024-03-04T05:24:08","modified_gmt":"2024-03-04T04:24:08","slug":"episodi-di-violenza-minorile-a-feltre-parla-il-sindaco-viviana-fusaro","status":"publish","type":"post","link":"https:\/\/www.radiopiu.net\/wordpress\/episodi-di-violenza-minorile-a-feltre-parla-il-sindaco-viviana-fusaro\/","title":{"rendered":"EPISODI DI VIOLENZA MINORILE A FELTRE, PARLA IL SINDACO VIVIANA FUSARO"},"content":{"rendered":"<p>*****<\/p>\n<p>&nbsp;<\/p>\n<blockquote>\n<h2><strong>Udienza di Convalida per i Tre Arrestati della Baby Gang a Belluno e Venezia<\/strong><\/h2>\n<\/blockquote>\n<p><strong>\u00a0FELTRE<\/strong> Oggi si svolgeranno le udienze di convalida per i tre giovani arrestati dai carabinieri di Feltre, intercettati dopo un&#8217;ennesima rapina. La banda, gi\u00e0 nota alle forze dell&#8217;ordine per una serie di episodi, aveva preso di mira un universitario alla stazione ferroviaria di Belluno, ma \u00e8 stata immediatamente fermata.<\/p>\n<blockquote>\n<h3>EPISODI DI VIOLENZA MINORILE A FELTRE, PARLA IL SINDACO VIVIANA FUSARO<\/h3>\n<\/blockquote>\n<p><strong><a class=\"dt-pswp-item\" href=\"https:\/\/www.radiopiu.net\/wordpress\/wp-content\/uploads\/2024\/02\/Feltre-Piazza-Maggiore.jpg\" data-dt-img-description=\"\" data-large_image_width=\"1595\" data-large_image_height=\"1054\"><img loading=\"lazy\" decoding=\"async\" class=\" wp-image-375447 alignleft\" src=\"https:\/\/www.radiopiu.net\/wordpress\/wp-content\/uploads\/2024\/02\/Feltre-Piazza-Maggiore-300x198.jpg\" alt=\"\" width=\"150\" height=\"99\" srcset=\"https:\/\/www.radiopiu.net\/wordpress\/wp-content\/uploads\/2024\/02\/Feltre-Piazza-Maggiore-300x198.jpg 300w, https:\/\/www.radiopiu.net\/wordpress\/wp-content\/uploads\/2024\/02\/Feltre-Piazza-Maggiore-1024x677.jpg 1024w, https:\/\/www.radiopiu.net\/wordpress\/wp-content\/uploads\/2024\/02\/Feltre-Piazza-Maggiore-768x508.jpg 768w, https:\/\/www.radiopiu.net\/wordpress\/wp-content\/uploads\/2024\/02\/Feltre-Piazza-Maggiore-1536x1015.jpg 1536w, https:\/\/www.radiopiu.net\/wordpress\/wp-content\/uploads\/2024\/02\/Feltre-Piazza-Maggiore.jpg 1595w\" sizes=\"auto, (max-width: 150px) 100vw, 150px\" \/><\/a>FELTRE<\/strong> Il sindaco di Feltre, Viviana Fusaro, commenta gli episodi di violenza recenti da parte di minori in citt\u00e0, evidenziando la collaborazione con le Forze dell&#8217;Ordine, in particolare con i carabinieri, che hanno gi\u00e0 individuato e arrestato gli autori di uno degli episodi. Fusaro sottolinea la gravit\u00e0 degli eventi e la necessit\u00e0 di non minimizzarli, ma anche l&#8217;importanza di circoscriverli. La sindaca esprime apprezzamento per l&#8217;operato dei carabinieri e sottolinea l&#8217;impegno del Comune in iniziative volte a intervenire sul disagio e sulla povert\u00e0 educativa per prevenire simili episodi in futuro.<\/p>\n<p><strong>IL SINDACO DI FELTRE VIVIANA FUSARO<\/strong><\/p>\n<audio class=\"wp-audio-shortcode\" id=\"audio-377262-1\" preload=\"none\" style=\"width: 100%;\" controls=\"controls\"><source type=\"audio\/mpeg\" src=\"https:\/\/www.radiopiu.net\/wordpress\/wp-content\/uploads\/2024\/03\/Audio-Fusaro.mp3?_=1\" \/><a href=\"https:\/\/www.radiopiu.net\/wordpress\/wp-content\/uploads\/2024\/03\/Audio-Fusaro.mp3\">https:\/\/www.radiopiu.net\/wordpress\/wp-content\/uploads\/2024\/03\/Audio-Fusaro.mp3<\/a><\/audio>\n<p>&nbsp;<\/p>\n<p>******<\/p>\n<p>&nbsp;<\/p>\n","protected":false},"excerpt":{"rendered":"<p>***** &nbsp; Udienza di Convalida per i Tre Arrestati della Baby Gang a Belluno e Venezia \u00a0FELTRE Oggi si svolgeranno le udienze di convalida per i tre giovani arrestati dai carabinieri di Feltre, intercettati dopo un&#8217;ennesima rapina. La banda, gi\u00e0 nota alle forze dell&#8217;ordine per una serie di episodi, aveva preso di mira un universitario&hellip;<\/p>\n","protected":false},"author":4,"featured_media":375447,"comment_status":"closed","ping_status":"closed","sticky":false,"template":"","format":"standard","meta":{"_monsterinsights_skip_tracking":false,"_monsterinsights_sitenote_active":false,"_monsterinsights_sitenote_note":"","_monsterinsights_sitenote_category":0,"footnotes":""},"categories":[51,49],"tags":[],"class_list":["post-377262","post","type-post","status-publish","format-standard","has-post-thumbnail","hentry","category-evidenza-top","category-news-18","category-51","category-49","description-off"],"img_url":"https:\/\/www.radiopiu.net\/wordpress\/wp-content\/uploads\/2024\/02\/Feltre-Piazza-Maggiore.jpg","_links":{"self":[{"href":"https:\/\/www.radiopiu.net\/wordpress\/wp-json\/wp\/v2\/posts\/377262","targetHints":{"allow":["GET"]}}],"collection":[{"href":"https:\/\/www.radiopiu.net\/wordpress\/wp-json\/wp\/v2\/posts"}],"about":[{"href":"https:\/\/www.radiopiu.net\/wordpress\/wp-json\/wp\/v2\/types\/post"}],"author":[{"embeddable":true,"href":"https:\/\/www.radiopiu.net\/wordpress\/wp-json\/wp\/v2\/users\/4"}],"replies":[{"embeddable":true,"href":"https:\/\/www.radiopiu.net\/wordpress\/wp-json\/wp\/v2\/comments?post=377262"}],"version-history":[{"count":0,"href":"https:\/\/www.radiopiu.net\/wordpress\/wp-json\/wp\/v2\/posts\/377262\/revisions"}],"wp:featuredmedia":[{"embeddable":true,"href":"https:\/\/www.radiopiu.net\/wordpress\/wp-json\/wp\/v2\/media\/375447"}],"wp:attachment":[{"href":"https:\/\/www.radiopiu.net\/wordpress\/wp-json\/wp\/v2\/media?parent=377262"}],"wp:term":[{"taxonomy":"category","embeddable":true,"href":"https:\/\/www.radiopiu.net\/wordpress\/wp-json\/wp\/v2\/categories?post=377262"},{"taxonomy":"post_tag","embeddable":true,"href":"https:\/\/www.radiopiu.net\/wordpress\/wp-json\/wp\/v2\/tags?post=377262"}],"curies":[{"name":"wp","href":"https:\/\/api.w.org\/{rel}","templated":true}]}}