{"id":377426,"date":"2024-04-20T11:30:13","date_gmt":"2024-04-20T09:30:13","guid":{"rendered":"https:\/\/www.radiopiu.net\/wordpress\/?p=377426"},"modified":"2024-04-15T14:12:53","modified_gmt":"2024-04-15T12:12:53","slug":"lombra-della-solitudine-2","status":"publish","type":"post","link":"https:\/\/www.radiopiu.net\/wordpress\/lombra-della-solitudine-2\/","title":{"rendered":"L&#8217;OMBRA DELLA SOLITUDINE"},"content":{"rendered":"<p>tessendo una trama avvincente, Paolo Roversi offre al lettore un romanzo denso di atmosfera, in cui i colpi di scena si succedono incalzanti lungo le vie trafficate della metropoli, mentre Radeschi \u00e8 impegnato in una delle sfide pi\u00f9 ardue della sua vita, prigioniero di una verit\u00e0 capace di sconvolgere ogni sua convinzione. Giallo.<\/p>\n<audio class=\"wp-audio-shortcode\" id=\"audio-377426-1\" preload=\"none\" style=\"width: 100%;\" controls=\"controls\"><source type=\"audio\/mpeg\" src=\"https:\/\/www.radiopiu.net\/wordpress\/wp-content\/uploads\/2024\/03\/DUE-MINUTI-MER.mp3?_=1\" \/><a href=\"https:\/\/www.radiopiu.net\/wordpress\/wp-content\/uploads\/2024\/03\/DUE-MINUTI-MER.mp3\">https:\/\/www.radiopiu.net\/wordpress\/wp-content\/uploads\/2024\/03\/DUE-MINUTI-MER.mp3<\/a><\/audio>\n","protected":false},"excerpt":{"rendered":"<p>tessendo una trama avvincente, Paolo Roversi offre al lettore un romanzo denso di atmosfera, in cui i colpi di scena si succedono incalzanti lungo le vie trafficate della metropoli, mentre Radeschi \u00e8 impegnato in una delle sfide pi\u00f9 ardue della sua vita, prigioniero di una verit\u00e0 capace di sconvolgere ogni sua convinzione. Giallo.<\/p>\n","protected":false},"author":2,"featured_media":373254,"comment_status":"closed","ping_status":"closed","sticky":false,"template":"","format":"standard","meta":{"_monsterinsights_skip_tracking":false,"_monsterinsights_sitenote_active":false,"_monsterinsights_sitenote_note":"","_monsterinsights_sitenote_category":0,"footnotes":""},"categories":[116],"tags":[],"class_list":["post-377426","post","type-post","status-publish","format-standard","has-post-thumbnail","hentry","category-due-minuti","category-116","description-off"],"img_url":"https:\/\/www.radiopiu.net\/wordpress\/wp-content\/uploads\/2024\/02\/ombra-solitudine.jpeg","_links":{"self":[{"href":"https:\/\/www.radiopiu.net\/wordpress\/wp-json\/wp\/v2\/posts\/377426","targetHints":{"allow":["GET"]}}],"collection":[{"href":"https:\/\/www.radiopiu.net\/wordpress\/wp-json\/wp\/v2\/posts"}],"about":[{"href":"https:\/\/www.radiopiu.net\/wordpress\/wp-json\/wp\/v2\/types\/post"}],"author":[{"embeddable":true,"href":"https:\/\/www.radiopiu.net\/wordpress\/wp-json\/wp\/v2\/users\/2"}],"replies":[{"embeddable":true,"href":"https:\/\/www.radiopiu.net\/wordpress\/wp-json\/wp\/v2\/comments?post=377426"}],"version-history":[{"count":0,"href":"https:\/\/www.radiopiu.net\/wordpress\/wp-json\/wp\/v2\/posts\/377426\/revisions"}],"wp:featuredmedia":[{"embeddable":true,"href":"https:\/\/www.radiopiu.net\/wordpress\/wp-json\/wp\/v2\/media\/373254"}],"wp:attachment":[{"href":"https:\/\/www.radiopiu.net\/wordpress\/wp-json\/wp\/v2\/media?parent=377426"}],"wp:term":[{"taxonomy":"category","embeddable":true,"href":"https:\/\/www.radiopiu.net\/wordpress\/wp-json\/wp\/v2\/categories?post=377426"},{"taxonomy":"post_tag","embeddable":true,"href":"https:\/\/www.radiopiu.net\/wordpress\/wp-json\/wp\/v2\/tags?post=377426"}],"curies":[{"name":"wp","href":"https:\/\/api.w.org\/{rel}","templated":true}]}}