{"id":377444,"date":"2024-03-04T11:26:30","date_gmt":"2024-03-04T10:26:30","guid":{"rendered":"https:\/\/www.radiopiu.net\/wordpress\/?p=377444"},"modified":"2024-03-05T07:31:47","modified_gmt":"2024-03-05T06:31:47","slug":"ricordando-mario-svaluto-moreolo-quando-una-targa-per-i-partigiani-torturati-alla-tasso","status":"publish","type":"post","link":"https:\/\/www.radiopiu.net\/wordpress\/ricordando-mario-svaluto-moreolo-quando-una-targa-per-i-partigiani-torturati-alla-tasso\/","title":{"rendered":"Ricordando Mario Svaluto Moreolo, quando una targa per i Partigiani torturati alla Tasso?"},"content":{"rendered":"<p>**<\/p>\n<p>&nbsp;<\/p>\n<blockquote>\n<h2><span style=\"font-size: 14px; font-weight: normal;\">l&#8217;interrogazione di Marco Perale<\/span><\/h2>\n<\/blockquote>\n<p><strong><a class=\"dt-pswp-item\" href=\"https:\/\/www.radiopiu.net\/wordpress\/wp-content\/uploads\/2024\/03\/AA1ms3nQ.jpg\" data-dt-img-description=\"\" data-large_image_width=\"620\" data-large_image_height=\"340\"><img loading=\"lazy\" decoding=\"async\" class=\" wp-image-377443 alignleft\" src=\"https:\/\/www.radiopiu.net\/wordpress\/wp-content\/uploads\/2024\/03\/AA1ms3nQ-300x165.jpg\" alt=\"\" width=\"265\" height=\"146\" srcset=\"https:\/\/www.radiopiu.net\/wordpress\/wp-content\/uploads\/2024\/03\/AA1ms3nQ-300x165.jpg 300w, https:\/\/www.radiopiu.net\/wordpress\/wp-content\/uploads\/2024\/03\/AA1ms3nQ.jpg 620w\" sizes=\"auto, (max-width: 265px) 100vw, 265px\" \/><\/a>BELLUNO<\/strong> Nella seduta consiliare recente \u00e8 stato commemorato Mario Svaluto Moreolo (foto), figura politica e amministrativa di lunga data nel consiglio comunale di Belluno. Emerso dal mondo dello sport, in particolare come portiere del Belluno Calcio, ha trasferito i valori di impegno e responsabilit\u00e0 anche nella politica. Nonostante il suo rigore e la sua fedelt\u00e0 ai principi, non ha mai aspirato a ruoli di maggior rilievo, privilegiando il primato della politica sui giochi di partito. Ha difeso con passione i valori cattolici, della famiglia e della Resistenza, assumendo ruoli di leadership nella Federazione Volontari della Libert\u00e0. Il suo impegno \u00e8 stato segnato anche dal ricordo dello zio partigiano Renato De Zordo, cui ha dedicato un libro. In sede consiliare, si \u00e8 sollevata la questione di commemorare pubblicamente i giovani torturati e uccisi dai nazifascisti nella caserma Tasso di Belluno, come precedentemente promesso dall&#8217;Amministrazione Comunale. Marco Perale<em> :&#8221;Anche a nome del Gruppo consiliare di Insieme per Belluno Bene Comune, interrogo il Sindaco per sapere se, come e quando l\u2019Amministrazione Comunale intenda \u2013 come gi\u00e0 promesso &#8211; ricordare pubblicamente con una targa il sacrificio dei giovani torturati e uccisi dai nazifascisti nella caserma Tasso di Belluno&#8221;<\/em><\/p>\n<p>&nbsp;<\/p>\n<hr \/>\n<p>&nbsp;<\/p>\n","protected":false},"excerpt":{"rendered":"<p>** &nbsp; l&#8217;interrogazione di Marco Perale BELLUNO Nella seduta consiliare recente \u00e8 stato commemorato Mario Svaluto Moreolo (foto), figura politica e amministrativa di lunga data nel consiglio comunale di Belluno. Emerso dal mondo dello sport, in particolare come portiere del Belluno Calcio, ha trasferito i valori di impegno e responsabilit\u00e0 anche nella politica. Nonostante il&hellip;<\/p>\n","protected":false},"author":4,"featured_media":377443,"comment_status":"closed","ping_status":"closed","sticky":false,"template":"","format":"standard","meta":{"_monsterinsights_skip_tracking":false,"_monsterinsights_sitenote_active":false,"_monsterinsights_sitenote_note":"","_monsterinsights_sitenote_category":0,"footnotes":""},"categories":[51,49],"tags":[],"class_list":["post-377444","post","type-post","status-publish","format-standard","has-post-thumbnail","hentry","category-evidenza-top","category-news-18","category-51","category-49","description-off"],"img_url":"https:\/\/www.radiopiu.net\/wordpress\/wp-content\/uploads\/2024\/03\/AA1ms3nQ.jpg","_links":{"self":[{"href":"https:\/\/www.radiopiu.net\/wordpress\/wp-json\/wp\/v2\/posts\/377444","targetHints":{"allow":["GET"]}}],"collection":[{"href":"https:\/\/www.radiopiu.net\/wordpress\/wp-json\/wp\/v2\/posts"}],"about":[{"href":"https:\/\/www.radiopiu.net\/wordpress\/wp-json\/wp\/v2\/types\/post"}],"author":[{"embeddable":true,"href":"https:\/\/www.radiopiu.net\/wordpress\/wp-json\/wp\/v2\/users\/4"}],"replies":[{"embeddable":true,"href":"https:\/\/www.radiopiu.net\/wordpress\/wp-json\/wp\/v2\/comments?post=377444"}],"version-history":[{"count":0,"href":"https:\/\/www.radiopiu.net\/wordpress\/wp-json\/wp\/v2\/posts\/377444\/revisions"}],"wp:featuredmedia":[{"embeddable":true,"href":"https:\/\/www.radiopiu.net\/wordpress\/wp-json\/wp\/v2\/media\/377443"}],"wp:attachment":[{"href":"https:\/\/www.radiopiu.net\/wordpress\/wp-json\/wp\/v2\/media?parent=377444"}],"wp:term":[{"taxonomy":"category","embeddable":true,"href":"https:\/\/www.radiopiu.net\/wordpress\/wp-json\/wp\/v2\/categories?post=377444"},{"taxonomy":"post_tag","embeddable":true,"href":"https:\/\/www.radiopiu.net\/wordpress\/wp-json\/wp\/v2\/tags?post=377444"}],"curies":[{"name":"wp","href":"https:\/\/api.w.org\/{rel}","templated":true}]}}